{"id":14318,"date":"2015-11-09T14:00:00","date_gmt":"2015-11-09T16:00:00","guid":{"rendered":"https:\/\/www.silutesnaujienos.lt\/lt\/politikai-nori-didesnio-finansavimo-aukstajai-kulturai\/"},"modified":"2015-11-09T14:00:00","modified_gmt":"2015-11-09T16:00:00","slug":"politikai-nori-didesnio-finansavimo-aukstajai-kulturai","status":"publish","type":"post","link":"https:\/\/www.silutesnaujienos.lt\/lt\/politikai-nori-didesnio-finansavimo-aukstajai-kulturai\/","title":{"rendered":"Politikai nori didesnio finansavimo auk\u0161tajai kult\u016brai"},"content":{"rendered":"<p><a target=\"_blank\" class=\"jcepopup\" href=\"\/\/silutesnaujienos.lt\/images\/stories\/2015\/LAPKRITIS\/06\/Renginiai.jpg\" rel=\"noopener noreferrer\" data-rel=\"lightbox-gallery-s55U9res\" data-rl_title=\"\" data-rl_caption=\"\" title=\"\"><img loading=\"lazy\" decoding=\"async\" style=\"margin: 5px; float: left;\" alt=\"Renginiai\" src=\"\/\/silutesnaujienos.lt\/images\/stories\/2015\/LAPKRITIS\/06\/thumbnails\/thumb_Renginiai.jpg\" height=\"230\" width=\"307\" \/><\/a><strong>Savivaldyb\u0117s Tarybos pos\u0117dyje jau patvirtintas 2016 met\u0173 rajono strategini\u0173 kult\u016bros rengini\u0173 s\u0105ra\u0161as. Pasak sprendimo projekto autori\u0173 &#8211; Kult\u016bros skyriaus ved\u0117jos Vilmos Gri\u0161kevi\u010dien\u0117s bei vyriausiosios specialist\u0117s Jurgitos Skobien\u0117s, kult\u016bros \u012fstaig\u0173 vadovai kartu su seni\u016bnais aptar\u0117 2016 m. rengini\u0173 datas, tematik\u0105, aktualum\u0105, organizavimo formas, numat\u0117, kur reik\u0117t\u0173 pasitelkti \u0161vietimo institucijas, asociacijas, k\u016br\u0117jus.<\/strong><strong><br \/><\/strong><br \/>Manoma, kad kult\u016bros renginiai tampa svaria ir strategine savivaldyb\u0117s bei visuomen\u0117s gyvenimo kokyb\u0117s pl\u0117tros dalimi. Tod\u0117l kasmet teikiamas tvirtinti rengini\u0173 s\u0105ra\u0161as padeda i\u0161skirti svarbiausius, \u0160ilut\u0117s kra\u0161to i\u0161skirtinum\u0105, bendruomeni\u0161kum\u0105 labiausiai atspindin\u010dius renginius.<\/p>\n<p>Naujosios kadencijos politikai yra link\u0119 \u0161iek tiek koreguoti savivaldyb\u0117s param\u0105 renginiams: didinti param\u0105 kult\u016bros renginiams ir ma\u017einti jos dal\u012f pramogoms.<\/p>\n<p>Savivaldyb\u0117s Tarybos Socialini\u0173 reikal\u0173 komitete u\u017evir\u0117 kar\u0161ta diskusija d\u0117l \u0161vent\u0117ms skiriam\u0173 biud\u017eeto pinig\u0173 ir rengini\u0173 kokyb\u0117s.<\/p>\n<p>\u0160i\u0105 diskusij\u0105 suk\u0117l\u0117 Kult\u016bros skyriaus vyriausiosios specialist\u0117s J.Skobien\u0117s pateikta statistika, kokiomis sumomis \u0161iemet buvo remiamos \u0161vent\u0117s ir renginiai. Kaimi\u0161k\u0173j\u0173 seni\u016bnij\u0173 bendruomeni\u0173 \u0161vent\u0117ms skirta 11 500 Eur (kiekvienai i\u0161 10-ies seni\u016bnij\u0173 &#8211; po 1150 Eur), Vasario 16-osios dienos programai &#8211; 1150 Eur, Miesto \u0161vent\u0117s programa buvo \u012fgyvendinta ne i\u0161 Savivaldyb\u0117s biud\u017eeto l\u0117\u0161\u0173, buvo proga pasinaudoti kito fondo l\u0117\u0161omis, konkursui \u201ePamario pora\u201c pagal atskir\u0105 pra\u0161ym\u0105 skirta 870 Eur, plenerui \u201ePamario \u017eenklai\u201c &#8211; 1450 Eur, regioniniam renginiui \u201eLiterat\u016brinis ruduo\u201c &#8211; 1450 Eur, tarptautiniam Kint\u0173 muzikos festivaliui &#8211; 1450 Eur, Moli\u016bg\u0173 \u0161ventei \u0160v\u0117k\u0161noje &#8211; 1150 Eur, \u017duvien\u0117s virimo \u010dempionatui &#8211; 7240 Eur.<\/p>\n<p>I\u0161 viso 2015 metais 17-os strategini\u0173 rengini\u0173 daliniam finansavimui savivaldyb\u0117s Taryba i\u0161 rajono biud\u017eeto buvo skyrusi 26 260 Eur.<\/p>\n<p>Kai kuriuos politikus suerzino, kad kult\u016bros renginiu pavadintas ir i\u0161 Savivaldyb\u0117s biud\u017eeto dosniai finansuotas \u017duvien\u0117s virimo \u010dempionatas.<\/p>\n<p>Politikai neabejoja, kad \u0161is renginys garsina kra\u0161t\u0105, bet nenori pripa\u017einti, kad jis yra susij\u0119s su kult\u016bros puosel\u0117jimu. Pasak konservator\u0117s Sandros Tama\u0161auskien\u0117s, daug abejoni\u0173 kyla d\u0117l Savivaldyb\u0117s biud\u017eeto l\u0117\u0161\u0173 skiriamos sumos ir siekiamo rezultato. Ji si\u016bl\u0117 palyginti \u017duvien\u0117s virimo \u010dempionat\u0105, kuriam Savivaldyb\u0117 \u0161iemet skyr\u0117 7240 Eur, ir pasaulinio lygio atlik\u0117jais gars\u0117jant\u012f tarptautin\u012f Kint\u0173 muzikos festival\u012f, kuriam teko vos 1450 Eur. Pasak politik\u0117s, Savivaldyb\u0117s paskirt\u0173 l\u0117\u0161\u0173 ir gautos kult\u016bros proporcijos rezultatas tiesiog stulbinamai skiriasi.<\/p>\n<p>S.Tama\u0161auskien\u0117s nuomone, \u017duvien\u0117s virimo \u010dempionatas akivaizd\u017eiai tapo partij\u0173 \u017euvien\u0117s virimo var\u017eybomis ir nominacij\u0173 dalybomis su politin\u0117s reklamos prieskoniu.<\/p>\n<p>\u201eO kaip vertinti antr\u0105j\u0105 tos \u0161vent\u0117s dal\u012f, kai bema\u017e visuose kiemeliuose vyksta vie\u0161as l\u0117bavimas?\u201c, &#8211; klaus\u0117 politik\u0117. Jos nuomone, tokios \u0161vent\u0117s rezultato net negalima lyginti su tarptautiniu Kint\u0173 muzikos festivaliu, tod\u0117l Savivaldyb\u0117 tur\u0117t\u0173 \u0161iam festivaliui skirti nema\u017eiau l\u0117\u0161\u0173 kaip ir \u017duvien\u0117s virimo \u010dempionatui.<\/p>\n<p>Be to, buvo pasteb\u0117ta, kad seni\u016bnijose vykstan\u010dios \u0161vent\u0117s kult\u016bros po\u017ei\u016briu taip pat skiriasi. Politikai teiravosi, ar Kult\u016bros skyriaus specialistai kaip nors gal\u0117t\u0173 pad\u0117ti sudaryti rengini\u0173 programas, kad Savivaldyb\u0117s paramos l\u0117\u0161os neb\u016bt\u0173 \u0161vaistomos menkaver\u010diams atlik\u0117jams samdyti.<\/p>\n<p>Pasak \u0161io skyriaus ved\u0117jos V.Gri\u0161kevi\u010dien\u0117s, specialistai pad\u0117ti gali, jeigu tik yra toks pageidavimas. Bet da\u017eniausiai apie \u0161vent\u0117s program\u0105 sprend\u017eia seni\u016bnai su savo bendruomeni\u0173 atstovais.<\/p>\n<p><strong>Savivaldyb\u0117 jau paskelb\u0117 2016 met\u0173 kult\u016bros projekt\u0173 konkurs\u0105. Prioritetai bus teikiami \u0161iems projektams:<\/strong><\/p>\n<p>1. Etnin\u0117s kult\u016bros sklaidos (naujos edukacin\u0117s programos, Lietuvos kult\u016bros kelio \u201eV\u0117trungi\u0173 kelias\u201c \u012fgyvendinimo priemon\u0117s, leidyba, stovyklos, kursai, konkursai);<\/p>\n<p>2. Profesionalaus meno sklaida ir kult\u016brini\u0173 main\u0173 pl\u0117tojimas (teatro, \u0161okio, muzikos, dail\u0117s, fotografijos, kino ir kit\u0173 men\u0173 sritys);<\/p>\n<p>3. Kult\u016bros paveldo aktualizavimas (marinistin\u0117 kult\u016bra, Ma\u017eosios Lietuvos ir \u017eemaiti\u0161kojo kra\u0161to kult\u016bra, Lietuvos valstyb\u0117s \u0161imtme\u010dio projektai);<\/p>\n<p>4. Neformalus suaugusi\u0173j\u0173 \u0161vietimas (kult\u016bros k\u016br\u0117j\u0173 bei administratori\u0173 ir bendruomeni\u0173 lyderi\u0173 \u0161vietimas);<br \/>5. Kra\u0161to kult\u016br\u0105 reprezentuojantys leidiniai.<\/p>\n<p><strong>Patvirtintas ir kit\u0173 met\u0173 strategini\u0173 rengini\u0173 s\u0105ra\u0161as.<\/strong><\/p>\n<p><strong>VALSTYBIN\u0116S \u0160VENT\u0116S IR ISTORIN\u0116S DATOS<\/strong><\/p>\n<p>* Laisv\u0117s gyn\u0117j\u0173 dienos 25-me\u010dio rengini\u0173 programa, vyks sausio 13 d., organizatorius &#8211; \u0160ilut\u0117s kult\u016bros ir pramog\u0173 centras.<br \/>* Klaip\u0117dos kra\u0161to dienos pamin\u0117jimas, vyks sausio 15 d., organizatorius &#8211;&nbsp; \u0160ilut\u0117s H.\u0160ojaus muziejus.<br \/>* Valstyb\u0117s atk\u016brimo diena, vyks vasario 16 d., organizatorius &#8211; \u0160ilut\u0117s kult\u016bros ir pramog\u0173 centras.<br \/>* Nepriklausomyb\u0117s atk\u016brimo diena, vyks kovo 11 d., organizatorius &#8211; \u0160ilut\u0117s kult\u016bros ir pramog\u0173 centras.<br \/>* Gedulo ir vilties diena, vyks bir\u017eelio 14 d., organizatorius &#8211; \u0160ilut\u0117s H.\u0160ojaus muziejus.<br \/>* Valstyb\u0117s diena, vyks liepos 6 d., organizatorius &#8211; \u0160ilut\u0117s kult\u016bros ir pramog\u0173 centras.<br \/>* Renginys, skirtas Juodojo kaspino dienai, vyks rugpj\u016b\u010dio 23 d., organizatorius &#8211; \u0160ilut\u0117s H.\u0160ojaus muziejus.<br \/>* Ma\u017eosios Lietuvos gyventoj\u0173 genocido dienos min\u0117jimas, vyks spalio 16 d., organizatorius &#8211; \u0160ilut\u0117s H.\u0160ojaus muziejus.<br \/>* Valstybin\u0117s \u0161vent\u0117s ir kitos istorin\u0117s datos seni\u016bnijose, kasmet, organizatoriai &#8211; kult\u016bros centrai, suderin\u0119 su seni\u016bnais, \u0161vietimo, kult\u016bros \u012fstaigomis, bibliotekomis, bendruomen\u0117mis.<\/p>\n<p><strong>TRADICINIAI RENGINIAI<\/strong><\/p>\n<p>* Rusn\u0117s seni\u016bnijos bendruomeni\u0173 renginys Rusn\u0117je, vyks baland\u017eio 9 d., organizatoriai &#8211; Salos etnokult\u016bros ir informacijos centras ir&nbsp; seni\u016bnija.<br \/>* \u0160ilut\u0117s miesto \u0161vent\u0117, vyks gegu\u017e\u0117s 28 d., organizatorius &#8211; \u0160ilut\u0117s kult\u016bros ir pramog\u0173 centras.<br \/>* Juknai\u010di\u0173 seni\u016bnijos bendruomeni\u0173 renginys Juknai\u010diuose, vyks bir\u017eelio 18 d., organizatorius &#8211; Salos etnokult\u016bros ir informacijos centras ir seni\u016bnija.<br \/>* Vainuto seni\u016bnijos bendruomeni\u0173 renginys, vyks bir\u017eelio 24 d. Vainute, organizatorius &#8211; Sen\u0173j\u0173 kaimo tradicij\u0173 centras ir seni\u016bnija.<br \/>* Gardamo seni\u016bnijos bendruomeni\u0173 renginys, vyks bir\u017eelio 25 d. Gardame, organizatorius &#8211; \u017demai\u010di\u0173 kra\u0161to etnokult\u016bros centras ir seni\u016bnija.<br \/>* Kint\u0173 seni\u016bnijos bendruomeni\u0173 renginys, vyks liepos 2 d. Kintuose, organizatorius &#8211; Kint\u0173 Vyd\u016bno kult\u016bros centras ir&nbsp; seni\u016bnija.<br \/>* Katy\u010di\u0173 seni\u016bnijos bendruomeni\u0173 renginys, vyks liepos 9 d. Katy\u010diuose, organizatorius &#8211; Sen\u0173j\u0173 kaimo tradicij\u0173 centras ir seni\u016bnija.<br \/>* \u0160v\u0117k\u0161nos seni\u016bnijos bendruomeni\u0173 renginys, vyks liepos 30 d. \u0160v\u0117k\u0161noje, organizatorius &#8211; \u0160ilut\u0117s TIC \u0160v\u0117k\u0161nos amat\u0173 centras ir seni\u016bnija.<br \/>* Us\u0117n\u0173 seni\u016bnijos bendruomeni\u0173 renginys, vyks rugpj\u016b\u010dio 6 d. Us\u0117nuose, organizatorius &#8211; Salos etnokult\u016bros ir informacijos centras ir seni\u016bnija.<br \/>* Kaimo kapel\u0173 \u0161vent\u0117 \u201eGrajikit, Bikavos \u017eiogeliai\u201c, vyks rugpj\u016b\u010dio 13 d. Bikav\u0117nuose, organizatorius &#8211; Sen\u0173j\u0173 kaimo tradicij\u0173 kult\u016bros centras.<br \/>* Saug\u0173 seni\u016bnijos bendruomeni\u0173 renginys, vyks rugpj\u016b\u010dio 15 d. Saugose, organizatorius &#8211; Kint\u0173 Vyd\u016bno kult\u016bros centras ir&nbsp; seni\u016bnija.<br \/>* \u017demai\u010di\u0173 Naumies\u010dio seni\u016bnijos bendruomeni\u0173 renginys, vyks rugs\u0117jo 24 d. \u017demai\u010di\u0173 Naumiestyje, organizatorius &#8211; \u017demai\u010di\u0173 kra\u0161to etnokult\u016bros centras ir seni\u016bnija.<br \/>* Sportini\u0173 \u0161oki\u0173 konkursas \u201ePamario pora\u201c, vyks gegu\u017e\u0117s m\u0117n. \u0160ilut\u0117je, organizatorius &#8211; \u0160ilut\u0117s sportini\u0173 \u0161oki\u0173 klubas \u201eL\u016bgn\u0117\u201c.<\/p>\n<p><strong>PROFESIONALAUS MENO (REGIONINIAI, RESPUBLIKINIAI, TARPTAUTINIAI) RENGINIAI<\/strong><\/p>\n<p>* Pasaulio \u0161iluti\u0161ki\u0173 sueiga \u201e\u0160viesos parne\u0161ti, gera padaryti\u201c, vyks liepos 5-6 d. \u0160ilut\u0117je, organizatorius &#8211; \u0160ilut\u0117s F.Bajorai\u010dio vie\u0161oji biblioteka.<br \/>* Meno laboratorija \u201ePamario \u017eenklai\u201c, vyks rugpj\u016b\u010dio 1-12 d. Kintuose, organizatorius &#8211; Kint\u0173 Vyd\u016bno kult\u016bros centras.<br \/>* Kint\u0173 muzikos festivalis, vyks liepos &#8211; rugpj\u016b\u010dio m\u0117n. Kintuose, organizatorius &#8211; V\u0161\u012e \u201eKintai Arts\u201c.<\/p>\n<p><strong>KRA\u0160TO \u017dINOMUM\u0104 GARSINANTYS RENGINIAI<\/strong><\/p>\n<p>* \u017duvien\u0117s virimo \u010dempionatas, vyks rugs\u0117jo 3 d. \u0160ilut\u0117je, organizatorius &#8211; id\u0117jos autoriai.<br \/>* Moli\u016bg\u0173 \u0161vent\u0117, vyks spalio pabaigoje \u0160v\u0117k\u0161noje, organizatorius &#8211; \u0160v\u0117k\u0161nos seni\u016bnija.<\/p>\n","protected":false},"excerpt":{"rendered":"<p>Savivaldyb\u0117s Tarybos pos\u0117dyje jau patvirtintas 2016 met\u0173 rajono strategini\u0173 kult\u016bros rengini\u0173 s\u0105ra\u0161as. Pasak sprendimo projekto autori\u0173 &#8211; Kult\u016bros skyriaus ved\u0117jos Vilmos Gri\u0161kevi\u010dien\u0117s bei vyriausiosios specialist\u0117s Jurgitos Skobien\u0117s, kult\u016bros \u012fstaig\u0173 vadovai kartu su seni\u016bnais aptar\u0117 2016 m. rengini\u0173 datas, tematik\u0105, aktualum\u0105, organizavimo formas, numat\u0117, kur reik\u0117t\u0173 pasitelkti \u0161vietimo institucijas, asociacijas, k\u016br\u0117jus.Manoma, kad kult\u016bros renginiai tampa svaria [&hellip;]<\/p>\n","protected":false},"author":1,"featured_media":0,"comment_status":"open","ping_status":"open","sticky":false,"template":"","format":"standard","meta":{"footnotes":""},"categories":[2],"tags":[],"class_list":{"0":"post-14318","1":"post","2":"type-post","3":"status-publish","4":"format-standard","6":"category-aktualijos"},"yoast_head":"<!-- This site is optimized with the Yoast SEO plugin v27.5 - https:\/\/yoast.com\/product\/yoast-seo-wordpress\/ -->\n<title>Politikai nori didesnio finansavimo auk\u0161tajai kult\u016brai - \u0160ilut\u0117s naujienos<\/title>\n<meta name=\"robots\" content=\"index, follow, max-snippet:-1, max-image-preview:large, max-video-preview:-1\" \/>\n<link rel=\"canonical\" href=\"https:\/\/www.silutesnaujienos.lt\/lt\/politikai-nori-didesnio-finansavimo-aukstajai-kulturai\/\" \/>\n<meta property=\"og:locale\" content=\"lt_LT\" \/>\n<meta property=\"og:type\" content=\"article\" \/>\n<meta property=\"og:title\" content=\"Politikai nori didesnio finansavimo auk\u0161tajai kult\u016brai - \u0160ilut\u0117s naujienos\" \/>\n<meta property=\"og:description\" content=\"Savivaldyb\u0117s Tarybos pos\u0117dyje jau patvirtintas 2016 met\u0173 rajono strategini\u0173 kult\u016bros rengini\u0173 s\u0105ra\u0161as. Pasak sprendimo projekto autori\u0173 &#8211; Kult\u016bros skyriaus ved\u0117jos Vilmos Gri\u0161kevi\u010dien\u0117s bei vyriausiosios specialist\u0117s Jurgitos Skobien\u0117s, kult\u016bros \u012fstaig\u0173 vadovai kartu su seni\u016bnais aptar\u0117 2016 m. rengini\u0173 datas, tematik\u0105, aktualum\u0105, organizavimo formas, numat\u0117, kur reik\u0117t\u0173 pasitelkti \u0161vietimo institucijas, asociacijas, k\u016br\u0117jus.Manoma, kad kult\u016bros renginiai tampa svaria [&hellip;]\" \/>\n<meta property=\"og:url\" content=\"https:\/\/www.silutesnaujienos.lt\/lt\/politikai-nori-didesnio-finansavimo-aukstajai-kulturai\/\" \/>\n<meta property=\"og:site_name\" content=\"\u0160ilut\u0117s naujienos\" \/>\n<meta property=\"article:publisher\" content=\"https:\/\/www.facebook.com\/silutes.naujienos\/\" \/>\n<meta property=\"article:published_time\" content=\"2015-11-09T16:00:00+00:00\" \/>\n<meta property=\"og:image\" content=\"\/\/silutesnaujienos.lt\/images\/stories\/2015\/LAPKRITIS\/06\/thumbnails\/thumb_Renginiai.jpg\" \/>\n<meta name=\"author\" content=\"\u0160ilut\u0117s naujien\u0173 inf.\" \/>\n<meta name=\"twitter:card\" content=\"summary_large_image\" \/>\n<meta name=\"twitter:label1\" content=\"Written by\" \/>\n\t<meta name=\"twitter:data1\" content=\"\u0160ilut\u0117s naujien\u0173 inf.\" \/>\n\t<meta name=\"twitter:label2\" content=\"Est. reading time\" \/>\n\t<meta name=\"twitter:data2\" content=\"6 minut\u0117s\" \/>\n<script type=\"application\/ld+json\" class=\"yoast-schema-graph\">{\"@context\":\"https:\\\/\\\/schema.org\",\"@graph\":[{\"@type\":\"Article\",\"@id\":\"https:\\\/\\\/www.silutesnaujienos.lt\\\/lt\\\/politikai-nori-didesnio-finansavimo-aukstajai-kulturai\\\/#article\",\"isPartOf\":{\"@id\":\"https:\\\/\\\/www.silutesnaujienos.lt\\\/lt\\\/politikai-nori-didesnio-finansavimo-aukstajai-kulturai\\\/\"},\"author\":{\"name\":\"\u0160ilut\u0117s naujien\u0173 inf.\",\"@id\":\"https:\\\/\\\/www.silutesnaujienos.lt\\\/lt\\\/#\\\/schema\\\/person\\\/232f475ddd4a7b5f49b3abc788b17e83\"},\"headline\":\"Politikai nori didesnio finansavimo auk\u0161tajai kult\u016brai\",\"datePublished\":\"2015-11-09T16:00:00+00:00\",\"mainEntityOfPage\":{\"@id\":\"https:\\\/\\\/www.silutesnaujienos.lt\\\/lt\\\/politikai-nori-didesnio-finansavimo-aukstajai-kulturai\\\/\"},\"wordCount\":1235,\"commentCount\":0,\"publisher\":{\"@id\":\"https:\\\/\\\/www.silutesnaujienos.lt\\\/lt\\\/#organization\"},\"articleSection\":[\"Aktualijos\"],\"inLanguage\":\"lt-LT\",\"potentialAction\":[{\"@type\":\"CommentAction\",\"name\":\"Comment\",\"target\":[\"https:\\\/\\\/www.silutesnaujienos.lt\\\/lt\\\/politikai-nori-didesnio-finansavimo-aukstajai-kulturai\\\/#respond\"]}]},{\"@type\":\"WebPage\",\"@id\":\"https:\\\/\\\/www.silutesnaujienos.lt\\\/lt\\\/politikai-nori-didesnio-finansavimo-aukstajai-kulturai\\\/\",\"url\":\"https:\\\/\\\/www.silutesnaujienos.lt\\\/lt\\\/politikai-nori-didesnio-finansavimo-aukstajai-kulturai\\\/\",\"name\":\"Politikai nori didesnio finansavimo auk\u0161tajai kult\u016brai - \u0160ilut\u0117s naujienos\",\"isPartOf\":{\"@id\":\"https:\\\/\\\/www.silutesnaujienos.lt\\\/lt\\\/#website\"},\"datePublished\":\"2015-11-09T16:00:00+00:00\",\"breadcrumb\":{\"@id\":\"https:\\\/\\\/www.silutesnaujienos.lt\\\/lt\\\/politikai-nori-didesnio-finansavimo-aukstajai-kulturai\\\/#breadcrumb\"},\"inLanguage\":\"lt-LT\",\"potentialAction\":[{\"@type\":\"ReadAction\",\"target\":[\"https:\\\/\\\/www.silutesnaujienos.lt\\\/lt\\\/politikai-nori-didesnio-finansavimo-aukstajai-kulturai\\\/\"]}]},{\"@type\":\"BreadcrumbList\",\"@id\":\"https:\\\/\\\/www.silutesnaujienos.lt\\\/lt\\\/politikai-nori-didesnio-finansavimo-aukstajai-kulturai\\\/#breadcrumb\",\"itemListElement\":[{\"@type\":\"ListItem\",\"position\":1,\"name\":\"Home\",\"item\":\"https:\\\/\\\/www.silutesnaujienos.lt\\\/lt\\\/\"},{\"@type\":\"ListItem\",\"position\":2,\"name\":\"Politikai nori didesnio finansavimo auk\u0161tajai kult\u016brai\"}]},{\"@type\":\"WebSite\",\"@id\":\"https:\\\/\\\/www.silutesnaujienos.lt\\\/lt\\\/#website\",\"url\":\"https:\\\/\\\/www.silutesnaujienos.lt\\\/lt\\\/\",\"name\":\"\u0160ilut\u0117s naujienos\",\"description\":\"B\u016bk ant naujien\u0173 bangos!\",\"publisher\":{\"@id\":\"https:\\\/\\\/www.silutesnaujienos.lt\\\/lt\\\/#organization\"},\"potentialAction\":[{\"@type\":\"SearchAction\",\"target\":{\"@type\":\"EntryPoint\",\"urlTemplate\":\"https:\\\/\\\/www.silutesnaujienos.lt\\\/lt\\\/?s={search_term_string}\"},\"query-input\":{\"@type\":\"PropertyValueSpecification\",\"valueRequired\":true,\"valueName\":\"search_term_string\"}}],\"inLanguage\":\"lt-LT\"},{\"@type\":\"Organization\",\"@id\":\"https:\\\/\\\/www.silutesnaujienos.lt\\\/lt\\\/#organization\",\"name\":\"\u0160ilut\u0117s naujienos\",\"url\":\"https:\\\/\\\/www.silutesnaujienos.lt\\\/lt\\\/\",\"logo\":{\"@type\":\"ImageObject\",\"inLanguage\":\"lt-LT\",\"@id\":\"https:\\\/\\\/www.silutesnaujienos.lt\\\/lt\\\/#\\\/schema\\\/logo\\\/image\\\/\",\"url\":\"https:\\\/\\\/www.silutesnaujienos.lt\\\/lt\\\/wp-content\\\/uploads\\\/2020\\\/06\\\/FB_MAIN.jpg\",\"contentUrl\":\"https:\\\/\\\/www.silutesnaujienos.lt\\\/lt\\\/wp-content\\\/uploads\\\/2020\\\/06\\\/FB_MAIN.jpg\",\"width\":1700,\"height\":956,\"caption\":\"\u0160ilut\u0117s naujienos\"},\"image\":{\"@id\":\"https:\\\/\\\/www.silutesnaujienos.lt\\\/lt\\\/#\\\/schema\\\/logo\\\/image\\\/\"},\"sameAs\":[\"https:\\\/\\\/www.facebook.com\\\/silutes.naujienos\\\/\",\"https:\\\/\\\/www.youtube.com\\\/channel\\\/UCxW-cgrJDt8GxIMxSTAfJZg\"]},{\"@type\":\"Person\",\"@id\":\"https:\\\/\\\/www.silutesnaujienos.lt\\\/lt\\\/#\\\/schema\\\/person\\\/232f475ddd4a7b5f49b3abc788b17e83\",\"name\":\"\u0160ilut\u0117s naujien\u0173 inf.\",\"image\":{\"@type\":\"ImageObject\",\"inLanguage\":\"lt-LT\",\"@id\":\"https:\\\/\\\/www.silutesnaujienos.lt\\\/lt\\\/wp-content\\\/uploads\\\/2020\\\/06\\\/favicon.png\",\"url\":\"https:\\\/\\\/www.silutesnaujienos.lt\\\/lt\\\/wp-content\\\/uploads\\\/2020\\\/06\\\/favicon.png\",\"contentUrl\":\"https:\\\/\\\/www.silutesnaujienos.lt\\\/lt\\\/wp-content\\\/uploads\\\/2020\\\/06\\\/favicon.png\",\"caption\":\"\u0160ilut\u0117s naujien\u0173 inf.\"},\"sameAs\":[\"https:\\\/\\\/www.silutesnaujienos.lt\\\/lt\"],\"url\":\"https:\\\/\\\/www.silutesnaujienos.lt\\\/lt\\\/author\\\/ruta\\\/\"}]}<\/script>\n<!-- \/ Yoast SEO plugin. -->","yoast_head_json":{"title":"Politikai nori didesnio finansavimo auk\u0161tajai kult\u016brai - \u0160ilut\u0117s naujienos","robots":{"index":"index","follow":"follow","max-snippet":"max-snippet:-1","max-image-preview":"max-image-preview:large","max-video-preview":"max-video-preview:-1"},"canonical":"https:\/\/www.silutesnaujienos.lt\/lt\/politikai-nori-didesnio-finansavimo-aukstajai-kulturai\/","og_locale":"lt_LT","og_type":"article","og_title":"Politikai nori didesnio finansavimo auk\u0161tajai kult\u016brai - \u0160ilut\u0117s naujienos","og_description":"Savivaldyb\u0117s Tarybos pos\u0117dyje jau patvirtintas 2016 met\u0173 rajono strategini\u0173 kult\u016bros rengini\u0173 s\u0105ra\u0161as. Pasak sprendimo projekto autori\u0173 &#8211; Kult\u016bros skyriaus ved\u0117jos Vilmos Gri\u0161kevi\u010dien\u0117s bei vyriausiosios specialist\u0117s Jurgitos Skobien\u0117s, kult\u016bros \u012fstaig\u0173 vadovai kartu su seni\u016bnais aptar\u0117 2016 m. rengini\u0173 datas, tematik\u0105, aktualum\u0105, organizavimo formas, numat\u0117, kur reik\u0117t\u0173 pasitelkti \u0161vietimo institucijas, asociacijas, k\u016br\u0117jus.Manoma, kad kult\u016bros renginiai tampa svaria [&hellip;]","og_url":"https:\/\/www.silutesnaujienos.lt\/lt\/politikai-nori-didesnio-finansavimo-aukstajai-kulturai\/","og_site_name":"\u0160ilut\u0117s naujienos","article_publisher":"https:\/\/www.facebook.com\/silutes.naujienos\/","article_published_time":"2015-11-09T16:00:00+00:00","og_image":[{"url":"\/\/silutesnaujienos.lt\/images\/stories\/2015\/LAPKRITIS\/06\/thumbnails\/thumb_Renginiai.jpg","type":"","width":"","height":""}],"author":"\u0160ilut\u0117s naujien\u0173 inf.","twitter_card":"summary_large_image","twitter_misc":{"Written by":"\u0160ilut\u0117s naujien\u0173 inf.","Est. reading time":"6 minut\u0117s"},"schema":{"@context":"https:\/\/schema.org","@graph":[{"@type":"Article","@id":"https:\/\/www.silutesnaujienos.lt\/lt\/politikai-nori-didesnio-finansavimo-aukstajai-kulturai\/#article","isPartOf":{"@id":"https:\/\/www.silutesnaujienos.lt\/lt\/politikai-nori-didesnio-finansavimo-aukstajai-kulturai\/"},"author":{"name":"\u0160ilut\u0117s naujien\u0173 inf.","@id":"https:\/\/www.silutesnaujienos.lt\/lt\/#\/schema\/person\/232f475ddd4a7b5f49b3abc788b17e83"},"headline":"Politikai nori didesnio finansavimo auk\u0161tajai kult\u016brai","datePublished":"2015-11-09T16:00:00+00:00","mainEntityOfPage":{"@id":"https:\/\/www.silutesnaujienos.lt\/lt\/politikai-nori-didesnio-finansavimo-aukstajai-kulturai\/"},"wordCount":1235,"commentCount":0,"publisher":{"@id":"https:\/\/www.silutesnaujienos.lt\/lt\/#organization"},"articleSection":["Aktualijos"],"inLanguage":"lt-LT","potentialAction":[{"@type":"CommentAction","name":"Comment","target":["https:\/\/www.silutesnaujienos.lt\/lt\/politikai-nori-didesnio-finansavimo-aukstajai-kulturai\/#respond"]}]},{"@type":"WebPage","@id":"https:\/\/www.silutesnaujienos.lt\/lt\/politikai-nori-didesnio-finansavimo-aukstajai-kulturai\/","url":"https:\/\/www.silutesnaujienos.lt\/lt\/politikai-nori-didesnio-finansavimo-aukstajai-kulturai\/","name":"Politikai nori didesnio finansavimo auk\u0161tajai kult\u016brai - \u0160ilut\u0117s naujienos","isPartOf":{"@id":"https:\/\/www.silutesnaujienos.lt\/lt\/#website"},"datePublished":"2015-11-09T16:00:00+00:00","breadcrumb":{"@id":"https:\/\/www.silutesnaujienos.lt\/lt\/politikai-nori-didesnio-finansavimo-aukstajai-kulturai\/#breadcrumb"},"inLanguage":"lt-LT","potentialAction":[{"@type":"ReadAction","target":["https:\/\/www.silutesnaujienos.lt\/lt\/politikai-nori-didesnio-finansavimo-aukstajai-kulturai\/"]}]},{"@type":"BreadcrumbList","@id":"https:\/\/www.silutesnaujienos.lt\/lt\/politikai-nori-didesnio-finansavimo-aukstajai-kulturai\/#breadcrumb","itemListElement":[{"@type":"ListItem","position":1,"name":"Home","item":"https:\/\/www.silutesnaujienos.lt\/lt\/"},{"@type":"ListItem","position":2,"name":"Politikai nori didesnio finansavimo auk\u0161tajai kult\u016brai"}]},{"@type":"WebSite","@id":"https:\/\/www.silutesnaujienos.lt\/lt\/#website","url":"https:\/\/www.silutesnaujienos.lt\/lt\/","name":"\u0160ilut\u0117s naujienos","description":"B\u016bk ant naujien\u0173 bangos!","publisher":{"@id":"https:\/\/www.silutesnaujienos.lt\/lt\/#organization"},"potentialAction":[{"@type":"SearchAction","target":{"@type":"EntryPoint","urlTemplate":"https:\/\/www.silutesnaujienos.lt\/lt\/?s={search_term_string}"},"query-input":{"@type":"PropertyValueSpecification","valueRequired":true,"valueName":"search_term_string"}}],"inLanguage":"lt-LT"},{"@type":"Organization","@id":"https:\/\/www.silutesnaujienos.lt\/lt\/#organization","name":"\u0160ilut\u0117s naujienos","url":"https:\/\/www.silutesnaujienos.lt\/lt\/","logo":{"@type":"ImageObject","inLanguage":"lt-LT","@id":"https:\/\/www.silutesnaujienos.lt\/lt\/#\/schema\/logo\/image\/","url":"https:\/\/www.silutesnaujienos.lt\/lt\/wp-content\/uploads\/2020\/06\/FB_MAIN.jpg","contentUrl":"https:\/\/www.silutesnaujienos.lt\/lt\/wp-content\/uploads\/2020\/06\/FB_MAIN.jpg","width":1700,"height":956,"caption":"\u0160ilut\u0117s naujienos"},"image":{"@id":"https:\/\/www.silutesnaujienos.lt\/lt\/#\/schema\/logo\/image\/"},"sameAs":["https:\/\/www.facebook.com\/silutes.naujienos\/","https:\/\/www.youtube.com\/channel\/UCxW-cgrJDt8GxIMxSTAfJZg"]},{"@type":"Person","@id":"https:\/\/www.silutesnaujienos.lt\/lt\/#\/schema\/person\/232f475ddd4a7b5f49b3abc788b17e83","name":"\u0160ilut\u0117s naujien\u0173 inf.","image":{"@type":"ImageObject","inLanguage":"lt-LT","@id":"https:\/\/www.silutesnaujienos.lt\/lt\/wp-content\/uploads\/2020\/06\/favicon.png","url":"https:\/\/www.silutesnaujienos.lt\/lt\/wp-content\/uploads\/2020\/06\/favicon.png","contentUrl":"https:\/\/www.silutesnaujienos.lt\/lt\/wp-content\/uploads\/2020\/06\/favicon.png","caption":"\u0160ilut\u0117s naujien\u0173 inf."},"sameAs":["https:\/\/www.silutesnaujienos.lt\/lt"],"url":"https:\/\/www.silutesnaujienos.lt\/lt\/author\/ruta\/"}]}},"publishpress_future_workflow_manual_trigger":{"enabledWorkflows":[]},"amp_enabled":true,"_links":{"self":[{"href":"https:\/\/www.silutesnaujienos.lt\/lt\/wp-json\/wp\/v2\/posts\/14318","targetHints":{"allow":["GET"]}}],"collection":[{"href":"https:\/\/www.silutesnaujienos.lt\/lt\/wp-json\/wp\/v2\/posts"}],"about":[{"href":"https:\/\/www.silutesnaujienos.lt\/lt\/wp-json\/wp\/v2\/types\/post"}],"author":[{"embeddable":true,"href":"https:\/\/www.silutesnaujienos.lt\/lt\/wp-json\/wp\/v2\/users\/1"}],"replies":[{"embeddable":true,"href":"https:\/\/www.silutesnaujienos.lt\/lt\/wp-json\/wp\/v2\/comments?post=14318"}],"version-history":[{"count":0,"href":"https:\/\/www.silutesnaujienos.lt\/lt\/wp-json\/wp\/v2\/posts\/14318\/revisions"}],"wp:attachment":[{"href":"https:\/\/www.silutesnaujienos.lt\/lt\/wp-json\/wp\/v2\/media?parent=14318"}],"wp:term":[{"taxonomy":"category","embeddable":true,"href":"https:\/\/www.silutesnaujienos.lt\/lt\/wp-json\/wp\/v2\/categories?post=14318"},{"taxonomy":"post_tag","embeddable":true,"href":"https:\/\/www.silutesnaujienos.lt\/lt\/wp-json\/wp\/v2\/tags?post=14318"}],"curies":[{"name":"wp","href":"https:\/\/api.w.org\/{rel}","templated":true}]}}