{"id":1439,"date":"2013-01-23T14:00:00","date_gmt":"2013-01-23T16:00:00","guid":{"rendered":"https:\/\/www.silutesnaujienos.lt\/lt\/kulesu-ilgaamzei-95-metai-ne-riba\/"},"modified":"2013-01-23T14:00:00","modified_gmt":"2013-01-23T16:00:00","slug":"kulesu-ilgaamzei-95-metai-ne-riba","status":"publish","type":"post","link":"https:\/\/www.silutesnaujienos.lt\/lt\/kulesu-ilgaamzei-95-metai-ne-riba\/","title":{"rendered":"Kul\u0117\u0161\u0173 ilgaam\u017eei 95 metai &#8211; ne riba"},"content":{"rendered":"<p><strong>B\u016btent tokia straipsnio pavadinime pateikta mintis kyla pama\u010dius sa<\/strong><a target=\"_blank\" rel=\"caption[Guvi jubiliat\u0117 E.\u0160arkien\u0117 d\u017eiaug\u0117si jos pasveikinti atvykusiais sve\u010diais - A.\u0160imelioniu ir J.Budrecku.] noopener noreferrer\" class=\"jcepopup\" href=\"\/\/silutesnaujienos.lt\/images\/stories\/2013\/01\/22\/senole_95_sarkiene_sveikina_simelionis.jpg\" data-rel=\"lightbox-gallery-mY4jBMhQ\" data-rl_title=\"\" data-rl_caption=\"\"><img loading=\"lazy\" decoding=\"async\" style=\"margin: 5px; float: left;\" class=\"caption\" title=\"\" alt=\"senole 95 sarkiene sveikina simelionis\" src=\"\/\/silutesnaujienos.lt\/images\/stories\/2013\/01\/22\/thumbnails\/thumb_senole_95_sarkiene_sveikina_simelionis.jpg\" height=\"230\" width=\"307\" \/><\/a><strong>usio 15-\u0105j\u0105 95 met\u0173 jubiliej\u0173 pasitikusi\u0105 guvi\u0105 kul\u0117\u0161i\u0161k\u0119 Eleonor\u0105 \u0160ARKAUSKAIT\u0118. Gripu niekada nesirgusi, laikra\u0161\u010dius skaitanti be akini\u0173 ir puikiai girdinti p.Eleonora stebina dar ir puikiu savo humoro jausmu.<\/strong><\/p>\n<p><strong>Gaila, bet ilgaam\u017ei\u0161kumo paslapties skaitytojams mo\u010diut\u0117 neatskleid\u0117 &#8211; sako, kad pati jos ne\u017einanti. Galiausiai pasvars\u010diusi nusprend\u0117, kad tiesiog nereikia gul\u0117ti lovoje &#8211; reikia jud\u0117ti tol, kol gali.<\/strong><\/p>\n<p><strong>Viena koja &#8211; Ma\u017eojoj, kita &#8211; Did\u017eiojoj Lietuvoj<\/strong><\/p>\n<p>Sausio 15 diena Pamario kra\u0161tui ypatinga tuo, kad Ma\u017eoji Lietuva buvo prijungta prie Did\u017eiosios Lietuvos. \u0160iemet minimas \u0161io \u012fvykio 90-metis.<\/p>\n<p>T\u0105 pa\u010di\u0105 dien\u0105 Kul\u0117\u0161\u0173 kaimo gyventojai sveikino dar solidesn\u012f &#8211; 95-me\u010dio &#8211; jubiliej\u0173 pasitikusi\u0105 p.Eleonor\u0105.<\/p>\n<p>Tiesa, kai kurie pa\u017e\u012fstami j\u0105 \u017eino kaip Leonor\u0105 &#8211; dokumentuose \u012fra\u0161ytas b\u016btent toks moters vardas. Ta\u010diau pati mo\u010diut\u0117 tikina, kad jai t\u0117vai i\u0161rinko Eleonoros vard\u0105, tik kei\u010diant dokumentus, ka\u017ekur dingo pirmoji vardo raid\u0117.<\/p>\n<p>Bet Kul\u0117\u0161uose ir \u017demai\u010di\u0173 Naumiestyje ji &#8211; Elenik\u0117, vis\u0173 mylima ir gerbiama mo\u010diut\u0117.<\/p>\n<p>Tai patvirtino ir \u017demai\u010di\u0173 Naumies\u010dio seni\u016bnas Jonas Budreckas. Jis u\u017esuka pas Eleonor\u0105 \u012fvairiomis progomis. Sve\u010dius ji visada pasitinka su d\u017eiaugsmu, pavai\u0161ina, pralinksmina savo optimizmu.<\/p>\n<p>Apsilank\u0119s jubiliat\u0117s namuose su\u017einai, kad esi istorin\u0117je vietoje. Ji gyvena pastate, kuriame iki 1923 met\u0173 buvo muitin\u0117 ir vadinamasis \u201erube\u017eius\u201c tarp Ma\u017eosios ir Did\u017eiosios Lietuvos. Tod\u0117l pabuvoj\u0119s pas mo\u010diut\u0119 gali pasigirti, kad viena koja buvai istorin\u0117je Ma\u017eojoje Lietuvoje, kita &#8211; Did\u017eiojoje.<\/p>\n<p><strong>D\u0117l paramos kvail\u0117s nevaidins<\/strong><\/p>\n<p>Pasveikinti mo\u010diut\u0119 jubiliejaus proga atvyko ne tik seni\u016bnas J.Budreckas, bet ir rajono Savivaldyb\u0117s direktoriaus pavaduotojas Alvidas \u0160imelionis, \u017demai\u010di\u0173 Naumies\u010dio socialin\u0117 darbuotoja Alma Pup\u0161ien\u0117.<\/p>\n<p>\u201e\u017di\u016brint, kaip vikriai j\u016bs \u010dia sukat\u0117s, kyla klausimas, ar jums tikrai 95 metai? Gal pasijauninusi esat?\u201c, &#8211; \u0161maik\u0161\u010diai mo\u010diut\u0117s klaus\u0117 A.\u0160imelionis.<\/p>\n<p>\u201eYra \u017emoni\u0173, kurie ir 140 met\u0173 gyvena\u201c, &#8211; \u0161ypsodamasi atsak\u0117 senol\u0117.<\/p>\n<p>J\u0105 pasveikinusi A.Pup\u0161ien\u0117 papasakojo smagi\u0105 istorij\u0105, kuri atskleid\u017eia puik\u0173 mo\u010diut\u0117s humoro jausm\u0105 ir nuovokum\u0105. Socialin\u0117 darbuotoja papasakojo, kaip neseniai kartu su p.Eleonora ir jos kaimyne va\u017eiavo tvarkyti dokumentus, kad mo\u010diut\u0117 gaut\u0173 speciali\u0173j\u0173 poreiki\u0173 param\u0105. Moterys abejojo, ar t\u0105 i\u0161mok\u0105 jubiliat\u0117 gaus, nes, kaip 95-eri\u0173 met\u0173, yra labai guvi.<\/p>\n<p>Kaimyn\u0117 patar\u0117 senolei: \u201eTu nors truput\u012f apsimesk, kad ka\u017eko nesupranti, neprigirdi ir pana\u0161iai&#8230;\u201c.<\/p>\n<p>Mo\u010diut\u0117 n\u0117 nesudvejojusi at\u0161ov\u0117: \u201eA\u0161 d\u0117l t\u0173 keli\u0173 lit\u0173 sav\u0119s kvaile nepaversiu\u201c.<\/p>\n<p><strong>Niekada nesirgo gripu<\/strong><\/p>\n<p>Daugelis nustebs su\u017einoj\u0119, kad garbaus am\u017eiaus senol\u0117 niekada nesirgo gripu. Ji mano, kad stipri\u0105 sveikat\u0105 paveld\u0117jo i\u0161 motinos, kuri taip pat nebuvo susid\u016brusi su \u0161ia per\u0161alimo liga ir i\u0161gyveno 94 metus.<\/p>\n<p>Mama nem\u0117gdavo nieko neveikti, vis sugalvodavo, kuo u\u017esiimti. Taip bedirbdama ir i\u0161keliavo am\u017einyb\u0117n.<\/p>\n<p>Ir mo\u010diut\u0117 Eleonora nem\u0117gsta gulin\u0117ti, vis susiranda darb\u0173 namuose, autobusu nuva\u017eiuoja \u012f \u017demai\u010di\u0173 Naumiest\u012f. Ten \u012f ba\u017eny\u010di\u0105 nueina, parduotuv\u0117je produkt\u0173 nusiperka, kapines aplanko, kur jau atgul\u0117 visi jos artimieji, bendraam\u017eiai draugai.<\/p>\n<p>Neseniai u\u017epild\u017eiusi dokumentus specialiesiems poreikiams gauti, p.Eleonora gavo transporto i\u0161laid\u0173 kompensacij\u0105, tad mo\u010diut\u0117 d\u017eiaugiasi, kad \u012f miestel\u012f gal\u0117s nuva\u017eiuoti ir da\u017eniau.<\/p>\n<p>Jubiliat\u0117 namuose turi kuo r\u016bpintis. Pas j\u0105 nuo vasaros iki pat \u0161al\u010di\u0173 \u017eydi g\u0117l\u0117s, vasar\u0105 senol\u0117 darbuojasi savo dar\u017eelyje, kuriame \u012freng\u0117 g\u0117lyn\u0105. Mo\u010diut\u0117 r\u016bpinasi g\u0117l\u0117mis su tokia meile, kad net iki Nauj\u0173j\u0173 met\u0173 m\u0117gaujasi \u017eydin\u010diomis chrizantemomis.<\/p>\n<p>Ir sulaukusi sveikintoj\u0173 jubiliat\u0117 negal\u0117jo nustygti vietoje, dair\u0117si, ar sve\u010diams visko u\u017etenka, ar visi ragavo pyrago. Net \u0161ampano taur\u0119 pak\u0117l\u0117 kartu su sve\u010diais, link\u0117jusiais jai sveikatos. Tad nenuostabu, kad matant toki\u0105 mo\u010diut\u0117s energij\u0105, sutarta susitikti ir 100-ojo jos jubiliejaus proga.<\/p>\n","protected":false},"excerpt":{"rendered":"<p>B\u016btent tokia straipsnio pavadinime pateikta mintis kyla pama\u010dius sausio 15-\u0105j\u0105 95 met\u0173 jubiliej\u0173 pasitikusi\u0105 guvi\u0105 kul\u0117\u0161i\u0161k\u0119 Eleonor\u0105 \u0160ARKAUSKAIT\u0118. Gripu niekada nesirgusi, laikra\u0161\u010dius skaitanti be akini\u0173 ir puikiai girdinti p.Eleonora stebina dar ir puikiu savo humoro jausmu. Gaila, bet ilgaam\u017ei\u0161kumo paslapties skaitytojams mo\u010diut\u0117 neatskleid\u0117 &#8211; sako, kad pati jos ne\u017einanti. Galiausiai pasvars\u010diusi nusprend\u0117, kad tiesiog nereikia [&hellip;]<\/p>\n","protected":false},"author":1,"featured_media":0,"comment_status":"open","ping_status":"open","sticky":false,"template":"","format":"standard","meta":{"footnotes":""},"categories":[52],"tags":[],"class_list":{"0":"post-1439","1":"post","2":"type-post","3":"status-publish","4":"format-standard","6":"category-gyvenimas"},"yoast_head":"<!-- This site is optimized with the Yoast SEO plugin v27.5 - https:\/\/yoast.com\/product\/yoast-seo-wordpress\/ -->\n<title>Kul\u0117\u0161\u0173 ilgaam\u017eei 95 metai - ne riba - \u0160ilut\u0117s naujienos<\/title>\n<meta name=\"robots\" content=\"index, follow, max-snippet:-1, max-image-preview:large, max-video-preview:-1\" \/>\n<link rel=\"canonical\" href=\"https:\/\/www.silutesnaujienos.lt\/lt\/kulesu-ilgaamzei-95-metai-ne-riba\/\" \/>\n<meta property=\"og:locale\" content=\"lt_LT\" \/>\n<meta property=\"og:type\" content=\"article\" \/>\n<meta property=\"og:title\" content=\"Kul\u0117\u0161\u0173 ilgaam\u017eei 95 metai - ne riba - \u0160ilut\u0117s naujienos\" \/>\n<meta property=\"og:description\" content=\"B\u016btent tokia straipsnio pavadinime pateikta mintis kyla pama\u010dius sausio 15-\u0105j\u0105 95 met\u0173 jubiliej\u0173 pasitikusi\u0105 guvi\u0105 kul\u0117\u0161i\u0161k\u0119 Eleonor\u0105 \u0160ARKAUSKAIT\u0118. Gripu niekada nesirgusi, laikra\u0161\u010dius skaitanti be akini\u0173 ir puikiai girdinti p.Eleonora stebina dar ir puikiu savo humoro jausmu. Gaila, bet ilgaam\u017ei\u0161kumo paslapties skaitytojams mo\u010diut\u0117 neatskleid\u0117 &#8211; sako, kad pati jos ne\u017einanti. Galiausiai pasvars\u010diusi nusprend\u0117, kad tiesiog nereikia [&hellip;]\" \/>\n<meta property=\"og:url\" content=\"https:\/\/www.silutesnaujienos.lt\/lt\/kulesu-ilgaamzei-95-metai-ne-riba\/\" \/>\n<meta property=\"og:site_name\" content=\"\u0160ilut\u0117s naujienos\" \/>\n<meta property=\"article:publisher\" content=\"https:\/\/www.facebook.com\/silutes.naujienos\/\" \/>\n<meta property=\"article:published_time\" content=\"2013-01-23T16:00:00+00:00\" \/>\n<meta property=\"og:image\" content=\"\/\/silutesnaujienos.lt\/images\/stories\/2013\/01\/22\/thumbnails\/thumb_senole_95_sarkiene_sveikina_simelionis.jpg\" \/>\n<meta name=\"author\" content=\"\u0160ilut\u0117s naujien\u0173 inf.\" \/>\n<meta name=\"twitter:card\" content=\"summary_large_image\" \/>\n<meta name=\"twitter:label1\" content=\"Written by\" \/>\n\t<meta name=\"twitter:data1\" content=\"\u0160ilut\u0117s naujien\u0173 inf.\" \/>\n\t<meta name=\"twitter:label2\" content=\"Est. reading time\" \/>\n\t<meta name=\"twitter:data2\" content=\"3 minut\u0117s\" \/>\n<script type=\"application\/ld+json\" class=\"yoast-schema-graph\">{\"@context\":\"https:\\\/\\\/schema.org\",\"@graph\":[{\"@type\":\"Article\",\"@id\":\"https:\\\/\\\/www.silutesnaujienos.lt\\\/lt\\\/kulesu-ilgaamzei-95-metai-ne-riba\\\/#article\",\"isPartOf\":{\"@id\":\"https:\\\/\\\/www.silutesnaujienos.lt\\\/lt\\\/kulesu-ilgaamzei-95-metai-ne-riba\\\/\"},\"author\":{\"name\":\"\u0160ilut\u0117s naujien\u0173 inf.\",\"@id\":\"https:\\\/\\\/www.silutesnaujienos.lt\\\/lt\\\/#\\\/schema\\\/person\\\/232f475ddd4a7b5f49b3abc788b17e83\"},\"headline\":\"Kul\u0117\u0161\u0173 ilgaam\u017eei 95 metai &#8211; ne riba\",\"datePublished\":\"2013-01-23T16:00:00+00:00\",\"mainEntityOfPage\":{\"@id\":\"https:\\\/\\\/www.silutesnaujienos.lt\\\/lt\\\/kulesu-ilgaamzei-95-metai-ne-riba\\\/\"},\"wordCount\":660,\"commentCount\":0,\"publisher\":{\"@id\":\"https:\\\/\\\/www.silutesnaujienos.lt\\\/lt\\\/#organization\"},\"articleSection\":[\"Gyvenimas\"],\"inLanguage\":\"lt-LT\",\"potentialAction\":[{\"@type\":\"CommentAction\",\"name\":\"Comment\",\"target\":[\"https:\\\/\\\/www.silutesnaujienos.lt\\\/lt\\\/kulesu-ilgaamzei-95-metai-ne-riba\\\/#respond\"]}]},{\"@type\":\"WebPage\",\"@id\":\"https:\\\/\\\/www.silutesnaujienos.lt\\\/lt\\\/kulesu-ilgaamzei-95-metai-ne-riba\\\/\",\"url\":\"https:\\\/\\\/www.silutesnaujienos.lt\\\/lt\\\/kulesu-ilgaamzei-95-metai-ne-riba\\\/\",\"name\":\"Kul\u0117\u0161\u0173 ilgaam\u017eei 95 metai - ne riba - \u0160ilut\u0117s naujienos\",\"isPartOf\":{\"@id\":\"https:\\\/\\\/www.silutesnaujienos.lt\\\/lt\\\/#website\"},\"datePublished\":\"2013-01-23T16:00:00+00:00\",\"breadcrumb\":{\"@id\":\"https:\\\/\\\/www.silutesnaujienos.lt\\\/lt\\\/kulesu-ilgaamzei-95-metai-ne-riba\\\/#breadcrumb\"},\"inLanguage\":\"lt-LT\",\"potentialAction\":[{\"@type\":\"ReadAction\",\"target\":[\"https:\\\/\\\/www.silutesnaujienos.lt\\\/lt\\\/kulesu-ilgaamzei-95-metai-ne-riba\\\/\"]}]},{\"@type\":\"BreadcrumbList\",\"@id\":\"https:\\\/\\\/www.silutesnaujienos.lt\\\/lt\\\/kulesu-ilgaamzei-95-metai-ne-riba\\\/#breadcrumb\",\"itemListElement\":[{\"@type\":\"ListItem\",\"position\":1,\"name\":\"Home\",\"item\":\"https:\\\/\\\/www.silutesnaujienos.lt\\\/lt\\\/\"},{\"@type\":\"ListItem\",\"position\":2,\"name\":\"Kul\u0117\u0161\u0173 ilgaam\u017eei 95 metai &#8211; ne riba\"}]},{\"@type\":\"WebSite\",\"@id\":\"https:\\\/\\\/www.silutesnaujienos.lt\\\/lt\\\/#website\",\"url\":\"https:\\\/\\\/www.silutesnaujienos.lt\\\/lt\\\/\",\"name\":\"\u0160ilut\u0117s naujienos\",\"description\":\"B\u016bk ant naujien\u0173 bangos!\",\"publisher\":{\"@id\":\"https:\\\/\\\/www.silutesnaujienos.lt\\\/lt\\\/#organization\"},\"potentialAction\":[{\"@type\":\"SearchAction\",\"target\":{\"@type\":\"EntryPoint\",\"urlTemplate\":\"https:\\\/\\\/www.silutesnaujienos.lt\\\/lt\\\/?s={search_term_string}\"},\"query-input\":{\"@type\":\"PropertyValueSpecification\",\"valueRequired\":true,\"valueName\":\"search_term_string\"}}],\"inLanguage\":\"lt-LT\"},{\"@type\":\"Organization\",\"@id\":\"https:\\\/\\\/www.silutesnaujienos.lt\\\/lt\\\/#organization\",\"name\":\"\u0160ilut\u0117s naujienos\",\"url\":\"https:\\\/\\\/www.silutesnaujienos.lt\\\/lt\\\/\",\"logo\":{\"@type\":\"ImageObject\",\"inLanguage\":\"lt-LT\",\"@id\":\"https:\\\/\\\/www.silutesnaujienos.lt\\\/lt\\\/#\\\/schema\\\/logo\\\/image\\\/\",\"url\":\"https:\\\/\\\/www.silutesnaujienos.lt\\\/lt\\\/wp-content\\\/uploads\\\/2020\\\/06\\\/FB_MAIN.jpg\",\"contentUrl\":\"https:\\\/\\\/www.silutesnaujienos.lt\\\/lt\\\/wp-content\\\/uploads\\\/2020\\\/06\\\/FB_MAIN.jpg\",\"width\":1700,\"height\":956,\"caption\":\"\u0160ilut\u0117s naujienos\"},\"image\":{\"@id\":\"https:\\\/\\\/www.silutesnaujienos.lt\\\/lt\\\/#\\\/schema\\\/logo\\\/image\\\/\"},\"sameAs\":[\"https:\\\/\\\/www.facebook.com\\\/silutes.naujienos\\\/\",\"https:\\\/\\\/www.youtube.com\\\/channel\\\/UCxW-cgrJDt8GxIMxSTAfJZg\"]},{\"@type\":\"Person\",\"@id\":\"https:\\\/\\\/www.silutesnaujienos.lt\\\/lt\\\/#\\\/schema\\\/person\\\/232f475ddd4a7b5f49b3abc788b17e83\",\"name\":\"\u0160ilut\u0117s naujien\u0173 inf.\",\"image\":{\"@type\":\"ImageObject\",\"inLanguage\":\"lt-LT\",\"@id\":\"https:\\\/\\\/www.silutesnaujienos.lt\\\/lt\\\/wp-content\\\/uploads\\\/2020\\\/06\\\/favicon.png\",\"url\":\"https:\\\/\\\/www.silutesnaujienos.lt\\\/lt\\\/wp-content\\\/uploads\\\/2020\\\/06\\\/favicon.png\",\"contentUrl\":\"https:\\\/\\\/www.silutesnaujienos.lt\\\/lt\\\/wp-content\\\/uploads\\\/2020\\\/06\\\/favicon.png\",\"caption\":\"\u0160ilut\u0117s naujien\u0173 inf.\"},\"sameAs\":[\"https:\\\/\\\/www.silutesnaujienos.lt\\\/lt\"],\"url\":\"https:\\\/\\\/www.silutesnaujienos.lt\\\/lt\\\/author\\\/ruta\\\/\"}]}<\/script>\n<!-- \/ Yoast SEO plugin. -->","yoast_head_json":{"title":"Kul\u0117\u0161\u0173 ilgaam\u017eei 95 metai - ne riba - \u0160ilut\u0117s naujienos","robots":{"index":"index","follow":"follow","max-snippet":"max-snippet:-1","max-image-preview":"max-image-preview:large","max-video-preview":"max-video-preview:-1"},"canonical":"https:\/\/www.silutesnaujienos.lt\/lt\/kulesu-ilgaamzei-95-metai-ne-riba\/","og_locale":"lt_LT","og_type":"article","og_title":"Kul\u0117\u0161\u0173 ilgaam\u017eei 95 metai - ne riba - \u0160ilut\u0117s naujienos","og_description":"B\u016btent tokia straipsnio pavadinime pateikta mintis kyla pama\u010dius sausio 15-\u0105j\u0105 95 met\u0173 jubiliej\u0173 pasitikusi\u0105 guvi\u0105 kul\u0117\u0161i\u0161k\u0119 Eleonor\u0105 \u0160ARKAUSKAIT\u0118. Gripu niekada nesirgusi, laikra\u0161\u010dius skaitanti be akini\u0173 ir puikiai girdinti p.Eleonora stebina dar ir puikiu savo humoro jausmu. Gaila, bet ilgaam\u017ei\u0161kumo paslapties skaitytojams mo\u010diut\u0117 neatskleid\u0117 &#8211; sako, kad pati jos ne\u017einanti. Galiausiai pasvars\u010diusi nusprend\u0117, kad tiesiog nereikia [&hellip;]","og_url":"https:\/\/www.silutesnaujienos.lt\/lt\/kulesu-ilgaamzei-95-metai-ne-riba\/","og_site_name":"\u0160ilut\u0117s naujienos","article_publisher":"https:\/\/www.facebook.com\/silutes.naujienos\/","article_published_time":"2013-01-23T16:00:00+00:00","og_image":[{"url":"\/\/silutesnaujienos.lt\/images\/stories\/2013\/01\/22\/thumbnails\/thumb_senole_95_sarkiene_sveikina_simelionis.jpg","type":"","width":"","height":""}],"author":"\u0160ilut\u0117s naujien\u0173 inf.","twitter_card":"summary_large_image","twitter_misc":{"Written by":"\u0160ilut\u0117s naujien\u0173 inf.","Est. reading time":"3 minut\u0117s"},"schema":{"@context":"https:\/\/schema.org","@graph":[{"@type":"Article","@id":"https:\/\/www.silutesnaujienos.lt\/lt\/kulesu-ilgaamzei-95-metai-ne-riba\/#article","isPartOf":{"@id":"https:\/\/www.silutesnaujienos.lt\/lt\/kulesu-ilgaamzei-95-metai-ne-riba\/"},"author":{"name":"\u0160ilut\u0117s naujien\u0173 inf.","@id":"https:\/\/www.silutesnaujienos.lt\/lt\/#\/schema\/person\/232f475ddd4a7b5f49b3abc788b17e83"},"headline":"Kul\u0117\u0161\u0173 ilgaam\u017eei 95 metai &#8211; ne riba","datePublished":"2013-01-23T16:00:00+00:00","mainEntityOfPage":{"@id":"https:\/\/www.silutesnaujienos.lt\/lt\/kulesu-ilgaamzei-95-metai-ne-riba\/"},"wordCount":660,"commentCount":0,"publisher":{"@id":"https:\/\/www.silutesnaujienos.lt\/lt\/#organization"},"articleSection":["Gyvenimas"],"inLanguage":"lt-LT","potentialAction":[{"@type":"CommentAction","name":"Comment","target":["https:\/\/www.silutesnaujienos.lt\/lt\/kulesu-ilgaamzei-95-metai-ne-riba\/#respond"]}]},{"@type":"WebPage","@id":"https:\/\/www.silutesnaujienos.lt\/lt\/kulesu-ilgaamzei-95-metai-ne-riba\/","url":"https:\/\/www.silutesnaujienos.lt\/lt\/kulesu-ilgaamzei-95-metai-ne-riba\/","name":"Kul\u0117\u0161\u0173 ilgaam\u017eei 95 metai - ne riba - \u0160ilut\u0117s naujienos","isPartOf":{"@id":"https:\/\/www.silutesnaujienos.lt\/lt\/#website"},"datePublished":"2013-01-23T16:00:00+00:00","breadcrumb":{"@id":"https:\/\/www.silutesnaujienos.lt\/lt\/kulesu-ilgaamzei-95-metai-ne-riba\/#breadcrumb"},"inLanguage":"lt-LT","potentialAction":[{"@type":"ReadAction","target":["https:\/\/www.silutesnaujienos.lt\/lt\/kulesu-ilgaamzei-95-metai-ne-riba\/"]}]},{"@type":"BreadcrumbList","@id":"https:\/\/www.silutesnaujienos.lt\/lt\/kulesu-ilgaamzei-95-metai-ne-riba\/#breadcrumb","itemListElement":[{"@type":"ListItem","position":1,"name":"Home","item":"https:\/\/www.silutesnaujienos.lt\/lt\/"},{"@type":"ListItem","position":2,"name":"Kul\u0117\u0161\u0173 ilgaam\u017eei 95 metai &#8211; ne riba"}]},{"@type":"WebSite","@id":"https:\/\/www.silutesnaujienos.lt\/lt\/#website","url":"https:\/\/www.silutesnaujienos.lt\/lt\/","name":"\u0160ilut\u0117s naujienos","description":"B\u016bk ant naujien\u0173 bangos!","publisher":{"@id":"https:\/\/www.silutesnaujienos.lt\/lt\/#organization"},"potentialAction":[{"@type":"SearchAction","target":{"@type":"EntryPoint","urlTemplate":"https:\/\/www.silutesnaujienos.lt\/lt\/?s={search_term_string}"},"query-input":{"@type":"PropertyValueSpecification","valueRequired":true,"valueName":"search_term_string"}}],"inLanguage":"lt-LT"},{"@type":"Organization","@id":"https:\/\/www.silutesnaujienos.lt\/lt\/#organization","name":"\u0160ilut\u0117s naujienos","url":"https:\/\/www.silutesnaujienos.lt\/lt\/","logo":{"@type":"ImageObject","inLanguage":"lt-LT","@id":"https:\/\/www.silutesnaujienos.lt\/lt\/#\/schema\/logo\/image\/","url":"https:\/\/www.silutesnaujienos.lt\/lt\/wp-content\/uploads\/2020\/06\/FB_MAIN.jpg","contentUrl":"https:\/\/www.silutesnaujienos.lt\/lt\/wp-content\/uploads\/2020\/06\/FB_MAIN.jpg","width":1700,"height":956,"caption":"\u0160ilut\u0117s naujienos"},"image":{"@id":"https:\/\/www.silutesnaujienos.lt\/lt\/#\/schema\/logo\/image\/"},"sameAs":["https:\/\/www.facebook.com\/silutes.naujienos\/","https:\/\/www.youtube.com\/channel\/UCxW-cgrJDt8GxIMxSTAfJZg"]},{"@type":"Person","@id":"https:\/\/www.silutesnaujienos.lt\/lt\/#\/schema\/person\/232f475ddd4a7b5f49b3abc788b17e83","name":"\u0160ilut\u0117s naujien\u0173 inf.","image":{"@type":"ImageObject","inLanguage":"lt-LT","@id":"https:\/\/www.silutesnaujienos.lt\/lt\/wp-content\/uploads\/2020\/06\/favicon.png","url":"https:\/\/www.silutesnaujienos.lt\/lt\/wp-content\/uploads\/2020\/06\/favicon.png","contentUrl":"https:\/\/www.silutesnaujienos.lt\/lt\/wp-content\/uploads\/2020\/06\/favicon.png","caption":"\u0160ilut\u0117s naujien\u0173 inf."},"sameAs":["https:\/\/www.silutesnaujienos.lt\/lt"],"url":"https:\/\/www.silutesnaujienos.lt\/lt\/author\/ruta\/"}]}},"publishpress_future_workflow_manual_trigger":{"enabledWorkflows":[]},"amp_enabled":true,"_links":{"self":[{"href":"https:\/\/www.silutesnaujienos.lt\/lt\/wp-json\/wp\/v2\/posts\/1439","targetHints":{"allow":["GET"]}}],"collection":[{"href":"https:\/\/www.silutesnaujienos.lt\/lt\/wp-json\/wp\/v2\/posts"}],"about":[{"href":"https:\/\/www.silutesnaujienos.lt\/lt\/wp-json\/wp\/v2\/types\/post"}],"author":[{"embeddable":true,"href":"https:\/\/www.silutesnaujienos.lt\/lt\/wp-json\/wp\/v2\/users\/1"}],"replies":[{"embeddable":true,"href":"https:\/\/www.silutesnaujienos.lt\/lt\/wp-json\/wp\/v2\/comments?post=1439"}],"version-history":[{"count":0,"href":"https:\/\/www.silutesnaujienos.lt\/lt\/wp-json\/wp\/v2\/posts\/1439\/revisions"}],"wp:attachment":[{"href":"https:\/\/www.silutesnaujienos.lt\/lt\/wp-json\/wp\/v2\/media?parent=1439"}],"wp:term":[{"taxonomy":"category","embeddable":true,"href":"https:\/\/www.silutesnaujienos.lt\/lt\/wp-json\/wp\/v2\/categories?post=1439"},{"taxonomy":"post_tag","embeddable":true,"href":"https:\/\/www.silutesnaujienos.lt\/lt\/wp-json\/wp\/v2\/tags?post=1439"}],"curies":[{"name":"wp","href":"https:\/\/api.w.org\/{rel}","templated":true}]}}