{"id":14406,"date":"2017-06-05T15:00:00","date_gmt":"2017-06-05T17:00:00","guid":{"rendered":"https:\/\/www.silutesnaujienos.lt\/lt\/politiku-kova-uz-jaunimo-erdves-zemaiciu-naumiestyje-pralaimeta\/"},"modified":"2017-06-05T15:00:00","modified_gmt":"2017-06-05T17:00:00","slug":"politiku-kova-uz-jaunimo-erdves-zemaiciu-naumiestyje-pralaimeta","status":"publish","type":"post","link":"https:\/\/www.silutesnaujienos.lt\/lt\/politiku-kova-uz-jaunimo-erdves-zemaiciu-naumiestyje-pralaimeta\/","title":{"rendered":"Politik\u0173 kova u\u017e jaunimo erdves \u017demai\u010di\u0173 Naumiestyje pralaim\u0117ta"},"content":{"rendered":"<p><a href=\"\/\/silutesnaujienos.lt\/images\/stories\/2017\/06\/02\/GINCAS_R_BUDRIKAS.jpg\" class=\"jcepopup\" rel=\"caption[Planavimo ir pl\u0117tros skyriaus ved\u0117jas R.Budrikas prane\u0161\u0117 negin\u010dijamus argumentus, kad \u017demai\u010di\u0173 Naumies\u010dio gimnazija edukacini\u0173 erdvi\u0173 tobulinimui pinig\u0173 negaut\u0173.] noopener noreferrer\" target=\"_blank\" data-rel=\"lightbox-gallery-7MumzXRZ\" data-rl_title=\"\" data-rl_caption=\"\"><img loading=\"lazy\" decoding=\"async\" src=\"\/\/silutesnaujienos.lt\/images\/stories\/2017\/06\/02\/thumbnails\/thumb_GINCAS_R_BUDRIKAS.jpg\" alt=\"GINCAS R_BUDRIKAS\" title=\"\" class=\"caption\" style=\"margin: 5px; float: left;\" height=\"230\" width=\"307\" \/><\/a><strong>\u0160ilut\u0117s r. savivaldyb\u0117s taryboje svarstant, ar \u012fgyvendinti projektus \u201eEdukacini\u0173 ir k\u016brybi\u0161kum\u0105 skatinan\u010di\u0173 erdvi\u0173 suk\u016brimas \u0160ilut\u0117s r. Saug\u0173 Jurgio Mik\u0161o pagrindin\u0117je mokykloje\u201c ir \u201eEdukacini\u0173 erdvi\u0173 suk\u016brimas \u0160ilut\u0117s r. Vainuto gimnazijoje\u201c, u\u017evir\u0117 politik\u0173 kova.<br \/><\/strong><br \/><strong>Opozicija ir dalis mai\u0161taujan\u010di\u0173 valdan\u010diosios koalicijos politik\u0173 suman\u0117, kad tobulinti jaunimo erdves reik\u0117t\u0173 ne mero \u017eem\u0117se &#8211; Vainute, bet \u017demai\u010di\u0173 Naumies\u010dio gimnazijoje.<br \/><\/strong><br \/><strong>Mai\u0161to kibirk\u0161t\u012f suk\u0117l\u0117 Socialini\u0173 reikal\u0173 komiteto nar\u0117, \u201etvarkiet\u0117\u201c Laimut\u0117 Uselien\u0117. Ji komiteto pos\u0117dyje suabejojo, kod\u0117l ketinama edukacines erdves kurti Vainuto gimnazijoje, o ne \u017demai\u010di\u0173 Naumies\u010dio gimnazijoje?<br \/><\/strong><br \/><strong>Atsakydami \u012f politik\u0117s klausim\u0105, Savivaldyb\u0117s Planavimo ir pl\u0117tros skyriaus specialistai nelabai \u012ftikinamai ai\u0161kino, kad tik Saug\u0173 ir Vainuto mokyklos atitinka projektams keliamus reikalavimus.<\/strong><strong><br \/><\/strong><br \/><strong>Si\u016bl\u0117 sukeisti gimnazijas<br \/><\/strong><br \/>Tarybos pos\u0117dyje valdan\u010diosios koalicijos atstovas, \u017demai\u010di\u0173 Naumies\u010dio seni\u016bnijos gyventojas, socialdemokratas Ar\u016bnas Pup\u0161ys pasi\u016bl\u0117 sprendimo projekte \u201eEdukacini\u0173 erdvi\u0173 suk\u016brimas \u0160ilut\u0117s r. Vainuto gimnazijoje\u201c vietoje Vainuto gimnazijos \u012fra\u0161yti kit\u0105 \u012fstaig\u0105 &#8211; \u017demai\u010di\u0173 Naumies\u010dio gimnazij\u0105.<\/p>\n<p>A.Pup\u0161io nuomone, kad naujai si\u016blomas projektas \u201eEdukacini\u0173 erdvi\u0173 suk\u016brimas \u0160ilut\u0117s r. \u017demai\u010di\u0173 Naumies\u010dio gimnazijoje\u201c ne\u012fstrigt\u0173 (parai\u0161kos turi b\u016bti paduotos iki bir\u017eelio pabaigos), neverta i\u0161 darbotvark\u0117s visai i\u0161braukti sprendim\u0105 d\u0117l Vainuto gimnazijos edukacini\u0173 erdvi\u0173 suk\u016brimo ir kitame pos\u0117dyje t\u0105 klausim\u0105 svarstyti i\u0161 naujo, \u012fra\u0161ius \u017demai\u010di\u0173 Naumies\u010dio gimnazij\u0105. I\u0161kart sprendimo tekste pakeitus gimnazijos pavadinim\u0105, b\u016bt\u0173 sutaupytas laikas, reikalingas parengti projekt\u0105 su kitos gimnazijos poreikiais.<\/p>\n<p>A.Pup\u0161ys tikriausiai man\u0117, kad vald\u017eia jo pasi\u016blymo neatmes. Ir opozicijos politikai jam jau buvo pa\u017ead\u0117j\u0119 param\u0105. Be to, u\u017e A.Pup\u0161io pasi\u016blyt\u0105 variant\u0105 b\u016bt\u0173 balsav\u0119s kolega socialdemokratas, \u017demai\u010di\u0173 Naumies\u010dio patriotas Antanas Kubaitis.<\/p>\n<p>Taigi pos\u0117d\u017eio pirmininkui, vicemerui Algiui Bekeriui (meras V.Laurinaitis dar nebuvo sugr\u012f\u017e\u0119s i\u0161 Turkijos) teko tik atsiklausti sprendimo reng\u0117j\u0173, kas b\u016bt\u0173, jeigu Taryba sprendime Vietoj Vainuto \u012fra\u0161yt\u0173 \u017demai\u010di\u0173 Naumies\u010dio gimnazij\u0105: ar nebus prarastos l\u0117\u0161os edukacini\u0173 erdvi\u0173 suk\u016brimui, jegu projekto vertintojams netiks i\u0161 naujo parinkta mokykla?<\/p>\n<p><strong>Galimybes tyr\u0117 i\u0161 naujo<\/strong><\/p>\n<p>Po A.Pup\u0161io pasi\u016blymo Savivaldyb\u0117s taryba nusprend\u0117 min\u0117t\u0105 klausim\u0105 svarstyti pos\u0117d\u017eio pabaigoje &#8211; iki tolPlanavimo ir pl\u0117tros skyriaus specialistai gal\u0117t\u0173 perklausti projekt\u0173 konkurso organizatorius, ar gal\u0117t\u0173 finansavim\u0105 jaunimo erdv\u0117ms tobulinti gauti \u017demai\u010di\u0173 Naumies\u010dio gimnazija.<\/p>\n<p>Kai Planavimo ir pl\u0117tros skyriaus specialistai sugr\u012f\u017eo \u012f pos\u0117d\u012f, gin\u010das d\u0117l gimnazij\u0173 buvo i\u0161spr\u0119stas &#8211; skyriaus ved\u0117jas Remigijus Budrikas prane\u0161\u0117 negin\u010dijamus argumentus, kad \u017demai\u010di\u0173 Naumies\u010dio gimnazija edukacini\u0173 erdvi\u0173 tobulinimui pinig\u0173 negaut\u0173.<\/p>\n<p>Pasak R.Budriko, finansavimo apra\u0161e yra punktas, kad edukacin\u0117s jaunimo erdv\u0117s gali b\u016bti kuriamos mokyklose, kuriose mokosi ir ikimokyklinukai, ir pradinukai, ir vyresni\u0173 klasi\u0173 mokiniai. Deja, \u017demai\u010di\u0173 Naumies\u010dio&nbsp; gimnazijos pastate nemokomi pradini\u0173 klasi\u0173 mokiniai ir ikimokyklinukai.<\/p>\n<p>\u201eJoki\u0173 improvizacij\u0173 negali b\u016bti. Projekt\u0173 vertintojai pedanti\u0161kai analizuoja visus kriterijus, tod\u0117l \u017demai\u010di\u0173 Naumies\u010dio gimnazijai finansavimas neb\u016bt\u0173 suteiktas\u201c, &#8211; sak\u0117 R.Budrikas.<\/p>\n<p>Tad politikai bals\u0173 dauguma (dviem politikams nedalyvavus balsavime) pritar\u0117, kad jaunimo edukacin\u0117s erdv\u0117s b\u016bt\u0173 kuriamos Vainuto gimnazijoje.<\/p>\n<p><strong>Administracijos direktorius pa\u017ead\u0117jo<\/strong><\/p>\n<p>Politikai, kurie taip steng\u0117si, kad jaunimo erdv\u0117s b\u016bt\u0173 tvarkomos ne Vainute, o, j\u0173 nuomone, perspektyvesn\u0117je \u017demai\u010di\u0173 Naumies\u010dio gimnazijoje, susitaik\u0117 su pralaim\u0117jimu. Niekas nenor\u0117jo rizikuoti prarasti bema\u017e pustre\u010dio \u0161imto t\u016bkstan\u010di\u0173 eur\u0173 ES investicij\u0173.<\/p>\n<p>Liberalas Vidmantas Ge\u010das, kuris \u017demai\u010di\u0173 Naumies\u010dio seni\u016bnijos \u017emon\u0117ms yra daug \u012fsipareigoj\u0119s u\u017e param\u0105 savivaldos rinkimuose, klaus\u0117 Savivaldyb\u0117s administracijos direktoriaus S.\u0160epu\u010dio, kaip ketinama tvarkyti \u017demai\u010di\u0173 Naumies\u010dio gimnazijos vidaus patalpas. V.Ge\u010do nuomone, \u017demai\u010di\u0173 Naumies\u010dio gimnazijai remonto reikia labiau nei kitoms mokykloms.<\/p>\n<p>S.\u0160eputis sak\u0117, kad jei savivaldyb\u0117s vadovyb\u0117 nuspr\u0119s investuoti \u012f mokykl\u0173 remontus, \u017demai\u010di\u0173 Naumies\u010dio gimnazija bus pirmoji, kuri bus remontuojama. Pasak S.\u0160epu\u010dio, dabar Savivaldyb\u0117 gal\u0117t\u0173 tokius darbus daryti ir savo l\u0117\u0161omis, nes bankuose &#8211; steb\u0117tinai ma\u017eos metin\u0117s pal\u016bkanos &#8211; tik 1,2 proc.<\/p>\n","protected":false},"excerpt":{"rendered":"<p>\u0160ilut\u0117s r. savivaldyb\u0117s taryboje svarstant, ar \u012fgyvendinti projektus \u201eEdukacini\u0173 ir k\u016brybi\u0161kum\u0105 skatinan\u010di\u0173 erdvi\u0173 suk\u016brimas \u0160ilut\u0117s r. Saug\u0173 Jurgio Mik\u0161o pagrindin\u0117je mokykloje\u201c ir \u201eEdukacini\u0173 erdvi\u0173 suk\u016brimas \u0160ilut\u0117s r. Vainuto gimnazijoje\u201c, u\u017evir\u0117 politik\u0173 kova.Opozicija ir dalis mai\u0161taujan\u010di\u0173 valdan\u010diosios koalicijos politik\u0173 suman\u0117, kad tobulinti jaunimo erdves reik\u0117t\u0173 ne mero \u017eem\u0117se &#8211; Vainute, bet \u017demai\u010di\u0173 Naumies\u010dio gimnazijoje.Mai\u0161to kibirk\u0161t\u012f suk\u0117l\u0117 [&hellip;]<\/p>\n","protected":false},"author":1,"featured_media":0,"comment_status":"open","ping_status":"open","sticky":false,"template":"","format":"standard","meta":{"footnotes":""},"categories":[2],"tags":[],"class_list":{"0":"post-14406","1":"post","2":"type-post","3":"status-publish","4":"format-standard","6":"category-aktualijos"},"yoast_head":"<!-- This site is optimized with the Yoast SEO plugin v27.5 - https:\/\/yoast.com\/product\/yoast-seo-wordpress\/ -->\n<title>Politik\u0173 kova u\u017e jaunimo erdves \u017demai\u010di\u0173 Naumiestyje pralaim\u0117ta - \u0160ilut\u0117s naujienos<\/title>\n<meta name=\"robots\" content=\"index, follow, max-snippet:-1, max-image-preview:large, max-video-preview:-1\" \/>\n<link rel=\"canonical\" href=\"https:\/\/www.silutesnaujienos.lt\/lt\/politiku-kova-uz-jaunimo-erdves-zemaiciu-naumiestyje-pralaimeta\/\" \/>\n<meta property=\"og:locale\" content=\"lt_LT\" \/>\n<meta property=\"og:type\" content=\"article\" \/>\n<meta property=\"og:title\" content=\"Politik\u0173 kova u\u017e jaunimo erdves \u017demai\u010di\u0173 Naumiestyje pralaim\u0117ta - \u0160ilut\u0117s naujienos\" \/>\n<meta property=\"og:description\" content=\"\u0160ilut\u0117s r. savivaldyb\u0117s taryboje svarstant, ar \u012fgyvendinti projektus \u201eEdukacini\u0173 ir k\u016brybi\u0161kum\u0105 skatinan\u010di\u0173 erdvi\u0173 suk\u016brimas \u0160ilut\u0117s r. Saug\u0173 Jurgio Mik\u0161o pagrindin\u0117je mokykloje\u201c ir \u201eEdukacini\u0173 erdvi\u0173 suk\u016brimas \u0160ilut\u0117s r. Vainuto gimnazijoje\u201c, u\u017evir\u0117 politik\u0173 kova.Opozicija ir dalis mai\u0161taujan\u010di\u0173 valdan\u010diosios koalicijos politik\u0173 suman\u0117, kad tobulinti jaunimo erdves reik\u0117t\u0173 ne mero \u017eem\u0117se &#8211; Vainute, bet \u017demai\u010di\u0173 Naumies\u010dio gimnazijoje.Mai\u0161to kibirk\u0161t\u012f suk\u0117l\u0117 [&hellip;]\" \/>\n<meta property=\"og:url\" content=\"https:\/\/www.silutesnaujienos.lt\/lt\/politiku-kova-uz-jaunimo-erdves-zemaiciu-naumiestyje-pralaimeta\/\" \/>\n<meta property=\"og:site_name\" content=\"\u0160ilut\u0117s naujienos\" \/>\n<meta property=\"article:publisher\" content=\"https:\/\/www.facebook.com\/silutes.naujienos\/\" \/>\n<meta property=\"article:published_time\" content=\"2017-06-05T17:00:00+00:00\" \/>\n<meta property=\"og:image\" content=\"\/\/silutesnaujienos.lt\/images\/stories\/2017\/06\/02\/thumbnails\/thumb_GINCAS_R_BUDRIKAS.jpg\" \/>\n<meta name=\"author\" content=\"\u0160ilut\u0117s naujien\u0173 inf.\" \/>\n<meta name=\"twitter:card\" content=\"summary_large_image\" \/>\n<meta name=\"twitter:label1\" content=\"Written by\" \/>\n\t<meta name=\"twitter:data1\" content=\"\u0160ilut\u0117s naujien\u0173 inf.\" \/>\n\t<meta name=\"twitter:label2\" content=\"Est. reading time\" \/>\n\t<meta name=\"twitter:data2\" content=\"3 minut\u0117s\" \/>\n<script type=\"application\/ld+json\" class=\"yoast-schema-graph\">{\"@context\":\"https:\\\/\\\/schema.org\",\"@graph\":[{\"@type\":\"Article\",\"@id\":\"https:\\\/\\\/www.silutesnaujienos.lt\\\/lt\\\/politiku-kova-uz-jaunimo-erdves-zemaiciu-naumiestyje-pralaimeta\\\/#article\",\"isPartOf\":{\"@id\":\"https:\\\/\\\/www.silutesnaujienos.lt\\\/lt\\\/politiku-kova-uz-jaunimo-erdves-zemaiciu-naumiestyje-pralaimeta\\\/\"},\"author\":{\"name\":\"\u0160ilut\u0117s naujien\u0173 inf.\",\"@id\":\"https:\\\/\\\/www.silutesnaujienos.lt\\\/lt\\\/#\\\/schema\\\/person\\\/232f475ddd4a7b5f49b3abc788b17e83\"},\"headline\":\"Politik\u0173 kova u\u017e jaunimo erdves \u017demai\u010di\u0173 Naumiestyje pralaim\u0117ta\",\"datePublished\":\"2017-06-05T17:00:00+00:00\",\"mainEntityOfPage\":{\"@id\":\"https:\\\/\\\/www.silutesnaujienos.lt\\\/lt\\\/politiku-kova-uz-jaunimo-erdves-zemaiciu-naumiestyje-pralaimeta\\\/\"},\"wordCount\":708,\"commentCount\":0,\"publisher\":{\"@id\":\"https:\\\/\\\/www.silutesnaujienos.lt\\\/lt\\\/#organization\"},\"articleSection\":[\"Aktualijos\"],\"inLanguage\":\"lt-LT\",\"potentialAction\":[{\"@type\":\"CommentAction\",\"name\":\"Comment\",\"target\":[\"https:\\\/\\\/www.silutesnaujienos.lt\\\/lt\\\/politiku-kova-uz-jaunimo-erdves-zemaiciu-naumiestyje-pralaimeta\\\/#respond\"]}]},{\"@type\":\"WebPage\",\"@id\":\"https:\\\/\\\/www.silutesnaujienos.lt\\\/lt\\\/politiku-kova-uz-jaunimo-erdves-zemaiciu-naumiestyje-pralaimeta\\\/\",\"url\":\"https:\\\/\\\/www.silutesnaujienos.lt\\\/lt\\\/politiku-kova-uz-jaunimo-erdves-zemaiciu-naumiestyje-pralaimeta\\\/\",\"name\":\"Politik\u0173 kova u\u017e jaunimo erdves \u017demai\u010di\u0173 Naumiestyje pralaim\u0117ta - \u0160ilut\u0117s naujienos\",\"isPartOf\":{\"@id\":\"https:\\\/\\\/www.silutesnaujienos.lt\\\/lt\\\/#website\"},\"datePublished\":\"2017-06-05T17:00:00+00:00\",\"breadcrumb\":{\"@id\":\"https:\\\/\\\/www.silutesnaujienos.lt\\\/lt\\\/politiku-kova-uz-jaunimo-erdves-zemaiciu-naumiestyje-pralaimeta\\\/#breadcrumb\"},\"inLanguage\":\"lt-LT\",\"potentialAction\":[{\"@type\":\"ReadAction\",\"target\":[\"https:\\\/\\\/www.silutesnaujienos.lt\\\/lt\\\/politiku-kova-uz-jaunimo-erdves-zemaiciu-naumiestyje-pralaimeta\\\/\"]}]},{\"@type\":\"BreadcrumbList\",\"@id\":\"https:\\\/\\\/www.silutesnaujienos.lt\\\/lt\\\/politiku-kova-uz-jaunimo-erdves-zemaiciu-naumiestyje-pralaimeta\\\/#breadcrumb\",\"itemListElement\":[{\"@type\":\"ListItem\",\"position\":1,\"name\":\"Home\",\"item\":\"https:\\\/\\\/www.silutesnaujienos.lt\\\/lt\\\/\"},{\"@type\":\"ListItem\",\"position\":2,\"name\":\"Politik\u0173 kova u\u017e jaunimo erdves \u017demai\u010di\u0173 Naumiestyje pralaim\u0117ta\"}]},{\"@type\":\"WebSite\",\"@id\":\"https:\\\/\\\/www.silutesnaujienos.lt\\\/lt\\\/#website\",\"url\":\"https:\\\/\\\/www.silutesnaujienos.lt\\\/lt\\\/\",\"name\":\"\u0160ilut\u0117s naujienos\",\"description\":\"B\u016bk ant naujien\u0173 bangos!\",\"publisher\":{\"@id\":\"https:\\\/\\\/www.silutesnaujienos.lt\\\/lt\\\/#organization\"},\"potentialAction\":[{\"@type\":\"SearchAction\",\"target\":{\"@type\":\"EntryPoint\",\"urlTemplate\":\"https:\\\/\\\/www.silutesnaujienos.lt\\\/lt\\\/?s={search_term_string}\"},\"query-input\":{\"@type\":\"PropertyValueSpecification\",\"valueRequired\":true,\"valueName\":\"search_term_string\"}}],\"inLanguage\":\"lt-LT\"},{\"@type\":\"Organization\",\"@id\":\"https:\\\/\\\/www.silutesnaujienos.lt\\\/lt\\\/#organization\",\"name\":\"\u0160ilut\u0117s naujienos\",\"url\":\"https:\\\/\\\/www.silutesnaujienos.lt\\\/lt\\\/\",\"logo\":{\"@type\":\"ImageObject\",\"inLanguage\":\"lt-LT\",\"@id\":\"https:\\\/\\\/www.silutesnaujienos.lt\\\/lt\\\/#\\\/schema\\\/logo\\\/image\\\/\",\"url\":\"https:\\\/\\\/www.silutesnaujienos.lt\\\/lt\\\/wp-content\\\/uploads\\\/2020\\\/06\\\/FB_MAIN.jpg\",\"contentUrl\":\"https:\\\/\\\/www.silutesnaujienos.lt\\\/lt\\\/wp-content\\\/uploads\\\/2020\\\/06\\\/FB_MAIN.jpg\",\"width\":1700,\"height\":956,\"caption\":\"\u0160ilut\u0117s naujienos\"},\"image\":{\"@id\":\"https:\\\/\\\/www.silutesnaujienos.lt\\\/lt\\\/#\\\/schema\\\/logo\\\/image\\\/\"},\"sameAs\":[\"https:\\\/\\\/www.facebook.com\\\/silutes.naujienos\\\/\",\"https:\\\/\\\/www.youtube.com\\\/channel\\\/UCxW-cgrJDt8GxIMxSTAfJZg\"]},{\"@type\":\"Person\",\"@id\":\"https:\\\/\\\/www.silutesnaujienos.lt\\\/lt\\\/#\\\/schema\\\/person\\\/232f475ddd4a7b5f49b3abc788b17e83\",\"name\":\"\u0160ilut\u0117s naujien\u0173 inf.\",\"image\":{\"@type\":\"ImageObject\",\"inLanguage\":\"lt-LT\",\"@id\":\"https:\\\/\\\/www.silutesnaujienos.lt\\\/lt\\\/wp-content\\\/uploads\\\/2020\\\/06\\\/favicon.png\",\"url\":\"https:\\\/\\\/www.silutesnaujienos.lt\\\/lt\\\/wp-content\\\/uploads\\\/2020\\\/06\\\/favicon.png\",\"contentUrl\":\"https:\\\/\\\/www.silutesnaujienos.lt\\\/lt\\\/wp-content\\\/uploads\\\/2020\\\/06\\\/favicon.png\",\"caption\":\"\u0160ilut\u0117s naujien\u0173 inf.\"},\"sameAs\":[\"https:\\\/\\\/www.silutesnaujienos.lt\\\/lt\"],\"url\":\"https:\\\/\\\/www.silutesnaujienos.lt\\\/lt\\\/author\\\/ruta\\\/\"}]}<\/script>\n<!-- \/ Yoast SEO plugin. -->","yoast_head_json":{"title":"Politik\u0173 kova u\u017e jaunimo erdves \u017demai\u010di\u0173 Naumiestyje pralaim\u0117ta - \u0160ilut\u0117s naujienos","robots":{"index":"index","follow":"follow","max-snippet":"max-snippet:-1","max-image-preview":"max-image-preview:large","max-video-preview":"max-video-preview:-1"},"canonical":"https:\/\/www.silutesnaujienos.lt\/lt\/politiku-kova-uz-jaunimo-erdves-zemaiciu-naumiestyje-pralaimeta\/","og_locale":"lt_LT","og_type":"article","og_title":"Politik\u0173 kova u\u017e jaunimo erdves \u017demai\u010di\u0173 Naumiestyje pralaim\u0117ta - \u0160ilut\u0117s naujienos","og_description":"\u0160ilut\u0117s r. savivaldyb\u0117s taryboje svarstant, ar \u012fgyvendinti projektus \u201eEdukacini\u0173 ir k\u016brybi\u0161kum\u0105 skatinan\u010di\u0173 erdvi\u0173 suk\u016brimas \u0160ilut\u0117s r. Saug\u0173 Jurgio Mik\u0161o pagrindin\u0117je mokykloje\u201c ir \u201eEdukacini\u0173 erdvi\u0173 suk\u016brimas \u0160ilut\u0117s r. Vainuto gimnazijoje\u201c, u\u017evir\u0117 politik\u0173 kova.Opozicija ir dalis mai\u0161taujan\u010di\u0173 valdan\u010diosios koalicijos politik\u0173 suman\u0117, kad tobulinti jaunimo erdves reik\u0117t\u0173 ne mero \u017eem\u0117se &#8211; Vainute, bet \u017demai\u010di\u0173 Naumies\u010dio gimnazijoje.Mai\u0161to kibirk\u0161t\u012f suk\u0117l\u0117 [&hellip;]","og_url":"https:\/\/www.silutesnaujienos.lt\/lt\/politiku-kova-uz-jaunimo-erdves-zemaiciu-naumiestyje-pralaimeta\/","og_site_name":"\u0160ilut\u0117s naujienos","article_publisher":"https:\/\/www.facebook.com\/silutes.naujienos\/","article_published_time":"2017-06-05T17:00:00+00:00","og_image":[{"url":"\/\/silutesnaujienos.lt\/images\/stories\/2017\/06\/02\/thumbnails\/thumb_GINCAS_R_BUDRIKAS.jpg","type":"","width":"","height":""}],"author":"\u0160ilut\u0117s naujien\u0173 inf.","twitter_card":"summary_large_image","twitter_misc":{"Written by":"\u0160ilut\u0117s naujien\u0173 inf.","Est. reading time":"3 minut\u0117s"},"schema":{"@context":"https:\/\/schema.org","@graph":[{"@type":"Article","@id":"https:\/\/www.silutesnaujienos.lt\/lt\/politiku-kova-uz-jaunimo-erdves-zemaiciu-naumiestyje-pralaimeta\/#article","isPartOf":{"@id":"https:\/\/www.silutesnaujienos.lt\/lt\/politiku-kova-uz-jaunimo-erdves-zemaiciu-naumiestyje-pralaimeta\/"},"author":{"name":"\u0160ilut\u0117s naujien\u0173 inf.","@id":"https:\/\/www.silutesnaujienos.lt\/lt\/#\/schema\/person\/232f475ddd4a7b5f49b3abc788b17e83"},"headline":"Politik\u0173 kova u\u017e jaunimo erdves \u017demai\u010di\u0173 Naumiestyje pralaim\u0117ta","datePublished":"2017-06-05T17:00:00+00:00","mainEntityOfPage":{"@id":"https:\/\/www.silutesnaujienos.lt\/lt\/politiku-kova-uz-jaunimo-erdves-zemaiciu-naumiestyje-pralaimeta\/"},"wordCount":708,"commentCount":0,"publisher":{"@id":"https:\/\/www.silutesnaujienos.lt\/lt\/#organization"},"articleSection":["Aktualijos"],"inLanguage":"lt-LT","potentialAction":[{"@type":"CommentAction","name":"Comment","target":["https:\/\/www.silutesnaujienos.lt\/lt\/politiku-kova-uz-jaunimo-erdves-zemaiciu-naumiestyje-pralaimeta\/#respond"]}]},{"@type":"WebPage","@id":"https:\/\/www.silutesnaujienos.lt\/lt\/politiku-kova-uz-jaunimo-erdves-zemaiciu-naumiestyje-pralaimeta\/","url":"https:\/\/www.silutesnaujienos.lt\/lt\/politiku-kova-uz-jaunimo-erdves-zemaiciu-naumiestyje-pralaimeta\/","name":"Politik\u0173 kova u\u017e jaunimo erdves \u017demai\u010di\u0173 Naumiestyje pralaim\u0117ta - \u0160ilut\u0117s naujienos","isPartOf":{"@id":"https:\/\/www.silutesnaujienos.lt\/lt\/#website"},"datePublished":"2017-06-05T17:00:00+00:00","breadcrumb":{"@id":"https:\/\/www.silutesnaujienos.lt\/lt\/politiku-kova-uz-jaunimo-erdves-zemaiciu-naumiestyje-pralaimeta\/#breadcrumb"},"inLanguage":"lt-LT","potentialAction":[{"@type":"ReadAction","target":["https:\/\/www.silutesnaujienos.lt\/lt\/politiku-kova-uz-jaunimo-erdves-zemaiciu-naumiestyje-pralaimeta\/"]}]},{"@type":"BreadcrumbList","@id":"https:\/\/www.silutesnaujienos.lt\/lt\/politiku-kova-uz-jaunimo-erdves-zemaiciu-naumiestyje-pralaimeta\/#breadcrumb","itemListElement":[{"@type":"ListItem","position":1,"name":"Home","item":"https:\/\/www.silutesnaujienos.lt\/lt\/"},{"@type":"ListItem","position":2,"name":"Politik\u0173 kova u\u017e jaunimo erdves \u017demai\u010di\u0173 Naumiestyje pralaim\u0117ta"}]},{"@type":"WebSite","@id":"https:\/\/www.silutesnaujienos.lt\/lt\/#website","url":"https:\/\/www.silutesnaujienos.lt\/lt\/","name":"\u0160ilut\u0117s naujienos","description":"B\u016bk ant naujien\u0173 bangos!","publisher":{"@id":"https:\/\/www.silutesnaujienos.lt\/lt\/#organization"},"potentialAction":[{"@type":"SearchAction","target":{"@type":"EntryPoint","urlTemplate":"https:\/\/www.silutesnaujienos.lt\/lt\/?s={search_term_string}"},"query-input":{"@type":"PropertyValueSpecification","valueRequired":true,"valueName":"search_term_string"}}],"inLanguage":"lt-LT"},{"@type":"Organization","@id":"https:\/\/www.silutesnaujienos.lt\/lt\/#organization","name":"\u0160ilut\u0117s naujienos","url":"https:\/\/www.silutesnaujienos.lt\/lt\/","logo":{"@type":"ImageObject","inLanguage":"lt-LT","@id":"https:\/\/www.silutesnaujienos.lt\/lt\/#\/schema\/logo\/image\/","url":"https:\/\/www.silutesnaujienos.lt\/lt\/wp-content\/uploads\/2020\/06\/FB_MAIN.jpg","contentUrl":"https:\/\/www.silutesnaujienos.lt\/lt\/wp-content\/uploads\/2020\/06\/FB_MAIN.jpg","width":1700,"height":956,"caption":"\u0160ilut\u0117s naujienos"},"image":{"@id":"https:\/\/www.silutesnaujienos.lt\/lt\/#\/schema\/logo\/image\/"},"sameAs":["https:\/\/www.facebook.com\/silutes.naujienos\/","https:\/\/www.youtube.com\/channel\/UCxW-cgrJDt8GxIMxSTAfJZg"]},{"@type":"Person","@id":"https:\/\/www.silutesnaujienos.lt\/lt\/#\/schema\/person\/232f475ddd4a7b5f49b3abc788b17e83","name":"\u0160ilut\u0117s naujien\u0173 inf.","image":{"@type":"ImageObject","inLanguage":"lt-LT","@id":"https:\/\/www.silutesnaujienos.lt\/lt\/wp-content\/uploads\/2020\/06\/favicon.png","url":"https:\/\/www.silutesnaujienos.lt\/lt\/wp-content\/uploads\/2020\/06\/favicon.png","contentUrl":"https:\/\/www.silutesnaujienos.lt\/lt\/wp-content\/uploads\/2020\/06\/favicon.png","caption":"\u0160ilut\u0117s naujien\u0173 inf."},"sameAs":["https:\/\/www.silutesnaujienos.lt\/lt"],"url":"https:\/\/www.silutesnaujienos.lt\/lt\/author\/ruta\/"}]}},"publishpress_future_workflow_manual_trigger":{"enabledWorkflows":[]},"amp_enabled":true,"_links":{"self":[{"href":"https:\/\/www.silutesnaujienos.lt\/lt\/wp-json\/wp\/v2\/posts\/14406","targetHints":{"allow":["GET"]}}],"collection":[{"href":"https:\/\/www.silutesnaujienos.lt\/lt\/wp-json\/wp\/v2\/posts"}],"about":[{"href":"https:\/\/www.silutesnaujienos.lt\/lt\/wp-json\/wp\/v2\/types\/post"}],"author":[{"embeddable":true,"href":"https:\/\/www.silutesnaujienos.lt\/lt\/wp-json\/wp\/v2\/users\/1"}],"replies":[{"embeddable":true,"href":"https:\/\/www.silutesnaujienos.lt\/lt\/wp-json\/wp\/v2\/comments?post=14406"}],"version-history":[{"count":0,"href":"https:\/\/www.silutesnaujienos.lt\/lt\/wp-json\/wp\/v2\/posts\/14406\/revisions"}],"wp:attachment":[{"href":"https:\/\/www.silutesnaujienos.lt\/lt\/wp-json\/wp\/v2\/media?parent=14406"}],"wp:term":[{"taxonomy":"category","embeddable":true,"href":"https:\/\/www.silutesnaujienos.lt\/lt\/wp-json\/wp\/v2\/categories?post=14406"},{"taxonomy":"post_tag","embeddable":true,"href":"https:\/\/www.silutesnaujienos.lt\/lt\/wp-json\/wp\/v2\/tags?post=14406"}],"curies":[{"name":"wp","href":"https:\/\/api.w.org\/{rel}","templated":true}]}}