{"id":14537,"date":"2013-01-13T11:00:00","date_gmt":"2013-01-13T13:00:00","guid":{"rendered":"https:\/\/www.silutesnaujienos.lt\/lt\/demografine-statistika-gerina-emigrantai\/"},"modified":"2013-01-13T11:00:00","modified_gmt":"2013-01-13T13:00:00","slug":"demografine-statistika-gerina-emigrantai","status":"publish","type":"post","link":"https:\/\/www.silutesnaujienos.lt\/lt\/demografine-statistika-gerina-emigrantai\/","title":{"rendered":"Demografin\u0119 statistik\u0105 gerina emigrantai"},"content":{"rendered":"<p><a target=\"_blank\" rel=\"caption[Pernai, palyginti su 2011 m., \u012fregistruota net 40 naujagimi\u0173 daugiau - 581. Kone tre\u010ddalis i\u0161 j\u0173 gim\u0117 u\u017esienyje dirbantiems ir gyvenantiems \u0161iluti\u0161kiams.] noopener noreferrer\" class=\"jcepopup\" href=\"\/\/silutesnaujienos.lt\/images\/stories\/2013\/01\/11\/kudikiai.jpg\" data-rel=\"lightbox-gallery-G6TfQ4er\" data-rl_title=\"\" data-rl_caption=\"\"><img loading=\"lazy\" decoding=\"async\" style=\"margin: 5px; float: left;\" class=\"caption\" title=\"\" alt=\"kudikiai\" src=\"\/\/silutesnaujienos.lt\/images\/stories\/2013\/01\/11\/thumbnails\/thumb_kudikiai.jpg\" height=\"230\" width=\"307\" \/><\/a><strong>Tre\u010ddalis rajono naujagimi\u0173 pernai gim\u0117 <a href=\"http:\/\/www.manovisuomene.lt\/category\/emigrantai\/\" title=\"emigrant\u0173 \u0161eimose\" target=\"_blank\" rel=\"noopener noreferrer\">emigrant\u0173 \u0161eimose<\/a><\/strong><\/p>\n<p><strong>Sakoma, kad vi\u0161\u010diukus reikia skai\u010diuoti ruden\u012f. Ta\u010diau \u0161i taisykl\u0117 negalioja \u0160ilut\u0117s r. savivaldyb\u0117s Civilin\u0117s metrikacijos skyriui (CMS). <\/strong><\/p>\n<p><strong>\u010cia statistiniai rodikliai ap\u017evelgiami kiekvien\u0105 m\u0117nes\u012f, o kiekvien\u0173 met\u0173 prad\u017eioje pateikiama lyginamoji paskutini\u0173 dvej\u0173 met\u0173 statistika. Tad kokiais gimstamumo, mirtingumo, santuok\u0173 ir i\u0161tuok\u0173 rodikliais i\u0161lyd\u0117jome 2012-uosius?<\/strong><\/p>\n<p>Pasak CMS ved\u0117jos Lilijos VALAITIEN\u0116S, d\u017eiugina tai, kad pastebimai i\u0161augo santuok\u0173 ir gimusi\u0173 vaik\u0173 skai\u010dius. Nors pra\u0117jusiais metais, palyginti su 2011-aisiais, skyr\u0117si ma\u017eiau por\u0173, L.Valaitien\u0117 atkreip\u0117 d\u0117mes\u012f \u012f vien\u0105 skai\u010di\u0173: belieka sp\u0117lioti kod\u0117l, ta\u010diau skirtingais gyvenimo keliais nusprend\u0117 pasukti daugiau \u0161eim\u0173, santuokoje i\u0161gyvenusi\u0173 nuo 25 iki 50 met\u0173.<\/p>\n<p><strong>Gimimo vieta &#8211; pasirinktin\u0117<\/strong><\/p>\n<p>Pernai, palyginti su 2011 m., \u012fregistruota net 40 naujagimi\u0173 daugiau &#8211; 581. Persvar\u0105 savo naudai po met\u0173 pertraukos ir v\u0117l susigr\u0105\u017eino naujagim\u0117s mergait\u0117s. J\u0173 ir berniuk\u0173 santykis pernai buvo 296:285.<\/p>\n<p>Kone tre\u010ddalis ma\u017e\u0173j\u0173 \u0160ilut\u0117s rajono gyventoj\u0173 gim\u0117 u\u017esienyje dirbantiems ir gyvenantiems t\u0117vams &#8211; net 185. Tuo tarpu u\u017epernai u\u017esienyje apskaityt\u0173 gimim\u0173 buvo kiek ma\u017eiau &#8211; 140. Daugiausia \u0161iluti\u0161ki\u0173 gimsta Airijoje ir Did\u017eiojoje Britanijoje, kiek ma\u017eiau &#8211; \u0160vedijoje ir Vokietijoje, o pra\u0117jusiais metais prie \u0161io s\u0105ra\u0161o prisid\u0117jo ir Norvegija.<\/p>\n<p>\u201eGaila, ta\u010diau taip pat daug\u0117ja vaik\u0173, gimusi\u0173 ne santuokose, nors man visada atrodo, kad tai yra toks rodiklis, kuris tur\u0117t\u0173 ma\u017e\u0117ti. Juo labiau kad santuok\u0173 skai\u010dius auga. Did\u017eioji dalis vaik\u0173, kuriems nustatoma t\u0117vyst\u0117, gimsta b\u016btent u\u017esienyje. Vieni\u0161\u0173 mam\u0173 skai\u010dius kasmet lieka pana\u0161us\u201c, &#8211; pasakojo CMS ved\u0117ja.<\/p>\n<p>L.Valaitien\u0117 pasteb\u0117jo, kad da\u017enai t\u0117vai, registruodami vaiko gimimo viet\u0105, ne\u017eino, kad j\u0105 gali rinktis pagal kelias aplinkybes: faktin\u0119 vaiko gimimo viet\u0105 (gimdymas vyko Kaune, Klaip\u0117doje ir t.t.) arba vieno i\u0161 t\u0117v\u0173 registruot\u0105 gyvenam\u0105j\u0105 viet\u0105.<\/p>\n<p>\u201eVisuomet su t\u0117veliais aptariame \u0161iuos variantus. Mano manymu, gimimo vieta tur\u0117t\u0173 b\u016bti orientuota nurodyti vaiko kilm\u0117s \u0161aknis. Jeigu vaikas gimsta \u0160ilut\u0117je gyvenan\u010diai porai, ta\u010diau d\u0117l tam tikr\u0173 aplinkybi\u0173 gimdymas vyko Kaune arba Klaip\u0117doje &#8211; miestuose, su kuriais neturima nieko bendro, kokia prasm\u0117 kur\u012f nors i\u0161 j\u0173 nurodyti kaip vaiko gimimo viet\u0105?\u201c, &#8211; pasvarstyti kviet\u0117 L.Valaitien\u0117.<\/p>\n<p><strong>Taiso vardus ir pavardes<\/strong><\/p>\n<p>Kit\u0173 rajon\u0173 civilin\u0117s metrikacijos skyriuose dirban\u010dios specialist\u0117s spaudoje yra prisipa\u017einusios, kad neretai stengiasi t\u0117vus atkalb\u0117ti duoti vaikui kad ir gra\u017e\u0173, ta\u010diau be galo populiar\u0173 ir da\u017en\u0105 vard\u0105. \u0160ilut\u0117s CMS darbuotojos, pasak ved\u0117jos, taip nesielgia, nors populiariausi\u0173 vard\u0173 \u201etop\u2019uose\u201c ne vienerius metus karaliauja Lukai, Kajai, Nojai, Matai, Benai, Urt\u0117s, Emilijos, Gabijos, Kamil\u0117s ir pana\u0161iai.<\/p>\n<p>Tiesa, keblum\u0173 d\u0117l vard\u0173, o kartais ir d\u0117l pavard\u017ei\u0173, vis d\u0117lto kyla. Juos, da\u017eniausiai ne pagal t\u0117v\u0173 norus, tenka koreguoti i\u0161duodant gimimo liudijimus ir pasus u\u017esienyje gimusiems ma\u017eyliams.<\/p>\n<p>B\u016bna, kad u\u017esienyje gyvenantys lietuviai nori, jog dukra tur\u0117t\u0173 pavard\u0119 su vyri\u0161ka gal\u016bne &#8211; kaip t\u0117tis. Kartais tokia pavard\u0117s forma ir b\u016bna u\u017era\u0161yta ant vaiko gr\u012f\u017eimo dokumento, kuris i\u0161duodamas sve\u010dioje \u0161alyje. Ta\u010diau \u010dia parvykusiems t\u0117vams tenka ai\u0161kinti, kad jeigu jie nori savo vaikui duoti lietuvi\u0161k\u0105 pas\u0105 ir gimimo liudijim\u0105, jie sudaromi pagal lietuvi\u0161k\u0173 vard\u0173 ir pavard\u017ei\u0173 sudarymo taisykles. \u201eDar n\u0117 karto mergaitei ne\u012fra\u0161\u0117m vyri\u0161kos pavard\u0117s\u201c, &#8211; sako L.Valaitien\u0117.<\/p>\n<p>CMS darbuotojos visuomet sulietuvina ir vaik\u0173 vardus. Pagal galiojan\u010dias taisykles, tiek vaiko pavard\u0117je, tiek varde negali b\u016bti lietuvi\u0161koje ab\u0117c\u0117l\u0117je nenaudojam\u0173 raid\u017ei\u0173 (pavyzd\u017eiui, x, q, w), \u0161alia viena kitos negali b\u016bti ra\u0161omos dvi vienodos priebals\u0117s, be to, vardas turi b\u016bti su linksniuojama gal\u016bne. Tod\u0117l tik\u0117tis, kad vaiko gimimo liudijime ar pase bus \u012fra\u0161yti tokie vardai kaip Alex, Kamilla ir pana\u0161iai, neverta.<\/p>\n<p>Reik\u0117t\u0173 pamin\u0117ti, kad yra ir kita u\u017esienyje gyvenan\u010di\u0173 t\u0117v\u0173 grup\u0117, kurie tik d\u017eiaugiasi, kad lietuvi\u0161kame pase yra i\u0161taisoma u\u017esienio ra\u0161yba. Tarkime, jeigu vaiko t\u0117vo pavard\u0117 yra \u0160ik\u0161nius, o i\u0161 u\u017esienio jie parsive\u017ea dokument\u0105, kuriame vaiko pavard\u0117 \u012fra\u0161yta su s raid\u0117mis, nat\u016bralu, kad t\u0117vai nori, jog ant \u0161i\u0173 raid\u017ei\u0173 b\u016bt\u0173 u\u017ed\u0117ti pauk\u0161\u010diukai.<\/p>\n<p>Neai\u0161ku, ar d\u0117l min\u0117t\u0173 vard\u0173 ra\u0161ymo ir sudarymo taisykli\u0173, ta\u010diau pasitaiko atvej\u0173, kada t\u0117vai ir tur\u0117dami galimyb\u0119, nepasinaudoja teise, kad j\u0173 vaikas tur\u0117t\u0173 du pasus. Trumpam gr\u012f\u017e\u0119 \u012f Lietuv\u0105 jie i\u0161siima tik lietuvi\u0161k\u0105 vaiko gimimo liudijim\u0105.<\/p>\n<p>\u201eJeigu vaikas turi dvi pilietybes, m\u016bs\u0173 i\u0161duotame lietuvi\u0161kame pase ir kitos \u0161alies i\u0161duotame pase duomenys gali skirtis, ta\u010diau tai n\u0117ra problema. U\u017esienio pase vaiko vardas gali b\u016bti \u012fra\u0161ytas be lietuvi\u0161k\u0173 raid\u017ei\u0173, be mums priimtinos gal\u016bn\u0117s, taip pat gali b\u016bti \u012fra\u0161yta ir vyri\u0161ka pavard\u0117 mergaitei. Ten, kur gyveni, t\u0105 pas\u0105 ir naudoji\u201c, &#8211; sak\u0117 L.Valaitien\u0117.<\/p>\n<p><strong>Vyrai renkasi ruses, baltaruses ir ukrainietes<\/strong><\/p>\n<p>Kalb\u0117dama apie augan\u010di\u0173 santuok\u0173 skai\u010di\u0173 (2011 m. j\u0173 registruota 302, 2012 m. &#8211; 332), CMS ved\u0117ja atkreip\u0117 d\u0117mes\u012f, kad did\u017eioji dalis \u0161eimin\u012f gyvenim\u0105 pradedan\u010di\u0173 por\u0173 jau b\u016bna sulauk\u0119 24-30 met\u0173 am\u017eiaus. Tad, galima sakyti, kad santuokai \u017emon\u0117s ry\u017etasi pakankamai subrend\u0119. Tuoktuvi\u0173 m\u0117nesiais galima skelbti liep\u0105 ir rugpj\u016bt\u012f: pernai per abu \u0161iuos m\u0117nesius susituok\u0117 net 139 poros.<\/p>\n<p>Nors jau kuris laikas sudaryti civilin\u0119 santuok\u0105 poros gali ne tik CMS patalpose, i\u0161va\u017eiuojamosios tuoktuv\u0117s n\u0117ra itin populiarios. \u0160tai, pavyzd\u017eiui, pernai Vent\u0117s rage ir kaimo turizmo sodybose, kuriose v\u0117liau vyko vestuvin\u0117s puotos, tuok\u0117si 4 poros. 2011 metais \u0161is skai\u010dius buvo dvigubai didesnis.<\/p>\n<p>U\u017esienyje pernai \u012fregistruotos 27 santuokos. Tradici\u0161kai lietuv\u0117s moterys da\u017eniausiai tuokiasi su Vakar\u0173 Europos valstybi\u0173 pilie\u010diais, nors yra i\u0161tek\u0117jusi\u0173 ir u\u017e amerikie\u010dio, pakistanie\u010di\u0173 ir turk\u0173. Deja, kai kurios j\u0173 jau tvarkosi ir skyryb\u0173 dokumentus.<\/p>\n<p>Lietuviai vyrai nuotakas renkasi i\u0161 ryt\u0173 kra\u0161t\u0173 &#8211; Baltarusijos, Rusijos, Ukrainos. Did\u017eioji dalis u\u017esienyje apskaityt\u0173 \u0161iluti\u0161ki\u0173 santuok\u0173 yra b\u016btent su \u0161i\u0173 \u0161ali\u0173 piliet\u0117mis. Jos po santuokos da\u017eniausiai pasilieka savo, o ne vyro pavard\u0119. Taip pat elgiasi ir vyresnio am\u017eiaus moterys, nebenorin\u010dios keisti dokument\u0173.<\/p>\n<p>Pernai savo pavard\u0119 po santuokos pasiliko 8, abi &#8211; savo ir vyro pavardes &#8211; pasirinko 15 moter\u0173. Dar 37 nuotakos rinkosi sutrumpint\u0105 vyro pavard\u0117s variant\u0105.<\/p>\n<p>Pagrindinis motyvas, renkantis sutrumpint\u0105 vyro pavard\u0119 &#8211; kad tradicin\u0117 pavard\u0117 su gal\u016bne -ien\u0117 skamba nelabai gra\u017eiai, arba moterys nenori, kad j\u0173 pavard\u0117 skamb\u0117t\u0173 taip pat kaip vyro mamos, arba atvirk\u0161\u010diai. Per metus pasitaiko keletas atvej\u0173, kai sutrumpinta gal\u016bn\u0117 u\u017era\u0161oma ir gimusioms mergait\u0117ms, ta\u010diau da\u017eniausiai \u0161iluti\u0161ki\u0173 \u0161eimos renkasi pavardes su tradicin\u0117mis gal\u016bn\u0117mis.<\/p>\n","protected":false},"excerpt":{"rendered":"<p>Tre\u010ddalis rajono naujagimi\u0173 pernai gim\u0117 emigrant\u0173 \u0161eimose Sakoma, kad vi\u0161\u010diukus reikia skai\u010diuoti ruden\u012f. Ta\u010diau \u0161i taisykl\u0117 negalioja \u0160ilut\u0117s r. savivaldyb\u0117s Civilin\u0117s metrikacijos skyriui (CMS). \u010cia statistiniai rodikliai ap\u017evelgiami kiekvien\u0105 m\u0117nes\u012f, o kiekvien\u0173 met\u0173 prad\u017eioje pateikiama lyginamoji paskutini\u0173 dvej\u0173 met\u0173 statistika. Tad kokiais gimstamumo, mirtingumo, santuok\u0173 ir i\u0161tuok\u0173 rodikliais i\u0161lyd\u0117jome 2012-uosius? Pasak CMS ved\u0117jos Lilijos VALAITIEN\u0116S, [&hellip;]<\/p>\n","protected":false},"author":1,"featured_media":0,"comment_status":"open","ping_status":"open","sticky":false,"template":"","format":"standard","meta":{"footnotes":""},"categories":[2],"tags":[],"class_list":{"0":"post-14537","1":"post","2":"type-post","3":"status-publish","4":"format-standard","6":"category-aktualijos"},"yoast_head":"<!-- This site is optimized with the Yoast SEO plugin v27.5 - https:\/\/yoast.com\/product\/yoast-seo-wordpress\/ -->\n<title>Demografin\u0119 statistik\u0105 gerina emigrantai - \u0160ilut\u0117s naujienos<\/title>\n<meta name=\"robots\" content=\"index, follow, max-snippet:-1, max-image-preview:large, max-video-preview:-1\" \/>\n<link rel=\"canonical\" href=\"https:\/\/www.silutesnaujienos.lt\/lt\/demografine-statistika-gerina-emigrantai\/\" \/>\n<meta property=\"og:locale\" content=\"lt_LT\" \/>\n<meta property=\"og:type\" content=\"article\" \/>\n<meta property=\"og:title\" content=\"Demografin\u0119 statistik\u0105 gerina emigrantai - \u0160ilut\u0117s naujienos\" \/>\n<meta property=\"og:description\" content=\"Tre\u010ddalis rajono naujagimi\u0173 pernai gim\u0117 emigrant\u0173 \u0161eimose Sakoma, kad vi\u0161\u010diukus reikia skai\u010diuoti ruden\u012f. Ta\u010diau \u0161i taisykl\u0117 negalioja \u0160ilut\u0117s r. savivaldyb\u0117s Civilin\u0117s metrikacijos skyriui (CMS). \u010cia statistiniai rodikliai ap\u017evelgiami kiekvien\u0105 m\u0117nes\u012f, o kiekvien\u0173 met\u0173 prad\u017eioje pateikiama lyginamoji paskutini\u0173 dvej\u0173 met\u0173 statistika. Tad kokiais gimstamumo, mirtingumo, santuok\u0173 ir i\u0161tuok\u0173 rodikliais i\u0161lyd\u0117jome 2012-uosius? Pasak CMS ved\u0117jos Lilijos VALAITIEN\u0116S, [&hellip;]\" \/>\n<meta property=\"og:url\" content=\"https:\/\/www.silutesnaujienos.lt\/lt\/demografine-statistika-gerina-emigrantai\/\" \/>\n<meta property=\"og:site_name\" content=\"\u0160ilut\u0117s naujienos\" \/>\n<meta property=\"article:publisher\" content=\"https:\/\/www.facebook.com\/silutes.naujienos\/\" \/>\n<meta property=\"article:published_time\" content=\"2013-01-13T13:00:00+00:00\" \/>\n<meta property=\"og:image\" content=\"\/\/silutesnaujienos.lt\/images\/stories\/2013\/01\/11\/thumbnails\/thumb_kudikiai.jpg\" \/>\n<meta name=\"author\" content=\"\u0160ilut\u0117s naujien\u0173 inf.\" \/>\n<meta name=\"twitter:card\" content=\"summary_large_image\" \/>\n<meta name=\"twitter:label1\" content=\"Written by\" \/>\n\t<meta name=\"twitter:data1\" content=\"\u0160ilut\u0117s naujien\u0173 inf.\" \/>\n\t<meta name=\"twitter:label2\" content=\"Est. reading time\" \/>\n\t<meta name=\"twitter:data2\" content=\"6 minut\u0117s\" \/>\n<script type=\"application\/ld+json\" class=\"yoast-schema-graph\">{\"@context\":\"https:\\\/\\\/schema.org\",\"@graph\":[{\"@type\":\"Article\",\"@id\":\"https:\\\/\\\/www.silutesnaujienos.lt\\\/lt\\\/demografine-statistika-gerina-emigrantai\\\/#article\",\"isPartOf\":{\"@id\":\"https:\\\/\\\/www.silutesnaujienos.lt\\\/lt\\\/demografine-statistika-gerina-emigrantai\\\/\"},\"author\":{\"name\":\"\u0160ilut\u0117s naujien\u0173 inf.\",\"@id\":\"https:\\\/\\\/www.silutesnaujienos.lt\\\/lt\\\/#\\\/schema\\\/person\\\/232f475ddd4a7b5f49b3abc788b17e83\"},\"headline\":\"Demografin\u0119 statistik\u0105 gerina emigrantai\",\"datePublished\":\"2013-01-13T13:00:00+00:00\",\"mainEntityOfPage\":{\"@id\":\"https:\\\/\\\/www.silutesnaujienos.lt\\\/lt\\\/demografine-statistika-gerina-emigrantai\\\/\"},\"wordCount\":1158,\"commentCount\":0,\"publisher\":{\"@id\":\"https:\\\/\\\/www.silutesnaujienos.lt\\\/lt\\\/#organization\"},\"articleSection\":[\"Aktualijos\"],\"inLanguage\":\"lt-LT\",\"potentialAction\":[{\"@type\":\"CommentAction\",\"name\":\"Comment\",\"target\":[\"https:\\\/\\\/www.silutesnaujienos.lt\\\/lt\\\/demografine-statistika-gerina-emigrantai\\\/#respond\"]}]},{\"@type\":\"WebPage\",\"@id\":\"https:\\\/\\\/www.silutesnaujienos.lt\\\/lt\\\/demografine-statistika-gerina-emigrantai\\\/\",\"url\":\"https:\\\/\\\/www.silutesnaujienos.lt\\\/lt\\\/demografine-statistika-gerina-emigrantai\\\/\",\"name\":\"Demografin\u0119 statistik\u0105 gerina emigrantai - \u0160ilut\u0117s naujienos\",\"isPartOf\":{\"@id\":\"https:\\\/\\\/www.silutesnaujienos.lt\\\/lt\\\/#website\"},\"datePublished\":\"2013-01-13T13:00:00+00:00\",\"breadcrumb\":{\"@id\":\"https:\\\/\\\/www.silutesnaujienos.lt\\\/lt\\\/demografine-statistika-gerina-emigrantai\\\/#breadcrumb\"},\"inLanguage\":\"lt-LT\",\"potentialAction\":[{\"@type\":\"ReadAction\",\"target\":[\"https:\\\/\\\/www.silutesnaujienos.lt\\\/lt\\\/demografine-statistika-gerina-emigrantai\\\/\"]}]},{\"@type\":\"BreadcrumbList\",\"@id\":\"https:\\\/\\\/www.silutesnaujienos.lt\\\/lt\\\/demografine-statistika-gerina-emigrantai\\\/#breadcrumb\",\"itemListElement\":[{\"@type\":\"ListItem\",\"position\":1,\"name\":\"Home\",\"item\":\"https:\\\/\\\/www.silutesnaujienos.lt\\\/lt\\\/\"},{\"@type\":\"ListItem\",\"position\":2,\"name\":\"Demografin\u0119 statistik\u0105 gerina emigrantai\"}]},{\"@type\":\"WebSite\",\"@id\":\"https:\\\/\\\/www.silutesnaujienos.lt\\\/lt\\\/#website\",\"url\":\"https:\\\/\\\/www.silutesnaujienos.lt\\\/lt\\\/\",\"name\":\"\u0160ilut\u0117s naujienos\",\"description\":\"B\u016bk ant naujien\u0173 bangos!\",\"publisher\":{\"@id\":\"https:\\\/\\\/www.silutesnaujienos.lt\\\/lt\\\/#organization\"},\"potentialAction\":[{\"@type\":\"SearchAction\",\"target\":{\"@type\":\"EntryPoint\",\"urlTemplate\":\"https:\\\/\\\/www.silutesnaujienos.lt\\\/lt\\\/?s={search_term_string}\"},\"query-input\":{\"@type\":\"PropertyValueSpecification\",\"valueRequired\":true,\"valueName\":\"search_term_string\"}}],\"inLanguage\":\"lt-LT\"},{\"@type\":\"Organization\",\"@id\":\"https:\\\/\\\/www.silutesnaujienos.lt\\\/lt\\\/#organization\",\"name\":\"\u0160ilut\u0117s naujienos\",\"url\":\"https:\\\/\\\/www.silutesnaujienos.lt\\\/lt\\\/\",\"logo\":{\"@type\":\"ImageObject\",\"inLanguage\":\"lt-LT\",\"@id\":\"https:\\\/\\\/www.silutesnaujienos.lt\\\/lt\\\/#\\\/schema\\\/logo\\\/image\\\/\",\"url\":\"https:\\\/\\\/www.silutesnaujienos.lt\\\/lt\\\/wp-content\\\/uploads\\\/2020\\\/06\\\/FB_MAIN.jpg\",\"contentUrl\":\"https:\\\/\\\/www.silutesnaujienos.lt\\\/lt\\\/wp-content\\\/uploads\\\/2020\\\/06\\\/FB_MAIN.jpg\",\"width\":1700,\"height\":956,\"caption\":\"\u0160ilut\u0117s naujienos\"},\"image\":{\"@id\":\"https:\\\/\\\/www.silutesnaujienos.lt\\\/lt\\\/#\\\/schema\\\/logo\\\/image\\\/\"},\"sameAs\":[\"https:\\\/\\\/www.facebook.com\\\/silutes.naujienos\\\/\",\"https:\\\/\\\/www.youtube.com\\\/channel\\\/UCxW-cgrJDt8GxIMxSTAfJZg\"]},{\"@type\":\"Person\",\"@id\":\"https:\\\/\\\/www.silutesnaujienos.lt\\\/lt\\\/#\\\/schema\\\/person\\\/232f475ddd4a7b5f49b3abc788b17e83\",\"name\":\"\u0160ilut\u0117s naujien\u0173 inf.\",\"image\":{\"@type\":\"ImageObject\",\"inLanguage\":\"lt-LT\",\"@id\":\"https:\\\/\\\/www.silutesnaujienos.lt\\\/lt\\\/wp-content\\\/uploads\\\/2020\\\/06\\\/favicon.png\",\"url\":\"https:\\\/\\\/www.silutesnaujienos.lt\\\/lt\\\/wp-content\\\/uploads\\\/2020\\\/06\\\/favicon.png\",\"contentUrl\":\"https:\\\/\\\/www.silutesnaujienos.lt\\\/lt\\\/wp-content\\\/uploads\\\/2020\\\/06\\\/favicon.png\",\"caption\":\"\u0160ilut\u0117s naujien\u0173 inf.\"},\"sameAs\":[\"https:\\\/\\\/www.silutesnaujienos.lt\\\/lt\"],\"url\":\"https:\\\/\\\/www.silutesnaujienos.lt\\\/lt\\\/author\\\/ruta\\\/\"}]}<\/script>\n<!-- \/ Yoast SEO plugin. -->","yoast_head_json":{"title":"Demografin\u0119 statistik\u0105 gerina emigrantai - \u0160ilut\u0117s naujienos","robots":{"index":"index","follow":"follow","max-snippet":"max-snippet:-1","max-image-preview":"max-image-preview:large","max-video-preview":"max-video-preview:-1"},"canonical":"https:\/\/www.silutesnaujienos.lt\/lt\/demografine-statistika-gerina-emigrantai\/","og_locale":"lt_LT","og_type":"article","og_title":"Demografin\u0119 statistik\u0105 gerina emigrantai - \u0160ilut\u0117s naujienos","og_description":"Tre\u010ddalis rajono naujagimi\u0173 pernai gim\u0117 emigrant\u0173 \u0161eimose Sakoma, kad vi\u0161\u010diukus reikia skai\u010diuoti ruden\u012f. Ta\u010diau \u0161i taisykl\u0117 negalioja \u0160ilut\u0117s r. savivaldyb\u0117s Civilin\u0117s metrikacijos skyriui (CMS). \u010cia statistiniai rodikliai ap\u017evelgiami kiekvien\u0105 m\u0117nes\u012f, o kiekvien\u0173 met\u0173 prad\u017eioje pateikiama lyginamoji paskutini\u0173 dvej\u0173 met\u0173 statistika. Tad kokiais gimstamumo, mirtingumo, santuok\u0173 ir i\u0161tuok\u0173 rodikliais i\u0161lyd\u0117jome 2012-uosius? Pasak CMS ved\u0117jos Lilijos VALAITIEN\u0116S, [&hellip;]","og_url":"https:\/\/www.silutesnaujienos.lt\/lt\/demografine-statistika-gerina-emigrantai\/","og_site_name":"\u0160ilut\u0117s naujienos","article_publisher":"https:\/\/www.facebook.com\/silutes.naujienos\/","article_published_time":"2013-01-13T13:00:00+00:00","og_image":[{"url":"\/\/silutesnaujienos.lt\/images\/stories\/2013\/01\/11\/thumbnails\/thumb_kudikiai.jpg","type":"","width":"","height":""}],"author":"\u0160ilut\u0117s naujien\u0173 inf.","twitter_card":"summary_large_image","twitter_misc":{"Written by":"\u0160ilut\u0117s naujien\u0173 inf.","Est. reading time":"6 minut\u0117s"},"schema":{"@context":"https:\/\/schema.org","@graph":[{"@type":"Article","@id":"https:\/\/www.silutesnaujienos.lt\/lt\/demografine-statistika-gerina-emigrantai\/#article","isPartOf":{"@id":"https:\/\/www.silutesnaujienos.lt\/lt\/demografine-statistika-gerina-emigrantai\/"},"author":{"name":"\u0160ilut\u0117s naujien\u0173 inf.","@id":"https:\/\/www.silutesnaujienos.lt\/lt\/#\/schema\/person\/232f475ddd4a7b5f49b3abc788b17e83"},"headline":"Demografin\u0119 statistik\u0105 gerina emigrantai","datePublished":"2013-01-13T13:00:00+00:00","mainEntityOfPage":{"@id":"https:\/\/www.silutesnaujienos.lt\/lt\/demografine-statistika-gerina-emigrantai\/"},"wordCount":1158,"commentCount":0,"publisher":{"@id":"https:\/\/www.silutesnaujienos.lt\/lt\/#organization"},"articleSection":["Aktualijos"],"inLanguage":"lt-LT","potentialAction":[{"@type":"CommentAction","name":"Comment","target":["https:\/\/www.silutesnaujienos.lt\/lt\/demografine-statistika-gerina-emigrantai\/#respond"]}]},{"@type":"WebPage","@id":"https:\/\/www.silutesnaujienos.lt\/lt\/demografine-statistika-gerina-emigrantai\/","url":"https:\/\/www.silutesnaujienos.lt\/lt\/demografine-statistika-gerina-emigrantai\/","name":"Demografin\u0119 statistik\u0105 gerina emigrantai - \u0160ilut\u0117s naujienos","isPartOf":{"@id":"https:\/\/www.silutesnaujienos.lt\/lt\/#website"},"datePublished":"2013-01-13T13:00:00+00:00","breadcrumb":{"@id":"https:\/\/www.silutesnaujienos.lt\/lt\/demografine-statistika-gerina-emigrantai\/#breadcrumb"},"inLanguage":"lt-LT","potentialAction":[{"@type":"ReadAction","target":["https:\/\/www.silutesnaujienos.lt\/lt\/demografine-statistika-gerina-emigrantai\/"]}]},{"@type":"BreadcrumbList","@id":"https:\/\/www.silutesnaujienos.lt\/lt\/demografine-statistika-gerina-emigrantai\/#breadcrumb","itemListElement":[{"@type":"ListItem","position":1,"name":"Home","item":"https:\/\/www.silutesnaujienos.lt\/lt\/"},{"@type":"ListItem","position":2,"name":"Demografin\u0119 statistik\u0105 gerina emigrantai"}]},{"@type":"WebSite","@id":"https:\/\/www.silutesnaujienos.lt\/lt\/#website","url":"https:\/\/www.silutesnaujienos.lt\/lt\/","name":"\u0160ilut\u0117s naujienos","description":"B\u016bk ant naujien\u0173 bangos!","publisher":{"@id":"https:\/\/www.silutesnaujienos.lt\/lt\/#organization"},"potentialAction":[{"@type":"SearchAction","target":{"@type":"EntryPoint","urlTemplate":"https:\/\/www.silutesnaujienos.lt\/lt\/?s={search_term_string}"},"query-input":{"@type":"PropertyValueSpecification","valueRequired":true,"valueName":"search_term_string"}}],"inLanguage":"lt-LT"},{"@type":"Organization","@id":"https:\/\/www.silutesnaujienos.lt\/lt\/#organization","name":"\u0160ilut\u0117s naujienos","url":"https:\/\/www.silutesnaujienos.lt\/lt\/","logo":{"@type":"ImageObject","inLanguage":"lt-LT","@id":"https:\/\/www.silutesnaujienos.lt\/lt\/#\/schema\/logo\/image\/","url":"https:\/\/www.silutesnaujienos.lt\/lt\/wp-content\/uploads\/2020\/06\/FB_MAIN.jpg","contentUrl":"https:\/\/www.silutesnaujienos.lt\/lt\/wp-content\/uploads\/2020\/06\/FB_MAIN.jpg","width":1700,"height":956,"caption":"\u0160ilut\u0117s naujienos"},"image":{"@id":"https:\/\/www.silutesnaujienos.lt\/lt\/#\/schema\/logo\/image\/"},"sameAs":["https:\/\/www.facebook.com\/silutes.naujienos\/","https:\/\/www.youtube.com\/channel\/UCxW-cgrJDt8GxIMxSTAfJZg"]},{"@type":"Person","@id":"https:\/\/www.silutesnaujienos.lt\/lt\/#\/schema\/person\/232f475ddd4a7b5f49b3abc788b17e83","name":"\u0160ilut\u0117s naujien\u0173 inf.","image":{"@type":"ImageObject","inLanguage":"lt-LT","@id":"https:\/\/www.silutesnaujienos.lt\/lt\/wp-content\/uploads\/2020\/06\/favicon.png","url":"https:\/\/www.silutesnaujienos.lt\/lt\/wp-content\/uploads\/2020\/06\/favicon.png","contentUrl":"https:\/\/www.silutesnaujienos.lt\/lt\/wp-content\/uploads\/2020\/06\/favicon.png","caption":"\u0160ilut\u0117s naujien\u0173 inf."},"sameAs":["https:\/\/www.silutesnaujienos.lt\/lt"],"url":"https:\/\/www.silutesnaujienos.lt\/lt\/author\/ruta\/"}]}},"publishpress_future_workflow_manual_trigger":{"enabledWorkflows":[]},"amp_enabled":true,"_links":{"self":[{"href":"https:\/\/www.silutesnaujienos.lt\/lt\/wp-json\/wp\/v2\/posts\/14537","targetHints":{"allow":["GET"]}}],"collection":[{"href":"https:\/\/www.silutesnaujienos.lt\/lt\/wp-json\/wp\/v2\/posts"}],"about":[{"href":"https:\/\/www.silutesnaujienos.lt\/lt\/wp-json\/wp\/v2\/types\/post"}],"author":[{"embeddable":true,"href":"https:\/\/www.silutesnaujienos.lt\/lt\/wp-json\/wp\/v2\/users\/1"}],"replies":[{"embeddable":true,"href":"https:\/\/www.silutesnaujienos.lt\/lt\/wp-json\/wp\/v2\/comments?post=14537"}],"version-history":[{"count":0,"href":"https:\/\/www.silutesnaujienos.lt\/lt\/wp-json\/wp\/v2\/posts\/14537\/revisions"}],"wp:attachment":[{"href":"https:\/\/www.silutesnaujienos.lt\/lt\/wp-json\/wp\/v2\/media?parent=14537"}],"wp:term":[{"taxonomy":"category","embeddable":true,"href":"https:\/\/www.silutesnaujienos.lt\/lt\/wp-json\/wp\/v2\/categories?post=14537"},{"taxonomy":"post_tag","embeddable":true,"href":"https:\/\/www.silutesnaujienos.lt\/lt\/wp-json\/wp\/v2\/tags?post=14537"}],"curies":[{"name":"wp","href":"https:\/\/api.w.org\/{rel}","templated":true}]}}