{"id":14540,"date":"2013-02-06T09:39:19","date_gmt":"2013-02-06T11:39:19","guid":{"rendered":"https:\/\/www.silutesnaujienos.lt\/lt\/skalunu-duju-zvalgybos-priesininkai-protestuoja-prie-seimo\/"},"modified":"2013-02-06T09:39:19","modified_gmt":"2013-02-06T11:39:19","slug":"skalunu-duju-zvalgybos-priesininkai-protestuoja-prie-seimo","status":"publish","type":"post","link":"https:\/\/www.silutesnaujienos.lt\/lt\/skalunu-duju-zvalgybos-priesininkai-protestuoja-prie-seimo\/","title":{"rendered":"Skal\u016bn\u0173 duj\u0173 \u017evalgybos prie\u0161ininkai protestuoja prie Seimo"},"content":{"rendered":"<p><a target=\"_blank\" rel=\"caption[Mitingas &quot;Ne \u2013 skal\u016bnini\u0173 duj\u0173 \u017evalgymui ir gavybai!&quot; \/ DELFI (T.Vinicko nuotr.)] noopener noreferrer\" class=\"jcepopup\" href=\"\/\/silutesnaujienos.lt\/images\/stories\/2013\/02\/05\/0002-4682435_00G70I.jpeg\" data-rel=\"lightbox-gallery-C6b1SUwp\" data-rl_title=\"\" data-rl_caption=\"\"><img loading=\"lazy\" decoding=\"async\" style=\"margin: 5px; float: left;\" class=\"caption\" title=\"\" alt=\"Mitingas &quot;Ne \u2013 skal\u016bnini\u0173 duj\u0173 \u017evalgymui ir gavybai!&quot; \/ DELFI (T.Vinicko nuotr.)\" src=\"\/\/silutesnaujienos.lt\/images\/stories\/2013\/02\/05\/thumbnails\/thumb_0002-4682435_00G70I.jpeg\" height=\"230\" width=\"307\" \/><\/a><strong>Skal\u016bn\u0173 duj\u0173 \u017evalgybos prie\u0161ininkai tre\u010diadien\u012f prie Seimo reng\u0117 akcij\u0105 &#8222;Vanduo &#8211; Lietuvos auksas. Neleiskime u\u017eter\u0161ti&#8221;. Prie protesto akcijos ragino prisijungti ir Kint\u0173 bendruomen\u0117. &#8222;Kvie\u010diame i\u0161reik\u0161ti pilietin\u0119 vali\u0105 pasakydami &#8222;Ne genocidui&#8221;. <\/strong><\/p>\n<p><strong>Tik vie\u0161umas gali sustabdyti lobist\u0173 planus Lietuv\u0105 padaryti atliek\u0173 s\u0105vartynu&#8221;, &#8211; ra\u0161oma bendruomen\u0117s prane\u0161ime. Taip pat raginama internete pasira\u0161yti peticij\u0105 prie\u0161 duj\u0173 i\u0161gavim\u0105 Lietuvoje.<\/strong><\/p>\n<p>&#8222;Taurag\u0117s, \u0160ilal\u0117s rajon\u0173 \u017emon\u0117s sukelti ant koj\u0173, nes j\u0173 gyvenimai pakibo ore, ne\u017einomyb\u0117je. Vyriausyb\u0117 sprend\u017eia j\u0173 ir visos Lietuvos likim\u0105, svarstydama, ar leisti tarptautinei energetikos bendrovei &#8222;Chevron Lietuva&#8221; \u017evalgyti ir i\u0161gauti \u0161ioje vietov\u0117je galimai esan\u010dias skal\u016bn\u0173 dujas. Mes nenorime b\u016bti lobistin\u0117s, pavojingos politikos \u012fkaitais. Neleisime nei saviems, nei svetimiems avanti\u016bristams nuodyti m\u016bs\u0173 geriamojo vandens ir m\u016bs\u0173 prot\u0117vi\u0173 krauju aplaistytos gimtosios \u017eem\u0117s&#8221;, &#8211; skelbiama protestuotoj\u0173 iniciatyvin\u0117s grup\u0117s i\u0161platintame prane\u0161ime.<\/p>\n<p>Lietuvos suinteresuot\u0173 gyventoj\u0173 bendruomeni\u0173, gamtosaugos organizacij\u0173 ir suinteresuotos visuomen\u0117s dalies atstovai, susirink\u0119 \u012f pilietin\u0119 protesto akcij\u0105, teig\u0117, jog jiems nerim\u0105 kelia tarptautiniai konkursai d\u0117l skal\u016bn\u0173 duj\u0173 \u017evalgybos ir gavybos Taurag\u0117s, \u0160ilut\u0117s, \u0160ilal\u0117s, Pag\u0117gi\u0173, Jurbarko, Kudirkos ir Kybart\u0173 teritorijose.<\/p>\n<p>Jie pasisako prie\u0161 skal\u016bnini\u0173 duj\u0173 gavybos tyrin\u0117jimus j\u0173 \u017eem\u0117se ir siekia atkreipti visuomen\u0117s ir vald\u017eios atstov\u0173 d\u0117mes\u012f \u012f \u0161\u012f klausim\u0105.<\/p>\n<p><span style=\"margin-bottom: 0cm;\">\u0160iandien Aplinkos apsaugos komitete v\u0117l prad\u0117tas svarstyti skal\u016bnini\u0173 duj\u0173 i\u0161gavimo projektas ir rengiamas balsavimas.<\/span><\/p>\n<p><strong>FAKTAI<\/strong><\/p>\n<p>\u201e2011 m. Europos Parlamento Vidaus politikos generalinio direktorato u\u017esakymu atlikta studija \u201eSkal\u016bn\u0173 duj\u0173 ir skal\u016bn\u0173 alyvos poveikis aplinkai ir \u017emoni\u0173 sveikatai\u201c faktais \u012frodo, kad skal\u016bn\u0173 duj\u0173 gavybos metu po\u017eeminis ir pavir\u0161inis vanduo yra masi\u0161kai ter\u0161iamas chemin\u0117mis med\u017eiagomis\u201c, \u2013 ra\u0161oma kreipimesi.<\/p>\n<p>Jame taip pat atkreiptas d\u0117mesys, kad skal\u016bn\u0173 duj\u0173 \u017evalgyb\u0105 yra u\u017edraudusios Pranc\u016bzija, Bulgarija, d\u0117l gyventoj\u0173 protest\u0173 \u017evalgyba nevyksta Airijoje, Austrijoje, \u010cekijoje, Olandijoje, Rumunijoje, Vokietijoje.<\/p>\n<p>Seimo Aplinkos apsaugos komiteto vadovas Algimantas Salamakinas prie\u0161 komiteto pos\u0117d\u012f BNS sak\u0117, kad balsavimui gali b\u016bti teikiami \u012fvair\u016bs variantai: nuo radikaliausio \u2013 stabdyti skal\u016bn\u0173 duj\u0173 ir naftos \u017evalgybos konkurs\u0105, iki nuosaikaus \u2013 pavesti mokslininkams per kelias savaites pateikti i\u0161vad\u0105. Dar viena i\u0161eitis, anot jo, \u2013 leisti \u0161iuo klausimu apsispr\u0119sti Seimui.<\/p>\n<p>JAV energetikos bendrov\u0117 \u201eChevron\u201c vienintel\u0117 pateik\u0117 parai\u0161k\u0105 tarptautiniam skal\u016bn\u0173 duj\u0173 bei naftos paie\u0161kos ir gavybos \u0160ilut\u0117s-Taurag\u0117s plote vakar\u0173 Lietuvoje, ta\u010diau Lietuvos Vyriausyb\u0117 sprendimo dar nepri\u0117m\u0117.<\/p>\n<p>Lietuvos mokslininkai mano, kad Lietuvoje gali b\u016bti nuo 30 iki 50 milijard\u0173 kubini\u0173 metr\u0173 i\u0161gaunam\u0173 skal\u016bn\u0173 duj\u0173. Pernai Lietuva i\u0161 Rusijos duj\u0173 koncerno \u201eGazprom\u201c importavo daugiau kaip 3 milijardus kubini\u0173 metr\u0173 duj\u0173.<\/p>\n","protected":false},"excerpt":{"rendered":"<p>Skal\u016bn\u0173 duj\u0173 \u017evalgybos prie\u0161ininkai tre\u010diadien\u012f prie Seimo reng\u0117 akcij\u0105 &#8222;Vanduo &#8211; Lietuvos auksas. Neleiskime u\u017eter\u0161ti&#8221;. Prie protesto akcijos ragino prisijungti ir Kint\u0173 bendruomen\u0117. &#8222;Kvie\u010diame i\u0161reik\u0161ti pilietin\u0119 vali\u0105 pasakydami &#8222;Ne genocidui&#8221;. Tik vie\u0161umas gali sustabdyti lobist\u0173 planus Lietuv\u0105 padaryti atliek\u0173 s\u0105vartynu&#8221;, &#8211; ra\u0161oma bendruomen\u0117s prane\u0161ime. Taip pat raginama internete pasira\u0161yti peticij\u0105 prie\u0161 duj\u0173 i\u0161gavim\u0105 Lietuvoje. &#8222;Taurag\u0117s, [&hellip;]<\/p>\n","protected":false},"author":1,"featured_media":0,"comment_status":"open","ping_status":"open","sticky":false,"template":"","format":"standard","meta":{"footnotes":""},"categories":[2],"tags":[],"class_list":{"0":"post-14540","1":"post","2":"type-post","3":"status-publish","4":"format-standard","6":"category-aktualijos"},"yoast_head":"<!-- This site is optimized with the Yoast SEO plugin v27.5 - https:\/\/yoast.com\/product\/yoast-seo-wordpress\/ -->\n<title>Skal\u016bn\u0173 duj\u0173 \u017evalgybos prie\u0161ininkai protestuoja prie Seimo - \u0160ilut\u0117s naujienos<\/title>\n<meta name=\"robots\" content=\"index, follow, max-snippet:-1, max-image-preview:large, max-video-preview:-1\" \/>\n<link rel=\"canonical\" href=\"https:\/\/www.silutesnaujienos.lt\/lt\/skalunu-duju-zvalgybos-priesininkai-protestuoja-prie-seimo\/\" \/>\n<meta property=\"og:locale\" content=\"lt_LT\" \/>\n<meta property=\"og:type\" content=\"article\" \/>\n<meta property=\"og:title\" content=\"Skal\u016bn\u0173 duj\u0173 \u017evalgybos prie\u0161ininkai protestuoja prie Seimo - \u0160ilut\u0117s naujienos\" \/>\n<meta property=\"og:description\" content=\"Skal\u016bn\u0173 duj\u0173 \u017evalgybos prie\u0161ininkai tre\u010diadien\u012f prie Seimo reng\u0117 akcij\u0105 &#8222;Vanduo &#8211; Lietuvos auksas. Neleiskime u\u017eter\u0161ti&#8221;. Prie protesto akcijos ragino prisijungti ir Kint\u0173 bendruomen\u0117. &#8222;Kvie\u010diame i\u0161reik\u0161ti pilietin\u0119 vali\u0105 pasakydami &#8222;Ne genocidui&#8221;. Tik vie\u0161umas gali sustabdyti lobist\u0173 planus Lietuv\u0105 padaryti atliek\u0173 s\u0105vartynu&#8221;, &#8211; ra\u0161oma bendruomen\u0117s prane\u0161ime. Taip pat raginama internete pasira\u0161yti peticij\u0105 prie\u0161 duj\u0173 i\u0161gavim\u0105 Lietuvoje. &#8222;Taurag\u0117s, [&hellip;]\" \/>\n<meta property=\"og:url\" content=\"https:\/\/www.silutesnaujienos.lt\/lt\/skalunu-duju-zvalgybos-priesininkai-protestuoja-prie-seimo\/\" \/>\n<meta property=\"og:site_name\" content=\"\u0160ilut\u0117s naujienos\" \/>\n<meta property=\"article:publisher\" content=\"https:\/\/www.facebook.com\/silutes.naujienos\/\" \/>\n<meta property=\"article:published_time\" content=\"2013-02-06T11:39:19+00:00\" \/>\n<meta property=\"og:image\" content=\"\/\/silutesnaujienos.lt\/images\/stories\/2013\/02\/05\/thumbnails\/thumb_0002-4682435_00G70I.jpeg\" \/>\n<meta name=\"author\" content=\"\u0160ilut\u0117s naujien\u0173 inf.\" \/>\n<meta name=\"twitter:card\" content=\"summary_large_image\" \/>\n<meta name=\"twitter:label1\" content=\"Written by\" \/>\n\t<meta name=\"twitter:data1\" content=\"\u0160ilut\u0117s naujien\u0173 inf.\" \/>\n\t<meta name=\"twitter:label2\" content=\"Est. reading time\" \/>\n\t<meta name=\"twitter:data2\" content=\"2 minut\u0117s\" \/>\n<script type=\"application\/ld+json\" class=\"yoast-schema-graph\">{\"@context\":\"https:\\\/\\\/schema.org\",\"@graph\":[{\"@type\":\"Article\",\"@id\":\"https:\\\/\\\/www.silutesnaujienos.lt\\\/lt\\\/skalunu-duju-zvalgybos-priesininkai-protestuoja-prie-seimo\\\/#article\",\"isPartOf\":{\"@id\":\"https:\\\/\\\/www.silutesnaujienos.lt\\\/lt\\\/skalunu-duju-zvalgybos-priesininkai-protestuoja-prie-seimo\\\/\"},\"author\":{\"name\":\"\u0160ilut\u0117s naujien\u0173 inf.\",\"@id\":\"https:\\\/\\\/www.silutesnaujienos.lt\\\/lt\\\/#\\\/schema\\\/person\\\/232f475ddd4a7b5f49b3abc788b17e83\"},\"headline\":\"Skal\u016bn\u0173 duj\u0173 \u017evalgybos prie\u0161ininkai protestuoja prie Seimo\",\"datePublished\":\"2013-02-06T11:39:19+00:00\",\"mainEntityOfPage\":{\"@id\":\"https:\\\/\\\/www.silutesnaujienos.lt\\\/lt\\\/skalunu-duju-zvalgybos-priesininkai-protestuoja-prie-seimo\\\/\"},\"wordCount\":450,\"commentCount\":0,\"publisher\":{\"@id\":\"https:\\\/\\\/www.silutesnaujienos.lt\\\/lt\\\/#organization\"},\"articleSection\":[\"Aktualijos\"],\"inLanguage\":\"lt-LT\",\"potentialAction\":[{\"@type\":\"CommentAction\",\"name\":\"Comment\",\"target\":[\"https:\\\/\\\/www.silutesnaujienos.lt\\\/lt\\\/skalunu-duju-zvalgybos-priesininkai-protestuoja-prie-seimo\\\/#respond\"]}]},{\"@type\":\"WebPage\",\"@id\":\"https:\\\/\\\/www.silutesnaujienos.lt\\\/lt\\\/skalunu-duju-zvalgybos-priesininkai-protestuoja-prie-seimo\\\/\",\"url\":\"https:\\\/\\\/www.silutesnaujienos.lt\\\/lt\\\/skalunu-duju-zvalgybos-priesininkai-protestuoja-prie-seimo\\\/\",\"name\":\"Skal\u016bn\u0173 duj\u0173 \u017evalgybos prie\u0161ininkai protestuoja prie Seimo - \u0160ilut\u0117s naujienos\",\"isPartOf\":{\"@id\":\"https:\\\/\\\/www.silutesnaujienos.lt\\\/lt\\\/#website\"},\"datePublished\":\"2013-02-06T11:39:19+00:00\",\"breadcrumb\":{\"@id\":\"https:\\\/\\\/www.silutesnaujienos.lt\\\/lt\\\/skalunu-duju-zvalgybos-priesininkai-protestuoja-prie-seimo\\\/#breadcrumb\"},\"inLanguage\":\"lt-LT\",\"potentialAction\":[{\"@type\":\"ReadAction\",\"target\":[\"https:\\\/\\\/www.silutesnaujienos.lt\\\/lt\\\/skalunu-duju-zvalgybos-priesininkai-protestuoja-prie-seimo\\\/\"]}]},{\"@type\":\"BreadcrumbList\",\"@id\":\"https:\\\/\\\/www.silutesnaujienos.lt\\\/lt\\\/skalunu-duju-zvalgybos-priesininkai-protestuoja-prie-seimo\\\/#breadcrumb\",\"itemListElement\":[{\"@type\":\"ListItem\",\"position\":1,\"name\":\"Home\",\"item\":\"https:\\\/\\\/www.silutesnaujienos.lt\\\/lt\\\/\"},{\"@type\":\"ListItem\",\"position\":2,\"name\":\"Skal\u016bn\u0173 duj\u0173 \u017evalgybos prie\u0161ininkai protestuoja prie Seimo\"}]},{\"@type\":\"WebSite\",\"@id\":\"https:\\\/\\\/www.silutesnaujienos.lt\\\/lt\\\/#website\",\"url\":\"https:\\\/\\\/www.silutesnaujienos.lt\\\/lt\\\/\",\"name\":\"\u0160ilut\u0117s naujienos\",\"description\":\"B\u016bk ant naujien\u0173 bangos!\",\"publisher\":{\"@id\":\"https:\\\/\\\/www.silutesnaujienos.lt\\\/lt\\\/#organization\"},\"potentialAction\":[{\"@type\":\"SearchAction\",\"target\":{\"@type\":\"EntryPoint\",\"urlTemplate\":\"https:\\\/\\\/www.silutesnaujienos.lt\\\/lt\\\/?s={search_term_string}\"},\"query-input\":{\"@type\":\"PropertyValueSpecification\",\"valueRequired\":true,\"valueName\":\"search_term_string\"}}],\"inLanguage\":\"lt-LT\"},{\"@type\":\"Organization\",\"@id\":\"https:\\\/\\\/www.silutesnaujienos.lt\\\/lt\\\/#organization\",\"name\":\"\u0160ilut\u0117s naujienos\",\"url\":\"https:\\\/\\\/www.silutesnaujienos.lt\\\/lt\\\/\",\"logo\":{\"@type\":\"ImageObject\",\"inLanguage\":\"lt-LT\",\"@id\":\"https:\\\/\\\/www.silutesnaujienos.lt\\\/lt\\\/#\\\/schema\\\/logo\\\/image\\\/\",\"url\":\"https:\\\/\\\/www.silutesnaujienos.lt\\\/lt\\\/wp-content\\\/uploads\\\/2020\\\/06\\\/FB_MAIN.jpg\",\"contentUrl\":\"https:\\\/\\\/www.silutesnaujienos.lt\\\/lt\\\/wp-content\\\/uploads\\\/2020\\\/06\\\/FB_MAIN.jpg\",\"width\":1700,\"height\":956,\"caption\":\"\u0160ilut\u0117s naujienos\"},\"image\":{\"@id\":\"https:\\\/\\\/www.silutesnaujienos.lt\\\/lt\\\/#\\\/schema\\\/logo\\\/image\\\/\"},\"sameAs\":[\"https:\\\/\\\/www.facebook.com\\\/silutes.naujienos\\\/\",\"https:\\\/\\\/www.youtube.com\\\/channel\\\/UCxW-cgrJDt8GxIMxSTAfJZg\"]},{\"@type\":\"Person\",\"@id\":\"https:\\\/\\\/www.silutesnaujienos.lt\\\/lt\\\/#\\\/schema\\\/person\\\/232f475ddd4a7b5f49b3abc788b17e83\",\"name\":\"\u0160ilut\u0117s naujien\u0173 inf.\",\"image\":{\"@type\":\"ImageObject\",\"inLanguage\":\"lt-LT\",\"@id\":\"https:\\\/\\\/www.silutesnaujienos.lt\\\/lt\\\/wp-content\\\/uploads\\\/2020\\\/06\\\/favicon.png\",\"url\":\"https:\\\/\\\/www.silutesnaujienos.lt\\\/lt\\\/wp-content\\\/uploads\\\/2020\\\/06\\\/favicon.png\",\"contentUrl\":\"https:\\\/\\\/www.silutesnaujienos.lt\\\/lt\\\/wp-content\\\/uploads\\\/2020\\\/06\\\/favicon.png\",\"caption\":\"\u0160ilut\u0117s naujien\u0173 inf.\"},\"sameAs\":[\"https:\\\/\\\/www.silutesnaujienos.lt\\\/lt\"],\"url\":\"https:\\\/\\\/www.silutesnaujienos.lt\\\/lt\\\/author\\\/ruta\\\/\"}]}<\/script>\n<!-- \/ Yoast SEO plugin. -->","yoast_head_json":{"title":"Skal\u016bn\u0173 duj\u0173 \u017evalgybos prie\u0161ininkai protestuoja prie Seimo - \u0160ilut\u0117s naujienos","robots":{"index":"index","follow":"follow","max-snippet":"max-snippet:-1","max-image-preview":"max-image-preview:large","max-video-preview":"max-video-preview:-1"},"canonical":"https:\/\/www.silutesnaujienos.lt\/lt\/skalunu-duju-zvalgybos-priesininkai-protestuoja-prie-seimo\/","og_locale":"lt_LT","og_type":"article","og_title":"Skal\u016bn\u0173 duj\u0173 \u017evalgybos prie\u0161ininkai protestuoja prie Seimo - \u0160ilut\u0117s naujienos","og_description":"Skal\u016bn\u0173 duj\u0173 \u017evalgybos prie\u0161ininkai tre\u010diadien\u012f prie Seimo reng\u0117 akcij\u0105 &#8222;Vanduo &#8211; Lietuvos auksas. Neleiskime u\u017eter\u0161ti&#8221;. Prie protesto akcijos ragino prisijungti ir Kint\u0173 bendruomen\u0117. &#8222;Kvie\u010diame i\u0161reik\u0161ti pilietin\u0119 vali\u0105 pasakydami &#8222;Ne genocidui&#8221;. Tik vie\u0161umas gali sustabdyti lobist\u0173 planus Lietuv\u0105 padaryti atliek\u0173 s\u0105vartynu&#8221;, &#8211; ra\u0161oma bendruomen\u0117s prane\u0161ime. Taip pat raginama internete pasira\u0161yti peticij\u0105 prie\u0161 duj\u0173 i\u0161gavim\u0105 Lietuvoje. &#8222;Taurag\u0117s, [&hellip;]","og_url":"https:\/\/www.silutesnaujienos.lt\/lt\/skalunu-duju-zvalgybos-priesininkai-protestuoja-prie-seimo\/","og_site_name":"\u0160ilut\u0117s naujienos","article_publisher":"https:\/\/www.facebook.com\/silutes.naujienos\/","article_published_time":"2013-02-06T11:39:19+00:00","og_image":[{"url":"\/\/silutesnaujienos.lt\/images\/stories\/2013\/02\/05\/thumbnails\/thumb_0002-4682435_00G70I.jpeg","type":"","width":"","height":""}],"author":"\u0160ilut\u0117s naujien\u0173 inf.","twitter_card":"summary_large_image","twitter_misc":{"Written by":"\u0160ilut\u0117s naujien\u0173 inf.","Est. reading time":"2 minut\u0117s"},"schema":{"@context":"https:\/\/schema.org","@graph":[{"@type":"Article","@id":"https:\/\/www.silutesnaujienos.lt\/lt\/skalunu-duju-zvalgybos-priesininkai-protestuoja-prie-seimo\/#article","isPartOf":{"@id":"https:\/\/www.silutesnaujienos.lt\/lt\/skalunu-duju-zvalgybos-priesininkai-protestuoja-prie-seimo\/"},"author":{"name":"\u0160ilut\u0117s naujien\u0173 inf.","@id":"https:\/\/www.silutesnaujienos.lt\/lt\/#\/schema\/person\/232f475ddd4a7b5f49b3abc788b17e83"},"headline":"Skal\u016bn\u0173 duj\u0173 \u017evalgybos prie\u0161ininkai protestuoja prie Seimo","datePublished":"2013-02-06T11:39:19+00:00","mainEntityOfPage":{"@id":"https:\/\/www.silutesnaujienos.lt\/lt\/skalunu-duju-zvalgybos-priesininkai-protestuoja-prie-seimo\/"},"wordCount":450,"commentCount":0,"publisher":{"@id":"https:\/\/www.silutesnaujienos.lt\/lt\/#organization"},"articleSection":["Aktualijos"],"inLanguage":"lt-LT","potentialAction":[{"@type":"CommentAction","name":"Comment","target":["https:\/\/www.silutesnaujienos.lt\/lt\/skalunu-duju-zvalgybos-priesininkai-protestuoja-prie-seimo\/#respond"]}]},{"@type":"WebPage","@id":"https:\/\/www.silutesnaujienos.lt\/lt\/skalunu-duju-zvalgybos-priesininkai-protestuoja-prie-seimo\/","url":"https:\/\/www.silutesnaujienos.lt\/lt\/skalunu-duju-zvalgybos-priesininkai-protestuoja-prie-seimo\/","name":"Skal\u016bn\u0173 duj\u0173 \u017evalgybos prie\u0161ininkai protestuoja prie Seimo - \u0160ilut\u0117s naujienos","isPartOf":{"@id":"https:\/\/www.silutesnaujienos.lt\/lt\/#website"},"datePublished":"2013-02-06T11:39:19+00:00","breadcrumb":{"@id":"https:\/\/www.silutesnaujienos.lt\/lt\/skalunu-duju-zvalgybos-priesininkai-protestuoja-prie-seimo\/#breadcrumb"},"inLanguage":"lt-LT","potentialAction":[{"@type":"ReadAction","target":["https:\/\/www.silutesnaujienos.lt\/lt\/skalunu-duju-zvalgybos-priesininkai-protestuoja-prie-seimo\/"]}]},{"@type":"BreadcrumbList","@id":"https:\/\/www.silutesnaujienos.lt\/lt\/skalunu-duju-zvalgybos-priesininkai-protestuoja-prie-seimo\/#breadcrumb","itemListElement":[{"@type":"ListItem","position":1,"name":"Home","item":"https:\/\/www.silutesnaujienos.lt\/lt\/"},{"@type":"ListItem","position":2,"name":"Skal\u016bn\u0173 duj\u0173 \u017evalgybos prie\u0161ininkai protestuoja prie Seimo"}]},{"@type":"WebSite","@id":"https:\/\/www.silutesnaujienos.lt\/lt\/#website","url":"https:\/\/www.silutesnaujienos.lt\/lt\/","name":"\u0160ilut\u0117s naujienos","description":"B\u016bk ant naujien\u0173 bangos!","publisher":{"@id":"https:\/\/www.silutesnaujienos.lt\/lt\/#organization"},"potentialAction":[{"@type":"SearchAction","target":{"@type":"EntryPoint","urlTemplate":"https:\/\/www.silutesnaujienos.lt\/lt\/?s={search_term_string}"},"query-input":{"@type":"PropertyValueSpecification","valueRequired":true,"valueName":"search_term_string"}}],"inLanguage":"lt-LT"},{"@type":"Organization","@id":"https:\/\/www.silutesnaujienos.lt\/lt\/#organization","name":"\u0160ilut\u0117s naujienos","url":"https:\/\/www.silutesnaujienos.lt\/lt\/","logo":{"@type":"ImageObject","inLanguage":"lt-LT","@id":"https:\/\/www.silutesnaujienos.lt\/lt\/#\/schema\/logo\/image\/","url":"https:\/\/www.silutesnaujienos.lt\/lt\/wp-content\/uploads\/2020\/06\/FB_MAIN.jpg","contentUrl":"https:\/\/www.silutesnaujienos.lt\/lt\/wp-content\/uploads\/2020\/06\/FB_MAIN.jpg","width":1700,"height":956,"caption":"\u0160ilut\u0117s naujienos"},"image":{"@id":"https:\/\/www.silutesnaujienos.lt\/lt\/#\/schema\/logo\/image\/"},"sameAs":["https:\/\/www.facebook.com\/silutes.naujienos\/","https:\/\/www.youtube.com\/channel\/UCxW-cgrJDt8GxIMxSTAfJZg"]},{"@type":"Person","@id":"https:\/\/www.silutesnaujienos.lt\/lt\/#\/schema\/person\/232f475ddd4a7b5f49b3abc788b17e83","name":"\u0160ilut\u0117s naujien\u0173 inf.","image":{"@type":"ImageObject","inLanguage":"lt-LT","@id":"https:\/\/www.silutesnaujienos.lt\/lt\/wp-content\/uploads\/2020\/06\/favicon.png","url":"https:\/\/www.silutesnaujienos.lt\/lt\/wp-content\/uploads\/2020\/06\/favicon.png","contentUrl":"https:\/\/www.silutesnaujienos.lt\/lt\/wp-content\/uploads\/2020\/06\/favicon.png","caption":"\u0160ilut\u0117s naujien\u0173 inf."},"sameAs":["https:\/\/www.silutesnaujienos.lt\/lt"],"url":"https:\/\/www.silutesnaujienos.lt\/lt\/author\/ruta\/"}]}},"publishpress_future_workflow_manual_trigger":{"enabledWorkflows":[]},"amp_enabled":true,"_links":{"self":[{"href":"https:\/\/www.silutesnaujienos.lt\/lt\/wp-json\/wp\/v2\/posts\/14540","targetHints":{"allow":["GET"]}}],"collection":[{"href":"https:\/\/www.silutesnaujienos.lt\/lt\/wp-json\/wp\/v2\/posts"}],"about":[{"href":"https:\/\/www.silutesnaujienos.lt\/lt\/wp-json\/wp\/v2\/types\/post"}],"author":[{"embeddable":true,"href":"https:\/\/www.silutesnaujienos.lt\/lt\/wp-json\/wp\/v2\/users\/1"}],"replies":[{"embeddable":true,"href":"https:\/\/www.silutesnaujienos.lt\/lt\/wp-json\/wp\/v2\/comments?post=14540"}],"version-history":[{"count":0,"href":"https:\/\/www.silutesnaujienos.lt\/lt\/wp-json\/wp\/v2\/posts\/14540\/revisions"}],"wp:attachment":[{"href":"https:\/\/www.silutesnaujienos.lt\/lt\/wp-json\/wp\/v2\/media?parent=14540"}],"wp:term":[{"taxonomy":"category","embeddable":true,"href":"https:\/\/www.silutesnaujienos.lt\/lt\/wp-json\/wp\/v2\/categories?post=14540"},{"taxonomy":"post_tag","embeddable":true,"href":"https:\/\/www.silutesnaujienos.lt\/lt\/wp-json\/wp\/v2\/tags?post=14540"}],"curies":[{"name":"wp","href":"https:\/\/api.w.org\/{rel}","templated":true}]}}