{"id":14542,"date":"2013-02-15T06:07:26","date_gmt":"2013-02-15T08:07:26","guid":{"rendered":"https:\/\/www.silutesnaujienos.lt\/lt\/prezidente-ragina-isradingai-svesti-vasario-16-aja\/"},"modified":"2013-02-15T06:07:26","modified_gmt":"2013-02-15T08:07:26","slug":"prezidente-ragina-isradingai-svesti-vasario-16-aja","status":"publish","type":"post","link":"https:\/\/www.silutesnaujienos.lt\/lt\/prezidente-ragina-isradingai-svesti-vasario-16-aja\/","title":{"rendered":"Prezident\u0117 ragina i\u0161radingai \u0161v\u0119sti Vasario 16-\u0105j\u0105"},"content":{"rendered":"<p><a target=\"_blank\" rel=\"caption[Preziden\u0117 skatina originaliai pamin\u0117ti Vasario 16-\u0105j\u0105. \/ \u00a9 silutesnaujienos.lt] noopener noreferrer\" class=\"jcepopup\" href=\"\/\/silutesnaujienos.lt\/images\/stories\/2013\/02\/12\/miesto_bibliotekoje_1.jpg\" data-rel=\"lightbox-gallery-nUva8IxJ\" data-rl_title=\"\" data-rl_caption=\"\"><img loading=\"lazy\" decoding=\"async\" style=\"margin: 5px; float: left;\" class=\"caption\" title=\"\" alt=\"miesto bibliotekoje 1\" src=\"\/\/silutesnaujienos.lt\/images\/stories\/2013\/02\/12\/thumbnails\/thumb_miesto_bibliotekoje_1.jpg\" height=\"230\" width=\"307\" \/><\/a><strong>Art\u0117jant Valstyb\u0117s atk\u016brimo dienai, Lietuvos Respublikos Prezident\u0117 Dalia Grybauskait\u0117 ragina \u0161alies gyventojus i\u0161radingai \u0161v\u0119sti Vasario 16-\u0105j\u0105.<\/strong><\/p>\n<p>Lietuvai minint 95-\u0105sias Valstyb\u0117s atk\u016brimo metines, valstyb\u0117s vadov\u0117 kvie\u010dia \u0161alies bendruomenes pasidalyti id\u0117jomis, kaip bus \u0161ven\u010diama Vasario 16-oji j\u0173 kra\u0161te, ir visiems drauge sudaryti visos Lietuvos \u0161ventini\u0173 rengini\u0173 kalendori\u0173. Originaliausiai \u0161ven\u010diantiems Vasario 16-\u0105j\u0105 Prezident\u0117 padovanos Lietuvos trispalv\u0119.<\/p>\n<p>Informacij\u0105 apie savo sumanym\u0105 i\u0161radingai \u0161v\u0119sti Valstyb\u0117s atk\u016brimo dien\u0105 atsi\u0173skite adresu <a href=\"mailto:vasario16@lrp.lt.\">vasario16@lrp.lt.<\/a> Visi \u0161ventiniai renginiai bus paskelbti ir nuolat atnaujinami Prezident\u016bros svetain\u0117je www.lrp.lt.<\/p>\n<p>\u201eVasario 16-oji &#8211; kiekvienam lietuviui ypatinga diena. Tai &#8211; m\u016bs\u0173 Valstyb\u0117s gimtadienis. Kai negal\u0117jome \u0161v\u0119sti jo laisvai, \u0161irdyje saugojome savo trispalv\u0119. \u0160iandien ji gali laisvai plazd\u0117ti kiekvieno lietuvio namuose. Paverskime Vasario 16-\u0105j\u0105 meil\u0117s T\u0117vynei ir m\u016bs\u0173 vienyb\u0117s diena&#8221;, &#8211; kvie\u010dia \u0161alies vadov\u0117.<\/p>\n<p>Pasak Prezident\u0117s, kasmet \u0161alies gyventojai savo Valstyb\u0117s gimtadien\u012f pamini vis originaliau. Pernai Kaune vir\u0161 Nemuno buvo skraidinama trispalv\u0117, Prienuose i\u0161austa tautin\u0117 juosta, \u0160iauli\u0173 autobusuose miesto aktoriai skait\u0117 lietuvi\u0161k\u0105 poezij\u0105, gyva \u017emoni\u0173 grandine penkiolikoje miest\u0173 nuskamb\u0117jo \u017eodis \u201eLietuva&#8221;.<\/p>\n","protected":false},"excerpt":{"rendered":"<p>Art\u0117jant Valstyb\u0117s atk\u016brimo dienai, Lietuvos Respublikos Prezident\u0117 Dalia Grybauskait\u0117 ragina \u0161alies gyventojus i\u0161radingai \u0161v\u0119sti Vasario 16-\u0105j\u0105. Lietuvai minint 95-\u0105sias Valstyb\u0117s atk\u016brimo metines, valstyb\u0117s vadov\u0117 kvie\u010dia \u0161alies bendruomenes pasidalyti id\u0117jomis, kaip bus \u0161ven\u010diama Vasario 16-oji j\u0173 kra\u0161te, ir visiems drauge sudaryti visos Lietuvos \u0161ventini\u0173 rengini\u0173 kalendori\u0173. Originaliausiai \u0161ven\u010diantiems Vasario 16-\u0105j\u0105 Prezident\u0117 padovanos Lietuvos trispalv\u0119. Informacij\u0105 apie [&hellip;]<\/p>\n","protected":false},"author":1,"featured_media":0,"comment_status":"open","ping_status":"open","sticky":false,"template":"","format":"standard","meta":{"footnotes":""},"categories":[2],"tags":[],"class_list":{"0":"post-14542","1":"post","2":"type-post","3":"status-publish","4":"format-standard","6":"category-aktualijos"},"yoast_head":"<!-- This site is optimized with the Yoast SEO plugin v27.5 - https:\/\/yoast.com\/product\/yoast-seo-wordpress\/ -->\n<title>Prezident\u0117 ragina i\u0161radingai \u0161v\u0119sti Vasario 16-\u0105j\u0105 - \u0160ilut\u0117s naujienos<\/title>\n<meta name=\"robots\" content=\"index, follow, max-snippet:-1, max-image-preview:large, max-video-preview:-1\" \/>\n<link rel=\"canonical\" href=\"https:\/\/www.silutesnaujienos.lt\/lt\/prezidente-ragina-isradingai-svesti-vasario-16-aja\/\" \/>\n<meta property=\"og:locale\" content=\"lt_LT\" \/>\n<meta property=\"og:type\" content=\"article\" \/>\n<meta property=\"og:title\" content=\"Prezident\u0117 ragina i\u0161radingai \u0161v\u0119sti Vasario 16-\u0105j\u0105 - \u0160ilut\u0117s naujienos\" \/>\n<meta property=\"og:description\" content=\"Art\u0117jant Valstyb\u0117s atk\u016brimo dienai, Lietuvos Respublikos Prezident\u0117 Dalia Grybauskait\u0117 ragina \u0161alies gyventojus i\u0161radingai \u0161v\u0119sti Vasario 16-\u0105j\u0105. Lietuvai minint 95-\u0105sias Valstyb\u0117s atk\u016brimo metines, valstyb\u0117s vadov\u0117 kvie\u010dia \u0161alies bendruomenes pasidalyti id\u0117jomis, kaip bus \u0161ven\u010diama Vasario 16-oji j\u0173 kra\u0161te, ir visiems drauge sudaryti visos Lietuvos \u0161ventini\u0173 rengini\u0173 kalendori\u0173. Originaliausiai \u0161ven\u010diantiems Vasario 16-\u0105j\u0105 Prezident\u0117 padovanos Lietuvos trispalv\u0119. Informacij\u0105 apie [&hellip;]\" \/>\n<meta property=\"og:url\" content=\"https:\/\/www.silutesnaujienos.lt\/lt\/prezidente-ragina-isradingai-svesti-vasario-16-aja\/\" \/>\n<meta property=\"og:site_name\" content=\"\u0160ilut\u0117s naujienos\" \/>\n<meta property=\"article:publisher\" content=\"https:\/\/www.facebook.com\/silutes.naujienos\/\" \/>\n<meta property=\"article:published_time\" content=\"2013-02-15T08:07:26+00:00\" \/>\n<meta property=\"og:image\" content=\"\/\/silutesnaujienos.lt\/images\/stories\/2013\/02\/12\/thumbnails\/thumb_miesto_bibliotekoje_1.jpg\" \/>\n<meta name=\"author\" content=\"\u0160ilut\u0117s naujien\u0173 inf.\" \/>\n<meta name=\"twitter:card\" content=\"summary_large_image\" \/>\n<meta name=\"twitter:label1\" content=\"Written by\" \/>\n\t<meta name=\"twitter:data1\" content=\"\u0160ilut\u0117s naujien\u0173 inf.\" \/>\n\t<meta name=\"twitter:label2\" content=\"Est. reading time\" \/>\n\t<meta name=\"twitter:data2\" content=\"1 minut\u0117\" \/>\n<script type=\"application\/ld+json\" class=\"yoast-schema-graph\">{\"@context\":\"https:\\\/\\\/schema.org\",\"@graph\":[{\"@type\":\"Article\",\"@id\":\"https:\\\/\\\/www.silutesnaujienos.lt\\\/lt\\\/prezidente-ragina-isradingai-svesti-vasario-16-aja\\\/#article\",\"isPartOf\":{\"@id\":\"https:\\\/\\\/www.silutesnaujienos.lt\\\/lt\\\/prezidente-ragina-isradingai-svesti-vasario-16-aja\\\/\"},\"author\":{\"name\":\"\u0160ilut\u0117s naujien\u0173 inf.\",\"@id\":\"https:\\\/\\\/www.silutesnaujienos.lt\\\/lt\\\/#\\\/schema\\\/person\\\/232f475ddd4a7b5f49b3abc788b17e83\"},\"headline\":\"Prezident\u0117 ragina i\u0161radingai \u0161v\u0119sti Vasario 16-\u0105j\u0105\",\"datePublished\":\"2013-02-15T08:07:26+00:00\",\"mainEntityOfPage\":{\"@id\":\"https:\\\/\\\/www.silutesnaujienos.lt\\\/lt\\\/prezidente-ragina-isradingai-svesti-vasario-16-aja\\\/\"},\"wordCount\":207,\"commentCount\":0,\"publisher\":{\"@id\":\"https:\\\/\\\/www.silutesnaujienos.lt\\\/lt\\\/#organization\"},\"articleSection\":[\"Aktualijos\"],\"inLanguage\":\"lt-LT\",\"potentialAction\":[{\"@type\":\"CommentAction\",\"name\":\"Comment\",\"target\":[\"https:\\\/\\\/www.silutesnaujienos.lt\\\/lt\\\/prezidente-ragina-isradingai-svesti-vasario-16-aja\\\/#respond\"]}]},{\"@type\":\"WebPage\",\"@id\":\"https:\\\/\\\/www.silutesnaujienos.lt\\\/lt\\\/prezidente-ragina-isradingai-svesti-vasario-16-aja\\\/\",\"url\":\"https:\\\/\\\/www.silutesnaujienos.lt\\\/lt\\\/prezidente-ragina-isradingai-svesti-vasario-16-aja\\\/\",\"name\":\"Prezident\u0117 ragina i\u0161radingai \u0161v\u0119sti Vasario 16-\u0105j\u0105 - \u0160ilut\u0117s naujienos\",\"isPartOf\":{\"@id\":\"https:\\\/\\\/www.silutesnaujienos.lt\\\/lt\\\/#website\"},\"datePublished\":\"2013-02-15T08:07:26+00:00\",\"breadcrumb\":{\"@id\":\"https:\\\/\\\/www.silutesnaujienos.lt\\\/lt\\\/prezidente-ragina-isradingai-svesti-vasario-16-aja\\\/#breadcrumb\"},\"inLanguage\":\"lt-LT\",\"potentialAction\":[{\"@type\":\"ReadAction\",\"target\":[\"https:\\\/\\\/www.silutesnaujienos.lt\\\/lt\\\/prezidente-ragina-isradingai-svesti-vasario-16-aja\\\/\"]}]},{\"@type\":\"BreadcrumbList\",\"@id\":\"https:\\\/\\\/www.silutesnaujienos.lt\\\/lt\\\/prezidente-ragina-isradingai-svesti-vasario-16-aja\\\/#breadcrumb\",\"itemListElement\":[{\"@type\":\"ListItem\",\"position\":1,\"name\":\"Home\",\"item\":\"https:\\\/\\\/www.silutesnaujienos.lt\\\/lt\\\/\"},{\"@type\":\"ListItem\",\"position\":2,\"name\":\"Prezident\u0117 ragina i\u0161radingai \u0161v\u0119sti Vasario 16-\u0105j\u0105\"}]},{\"@type\":\"WebSite\",\"@id\":\"https:\\\/\\\/www.silutesnaujienos.lt\\\/lt\\\/#website\",\"url\":\"https:\\\/\\\/www.silutesnaujienos.lt\\\/lt\\\/\",\"name\":\"\u0160ilut\u0117s naujienos\",\"description\":\"B\u016bk ant naujien\u0173 bangos!\",\"publisher\":{\"@id\":\"https:\\\/\\\/www.silutesnaujienos.lt\\\/lt\\\/#organization\"},\"potentialAction\":[{\"@type\":\"SearchAction\",\"target\":{\"@type\":\"EntryPoint\",\"urlTemplate\":\"https:\\\/\\\/www.silutesnaujienos.lt\\\/lt\\\/?s={search_term_string}\"},\"query-input\":{\"@type\":\"PropertyValueSpecification\",\"valueRequired\":true,\"valueName\":\"search_term_string\"}}],\"inLanguage\":\"lt-LT\"},{\"@type\":\"Organization\",\"@id\":\"https:\\\/\\\/www.silutesnaujienos.lt\\\/lt\\\/#organization\",\"name\":\"\u0160ilut\u0117s naujienos\",\"url\":\"https:\\\/\\\/www.silutesnaujienos.lt\\\/lt\\\/\",\"logo\":{\"@type\":\"ImageObject\",\"inLanguage\":\"lt-LT\",\"@id\":\"https:\\\/\\\/www.silutesnaujienos.lt\\\/lt\\\/#\\\/schema\\\/logo\\\/image\\\/\",\"url\":\"https:\\\/\\\/www.silutesnaujienos.lt\\\/lt\\\/wp-content\\\/uploads\\\/2020\\\/06\\\/FB_MAIN.jpg\",\"contentUrl\":\"https:\\\/\\\/www.silutesnaujienos.lt\\\/lt\\\/wp-content\\\/uploads\\\/2020\\\/06\\\/FB_MAIN.jpg\",\"width\":1700,\"height\":956,\"caption\":\"\u0160ilut\u0117s naujienos\"},\"image\":{\"@id\":\"https:\\\/\\\/www.silutesnaujienos.lt\\\/lt\\\/#\\\/schema\\\/logo\\\/image\\\/\"},\"sameAs\":[\"https:\\\/\\\/www.facebook.com\\\/silutes.naujienos\\\/\",\"https:\\\/\\\/www.youtube.com\\\/channel\\\/UCxW-cgrJDt8GxIMxSTAfJZg\"]},{\"@type\":\"Person\",\"@id\":\"https:\\\/\\\/www.silutesnaujienos.lt\\\/lt\\\/#\\\/schema\\\/person\\\/232f475ddd4a7b5f49b3abc788b17e83\",\"name\":\"\u0160ilut\u0117s naujien\u0173 inf.\",\"image\":{\"@type\":\"ImageObject\",\"inLanguage\":\"lt-LT\",\"@id\":\"https:\\\/\\\/www.silutesnaujienos.lt\\\/lt\\\/wp-content\\\/uploads\\\/2020\\\/06\\\/favicon.png\",\"url\":\"https:\\\/\\\/www.silutesnaujienos.lt\\\/lt\\\/wp-content\\\/uploads\\\/2020\\\/06\\\/favicon.png\",\"contentUrl\":\"https:\\\/\\\/www.silutesnaujienos.lt\\\/lt\\\/wp-content\\\/uploads\\\/2020\\\/06\\\/favicon.png\",\"caption\":\"\u0160ilut\u0117s naujien\u0173 inf.\"},\"sameAs\":[\"https:\\\/\\\/www.silutesnaujienos.lt\\\/lt\"],\"url\":\"https:\\\/\\\/www.silutesnaujienos.lt\\\/lt\\\/author\\\/ruta\\\/\"}]}<\/script>\n<!-- \/ Yoast SEO plugin. -->","yoast_head_json":{"title":"Prezident\u0117 ragina i\u0161radingai \u0161v\u0119sti Vasario 16-\u0105j\u0105 - \u0160ilut\u0117s naujienos","robots":{"index":"index","follow":"follow","max-snippet":"max-snippet:-1","max-image-preview":"max-image-preview:large","max-video-preview":"max-video-preview:-1"},"canonical":"https:\/\/www.silutesnaujienos.lt\/lt\/prezidente-ragina-isradingai-svesti-vasario-16-aja\/","og_locale":"lt_LT","og_type":"article","og_title":"Prezident\u0117 ragina i\u0161radingai \u0161v\u0119sti Vasario 16-\u0105j\u0105 - \u0160ilut\u0117s naujienos","og_description":"Art\u0117jant Valstyb\u0117s atk\u016brimo dienai, Lietuvos Respublikos Prezident\u0117 Dalia Grybauskait\u0117 ragina \u0161alies gyventojus i\u0161radingai \u0161v\u0119sti Vasario 16-\u0105j\u0105. Lietuvai minint 95-\u0105sias Valstyb\u0117s atk\u016brimo metines, valstyb\u0117s vadov\u0117 kvie\u010dia \u0161alies bendruomenes pasidalyti id\u0117jomis, kaip bus \u0161ven\u010diama Vasario 16-oji j\u0173 kra\u0161te, ir visiems drauge sudaryti visos Lietuvos \u0161ventini\u0173 rengini\u0173 kalendori\u0173. Originaliausiai \u0161ven\u010diantiems Vasario 16-\u0105j\u0105 Prezident\u0117 padovanos Lietuvos trispalv\u0119. Informacij\u0105 apie [&hellip;]","og_url":"https:\/\/www.silutesnaujienos.lt\/lt\/prezidente-ragina-isradingai-svesti-vasario-16-aja\/","og_site_name":"\u0160ilut\u0117s naujienos","article_publisher":"https:\/\/www.facebook.com\/silutes.naujienos\/","article_published_time":"2013-02-15T08:07:26+00:00","og_image":[{"url":"\/\/silutesnaujienos.lt\/images\/stories\/2013\/02\/12\/thumbnails\/thumb_miesto_bibliotekoje_1.jpg","type":"","width":"","height":""}],"author":"\u0160ilut\u0117s naujien\u0173 inf.","twitter_card":"summary_large_image","twitter_misc":{"Written by":"\u0160ilut\u0117s naujien\u0173 inf.","Est. reading time":"1 minut\u0117"},"schema":{"@context":"https:\/\/schema.org","@graph":[{"@type":"Article","@id":"https:\/\/www.silutesnaujienos.lt\/lt\/prezidente-ragina-isradingai-svesti-vasario-16-aja\/#article","isPartOf":{"@id":"https:\/\/www.silutesnaujienos.lt\/lt\/prezidente-ragina-isradingai-svesti-vasario-16-aja\/"},"author":{"name":"\u0160ilut\u0117s naujien\u0173 inf.","@id":"https:\/\/www.silutesnaujienos.lt\/lt\/#\/schema\/person\/232f475ddd4a7b5f49b3abc788b17e83"},"headline":"Prezident\u0117 ragina i\u0161radingai \u0161v\u0119sti Vasario 16-\u0105j\u0105","datePublished":"2013-02-15T08:07:26+00:00","mainEntityOfPage":{"@id":"https:\/\/www.silutesnaujienos.lt\/lt\/prezidente-ragina-isradingai-svesti-vasario-16-aja\/"},"wordCount":207,"commentCount":0,"publisher":{"@id":"https:\/\/www.silutesnaujienos.lt\/lt\/#organization"},"articleSection":["Aktualijos"],"inLanguage":"lt-LT","potentialAction":[{"@type":"CommentAction","name":"Comment","target":["https:\/\/www.silutesnaujienos.lt\/lt\/prezidente-ragina-isradingai-svesti-vasario-16-aja\/#respond"]}]},{"@type":"WebPage","@id":"https:\/\/www.silutesnaujienos.lt\/lt\/prezidente-ragina-isradingai-svesti-vasario-16-aja\/","url":"https:\/\/www.silutesnaujienos.lt\/lt\/prezidente-ragina-isradingai-svesti-vasario-16-aja\/","name":"Prezident\u0117 ragina i\u0161radingai \u0161v\u0119sti Vasario 16-\u0105j\u0105 - \u0160ilut\u0117s naujienos","isPartOf":{"@id":"https:\/\/www.silutesnaujienos.lt\/lt\/#website"},"datePublished":"2013-02-15T08:07:26+00:00","breadcrumb":{"@id":"https:\/\/www.silutesnaujienos.lt\/lt\/prezidente-ragina-isradingai-svesti-vasario-16-aja\/#breadcrumb"},"inLanguage":"lt-LT","potentialAction":[{"@type":"ReadAction","target":["https:\/\/www.silutesnaujienos.lt\/lt\/prezidente-ragina-isradingai-svesti-vasario-16-aja\/"]}]},{"@type":"BreadcrumbList","@id":"https:\/\/www.silutesnaujienos.lt\/lt\/prezidente-ragina-isradingai-svesti-vasario-16-aja\/#breadcrumb","itemListElement":[{"@type":"ListItem","position":1,"name":"Home","item":"https:\/\/www.silutesnaujienos.lt\/lt\/"},{"@type":"ListItem","position":2,"name":"Prezident\u0117 ragina i\u0161radingai \u0161v\u0119sti Vasario 16-\u0105j\u0105"}]},{"@type":"WebSite","@id":"https:\/\/www.silutesnaujienos.lt\/lt\/#website","url":"https:\/\/www.silutesnaujienos.lt\/lt\/","name":"\u0160ilut\u0117s naujienos","description":"B\u016bk ant naujien\u0173 bangos!","publisher":{"@id":"https:\/\/www.silutesnaujienos.lt\/lt\/#organization"},"potentialAction":[{"@type":"SearchAction","target":{"@type":"EntryPoint","urlTemplate":"https:\/\/www.silutesnaujienos.lt\/lt\/?s={search_term_string}"},"query-input":{"@type":"PropertyValueSpecification","valueRequired":true,"valueName":"search_term_string"}}],"inLanguage":"lt-LT"},{"@type":"Organization","@id":"https:\/\/www.silutesnaujienos.lt\/lt\/#organization","name":"\u0160ilut\u0117s naujienos","url":"https:\/\/www.silutesnaujienos.lt\/lt\/","logo":{"@type":"ImageObject","inLanguage":"lt-LT","@id":"https:\/\/www.silutesnaujienos.lt\/lt\/#\/schema\/logo\/image\/","url":"https:\/\/www.silutesnaujienos.lt\/lt\/wp-content\/uploads\/2020\/06\/FB_MAIN.jpg","contentUrl":"https:\/\/www.silutesnaujienos.lt\/lt\/wp-content\/uploads\/2020\/06\/FB_MAIN.jpg","width":1700,"height":956,"caption":"\u0160ilut\u0117s naujienos"},"image":{"@id":"https:\/\/www.silutesnaujienos.lt\/lt\/#\/schema\/logo\/image\/"},"sameAs":["https:\/\/www.facebook.com\/silutes.naujienos\/","https:\/\/www.youtube.com\/channel\/UCxW-cgrJDt8GxIMxSTAfJZg"]},{"@type":"Person","@id":"https:\/\/www.silutesnaujienos.lt\/lt\/#\/schema\/person\/232f475ddd4a7b5f49b3abc788b17e83","name":"\u0160ilut\u0117s naujien\u0173 inf.","image":{"@type":"ImageObject","inLanguage":"lt-LT","@id":"https:\/\/www.silutesnaujienos.lt\/lt\/wp-content\/uploads\/2020\/06\/favicon.png","url":"https:\/\/www.silutesnaujienos.lt\/lt\/wp-content\/uploads\/2020\/06\/favicon.png","contentUrl":"https:\/\/www.silutesnaujienos.lt\/lt\/wp-content\/uploads\/2020\/06\/favicon.png","caption":"\u0160ilut\u0117s naujien\u0173 inf."},"sameAs":["https:\/\/www.silutesnaujienos.lt\/lt"],"url":"https:\/\/www.silutesnaujienos.lt\/lt\/author\/ruta\/"}]}},"publishpress_future_workflow_manual_trigger":{"enabledWorkflows":[]},"amp_enabled":true,"_links":{"self":[{"href":"https:\/\/www.silutesnaujienos.lt\/lt\/wp-json\/wp\/v2\/posts\/14542","targetHints":{"allow":["GET"]}}],"collection":[{"href":"https:\/\/www.silutesnaujienos.lt\/lt\/wp-json\/wp\/v2\/posts"}],"about":[{"href":"https:\/\/www.silutesnaujienos.lt\/lt\/wp-json\/wp\/v2\/types\/post"}],"author":[{"embeddable":true,"href":"https:\/\/www.silutesnaujienos.lt\/lt\/wp-json\/wp\/v2\/users\/1"}],"replies":[{"embeddable":true,"href":"https:\/\/www.silutesnaujienos.lt\/lt\/wp-json\/wp\/v2\/comments?post=14542"}],"version-history":[{"count":0,"href":"https:\/\/www.silutesnaujienos.lt\/lt\/wp-json\/wp\/v2\/posts\/14542\/revisions"}],"wp:attachment":[{"href":"https:\/\/www.silutesnaujienos.lt\/lt\/wp-json\/wp\/v2\/media?parent=14542"}],"wp:term":[{"taxonomy":"category","embeddable":true,"href":"https:\/\/www.silutesnaujienos.lt\/lt\/wp-json\/wp\/v2\/categories?post=14542"},{"taxonomy":"post_tag","embeddable":true,"href":"https:\/\/www.silutesnaujienos.lt\/lt\/wp-json\/wp\/v2\/tags?post=14542"}],"curies":[{"name":"wp","href":"https:\/\/api.w.org\/{rel}","templated":true}]}}