{"id":14544,"date":"2013-02-28T18:00:00","date_gmt":"2013-02-28T20:00:00","guid":{"rendered":"https:\/\/www.silutesnaujienos.lt\/lt\/ar-komendanto-valanda-privers-tevus-rupintis-vaikais\/"},"modified":"2013-02-28T18:00:00","modified_gmt":"2013-02-28T20:00:00","slug":"ar-komendanto-valanda-privers-tevus-rupintis-vaikais","status":"publish","type":"post","link":"https:\/\/www.silutesnaujienos.lt\/lt\/ar-komendanto-valanda-privers-tevus-rupintis-vaikais\/","title":{"rendered":"Ar \u201ekomendanto valanda\u201c privers t\u0117vus r\u016bpintis vaikais?"},"content":{"rendered":"<p><a target=\"_blank\" rel=\"title[statics.photodom.com nuotr.] noopener noreferrer\" class=\"jcepopup\" href=\"\/\/silutesnaujienos.lt\/images\/stories\/2013\/02\/26\/statics-photodom-com.jpg\" data-rel=\"lightbox-gallery-6A1gFZnZ\" data-rl_title=\"\" data-rl_caption=\"\"><img loading=\"lazy\" decoding=\"async\" style=\"margin: 5px; float: left;\" class=\"caption\" title=\"\" alt=\"statics-photodom-com\" src=\"\/\/silutesnaujienos.lt\/images\/stories\/2013\/02\/26\/thumbnails\/thumb_statics-photodom-com.jpg\" height=\"230\" width=\"307\" \/><\/a><strong>\u017diniasklaidoje skelbiama, kad Vaiko teisi\u0173 apsaugos pagrind\u0173 \u012fstatymo patais\u0173 projekte si\u016bloma \u012fvesti vadinam\u0105j\u0105 komendanto ar \u0161eimos valand\u0105 nepilname\u010diams visoje Lietuvoje.<\/strong><\/p>\n<p><strong>Jei si\u016blymas bus patvirtintas, 16 met\u0173 nesulauk\u0119s vaikas negal\u0117s lankytis vie\u0161osiose vietose be t\u0117v\u0173 ar kito pilname\u010dio asmens nuo 22 valandos (vasar\u0105 &#8211; nuo 23 val.) iki 6 valandos ryto.<\/strong><\/p>\n<p><strong>Ar pad\u0117s \u0161i kontrol\u0117 suma\u017einti paaugli\u0173 nusikalstamum\u0105, ar pad\u0117s nuo smurto, \u017ealing\u0173 \u012fpro\u010di\u0173 apsaugoti pa\u010dius vaikus?<\/strong><\/p>\n<p><strong>Vaikas nakt\u012f turi b\u016bti namie<\/strong><\/p>\n<p>\u0160iuo metu Lietuvoje n\u0117ra nustatyta, nuo kada iki kada nepilnametis vie\u0161umoje negali b\u016bti vienas.<\/p>\n<p>Socialin\u0117s apsaugos ir darbo ministerijos parengtame Vaiko teisi\u0173 apsaugos pagrind\u0173 \u012fstatymo patais\u0173 projekte si\u016bloma kontroliuoti nepilname\u010di\u0173 buvim\u0105 naktimis vie\u0161osiose vietose. Taip siekiama u\u017etikrinti vaik\u0173 saugum\u0105, \u012fpareigoti t\u0117vus labiau r\u016bpintis savo vaikais bei suma\u017einti nepilname\u010di\u0173 nusikalstamum\u0105.<\/p>\n<p>\u0160iame \u012fstatymo projekte prie vaiko pareig\u0173 \u012fra\u0161yta ir dar viena &#8211; nesilankyti vie\u0161ose vietose po 22 valandos (vasar\u0105 po 23 val.) be t\u0117v\u0173 ar kito pilname\u010dio asmens.<\/p>\n<p>\u012estatymas taip pat nustato ir t\u0117v\u0173 pareigas &#8211; auginti, aukl\u0117ti ir pri\u017ei\u016br\u0117ti, o dabar dar ir u\u017etikrinti, kad 16 met\u0173 nesulauk\u0119s vaikas nakt\u012f neb\u016bt\u0173 vie\u0161ose vietose be suaugusi\u0173j\u0173.<\/p>\n<p>Manoma, kad taip bus galima ne tik apsaugoti vaikus nuo neigiamos socialin\u0117s aplinkos, bet ir teigiamai paveikti rengini\u0173 organizavimo praktik\u0105, pvz., miest\u0173 gimtadieni\u0173 \u0161ventes, poilsio vakarus ir pan.<\/p>\n<p><strong>Vertinimai &#8211; nevienareik\u0161miai<\/strong><\/p>\n<p>Anot vaiko teisi\u0173 apsaugos kontrolieriaus vyresniosios patar\u0117jos Audron\u0117s Bedorf, visuomen\u0117je kylan\u010dios diskusijos d\u0117l nepilname\u010di\u0173 kontrol\u0117s \u012fvedimo parodo, kad \u0161i iniciatyva vertinama nevienareik\u0161miai.<\/p>\n<p>Pagrindiniai \u201e\u0161eimos valandos\u201c \u012fvedimo tikslai (t\u0117v\u0173 ar glob\u0117j\u0173 atsakomyb\u0117s u\u017e vaik\u0105 stiprinimas, vaiko apsaugojimas nuo neigiamos socialin\u0117s aplinkos, nusikalstamumo ma\u017einimas ir pan.) vertinami teigiamai.<\/p>\n<p>Ta\u010diau, tik patvirtinus ir \u012fsigaliojus draudimui, neb\u016bt\u0173 pasiekti norimi rezultatai. Reikia nuspr\u0119sti, k\u0105 daryti su gatv\u0117je nakt\u012f sutiktais vaikais: ar juos parve\u017eti namo, ar bausti, ar pristatyti \u012f prie\u017ei\u016bros \u012fstaigas.<\/p>\n<p>Svarstoma, jog kontrol\u0117 b\u016bt\u0173 \u012fvesta ne tam, kad b\u016bt\u0173 baud\u017eiami vaikai ar j\u0173 nepri\u017ei\u016brintys t\u0117vai, ta\u010diau b\u016bt\u0173 siekiama saugoti nepilname\u010dius, esan\u010dius be suaugusi\u0173j\u0173 prie\u017ei\u016bros vie\u0161ose vietose tamsiu paros metu. Pareig\u016bnai tur\u0117t\u0173 i\u0161siai\u0161kinti prie\u017eastis, d\u0117l kuri\u0173 \u0161ie vaikai n\u0117ra namuose (pavyzd\u017eiui, nesaugios gyvenimo s\u0105lygos, smurtas, neprie\u017ei\u016bra ir pan.), ir, jei reikt\u0173, garantuoti vaikui bei jo \u0161eimai reikaling\u0105 pagalb\u0105, kuri suteikt\u0173 vaikui galimyb\u0119 saugiai ir sveikai gyventi.<\/p>\n<p>Jaunimo naktinei kontrolei reik\u0117s ir papildom\u0173 l\u0117\u0161\u0173.<\/p>\n<p><strong>Id\u0117ja brandinama nuo 2004 m.<\/strong><\/p>\n<p>Vaik\u0173 buvimo vie\u0161osiose vietose be suaugusi\u0173j\u0173 prie\u017ei\u016bros tamsiu paros metu kontrol\u0117s id\u0117ja n\u0117ra nauja, ta\u010diau d\u0117l nuomoni\u0173 i\u0161siskyrimo nebuvo priimtas galutinis sprendimas. Tod\u0117l dabar \u0161io klausimo svarstymas atnaujintas.<\/p>\n<p>Vaiko teisi\u0173 apsaugos kontrolieriaus \u012fstaigos duomenimis, tokio ribojimo klausimas buvo svarstomas dar 2004 metais. <\/p>\n<p>\u012estatymas tur\u0117jo sudaryti s\u0105lygas apsaugoti nepilname\u010dius nuo neigiamos socialin\u0117s \u012ftakos, i\u0161spr\u0119sti vie\u0161\u0173j\u0173 viet\u0173 lankymo problemas, skatinti t\u0117vus, glob\u0117jus ir kitus vaiko atstovus labiau r\u016bpintis vaikais. Ta\u010diau parengtas \u012fstatymo projektas liko nesvarstytas.<\/p>\n<p>Teisingumo ministerijos duomenimis, 2004 metais penkiolikos savivaldybi\u0173 institucijos kontroliavo vaik\u0173 buvim\u0105 vie\u0161osiose vietose tamsiu paros metu, o 2005 metais &#8211; dvide\u0161imties savivaldybi\u0173 institucijos.<\/p>\n<p>Vaiko teisi\u0173 apsaugos kontrolieriaus \u012fstaiga pakartotinai nerinko ir tod\u0117l negali pateikti&nbsp; duomen\u0173 apie tai, kiek savivaldybi\u0173 \u0161iuo metu riboja vien\u0173, be prie\u017ei\u016bros palikt\u0173 vaik\u0173 buvim\u0105 vie\u0161osiose vietose tamsiu paros metu.<\/p>\n<p><strong>Nusikaltim\u0173 tur\u0117t\u0173 ma\u017e\u0117ti<\/strong><\/p>\n<p>\u0160ilut\u0117s rajono policijos komisariato vir\u0161ininkas Sigitas Mikutavi\u010dius pritaria, kad negalima numoti ranka \u012f nepilname\u010dius gatv\u0117je nakties metu &#8211; turi b\u016bti kontrol\u0117. Ta\u010diau \u201ekomendanto valanda\u201c gal b\u016bt\u0173 per grie\u017etas \u012fstatymas, nes reik\u0117t\u0173 atsi\u017evelgti \u012f aplinkybes, kod\u0117l nepilnametis nakt\u012f yra gatv\u0117je, o ne namuose, reguliuoti vaik\u0173 veikl\u0105, laisvalaik\u012f.<\/p>\n<p>\u201eTai labiau ne policijos, o \u0161eimos r\u016bpestis\u201c, &#8211; mano S.Mikutavi\u010dius.<\/p>\n<p>M\u016bs\u0173 rajone kasmet u\u017eregistruojama apie 80 nusikalstam\u0173 veik\u0173 ir apie 65 nusikaltimus, kuriuos padaro nepilname\u010diai. Taigi statisti\u0161kai nepilname\u010diai nusikalsta kas antr\u0105 &#8211; tre\u010di\u0105 par\u0105.<\/p>\n<p>Pavyzd\u017eiui, 2012 metais nepilname\u010di\u0173 nusikalstam\u0173 veik\u0173 buvo 69, nusikaltim\u0173 &#8211; 64, o prie\u0161 ketverius metus &#8211; 2009-aisiais &#8211; toki\u0173 nusikalstam\u0173 veik\u0173 buvo 106, nusikaltim\u0173 &#8211; 89.<\/p>\n<p>Vir\u0161ininkas sako, kad negalima dr\u0105siai teigti, jog naktin\u0117 kontrol\u0117 suma\u017eins nepilname\u010di\u0173 nusikalstamum\u0105, nes b\u016bna atvej\u0173, kad ir 16-17 valand\u0105 sulaikomi nusikaltimus darantys ar jau padar\u0119 nepilname\u010diai.<\/p>\n<p>Ir dabar v\u0117lai sutik\u0119 nepilname\u010dius gatv\u0117je, pareig\u016bnai stengiasi reaguoti visais atvejais. Net jei pa\u017eeidim\u0173 nepastebi, vaik\u0105 pakalbina, apklausia ir, jei reikia, pristato t\u0117vams.<\/p>\n<p>Taurag\u0117s apskrities vyriausiojo policijos komisariato atstov\u0117 spaudai Simona \u0160niauk\u0161tait\u0117 sak\u0117, kad naktimis u\u017efiksuojama nema\u017eai nepilname\u010di\u0173, padariusi\u0173 pa\u017eeidimus, neretai peraugan\u010dius \u012f nusikaltimus.<\/p>\n<p>Vykdydami prevencines priemones pareig\u016bnai stebi vie\u0161\u0105sias vietas, kur da\u017eniausiai renkasi jaunimas. Nema\u017eai jose aptinkama ir nepilname\u010di\u0173. Neretai jie, apsvaig\u0119 nuo alkoholio, padaro nusikaltimus.<\/p>\n<p>\u0160tai, pavyzd\u017eiui, \u0161iais metais, paliktas be prie\u017ei\u016bros nepilnametis (t\u0117vai i\u0161va\u017eiavo \u012f u\u017esien\u012f) tamsiu paros metu i\u0161dau\u017e\u0117 parduotuv\u0117s lang\u0105. U\u017e tok\u012f jo elges\u012f tur\u0117s atsakyti t\u0117vai. Tikimasi, kad \u201ekomendanto valanda\u201c privers t\u0117vus susim\u0105styti prie\u0161 paliekant savo vaik\u0105 be prie\u017ei\u016bros.<\/p>\n<p>Tod\u0117l S.\u0160niauk\u0161tait\u0117 mano, kad jei tokia nepilname\u010di\u0173 kontrol\u0117 b\u016bt\u0173 patvirtinta, nusikaltim\u0173 skai\u010dius suma\u017e\u0117t\u0173.<\/p>\n<p><strong>Kas i\u0161mokys b\u016bti tikrais t\u0117vais?<\/strong><\/p>\n<p>\u0160ilut\u0117s vaiko teisi\u0173 apsaugos skyriaus ved\u0117ja Indra Pranaitien\u0117 apgailestauja, kad visuomen\u0117 n\u0117ra tiek brandi ir be \u012fstatymo nesupranta, kad vaikais, j\u0173 saugumu, prie\u017ei\u016bra reikia r\u016bpintis i\u0161skirtinai.<\/p>\n<p>Atrodyt\u0173 ir taip ai\u0161ku, kad de\u0161imtme\u010diai ar keturiolikme\u010diai netur\u0117t\u0173 vieni b\u016bti vie\u0161ose vietose po 22 ar 23 valandos. U\u017e tai atsakingi pirmiausia vaik\u0173 t\u0117vai (glob\u0117jai), \u012ft\u0117viai. Neai\u0161ku, kiek \u012fstatymo pataisos d\u0117l \u201e\u0161eimos valandos\u201c \u012fvedimo pakeis reali\u0105 situacij\u0105.<\/p>\n<p>\u201eAr mes \u012ftikinsime vaiko \u012fstatyminius atstovus tinkamai r\u016bpintis vaikais tik bausdami juos. Did\u017eioji dalis t\u0117v\u0173 ir glob\u0117j\u0173 tinkamai r\u016bpinasi savo vaikais, o darbo praktika rodo, kad t\u0117vams, kuriems taikoma administracin\u0117 atsakomyb\u0117 d\u0117l t\u0117v\u0173 vald\u017eios ne\u012fgyvendinimo ar civilin\u0117 atsakomyb\u0117 d\u0117l t\u0117v\u0173 vald\u017eios ribojimo, ir toliau nesir\u016bpina vaikais\u201c, &#8211; sako I.Pranaitien\u0117.<\/p>\n<p>Pasak ved\u0117jos, jei min\u0117to \u012fstatymo pataisos bent truput\u0117l\u012f prisid\u0117s prie vaik\u0173 gerov\u0117s, tai sveikintinas dalykas. Ta\u010diau nereikia pamir\u0161ti, kad \u012fstatymas bus geras tik tada, jei jo \u012fgyvendinimui bus tinkamai pasiruo\u0161ta.<\/p>\n","protected":false},"excerpt":{"rendered":"<p>\u017diniasklaidoje skelbiama, kad Vaiko teisi\u0173 apsaugos pagrind\u0173 \u012fstatymo patais\u0173 projekte si\u016bloma \u012fvesti vadinam\u0105j\u0105 komendanto ar \u0161eimos valand\u0105 nepilname\u010diams visoje Lietuvoje. Jei si\u016blymas bus patvirtintas, 16 met\u0173 nesulauk\u0119s vaikas negal\u0117s lankytis vie\u0161osiose vietose be t\u0117v\u0173 ar kito pilname\u010dio asmens nuo 22 valandos (vasar\u0105 &#8211; nuo 23 val.) iki 6 valandos ryto. Ar pad\u0117s \u0161i kontrol\u0117 suma\u017einti [&hellip;]<\/p>\n","protected":false},"author":1,"featured_media":0,"comment_status":"open","ping_status":"open","sticky":false,"template":"","format":"standard","meta":{"footnotes":""},"categories":[2],"tags":[],"class_list":{"0":"post-14544","1":"post","2":"type-post","3":"status-publish","4":"format-standard","6":"category-aktualijos"},"yoast_head":"<!-- This site is optimized with the Yoast SEO plugin v27.5 - https:\/\/yoast.com\/product\/yoast-seo-wordpress\/ -->\n<title>Ar \u201ekomendanto valanda\u201c privers t\u0117vus r\u016bpintis vaikais? - \u0160ilut\u0117s naujienos<\/title>\n<meta name=\"robots\" content=\"index, follow, max-snippet:-1, max-image-preview:large, max-video-preview:-1\" \/>\n<link rel=\"canonical\" href=\"https:\/\/www.silutesnaujienos.lt\/lt\/ar-komendanto-valanda-privers-tevus-rupintis-vaikais\/\" \/>\n<meta property=\"og:locale\" content=\"lt_LT\" \/>\n<meta property=\"og:type\" content=\"article\" \/>\n<meta property=\"og:title\" content=\"Ar \u201ekomendanto valanda\u201c privers t\u0117vus r\u016bpintis vaikais? - \u0160ilut\u0117s naujienos\" \/>\n<meta property=\"og:description\" content=\"\u017diniasklaidoje skelbiama, kad Vaiko teisi\u0173 apsaugos pagrind\u0173 \u012fstatymo patais\u0173 projekte si\u016bloma \u012fvesti vadinam\u0105j\u0105 komendanto ar \u0161eimos valand\u0105 nepilname\u010diams visoje Lietuvoje. Jei si\u016blymas bus patvirtintas, 16 met\u0173 nesulauk\u0119s vaikas negal\u0117s lankytis vie\u0161osiose vietose be t\u0117v\u0173 ar kito pilname\u010dio asmens nuo 22 valandos (vasar\u0105 &#8211; nuo 23 val.) iki 6 valandos ryto. Ar pad\u0117s \u0161i kontrol\u0117 suma\u017einti [&hellip;]\" \/>\n<meta property=\"og:url\" content=\"https:\/\/www.silutesnaujienos.lt\/lt\/ar-komendanto-valanda-privers-tevus-rupintis-vaikais\/\" \/>\n<meta property=\"og:site_name\" content=\"\u0160ilut\u0117s naujienos\" \/>\n<meta property=\"article:publisher\" content=\"https:\/\/www.facebook.com\/silutes.naujienos\/\" \/>\n<meta property=\"article:published_time\" content=\"2013-02-28T20:00:00+00:00\" \/>\n<meta property=\"og:image\" content=\"\/\/silutesnaujienos.lt\/images\/stories\/2013\/02\/26\/thumbnails\/thumb_statics-photodom-com.jpg\" \/>\n<meta name=\"author\" content=\"\u0160ilut\u0117s naujien\u0173 inf.\" \/>\n<meta name=\"twitter:card\" content=\"summary_large_image\" \/>\n<meta name=\"twitter:label1\" content=\"Written by\" \/>\n\t<meta name=\"twitter:data1\" content=\"\u0160ilut\u0117s naujien\u0173 inf.\" \/>\n\t<meta name=\"twitter:label2\" content=\"Est. reading time\" \/>\n\t<meta name=\"twitter:data2\" content=\"5 minut\u0117s\" \/>\n<script type=\"application\/ld+json\" class=\"yoast-schema-graph\">{\"@context\":\"https:\\\/\\\/schema.org\",\"@graph\":[{\"@type\":\"Article\",\"@id\":\"https:\\\/\\\/www.silutesnaujienos.lt\\\/lt\\\/ar-komendanto-valanda-privers-tevus-rupintis-vaikais\\\/#article\",\"isPartOf\":{\"@id\":\"https:\\\/\\\/www.silutesnaujienos.lt\\\/lt\\\/ar-komendanto-valanda-privers-tevus-rupintis-vaikais\\\/\"},\"author\":{\"name\":\"\u0160ilut\u0117s naujien\u0173 inf.\",\"@id\":\"https:\\\/\\\/www.silutesnaujienos.lt\\\/lt\\\/#\\\/schema\\\/person\\\/232f475ddd4a7b5f49b3abc788b17e83\"},\"headline\":\"Ar \u201ekomendanto valanda\u201c privers t\u0117vus r\u016bpintis vaikais?\",\"datePublished\":\"2013-02-28T20:00:00+00:00\",\"mainEntityOfPage\":{\"@id\":\"https:\\\/\\\/www.silutesnaujienos.lt\\\/lt\\\/ar-komendanto-valanda-privers-tevus-rupintis-vaikais\\\/\"},\"wordCount\":1105,\"commentCount\":0,\"publisher\":{\"@id\":\"https:\\\/\\\/www.silutesnaujienos.lt\\\/lt\\\/#organization\"},\"articleSection\":[\"Aktualijos\"],\"inLanguage\":\"lt-LT\",\"potentialAction\":[{\"@type\":\"CommentAction\",\"name\":\"Comment\",\"target\":[\"https:\\\/\\\/www.silutesnaujienos.lt\\\/lt\\\/ar-komendanto-valanda-privers-tevus-rupintis-vaikais\\\/#respond\"]}]},{\"@type\":\"WebPage\",\"@id\":\"https:\\\/\\\/www.silutesnaujienos.lt\\\/lt\\\/ar-komendanto-valanda-privers-tevus-rupintis-vaikais\\\/\",\"url\":\"https:\\\/\\\/www.silutesnaujienos.lt\\\/lt\\\/ar-komendanto-valanda-privers-tevus-rupintis-vaikais\\\/\",\"name\":\"Ar \u201ekomendanto valanda\u201c privers t\u0117vus r\u016bpintis vaikais? - \u0160ilut\u0117s naujienos\",\"isPartOf\":{\"@id\":\"https:\\\/\\\/www.silutesnaujienos.lt\\\/lt\\\/#website\"},\"datePublished\":\"2013-02-28T20:00:00+00:00\",\"breadcrumb\":{\"@id\":\"https:\\\/\\\/www.silutesnaujienos.lt\\\/lt\\\/ar-komendanto-valanda-privers-tevus-rupintis-vaikais\\\/#breadcrumb\"},\"inLanguage\":\"lt-LT\",\"potentialAction\":[{\"@type\":\"ReadAction\",\"target\":[\"https:\\\/\\\/www.silutesnaujienos.lt\\\/lt\\\/ar-komendanto-valanda-privers-tevus-rupintis-vaikais\\\/\"]}]},{\"@type\":\"BreadcrumbList\",\"@id\":\"https:\\\/\\\/www.silutesnaujienos.lt\\\/lt\\\/ar-komendanto-valanda-privers-tevus-rupintis-vaikais\\\/#breadcrumb\",\"itemListElement\":[{\"@type\":\"ListItem\",\"position\":1,\"name\":\"Home\",\"item\":\"https:\\\/\\\/www.silutesnaujienos.lt\\\/lt\\\/\"},{\"@type\":\"ListItem\",\"position\":2,\"name\":\"Ar \u201ekomendanto valanda\u201c privers t\u0117vus r\u016bpintis vaikais?\"}]},{\"@type\":\"WebSite\",\"@id\":\"https:\\\/\\\/www.silutesnaujienos.lt\\\/lt\\\/#website\",\"url\":\"https:\\\/\\\/www.silutesnaujienos.lt\\\/lt\\\/\",\"name\":\"\u0160ilut\u0117s naujienos\",\"description\":\"B\u016bk ant naujien\u0173 bangos!\",\"publisher\":{\"@id\":\"https:\\\/\\\/www.silutesnaujienos.lt\\\/lt\\\/#organization\"},\"potentialAction\":[{\"@type\":\"SearchAction\",\"target\":{\"@type\":\"EntryPoint\",\"urlTemplate\":\"https:\\\/\\\/www.silutesnaujienos.lt\\\/lt\\\/?s={search_term_string}\"},\"query-input\":{\"@type\":\"PropertyValueSpecification\",\"valueRequired\":true,\"valueName\":\"search_term_string\"}}],\"inLanguage\":\"lt-LT\"},{\"@type\":\"Organization\",\"@id\":\"https:\\\/\\\/www.silutesnaujienos.lt\\\/lt\\\/#organization\",\"name\":\"\u0160ilut\u0117s naujienos\",\"url\":\"https:\\\/\\\/www.silutesnaujienos.lt\\\/lt\\\/\",\"logo\":{\"@type\":\"ImageObject\",\"inLanguage\":\"lt-LT\",\"@id\":\"https:\\\/\\\/www.silutesnaujienos.lt\\\/lt\\\/#\\\/schema\\\/logo\\\/image\\\/\",\"url\":\"https:\\\/\\\/www.silutesnaujienos.lt\\\/lt\\\/wp-content\\\/uploads\\\/2020\\\/06\\\/FB_MAIN.jpg\",\"contentUrl\":\"https:\\\/\\\/www.silutesnaujienos.lt\\\/lt\\\/wp-content\\\/uploads\\\/2020\\\/06\\\/FB_MAIN.jpg\",\"width\":1700,\"height\":956,\"caption\":\"\u0160ilut\u0117s naujienos\"},\"image\":{\"@id\":\"https:\\\/\\\/www.silutesnaujienos.lt\\\/lt\\\/#\\\/schema\\\/logo\\\/image\\\/\"},\"sameAs\":[\"https:\\\/\\\/www.facebook.com\\\/silutes.naujienos\\\/\",\"https:\\\/\\\/www.youtube.com\\\/channel\\\/UCxW-cgrJDt8GxIMxSTAfJZg\"]},{\"@type\":\"Person\",\"@id\":\"https:\\\/\\\/www.silutesnaujienos.lt\\\/lt\\\/#\\\/schema\\\/person\\\/232f475ddd4a7b5f49b3abc788b17e83\",\"name\":\"\u0160ilut\u0117s naujien\u0173 inf.\",\"image\":{\"@type\":\"ImageObject\",\"inLanguage\":\"lt-LT\",\"@id\":\"https:\\\/\\\/www.silutesnaujienos.lt\\\/lt\\\/wp-content\\\/uploads\\\/2020\\\/06\\\/favicon.png\",\"url\":\"https:\\\/\\\/www.silutesnaujienos.lt\\\/lt\\\/wp-content\\\/uploads\\\/2020\\\/06\\\/favicon.png\",\"contentUrl\":\"https:\\\/\\\/www.silutesnaujienos.lt\\\/lt\\\/wp-content\\\/uploads\\\/2020\\\/06\\\/favicon.png\",\"caption\":\"\u0160ilut\u0117s naujien\u0173 inf.\"},\"sameAs\":[\"https:\\\/\\\/www.silutesnaujienos.lt\\\/lt\"],\"url\":\"https:\\\/\\\/www.silutesnaujienos.lt\\\/lt\\\/author\\\/ruta\\\/\"}]}<\/script>\n<!-- \/ Yoast SEO plugin. -->","yoast_head_json":{"title":"Ar \u201ekomendanto valanda\u201c privers t\u0117vus r\u016bpintis vaikais? - \u0160ilut\u0117s naujienos","robots":{"index":"index","follow":"follow","max-snippet":"max-snippet:-1","max-image-preview":"max-image-preview:large","max-video-preview":"max-video-preview:-1"},"canonical":"https:\/\/www.silutesnaujienos.lt\/lt\/ar-komendanto-valanda-privers-tevus-rupintis-vaikais\/","og_locale":"lt_LT","og_type":"article","og_title":"Ar \u201ekomendanto valanda\u201c privers t\u0117vus r\u016bpintis vaikais? - \u0160ilut\u0117s naujienos","og_description":"\u017diniasklaidoje skelbiama, kad Vaiko teisi\u0173 apsaugos pagrind\u0173 \u012fstatymo patais\u0173 projekte si\u016bloma \u012fvesti vadinam\u0105j\u0105 komendanto ar \u0161eimos valand\u0105 nepilname\u010diams visoje Lietuvoje. Jei si\u016blymas bus patvirtintas, 16 met\u0173 nesulauk\u0119s vaikas negal\u0117s lankytis vie\u0161osiose vietose be t\u0117v\u0173 ar kito pilname\u010dio asmens nuo 22 valandos (vasar\u0105 &#8211; nuo 23 val.) iki 6 valandos ryto. Ar pad\u0117s \u0161i kontrol\u0117 suma\u017einti [&hellip;]","og_url":"https:\/\/www.silutesnaujienos.lt\/lt\/ar-komendanto-valanda-privers-tevus-rupintis-vaikais\/","og_site_name":"\u0160ilut\u0117s naujienos","article_publisher":"https:\/\/www.facebook.com\/silutes.naujienos\/","article_published_time":"2013-02-28T20:00:00+00:00","og_image":[{"url":"\/\/silutesnaujienos.lt\/images\/stories\/2013\/02\/26\/thumbnails\/thumb_statics-photodom-com.jpg","type":"","width":"","height":""}],"author":"\u0160ilut\u0117s naujien\u0173 inf.","twitter_card":"summary_large_image","twitter_misc":{"Written by":"\u0160ilut\u0117s naujien\u0173 inf.","Est. reading time":"5 minut\u0117s"},"schema":{"@context":"https:\/\/schema.org","@graph":[{"@type":"Article","@id":"https:\/\/www.silutesnaujienos.lt\/lt\/ar-komendanto-valanda-privers-tevus-rupintis-vaikais\/#article","isPartOf":{"@id":"https:\/\/www.silutesnaujienos.lt\/lt\/ar-komendanto-valanda-privers-tevus-rupintis-vaikais\/"},"author":{"name":"\u0160ilut\u0117s naujien\u0173 inf.","@id":"https:\/\/www.silutesnaujienos.lt\/lt\/#\/schema\/person\/232f475ddd4a7b5f49b3abc788b17e83"},"headline":"Ar \u201ekomendanto valanda\u201c privers t\u0117vus r\u016bpintis vaikais?","datePublished":"2013-02-28T20:00:00+00:00","mainEntityOfPage":{"@id":"https:\/\/www.silutesnaujienos.lt\/lt\/ar-komendanto-valanda-privers-tevus-rupintis-vaikais\/"},"wordCount":1105,"commentCount":0,"publisher":{"@id":"https:\/\/www.silutesnaujienos.lt\/lt\/#organization"},"articleSection":["Aktualijos"],"inLanguage":"lt-LT","potentialAction":[{"@type":"CommentAction","name":"Comment","target":["https:\/\/www.silutesnaujienos.lt\/lt\/ar-komendanto-valanda-privers-tevus-rupintis-vaikais\/#respond"]}]},{"@type":"WebPage","@id":"https:\/\/www.silutesnaujienos.lt\/lt\/ar-komendanto-valanda-privers-tevus-rupintis-vaikais\/","url":"https:\/\/www.silutesnaujienos.lt\/lt\/ar-komendanto-valanda-privers-tevus-rupintis-vaikais\/","name":"Ar \u201ekomendanto valanda\u201c privers t\u0117vus r\u016bpintis vaikais? - \u0160ilut\u0117s naujienos","isPartOf":{"@id":"https:\/\/www.silutesnaujienos.lt\/lt\/#website"},"datePublished":"2013-02-28T20:00:00+00:00","breadcrumb":{"@id":"https:\/\/www.silutesnaujienos.lt\/lt\/ar-komendanto-valanda-privers-tevus-rupintis-vaikais\/#breadcrumb"},"inLanguage":"lt-LT","potentialAction":[{"@type":"ReadAction","target":["https:\/\/www.silutesnaujienos.lt\/lt\/ar-komendanto-valanda-privers-tevus-rupintis-vaikais\/"]}]},{"@type":"BreadcrumbList","@id":"https:\/\/www.silutesnaujienos.lt\/lt\/ar-komendanto-valanda-privers-tevus-rupintis-vaikais\/#breadcrumb","itemListElement":[{"@type":"ListItem","position":1,"name":"Home","item":"https:\/\/www.silutesnaujienos.lt\/lt\/"},{"@type":"ListItem","position":2,"name":"Ar \u201ekomendanto valanda\u201c privers t\u0117vus r\u016bpintis vaikais?"}]},{"@type":"WebSite","@id":"https:\/\/www.silutesnaujienos.lt\/lt\/#website","url":"https:\/\/www.silutesnaujienos.lt\/lt\/","name":"\u0160ilut\u0117s naujienos","description":"B\u016bk ant naujien\u0173 bangos!","publisher":{"@id":"https:\/\/www.silutesnaujienos.lt\/lt\/#organization"},"potentialAction":[{"@type":"SearchAction","target":{"@type":"EntryPoint","urlTemplate":"https:\/\/www.silutesnaujienos.lt\/lt\/?s={search_term_string}"},"query-input":{"@type":"PropertyValueSpecification","valueRequired":true,"valueName":"search_term_string"}}],"inLanguage":"lt-LT"},{"@type":"Organization","@id":"https:\/\/www.silutesnaujienos.lt\/lt\/#organization","name":"\u0160ilut\u0117s naujienos","url":"https:\/\/www.silutesnaujienos.lt\/lt\/","logo":{"@type":"ImageObject","inLanguage":"lt-LT","@id":"https:\/\/www.silutesnaujienos.lt\/lt\/#\/schema\/logo\/image\/","url":"https:\/\/www.silutesnaujienos.lt\/lt\/wp-content\/uploads\/2020\/06\/FB_MAIN.jpg","contentUrl":"https:\/\/www.silutesnaujienos.lt\/lt\/wp-content\/uploads\/2020\/06\/FB_MAIN.jpg","width":1700,"height":956,"caption":"\u0160ilut\u0117s naujienos"},"image":{"@id":"https:\/\/www.silutesnaujienos.lt\/lt\/#\/schema\/logo\/image\/"},"sameAs":["https:\/\/www.facebook.com\/silutes.naujienos\/","https:\/\/www.youtube.com\/channel\/UCxW-cgrJDt8GxIMxSTAfJZg"]},{"@type":"Person","@id":"https:\/\/www.silutesnaujienos.lt\/lt\/#\/schema\/person\/232f475ddd4a7b5f49b3abc788b17e83","name":"\u0160ilut\u0117s naujien\u0173 inf.","image":{"@type":"ImageObject","inLanguage":"lt-LT","@id":"https:\/\/www.silutesnaujienos.lt\/lt\/wp-content\/uploads\/2020\/06\/favicon.png","url":"https:\/\/www.silutesnaujienos.lt\/lt\/wp-content\/uploads\/2020\/06\/favicon.png","contentUrl":"https:\/\/www.silutesnaujienos.lt\/lt\/wp-content\/uploads\/2020\/06\/favicon.png","caption":"\u0160ilut\u0117s naujien\u0173 inf."},"sameAs":["https:\/\/www.silutesnaujienos.lt\/lt"],"url":"https:\/\/www.silutesnaujienos.lt\/lt\/author\/ruta\/"}]}},"publishpress_future_workflow_manual_trigger":{"enabledWorkflows":[]},"amp_enabled":true,"_links":{"self":[{"href":"https:\/\/www.silutesnaujienos.lt\/lt\/wp-json\/wp\/v2\/posts\/14544","targetHints":{"allow":["GET"]}}],"collection":[{"href":"https:\/\/www.silutesnaujienos.lt\/lt\/wp-json\/wp\/v2\/posts"}],"about":[{"href":"https:\/\/www.silutesnaujienos.lt\/lt\/wp-json\/wp\/v2\/types\/post"}],"author":[{"embeddable":true,"href":"https:\/\/www.silutesnaujienos.lt\/lt\/wp-json\/wp\/v2\/users\/1"}],"replies":[{"embeddable":true,"href":"https:\/\/www.silutesnaujienos.lt\/lt\/wp-json\/wp\/v2\/comments?post=14544"}],"version-history":[{"count":0,"href":"https:\/\/www.silutesnaujienos.lt\/lt\/wp-json\/wp\/v2\/posts\/14544\/revisions"}],"wp:attachment":[{"href":"https:\/\/www.silutesnaujienos.lt\/lt\/wp-json\/wp\/v2\/media?parent=14544"}],"wp:term":[{"taxonomy":"category","embeddable":true,"href":"https:\/\/www.silutesnaujienos.lt\/lt\/wp-json\/wp\/v2\/categories?post=14544"},{"taxonomy":"post_tag","embeddable":true,"href":"https:\/\/www.silutesnaujienos.lt\/lt\/wp-json\/wp\/v2\/tags?post=14544"}],"curies":[{"name":"wp","href":"https:\/\/api.w.org\/{rel}","templated":true}]}}