{"id":1472,"date":"2013-07-06T17:00:00","date_gmt":"2013-07-06T19:00:00","guid":{"rendered":"https:\/\/www.silutesnaujienos.lt\/lt\/90-mete-gorainiske-sveikino-vaikai-seniunija-ir-socialiniai-darbuotojai\/"},"modified":"2013-07-06T17:00:00","modified_gmt":"2013-07-06T19:00:00","slug":"90-mete-gorainiske-sveikino-vaikai-seniunija-ir-socialiniai-darbuotojai","status":"publish","type":"post","link":"https:\/\/www.silutesnaujienos.lt\/lt\/90-mete-gorainiske-sveikino-vaikai-seniunija-ir-socialiniai-darbuotojai\/","title":{"rendered":"90-met\u0119 goraini\u0161k\u0119 sveikino vaikai, seni\u016bnija ir socialiniai darbuotojai"},"content":{"rendered":"<p><a target=\"_blank\" rel=\"caption[O.Varanien\u0119 sveikino seni\u016bnas Vitalijus Mockus, socialinio darbo organizator\u0117 Marta Miliauskien\u0117, klebonas Dainoras \u017didackas, \u201eCaritas\u201c atstov\u0117 Maryt\u0117 Ju\u0161kevi\u010dien\u0117 ir Goraini\u0173 bendruomen\u0117s Salom\u0117ja Pakalnien\u0117.] noopener noreferrer\" class=\"jcepopup\" href=\"\/\/silutesnaujienos.lt\/images\/stories\/2013\/07\/02\/vainuto_90mete.jpg\" data-rel=\"lightbox-gallery-rwg3oQWg\" data-rl_title=\"\" data-rl_caption=\"\"><img loading=\"lazy\" decoding=\"async\" style=\"margin: 5px; float: left;\" class=\"caption\" title=\"\" alt=\"vainuto 90mete\" src=\"\/\/silutesnaujienos.lt\/images\/stories\/2013\/07\/02\/thumbnails\/thumb_vainuto_90mete.jpg\" height=\"230\" width=\"307\" \/><\/a><strong>\u012e garb\u0173 jubiliej\u0173 neseniai skub\u0117jo Vainuto seni\u016bnijos vadovai ir socialiniai darbuotojai bei Goraini\u0173 kaimo bendruomen\u0117s atstovai &#8211; 90-met\u012f \u0161vent\u0117 Gorainiuose gyvenanti Ona VARANIEN\u0116.<\/strong><\/p>\n<p>Pasveikinti mamos taip pat suva\u017eiavo gausus b\u016brys jos at\u017eal\u0173.<\/p>\n<p>O.Varanien\u0117 gim\u0117 1923 met\u0173 bir\u017eelio 13-\u0105j\u0105 vaizdingame \u0160iaud\u0117n\u0173 kaime. Senol\u0117 prisimena, kad nors augo vienturt\u0117, bet vaikyst\u0117 buvo sunki &#8211; teko daug ir sunkiai dirbti, pad\u0117ti t\u0117vams \u016bkio darbuose.<\/p>\n<p>Dar baisesni prisiminimai i\u0161 karo met\u0173, kuomet &#8211; nedaug tr\u016bko &#8211; ir gyvyb\u0119 b\u016bt\u0173 praradusi gindama savo \u0161eim\u0105.<\/p>\n<p>Skausmo netr\u016bko ir v\u0117liau, jau auginant savo \u0161eim\u0105, nes laidojo 4 i\u0161 10-ties pasaul\u012f i\u0161vydusi\u0173 sav\u0173j\u0173 vaik\u0173. Vien\u0105 s\u016bn\u0173 motinai teko laidoti jau suaugus\u012f, \u012f gyvenim\u0105 i\u0161\u0117jus\u012f, o kitam &#8211; Albinui &#8211; teko sunki negalios dalia. Motina ir dabar, kur buvusi, kur nebuvusi, vis suka prie Albino lovos, kad bent kiek palengvint\u0173 jo, i\u0161 lovos nepakylan\u010dio, dali\u0105.<\/p>\n<p>Pri\u017ei\u016br\u0117ti brol\u012f, o kartu ir garbaus am\u017eiaus mam\u0105 tenka dukrai Stefai Grublienei, pas kuri\u0105 Gorainiuose \u0161iuo metu abu jie ir gyvena. O jei Stefai prireikia i\u0161vykti su reikalais, mam\u0105 pavaduoja \u010dia pat gyvenanti jos dukra Laima Juknien\u0117.<\/p>\n<p>Jau beveik trys de\u0161imtme\u010diai O.Varanien\u0117 na\u0161lauja, vyro neteko b\u016bdama 63-ej\u0173. D\u0117koja likimui, kad nuo tada pakelti gyvenimo sm\u016bgius jai padeda vaikai ir kaimynai.<\/p>\n<p>\u0160iandien sukaupta gyvenimi\u0161ka patirtimi senol\u0117 dalijasi su vaikais, an\u016bkais, proan\u016bkiais ir net proproan\u016bkiais. Gausus j\u0173 ir kaimyn\u0173 b\u016brys bir\u017eelio viduryje rinkosi \u012f Goraini\u0173 bendruomen\u0117s sal\u0119, pasveikinti i\u0161skirtinio jubiliejaus sulaukusios savo mamos.<\/p>\n<p>O.Varanien\u0117 &#8211; antroji \u0161iemet Vainuto seni\u016bnijoje jubiliat\u0117, \u0161ven\u010dianti 90-met\u012f. Seni\u016bnijos vadovai \u0161iais metais ruo\u0161iasi sveikinti dar tris 90-me\u010dius ir vien\u0105 95-me\u010dio sulaukus\u012f savo bendruomen\u0117s nar\u012f.<\/p>\n","protected":false},"excerpt":{"rendered":"<p>\u012e garb\u0173 jubiliej\u0173 neseniai skub\u0117jo Vainuto seni\u016bnijos vadovai ir socialiniai darbuotojai bei Goraini\u0173 kaimo bendruomen\u0117s atstovai &#8211; 90-met\u012f \u0161vent\u0117 Gorainiuose gyvenanti Ona VARANIEN\u0116. Pasveikinti mamos taip pat suva\u017eiavo gausus b\u016brys jos at\u017eal\u0173. O.Varanien\u0117 gim\u0117 1923 met\u0173 bir\u017eelio 13-\u0105j\u0105 vaizdingame \u0160iaud\u0117n\u0173 kaime. Senol\u0117 prisimena, kad nors augo vienturt\u0117, bet vaikyst\u0117 buvo sunki &#8211; teko daug ir [&hellip;]<\/p>\n","protected":false},"author":1,"featured_media":0,"comment_status":"open","ping_status":"open","sticky":false,"template":"","format":"standard","meta":{"footnotes":""},"categories":[52],"tags":[],"class_list":{"0":"post-1472","1":"post","2":"type-post","3":"status-publish","4":"format-standard","6":"category-gyvenimas"},"yoast_head":"<!-- This site is optimized with the Yoast SEO plugin v27.5 - https:\/\/yoast.com\/product\/yoast-seo-wordpress\/ -->\n<title>90-met\u0119 goraini\u0161k\u0119 sveikino vaikai, seni\u016bnija ir socialiniai darbuotojai - \u0160ilut\u0117s naujienos<\/title>\n<meta name=\"robots\" content=\"index, follow, max-snippet:-1, max-image-preview:large, max-video-preview:-1\" \/>\n<link rel=\"canonical\" href=\"https:\/\/www.silutesnaujienos.lt\/lt\/90-mete-gorainiske-sveikino-vaikai-seniunija-ir-socialiniai-darbuotojai\/\" \/>\n<meta property=\"og:locale\" content=\"lt_LT\" \/>\n<meta property=\"og:type\" content=\"article\" \/>\n<meta property=\"og:title\" content=\"90-met\u0119 goraini\u0161k\u0119 sveikino vaikai, seni\u016bnija ir socialiniai darbuotojai - \u0160ilut\u0117s naujienos\" \/>\n<meta property=\"og:description\" content=\"\u012e garb\u0173 jubiliej\u0173 neseniai skub\u0117jo Vainuto seni\u016bnijos vadovai ir socialiniai darbuotojai bei Goraini\u0173 kaimo bendruomen\u0117s atstovai &#8211; 90-met\u012f \u0161vent\u0117 Gorainiuose gyvenanti Ona VARANIEN\u0116. Pasveikinti mamos taip pat suva\u017eiavo gausus b\u016brys jos at\u017eal\u0173. O.Varanien\u0117 gim\u0117 1923 met\u0173 bir\u017eelio 13-\u0105j\u0105 vaizdingame \u0160iaud\u0117n\u0173 kaime. Senol\u0117 prisimena, kad nors augo vienturt\u0117, bet vaikyst\u0117 buvo sunki &#8211; teko daug ir [&hellip;]\" \/>\n<meta property=\"og:url\" content=\"https:\/\/www.silutesnaujienos.lt\/lt\/90-mete-gorainiske-sveikino-vaikai-seniunija-ir-socialiniai-darbuotojai\/\" \/>\n<meta property=\"og:site_name\" content=\"\u0160ilut\u0117s naujienos\" \/>\n<meta property=\"article:publisher\" content=\"https:\/\/www.facebook.com\/silutes.naujienos\/\" \/>\n<meta property=\"article:published_time\" content=\"2013-07-06T19:00:00+00:00\" \/>\n<meta property=\"og:image\" content=\"\/\/silutesnaujienos.lt\/images\/stories\/2013\/07\/02\/thumbnails\/thumb_vainuto_90mete.jpg\" \/>\n<meta name=\"author\" content=\"\u0160ilut\u0117s naujien\u0173 inf.\" \/>\n<meta name=\"twitter:card\" content=\"summary_large_image\" \/>\n<meta name=\"twitter:label1\" content=\"Written by\" \/>\n\t<meta name=\"twitter:data1\" content=\"\u0160ilut\u0117s naujien\u0173 inf.\" \/>\n\t<meta name=\"twitter:label2\" content=\"Est. reading time\" \/>\n\t<meta name=\"twitter:data2\" content=\"1 minut\u0117\" \/>\n<script type=\"application\/ld+json\" class=\"yoast-schema-graph\">{\"@context\":\"https:\\\/\\\/schema.org\",\"@graph\":[{\"@type\":\"Article\",\"@id\":\"https:\\\/\\\/www.silutesnaujienos.lt\\\/lt\\\/90-mete-gorainiske-sveikino-vaikai-seniunija-ir-socialiniai-darbuotojai\\\/#article\",\"isPartOf\":{\"@id\":\"https:\\\/\\\/www.silutesnaujienos.lt\\\/lt\\\/90-mete-gorainiske-sveikino-vaikai-seniunija-ir-socialiniai-darbuotojai\\\/\"},\"author\":{\"name\":\"\u0160ilut\u0117s naujien\u0173 inf.\",\"@id\":\"https:\\\/\\\/www.silutesnaujienos.lt\\\/lt\\\/#\\\/schema\\\/person\\\/232f475ddd4a7b5f49b3abc788b17e83\"},\"headline\":\"90-met\u0119 goraini\u0161k\u0119 sveikino vaikai, seni\u016bnija ir socialiniai darbuotojai\",\"datePublished\":\"2013-07-06T19:00:00+00:00\",\"mainEntityOfPage\":{\"@id\":\"https:\\\/\\\/www.silutesnaujienos.lt\\\/lt\\\/90-mete-gorainiske-sveikino-vaikai-seniunija-ir-socialiniai-darbuotojai\\\/\"},\"wordCount\":306,\"commentCount\":0,\"publisher\":{\"@id\":\"https:\\\/\\\/www.silutesnaujienos.lt\\\/lt\\\/#organization\"},\"articleSection\":[\"Gyvenimas\"],\"inLanguage\":\"lt-LT\",\"potentialAction\":[{\"@type\":\"CommentAction\",\"name\":\"Comment\",\"target\":[\"https:\\\/\\\/www.silutesnaujienos.lt\\\/lt\\\/90-mete-gorainiske-sveikino-vaikai-seniunija-ir-socialiniai-darbuotojai\\\/#respond\"]}]},{\"@type\":\"WebPage\",\"@id\":\"https:\\\/\\\/www.silutesnaujienos.lt\\\/lt\\\/90-mete-gorainiske-sveikino-vaikai-seniunija-ir-socialiniai-darbuotojai\\\/\",\"url\":\"https:\\\/\\\/www.silutesnaujienos.lt\\\/lt\\\/90-mete-gorainiske-sveikino-vaikai-seniunija-ir-socialiniai-darbuotojai\\\/\",\"name\":\"90-met\u0119 goraini\u0161k\u0119 sveikino vaikai, seni\u016bnija ir socialiniai darbuotojai - \u0160ilut\u0117s naujienos\",\"isPartOf\":{\"@id\":\"https:\\\/\\\/www.silutesnaujienos.lt\\\/lt\\\/#website\"},\"datePublished\":\"2013-07-06T19:00:00+00:00\",\"breadcrumb\":{\"@id\":\"https:\\\/\\\/www.silutesnaujienos.lt\\\/lt\\\/90-mete-gorainiske-sveikino-vaikai-seniunija-ir-socialiniai-darbuotojai\\\/#breadcrumb\"},\"inLanguage\":\"lt-LT\",\"potentialAction\":[{\"@type\":\"ReadAction\",\"target\":[\"https:\\\/\\\/www.silutesnaujienos.lt\\\/lt\\\/90-mete-gorainiske-sveikino-vaikai-seniunija-ir-socialiniai-darbuotojai\\\/\"]}]},{\"@type\":\"BreadcrumbList\",\"@id\":\"https:\\\/\\\/www.silutesnaujienos.lt\\\/lt\\\/90-mete-gorainiske-sveikino-vaikai-seniunija-ir-socialiniai-darbuotojai\\\/#breadcrumb\",\"itemListElement\":[{\"@type\":\"ListItem\",\"position\":1,\"name\":\"Home\",\"item\":\"https:\\\/\\\/www.silutesnaujienos.lt\\\/lt\\\/\"},{\"@type\":\"ListItem\",\"position\":2,\"name\":\"90-met\u0119 goraini\u0161k\u0119 sveikino vaikai, seni\u016bnija ir socialiniai darbuotojai\"}]},{\"@type\":\"WebSite\",\"@id\":\"https:\\\/\\\/www.silutesnaujienos.lt\\\/lt\\\/#website\",\"url\":\"https:\\\/\\\/www.silutesnaujienos.lt\\\/lt\\\/\",\"name\":\"\u0160ilut\u0117s naujienos\",\"description\":\"B\u016bk ant naujien\u0173 bangos!\",\"publisher\":{\"@id\":\"https:\\\/\\\/www.silutesnaujienos.lt\\\/lt\\\/#organization\"},\"potentialAction\":[{\"@type\":\"SearchAction\",\"target\":{\"@type\":\"EntryPoint\",\"urlTemplate\":\"https:\\\/\\\/www.silutesnaujienos.lt\\\/lt\\\/?s={search_term_string}\"},\"query-input\":{\"@type\":\"PropertyValueSpecification\",\"valueRequired\":true,\"valueName\":\"search_term_string\"}}],\"inLanguage\":\"lt-LT\"},{\"@type\":\"Organization\",\"@id\":\"https:\\\/\\\/www.silutesnaujienos.lt\\\/lt\\\/#organization\",\"name\":\"\u0160ilut\u0117s naujienos\",\"url\":\"https:\\\/\\\/www.silutesnaujienos.lt\\\/lt\\\/\",\"logo\":{\"@type\":\"ImageObject\",\"inLanguage\":\"lt-LT\",\"@id\":\"https:\\\/\\\/www.silutesnaujienos.lt\\\/lt\\\/#\\\/schema\\\/logo\\\/image\\\/\",\"url\":\"https:\\\/\\\/www.silutesnaujienos.lt\\\/lt\\\/wp-content\\\/uploads\\\/2020\\\/06\\\/FB_MAIN.jpg\",\"contentUrl\":\"https:\\\/\\\/www.silutesnaujienos.lt\\\/lt\\\/wp-content\\\/uploads\\\/2020\\\/06\\\/FB_MAIN.jpg\",\"width\":1700,\"height\":956,\"caption\":\"\u0160ilut\u0117s naujienos\"},\"image\":{\"@id\":\"https:\\\/\\\/www.silutesnaujienos.lt\\\/lt\\\/#\\\/schema\\\/logo\\\/image\\\/\"},\"sameAs\":[\"https:\\\/\\\/www.facebook.com\\\/silutes.naujienos\\\/\",\"https:\\\/\\\/www.youtube.com\\\/channel\\\/UCxW-cgrJDt8GxIMxSTAfJZg\"]},{\"@type\":\"Person\",\"@id\":\"https:\\\/\\\/www.silutesnaujienos.lt\\\/lt\\\/#\\\/schema\\\/person\\\/232f475ddd4a7b5f49b3abc788b17e83\",\"name\":\"\u0160ilut\u0117s naujien\u0173 inf.\",\"image\":{\"@type\":\"ImageObject\",\"inLanguage\":\"lt-LT\",\"@id\":\"https:\\\/\\\/www.silutesnaujienos.lt\\\/lt\\\/wp-content\\\/uploads\\\/2020\\\/06\\\/favicon.png\",\"url\":\"https:\\\/\\\/www.silutesnaujienos.lt\\\/lt\\\/wp-content\\\/uploads\\\/2020\\\/06\\\/favicon.png\",\"contentUrl\":\"https:\\\/\\\/www.silutesnaujienos.lt\\\/lt\\\/wp-content\\\/uploads\\\/2020\\\/06\\\/favicon.png\",\"caption\":\"\u0160ilut\u0117s naujien\u0173 inf.\"},\"sameAs\":[\"https:\\\/\\\/www.silutesnaujienos.lt\\\/lt\"],\"url\":\"https:\\\/\\\/www.silutesnaujienos.lt\\\/lt\\\/author\\\/ruta\\\/\"}]}<\/script>\n<!-- \/ Yoast SEO plugin. -->","yoast_head_json":{"title":"90-met\u0119 goraini\u0161k\u0119 sveikino vaikai, seni\u016bnija ir socialiniai darbuotojai - \u0160ilut\u0117s naujienos","robots":{"index":"index","follow":"follow","max-snippet":"max-snippet:-1","max-image-preview":"max-image-preview:large","max-video-preview":"max-video-preview:-1"},"canonical":"https:\/\/www.silutesnaujienos.lt\/lt\/90-mete-gorainiske-sveikino-vaikai-seniunija-ir-socialiniai-darbuotojai\/","og_locale":"lt_LT","og_type":"article","og_title":"90-met\u0119 goraini\u0161k\u0119 sveikino vaikai, seni\u016bnija ir socialiniai darbuotojai - \u0160ilut\u0117s naujienos","og_description":"\u012e garb\u0173 jubiliej\u0173 neseniai skub\u0117jo Vainuto seni\u016bnijos vadovai ir socialiniai darbuotojai bei Goraini\u0173 kaimo bendruomen\u0117s atstovai &#8211; 90-met\u012f \u0161vent\u0117 Gorainiuose gyvenanti Ona VARANIEN\u0116. Pasveikinti mamos taip pat suva\u017eiavo gausus b\u016brys jos at\u017eal\u0173. O.Varanien\u0117 gim\u0117 1923 met\u0173 bir\u017eelio 13-\u0105j\u0105 vaizdingame \u0160iaud\u0117n\u0173 kaime. Senol\u0117 prisimena, kad nors augo vienturt\u0117, bet vaikyst\u0117 buvo sunki &#8211; teko daug ir [&hellip;]","og_url":"https:\/\/www.silutesnaujienos.lt\/lt\/90-mete-gorainiske-sveikino-vaikai-seniunija-ir-socialiniai-darbuotojai\/","og_site_name":"\u0160ilut\u0117s naujienos","article_publisher":"https:\/\/www.facebook.com\/silutes.naujienos\/","article_published_time":"2013-07-06T19:00:00+00:00","og_image":[{"url":"\/\/silutesnaujienos.lt\/images\/stories\/2013\/07\/02\/thumbnails\/thumb_vainuto_90mete.jpg","type":"","width":"","height":""}],"author":"\u0160ilut\u0117s naujien\u0173 inf.","twitter_card":"summary_large_image","twitter_misc":{"Written by":"\u0160ilut\u0117s naujien\u0173 inf.","Est. reading time":"1 minut\u0117"},"schema":{"@context":"https:\/\/schema.org","@graph":[{"@type":"Article","@id":"https:\/\/www.silutesnaujienos.lt\/lt\/90-mete-gorainiske-sveikino-vaikai-seniunija-ir-socialiniai-darbuotojai\/#article","isPartOf":{"@id":"https:\/\/www.silutesnaujienos.lt\/lt\/90-mete-gorainiske-sveikino-vaikai-seniunija-ir-socialiniai-darbuotojai\/"},"author":{"name":"\u0160ilut\u0117s naujien\u0173 inf.","@id":"https:\/\/www.silutesnaujienos.lt\/lt\/#\/schema\/person\/232f475ddd4a7b5f49b3abc788b17e83"},"headline":"90-met\u0119 goraini\u0161k\u0119 sveikino vaikai, seni\u016bnija ir socialiniai darbuotojai","datePublished":"2013-07-06T19:00:00+00:00","mainEntityOfPage":{"@id":"https:\/\/www.silutesnaujienos.lt\/lt\/90-mete-gorainiske-sveikino-vaikai-seniunija-ir-socialiniai-darbuotojai\/"},"wordCount":306,"commentCount":0,"publisher":{"@id":"https:\/\/www.silutesnaujienos.lt\/lt\/#organization"},"articleSection":["Gyvenimas"],"inLanguage":"lt-LT","potentialAction":[{"@type":"CommentAction","name":"Comment","target":["https:\/\/www.silutesnaujienos.lt\/lt\/90-mete-gorainiske-sveikino-vaikai-seniunija-ir-socialiniai-darbuotojai\/#respond"]}]},{"@type":"WebPage","@id":"https:\/\/www.silutesnaujienos.lt\/lt\/90-mete-gorainiske-sveikino-vaikai-seniunija-ir-socialiniai-darbuotojai\/","url":"https:\/\/www.silutesnaujienos.lt\/lt\/90-mete-gorainiske-sveikino-vaikai-seniunija-ir-socialiniai-darbuotojai\/","name":"90-met\u0119 goraini\u0161k\u0119 sveikino vaikai, seni\u016bnija ir socialiniai darbuotojai - \u0160ilut\u0117s naujienos","isPartOf":{"@id":"https:\/\/www.silutesnaujienos.lt\/lt\/#website"},"datePublished":"2013-07-06T19:00:00+00:00","breadcrumb":{"@id":"https:\/\/www.silutesnaujienos.lt\/lt\/90-mete-gorainiske-sveikino-vaikai-seniunija-ir-socialiniai-darbuotojai\/#breadcrumb"},"inLanguage":"lt-LT","potentialAction":[{"@type":"ReadAction","target":["https:\/\/www.silutesnaujienos.lt\/lt\/90-mete-gorainiske-sveikino-vaikai-seniunija-ir-socialiniai-darbuotojai\/"]}]},{"@type":"BreadcrumbList","@id":"https:\/\/www.silutesnaujienos.lt\/lt\/90-mete-gorainiske-sveikino-vaikai-seniunija-ir-socialiniai-darbuotojai\/#breadcrumb","itemListElement":[{"@type":"ListItem","position":1,"name":"Home","item":"https:\/\/www.silutesnaujienos.lt\/lt\/"},{"@type":"ListItem","position":2,"name":"90-met\u0119 goraini\u0161k\u0119 sveikino vaikai, seni\u016bnija ir socialiniai darbuotojai"}]},{"@type":"WebSite","@id":"https:\/\/www.silutesnaujienos.lt\/lt\/#website","url":"https:\/\/www.silutesnaujienos.lt\/lt\/","name":"\u0160ilut\u0117s naujienos","description":"B\u016bk ant naujien\u0173 bangos!","publisher":{"@id":"https:\/\/www.silutesnaujienos.lt\/lt\/#organization"},"potentialAction":[{"@type":"SearchAction","target":{"@type":"EntryPoint","urlTemplate":"https:\/\/www.silutesnaujienos.lt\/lt\/?s={search_term_string}"},"query-input":{"@type":"PropertyValueSpecification","valueRequired":true,"valueName":"search_term_string"}}],"inLanguage":"lt-LT"},{"@type":"Organization","@id":"https:\/\/www.silutesnaujienos.lt\/lt\/#organization","name":"\u0160ilut\u0117s naujienos","url":"https:\/\/www.silutesnaujienos.lt\/lt\/","logo":{"@type":"ImageObject","inLanguage":"lt-LT","@id":"https:\/\/www.silutesnaujienos.lt\/lt\/#\/schema\/logo\/image\/","url":"https:\/\/www.silutesnaujienos.lt\/lt\/wp-content\/uploads\/2020\/06\/FB_MAIN.jpg","contentUrl":"https:\/\/www.silutesnaujienos.lt\/lt\/wp-content\/uploads\/2020\/06\/FB_MAIN.jpg","width":1700,"height":956,"caption":"\u0160ilut\u0117s naujienos"},"image":{"@id":"https:\/\/www.silutesnaujienos.lt\/lt\/#\/schema\/logo\/image\/"},"sameAs":["https:\/\/www.facebook.com\/silutes.naujienos\/","https:\/\/www.youtube.com\/channel\/UCxW-cgrJDt8GxIMxSTAfJZg"]},{"@type":"Person","@id":"https:\/\/www.silutesnaujienos.lt\/lt\/#\/schema\/person\/232f475ddd4a7b5f49b3abc788b17e83","name":"\u0160ilut\u0117s naujien\u0173 inf.","image":{"@type":"ImageObject","inLanguage":"lt-LT","@id":"https:\/\/www.silutesnaujienos.lt\/lt\/wp-content\/uploads\/2020\/06\/favicon.png","url":"https:\/\/www.silutesnaujienos.lt\/lt\/wp-content\/uploads\/2020\/06\/favicon.png","contentUrl":"https:\/\/www.silutesnaujienos.lt\/lt\/wp-content\/uploads\/2020\/06\/favicon.png","caption":"\u0160ilut\u0117s naujien\u0173 inf."},"sameAs":["https:\/\/www.silutesnaujienos.lt\/lt"],"url":"https:\/\/www.silutesnaujienos.lt\/lt\/author\/ruta\/"}]}},"publishpress_future_workflow_manual_trigger":{"enabledWorkflows":[]},"amp_enabled":true,"_links":{"self":[{"href":"https:\/\/www.silutesnaujienos.lt\/lt\/wp-json\/wp\/v2\/posts\/1472","targetHints":{"allow":["GET"]}}],"collection":[{"href":"https:\/\/www.silutesnaujienos.lt\/lt\/wp-json\/wp\/v2\/posts"}],"about":[{"href":"https:\/\/www.silutesnaujienos.lt\/lt\/wp-json\/wp\/v2\/types\/post"}],"author":[{"embeddable":true,"href":"https:\/\/www.silutesnaujienos.lt\/lt\/wp-json\/wp\/v2\/users\/1"}],"replies":[{"embeddable":true,"href":"https:\/\/www.silutesnaujienos.lt\/lt\/wp-json\/wp\/v2\/comments?post=1472"}],"version-history":[{"count":0,"href":"https:\/\/www.silutesnaujienos.lt\/lt\/wp-json\/wp\/v2\/posts\/1472\/revisions"}],"wp:attachment":[{"href":"https:\/\/www.silutesnaujienos.lt\/lt\/wp-json\/wp\/v2\/media?parent=1472"}],"wp:term":[{"taxonomy":"category","embeddable":true,"href":"https:\/\/www.silutesnaujienos.lt\/lt\/wp-json\/wp\/v2\/categories?post=1472"},{"taxonomy":"post_tag","embeddable":true,"href":"https:\/\/www.silutesnaujienos.lt\/lt\/wp-json\/wp\/v2\/tags?post=1472"}],"curies":[{"name":"wp","href":"https:\/\/api.w.org\/{rel}","templated":true}]}}