{"id":14765,"date":"2015-10-04T13:00:00","date_gmt":"2015-10-04T15:00:00","guid":{"rendered":"https:\/\/www.silutesnaujienos.lt\/lt\/silutes-miskininkai-paminejo-profesine-svente\/"},"modified":"2015-10-04T13:00:00","modified_gmt":"2015-10-04T15:00:00","slug":"silutes-miskininkai-paminejo-profesine-svente","status":"publish","type":"post","link":"https:\/\/www.silutesnaujienos.lt\/lt\/silutes-miskininkai-paminejo-profesine-svente\/","title":{"rendered":"\u0160ilut\u0117s mi\u0161kininkai pamin\u0117jo profesin\u0119 \u0161vent\u0119"},"content":{"rendered":"<p>&nbsp;<a target=\"_blank\" rel=\"caption[Pagerbti geriausi mi\u0161k\u0173 ur\u0117dijos darbuotojai.] noopener noreferrer\" class=\"jcepopup\" href=\"\/\/silutesnaujienos.lt\/images\/stories\/2015\/SPALIS\/02\/miskininkai.jpg\" data-rel=\"lightbox-gallery-wKNYlfzg\" data-rl_title=\"\" data-rl_caption=\"\"><img loading=\"lazy\" decoding=\"async\" style=\"margin: 5px; float: left;\" class=\"caption\" title=\"\" alt=\"miskininkai\" src=\"\/\/silutesnaujienos.lt\/images\/stories\/2015\/SPALIS\/02\/thumbnails\/thumb_miskininkai.jpg\" height=\"230\" width=\"307\" \/><\/a><strong>Antradien\u012f \u0160ilut\u0117s mi\u0161k\u0173 ur\u0117dijos kolektyvas tradici\u0161kai min\u0117jo profesin\u0119 \u0161vent\u0119.<br \/><\/strong><br \/><strong>Ur\u0117das Vaidas Bendaravi\u010dius kviet\u0117 puosel\u0117ti ir auginti mi\u0161kus, matyti savo veikloje prasm\u0119, link\u0117jo, kad \u017eingsnius lyd\u0117t\u0173 \u0161viesios mintys, santarv\u0117 ir gera sveikata.<\/strong><strong><br \/><\/strong><br \/>\u0160ilal\u0117s rajono savivaldyb\u0117s meras Jonas Gudauskas ir mero pavaduotojas Valdemaras Jasevi\u010dius, \u0160ilut\u0117s rajono savivaldyb\u0117s meras Vytautas Laurinaitis, Seimo vicepirmininkas K\u0119stas Komskis, Seimo narys Remigijus \u017demaitaitis pasveikino su profesine \u0161vente, pasid\u017eiaug\u0117 mi\u0161kinink\u0173 profesionalumu, gra\u017eiais tarpusavio santykiais, palink\u0117jo ateityje i\u0161likti viena \u0161eima ir kad tai vest\u0173 \u012f darn\u0173 bendr\u0105 darb\u0105 ateityje.<\/p>\n<p>U\u017e profesionalum\u0105, s\u0105\u017einingum\u0105 ir nepriekai\u0161ting\u0105 darb\u0105 \u012fteiktas Generalin\u0117s mi\u0161k\u0173 ur\u0117dijos prie Aplinkos ministerijos generalinio mi\u0161k\u0173 ur\u0117do Rimanto Pr\u016bsai\u010dio pad\u0117kos ra\u0161tas Vainuto girininkijos girininko pavaduotojui Alfonsui Jankauskui. <\/p>\n<p>U\u017e atsaking\u0105 darb\u0105 gausinant ir puosel\u0117jant mi\u0161kus \u0160ilut\u0117s mi\u0161k\u0173 ur\u0117das Vaidas Bendaravi\u010dius \u012fteik\u0117 pad\u0117kos ra\u0161tus P\u0117\u017eai\u010di\u0173 girininkijos eiguliui Edvardui Petrauskui, \u017demai\u010di\u0173 Naumies\u010dio girininkijos girininko pavaduotojui Steponui Mockui, \u0160ilut\u0117s girininkijos girininkui Edvardui Dviliui, \u017demai\u010di\u0173 Naumies\u010dio girininkijos eiguliui Pranui Auksoriui, \u0160ilut\u0117s girininkijos eiguliui Liudvikui \u0160ly\u010diui.<\/p>\n<p>Aplinkos ministerijos pirmojo laipsnio nusipelniusio aplinkosaugininko \u017eenklai \u012fteikti Saug\u0173 medienos ruo\u0161os, prekybos ir techninio padalinio sargui &#8211; traktorininkui Steponui Jankauskui bei medienve\u017eio automobilio vairuotojui Petrui Balsiui, \u0160ilut\u0117s mi\u0161k\u0173 ur\u0117dijos mi\u0161k\u0173 \u017eeldinimo inspektorei Audronei Bal\u010di\u016bnienei.<\/p>\n","protected":false},"excerpt":{"rendered":"<p>&nbsp;Antradien\u012f \u0160ilut\u0117s mi\u0161k\u0173 ur\u0117dijos kolektyvas tradici\u0161kai min\u0117jo profesin\u0119 \u0161vent\u0119.Ur\u0117das Vaidas Bendaravi\u010dius kviet\u0117 puosel\u0117ti ir auginti mi\u0161kus, matyti savo veikloje prasm\u0119, link\u0117jo, kad \u017eingsnius lyd\u0117t\u0173 \u0161viesios mintys, santarv\u0117 ir gera sveikata.\u0160ilal\u0117s rajono savivaldyb\u0117s meras Jonas Gudauskas ir mero pavaduotojas Valdemaras Jasevi\u010dius, \u0160ilut\u0117s rajono savivaldyb\u0117s meras Vytautas Laurinaitis, Seimo vicepirmininkas K\u0119stas Komskis, Seimo narys Remigijus \u017demaitaitis pasveikino [&hellip;]<\/p>\n","protected":false},"author":1,"featured_media":0,"comment_status":"open","ping_status":"open","sticky":false,"template":"","format":"standard","meta":{"footnotes":""},"categories":[2],"tags":[],"class_list":{"0":"post-14765","1":"post","2":"type-post","3":"status-publish","4":"format-standard","6":"category-aktualijos"},"yoast_head":"<!-- This site is optimized with the Yoast SEO plugin v27.5 - https:\/\/yoast.com\/product\/yoast-seo-wordpress\/ -->\n<title>\u0160ilut\u0117s mi\u0161kininkai pamin\u0117jo profesin\u0119 \u0161vent\u0119 - \u0160ilut\u0117s naujienos<\/title>\n<meta name=\"robots\" content=\"index, follow, max-snippet:-1, max-image-preview:large, max-video-preview:-1\" \/>\n<link rel=\"canonical\" href=\"https:\/\/www.silutesnaujienos.lt\/lt\/silutes-miskininkai-paminejo-profesine-svente\/\" \/>\n<meta property=\"og:locale\" content=\"lt_LT\" \/>\n<meta property=\"og:type\" content=\"article\" \/>\n<meta property=\"og:title\" content=\"\u0160ilut\u0117s mi\u0161kininkai pamin\u0117jo profesin\u0119 \u0161vent\u0119 - \u0160ilut\u0117s naujienos\" \/>\n<meta property=\"og:description\" content=\"&nbsp;Antradien\u012f \u0160ilut\u0117s mi\u0161k\u0173 ur\u0117dijos kolektyvas tradici\u0161kai min\u0117jo profesin\u0119 \u0161vent\u0119.Ur\u0117das Vaidas Bendaravi\u010dius kviet\u0117 puosel\u0117ti ir auginti mi\u0161kus, matyti savo veikloje prasm\u0119, link\u0117jo, kad \u017eingsnius lyd\u0117t\u0173 \u0161viesios mintys, santarv\u0117 ir gera sveikata.\u0160ilal\u0117s rajono savivaldyb\u0117s meras Jonas Gudauskas ir mero pavaduotojas Valdemaras Jasevi\u010dius, \u0160ilut\u0117s rajono savivaldyb\u0117s meras Vytautas Laurinaitis, Seimo vicepirmininkas K\u0119stas Komskis, Seimo narys Remigijus \u017demaitaitis pasveikino [&hellip;]\" \/>\n<meta property=\"og:url\" content=\"https:\/\/www.silutesnaujienos.lt\/lt\/silutes-miskininkai-paminejo-profesine-svente\/\" \/>\n<meta property=\"og:site_name\" content=\"\u0160ilut\u0117s naujienos\" \/>\n<meta property=\"article:publisher\" content=\"https:\/\/www.facebook.com\/silutes.naujienos\/\" \/>\n<meta property=\"article:published_time\" content=\"2015-10-04T15:00:00+00:00\" \/>\n<meta property=\"og:image\" content=\"\/\/silutesnaujienos.lt\/images\/stories\/2015\/SPALIS\/02\/thumbnails\/thumb_miskininkai.jpg\" \/>\n<meta name=\"author\" content=\"\u0160ilut\u0117s naujien\u0173 inf.\" \/>\n<meta name=\"twitter:card\" content=\"summary_large_image\" \/>\n<meta name=\"twitter:label1\" content=\"Written by\" \/>\n\t<meta name=\"twitter:data1\" content=\"\u0160ilut\u0117s naujien\u0173 inf.\" \/>\n\t<meta name=\"twitter:label2\" content=\"Est. reading time\" \/>\n\t<meta name=\"twitter:data2\" content=\"1 minut\u0117\" \/>\n<script type=\"application\/ld+json\" class=\"yoast-schema-graph\">{\"@context\":\"https:\\\/\\\/schema.org\",\"@graph\":[{\"@type\":\"Article\",\"@id\":\"https:\\\/\\\/www.silutesnaujienos.lt\\\/lt\\\/silutes-miskininkai-paminejo-profesine-svente\\\/#article\",\"isPartOf\":{\"@id\":\"https:\\\/\\\/www.silutesnaujienos.lt\\\/lt\\\/silutes-miskininkai-paminejo-profesine-svente\\\/\"},\"author\":{\"name\":\"\u0160ilut\u0117s naujien\u0173 inf.\",\"@id\":\"https:\\\/\\\/www.silutesnaujienos.lt\\\/lt\\\/#\\\/schema\\\/person\\\/232f475ddd4a7b5f49b3abc788b17e83\"},\"headline\":\"\u0160ilut\u0117s mi\u0161kininkai pamin\u0117jo profesin\u0119 \u0161vent\u0119\",\"datePublished\":\"2015-10-04T15:00:00+00:00\",\"mainEntityOfPage\":{\"@id\":\"https:\\\/\\\/www.silutesnaujienos.lt\\\/lt\\\/silutes-miskininkai-paminejo-profesine-svente\\\/\"},\"wordCount\":249,\"commentCount\":0,\"publisher\":{\"@id\":\"https:\\\/\\\/www.silutesnaujienos.lt\\\/lt\\\/#organization\"},\"articleSection\":[\"Aktualijos\"],\"inLanguage\":\"lt-LT\",\"potentialAction\":[{\"@type\":\"CommentAction\",\"name\":\"Comment\",\"target\":[\"https:\\\/\\\/www.silutesnaujienos.lt\\\/lt\\\/silutes-miskininkai-paminejo-profesine-svente\\\/#respond\"]}]},{\"@type\":\"WebPage\",\"@id\":\"https:\\\/\\\/www.silutesnaujienos.lt\\\/lt\\\/silutes-miskininkai-paminejo-profesine-svente\\\/\",\"url\":\"https:\\\/\\\/www.silutesnaujienos.lt\\\/lt\\\/silutes-miskininkai-paminejo-profesine-svente\\\/\",\"name\":\"\u0160ilut\u0117s mi\u0161kininkai pamin\u0117jo profesin\u0119 \u0161vent\u0119 - \u0160ilut\u0117s naujienos\",\"isPartOf\":{\"@id\":\"https:\\\/\\\/www.silutesnaujienos.lt\\\/lt\\\/#website\"},\"datePublished\":\"2015-10-04T15:00:00+00:00\",\"breadcrumb\":{\"@id\":\"https:\\\/\\\/www.silutesnaujienos.lt\\\/lt\\\/silutes-miskininkai-paminejo-profesine-svente\\\/#breadcrumb\"},\"inLanguage\":\"lt-LT\",\"potentialAction\":[{\"@type\":\"ReadAction\",\"target\":[\"https:\\\/\\\/www.silutesnaujienos.lt\\\/lt\\\/silutes-miskininkai-paminejo-profesine-svente\\\/\"]}]},{\"@type\":\"BreadcrumbList\",\"@id\":\"https:\\\/\\\/www.silutesnaujienos.lt\\\/lt\\\/silutes-miskininkai-paminejo-profesine-svente\\\/#breadcrumb\",\"itemListElement\":[{\"@type\":\"ListItem\",\"position\":1,\"name\":\"Home\",\"item\":\"https:\\\/\\\/www.silutesnaujienos.lt\\\/lt\\\/\"},{\"@type\":\"ListItem\",\"position\":2,\"name\":\"\u0160ilut\u0117s mi\u0161kininkai pamin\u0117jo profesin\u0119 \u0161vent\u0119\"}]},{\"@type\":\"WebSite\",\"@id\":\"https:\\\/\\\/www.silutesnaujienos.lt\\\/lt\\\/#website\",\"url\":\"https:\\\/\\\/www.silutesnaujienos.lt\\\/lt\\\/\",\"name\":\"\u0160ilut\u0117s naujienos\",\"description\":\"B\u016bk ant naujien\u0173 bangos!\",\"publisher\":{\"@id\":\"https:\\\/\\\/www.silutesnaujienos.lt\\\/lt\\\/#organization\"},\"potentialAction\":[{\"@type\":\"SearchAction\",\"target\":{\"@type\":\"EntryPoint\",\"urlTemplate\":\"https:\\\/\\\/www.silutesnaujienos.lt\\\/lt\\\/?s={search_term_string}\"},\"query-input\":{\"@type\":\"PropertyValueSpecification\",\"valueRequired\":true,\"valueName\":\"search_term_string\"}}],\"inLanguage\":\"lt-LT\"},{\"@type\":\"Organization\",\"@id\":\"https:\\\/\\\/www.silutesnaujienos.lt\\\/lt\\\/#organization\",\"name\":\"\u0160ilut\u0117s naujienos\",\"url\":\"https:\\\/\\\/www.silutesnaujienos.lt\\\/lt\\\/\",\"logo\":{\"@type\":\"ImageObject\",\"inLanguage\":\"lt-LT\",\"@id\":\"https:\\\/\\\/www.silutesnaujienos.lt\\\/lt\\\/#\\\/schema\\\/logo\\\/image\\\/\",\"url\":\"https:\\\/\\\/www.silutesnaujienos.lt\\\/lt\\\/wp-content\\\/uploads\\\/2020\\\/06\\\/FB_MAIN.jpg\",\"contentUrl\":\"https:\\\/\\\/www.silutesnaujienos.lt\\\/lt\\\/wp-content\\\/uploads\\\/2020\\\/06\\\/FB_MAIN.jpg\",\"width\":1700,\"height\":956,\"caption\":\"\u0160ilut\u0117s naujienos\"},\"image\":{\"@id\":\"https:\\\/\\\/www.silutesnaujienos.lt\\\/lt\\\/#\\\/schema\\\/logo\\\/image\\\/\"},\"sameAs\":[\"https:\\\/\\\/www.facebook.com\\\/silutes.naujienos\\\/\",\"https:\\\/\\\/www.youtube.com\\\/channel\\\/UCxW-cgrJDt8GxIMxSTAfJZg\"]},{\"@type\":\"Person\",\"@id\":\"https:\\\/\\\/www.silutesnaujienos.lt\\\/lt\\\/#\\\/schema\\\/person\\\/232f475ddd4a7b5f49b3abc788b17e83\",\"name\":\"\u0160ilut\u0117s naujien\u0173 inf.\",\"image\":{\"@type\":\"ImageObject\",\"inLanguage\":\"lt-LT\",\"@id\":\"https:\\\/\\\/www.silutesnaujienos.lt\\\/lt\\\/wp-content\\\/uploads\\\/2020\\\/06\\\/favicon.png\",\"url\":\"https:\\\/\\\/www.silutesnaujienos.lt\\\/lt\\\/wp-content\\\/uploads\\\/2020\\\/06\\\/favicon.png\",\"contentUrl\":\"https:\\\/\\\/www.silutesnaujienos.lt\\\/lt\\\/wp-content\\\/uploads\\\/2020\\\/06\\\/favicon.png\",\"caption\":\"\u0160ilut\u0117s naujien\u0173 inf.\"},\"sameAs\":[\"https:\\\/\\\/www.silutesnaujienos.lt\\\/lt\"],\"url\":\"https:\\\/\\\/www.silutesnaujienos.lt\\\/lt\\\/author\\\/ruta\\\/\"}]}<\/script>\n<!-- \/ Yoast SEO plugin. -->","yoast_head_json":{"title":"\u0160ilut\u0117s mi\u0161kininkai pamin\u0117jo profesin\u0119 \u0161vent\u0119 - \u0160ilut\u0117s naujienos","robots":{"index":"index","follow":"follow","max-snippet":"max-snippet:-1","max-image-preview":"max-image-preview:large","max-video-preview":"max-video-preview:-1"},"canonical":"https:\/\/www.silutesnaujienos.lt\/lt\/silutes-miskininkai-paminejo-profesine-svente\/","og_locale":"lt_LT","og_type":"article","og_title":"\u0160ilut\u0117s mi\u0161kininkai pamin\u0117jo profesin\u0119 \u0161vent\u0119 - \u0160ilut\u0117s naujienos","og_description":"&nbsp;Antradien\u012f \u0160ilut\u0117s mi\u0161k\u0173 ur\u0117dijos kolektyvas tradici\u0161kai min\u0117jo profesin\u0119 \u0161vent\u0119.Ur\u0117das Vaidas Bendaravi\u010dius kviet\u0117 puosel\u0117ti ir auginti mi\u0161kus, matyti savo veikloje prasm\u0119, link\u0117jo, kad \u017eingsnius lyd\u0117t\u0173 \u0161viesios mintys, santarv\u0117 ir gera sveikata.\u0160ilal\u0117s rajono savivaldyb\u0117s meras Jonas Gudauskas ir mero pavaduotojas Valdemaras Jasevi\u010dius, \u0160ilut\u0117s rajono savivaldyb\u0117s meras Vytautas Laurinaitis, Seimo vicepirmininkas K\u0119stas Komskis, Seimo narys Remigijus \u017demaitaitis pasveikino [&hellip;]","og_url":"https:\/\/www.silutesnaujienos.lt\/lt\/silutes-miskininkai-paminejo-profesine-svente\/","og_site_name":"\u0160ilut\u0117s naujienos","article_publisher":"https:\/\/www.facebook.com\/silutes.naujienos\/","article_published_time":"2015-10-04T15:00:00+00:00","og_image":[{"url":"\/\/silutesnaujienos.lt\/images\/stories\/2015\/SPALIS\/02\/thumbnails\/thumb_miskininkai.jpg","type":"","width":"","height":""}],"author":"\u0160ilut\u0117s naujien\u0173 inf.","twitter_card":"summary_large_image","twitter_misc":{"Written by":"\u0160ilut\u0117s naujien\u0173 inf.","Est. reading time":"1 minut\u0117"},"schema":{"@context":"https:\/\/schema.org","@graph":[{"@type":"Article","@id":"https:\/\/www.silutesnaujienos.lt\/lt\/silutes-miskininkai-paminejo-profesine-svente\/#article","isPartOf":{"@id":"https:\/\/www.silutesnaujienos.lt\/lt\/silutes-miskininkai-paminejo-profesine-svente\/"},"author":{"name":"\u0160ilut\u0117s naujien\u0173 inf.","@id":"https:\/\/www.silutesnaujienos.lt\/lt\/#\/schema\/person\/232f475ddd4a7b5f49b3abc788b17e83"},"headline":"\u0160ilut\u0117s mi\u0161kininkai pamin\u0117jo profesin\u0119 \u0161vent\u0119","datePublished":"2015-10-04T15:00:00+00:00","mainEntityOfPage":{"@id":"https:\/\/www.silutesnaujienos.lt\/lt\/silutes-miskininkai-paminejo-profesine-svente\/"},"wordCount":249,"commentCount":0,"publisher":{"@id":"https:\/\/www.silutesnaujienos.lt\/lt\/#organization"},"articleSection":["Aktualijos"],"inLanguage":"lt-LT","potentialAction":[{"@type":"CommentAction","name":"Comment","target":["https:\/\/www.silutesnaujienos.lt\/lt\/silutes-miskininkai-paminejo-profesine-svente\/#respond"]}]},{"@type":"WebPage","@id":"https:\/\/www.silutesnaujienos.lt\/lt\/silutes-miskininkai-paminejo-profesine-svente\/","url":"https:\/\/www.silutesnaujienos.lt\/lt\/silutes-miskininkai-paminejo-profesine-svente\/","name":"\u0160ilut\u0117s mi\u0161kininkai pamin\u0117jo profesin\u0119 \u0161vent\u0119 - \u0160ilut\u0117s naujienos","isPartOf":{"@id":"https:\/\/www.silutesnaujienos.lt\/lt\/#website"},"datePublished":"2015-10-04T15:00:00+00:00","breadcrumb":{"@id":"https:\/\/www.silutesnaujienos.lt\/lt\/silutes-miskininkai-paminejo-profesine-svente\/#breadcrumb"},"inLanguage":"lt-LT","potentialAction":[{"@type":"ReadAction","target":["https:\/\/www.silutesnaujienos.lt\/lt\/silutes-miskininkai-paminejo-profesine-svente\/"]}]},{"@type":"BreadcrumbList","@id":"https:\/\/www.silutesnaujienos.lt\/lt\/silutes-miskininkai-paminejo-profesine-svente\/#breadcrumb","itemListElement":[{"@type":"ListItem","position":1,"name":"Home","item":"https:\/\/www.silutesnaujienos.lt\/lt\/"},{"@type":"ListItem","position":2,"name":"\u0160ilut\u0117s mi\u0161kininkai pamin\u0117jo profesin\u0119 \u0161vent\u0119"}]},{"@type":"WebSite","@id":"https:\/\/www.silutesnaujienos.lt\/lt\/#website","url":"https:\/\/www.silutesnaujienos.lt\/lt\/","name":"\u0160ilut\u0117s naujienos","description":"B\u016bk ant naujien\u0173 bangos!","publisher":{"@id":"https:\/\/www.silutesnaujienos.lt\/lt\/#organization"},"potentialAction":[{"@type":"SearchAction","target":{"@type":"EntryPoint","urlTemplate":"https:\/\/www.silutesnaujienos.lt\/lt\/?s={search_term_string}"},"query-input":{"@type":"PropertyValueSpecification","valueRequired":true,"valueName":"search_term_string"}}],"inLanguage":"lt-LT"},{"@type":"Organization","@id":"https:\/\/www.silutesnaujienos.lt\/lt\/#organization","name":"\u0160ilut\u0117s naujienos","url":"https:\/\/www.silutesnaujienos.lt\/lt\/","logo":{"@type":"ImageObject","inLanguage":"lt-LT","@id":"https:\/\/www.silutesnaujienos.lt\/lt\/#\/schema\/logo\/image\/","url":"https:\/\/www.silutesnaujienos.lt\/lt\/wp-content\/uploads\/2020\/06\/FB_MAIN.jpg","contentUrl":"https:\/\/www.silutesnaujienos.lt\/lt\/wp-content\/uploads\/2020\/06\/FB_MAIN.jpg","width":1700,"height":956,"caption":"\u0160ilut\u0117s naujienos"},"image":{"@id":"https:\/\/www.silutesnaujienos.lt\/lt\/#\/schema\/logo\/image\/"},"sameAs":["https:\/\/www.facebook.com\/silutes.naujienos\/","https:\/\/www.youtube.com\/channel\/UCxW-cgrJDt8GxIMxSTAfJZg"]},{"@type":"Person","@id":"https:\/\/www.silutesnaujienos.lt\/lt\/#\/schema\/person\/232f475ddd4a7b5f49b3abc788b17e83","name":"\u0160ilut\u0117s naujien\u0173 inf.","image":{"@type":"ImageObject","inLanguage":"lt-LT","@id":"https:\/\/www.silutesnaujienos.lt\/lt\/wp-content\/uploads\/2020\/06\/favicon.png","url":"https:\/\/www.silutesnaujienos.lt\/lt\/wp-content\/uploads\/2020\/06\/favicon.png","contentUrl":"https:\/\/www.silutesnaujienos.lt\/lt\/wp-content\/uploads\/2020\/06\/favicon.png","caption":"\u0160ilut\u0117s naujien\u0173 inf."},"sameAs":["https:\/\/www.silutesnaujienos.lt\/lt"],"url":"https:\/\/www.silutesnaujienos.lt\/lt\/author\/ruta\/"}]}},"publishpress_future_workflow_manual_trigger":{"enabledWorkflows":[]},"amp_enabled":true,"_links":{"self":[{"href":"https:\/\/www.silutesnaujienos.lt\/lt\/wp-json\/wp\/v2\/posts\/14765","targetHints":{"allow":["GET"]}}],"collection":[{"href":"https:\/\/www.silutesnaujienos.lt\/lt\/wp-json\/wp\/v2\/posts"}],"about":[{"href":"https:\/\/www.silutesnaujienos.lt\/lt\/wp-json\/wp\/v2\/types\/post"}],"author":[{"embeddable":true,"href":"https:\/\/www.silutesnaujienos.lt\/lt\/wp-json\/wp\/v2\/users\/1"}],"replies":[{"embeddable":true,"href":"https:\/\/www.silutesnaujienos.lt\/lt\/wp-json\/wp\/v2\/comments?post=14765"}],"version-history":[{"count":0,"href":"https:\/\/www.silutesnaujienos.lt\/lt\/wp-json\/wp\/v2\/posts\/14765\/revisions"}],"wp:attachment":[{"href":"https:\/\/www.silutesnaujienos.lt\/lt\/wp-json\/wp\/v2\/media?parent=14765"}],"wp:term":[{"taxonomy":"category","embeddable":true,"href":"https:\/\/www.silutesnaujienos.lt\/lt\/wp-json\/wp\/v2\/categories?post=14765"},{"taxonomy":"post_tag","embeddable":true,"href":"https:\/\/www.silutesnaujienos.lt\/lt\/wp-json\/wp\/v2\/tags?post=14765"}],"curies":[{"name":"wp","href":"https:\/\/api.w.org\/{rel}","templated":true}]}}