{"id":14770,"date":"2015-10-07T17:00:00","date_gmt":"2015-10-07T19:00:00","guid":{"rendered":"https:\/\/www.silutesnaujienos.lt\/lt\/rusne-nuskambejo-visame-pasaulyje-ant-atmatos-kranto-paminklas-dvieju-bendrazygiu-kurtam-laisvam-pasauliui\/"},"modified":"2015-10-07T17:00:00","modified_gmt":"2015-10-07T19:00:00","slug":"rusne-nuskambejo-visame-pasaulyje-ant-atmatos-kranto-paminklas-dvieju-bendrazygiu-kurtam-laisvam-pasauliui","status":"publish","type":"post","link":"https:\/\/www.silutesnaujienos.lt\/lt\/rusne-nuskambejo-visame-pasaulyje-ant-atmatos-kranto-paminklas-dvieju-bendrazygiu-kurtam-laisvam-pasauliui\/","title":{"rendered":"Rusn\u0117 nuskamb\u0117jo visame pasaulyje Ant Atmatos kranto &#8211; paminklas dviej\u0173 bendra\u017eygi\u0173 kurtam laisvam pasauliui"},"content":{"rendered":"<p><a target=\"_blank\" rel=\"caption[Laimindamas paminkl\u0105 M.Gand\u017eiui ir H.Kalenbachui, nusiav\u0119s batus prie jo suklupo i\u0161 tolimosios Indijos atvyk\u0119s M.Gand\u017eio an\u016bkas T.Gandhi.] noopener noreferrer\" class=\"jcepopup\" href=\"\/\/silutesnaujienos.lt\/images\/stories\/2015\/SPALIS\/06\/PAMINKLAS_2.jpg\" data-rel=\"lightbox-gallery-QQvpV3xS\" data-rl_title=\"\" data-rl_caption=\"\"><img loading=\"lazy\" decoding=\"async\" style=\"margin: 5px; float: left;\" class=\"caption\" title=\"\" alt=\"PAMINKLAS 2\" src=\"\/\/silutesnaujienos.lt\/images\/stories\/2015\/SPALIS\/06\/thumbnails\/thumb_PAMINKLAS_2.jpg\" height=\"161\" width=\"214\" \/><\/a><strong>Id\u0117ja, apie kuri\u0105 \u0160ilut\u0117je prabilta vos prie\u0161 metus, jau virto k\u016bnu &#8211; penktadien\u012f Rusn\u0117je buvo i\u0161kilmingai atidengtas paminklas Lietuvos ir Indijos draugystei, t.y., dviej\u0173 \u0161i\u0173 taut\u0173 atstov\u0173 &#8211; indo Mahatmos Gand\u017eio (Mahatma Gandhi) ir i\u0161 Rusn\u0117s kilusio Hermano Kalenbacho (Hermann Kallenbach) bi\u010diulystei.<\/strong><strong><br \/><\/strong><br \/>Spalio 2-oji \u0161iam \u012fvykiui pasirinkta neatsitiktinai &#8211; t\u0105dien buvo minimos 146-osios M.Gand\u017eio gimimo metin\u0117s.<a target=\"_blank\" rel=\"caption[Paminklo atidengimo ceremonijoje dalyvavo auk\u0161ti Lietuvos Vyriausyb\u0117s vadovai, rajono vald\u017eia, buvo gausu ir Indijos bei Izraelio taut\u0173 atstov\u0173, atvyko \u0161ali\u0173 ambasadoriai, paminklo statybos r\u0117m\u0117jai.] noopener noreferrer\" class=\"jcepopup\" href=\"\/\/silutesnaujienos.lt\/images\/stories\/2015\/SPALIS\/06\/paminklas_ganzdiui_atidengtas.jpg\" data-rel=\"lightbox-gallery-QQvpV3xS\" data-rl_title=\"\" data-rl_caption=\"\"><img loading=\"lazy\" decoding=\"async\" style=\"float: right;\" class=\"caption\" title=\"\" alt=\"paminklas ganzdiui atidengtas\" src=\"\/\/silutesnaujienos.lt\/images\/stories\/2015\/SPALIS\/06\/thumbnails\/thumb_paminklas_ganzdiui_atidengtas.jpg\" height=\"230\" width=\"307\" \/><\/a><\/p>\n<p>Tiek auk\u0161t\u0173 sve\u010di\u0173, juolab &#8211; u\u017esienie\u010di\u0173, Rusn\u0117, ko gero, dar nebuvo reg\u0117jusi per vis\u0105 savo gyvavimo laikotarp\u012f. \u012e miestel\u012f pl\u016bdo ne tik \u0161iluti\u0161kiai, bet ir i\u0161 kit\u0173 \u0161alies vietovi\u0173 atvyk\u0119 smalsuoliai, auk\u0161ti Lietuvos Vyriausyb\u0117s vadovai, rajono vald\u017eia, buvo gausu ir Indijos bei Izraelio taut\u0173 atstov\u0173, atvyko Lietuvos ir Indijos \u0161ali\u0173 ambasadoriai, paminklo statybos r\u0117m\u0117jai, respublikini\u0173 ir Indijos televizij\u0173 bei pasaulini\u0173 dienra\u0161\u010di\u0173 &#8211; Indijos TV kompanijos CNN-IBN bei Indijos dienra\u0161\u010dio \u201eThe Telegraph\u201c \u017eurnalist\u0173 komandos.<\/p>\n<p>O kur dar b\u016briai vietini\u0173 rusni\u0161ki\u0173, irgi nenor\u0117jusi\u0173 praleisti j\u0173 \u017eem\u0117je vykstan\u010dio \u012fvykio ir sve\u010diams surengusi\u0173 pamario \u017evej\u0173 vai\u0161es?..<\/p>\n<p>Tad \u012fvykis buvo neeilinis ir \u017emoni\u0173 ant Atmatoskranto t\u0105dien buvo ypa\u010d tir\u0161ta.<\/p>\n<p><strong>Susirinko \u0161v\u0119sti M.Gand\u017eio gimtadien\u012f<\/strong><\/p>\n<p>Gra\u017eiai sutvarkytoje Atmatos up\u0117s krantin\u0117je dar gerokai iki renginio prad\u017eios buvo gausu rusni\u0161ki\u0173. Patogesn\u0117s vietel\u0117s beie\u0161kantys rusni\u0161kiai g\u0117r\u0117josi Atmatoje surengtu laiv\u0173 paradu, d\u017eiaug\u0117si, kad miestelyje tur\u0117s dar vien\u0105 gra\u017e\u0173 kampel\u012f ir tarpusavyje kalb\u0117josi, kad \u201ejei ir daugiau toki\u0173 viet\u0173 bus, niekam nuo to blogiau nebus\u201c.<\/p>\n<p><a target=\"_blank\" rel=\"caption[Rengin\u012f vedusi \u017eurnalist\u0117, V\u0161\u012e \u201eKi\u0161ki\u0173 garb\u0117\u201c vadov\u0117 E.Milda\u017eyt\u0117 pristat\u0117 daug auk\u0161t\u0173 sve\u010di\u0173 i\u0161 Indijos ir Izraelio.] noopener noreferrer\" class=\"jcepopup\" href=\"\/\/silutesnaujienos.lt\/images\/stories\/2015\/SPALIS\/06\/PAMINKLAS_1.jpg\" data-rel=\"lightbox-gallery-QQvpV3xS\" data-rl_title=\"\" data-rl_caption=\"\"><img loading=\"lazy\" decoding=\"async\" style=\"margin: 5px; float: left;\" class=\"caption\" title=\"\" alt=\"PAMINKLAS 1\" src=\"\/\/silutesnaujienos.lt\/images\/stories\/2015\/SPALIS\/06\/thumbnails\/thumb_PAMINKLAS_1.jpg\" height=\"230\" width=\"307\" \/><\/a>Nev\u0117lavo ir i\u0161 tolo matomu eskortu su garsin\u0117mis sirenomis bei \u0161vytur\u0117liais atskub\u0117j\u0119s, apsauginink\u0173 apsuptas premjeras Algirdas Butkevi\u010dius su \u017emona Janina, kiti sve\u010diai, kuri\u0173 eisen\u0105 prie paminklo atved\u0117 mar\u0161us trenkiantis orkestras \u201ePamarys\u201c.<br \/>Rengin\u012f ved\u0117 paminklo statybos iniciatyvos autor\u0117, V\u0161\u012e \u201eKi\u0161ki\u0173 garb\u0117\u201c vadov\u0117, \u017eurnalist\u0117 Edita Milda\u017eyt\u0117. Kreipdamasi \u012f gaus\u0173 susirinkusi\u0173j\u0173 b\u016br\u012f ji sak\u0117, jog \u0161\u012fkart M.Gand\u017eio gimtadien\u012f visi susirinko \u0161v\u0119sti i\u0161ties ne\u012fprastoje vietoje &#8211; Rusn\u0117je, kur nuo \u0161iol stov\u0117s Indijos nacionalinio didvyrio, taikaus pasiprie\u0161inimo iniciatoriaus M.Gand\u017eio ir jo bendramin\u010dio, i\u0161 Rusn\u0117s kilusio \u017eyd\u0173 tautyb\u0117s architekto H.Kalenbacho skulpt\u016bra.<\/p>\n<p>Be paliovos spragsint fotoaparatams ir burzgiant filmavimo kameroms nuo skulptoriaus Romualdo Kvinto sukurto paminklo nukrito baltas audeklas, atidengdamas vienas \u0161alia kito stovin\u010dius du dviej\u0173 taut\u0173 vyrus.<\/p>\n<p>Pirmasis \u017eod\u012f tar\u0119s A.Butkevi\u010dius sak\u0117, jog spalio 2-oji &#8211; d\u017eiugi diena ir Lietuvai, ir Indijai, ir Piet\u0173 Afrikos Respublikai, ir Rusnei, nes \u012fgyvendinta kelerius metus puosel\u0117ta id\u0117ja. J\u0105 \u012fgyvendindami mes pagerbiame ne tik prie\u0161 146 metus gimus\u012f, Indijos tautos t\u0117vu vadinam\u0105 M.Gand\u012f, bet ir Ma\u017eosios Lietuvos s\u016bn\u0173, jo artim\u0105 draug\u0105 H.Kalenbach\u0105, su kuriuo jis susitiko Piet\u0173 Afrikos Respublikoje ir kartu su juo skleid\u0117 pasauliui taikos id\u0117j\u0105.<\/p>\n<p>M.Gandis, pasak ministro pirmininko, tai \u017emogus, kurio \u012ftaka viso pasaulio istorijai yra sunkiai nusakoma. Jis ir pats, ko gero, negal\u0117jo \u012fsivaizduoti, kad jo tarti \u017eod\u017eiai i\u0161liks iki \u0161iol.<\/p>\n<p>\u201e\u0160i dviej\u0173 draug\u0173 skulpt\u016bra &#8211; paminklas Lietuvos ir Indijos draugystei\u201c, &#8211; sak\u0117 A.Butkevi\u010dius. Jis d\u0117kojo id\u0117jos autoriams ir skulptoriui R.Kvintui, kuri\u0173 d\u0117ka nuo \u0161iol Rusn\u0117s vardas skamb\u0117s visoje Lietuvoje.<\/p>\n<p>Tiesa, ne tik Lietuvoje: E.Milda\u017eyt\u0117 sak\u0117, kad jau paminklo atidengimo i\u0161vakar\u0117se du dideli straipsniai apie \u0161\u012f \u012fvyk\u012f buvo pasirod\u0119 Indijos laikra\u0161\u010diuose.<\/p>\n<p><strong>Sve\u010diai d\u0117kojo Rusnei ir r\u0117m\u0117jams<\/strong><\/p>\n<p>Indijos \u017eem\u0117s \u016bkio jaunesnysis ministras Mohanbhai Kundariya kalb\u0117jo, jog \u0161io renginio dalyviai dalyvauja atidengiant monument\u0105, kuris pagerbia ne tik M.Gand\u012f ir jo bi\u010diul\u012f bei kompanion\u0105 H.Kalenbach\u0105, bet ir j\u0173 draugyst\u0119, simbolizuoja glaud\u0173 Lietuvos ir Indijos bendradarbiavim\u0105. \u0160is monumentas primena dviej\u0173 bendra\u017eygi\u0173 kurt\u0105 laisv\u0105 pasaul\u012f, kuriuo abu jie tik\u0117jo, abu suprato taikaus pasiprie\u0161inimo vert\u0119 ir pavert\u0117 pasaul\u012f geresne vieta.<\/p>\n<p>\u201ePra\u0117jus 44 metams po to, kai buvo atkurta Indijos nepriklausomyb\u0117, \u0161\u012f keli\u0105 pra\u0117jo ir Lietuva, Lietuvos \u017emon\u0117s susivienijo su kaimynin\u0117mis Baltijos valstyb\u0117mis\u201c, &#8211; nepriekai\u0161tingas \u017einias apie m\u016bs\u0173 \u0161alies istorij\u0105 demonstravo sve\u010dias.<\/p>\n<p>Jis ypa\u010d d\u0117kojo Lietuvos ambasadoriui Indijoje Laimonui Tallat &#8211; Kelp\u0161ai u\u017e \u0161ios id\u0117jos palaikym\u0105 ir pagalb\u0105 j\u0105 \u012fgyvendinant.<\/p>\n<p>Vienos did\u017eiausi\u0173 Indijos farmacijos kompanij\u0173 \u201eCipla\u201c savininkas ir paminklo pagrindinis mecenatas dr. Yusuf K.Hamied su \u017emona \u012f ceremonij\u0105 atvyko i\u0161 Londono. Vilniuje gim\u0119s sve\u010dias prisimin\u0117 daug M.Gand\u017eio ir H.Kalenbacho pa\u017einties bei savo \u0161eimos istorijos fakt\u0173.<\/p>\n<p>Ministro pirmininko pasi\u016blym\u0105 pastatyti paminkl\u0105 \u0161iems dviem bendramin\u010diams dr. Y.K.Hamied gavo 2014-\u0173j\u0173 spal\u012f lankydamasis Lietuvoje. Jis pasid\u017eiaug\u0117, kad id\u0117j\u0105 per metus pavyko \u012fgyvendinti.<\/p>\n<p>M.Gand\u017eio vaikaitis Tushar Gandhi atvyko i\u0161 Indijos, kur ir dabar vadovauja M.Gand\u017eio fondui. Jis sak\u0117, jog Rusn\u0117s motyvas jo prosenelio gyvenime i\u0161ties buvo labai svarbus. \u201eD\u0117koju Rusnei rank\u0105 prid\u0117j\u0119s prie \u0161irdies\u201c, &#8211; sak\u0117 sve\u010dias, ir nusiav\u0119s batus suklupo paminklo pap\u0117d\u0117je, taip j\u012f laimindamas.<\/p>\n<p>Lietuvos \u017eyd\u0173 bendrijos pirminink\u0117 Faina Kukliansky pasteb\u0117jo, jog H.Kalenbachas \u012fne\u0161\u0117 didel\u012f ind\u0117l\u012f, kad visas pasaulis su\u017einot\u0173 apie Lietuv\u0105.<\/p>\n<p>H.Kalenbacho dukter\u0117\u010dios an\u016bkas (pats Kalenbachas vaik\u0173 netur\u0117jo) ir Kalenbach\u0173 \u0161eimos archyvo serg\u0117tojas Eli Sarid, atvyk\u0119s i\u0161 Izraelio kalb\u0117jo, jog jei \u0161\u012f moment\u0105 matyt\u0173 jo mama, ji b\u016bt\u0173 labai laiminga. \u201eMeil\u0117 u\u017ekre\u010diama, M.Gand\u017eio pasaulyje paskleista meil\u0117 jam sugr\u012f\u017eo su kaupu\u201c, &#8211; sak\u0117 jis.<\/p>\n<p><strong>Rusni\u0161kiai vai\u0161ino \u017euviene<\/strong><\/p>\n<p>Rajono meras Vytautas Laurinaitis sak\u0117, kad b\u016bti liudininkais \u012fvykio, kai \u0161ios dvi i\u0161kilios asmenyb\u0117s \u012fsikuria did\u017eiausioje Lietuvos saloje, i\u0161skirtin\u0117je vietoje, kur susijungia dviej\u0173 upi\u0173 vagos, yra didel\u0117 garb\u0117 visai rajono bendruomenei. Jis d\u0117kojo id\u0117jos autoriams ir mecenatams.<\/p>\n<p>Rusn\u0117s \u017eemi\u0173 \u0161eiminink\u0117 seni\u016bn\u0117 Dalia Drobnien\u0117 d\u0117kojo ir istorikams, kurie visiems primin\u0117 j\u0173 kra\u0161to istorijos faktus, d\u0117kojo E.Milda\u017eyt\u0117s vadovaujamam fondui ir r\u0117m\u0117jams u\u017e tai, kad rusni\u0161kiai nuo \u0161iol tur\u0117s dar vien\u0105 gra\u017ei\u0105 viet\u0105, ir dovanojo sve\u010diams \u201eRusn\u0117s g\u0117l\u0117mis\u201c vadinam\u0173 r\u016bkyt\u0173 \u017euv\u0173.<\/p>\n<p>Pasibaigus oficialiajai renginio daliai visas gausus sve\u010di\u0173 b\u016brys buvo pavai\u0161intas tradiciniu \u0161io kra\u0161to patiekalu &#8211; \u017euviene, kuri\u0105 \u010dia pat ant up\u0117s kranto vir\u0117 rusni\u0161kiai.&nbsp; &nbsp;&nbsp;&nbsp;&nbsp;&nbsp;&nbsp;&nbsp;&nbsp;&nbsp;&nbsp;&nbsp;&nbsp;&nbsp;&nbsp;&nbsp;<\/p>\n<p>&nbsp;<\/p>\n","protected":false},"excerpt":{"rendered":"<p>Id\u0117ja, apie kuri\u0105 \u0160ilut\u0117je prabilta vos prie\u0161 metus, jau virto k\u016bnu &#8211; penktadien\u012f Rusn\u0117je buvo i\u0161kilmingai atidengtas paminklas Lietuvos ir Indijos draugystei, t.y., dviej\u0173 \u0161i\u0173 taut\u0173 atstov\u0173 &#8211; indo Mahatmos Gand\u017eio (Mahatma Gandhi) ir i\u0161 Rusn\u0117s kilusio Hermano Kalenbacho (Hermann Kallenbach) bi\u010diulystei.Spalio 2-oji \u0161iam \u012fvykiui pasirinkta neatsitiktinai &#8211; t\u0105dien buvo minimos 146-osios M.Gand\u017eio gimimo metin\u0117s. [&hellip;]<\/p>\n","protected":false},"author":1,"featured_media":0,"comment_status":"open","ping_status":"open","sticky":false,"template":"","format":"standard","meta":{"footnotes":""},"categories":[2],"tags":[],"class_list":{"0":"post-14770","1":"post","2":"type-post","3":"status-publish","4":"format-standard","6":"category-aktualijos"},"yoast_head":"<!-- This site is optimized with the Yoast SEO plugin v27.5 - https:\/\/yoast.com\/product\/yoast-seo-wordpress\/ -->\n<title>Rusn\u0117 nuskamb\u0117jo visame pasaulyje Ant Atmatos kranto - paminklas dviej\u0173 bendra\u017eygi\u0173 kurtam laisvam pasauliui - \u0160ilut\u0117s naujienos<\/title>\n<meta name=\"robots\" content=\"index, follow, max-snippet:-1, max-image-preview:large, max-video-preview:-1\" \/>\n<link rel=\"canonical\" href=\"https:\/\/www.silutesnaujienos.lt\/lt\/rusne-nuskambejo-visame-pasaulyje-ant-atmatos-kranto-paminklas-dvieju-bendrazygiu-kurtam-laisvam-pasauliui\/\" \/>\n<meta property=\"og:locale\" content=\"lt_LT\" \/>\n<meta property=\"og:type\" content=\"article\" \/>\n<meta property=\"og:title\" content=\"Rusn\u0117 nuskamb\u0117jo visame pasaulyje Ant Atmatos kranto - paminklas dviej\u0173 bendra\u017eygi\u0173 kurtam laisvam pasauliui - \u0160ilut\u0117s naujienos\" \/>\n<meta property=\"og:description\" content=\"Id\u0117ja, apie kuri\u0105 \u0160ilut\u0117je prabilta vos prie\u0161 metus, jau virto k\u016bnu &#8211; penktadien\u012f Rusn\u0117je buvo i\u0161kilmingai atidengtas paminklas Lietuvos ir Indijos draugystei, t.y., dviej\u0173 \u0161i\u0173 taut\u0173 atstov\u0173 &#8211; indo Mahatmos Gand\u017eio (Mahatma Gandhi) ir i\u0161 Rusn\u0117s kilusio Hermano Kalenbacho (Hermann Kallenbach) bi\u010diulystei.Spalio 2-oji \u0161iam \u012fvykiui pasirinkta neatsitiktinai &#8211; t\u0105dien buvo minimos 146-osios M.Gand\u017eio gimimo metin\u0117s. [&hellip;]\" \/>\n<meta property=\"og:url\" content=\"https:\/\/www.silutesnaujienos.lt\/lt\/rusne-nuskambejo-visame-pasaulyje-ant-atmatos-kranto-paminklas-dvieju-bendrazygiu-kurtam-laisvam-pasauliui\/\" \/>\n<meta property=\"og:site_name\" content=\"\u0160ilut\u0117s naujienos\" \/>\n<meta property=\"article:publisher\" content=\"https:\/\/www.facebook.com\/silutes.naujienos\/\" \/>\n<meta property=\"article:published_time\" content=\"2015-10-07T19:00:00+00:00\" \/>\n<meta property=\"og:image\" content=\"\/\/silutesnaujienos.lt\/images\/stories\/2015\/SPALIS\/06\/thumbnails\/thumb_PAMINKLAS_2.jpg\" \/>\n<meta name=\"author\" content=\"\u0160ilut\u0117s naujien\u0173 inf.\" \/>\n<meta name=\"twitter:card\" content=\"summary_large_image\" \/>\n<meta name=\"twitter:label1\" content=\"Written by\" \/>\n\t<meta name=\"twitter:data1\" content=\"\u0160ilut\u0117s naujien\u0173 inf.\" \/>\n\t<meta name=\"twitter:label2\" content=\"Est. reading time\" \/>\n\t<meta name=\"twitter:data2\" content=\"5 minut\u0117s\" \/>\n<script type=\"application\/ld+json\" class=\"yoast-schema-graph\">{\"@context\":\"https:\\\/\\\/schema.org\",\"@graph\":[{\"@type\":\"Article\",\"@id\":\"https:\\\/\\\/www.silutesnaujienos.lt\\\/lt\\\/rusne-nuskambejo-visame-pasaulyje-ant-atmatos-kranto-paminklas-dvieju-bendrazygiu-kurtam-laisvam-pasauliui\\\/#article\",\"isPartOf\":{\"@id\":\"https:\\\/\\\/www.silutesnaujienos.lt\\\/lt\\\/rusne-nuskambejo-visame-pasaulyje-ant-atmatos-kranto-paminklas-dvieju-bendrazygiu-kurtam-laisvam-pasauliui\\\/\"},\"author\":{\"name\":\"\u0160ilut\u0117s naujien\u0173 inf.\",\"@id\":\"https:\\\/\\\/www.silutesnaujienos.lt\\\/lt\\\/#\\\/schema\\\/person\\\/232f475ddd4a7b5f49b3abc788b17e83\"},\"headline\":\"Rusn\u0117 nuskamb\u0117jo visame pasaulyje Ant Atmatos kranto &#8211; paminklas dviej\u0173 bendra\u017eygi\u0173 kurtam laisvam pasauliui\",\"datePublished\":\"2015-10-07T19:00:00+00:00\",\"mainEntityOfPage\":{\"@id\":\"https:\\\/\\\/www.silutesnaujienos.lt\\\/lt\\\/rusne-nuskambejo-visame-pasaulyje-ant-atmatos-kranto-paminklas-dvieju-bendrazygiu-kurtam-laisvam-pasauliui\\\/\"},\"wordCount\":1081,\"commentCount\":0,\"publisher\":{\"@id\":\"https:\\\/\\\/www.silutesnaujienos.lt\\\/lt\\\/#organization\"},\"articleSection\":[\"Aktualijos\"],\"inLanguage\":\"lt-LT\",\"potentialAction\":[{\"@type\":\"CommentAction\",\"name\":\"Comment\",\"target\":[\"https:\\\/\\\/www.silutesnaujienos.lt\\\/lt\\\/rusne-nuskambejo-visame-pasaulyje-ant-atmatos-kranto-paminklas-dvieju-bendrazygiu-kurtam-laisvam-pasauliui\\\/#respond\"]}]},{\"@type\":\"WebPage\",\"@id\":\"https:\\\/\\\/www.silutesnaujienos.lt\\\/lt\\\/rusne-nuskambejo-visame-pasaulyje-ant-atmatos-kranto-paminklas-dvieju-bendrazygiu-kurtam-laisvam-pasauliui\\\/\",\"url\":\"https:\\\/\\\/www.silutesnaujienos.lt\\\/lt\\\/rusne-nuskambejo-visame-pasaulyje-ant-atmatos-kranto-paminklas-dvieju-bendrazygiu-kurtam-laisvam-pasauliui\\\/\",\"name\":\"Rusn\u0117 nuskamb\u0117jo visame pasaulyje Ant Atmatos kranto - paminklas dviej\u0173 bendra\u017eygi\u0173 kurtam laisvam pasauliui - \u0160ilut\u0117s naujienos\",\"isPartOf\":{\"@id\":\"https:\\\/\\\/www.silutesnaujienos.lt\\\/lt\\\/#website\"},\"datePublished\":\"2015-10-07T19:00:00+00:00\",\"breadcrumb\":{\"@id\":\"https:\\\/\\\/www.silutesnaujienos.lt\\\/lt\\\/rusne-nuskambejo-visame-pasaulyje-ant-atmatos-kranto-paminklas-dvieju-bendrazygiu-kurtam-laisvam-pasauliui\\\/#breadcrumb\"},\"inLanguage\":\"lt-LT\",\"potentialAction\":[{\"@type\":\"ReadAction\",\"target\":[\"https:\\\/\\\/www.silutesnaujienos.lt\\\/lt\\\/rusne-nuskambejo-visame-pasaulyje-ant-atmatos-kranto-paminklas-dvieju-bendrazygiu-kurtam-laisvam-pasauliui\\\/\"]}]},{\"@type\":\"BreadcrumbList\",\"@id\":\"https:\\\/\\\/www.silutesnaujienos.lt\\\/lt\\\/rusne-nuskambejo-visame-pasaulyje-ant-atmatos-kranto-paminklas-dvieju-bendrazygiu-kurtam-laisvam-pasauliui\\\/#breadcrumb\",\"itemListElement\":[{\"@type\":\"ListItem\",\"position\":1,\"name\":\"Home\",\"item\":\"https:\\\/\\\/www.silutesnaujienos.lt\\\/lt\\\/\"},{\"@type\":\"ListItem\",\"position\":2,\"name\":\"Rusn\u0117 nuskamb\u0117jo visame pasaulyje Ant Atmatos kranto &#8211; paminklas dviej\u0173 bendra\u017eygi\u0173 kurtam laisvam pasauliui\"}]},{\"@type\":\"WebSite\",\"@id\":\"https:\\\/\\\/www.silutesnaujienos.lt\\\/lt\\\/#website\",\"url\":\"https:\\\/\\\/www.silutesnaujienos.lt\\\/lt\\\/\",\"name\":\"\u0160ilut\u0117s naujienos\",\"description\":\"B\u016bk ant naujien\u0173 bangos!\",\"publisher\":{\"@id\":\"https:\\\/\\\/www.silutesnaujienos.lt\\\/lt\\\/#organization\"},\"potentialAction\":[{\"@type\":\"SearchAction\",\"target\":{\"@type\":\"EntryPoint\",\"urlTemplate\":\"https:\\\/\\\/www.silutesnaujienos.lt\\\/lt\\\/?s={search_term_string}\"},\"query-input\":{\"@type\":\"PropertyValueSpecification\",\"valueRequired\":true,\"valueName\":\"search_term_string\"}}],\"inLanguage\":\"lt-LT\"},{\"@type\":\"Organization\",\"@id\":\"https:\\\/\\\/www.silutesnaujienos.lt\\\/lt\\\/#organization\",\"name\":\"\u0160ilut\u0117s naujienos\",\"url\":\"https:\\\/\\\/www.silutesnaujienos.lt\\\/lt\\\/\",\"logo\":{\"@type\":\"ImageObject\",\"inLanguage\":\"lt-LT\",\"@id\":\"https:\\\/\\\/www.silutesnaujienos.lt\\\/lt\\\/#\\\/schema\\\/logo\\\/image\\\/\",\"url\":\"https:\\\/\\\/www.silutesnaujienos.lt\\\/lt\\\/wp-content\\\/uploads\\\/2020\\\/06\\\/FB_MAIN.jpg\",\"contentUrl\":\"https:\\\/\\\/www.silutesnaujienos.lt\\\/lt\\\/wp-content\\\/uploads\\\/2020\\\/06\\\/FB_MAIN.jpg\",\"width\":1700,\"height\":956,\"caption\":\"\u0160ilut\u0117s naujienos\"},\"image\":{\"@id\":\"https:\\\/\\\/www.silutesnaujienos.lt\\\/lt\\\/#\\\/schema\\\/logo\\\/image\\\/\"},\"sameAs\":[\"https:\\\/\\\/www.facebook.com\\\/silutes.naujienos\\\/\",\"https:\\\/\\\/www.youtube.com\\\/channel\\\/UCxW-cgrJDt8GxIMxSTAfJZg\"]},{\"@type\":\"Person\",\"@id\":\"https:\\\/\\\/www.silutesnaujienos.lt\\\/lt\\\/#\\\/schema\\\/person\\\/232f475ddd4a7b5f49b3abc788b17e83\",\"name\":\"\u0160ilut\u0117s naujien\u0173 inf.\",\"image\":{\"@type\":\"ImageObject\",\"inLanguage\":\"lt-LT\",\"@id\":\"https:\\\/\\\/www.silutesnaujienos.lt\\\/lt\\\/wp-content\\\/uploads\\\/2020\\\/06\\\/favicon.png\",\"url\":\"https:\\\/\\\/www.silutesnaujienos.lt\\\/lt\\\/wp-content\\\/uploads\\\/2020\\\/06\\\/favicon.png\",\"contentUrl\":\"https:\\\/\\\/www.silutesnaujienos.lt\\\/lt\\\/wp-content\\\/uploads\\\/2020\\\/06\\\/favicon.png\",\"caption\":\"\u0160ilut\u0117s naujien\u0173 inf.\"},\"sameAs\":[\"https:\\\/\\\/www.silutesnaujienos.lt\\\/lt\"],\"url\":\"https:\\\/\\\/www.silutesnaujienos.lt\\\/lt\\\/author\\\/ruta\\\/\"}]}<\/script>\n<!-- \/ Yoast SEO plugin. -->","yoast_head_json":{"title":"Rusn\u0117 nuskamb\u0117jo visame pasaulyje Ant Atmatos kranto - paminklas dviej\u0173 bendra\u017eygi\u0173 kurtam laisvam pasauliui - \u0160ilut\u0117s naujienos","robots":{"index":"index","follow":"follow","max-snippet":"max-snippet:-1","max-image-preview":"max-image-preview:large","max-video-preview":"max-video-preview:-1"},"canonical":"https:\/\/www.silutesnaujienos.lt\/lt\/rusne-nuskambejo-visame-pasaulyje-ant-atmatos-kranto-paminklas-dvieju-bendrazygiu-kurtam-laisvam-pasauliui\/","og_locale":"lt_LT","og_type":"article","og_title":"Rusn\u0117 nuskamb\u0117jo visame pasaulyje Ant Atmatos kranto - paminklas dviej\u0173 bendra\u017eygi\u0173 kurtam laisvam pasauliui - \u0160ilut\u0117s naujienos","og_description":"Id\u0117ja, apie kuri\u0105 \u0160ilut\u0117je prabilta vos prie\u0161 metus, jau virto k\u016bnu &#8211; penktadien\u012f Rusn\u0117je buvo i\u0161kilmingai atidengtas paminklas Lietuvos ir Indijos draugystei, t.y., dviej\u0173 \u0161i\u0173 taut\u0173 atstov\u0173 &#8211; indo Mahatmos Gand\u017eio (Mahatma Gandhi) ir i\u0161 Rusn\u0117s kilusio Hermano Kalenbacho (Hermann Kallenbach) bi\u010diulystei.Spalio 2-oji \u0161iam \u012fvykiui pasirinkta neatsitiktinai &#8211; t\u0105dien buvo minimos 146-osios M.Gand\u017eio gimimo metin\u0117s. [&hellip;]","og_url":"https:\/\/www.silutesnaujienos.lt\/lt\/rusne-nuskambejo-visame-pasaulyje-ant-atmatos-kranto-paminklas-dvieju-bendrazygiu-kurtam-laisvam-pasauliui\/","og_site_name":"\u0160ilut\u0117s naujienos","article_publisher":"https:\/\/www.facebook.com\/silutes.naujienos\/","article_published_time":"2015-10-07T19:00:00+00:00","og_image":[{"url":"\/\/silutesnaujienos.lt\/images\/stories\/2015\/SPALIS\/06\/thumbnails\/thumb_PAMINKLAS_2.jpg","type":"","width":"","height":""}],"author":"\u0160ilut\u0117s naujien\u0173 inf.","twitter_card":"summary_large_image","twitter_misc":{"Written by":"\u0160ilut\u0117s naujien\u0173 inf.","Est. reading time":"5 minut\u0117s"},"schema":{"@context":"https:\/\/schema.org","@graph":[{"@type":"Article","@id":"https:\/\/www.silutesnaujienos.lt\/lt\/rusne-nuskambejo-visame-pasaulyje-ant-atmatos-kranto-paminklas-dvieju-bendrazygiu-kurtam-laisvam-pasauliui\/#article","isPartOf":{"@id":"https:\/\/www.silutesnaujienos.lt\/lt\/rusne-nuskambejo-visame-pasaulyje-ant-atmatos-kranto-paminklas-dvieju-bendrazygiu-kurtam-laisvam-pasauliui\/"},"author":{"name":"\u0160ilut\u0117s naujien\u0173 inf.","@id":"https:\/\/www.silutesnaujienos.lt\/lt\/#\/schema\/person\/232f475ddd4a7b5f49b3abc788b17e83"},"headline":"Rusn\u0117 nuskamb\u0117jo visame pasaulyje Ant Atmatos kranto &#8211; paminklas dviej\u0173 bendra\u017eygi\u0173 kurtam laisvam pasauliui","datePublished":"2015-10-07T19:00:00+00:00","mainEntityOfPage":{"@id":"https:\/\/www.silutesnaujienos.lt\/lt\/rusne-nuskambejo-visame-pasaulyje-ant-atmatos-kranto-paminklas-dvieju-bendrazygiu-kurtam-laisvam-pasauliui\/"},"wordCount":1081,"commentCount":0,"publisher":{"@id":"https:\/\/www.silutesnaujienos.lt\/lt\/#organization"},"articleSection":["Aktualijos"],"inLanguage":"lt-LT","potentialAction":[{"@type":"CommentAction","name":"Comment","target":["https:\/\/www.silutesnaujienos.lt\/lt\/rusne-nuskambejo-visame-pasaulyje-ant-atmatos-kranto-paminklas-dvieju-bendrazygiu-kurtam-laisvam-pasauliui\/#respond"]}]},{"@type":"WebPage","@id":"https:\/\/www.silutesnaujienos.lt\/lt\/rusne-nuskambejo-visame-pasaulyje-ant-atmatos-kranto-paminklas-dvieju-bendrazygiu-kurtam-laisvam-pasauliui\/","url":"https:\/\/www.silutesnaujienos.lt\/lt\/rusne-nuskambejo-visame-pasaulyje-ant-atmatos-kranto-paminklas-dvieju-bendrazygiu-kurtam-laisvam-pasauliui\/","name":"Rusn\u0117 nuskamb\u0117jo visame pasaulyje Ant Atmatos kranto - paminklas dviej\u0173 bendra\u017eygi\u0173 kurtam laisvam pasauliui - \u0160ilut\u0117s naujienos","isPartOf":{"@id":"https:\/\/www.silutesnaujienos.lt\/lt\/#website"},"datePublished":"2015-10-07T19:00:00+00:00","breadcrumb":{"@id":"https:\/\/www.silutesnaujienos.lt\/lt\/rusne-nuskambejo-visame-pasaulyje-ant-atmatos-kranto-paminklas-dvieju-bendrazygiu-kurtam-laisvam-pasauliui\/#breadcrumb"},"inLanguage":"lt-LT","potentialAction":[{"@type":"ReadAction","target":["https:\/\/www.silutesnaujienos.lt\/lt\/rusne-nuskambejo-visame-pasaulyje-ant-atmatos-kranto-paminklas-dvieju-bendrazygiu-kurtam-laisvam-pasauliui\/"]}]},{"@type":"BreadcrumbList","@id":"https:\/\/www.silutesnaujienos.lt\/lt\/rusne-nuskambejo-visame-pasaulyje-ant-atmatos-kranto-paminklas-dvieju-bendrazygiu-kurtam-laisvam-pasauliui\/#breadcrumb","itemListElement":[{"@type":"ListItem","position":1,"name":"Home","item":"https:\/\/www.silutesnaujienos.lt\/lt\/"},{"@type":"ListItem","position":2,"name":"Rusn\u0117 nuskamb\u0117jo visame pasaulyje Ant Atmatos kranto &#8211; paminklas dviej\u0173 bendra\u017eygi\u0173 kurtam laisvam pasauliui"}]},{"@type":"WebSite","@id":"https:\/\/www.silutesnaujienos.lt\/lt\/#website","url":"https:\/\/www.silutesnaujienos.lt\/lt\/","name":"\u0160ilut\u0117s naujienos","description":"B\u016bk ant naujien\u0173 bangos!","publisher":{"@id":"https:\/\/www.silutesnaujienos.lt\/lt\/#organization"},"potentialAction":[{"@type":"SearchAction","target":{"@type":"EntryPoint","urlTemplate":"https:\/\/www.silutesnaujienos.lt\/lt\/?s={search_term_string}"},"query-input":{"@type":"PropertyValueSpecification","valueRequired":true,"valueName":"search_term_string"}}],"inLanguage":"lt-LT"},{"@type":"Organization","@id":"https:\/\/www.silutesnaujienos.lt\/lt\/#organization","name":"\u0160ilut\u0117s naujienos","url":"https:\/\/www.silutesnaujienos.lt\/lt\/","logo":{"@type":"ImageObject","inLanguage":"lt-LT","@id":"https:\/\/www.silutesnaujienos.lt\/lt\/#\/schema\/logo\/image\/","url":"https:\/\/www.silutesnaujienos.lt\/lt\/wp-content\/uploads\/2020\/06\/FB_MAIN.jpg","contentUrl":"https:\/\/www.silutesnaujienos.lt\/lt\/wp-content\/uploads\/2020\/06\/FB_MAIN.jpg","width":1700,"height":956,"caption":"\u0160ilut\u0117s naujienos"},"image":{"@id":"https:\/\/www.silutesnaujienos.lt\/lt\/#\/schema\/logo\/image\/"},"sameAs":["https:\/\/www.facebook.com\/silutes.naujienos\/","https:\/\/www.youtube.com\/channel\/UCxW-cgrJDt8GxIMxSTAfJZg"]},{"@type":"Person","@id":"https:\/\/www.silutesnaujienos.lt\/lt\/#\/schema\/person\/232f475ddd4a7b5f49b3abc788b17e83","name":"\u0160ilut\u0117s naujien\u0173 inf.","image":{"@type":"ImageObject","inLanguage":"lt-LT","@id":"https:\/\/www.silutesnaujienos.lt\/lt\/wp-content\/uploads\/2020\/06\/favicon.png","url":"https:\/\/www.silutesnaujienos.lt\/lt\/wp-content\/uploads\/2020\/06\/favicon.png","contentUrl":"https:\/\/www.silutesnaujienos.lt\/lt\/wp-content\/uploads\/2020\/06\/favicon.png","caption":"\u0160ilut\u0117s naujien\u0173 inf."},"sameAs":["https:\/\/www.silutesnaujienos.lt\/lt"],"url":"https:\/\/www.silutesnaujienos.lt\/lt\/author\/ruta\/"}]}},"publishpress_future_workflow_manual_trigger":{"enabledWorkflows":[]},"amp_enabled":true,"_links":{"self":[{"href":"https:\/\/www.silutesnaujienos.lt\/lt\/wp-json\/wp\/v2\/posts\/14770","targetHints":{"allow":["GET"]}}],"collection":[{"href":"https:\/\/www.silutesnaujienos.lt\/lt\/wp-json\/wp\/v2\/posts"}],"about":[{"href":"https:\/\/www.silutesnaujienos.lt\/lt\/wp-json\/wp\/v2\/types\/post"}],"author":[{"embeddable":true,"href":"https:\/\/www.silutesnaujienos.lt\/lt\/wp-json\/wp\/v2\/users\/1"}],"replies":[{"embeddable":true,"href":"https:\/\/www.silutesnaujienos.lt\/lt\/wp-json\/wp\/v2\/comments?post=14770"}],"version-history":[{"count":0,"href":"https:\/\/www.silutesnaujienos.lt\/lt\/wp-json\/wp\/v2\/posts\/14770\/revisions"}],"wp:attachment":[{"href":"https:\/\/www.silutesnaujienos.lt\/lt\/wp-json\/wp\/v2\/media?parent=14770"}],"wp:term":[{"taxonomy":"category","embeddable":true,"href":"https:\/\/www.silutesnaujienos.lt\/lt\/wp-json\/wp\/v2\/categories?post=14770"},{"taxonomy":"post_tag","embeddable":true,"href":"https:\/\/www.silutesnaujienos.lt\/lt\/wp-json\/wp\/v2\/tags?post=14770"}],"curies":[{"name":"wp","href":"https:\/\/api.w.org\/{rel}","templated":true}]}}