{"id":14795,"date":"2015-11-11T06:00:00","date_gmt":"2015-11-11T08:00:00","guid":{"rendered":"https:\/\/www.silutesnaujienos.lt\/lt\/zuvusiai-kolegei-atminti-zvakeles-uzdege-ir-silutes-socialiniai-darbuotojai\/"},"modified":"2015-11-11T06:00:00","modified_gmt":"2015-11-11T08:00:00","slug":"zuvusiai-kolegei-atminti-zvakeles-uzdege-ir-silutes-socialiniai-darbuotojai","status":"publish","type":"post","link":"https:\/\/www.silutesnaujienos.lt\/lt\/zuvusiai-kolegei-atminti-zvakeles-uzdege-ir-silutes-socialiniai-darbuotojai\/","title":{"rendered":"\u017duvusiai kolegei atminti \u017evakeles u\u017edeg\u0117 ir \u0160ilut\u0117s socialiniai darbuotojai"},"content":{"rendered":"<p><a target=\"_blank\" rel=\"caption[\u0160ilut\u0117s rajono socialin\u0117s darbuotojos ir j\u0173 pad\u0117j\u0117jos i\u0161rei\u0161k\u0117 nuo\u0161ird\u017ei\u0105 u\u017euojaut\u0105 \u017euvusios koleg\u0117s artimiesiems.] noopener noreferrer\" class=\"jcepopup\" href=\"\/\/silutesnaujienos.lt\/images\/stories\/2015\/LAPKRITIS\/11\/socialine_akcija_zvakutes.jpg\" data-rel=\"lightbox-gallery-27WQHrLv\" data-rl_title=\"\" data-rl_caption=\"\"><img loading=\"lazy\" decoding=\"async\" style=\"margin: 5px; float: left;\" class=\"caption\" title=\"\" alt=\"socialine akcija zvakutes\" src=\"\/\/silutesnaujienos.lt\/images\/stories\/2015\/LAPKRITIS\/11\/thumbnails\/thumb_socialine_akcija_zvakutes.jpg\" height=\"230\" width=\"307\" \/><\/a><strong>Kai pra\u0117jusi\u0105 savait\u0119 \u0161al\u012f apskriejo sukre\u010dianti \u017einia apie keturi\u0173 moter\u0173 tragi\u0161k\u0105 \u017e\u016bt\u012f Kelm\u0117s rajone, Kra\u017eiuose, visoje Lietuvoje netyla diskusijos apie pavojing\u0105 ir sud\u0117ting\u0105 socialini\u0173 darbuotoj\u0173 profesij\u0105.<br \/><\/strong><br \/><strong>Priminsime, kad tarp keturi\u0173 auk\u0173, \u017euvusi\u0173 nuo \u012ftariamo skerdiko rankos, buvo lankomosios prie\u017ei\u016bros darbuotoja Lilija.<\/strong><\/p>\n<p>Penkiasde\u0161imt dviej\u0173 met\u0173 moteris \u0161\u012f darb\u0105 dirbo vos metus. Iki tol gyveno Klaip\u0117doje ir tik sudominta nauju darbo pasi\u016blymu gr\u012f\u017eo \u012f gimtuosius Kra\u017eius. Deja, lapkri\u010dio 4-oji, tre\u010diadienis, aktyviai ir nepaprastai r\u016bpestingai Lilijai buvo paskutinis. Apie 10 val. ryto apsilankiusi pas vien\u0105 klien\u010di\u0173, ji buvo u\u017epulta ir nu\u017eudyta.<\/p>\n<p>Pra\u0117jus\u012f penktadien\u012f, lapkri\u010dio 6-\u0105j\u0105, 10 val. (tokiu paros laiku Kra\u017ei\u0173 socialin\u0117 darbuotoja lank\u0117si pas klient\u0119 ir netrukus buvo nu\u017eudyta), visa Lietuvos socialini\u0173 paslaug\u0173 srities darbuotoj\u0173 bendruomen\u0117, i\u0161gyvendama skaud\u017ei\u0105 netekt\u012f, prisijung\u0117 prie Lietuvos socialini\u0173 darbuotoj\u0173 asociacijos paskelbtos akcijos ir tylos minute bei u\u017edegtomis \u017evakel\u0117mis mintimis i\u0161siunt\u0117 nuo\u0161ird\u017ei\u0105 u\u017euojaut\u0105 \u017euvusios darbuotojos \u0161eimos nariams, artimiesiems ir bendradarbiams.<\/p>\n<p>\u012e nuo\u0161ird\u017ei\u0105 atminimo akcij\u0105 kviet\u0117 ir \u0160ilut\u0117s socialini\u0173 paslaug\u0173 centras. Kreipdamasis \u012f susirinkusias socialines darbuotojas ir j\u0173 pad\u0117j\u0117jas \u0160ilut\u0117s rajono savivaldyb\u0117s Socialin\u0117s paramos skyriaus ved\u0117jas Alvidas \u0160imelionis sak\u0117, kad \u0161is skaudus \u012fvykis kvie\u010dia daugel\u012f susim\u0105styti ir atkreipti d\u0117mes\u012f \u012f tai, kad socialinio darbuotojo darbas yra labai pavojingas.<\/p>\n<p>\u201eJei anks\u010diau akcentuodavome, kad darbas su rizikos \u0161eimomis ar psichin\u0119 negal\u0119 turin\u010diais asmenimis kiekvienam i\u0161 socialin\u012f darb\u0105 atliekan\u010di\u0173 darbuotoj\u0173 kelia daug emocini\u0173 i\u0161gyvenim\u0173, dabar matome dar skausmingesnius padarinius. Paprastas kliento aplankymas, savo pareigos nuo\u0161irdus atlikimas vienai i\u0161 darbuotoj\u0173 at\u0117m\u0117 gyvyb\u0119\u201c, &#8211; sak\u0117 A.\u0160imelionis.<\/p>\n<p>Anot Socialin\u0117s paramos skyriaus ved\u0117jo, \u0161is Lietuv\u0105 sukr\u0117t\u0119s \u012fvykis galb\u016bt pagaliau privers ir atsakingus vald\u017eios atstovus susim\u0105styti bei imtis tam tikr\u0173 veiksm\u0173, pad\u0117sian\u010di\u0173 bent i\u0161 dalies apsaugoti socialin\u012f darb\u0105 atliekan\u010dius asmenis.<a target=\"_blank\" class=\"jcepopup\" href=\"\/\/silutesnaujienos.lt\/images\/stories\/2015\/LAPKRITIS\/11\/socialine_akcija_darbuotojos.jpg\" rel=\"noopener noreferrer\" data-rel=\"lightbox-gallery-27WQHrLv\" data-rl_title=\"\" data-rl_caption=\"\" title=\"\"><img loading=\"lazy\" decoding=\"async\" style=\"margin: 5px; float: right;\" alt=\"socialine akcija darbuotojos\" src=\"\/\/silutesnaujienos.lt\/images\/stories\/2015\/LAPKRITIS\/11\/thumbnails\/thumb_socialine_akcija_darbuotojos.jpg\" height=\"230\" width=\"307\" \/><\/a><\/p>\n<p>\u201eDa\u017enai kalbame, jog socialinio darbuotojo profesija yra viena i\u0161 pavojingiausi\u0173\u201c, &#8211; sak\u0117 A.\u0160imelionis, prisimindamas, kaip prie\u0161 kelet\u0105 met\u0173 \u0160ilut\u0117s rajono savivaldyb\u0117s Socialin\u0117s paramos skyrius buvo nupirk\u0119s ir i\u0161dalin\u0119s socialiniams darbuotojams kelet\u0105 duj\u0173 balion\u0117li\u0173. Deja, t\u0105kart aplinkini\u0173 reakcija buvo gan skepti\u0161ka, kai kam net k\u0117l\u0117 pa\u0161aipas.<\/p>\n<p>O Kra\u017ei\u0173 tragedija dar kart\u0105 visiems primin\u0117, koks sud\u0117tingas ir pavojingas gali b\u016bti socialini\u0173 paslaug\u0173 teikimo laukas. Da\u017enai socialini\u0173 paslaug\u0173&nbsp; darbuotoj\u0173 klientai yra \u012f labai sunki\u0105 pad\u0117t\u012f patek\u0119 asmenys ar j\u0173 grup\u0117s, kuriems reikia specifin\u0117s pagalbos ir paramos.<\/p>\n<p>Anot ved\u0117jo, besilankydami pas klientus ir \u012fvertindami \u012fvairius gr\u0117smingus atvejus, ypa\u010d rizikos \u0161eimose, socialin\u012f darb\u0105 atliekantys asmenys tur\u0117t\u0173 da\u017enai kartu su kolektyvu i\u0161analizuoti bei atid\u017eiai \u012fvertinti galimas kritines situacijas. Ir m\u016bs\u0173 rajono socialiniai darbuotojai da\u017enai susiduria su sveikatai ar net gyvybei pavoj\u0173 kelian\u010diais asmenimis. \u012evertin\u0119 situacij\u0105 ir matydami, jog lankomuose namuose yra apsvaigusi\u0173 nuo alkoholio ar narkotini\u0173 med\u017eiag\u0173 asmen\u0173, socialiniai darbuotojai tur\u0117t\u0173 b\u016btinai \u012f pagalb\u0105 pasikviesti ir policijos pareig\u016bnus.<\/p>\n<p>Pasaulio ir Lietuvos mokslinink\u0173 tyrim\u0173 rezultatai atskleid\u017eia, jog socialiniai darbuotojai du kartus da\u017eniau nei vidutini\u0161kai kit\u0173 profesij\u0173 darbuotojai savo darbe patiria profesin\u0119 rizik\u0105. Socialiniai darbuotojai gali pateikti aib\u0119 praktinio darbo pavyzd\u017ei\u0173, kada socialinio darbo aplinkoje patyr\u0117 gr\u0117smingas situacijas. Deja, min\u0117tas situacijas socialinis darbuotojas yra priverstas \u012fveikti vienas, nes \u0161iuo metu socialini\u0173 paslaug\u0173 teikimo finansavimas nesudaro galimybi\u0173 sistemi\u0161kai spr\u0119stis \u0161ias problemas. <\/p>\n<p>Tokiomis darbo s\u0105lygomis dirban\u010di\u0173 socialini\u0173 paslaug\u0173 srities darbuotoj\u0173 atlyginimai Lietuvoje yra vieni i\u0161 ma\u017eiausi\u0173. <\/p>\n<p>Nepaisant to, socialini\u0173 paslaug\u0173 srities darbuotojai, jausdami pa\u0161aukim\u0105 pad\u0117ti pagalbos stokojan\u010diam \u017emogui, pareigas atlieka profesionaliai.<\/p>\n","protected":false},"excerpt":{"rendered":"<p>Kai pra\u0117jusi\u0105 savait\u0119 \u0161al\u012f apskriejo sukre\u010dianti \u017einia apie keturi\u0173 moter\u0173 tragi\u0161k\u0105 \u017e\u016bt\u012f Kelm\u0117s rajone, Kra\u017eiuose, visoje Lietuvoje netyla diskusijos apie pavojing\u0105 ir sud\u0117ting\u0105 socialini\u0173 darbuotoj\u0173 profesij\u0105.Priminsime, kad tarp keturi\u0173 auk\u0173, \u017euvusi\u0173 nuo \u012ftariamo skerdiko rankos, buvo lankomosios prie\u017ei\u016bros darbuotoja Lilija. Penkiasde\u0161imt dviej\u0173 met\u0173 moteris \u0161\u012f darb\u0105 dirbo vos metus. Iki tol gyveno Klaip\u0117doje ir tik [&hellip;]<\/p>\n","protected":false},"author":1,"featured_media":0,"comment_status":"open","ping_status":"open","sticky":false,"template":"","format":"standard","meta":{"footnotes":""},"categories":[2],"tags":[],"class_list":{"0":"post-14795","1":"post","2":"type-post","3":"status-publish","4":"format-standard","6":"category-aktualijos"},"yoast_head":"<!-- This site is optimized with the Yoast SEO plugin v27.5 - https:\/\/yoast.com\/product\/yoast-seo-wordpress\/ -->\n<title>\u017duvusiai kolegei atminti \u017evakeles u\u017edeg\u0117 ir \u0160ilut\u0117s socialiniai darbuotojai - \u0160ilut\u0117s naujienos<\/title>\n<meta name=\"robots\" content=\"index, follow, max-snippet:-1, max-image-preview:large, max-video-preview:-1\" \/>\n<link rel=\"canonical\" href=\"https:\/\/www.silutesnaujienos.lt\/lt\/zuvusiai-kolegei-atminti-zvakeles-uzdege-ir-silutes-socialiniai-darbuotojai\/\" \/>\n<meta property=\"og:locale\" content=\"lt_LT\" \/>\n<meta property=\"og:type\" content=\"article\" \/>\n<meta property=\"og:title\" content=\"\u017duvusiai kolegei atminti \u017evakeles u\u017edeg\u0117 ir \u0160ilut\u0117s socialiniai darbuotojai - \u0160ilut\u0117s naujienos\" \/>\n<meta property=\"og:description\" content=\"Kai pra\u0117jusi\u0105 savait\u0119 \u0161al\u012f apskriejo sukre\u010dianti \u017einia apie keturi\u0173 moter\u0173 tragi\u0161k\u0105 \u017e\u016bt\u012f Kelm\u0117s rajone, Kra\u017eiuose, visoje Lietuvoje netyla diskusijos apie pavojing\u0105 ir sud\u0117ting\u0105 socialini\u0173 darbuotoj\u0173 profesij\u0105.Priminsime, kad tarp keturi\u0173 auk\u0173, \u017euvusi\u0173 nuo \u012ftariamo skerdiko rankos, buvo lankomosios prie\u017ei\u016bros darbuotoja Lilija. Penkiasde\u0161imt dviej\u0173 met\u0173 moteris \u0161\u012f darb\u0105 dirbo vos metus. Iki tol gyveno Klaip\u0117doje ir tik [&hellip;]\" \/>\n<meta property=\"og:url\" content=\"https:\/\/www.silutesnaujienos.lt\/lt\/zuvusiai-kolegei-atminti-zvakeles-uzdege-ir-silutes-socialiniai-darbuotojai\/\" \/>\n<meta property=\"og:site_name\" content=\"\u0160ilut\u0117s naujienos\" \/>\n<meta property=\"article:publisher\" content=\"https:\/\/www.facebook.com\/silutes.naujienos\/\" \/>\n<meta property=\"article:published_time\" content=\"2015-11-11T08:00:00+00:00\" \/>\n<meta property=\"og:image\" content=\"\/\/silutesnaujienos.lt\/images\/stories\/2015\/LAPKRITIS\/11\/thumbnails\/thumb_socialine_akcija_zvakutes.jpg\" \/>\n<meta name=\"author\" content=\"\u0160ilut\u0117s naujien\u0173 inf.\" \/>\n<meta name=\"twitter:card\" content=\"summary_large_image\" \/>\n<meta name=\"twitter:label1\" content=\"Written by\" \/>\n\t<meta name=\"twitter:data1\" content=\"\u0160ilut\u0117s naujien\u0173 inf.\" \/>\n\t<meta name=\"twitter:label2\" content=\"Est. reading time\" \/>\n\t<meta name=\"twitter:data2\" content=\"3 minut\u0117s\" \/>\n<script type=\"application\/ld+json\" class=\"yoast-schema-graph\">{\"@context\":\"https:\\\/\\\/schema.org\",\"@graph\":[{\"@type\":\"Article\",\"@id\":\"https:\\\/\\\/www.silutesnaujienos.lt\\\/lt\\\/zuvusiai-kolegei-atminti-zvakeles-uzdege-ir-silutes-socialiniai-darbuotojai\\\/#article\",\"isPartOf\":{\"@id\":\"https:\\\/\\\/www.silutesnaujienos.lt\\\/lt\\\/zuvusiai-kolegei-atminti-zvakeles-uzdege-ir-silutes-socialiniai-darbuotojai\\\/\"},\"author\":{\"name\":\"\u0160ilut\u0117s naujien\u0173 inf.\",\"@id\":\"https:\\\/\\\/www.silutesnaujienos.lt\\\/lt\\\/#\\\/schema\\\/person\\\/232f475ddd4a7b5f49b3abc788b17e83\"},\"headline\":\"\u017duvusiai kolegei atminti \u017evakeles u\u017edeg\u0117 ir \u0160ilut\u0117s socialiniai darbuotojai\",\"datePublished\":\"2015-11-11T08:00:00+00:00\",\"mainEntityOfPage\":{\"@id\":\"https:\\\/\\\/www.silutesnaujienos.lt\\\/lt\\\/zuvusiai-kolegei-atminti-zvakeles-uzdege-ir-silutes-socialiniai-darbuotojai\\\/\"},\"wordCount\":616,\"commentCount\":0,\"publisher\":{\"@id\":\"https:\\\/\\\/www.silutesnaujienos.lt\\\/lt\\\/#organization\"},\"articleSection\":[\"Aktualijos\"],\"inLanguage\":\"lt-LT\",\"potentialAction\":[{\"@type\":\"CommentAction\",\"name\":\"Comment\",\"target\":[\"https:\\\/\\\/www.silutesnaujienos.lt\\\/lt\\\/zuvusiai-kolegei-atminti-zvakeles-uzdege-ir-silutes-socialiniai-darbuotojai\\\/#respond\"]}]},{\"@type\":\"WebPage\",\"@id\":\"https:\\\/\\\/www.silutesnaujienos.lt\\\/lt\\\/zuvusiai-kolegei-atminti-zvakeles-uzdege-ir-silutes-socialiniai-darbuotojai\\\/\",\"url\":\"https:\\\/\\\/www.silutesnaujienos.lt\\\/lt\\\/zuvusiai-kolegei-atminti-zvakeles-uzdege-ir-silutes-socialiniai-darbuotojai\\\/\",\"name\":\"\u017duvusiai kolegei atminti \u017evakeles u\u017edeg\u0117 ir \u0160ilut\u0117s socialiniai darbuotojai - \u0160ilut\u0117s naujienos\",\"isPartOf\":{\"@id\":\"https:\\\/\\\/www.silutesnaujienos.lt\\\/lt\\\/#website\"},\"datePublished\":\"2015-11-11T08:00:00+00:00\",\"breadcrumb\":{\"@id\":\"https:\\\/\\\/www.silutesnaujienos.lt\\\/lt\\\/zuvusiai-kolegei-atminti-zvakeles-uzdege-ir-silutes-socialiniai-darbuotojai\\\/#breadcrumb\"},\"inLanguage\":\"lt-LT\",\"potentialAction\":[{\"@type\":\"ReadAction\",\"target\":[\"https:\\\/\\\/www.silutesnaujienos.lt\\\/lt\\\/zuvusiai-kolegei-atminti-zvakeles-uzdege-ir-silutes-socialiniai-darbuotojai\\\/\"]}]},{\"@type\":\"BreadcrumbList\",\"@id\":\"https:\\\/\\\/www.silutesnaujienos.lt\\\/lt\\\/zuvusiai-kolegei-atminti-zvakeles-uzdege-ir-silutes-socialiniai-darbuotojai\\\/#breadcrumb\",\"itemListElement\":[{\"@type\":\"ListItem\",\"position\":1,\"name\":\"Home\",\"item\":\"https:\\\/\\\/www.silutesnaujienos.lt\\\/lt\\\/\"},{\"@type\":\"ListItem\",\"position\":2,\"name\":\"\u017duvusiai kolegei atminti \u017evakeles u\u017edeg\u0117 ir \u0160ilut\u0117s socialiniai darbuotojai\"}]},{\"@type\":\"WebSite\",\"@id\":\"https:\\\/\\\/www.silutesnaujienos.lt\\\/lt\\\/#website\",\"url\":\"https:\\\/\\\/www.silutesnaujienos.lt\\\/lt\\\/\",\"name\":\"\u0160ilut\u0117s naujienos\",\"description\":\"B\u016bk ant naujien\u0173 bangos!\",\"publisher\":{\"@id\":\"https:\\\/\\\/www.silutesnaujienos.lt\\\/lt\\\/#organization\"},\"potentialAction\":[{\"@type\":\"SearchAction\",\"target\":{\"@type\":\"EntryPoint\",\"urlTemplate\":\"https:\\\/\\\/www.silutesnaujienos.lt\\\/lt\\\/?s={search_term_string}\"},\"query-input\":{\"@type\":\"PropertyValueSpecification\",\"valueRequired\":true,\"valueName\":\"search_term_string\"}}],\"inLanguage\":\"lt-LT\"},{\"@type\":\"Organization\",\"@id\":\"https:\\\/\\\/www.silutesnaujienos.lt\\\/lt\\\/#organization\",\"name\":\"\u0160ilut\u0117s naujienos\",\"url\":\"https:\\\/\\\/www.silutesnaujienos.lt\\\/lt\\\/\",\"logo\":{\"@type\":\"ImageObject\",\"inLanguage\":\"lt-LT\",\"@id\":\"https:\\\/\\\/www.silutesnaujienos.lt\\\/lt\\\/#\\\/schema\\\/logo\\\/image\\\/\",\"url\":\"https:\\\/\\\/www.silutesnaujienos.lt\\\/lt\\\/wp-content\\\/uploads\\\/2020\\\/06\\\/FB_MAIN.jpg\",\"contentUrl\":\"https:\\\/\\\/www.silutesnaujienos.lt\\\/lt\\\/wp-content\\\/uploads\\\/2020\\\/06\\\/FB_MAIN.jpg\",\"width\":1700,\"height\":956,\"caption\":\"\u0160ilut\u0117s naujienos\"},\"image\":{\"@id\":\"https:\\\/\\\/www.silutesnaujienos.lt\\\/lt\\\/#\\\/schema\\\/logo\\\/image\\\/\"},\"sameAs\":[\"https:\\\/\\\/www.facebook.com\\\/silutes.naujienos\\\/\",\"https:\\\/\\\/www.youtube.com\\\/channel\\\/UCxW-cgrJDt8GxIMxSTAfJZg\"]},{\"@type\":\"Person\",\"@id\":\"https:\\\/\\\/www.silutesnaujienos.lt\\\/lt\\\/#\\\/schema\\\/person\\\/232f475ddd4a7b5f49b3abc788b17e83\",\"name\":\"\u0160ilut\u0117s naujien\u0173 inf.\",\"image\":{\"@type\":\"ImageObject\",\"inLanguage\":\"lt-LT\",\"@id\":\"https:\\\/\\\/www.silutesnaujienos.lt\\\/lt\\\/wp-content\\\/uploads\\\/2020\\\/06\\\/favicon.png\",\"url\":\"https:\\\/\\\/www.silutesnaujienos.lt\\\/lt\\\/wp-content\\\/uploads\\\/2020\\\/06\\\/favicon.png\",\"contentUrl\":\"https:\\\/\\\/www.silutesnaujienos.lt\\\/lt\\\/wp-content\\\/uploads\\\/2020\\\/06\\\/favicon.png\",\"caption\":\"\u0160ilut\u0117s naujien\u0173 inf.\"},\"sameAs\":[\"https:\\\/\\\/www.silutesnaujienos.lt\\\/lt\"],\"url\":\"https:\\\/\\\/www.silutesnaujienos.lt\\\/lt\\\/author\\\/ruta\\\/\"}]}<\/script>\n<!-- \/ Yoast SEO plugin. -->","yoast_head_json":{"title":"\u017duvusiai kolegei atminti \u017evakeles u\u017edeg\u0117 ir \u0160ilut\u0117s socialiniai darbuotojai - \u0160ilut\u0117s naujienos","robots":{"index":"index","follow":"follow","max-snippet":"max-snippet:-1","max-image-preview":"max-image-preview:large","max-video-preview":"max-video-preview:-1"},"canonical":"https:\/\/www.silutesnaujienos.lt\/lt\/zuvusiai-kolegei-atminti-zvakeles-uzdege-ir-silutes-socialiniai-darbuotojai\/","og_locale":"lt_LT","og_type":"article","og_title":"\u017duvusiai kolegei atminti \u017evakeles u\u017edeg\u0117 ir \u0160ilut\u0117s socialiniai darbuotojai - \u0160ilut\u0117s naujienos","og_description":"Kai pra\u0117jusi\u0105 savait\u0119 \u0161al\u012f apskriejo sukre\u010dianti \u017einia apie keturi\u0173 moter\u0173 tragi\u0161k\u0105 \u017e\u016bt\u012f Kelm\u0117s rajone, Kra\u017eiuose, visoje Lietuvoje netyla diskusijos apie pavojing\u0105 ir sud\u0117ting\u0105 socialini\u0173 darbuotoj\u0173 profesij\u0105.Priminsime, kad tarp keturi\u0173 auk\u0173, \u017euvusi\u0173 nuo \u012ftariamo skerdiko rankos, buvo lankomosios prie\u017ei\u016bros darbuotoja Lilija. Penkiasde\u0161imt dviej\u0173 met\u0173 moteris \u0161\u012f darb\u0105 dirbo vos metus. Iki tol gyveno Klaip\u0117doje ir tik [&hellip;]","og_url":"https:\/\/www.silutesnaujienos.lt\/lt\/zuvusiai-kolegei-atminti-zvakeles-uzdege-ir-silutes-socialiniai-darbuotojai\/","og_site_name":"\u0160ilut\u0117s naujienos","article_publisher":"https:\/\/www.facebook.com\/silutes.naujienos\/","article_published_time":"2015-11-11T08:00:00+00:00","og_image":[{"url":"\/\/silutesnaujienos.lt\/images\/stories\/2015\/LAPKRITIS\/11\/thumbnails\/thumb_socialine_akcija_zvakutes.jpg","type":"","width":"","height":""}],"author":"\u0160ilut\u0117s naujien\u0173 inf.","twitter_card":"summary_large_image","twitter_misc":{"Written by":"\u0160ilut\u0117s naujien\u0173 inf.","Est. reading time":"3 minut\u0117s"},"schema":{"@context":"https:\/\/schema.org","@graph":[{"@type":"Article","@id":"https:\/\/www.silutesnaujienos.lt\/lt\/zuvusiai-kolegei-atminti-zvakeles-uzdege-ir-silutes-socialiniai-darbuotojai\/#article","isPartOf":{"@id":"https:\/\/www.silutesnaujienos.lt\/lt\/zuvusiai-kolegei-atminti-zvakeles-uzdege-ir-silutes-socialiniai-darbuotojai\/"},"author":{"name":"\u0160ilut\u0117s naujien\u0173 inf.","@id":"https:\/\/www.silutesnaujienos.lt\/lt\/#\/schema\/person\/232f475ddd4a7b5f49b3abc788b17e83"},"headline":"\u017duvusiai kolegei atminti \u017evakeles u\u017edeg\u0117 ir \u0160ilut\u0117s socialiniai darbuotojai","datePublished":"2015-11-11T08:00:00+00:00","mainEntityOfPage":{"@id":"https:\/\/www.silutesnaujienos.lt\/lt\/zuvusiai-kolegei-atminti-zvakeles-uzdege-ir-silutes-socialiniai-darbuotojai\/"},"wordCount":616,"commentCount":0,"publisher":{"@id":"https:\/\/www.silutesnaujienos.lt\/lt\/#organization"},"articleSection":["Aktualijos"],"inLanguage":"lt-LT","potentialAction":[{"@type":"CommentAction","name":"Comment","target":["https:\/\/www.silutesnaujienos.lt\/lt\/zuvusiai-kolegei-atminti-zvakeles-uzdege-ir-silutes-socialiniai-darbuotojai\/#respond"]}]},{"@type":"WebPage","@id":"https:\/\/www.silutesnaujienos.lt\/lt\/zuvusiai-kolegei-atminti-zvakeles-uzdege-ir-silutes-socialiniai-darbuotojai\/","url":"https:\/\/www.silutesnaujienos.lt\/lt\/zuvusiai-kolegei-atminti-zvakeles-uzdege-ir-silutes-socialiniai-darbuotojai\/","name":"\u017duvusiai kolegei atminti \u017evakeles u\u017edeg\u0117 ir \u0160ilut\u0117s socialiniai darbuotojai - \u0160ilut\u0117s naujienos","isPartOf":{"@id":"https:\/\/www.silutesnaujienos.lt\/lt\/#website"},"datePublished":"2015-11-11T08:00:00+00:00","breadcrumb":{"@id":"https:\/\/www.silutesnaujienos.lt\/lt\/zuvusiai-kolegei-atminti-zvakeles-uzdege-ir-silutes-socialiniai-darbuotojai\/#breadcrumb"},"inLanguage":"lt-LT","potentialAction":[{"@type":"ReadAction","target":["https:\/\/www.silutesnaujienos.lt\/lt\/zuvusiai-kolegei-atminti-zvakeles-uzdege-ir-silutes-socialiniai-darbuotojai\/"]}]},{"@type":"BreadcrumbList","@id":"https:\/\/www.silutesnaujienos.lt\/lt\/zuvusiai-kolegei-atminti-zvakeles-uzdege-ir-silutes-socialiniai-darbuotojai\/#breadcrumb","itemListElement":[{"@type":"ListItem","position":1,"name":"Home","item":"https:\/\/www.silutesnaujienos.lt\/lt\/"},{"@type":"ListItem","position":2,"name":"\u017duvusiai kolegei atminti \u017evakeles u\u017edeg\u0117 ir \u0160ilut\u0117s socialiniai darbuotojai"}]},{"@type":"WebSite","@id":"https:\/\/www.silutesnaujienos.lt\/lt\/#website","url":"https:\/\/www.silutesnaujienos.lt\/lt\/","name":"\u0160ilut\u0117s naujienos","description":"B\u016bk ant naujien\u0173 bangos!","publisher":{"@id":"https:\/\/www.silutesnaujienos.lt\/lt\/#organization"},"potentialAction":[{"@type":"SearchAction","target":{"@type":"EntryPoint","urlTemplate":"https:\/\/www.silutesnaujienos.lt\/lt\/?s={search_term_string}"},"query-input":{"@type":"PropertyValueSpecification","valueRequired":true,"valueName":"search_term_string"}}],"inLanguage":"lt-LT"},{"@type":"Organization","@id":"https:\/\/www.silutesnaujienos.lt\/lt\/#organization","name":"\u0160ilut\u0117s naujienos","url":"https:\/\/www.silutesnaujienos.lt\/lt\/","logo":{"@type":"ImageObject","inLanguage":"lt-LT","@id":"https:\/\/www.silutesnaujienos.lt\/lt\/#\/schema\/logo\/image\/","url":"https:\/\/www.silutesnaujienos.lt\/lt\/wp-content\/uploads\/2020\/06\/FB_MAIN.jpg","contentUrl":"https:\/\/www.silutesnaujienos.lt\/lt\/wp-content\/uploads\/2020\/06\/FB_MAIN.jpg","width":1700,"height":956,"caption":"\u0160ilut\u0117s naujienos"},"image":{"@id":"https:\/\/www.silutesnaujienos.lt\/lt\/#\/schema\/logo\/image\/"},"sameAs":["https:\/\/www.facebook.com\/silutes.naujienos\/","https:\/\/www.youtube.com\/channel\/UCxW-cgrJDt8GxIMxSTAfJZg"]},{"@type":"Person","@id":"https:\/\/www.silutesnaujienos.lt\/lt\/#\/schema\/person\/232f475ddd4a7b5f49b3abc788b17e83","name":"\u0160ilut\u0117s naujien\u0173 inf.","image":{"@type":"ImageObject","inLanguage":"lt-LT","@id":"https:\/\/www.silutesnaujienos.lt\/lt\/wp-content\/uploads\/2020\/06\/favicon.png","url":"https:\/\/www.silutesnaujienos.lt\/lt\/wp-content\/uploads\/2020\/06\/favicon.png","contentUrl":"https:\/\/www.silutesnaujienos.lt\/lt\/wp-content\/uploads\/2020\/06\/favicon.png","caption":"\u0160ilut\u0117s naujien\u0173 inf."},"sameAs":["https:\/\/www.silutesnaujienos.lt\/lt"],"url":"https:\/\/www.silutesnaujienos.lt\/lt\/author\/ruta\/"}]}},"publishpress_future_workflow_manual_trigger":{"enabledWorkflows":[]},"amp_enabled":true,"_links":{"self":[{"href":"https:\/\/www.silutesnaujienos.lt\/lt\/wp-json\/wp\/v2\/posts\/14795","targetHints":{"allow":["GET"]}}],"collection":[{"href":"https:\/\/www.silutesnaujienos.lt\/lt\/wp-json\/wp\/v2\/posts"}],"about":[{"href":"https:\/\/www.silutesnaujienos.lt\/lt\/wp-json\/wp\/v2\/types\/post"}],"author":[{"embeddable":true,"href":"https:\/\/www.silutesnaujienos.lt\/lt\/wp-json\/wp\/v2\/users\/1"}],"replies":[{"embeddable":true,"href":"https:\/\/www.silutesnaujienos.lt\/lt\/wp-json\/wp\/v2\/comments?post=14795"}],"version-history":[{"count":0,"href":"https:\/\/www.silutesnaujienos.lt\/lt\/wp-json\/wp\/v2\/posts\/14795\/revisions"}],"wp:attachment":[{"href":"https:\/\/www.silutesnaujienos.lt\/lt\/wp-json\/wp\/v2\/media?parent=14795"}],"wp:term":[{"taxonomy":"category","embeddable":true,"href":"https:\/\/www.silutesnaujienos.lt\/lt\/wp-json\/wp\/v2\/categories?post=14795"},{"taxonomy":"post_tag","embeddable":true,"href":"https:\/\/www.silutesnaujienos.lt\/lt\/wp-json\/wp\/v2\/tags?post=14795"}],"curies":[{"name":"wp","href":"https:\/\/api.w.org\/{rel}","templated":true}]}}