{"id":14811,"date":"2015-12-11T16:00:00","date_gmt":"2015-12-11T18:00:00","guid":{"rendered":"https:\/\/www.silutesnaujienos.lt\/lt\/padekos-vakarone-rajono-ukininkams-tampa-tradicija\/"},"modified":"2015-12-11T16:00:00","modified_gmt":"2015-12-11T18:00:00","slug":"padekos-vakarone-rajono-ukininkams-tampa-tradicija","status":"publish","type":"post","link":"https:\/\/www.silutesnaujienos.lt\/lt\/padekos-vakarone-rajono-ukininkams-tampa-tradicija\/","title":{"rendered":"Pad\u0117kos vakaron\u0117 rajono \u016bkininkams tampa tradicija"},"content":{"rendered":"<p><a target=\"_blank\" rel=\"caption[\u012e pad\u0117kos vakaron\u0119 susirinko apie 150 \u016bkinink\u0173 i\u0161 vis\u0173 rajono seni\u016bnij\u0173.] noopener noreferrer\" class=\"jcepopup\" href=\"\/\/silutesnaujienos.lt\/images\/stories\/2015\/GRUODIS\/08\/PADEKOS_UKININKAMS_2.jpg\" data-rel=\"lightbox-gallery-oyH3FaeJ\" data-rl_title=\"\" data-rl_caption=\"\"><img loading=\"lazy\" decoding=\"async\" style=\"margin: 5px; float: left;\" class=\"caption\" title=\"\" alt=\"PADEKOS UKININKAMS 2\" src=\"\/\/silutesnaujienos.lt\/images\/stories\/2015\/GRUODIS\/08\/thumbnails\/thumb_PADEKOS_UKININKAMS_2.jpg\" height=\"230\" width=\"307\" \/><\/a><strong>Kai derlius &#8211; jau aruoduose, o \u017eem\u0117 paruo\u0161ta kit\u0173 met\u0173 pas\u0117liams, \u016bkininkams metas atsip\u016bsti, pakalbinti vieni kitus ir i\u0161klausyti vald\u017eios pad\u0117kos \u017eod\u017ei\u0173 u\u017e tai, kad savo kantriu darbu kuria ne tik savo \u0161eimos, bet ir rajono bei visos valstyb\u0117s gerov\u0119.<br \/><\/strong><br \/><strong>\u017demai\u010di\u0173 Naumiestyj\u0119 jau antr\u0105 kart\u0105 surengta pad\u0117kos vakaron\u0117 rajono \u016bkininkams. \u012e tradiciniu tampant\u012f rengin\u012f sugu\u017e\u0117jo apie pusantro \u0161imto rajono \u016bkinink\u0173, kuriuos, rajono vadov\u0173 pra\u0161ymu, sukviet\u0117 seni\u016bnai bei \u017eem\u0117s \u016bkio specialistai.<\/strong><strong><br \/><\/strong><br \/><strong>\u017dem\u0117s \u016bkiui &#8211; gera perspektyva<br \/><\/strong><br \/>Vakaron\u0117s ved\u0117ja, \u017demai\u010di\u0173 kra\u0161to etnokult\u016bros centro darbuotoja Lina Bal\u010diauskien\u0117, gra\u017eiais \u017eod\u017eiais ir pad\u0117komis apipylusi <a target=\"_blank\" rel=\"caption[Seimo pirmininko pavaduotojas K\u0119stas Komskis ir rajono meras V.Laurinaitis apdovanojo dvi de\u0161imtis \u016bkinink\u0173.] noopener noreferrer\" class=\"jcepopup\" href=\"\/\/silutesnaujienos.lt\/images\/stories\/2015\/GRUODIS\/08\/PADEKOS_UKININKAMS_1.jpg\" data-rel=\"lightbox-gallery-oyH3FaeJ\" data-rl_title=\"\" data-rl_caption=\"\"><img loading=\"lazy\" decoding=\"async\" style=\"margin: 5px; float: right;\" class=\"caption\" title=\"\" alt=\"PADEKOS UKININKAMS 1\" src=\"\/\/silutesnaujienos.lt\/images\/stories\/2015\/GRUODIS\/08\/thumbnails\/thumb_PADEKOS_UKININKAMS_1.jpg\" height=\"230\" width=\"307\" \/><\/a>susirinkusiuosius, pristat\u0117 ir vakaron\u0117s organizatorius &#8211; Seimo pirmininko pavaduotoj\u0105 K\u0119st\u0105 Komsk\u012f bei rajono mer\u0105 Vytaut\u0105 Laurinait\u012f.<\/p>\n<p>Pasak K.Komskio, id\u0117ja sukviesti \u016bkininkus \u012f jiems skirt\u0105 pad\u0117kos vakaron\u0119 art\u0117jant \u0161v.Kal\u0117d\u0173 \u0161ventei kilo rajono merui V.Laurinai\u010diui, kuris pirm\u0105j\u012f tok\u012f rengin\u012f organizavo pra\u0117jusiais metais. Kad tradicija nenutr\u016bkt\u0173, pasak K.Komskio, \u0161iemet tokios iniciatyvos \u0117m\u0117si jis. O kad niekam nekilt\u0173 joki\u0173 abejoni\u0173, prisipa\u017eino, jog prisi\u0117m\u0117 sau visas renginio organizacines i\u0161laidas.<\/p>\n<p>K.Komskis apgailestavo, kad \u012f vakaron\u0119 nebuvo galima sukviesti vis\u0173 rajono \u016bkinink\u0173, nes riboja tiek susirinkimo vieta, tiek renginiui skirtos l\u0117\u0161os. Bet lieka viltis, kad ateityje pad\u0117kos vakaron\u0117s \u016bkininkams i\u0161augs, kad bus atrasta erdvesn\u0117 vieta ir prisid\u0117s daugiau organizatori\u0173.<\/p>\n<p>K.Komskis pripa\u017eino, kad valstyb\u0117s politika daug met\u0173 buvo klaidinga &#8211; gerintos s\u0105lygos u\u017esienio investuotojams, bet jie \u012f Lietuv\u0105 nesiver\u017eia. Dabar kuriamos programos, kad b\u016bt\u0173 galima susigr\u0105\u017einti \u017emones, kurie, nerad\u0119 u\u017eimtumo gimtin\u0117je, savo gyvenim\u0105 kuria u\u017esienyje. K.Komskio nuomone, svarbiausi valstyb\u0117s politikams turi b\u016bti tie \u017emon\u0117s, kurie liko \u010dia, Lietuvoje. <\/p>\n<p>\u017dem\u0117s \u016bkio perspektyva, pasak K.Komskio, yra gera, nesvarbu, kad dabar patiriami tam tikri sunkumai. Valstybei \u017eem\u0117s \u016bkis yra svarbus pajam\u0173 \u0161altinis, \u017ealiavos tiek\u0117jas Lietuvos pramonei. Be to, \u017eem\u0117s \u016bkis \u012fdarbina daug \u017emoni\u0173.<\/p>\n<p><strong>Kur vanduo kuria gyvenim\u0105&#8230;<\/strong><\/p>\n<p>Rajono meras V.Laurinaitis leido sau pajuokauti, sakydamas, kad dabar ne tik Nemuno deltoje ir Kur\u0161mari\u0173 pakrant\u0117se gyvenantys \u017emon\u0117s gali girtis, jog gyvena ten, \u201ekur vanduo kuria gyvenim\u0105\u201c. Pasak mero, dabar viso rajono \u017eem\u0117s priskirtos u\u017eliejamoms teritorijoms, taigi tarsi ir \u016bkininkams vanduo kuria gyvenim\u0105.<\/p>\n<p>Nebejuokaudamas V.Laurinaitis sak\u0117, kad toks statusas rajonui i\u0161liks, ir pasigyr\u0117, jog su \u017eem\u0117s \u016bkio ministre Virginija Baltraitiene&nbsp; yra sutarta, jog kitais metais u\u017e deklaruotas \u017eemes u\u017eliejamose teritorijose bus mokamos 50 Eur\/ha i\u0161mokos. Galima sakyti, kad \u0161i i\u0161moka bus artima nepalankios \u017eemdirbyst\u0117s statuso teritorijoms. Po 2018 met\u0173, pasak V.Laurinai\u010dio, \u017eadama, jog nepalankaus \u017eemdirbystei statuso neliks.<\/p>\n<p>Meras pasi\u017ead\u0117jo, jog ir toliau t\u0119s toki\u0105 savivaldyb\u0117s politik\u0105, kad verslininkai savivaldyb\u0117s valdom\u0173 \u012fstaig\u0173 valgykloms tiekt\u0173 produktus, pirktus tik i\u0161 rajono \u016bkinink\u0173, arba kad b\u016bt\u0173 sudarytos s\u0105lygos \u016bkininkams patiems tapti produkcijos tiek\u0117jais.<\/p>\n<p><strong>Dovan\u0117l\u0117s &#8211; geriausiems<\/strong> <\/p>\n<p>\u017demai\u010di\u0173 Naumies\u010dio seni\u016bnas Jonas Budreckas d\u017eiaug\u0117si, kad vakaron\u0117 v\u0117l surengta jo seni\u016bnijoje. Daug kart\u0173 \u012fvairiuose \u016bkinink\u0173 susirinkimuose buv\u0119s seni\u016bnas teig\u0117, jog vaizdas kei\u010diasi: \u017ei\u016brint \u012f susirinkusius \u016bkininkus galima manyti jog susirinko vieni inteligentai &#8211; \u017emon\u0117s gra\u017eiai apsireng\u0119 ir \u0161viesiais, nei\u0161vargusiais veidais.<\/p>\n<p>Pora de\u0161im\u010di\u0173 \u016bkinink\u0173 vakaron\u0117je buvo apdovanoti vyndario \u010ceslovo Ramo\u0161kos suruo\u0161tomis dovan\u0117l\u0117mis. \u016akininkams skirtos \u012fvairios nominacijos.<\/p>\n<p>Rasa ir Saulius O\u017eeliai pasveikinti u\u017e pa\u017eang\u0173 ir s\u0117kming\u0105 savaranki\u0161k\u0105 \u016bkio k\u016brim\u0105; 25 met\u0173 \u016bkininkas Rokas Peteraitis &#8211; u\u017e ver\u017elum\u0105 ir pa\u017eang\u0105; Vytautas Drukteinis, jaunas ir inovatyvus \u016bkininkas, &#8211; u\u017e kasmetinius gerus \u016bkininkavimo rezultatus; Gediminas Bardauskas &#8211; u\u017e s\u0117kming\u0105 jauno \u016bkininko \u016bkio \u012fk\u016brim\u0105 ir pl\u0117tr\u0105 kaimo vietov\u0117je; Andrius Skrodenis &#8211; u\u017e pasirinkim\u0105 i\u0161 t\u0117v\u0173 perimti \u016bk\u012f; Alma ir K\u0119stutis Gudai\u010diai &#8211; u\u017e \u0161iuolaiki\u0161k\u0105 ekologinio \u016bkio pl\u0117tr\u0105 kaimo vietov\u0117je; Reda ir Rimantas Gudai\u010diai &#8211; u\u017e auk\u0161tus ekologinio \u016bkio pasiekimus ir gra\u017eesn\u0117s aplinkos k\u016brim\u0105 kaimo vietov\u0117je; Ligita ir Laurynas Baliutavi\u010diai &#8211; u\u017e s\u0117kmingai valdom\u0105 50 ha \u017eem\u0117s ir 70 raguo\u010di\u0173 \u016bk\u012f; Tadas ir Ieva Erciai &#8211; u\u017e s\u0117kming\u0105 jaunojo \u016bkininko \u016bkio \u012fk\u016brim\u0105; Karolina ir Ernestas Stirbiai &#8211; u\u017e i\u0161 kartos \u012f kart\u0105 perimam\u0105 \u0161eimos \u016bk\u012f ir jo tradicij\u0173 puosel\u0117jim\u0105; Vytautas Kasparavi\u010dius &#8211; u\u017e \u0161eimos \u016bkio tradicij\u0173 puosel\u0117jim\u0105 i\u0161 kartos \u012f kart\u0105; Egidijus Vi\u010dkus &#8211; u\u017e projektus, \u012fgyvendintus pagal Lietuvos kaimo pl\u0117tros 2007-2013 met\u0173 programos priemones; Tatjana ir \u010ceslovas Ramo\u0161kai &#8211; u\u017e tai, kad pirmieji Lietuvoje \u012fk\u016br\u0117 vyno r\u016bs\u012f; Birut\u0117 Stonkut\u0117 &#8211; u\u017e sukurt\u0105 5 ha \u0161ilauogi\u0173 ekologin\u012f \u016bk\u012f.<\/p>\n<p>Danut\u0117 ir Linas Venckai pagerbti kaip \u0160ilut\u0117s rajono \u201eMet\u0173 \u016bkio\u201c rinkimuose III vietos laim\u0117tojai; Virginija ir Kazimieras Gud\u017ei\u016bnai &#8211; \u0160ilut\u0117s rajono \u201eMet\u0173 \u016bkis\u201c rinkimuose I vietos laim\u0117tojai; Laima ir Steponas Mockai \u0161iemet pripa\u017einti geriausiais ES paramos projekto vykdytojais&nbsp; Lietuvoje; Albina ir Romas Und\u017eiai &#8211; \u0160ilut\u0117s rajono \u201eMet\u0173 \u016bkis\u201c rinkim\u0173 II vietos laim\u0117tojai; <\/p>\n<p>Vaidas \u0160imk\u016bnas &#8211; kaip pirmus metus \u016bkininkaujantis \u016bkininkas; Onut\u0117 ir Pranas Petro\u0161iai, kaip bitininkyste u\u017esiimantys jau nuo 1976 met\u0173, &#8211; per t\u0105 laik\u0105 jie surinko 223 \u0161eim\u0173 spie\u010dius; Asta ir Remigijus Marozai &#8211; vieninteliai rajone \u016bkininkai, kurie savo pagamint\u0105 produkcij\u0105 pardavin\u0117ja tiesiai i\u0161 nam\u0173.<\/p>\n<p><span style=\"color: #008000;\"><strong><a href=\"https:\/\/www.facebook.com\/media\/set\/?set=a.1187307534631699.1073742276.137305029631960&amp;type=3\"><span style=\"color: #008000;\">Daugiau nuotrauk\u0173 \u201e\u0160ilut\u0117s naujien\u0173\u201c Facebook albume.<\/span><\/a><\/strong><\/span><\/p>\n","protected":false},"excerpt":{"rendered":"<p>Kai derlius &#8211; jau aruoduose, o \u017eem\u0117 paruo\u0161ta kit\u0173 met\u0173 pas\u0117liams, \u016bkininkams metas atsip\u016bsti, pakalbinti vieni kitus ir i\u0161klausyti vald\u017eios pad\u0117kos \u017eod\u017ei\u0173 u\u017e tai, kad savo kantriu darbu kuria ne tik savo \u0161eimos, bet ir rajono bei visos valstyb\u0117s gerov\u0119.\u017demai\u010di\u0173 Naumiestyj\u0119 jau antr\u0105 kart\u0105 surengta pad\u0117kos vakaron\u0117 rajono \u016bkininkams. \u012e tradiciniu tampant\u012f rengin\u012f sugu\u017e\u0117jo apie [&hellip;]<\/p>\n","protected":false},"author":1,"featured_media":0,"comment_status":"open","ping_status":"open","sticky":false,"template":"","format":"standard","meta":{"footnotes":""},"categories":[2],"tags":[],"class_list":{"0":"post-14811","1":"post","2":"type-post","3":"status-publish","4":"format-standard","6":"category-aktualijos"},"yoast_head":"<!-- This site is optimized with the Yoast SEO plugin v27.5 - https:\/\/yoast.com\/product\/yoast-seo-wordpress\/ -->\n<title>Pad\u0117kos vakaron\u0117 rajono \u016bkininkams tampa tradicija - \u0160ilut\u0117s naujienos<\/title>\n<meta name=\"robots\" content=\"index, follow, max-snippet:-1, max-image-preview:large, max-video-preview:-1\" \/>\n<link rel=\"canonical\" href=\"https:\/\/www.silutesnaujienos.lt\/lt\/padekos-vakarone-rajono-ukininkams-tampa-tradicija\/\" \/>\n<meta property=\"og:locale\" content=\"lt_LT\" \/>\n<meta property=\"og:type\" content=\"article\" \/>\n<meta property=\"og:title\" content=\"Pad\u0117kos vakaron\u0117 rajono \u016bkininkams tampa tradicija - \u0160ilut\u0117s naujienos\" \/>\n<meta property=\"og:description\" content=\"Kai derlius &#8211; jau aruoduose, o \u017eem\u0117 paruo\u0161ta kit\u0173 met\u0173 pas\u0117liams, \u016bkininkams metas atsip\u016bsti, pakalbinti vieni kitus ir i\u0161klausyti vald\u017eios pad\u0117kos \u017eod\u017ei\u0173 u\u017e tai, kad savo kantriu darbu kuria ne tik savo \u0161eimos, bet ir rajono bei visos valstyb\u0117s gerov\u0119.\u017demai\u010di\u0173 Naumiestyj\u0119 jau antr\u0105 kart\u0105 surengta pad\u0117kos vakaron\u0117 rajono \u016bkininkams. \u012e tradiciniu tampant\u012f rengin\u012f sugu\u017e\u0117jo apie [&hellip;]\" \/>\n<meta property=\"og:url\" content=\"https:\/\/www.silutesnaujienos.lt\/lt\/padekos-vakarone-rajono-ukininkams-tampa-tradicija\/\" \/>\n<meta property=\"og:site_name\" content=\"\u0160ilut\u0117s naujienos\" \/>\n<meta property=\"article:publisher\" content=\"https:\/\/www.facebook.com\/silutes.naujienos\/\" \/>\n<meta property=\"article:published_time\" content=\"2015-12-11T18:00:00+00:00\" \/>\n<meta property=\"og:image\" content=\"\/\/silutesnaujienos.lt\/images\/stories\/2015\/GRUODIS\/08\/thumbnails\/thumb_PADEKOS_UKININKAMS_2.jpg\" \/>\n<meta name=\"author\" content=\"\u0160ilut\u0117s naujien\u0173 inf.\" \/>\n<meta name=\"twitter:card\" content=\"summary_large_image\" \/>\n<meta name=\"twitter:label1\" content=\"Written by\" \/>\n\t<meta name=\"twitter:data1\" content=\"\u0160ilut\u0117s naujien\u0173 inf.\" \/>\n\t<meta name=\"twitter:label2\" content=\"Est. reading time\" \/>\n\t<meta name=\"twitter:data2\" content=\"4 minut\u0117s\" \/>\n<script type=\"application\/ld+json\" class=\"yoast-schema-graph\">{\"@context\":\"https:\\\/\\\/schema.org\",\"@graph\":[{\"@type\":\"Article\",\"@id\":\"https:\\\/\\\/www.silutesnaujienos.lt\\\/lt\\\/padekos-vakarone-rajono-ukininkams-tampa-tradicija\\\/#article\",\"isPartOf\":{\"@id\":\"https:\\\/\\\/www.silutesnaujienos.lt\\\/lt\\\/padekos-vakarone-rajono-ukininkams-tampa-tradicija\\\/\"},\"author\":{\"name\":\"\u0160ilut\u0117s naujien\u0173 inf.\",\"@id\":\"https:\\\/\\\/www.silutesnaujienos.lt\\\/lt\\\/#\\\/schema\\\/person\\\/232f475ddd4a7b5f49b3abc788b17e83\"},\"headline\":\"Pad\u0117kos vakaron\u0117 rajono \u016bkininkams tampa tradicija\",\"datePublished\":\"2015-12-11T18:00:00+00:00\",\"mainEntityOfPage\":{\"@id\":\"https:\\\/\\\/www.silutesnaujienos.lt\\\/lt\\\/padekos-vakarone-rajono-ukininkams-tampa-tradicija\\\/\"},\"wordCount\":903,\"commentCount\":0,\"publisher\":{\"@id\":\"https:\\\/\\\/www.silutesnaujienos.lt\\\/lt\\\/#organization\"},\"articleSection\":[\"Aktualijos\"],\"inLanguage\":\"lt-LT\",\"potentialAction\":[{\"@type\":\"CommentAction\",\"name\":\"Comment\",\"target\":[\"https:\\\/\\\/www.silutesnaujienos.lt\\\/lt\\\/padekos-vakarone-rajono-ukininkams-tampa-tradicija\\\/#respond\"]}]},{\"@type\":\"WebPage\",\"@id\":\"https:\\\/\\\/www.silutesnaujienos.lt\\\/lt\\\/padekos-vakarone-rajono-ukininkams-tampa-tradicija\\\/\",\"url\":\"https:\\\/\\\/www.silutesnaujienos.lt\\\/lt\\\/padekos-vakarone-rajono-ukininkams-tampa-tradicija\\\/\",\"name\":\"Pad\u0117kos vakaron\u0117 rajono \u016bkininkams tampa tradicija - \u0160ilut\u0117s naujienos\",\"isPartOf\":{\"@id\":\"https:\\\/\\\/www.silutesnaujienos.lt\\\/lt\\\/#website\"},\"datePublished\":\"2015-12-11T18:00:00+00:00\",\"breadcrumb\":{\"@id\":\"https:\\\/\\\/www.silutesnaujienos.lt\\\/lt\\\/padekos-vakarone-rajono-ukininkams-tampa-tradicija\\\/#breadcrumb\"},\"inLanguage\":\"lt-LT\",\"potentialAction\":[{\"@type\":\"ReadAction\",\"target\":[\"https:\\\/\\\/www.silutesnaujienos.lt\\\/lt\\\/padekos-vakarone-rajono-ukininkams-tampa-tradicija\\\/\"]}]},{\"@type\":\"BreadcrumbList\",\"@id\":\"https:\\\/\\\/www.silutesnaujienos.lt\\\/lt\\\/padekos-vakarone-rajono-ukininkams-tampa-tradicija\\\/#breadcrumb\",\"itemListElement\":[{\"@type\":\"ListItem\",\"position\":1,\"name\":\"Home\",\"item\":\"https:\\\/\\\/www.silutesnaujienos.lt\\\/lt\\\/\"},{\"@type\":\"ListItem\",\"position\":2,\"name\":\"Pad\u0117kos vakaron\u0117 rajono \u016bkininkams tampa tradicija\"}]},{\"@type\":\"WebSite\",\"@id\":\"https:\\\/\\\/www.silutesnaujienos.lt\\\/lt\\\/#website\",\"url\":\"https:\\\/\\\/www.silutesnaujienos.lt\\\/lt\\\/\",\"name\":\"\u0160ilut\u0117s naujienos\",\"description\":\"B\u016bk ant naujien\u0173 bangos!\",\"publisher\":{\"@id\":\"https:\\\/\\\/www.silutesnaujienos.lt\\\/lt\\\/#organization\"},\"potentialAction\":[{\"@type\":\"SearchAction\",\"target\":{\"@type\":\"EntryPoint\",\"urlTemplate\":\"https:\\\/\\\/www.silutesnaujienos.lt\\\/lt\\\/?s={search_term_string}\"},\"query-input\":{\"@type\":\"PropertyValueSpecification\",\"valueRequired\":true,\"valueName\":\"search_term_string\"}}],\"inLanguage\":\"lt-LT\"},{\"@type\":\"Organization\",\"@id\":\"https:\\\/\\\/www.silutesnaujienos.lt\\\/lt\\\/#organization\",\"name\":\"\u0160ilut\u0117s naujienos\",\"url\":\"https:\\\/\\\/www.silutesnaujienos.lt\\\/lt\\\/\",\"logo\":{\"@type\":\"ImageObject\",\"inLanguage\":\"lt-LT\",\"@id\":\"https:\\\/\\\/www.silutesnaujienos.lt\\\/lt\\\/#\\\/schema\\\/logo\\\/image\\\/\",\"url\":\"https:\\\/\\\/www.silutesnaujienos.lt\\\/lt\\\/wp-content\\\/uploads\\\/2020\\\/06\\\/FB_MAIN.jpg\",\"contentUrl\":\"https:\\\/\\\/www.silutesnaujienos.lt\\\/lt\\\/wp-content\\\/uploads\\\/2020\\\/06\\\/FB_MAIN.jpg\",\"width\":1700,\"height\":956,\"caption\":\"\u0160ilut\u0117s naujienos\"},\"image\":{\"@id\":\"https:\\\/\\\/www.silutesnaujienos.lt\\\/lt\\\/#\\\/schema\\\/logo\\\/image\\\/\"},\"sameAs\":[\"https:\\\/\\\/www.facebook.com\\\/silutes.naujienos\\\/\",\"https:\\\/\\\/www.youtube.com\\\/channel\\\/UCxW-cgrJDt8GxIMxSTAfJZg\"]},{\"@type\":\"Person\",\"@id\":\"https:\\\/\\\/www.silutesnaujienos.lt\\\/lt\\\/#\\\/schema\\\/person\\\/232f475ddd4a7b5f49b3abc788b17e83\",\"name\":\"\u0160ilut\u0117s naujien\u0173 inf.\",\"image\":{\"@type\":\"ImageObject\",\"inLanguage\":\"lt-LT\",\"@id\":\"https:\\\/\\\/www.silutesnaujienos.lt\\\/lt\\\/wp-content\\\/uploads\\\/2020\\\/06\\\/favicon.png\",\"url\":\"https:\\\/\\\/www.silutesnaujienos.lt\\\/lt\\\/wp-content\\\/uploads\\\/2020\\\/06\\\/favicon.png\",\"contentUrl\":\"https:\\\/\\\/www.silutesnaujienos.lt\\\/lt\\\/wp-content\\\/uploads\\\/2020\\\/06\\\/favicon.png\",\"caption\":\"\u0160ilut\u0117s naujien\u0173 inf.\"},\"sameAs\":[\"https:\\\/\\\/www.silutesnaujienos.lt\\\/lt\"],\"url\":\"https:\\\/\\\/www.silutesnaujienos.lt\\\/lt\\\/author\\\/ruta\\\/\"}]}<\/script>\n<!-- \/ Yoast SEO plugin. -->","yoast_head_json":{"title":"Pad\u0117kos vakaron\u0117 rajono \u016bkininkams tampa tradicija - \u0160ilut\u0117s naujienos","robots":{"index":"index","follow":"follow","max-snippet":"max-snippet:-1","max-image-preview":"max-image-preview:large","max-video-preview":"max-video-preview:-1"},"canonical":"https:\/\/www.silutesnaujienos.lt\/lt\/padekos-vakarone-rajono-ukininkams-tampa-tradicija\/","og_locale":"lt_LT","og_type":"article","og_title":"Pad\u0117kos vakaron\u0117 rajono \u016bkininkams tampa tradicija - \u0160ilut\u0117s naujienos","og_description":"Kai derlius &#8211; jau aruoduose, o \u017eem\u0117 paruo\u0161ta kit\u0173 met\u0173 pas\u0117liams, \u016bkininkams metas atsip\u016bsti, pakalbinti vieni kitus ir i\u0161klausyti vald\u017eios pad\u0117kos \u017eod\u017ei\u0173 u\u017e tai, kad savo kantriu darbu kuria ne tik savo \u0161eimos, bet ir rajono bei visos valstyb\u0117s gerov\u0119.\u017demai\u010di\u0173 Naumiestyj\u0119 jau antr\u0105 kart\u0105 surengta pad\u0117kos vakaron\u0117 rajono \u016bkininkams. \u012e tradiciniu tampant\u012f rengin\u012f sugu\u017e\u0117jo apie [&hellip;]","og_url":"https:\/\/www.silutesnaujienos.lt\/lt\/padekos-vakarone-rajono-ukininkams-tampa-tradicija\/","og_site_name":"\u0160ilut\u0117s naujienos","article_publisher":"https:\/\/www.facebook.com\/silutes.naujienos\/","article_published_time":"2015-12-11T18:00:00+00:00","og_image":[{"url":"\/\/silutesnaujienos.lt\/images\/stories\/2015\/GRUODIS\/08\/thumbnails\/thumb_PADEKOS_UKININKAMS_2.jpg","type":"","width":"","height":""}],"author":"\u0160ilut\u0117s naujien\u0173 inf.","twitter_card":"summary_large_image","twitter_misc":{"Written by":"\u0160ilut\u0117s naujien\u0173 inf.","Est. reading time":"4 minut\u0117s"},"schema":{"@context":"https:\/\/schema.org","@graph":[{"@type":"Article","@id":"https:\/\/www.silutesnaujienos.lt\/lt\/padekos-vakarone-rajono-ukininkams-tampa-tradicija\/#article","isPartOf":{"@id":"https:\/\/www.silutesnaujienos.lt\/lt\/padekos-vakarone-rajono-ukininkams-tampa-tradicija\/"},"author":{"name":"\u0160ilut\u0117s naujien\u0173 inf.","@id":"https:\/\/www.silutesnaujienos.lt\/lt\/#\/schema\/person\/232f475ddd4a7b5f49b3abc788b17e83"},"headline":"Pad\u0117kos vakaron\u0117 rajono \u016bkininkams tampa tradicija","datePublished":"2015-12-11T18:00:00+00:00","mainEntityOfPage":{"@id":"https:\/\/www.silutesnaujienos.lt\/lt\/padekos-vakarone-rajono-ukininkams-tampa-tradicija\/"},"wordCount":903,"commentCount":0,"publisher":{"@id":"https:\/\/www.silutesnaujienos.lt\/lt\/#organization"},"articleSection":["Aktualijos"],"inLanguage":"lt-LT","potentialAction":[{"@type":"CommentAction","name":"Comment","target":["https:\/\/www.silutesnaujienos.lt\/lt\/padekos-vakarone-rajono-ukininkams-tampa-tradicija\/#respond"]}]},{"@type":"WebPage","@id":"https:\/\/www.silutesnaujienos.lt\/lt\/padekos-vakarone-rajono-ukininkams-tampa-tradicija\/","url":"https:\/\/www.silutesnaujienos.lt\/lt\/padekos-vakarone-rajono-ukininkams-tampa-tradicija\/","name":"Pad\u0117kos vakaron\u0117 rajono \u016bkininkams tampa tradicija - \u0160ilut\u0117s naujienos","isPartOf":{"@id":"https:\/\/www.silutesnaujienos.lt\/lt\/#website"},"datePublished":"2015-12-11T18:00:00+00:00","breadcrumb":{"@id":"https:\/\/www.silutesnaujienos.lt\/lt\/padekos-vakarone-rajono-ukininkams-tampa-tradicija\/#breadcrumb"},"inLanguage":"lt-LT","potentialAction":[{"@type":"ReadAction","target":["https:\/\/www.silutesnaujienos.lt\/lt\/padekos-vakarone-rajono-ukininkams-tampa-tradicija\/"]}]},{"@type":"BreadcrumbList","@id":"https:\/\/www.silutesnaujienos.lt\/lt\/padekos-vakarone-rajono-ukininkams-tampa-tradicija\/#breadcrumb","itemListElement":[{"@type":"ListItem","position":1,"name":"Home","item":"https:\/\/www.silutesnaujienos.lt\/lt\/"},{"@type":"ListItem","position":2,"name":"Pad\u0117kos vakaron\u0117 rajono \u016bkininkams tampa tradicija"}]},{"@type":"WebSite","@id":"https:\/\/www.silutesnaujienos.lt\/lt\/#website","url":"https:\/\/www.silutesnaujienos.lt\/lt\/","name":"\u0160ilut\u0117s naujienos","description":"B\u016bk ant naujien\u0173 bangos!","publisher":{"@id":"https:\/\/www.silutesnaujienos.lt\/lt\/#organization"},"potentialAction":[{"@type":"SearchAction","target":{"@type":"EntryPoint","urlTemplate":"https:\/\/www.silutesnaujienos.lt\/lt\/?s={search_term_string}"},"query-input":{"@type":"PropertyValueSpecification","valueRequired":true,"valueName":"search_term_string"}}],"inLanguage":"lt-LT"},{"@type":"Organization","@id":"https:\/\/www.silutesnaujienos.lt\/lt\/#organization","name":"\u0160ilut\u0117s naujienos","url":"https:\/\/www.silutesnaujienos.lt\/lt\/","logo":{"@type":"ImageObject","inLanguage":"lt-LT","@id":"https:\/\/www.silutesnaujienos.lt\/lt\/#\/schema\/logo\/image\/","url":"https:\/\/www.silutesnaujienos.lt\/lt\/wp-content\/uploads\/2020\/06\/FB_MAIN.jpg","contentUrl":"https:\/\/www.silutesnaujienos.lt\/lt\/wp-content\/uploads\/2020\/06\/FB_MAIN.jpg","width":1700,"height":956,"caption":"\u0160ilut\u0117s naujienos"},"image":{"@id":"https:\/\/www.silutesnaujienos.lt\/lt\/#\/schema\/logo\/image\/"},"sameAs":["https:\/\/www.facebook.com\/silutes.naujienos\/","https:\/\/www.youtube.com\/channel\/UCxW-cgrJDt8GxIMxSTAfJZg"]},{"@type":"Person","@id":"https:\/\/www.silutesnaujienos.lt\/lt\/#\/schema\/person\/232f475ddd4a7b5f49b3abc788b17e83","name":"\u0160ilut\u0117s naujien\u0173 inf.","image":{"@type":"ImageObject","inLanguage":"lt-LT","@id":"https:\/\/www.silutesnaujienos.lt\/lt\/wp-content\/uploads\/2020\/06\/favicon.png","url":"https:\/\/www.silutesnaujienos.lt\/lt\/wp-content\/uploads\/2020\/06\/favicon.png","contentUrl":"https:\/\/www.silutesnaujienos.lt\/lt\/wp-content\/uploads\/2020\/06\/favicon.png","caption":"\u0160ilut\u0117s naujien\u0173 inf."},"sameAs":["https:\/\/www.silutesnaujienos.lt\/lt"],"url":"https:\/\/www.silutesnaujienos.lt\/lt\/author\/ruta\/"}]}},"publishpress_future_workflow_manual_trigger":{"enabledWorkflows":[]},"amp_enabled":true,"_links":{"self":[{"href":"https:\/\/www.silutesnaujienos.lt\/lt\/wp-json\/wp\/v2\/posts\/14811","targetHints":{"allow":["GET"]}}],"collection":[{"href":"https:\/\/www.silutesnaujienos.lt\/lt\/wp-json\/wp\/v2\/posts"}],"about":[{"href":"https:\/\/www.silutesnaujienos.lt\/lt\/wp-json\/wp\/v2\/types\/post"}],"author":[{"embeddable":true,"href":"https:\/\/www.silutesnaujienos.lt\/lt\/wp-json\/wp\/v2\/users\/1"}],"replies":[{"embeddable":true,"href":"https:\/\/www.silutesnaujienos.lt\/lt\/wp-json\/wp\/v2\/comments?post=14811"}],"version-history":[{"count":0,"href":"https:\/\/www.silutesnaujienos.lt\/lt\/wp-json\/wp\/v2\/posts\/14811\/revisions"}],"wp:attachment":[{"href":"https:\/\/www.silutesnaujienos.lt\/lt\/wp-json\/wp\/v2\/media?parent=14811"}],"wp:term":[{"taxonomy":"category","embeddable":true,"href":"https:\/\/www.silutesnaujienos.lt\/lt\/wp-json\/wp\/v2\/categories?post=14811"},{"taxonomy":"post_tag","embeddable":true,"href":"https:\/\/www.silutesnaujienos.lt\/lt\/wp-json\/wp\/v2\/tags?post=14811"}],"curies":[{"name":"wp","href":"https:\/\/api.w.org\/{rel}","templated":true}]}}