{"id":15029,"date":"2012-11-03T16:00:00","date_gmt":"2012-11-03T18:00:00","guid":{"rendered":"https:\/\/www.silutesnaujienos.lt\/lt\/zemesnis-uz-zole-knygos-kulturos-karininkas-p-jakstas\/"},"modified":"2012-11-03T16:00:00","modified_gmt":"2012-11-03T18:00:00","slug":"zemesnis-uz-zole-knygos-kulturos-karininkas-p-jakstas","status":"publish","type":"post","link":"https:\/\/www.silutesnaujienos.lt\/lt\/zemesnis-uz-zole-knygos-kulturos-karininkas-p-jakstas\/","title":{"rendered":"\u017demesnis u\u017e \u017eol\u0119 knygos kult\u016bros karininkas P.Jak\u0161tas"},"content":{"rendered":"<p><a target=\"_blank\" rel=\"caption[P.Jak\u0161tas yra sak\u0119s: \u201ePra\u0161ome kreiptis \u012f mane. Kol dar galiu - pad\u0117siu. A\u0161 j\u016bs\u0173 greitoji pagalba\u201c.] noopener noreferrer\" class=\"jcepopup\" href=\"\/\/silutesnaujienos.lt\/images\/stories\/2012\/10\/31\/Petras_Jakstas.jpg\" data-rel=\"lightbox-gallery-mzFrvYAD\" data-rl_title=\"\" data-rl_caption=\"\"><img loading=\"lazy\" decoding=\"async\" style=\"margin: 5px; float: left;\" class=\"caption\" title=\"\" alt=\"Petras Jakstas\" src=\"\/\/silutesnaujienos.lt\/images\/stories\/2012\/10\/31\/thumbnails\/thumb_Petras_Jakstas.jpg\" height=\"230\" width=\"307\" \/><\/a><strong>\u201eNor\u0117\u010diau, kad visi pam\u0117gt\u0173 ir gerbt\u0173 knyg\u0105, nuostabiausi\u0105 \u017emogaus proto ir i\u0161minties k\u016brin\u012f, kad niekas nedr\u012fst\u0173 naikinti ir \u017ealoti knygos\u201c, &#8211; yra pasak\u0119s Petras JAK\u0160TAS (1899-1988) &#8211; garsus \u0160ilut\u0117s kra\u0161totyrininkas, \u0161viet\u0117jas, bibliofilas, Ma\u017eosios Lietuvos istorijos tyr\u0117jas, Lietuvos kariuomen\u0117s karininkas (majoras), XXVII (dvide\u0161imt septyni\u0173) knygos m\u0117g\u0117j\u0173 draugijos narys, Klaip\u0117dos sukilimo dalyvis, aktyvus S\u0105j\u016bd\u017eio k\u016br\u0117jas.<\/strong><\/p>\n<p><strong>\u0160iandien j\u012f prisimename ne atsitiktinai &#8211; min\u0117dami 113-\u0105sias gimimo metines. \u0160iluti\u0161kiams bibliofilas paliko ne\u012fkainojam\u0105 dovan\u0105 &#8211; knyg\u0105 \u201eSenoji \u0160ilut\u0117\u201c ir istoriniu po\u017ei\u016briu itin verting\u0105 \u201eVadov\u0105 po \u0160ilut\u0117s miest\u0105\u201c. Pastarasis rankra\u0161tis nebuvo i\u0161leistas, ta\u010diau galb\u016bt viskas dar ateityje.<\/strong><\/p>\n<p><strong>Karininkas su knygmylio gyslele<\/strong><\/p>\n<p>P.Jak\u0161tas gim\u0117 1899 m. spalio 30 d. Stramiliuose, Panemun\u0117lio vals\u010diuje, Roki\u0161kio r., \u016bkinink\u0173 \u0161eimoje. Mok\u0117si Roki\u0161kio valdin\u0117je mokykloje. 1914 m. t\u0117vai j\u012f, penkiolikmet\u012f, i\u0161leido \u012f Peterburg\u0105, kur iki 1918 m. mok\u0117si \u0160v. Kotrynos gimnazijoje. Baig\u0119s \u0161e\u0161ias klases, gr\u012f\u017eo \u012f Lietuv\u0105. Nor\u0117damas \u012fgyti auk\u0161tesn\u012f i\u0161silavinim\u0105, 1920 m. \u012fstojo \u012f Kauno karo mokykl\u0105, j\u0105 baig\u0117 ir buvo paskirtas \u012f 7-\u0105j\u012f p\u0117stinink\u0173 pulk\u0105, gavo p\u0117stinink\u0173 leitenanto laipsn\u012f.<\/p>\n<p>Ta\u010diau ir pasirinkus kari\u0161k\u0105 profesij\u0105, vaikyst\u0117je \u012fgyta meil\u0117 knygoms niekur nedingo. Kur buv\u0119s, kur nebuv\u0119s, vis sukdavo \u012f knygynus, antikvariatus, ir i\u0161samiai apra\u0161ydavo kiekvienos knygos \u012fsigijimo istorij\u0105. Domo Kauno i\u0161leistame leidinyje \u201eKnygos\u201c P.Jak\u0161tas labai gra\u017eiai apra\u0161o daugelio knyg\u0173 \u012fsigijimo istorijas, nepamir\u0161damas net ir t\u0173 pirm\u0173j\u0173 knygeli\u0173, nuo kuri\u0173 prasid\u0117jo lietuvi\u0173 kalbos pa\u017einimas.<\/p>\n<p>P.Jak\u0161tas yra palik\u0119s gra\u017e\u0173 liudijim\u0105, kad jo pa\u017eintis su knygomis prasid\u0117jo nuo mamos maldaknyg\u0117s. Su did\u017eiule pagarba jis prisimin\u0117 ir vaikyst\u0117je sutikt\u0105 kunig\u0105, kuris, pamat\u0119s, kaip vaikas laukuose skaito knyg\u0105, prad\u0117jo jam skolinti knygeles, kurias atsi\u0173sdavo per tarpininkus.<\/p>\n<p>\u0160viesuolis yra prisipa\u017ein\u0119s, kad didel\u012f \u012fsp\u016bd\u012f vaikyst\u0117je jam paliko vienoje knygel\u0117je rastas u\u017era\u0161as: \u201eMa\u017ea garb\u0117 svetimom kalbom kalb\u0117ti, didi g\u0117da savos gerai nemok\u0117ti\u201c. Tod\u0117l moksl\u0173 tro\u0161kuliui vis did\u0117jant, P.Jak\u0161tas neapsiribojo \u017einiomis, \u012fgytomis Karo mokykloje. Tarnaudamas Lietuvos kariuomen\u0117je Klaip\u0117doje, baig\u0117 suaugusi\u0173j\u0173 gimnazijos kursus. Kai buvo perkeltas \u012f Kaun\u0105, \u012fstojo mokytis \u012f Vytauto Did\u017eiojo universiteto Humanitarini\u0173 moksl\u0173 fakultet\u0105, kur studijavo nuo 1927 iki 1932 m. pavasario.<\/p>\n<p>Kaip Kauno karo mokyklos aukl\u0117tinis ir Lietuvos kariuomen\u0117s Vyriausiojo \u0161tabo karininkas, buvo atsakingas u\u017e \u0161vietim\u0105, spaud\u0105 ir r\u016bpinim\u0105si kari\u0173 kapais. Tiesiogiai dalyvavo kuriant \u017euvusi\u0173 lietuvi\u0173 kari\u0173 memorial\u0105 \u010cervonkoje (Latvija) ir Ne\u017einomo kareivio kap\u0105 Kaune.<\/p>\n<p>1940 m. rusams likvidavus Lietuvos kariuomen\u0117s Vyriausi\u0105j\u012f \u0161tab\u0105, P.Jak\u0161tas kur\u012f laik\u0105 dar tarnavo pulke, performuotame \u012f rusi\u0161k\u0105 kariuomen\u0119. V\u0117liau i\u0161\u0117jo \u012f atsarg\u0105 ir \u0117m\u0117 \u016bkininkauti Stramiliuose.<\/p>\n<p>Suk\u016br\u0119s \u0161eim\u0105 \u012fsidarbino Vilniuje, Lietuvos Moksl\u0173 akademijoje. N\u0117ra patikim\u0173 \u017eini\u0173, ar i\u0161 ten i\u0161\u0117jo savo noru, ar buvo atleistas, ta\u010diau neabejotinas faktas, kad tiek, kiek myl\u0117jo knygas, kalb\u0105 ir savo \u0161al\u012f, tiek paskui buvo neken\u010diamas rus\u0173 vald\u017eios, ir u\u017e tai brangiai sumok\u0117jo.<\/p>\n<p><strong>T\u0117vo likim\u0105 supo paslaptys<\/strong><\/p>\n<p>\u0160ilut\u0117je gyvenantis P.Jak\u0161to pirmagimis s\u016bnus Petras \u201e\u0160ilut\u0117s naujienoms\u201c pasakojo, kad t\u0117vas neatviravo apie savo gyvenimo vingius. Ta\u010diau buvo i\u0161sitar\u0119s, jog dalyvavo 1923 met\u0173 sukilime, kurio rezultatas &#8211; Klaip\u0117dos kra\u0161tas atiteko Lietuvai.<\/p>\n<p>P.Jak\u0161tas s\u016bnums buvo parod\u0119s netoli Saug\u0173, prie gele\u017einkelio perva\u017eos, buvus\u012f \u016bkin\u012f pastat\u0105, kuriame buvo susl\u0117pti ginklai sukil\u0117liams. Kai 1923 m. saus\u012f su kitais Lietuvos kari\u0161kiais, persireng\u0119 civiliais drabu\u017eiais, per\u0117jo Lietuvos &#8211; Klaip\u0117dos kra\u0161to sien\u0105, susirado t\u0105 slapt\u0105 ginkl\u0173 sand\u0117l\u012f ir apsiginklavo.<\/p>\n<p>Po sukilimo P.Jak\u0161tas \u0161iame kra\u0161te tarnavo apie 5 metus. Dalinys \u012fsik\u016br\u0117 Macikuose. 1925 met\u0173 \u017eiem\u0105 du kareiviai, \u010diuo\u017ein\u0117dami ant u\u017e\u0161alusio pr\u016bdo, \u012fl\u016b\u017eo ir nuskendo. Buvo palaidoti Macik\u0173 kapinait\u0117se, netoli ra\u0161ytojo H.Zudermano t\u0117v\u0173 namo. P.Jak\u0161to s\u016bnus prisimena \u0161eimos tradicij\u0105, kuri rodo i\u0161skirtin\u0119 t\u0117vo pagarb\u0105 jo vadovautiems kariams. Po keli\u0173 de\u0161imtme\u010di\u0173, kai t\u0117vas gr\u012f\u017eo gyventi \u012f \u0160ilut\u0119, kiekvien\u0105 lapkri\u010dio 1-\u0105j\u0105 pasiimdavo abu s\u016bnus ir eidavo \u012f Macik\u0173 kapinaites u\u017edegti \u017evaku\u010di\u0173 ant t\u0173 kareivi\u0173 kap\u0173.<\/p>\n<p>Itin sunkus gyvenimo etapas P.Jak\u0161t\u0105 u\u017eklupo 1944-1955 m. Sl\u0117pdamasis nuo bol\u0161evik\u0173 represij\u0173, tur\u0117jo gyventi nelegaliai, svetimu vardu ir pavarde slapst\u0117si ne tik Lietuvoje, bet ir Rygoje.<a target=\"_blank\" rel=\"caption[Dirbdamas \u0160ilut\u0117je, keli\u0173 valdyboje, P.Jak\u0161tas vis\u0105 laisvalaik\u012f skirdavo knygoms ir kra\u0161totyrai.] noopener noreferrer\" class=\"jcepopup\" href=\"\/\/silutesnaujienos.lt\/images\/stories\/2012\/10\/31\/Petras_Jakstas_1.jpg\" data-rel=\"lightbox-gallery-mzFrvYAD\" data-rl_title=\"\" data-rl_caption=\"\"><img loading=\"lazy\" decoding=\"async\" style=\"margin: 5px; float: right;\" class=\"caption\" title=\"\" alt=\"Petras Jakstas 1\" src=\"\/\/silutesnaujienos.lt\/images\/stories\/2012\/10\/31\/thumbnails\/thumb_Petras_Jakstas_1.jpg\" height=\"230\" width=\"307\" \/><\/a><\/p>\n<p>S\u016bnus pasakojo, kad iki pat 1956 m. jiedu su metais jaunesniu broliu netgi man\u0117, kad t\u0117vo n\u0117ra gyvo &#8211; mama vis sakydavo, kad t\u0117vas dingo per kar\u0105. Ta\u010diau vyras pamena, kad kartais mama juos nusive\u017edavo \u012f Ryg\u0105, o ten susitikdavo su \u016bsuotu ponu. Tai ir buv\u0119s j\u0173 t\u0117vas, ta\u010diau vaikai t\u0105 su\u017einojo gerokai v\u0117liau, tik suaug\u0119.<\/p>\n<p>\u201eNepamenu t\u0117vo iki pat 1956 m., kai, jis jau nebesislapstydamas, savo vardu ir pavarde gr\u012f\u017eo pas mus \u012f \u0160ilut\u0119, kur tuo metu jau gyvenome. D\u017eiaugiausi, bet ir nerimo buvo. Po tiek met\u0173 i\u0161girdus, kad t\u0117vas gyvas, gr\u012f\u017eta, ap\u0117m\u0117 sumi\u0161imas ir nerimas\u201c, &#8211; prisimin\u0117 Petras.<\/p>\n<p><strong>Ir savus, ir svetimus vaikus skatino \u0161viestis<\/strong><\/p>\n<p>Juokaudamas vyras prasitar\u0117, kad jau nuo prad\u017ei\u0173 jiedu su broliu t\u0117v\u0105 ka\u017ekiek nuvyl\u0117. P.Jak\u0161tas sudar\u0117 s\u0105ra\u0161\u0105 knyg\u0173, kurias s\u016bn\u016bs tur\u0117jo perskaityti, ta\u010diau pasaulin\u0117 klasikin\u0117 literat\u016bra jaunuoli\u0173 per daug nedomino. Jaun\u0117lis labiau dom\u0117josi technika, o Petras, nors ir band\u0117 \u012fveikti s\u0105ra\u0161\u0105, noro taip pat pristigo.<\/p>\n<p>\u201eAutoritet\u0105 t\u0117vo akyse atgavau, kai \u0117miau rinkti knygas apie med\u017eiokl\u0119, kartais j\u0173 padovanodavo ir t\u0117vas. Suprantu, kad jis nor\u0117jo, jog b\u016btume \u012f j\u012f pana\u0161\u016bs. Ta\u010diau bendros kalbos t\u0117vas rasdavo su mano bendraklasiu, a\u0161 \u012f tuos pokalbius nesiki\u0161davau: jei nesuprantu, apie k\u0105 kalbama, k\u0105 galiu protingo pasakyti?\u201c, &#8211; juok\u0117si P.Jak\u0161tas jaunesnysis.<\/p>\n<p>In\u017einieriaus hidrotechniko specialyb\u0119 \u012fgij\u0119s vyras pasakojo, kad t\u0117v\u0173 namai visuomet b\u016bdavo pilni \u017emoni\u0173 &#8211; inteligent\u0173, proting\u0173 pa\u0161nekov\u0173. Juos domino ne tik P.Jak\u0161to sukauptos knygos, bet ir jo \u017einios apie \u0160ilut\u0117s kra\u0161t\u0105, kur\u012f, gyvendamas \u010dia, \u0161viesuolis pamilo kaip savo gimtuosius namus.<\/p>\n<p>Lyg \u0161iandien P.Jak\u0161to s\u016bnus pamena, kad namuose da\u017enai skamb\u0117davo ne tik j\u0173 su broliu balsai. Nevert\u0117t\u0173 pamir\u0161ti ypatingos P.Jak\u0161to draugyst\u0117s su moksleiviais, kuriems vesdavo ekskursijas. Vaikai greit pam\u0117gdavo savo gid\u0105, o v\u0117liau su juo susira\u0161in\u0117davo. P.Jak\u0161t\u0105 vaikai, kaip ir jis juos, vadino Prieteliumi, ta\u010diau pasira\u0161in\u0117dami atvirlai\u0161kius nepamir\u0161davo pasivadinti ir kalakutais: taip P.Jak\u0161tas vadino nepaklusniuosius ir i\u0161dyk\u0117lius. Vaikai, regis, d\u0117l to visai nepyko.<\/p>\n<p>Ilg\u0105 laik\u0105 P.Jak\u0161tas puosel\u0117jo ypating\u0105 draugyst\u0119 su \u0160ilut\u0117s internato aukl\u0117tiniais &#8211; kviesdavosi juos \u012f sve\u010dius, per \u0161ventes suruo\u0161davo dovan\u0117les. Net kelerius metus po P.Jak\u0161to mirties vaikai ne\u017einojo, kad j\u0173 Prieteliaus jau neb\u0117ra \u0161ioje \u017eem\u0117je. T\u0119sdama vyro veikl\u0105, padedama r\u0117m\u0117j\u0173, siuntinius prie\u0161 \u0161ventes jiems ruo\u0161davo P.Jak\u0161to \u017emona Sofija.<\/p>\n<p>\u201e\u012edomiausia b\u016bdavo, kad pakviesti \u012f sve\u010dius tie vaikai i\u0161 karto kiekvienas rasdavo kur nut\u016bpti: kas &#8211; prie sofos, kas &#8211; dar kur. Netur\u0117dami internate savo kampo, matyt, labai tro\u0161ko tur\u0117ti tik savo viet\u0105. Pas mus jie so\u010diau pavalgydavo, saldainiais b\u016bdavo pavai\u0161inami\u201c, &#8211; prisimin\u0117 Petras jaunesnysis.<\/p>\n<p>Su vaikais i\u0161 internato P.Jak\u0161tas susipa\u017eino \u017emonos sesers Bronislavos d\u0117ka &#8211;&nbsp; ji dirbo mokytoja internate. \u0160iai moteriai P.Jak\u0161tas tur\u0117jo b\u016bti d\u0117kingas ir u\u017e pa\u017eint\u012f su \u017emona Sofija: kol gyveno Stramiliuose, mokytojai Bronislavai nuomojo kambar\u012f. Taip ir susipa\u017eino su jos seserimi, o netrukus ir vestuves at\u0161oko.<\/p>\n<p>Prie i\u0161vaizdaus karininko lipte lipo daug dam\u0173, ta\u010diau P.Jak\u0161tas \u012f jas nekreip\u0117 d\u0117mesio. Kalbama, kad daugelis jau man\u0117, jog P.Jak\u0161tas liks senberniu.<\/p>\n<p>Tiesa, lik\u0119 u\u017era\u0161ai liudija, kad jau suk\u016br\u0119s \u0161eim\u0105 ir dirbdamas Vilniuje \u0161vietimo srityje, pildydamas duomenis P.Jak\u0161tas nurodydavo es\u0105s neved\u0119s. Tok\u012f poelg\u012f, ko gero, l\u0117m\u0117 nuojauta, kad art\u0117ja ne itin palank\u016bs laikai, ir b\u016bt\u0173 geriau, jei prasid\u0117jus persekiojimams, \u0161eima gal\u0117t\u0173 gyventi ramiau.<\/p>\n<p><strong>Pirkdavo kitiems ne\u012fkandamas knygas<\/strong><\/p>\n<p>\u0160iluti\u0161kiams P.Jak\u0161tas labiausiai \u017einomas d\u0117l ind\u0117lio \u012f kra\u0161to istorij\u0105, kuri\u0105 taip intensyviai tyrin\u0117jo, ir gausios asmenin\u0117s bibliotekos, kurioje puikavosi ne tik lietuvi\u0161ka, rusi\u0161ka, bet ir voki\u0161ka ir \u010deki\u0161ka literat\u016bra.<\/p>\n<p>\u201ePra\u0161ydavo draug\u0173 i\u0161 Vokietijos, \u010cekoslovakijos ir Lenkijos parve\u017eti toki\u0173 knyg\u0173, kuri\u0173, tikriausiai, be jo daugiau niekas ir ne\u012fk\u0105sdavo, &#8211; pasakojo \u0161viesuolio s\u016bnus Petras.<\/p>\n<p>P.Jak\u0161tas taip pat priklaus\u0117 XXVII knygos m\u0117g\u0117j\u0173 draugijai, buvo septintas jos narys. Viename pokalbyje su kra\u0161totyrininku Bernardu Aleknavi\u010diumi jis yra pasakoj\u0119s linksm\u0105 nutikim\u0105. Vienas \u010dek\u0173 laikra\u0161tis, su\u017einoj\u0119s, kad veikia tokia draugija, pavadino j\u0105 27 alkoholik\u0173 samb\u016briu, nes Lietuvoje tuo metu buvo labai populiari \u017eoleli\u0173 trauktin\u0117 \u201eTrejos devynerios\u201c.<\/p>\n<p>P.Jak\u0161to pirmagimis pamena, kad pok\u0161tauti m\u0117gdav\u0119s ir t\u0117vas. Tur\u0117jo nusipirk\u0119s Dauk\u0161os \u201ePostil\u0119\u201c, kuri\u0105 pardav\u0117jas pristat\u0117 kaip original\u0105 &#8211; specialiomis priemon\u0117mis pasendino knygos puslapius. Knyg\u0173 myl\u0117toj\u0173 siaubui, P.Jak\u0161tas da\u017enai prie j\u0173 aki\u0173 imdavo ir nudr\u0117ksdavo dal\u012f puslapio. S\u016bnus pasakojo, kad \u0161i knyga, kaip ir beveik visos kitos knygos, tur\u0117jo b\u016bti perduota Vilniaus universitetui, ta\u010diau ka\u017ekur prapuol\u0117. P.Jak\u0161tas jaunesnysis sp\u0117ja, kad ne\u017einodamas jog ji &#8211; tik plagiatas, kas nors susigund\u0117 priglausti knyg\u0105 savo namuose.<\/p>\n<p>P.Jak\u0161tas \u017einojo, kad jo sukauptos knygos &#8211; vertingos, tad 1985 m. \u0160ilut\u0117je ne kart\u0105 lank\u0117si spaudos paveldo \u017einovai. Jie per\u017ei\u016br\u0117jo vis\u0105 bibliotek\u0105 ir rankra\u0161\u010di\u0173 archyv\u0105. Visos vertingiausios knygos buvo parduotos Vilniaus universitetui, ten jos buvo ve\u017eamos net ir po P.Jak\u0161to mirties. Dar b\u016bdamas gyvas, bibliofilas nema\u017eai knyg\u0173 paskirst\u0117 s\u016bn\u0173 \u0161eimoms. Kai kas liko ir namuose, ta\u010diau v\u0117liau jo \u017emona Sofija ir s\u016bnus v\u0117lgi rado k\u0105 atiduoti Vilniaus universitetui ir \u0160ilut\u0117s F.Bajorai\u010dio bibliotekai.<\/p>\n<p><strong>\u017demesnis u\u017e \u017eol\u0119<\/strong><\/p>\n<p>Bendram naudojimui P.Jak\u0161tas paliko apie 6700 pavadinim\u0173 knyg\u0173 bei periodikos, 43 darb\u0173 rankra\u0161\u010dius. Asmenin\u0117 biblioteka gal\u0117jo b\u016bti dar gausesn\u0117, nes jau prie\u0161kariu bibliofilas buvo sukaup\u0119s nemenk\u0105 kolekcij\u0105 &#8211; 6500 knyg\u0173, ta\u010diau 1945 m. vald\u017eios \u012fsakymu visos buvo sudegintos.<\/p>\n<p>\u0160tai k\u0105 apie \u0161i\u0105 istorij\u0105, nutikusi\u0105 P.Jak\u0161to brolio uo\u0161vi\u0173 sodyboje Stramili\u0161kiuose, pasakojo pats bibliofilas: \u201e1945 m. sausio 10 d. ryt\u0105, tik i\u0161au\u0161us, Vytauto Jak\u0161to sodyb\u0105 apsupo rus\u0173 kareiviai. \u0160eima tik k\u0105 buvo sus\u0117dusi prie stalo pusry\u010diauti. \u012e\u0117j\u0119 \u012f gry\u010di\u0105 kareiviai papra\u0161\u0117 degtuk\u0173. Jak\u0161tien\u0117, nieko bloga nenumanydama, padav\u0117 kareiviui degtuk\u0173 d\u0117\u017eut\u0119. Visiems \u017emon\u0117ms buvo \u012fsakyta i\u0161eiti \u012f kiem\u0105. \u010cia V.Jak\u0161t\u0105, jo uo\u0161v\u012f, \u017emonos t\u0117v\u0105 Jon\u0105 Jasi\u016bn\u0105, vir\u0161 80 met\u0173 senuk\u0105, ir pusseser\u0117s vyr\u0105 Jon\u0105 Kastanausk\u0105 i\u0161 Stramili\u0161ki\u0173 tuojau su\u0161aud\u0117, gyvulius i\u0161 tvarto paleido \u012f lauk\u0105 ir trobesius padeg\u0117. \u017dinoma, niekas gaisro negesino, niekas mantos negelb\u0117jo, viskas sudeg\u0117. Sudeg\u0117 ir mano knygos\u201c.<\/p>\n<p>Leidinyje \u201eKnygos kult\u016bros karininkas\u201c D.Kaunas atskleid\u0117 tokios egzekucijos pretekst\u0105, apie kur\u012f P.Jak\u0161tas visuomet nutyl\u0117davo. Pasirodo, jo brolis Vytautas ginkluotas ilgokai slapst\u0117si mi\u0161kuose ir uo\u0161vio klojime, o kai buvo susektas ir band\u0117 po susi\u0161audymo prasiver\u017eti, \u012fvyko apra\u0161ytoji egzekucija.<\/p>\n<p>P.Jak\u0161to s\u016bnus neslepia, kad gr\u012f\u017e\u0119s \u012f \u0160ilut\u0119 t\u0117vas ilg\u0105 laik\u0105 vie\u0161oje erdv\u0117je jaut\u0117si atstumtas, ta\u010diau u\u017egr\u016bdintas nelengvo gyvenimo per daug nesielvartavo &#8211; d\u017eiaug\u0117si gal\u0117damas rinkti knygas, bendrauti su j\u012f gerbian\u010diais \u017emon\u0117mis. Kaip ra\u0161\u0117 D.Kaunas, \u0160ilut\u0117je P.Jak\u0161tas gyveno lyg \u201e\u017eemesnis u\u017e \u017eol\u0119\u201c &#8211; ir galb\u016bt tai buvo jo tvirtyb\u0117.<\/p>\n<p><strong>I\u0161\u0117jo apklotas trispalve<\/strong><\/p>\n<p>P.Jak\u0161tas buvo aktyvus Lietuvos Persitvarkymo S\u0105j\u016bd\u017eio \u0160ilut\u0117s iniciatyvin\u0117s grup\u0117s narys. 1988 m. spalio 23 d., \u0161iluti\u0161kiams giedant Vinco Kudirkos \u201eTauti\u0161k\u0105 giesm\u0119\u201c, vyriausias Iniciatyvin\u0117s grup\u0117s narys P.Jak\u0161tas prie \u0160ilut\u0117s kult\u016bros nam\u0173 (dab. &#8211; \u0160ilut\u0117s kult\u016bros ir pramog\u0173 centras) i\u0161k\u0117l\u0117 Lietuvos valstyb\u0117s v\u0117liav\u0105 &#8211; katalik\u0173 ba\u017eny\u010dioje pa\u0161ventint\u0105 trispalv\u0119.<\/p>\n<p>Deja, netrukus &#8211; lapkri\u010dio 14 d. &#8211; P.Jak\u0161tas palyd\u0117tas am\u017einojo poilsio. Jo karstas pirm\u0105 kart\u0105 \u0160ilut\u0117s istorijoje buvo apklotas Lietuvos trispalve.<\/p>\n<p>U\u017e savo \u012fvairiapus\u0119 veikl\u0105 P.Jak\u0161tas apdovanotas Gedimino IV laipsnio ordinu, Lietuvos Nepriklausomyb\u0117s 10 met\u0173 sukakties jubiliejiniu medaliu u\u017e knyg\u0105 \u201eSenoji \u0160ilut\u0117\u201c ir \u201eSidabrin\u0117s nendr\u0117s\u201c premija u\u017e ilgamet\u0119 kra\u0161totyros veikl\u0105 (1995, po mirties). 1989 m. P.Jak\u0161to vardu pavadinta gatv\u0117 \u0160ilut\u0117je.<\/p>\n<p><span class=\"highlight\"><img loading=\"lazy\" decoding=\"async\" style=\"margin: 5px; vertical-align: middle;\" src=\"\/\/silutesnaujienos.lt\/images\/stories\/LOGO\/spaudos_remimo_fondas.JPG\" alt=\"spaudos remimo fondas\" height=\"61\" width=\"100\" \/><\/span><strong><span class=\"highlight\">&nbsp;Projektas: &#8222;<span class=\"highlight\">Ma\u017eosios Lietuvos \u0161viesuoliai &#8211; i\u0161 praeities \u012f dabart\u012f&#8221;.<\/span><\/span><\/strong><\/p>\n","protected":false},"excerpt":{"rendered":"<p>\u201eNor\u0117\u010diau, kad visi pam\u0117gt\u0173 ir gerbt\u0173 knyg\u0105, nuostabiausi\u0105 \u017emogaus proto ir i\u0161minties k\u016brin\u012f, kad niekas nedr\u012fst\u0173 naikinti ir \u017ealoti knygos\u201c, &#8211; yra pasak\u0119s Petras JAK\u0160TAS (1899-1988) &#8211; garsus \u0160ilut\u0117s kra\u0161totyrininkas, \u0161viet\u0117jas, bibliofilas, Ma\u017eosios Lietuvos istorijos tyr\u0117jas, Lietuvos kariuomen\u0117s karininkas (majoras), XXVII (dvide\u0161imt septyni\u0173) knygos m\u0117g\u0117j\u0173 draugijos narys, Klaip\u0117dos sukilimo dalyvis, aktyvus S\u0105j\u016bd\u017eio k\u016br\u0117jas. \u0160iandien j\u012f [&hellip;]<\/p>\n","protected":false},"author":1,"featured_media":0,"comment_status":"open","ping_status":"open","sticky":false,"template":"","format":"standard","meta":{"footnotes":""},"categories":[51],"tags":[],"class_list":{"0":"post-15029","1":"post","2":"type-post","3":"status-publish","4":"format-standard","6":"category-kultura-ir-svietimas"},"yoast_head":"<!-- This site is optimized with the Yoast SEO plugin v27.5 - https:\/\/yoast.com\/product\/yoast-seo-wordpress\/ -->\n<title>\u017demesnis u\u017e \u017eol\u0119 knygos kult\u016bros karininkas P.Jak\u0161tas - \u0160ilut\u0117s naujienos<\/title>\n<meta name=\"robots\" content=\"index, follow, max-snippet:-1, max-image-preview:large, max-video-preview:-1\" \/>\n<link rel=\"canonical\" href=\"https:\/\/www.silutesnaujienos.lt\/lt\/zemesnis-uz-zole-knygos-kulturos-karininkas-p-jakstas\/\" \/>\n<meta property=\"og:locale\" content=\"lt_LT\" \/>\n<meta property=\"og:type\" content=\"article\" \/>\n<meta property=\"og:title\" content=\"\u017demesnis u\u017e \u017eol\u0119 knygos kult\u016bros karininkas P.Jak\u0161tas - \u0160ilut\u0117s naujienos\" \/>\n<meta property=\"og:description\" content=\"\u201eNor\u0117\u010diau, kad visi pam\u0117gt\u0173 ir gerbt\u0173 knyg\u0105, nuostabiausi\u0105 \u017emogaus proto ir i\u0161minties k\u016brin\u012f, kad niekas nedr\u012fst\u0173 naikinti ir \u017ealoti knygos\u201c, &#8211; yra pasak\u0119s Petras JAK\u0160TAS (1899-1988) &#8211; garsus \u0160ilut\u0117s kra\u0161totyrininkas, \u0161viet\u0117jas, bibliofilas, Ma\u017eosios Lietuvos istorijos tyr\u0117jas, Lietuvos kariuomen\u0117s karininkas (majoras), XXVII (dvide\u0161imt septyni\u0173) knygos m\u0117g\u0117j\u0173 draugijos narys, Klaip\u0117dos sukilimo dalyvis, aktyvus S\u0105j\u016bd\u017eio k\u016br\u0117jas. \u0160iandien j\u012f [&hellip;]\" \/>\n<meta property=\"og:url\" content=\"https:\/\/www.silutesnaujienos.lt\/lt\/zemesnis-uz-zole-knygos-kulturos-karininkas-p-jakstas\/\" \/>\n<meta property=\"og:site_name\" content=\"\u0160ilut\u0117s naujienos\" \/>\n<meta property=\"article:publisher\" content=\"https:\/\/www.facebook.com\/silutes.naujienos\/\" \/>\n<meta property=\"article:published_time\" content=\"2012-11-03T18:00:00+00:00\" \/>\n<meta property=\"og:image\" content=\"\/\/silutesnaujienos.lt\/images\/stories\/2012\/10\/31\/thumbnails\/thumb_Petras_Jakstas.jpg\" \/>\n<meta name=\"author\" content=\"\u0160ilut\u0117s naujien\u0173 inf.\" \/>\n<meta name=\"twitter:card\" content=\"summary_large_image\" \/>\n<meta name=\"twitter:label1\" content=\"Written by\" \/>\n\t<meta name=\"twitter:data1\" content=\"\u0160ilut\u0117s naujien\u0173 inf.\" \/>\n\t<meta name=\"twitter:label2\" content=\"Est. reading time\" \/>\n\t<meta name=\"twitter:data2\" content=\"11 minu\u010di\u0173\" \/>\n<script type=\"application\/ld+json\" class=\"yoast-schema-graph\">{\"@context\":\"https:\\\/\\\/schema.org\",\"@graph\":[{\"@type\":\"Article\",\"@id\":\"https:\\\/\\\/www.silutesnaujienos.lt\\\/lt\\\/zemesnis-uz-zole-knygos-kulturos-karininkas-p-jakstas\\\/#article\",\"isPartOf\":{\"@id\":\"https:\\\/\\\/www.silutesnaujienos.lt\\\/lt\\\/zemesnis-uz-zole-knygos-kulturos-karininkas-p-jakstas\\\/\"},\"author\":{\"name\":\"\u0160ilut\u0117s naujien\u0173 inf.\",\"@id\":\"https:\\\/\\\/www.silutesnaujienos.lt\\\/lt\\\/#\\\/schema\\\/person\\\/232f475ddd4a7b5f49b3abc788b17e83\"},\"headline\":\"\u017demesnis u\u017e \u017eol\u0119 knygos kult\u016bros karininkas P.Jak\u0161tas\",\"datePublished\":\"2012-11-03T18:00:00+00:00\",\"mainEntityOfPage\":{\"@id\":\"https:\\\/\\\/www.silutesnaujienos.lt\\\/lt\\\/zemesnis-uz-zole-knygos-kulturos-karininkas-p-jakstas\\\/\"},\"wordCount\":2145,\"commentCount\":0,\"publisher\":{\"@id\":\"https:\\\/\\\/www.silutesnaujienos.lt\\\/lt\\\/#organization\"},\"articleSection\":[\"Kult\u016bra ir \u0161vietimas\"],\"inLanguage\":\"lt-LT\",\"potentialAction\":[{\"@type\":\"CommentAction\",\"name\":\"Comment\",\"target\":[\"https:\\\/\\\/www.silutesnaujienos.lt\\\/lt\\\/zemesnis-uz-zole-knygos-kulturos-karininkas-p-jakstas\\\/#respond\"]}]},{\"@type\":\"WebPage\",\"@id\":\"https:\\\/\\\/www.silutesnaujienos.lt\\\/lt\\\/zemesnis-uz-zole-knygos-kulturos-karininkas-p-jakstas\\\/\",\"url\":\"https:\\\/\\\/www.silutesnaujienos.lt\\\/lt\\\/zemesnis-uz-zole-knygos-kulturos-karininkas-p-jakstas\\\/\",\"name\":\"\u017demesnis u\u017e \u017eol\u0119 knygos kult\u016bros karininkas P.Jak\u0161tas - \u0160ilut\u0117s naujienos\",\"isPartOf\":{\"@id\":\"https:\\\/\\\/www.silutesnaujienos.lt\\\/lt\\\/#website\"},\"datePublished\":\"2012-11-03T18:00:00+00:00\",\"breadcrumb\":{\"@id\":\"https:\\\/\\\/www.silutesnaujienos.lt\\\/lt\\\/zemesnis-uz-zole-knygos-kulturos-karininkas-p-jakstas\\\/#breadcrumb\"},\"inLanguage\":\"lt-LT\",\"potentialAction\":[{\"@type\":\"ReadAction\",\"target\":[\"https:\\\/\\\/www.silutesnaujienos.lt\\\/lt\\\/zemesnis-uz-zole-knygos-kulturos-karininkas-p-jakstas\\\/\"]}]},{\"@type\":\"BreadcrumbList\",\"@id\":\"https:\\\/\\\/www.silutesnaujienos.lt\\\/lt\\\/zemesnis-uz-zole-knygos-kulturos-karininkas-p-jakstas\\\/#breadcrumb\",\"itemListElement\":[{\"@type\":\"ListItem\",\"position\":1,\"name\":\"Home\",\"item\":\"https:\\\/\\\/www.silutesnaujienos.lt\\\/lt\\\/\"},{\"@type\":\"ListItem\",\"position\":2,\"name\":\"\u017demesnis u\u017e \u017eol\u0119 knygos kult\u016bros karininkas P.Jak\u0161tas\"}]},{\"@type\":\"WebSite\",\"@id\":\"https:\\\/\\\/www.silutesnaujienos.lt\\\/lt\\\/#website\",\"url\":\"https:\\\/\\\/www.silutesnaujienos.lt\\\/lt\\\/\",\"name\":\"\u0160ilut\u0117s naujienos\",\"description\":\"B\u016bk ant naujien\u0173 bangos!\",\"publisher\":{\"@id\":\"https:\\\/\\\/www.silutesnaujienos.lt\\\/lt\\\/#organization\"},\"potentialAction\":[{\"@type\":\"SearchAction\",\"target\":{\"@type\":\"EntryPoint\",\"urlTemplate\":\"https:\\\/\\\/www.silutesnaujienos.lt\\\/lt\\\/?s={search_term_string}\"},\"query-input\":{\"@type\":\"PropertyValueSpecification\",\"valueRequired\":true,\"valueName\":\"search_term_string\"}}],\"inLanguage\":\"lt-LT\"},{\"@type\":\"Organization\",\"@id\":\"https:\\\/\\\/www.silutesnaujienos.lt\\\/lt\\\/#organization\",\"name\":\"\u0160ilut\u0117s naujienos\",\"url\":\"https:\\\/\\\/www.silutesnaujienos.lt\\\/lt\\\/\",\"logo\":{\"@type\":\"ImageObject\",\"inLanguage\":\"lt-LT\",\"@id\":\"https:\\\/\\\/www.silutesnaujienos.lt\\\/lt\\\/#\\\/schema\\\/logo\\\/image\\\/\",\"url\":\"https:\\\/\\\/www.silutesnaujienos.lt\\\/lt\\\/wp-content\\\/uploads\\\/2020\\\/06\\\/FB_MAIN.jpg\",\"contentUrl\":\"https:\\\/\\\/www.silutesnaujienos.lt\\\/lt\\\/wp-content\\\/uploads\\\/2020\\\/06\\\/FB_MAIN.jpg\",\"width\":1700,\"height\":956,\"caption\":\"\u0160ilut\u0117s naujienos\"},\"image\":{\"@id\":\"https:\\\/\\\/www.silutesnaujienos.lt\\\/lt\\\/#\\\/schema\\\/logo\\\/image\\\/\"},\"sameAs\":[\"https:\\\/\\\/www.facebook.com\\\/silutes.naujienos\\\/\",\"https:\\\/\\\/www.youtube.com\\\/channel\\\/UCxW-cgrJDt8GxIMxSTAfJZg\"]},{\"@type\":\"Person\",\"@id\":\"https:\\\/\\\/www.silutesnaujienos.lt\\\/lt\\\/#\\\/schema\\\/person\\\/232f475ddd4a7b5f49b3abc788b17e83\",\"name\":\"\u0160ilut\u0117s naujien\u0173 inf.\",\"image\":{\"@type\":\"ImageObject\",\"inLanguage\":\"lt-LT\",\"@id\":\"https:\\\/\\\/www.silutesnaujienos.lt\\\/lt\\\/wp-content\\\/uploads\\\/2020\\\/06\\\/favicon.png\",\"url\":\"https:\\\/\\\/www.silutesnaujienos.lt\\\/lt\\\/wp-content\\\/uploads\\\/2020\\\/06\\\/favicon.png\",\"contentUrl\":\"https:\\\/\\\/www.silutesnaujienos.lt\\\/lt\\\/wp-content\\\/uploads\\\/2020\\\/06\\\/favicon.png\",\"caption\":\"\u0160ilut\u0117s naujien\u0173 inf.\"},\"sameAs\":[\"https:\\\/\\\/www.silutesnaujienos.lt\\\/lt\"],\"url\":\"https:\\\/\\\/www.silutesnaujienos.lt\\\/lt\\\/author\\\/ruta\\\/\"}]}<\/script>\n<!-- \/ Yoast SEO plugin. -->","yoast_head_json":{"title":"\u017demesnis u\u017e \u017eol\u0119 knygos kult\u016bros karininkas P.Jak\u0161tas - \u0160ilut\u0117s naujienos","robots":{"index":"index","follow":"follow","max-snippet":"max-snippet:-1","max-image-preview":"max-image-preview:large","max-video-preview":"max-video-preview:-1"},"canonical":"https:\/\/www.silutesnaujienos.lt\/lt\/zemesnis-uz-zole-knygos-kulturos-karininkas-p-jakstas\/","og_locale":"lt_LT","og_type":"article","og_title":"\u017demesnis u\u017e \u017eol\u0119 knygos kult\u016bros karininkas P.Jak\u0161tas - \u0160ilut\u0117s naujienos","og_description":"\u201eNor\u0117\u010diau, kad visi pam\u0117gt\u0173 ir gerbt\u0173 knyg\u0105, nuostabiausi\u0105 \u017emogaus proto ir i\u0161minties k\u016brin\u012f, kad niekas nedr\u012fst\u0173 naikinti ir \u017ealoti knygos\u201c, &#8211; yra pasak\u0119s Petras JAK\u0160TAS (1899-1988) &#8211; garsus \u0160ilut\u0117s kra\u0161totyrininkas, \u0161viet\u0117jas, bibliofilas, Ma\u017eosios Lietuvos istorijos tyr\u0117jas, Lietuvos kariuomen\u0117s karininkas (majoras), XXVII (dvide\u0161imt septyni\u0173) knygos m\u0117g\u0117j\u0173 draugijos narys, Klaip\u0117dos sukilimo dalyvis, aktyvus S\u0105j\u016bd\u017eio k\u016br\u0117jas. \u0160iandien j\u012f [&hellip;]","og_url":"https:\/\/www.silutesnaujienos.lt\/lt\/zemesnis-uz-zole-knygos-kulturos-karininkas-p-jakstas\/","og_site_name":"\u0160ilut\u0117s naujienos","article_publisher":"https:\/\/www.facebook.com\/silutes.naujienos\/","article_published_time":"2012-11-03T18:00:00+00:00","og_image":[{"url":"\/\/silutesnaujienos.lt\/images\/stories\/2012\/10\/31\/thumbnails\/thumb_Petras_Jakstas.jpg","type":"","width":"","height":""}],"author":"\u0160ilut\u0117s naujien\u0173 inf.","twitter_card":"summary_large_image","twitter_misc":{"Written by":"\u0160ilut\u0117s naujien\u0173 inf.","Est. reading time":"11 minu\u010di\u0173"},"schema":{"@context":"https:\/\/schema.org","@graph":[{"@type":"Article","@id":"https:\/\/www.silutesnaujienos.lt\/lt\/zemesnis-uz-zole-knygos-kulturos-karininkas-p-jakstas\/#article","isPartOf":{"@id":"https:\/\/www.silutesnaujienos.lt\/lt\/zemesnis-uz-zole-knygos-kulturos-karininkas-p-jakstas\/"},"author":{"name":"\u0160ilut\u0117s naujien\u0173 inf.","@id":"https:\/\/www.silutesnaujienos.lt\/lt\/#\/schema\/person\/232f475ddd4a7b5f49b3abc788b17e83"},"headline":"\u017demesnis u\u017e \u017eol\u0119 knygos kult\u016bros karininkas P.Jak\u0161tas","datePublished":"2012-11-03T18:00:00+00:00","mainEntityOfPage":{"@id":"https:\/\/www.silutesnaujienos.lt\/lt\/zemesnis-uz-zole-knygos-kulturos-karininkas-p-jakstas\/"},"wordCount":2145,"commentCount":0,"publisher":{"@id":"https:\/\/www.silutesnaujienos.lt\/lt\/#organization"},"articleSection":["Kult\u016bra ir \u0161vietimas"],"inLanguage":"lt-LT","potentialAction":[{"@type":"CommentAction","name":"Comment","target":["https:\/\/www.silutesnaujienos.lt\/lt\/zemesnis-uz-zole-knygos-kulturos-karininkas-p-jakstas\/#respond"]}]},{"@type":"WebPage","@id":"https:\/\/www.silutesnaujienos.lt\/lt\/zemesnis-uz-zole-knygos-kulturos-karininkas-p-jakstas\/","url":"https:\/\/www.silutesnaujienos.lt\/lt\/zemesnis-uz-zole-knygos-kulturos-karininkas-p-jakstas\/","name":"\u017demesnis u\u017e \u017eol\u0119 knygos kult\u016bros karininkas P.Jak\u0161tas - \u0160ilut\u0117s naujienos","isPartOf":{"@id":"https:\/\/www.silutesnaujienos.lt\/lt\/#website"},"datePublished":"2012-11-03T18:00:00+00:00","breadcrumb":{"@id":"https:\/\/www.silutesnaujienos.lt\/lt\/zemesnis-uz-zole-knygos-kulturos-karininkas-p-jakstas\/#breadcrumb"},"inLanguage":"lt-LT","potentialAction":[{"@type":"ReadAction","target":["https:\/\/www.silutesnaujienos.lt\/lt\/zemesnis-uz-zole-knygos-kulturos-karininkas-p-jakstas\/"]}]},{"@type":"BreadcrumbList","@id":"https:\/\/www.silutesnaujienos.lt\/lt\/zemesnis-uz-zole-knygos-kulturos-karininkas-p-jakstas\/#breadcrumb","itemListElement":[{"@type":"ListItem","position":1,"name":"Home","item":"https:\/\/www.silutesnaujienos.lt\/lt\/"},{"@type":"ListItem","position":2,"name":"\u017demesnis u\u017e \u017eol\u0119 knygos kult\u016bros karininkas P.Jak\u0161tas"}]},{"@type":"WebSite","@id":"https:\/\/www.silutesnaujienos.lt\/lt\/#website","url":"https:\/\/www.silutesnaujienos.lt\/lt\/","name":"\u0160ilut\u0117s naujienos","description":"B\u016bk ant naujien\u0173 bangos!","publisher":{"@id":"https:\/\/www.silutesnaujienos.lt\/lt\/#organization"},"potentialAction":[{"@type":"SearchAction","target":{"@type":"EntryPoint","urlTemplate":"https:\/\/www.silutesnaujienos.lt\/lt\/?s={search_term_string}"},"query-input":{"@type":"PropertyValueSpecification","valueRequired":true,"valueName":"search_term_string"}}],"inLanguage":"lt-LT"},{"@type":"Organization","@id":"https:\/\/www.silutesnaujienos.lt\/lt\/#organization","name":"\u0160ilut\u0117s naujienos","url":"https:\/\/www.silutesnaujienos.lt\/lt\/","logo":{"@type":"ImageObject","inLanguage":"lt-LT","@id":"https:\/\/www.silutesnaujienos.lt\/lt\/#\/schema\/logo\/image\/","url":"https:\/\/www.silutesnaujienos.lt\/lt\/wp-content\/uploads\/2020\/06\/FB_MAIN.jpg","contentUrl":"https:\/\/www.silutesnaujienos.lt\/lt\/wp-content\/uploads\/2020\/06\/FB_MAIN.jpg","width":1700,"height":956,"caption":"\u0160ilut\u0117s naujienos"},"image":{"@id":"https:\/\/www.silutesnaujienos.lt\/lt\/#\/schema\/logo\/image\/"},"sameAs":["https:\/\/www.facebook.com\/silutes.naujienos\/","https:\/\/www.youtube.com\/channel\/UCxW-cgrJDt8GxIMxSTAfJZg"]},{"@type":"Person","@id":"https:\/\/www.silutesnaujienos.lt\/lt\/#\/schema\/person\/232f475ddd4a7b5f49b3abc788b17e83","name":"\u0160ilut\u0117s naujien\u0173 inf.","image":{"@type":"ImageObject","inLanguage":"lt-LT","@id":"https:\/\/www.silutesnaujienos.lt\/lt\/wp-content\/uploads\/2020\/06\/favicon.png","url":"https:\/\/www.silutesnaujienos.lt\/lt\/wp-content\/uploads\/2020\/06\/favicon.png","contentUrl":"https:\/\/www.silutesnaujienos.lt\/lt\/wp-content\/uploads\/2020\/06\/favicon.png","caption":"\u0160ilut\u0117s naujien\u0173 inf."},"sameAs":["https:\/\/www.silutesnaujienos.lt\/lt"],"url":"https:\/\/www.silutesnaujienos.lt\/lt\/author\/ruta\/"}]}},"publishpress_future_workflow_manual_trigger":{"enabledWorkflows":[]},"amp_enabled":true,"_links":{"self":[{"href":"https:\/\/www.silutesnaujienos.lt\/lt\/wp-json\/wp\/v2\/posts\/15029","targetHints":{"allow":["GET"]}}],"collection":[{"href":"https:\/\/www.silutesnaujienos.lt\/lt\/wp-json\/wp\/v2\/posts"}],"about":[{"href":"https:\/\/www.silutesnaujienos.lt\/lt\/wp-json\/wp\/v2\/types\/post"}],"author":[{"embeddable":true,"href":"https:\/\/www.silutesnaujienos.lt\/lt\/wp-json\/wp\/v2\/users\/1"}],"replies":[{"embeddable":true,"href":"https:\/\/www.silutesnaujienos.lt\/lt\/wp-json\/wp\/v2\/comments?post=15029"}],"version-history":[{"count":0,"href":"https:\/\/www.silutesnaujienos.lt\/lt\/wp-json\/wp\/v2\/posts\/15029\/revisions"}],"wp:attachment":[{"href":"https:\/\/www.silutesnaujienos.lt\/lt\/wp-json\/wp\/v2\/media?parent=15029"}],"wp:term":[{"taxonomy":"category","embeddable":true,"href":"https:\/\/www.silutesnaujienos.lt\/lt\/wp-json\/wp\/v2\/categories?post=15029"},{"taxonomy":"post_tag","embeddable":true,"href":"https:\/\/www.silutesnaujienos.lt\/lt\/wp-json\/wp\/v2\/tags?post=15029"}],"curies":[{"name":"wp","href":"https:\/\/api.w.org\/{rel}","templated":true}]}}