{"id":15036,"date":"2012-12-13T16:00:00","date_gmt":"2012-12-13T18:00:00","guid":{"rendered":"https:\/\/www.silutesnaujienos.lt\/lt\/jono-uzpurvio-sirdis-visada-priklause-lietuvai\/"},"modified":"2012-12-13T16:00:00","modified_gmt":"2012-12-13T18:00:00","slug":"jono-uzpurvio-sirdis-visada-priklause-lietuvai","status":"publish","type":"post","link":"https:\/\/www.silutesnaujienos.lt\/lt\/jono-uzpurvio-sirdis-visada-priklause-lietuvai\/","title":{"rendered":"Jono U\u017epurvio \u0161irdis visada priklaus\u0117 Lietuvai"},"content":{"rendered":"<p><a target=\"_blank\" rel=\"caption[I\u0161 kair\u0117s: Albinas Stubra, Ram\u016bnas U\u017epurvis, Il\u017e\u0117 U\u017epurvien\u0117, Jonas U\u017epurvis ir Endrius Stubra.] noopener noreferrer\" class=\"jcepopup\" href=\"\/\/silutesnaujienos.lt\/images\/stories\/2012\/12\/11\/Jonas_Uzpurvis_6.jpg\" data-rel=\"lightbox-gallery-nevUiK5A\" data-rl_title=\"\" data-rl_caption=\"\"><img loading=\"lazy\" decoding=\"async\" style=\"margin: 5px; float: left;\" class=\"caption\" title=\"\" alt=\"Jonas Uzpurvis 6\" src=\"\/\/silutesnaujienos.lt\/images\/stories\/2012\/12\/11\/thumbnails\/thumb_Jonas_Uzpurvis_6.jpg\" height=\"230\" width=\"307\" \/><\/a><strong>\u201eSerg\u0117kite saul\u0119 \u0161irdyse\u201c, &#8211; m\u0117gdavo kartoti Ma\u017eosios Lietuvos istorikas, pedagogas, kult\u016brininkas ir kra\u0161totyrininkas Jonas U\u017dPURVIS (1891-1992). Jo puosel\u0117ta kult\u016brin\u0117 saul\u0117 tebe-\u0161vie\u010dia iki \u0161iol: nenumarino jos nei ilgi metai tremties, nei suvokimas, kad t\u0117vyn\u0117je &#8211; Ma\u017eojoje Lietuvoje &#8211; jo \u0161eimai vietos n\u0117ra.<\/strong><\/p>\n<p><strong>Nepaisant to, vis\u0105 savo k\u016brybin\u012f potencial\u0105 \u0161viesuolis skyr\u0117 b\u016btent Ma\u017eajai Lietuvai &#8211; tik\u0117damas, kad jo darbai vis tiek bus naudingi ir \u012fvertinti.<\/strong><\/p>\n<p><strong>Atminty i\u0161liko kaip \u0161viesus \u017emogus<\/strong><\/p>\n<p>Apie Ma\u017eosios Lietuvos istorij\u0105 straipsnius ra\u0161\u0119s, dviej\u0173 dali\u0173 knyg\u0105 \u201eLietuvi\u0173 tautos istoriniai \u0161altiniai\u201c paruo\u0161\u0119s, knyg\u0105 \u201eTrys kalbin\u0117s studijos\u201c i\u0161leid\u0119s J.U\u017epurvis gim\u0117 Virkyt\u0173 kaimelyje, Saug\u0173 seni\u016bnijoje. T\u0117vas Martynas buvo kaimo seni\u016bnas. Su \u017emona Annes, be Jono, jis tur\u0117jo dar 3 vaikus.<\/p>\n<p>\u201e\u0160eimyna gyveno i\u0161 \u016bkio, tur\u0117jo 8 karves, 2-3 arklius, kiauli\u0173, avi\u0173, vi\u0161t\u0173. Dar pajamos buvo i\u0161 vandens mal\u016bno. Tur\u0117jo savo mi\u0161k\u0105 &#8211; ten med\u017eiojo\u201c, &#8211; atsiminimuose yra u\u017era\u0161\u0119s J.U\u017epurvio s\u016bnus Ram\u016bnas.<\/p>\n<p>1911 m. J.U\u017epurvis baig\u0117 Klaip\u0117dos mokytoj\u0173 seminarij\u0105. Pirmojo pasaulinio karo metu vokie\u010di\u0173 armijoje tarnavo telefonistu &#8211; slapt\u0173 dokument\u0173 vert\u0117ju.<\/p>\n<p>V\u0117liau J.U\u017epurvis mokytojavo Vilky\u010diuose, Rok\u0173 pradin\u0117je mokykloje, Klaip\u0117dos bei \u0160ventosios Vytauto Did\u017eiojo gimnazijose. Kauno Vytauto Did\u017eiojo universitete 1930-1933 m. studijavo klasikin\u0119 filologij\u0105. 1934-1939 m. d\u0117st\u0117 lotyn\u0173 ir angl\u0173 kalbas Klaip\u0117dos Vytauto Did\u017eiojo gimnazijoje. Klaip\u0117dos kra\u0161t\u0105 atpl\u0117\u0161us nuo Lietuvos, kartu su gimnazija persik\u0117l\u0117 \u012f Palang\u0105. 1941-1943 m. Vilniaus universitete d\u0117st\u0117 vokie\u010di\u0173 kalb\u0105. Gr\u012f\u017e\u0119s \u012f Klaip\u0117d\u0105, 1945-1949 m., v\u0117l dirbo gimnazijoje, Medicinos mokykloje d\u0117st\u0117 lotyn\u0173 kalb\u0105.<\/p>\n<p>Koks J.U\u017epurvis buvo kaip mokytojas? R.Purvinait\u0117s sudarytoje knygoje apie kalbinink\u0105 ir mokytoj\u0105, buv\u0119s jo mokinys Rok\u0173 mokykl\u0117l\u0117je Vilius A\u0161mys sako, kad jo atmintyje J.U\u017epurvis i\u0161liko kaip \u017emogus, tvirtai skiepij\u0119s mokiniams meil\u0119 t\u0117v\u0173 kra\u0161tui ir kalbai, nors daugelis to meto mokykl\u0173 ir mokytoj\u0173 jau buvo pasidav\u0119 vokie\u010di\u0173 kult\u016brai.<a target=\"_blank\" rel=\"caption[Net ir sulauk\u0119s garbaus am\u017eiaus J.U\u017epurvis m\u0117gdavo draugij\u0105 - \u017emones, su kuriais b\u016bdavo galima padiskutuoti.] noopener noreferrer\" class=\"jcepopup\" href=\"\/\/silutesnaujienos.lt\/images\/stories\/2012\/12\/11\/Jonas_Uzpurvis_9.jpg\" data-rel=\"lightbox-gallery-nevUiK5A\" data-rl_title=\"\" data-rl_caption=\"\"><img loading=\"lazy\" decoding=\"async\" style=\"margin: 5px; float: right;\" class=\"caption\" title=\"\" alt=\"Jonas Uzpurvis 9\" src=\"\/\/silutesnaujienos.lt\/images\/stories\/2012\/12\/11\/thumbnails\/thumb_Jonas_Uzpurvis_9.jpg\" height=\"230\" width=\"307\" \/><\/a><\/p>\n<p>\u201eDom\u0117josi jis \u0161io kra\u0161to papro\u010diais ir kur tik \u012fmanydamas skatino juos. Ragindavo apylink\u0117s \u016bkininkaites puo\u0161tis lietuvi\u0161kais tautiniais r\u016bbais ir pa\u010dioms juos i\u0161siausti\u201c, &#8211; ra\u0161\u0117 V.A\u0161mys.<\/p>\n<p>Buv\u0119s mokinys prisimin\u0117, kad J.U\u017epurvis vaikus mok\u0117 ne tik elementari\u0173 mokslo dalyk\u0173, bet ir kult\u016bringo elgesio norm\u0173. Atsiminimuose ra\u0161oma, kad didelis \u012fvykis mokykloje buv\u0119s tuomet, kai baigdamas savo am\u017eiaus tre\u010di\u0105j\u012f de\u0161imtmet\u012f, J.U\u017epurvis ved\u0117. Tai labai patiko visiems apylink\u0117s gyventojams, mat mokytojas, b\u016bdamas inteligentas, ved\u0117 ne koki\u0105 miestiet\u0119, o gretimo \u017diauk\u0173 kaimo susipratusio lietuvininko, tvarkingo \u016bkininko dukter\u012f Il\u017e\u0119 Stubrait\u0119. \u0160eima u\u017eaugino s\u016bn\u0173 Ram\u016bn\u0105 ir dukr\u0105 Janin\u0105.<\/p>\n<p>J.U\u017epurvio kolega Erikas Purvinas toje pa\u010dioje knygoje u\u017era\u0161ytuose prisiminimuose pasakoja, kad J.U\u017epurvis visuomet buv\u0119s labai rimtas: nem\u0117go tu\u0161\u010di\u0173 linksmybi\u0173, o b\u016bdamas vyresnis nei kiti kurso draugai (studijuoti klasikin\u0119 filologij\u0105 prad\u0117jo sulauk\u0119s 39 met\u0173), stebino juos savo \u017eingeidumu ir u\u017esibr\u0117\u017eimu gilintis \u012f sen\u0105sias kalbas. Sakoma, kad J.U\u017epurvis j\u0173 mok\u0117jo net 32.<\/p>\n<p><strong>I\u0161tv\u0117r\u0117 tremties sunkumus<\/strong><\/p>\n<p>Poliglotu vadintas J.U\u017epurvis tur\u0117jo nemenk\u0105 k\u016brybin\u012f ir tiriam\u0105j\u012f potencial\u0105, ta\u010diau mokytojaujant prad\u0117tus svarbius darbus kuriam laikui teko atid\u0117ti. Kaip ir daugelis Ma\u017eosios Lietuvos gyventoj\u0173, \u0161viesuolis tapo soviet\u0173 okupacijos auka &#8211; 1949 met\u0173 kovo 25 dien\u0105 su \u0161eima buvo i\u0161tremtas \u012f Krasnojarsko srit\u012f, Tas\u0117jevo rajon\u0105. Krasnojarsko mi\u0161kuose \u0161eima vargo net 13 met\u0173.<br \/>Kai buvo i\u0161tremtas, J.U\u017epurviui \u0117jo 59 gyvenimo metai. Buvo sunku, ta\u010diau norint prisitaikyti ir i\u0161gyventi neliko nieko kita, kaip i\u0161mokti mokytojui ne\u012fprast\u0173 darb\u0173: \u017eol\u0119 dalgiu pjauti, \u0161ien\u0105 vartyti, ant rogi\u0173 arba ve\u017eimo krauti, su arkliais apsieiti. Taip pat med\u017eius versti, malkas ruo\u0161ti \u017eiemai, pa\u010diam su paskolintu rankiniu ve\u017eim\u0117liu namo parsive\u017eti, tvart\u0105 pasistatyti, k\u0117d\u0119 ir spint\u0105 pasigaminti. Mokytojas i\u0161moko ir arti, ak\u0117ti, \u017eem\u0119 dirbti.<\/p>\n<p>\u201eTik o\u017ekos ir karv\u0117s nemok\u0117jo pamel\u017eti. Tur\u0117jo ir savo gyvulius skersti, pasidar\u0117 m\u0117sos r\u016bkykl\u0105, vietiniai vis ateidavo pasi\u017ei\u016br\u0117ti, k\u0105 jis \u010dia daro? Vakare s\u0117d\u0117jo prie \u017eibalin\u0117s lempos, vir\u0161 \u201ebur\u017euikos\u201c pa\u0161ildydavo akis, jeigu \u017eibalo nebuvo, pasidegdavo v\u0117liau \u017evak\u0119, nes i\u0161moko ir bitininkauti, likdavo truputi va\u0161ko. \u017diem\u0105 kambaryje kampai apled\u0117j\u0119, po stalu buvo vi\u0161tos, o\u017eiukai \u0161okin\u0117jo nuo grind\u0173 ant k\u0117d\u0117s ir toliau ant stalo, par\u0161elis b\u016bdavo kampe u\u017e pe\u010diaus. (&#8230;) Neb\u016bdavo adat\u0173 gauti, Jonas padar\u0117 adat\u0105 i\u0161 \u017e\u0105sies sparno kaulo, gal\u0117jo su ja padus ant \u201evalenk\u0173\u201c (veltini\u0173) prisi\u016bti. Gyveno su \u0161eima kaip viduram\u017eyje. Net puodo nebuvo valgiui i\u0161virti, reik\u0117jo naktin\u012f puoduk\u0105 tam tikslui naudoti\u201c, &#8211; atsiminimuose ra\u0161\u0117 J.U\u017epurvio s\u016bnus Ram\u016bnas.<\/p>\n<p>1962 m. J.U\u017epurvis gr\u012f\u017eo \u012f Lietuv\u0105 ir apsigyveno Saugose, v\u0117liau &#8211; \u0160ilut\u0117je. Savo nam\u0173 Virkytuose ir Klaip\u0117doje \u0161eima nebeatgavo &#8211; jie buvo nacionalizuoti dar 1940 m.<\/p>\n<p>\u201eDid\u017eiausio ploto valstyb\u0117 mane i\u0161siunt\u0117 \u012f dykum\u0105 band\u0105 ganyti ir po 13 met\u0173 parei\u0161k\u0117, kad mes nekaltai suverginti, ta\u010diau but\u0105 Klaip\u0117doje sulaik\u0117, ir tik \u0160ilut\u0117je tegal\u0117jome gyventi, nuosavyb\u0117s neatidav\u0117 &#8211; knygynas ir pianinas buvo t\u016bkstan\u010dius rubli\u0173 verti&#8230;\u201c, &#8211; apgailestavo \u0161viesuolis.<\/p>\n<p><strong>Prieglobst\u012f rado Vokietijoje<\/strong><\/p>\n<p>Negav\u0119s \u0160ilut\u0117je darbo, 1967 m. J.U\u017epurvis su \u0161eima i\u0161vyko \u012f Vakar\u0173 Vokietij\u0105. Ten ra\u0161\u0117 straipsnius apie Ma\u017eosios Lietuvos istorij\u0105, studijas kalbos klausimais, prisid\u0117jo prie akademinio \u201eLietuvi\u0173 kalbos \u017eodyno\u201c rengimo, ra\u0161\u0117 gro\u017ein\u0119 literat\u016br\u0105, atsiminimus, nors ir \u017einojo, kad jie Lietuvoje spausdinami nebus. Buvo surink\u0119s smulkiosios tautosakos, pasak\u0173, dain\u0173.<br \/>Jei ne Ma\u017eosios Lietuvos fondas \u010cikagoje, ka\u017ein ar \u0161iandien tur\u0117tume knyg\u0105 \u201eTrys kalbin\u0117s studijos\u201c, kurioje J.U\u017epurvis i\u0161samiai apra\u0161\u0117 gimt\u0105j\u0105 Saug\u0173 tarm\u0119, ai\u0161kino Klaip\u0117dos pavadinimo \u201eMemel\u201c kilm\u0119 ir aptar\u0117 Kristijono Donelai\u010dio k\u016bryb\u0105. <a target=\"_blank\" rel=\"caption[I.Stubrait\u0117s tapytas vyro J.U\u017epurvio paveikslas.] noopener noreferrer\" class=\"jcepopup\" href=\"\/\/silutesnaujienos.lt\/images\/stories\/2012\/12\/11\/Jonas_Uzpurvis_28.jpg\" data-rel=\"lightbox-gallery-nevUiK5A\" data-rl_title=\"\" data-rl_caption=\"\"><img loading=\"lazy\" decoding=\"async\" style=\"margin: 5px; float: left;\" class=\"caption\" title=\"\" alt=\"Jonas Uzpurvis 28\" src=\"\/\/silutesnaujienos.lt\/images\/stories\/2012\/12\/11\/thumbnails\/thumb_Jonas_Uzpurvis_28.jpg\" height=\"230\" width=\"307\" \/><\/a><\/p>\n<p>Did\u017eioji tyrim\u0173 dalis knygoje apra\u0161yta vokie\u010di\u0173 kalba. Tik\u0117tina, kad J.U\u017epurvis taip padar\u0117 s\u0105moningai, nor\u0117damas, kad did\u017eioji dalis lietuvinink\u0173 kult\u016brinio palikimo b\u016bt\u0173 prieinama kuo didesnei skaitytoj\u0173 grupei, ypa\u010d &#8211; kalbininkams.<\/p>\n<p>Knygoje aptariama ne tik Saug\u0173 tarm\u0117, bet pateikiama nema\u017eai saugi\u0161ki\u0173 gyventoj\u0173 kasdienio gyvenimo apra\u0161ym\u0173. K\u016brinio i\u0161skirtinumas dar ir toks, jog knyga papildyta paties J.U\u017epurvio Saug\u0173 tarme \u012fkalb\u0117tomis garsin\u0117mis juostel\u0117mis.<\/p>\n<p>Ne kart\u0105 lai\u0161kuose draugams ir gimin\u0117ms \u012f Lietuv\u0105, kurie saugomi \u0160ilut\u0117s muziejuje, J.U\u017epurvis u\u017esimindavo, kaip skiriasi \u017emogaus vertinimas Lietuvoje ir Vokietijoje, \u012f kuri\u0105 \u0161eima i\u0161vyko.<\/p>\n<p>\u201e\u010cia vertinamas \u017emogus su bet kuria vertybe, jis gali eiti vystyties ir tada dirbti, kur jis sugeba ir nori arba ir nieko neveikti. \u010cia &#8211; laisv\u0117! \u010cia pripa\u017eino ir m\u016bs\u0173 darb\u0105 vergijoje ir mums moka rent\u0105. I\u0161 j\u0173 vien mudu galiva maitintis, o mano pensija, kuri nepalyginamai didesn\u0117, jau lieka naudoti, kur nori. Mes gal\u0117tume va\u017eiuoti po pasaul\u012f visus kiaurus metus, t\u0105 ir darome. Vokietija teturi tik mar\u0161k\u0105 dirbamos \u017eem\u0117s, o i\u0161maitina 61 milijon\u0105 savo \u017emoni\u0173. O valstyb\u0117, kuri pasiglem\u017e\u0117 baisius \u017eem\u0117s plotus i\u0161 svetim\u0173 &#8211; ir duonos, m\u0117sos neturi. D\u0117l ko!? N\u0117ra laisv\u0117s \u017emogaus iniciatyvai. Duok \u017emogui laisv\u0117s, padorumo, teisingumo, tai jo darbo vaisiuose nusk\u0119s alkanieji milijonai\u201c, &#8211; ra\u0161\u0117 J.U\u017epurvis.<\/p>\n<p>Pasak s\u016bnaus Ram\u016bno, Vokietija t\u0117vui buvo ideali vieta kurti. Namuose da\u017enai lankydavosi sve\u010diai, su kuriais buvo galima padiskutuoti istoriniais klausimais, gal\u0117jo valand\u0173 valandas kalb\u0117ti apie \u017eod\u017ei\u0173 kilm\u0119, palyginti \u017eod\u017ei\u0173 \u0161aknis \u012fvairiose kalbose. \u0160viesuolis taip pat v\u0117l nusipirko knyg\u0173, kurias tur\u0117jo palikti Klaip\u0117doje, tremiant \u012f Sibir\u0105. Atgijo ir meil\u0117 muzikai &#8211; nusipirko pianin\u0105, band\u0117 akordus.<\/p>\n<p>J.U\u017epurvis mir\u0117 eidamas 101-uosius metus Vokietijoje, Pulheime prie Kiolno, kur ir gyveno.<\/p>\n<p><strong>Tur\u0117jo ry\u0161i\u0173 su I.Simonaityte<\/strong><\/p>\n<p>\u012edomu pamin\u0117ti fakt\u0105, kad vesdamas Il\u017e\u0119 Stubrait\u0119, J.U\u017epurvis \u201esusigiminiavo\u201c su did\u017eia Klaip\u0117dos kra\u0161to ra\u0161ytoja Ieva Simonaityte. Jo \u017emona Il\u017e\u0117 buvusi netikra ra\u0161ytojos sesuo i\u0161 t\u0117vo pus\u0117s. Istorija byloja, kad i\u0161 Il\u017e\u0117s t\u0117vo &#8211; Jurgio Stubros u\u017e tai, kad u\u017etrauk\u0117 \u0161eimai g\u0117d\u0105, t\u0117vai at\u0117m\u0117 paveld\u0117jimo teis\u0119. Tad jis i\u0161\u0117jo u\u017ekuriom pas turting\u0105, tok\u012f pat status\u0105 turin\u010di\u0105 moter\u012f Ilz\u0119 Kilius, su kuria susilauk\u0117 6 vaik\u0173, tarp j\u0173 &#8211; ir Il\u017e\u0117s, b\u016bsimos J.U\u017epurvio \u017emonos.<\/p>\n<p><em>Rengiant straipsn\u012f naudotasi docent\u0117s A.Arbu\u0161auskait\u0117s knyga \u201eLietuvos optantai: klaip\u0117di\u0161kiai, 1939\u201c ir \u0160ilut\u0117s muziejuje saugoma archyvine med\u017eiaga.<\/em><\/p>\n<p><img decoding=\"async\" style=\"margin: 5px; vertical-align: middle;\" src=\"\/\/silutesnaujienos.lt\/images\/stories\/LOGO\/spaudos_remimo_fondas.JPG\" \/>&nbsp;<strong>Projektas: &#8222;Ma\u017eosios Lietuvos \u0161viesuoliai &#8211; i\u0161 praeities \u012f dabart\u012f&#8221;.<\/strong><strong><em><br \/><\/em><\/strong><\/p>\n","protected":false},"excerpt":{"rendered":"<p>\u201eSerg\u0117kite saul\u0119 \u0161irdyse\u201c, &#8211; m\u0117gdavo kartoti Ma\u017eosios Lietuvos istorikas, pedagogas, kult\u016brininkas ir kra\u0161totyrininkas Jonas U\u017dPURVIS (1891-1992). Jo puosel\u0117ta kult\u016brin\u0117 saul\u0117 tebe-\u0161vie\u010dia iki \u0161iol: nenumarino jos nei ilgi metai tremties, nei suvokimas, kad t\u0117vyn\u0117je &#8211; Ma\u017eojoje Lietuvoje &#8211; jo \u0161eimai vietos n\u0117ra. Nepaisant to, vis\u0105 savo k\u016brybin\u012f potencial\u0105 \u0161viesuolis skyr\u0117 b\u016btent Ma\u017eajai Lietuvai &#8211; tik\u0117damas, kad [&hellip;]<\/p>\n","protected":false},"author":1,"featured_media":0,"comment_status":"open","ping_status":"open","sticky":false,"template":"","format":"standard","meta":{"footnotes":""},"categories":[51],"tags":[],"class_list":{"0":"post-15036","1":"post","2":"type-post","3":"status-publish","4":"format-standard","6":"category-kultura-ir-svietimas"},"yoast_head":"<!-- This site is optimized with the Yoast SEO plugin v27.5 - https:\/\/yoast.com\/product\/yoast-seo-wordpress\/ -->\n<title>Jono U\u017epurvio \u0161irdis visada priklaus\u0117 Lietuvai - \u0160ilut\u0117s naujienos<\/title>\n<meta name=\"robots\" content=\"index, follow, max-snippet:-1, max-image-preview:large, max-video-preview:-1\" \/>\n<link rel=\"canonical\" href=\"https:\/\/www.silutesnaujienos.lt\/lt\/jono-uzpurvio-sirdis-visada-priklause-lietuvai\/\" \/>\n<meta property=\"og:locale\" content=\"lt_LT\" \/>\n<meta property=\"og:type\" content=\"article\" \/>\n<meta property=\"og:title\" content=\"Jono U\u017epurvio \u0161irdis visada priklaus\u0117 Lietuvai - \u0160ilut\u0117s naujienos\" \/>\n<meta property=\"og:description\" content=\"\u201eSerg\u0117kite saul\u0119 \u0161irdyse\u201c, &#8211; m\u0117gdavo kartoti Ma\u017eosios Lietuvos istorikas, pedagogas, kult\u016brininkas ir kra\u0161totyrininkas Jonas U\u017dPURVIS (1891-1992). Jo puosel\u0117ta kult\u016brin\u0117 saul\u0117 tebe-\u0161vie\u010dia iki \u0161iol: nenumarino jos nei ilgi metai tremties, nei suvokimas, kad t\u0117vyn\u0117je &#8211; Ma\u017eojoje Lietuvoje &#8211; jo \u0161eimai vietos n\u0117ra. Nepaisant to, vis\u0105 savo k\u016brybin\u012f potencial\u0105 \u0161viesuolis skyr\u0117 b\u016btent Ma\u017eajai Lietuvai &#8211; tik\u0117damas, kad [&hellip;]\" \/>\n<meta property=\"og:url\" content=\"https:\/\/www.silutesnaujienos.lt\/lt\/jono-uzpurvio-sirdis-visada-priklause-lietuvai\/\" \/>\n<meta property=\"og:site_name\" content=\"\u0160ilut\u0117s naujienos\" \/>\n<meta property=\"article:publisher\" content=\"https:\/\/www.facebook.com\/silutes.naujienos\/\" \/>\n<meta property=\"article:published_time\" content=\"2012-12-13T18:00:00+00:00\" \/>\n<meta property=\"og:image\" content=\"\/\/silutesnaujienos.lt\/images\/stories\/2012\/12\/11\/thumbnails\/thumb_Jonas_Uzpurvis_6.jpg\" \/>\n<meta name=\"author\" content=\"\u0160ilut\u0117s naujien\u0173 inf.\" \/>\n<meta name=\"twitter:card\" content=\"summary_large_image\" \/>\n<meta name=\"twitter:label1\" content=\"Written by\" \/>\n\t<meta name=\"twitter:data1\" content=\"\u0160ilut\u0117s naujien\u0173 inf.\" \/>\n\t<meta name=\"twitter:label2\" content=\"Est. reading time\" \/>\n\t<meta name=\"twitter:data2\" content=\"7 minut\u0117s\" \/>\n<script type=\"application\/ld+json\" class=\"yoast-schema-graph\">{\"@context\":\"https:\\\/\\\/schema.org\",\"@graph\":[{\"@type\":\"Article\",\"@id\":\"https:\\\/\\\/www.silutesnaujienos.lt\\\/lt\\\/jono-uzpurvio-sirdis-visada-priklause-lietuvai\\\/#article\",\"isPartOf\":{\"@id\":\"https:\\\/\\\/www.silutesnaujienos.lt\\\/lt\\\/jono-uzpurvio-sirdis-visada-priklause-lietuvai\\\/\"},\"author\":{\"name\":\"\u0160ilut\u0117s naujien\u0173 inf.\",\"@id\":\"https:\\\/\\\/www.silutesnaujienos.lt\\\/lt\\\/#\\\/schema\\\/person\\\/232f475ddd4a7b5f49b3abc788b17e83\"},\"headline\":\"Jono U\u017epurvio \u0161irdis visada priklaus\u0117 Lietuvai\",\"datePublished\":\"2012-12-13T18:00:00+00:00\",\"mainEntityOfPage\":{\"@id\":\"https:\\\/\\\/www.silutesnaujienos.lt\\\/lt\\\/jono-uzpurvio-sirdis-visada-priklause-lietuvai\\\/\"},\"wordCount\":1453,\"commentCount\":0,\"publisher\":{\"@id\":\"https:\\\/\\\/www.silutesnaujienos.lt\\\/lt\\\/#organization\"},\"articleSection\":[\"Kult\u016bra ir \u0161vietimas\"],\"inLanguage\":\"lt-LT\",\"potentialAction\":[{\"@type\":\"CommentAction\",\"name\":\"Comment\",\"target\":[\"https:\\\/\\\/www.silutesnaujienos.lt\\\/lt\\\/jono-uzpurvio-sirdis-visada-priklause-lietuvai\\\/#respond\"]}]},{\"@type\":\"WebPage\",\"@id\":\"https:\\\/\\\/www.silutesnaujienos.lt\\\/lt\\\/jono-uzpurvio-sirdis-visada-priklause-lietuvai\\\/\",\"url\":\"https:\\\/\\\/www.silutesnaujienos.lt\\\/lt\\\/jono-uzpurvio-sirdis-visada-priklause-lietuvai\\\/\",\"name\":\"Jono U\u017epurvio \u0161irdis visada priklaus\u0117 Lietuvai - \u0160ilut\u0117s naujienos\",\"isPartOf\":{\"@id\":\"https:\\\/\\\/www.silutesnaujienos.lt\\\/lt\\\/#website\"},\"datePublished\":\"2012-12-13T18:00:00+00:00\",\"breadcrumb\":{\"@id\":\"https:\\\/\\\/www.silutesnaujienos.lt\\\/lt\\\/jono-uzpurvio-sirdis-visada-priklause-lietuvai\\\/#breadcrumb\"},\"inLanguage\":\"lt-LT\",\"potentialAction\":[{\"@type\":\"ReadAction\",\"target\":[\"https:\\\/\\\/www.silutesnaujienos.lt\\\/lt\\\/jono-uzpurvio-sirdis-visada-priklause-lietuvai\\\/\"]}]},{\"@type\":\"BreadcrumbList\",\"@id\":\"https:\\\/\\\/www.silutesnaujienos.lt\\\/lt\\\/jono-uzpurvio-sirdis-visada-priklause-lietuvai\\\/#breadcrumb\",\"itemListElement\":[{\"@type\":\"ListItem\",\"position\":1,\"name\":\"Home\",\"item\":\"https:\\\/\\\/www.silutesnaujienos.lt\\\/lt\\\/\"},{\"@type\":\"ListItem\",\"position\":2,\"name\":\"Jono U\u017epurvio \u0161irdis visada priklaus\u0117 Lietuvai\"}]},{\"@type\":\"WebSite\",\"@id\":\"https:\\\/\\\/www.silutesnaujienos.lt\\\/lt\\\/#website\",\"url\":\"https:\\\/\\\/www.silutesnaujienos.lt\\\/lt\\\/\",\"name\":\"\u0160ilut\u0117s naujienos\",\"description\":\"B\u016bk ant naujien\u0173 bangos!\",\"publisher\":{\"@id\":\"https:\\\/\\\/www.silutesnaujienos.lt\\\/lt\\\/#organization\"},\"potentialAction\":[{\"@type\":\"SearchAction\",\"target\":{\"@type\":\"EntryPoint\",\"urlTemplate\":\"https:\\\/\\\/www.silutesnaujienos.lt\\\/lt\\\/?s={search_term_string}\"},\"query-input\":{\"@type\":\"PropertyValueSpecification\",\"valueRequired\":true,\"valueName\":\"search_term_string\"}}],\"inLanguage\":\"lt-LT\"},{\"@type\":\"Organization\",\"@id\":\"https:\\\/\\\/www.silutesnaujienos.lt\\\/lt\\\/#organization\",\"name\":\"\u0160ilut\u0117s naujienos\",\"url\":\"https:\\\/\\\/www.silutesnaujienos.lt\\\/lt\\\/\",\"logo\":{\"@type\":\"ImageObject\",\"inLanguage\":\"lt-LT\",\"@id\":\"https:\\\/\\\/www.silutesnaujienos.lt\\\/lt\\\/#\\\/schema\\\/logo\\\/image\\\/\",\"url\":\"https:\\\/\\\/www.silutesnaujienos.lt\\\/lt\\\/wp-content\\\/uploads\\\/2020\\\/06\\\/FB_MAIN.jpg\",\"contentUrl\":\"https:\\\/\\\/www.silutesnaujienos.lt\\\/lt\\\/wp-content\\\/uploads\\\/2020\\\/06\\\/FB_MAIN.jpg\",\"width\":1700,\"height\":956,\"caption\":\"\u0160ilut\u0117s naujienos\"},\"image\":{\"@id\":\"https:\\\/\\\/www.silutesnaujienos.lt\\\/lt\\\/#\\\/schema\\\/logo\\\/image\\\/\"},\"sameAs\":[\"https:\\\/\\\/www.facebook.com\\\/silutes.naujienos\\\/\",\"https:\\\/\\\/www.youtube.com\\\/channel\\\/UCxW-cgrJDt8GxIMxSTAfJZg\"]},{\"@type\":\"Person\",\"@id\":\"https:\\\/\\\/www.silutesnaujienos.lt\\\/lt\\\/#\\\/schema\\\/person\\\/232f475ddd4a7b5f49b3abc788b17e83\",\"name\":\"\u0160ilut\u0117s naujien\u0173 inf.\",\"image\":{\"@type\":\"ImageObject\",\"inLanguage\":\"lt-LT\",\"@id\":\"https:\\\/\\\/www.silutesnaujienos.lt\\\/lt\\\/wp-content\\\/uploads\\\/2020\\\/06\\\/favicon.png\",\"url\":\"https:\\\/\\\/www.silutesnaujienos.lt\\\/lt\\\/wp-content\\\/uploads\\\/2020\\\/06\\\/favicon.png\",\"contentUrl\":\"https:\\\/\\\/www.silutesnaujienos.lt\\\/lt\\\/wp-content\\\/uploads\\\/2020\\\/06\\\/favicon.png\",\"caption\":\"\u0160ilut\u0117s naujien\u0173 inf.\"},\"sameAs\":[\"https:\\\/\\\/www.silutesnaujienos.lt\\\/lt\"],\"url\":\"https:\\\/\\\/www.silutesnaujienos.lt\\\/lt\\\/author\\\/ruta\\\/\"}]}<\/script>\n<!-- \/ Yoast SEO plugin. -->","yoast_head_json":{"title":"Jono U\u017epurvio \u0161irdis visada priklaus\u0117 Lietuvai - \u0160ilut\u0117s naujienos","robots":{"index":"index","follow":"follow","max-snippet":"max-snippet:-1","max-image-preview":"max-image-preview:large","max-video-preview":"max-video-preview:-1"},"canonical":"https:\/\/www.silutesnaujienos.lt\/lt\/jono-uzpurvio-sirdis-visada-priklause-lietuvai\/","og_locale":"lt_LT","og_type":"article","og_title":"Jono U\u017epurvio \u0161irdis visada priklaus\u0117 Lietuvai - \u0160ilut\u0117s naujienos","og_description":"\u201eSerg\u0117kite saul\u0119 \u0161irdyse\u201c, &#8211; m\u0117gdavo kartoti Ma\u017eosios Lietuvos istorikas, pedagogas, kult\u016brininkas ir kra\u0161totyrininkas Jonas U\u017dPURVIS (1891-1992). Jo puosel\u0117ta kult\u016brin\u0117 saul\u0117 tebe-\u0161vie\u010dia iki \u0161iol: nenumarino jos nei ilgi metai tremties, nei suvokimas, kad t\u0117vyn\u0117je &#8211; Ma\u017eojoje Lietuvoje &#8211; jo \u0161eimai vietos n\u0117ra. Nepaisant to, vis\u0105 savo k\u016brybin\u012f potencial\u0105 \u0161viesuolis skyr\u0117 b\u016btent Ma\u017eajai Lietuvai &#8211; tik\u0117damas, kad [&hellip;]","og_url":"https:\/\/www.silutesnaujienos.lt\/lt\/jono-uzpurvio-sirdis-visada-priklause-lietuvai\/","og_site_name":"\u0160ilut\u0117s naujienos","article_publisher":"https:\/\/www.facebook.com\/silutes.naujienos\/","article_published_time":"2012-12-13T18:00:00+00:00","og_image":[{"url":"\/\/silutesnaujienos.lt\/images\/stories\/2012\/12\/11\/thumbnails\/thumb_Jonas_Uzpurvis_6.jpg","type":"","width":"","height":""}],"author":"\u0160ilut\u0117s naujien\u0173 inf.","twitter_card":"summary_large_image","twitter_misc":{"Written by":"\u0160ilut\u0117s naujien\u0173 inf.","Est. reading time":"7 minut\u0117s"},"schema":{"@context":"https:\/\/schema.org","@graph":[{"@type":"Article","@id":"https:\/\/www.silutesnaujienos.lt\/lt\/jono-uzpurvio-sirdis-visada-priklause-lietuvai\/#article","isPartOf":{"@id":"https:\/\/www.silutesnaujienos.lt\/lt\/jono-uzpurvio-sirdis-visada-priklause-lietuvai\/"},"author":{"name":"\u0160ilut\u0117s naujien\u0173 inf.","@id":"https:\/\/www.silutesnaujienos.lt\/lt\/#\/schema\/person\/232f475ddd4a7b5f49b3abc788b17e83"},"headline":"Jono U\u017epurvio \u0161irdis visada priklaus\u0117 Lietuvai","datePublished":"2012-12-13T18:00:00+00:00","mainEntityOfPage":{"@id":"https:\/\/www.silutesnaujienos.lt\/lt\/jono-uzpurvio-sirdis-visada-priklause-lietuvai\/"},"wordCount":1453,"commentCount":0,"publisher":{"@id":"https:\/\/www.silutesnaujienos.lt\/lt\/#organization"},"articleSection":["Kult\u016bra ir \u0161vietimas"],"inLanguage":"lt-LT","potentialAction":[{"@type":"CommentAction","name":"Comment","target":["https:\/\/www.silutesnaujienos.lt\/lt\/jono-uzpurvio-sirdis-visada-priklause-lietuvai\/#respond"]}]},{"@type":"WebPage","@id":"https:\/\/www.silutesnaujienos.lt\/lt\/jono-uzpurvio-sirdis-visada-priklause-lietuvai\/","url":"https:\/\/www.silutesnaujienos.lt\/lt\/jono-uzpurvio-sirdis-visada-priklause-lietuvai\/","name":"Jono U\u017epurvio \u0161irdis visada priklaus\u0117 Lietuvai - \u0160ilut\u0117s naujienos","isPartOf":{"@id":"https:\/\/www.silutesnaujienos.lt\/lt\/#website"},"datePublished":"2012-12-13T18:00:00+00:00","breadcrumb":{"@id":"https:\/\/www.silutesnaujienos.lt\/lt\/jono-uzpurvio-sirdis-visada-priklause-lietuvai\/#breadcrumb"},"inLanguage":"lt-LT","potentialAction":[{"@type":"ReadAction","target":["https:\/\/www.silutesnaujienos.lt\/lt\/jono-uzpurvio-sirdis-visada-priklause-lietuvai\/"]}]},{"@type":"BreadcrumbList","@id":"https:\/\/www.silutesnaujienos.lt\/lt\/jono-uzpurvio-sirdis-visada-priklause-lietuvai\/#breadcrumb","itemListElement":[{"@type":"ListItem","position":1,"name":"Home","item":"https:\/\/www.silutesnaujienos.lt\/lt\/"},{"@type":"ListItem","position":2,"name":"Jono U\u017epurvio \u0161irdis visada priklaus\u0117 Lietuvai"}]},{"@type":"WebSite","@id":"https:\/\/www.silutesnaujienos.lt\/lt\/#website","url":"https:\/\/www.silutesnaujienos.lt\/lt\/","name":"\u0160ilut\u0117s naujienos","description":"B\u016bk ant naujien\u0173 bangos!","publisher":{"@id":"https:\/\/www.silutesnaujienos.lt\/lt\/#organization"},"potentialAction":[{"@type":"SearchAction","target":{"@type":"EntryPoint","urlTemplate":"https:\/\/www.silutesnaujienos.lt\/lt\/?s={search_term_string}"},"query-input":{"@type":"PropertyValueSpecification","valueRequired":true,"valueName":"search_term_string"}}],"inLanguage":"lt-LT"},{"@type":"Organization","@id":"https:\/\/www.silutesnaujienos.lt\/lt\/#organization","name":"\u0160ilut\u0117s naujienos","url":"https:\/\/www.silutesnaujienos.lt\/lt\/","logo":{"@type":"ImageObject","inLanguage":"lt-LT","@id":"https:\/\/www.silutesnaujienos.lt\/lt\/#\/schema\/logo\/image\/","url":"https:\/\/www.silutesnaujienos.lt\/lt\/wp-content\/uploads\/2020\/06\/FB_MAIN.jpg","contentUrl":"https:\/\/www.silutesnaujienos.lt\/lt\/wp-content\/uploads\/2020\/06\/FB_MAIN.jpg","width":1700,"height":956,"caption":"\u0160ilut\u0117s naujienos"},"image":{"@id":"https:\/\/www.silutesnaujienos.lt\/lt\/#\/schema\/logo\/image\/"},"sameAs":["https:\/\/www.facebook.com\/silutes.naujienos\/","https:\/\/www.youtube.com\/channel\/UCxW-cgrJDt8GxIMxSTAfJZg"]},{"@type":"Person","@id":"https:\/\/www.silutesnaujienos.lt\/lt\/#\/schema\/person\/232f475ddd4a7b5f49b3abc788b17e83","name":"\u0160ilut\u0117s naujien\u0173 inf.","image":{"@type":"ImageObject","inLanguage":"lt-LT","@id":"https:\/\/www.silutesnaujienos.lt\/lt\/wp-content\/uploads\/2020\/06\/favicon.png","url":"https:\/\/www.silutesnaujienos.lt\/lt\/wp-content\/uploads\/2020\/06\/favicon.png","contentUrl":"https:\/\/www.silutesnaujienos.lt\/lt\/wp-content\/uploads\/2020\/06\/favicon.png","caption":"\u0160ilut\u0117s naujien\u0173 inf."},"sameAs":["https:\/\/www.silutesnaujienos.lt\/lt"],"url":"https:\/\/www.silutesnaujienos.lt\/lt\/author\/ruta\/"}]}},"publishpress_future_workflow_manual_trigger":{"enabledWorkflows":[]},"amp_enabled":true,"_links":{"self":[{"href":"https:\/\/www.silutesnaujienos.lt\/lt\/wp-json\/wp\/v2\/posts\/15036","targetHints":{"allow":["GET"]}}],"collection":[{"href":"https:\/\/www.silutesnaujienos.lt\/lt\/wp-json\/wp\/v2\/posts"}],"about":[{"href":"https:\/\/www.silutesnaujienos.lt\/lt\/wp-json\/wp\/v2\/types\/post"}],"author":[{"embeddable":true,"href":"https:\/\/www.silutesnaujienos.lt\/lt\/wp-json\/wp\/v2\/users\/1"}],"replies":[{"embeddable":true,"href":"https:\/\/www.silutesnaujienos.lt\/lt\/wp-json\/wp\/v2\/comments?post=15036"}],"version-history":[{"count":0,"href":"https:\/\/www.silutesnaujienos.lt\/lt\/wp-json\/wp\/v2\/posts\/15036\/revisions"}],"wp:attachment":[{"href":"https:\/\/www.silutesnaujienos.lt\/lt\/wp-json\/wp\/v2\/media?parent=15036"}],"wp:term":[{"taxonomy":"category","embeddable":true,"href":"https:\/\/www.silutesnaujienos.lt\/lt\/wp-json\/wp\/v2\/categories?post=15036"},{"taxonomy":"post_tag","embeddable":true,"href":"https:\/\/www.silutesnaujienos.lt\/lt\/wp-json\/wp\/v2\/tags?post=15036"}],"curies":[{"name":"wp","href":"https:\/\/api.w.org\/{rel}","templated":true}]}}