{"id":15037,"date":"2012-12-25T09:00:00","date_gmt":"2012-12-25T11:00:00","guid":{"rendered":"https:\/\/www.silutesnaujienos.lt\/lt\/alicija-rugyte-visur-kur-lietuviskas-reikalas-saukia\/"},"modified":"2012-12-25T09:00:00","modified_gmt":"2012-12-25T11:00:00","slug":"alicija-rugyte-visur-kur-lietuviskas-reikalas-saukia","status":"publish","type":"post","link":"https:\/\/www.silutesnaujienos.lt\/lt\/alicija-rugyte-visur-kur-lietuviskas-reikalas-saukia\/","title":{"rendered":"Alicija Rugyt\u0117 &#8211; visur, kur lietuvi\u0161kas reikalas \u0161aukia"},"content":{"rendered":"<p><a target=\"_blank\" rel=\"caption[A.Rugyt\u0117. Kitoje nuotraukos pus\u0117je u\u017era\u0161yta data 1926-04-005. \/ Nuotr. i\u0161 V.Astrauskien\u0117s asmeninio rinkinio.] noopener noreferrer\" class=\"jcepopup\" href=\"\/\/silutesnaujienos.lt\/images\/stories\/2012\/12\/21\/Alicija_Rugyte_1926-o4_copy.jpg\" data-rel=\"lightbox-gallery-ZsHkVrf4\" data-rl_title=\"\" data-rl_caption=\"\"><img loading=\"lazy\" decoding=\"async\" style=\"margin: 5px; float: left;\" class=\"caption\" title=\"\" alt=\"Alicija Rugyte 1926-o4 copy\" src=\"\/\/silutesnaujienos.lt\/images\/stories\/2012\/12\/21\/thumbnails\/thumb_Alicija_Rugyte_1926-o4_copy.jpg\" height=\"230\" width=\"307\" \/><\/a><strong>Pra\u0117jusi\u0105 savait\u0119 min\u0117jome 110-\u0105sias Alicijos Rugyt\u0117s (R\u016bgyt\u0117s) gimimo metines. Visagalis Laikas, kurio sprendimai nenusp\u0117jami, per 83 gyvenimo metus rikiav\u0119s jos darbus ir veikl\u0105, \u0161iandien leid\u017eia pasid\u017eiaugti ir visa tai \u012fvertinti.<\/strong><br \/><strong><\/strong><\/p>\n<p><strong>Tai proga prisiminti \u0161ios vienos i\u0161kiliausi\u0173 \u0160v\u0117k\u0161nos ir visos Lietuvos visuomen\u0117s ir kult\u016bros veik\u0117jos, pedagog\u0117s, istorik\u0117s para\u0161ytus veikalus ir straipsnius. <\/strong><\/p>\n<p>Intelektual\u0119, surinkusi\u0105 med\u017eiag\u0105 apie ma\u017eo miestelio istorij\u0105, jo kult\u016br\u0105 bei etnin\u012f paveld\u0105 ir b\u016bsimoms kartoms dovanojusi\u0105 ne\u012fkainojam\u0105 vertyb\u0119 &#8211; monografij\u0105 \u201e\u0160v\u0117k\u0161na\u201c.<\/p>\n<p><strong><a target=\"_blank\" rel=\"caption[Monografijos \u201e\u0160v\u0117k\u0161na\u201c titulinis puslapis.] noopener noreferrer\" class=\"jcepopup\" href=\"\/\/silutesnaujienos.lt\/images\/stories\/2012\/12\/21\/alicija_rugyte_knyga_sveksna_copy.jpg\" data-rel=\"lightbox-gallery-ZsHkVrf4\" data-rl_title=\"\" data-rl_caption=\"\"><img loading=\"lazy\" decoding=\"async\" style=\"margin: 5px; float: right;\" class=\"caption\" title=\"\" alt=\"alicija rugyte knyga sveksna copy\" src=\"\/\/silutesnaujienos.lt\/images\/stories\/2012\/12\/21\/thumbnails\/thumb_alicija_rugyte_knyga_sveksna_copy.jpg\" height=\"230\" width=\"307\" \/><\/a>Gydytojo patrioto dukra<\/strong><\/p>\n<p>Alicija Rugyt\u0117 gim\u0117 1902 m. gruod\u017eio 5 d., \u0160v\u0117k\u0161noje, i\u0161 kurios ir veriasi jos veiklos horizontai. Tur\u0117jo vyresn\u012f brol\u012f ir jaunesn\u0119 seser\u012f.<\/p>\n<p>Jos t\u0117vas &#8211; daktaras Juozapas Rugys &#8211; Sintaut\u0173 zanavykas, gimnazij\u0105 baig\u0119s Marijampol\u0117je, \u012fstoj\u0119s \u012f Maskvos<\/p>\n<p>universitetomedicinos fakultet\u0105 ir tap\u0119s kvalifikuotu gydytoju. Neie\u0161koj\u0119s Rusijoje pelningo darbo pasiry\u017eo gr\u012f\u017eti \u012f Lietuv\u0105 ir \u010dia atiduoti savo \u017einias.<\/p>\n<p>Atsitiktinumas j\u012f suved\u0117 su \u0160v\u0117k\u0161nos klebonu kanauninku P.Sta\u0161kausku &#8211; tauti\u0161kai susipratusiu \u0161viesuoliu ir patriotu, kuris ir pasi\u016bl\u0119s dr. J.Rugiui apsigyventi \u0160v\u0117k\u0161noje, nesl\u0117pdamas, kad ji &#8211; tolimiausias \u017demai\u010di\u0173 u\u017ekampis Ma\u017eosios Lietuvos pasienyje, su ruden\u012f ir pavasar\u012f sunkiai i\u0161va\u017eiuojamais keliais, su tamsiais, tauti\u0161kai nesusipratusiais \u017emon\u0117mis.<\/p>\n<p>Jaunas daktaras susigund\u0117, atvyko, apsigyveno, suk\u016br\u0117 \u0161eim\u0105 ir \u010dia pragyven\u0119s ligi mirties ilsisi Vilk\u0117no kapin\u0117se.<br \/>Ved\u0117 auk\u0161tos kilm\u0117s lenkait\u0119 &#8211; Iren\u0105 Skalsk\u0105, greitai j\u0105 sulietuvino ir \u0161eimoje jie kalb\u0117jo tik lietuvi\u0161kai.<\/p>\n<p>Jaun\u0105j\u012f gydytoj\u0105 \u0160v\u0117k\u0161na priri\u0161o visam gyvenimui tod\u0117l, kad Ma\u017eosios Lietuvos kaimynyst\u0117 dav\u0117 galimyb\u0119 platinti draud\u017eiam\u0105 lietuvi\u0161k\u0105 spaud\u0105, o su klebonu P.Sta\u0161kausku bendrai dirbant &#8211; puosel\u0117ti lietuvyb\u0119.<\/p>\n<p>Dr. J.Rugys buvo stiprios sveikatos, gyvo charakterio, nei\u0161semiamos energijos ir pasi\u0161ventimo. Nepaisant u\u017ekampio, nesukaim\u0117jo, i\u0161liko inteligenti\u0161kas, \u0161viesus. Mok\u0117jo rus\u0173, vokie\u010di\u0173 ir lenk\u0173 kalbas, sugeb\u0117jo prisitaikyti kiekvienoje aplinkoje, lengvai su kiekvienu rasdavo bendr\u0105 kalb\u0105, visur puikiai reprezentavo lietuv\u012f inteligent\u0105. Jo vienodai lauk\u0117 ir kaimie\u010diai, ir didikai.<\/p>\n<p>\u0160v\u0117k\u0161ni\u0161kio prelato Kazimiero \u0160aulio prisiminimuose ra\u0161oma: \u201e\u017dmon\u0117s d\u017eiaug\u0117si nauju daktaru, kuomet jo asmenyje pamat\u0117 ir pa\u017eino ne vien tik reikaling\u0105 laukiam\u0105 gydytoj\u0105, bet ir malon\u0173 tautiet\u012f, visuomenei atsidavus\u012f veik\u0117j\u0105 ir \u0161vies\u0173 kult\u016brinink\u0105&#8230;\u201c<\/p>\n<p>\u017demai\u010di\u0173 kume\u010diui daktaras Rugys buvo savas \u017emogus, kuriuo pasitik\u0117jo, kur\u012f gerb\u0117 ir myl\u0117jo. Tai liudija du faktai: J.Rug\u012f pa\u0161aukus karo su japonais metu \u012f kariuomen\u0119, j\u012f i\u0161lyd\u0117jo minia su a\u0161aromis akyse, o lydint j\u012f \u012f am\u017einojo poilsio viet\u0105, pagarb\u0105 ir meil\u0119 pareik\u0161ti susirinko keli\u0173 parapij\u0173 \u017emon\u0117s.<\/p>\n<p>Am\u017einink\u0173 liudijimu, toki\u0173 laidotuvi\u0173 \u0160v\u0117k\u0161na nebuvo ma\u010diusi.<\/p>\n<p>Suprantama, kad did\u017eiojo patrioto, knygne\u0161io, \u017eurnalisto, ra\u0161ytojo, au\u0161rininko ir varpininko dr. J.Rugio vaikai u\u017eaugo nema\u017eesni patriotai ir nugyveno prakiln\u0173 gyvenim\u0105. Laikas \u012fvertino rezultatus, o rezultatai atsispindi j\u0173 darbuose.<\/p>\n<p><strong>Nei\u0161semiam\u0173 ideal\u0173 \u0161altinis<\/strong><\/p>\n<p>1927 m. Alicija Rugyt\u0117 baig\u0117 Kauno mergai\u010di\u0173 mokytoj\u0173 seminarij\u0105, \u012fstojo \u012f Vytauto Did\u017eiojo universiteto Teologijos filosofijos fakultet\u0105, studijavo istorij\u0105.<\/p>\n<p>Mokytojauti prad\u0117jo Garliavoje, v\u0117liau dirbo Kaune, Vilniuje. 1942 m., gavusi \u0160vietimo Valdybos ra\u0161t\u0105, kad yra skiriama \u0160v\u0117k\u0161nos gimnazijos direktore, su skaudama \u0161irdimi, negal\u0117dama pasiprie\u0161inti likimui, prad\u0117jo direktoriauti. Buvo \u0161e\u0161toji \u0160v\u0117k\u0161nos gimnazijos direktor\u0117 ir dirbo 1942-1944 metais.<\/p>\n<p>Vadovaudama mokyklai sud\u0117tingais karo ir vokie\u010di\u0173 okupacijos metais parod\u0117 daug sumanumo ir i\u0161minties.<\/p>\n<p>1944 met\u0173 spalio prad\u017eioje pasitrauk\u0117 \u012f Vokietij\u0105, ten steig\u0117 lietuvi\u0161kas gimnazijas ir joms vadovavo.<\/p>\n<p>1949 metais atvyko \u012f JAV. \u010cikagoje patyr\u0117 pragaro kelius dirbdama \u012fvairius darbus &#8211; siuv\u0117jos, krautuv\u0117s valytojos, tarnait\u0117s. Paskui sulauk\u0117 ir pam\u0117gto mokytojavimo. Nuo 1951 m. prad\u0117jo karjer\u0105 \u010cikagos auk\u0161tesniojoje lituanistikos mokykloje: dirbo mokytoja, v\u0117liau &#8211; inspektore, direktore.<\/p>\n<p>Mokyklai ji atidav\u0117 savo siel\u0105 ir \u0161ird\u012f, mokiniais r\u016bpinosi tarsi j\u0173 motina: d\u017eiaug\u0117si j\u0173 laime, li\u016bd\u0117jo d\u0117l nes\u0117kmi\u0173. A.Rugyt\u0117 priklaus\u0117 Kataliki\u0173 moter\u0173 draugijai \u0160v\u0117k\u0161noje, ateitininkams, korporacijai \u201eGiedra\u201c, Giedrinink\u0173 s\u0105jungai. Amerikoje \u012fk\u016brusi \u201eGiedros\u201c korporacij\u0105, buvo jos pirmininke.<\/p>\n<p>Gyvendama \u010cikagoje \u012fsteig\u0117 Lietuvos istorijos draugij\u0105, buvo jos sekretor\u0117 ir i\u017edinink\u0117, organizavo l\u0117\u0161\u0173 rinkim\u0105 lietuvi\u0161koms knygoms leisti.<\/p>\n<p>Istorik\u0117s specialyb\u0119 turinti A.Rugyt\u0117 dar baig\u0117 \u012fvairius kursus: gailesting\u0173j\u0173 seser\u0173, k\u016bno kult\u016bros, sodininkyst\u0117s, vairavimo ir kt.<\/p>\n<p>Alicij\u0105 pa\u017einoj\u0119s jos am\u017eininkas prelatas M.Krupavi\u010dius j\u0105 apib\u016bdina kaip nei\u0161semiam\u0173 ideal\u0173 \u0161altin\u012f, spinduliuojan\u010di\u0105 patriotizmu ir pastebi, kad \u0161ios moters energijos net su kibirais ne\u012fmanoma i\u0161semti, o j\u0117gas ji skiria tarnavimui lietuvi\u0161kai visuomenei ir darbui. Turi kuo stumti savo ideal\u0173 sukurt\u0105 gyvenim\u0105 ir j\u0117gos jiems realizuoti, u\u017edega kiekvien\u0105, kas su ja susiduria. J\u0105 surasti gali visur, kur lietuvi\u0161kas reikalas \u0161aukia.<\/p>\n<p><strong>Pedagog\u0117, istorik\u0117, visuomen\u0117s veik\u0117ja<\/strong><\/p>\n<p>Turb\u016bt to lietuvi\u0161ko \u0161auksmo vedama, 1969 m. \u010cikagoje A.Rugyt\u0117 imasi organizuoti \u0160v\u0117k\u0161nos gimnazijos 50-me\u010dio jubiliejaus min\u0117jim\u0105, po kuriuo nutaria atkurti \u0160v\u0117k\u0161ni\u0161ki\u0173 draugij\u0105.<\/p>\n<p>Minint draugijos \u012fk\u016brimo \u010cikagoje auksin\u012f jubiliej\u0173, 1974-aisiais i\u0161leid\u017eia stamb\u0173 veikal\u0105 \u201e\u0160v\u0117k\u0161na\u201c. \u0160i knyga neb\u016bt\u0173 i\u0161vydusi saul\u0117s be knygos redaktor\u0117s Alicijos Rugyt\u0117s nepailstamos energijos ir entuziastingo ry\u017eto.<\/p>\n<p>Sunku \u0161i\u0105 knyg\u0105 keliais sakiniais apib\u016bdinti. I\u0161 esm\u0117s tai 536 psl. gausiai iliustruotas istorinis veikalas, i\u0161samiai pateikiantis \u0160v\u0117k\u0161nos vardo kilm\u0119 ir istorij\u0105, \u017eymiausi\u0173 \u0161v\u0117k\u0161ni\u0161ki\u0173 biografijas, gimnazijos veikl\u0105, \u0161v\u0117k\u0161ni\u0161ki\u0173 papro\u010dius, etninius, istorinius faktus.<\/p>\n<p>Knygos redaktor\u0117 A.Rugyt\u0117 \u0161iam veikalui, dedikuotam \u0161v\u0117k\u0161ni\u0161kiams, dirbusiems Lietuvai ir \u017euvusiems d\u0117l jos laisv\u0117s, med\u017eiagos ie\u0161kojo net Vatikano archyvuose, tod\u0117l knygoje randame daug vertingos med\u017eiagos.<\/p>\n<p>Nors ir galima redaktorei papriekai\u0161tauti, kad ji nepakankamai atrinkin\u0117jo straipsnius, bet \u010dia pat pateisiname tuo, kad straipsnius ra\u0161\u0117 apie 40 autori\u0173, tod\u0117l galb\u016bt jaut\u0117 pareig\u0105 \u012fd\u0117ti vis\u0105 jai pateikt\u0105 med\u017eiag\u0105. Knyg\u0105 sudaro dvi dalys: pirmoji &#8211; \u201eKra\u0161tas ir \u017emon\u0117s\u201c, antroji &#8211; \u201e\u0160vietimas ir aukl\u0117jimas\u201c.<\/p>\n<p>A.Rugyt\u0117 prisipa\u017e\u012fsta, kad gyvenant i\u0161eivijoje ir ra\u0161ant apie \u0160v\u0117k\u0161n\u0105, buvo sunku surinkti visas istorines \u017einias, nei\u0161vengta netikslum\u0173, o kai kurie faktai pakartoti.<\/p>\n<p>Nesulaukusi pa\u017ead\u0117t\u0173 straipsni\u0173, pati visas spragas sugeb\u0117jo u\u017epildyti.<\/p>\n<p>Reikia akcentuoti, kad vieni svarbesni\u0173 pirmosios dalies straipsni\u0173 yra dr. Jono Puzino \u201e\u0160v\u0117k\u0161nos kra\u0161to proistor\u0117\u201c, kuriame i\u0161d\u0117styti pagrindini\u0173 archeologini\u0173 kasin\u0117jim\u0173 duomenys, prof. Antano Salio \u201e\u0160v\u0117k\u0161nos vardas ir tarm\u0117\u201c ir in\u017einieriaus Jono Rugio, Alicijos brolio, studija \u201e\u0160v\u0117k\u0161nos praeitis\u201c.<\/p>\n<p>\u0160i studija 1950 m. buvo i\u0161leista atskira knyga, o monografijoje \u201e\u0160v\u0117k\u0161na\u201c perspausdinta su ma\u017eais pakeitimais, dokument\u0173 fotokopijomis bei vertimais \u012f lietuvi\u0173 kalb\u0105, ap\u017evelgiant \u0160v\u0117k\u0161nos istorij\u0105 iki 1919 met\u0173.<\/p>\n<p>Skaitant monografij\u0105 kyla klausimas, ar \u0160v\u0117k\u0161noje gyvenusio, dirbusio ir palaidoto ra\u0161ytojo Simono Stanevi\u010diaus veikla ir asmenyb\u0117 yra verta tik pusantro puslapio?<\/p>\n<p>Ta\u010diau turime did\u017eiuotis ir vertinti \u0161i\u0105 knyg\u0105 teigiamai, nes ji, pasak A.Rugyt\u0117s, skaitytojui pad\u0117s rasti svarbi\u0173 fakt\u0173 ne tik apie \u0160v\u0117k\u0161n\u0105, bet ir apie Lietuv\u0105.<\/p>\n<p>Alicijos r\u016bpes\u010diu \u010cikagoje buvo perspausdinti \u201eVarpo\u201c ir \u201eAu\u0161ros\u201c laikra\u0161\u010di\u0173 komplektai, i\u0161leista 20 tom\u0173 mokslo \u017eurnalo \u201eTautos praeitis\u201c, redaguoti ir i\u0161leisti monografijos \u201eZanavykija\u201c I ir II tomai.<\/p>\n<p>Sunku b\u016bt\u0173 i\u0161vardinti visus jos redaguotus ir i\u0161leistus leidinius, para\u0161ytus straipsnius, skaitytus prane\u0161imus. Pedagog\u0117, istorik\u0117, visuomen\u0117s veik\u0117ja nuo 1921 m. priklausiusi ateitininkams, nuo studentavimo dien\u0173 Vytauto Did\u017eiojo universitete &#8211; giedrinink\u0117, para\u0161iusi \u201eGiedros korporacijos istorij\u0105\u201c, daugelio istorini\u0173 knyg\u0173 leid\u0117ja, Istorijos draugijos pirminink\u0117 ir draugijos metra\u0161\u010dio \u201eTautos praeitis\u201c redaktor\u0117, ra\u0161ytoja, spaudos bendradarb\u0117, viena Lietuvi\u0173 fondo pradininki\u0173, 1985 m. bir\u017eelio 20 d. savo prasmingus darbus u\u017ebaig\u0117.<\/p>\n<p>Am\u017eino pogulio atgul\u0117 JAV, \u010cikagoje.<\/p>\n<p>1996 m. Lietuvi\u0173 istorijos draugija \u010cikagoje i\u0161leido monografij\u0105 \u201eAlicija Rugyt\u0117: gyvenimo kelias\u201c, kurios autorius &#8211; K\u0119stutis Pe\u010dkus.<\/p>\n<p>2003 m. ruden\u012f \u0161v\u0117k\u0161ni\u0161k\u0117s mokytojos Vilmos Adomavi\u010dien\u0117s iniciatyva \u012fkurta \u0160v\u0117k\u0161nos skaut\u0173 organizacija &#8211; draugovei suteiktas A.Rugyt\u0117s vardas.<\/p>\n<p>Ar galime pamir\u0161ti ma\u017eo miestelio did\u017ei\u0105 ir intelektuali\u0105 asmenyb\u0119? Manau, kad ne.<\/p>\n<p><img loading=\"lazy\" decoding=\"async\" style=\"margin: 5px; vertical-align: middle;\" src=\"\/\/silutesnaujienos.lt\/images\/stories\/LOGO\/spaudos_remimo_fondas.JPG\" height=\"61\" width=\"100\" \/><\/p>\n","protected":false},"excerpt":{"rendered":"<p>Pra\u0117jusi\u0105 savait\u0119 min\u0117jome 110-\u0105sias Alicijos Rugyt\u0117s (R\u016bgyt\u0117s) gimimo metines. Visagalis Laikas, kurio sprendimai nenusp\u0117jami, per 83 gyvenimo metus rikiav\u0119s jos darbus ir veikl\u0105, \u0161iandien leid\u017eia pasid\u017eiaugti ir visa tai \u012fvertinti. Tai proga prisiminti \u0161ios vienos i\u0161kiliausi\u0173 \u0160v\u0117k\u0161nos ir visos Lietuvos visuomen\u0117s ir kult\u016bros veik\u0117jos, pedagog\u0117s, istorik\u0117s para\u0161ytus veikalus ir straipsnius. Intelektual\u0119, surinkusi\u0105 med\u017eiag\u0105 apie ma\u017eo [&hellip;]<\/p>\n","protected":false},"author":1,"featured_media":0,"comment_status":"open","ping_status":"open","sticky":false,"template":"","format":"standard","meta":{"footnotes":""},"categories":[51],"tags":[],"class_list":{"0":"post-15037","1":"post","2":"type-post","3":"status-publish","4":"format-standard","6":"category-kultura-ir-svietimas"},"yoast_head":"<!-- This site is optimized with the Yoast SEO plugin v27.5 - https:\/\/yoast.com\/product\/yoast-seo-wordpress\/ -->\n<title>Alicija Rugyt\u0117 - visur, kur lietuvi\u0161kas reikalas \u0161aukia - \u0160ilut\u0117s naujienos<\/title>\n<meta name=\"robots\" content=\"index, follow, max-snippet:-1, max-image-preview:large, max-video-preview:-1\" \/>\n<link rel=\"canonical\" href=\"https:\/\/www.silutesnaujienos.lt\/lt\/alicija-rugyte-visur-kur-lietuviskas-reikalas-saukia\/\" \/>\n<meta property=\"og:locale\" content=\"lt_LT\" \/>\n<meta property=\"og:type\" content=\"article\" \/>\n<meta property=\"og:title\" content=\"Alicija Rugyt\u0117 - visur, kur lietuvi\u0161kas reikalas \u0161aukia - \u0160ilut\u0117s naujienos\" \/>\n<meta property=\"og:description\" content=\"Pra\u0117jusi\u0105 savait\u0119 min\u0117jome 110-\u0105sias Alicijos Rugyt\u0117s (R\u016bgyt\u0117s) gimimo metines. Visagalis Laikas, kurio sprendimai nenusp\u0117jami, per 83 gyvenimo metus rikiav\u0119s jos darbus ir veikl\u0105, \u0161iandien leid\u017eia pasid\u017eiaugti ir visa tai \u012fvertinti. Tai proga prisiminti \u0161ios vienos i\u0161kiliausi\u0173 \u0160v\u0117k\u0161nos ir visos Lietuvos visuomen\u0117s ir kult\u016bros veik\u0117jos, pedagog\u0117s, istorik\u0117s para\u0161ytus veikalus ir straipsnius. Intelektual\u0119, surinkusi\u0105 med\u017eiag\u0105 apie ma\u017eo [&hellip;]\" \/>\n<meta property=\"og:url\" content=\"https:\/\/www.silutesnaujienos.lt\/lt\/alicija-rugyte-visur-kur-lietuviskas-reikalas-saukia\/\" \/>\n<meta property=\"og:site_name\" content=\"\u0160ilut\u0117s naujienos\" \/>\n<meta property=\"article:publisher\" content=\"https:\/\/www.facebook.com\/silutes.naujienos\/\" \/>\n<meta property=\"article:published_time\" content=\"2012-12-25T11:00:00+00:00\" \/>\n<meta property=\"og:image\" content=\"\/\/silutesnaujienos.lt\/images\/stories\/2012\/12\/21\/thumbnails\/thumb_Alicija_Rugyte_1926-o4_copy.jpg\" \/>\n<meta name=\"author\" content=\"\u0160ilut\u0117s naujien\u0173 inf.\" \/>\n<meta name=\"twitter:card\" content=\"summary_large_image\" \/>\n<meta name=\"twitter:label1\" content=\"Written by\" \/>\n\t<meta name=\"twitter:data1\" content=\"\u0160ilut\u0117s naujien\u0173 inf.\" \/>\n\t<meta name=\"twitter:label2\" content=\"Est. reading time\" \/>\n\t<meta name=\"twitter:data2\" content=\"7 minut\u0117s\" \/>\n<script type=\"application\/ld+json\" class=\"yoast-schema-graph\">{\"@context\":\"https:\\\/\\\/schema.org\",\"@graph\":[{\"@type\":\"Article\",\"@id\":\"https:\\\/\\\/www.silutesnaujienos.lt\\\/lt\\\/alicija-rugyte-visur-kur-lietuviskas-reikalas-saukia\\\/#article\",\"isPartOf\":{\"@id\":\"https:\\\/\\\/www.silutesnaujienos.lt\\\/lt\\\/alicija-rugyte-visur-kur-lietuviskas-reikalas-saukia\\\/\"},\"author\":{\"name\":\"\u0160ilut\u0117s naujien\u0173 inf.\",\"@id\":\"https:\\\/\\\/www.silutesnaujienos.lt\\\/lt\\\/#\\\/schema\\\/person\\\/232f475ddd4a7b5f49b3abc788b17e83\"},\"headline\":\"Alicija Rugyt\u0117 &#8211; visur, kur lietuvi\u0161kas reikalas \u0161aukia\",\"datePublished\":\"2012-12-25T11:00:00+00:00\",\"mainEntityOfPage\":{\"@id\":\"https:\\\/\\\/www.silutesnaujienos.lt\\\/lt\\\/alicija-rugyte-visur-kur-lietuviskas-reikalas-saukia\\\/\"},\"wordCount\":1366,\"commentCount\":0,\"publisher\":{\"@id\":\"https:\\\/\\\/www.silutesnaujienos.lt\\\/lt\\\/#organization\"},\"articleSection\":[\"Kult\u016bra ir \u0161vietimas\"],\"inLanguage\":\"lt-LT\",\"potentialAction\":[{\"@type\":\"CommentAction\",\"name\":\"Comment\",\"target\":[\"https:\\\/\\\/www.silutesnaujienos.lt\\\/lt\\\/alicija-rugyte-visur-kur-lietuviskas-reikalas-saukia\\\/#respond\"]}]},{\"@type\":\"WebPage\",\"@id\":\"https:\\\/\\\/www.silutesnaujienos.lt\\\/lt\\\/alicija-rugyte-visur-kur-lietuviskas-reikalas-saukia\\\/\",\"url\":\"https:\\\/\\\/www.silutesnaujienos.lt\\\/lt\\\/alicija-rugyte-visur-kur-lietuviskas-reikalas-saukia\\\/\",\"name\":\"Alicija Rugyt\u0117 - visur, kur lietuvi\u0161kas reikalas \u0161aukia - \u0160ilut\u0117s naujienos\",\"isPartOf\":{\"@id\":\"https:\\\/\\\/www.silutesnaujienos.lt\\\/lt\\\/#website\"},\"datePublished\":\"2012-12-25T11:00:00+00:00\",\"breadcrumb\":{\"@id\":\"https:\\\/\\\/www.silutesnaujienos.lt\\\/lt\\\/alicija-rugyte-visur-kur-lietuviskas-reikalas-saukia\\\/#breadcrumb\"},\"inLanguage\":\"lt-LT\",\"potentialAction\":[{\"@type\":\"ReadAction\",\"target\":[\"https:\\\/\\\/www.silutesnaujienos.lt\\\/lt\\\/alicija-rugyte-visur-kur-lietuviskas-reikalas-saukia\\\/\"]}]},{\"@type\":\"BreadcrumbList\",\"@id\":\"https:\\\/\\\/www.silutesnaujienos.lt\\\/lt\\\/alicija-rugyte-visur-kur-lietuviskas-reikalas-saukia\\\/#breadcrumb\",\"itemListElement\":[{\"@type\":\"ListItem\",\"position\":1,\"name\":\"Home\",\"item\":\"https:\\\/\\\/www.silutesnaujienos.lt\\\/lt\\\/\"},{\"@type\":\"ListItem\",\"position\":2,\"name\":\"Alicija Rugyt\u0117 &#8211; visur, kur lietuvi\u0161kas reikalas \u0161aukia\"}]},{\"@type\":\"WebSite\",\"@id\":\"https:\\\/\\\/www.silutesnaujienos.lt\\\/lt\\\/#website\",\"url\":\"https:\\\/\\\/www.silutesnaujienos.lt\\\/lt\\\/\",\"name\":\"\u0160ilut\u0117s naujienos\",\"description\":\"B\u016bk ant naujien\u0173 bangos!\",\"publisher\":{\"@id\":\"https:\\\/\\\/www.silutesnaujienos.lt\\\/lt\\\/#organization\"},\"potentialAction\":[{\"@type\":\"SearchAction\",\"target\":{\"@type\":\"EntryPoint\",\"urlTemplate\":\"https:\\\/\\\/www.silutesnaujienos.lt\\\/lt\\\/?s={search_term_string}\"},\"query-input\":{\"@type\":\"PropertyValueSpecification\",\"valueRequired\":true,\"valueName\":\"search_term_string\"}}],\"inLanguage\":\"lt-LT\"},{\"@type\":\"Organization\",\"@id\":\"https:\\\/\\\/www.silutesnaujienos.lt\\\/lt\\\/#organization\",\"name\":\"\u0160ilut\u0117s naujienos\",\"url\":\"https:\\\/\\\/www.silutesnaujienos.lt\\\/lt\\\/\",\"logo\":{\"@type\":\"ImageObject\",\"inLanguage\":\"lt-LT\",\"@id\":\"https:\\\/\\\/www.silutesnaujienos.lt\\\/lt\\\/#\\\/schema\\\/logo\\\/image\\\/\",\"url\":\"https:\\\/\\\/www.silutesnaujienos.lt\\\/lt\\\/wp-content\\\/uploads\\\/2020\\\/06\\\/FB_MAIN.jpg\",\"contentUrl\":\"https:\\\/\\\/www.silutesnaujienos.lt\\\/lt\\\/wp-content\\\/uploads\\\/2020\\\/06\\\/FB_MAIN.jpg\",\"width\":1700,\"height\":956,\"caption\":\"\u0160ilut\u0117s naujienos\"},\"image\":{\"@id\":\"https:\\\/\\\/www.silutesnaujienos.lt\\\/lt\\\/#\\\/schema\\\/logo\\\/image\\\/\"},\"sameAs\":[\"https:\\\/\\\/www.facebook.com\\\/silutes.naujienos\\\/\",\"https:\\\/\\\/www.youtube.com\\\/channel\\\/UCxW-cgrJDt8GxIMxSTAfJZg\"]},{\"@type\":\"Person\",\"@id\":\"https:\\\/\\\/www.silutesnaujienos.lt\\\/lt\\\/#\\\/schema\\\/person\\\/232f475ddd4a7b5f49b3abc788b17e83\",\"name\":\"\u0160ilut\u0117s naujien\u0173 inf.\",\"image\":{\"@type\":\"ImageObject\",\"inLanguage\":\"lt-LT\",\"@id\":\"https:\\\/\\\/www.silutesnaujienos.lt\\\/lt\\\/wp-content\\\/uploads\\\/2020\\\/06\\\/favicon.png\",\"url\":\"https:\\\/\\\/www.silutesnaujienos.lt\\\/lt\\\/wp-content\\\/uploads\\\/2020\\\/06\\\/favicon.png\",\"contentUrl\":\"https:\\\/\\\/www.silutesnaujienos.lt\\\/lt\\\/wp-content\\\/uploads\\\/2020\\\/06\\\/favicon.png\",\"caption\":\"\u0160ilut\u0117s naujien\u0173 inf.\"},\"sameAs\":[\"https:\\\/\\\/www.silutesnaujienos.lt\\\/lt\"],\"url\":\"https:\\\/\\\/www.silutesnaujienos.lt\\\/lt\\\/author\\\/ruta\\\/\"}]}<\/script>\n<!-- \/ Yoast SEO plugin. -->","yoast_head_json":{"title":"Alicija Rugyt\u0117 - visur, kur lietuvi\u0161kas reikalas \u0161aukia - \u0160ilut\u0117s naujienos","robots":{"index":"index","follow":"follow","max-snippet":"max-snippet:-1","max-image-preview":"max-image-preview:large","max-video-preview":"max-video-preview:-1"},"canonical":"https:\/\/www.silutesnaujienos.lt\/lt\/alicija-rugyte-visur-kur-lietuviskas-reikalas-saukia\/","og_locale":"lt_LT","og_type":"article","og_title":"Alicija Rugyt\u0117 - visur, kur lietuvi\u0161kas reikalas \u0161aukia - \u0160ilut\u0117s naujienos","og_description":"Pra\u0117jusi\u0105 savait\u0119 min\u0117jome 110-\u0105sias Alicijos Rugyt\u0117s (R\u016bgyt\u0117s) gimimo metines. Visagalis Laikas, kurio sprendimai nenusp\u0117jami, per 83 gyvenimo metus rikiav\u0119s jos darbus ir veikl\u0105, \u0161iandien leid\u017eia pasid\u017eiaugti ir visa tai \u012fvertinti. Tai proga prisiminti \u0161ios vienos i\u0161kiliausi\u0173 \u0160v\u0117k\u0161nos ir visos Lietuvos visuomen\u0117s ir kult\u016bros veik\u0117jos, pedagog\u0117s, istorik\u0117s para\u0161ytus veikalus ir straipsnius. Intelektual\u0119, surinkusi\u0105 med\u017eiag\u0105 apie ma\u017eo [&hellip;]","og_url":"https:\/\/www.silutesnaujienos.lt\/lt\/alicija-rugyte-visur-kur-lietuviskas-reikalas-saukia\/","og_site_name":"\u0160ilut\u0117s naujienos","article_publisher":"https:\/\/www.facebook.com\/silutes.naujienos\/","article_published_time":"2012-12-25T11:00:00+00:00","og_image":[{"url":"\/\/silutesnaujienos.lt\/images\/stories\/2012\/12\/21\/thumbnails\/thumb_Alicija_Rugyte_1926-o4_copy.jpg","type":"","width":"","height":""}],"author":"\u0160ilut\u0117s naujien\u0173 inf.","twitter_card":"summary_large_image","twitter_misc":{"Written by":"\u0160ilut\u0117s naujien\u0173 inf.","Est. reading time":"7 minut\u0117s"},"schema":{"@context":"https:\/\/schema.org","@graph":[{"@type":"Article","@id":"https:\/\/www.silutesnaujienos.lt\/lt\/alicija-rugyte-visur-kur-lietuviskas-reikalas-saukia\/#article","isPartOf":{"@id":"https:\/\/www.silutesnaujienos.lt\/lt\/alicija-rugyte-visur-kur-lietuviskas-reikalas-saukia\/"},"author":{"name":"\u0160ilut\u0117s naujien\u0173 inf.","@id":"https:\/\/www.silutesnaujienos.lt\/lt\/#\/schema\/person\/232f475ddd4a7b5f49b3abc788b17e83"},"headline":"Alicija Rugyt\u0117 &#8211; visur, kur lietuvi\u0161kas reikalas \u0161aukia","datePublished":"2012-12-25T11:00:00+00:00","mainEntityOfPage":{"@id":"https:\/\/www.silutesnaujienos.lt\/lt\/alicija-rugyte-visur-kur-lietuviskas-reikalas-saukia\/"},"wordCount":1366,"commentCount":0,"publisher":{"@id":"https:\/\/www.silutesnaujienos.lt\/lt\/#organization"},"articleSection":["Kult\u016bra ir \u0161vietimas"],"inLanguage":"lt-LT","potentialAction":[{"@type":"CommentAction","name":"Comment","target":["https:\/\/www.silutesnaujienos.lt\/lt\/alicija-rugyte-visur-kur-lietuviskas-reikalas-saukia\/#respond"]}]},{"@type":"WebPage","@id":"https:\/\/www.silutesnaujienos.lt\/lt\/alicija-rugyte-visur-kur-lietuviskas-reikalas-saukia\/","url":"https:\/\/www.silutesnaujienos.lt\/lt\/alicija-rugyte-visur-kur-lietuviskas-reikalas-saukia\/","name":"Alicija Rugyt\u0117 - visur, kur lietuvi\u0161kas reikalas \u0161aukia - \u0160ilut\u0117s naujienos","isPartOf":{"@id":"https:\/\/www.silutesnaujienos.lt\/lt\/#website"},"datePublished":"2012-12-25T11:00:00+00:00","breadcrumb":{"@id":"https:\/\/www.silutesnaujienos.lt\/lt\/alicija-rugyte-visur-kur-lietuviskas-reikalas-saukia\/#breadcrumb"},"inLanguage":"lt-LT","potentialAction":[{"@type":"ReadAction","target":["https:\/\/www.silutesnaujienos.lt\/lt\/alicija-rugyte-visur-kur-lietuviskas-reikalas-saukia\/"]}]},{"@type":"BreadcrumbList","@id":"https:\/\/www.silutesnaujienos.lt\/lt\/alicija-rugyte-visur-kur-lietuviskas-reikalas-saukia\/#breadcrumb","itemListElement":[{"@type":"ListItem","position":1,"name":"Home","item":"https:\/\/www.silutesnaujienos.lt\/lt\/"},{"@type":"ListItem","position":2,"name":"Alicija Rugyt\u0117 &#8211; visur, kur lietuvi\u0161kas reikalas \u0161aukia"}]},{"@type":"WebSite","@id":"https:\/\/www.silutesnaujienos.lt\/lt\/#website","url":"https:\/\/www.silutesnaujienos.lt\/lt\/","name":"\u0160ilut\u0117s naujienos","description":"B\u016bk ant naujien\u0173 bangos!","publisher":{"@id":"https:\/\/www.silutesnaujienos.lt\/lt\/#organization"},"potentialAction":[{"@type":"SearchAction","target":{"@type":"EntryPoint","urlTemplate":"https:\/\/www.silutesnaujienos.lt\/lt\/?s={search_term_string}"},"query-input":{"@type":"PropertyValueSpecification","valueRequired":true,"valueName":"search_term_string"}}],"inLanguage":"lt-LT"},{"@type":"Organization","@id":"https:\/\/www.silutesnaujienos.lt\/lt\/#organization","name":"\u0160ilut\u0117s naujienos","url":"https:\/\/www.silutesnaujienos.lt\/lt\/","logo":{"@type":"ImageObject","inLanguage":"lt-LT","@id":"https:\/\/www.silutesnaujienos.lt\/lt\/#\/schema\/logo\/image\/","url":"https:\/\/www.silutesnaujienos.lt\/lt\/wp-content\/uploads\/2020\/06\/FB_MAIN.jpg","contentUrl":"https:\/\/www.silutesnaujienos.lt\/lt\/wp-content\/uploads\/2020\/06\/FB_MAIN.jpg","width":1700,"height":956,"caption":"\u0160ilut\u0117s naujienos"},"image":{"@id":"https:\/\/www.silutesnaujienos.lt\/lt\/#\/schema\/logo\/image\/"},"sameAs":["https:\/\/www.facebook.com\/silutes.naujienos\/","https:\/\/www.youtube.com\/channel\/UCxW-cgrJDt8GxIMxSTAfJZg"]},{"@type":"Person","@id":"https:\/\/www.silutesnaujienos.lt\/lt\/#\/schema\/person\/232f475ddd4a7b5f49b3abc788b17e83","name":"\u0160ilut\u0117s naujien\u0173 inf.","image":{"@type":"ImageObject","inLanguage":"lt-LT","@id":"https:\/\/www.silutesnaujienos.lt\/lt\/wp-content\/uploads\/2020\/06\/favicon.png","url":"https:\/\/www.silutesnaujienos.lt\/lt\/wp-content\/uploads\/2020\/06\/favicon.png","contentUrl":"https:\/\/www.silutesnaujienos.lt\/lt\/wp-content\/uploads\/2020\/06\/favicon.png","caption":"\u0160ilut\u0117s naujien\u0173 inf."},"sameAs":["https:\/\/www.silutesnaujienos.lt\/lt"],"url":"https:\/\/www.silutesnaujienos.lt\/lt\/author\/ruta\/"}]}},"publishpress_future_workflow_manual_trigger":{"enabledWorkflows":[]},"amp_enabled":true,"_links":{"self":[{"href":"https:\/\/www.silutesnaujienos.lt\/lt\/wp-json\/wp\/v2\/posts\/15037","targetHints":{"allow":["GET"]}}],"collection":[{"href":"https:\/\/www.silutesnaujienos.lt\/lt\/wp-json\/wp\/v2\/posts"}],"about":[{"href":"https:\/\/www.silutesnaujienos.lt\/lt\/wp-json\/wp\/v2\/types\/post"}],"author":[{"embeddable":true,"href":"https:\/\/www.silutesnaujienos.lt\/lt\/wp-json\/wp\/v2\/users\/1"}],"replies":[{"embeddable":true,"href":"https:\/\/www.silutesnaujienos.lt\/lt\/wp-json\/wp\/v2\/comments?post=15037"}],"version-history":[{"count":0,"href":"https:\/\/www.silutesnaujienos.lt\/lt\/wp-json\/wp\/v2\/posts\/15037\/revisions"}],"wp:attachment":[{"href":"https:\/\/www.silutesnaujienos.lt\/lt\/wp-json\/wp\/v2\/media?parent=15037"}],"wp:term":[{"taxonomy":"category","embeddable":true,"href":"https:\/\/www.silutesnaujienos.lt\/lt\/wp-json\/wp\/v2\/categories?post=15037"},{"taxonomy":"post_tag","embeddable":true,"href":"https:\/\/www.silutesnaujienos.lt\/lt\/wp-json\/wp\/v2\/tags?post=15037"}],"curies":[{"name":"wp","href":"https:\/\/api.w.org\/{rel}","templated":true}]}}