{"id":15040,"date":"2013-01-08T18:00:00","date_gmt":"2013-01-08T20:00:00","guid":{"rendered":"https:\/\/www.silutesnaujienos.lt\/lt\/lietuva-mines-mazajai-lietuvai-reiksminga-ivyki\/"},"modified":"2013-01-08T18:00:00","modified_gmt":"2013-01-08T20:00:00","slug":"lietuva-mines-mazajai-lietuvai-reiksminga-ivyki","status":"publish","type":"post","link":"https:\/\/www.silutesnaujienos.lt\/lt\/lietuva-mines-mazajai-lietuvai-reiksminga-ivyki\/","title":{"rendered":"Lietuva min\u0117s Ma\u017eajai Lietuvai reik\u0161ming\u0105 \u012fvyk\u012f"},"content":{"rendered":"<p><a target=\"_blank\" rel=\"caption[Did\u017eiosios ir Ma\u017eosios Lietuvos susijungimo metin\u0117s \u0160ilut\u0117je kasmet minimos prie 1923 met\u0173 sukilimo atminimo \u017eenklo.] noopener noreferrer\" class=\"jcepopup\" href=\"\/\/silutesnaujienos.lt\/images\/stories\/2013\/01\/08\/mazosios_lietuvos.jpg\" data-rel=\"lightbox-gallery-3q0kzUHr\" data-rl_title=\"\" data-rl_caption=\"\"><img loading=\"lazy\" decoding=\"async\" style=\"margin: 5px; float: left;\" class=\"caption\" title=\"\" alt=\"mazosios lietuvos\" src=\"\/\/silutesnaujienos.lt\/images\/stories\/2013\/01\/08\/thumbnails\/thumb_mazosios_lietuvos.jpg\" height=\"230\" width=\"307\" \/><\/a><strong>\u0160ie metai Lietuvos istorijon \u012fsira\u0161ys ne tik kaip Stepono Dariaus ir Stasio Gir\u0117no skryd\u017eio per Atlant\u0105, sveikatingumo, tarmi\u0173, 1863 met\u0173 sukilimo, edukolog\u0117s Meil\u0117s Luk\u0161ien\u0117s, ta\u010diau ir Klaip\u0117dos kra\u0161to atgavimo pamin\u0117jimo metai.<\/strong><\/p>\n<p><strong>Sausio 15 d. bus minimos 90-osios Klaip\u0117dos kra\u0161to atgavimo metin\u0117s, turin\u010dios ypating\u0105 reik\u0161m\u0119 valstybei, kai 1923 metais lietuvi\u0173 sukil\u0117liai u\u017e\u0117m\u0117 Klaip\u0117d\u0105 ir ji buvo \u201ede facto\u201c prijungta prie Lietuvos Respublikos.<\/strong><\/p>\n<p>Kalb\u0117dama apie svarbi\u0105 visai Lietuvai dat\u0105, \u0160ilut\u0117s r. savivaldyb\u0117s Kult\u016bros skyriaus ved\u0117ja Vilma Gri\u0161kevi\u010dien\u0117 vis tik pabr\u0117\u017eia, kad reik\u0117t\u0173 kalb\u0117ti ne apie vieno kra\u0161to prijungim\u0105 prie kito, ta\u010diau apie Did\u017eiosios ir Ma\u017eosios Lietuv\u0173 susijungim\u0105.<\/p>\n<p>J\u012f pamin\u0117ti m\u016bs\u0173 savivaldyb\u0117 planuoja galybe rengini\u0173, \u012fvyksian\u010di\u0173 vos per kelias dienas. Ta\u010diau tai &#8211; tik prad\u017eia. Jau parengtas ir visus metus apimantis rengini\u0173 ciklas. Tokius planus rengia ir kitos Klaip\u0117dos regionui priklausan\u010dios savivaldyb\u0117s.<\/p>\n<p><strong>Suplev\u0117suos istorin\u0117 v\u0117liava<\/strong><\/p>\n<p>Planai 2013-aisiais i\u0161skirtiniais renginiais pamin\u0117ti Klaip\u0117dos kra\u0161to atgavimo 90-\u0105sias metines gim\u0117 \u0161iluti\u0161ki\u0173 galvose. Dalyvaudama lapkri\u010dio m\u0117nes\u012f vykusiame Klaip\u0117dos regiono pl\u0117tros tarybos pos\u0117dyje, rajono mer\u0117 Daiva \u017debelien\u0117 pakviet\u0117 Klaip\u0117dos regiono savivaldybes suvienyti j\u0117gas ir i\u0161skirtinai pa\u017eym\u0117ti prasming\u0105 visai Lietuvai dat\u0105, kuri valstybiniu po\u017ei\u016briu liko be didesnio d\u0117mesio.<\/p>\n<p>\u0160ilut\u0117s r. savivaldyb\u0117je buvo sudaryta speciali vicemero \u0160ar\u016bno Lau\u017eiko vadovaujama darbo grup\u0117, kuri pareng\u0117 kelias dienas truksian\u010di\u0105 \u012fvairi\u0173 rengini\u0173 program\u0105.<\/p>\n<p>Sausio 15 d. \u0161iluti\u0161kiai pasi\u016bl\u0117 visoms Klaip\u0117dos kra\u0161to savivaldyb\u0117ms vienu metu &#8211; 12 valand\u0105 &#8211; i\u0161kelti istorin\u0119 Ma\u017eosios Lietuvos v\u0117liav\u0105. \u201e\u0160ilut\u0117je ceremonija vyks prie Savivaldyb\u0117s, greta paminklinio \u017eenklo, skirto 1923 m. sausio \u012fvykiams pamin\u0117ti. \u0160i atminimo sienel\u0117 su Deklaracijos d\u0117l Klaip\u0117dos prijungimo tekstu&nbsp; atsirado prie\u0161 10 met\u0173 \u0161viesaus atminimo \u0161iluti\u0161kio Juliaus Bal\u010diausko d\u0117ka\u201c, &#8211; pasakojo V.Gri\u0161kevi\u010dien\u0117.<\/p>\n<p>Kult\u016bros skyriaus ved\u0117ja primin\u0117, kad Ma\u017eosios Lietuvos v\u0117liavos \u017emon\u0117s niekur nusipirkti negaus, ta\u010diau norintys tur\u0117ti \u0161\u012f kra\u0161to simbol\u012f j\u012f gali pasisi\u016bti patys: \u0160ilut\u0117s muziejaus internetiniame tinklalapyje galima rasti informacij\u0105 apie v\u0117liavos matmenis ir spalvas.<\/p>\n<p>T\u0105 pa\u010di\u0105 dien\u0105 gra\u017ei\u0105 akcij\u0105 Juknai\u010diuose, Rusn\u0117je ir Us\u0117nuose Rusn\u0117s Salos etnokult\u016bros centro iniciatyva vykdys \u0161i\u0173 gyvenvie\u010di\u0173 seni\u016bnijos bei mokyklos. Vien\u0105 valand\u0105 autobus\u0173 stotel\u0117se bus dalijami knyg\u0173 skirtukai &#8211; skrajut\u0117s, su istorine informacija apie 1923 m. sausio \u012fvykius.<\/p>\n<p>Prie istorini\u0173 \u017eini\u0173 gilinimo prisid\u0117s F.Bajorai\u010dio vie\u0161ojoje bibliotekoje 13 val. organizuojamas \u201eProt\u0173 kov\u0173\u201c turnyras. Jame, pirminiais duomenimis, dalyvaus Klaip\u0117dos kra\u0161tui istori\u0161kai priklausiusi\u0173 \u0161e\u0161i\u0173 savivaldybi\u0173 komandos, kuri\u0173 nariai atsakin\u0117s \u012f istorinius klausimus.<\/p>\n<p>Bibliotekoje taip pat vyks netradicin\u0117 istorijos pamoka, \u012f kuri\u0105 tikimasi sukviesti b\u016br\u012f jaun\u0173 \u0161iluti\u0161ki\u0173. Jaunimui bus pristatyta ir kartu aptarta vaizdin\u0117 med\u017eiaga \u201eKlaip\u0117dos kra\u0161to prijungimas prie Lietuvos\u201c. Bibliotekos pastog\u0117l\u0117je bus atidaryta tarptautinio akvarel\u0117s plenero \u201eKlaip\u0117dos skulpt\u016br\u0173 parko pasakojimai\u201c paroda.<\/p>\n<p>Katyti\u0161kius \u012f bibliotek\u0105 sukvies muzikin\u0117 istorijos pamoka \u201eKlaip\u0117dos kra\u0161to \u012fvykiai 1923 metais\u201c. \u0160ilut\u0117s muziejuje saugom\u0105 fotografij\u0173 parod\u0105 apie 1923 m. pristatys Kult\u016bros ir pramog\u0173 centras.<\/p>\n<p>Vakare, 17.30 val. \u0160ilut\u0117s kult\u016bros ir pramog\u0173 centre, vyks svarbiausias dienos renginys &#8211; jubiliejinis koncertas, pavadintas taip, kaip ir visa rengini\u0173 ciklo programa, &#8211; \u201eViena gimin\u0117, viena kalba, viena \u017eem\u0117&#8230;\u201c.&nbsp; Siekiant pamin\u0117ti dar vien\u0105 svarb\u0173 \u012fvyk\u012f &#8211; tarmi\u0173 met\u0173 prad\u017ei\u0105 Ma\u017eosios Lietuvos etnografiniame regione, \u0161is jubiliejinis koncertas bus vedamas lietuvinink\u0173 tarme.<\/p>\n<p>Jubiliejin\u0119 dat\u0105 vainikuos 5 Lietuvos regionus simbolizuojan\u010di\u0173 penki\u0173 orkestr\u0173 koncertas. Dalyvaus Stasio \u0160imkaus konservatorijos, Palangos savivaldyb\u0117s, Panev\u0117\u017eio ir Taurag\u0117s rajon\u0173 orkestrai, \u0160ilut\u0117s meno mokyklos orkestras \u201ePamarys\u201c, kolektyvai \u201eMing\u0117\u201c, \u201eVartana\u201c ir \u201eVaivora\u201c. Koncerto metu nuskamb\u0117s Jurgio Zauerveino k\u016brinys \u201eLietuviais esame mes gim\u0119\u201c, kur\u012f atliks visi orkestrai. K\u016brinio aran\u017euot\u0119 patik\u0117ta kurti kra\u0161tie\u010diui Stasiui Daug\u0117lai.<\/p>\n<p><strong>Pakvies \u012f diskusij\u0105<\/strong><\/p>\n<p>Nema\u017eai rengini\u0173 vyks ir sausio 16-18 dienomis. Vienas \u012fdomesni\u0173 &#8211; apskritojo stalo diskusija \u201eXX a. Klaip\u0117dos kra\u0161to tarpukario istorija: vertinimai, kontraversijos ir \u012f\u017evalgos\u201c. Diskusij\u0173 centre atsidurs 1938 m. i\u0161leistas Jono Vanagai\u010dio almanachas \u201eKov\u0173 keliais\u201c, o istorikai Silva Pocyt\u0117 ir Vygantas Vareikis pristatys dvi skirtingas tarp istorik\u0173 vyraujan\u010dias nuomones apie 1923 m. sausio sukilim\u0105: vieni teigia, kad jokio sukilimo net nebuvo, kiti palaiko labiau paplitusi\u0105 nuomon\u0119.<\/p>\n<p>Kiekvieno rajono kampelio gyventojams bus sudaryta galimyb\u0117 i\u0161girsti i\u0161traukas i\u0161 min\u0117to almanacho: sausio 17 d. 16 val. kiekviename \u0160ilut\u0117s bibliotekos filiale vyks almanacho \u201eKovos keliais\u201c tekst\u0173 skaitymas.<\/p>\n<p>\u012e rengin\u012f sausio 18&nbsp; d. pakvies ir Kint\u0173 Vyd\u016bno kult\u016bros centras bei \u0160ilut\u0117s 8-osios \u0161auli\u0173 kuopos jaunieji \u0161auliai. Jie ne tik patys dalyvaus naktiniame \u017eygyje \u012f Klaip\u0117d\u0105, bet sausio 12 d. \u0160ilut\u0117je surengs orientacines var\u017eybas, kuriose gal\u0117s dalyvauti visi norintieji.<\/p>\n<p><strong>Tikimasi valstyb\u0117s finansavimo<\/strong><\/p>\n<p>\u0160ie renginiai &#8211; tik dalis visiems metams numatyto did\u017eiojo metinio rengini\u0173 plano. Seimo vicepirmininkui K.Komskiui sukvietus \u012f pasitarim\u0105 Klaip\u0117dos kra\u0161to savivaldybi\u0173 atstovus, paai\u0161k\u0117jo, kad br\u0119sta noras Klaip\u0117dos kra\u0161to atgavimo dat\u0105 min\u0117ti visus metus. Seimas id\u0117j\u0105 palaik\u0117 ir 2013-uosius metus paskelb\u0117&nbsp; Klaip\u0117dos kra\u0161to atgavimo pamin\u0117jimo metais.<\/p>\n<p>Vyriausybei buvo pasi\u016blyta, bendradarbiaujant su Klaip\u0117dos kra\u0161to savivaldyb\u0117mis, sudaryti Klaip\u0117dos kra\u0161to atgavimo 90-\u0173j\u0173 metini\u0173 min\u0117jimo komisij\u0105 ir jai pavesti parengti ir \u012fgyvendinti metini\u0173 min\u0117jimo program\u0105 bei numatyti finansavim\u0105 metini\u0173 min\u0117jimo programai rengti ir \u012fgyvendinti.<\/p>\n<p>\u201eGer\u0173 id\u0117j\u0173 turime daug. Jei gautume finansavim\u0105, b\u016bt\u0173 suorganizuota nema\u017eai \u012fvairi\u0173 parod\u0173, muzikini\u0173 rengini\u0173, baigiam\u0173j\u0173 konferencij\u0173 ir pana\u0161iai. Visai programai \u0160ilut\u0117s rajone \u012fgyvendinti i\u0161 Vyriausyb\u0117s reik\u0117t\u0173 kiek daugiau nei 158 t\u016bkst. lit\u0173\u201c, &#8211; sak\u0117 V.Gri\u0161kevi\u010dien\u0117.<\/p>\n<p>Finansavimo savo parengtoms metin\u0117ms programoms tikisi ir kitos Klaip\u0117dos kra\u0161to savivaldyb\u0117s. \u012etikinti politikus sumanymo nauda bandys Klaip\u0117dos miesto savivaldyb\u0117, sausio 14 d. Seime atidarysianti temin\u0119 parod\u0105.<\/p>\n<p>Renginyje pakviesti dalyvauti ir \u0161iluti\u0161kiai. \u201ePasinaudosime proga lietuvinink\u0173 tarmei suskamb\u0117ti, be to, esame paruo\u0161\u0119 ir teatralizuot\u0105 parodos atidarym\u0105, kurio metu mums pad\u0117s \u0160ilut\u0117s kamerinio dramos teatro aktoriai su \u012fsp\u016bdingais, \u0161iluti\u0161kiams jau ne kart\u0105 matytais laivais.&nbsp; Jie \u012f Seim\u0105 \u201e\u012fplukdys\u201c dvi &#8211; Lietuvos respublikos ir Ma\u017eosios Lietuvos v\u0117liavas.\u201c &#8211; planais dalijosi Kult\u016bros skyriaus ved\u0117ja.<\/p>\n<p><img decoding=\"async\" style=\"margin: 5px; vertical-align: middle;\" src=\"\/\/silutesnaujienos.lt\/images\/stories\/LOGO\/spaudos_remimo_fondas.JPG\" \/>&nbsp;<strong>Projektas: &#8222;Kult\u016bros uostas: Istorija.&#8221;<\/strong><\/p>\n","protected":false},"excerpt":{"rendered":"<p>\u0160ie metai Lietuvos istorijon \u012fsira\u0161ys ne tik kaip Stepono Dariaus ir Stasio Gir\u0117no skryd\u017eio per Atlant\u0105, sveikatingumo, tarmi\u0173, 1863 met\u0173 sukilimo, edukolog\u0117s Meil\u0117s Luk\u0161ien\u0117s, ta\u010diau ir Klaip\u0117dos kra\u0161to atgavimo pamin\u0117jimo metai. Sausio 15 d. bus minimos 90-osios Klaip\u0117dos kra\u0161to atgavimo metin\u0117s, turin\u010dios ypating\u0105 reik\u0161m\u0119 valstybei, kai 1923 metais lietuvi\u0173 sukil\u0117liai u\u017e\u0117m\u0117 Klaip\u0117d\u0105 ir ji buvo [&hellip;]<\/p>\n","protected":false},"author":1,"featured_media":0,"comment_status":"open","ping_status":"open","sticky":false,"template":"","format":"standard","meta":{"footnotes":""},"categories":[51],"tags":[],"class_list":{"0":"post-15040","1":"post","2":"type-post","3":"status-publish","4":"format-standard","6":"category-kultura-ir-svietimas"},"yoast_head":"<!-- This site is optimized with the Yoast SEO plugin v27.5 - https:\/\/yoast.com\/product\/yoast-seo-wordpress\/ -->\n<title>Lietuva min\u0117s Ma\u017eajai Lietuvai reik\u0161ming\u0105 \u012fvyk\u012f - \u0160ilut\u0117s naujienos<\/title>\n<meta name=\"robots\" content=\"index, follow, max-snippet:-1, max-image-preview:large, max-video-preview:-1\" \/>\n<link rel=\"canonical\" href=\"https:\/\/www.silutesnaujienos.lt\/lt\/lietuva-mines-mazajai-lietuvai-reiksminga-ivyki\/\" \/>\n<meta property=\"og:locale\" content=\"lt_LT\" \/>\n<meta property=\"og:type\" content=\"article\" \/>\n<meta property=\"og:title\" content=\"Lietuva min\u0117s Ma\u017eajai Lietuvai reik\u0161ming\u0105 \u012fvyk\u012f - \u0160ilut\u0117s naujienos\" \/>\n<meta property=\"og:description\" content=\"\u0160ie metai Lietuvos istorijon \u012fsira\u0161ys ne tik kaip Stepono Dariaus ir Stasio Gir\u0117no skryd\u017eio per Atlant\u0105, sveikatingumo, tarmi\u0173, 1863 met\u0173 sukilimo, edukolog\u0117s Meil\u0117s Luk\u0161ien\u0117s, ta\u010diau ir Klaip\u0117dos kra\u0161to atgavimo pamin\u0117jimo metai. Sausio 15 d. bus minimos 90-osios Klaip\u0117dos kra\u0161to atgavimo metin\u0117s, turin\u010dios ypating\u0105 reik\u0161m\u0119 valstybei, kai 1923 metais lietuvi\u0173 sukil\u0117liai u\u017e\u0117m\u0117 Klaip\u0117d\u0105 ir ji buvo [&hellip;]\" \/>\n<meta property=\"og:url\" content=\"https:\/\/www.silutesnaujienos.lt\/lt\/lietuva-mines-mazajai-lietuvai-reiksminga-ivyki\/\" \/>\n<meta property=\"og:site_name\" content=\"\u0160ilut\u0117s naujienos\" \/>\n<meta property=\"article:publisher\" content=\"https:\/\/www.facebook.com\/silutes.naujienos\/\" \/>\n<meta property=\"article:published_time\" content=\"2013-01-08T20:00:00+00:00\" \/>\n<meta property=\"og:image\" content=\"\/\/silutesnaujienos.lt\/images\/stories\/2013\/01\/08\/thumbnails\/thumb_mazosios_lietuvos.jpg\" \/>\n<meta name=\"author\" content=\"\u0160ilut\u0117s naujien\u0173 inf.\" \/>\n<meta name=\"twitter:card\" content=\"summary_large_image\" \/>\n<meta name=\"twitter:label1\" content=\"Written by\" \/>\n\t<meta name=\"twitter:data1\" content=\"\u0160ilut\u0117s naujien\u0173 inf.\" \/>\n\t<meta name=\"twitter:label2\" content=\"Est. reading time\" \/>\n\t<meta name=\"twitter:data2\" content=\"5 minut\u0117s\" \/>\n<script type=\"application\/ld+json\" class=\"yoast-schema-graph\">{\"@context\":\"https:\\\/\\\/schema.org\",\"@graph\":[{\"@type\":\"Article\",\"@id\":\"https:\\\/\\\/www.silutesnaujienos.lt\\\/lt\\\/lietuva-mines-mazajai-lietuvai-reiksminga-ivyki\\\/#article\",\"isPartOf\":{\"@id\":\"https:\\\/\\\/www.silutesnaujienos.lt\\\/lt\\\/lietuva-mines-mazajai-lietuvai-reiksminga-ivyki\\\/\"},\"author\":{\"name\":\"\u0160ilut\u0117s naujien\u0173 inf.\",\"@id\":\"https:\\\/\\\/www.silutesnaujienos.lt\\\/lt\\\/#\\\/schema\\\/person\\\/232f475ddd4a7b5f49b3abc788b17e83\"},\"headline\":\"Lietuva min\u0117s Ma\u017eajai Lietuvai reik\u0161ming\u0105 \u012fvyk\u012f\",\"datePublished\":\"2013-01-08T20:00:00+00:00\",\"mainEntityOfPage\":{\"@id\":\"https:\\\/\\\/www.silutesnaujienos.lt\\\/lt\\\/lietuva-mines-mazajai-lietuvai-reiksminga-ivyki\\\/\"},\"wordCount\":1064,\"commentCount\":0,\"publisher\":{\"@id\":\"https:\\\/\\\/www.silutesnaujienos.lt\\\/lt\\\/#organization\"},\"articleSection\":[\"Kult\u016bra ir \u0161vietimas\"],\"inLanguage\":\"lt-LT\",\"potentialAction\":[{\"@type\":\"CommentAction\",\"name\":\"Comment\",\"target\":[\"https:\\\/\\\/www.silutesnaujienos.lt\\\/lt\\\/lietuva-mines-mazajai-lietuvai-reiksminga-ivyki\\\/#respond\"]}]},{\"@type\":\"WebPage\",\"@id\":\"https:\\\/\\\/www.silutesnaujienos.lt\\\/lt\\\/lietuva-mines-mazajai-lietuvai-reiksminga-ivyki\\\/\",\"url\":\"https:\\\/\\\/www.silutesnaujienos.lt\\\/lt\\\/lietuva-mines-mazajai-lietuvai-reiksminga-ivyki\\\/\",\"name\":\"Lietuva min\u0117s Ma\u017eajai Lietuvai reik\u0161ming\u0105 \u012fvyk\u012f - \u0160ilut\u0117s naujienos\",\"isPartOf\":{\"@id\":\"https:\\\/\\\/www.silutesnaujienos.lt\\\/lt\\\/#website\"},\"datePublished\":\"2013-01-08T20:00:00+00:00\",\"breadcrumb\":{\"@id\":\"https:\\\/\\\/www.silutesnaujienos.lt\\\/lt\\\/lietuva-mines-mazajai-lietuvai-reiksminga-ivyki\\\/#breadcrumb\"},\"inLanguage\":\"lt-LT\",\"potentialAction\":[{\"@type\":\"ReadAction\",\"target\":[\"https:\\\/\\\/www.silutesnaujienos.lt\\\/lt\\\/lietuva-mines-mazajai-lietuvai-reiksminga-ivyki\\\/\"]}]},{\"@type\":\"BreadcrumbList\",\"@id\":\"https:\\\/\\\/www.silutesnaujienos.lt\\\/lt\\\/lietuva-mines-mazajai-lietuvai-reiksminga-ivyki\\\/#breadcrumb\",\"itemListElement\":[{\"@type\":\"ListItem\",\"position\":1,\"name\":\"Home\",\"item\":\"https:\\\/\\\/www.silutesnaujienos.lt\\\/lt\\\/\"},{\"@type\":\"ListItem\",\"position\":2,\"name\":\"Lietuva min\u0117s Ma\u017eajai Lietuvai reik\u0161ming\u0105 \u012fvyk\u012f\"}]},{\"@type\":\"WebSite\",\"@id\":\"https:\\\/\\\/www.silutesnaujienos.lt\\\/lt\\\/#website\",\"url\":\"https:\\\/\\\/www.silutesnaujienos.lt\\\/lt\\\/\",\"name\":\"\u0160ilut\u0117s naujienos\",\"description\":\"B\u016bk ant naujien\u0173 bangos!\",\"publisher\":{\"@id\":\"https:\\\/\\\/www.silutesnaujienos.lt\\\/lt\\\/#organization\"},\"potentialAction\":[{\"@type\":\"SearchAction\",\"target\":{\"@type\":\"EntryPoint\",\"urlTemplate\":\"https:\\\/\\\/www.silutesnaujienos.lt\\\/lt\\\/?s={search_term_string}\"},\"query-input\":{\"@type\":\"PropertyValueSpecification\",\"valueRequired\":true,\"valueName\":\"search_term_string\"}}],\"inLanguage\":\"lt-LT\"},{\"@type\":\"Organization\",\"@id\":\"https:\\\/\\\/www.silutesnaujienos.lt\\\/lt\\\/#organization\",\"name\":\"\u0160ilut\u0117s naujienos\",\"url\":\"https:\\\/\\\/www.silutesnaujienos.lt\\\/lt\\\/\",\"logo\":{\"@type\":\"ImageObject\",\"inLanguage\":\"lt-LT\",\"@id\":\"https:\\\/\\\/www.silutesnaujienos.lt\\\/lt\\\/#\\\/schema\\\/logo\\\/image\\\/\",\"url\":\"https:\\\/\\\/www.silutesnaujienos.lt\\\/lt\\\/wp-content\\\/uploads\\\/2020\\\/06\\\/FB_MAIN.jpg\",\"contentUrl\":\"https:\\\/\\\/www.silutesnaujienos.lt\\\/lt\\\/wp-content\\\/uploads\\\/2020\\\/06\\\/FB_MAIN.jpg\",\"width\":1700,\"height\":956,\"caption\":\"\u0160ilut\u0117s naujienos\"},\"image\":{\"@id\":\"https:\\\/\\\/www.silutesnaujienos.lt\\\/lt\\\/#\\\/schema\\\/logo\\\/image\\\/\"},\"sameAs\":[\"https:\\\/\\\/www.facebook.com\\\/silutes.naujienos\\\/\",\"https:\\\/\\\/www.youtube.com\\\/channel\\\/UCxW-cgrJDt8GxIMxSTAfJZg\"]},{\"@type\":\"Person\",\"@id\":\"https:\\\/\\\/www.silutesnaujienos.lt\\\/lt\\\/#\\\/schema\\\/person\\\/232f475ddd4a7b5f49b3abc788b17e83\",\"name\":\"\u0160ilut\u0117s naujien\u0173 inf.\",\"image\":{\"@type\":\"ImageObject\",\"inLanguage\":\"lt-LT\",\"@id\":\"https:\\\/\\\/www.silutesnaujienos.lt\\\/lt\\\/wp-content\\\/uploads\\\/2020\\\/06\\\/favicon.png\",\"url\":\"https:\\\/\\\/www.silutesnaujienos.lt\\\/lt\\\/wp-content\\\/uploads\\\/2020\\\/06\\\/favicon.png\",\"contentUrl\":\"https:\\\/\\\/www.silutesnaujienos.lt\\\/lt\\\/wp-content\\\/uploads\\\/2020\\\/06\\\/favicon.png\",\"caption\":\"\u0160ilut\u0117s naujien\u0173 inf.\"},\"sameAs\":[\"https:\\\/\\\/www.silutesnaujienos.lt\\\/lt\"],\"url\":\"https:\\\/\\\/www.silutesnaujienos.lt\\\/lt\\\/author\\\/ruta\\\/\"}]}<\/script>\n<!-- \/ Yoast SEO plugin. -->","yoast_head_json":{"title":"Lietuva min\u0117s Ma\u017eajai Lietuvai reik\u0161ming\u0105 \u012fvyk\u012f - \u0160ilut\u0117s naujienos","robots":{"index":"index","follow":"follow","max-snippet":"max-snippet:-1","max-image-preview":"max-image-preview:large","max-video-preview":"max-video-preview:-1"},"canonical":"https:\/\/www.silutesnaujienos.lt\/lt\/lietuva-mines-mazajai-lietuvai-reiksminga-ivyki\/","og_locale":"lt_LT","og_type":"article","og_title":"Lietuva min\u0117s Ma\u017eajai Lietuvai reik\u0161ming\u0105 \u012fvyk\u012f - \u0160ilut\u0117s naujienos","og_description":"\u0160ie metai Lietuvos istorijon \u012fsira\u0161ys ne tik kaip Stepono Dariaus ir Stasio Gir\u0117no skryd\u017eio per Atlant\u0105, sveikatingumo, tarmi\u0173, 1863 met\u0173 sukilimo, edukolog\u0117s Meil\u0117s Luk\u0161ien\u0117s, ta\u010diau ir Klaip\u0117dos kra\u0161to atgavimo pamin\u0117jimo metai. Sausio 15 d. bus minimos 90-osios Klaip\u0117dos kra\u0161to atgavimo metin\u0117s, turin\u010dios ypating\u0105 reik\u0161m\u0119 valstybei, kai 1923 metais lietuvi\u0173 sukil\u0117liai u\u017e\u0117m\u0117 Klaip\u0117d\u0105 ir ji buvo [&hellip;]","og_url":"https:\/\/www.silutesnaujienos.lt\/lt\/lietuva-mines-mazajai-lietuvai-reiksminga-ivyki\/","og_site_name":"\u0160ilut\u0117s naujienos","article_publisher":"https:\/\/www.facebook.com\/silutes.naujienos\/","article_published_time":"2013-01-08T20:00:00+00:00","og_image":[{"url":"\/\/silutesnaujienos.lt\/images\/stories\/2013\/01\/08\/thumbnails\/thumb_mazosios_lietuvos.jpg","type":"","width":"","height":""}],"author":"\u0160ilut\u0117s naujien\u0173 inf.","twitter_card":"summary_large_image","twitter_misc":{"Written by":"\u0160ilut\u0117s naujien\u0173 inf.","Est. reading time":"5 minut\u0117s"},"schema":{"@context":"https:\/\/schema.org","@graph":[{"@type":"Article","@id":"https:\/\/www.silutesnaujienos.lt\/lt\/lietuva-mines-mazajai-lietuvai-reiksminga-ivyki\/#article","isPartOf":{"@id":"https:\/\/www.silutesnaujienos.lt\/lt\/lietuva-mines-mazajai-lietuvai-reiksminga-ivyki\/"},"author":{"name":"\u0160ilut\u0117s naujien\u0173 inf.","@id":"https:\/\/www.silutesnaujienos.lt\/lt\/#\/schema\/person\/232f475ddd4a7b5f49b3abc788b17e83"},"headline":"Lietuva min\u0117s Ma\u017eajai Lietuvai reik\u0161ming\u0105 \u012fvyk\u012f","datePublished":"2013-01-08T20:00:00+00:00","mainEntityOfPage":{"@id":"https:\/\/www.silutesnaujienos.lt\/lt\/lietuva-mines-mazajai-lietuvai-reiksminga-ivyki\/"},"wordCount":1064,"commentCount":0,"publisher":{"@id":"https:\/\/www.silutesnaujienos.lt\/lt\/#organization"},"articleSection":["Kult\u016bra ir \u0161vietimas"],"inLanguage":"lt-LT","potentialAction":[{"@type":"CommentAction","name":"Comment","target":["https:\/\/www.silutesnaujienos.lt\/lt\/lietuva-mines-mazajai-lietuvai-reiksminga-ivyki\/#respond"]}]},{"@type":"WebPage","@id":"https:\/\/www.silutesnaujienos.lt\/lt\/lietuva-mines-mazajai-lietuvai-reiksminga-ivyki\/","url":"https:\/\/www.silutesnaujienos.lt\/lt\/lietuva-mines-mazajai-lietuvai-reiksminga-ivyki\/","name":"Lietuva min\u0117s Ma\u017eajai Lietuvai reik\u0161ming\u0105 \u012fvyk\u012f - \u0160ilut\u0117s naujienos","isPartOf":{"@id":"https:\/\/www.silutesnaujienos.lt\/lt\/#website"},"datePublished":"2013-01-08T20:00:00+00:00","breadcrumb":{"@id":"https:\/\/www.silutesnaujienos.lt\/lt\/lietuva-mines-mazajai-lietuvai-reiksminga-ivyki\/#breadcrumb"},"inLanguage":"lt-LT","potentialAction":[{"@type":"ReadAction","target":["https:\/\/www.silutesnaujienos.lt\/lt\/lietuva-mines-mazajai-lietuvai-reiksminga-ivyki\/"]}]},{"@type":"BreadcrumbList","@id":"https:\/\/www.silutesnaujienos.lt\/lt\/lietuva-mines-mazajai-lietuvai-reiksminga-ivyki\/#breadcrumb","itemListElement":[{"@type":"ListItem","position":1,"name":"Home","item":"https:\/\/www.silutesnaujienos.lt\/lt\/"},{"@type":"ListItem","position":2,"name":"Lietuva min\u0117s Ma\u017eajai Lietuvai reik\u0161ming\u0105 \u012fvyk\u012f"}]},{"@type":"WebSite","@id":"https:\/\/www.silutesnaujienos.lt\/lt\/#website","url":"https:\/\/www.silutesnaujienos.lt\/lt\/","name":"\u0160ilut\u0117s naujienos","description":"B\u016bk ant naujien\u0173 bangos!","publisher":{"@id":"https:\/\/www.silutesnaujienos.lt\/lt\/#organization"},"potentialAction":[{"@type":"SearchAction","target":{"@type":"EntryPoint","urlTemplate":"https:\/\/www.silutesnaujienos.lt\/lt\/?s={search_term_string}"},"query-input":{"@type":"PropertyValueSpecification","valueRequired":true,"valueName":"search_term_string"}}],"inLanguage":"lt-LT"},{"@type":"Organization","@id":"https:\/\/www.silutesnaujienos.lt\/lt\/#organization","name":"\u0160ilut\u0117s naujienos","url":"https:\/\/www.silutesnaujienos.lt\/lt\/","logo":{"@type":"ImageObject","inLanguage":"lt-LT","@id":"https:\/\/www.silutesnaujienos.lt\/lt\/#\/schema\/logo\/image\/","url":"https:\/\/www.silutesnaujienos.lt\/lt\/wp-content\/uploads\/2020\/06\/FB_MAIN.jpg","contentUrl":"https:\/\/www.silutesnaujienos.lt\/lt\/wp-content\/uploads\/2020\/06\/FB_MAIN.jpg","width":1700,"height":956,"caption":"\u0160ilut\u0117s naujienos"},"image":{"@id":"https:\/\/www.silutesnaujienos.lt\/lt\/#\/schema\/logo\/image\/"},"sameAs":["https:\/\/www.facebook.com\/silutes.naujienos\/","https:\/\/www.youtube.com\/channel\/UCxW-cgrJDt8GxIMxSTAfJZg"]},{"@type":"Person","@id":"https:\/\/www.silutesnaujienos.lt\/lt\/#\/schema\/person\/232f475ddd4a7b5f49b3abc788b17e83","name":"\u0160ilut\u0117s naujien\u0173 inf.","image":{"@type":"ImageObject","inLanguage":"lt-LT","@id":"https:\/\/www.silutesnaujienos.lt\/lt\/wp-content\/uploads\/2020\/06\/favicon.png","url":"https:\/\/www.silutesnaujienos.lt\/lt\/wp-content\/uploads\/2020\/06\/favicon.png","contentUrl":"https:\/\/www.silutesnaujienos.lt\/lt\/wp-content\/uploads\/2020\/06\/favicon.png","caption":"\u0160ilut\u0117s naujien\u0173 inf."},"sameAs":["https:\/\/www.silutesnaujienos.lt\/lt"],"url":"https:\/\/www.silutesnaujienos.lt\/lt\/author\/ruta\/"}]}},"publishpress_future_workflow_manual_trigger":{"enabledWorkflows":[]},"amp_enabled":true,"_links":{"self":[{"href":"https:\/\/www.silutesnaujienos.lt\/lt\/wp-json\/wp\/v2\/posts\/15040","targetHints":{"allow":["GET"]}}],"collection":[{"href":"https:\/\/www.silutesnaujienos.lt\/lt\/wp-json\/wp\/v2\/posts"}],"about":[{"href":"https:\/\/www.silutesnaujienos.lt\/lt\/wp-json\/wp\/v2\/types\/post"}],"author":[{"embeddable":true,"href":"https:\/\/www.silutesnaujienos.lt\/lt\/wp-json\/wp\/v2\/users\/1"}],"replies":[{"embeddable":true,"href":"https:\/\/www.silutesnaujienos.lt\/lt\/wp-json\/wp\/v2\/comments?post=15040"}],"version-history":[{"count":0,"href":"https:\/\/www.silutesnaujienos.lt\/lt\/wp-json\/wp\/v2\/posts\/15040\/revisions"}],"wp:attachment":[{"href":"https:\/\/www.silutesnaujienos.lt\/lt\/wp-json\/wp\/v2\/media?parent=15040"}],"wp:term":[{"taxonomy":"category","embeddable":true,"href":"https:\/\/www.silutesnaujienos.lt\/lt\/wp-json\/wp\/v2\/categories?post=15040"},{"taxonomy":"post_tag","embeddable":true,"href":"https:\/\/www.silutesnaujienos.lt\/lt\/wp-json\/wp\/v2\/tags?post=15040"}],"curies":[{"name":"wp","href":"https:\/\/api.w.org\/{rel}","templated":true}]}}