{"id":15042,"date":"2013-01-15T06:00:00","date_gmt":"2013-01-15T08:00:00","guid":{"rendered":"https:\/\/www.silutesnaujienos.lt\/lt\/lietuvos-laisve-ispirkta-jos-vaiku-gyvenimais\/"},"modified":"2013-01-15T06:00:00","modified_gmt":"2013-01-15T08:00:00","slug":"lietuvos-laisve-ispirkta-jos-vaiku-gyvenimais","status":"publish","type":"post","link":"https:\/\/www.silutesnaujienos.lt\/lt\/lietuvos-laisve-ispirkta-jos-vaiku-gyvenimais\/","title":{"rendered":"Lietuvos laisv\u0117 i\u0161pirkta jos vaik\u0173 gyvenimais"},"content":{"rendered":"<p><a target=\"_blank\" rel=\"caption[14-lika liepsneli\u0173 pleveno \u017euvusiesiems pagerbti.] noopener noreferrer\" class=\"jcepopup\" href=\"\/\/silutesnaujienos.lt\/images\/stories\/2013\/01\/15\/sausio_13_P1130073.jpg\" data-rel=\"lightbox-gallery-yR1UXoMf\" data-rl_title=\"\" data-rl_caption=\"\"><img loading=\"lazy\" decoding=\"async\" style=\"margin: 5px; float: left;\" class=\"caption\" title=\"\" alt=\"sausio 13 P1130073\" src=\"\/\/silutesnaujienos.lt\/images\/stories\/2013\/01\/15\/thumbnails\/thumb_sausio_13_P1130073.jpg\" height=\"230\" width=\"307\" \/><\/a><strong>1991-\u0173j\u0173 met\u0173 Sausio 13-osios aidas sekmadien\u012f stabtel\u0117jo \u0160ilut\u0117je, prie Kult\u016bros ir pramog\u0173 centro: kaip ir prie\u0161 22 metus, \u012f dang\u0173 kilo kaitri lau\u017eo liepsna, jaukiai \u0161ildydama kuo ar\u010diau j\u0105 norin\u010dius apsupti \u0161iluti\u0161kius, garavo \u010dia pat verdama sriuba, prie barikadas primenan\u010di\u0173 \u012ftvirtinim\u0173 rikiavosi m\u016bs\u0173 kariai, buv\u0119 tremtiniai, jaunimas, o autenti\u0161kuose kruvinosios nakties garso \u012fra\u0161uose gird\u0117josi beginkli\u0173 Lietuvos gyn\u0117j\u0173 dainos, \u0161\u016bksniai, nustelbiami tank\u0173 ir automat\u0173 \u0161\u016bvi\u0173&#8230;<\/strong><\/p>\n<p>Daugelio \u0161iluti\u0161ki\u0173 atminty niekada nei\u0161dils t\u0173 Lietuvai lemting\u0173 dien\u0173 \u012fvykiai, jausmai, kurie t\u016bkstan\u010dius \u017emoni\u0173 atved\u0117 savo k\u016bnais u\u017edengti svarbiausius m\u016bs\u0173 valstyb\u0117s objektus, maldomis ir dainomis apginti Lietuvos nepriklausomyb\u0119.<a target=\"_blank\" rel=\"caption[Min\u0117jimo dalyviams a\u0161tri\u0105 sriub\u0105 i\u0161vir\u0117 \u017einomas m\u016bs\u0173 kra\u0161to kulinaras Jonas Purlys.] noopener noreferrer\" class=\"jcepopup\" href=\"\/\/silutesnaujienos.lt\/images\/stories\/2013\/01\/15\/sausio_13_P1130126.jpg\" data-rel=\"lightbox-gallery-yR1UXoMf\" data-rl_title=\"\" data-rl_caption=\"\"><img loading=\"lazy\" decoding=\"async\" style=\"margin: 5px; float: right;\" class=\"caption\" title=\"\" alt=\"sausio 13 P1130126\" src=\"\/\/silutesnaujienos.lt\/images\/stories\/2013\/01\/15\/thumbnails\/thumb_sausio_13_P1130126.jpg\" height=\"230\" width=\"307\" \/><\/a><\/p>\n<p>Tie jausmai atved\u0117 prie Atminimo lau\u017eo ne tik senjorus, vidutinio am\u017eiaus \u0161iluti\u0161kius, bet ir gaus\u0173 b\u016br\u012f jaunimo, kuris prisipa\u017eino, kad sunkiai suvokia tok\u012f visos Lietuvos patriotizmo pakilim\u0105, ta\u010diau \u017eino, kad vyresni\u0173 broli\u0173 ir seser\u0173, t\u0117v\u0173 ir seneli\u0173 d\u0117ka dabar gyvena \u0161alyje, netrypiamoje okupant\u0173, turin\u010dioje tarptautin\u012f autoritet\u0105, siekian\u010dioje suvokti ir i\u0161naudoti laisv\u0117s ir nepriklausomyb\u0117s privalumus.<\/p>\n<p><strong>Ruseno 14 \u017evaku\u010di\u0173<\/strong><\/p>\n<p>1991-\u0173j\u0173 sausio 13-\u0105j\u0105 apie 700 \u017emoni\u0173 buvo su\u017eeisti, 13 Lietuvos broli\u0173 ir viena sesuo u\u017e laisv\u0119 atidav\u0117 savo gyvybes. Dauguma i\u0161 j\u0173 &#8211; nu\u0161auti ar perva\u017eiuoti tank\u0173. Jautriai \u0161iluti\u0161ki\u0173 \u0161irdis paliet\u0117 ved\u0117j\u0173 primintos \u017euvusi\u0173j\u0173 gyvenimo istorijos.<br \/>\u201eVienam i\u0161 \u017euvusi\u0173j\u0173 tiesiog ply\u0161o \u0161irdis. Jis paklaus\u0117: \u201eNejaugi jie \u0161audo \u012f \u017emones?\u201c,- tar\u0117 ir susmuko&#8230;\u201c, &#8211; pasakojo min\u0117jim\u0105 ved\u0119 Pirmosios gimnazijos gimnazistai.<\/p>\n<p>14-os \u017evaki\u0173 liepsnel\u0117s pleveno Klaip\u0117dos apskrities j\u016br\u0173 \u0161auli\u0173 tre\u010diosios rinktin\u0117s \u0160ilut\u0117s a\u0161tuntosios \u0161auli\u0173 kuopos jaun\u0173j\u0173 kari\u0173 ir \u0160ilut\u0117s 305 p\u0117stinink\u0173 kuopos kari\u0173 rankose. Paskui, pagarbiai surikiuotos, iki min\u0117jimo pabaigos deg\u0117 prie u\u017era\u0161o \u201eLietuva\u201c.<\/p>\n<p>\u201eMes &#8211; Lietuvos ateitis. Puosel\u0117kime j\u0105. Saugokime taip sunkiai i\u0161kovot\u0105 laisv\u0119, nepriklausomyb\u0119. Jei reik\u0117s, apginkime t\u0105 ma\u017e\u0105 \u017eem\u0117s lopin\u0117l\u012f, kuris vadinasi &#8211; Lietuva.\u201c &#8211; reziumavo renginio ved\u0117<a target=\"_blank\" rel=\"caption[Kaip ir prie\u0161 22 metus, \u012f dang\u0173 kilo kaitri lau\u017eo liepsna.] noopener noreferrer\" class=\"jcepopup\" href=\"\/\/silutesnaujienos.lt\/images\/stories\/2013\/01\/15\/sausio_13_DSC03087.jpg\" data-rel=\"lightbox-gallery-yR1UXoMf\" data-rl_title=\"\" data-rl_caption=\"\"><img loading=\"lazy\" decoding=\"async\" style=\"margin: 5px; float: left;\" class=\"caption\" title=\"\" alt=\"sausio 13 DSC03087\" src=\"\/\/silutesnaujienos.lt\/images\/stories\/2013\/01\/15\/thumbnails\/thumb_sausio_13_DSC03087.jpg\" height=\"230\" width=\"307\" \/><\/a>jai gimnazistai Julija, Miranda, Benas, Linas.<\/p>\n<p><strong>\u0160ilut\u0117 susiliejo su Lietuva<\/strong><\/p>\n<p>Rajono mer\u0117 Daiva \u017debelien\u0117, sveikindama min\u0117jimo dalyvius, sak\u0117, kad \u0161\u012f sekmadien\u012f \u0160ilut\u0117s kra\u0161to \u017emon\u0117s savo mintimis susiliejo su visa Lietuva. \u201e\u0160iandien \u010dia susirinkusieji atiduoda pagarb\u0105 Lietuvos laisvei ir u\u017e j\u0105 \u017euvusiesiems. Lietuvos tautos laisv\u0117 i\u0161pirkta Lietuvos vaik\u0173 gyvenimais\u201c, &#8211; kalb\u0117jo ji ir pakviet\u0117 Sausio \u012fvyki\u0173 dalyvius ir aukas pagerbti tylos minute.<\/p>\n<p>Nepagra\u017eintais 1991-\u0173j\u0173 met\u0173 sausio \u012fvyki\u0173 prisiminimais pasidalino \u0161iluti\u0161kis verslininkas ir dain\u0173 atlik\u0117jas Adas Naus\u0117da. Jis teig\u0117 esantis d\u0117kingas likimui, kad sausio \u012fvykiai leido pa\u017einti save kaip \u017emog\u0173.<\/p>\n<p>\u201eVisi mes, vyrai, manome esantys, dr\u0105s\u016bs, stipr\u016bs. T\u016bkstantin\u0117je minioje jaut\u0117m\u0117s saug\u016bs, bet lik\u0119 keliese tamsiose Vilniaus gatv\u0117se, supratome, kas yra baim\u0117. Mums pasak\u0117 b\u0117gti saugoti Ministr\u0173 Taryb\u0105. 10-15 vyr\u0173 b\u0117gome nakt\u012f su Lietuvos v\u0117liavomis ir bijojome net \u012fsivaizduoti, kas bus, jei sutiksime rus\u0173 kareivius. Dar niekada gyvenime nebuvau jut\u0119s tokios baim\u0117s\u201c, &#8211; prisipa\u017eino A.Naus\u0117da.<\/p>\n<p>Ta\u010diau begalinis visos Lietuvos \u017emoni\u0173 patriotizmas, parama gyn\u0117jams, <a target=\"_blank\" rel=\"caption[Kartu su politini\u0173 kalini\u0173 ir tremtini\u0173 choru \u201ePamario aidas\u201c \u0161iluti\u0161kiai, susikib\u0119 rankomis, dainavo Lietuvai.] noopener noreferrer\" class=\"jcepopup\" href=\"\/\/silutesnaujienos.lt\/images\/stories\/2013\/01\/15\/sausio_13_DSC03156.jpg\" data-rel=\"lightbox-gallery-yR1UXoMf\" data-rl_title=\"\" data-rl_caption=\"\"><img loading=\"lazy\" decoding=\"async\" style=\"margin: 5px; float: right;\" class=\"caption\" title=\"\" alt=\"sausio 13 DSC03156\" src=\"\/\/silutesnaujienos.lt\/images\/stories\/2013\/01\/15\/thumbnails\/thumb_sausio_13_DSC03156.jpg\" height=\"230\" width=\"307\" \/><\/a>kiekvieno j\u0173 asmenin\u0117 auka kasdien suteikdavo Seimo gyn\u0117jams nauj\u0173 j\u0117g\u0173. \u201eKart\u0105 a\u0161tuoniasde\u0161imtmetei mo\u010diutei, stov\u0117jusiai minioje prie Seimo, sutriko \u0161irdies veikla. Vyrai nune\u0161\u0117 j\u0105 \u012f autobus\u0105 ir steb\u0117damiesi klaus\u0117, kod\u0117l ji \u010dia taip rizikuoja. \u201eS\u016bneliai, a\u0161 daugyb\u0119 met\u0173 u\u017e Lietuv\u0105 praleidau tremtyje. Ir dabar negaliu jos palikti\u201c, &#8211; tokia mo\u010diut\u0117s nuostata dar labiau sutelk\u0117 Seimo gyn\u0117jus.<\/p>\n<p>\u201eTaip, mes i\u0161sikovojom laisv\u0119, bet ar tikrai viskas yra taip, kaip mes nor\u0117jome?\u201c, &#8211; retori\u0161kai klaus\u0117 bardas, atlik\u0119s savo dain\u0105 \u201ePabusk, Lietuva\u201c.<\/p>\n<p>Min\u0117jimo dalyvius kar\u0161ta arbata ir sausainiais vai\u0161ino Kult\u016bros ir pramog\u0173 centro darbuotojai, a\u0161tri\u0105 sriub\u0105 i\u0161vir\u0117 \u017einomas m\u016bs\u0173 kra\u0161to kulinaras Jonas Purlys.<\/p>\n<p>Kartu su politini\u0173 kalini\u0173 ir tremtini\u0173 choru \u201ePamario aidas\u201c \u0161iluti\u0161kiai, susikib\u0119 rankomis, dainavo Lietuvai.<\/p>\n","protected":false},"excerpt":{"rendered":"<p>1991-\u0173j\u0173 met\u0173 Sausio 13-osios aidas sekmadien\u012f stabtel\u0117jo \u0160ilut\u0117je, prie Kult\u016bros ir pramog\u0173 centro: kaip ir prie\u0161 22 metus, \u012f dang\u0173 kilo kaitri lau\u017eo liepsna, jaukiai \u0161ildydama kuo ar\u010diau j\u0105 norin\u010dius apsupti \u0161iluti\u0161kius, garavo \u010dia pat verdama sriuba, prie barikadas primenan\u010di\u0173 \u012ftvirtinim\u0173 rikiavosi m\u016bs\u0173 kariai, buv\u0119 tremtiniai, jaunimas, o autenti\u0161kuose kruvinosios nakties garso \u012fra\u0161uose gird\u0117josi beginkli\u0173 [&hellip;]<\/p>\n","protected":false},"author":1,"featured_media":0,"comment_status":"open","ping_status":"open","sticky":false,"template":"","format":"standard","meta":{"footnotes":""},"categories":[51],"tags":[],"class_list":{"0":"post-15042","1":"post","2":"type-post","3":"status-publish","4":"format-standard","6":"category-kultura-ir-svietimas"},"yoast_head":"<!-- This site is optimized with the Yoast SEO plugin v27.5 - https:\/\/yoast.com\/product\/yoast-seo-wordpress\/ -->\n<title>Lietuvos laisv\u0117 i\u0161pirkta jos vaik\u0173 gyvenimais - \u0160ilut\u0117s naujienos<\/title>\n<meta name=\"robots\" content=\"index, follow, max-snippet:-1, max-image-preview:large, max-video-preview:-1\" \/>\n<link rel=\"canonical\" href=\"https:\/\/www.silutesnaujienos.lt\/lt\/lietuvos-laisve-ispirkta-jos-vaiku-gyvenimais\/\" \/>\n<meta property=\"og:locale\" content=\"lt_LT\" \/>\n<meta property=\"og:type\" content=\"article\" \/>\n<meta property=\"og:title\" content=\"Lietuvos laisv\u0117 i\u0161pirkta jos vaik\u0173 gyvenimais - \u0160ilut\u0117s naujienos\" \/>\n<meta property=\"og:description\" content=\"1991-\u0173j\u0173 met\u0173 Sausio 13-osios aidas sekmadien\u012f stabtel\u0117jo \u0160ilut\u0117je, prie Kult\u016bros ir pramog\u0173 centro: kaip ir prie\u0161 22 metus, \u012f dang\u0173 kilo kaitri lau\u017eo liepsna, jaukiai \u0161ildydama kuo ar\u010diau j\u0105 norin\u010dius apsupti \u0161iluti\u0161kius, garavo \u010dia pat verdama sriuba, prie barikadas primenan\u010di\u0173 \u012ftvirtinim\u0173 rikiavosi m\u016bs\u0173 kariai, buv\u0119 tremtiniai, jaunimas, o autenti\u0161kuose kruvinosios nakties garso \u012fra\u0161uose gird\u0117josi beginkli\u0173 [&hellip;]\" \/>\n<meta property=\"og:url\" content=\"https:\/\/www.silutesnaujienos.lt\/lt\/lietuvos-laisve-ispirkta-jos-vaiku-gyvenimais\/\" \/>\n<meta property=\"og:site_name\" content=\"\u0160ilut\u0117s naujienos\" \/>\n<meta property=\"article:publisher\" content=\"https:\/\/www.facebook.com\/silutes.naujienos\/\" \/>\n<meta property=\"article:published_time\" content=\"2013-01-15T08:00:00+00:00\" \/>\n<meta property=\"og:image\" content=\"\/\/silutesnaujienos.lt\/images\/stories\/2013\/01\/15\/thumbnails\/thumb_sausio_13_P1130073.jpg\" \/>\n<meta name=\"author\" content=\"\u0160ilut\u0117s naujien\u0173 inf.\" \/>\n<meta name=\"twitter:card\" content=\"summary_large_image\" \/>\n<meta name=\"twitter:label1\" content=\"Written by\" \/>\n\t<meta name=\"twitter:data1\" content=\"\u0160ilut\u0117s naujien\u0173 inf.\" \/>\n\t<meta name=\"twitter:label2\" content=\"Est. reading time\" \/>\n\t<meta name=\"twitter:data2\" content=\"3 minut\u0117s\" \/>\n<script type=\"application\/ld+json\" class=\"yoast-schema-graph\">{\"@context\":\"https:\\\/\\\/schema.org\",\"@graph\":[{\"@type\":\"Article\",\"@id\":\"https:\\\/\\\/www.silutesnaujienos.lt\\\/lt\\\/lietuvos-laisve-ispirkta-jos-vaiku-gyvenimais\\\/#article\",\"isPartOf\":{\"@id\":\"https:\\\/\\\/www.silutesnaujienos.lt\\\/lt\\\/lietuvos-laisve-ispirkta-jos-vaiku-gyvenimais\\\/\"},\"author\":{\"name\":\"\u0160ilut\u0117s naujien\u0173 inf.\",\"@id\":\"https:\\\/\\\/www.silutesnaujienos.lt\\\/lt\\\/#\\\/schema\\\/person\\\/232f475ddd4a7b5f49b3abc788b17e83\"},\"headline\":\"Lietuvos laisv\u0117 i\u0161pirkta jos vaik\u0173 gyvenimais\",\"datePublished\":\"2013-01-15T08:00:00+00:00\",\"mainEntityOfPage\":{\"@id\":\"https:\\\/\\\/www.silutesnaujienos.lt\\\/lt\\\/lietuvos-laisve-ispirkta-jos-vaiku-gyvenimais\\\/\"},\"wordCount\":651,\"commentCount\":0,\"publisher\":{\"@id\":\"https:\\\/\\\/www.silutesnaujienos.lt\\\/lt\\\/#organization\"},\"articleSection\":[\"Kult\u016bra ir \u0161vietimas\"],\"inLanguage\":\"lt-LT\",\"potentialAction\":[{\"@type\":\"CommentAction\",\"name\":\"Comment\",\"target\":[\"https:\\\/\\\/www.silutesnaujienos.lt\\\/lt\\\/lietuvos-laisve-ispirkta-jos-vaiku-gyvenimais\\\/#respond\"]}]},{\"@type\":\"WebPage\",\"@id\":\"https:\\\/\\\/www.silutesnaujienos.lt\\\/lt\\\/lietuvos-laisve-ispirkta-jos-vaiku-gyvenimais\\\/\",\"url\":\"https:\\\/\\\/www.silutesnaujienos.lt\\\/lt\\\/lietuvos-laisve-ispirkta-jos-vaiku-gyvenimais\\\/\",\"name\":\"Lietuvos laisv\u0117 i\u0161pirkta jos vaik\u0173 gyvenimais - \u0160ilut\u0117s naujienos\",\"isPartOf\":{\"@id\":\"https:\\\/\\\/www.silutesnaujienos.lt\\\/lt\\\/#website\"},\"datePublished\":\"2013-01-15T08:00:00+00:00\",\"breadcrumb\":{\"@id\":\"https:\\\/\\\/www.silutesnaujienos.lt\\\/lt\\\/lietuvos-laisve-ispirkta-jos-vaiku-gyvenimais\\\/#breadcrumb\"},\"inLanguage\":\"lt-LT\",\"potentialAction\":[{\"@type\":\"ReadAction\",\"target\":[\"https:\\\/\\\/www.silutesnaujienos.lt\\\/lt\\\/lietuvos-laisve-ispirkta-jos-vaiku-gyvenimais\\\/\"]}]},{\"@type\":\"BreadcrumbList\",\"@id\":\"https:\\\/\\\/www.silutesnaujienos.lt\\\/lt\\\/lietuvos-laisve-ispirkta-jos-vaiku-gyvenimais\\\/#breadcrumb\",\"itemListElement\":[{\"@type\":\"ListItem\",\"position\":1,\"name\":\"Home\",\"item\":\"https:\\\/\\\/www.silutesnaujienos.lt\\\/lt\\\/\"},{\"@type\":\"ListItem\",\"position\":2,\"name\":\"Lietuvos laisv\u0117 i\u0161pirkta jos vaik\u0173 gyvenimais\"}]},{\"@type\":\"WebSite\",\"@id\":\"https:\\\/\\\/www.silutesnaujienos.lt\\\/lt\\\/#website\",\"url\":\"https:\\\/\\\/www.silutesnaujienos.lt\\\/lt\\\/\",\"name\":\"\u0160ilut\u0117s naujienos\",\"description\":\"B\u016bk ant naujien\u0173 bangos!\",\"publisher\":{\"@id\":\"https:\\\/\\\/www.silutesnaujienos.lt\\\/lt\\\/#organization\"},\"potentialAction\":[{\"@type\":\"SearchAction\",\"target\":{\"@type\":\"EntryPoint\",\"urlTemplate\":\"https:\\\/\\\/www.silutesnaujienos.lt\\\/lt\\\/?s={search_term_string}\"},\"query-input\":{\"@type\":\"PropertyValueSpecification\",\"valueRequired\":true,\"valueName\":\"search_term_string\"}}],\"inLanguage\":\"lt-LT\"},{\"@type\":\"Organization\",\"@id\":\"https:\\\/\\\/www.silutesnaujienos.lt\\\/lt\\\/#organization\",\"name\":\"\u0160ilut\u0117s naujienos\",\"url\":\"https:\\\/\\\/www.silutesnaujienos.lt\\\/lt\\\/\",\"logo\":{\"@type\":\"ImageObject\",\"inLanguage\":\"lt-LT\",\"@id\":\"https:\\\/\\\/www.silutesnaujienos.lt\\\/lt\\\/#\\\/schema\\\/logo\\\/image\\\/\",\"url\":\"https:\\\/\\\/www.silutesnaujienos.lt\\\/lt\\\/wp-content\\\/uploads\\\/2020\\\/06\\\/FB_MAIN.jpg\",\"contentUrl\":\"https:\\\/\\\/www.silutesnaujienos.lt\\\/lt\\\/wp-content\\\/uploads\\\/2020\\\/06\\\/FB_MAIN.jpg\",\"width\":1700,\"height\":956,\"caption\":\"\u0160ilut\u0117s naujienos\"},\"image\":{\"@id\":\"https:\\\/\\\/www.silutesnaujienos.lt\\\/lt\\\/#\\\/schema\\\/logo\\\/image\\\/\"},\"sameAs\":[\"https:\\\/\\\/www.facebook.com\\\/silutes.naujienos\\\/\",\"https:\\\/\\\/www.youtube.com\\\/channel\\\/UCxW-cgrJDt8GxIMxSTAfJZg\"]},{\"@type\":\"Person\",\"@id\":\"https:\\\/\\\/www.silutesnaujienos.lt\\\/lt\\\/#\\\/schema\\\/person\\\/232f475ddd4a7b5f49b3abc788b17e83\",\"name\":\"\u0160ilut\u0117s naujien\u0173 inf.\",\"image\":{\"@type\":\"ImageObject\",\"inLanguage\":\"lt-LT\",\"@id\":\"https:\\\/\\\/www.silutesnaujienos.lt\\\/lt\\\/wp-content\\\/uploads\\\/2020\\\/06\\\/favicon.png\",\"url\":\"https:\\\/\\\/www.silutesnaujienos.lt\\\/lt\\\/wp-content\\\/uploads\\\/2020\\\/06\\\/favicon.png\",\"contentUrl\":\"https:\\\/\\\/www.silutesnaujienos.lt\\\/lt\\\/wp-content\\\/uploads\\\/2020\\\/06\\\/favicon.png\",\"caption\":\"\u0160ilut\u0117s naujien\u0173 inf.\"},\"sameAs\":[\"https:\\\/\\\/www.silutesnaujienos.lt\\\/lt\"],\"url\":\"https:\\\/\\\/www.silutesnaujienos.lt\\\/lt\\\/author\\\/ruta\\\/\"}]}<\/script>\n<!-- \/ Yoast SEO plugin. -->","yoast_head_json":{"title":"Lietuvos laisv\u0117 i\u0161pirkta jos vaik\u0173 gyvenimais - \u0160ilut\u0117s naujienos","robots":{"index":"index","follow":"follow","max-snippet":"max-snippet:-1","max-image-preview":"max-image-preview:large","max-video-preview":"max-video-preview:-1"},"canonical":"https:\/\/www.silutesnaujienos.lt\/lt\/lietuvos-laisve-ispirkta-jos-vaiku-gyvenimais\/","og_locale":"lt_LT","og_type":"article","og_title":"Lietuvos laisv\u0117 i\u0161pirkta jos vaik\u0173 gyvenimais - \u0160ilut\u0117s naujienos","og_description":"1991-\u0173j\u0173 met\u0173 Sausio 13-osios aidas sekmadien\u012f stabtel\u0117jo \u0160ilut\u0117je, prie Kult\u016bros ir pramog\u0173 centro: kaip ir prie\u0161 22 metus, \u012f dang\u0173 kilo kaitri lau\u017eo liepsna, jaukiai \u0161ildydama kuo ar\u010diau j\u0105 norin\u010dius apsupti \u0161iluti\u0161kius, garavo \u010dia pat verdama sriuba, prie barikadas primenan\u010di\u0173 \u012ftvirtinim\u0173 rikiavosi m\u016bs\u0173 kariai, buv\u0119 tremtiniai, jaunimas, o autenti\u0161kuose kruvinosios nakties garso \u012fra\u0161uose gird\u0117josi beginkli\u0173 [&hellip;]","og_url":"https:\/\/www.silutesnaujienos.lt\/lt\/lietuvos-laisve-ispirkta-jos-vaiku-gyvenimais\/","og_site_name":"\u0160ilut\u0117s naujienos","article_publisher":"https:\/\/www.facebook.com\/silutes.naujienos\/","article_published_time":"2013-01-15T08:00:00+00:00","og_image":[{"url":"\/\/silutesnaujienos.lt\/images\/stories\/2013\/01\/15\/thumbnails\/thumb_sausio_13_P1130073.jpg","type":"","width":"","height":""}],"author":"\u0160ilut\u0117s naujien\u0173 inf.","twitter_card":"summary_large_image","twitter_misc":{"Written by":"\u0160ilut\u0117s naujien\u0173 inf.","Est. reading time":"3 minut\u0117s"},"schema":{"@context":"https:\/\/schema.org","@graph":[{"@type":"Article","@id":"https:\/\/www.silutesnaujienos.lt\/lt\/lietuvos-laisve-ispirkta-jos-vaiku-gyvenimais\/#article","isPartOf":{"@id":"https:\/\/www.silutesnaujienos.lt\/lt\/lietuvos-laisve-ispirkta-jos-vaiku-gyvenimais\/"},"author":{"name":"\u0160ilut\u0117s naujien\u0173 inf.","@id":"https:\/\/www.silutesnaujienos.lt\/lt\/#\/schema\/person\/232f475ddd4a7b5f49b3abc788b17e83"},"headline":"Lietuvos laisv\u0117 i\u0161pirkta jos vaik\u0173 gyvenimais","datePublished":"2013-01-15T08:00:00+00:00","mainEntityOfPage":{"@id":"https:\/\/www.silutesnaujienos.lt\/lt\/lietuvos-laisve-ispirkta-jos-vaiku-gyvenimais\/"},"wordCount":651,"commentCount":0,"publisher":{"@id":"https:\/\/www.silutesnaujienos.lt\/lt\/#organization"},"articleSection":["Kult\u016bra ir \u0161vietimas"],"inLanguage":"lt-LT","potentialAction":[{"@type":"CommentAction","name":"Comment","target":["https:\/\/www.silutesnaujienos.lt\/lt\/lietuvos-laisve-ispirkta-jos-vaiku-gyvenimais\/#respond"]}]},{"@type":"WebPage","@id":"https:\/\/www.silutesnaujienos.lt\/lt\/lietuvos-laisve-ispirkta-jos-vaiku-gyvenimais\/","url":"https:\/\/www.silutesnaujienos.lt\/lt\/lietuvos-laisve-ispirkta-jos-vaiku-gyvenimais\/","name":"Lietuvos laisv\u0117 i\u0161pirkta jos vaik\u0173 gyvenimais - \u0160ilut\u0117s naujienos","isPartOf":{"@id":"https:\/\/www.silutesnaujienos.lt\/lt\/#website"},"datePublished":"2013-01-15T08:00:00+00:00","breadcrumb":{"@id":"https:\/\/www.silutesnaujienos.lt\/lt\/lietuvos-laisve-ispirkta-jos-vaiku-gyvenimais\/#breadcrumb"},"inLanguage":"lt-LT","potentialAction":[{"@type":"ReadAction","target":["https:\/\/www.silutesnaujienos.lt\/lt\/lietuvos-laisve-ispirkta-jos-vaiku-gyvenimais\/"]}]},{"@type":"BreadcrumbList","@id":"https:\/\/www.silutesnaujienos.lt\/lt\/lietuvos-laisve-ispirkta-jos-vaiku-gyvenimais\/#breadcrumb","itemListElement":[{"@type":"ListItem","position":1,"name":"Home","item":"https:\/\/www.silutesnaujienos.lt\/lt\/"},{"@type":"ListItem","position":2,"name":"Lietuvos laisv\u0117 i\u0161pirkta jos vaik\u0173 gyvenimais"}]},{"@type":"WebSite","@id":"https:\/\/www.silutesnaujienos.lt\/lt\/#website","url":"https:\/\/www.silutesnaujienos.lt\/lt\/","name":"\u0160ilut\u0117s naujienos","description":"B\u016bk ant naujien\u0173 bangos!","publisher":{"@id":"https:\/\/www.silutesnaujienos.lt\/lt\/#organization"},"potentialAction":[{"@type":"SearchAction","target":{"@type":"EntryPoint","urlTemplate":"https:\/\/www.silutesnaujienos.lt\/lt\/?s={search_term_string}"},"query-input":{"@type":"PropertyValueSpecification","valueRequired":true,"valueName":"search_term_string"}}],"inLanguage":"lt-LT"},{"@type":"Organization","@id":"https:\/\/www.silutesnaujienos.lt\/lt\/#organization","name":"\u0160ilut\u0117s naujienos","url":"https:\/\/www.silutesnaujienos.lt\/lt\/","logo":{"@type":"ImageObject","inLanguage":"lt-LT","@id":"https:\/\/www.silutesnaujienos.lt\/lt\/#\/schema\/logo\/image\/","url":"https:\/\/www.silutesnaujienos.lt\/lt\/wp-content\/uploads\/2020\/06\/FB_MAIN.jpg","contentUrl":"https:\/\/www.silutesnaujienos.lt\/lt\/wp-content\/uploads\/2020\/06\/FB_MAIN.jpg","width":1700,"height":956,"caption":"\u0160ilut\u0117s naujienos"},"image":{"@id":"https:\/\/www.silutesnaujienos.lt\/lt\/#\/schema\/logo\/image\/"},"sameAs":["https:\/\/www.facebook.com\/silutes.naujienos\/","https:\/\/www.youtube.com\/channel\/UCxW-cgrJDt8GxIMxSTAfJZg"]},{"@type":"Person","@id":"https:\/\/www.silutesnaujienos.lt\/lt\/#\/schema\/person\/232f475ddd4a7b5f49b3abc788b17e83","name":"\u0160ilut\u0117s naujien\u0173 inf.","image":{"@type":"ImageObject","inLanguage":"lt-LT","@id":"https:\/\/www.silutesnaujienos.lt\/lt\/wp-content\/uploads\/2020\/06\/favicon.png","url":"https:\/\/www.silutesnaujienos.lt\/lt\/wp-content\/uploads\/2020\/06\/favicon.png","contentUrl":"https:\/\/www.silutesnaujienos.lt\/lt\/wp-content\/uploads\/2020\/06\/favicon.png","caption":"\u0160ilut\u0117s naujien\u0173 inf."},"sameAs":["https:\/\/www.silutesnaujienos.lt\/lt"],"url":"https:\/\/www.silutesnaujienos.lt\/lt\/author\/ruta\/"}]}},"publishpress_future_workflow_manual_trigger":{"enabledWorkflows":[]},"amp_enabled":true,"_links":{"self":[{"href":"https:\/\/www.silutesnaujienos.lt\/lt\/wp-json\/wp\/v2\/posts\/15042","targetHints":{"allow":["GET"]}}],"collection":[{"href":"https:\/\/www.silutesnaujienos.lt\/lt\/wp-json\/wp\/v2\/posts"}],"about":[{"href":"https:\/\/www.silutesnaujienos.lt\/lt\/wp-json\/wp\/v2\/types\/post"}],"author":[{"embeddable":true,"href":"https:\/\/www.silutesnaujienos.lt\/lt\/wp-json\/wp\/v2\/users\/1"}],"replies":[{"embeddable":true,"href":"https:\/\/www.silutesnaujienos.lt\/lt\/wp-json\/wp\/v2\/comments?post=15042"}],"version-history":[{"count":0,"href":"https:\/\/www.silutesnaujienos.lt\/lt\/wp-json\/wp\/v2\/posts\/15042\/revisions"}],"wp:attachment":[{"href":"https:\/\/www.silutesnaujienos.lt\/lt\/wp-json\/wp\/v2\/media?parent=15042"}],"wp:term":[{"taxonomy":"category","embeddable":true,"href":"https:\/\/www.silutesnaujienos.lt\/lt\/wp-json\/wp\/v2\/categories?post=15042"},{"taxonomy":"post_tag","embeddable":true,"href":"https:\/\/www.silutesnaujienos.lt\/lt\/wp-json\/wp\/v2\/tags?post=15042"}],"curies":[{"name":"wp","href":"https:\/\/api.w.org\/{rel}","templated":true}]}}