{"id":15050,"date":"2013-02-05T16:00:00","date_gmt":"2013-02-05T18:00:00","guid":{"rendered":"https:\/\/www.silutesnaujienos.lt\/lt\/gedminaiciu-grafas-j-plateris-lietuvos-kulturos-turtus-kaupe-savo-unikalioje-bibliotekoje\/"},"modified":"2013-02-05T16:00:00","modified_gmt":"2013-02-05T18:00:00","slug":"gedminaiciu-grafas-j-plateris-lietuvos-kulturos-turtus-kaupe-savo-unikalioje-bibliotekoje","status":"publish","type":"post","link":"https:\/\/www.silutesnaujienos.lt\/lt\/gedminaiciu-grafas-j-plateris-lietuvos-kulturos-turtus-kaupe-savo-unikalioje-bibliotekoje\/","title":{"rendered":"Gedminai\u010di\u0173 grafas J.Plateris Lietuvos kult\u016bros turtus kaup\u0117 savo unikalioje bibliotekoje"},"content":{"rendered":"<p><a target=\"_blank\" rel=\"caption[Grafas Jurgis Plateris (1810-1836) suk\u016br\u0117 unikali\u0105 bibliotek\u0105, kuri gali b\u016bti laikoma Lietuvos mokslo ir knygos kult\u016bros paminklu.] noopener noreferrer\" class=\"jcepopup\" href=\"\/\/silutesnaujienos.lt\/images\/stories\/2013\/02\/05\/plateris_1.jpg\" data-rel=\"lightbox-gallery-yocOJ25W\" data-rl_title=\"\" data-rl_caption=\"\"><img loading=\"lazy\" decoding=\"async\" style=\"margin: 5px; float: left;\" class=\"caption\" title=\"\" alt=\"plateris 1\" src=\"\/\/silutesnaujienos.lt\/images\/stories\/2013\/02\/05\/thumbnails\/thumb_plateris_1.jpg\" height=\"230\" width=\"307\" \/><\/a><strong>\u201eBIBLIOTHECA GEORGII COMITIS DE PLATER. Jurgio Platerio biblioteka &#8211; Lietuvos knygos kult\u016bros ir mokslo paminklas\u201c &#8211; naujausia knygotyrininko, bibliofilo, Ma\u017eosios Lietuvos kult\u016bros tyrin\u0117tojo, profesoriaus Domo Kauno knyga.<\/strong><\/p>\n<p><strong>J\u0105 pristatome b\u016btent \u0161iandien, nes vasario 5-oji &#8211; jaunojo grafo Jurgio Platerio, vieno garsiausi\u0173 Lietuvos bajori\u0161kojo lituanistinio s\u0105j\u016bd\u017eio atstov\u0173, netekties diena.<\/strong><\/p>\n<p>1836 met\u0173 vasario 5 dien\u0105 Gedminai\u010di\u0173 dvaro savininkas J.Plateris mir\u0117 sulauk\u0119s vos 26-eri\u0173, ta\u010diau \u012fne\u0161\u0119s did\u017eiul\u012f ind\u0117l\u012f \u012f literat\u016bros moksl\u0105. Ma\u017edaug prie\u0161 180 met\u0173 jis, 20-metis jaunuolis, prad\u0117jo kaupti bibliotek\u0105 ir per 6-erius metus suformavo ne\u012ftik\u0117tinai turting\u0105 ir verting\u0105 knyg\u0173, rankra\u0161\u010di\u0173 ir kit\u0173 dokument\u0173 kolekcij\u0105, pad\u0117jo pamatus lietuvi\u0161kajai knygotyrai.<\/p>\n<p><strong>J.Platerio biblioteka &#8211; mokslo ir knygos paminklas<\/strong><\/p>\n<p>D.Kauno knyga buvo pristatyta \u0160v\u0117k\u0161noje ir \u0160ilut\u0117je. Kartu su autoriumi \u012f knygos sutiktuves atvyko Klaip\u0117dos universiteto literat\u016bros katedros ved\u0117ja Roma Bon\u010dkut\u0117 ir Vilniaus universiteto doktorantas Tomas Petreikis.<\/p>\n<p>Svarbiausias D.Kauno knygos tyrimo objektas yra J.Platerio biblioteka. J.Plateris suk\u016br\u0117 mokslin\u0117s paskirties tyrimo baz\u0119 &#8211; asmenin\u0119 bibliotek\u0105, joje formavo lituanistikos rinkin\u012f, kur\u012f sudar\u0117 ne tik spaudiniai, bet ir rankra\u0161\u010diai, grafikos k\u016briniai, numizmatika.<\/p>\n<p>J.Platerio sukurta biblioteka gali b\u016bti laikoma Lietuvos mokslo ir knygos kult\u016bros paminklu.<\/p>\n<p><strong>Inspiravo jaunojo grafo paveikslas<\/strong><\/p>\n<p>Knygos sutiktuv\u0117se D.Kaunas nesisteng\u0117 kalb\u0117ti apie jos turin\u012f. Anot jo, negalima skaitytojui u\u017eb\u0117gti u\u017e aki\u0173, \u012fper\u0161ant vienok\u012f ar kitok\u012f vertinim\u0105. Pastarasis pats tur\u0117t\u0173 suprasti, atrasti, susidaryti nuomon\u0119.<\/p>\n<p>D.Kaunas pasakojo, kad pirmasis jo susid\u016brimas su J.Plateriu \u012fvyko Vilniaus universiteto Jon\u0173 ba\u017eny\u010dioje, universiteto Mokslo muziejuje, kur jis pamat\u0117 ant sienos kabant\u012f grafo portret\u0105. Jaunas, gra\u017eus, \u017eavus, bet nugyven\u0119s labai trump\u0105 gyvenim\u0105 &#8211; tik 26 metus.<\/p>\n<p>D.Kaunui kilo klausimas, k\u0105 tokio \u0161is jaunuolis padar\u0117, kad jo vardas universiteto istorijoje atsid\u016br\u0117 \u0161alia profesori\u0173, garsi\u0173 mokslinink\u0173. <a target=\"_blank\" rel=\"caption[2010 m. Gedminai\u010di\u0173 dvarviet\u0117je i\u0161lik\u0119s \u016bkinis pastatas buvo apgail\u0117tinos b\u016bkl\u0117s.] noopener noreferrer\" class=\"jcepopup\" href=\"\/\/silutesnaujienos.lt\/images\/stories\/2013\/02\/05\/pliaterio_jubiliejus_ukinis_pastatas_gedminaiciai_2010.jpg\" data-rel=\"lightbox-gallery-yocOJ25W\" data-rl_title=\"\" data-rl_caption=\"\"><img loading=\"lazy\" decoding=\"async\" style=\"margin: 5px; float: right;\" class=\"caption\" title=\"\" alt=\"pliaterio jubiliejus ukinis pastatas gedminaiciai 2010\" src=\"\/\/silutesnaujienos.lt\/images\/stories\/2013\/02\/05\/thumbnails\/thumb_pliaterio_jubiliejus_ukinis_pastatas_gedminaiciai_2010.jpg\" height=\"230\" width=\"307\" \/><\/a>J.Platerio vaizdas D.Kauno atmintyje u\u017estrigo ilgam. B\u0117gant metams \u0161\u012f vard\u0105 jis sutikdavo literat\u016broje, atrasdavo istorik\u0173, kalbotyrinink\u0173, filolog\u0173 vertinimus.<\/p>\n<p>Kart\u0105 prof. Romualdas Ginevi\u010dius D.Kaunui prasitar\u0117 tur\u012fs sen\u0105 knyg\u0105, kuri j\u012f gal\u0117t\u0173 sudominti. Knyg\u0105 \u017eenklino grafo J.Platerio asmenin\u0117s bibliotekos antspaudas. \u0160i spaudos relikvija paskatino apsilankyti \u0160v\u0117k\u0161noje ir imtis gilesn\u0173 tyrim\u0173.<\/p>\n<p>Rengiant knyg\u0105 apie J.Platerio bibliotek\u0105 prisid\u0117jo daug \u017emoni\u0173. Kaip sak\u0117 profesorius, de\u0161inioji ir kairioji ranka daugeliu atvej\u0173 jam buvo \u0161v\u0117k\u0161ni\u0161kiai mokytojai Ona Norkut\u0117 ir Petras \u010celiauskas. \u017dodini\u0173 liudijim\u0173 autoriui teik\u0117 esami ir buv\u0119 gedminaiti\u0161kiai: An\u0117 (Ona) Riteryt\u0117 &#8211; \u017d\u0105sytien\u0117 ir Aldona Girskyt\u0117 &#8211; Norvilien\u0117, gretimo Pakalni\u0161ki\u0173 kaimo senbuviai Edvardas \u017d\u0105sytis ir Antanas Rauktys, pagelb\u0117jo Saulius Endrulis bei Violeta Astrauskien\u0117. Konsultavosi su universiteto profes\u016bra, Tel\u0161i\u0173, \u0160iauli\u0173 muziejininkais, par\u0117m\u0117 Lietuvos nacionalinis muziejus.<\/p>\n<p>D.Kaunas pamin\u0117jo tyliuosius ir kantriuosius r\u0117m\u0117jus &#8211; savo \u0161eimos narius: Vid\u0105, Dom\u0105 (tre\u010di\u0105j\u012f), Juli\u0173 ir Martyn\u0105.<\/p>\n<p><strong>Grafo asmenyb\u0117<\/strong><\/p>\n<p>J.Plateris buvo viena matomiausi\u0173, bet ma\u017eiausiai pa\u017e\u012fstam\u0173 XIX a. lituanistinio s\u0105j\u016bd\u017eio fig\u016br\u0173. Jis nusigr\u0119\u017e\u0117 nuo bajori\u0161k\u0173 savo \u0161akn\u0173 ir papro\u010di\u0173, gr\u012fst\u0173 lenki\u0161k\u0105ja tradicija, ir atsisuko \u012f lietuvi\u0173 taut\u0105, kuri tuo laiku dar tik stojosi ant koj\u0173. Jaunasis grafas tapo vienu garsiausi\u0173 Lietuvos bajori\u0161kojo lituanistinio s\u0105j\u016bd\u017eio atstov\u0173, lietuvi\u0173 knygotyros pradinink\u0173.<\/p>\n<p>Nebijodamas didik\u0173 sluoksnio pasmerkimo, jis \u0117m\u0117si tyrin\u0117ti lietuvi\u0173 &#8211; valstie\u010di\u0173 kalb\u0105.&nbsp; Jaunasis grafas palaik\u0117 ry\u0161ius su kitais to meto intelektualais.<\/p>\n<p>Jo pa\u017ei\u016br\u0173 formavimuisi lietuvyb\u0117s linkme didel\u0119 \u012ftak\u0105 padar\u0117 ra\u0161ytojas S.Stanevi\u010dius, kuris Kra\u017ei\u0173 gimnazijoje buvo J.Platerio aukl\u0117tojas. V\u0117liau jie tapo moksliniais bendradarbiais. S.Stanevi\u010dius apsigyveno pas graf\u0105 Raseiniuose ir ten tvark\u0117 jo bibliotek\u0105, v\u0117liau atsik\u0117l\u0117 prie \u0160v\u0117k\u0161nos &#8211; \u012f Stempli\u0173 dvar\u0105, priklausant\u012f J.Platerio broliui Kazimierui, ir toliau puosel\u0117jo Jurgio bibliotek\u0105.<\/p>\n<p>J.Platerio k\u016brybingum\u0105 ir asmenyb\u0117s i\u0161skirtinum\u0105 labiausiai i\u0161garsino periodiniame leidinyje i\u0161spausdintas nekrologas pra\u0117jus keliems m\u0117nesiams po grafo mirties. Jis buvo apib\u016bdintas kaip i\u0161silavin\u0119s, atviras, pasiaukojantis lietuvi\u0173 tautai. Jis taip pat nestokojo jaunatvi\u0161ko idealizmo bei atsiribojimo nuo ano meto dvarininkijos gyvenimo.<\/p>\n<p>Kalb\u0117dama apie \u0161i\u0105 knyg\u0105 ir J.Plater\u012f, R.Bon\u010dkut\u0117 steb\u0117josi, kad u\u017eaug\u0119s lenki\u0161k\u0105 kult\u016br\u0105 palaikiusioje didik\u0173 \u0161eimoje \u017emogus susidomi lituanistika. Steb\u0117tina, kaip keletas \u0161viesuoli\u0173, sekdami vokie\u010di\u0173 romantikais, pamilsta vietin\u0119 kalb\u0105. J.Plateris mok\u0117jo su paprastu \u017emogumi bendrauti. Valstietis jam buvo kaip mokslo tyrin\u0117jimo objektas, kur\u012f pa\u0161nekindavo, kad i\u0161girst\u0173 kuo daugiau lietuvi\u0161k\u0173 \u017eod\u017ei\u0173.&nbsp; &nbsp;<\/p>\n<p><a target=\"_blank\" rel=\"caption[D.Kaunas pasakojo, kad prad\u0117ti tyrimus apie J.Plater\u012f paskatino \u012f rankas pakliuvusi knyga su grafo asmenin\u0117s bibliotekos antspaudu. ] noopener noreferrer\" class=\"jcepopup\" href=\"\/\/silutesnaujienos.lt\/images\/stories\/2013\/02\/05\/Kaunas_su_knyga.jpg\" data-rel=\"lightbox-gallery-yocOJ25W\" data-rl_title=\"\" data-rl_caption=\"\"><img loading=\"lazy\" decoding=\"async\" style=\"margin: 5px; float: left;\" class=\"caption\" title=\"\" alt=\"Kaunas su knyga\" src=\"\/\/silutesnaujienos.lt\/images\/stories\/2013\/02\/05\/thumbnails\/thumb_Kaunas_su_knyga.jpg\" height=\"230\" width=\"307\" \/><\/a><strong>Knygoms negail\u0117jo pinig\u0173<\/strong><\/p>\n<p>Ma\u017edaug nuo 1830 m. dvide\u0161imtmetis Jurgis negail\u0117damas laiko ir pinig\u0173 prad\u0117jo rinkti knygas ir rankra\u0161\u010dius, reikalingus lietuvi\u0173 kalbos tyrin\u0117jimams. Intensyvusis bibliotekos k\u016brimo periodas truko iki 1836 m. &#8211; jaunojo grafo mirties.<\/p>\n<p>\u201eI\u0161 viso per vienerius metus J.Plateriui reik\u0117jo \u012fsigyti vidutini\u0161kai po 500-600 leidini\u0173. Toks skai\u010dius net labai turtingam dvarininkui yra didelis, nors, \u017einoma, n\u0117ra ne\u012fmanomas\u201c, &#8211; ra\u0161o D.Kaunas.<\/p>\n<p>J.Platerio sukauptoje bibliotekoje buvo daugiau kaip 3000 knyg\u0173 ir rankra\u0161\u010di\u0173, trylikos Lietuvos pili\u0173 planai, kunigaik\u0161\u010di\u0173 portretai, Lietuvos monet\u0173 rinkinys, daug senien\u0173, net stumbro odos skyd\u0173, S.Daukanto veikalo \u201eDarbai sen\u0173j\u0173 lietuvi\u0173 ir \u017eemai\u010di\u0173\u201c nuora\u0161as. Skiriamasis \u0161ios bibliotekos \u017eenklas &#8211; specialus antspaudas.<\/p>\n<p>D.Kaunas mini, kad J.Platerio biblioteka tapo lituanistini\u0173 tyrim\u0173 pl\u0117tros skatintoja ir gali b\u016bti s\u0105lyginai prilyginta nacionalin\u0117s bibliotekos &#8211; \u0161alies tyrim\u0173 centrin\u0117s institucijos u\u017euomazgai.<\/p>\n<p>Prie\u0161 mirt\u012f J.Plateris testamentu bibliotek\u0105 paliko S.Stanevi\u010diui, kuris ja&nbsp; r\u016bpinosi dar 12 met\u0173 &#8211; iki pat savo mirties. Po to biblioteka buvo perve\u017eta \u012f Gedminai\u010dius. Bibliotekos vert\u0117s \u010dia daug kas, ypa\u010d tarnai, ne\u017einojo, tod\u0117l dalis spaudini\u0173 ir kit\u0173 kult\u016bros vertybi\u0173 Gedminai\u010diuose sunaikinta.<\/p>\n<p>\u0160iandien yra i\u0161lik\u0119 tik kelios de\u0161imtys knyg\u0173 i\u0161 \u0161ios vertingos kolekcijos. \u201eJ.Platerio antspaudais pa\u017eenklintos knygos \u0161iandien laikomos \u0161e\u0161iose Lietuvos ir dviejose u\u017esienio (Latvijos) mokslin\u0117se bibliotekose, Lietuvos nacionaliniame muziejuje, vienoje asmenin\u0117je kolekcijoje. Ta\u010diau nekyla abejoni\u0173, kad j\u0173 sklaida yra kur kas didesn\u0117, nes duomen\u0173 kaupimas ir bandymas virtualiai atkurti bibliotek\u0105 dar tik prad\u0117tas\u201c, &#8211; ra\u0161o D.Kaunas.<\/p>\n<p><strong>Brolis Steponas \u012fk\u016br\u0117 skaitymo bibliotek\u0105<\/strong><\/p>\n<p>Plateriai &#8211; garsi Lietuvos bajor\u0173 gimin\u0117, turinti graf\u0173 titul\u0105 ir atskir\u0105 herb\u0105, ant kurio lotyn\u0173 kalba u\u017era\u0161yta: \u201eGeriau mirtis negu negarb\u0117\u201c.<\/p>\n<p>Plateri\u0173 pavard\u0117 \u017einoma jau nuo 1180 m. Jie buvo nuolatiniai car\u0173 r\u016bm\u0173 lankytojai, j\u0173 vaikai mok\u0117si karali\u0161kajame lic\u0117juje, jie tur\u0117jo speciali\u0105 aprang\u0105 bei dvaro r\u016bm\u0173 kamerjunkerio titulus.<\/p>\n<p>J.Plateris tur\u0117jo tris brolius: Stepon\u0105, Pranci\u0161k\u0173 ir Kazimier\u0105. Jurgis paveld\u0117jo Gedminai\u010di\u0173 dvar\u0105.<\/p>\n<p>Jurgio \u017emona Natalija Mik\u0161evi\u010di\u016bt\u0117 buvo kilusi i\u0161 Upyt\u0117s kaimo ir gimusi reformato ir katalik\u0117s \u0161eimoje. Pagal to meto tradicij\u0105, jei gimdavo mergait\u0117, paveld\u0117davo mamos tikyb\u0105, jei berniukas &#8211; t\u0117vo, tod\u0117l Natalija buvo katalik\u0117. Su Jurgiu jie susilauk\u0117 s\u016bnaus Teodoro, kuris b\u016bdamas 18 met\u0173 nukrito nuo arklio, susitrenk\u0117 galv\u0105 ir 40 met\u0173 buvo ligonis.<\/p>\n<p>Anksti tapusi na\u0161le Natalija v\u0117liau i\u0161tek\u0117jo antr\u0105 kart\u0105 ir susilauk\u0117 dar keli\u0173 vaik\u0173.<\/p>\n<p>Jurgio brolis Steponas, sekdamas XIX a. mada, suk\u016br\u0117 \u0160v\u0117k\u0161nos dvaro bibliotek\u0105 &#8211; tikr\u0105 pranc\u016bzi\u0161k\u0105j\u0105 (skaitymo) bibliotek\u0105.<br \/>Apie Stepono asmenyb\u0119 yra i\u0161lik\u0119 nema\u017eai informacijos. Jis m\u0117go keliauti, da\u017enai lankydavosi Egipte, i\u0161 ten parsive\u017edavo \u012fvairi\u0173 relikvij\u0173. Steponas buvo parsigaben\u0119s net krokodilo i\u0161kam\u0161\u0105, kuri\u0105 m\u0117gdavo rodyti sve\u010diams pob\u016bvi\u0173 metu. Netrukus ir jis pats buvo pramintas krokodilu.<\/p>\n<p>D.Kaunas pasakojo, kad pom\u0117g\u012f senovei Steponas skiepijo ir s\u016bnui Adomui &#8211; skatino kasin\u0117ti \u0160v\u0117k\u0161nos pilkapius. Kart\u0105 \u0161e\u0161iolikmetis Adomas kasin\u0117damas rado Egipto skulpt\u016br\u0117li\u0173. V\u0117liau prad\u0117ta abejoti, kaip gal\u0117jo \u0160v\u0117k\u0161na bendrauti su Egiptu, ir manyta, kad t\u0117vas paki\u0161o s\u016bnui relikvij\u0173, nor\u0117damas j\u012f paskatinti.<\/p>\n<p>Adomo \u017emona Genovefa Platerien\u0117 labiau m\u0117go lankytis Pary\u017eiuje negu \u0160v\u0117k\u0161noje, tod\u0117l vyras, nor\u0117damas jai \u012fsiteikti, pastat\u0117 vil\u0105 ir jos garbei pavadino Genovait\u0117s vardu. Po Adomo mirties G.Platerien\u0117 dar kelis metus tvark\u0117 \u0160v\u0117k\u0161nos dvaro reikalus.<\/p>\n<p><img loading=\"lazy\" decoding=\"async\" style=\"margin: 5px; vertical-align: middle;\" src=\"\/\/silutesnaujienos.lt\/images\/stories\/LOGO\/spaudos_remimo_fondas.JPG\" alt=\"spaudos remimo fondas\" height=\"61\" width=\"100\" \/>&nbsp;<strong>Projektas: &#8222;Kult\u016bros uostas: Istorija.&#8221;<\/strong><\/p>\n","protected":false},"excerpt":{"rendered":"<p>\u201eBIBLIOTHECA GEORGII COMITIS DE PLATER. Jurgio Platerio biblioteka &#8211; Lietuvos knygos kult\u016bros ir mokslo paminklas\u201c &#8211; naujausia knygotyrininko, bibliofilo, Ma\u017eosios Lietuvos kult\u016bros tyrin\u0117tojo, profesoriaus Domo Kauno knyga. J\u0105 pristatome b\u016btent \u0161iandien, nes vasario 5-oji &#8211; jaunojo grafo Jurgio Platerio, vieno garsiausi\u0173 Lietuvos bajori\u0161kojo lituanistinio s\u0105j\u016bd\u017eio atstov\u0173, netekties diena. 1836 met\u0173 vasario 5 dien\u0105 Gedminai\u010di\u0173 dvaro [&hellip;]<\/p>\n","protected":false},"author":1,"featured_media":0,"comment_status":"open","ping_status":"open","sticky":false,"template":"","format":"standard","meta":{"footnotes":""},"categories":[51],"tags":[],"class_list":{"0":"post-15050","1":"post","2":"type-post","3":"status-publish","4":"format-standard","6":"category-kultura-ir-svietimas"},"yoast_head":"<!-- This site is optimized with the Yoast SEO plugin v27.5 - https:\/\/yoast.com\/product\/yoast-seo-wordpress\/ -->\n<title>Gedminai\u010di\u0173 grafas J.Plateris Lietuvos kult\u016bros turtus kaup\u0117 savo unikalioje bibliotekoje - \u0160ilut\u0117s naujienos<\/title>\n<meta name=\"robots\" content=\"index, follow, max-snippet:-1, max-image-preview:large, max-video-preview:-1\" \/>\n<link rel=\"canonical\" href=\"https:\/\/www.silutesnaujienos.lt\/lt\/gedminaiciu-grafas-j-plateris-lietuvos-kulturos-turtus-kaupe-savo-unikalioje-bibliotekoje\/\" \/>\n<meta property=\"og:locale\" content=\"lt_LT\" \/>\n<meta property=\"og:type\" content=\"article\" \/>\n<meta property=\"og:title\" content=\"Gedminai\u010di\u0173 grafas J.Plateris Lietuvos kult\u016bros turtus kaup\u0117 savo unikalioje bibliotekoje - \u0160ilut\u0117s naujienos\" \/>\n<meta property=\"og:description\" content=\"\u201eBIBLIOTHECA GEORGII COMITIS DE PLATER. Jurgio Platerio biblioteka &#8211; Lietuvos knygos kult\u016bros ir mokslo paminklas\u201c &#8211; naujausia knygotyrininko, bibliofilo, Ma\u017eosios Lietuvos kult\u016bros tyrin\u0117tojo, profesoriaus Domo Kauno knyga. J\u0105 pristatome b\u016btent \u0161iandien, nes vasario 5-oji &#8211; jaunojo grafo Jurgio Platerio, vieno garsiausi\u0173 Lietuvos bajori\u0161kojo lituanistinio s\u0105j\u016bd\u017eio atstov\u0173, netekties diena. 1836 met\u0173 vasario 5 dien\u0105 Gedminai\u010di\u0173 dvaro [&hellip;]\" \/>\n<meta property=\"og:url\" content=\"https:\/\/www.silutesnaujienos.lt\/lt\/gedminaiciu-grafas-j-plateris-lietuvos-kulturos-turtus-kaupe-savo-unikalioje-bibliotekoje\/\" \/>\n<meta property=\"og:site_name\" content=\"\u0160ilut\u0117s naujienos\" \/>\n<meta property=\"article:publisher\" content=\"https:\/\/www.facebook.com\/silutes.naujienos\/\" \/>\n<meta property=\"article:published_time\" content=\"2013-02-05T18:00:00+00:00\" \/>\n<meta property=\"og:image\" content=\"\/\/silutesnaujienos.lt\/images\/stories\/2013\/02\/05\/thumbnails\/thumb_plateris_1.jpg\" \/>\n<meta name=\"author\" content=\"\u0160ilut\u0117s naujien\u0173 inf.\" \/>\n<meta name=\"twitter:card\" content=\"summary_large_image\" \/>\n<meta name=\"twitter:label1\" content=\"Written by\" \/>\n\t<meta name=\"twitter:data1\" content=\"\u0160ilut\u0117s naujien\u0173 inf.\" \/>\n\t<meta name=\"twitter:label2\" content=\"Est. reading time\" \/>\n\t<meta name=\"twitter:data2\" content=\"7 minut\u0117s\" \/>\n<script type=\"application\/ld+json\" class=\"yoast-schema-graph\">{\"@context\":\"https:\\\/\\\/schema.org\",\"@graph\":[{\"@type\":\"Article\",\"@id\":\"https:\\\/\\\/www.silutesnaujienos.lt\\\/lt\\\/gedminaiciu-grafas-j-plateris-lietuvos-kulturos-turtus-kaupe-savo-unikalioje-bibliotekoje\\\/#article\",\"isPartOf\":{\"@id\":\"https:\\\/\\\/www.silutesnaujienos.lt\\\/lt\\\/gedminaiciu-grafas-j-plateris-lietuvos-kulturos-turtus-kaupe-savo-unikalioje-bibliotekoje\\\/\"},\"author\":{\"name\":\"\u0160ilut\u0117s naujien\u0173 inf.\",\"@id\":\"https:\\\/\\\/www.silutesnaujienos.lt\\\/lt\\\/#\\\/schema\\\/person\\\/232f475ddd4a7b5f49b3abc788b17e83\"},\"headline\":\"Gedminai\u010di\u0173 grafas J.Plateris Lietuvos kult\u016bros turtus kaup\u0117 savo unikalioje bibliotekoje\",\"datePublished\":\"2013-02-05T18:00:00+00:00\",\"mainEntityOfPage\":{\"@id\":\"https:\\\/\\\/www.silutesnaujienos.lt\\\/lt\\\/gedminaiciu-grafas-j-plateris-lietuvos-kulturos-turtus-kaupe-savo-unikalioje-bibliotekoje\\\/\"},\"wordCount\":1372,\"commentCount\":0,\"publisher\":{\"@id\":\"https:\\\/\\\/www.silutesnaujienos.lt\\\/lt\\\/#organization\"},\"articleSection\":[\"Kult\u016bra ir \u0161vietimas\"],\"inLanguage\":\"lt-LT\",\"potentialAction\":[{\"@type\":\"CommentAction\",\"name\":\"Comment\",\"target\":[\"https:\\\/\\\/www.silutesnaujienos.lt\\\/lt\\\/gedminaiciu-grafas-j-plateris-lietuvos-kulturos-turtus-kaupe-savo-unikalioje-bibliotekoje\\\/#respond\"]}]},{\"@type\":\"WebPage\",\"@id\":\"https:\\\/\\\/www.silutesnaujienos.lt\\\/lt\\\/gedminaiciu-grafas-j-plateris-lietuvos-kulturos-turtus-kaupe-savo-unikalioje-bibliotekoje\\\/\",\"url\":\"https:\\\/\\\/www.silutesnaujienos.lt\\\/lt\\\/gedminaiciu-grafas-j-plateris-lietuvos-kulturos-turtus-kaupe-savo-unikalioje-bibliotekoje\\\/\",\"name\":\"Gedminai\u010di\u0173 grafas J.Plateris Lietuvos kult\u016bros turtus kaup\u0117 savo unikalioje bibliotekoje - \u0160ilut\u0117s naujienos\",\"isPartOf\":{\"@id\":\"https:\\\/\\\/www.silutesnaujienos.lt\\\/lt\\\/#website\"},\"datePublished\":\"2013-02-05T18:00:00+00:00\",\"breadcrumb\":{\"@id\":\"https:\\\/\\\/www.silutesnaujienos.lt\\\/lt\\\/gedminaiciu-grafas-j-plateris-lietuvos-kulturos-turtus-kaupe-savo-unikalioje-bibliotekoje\\\/#breadcrumb\"},\"inLanguage\":\"lt-LT\",\"potentialAction\":[{\"@type\":\"ReadAction\",\"target\":[\"https:\\\/\\\/www.silutesnaujienos.lt\\\/lt\\\/gedminaiciu-grafas-j-plateris-lietuvos-kulturos-turtus-kaupe-savo-unikalioje-bibliotekoje\\\/\"]}]},{\"@type\":\"BreadcrumbList\",\"@id\":\"https:\\\/\\\/www.silutesnaujienos.lt\\\/lt\\\/gedminaiciu-grafas-j-plateris-lietuvos-kulturos-turtus-kaupe-savo-unikalioje-bibliotekoje\\\/#breadcrumb\",\"itemListElement\":[{\"@type\":\"ListItem\",\"position\":1,\"name\":\"Home\",\"item\":\"https:\\\/\\\/www.silutesnaujienos.lt\\\/lt\\\/\"},{\"@type\":\"ListItem\",\"position\":2,\"name\":\"Gedminai\u010di\u0173 grafas J.Plateris Lietuvos kult\u016bros turtus kaup\u0117 savo unikalioje bibliotekoje\"}]},{\"@type\":\"WebSite\",\"@id\":\"https:\\\/\\\/www.silutesnaujienos.lt\\\/lt\\\/#website\",\"url\":\"https:\\\/\\\/www.silutesnaujienos.lt\\\/lt\\\/\",\"name\":\"\u0160ilut\u0117s naujienos\",\"description\":\"B\u016bk ant naujien\u0173 bangos!\",\"publisher\":{\"@id\":\"https:\\\/\\\/www.silutesnaujienos.lt\\\/lt\\\/#organization\"},\"potentialAction\":[{\"@type\":\"SearchAction\",\"target\":{\"@type\":\"EntryPoint\",\"urlTemplate\":\"https:\\\/\\\/www.silutesnaujienos.lt\\\/lt\\\/?s={search_term_string}\"},\"query-input\":{\"@type\":\"PropertyValueSpecification\",\"valueRequired\":true,\"valueName\":\"search_term_string\"}}],\"inLanguage\":\"lt-LT\"},{\"@type\":\"Organization\",\"@id\":\"https:\\\/\\\/www.silutesnaujienos.lt\\\/lt\\\/#organization\",\"name\":\"\u0160ilut\u0117s naujienos\",\"url\":\"https:\\\/\\\/www.silutesnaujienos.lt\\\/lt\\\/\",\"logo\":{\"@type\":\"ImageObject\",\"inLanguage\":\"lt-LT\",\"@id\":\"https:\\\/\\\/www.silutesnaujienos.lt\\\/lt\\\/#\\\/schema\\\/logo\\\/image\\\/\",\"url\":\"https:\\\/\\\/www.silutesnaujienos.lt\\\/lt\\\/wp-content\\\/uploads\\\/2020\\\/06\\\/FB_MAIN.jpg\",\"contentUrl\":\"https:\\\/\\\/www.silutesnaujienos.lt\\\/lt\\\/wp-content\\\/uploads\\\/2020\\\/06\\\/FB_MAIN.jpg\",\"width\":1700,\"height\":956,\"caption\":\"\u0160ilut\u0117s naujienos\"},\"image\":{\"@id\":\"https:\\\/\\\/www.silutesnaujienos.lt\\\/lt\\\/#\\\/schema\\\/logo\\\/image\\\/\"},\"sameAs\":[\"https:\\\/\\\/www.facebook.com\\\/silutes.naujienos\\\/\",\"https:\\\/\\\/www.youtube.com\\\/channel\\\/UCxW-cgrJDt8GxIMxSTAfJZg\"]},{\"@type\":\"Person\",\"@id\":\"https:\\\/\\\/www.silutesnaujienos.lt\\\/lt\\\/#\\\/schema\\\/person\\\/232f475ddd4a7b5f49b3abc788b17e83\",\"name\":\"\u0160ilut\u0117s naujien\u0173 inf.\",\"image\":{\"@type\":\"ImageObject\",\"inLanguage\":\"lt-LT\",\"@id\":\"https:\\\/\\\/www.silutesnaujienos.lt\\\/lt\\\/wp-content\\\/uploads\\\/2020\\\/06\\\/favicon.png\",\"url\":\"https:\\\/\\\/www.silutesnaujienos.lt\\\/lt\\\/wp-content\\\/uploads\\\/2020\\\/06\\\/favicon.png\",\"contentUrl\":\"https:\\\/\\\/www.silutesnaujienos.lt\\\/lt\\\/wp-content\\\/uploads\\\/2020\\\/06\\\/favicon.png\",\"caption\":\"\u0160ilut\u0117s naujien\u0173 inf.\"},\"sameAs\":[\"https:\\\/\\\/www.silutesnaujienos.lt\\\/lt\"],\"url\":\"https:\\\/\\\/www.silutesnaujienos.lt\\\/lt\\\/author\\\/ruta\\\/\"}]}<\/script>\n<!-- \/ Yoast SEO plugin. -->","yoast_head_json":{"title":"Gedminai\u010di\u0173 grafas J.Plateris Lietuvos kult\u016bros turtus kaup\u0117 savo unikalioje bibliotekoje - \u0160ilut\u0117s naujienos","robots":{"index":"index","follow":"follow","max-snippet":"max-snippet:-1","max-image-preview":"max-image-preview:large","max-video-preview":"max-video-preview:-1"},"canonical":"https:\/\/www.silutesnaujienos.lt\/lt\/gedminaiciu-grafas-j-plateris-lietuvos-kulturos-turtus-kaupe-savo-unikalioje-bibliotekoje\/","og_locale":"lt_LT","og_type":"article","og_title":"Gedminai\u010di\u0173 grafas J.Plateris Lietuvos kult\u016bros turtus kaup\u0117 savo unikalioje bibliotekoje - \u0160ilut\u0117s naujienos","og_description":"\u201eBIBLIOTHECA GEORGII COMITIS DE PLATER. Jurgio Platerio biblioteka &#8211; Lietuvos knygos kult\u016bros ir mokslo paminklas\u201c &#8211; naujausia knygotyrininko, bibliofilo, Ma\u017eosios Lietuvos kult\u016bros tyrin\u0117tojo, profesoriaus Domo Kauno knyga. J\u0105 pristatome b\u016btent \u0161iandien, nes vasario 5-oji &#8211; jaunojo grafo Jurgio Platerio, vieno garsiausi\u0173 Lietuvos bajori\u0161kojo lituanistinio s\u0105j\u016bd\u017eio atstov\u0173, netekties diena. 1836 met\u0173 vasario 5 dien\u0105 Gedminai\u010di\u0173 dvaro [&hellip;]","og_url":"https:\/\/www.silutesnaujienos.lt\/lt\/gedminaiciu-grafas-j-plateris-lietuvos-kulturos-turtus-kaupe-savo-unikalioje-bibliotekoje\/","og_site_name":"\u0160ilut\u0117s naujienos","article_publisher":"https:\/\/www.facebook.com\/silutes.naujienos\/","article_published_time":"2013-02-05T18:00:00+00:00","og_image":[{"url":"\/\/silutesnaujienos.lt\/images\/stories\/2013\/02\/05\/thumbnails\/thumb_plateris_1.jpg","type":"","width":"","height":""}],"author":"\u0160ilut\u0117s naujien\u0173 inf.","twitter_card":"summary_large_image","twitter_misc":{"Written by":"\u0160ilut\u0117s naujien\u0173 inf.","Est. reading time":"7 minut\u0117s"},"schema":{"@context":"https:\/\/schema.org","@graph":[{"@type":"Article","@id":"https:\/\/www.silutesnaujienos.lt\/lt\/gedminaiciu-grafas-j-plateris-lietuvos-kulturos-turtus-kaupe-savo-unikalioje-bibliotekoje\/#article","isPartOf":{"@id":"https:\/\/www.silutesnaujienos.lt\/lt\/gedminaiciu-grafas-j-plateris-lietuvos-kulturos-turtus-kaupe-savo-unikalioje-bibliotekoje\/"},"author":{"name":"\u0160ilut\u0117s naujien\u0173 inf.","@id":"https:\/\/www.silutesnaujienos.lt\/lt\/#\/schema\/person\/232f475ddd4a7b5f49b3abc788b17e83"},"headline":"Gedminai\u010di\u0173 grafas J.Plateris Lietuvos kult\u016bros turtus kaup\u0117 savo unikalioje bibliotekoje","datePublished":"2013-02-05T18:00:00+00:00","mainEntityOfPage":{"@id":"https:\/\/www.silutesnaujienos.lt\/lt\/gedminaiciu-grafas-j-plateris-lietuvos-kulturos-turtus-kaupe-savo-unikalioje-bibliotekoje\/"},"wordCount":1372,"commentCount":0,"publisher":{"@id":"https:\/\/www.silutesnaujienos.lt\/lt\/#organization"},"articleSection":["Kult\u016bra ir \u0161vietimas"],"inLanguage":"lt-LT","potentialAction":[{"@type":"CommentAction","name":"Comment","target":["https:\/\/www.silutesnaujienos.lt\/lt\/gedminaiciu-grafas-j-plateris-lietuvos-kulturos-turtus-kaupe-savo-unikalioje-bibliotekoje\/#respond"]}]},{"@type":"WebPage","@id":"https:\/\/www.silutesnaujienos.lt\/lt\/gedminaiciu-grafas-j-plateris-lietuvos-kulturos-turtus-kaupe-savo-unikalioje-bibliotekoje\/","url":"https:\/\/www.silutesnaujienos.lt\/lt\/gedminaiciu-grafas-j-plateris-lietuvos-kulturos-turtus-kaupe-savo-unikalioje-bibliotekoje\/","name":"Gedminai\u010di\u0173 grafas J.Plateris Lietuvos kult\u016bros turtus kaup\u0117 savo unikalioje bibliotekoje - \u0160ilut\u0117s naujienos","isPartOf":{"@id":"https:\/\/www.silutesnaujienos.lt\/lt\/#website"},"datePublished":"2013-02-05T18:00:00+00:00","breadcrumb":{"@id":"https:\/\/www.silutesnaujienos.lt\/lt\/gedminaiciu-grafas-j-plateris-lietuvos-kulturos-turtus-kaupe-savo-unikalioje-bibliotekoje\/#breadcrumb"},"inLanguage":"lt-LT","potentialAction":[{"@type":"ReadAction","target":["https:\/\/www.silutesnaujienos.lt\/lt\/gedminaiciu-grafas-j-plateris-lietuvos-kulturos-turtus-kaupe-savo-unikalioje-bibliotekoje\/"]}]},{"@type":"BreadcrumbList","@id":"https:\/\/www.silutesnaujienos.lt\/lt\/gedminaiciu-grafas-j-plateris-lietuvos-kulturos-turtus-kaupe-savo-unikalioje-bibliotekoje\/#breadcrumb","itemListElement":[{"@type":"ListItem","position":1,"name":"Home","item":"https:\/\/www.silutesnaujienos.lt\/lt\/"},{"@type":"ListItem","position":2,"name":"Gedminai\u010di\u0173 grafas J.Plateris Lietuvos kult\u016bros turtus kaup\u0117 savo unikalioje bibliotekoje"}]},{"@type":"WebSite","@id":"https:\/\/www.silutesnaujienos.lt\/lt\/#website","url":"https:\/\/www.silutesnaujienos.lt\/lt\/","name":"\u0160ilut\u0117s naujienos","description":"B\u016bk ant naujien\u0173 bangos!","publisher":{"@id":"https:\/\/www.silutesnaujienos.lt\/lt\/#organization"},"potentialAction":[{"@type":"SearchAction","target":{"@type":"EntryPoint","urlTemplate":"https:\/\/www.silutesnaujienos.lt\/lt\/?s={search_term_string}"},"query-input":{"@type":"PropertyValueSpecification","valueRequired":true,"valueName":"search_term_string"}}],"inLanguage":"lt-LT"},{"@type":"Organization","@id":"https:\/\/www.silutesnaujienos.lt\/lt\/#organization","name":"\u0160ilut\u0117s naujienos","url":"https:\/\/www.silutesnaujienos.lt\/lt\/","logo":{"@type":"ImageObject","inLanguage":"lt-LT","@id":"https:\/\/www.silutesnaujienos.lt\/lt\/#\/schema\/logo\/image\/","url":"https:\/\/www.silutesnaujienos.lt\/lt\/wp-content\/uploads\/2020\/06\/FB_MAIN.jpg","contentUrl":"https:\/\/www.silutesnaujienos.lt\/lt\/wp-content\/uploads\/2020\/06\/FB_MAIN.jpg","width":1700,"height":956,"caption":"\u0160ilut\u0117s naujienos"},"image":{"@id":"https:\/\/www.silutesnaujienos.lt\/lt\/#\/schema\/logo\/image\/"},"sameAs":["https:\/\/www.facebook.com\/silutes.naujienos\/","https:\/\/www.youtube.com\/channel\/UCxW-cgrJDt8GxIMxSTAfJZg"]},{"@type":"Person","@id":"https:\/\/www.silutesnaujienos.lt\/lt\/#\/schema\/person\/232f475ddd4a7b5f49b3abc788b17e83","name":"\u0160ilut\u0117s naujien\u0173 inf.","image":{"@type":"ImageObject","inLanguage":"lt-LT","@id":"https:\/\/www.silutesnaujienos.lt\/lt\/wp-content\/uploads\/2020\/06\/favicon.png","url":"https:\/\/www.silutesnaujienos.lt\/lt\/wp-content\/uploads\/2020\/06\/favicon.png","contentUrl":"https:\/\/www.silutesnaujienos.lt\/lt\/wp-content\/uploads\/2020\/06\/favicon.png","caption":"\u0160ilut\u0117s naujien\u0173 inf."},"sameAs":["https:\/\/www.silutesnaujienos.lt\/lt"],"url":"https:\/\/www.silutesnaujienos.lt\/lt\/author\/ruta\/"}]}},"publishpress_future_workflow_manual_trigger":{"enabledWorkflows":[]},"amp_enabled":true,"_links":{"self":[{"href":"https:\/\/www.silutesnaujienos.lt\/lt\/wp-json\/wp\/v2\/posts\/15050","targetHints":{"allow":["GET"]}}],"collection":[{"href":"https:\/\/www.silutesnaujienos.lt\/lt\/wp-json\/wp\/v2\/posts"}],"about":[{"href":"https:\/\/www.silutesnaujienos.lt\/lt\/wp-json\/wp\/v2\/types\/post"}],"author":[{"embeddable":true,"href":"https:\/\/www.silutesnaujienos.lt\/lt\/wp-json\/wp\/v2\/users\/1"}],"replies":[{"embeddable":true,"href":"https:\/\/www.silutesnaujienos.lt\/lt\/wp-json\/wp\/v2\/comments?post=15050"}],"version-history":[{"count":0,"href":"https:\/\/www.silutesnaujienos.lt\/lt\/wp-json\/wp\/v2\/posts\/15050\/revisions"}],"wp:attachment":[{"href":"https:\/\/www.silutesnaujienos.lt\/lt\/wp-json\/wp\/v2\/media?parent=15050"}],"wp:term":[{"taxonomy":"category","embeddable":true,"href":"https:\/\/www.silutesnaujienos.lt\/lt\/wp-json\/wp\/v2\/categories?post=15050"},{"taxonomy":"post_tag","embeddable":true,"href":"https:\/\/www.silutesnaujienos.lt\/lt\/wp-json\/wp\/v2\/tags?post=15050"}],"curies":[{"name":"wp","href":"https:\/\/api.w.org\/{rel}","templated":true}]}}