{"id":15113,"date":"2015-02-26T18:00:00","date_gmt":"2015-02-26T20:00:00","guid":{"rendered":"https:\/\/www.silutesnaujienos.lt\/lt\/etnografe-indre-skablauskaite-nemanau-kad-lietuvininku-tarme-mirs\/"},"modified":"2015-02-26T18:00:00","modified_gmt":"2015-02-26T20:00:00","slug":"etnografe-indre-skablauskaite-nemanau-kad-lietuvininku-tarme-mirs","status":"publish","type":"post","link":"https:\/\/www.silutesnaujienos.lt\/lt\/etnografe-indre-skablauskaite-nemanau-kad-lietuvininku-tarme-mirs\/","title":{"rendered":"Etnograf\u0117 Indr\u0117 Skablauskait\u0117: \u201eNemanau, kad lietuvinink\u0173 tarm\u0117 mirs\u201c"},"content":{"rendered":"<p><a target=\"_blank\" rel=\"caption[Lietuvinink\u0173 tarme etnograf\u0117 I.Skablauskait\u0117 Seime pristat\u0117 parod\u0105 apie \u0160ilut\u0117s kra\u0161t\u0105.] noopener noreferrer\" class=\"jcepopup\" href=\"\/\/silutesnaujienos.lt\/images\/stories\/2015\/VASARIS\/24\/lietuvininku_tarme_etnografe_skablauskaite_Parodos_pristatymas_seime.jpg\" data-rel=\"lightbox-gallery-VfkljKKs\" data-rl_title=\"\" data-rl_caption=\"\"><img loading=\"lazy\" decoding=\"async\" style=\"margin: 5px; float: left;\" class=\"caption\" title=\"\" alt=\"lietuvininku tarme etnografe skablauskaite Parodos pristatymas seime\" src=\"\/\/silutesnaujienos.lt\/images\/stories\/2015\/VASARIS\/24\/thumbnails\/thumb_lietuvininku_tarme_etnografe_skablauskaite_Parodos_pristatymas_seime.jpg\" height=\"230\" width=\"307\" \/><\/a><strong>Vasario 21-\u0105j\u0105 min\u0117jome Tarptautin\u0119 gimtosios kalbos dien\u0105, tod\u0117l \u0161iandien skaitytojams nor\u0117tume priminti tarm\u0119, dar pra\u0117jusiame \u0161imtmetyje klest\u0117jusi\u0105 m\u016bs\u0173 kra\u0161te, o \u0161iandien atgyjan\u010di\u0105 vos vieno kito senojo Ma\u017eosios Lietuvos gyventojo l\u016bpose.<\/strong><\/p>\n<p><strong>\u201eTanti \u012f pan\u0119 \u012fd\u0117jo kliops\u0173, po tam b\u016bt \u012fd\u0117jus i zos\u0117s, bet bijojo, kad zos\u0117 i\u0161b\u0117gs\u201c, &#8211; taip skamba lietuvinink\u0173 tarm\u0117.<\/strong><br \/><strong>Tikriausiai nedaugelis supratote, k\u0105 tai rei\u0161kia. Pasufleruosime, jog&nbsp; \u201etanti\u201c tai teta, \u201epan\u0117\u201c &#8211; keptuv\u0117, \u201ekliopsai\u201c &#8211; kotletai, o \u201ezos\u0117\u201c &#8211; pada\u017eas.<\/strong><\/p>\n<p><strong>\u201eA\u0161 nemanau, kad lietuvinink\u0173 tarm\u0117 mirs. Gal ji nei\u0161plis taip, kaip \u017eemai\u010di\u0173 tarm\u0117, bet kad \u017emon\u0117s ja kalb\u0117s, \u017einos bent svarbiausius \u017eod\u017eius, sud\u0117lios sakinius, ka\u017ek\u0105 supras, manau,&nbsp; ateityje tikrai taip bus\u201c, &#8211; \u012fsitikinusi \u0160ilut\u0117s muziejaus etnograf\u0117 Indr\u0117 Skablauskait\u0117.<\/strong><\/p>\n<p><strong>Indr\u0117 neturi lietuvinink\u0173 \u0161akn\u0173, bet \u0161i\u0105 tarm\u0119 puikiai \u012fvald\u017eiusi, nes vaikyst\u0117je bendravo su lietuvinink\u0117mis.<\/strong><br \/><strong>\u0160ilut\u0117je lank\u0119sis kalbininkas, Klaip\u0117dos universiteto doc. dr. Jonas Bukantis d\u017eiaug\u0117si, kad I.Skablauskait\u0117s, kaip ir lietuvi\u0173 kalbos mokytojos Vaidos Galinskien\u0117s, i\u0161saugota lietuvinink\u0173 tarm\u0117 yra pati autenti\u0161kiausia, gryniausia ir gal\u0117t\u0173 b\u016bti \u0161ios tarm\u0117s pavyzdys.<\/strong><\/p>\n<p><strong>Tarmi\u0161kai prabilo egzamino metu<\/strong><\/p>\n<p>I.Skablauskait\u0117s vasaros, rudenys ir visos atostogos prab\u0117go Saugose, kur gyveno seneliai &#8211; abu \u017eemai\u010diai, atsik\u0117l\u0117liai i\u0161 kito kra\u0161to. \u201eBet juk Saugos yra Ma\u017eosios Lietuvos \u017eem\u0117se. O seneli\u0173 kaimyn\u0117s, o kartu ir geros draug\u0117s, buvo trys seserys \u0161i\u0161ioni\u0161k\u0117s Gerda, Lyn\u0117 ir Liut\u0117. Senolis joms pad\u0117davo nudirbti visus \u016bkio ir nam\u0173 darbus, o tant\u0117s ateidavo per \u0161ventes ir sekmadieniais\u201c, &#8211; vaikyst\u0117je gird\u0117t\u0105 tarm\u0119 iki \u0161iol atsimena Indr\u0117.<\/p>\n<p>Nors I.Skablauskait\u0117 lietuvinink\u0173 tarm\u0119 da\u017enai gird\u0117jo, bet ja nekalb\u0117jo, kol neprireik\u0117. O prireik\u0117 tada, kai stojo mokytis lietuvi\u0173 kalbos ir etnografijos. \u201eTada dar buvo stojamieji egzaminai ir vienas plius\u0173 buvo kalb\u0117jimas tarme. Stojamojo egzamino metu ir paband\u017eiau pakalb\u0117ti taip, kaip kalb\u0117davo seneli\u0173 kaimyn\u0117s\u201c, &#8211; pasakojo moteris.<\/p>\n<p>Studij\u0173 metais Indr\u0117 dar labiau gilinosi \u012f lietuvinink\u0173 tarm\u0119, nuolat vaik\u0161\u010diojo pas \u0161i\u0161ioni\u0161kes, \u012fra\u0161in\u0117jo j\u0173 pasakojimus. Prisimena, daug \u017eini\u0173 gavusi i\u0161 saugi\u0161k\u0117s R\u016btos Jokubaityt\u0117s, taip pat \u0161iluti\u0161k\u0117s E.Kybrans.<br \/>I.Skablauskait\u0117s iniciatyva jau tre\u010dius metus \u0160ilut\u0117je veikia lietuvinink\u0173 tarm\u0117s mokykl\u0117l\u0117, kur priimami visi norintys i\u0161mokti \u0161ios tarm\u0117s. \u0160iais metais tarm\u0117s mokykl\u0117l\u0117je bus naujovi\u0173 &#8211; lankytojai gaus \u017eini\u0173 ne tik apie tarm\u0119, bet ir apie senuosius Ma\u017eosios Lietuvos papro\u010dius.<\/p>\n<p>\u0160ios mokykl\u0117l\u0117s auditorija &#8211; \u012fvairi, kiekvieni metai duoda vis nauj\u0173 \u017emoni\u0173. Vieni ateina nor\u0117dami su\u017einoti sen\u0105j\u0105 lietuvinink\u0173 kalb\u0105, kitiems tai laiko praleidimo b\u016bdas, nes jie ir keliauja, ir \u012fdomius darbus dirba.<br \/>Indr\u0117 pripa\u017e\u012fsta, kad \u012fdomiausia jos mokiniams &#8211; leksika &#8211; tarmi\u0161ki \u017eod\u017eiai. \u017dmon\u0117ms smagu su\u017einoti, kad, pavyzd\u017eiui, kurpik\u0117mis batelius vadindavo, o adatos tai virbalai b\u016bdavo.<\/p>\n<p><strong>Tikr\u0173 lietuvinink\u0173 liko ma\u017eiau nei \u0161imtas<\/strong><\/p>\n<p>I.Skablauskait\u0117 pasakojo, kad iki XX am\u017eiaus prad\u017eios lietuvinink\u0173 tarm\u0117 m\u016bs\u0173 kra\u0161te klest\u0117jo. 700 met\u0173 vokie\u010di\u0173 ir lietuvi\u0173 tautos gyveno viena \u0161alia kitos, tod\u0117l vieni \u0161io kra\u0161to gyventojai save laik\u0117 vokie\u010diais, o kiti lietuviais &#8211; lietuvininkais. 1925 m. gyventoj\u0173 sura\u0161ymo duomenimis, Klaip\u0117dos kra\u0161te gyveno 141 000 \u017emoni\u0173, i\u0161 kuri\u0173 daugiau kaip 50 proc. kalb\u0117jo lietuvi\u0161kai.<a target=\"_blank\" rel=\"caption[I.Skablauskait\u0117s suburtos Lietuvinink\u0173 tarm\u0117s mokykl\u0117l\u0117s klausytojai pernai sureng\u0117 ne vien\u0105 kelion\u0119 po Ma\u017e\u0105j\u0105 Lietuv\u0105. Nuotraukoje - vie\u0161nag\u0117 Bit\u0117nuose.] noopener noreferrer\" class=\"jcepopup\" href=\"\/\/silutesnaujienos.lt\/images\/stories\/2015\/VASARIS\/24\/lietuvininku_tarmes_mokykla_bitenuose.jpg\" data-rel=\"lightbox-gallery-VfkljKKs\" data-rl_title=\"\" data-rl_caption=\"\"><img loading=\"lazy\" decoding=\"async\" style=\"margin: 5px; float: right;\" class=\"caption\" title=\"\" alt=\"lietuvininku tarmes mokykla bitenuose\" src=\"\/\/silutesnaujienos.lt\/images\/stories\/2015\/VASARIS\/24\/thumbnails\/thumb_lietuvininku_tarmes_mokykla_bitenuose.jpg\" height=\"230\" width=\"307\" \/><\/a><\/p>\n<p>\u0160iandien dauguma Klaip\u0117dos kra\u0161to kaim\u0173 yra i\u0161nyk\u0119, daug kur kaim\u0173 vietose likusios tik kapinait\u0117s, apaugusios med\u017eiais, ir plyni laukai. Nedaug belik\u0119 ir lietuvinink\u0173 tarme kalban\u010di\u0173j\u0173.<\/p>\n<p>Prie\u0161 kelet\u0105 met\u0173 Klaip\u0117dos universiteto humanitarini\u0173 moksl\u0173 daktaras J.Bukantis dar ap\u0117jo visus lietuvininkus &#8211; tada j\u0173 u\u017efiksavo 106, bet, I.Skablauskait\u0117s \u017einiomis, \u0161iandien ir 100 jau neb\u0117ra. \u201eVienas po kito \u012f kapelius nukeliauja\u201c, &#8211; li\u016bdnai sako ji.<\/p>\n<p>Kiekvien\u0105 vasar\u0105 \u0160ilut\u0117s muziejaus darbuotojai va\u017eiuoja \u012f ekspedicijas, kuri\u0173 metu lanko tuos paskutinius \u017emones, kurie kalba lietuvinink\u0173 tarme. Muziejininkai u\u017era\u0161in\u0117ja j\u0173 pasakojimus apie gyvenim\u0105, papro\u010dius, aprang\u0105, valgio gaminimo receptus.<\/p>\n<p>I.Skablauskait\u0117 da\u017enai \u0161i\u0161ioni\u0161ki\u0173 klausia: \u201eKuo j\u016bs save laikote &#8211; ar lietuvininku, ar vokie\u010diu? Yra \u017emoni\u0173, kurie sako esantys tikri lietuvininkai, lietuviai, kiti save pr\u016bsais laiko, dar kiti sako esantys vokie\u010di\u0173 kilm\u0117s.<\/p>\n<p>Pavyzd\u017eiui, i\u0161 Klaip\u0117dos kilusi Dorot\u0117ja R\u016bta Varoneckien\u0117 (buvusi Toleikyt\u0117), kurios t\u0117vas buvo bankininkas, i\u0161girdusi tok\u012f klausim\u0105 atsak\u0117, jog yra lietuvinink\u0117.<\/p>\n<p><strong>Tarm\u0117 dalijama \u012f vakar\u0173 auk\u0161tai\u010di\u0173 ir vakar\u0173 \u017eemai\u010di\u0173<\/strong><\/p>\n<p>Klaip\u0117dos kra\u0161to gyventojai vadinti \u012fvairiai: lietuvininkais, \u0161i\u0161ioni\u0161kiais, pr\u016bsais, b\u016brais, o dar smulkiau &#8211; pagal gyvenimo b\u016bd\u0105 &#8211; \u017eemininkais, laukininkais, pelkininkais, \u017evejininkais, kopininkais.<br \/>Lietuvinink\u0173 tarm\u0117 yra Ma\u017eosios Lietuvos etnografinio regiono tarm\u0117, dar dalijama \u012f vakar\u0173 auk\u0161tai\u010di\u0173 ir vakar\u0173 \u017eemai\u010di\u0173. Nuo Pliki\u0173 iki Juknai\u010di\u0173 (visas Klaip\u0117dos regionas, Priekul\u0117, Svencel\u0117, Dreverna, \u0160ilut\u0117, Rusn\u0117, Saugos) yra vakar\u0173 \u017eemai\u010di\u0173 tarm\u0117s regionas, nes \u010dia yra ribos su \u017demaitija. O teritorija nuo Juknai\u010di\u0173 (Pag\u0117giai, Smalininkai, Vilky\u0161kiai) kalbinink\u0173 priskiriama vakar\u0173 auk\u0161tai\u010diams.<br \/>\u017demaiti\u0161kosios Klaip\u0117dos kra\u0161to dalies \u0161iauriausias ta\u0161kas yra ties Kalote, Plikiais, o pie\u010diausias &#8211; ties Juknai\u010diais, Sausgalviais, \u0160ilininkais.<\/p>\n<p>Vakar\u0173 auk\u0161tai\u010di\u0173 tarm\u0117s atstovus kalbininkai dar dalina \u012f striukus ir baltserm\u0117gius. I.Skablauskait\u0117 pasakojo, kad lietuvinink\u0173 tarm\u0117s atstovas K.Donelaitis, kuris ra\u0161\u0117 \u201eSveiks, svieteli margs\u201c, buvo, be abejon\u0117s, striuki\u0173 atstovas, o striukis tod\u0117l, kad trumpino gal\u016bnes. Toje pus\u0117je b\u016bta ir baltserm\u0117gi\u0173, kurie savo pavadinim\u0105 gavo d\u0117l to, kad jie d\u0117v\u0117jo baltas neda\u017eytos vilnos serm\u0117gas. J\u0173 \u0161nekta, pasak etnograf\u0117s, visi\u0161kai i\u0161nyko.<\/p>\n<p><strong>Trumpina gal\u016bnes ir mink\u0161tina priebals\u012f -l<\/strong><\/p>\n<p>I.Skablauskait\u0117 i\u0161skyr\u0117 pagrindinius lietuvinink\u0173 tarm\u0117s bruo\u017eus. Lietuvininkai netur\u0117jo dvibalsi\u0173 -uo ir -ie, o sakydavo -o ir -\u0117. Ne \u201epienas\u201c, \u201eduona\u201c, o \u201ep\u0117ns\u201c, \u201edona\u201c. Lietuvininkai visada mink\u0161tina priebals\u012f -l, tai germanizmo \u012ftaka: sako ne \u201elova\u201c, o \u201eliova\u201c, \u201e\u0160ili\u016bt\u0117\u201c, \u201eklioj\u201c. Taipogi vietoj vietininko naudodavo ir iki \u0161iol naudoja galinink\u0105 su prielinksniu \u201e\u012f\u201c, sako ne \u201egyvenu Pag\u0117giuose\u201c, o \u201egyvenu \u012f Pag\u0117gius\u201c, b\u016bsiu \u201ene \u0160ilut\u0117je\u201c, o b\u016bsiu \u201e\u012f \u0160ili\u016bt\u0119\u201c, \u201em\u0117g \u012f liov\u0105\u201c ir t.t.<br \/>Daug \u017eod\u017ei\u0173 buvo kitoki\u0173 negu did\u017eiojoje Lietuvoje: visoje Lietuvoje mezg\u0117 virbalais, o \u010dia mezgin\u012f \u201ead\u0117 adatomis\u201c; d\u016bdas \u010dia tampo, o visur kitur pu\u010dia.<\/p>\n<p>Daugelis sen\u0173j\u0173 lietuvinink\u0173 \u017eod\u017ei\u0173 yra nebevartojami, o tokie \u017eod\u017eiai kaip \u201edaga\u201c, \u201edelmonas\u201c yra b\u016bdingi tik Klaip\u0117dos kra\u0161tui.<\/p>\n<p>Lengviausia lietuvininkus atpa\u017einti pagal vardus. Populiariausi moteri\u0161ki vardai: Anna, Marija, Barb\u0117, Greta, Berta, Els\u0117, Ema, Eva, Trud\u0117, Urt\u0117. Populiariausi vyri\u0161ki vardai: Johanas, Michelis, Georgas, Valteris, Hansas, Er\u010dius, Helmutas, Fricas, Martinas, Vilius. J.Bukantis pasteb\u0117jo, kad i\u0161 \u0161i\u0173 vard\u0173 n\u0117ra n\u0117 vieno, kuris b\u016bt\u0173 dabar populiarus \u0160ilut\u0117je.<\/p>\n<p>Pavard\u0117s taip pat buvo savitos: arba voki\u0161kos, arba kilusios i\u0161 german\u0173. Populiariausios lietuvinink\u0173 pavard\u0117s buvo: Engelinas, Enzinas, Bastijonas, Buntinas, Goberis, Kiaupa, Kybrancas, Kiupis, P\u0117teraitis, Pipis, Preik\u0161aitis, Pr\u016bsas, Roga, Rudmokas, U\u017epurvis, Tydekas.<\/p>\n<p><strong>Juokdavosi i\u0161 kopinink\u0173<\/strong><\/p>\n<p>Patys lietuvininkai visada juokdavosi i\u0161 kopinink\u0173. Sakydavo, kad jei jau merga u\u017e kopininko i\u0161tek\u0117s, tai vis\u0105 gyvenim\u0105 \u201etik \u017eiuv\u012f ir \u0161mekios\u201c (\u017euv\u012f valgys).<\/p>\n<p>I.Skablauskait\u0117 papasakojo smag\u0173 padavim\u0105 apie kopininkus. Sako, kad kai Dievas kalbas dalijo, tai \u017eemininkams, kurie gyveno netoli Kint\u0173, dav\u0117 lietuvi\u0173 kalb\u0105, vokie\u010diams &#8211; vokie\u010di\u0173. Nuo vis\u0173 po vien\u0105 vyr\u0105 at\u0117jo pasiimti kalbos, tik kopininkas liko paskutinis. O paskutinis jis liko, nes nu\u0117jo \u012f kr\u016bmus t\u016bpti ir u\u017emir\u0161o, kad reikia t\u0105 kalb\u0105 pasiimti. Paskui su\u017einojo, kad dalija kalbas, at\u0117jo jis pasiimti tos kalbos, tai taip jam ir kliuvo: truputis &#8211; i\u0161 vokie\u010di\u0173, truputis &#8211; i\u0161 lietuvi\u0173, ir i\u0161 kur\u0161io dar ka\u017ek\u0105 dav\u0117. Tod\u0117l ta kopinink\u0173 kalba ir buvo tokia keista, o dabar, pasak etnograf\u0117s, \u0161ios tarm\u0117s i\u0161vis nebelik\u0119.<\/p>\n","protected":false},"excerpt":{"rendered":"<p>Vasario 21-\u0105j\u0105 min\u0117jome Tarptautin\u0119 gimtosios kalbos dien\u0105, tod\u0117l \u0161iandien skaitytojams nor\u0117tume priminti tarm\u0119, dar pra\u0117jusiame \u0161imtmetyje klest\u0117jusi\u0105 m\u016bs\u0173 kra\u0161te, o \u0161iandien atgyjan\u010di\u0105 vos vieno kito senojo Ma\u017eosios Lietuvos gyventojo l\u016bpose. \u201eTanti \u012f pan\u0119 \u012fd\u0117jo kliops\u0173, po tam b\u016bt \u012fd\u0117jus i zos\u0117s, bet bijojo, kad zos\u0117 i\u0161b\u0117gs\u201c, &#8211; taip skamba lietuvinink\u0173 tarm\u0117.Tikriausiai nedaugelis supratote, k\u0105 tai [&hellip;]<\/p>\n","protected":false},"author":1,"featured_media":0,"comment_status":"open","ping_status":"open","sticky":false,"template":"","format":"standard","meta":{"footnotes":""},"categories":[51],"tags":[],"class_list":{"0":"post-15113","1":"post","2":"type-post","3":"status-publish","4":"format-standard","6":"category-kultura-ir-svietimas"},"yoast_head":"<!-- This site is optimized with the Yoast SEO plugin v27.4 - https:\/\/yoast.com\/product\/yoast-seo-wordpress\/ -->\n<title>Etnograf\u0117 Indr\u0117 Skablauskait\u0117: \u201eNemanau, kad lietuvinink\u0173 tarm\u0117 mirs\u201c - \u0160ilut\u0117s naujienos<\/title>\n<meta name=\"robots\" content=\"index, follow, max-snippet:-1, max-image-preview:large, max-video-preview:-1\" \/>\n<link rel=\"canonical\" href=\"https:\/\/www.silutesnaujienos.lt\/lt\/etnografe-indre-skablauskaite-nemanau-kad-lietuvininku-tarme-mirs\/\" \/>\n<meta property=\"og:locale\" content=\"lt_LT\" \/>\n<meta property=\"og:type\" content=\"article\" \/>\n<meta property=\"og:title\" content=\"Etnograf\u0117 Indr\u0117 Skablauskait\u0117: \u201eNemanau, kad lietuvinink\u0173 tarm\u0117 mirs\u201c - \u0160ilut\u0117s naujienos\" \/>\n<meta property=\"og:description\" content=\"Vasario 21-\u0105j\u0105 min\u0117jome Tarptautin\u0119 gimtosios kalbos dien\u0105, tod\u0117l \u0161iandien skaitytojams nor\u0117tume priminti tarm\u0119, dar pra\u0117jusiame \u0161imtmetyje klest\u0117jusi\u0105 m\u016bs\u0173 kra\u0161te, o \u0161iandien atgyjan\u010di\u0105 vos vieno kito senojo Ma\u017eosios Lietuvos gyventojo l\u016bpose. \u201eTanti \u012f pan\u0119 \u012fd\u0117jo kliops\u0173, po tam b\u016bt \u012fd\u0117jus i zos\u0117s, bet bijojo, kad zos\u0117 i\u0161b\u0117gs\u201c, &#8211; taip skamba lietuvinink\u0173 tarm\u0117.Tikriausiai nedaugelis supratote, k\u0105 tai [&hellip;]\" \/>\n<meta property=\"og:url\" content=\"https:\/\/www.silutesnaujienos.lt\/lt\/etnografe-indre-skablauskaite-nemanau-kad-lietuvininku-tarme-mirs\/\" \/>\n<meta property=\"og:site_name\" content=\"\u0160ilut\u0117s naujienos\" \/>\n<meta property=\"article:publisher\" content=\"https:\/\/www.facebook.com\/silutes.naujienos\/\" \/>\n<meta property=\"article:published_time\" content=\"2015-02-26T20:00:00+00:00\" \/>\n<meta property=\"og:image\" content=\"\/\/silutesnaujienos.lt\/images\/stories\/2015\/VASARIS\/24\/thumbnails\/thumb_lietuvininku_tarme_etnografe_skablauskaite_Parodos_pristatymas_seime.jpg\" \/>\n<meta name=\"author\" content=\"\u0160ilut\u0117s naujien\u0173 inf.\" \/>\n<meta name=\"twitter:card\" content=\"summary_large_image\" \/>\n<meta name=\"twitter:label1\" content=\"Written by\" \/>\n\t<meta name=\"twitter:data1\" content=\"\u0160ilut\u0117s naujien\u0173 inf.\" \/>\n\t<meta name=\"twitter:label2\" content=\"Est. reading time\" \/>\n\t<meta name=\"twitter:data2\" content=\"7 minut\u0117s\" \/>\n<script type=\"application\/ld+json\" class=\"yoast-schema-graph\">{\"@context\":\"https:\\\/\\\/schema.org\",\"@graph\":[{\"@type\":\"Article\",\"@id\":\"https:\\\/\\\/www.silutesnaujienos.lt\\\/lt\\\/etnografe-indre-skablauskaite-nemanau-kad-lietuvininku-tarme-mirs\\\/#article\",\"isPartOf\":{\"@id\":\"https:\\\/\\\/www.silutesnaujienos.lt\\\/lt\\\/etnografe-indre-skablauskaite-nemanau-kad-lietuvininku-tarme-mirs\\\/\"},\"author\":{\"name\":\"\u0160ilut\u0117s naujien\u0173 inf.\",\"@id\":\"https:\\\/\\\/www.silutesnaujienos.lt\\\/lt\\\/#\\\/schema\\\/person\\\/232f475ddd4a7b5f49b3abc788b17e83\"},\"headline\":\"Etnograf\u0117 Indr\u0117 Skablauskait\u0117: \u201eNemanau, kad lietuvinink\u0173 tarm\u0117 mirs\u201c\",\"datePublished\":\"2015-02-26T20:00:00+00:00\",\"mainEntityOfPage\":{\"@id\":\"https:\\\/\\\/www.silutesnaujienos.lt\\\/lt\\\/etnografe-indre-skablauskaite-nemanau-kad-lietuvininku-tarme-mirs\\\/\"},\"wordCount\":1331,\"commentCount\":0,\"publisher\":{\"@id\":\"https:\\\/\\\/www.silutesnaujienos.lt\\\/lt\\\/#organization\"},\"articleSection\":[\"Kult\u016bra ir \u0161vietimas\"],\"inLanguage\":\"lt-LT\",\"potentialAction\":[{\"@type\":\"CommentAction\",\"name\":\"Comment\",\"target\":[\"https:\\\/\\\/www.silutesnaujienos.lt\\\/lt\\\/etnografe-indre-skablauskaite-nemanau-kad-lietuvininku-tarme-mirs\\\/#respond\"]}]},{\"@type\":\"WebPage\",\"@id\":\"https:\\\/\\\/www.silutesnaujienos.lt\\\/lt\\\/etnografe-indre-skablauskaite-nemanau-kad-lietuvininku-tarme-mirs\\\/\",\"url\":\"https:\\\/\\\/www.silutesnaujienos.lt\\\/lt\\\/etnografe-indre-skablauskaite-nemanau-kad-lietuvininku-tarme-mirs\\\/\",\"name\":\"Etnograf\u0117 Indr\u0117 Skablauskait\u0117: \u201eNemanau, kad lietuvinink\u0173 tarm\u0117 mirs\u201c - \u0160ilut\u0117s naujienos\",\"isPartOf\":{\"@id\":\"https:\\\/\\\/www.silutesnaujienos.lt\\\/lt\\\/#website\"},\"datePublished\":\"2015-02-26T20:00:00+00:00\",\"breadcrumb\":{\"@id\":\"https:\\\/\\\/www.silutesnaujienos.lt\\\/lt\\\/etnografe-indre-skablauskaite-nemanau-kad-lietuvininku-tarme-mirs\\\/#breadcrumb\"},\"inLanguage\":\"lt-LT\",\"potentialAction\":[{\"@type\":\"ReadAction\",\"target\":[\"https:\\\/\\\/www.silutesnaujienos.lt\\\/lt\\\/etnografe-indre-skablauskaite-nemanau-kad-lietuvininku-tarme-mirs\\\/\"]}]},{\"@type\":\"BreadcrumbList\",\"@id\":\"https:\\\/\\\/www.silutesnaujienos.lt\\\/lt\\\/etnografe-indre-skablauskaite-nemanau-kad-lietuvininku-tarme-mirs\\\/#breadcrumb\",\"itemListElement\":[{\"@type\":\"ListItem\",\"position\":1,\"name\":\"Home\",\"item\":\"https:\\\/\\\/www.silutesnaujienos.lt\\\/lt\\\/\"},{\"@type\":\"ListItem\",\"position\":2,\"name\":\"Etnograf\u0117 Indr\u0117 Skablauskait\u0117: \u201eNemanau, kad lietuvinink\u0173 tarm\u0117 mirs\u201c\"}]},{\"@type\":\"WebSite\",\"@id\":\"https:\\\/\\\/www.silutesnaujienos.lt\\\/lt\\\/#website\",\"url\":\"https:\\\/\\\/www.silutesnaujienos.lt\\\/lt\\\/\",\"name\":\"\u0160ilut\u0117s naujienos\",\"description\":\"B\u016bk ant naujien\u0173 bangos!\",\"publisher\":{\"@id\":\"https:\\\/\\\/www.silutesnaujienos.lt\\\/lt\\\/#organization\"},\"potentialAction\":[{\"@type\":\"SearchAction\",\"target\":{\"@type\":\"EntryPoint\",\"urlTemplate\":\"https:\\\/\\\/www.silutesnaujienos.lt\\\/lt\\\/?s={search_term_string}\"},\"query-input\":{\"@type\":\"PropertyValueSpecification\",\"valueRequired\":true,\"valueName\":\"search_term_string\"}}],\"inLanguage\":\"lt-LT\"},{\"@type\":\"Organization\",\"@id\":\"https:\\\/\\\/www.silutesnaujienos.lt\\\/lt\\\/#organization\",\"name\":\"\u0160ilut\u0117s naujienos\",\"url\":\"https:\\\/\\\/www.silutesnaujienos.lt\\\/lt\\\/\",\"logo\":{\"@type\":\"ImageObject\",\"inLanguage\":\"lt-LT\",\"@id\":\"https:\\\/\\\/www.silutesnaujienos.lt\\\/lt\\\/#\\\/schema\\\/logo\\\/image\\\/\",\"url\":\"https:\\\/\\\/www.silutesnaujienos.lt\\\/lt\\\/wp-content\\\/uploads\\\/2020\\\/06\\\/FB_MAIN.jpg\",\"contentUrl\":\"https:\\\/\\\/www.silutesnaujienos.lt\\\/lt\\\/wp-content\\\/uploads\\\/2020\\\/06\\\/FB_MAIN.jpg\",\"width\":1700,\"height\":956,\"caption\":\"\u0160ilut\u0117s naujienos\"},\"image\":{\"@id\":\"https:\\\/\\\/www.silutesnaujienos.lt\\\/lt\\\/#\\\/schema\\\/logo\\\/image\\\/\"},\"sameAs\":[\"https:\\\/\\\/www.facebook.com\\\/silutes.naujienos\\\/\",\"https:\\\/\\\/www.youtube.com\\\/channel\\\/UCxW-cgrJDt8GxIMxSTAfJZg\"]},{\"@type\":\"Person\",\"@id\":\"https:\\\/\\\/www.silutesnaujienos.lt\\\/lt\\\/#\\\/schema\\\/person\\\/232f475ddd4a7b5f49b3abc788b17e83\",\"name\":\"\u0160ilut\u0117s naujien\u0173 inf.\",\"image\":{\"@type\":\"ImageObject\",\"inLanguage\":\"lt-LT\",\"@id\":\"https:\\\/\\\/www.silutesnaujienos.lt\\\/lt\\\/wp-content\\\/uploads\\\/2020\\\/06\\\/favicon.png\",\"url\":\"https:\\\/\\\/www.silutesnaujienos.lt\\\/lt\\\/wp-content\\\/uploads\\\/2020\\\/06\\\/favicon.png\",\"contentUrl\":\"https:\\\/\\\/www.silutesnaujienos.lt\\\/lt\\\/wp-content\\\/uploads\\\/2020\\\/06\\\/favicon.png\",\"caption\":\"\u0160ilut\u0117s naujien\u0173 inf.\"},\"sameAs\":[\"https:\\\/\\\/www.silutesnaujienos.lt\\\/lt\"],\"url\":\"https:\\\/\\\/www.silutesnaujienos.lt\\\/lt\\\/author\\\/ruta\\\/\"}]}<\/script>\n<!-- \/ Yoast SEO plugin. -->","yoast_head_json":{"title":"Etnograf\u0117 Indr\u0117 Skablauskait\u0117: \u201eNemanau, kad lietuvinink\u0173 tarm\u0117 mirs\u201c - \u0160ilut\u0117s naujienos","robots":{"index":"index","follow":"follow","max-snippet":"max-snippet:-1","max-image-preview":"max-image-preview:large","max-video-preview":"max-video-preview:-1"},"canonical":"https:\/\/www.silutesnaujienos.lt\/lt\/etnografe-indre-skablauskaite-nemanau-kad-lietuvininku-tarme-mirs\/","og_locale":"lt_LT","og_type":"article","og_title":"Etnograf\u0117 Indr\u0117 Skablauskait\u0117: \u201eNemanau, kad lietuvinink\u0173 tarm\u0117 mirs\u201c - \u0160ilut\u0117s naujienos","og_description":"Vasario 21-\u0105j\u0105 min\u0117jome Tarptautin\u0119 gimtosios kalbos dien\u0105, tod\u0117l \u0161iandien skaitytojams nor\u0117tume priminti tarm\u0119, dar pra\u0117jusiame \u0161imtmetyje klest\u0117jusi\u0105 m\u016bs\u0173 kra\u0161te, o \u0161iandien atgyjan\u010di\u0105 vos vieno kito senojo Ma\u017eosios Lietuvos gyventojo l\u016bpose. \u201eTanti \u012f pan\u0119 \u012fd\u0117jo kliops\u0173, po tam b\u016bt \u012fd\u0117jus i zos\u0117s, bet bijojo, kad zos\u0117 i\u0161b\u0117gs\u201c, &#8211; taip skamba lietuvinink\u0173 tarm\u0117.Tikriausiai nedaugelis supratote, k\u0105 tai [&hellip;]","og_url":"https:\/\/www.silutesnaujienos.lt\/lt\/etnografe-indre-skablauskaite-nemanau-kad-lietuvininku-tarme-mirs\/","og_site_name":"\u0160ilut\u0117s naujienos","article_publisher":"https:\/\/www.facebook.com\/silutes.naujienos\/","article_published_time":"2015-02-26T20:00:00+00:00","og_image":[{"url":"\/\/silutesnaujienos.lt\/images\/stories\/2015\/VASARIS\/24\/thumbnails\/thumb_lietuvininku_tarme_etnografe_skablauskaite_Parodos_pristatymas_seime.jpg","type":"","width":"","height":""}],"author":"\u0160ilut\u0117s naujien\u0173 inf.","twitter_card":"summary_large_image","twitter_misc":{"Written by":"\u0160ilut\u0117s naujien\u0173 inf.","Est. reading time":"7 minut\u0117s"},"schema":{"@context":"https:\/\/schema.org","@graph":[{"@type":"Article","@id":"https:\/\/www.silutesnaujienos.lt\/lt\/etnografe-indre-skablauskaite-nemanau-kad-lietuvininku-tarme-mirs\/#article","isPartOf":{"@id":"https:\/\/www.silutesnaujienos.lt\/lt\/etnografe-indre-skablauskaite-nemanau-kad-lietuvininku-tarme-mirs\/"},"author":{"name":"\u0160ilut\u0117s naujien\u0173 inf.","@id":"https:\/\/www.silutesnaujienos.lt\/lt\/#\/schema\/person\/232f475ddd4a7b5f49b3abc788b17e83"},"headline":"Etnograf\u0117 Indr\u0117 Skablauskait\u0117: \u201eNemanau, kad lietuvinink\u0173 tarm\u0117 mirs\u201c","datePublished":"2015-02-26T20:00:00+00:00","mainEntityOfPage":{"@id":"https:\/\/www.silutesnaujienos.lt\/lt\/etnografe-indre-skablauskaite-nemanau-kad-lietuvininku-tarme-mirs\/"},"wordCount":1331,"commentCount":0,"publisher":{"@id":"https:\/\/www.silutesnaujienos.lt\/lt\/#organization"},"articleSection":["Kult\u016bra ir \u0161vietimas"],"inLanguage":"lt-LT","potentialAction":[{"@type":"CommentAction","name":"Comment","target":["https:\/\/www.silutesnaujienos.lt\/lt\/etnografe-indre-skablauskaite-nemanau-kad-lietuvininku-tarme-mirs\/#respond"]}]},{"@type":"WebPage","@id":"https:\/\/www.silutesnaujienos.lt\/lt\/etnografe-indre-skablauskaite-nemanau-kad-lietuvininku-tarme-mirs\/","url":"https:\/\/www.silutesnaujienos.lt\/lt\/etnografe-indre-skablauskaite-nemanau-kad-lietuvininku-tarme-mirs\/","name":"Etnograf\u0117 Indr\u0117 Skablauskait\u0117: \u201eNemanau, kad lietuvinink\u0173 tarm\u0117 mirs\u201c - \u0160ilut\u0117s naujienos","isPartOf":{"@id":"https:\/\/www.silutesnaujienos.lt\/lt\/#website"},"datePublished":"2015-02-26T20:00:00+00:00","breadcrumb":{"@id":"https:\/\/www.silutesnaujienos.lt\/lt\/etnografe-indre-skablauskaite-nemanau-kad-lietuvininku-tarme-mirs\/#breadcrumb"},"inLanguage":"lt-LT","potentialAction":[{"@type":"ReadAction","target":["https:\/\/www.silutesnaujienos.lt\/lt\/etnografe-indre-skablauskaite-nemanau-kad-lietuvininku-tarme-mirs\/"]}]},{"@type":"BreadcrumbList","@id":"https:\/\/www.silutesnaujienos.lt\/lt\/etnografe-indre-skablauskaite-nemanau-kad-lietuvininku-tarme-mirs\/#breadcrumb","itemListElement":[{"@type":"ListItem","position":1,"name":"Home","item":"https:\/\/www.silutesnaujienos.lt\/lt\/"},{"@type":"ListItem","position":2,"name":"Etnograf\u0117 Indr\u0117 Skablauskait\u0117: \u201eNemanau, kad lietuvinink\u0173 tarm\u0117 mirs\u201c"}]},{"@type":"WebSite","@id":"https:\/\/www.silutesnaujienos.lt\/lt\/#website","url":"https:\/\/www.silutesnaujienos.lt\/lt\/","name":"\u0160ilut\u0117s naujienos","description":"B\u016bk ant naujien\u0173 bangos!","publisher":{"@id":"https:\/\/www.silutesnaujienos.lt\/lt\/#organization"},"potentialAction":[{"@type":"SearchAction","target":{"@type":"EntryPoint","urlTemplate":"https:\/\/www.silutesnaujienos.lt\/lt\/?s={search_term_string}"},"query-input":{"@type":"PropertyValueSpecification","valueRequired":true,"valueName":"search_term_string"}}],"inLanguage":"lt-LT"},{"@type":"Organization","@id":"https:\/\/www.silutesnaujienos.lt\/lt\/#organization","name":"\u0160ilut\u0117s naujienos","url":"https:\/\/www.silutesnaujienos.lt\/lt\/","logo":{"@type":"ImageObject","inLanguage":"lt-LT","@id":"https:\/\/www.silutesnaujienos.lt\/lt\/#\/schema\/logo\/image\/","url":"https:\/\/www.silutesnaujienos.lt\/lt\/wp-content\/uploads\/2020\/06\/FB_MAIN.jpg","contentUrl":"https:\/\/www.silutesnaujienos.lt\/lt\/wp-content\/uploads\/2020\/06\/FB_MAIN.jpg","width":1700,"height":956,"caption":"\u0160ilut\u0117s naujienos"},"image":{"@id":"https:\/\/www.silutesnaujienos.lt\/lt\/#\/schema\/logo\/image\/"},"sameAs":["https:\/\/www.facebook.com\/silutes.naujienos\/","https:\/\/www.youtube.com\/channel\/UCxW-cgrJDt8GxIMxSTAfJZg"]},{"@type":"Person","@id":"https:\/\/www.silutesnaujienos.lt\/lt\/#\/schema\/person\/232f475ddd4a7b5f49b3abc788b17e83","name":"\u0160ilut\u0117s naujien\u0173 inf.","image":{"@type":"ImageObject","inLanguage":"lt-LT","@id":"https:\/\/www.silutesnaujienos.lt\/lt\/wp-content\/uploads\/2020\/06\/favicon.png","url":"https:\/\/www.silutesnaujienos.lt\/lt\/wp-content\/uploads\/2020\/06\/favicon.png","contentUrl":"https:\/\/www.silutesnaujienos.lt\/lt\/wp-content\/uploads\/2020\/06\/favicon.png","caption":"\u0160ilut\u0117s naujien\u0173 inf."},"sameAs":["https:\/\/www.silutesnaujienos.lt\/lt"],"url":"https:\/\/www.silutesnaujienos.lt\/lt\/author\/ruta\/"}]}},"publishpress_future_workflow_manual_trigger":{"enabledWorkflows":[]},"amp_enabled":true,"_links":{"self":[{"href":"https:\/\/www.silutesnaujienos.lt\/lt\/wp-json\/wp\/v2\/posts\/15113","targetHints":{"allow":["GET"]}}],"collection":[{"href":"https:\/\/www.silutesnaujienos.lt\/lt\/wp-json\/wp\/v2\/posts"}],"about":[{"href":"https:\/\/www.silutesnaujienos.lt\/lt\/wp-json\/wp\/v2\/types\/post"}],"author":[{"embeddable":true,"href":"https:\/\/www.silutesnaujienos.lt\/lt\/wp-json\/wp\/v2\/users\/1"}],"replies":[{"embeddable":true,"href":"https:\/\/www.silutesnaujienos.lt\/lt\/wp-json\/wp\/v2\/comments?post=15113"}],"version-history":[{"count":0,"href":"https:\/\/www.silutesnaujienos.lt\/lt\/wp-json\/wp\/v2\/posts\/15113\/revisions"}],"wp:attachment":[{"href":"https:\/\/www.silutesnaujienos.lt\/lt\/wp-json\/wp\/v2\/media?parent=15113"}],"wp:term":[{"taxonomy":"category","embeddable":true,"href":"https:\/\/www.silutesnaujienos.lt\/lt\/wp-json\/wp\/v2\/categories?post=15113"},{"taxonomy":"post_tag","embeddable":true,"href":"https:\/\/www.silutesnaujienos.lt\/lt\/wp-json\/wp\/v2\/tags?post=15113"}],"curies":[{"name":"wp","href":"https:\/\/api.w.org\/{rel}","templated":true}]}}