{"id":15138,"date":"2015-11-02T16:00:00","date_gmt":"2015-11-02T18:00:00","guid":{"rendered":"https:\/\/www.silutesnaujienos.lt\/lt\/zemaiciu-naumiescio-muziejaus-ekspozicijos-laukia-lankytoju\/"},"modified":"2015-11-02T16:00:00","modified_gmt":"2015-11-02T18:00:00","slug":"zemaiciu-naumiescio-muziejaus-ekspozicijos-laukia-lankytoju","status":"publish","type":"post","link":"https:\/\/www.silutesnaujienos.lt\/lt\/zemaiciu-naumiescio-muziejaus-ekspozicijos-laukia-lankytoju\/","title":{"rendered":"\u017demai\u010di\u0173 Naumies\u010dio muziejaus ekspozicijos laukia lankytoj\u0173"},"content":{"rendered":"<p><a target=\"_blank\" rel=\"caption[Pasak muziejinink\u0117s V.Pielikien\u0117s, \u017demai\u010di\u0173 Naumies\u010dio muziejui priklauso apie 20 t\u016bkstan\u010di\u0173 eksponat\u0173.] noopener noreferrer\" class=\"jcepopup\" href=\"\/\/silutesnaujienos.lt\/images\/stories\/2015\/SPALIS\/30\/muziejininke_naumiestyje_valentina_pielikiene.jpg\" data-rel=\"lightbox-gallery-ZIV3WyUn\" data-rl_title=\"\" data-rl_caption=\"\"><img loading=\"lazy\" decoding=\"async\" style=\"margin: 5px; float: left;\" class=\"caption\" title=\"\" alt=\"muziejininke naumiestyje valentina pielikiene\" src=\"\/\/silutesnaujienos.lt\/images\/stories\/2015\/SPALIS\/30\/thumbnails\/thumb_muziejininke_naumiestyje_valentina_pielikiene.jpg\" height=\"230\" width=\"307\" \/><\/a><strong>\u017demai\u010di\u0173 Naumiestyje esan\u010diame muziejaus pastate, \u012fsik\u016brusiame Pergal\u0117s a. 17, net penkerius metus nebuvo vykdyta veikla. Vis d\u0117lto s\u0105stingis nutrauktas &#8211; \u0160ilut\u0117s Hugo \u0160ojaus muziejaus \u017demai\u010di\u0173 Naumies\u010dio filiale ekspozicija paruo\u0161ta, o nuo liepos m\u0117nesio \u010dia laukiami ir lankytojai.<br \/><\/strong><br \/><strong>\u0160i \u017einia nud\u017eiugino net tik \u012fstaigos darbuotojus, bet ir visus naumiesti\u0161kius bei miestelio sve\u010dius.<br \/><\/strong><br \/><strong>Aprodyti antrame pastato auk\u0161te \u012fkurt\u0105 ekspozicij\u0105 ir papasakoti muziejaus \u0161i\u0173 dien\u0173 aktualijas maloniai sutiko muziejinink\u0117 Valentina Pielikien\u0117.<\/strong><strong><br \/><\/strong><br \/><strong>\u012evair\u016bs ekspozicij\u0173 kampeliai<br \/><\/strong><br \/>Erdvioje sal\u0117je \u012fkurti net keli skirting\u0173 ekspozicij\u0173 kampeliai. Etnografiniame kampelyje galima i\u0161vysti senove alsuojant\u012f miegamojo kambar\u012f, taip pat eksponuojami ir buities \u012frankiai bei indai.<\/p>\n<p>Prie\u0161ais &#8211; \u0161vent\u0173j\u0173 skulpt\u016br\u0117li\u0173 ekspozicija, \u017eyd\u0173, katalik\u0173 bei evangelik\u0173 \u0161ventieji ra\u0161tai. \u201eTurime \u017eyd\u0173 \u0160vent\u0105j\u012f ra\u0161t\u0105, taip pat i\u0161likusi\u0105 paskutinio \u017demai\u010di\u0173 Naumies\u010dio rabino Jok\u016bbo Lesino \u0161eimos nuotrauk\u0105. D\u017eiaugiam\u0117s, kad galime eksponuoti 1920 metais i\u0161leist\u0173 \u012fvairi\u0173 giesmyn\u0173 bei maldaknygi\u0173\u201c, &#8211; pasakojo V.Pielikien\u0117.<\/p>\n<p>\u012ekurta \u010dia ir vietos meistro Dovo Sr\u016bgio pagamint\u0173 bald\u0173 ekspozicija. \u201eJis kadaise sukonstravo vargonus m\u016bs\u0173 ba\u017eny\u010diai, garo ma\u0161in\u0105, taip pat gamindavo baldus. Tai buvo i\u0161ties gabus meistras\u201c, &#8211; kalb\u0117jo muziejinink\u0117.<\/p>\n<p>\u017demai\u010di\u0173 Naumies\u010dio muziejuje taip pat galima i\u0161vysti unikali\u0173 porcelianini\u0173 ind\u0173 su \u0160ilut\u0117s ar kit\u0173 vietovi\u0173 atvaizdais.<br \/>Vienas seniausi\u0173 eksponat\u0173 \u017demai\u010di\u0173 Naumies\u010dio muziejuje &#8211; lin\u0173 mintuvas. \u201eNet i\u0161 Vilniaus atvyk\u0119 muziejininkai sak\u0117, kad tokio eksponato jie neturi\u201c, &#8211; teig\u0117 V.Pielikien\u0117.<\/p>\n<p>Taip pat \u010dia galima i\u0161vysti druskos smulkinimo aparat\u0105, sviesto formeles su \u012fvairiais ornamentais, sviestamu\u0161es. Miegamojo kambario ekspozicijoje yra ir du \u017eaisliniai vaiki\u0161ki ve\u017eimai\u010diai.<\/p>\n<p>Anot V.Pielikien\u0117s, ma\u017eesn\u0117je sal\u0117je planuojama rengti kilnojam\u0173j\u0173 parod\u0173 pristatymus, mat muziejaus fonduose yra daugyb\u0117 verting\u0173 eksponat\u0173. Taip pat bus skirtas ir kampelis \u017demai\u010di\u0173 Naumies\u010dio muziejaus \u012fk\u016br\u0117jui Benediktui Orentui.<\/p>\n<p><strong>Muziejaus istorijos takais<\/strong><\/p>\n<p>1952 metais tuomet\u0117je \u017demai\u010di\u0173 Naumies\u010dio vidurin\u0117je mokykloje mokytojas B.Orentas \u012fk\u016br\u0117 Kra\u0161totyros muziej\u0173. Nuo tada <a target=\"_blank\" rel=\"caption[\u017demai\u010di\u0173 Naumies\u010dio muziejui priklauso gausi \u0161vent\u0173j\u0173 skulpt\u016br\u0117li\u0173 ekspozicija.] noopener noreferrer\" class=\"jcepopup\" href=\"\/\/silutesnaujienos.lt\/images\/stories\/2015\/SPALIS\/30\/muziejus_naumiestyje_sventukai.jpg\" data-rel=\"lightbox-gallery-ZIV3WyUn\" data-rl_title=\"\" data-rl_caption=\"\"><img loading=\"lazy\" decoding=\"async\" style=\"margin: 5px; float: right;\" class=\"caption\" title=\"\" alt=\"muziejus naumiestyje sventukai\" src=\"\/\/silutesnaujienos.lt\/images\/stories\/2015\/SPALIS\/30\/thumbnails\/thumb_muziejus_naumiestyje_sventukai.jpg\" height=\"230\" width=\"307\" \/><\/a>prasid\u0117jo did\u017eiul\u0119 i\u0161liekam\u0105j\u0105 vert\u0119 turintis darbas, kuris d\u017eiugins dar daug ateities kart\u0173. Mokytojas kartu su mokiniais rinko eksponatus i\u0161 vietos gyventoj\u0173. V\u0117liau jis prad\u0117jo susira\u0161in\u0117ti su \u017eymi\u0173 naumiesti\u0161ki\u0173 gimin\u0117mis, gyvenan\u010diomis sve\u010diose \u0161alyse. Rasti lai\u0161kai, atkeliav\u0119 ne tik i\u0161 Lietuvos, bet ir i\u0161 Rusijos, taip pat Jungtini\u0173 Amerikos Valstij\u0173. \u201e\u0160is \u017emogus dirbo i\u0161 id\u0117jos ir d\u0117l to, kad m\u016bs\u0173 praeitis b\u016bt\u0173 i\u0161saugota, matoma visiems\u201c, &#8211; gra\u017ei\u0173 \u017eod\u017ei\u0173 negail\u0117jo V.Pielikien\u0117.<\/p>\n<p>1962-aisiais muziejui suteiktas Visuomeninio muziejaus statusas, o 1970 metais jis perkeltas \u012f pastat\u0105, kuriame muziejus veikia ir dabar. Po de\u0161imtme\u010dio jam suteiktas Liaudies muziejaus vardas, o Lietuvai atgavus nepriklausomyb\u0119, 1992-aisiais jis tapo \u0160ilut\u0117s muziejaus filialu. Dar po de\u0161imties met\u0173 \u0161is kult\u016brinis \u017eidinys pervadintas \u017demai\u010di\u0173 kra\u0161to etnokult\u016bros centro padaliniu, o nuo \u0161i\u0173 met\u0173 gegu\u017e\u0117s gr\u0105\u017eintas \u0160ilut\u0117s muziejaus pavaldumui.<\/p>\n<p>2010 metais ry\u017etasi pastato renovacijai, tod\u0117l muziejus laikinai u\u017edarytas. Tuokart manyta, kad neilgam. Deja, suklysta. 2013-aisiais baigus renovacijos darbus muziejus negal\u0117jo prad\u0117ti vykdyti savo veiklos&#8230; Pra\u0117jo dar dveji metai ir galiausiai i\u0161au\u0161o ilgai laukta diena, kuomet muziejus atv\u0117r\u0117 savo duris lankytojams. Tai galima pavadinti istoriniu \u012fvykiu.<\/p>\n<p><strong>Moderniai \u012frangai pirkti pinig\u0173 negavo<\/strong><\/p>\n<p>Anot muziejinink\u0117s V.Pielikien\u0117s, prie\u0161 tai \u010dia dirbusi Nijol\u0117 Stanelien\u0117 suk\u016br\u0117 labai gra\u017ei\u0105 vizij\u0105, kokios ekspozicijos, kokie stendai tur\u0117t\u0173 b\u016bti \u012fkurti muziejuje. Deja, planams \u012fgyvendinti negautas finansavimas. \u201eVos prad\u0117jusi \u010dia dirbti taip pat ra\u0161iau projekt\u0105, kad gautume finansavim\u0105 ekspozicijos \u012frengimui. Deja, pinig\u0117li\u0173 negavome. V\u0117liau pa\u017ei\u016br\u0117jome, kam skirtas finansavimas. Labai gaila, kad remiami didmies\u010di\u0173 muziejai, galerijos, o ma\u017ei miesteliai u\u017emir\u0161tami, tarsi \u010dia niekam nieko nereik\u0117t\u0173. Tad versim\u0117s su tuo, k\u0105 turime\u201c, &#8211; atviravo V.Pielikien\u0117.<\/p>\n<p>Nors prie\u0161 renovacij\u0105 \u017einota, kad antrajame auk\u0161te bus \u012fkurtas muziejus, bet neatsi\u017evelgta, jog muziejaus erdv\u0117je turi b\u016bti kuo ma\u017eiau lang\u0173. \u201eDabar turime edves tamsinti, o u\u017euolaidoms ar \u017ealiuz\u0117ms taip pat n\u0117ra pinig\u0117li\u0173. Ta\u010diau \u017demai\u010di\u0173 kra\u0161to etnokult\u016bros centro darbuotoja mums padovanojo etnografiniais motyvais papuo\u0161tas popierines karpytas u\u017euolaid\u0117les\u201c, &#8211; sak\u0117 muziejinink\u0117.<\/p>\n<p>Po penkeri\u0173 met\u0173 pertraukos \u017demai\u010di\u0173 Naumies\u010dio muziejus jau \u017eeng\u0117 pirmuosius \u017eingsnius pristatydamas muziejines vertybes, kuri\u0173 dauguma reprezentuoja liaudies meno gro\u017e\u012f. \u201eU\u017e did\u017eiul\u0119 pagalb\u0105 rengiant ekspozicij\u0105 esu d\u0117kinga \u0160ilut\u0117s muziejaus darbuotojoms Ingai ir Natalijai, kurios \u010dia atliko mil\u017eini\u0161k\u0105 darb\u0105\u201c, &#8211; sak\u0117 V.Pielikien\u0117.<\/p>\n<p><strong>Muziejaus darbo laikas<\/strong><\/p>\n<p><strong>Pirmadieniais &#8211; penktadieniais 9.30-18.00 val.<\/strong><br \/><strong>Ekspozicijos lankymas 11.00-18.00 val.<\/strong><\/p>\n","protected":false},"excerpt":{"rendered":"<p>\u017demai\u010di\u0173 Naumiestyje esan\u010diame muziejaus pastate, \u012fsik\u016brusiame Pergal\u0117s a. 17, net penkerius metus nebuvo vykdyta veikla. Vis d\u0117lto s\u0105stingis nutrauktas &#8211; \u0160ilut\u0117s Hugo \u0160ojaus muziejaus \u017demai\u010di\u0173 Naumies\u010dio filiale ekspozicija paruo\u0161ta, o nuo liepos m\u0117nesio \u010dia laukiami ir lankytojai.\u0160i \u017einia nud\u017eiugino net tik \u012fstaigos darbuotojus, bet ir visus naumiesti\u0161kius bei miestelio sve\u010dius.Aprodyti antrame pastato auk\u0161te \u012fkurt\u0105 ekspozicij\u0105 [&hellip;]<\/p>\n","protected":false},"author":1,"featured_media":0,"comment_status":"open","ping_status":"open","sticky":false,"template":"","format":"standard","meta":{"footnotes":""},"categories":[51],"tags":[],"class_list":{"0":"post-15138","1":"post","2":"type-post","3":"status-publish","4":"format-standard","6":"category-kultura-ir-svietimas"},"yoast_head":"<!-- This site is optimized with the Yoast SEO plugin v27.5 - https:\/\/yoast.com\/product\/yoast-seo-wordpress\/ -->\n<title>\u017demai\u010di\u0173 Naumies\u010dio muziejaus ekspozicijos laukia lankytoj\u0173 - \u0160ilut\u0117s naujienos<\/title>\n<meta name=\"robots\" content=\"index, follow, max-snippet:-1, max-image-preview:large, max-video-preview:-1\" \/>\n<link rel=\"canonical\" href=\"https:\/\/www.silutesnaujienos.lt\/lt\/zemaiciu-naumiescio-muziejaus-ekspozicijos-laukia-lankytoju\/\" \/>\n<meta property=\"og:locale\" content=\"lt_LT\" \/>\n<meta property=\"og:type\" content=\"article\" \/>\n<meta property=\"og:title\" content=\"\u017demai\u010di\u0173 Naumies\u010dio muziejaus ekspozicijos laukia lankytoj\u0173 - \u0160ilut\u0117s naujienos\" \/>\n<meta property=\"og:description\" content=\"\u017demai\u010di\u0173 Naumiestyje esan\u010diame muziejaus pastate, \u012fsik\u016brusiame Pergal\u0117s a. 17, net penkerius metus nebuvo vykdyta veikla. Vis d\u0117lto s\u0105stingis nutrauktas &#8211; \u0160ilut\u0117s Hugo \u0160ojaus muziejaus \u017demai\u010di\u0173 Naumies\u010dio filiale ekspozicija paruo\u0161ta, o nuo liepos m\u0117nesio \u010dia laukiami ir lankytojai.\u0160i \u017einia nud\u017eiugino net tik \u012fstaigos darbuotojus, bet ir visus naumiesti\u0161kius bei miestelio sve\u010dius.Aprodyti antrame pastato auk\u0161te \u012fkurt\u0105 ekspozicij\u0105 [&hellip;]\" \/>\n<meta property=\"og:url\" content=\"https:\/\/www.silutesnaujienos.lt\/lt\/zemaiciu-naumiescio-muziejaus-ekspozicijos-laukia-lankytoju\/\" \/>\n<meta property=\"og:site_name\" content=\"\u0160ilut\u0117s naujienos\" \/>\n<meta property=\"article:publisher\" content=\"https:\/\/www.facebook.com\/silutes.naujienos\/\" \/>\n<meta property=\"article:published_time\" content=\"2015-11-02T18:00:00+00:00\" \/>\n<meta property=\"og:image\" content=\"\/\/silutesnaujienos.lt\/images\/stories\/2015\/SPALIS\/30\/thumbnails\/thumb_muziejininke_naumiestyje_valentina_pielikiene.jpg\" \/>\n<meta name=\"author\" content=\"\u0160ilut\u0117s naujien\u0173 inf.\" \/>\n<meta name=\"twitter:card\" content=\"summary_large_image\" \/>\n<meta name=\"twitter:label1\" content=\"Written by\" \/>\n\t<meta name=\"twitter:data1\" content=\"\u0160ilut\u0117s naujien\u0173 inf.\" \/>\n\t<meta name=\"twitter:label2\" content=\"Est. reading time\" \/>\n\t<meta name=\"twitter:data2\" content=\"4 minut\u0117s\" \/>\n<script type=\"application\/ld+json\" class=\"yoast-schema-graph\">{\"@context\":\"https:\\\/\\\/schema.org\",\"@graph\":[{\"@type\":\"Article\",\"@id\":\"https:\\\/\\\/www.silutesnaujienos.lt\\\/lt\\\/zemaiciu-naumiescio-muziejaus-ekspozicijos-laukia-lankytoju\\\/#article\",\"isPartOf\":{\"@id\":\"https:\\\/\\\/www.silutesnaujienos.lt\\\/lt\\\/zemaiciu-naumiescio-muziejaus-ekspozicijos-laukia-lankytoju\\\/\"},\"author\":{\"name\":\"\u0160ilut\u0117s naujien\u0173 inf.\",\"@id\":\"https:\\\/\\\/www.silutesnaujienos.lt\\\/lt\\\/#\\\/schema\\\/person\\\/232f475ddd4a7b5f49b3abc788b17e83\"},\"headline\":\"\u017demai\u010di\u0173 Naumies\u010dio muziejaus ekspozicijos laukia lankytoj\u0173\",\"datePublished\":\"2015-11-02T18:00:00+00:00\",\"mainEntityOfPage\":{\"@id\":\"https:\\\/\\\/www.silutesnaujienos.lt\\\/lt\\\/zemaiciu-naumiescio-muziejaus-ekspozicijos-laukia-lankytoju\\\/\"},\"wordCount\":781,\"commentCount\":0,\"publisher\":{\"@id\":\"https:\\\/\\\/www.silutesnaujienos.lt\\\/lt\\\/#organization\"},\"articleSection\":[\"Kult\u016bra ir \u0161vietimas\"],\"inLanguage\":\"lt-LT\",\"potentialAction\":[{\"@type\":\"CommentAction\",\"name\":\"Comment\",\"target\":[\"https:\\\/\\\/www.silutesnaujienos.lt\\\/lt\\\/zemaiciu-naumiescio-muziejaus-ekspozicijos-laukia-lankytoju\\\/#respond\"]}]},{\"@type\":\"WebPage\",\"@id\":\"https:\\\/\\\/www.silutesnaujienos.lt\\\/lt\\\/zemaiciu-naumiescio-muziejaus-ekspozicijos-laukia-lankytoju\\\/\",\"url\":\"https:\\\/\\\/www.silutesnaujienos.lt\\\/lt\\\/zemaiciu-naumiescio-muziejaus-ekspozicijos-laukia-lankytoju\\\/\",\"name\":\"\u017demai\u010di\u0173 Naumies\u010dio muziejaus ekspozicijos laukia lankytoj\u0173 - \u0160ilut\u0117s naujienos\",\"isPartOf\":{\"@id\":\"https:\\\/\\\/www.silutesnaujienos.lt\\\/lt\\\/#website\"},\"datePublished\":\"2015-11-02T18:00:00+00:00\",\"breadcrumb\":{\"@id\":\"https:\\\/\\\/www.silutesnaujienos.lt\\\/lt\\\/zemaiciu-naumiescio-muziejaus-ekspozicijos-laukia-lankytoju\\\/#breadcrumb\"},\"inLanguage\":\"lt-LT\",\"potentialAction\":[{\"@type\":\"ReadAction\",\"target\":[\"https:\\\/\\\/www.silutesnaujienos.lt\\\/lt\\\/zemaiciu-naumiescio-muziejaus-ekspozicijos-laukia-lankytoju\\\/\"]}]},{\"@type\":\"BreadcrumbList\",\"@id\":\"https:\\\/\\\/www.silutesnaujienos.lt\\\/lt\\\/zemaiciu-naumiescio-muziejaus-ekspozicijos-laukia-lankytoju\\\/#breadcrumb\",\"itemListElement\":[{\"@type\":\"ListItem\",\"position\":1,\"name\":\"Home\",\"item\":\"https:\\\/\\\/www.silutesnaujienos.lt\\\/lt\\\/\"},{\"@type\":\"ListItem\",\"position\":2,\"name\":\"\u017demai\u010di\u0173 Naumies\u010dio muziejaus ekspozicijos laukia lankytoj\u0173\"}]},{\"@type\":\"WebSite\",\"@id\":\"https:\\\/\\\/www.silutesnaujienos.lt\\\/lt\\\/#website\",\"url\":\"https:\\\/\\\/www.silutesnaujienos.lt\\\/lt\\\/\",\"name\":\"\u0160ilut\u0117s naujienos\",\"description\":\"B\u016bk ant naujien\u0173 bangos!\",\"publisher\":{\"@id\":\"https:\\\/\\\/www.silutesnaujienos.lt\\\/lt\\\/#organization\"},\"potentialAction\":[{\"@type\":\"SearchAction\",\"target\":{\"@type\":\"EntryPoint\",\"urlTemplate\":\"https:\\\/\\\/www.silutesnaujienos.lt\\\/lt\\\/?s={search_term_string}\"},\"query-input\":{\"@type\":\"PropertyValueSpecification\",\"valueRequired\":true,\"valueName\":\"search_term_string\"}}],\"inLanguage\":\"lt-LT\"},{\"@type\":\"Organization\",\"@id\":\"https:\\\/\\\/www.silutesnaujienos.lt\\\/lt\\\/#organization\",\"name\":\"\u0160ilut\u0117s naujienos\",\"url\":\"https:\\\/\\\/www.silutesnaujienos.lt\\\/lt\\\/\",\"logo\":{\"@type\":\"ImageObject\",\"inLanguage\":\"lt-LT\",\"@id\":\"https:\\\/\\\/www.silutesnaujienos.lt\\\/lt\\\/#\\\/schema\\\/logo\\\/image\\\/\",\"url\":\"https:\\\/\\\/www.silutesnaujienos.lt\\\/lt\\\/wp-content\\\/uploads\\\/2020\\\/06\\\/FB_MAIN.jpg\",\"contentUrl\":\"https:\\\/\\\/www.silutesnaujienos.lt\\\/lt\\\/wp-content\\\/uploads\\\/2020\\\/06\\\/FB_MAIN.jpg\",\"width\":1700,\"height\":956,\"caption\":\"\u0160ilut\u0117s naujienos\"},\"image\":{\"@id\":\"https:\\\/\\\/www.silutesnaujienos.lt\\\/lt\\\/#\\\/schema\\\/logo\\\/image\\\/\"},\"sameAs\":[\"https:\\\/\\\/www.facebook.com\\\/silutes.naujienos\\\/\",\"https:\\\/\\\/www.youtube.com\\\/channel\\\/UCxW-cgrJDt8GxIMxSTAfJZg\"]},{\"@type\":\"Person\",\"@id\":\"https:\\\/\\\/www.silutesnaujienos.lt\\\/lt\\\/#\\\/schema\\\/person\\\/232f475ddd4a7b5f49b3abc788b17e83\",\"name\":\"\u0160ilut\u0117s naujien\u0173 inf.\",\"image\":{\"@type\":\"ImageObject\",\"inLanguage\":\"lt-LT\",\"@id\":\"https:\\\/\\\/www.silutesnaujienos.lt\\\/lt\\\/wp-content\\\/uploads\\\/2020\\\/06\\\/favicon.png\",\"url\":\"https:\\\/\\\/www.silutesnaujienos.lt\\\/lt\\\/wp-content\\\/uploads\\\/2020\\\/06\\\/favicon.png\",\"contentUrl\":\"https:\\\/\\\/www.silutesnaujienos.lt\\\/lt\\\/wp-content\\\/uploads\\\/2020\\\/06\\\/favicon.png\",\"caption\":\"\u0160ilut\u0117s naujien\u0173 inf.\"},\"sameAs\":[\"https:\\\/\\\/www.silutesnaujienos.lt\\\/lt\"],\"url\":\"https:\\\/\\\/www.silutesnaujienos.lt\\\/lt\\\/author\\\/ruta\\\/\"}]}<\/script>\n<!-- \/ Yoast SEO plugin. -->","yoast_head_json":{"title":"\u017demai\u010di\u0173 Naumies\u010dio muziejaus ekspozicijos laukia lankytoj\u0173 - \u0160ilut\u0117s naujienos","robots":{"index":"index","follow":"follow","max-snippet":"max-snippet:-1","max-image-preview":"max-image-preview:large","max-video-preview":"max-video-preview:-1"},"canonical":"https:\/\/www.silutesnaujienos.lt\/lt\/zemaiciu-naumiescio-muziejaus-ekspozicijos-laukia-lankytoju\/","og_locale":"lt_LT","og_type":"article","og_title":"\u017demai\u010di\u0173 Naumies\u010dio muziejaus ekspozicijos laukia lankytoj\u0173 - \u0160ilut\u0117s naujienos","og_description":"\u017demai\u010di\u0173 Naumiestyje esan\u010diame muziejaus pastate, \u012fsik\u016brusiame Pergal\u0117s a. 17, net penkerius metus nebuvo vykdyta veikla. Vis d\u0117lto s\u0105stingis nutrauktas &#8211; \u0160ilut\u0117s Hugo \u0160ojaus muziejaus \u017demai\u010di\u0173 Naumies\u010dio filiale ekspozicija paruo\u0161ta, o nuo liepos m\u0117nesio \u010dia laukiami ir lankytojai.\u0160i \u017einia nud\u017eiugino net tik \u012fstaigos darbuotojus, bet ir visus naumiesti\u0161kius bei miestelio sve\u010dius.Aprodyti antrame pastato auk\u0161te \u012fkurt\u0105 ekspozicij\u0105 [&hellip;]","og_url":"https:\/\/www.silutesnaujienos.lt\/lt\/zemaiciu-naumiescio-muziejaus-ekspozicijos-laukia-lankytoju\/","og_site_name":"\u0160ilut\u0117s naujienos","article_publisher":"https:\/\/www.facebook.com\/silutes.naujienos\/","article_published_time":"2015-11-02T18:00:00+00:00","og_image":[{"url":"\/\/silutesnaujienos.lt\/images\/stories\/2015\/SPALIS\/30\/thumbnails\/thumb_muziejininke_naumiestyje_valentina_pielikiene.jpg","type":"","width":"","height":""}],"author":"\u0160ilut\u0117s naujien\u0173 inf.","twitter_card":"summary_large_image","twitter_misc":{"Written by":"\u0160ilut\u0117s naujien\u0173 inf.","Est. reading time":"4 minut\u0117s"},"schema":{"@context":"https:\/\/schema.org","@graph":[{"@type":"Article","@id":"https:\/\/www.silutesnaujienos.lt\/lt\/zemaiciu-naumiescio-muziejaus-ekspozicijos-laukia-lankytoju\/#article","isPartOf":{"@id":"https:\/\/www.silutesnaujienos.lt\/lt\/zemaiciu-naumiescio-muziejaus-ekspozicijos-laukia-lankytoju\/"},"author":{"name":"\u0160ilut\u0117s naujien\u0173 inf.","@id":"https:\/\/www.silutesnaujienos.lt\/lt\/#\/schema\/person\/232f475ddd4a7b5f49b3abc788b17e83"},"headline":"\u017demai\u010di\u0173 Naumies\u010dio muziejaus ekspozicijos laukia lankytoj\u0173","datePublished":"2015-11-02T18:00:00+00:00","mainEntityOfPage":{"@id":"https:\/\/www.silutesnaujienos.lt\/lt\/zemaiciu-naumiescio-muziejaus-ekspozicijos-laukia-lankytoju\/"},"wordCount":781,"commentCount":0,"publisher":{"@id":"https:\/\/www.silutesnaujienos.lt\/lt\/#organization"},"articleSection":["Kult\u016bra ir \u0161vietimas"],"inLanguage":"lt-LT","potentialAction":[{"@type":"CommentAction","name":"Comment","target":["https:\/\/www.silutesnaujienos.lt\/lt\/zemaiciu-naumiescio-muziejaus-ekspozicijos-laukia-lankytoju\/#respond"]}]},{"@type":"WebPage","@id":"https:\/\/www.silutesnaujienos.lt\/lt\/zemaiciu-naumiescio-muziejaus-ekspozicijos-laukia-lankytoju\/","url":"https:\/\/www.silutesnaujienos.lt\/lt\/zemaiciu-naumiescio-muziejaus-ekspozicijos-laukia-lankytoju\/","name":"\u017demai\u010di\u0173 Naumies\u010dio muziejaus ekspozicijos laukia lankytoj\u0173 - \u0160ilut\u0117s naujienos","isPartOf":{"@id":"https:\/\/www.silutesnaujienos.lt\/lt\/#website"},"datePublished":"2015-11-02T18:00:00+00:00","breadcrumb":{"@id":"https:\/\/www.silutesnaujienos.lt\/lt\/zemaiciu-naumiescio-muziejaus-ekspozicijos-laukia-lankytoju\/#breadcrumb"},"inLanguage":"lt-LT","potentialAction":[{"@type":"ReadAction","target":["https:\/\/www.silutesnaujienos.lt\/lt\/zemaiciu-naumiescio-muziejaus-ekspozicijos-laukia-lankytoju\/"]}]},{"@type":"BreadcrumbList","@id":"https:\/\/www.silutesnaujienos.lt\/lt\/zemaiciu-naumiescio-muziejaus-ekspozicijos-laukia-lankytoju\/#breadcrumb","itemListElement":[{"@type":"ListItem","position":1,"name":"Home","item":"https:\/\/www.silutesnaujienos.lt\/lt\/"},{"@type":"ListItem","position":2,"name":"\u017demai\u010di\u0173 Naumies\u010dio muziejaus ekspozicijos laukia lankytoj\u0173"}]},{"@type":"WebSite","@id":"https:\/\/www.silutesnaujienos.lt\/lt\/#website","url":"https:\/\/www.silutesnaujienos.lt\/lt\/","name":"\u0160ilut\u0117s naujienos","description":"B\u016bk ant naujien\u0173 bangos!","publisher":{"@id":"https:\/\/www.silutesnaujienos.lt\/lt\/#organization"},"potentialAction":[{"@type":"SearchAction","target":{"@type":"EntryPoint","urlTemplate":"https:\/\/www.silutesnaujienos.lt\/lt\/?s={search_term_string}"},"query-input":{"@type":"PropertyValueSpecification","valueRequired":true,"valueName":"search_term_string"}}],"inLanguage":"lt-LT"},{"@type":"Organization","@id":"https:\/\/www.silutesnaujienos.lt\/lt\/#organization","name":"\u0160ilut\u0117s naujienos","url":"https:\/\/www.silutesnaujienos.lt\/lt\/","logo":{"@type":"ImageObject","inLanguage":"lt-LT","@id":"https:\/\/www.silutesnaujienos.lt\/lt\/#\/schema\/logo\/image\/","url":"https:\/\/www.silutesnaujienos.lt\/lt\/wp-content\/uploads\/2020\/06\/FB_MAIN.jpg","contentUrl":"https:\/\/www.silutesnaujienos.lt\/lt\/wp-content\/uploads\/2020\/06\/FB_MAIN.jpg","width":1700,"height":956,"caption":"\u0160ilut\u0117s naujienos"},"image":{"@id":"https:\/\/www.silutesnaujienos.lt\/lt\/#\/schema\/logo\/image\/"},"sameAs":["https:\/\/www.facebook.com\/silutes.naujienos\/","https:\/\/www.youtube.com\/channel\/UCxW-cgrJDt8GxIMxSTAfJZg"]},{"@type":"Person","@id":"https:\/\/www.silutesnaujienos.lt\/lt\/#\/schema\/person\/232f475ddd4a7b5f49b3abc788b17e83","name":"\u0160ilut\u0117s naujien\u0173 inf.","image":{"@type":"ImageObject","inLanguage":"lt-LT","@id":"https:\/\/www.silutesnaujienos.lt\/lt\/wp-content\/uploads\/2020\/06\/favicon.png","url":"https:\/\/www.silutesnaujienos.lt\/lt\/wp-content\/uploads\/2020\/06\/favicon.png","contentUrl":"https:\/\/www.silutesnaujienos.lt\/lt\/wp-content\/uploads\/2020\/06\/favicon.png","caption":"\u0160ilut\u0117s naujien\u0173 inf."},"sameAs":["https:\/\/www.silutesnaujienos.lt\/lt"],"url":"https:\/\/www.silutesnaujienos.lt\/lt\/author\/ruta\/"}]}},"publishpress_future_workflow_manual_trigger":{"enabledWorkflows":[]},"amp_enabled":true,"_links":{"self":[{"href":"https:\/\/www.silutesnaujienos.lt\/lt\/wp-json\/wp\/v2\/posts\/15138","targetHints":{"allow":["GET"]}}],"collection":[{"href":"https:\/\/www.silutesnaujienos.lt\/lt\/wp-json\/wp\/v2\/posts"}],"about":[{"href":"https:\/\/www.silutesnaujienos.lt\/lt\/wp-json\/wp\/v2\/types\/post"}],"author":[{"embeddable":true,"href":"https:\/\/www.silutesnaujienos.lt\/lt\/wp-json\/wp\/v2\/users\/1"}],"replies":[{"embeddable":true,"href":"https:\/\/www.silutesnaujienos.lt\/lt\/wp-json\/wp\/v2\/comments?post=15138"}],"version-history":[{"count":0,"href":"https:\/\/www.silutesnaujienos.lt\/lt\/wp-json\/wp\/v2\/posts\/15138\/revisions"}],"wp:attachment":[{"href":"https:\/\/www.silutesnaujienos.lt\/lt\/wp-json\/wp\/v2\/media?parent=15138"}],"wp:term":[{"taxonomy":"category","embeddable":true,"href":"https:\/\/www.silutesnaujienos.lt\/lt\/wp-json\/wp\/v2\/categories?post=15138"},{"taxonomy":"post_tag","embeddable":true,"href":"https:\/\/www.silutesnaujienos.lt\/lt\/wp-json\/wp\/v2\/tags?post=15138"}],"curies":[{"name":"wp","href":"https:\/\/api.w.org\/{rel}","templated":true}]}}