{"id":15141,"date":"2015-12-08T08:00:00","date_gmt":"2015-12-08T10:00:00","guid":{"rendered":"https:\/\/www.silutesnaujienos.lt\/lt\/atmintis-vilhelmui-jonui-broel-pliateriui-300-metu\/"},"modified":"2015-12-08T08:00:00","modified_gmt":"2015-12-08T10:00:00","slug":"atmintis-vilhelmui-jonui-broel-pliateriui-300-metu","status":"publish","type":"post","link":"https:\/\/www.silutesnaujienos.lt\/lt\/atmintis-vilhelmui-jonui-broel-pliateriui-300-metu\/","title":{"rendered":"Atmintis: Vilhelmui Jonui Broel &#8211; Pliateriui &#8211; 300 met\u0173"},"content":{"rendered":"<p><a target=\"_blank\" rel=\"caption[Grafas Vilhelmas Jonas Pliateris.] noopener noreferrer\" class=\"jcepopup\" href=\"\/\/silutesnaujienos.lt\/images\/stories\/2015\/GRUODIS\/04\/Pliateris_Vilhelmas_Jonas.jpg\" data-rel=\"lightbox-gallery-HHM1OkdL\" data-rl_title=\"\" data-rl_caption=\"\"><img loading=\"lazy\" decoding=\"async\" style=\"margin: 5px; float: left;\" class=\"caption\" title=\"\" alt=\"Pliateris Vilhelmas Jonas\" src=\"\/\/silutesnaujienos.lt\/images\/stories\/2015\/GRUODIS\/04\/thumbnails\/thumb_Pliateris_Vilhelmas_Jonas.jpg\" height=\"230\" width=\"307\" \/><\/a><strong>\u0160ie metai buvo grafo Vilhelmo Jono Broel &#8211; Pliaterio, pirmojo \u0161ios didik\u0173 gimin\u0117s atstovo, \u012fsigijusio \u0160v\u0117k\u0161nos dvar\u0105, gimimo jubiliejaus metai.<br \/><\/strong><br \/><strong>Vilhelmas Jonas Pliateris, Jono Vilhelmo ir Helenos Filipinos Oginskyt\u0117s Pliateri\u0173 s\u016bnus, gim\u0117 1715 m. Pasira\u0161in\u0117davo Vilhelmo arba Jono, kartais abiem vardais, tuo sudarydamas daug painiavos savo biografams.<br \/><\/strong><br \/><strong>\u0160is Pliateri\u0173 gimin\u0117s didikas 1766 m. i\u0161 Mykolo Kazimiero Oginskio u\u017e 714 t\u016bkstan\u010di\u0173 auksin\u0173 \u012fsigijo dvarus \u017demaitijoje, tarp j\u0173 &#8211; ir \u0160v\u0117k\u0161nos dvar\u0105. J\u012f paliko valdyti s\u016bnui Jurgiui.<\/strong><strong><br \/><\/strong><br \/>Grafas Vilhelmas Jonas Pliateris buvo paveld\u0117j\u0119s visus t\u0117vo dvarus. Jis nuolat gyveno Vilniuje arba \u0160ateikiuose, o \u0160v\u0117k\u0161noje <a target=\"_blank\" rel=\"caption[Grafien\u0117 Petron\u0117l\u0117 Nagurska - Pliaterien\u0117.] noopener noreferrer\" class=\"jcepopup\" href=\"\/\/silutesnaujienos.lt\/images\/stories\/2015\/GRUODIS\/04\/Pliateriene_Petronele_Nagurska.jpg\" data-rel=\"lightbox-gallery-HHM1OkdL\" data-rl_title=\"\" data-rl_caption=\"\"><img loading=\"lazy\" decoding=\"async\" style=\"margin: 5px; float: right;\" class=\"caption\" title=\"\" alt=\"Pliateriene Petronele Nagurska\" src=\"\/\/silutesnaujienos.lt\/images\/stories\/2015\/GRUODIS\/04\/thumbnails\/thumb_Pliateriene_Petronele_Nagurska.jpg\" height=\"230\" width=\"307\" \/><\/a>tik apsilankydavo. Buvo Lietuvos dvasinio tribunolo vicemar\u0161alka, v\u0117liau &#8211; mar\u0161alka (pirmininkas). Jo kalba, pasakyta \u0161iame tribunole, buvo i\u0161spausdinta pavadinimu \u201eVilhelmo Jono Pliaterio, dvasinio tribunolo mar\u0161alkos, kalba\u201c.<\/p>\n<p>Vilhelmas Jonas Pliateris \u017euvo 1769 m. gegu\u017e\u0117s 17 d. Vilniuje. Palaidotas Vilniaus Misionieri\u0173 ba\u017eny\u010dioje, kuri\u0105 1695 m. pastat\u0117 jo gimin\u0117s atstovas Jonas Teofilis Pliateris. Jo portretas dar 1939 m. kabojo Misionieri\u0173 ba\u017eny\u010dios zakristijoje, nors ba\u017eny\u010dia u\u017edaryta caro vald\u017eios 1862 m. \u010cia palaidotas pats ba\u017eny\u010dios statytojas ir kelios de\u0161imtys Pliateri\u0173 gimin\u0117s atstov\u0173.<\/p>\n<p>V.J.Pliateris buvo ved\u0119s Petron\u0117l\u0119 Nagursk\u0105, gimusi\u0105 1730 m. Po vyro mirties kartu su s\u016bnumis vald\u0117 paveld\u0117tus dvarus bei \u0160ateikiuose senosios ba\u017eny\u010dios vietoje pastatydino nauj\u0105, kurios \u0161ventoriuje 1790 m. palaidota.<\/p>\n<p>Vilhelmas Jonas ir Petron\u0117l\u0117 Pliateriai tur\u0117jo 6 vaikus: tris s\u016bnus ir tris dukras.<\/p>\n<p>Dukra Klara (1749-1834) i\u0161tek\u0117jo u\u017e Domininko Aleksandrovi\u010diaus, dviej\u0173 Lenkijos ordin\u0173 kavalieriaus, daugelio ba\u017eny\u010di\u0173 r\u0117m\u0117jo.<\/p>\n<p>Apie dukr\u0105 Rozalij\u0105 \u017einoma tik, kad i\u0161tek\u0117jo u\u017e ka\u017ekurio Juozapo Broel Pliaterio.<\/p>\n<p>Mariana i\u0161tek\u0117jo u\u017e Juozapo Zybergo. Mir\u0117 1831 m. Liksnoje. Palaidota \u0161eimos koply\u010dioje.<\/p>\n<p><a target=\"_blank\" rel=\"caption[Misionieri\u0173 ba\u017eny\u010dia Vilniuje, kurioje palaidotas grafas Vilhelmas Jonas Pliateris.] noopener noreferrer\" class=\"jcepopup\" href=\"\/\/silutesnaujienos.lt\/images\/stories\/2015\/GRUODIS\/04\/pliateriai_Misijonieriu_baznycia_Vilniuje.jpg\" data-rel=\"lightbox-gallery-HHM1OkdL\" data-rl_title=\"\" data-rl_caption=\"\"><img loading=\"lazy\" decoding=\"async\" style=\"margin: 5px; float: left;\" class=\"caption\" title=\"\" alt=\"pliateriai Misijonieriu baznycia Vilniuje\" src=\"\/\/silutesnaujienos.lt\/images\/stories\/2015\/GRUODIS\/04\/thumbnails\/thumb_pliateriai_Misijonieriu_baznycia_Vilniuje.jpg\" height=\"230\" width=\"307\" \/><\/a>S\u016bnus Juozas Antanas Vilhelmas gim\u0117 1750 m. \u0160ateikiuose. Mirus t\u0117vui, Juozui Antanui Vilhelmui, kaip vyriausiam s\u016bnui, teko b\u016bti jaunesni\u0173j\u0173 \u0161eimos nari\u0173 glob\u0117ju bei daugelio dvar\u0173 \u0161eimininku. Buvo Gieldeko seni\u016bnas, \u0161v. Stanislovo bei Baltojo Erelio ordin\u0173 kavalierius. Ved\u0117 Teres\u0119 Abramovi\u010di\u016bt\u0119. Mir\u0117 1832 m.<\/p>\n<p>Juozas Konstantinas (1758-1840) &#8211; Kur\u0161\u0117n\u0173, \u0160ateiki\u0173 ir kt. dvar\u0173 savininkas. \u0160v. Stanislovo ordino kavalierius. 1794-1825 m. buvo Tel\u0161i\u0173 pavieto bajor\u0173 mar\u0161alka, 1797 m. &#8211; \u017demaitijos bajor\u0173 pasiuntinys Pavelo I kar\u016bnavime. Mir\u0117 neved\u0119s 1840 m. \u0160ateikiuose. Ten ir palaidotas.<\/p>\n<p>S\u016bnus Jurgis (1751-1821) prad\u0117jo \u0160v\u0117k\u0161nos Pliateri\u0173 gimin\u0117s \u0161ak\u0105. Jis buvo Livonijos kunigaik\u0161tyst\u0117s v\u0117liavininkas, \u0161v. Stanislovo pirmojo laipsnio ordino kavalierius. 1804 m. ved\u0117 kunigaik\u0161tyt\u0119 Karolin\u0105 Giedraityt\u0119. Jie susilauk\u0117 13 vaik\u0173: 6 s\u016bn\u0173 ir 7 dukr\u0173.<\/p>\n<p>Jurgis ir Karolina Pliateriai \u012f\u017evalgiai lavino vaikus: visi s\u016bn\u016bs baig\u0117 universitetus. Taip pasir\u016bpino vaik\u0173 ateitimi &#8211; s\u016bn\u016bs gavo dvarus, dukros &#8211; krait\u012f ir i\u0161tek\u0117jo u\u017e \u012ftaking\u0173 asmenybi\u0173 &#8211; Karpio, Pilsudskio ir kt.<\/p>\n<p>Jurgis suteik\u0117 \u0160v\u0117k\u0161nos dvarui ekonomin\u0119 gali\u0105, gerov\u0119, presti\u017e\u0105 bei prabang\u0105. Buvo \u012ftakingas valdovo pareig\u016bnas, \u0117jo karaliaus Augusto r\u016bm\u0173 tvarkytojo, LDK kariuomen\u0117s v\u0117liavininko pareigas, buvo renkamas Raseini\u0173 pavieto bajor\u0173 mar\u0161alka. Pasi\u017eym\u0117jo kietu ir valdingu charakteriu. Jo valdomas \u0160v\u0117k\u0161nos dvaras augo ir pl\u0117t\u0117si.<\/p>\n","protected":false},"excerpt":{"rendered":"<p>\u0160ie metai buvo grafo Vilhelmo Jono Broel &#8211; Pliaterio, pirmojo \u0161ios didik\u0173 gimin\u0117s atstovo, \u012fsigijusio \u0160v\u0117k\u0161nos dvar\u0105, gimimo jubiliejaus metai.Vilhelmas Jonas Pliateris, Jono Vilhelmo ir Helenos Filipinos Oginskyt\u0117s Pliateri\u0173 s\u016bnus, gim\u0117 1715 m. Pasira\u0161in\u0117davo Vilhelmo arba Jono, kartais abiem vardais, tuo sudarydamas daug painiavos savo biografams.\u0160is Pliateri\u0173 gimin\u0117s didikas 1766 m. i\u0161 Mykolo Kazimiero Oginskio [&hellip;]<\/p>\n","protected":false},"author":1,"featured_media":0,"comment_status":"open","ping_status":"open","sticky":false,"template":"","format":"standard","meta":{"footnotes":""},"categories":[51],"tags":[],"class_list":{"0":"post-15141","1":"post","2":"type-post","3":"status-publish","4":"format-standard","6":"category-kultura-ir-svietimas"},"yoast_head":"<!-- This site is optimized with the Yoast SEO plugin v27.5 - https:\/\/yoast.com\/product\/yoast-seo-wordpress\/ -->\n<title>Atmintis: Vilhelmui Jonui Broel - Pliateriui - 300 met\u0173 - \u0160ilut\u0117s naujienos<\/title>\n<meta name=\"robots\" content=\"index, follow, max-snippet:-1, max-image-preview:large, max-video-preview:-1\" \/>\n<link rel=\"canonical\" href=\"https:\/\/www.silutesnaujienos.lt\/lt\/atmintis-vilhelmui-jonui-broel-pliateriui-300-metu\/\" \/>\n<meta property=\"og:locale\" content=\"lt_LT\" \/>\n<meta property=\"og:type\" content=\"article\" \/>\n<meta property=\"og:title\" content=\"Atmintis: Vilhelmui Jonui Broel - Pliateriui - 300 met\u0173 - \u0160ilut\u0117s naujienos\" \/>\n<meta property=\"og:description\" content=\"\u0160ie metai buvo grafo Vilhelmo Jono Broel &#8211; Pliaterio, pirmojo \u0161ios didik\u0173 gimin\u0117s atstovo, \u012fsigijusio \u0160v\u0117k\u0161nos dvar\u0105, gimimo jubiliejaus metai.Vilhelmas Jonas Pliateris, Jono Vilhelmo ir Helenos Filipinos Oginskyt\u0117s Pliateri\u0173 s\u016bnus, gim\u0117 1715 m. Pasira\u0161in\u0117davo Vilhelmo arba Jono, kartais abiem vardais, tuo sudarydamas daug painiavos savo biografams.\u0160is Pliateri\u0173 gimin\u0117s didikas 1766 m. i\u0161 Mykolo Kazimiero Oginskio [&hellip;]\" \/>\n<meta property=\"og:url\" content=\"https:\/\/www.silutesnaujienos.lt\/lt\/atmintis-vilhelmui-jonui-broel-pliateriui-300-metu\/\" \/>\n<meta property=\"og:site_name\" content=\"\u0160ilut\u0117s naujienos\" \/>\n<meta property=\"article:publisher\" content=\"https:\/\/www.facebook.com\/silutes.naujienos\/\" \/>\n<meta property=\"article:published_time\" content=\"2015-12-08T10:00:00+00:00\" \/>\n<meta property=\"og:image\" content=\"\/\/silutesnaujienos.lt\/images\/stories\/2015\/GRUODIS\/04\/thumbnails\/thumb_Pliateris_Vilhelmas_Jonas.jpg\" \/>\n<meta name=\"author\" content=\"\u0160ilut\u0117s naujien\u0173 inf.\" \/>\n<meta name=\"twitter:card\" content=\"summary_large_image\" \/>\n<meta name=\"twitter:label1\" content=\"Written by\" \/>\n\t<meta name=\"twitter:data1\" content=\"\u0160ilut\u0117s naujien\u0173 inf.\" \/>\n\t<meta name=\"twitter:label2\" content=\"Est. reading time\" \/>\n\t<meta name=\"twitter:data2\" content=\"3 minut\u0117s\" \/>\n<script type=\"application\/ld+json\" class=\"yoast-schema-graph\">{\"@context\":\"https:\\\/\\\/schema.org\",\"@graph\":[{\"@type\":\"Article\",\"@id\":\"https:\\\/\\\/www.silutesnaujienos.lt\\\/lt\\\/atmintis-vilhelmui-jonui-broel-pliateriui-300-metu\\\/#article\",\"isPartOf\":{\"@id\":\"https:\\\/\\\/www.silutesnaujienos.lt\\\/lt\\\/atmintis-vilhelmui-jonui-broel-pliateriui-300-metu\\\/\"},\"author\":{\"name\":\"\u0160ilut\u0117s naujien\u0173 inf.\",\"@id\":\"https:\\\/\\\/www.silutesnaujienos.lt\\\/lt\\\/#\\\/schema\\\/person\\\/232f475ddd4a7b5f49b3abc788b17e83\"},\"headline\":\"Atmintis: Vilhelmui Jonui Broel &#8211; Pliateriui &#8211; 300 met\u0173\",\"datePublished\":\"2015-12-08T10:00:00+00:00\",\"mainEntityOfPage\":{\"@id\":\"https:\\\/\\\/www.silutesnaujienos.lt\\\/lt\\\/atmintis-vilhelmui-jonui-broel-pliateriui-300-metu\\\/\"},\"wordCount\":529,\"commentCount\":0,\"publisher\":{\"@id\":\"https:\\\/\\\/www.silutesnaujienos.lt\\\/lt\\\/#organization\"},\"articleSection\":[\"Kult\u016bra ir \u0161vietimas\"],\"inLanguage\":\"lt-LT\",\"potentialAction\":[{\"@type\":\"CommentAction\",\"name\":\"Comment\",\"target\":[\"https:\\\/\\\/www.silutesnaujienos.lt\\\/lt\\\/atmintis-vilhelmui-jonui-broel-pliateriui-300-metu\\\/#respond\"]}]},{\"@type\":\"WebPage\",\"@id\":\"https:\\\/\\\/www.silutesnaujienos.lt\\\/lt\\\/atmintis-vilhelmui-jonui-broel-pliateriui-300-metu\\\/\",\"url\":\"https:\\\/\\\/www.silutesnaujienos.lt\\\/lt\\\/atmintis-vilhelmui-jonui-broel-pliateriui-300-metu\\\/\",\"name\":\"Atmintis: Vilhelmui Jonui Broel - Pliateriui - 300 met\u0173 - \u0160ilut\u0117s naujienos\",\"isPartOf\":{\"@id\":\"https:\\\/\\\/www.silutesnaujienos.lt\\\/lt\\\/#website\"},\"datePublished\":\"2015-12-08T10:00:00+00:00\",\"breadcrumb\":{\"@id\":\"https:\\\/\\\/www.silutesnaujienos.lt\\\/lt\\\/atmintis-vilhelmui-jonui-broel-pliateriui-300-metu\\\/#breadcrumb\"},\"inLanguage\":\"lt-LT\",\"potentialAction\":[{\"@type\":\"ReadAction\",\"target\":[\"https:\\\/\\\/www.silutesnaujienos.lt\\\/lt\\\/atmintis-vilhelmui-jonui-broel-pliateriui-300-metu\\\/\"]}]},{\"@type\":\"BreadcrumbList\",\"@id\":\"https:\\\/\\\/www.silutesnaujienos.lt\\\/lt\\\/atmintis-vilhelmui-jonui-broel-pliateriui-300-metu\\\/#breadcrumb\",\"itemListElement\":[{\"@type\":\"ListItem\",\"position\":1,\"name\":\"Home\",\"item\":\"https:\\\/\\\/www.silutesnaujienos.lt\\\/lt\\\/\"},{\"@type\":\"ListItem\",\"position\":2,\"name\":\"Atmintis: Vilhelmui Jonui Broel &#8211; Pliateriui &#8211; 300 met\u0173\"}]},{\"@type\":\"WebSite\",\"@id\":\"https:\\\/\\\/www.silutesnaujienos.lt\\\/lt\\\/#website\",\"url\":\"https:\\\/\\\/www.silutesnaujienos.lt\\\/lt\\\/\",\"name\":\"\u0160ilut\u0117s naujienos\",\"description\":\"B\u016bk ant naujien\u0173 bangos!\",\"publisher\":{\"@id\":\"https:\\\/\\\/www.silutesnaujienos.lt\\\/lt\\\/#organization\"},\"potentialAction\":[{\"@type\":\"SearchAction\",\"target\":{\"@type\":\"EntryPoint\",\"urlTemplate\":\"https:\\\/\\\/www.silutesnaujienos.lt\\\/lt\\\/?s={search_term_string}\"},\"query-input\":{\"@type\":\"PropertyValueSpecification\",\"valueRequired\":true,\"valueName\":\"search_term_string\"}}],\"inLanguage\":\"lt-LT\"},{\"@type\":\"Organization\",\"@id\":\"https:\\\/\\\/www.silutesnaujienos.lt\\\/lt\\\/#organization\",\"name\":\"\u0160ilut\u0117s naujienos\",\"url\":\"https:\\\/\\\/www.silutesnaujienos.lt\\\/lt\\\/\",\"logo\":{\"@type\":\"ImageObject\",\"inLanguage\":\"lt-LT\",\"@id\":\"https:\\\/\\\/www.silutesnaujienos.lt\\\/lt\\\/#\\\/schema\\\/logo\\\/image\\\/\",\"url\":\"https:\\\/\\\/www.silutesnaujienos.lt\\\/lt\\\/wp-content\\\/uploads\\\/2020\\\/06\\\/FB_MAIN.jpg\",\"contentUrl\":\"https:\\\/\\\/www.silutesnaujienos.lt\\\/lt\\\/wp-content\\\/uploads\\\/2020\\\/06\\\/FB_MAIN.jpg\",\"width\":1700,\"height\":956,\"caption\":\"\u0160ilut\u0117s naujienos\"},\"image\":{\"@id\":\"https:\\\/\\\/www.silutesnaujienos.lt\\\/lt\\\/#\\\/schema\\\/logo\\\/image\\\/\"},\"sameAs\":[\"https:\\\/\\\/www.facebook.com\\\/silutes.naujienos\\\/\",\"https:\\\/\\\/www.youtube.com\\\/channel\\\/UCxW-cgrJDt8GxIMxSTAfJZg\"]},{\"@type\":\"Person\",\"@id\":\"https:\\\/\\\/www.silutesnaujienos.lt\\\/lt\\\/#\\\/schema\\\/person\\\/232f475ddd4a7b5f49b3abc788b17e83\",\"name\":\"\u0160ilut\u0117s naujien\u0173 inf.\",\"image\":{\"@type\":\"ImageObject\",\"inLanguage\":\"lt-LT\",\"@id\":\"https:\\\/\\\/www.silutesnaujienos.lt\\\/lt\\\/wp-content\\\/uploads\\\/2020\\\/06\\\/favicon.png\",\"url\":\"https:\\\/\\\/www.silutesnaujienos.lt\\\/lt\\\/wp-content\\\/uploads\\\/2020\\\/06\\\/favicon.png\",\"contentUrl\":\"https:\\\/\\\/www.silutesnaujienos.lt\\\/lt\\\/wp-content\\\/uploads\\\/2020\\\/06\\\/favicon.png\",\"caption\":\"\u0160ilut\u0117s naujien\u0173 inf.\"},\"sameAs\":[\"https:\\\/\\\/www.silutesnaujienos.lt\\\/lt\"],\"url\":\"https:\\\/\\\/www.silutesnaujienos.lt\\\/lt\\\/author\\\/ruta\\\/\"}]}<\/script>\n<!-- \/ Yoast SEO plugin. -->","yoast_head_json":{"title":"Atmintis: Vilhelmui Jonui Broel - Pliateriui - 300 met\u0173 - \u0160ilut\u0117s naujienos","robots":{"index":"index","follow":"follow","max-snippet":"max-snippet:-1","max-image-preview":"max-image-preview:large","max-video-preview":"max-video-preview:-1"},"canonical":"https:\/\/www.silutesnaujienos.lt\/lt\/atmintis-vilhelmui-jonui-broel-pliateriui-300-metu\/","og_locale":"lt_LT","og_type":"article","og_title":"Atmintis: Vilhelmui Jonui Broel - Pliateriui - 300 met\u0173 - \u0160ilut\u0117s naujienos","og_description":"\u0160ie metai buvo grafo Vilhelmo Jono Broel &#8211; Pliaterio, pirmojo \u0161ios didik\u0173 gimin\u0117s atstovo, \u012fsigijusio \u0160v\u0117k\u0161nos dvar\u0105, gimimo jubiliejaus metai.Vilhelmas Jonas Pliateris, Jono Vilhelmo ir Helenos Filipinos Oginskyt\u0117s Pliateri\u0173 s\u016bnus, gim\u0117 1715 m. Pasira\u0161in\u0117davo Vilhelmo arba Jono, kartais abiem vardais, tuo sudarydamas daug painiavos savo biografams.\u0160is Pliateri\u0173 gimin\u0117s didikas 1766 m. i\u0161 Mykolo Kazimiero Oginskio [&hellip;]","og_url":"https:\/\/www.silutesnaujienos.lt\/lt\/atmintis-vilhelmui-jonui-broel-pliateriui-300-metu\/","og_site_name":"\u0160ilut\u0117s naujienos","article_publisher":"https:\/\/www.facebook.com\/silutes.naujienos\/","article_published_time":"2015-12-08T10:00:00+00:00","og_image":[{"url":"\/\/silutesnaujienos.lt\/images\/stories\/2015\/GRUODIS\/04\/thumbnails\/thumb_Pliateris_Vilhelmas_Jonas.jpg","type":"","width":"","height":""}],"author":"\u0160ilut\u0117s naujien\u0173 inf.","twitter_card":"summary_large_image","twitter_misc":{"Written by":"\u0160ilut\u0117s naujien\u0173 inf.","Est. reading time":"3 minut\u0117s"},"schema":{"@context":"https:\/\/schema.org","@graph":[{"@type":"Article","@id":"https:\/\/www.silutesnaujienos.lt\/lt\/atmintis-vilhelmui-jonui-broel-pliateriui-300-metu\/#article","isPartOf":{"@id":"https:\/\/www.silutesnaujienos.lt\/lt\/atmintis-vilhelmui-jonui-broel-pliateriui-300-metu\/"},"author":{"name":"\u0160ilut\u0117s naujien\u0173 inf.","@id":"https:\/\/www.silutesnaujienos.lt\/lt\/#\/schema\/person\/232f475ddd4a7b5f49b3abc788b17e83"},"headline":"Atmintis: Vilhelmui Jonui Broel &#8211; Pliateriui &#8211; 300 met\u0173","datePublished":"2015-12-08T10:00:00+00:00","mainEntityOfPage":{"@id":"https:\/\/www.silutesnaujienos.lt\/lt\/atmintis-vilhelmui-jonui-broel-pliateriui-300-metu\/"},"wordCount":529,"commentCount":0,"publisher":{"@id":"https:\/\/www.silutesnaujienos.lt\/lt\/#organization"},"articleSection":["Kult\u016bra ir \u0161vietimas"],"inLanguage":"lt-LT","potentialAction":[{"@type":"CommentAction","name":"Comment","target":["https:\/\/www.silutesnaujienos.lt\/lt\/atmintis-vilhelmui-jonui-broel-pliateriui-300-metu\/#respond"]}]},{"@type":"WebPage","@id":"https:\/\/www.silutesnaujienos.lt\/lt\/atmintis-vilhelmui-jonui-broel-pliateriui-300-metu\/","url":"https:\/\/www.silutesnaujienos.lt\/lt\/atmintis-vilhelmui-jonui-broel-pliateriui-300-metu\/","name":"Atmintis: Vilhelmui Jonui Broel - Pliateriui - 300 met\u0173 - \u0160ilut\u0117s naujienos","isPartOf":{"@id":"https:\/\/www.silutesnaujienos.lt\/lt\/#website"},"datePublished":"2015-12-08T10:00:00+00:00","breadcrumb":{"@id":"https:\/\/www.silutesnaujienos.lt\/lt\/atmintis-vilhelmui-jonui-broel-pliateriui-300-metu\/#breadcrumb"},"inLanguage":"lt-LT","potentialAction":[{"@type":"ReadAction","target":["https:\/\/www.silutesnaujienos.lt\/lt\/atmintis-vilhelmui-jonui-broel-pliateriui-300-metu\/"]}]},{"@type":"BreadcrumbList","@id":"https:\/\/www.silutesnaujienos.lt\/lt\/atmintis-vilhelmui-jonui-broel-pliateriui-300-metu\/#breadcrumb","itemListElement":[{"@type":"ListItem","position":1,"name":"Home","item":"https:\/\/www.silutesnaujienos.lt\/lt\/"},{"@type":"ListItem","position":2,"name":"Atmintis: Vilhelmui Jonui Broel &#8211; Pliateriui &#8211; 300 met\u0173"}]},{"@type":"WebSite","@id":"https:\/\/www.silutesnaujienos.lt\/lt\/#website","url":"https:\/\/www.silutesnaujienos.lt\/lt\/","name":"\u0160ilut\u0117s naujienos","description":"B\u016bk ant naujien\u0173 bangos!","publisher":{"@id":"https:\/\/www.silutesnaujienos.lt\/lt\/#organization"},"potentialAction":[{"@type":"SearchAction","target":{"@type":"EntryPoint","urlTemplate":"https:\/\/www.silutesnaujienos.lt\/lt\/?s={search_term_string}"},"query-input":{"@type":"PropertyValueSpecification","valueRequired":true,"valueName":"search_term_string"}}],"inLanguage":"lt-LT"},{"@type":"Organization","@id":"https:\/\/www.silutesnaujienos.lt\/lt\/#organization","name":"\u0160ilut\u0117s naujienos","url":"https:\/\/www.silutesnaujienos.lt\/lt\/","logo":{"@type":"ImageObject","inLanguage":"lt-LT","@id":"https:\/\/www.silutesnaujienos.lt\/lt\/#\/schema\/logo\/image\/","url":"https:\/\/www.silutesnaujienos.lt\/lt\/wp-content\/uploads\/2020\/06\/FB_MAIN.jpg","contentUrl":"https:\/\/www.silutesnaujienos.lt\/lt\/wp-content\/uploads\/2020\/06\/FB_MAIN.jpg","width":1700,"height":956,"caption":"\u0160ilut\u0117s naujienos"},"image":{"@id":"https:\/\/www.silutesnaujienos.lt\/lt\/#\/schema\/logo\/image\/"},"sameAs":["https:\/\/www.facebook.com\/silutes.naujienos\/","https:\/\/www.youtube.com\/channel\/UCxW-cgrJDt8GxIMxSTAfJZg"]},{"@type":"Person","@id":"https:\/\/www.silutesnaujienos.lt\/lt\/#\/schema\/person\/232f475ddd4a7b5f49b3abc788b17e83","name":"\u0160ilut\u0117s naujien\u0173 inf.","image":{"@type":"ImageObject","inLanguage":"lt-LT","@id":"https:\/\/www.silutesnaujienos.lt\/lt\/wp-content\/uploads\/2020\/06\/favicon.png","url":"https:\/\/www.silutesnaujienos.lt\/lt\/wp-content\/uploads\/2020\/06\/favicon.png","contentUrl":"https:\/\/www.silutesnaujienos.lt\/lt\/wp-content\/uploads\/2020\/06\/favicon.png","caption":"\u0160ilut\u0117s naujien\u0173 inf."},"sameAs":["https:\/\/www.silutesnaujienos.lt\/lt"],"url":"https:\/\/www.silutesnaujienos.lt\/lt\/author\/ruta\/"}]}},"publishpress_future_workflow_manual_trigger":{"enabledWorkflows":[]},"amp_enabled":true,"_links":{"self":[{"href":"https:\/\/www.silutesnaujienos.lt\/lt\/wp-json\/wp\/v2\/posts\/15141","targetHints":{"allow":["GET"]}}],"collection":[{"href":"https:\/\/www.silutesnaujienos.lt\/lt\/wp-json\/wp\/v2\/posts"}],"about":[{"href":"https:\/\/www.silutesnaujienos.lt\/lt\/wp-json\/wp\/v2\/types\/post"}],"author":[{"embeddable":true,"href":"https:\/\/www.silutesnaujienos.lt\/lt\/wp-json\/wp\/v2\/users\/1"}],"replies":[{"embeddable":true,"href":"https:\/\/www.silutesnaujienos.lt\/lt\/wp-json\/wp\/v2\/comments?post=15141"}],"version-history":[{"count":0,"href":"https:\/\/www.silutesnaujienos.lt\/lt\/wp-json\/wp\/v2\/posts\/15141\/revisions"}],"wp:attachment":[{"href":"https:\/\/www.silutesnaujienos.lt\/lt\/wp-json\/wp\/v2\/media?parent=15141"}],"wp:term":[{"taxonomy":"category","embeddable":true,"href":"https:\/\/www.silutesnaujienos.lt\/lt\/wp-json\/wp\/v2\/categories?post=15141"},{"taxonomy":"post_tag","embeddable":true,"href":"https:\/\/www.silutesnaujienos.lt\/lt\/wp-json\/wp\/v2\/tags?post=15141"}],"curies":[{"name":"wp","href":"https:\/\/api.w.org\/{rel}","templated":true}]}}