{"id":15144,"date":"2015-12-11T18:00:00","date_gmt":"2015-12-11T20:00:00","guid":{"rendered":"https:\/\/www.silutesnaujienos.lt\/lt\/kaledu-eglute-uzdegdavo-nuo-paskutines-advento-vainiko-zvakutes\/"},"modified":"2015-12-11T18:00:00","modified_gmt":"2015-12-11T20:00:00","slug":"kaledu-eglute-uzdegdavo-nuo-paskutines-advento-vainiko-zvakutes","status":"publish","type":"post","link":"https:\/\/www.silutesnaujienos.lt\/lt\/kaledu-eglute-uzdegdavo-nuo-paskutines-advento-vainiko-zvakutes\/","title":{"rendered":"Kal\u0117d\u0173 eglut\u0119 u\u017edegdavo nuo paskutin\u0117s advento vainiko \u017evakut\u0117s"},"content":{"rendered":"<p><a target=\"_blank\" rel=\"caption[\u0160ilut\u0117s ne\u012fgali\u0173j\u0173 draugijos nariai sureng\u0117 adventin\u0119 popiet\u0119 \u0160ilut\u0117s policijos komisariate.] noopener noreferrer\" class=\"jcepopup\" href=\"\/\/silutesnaujienos.lt\/images\/stories\/2015\/GRUODIS\/08\/2015__advento_vakaras_policijoje_dainuoja.jpg\" data-rel=\"lightbox-gallery-wO6BFCkU\" data-rl_title=\"\" data-rl_caption=\"\"><img loading=\"lazy\" decoding=\"async\" style=\"margin: 5px; float: left;\" class=\"caption\" title=\"\" alt=\"2015  advento vakaras policijoje dainuoja\" src=\"\/\/silutesnaujienos.lt\/images\/stories\/2015\/GRUODIS\/08\/thumbnails\/thumb_2015__advento_vakaras_policijoje_dainuoja.jpg\" height=\"230\" width=\"307\" \/><\/a><strong>Pra\u0117jus\u012f sekmadien\u012f \u012f\u017eeng\u0117me \u012f rimties, susitaikymo, atleidimo ir burt\u0173 piln\u0105 met\u0105 &#8211; advent\u0105. \u201eKad kal\u0117diniai pav\u0117lyjimai pildyt\u0173si, reikia prasmingai praleisti advento laik\u0105\u201c, &#8211; byloja m\u016bs\u0173 kra\u0161to senoli\u0173 i\u0161mintis.<br \/><\/strong><br \/><strong>\u0160ilut\u0117s Hugo \u0160ojaus muziejaus si\u016blo prasmingai praleisti advento vakarus ir edukacin\u0117se pamokose kvie\u010dia i\u0161mokti gaminti egl\u0117s \u017eaislus, \u017eibintus, susipa\u017einti su tradiciniais \u0161i\u0161ioni\u0161ki\u0173 kepiniais.<br \/><\/strong><br \/><strong>Prie\u0161 savait\u0119 Salos etnokult\u016bros ir informacijos centro direktor\u0117 Birut\u0117 Servien\u0117 \u0161iluti\u0161kiams parod\u0117, kaip nusipinti tradicin\u012f advento vainik\u0105.<br \/><\/strong><br \/><strong>Vakaron\u0117s dalyviai i\u0161 egl\u0117s \u0161akeli\u0173 sud\u0117liojo ir archai\u0161k\u0105 vainik\u0105. Kiekvienas, prie\u0161 pad\u0117damas egl\u0117s \u0161akel\u0119, tyloje ir rimtyje tur\u0117jo sugalvoti nor\u0105, kuris b\u016btinai i\u0161sipildys. Juk adventas &#8211; tai ir stebukl\u0173 metas.<\/strong><strong><br \/><\/strong><br \/><strong>Egl\u0119 parne\u0161davo K\u016b\u010di\u0173 ryt\u0105<\/strong><a target=\"_blank\" rel=\"caption[Policijos pareig\u016bn\u0117s mok\u0117si daryti adventinius vainikus.] noopener noreferrer\" class=\"jcepopup\" href=\"\/\/silutesnaujienos.lt\/images\/stories\/2015\/GRUODIS\/08\/advento_vakaras_policijoje_pina_vainika.jpg\" data-rel=\"lightbox-gallery-wO6BFCkU\" data-rl_title=\"\" data-rl_caption=\"\"><img loading=\"lazy\" decoding=\"async\" style=\"margin: 5px; float: right;\" class=\"caption\" title=\"\" alt=\"advento vakaras policijoje pina vainika\" src=\"\/\/silutesnaujienos.lt\/images\/stories\/2015\/GRUODIS\/08\/thumbnails\/thumb_advento_vakaras_policijoje_pina_vainika.jpg\" height=\"230\" width=\"307\" \/><\/a><strong><br \/><\/strong><br \/>B.Servien\u0117 pasakojo, kad seniausias advento vainikas mena devyniolikt\u0105j\u012f am\u017ei\u0173. 1833 metais Vokietijoje, Hamburgo mieste, jaunas evangelik\u0173 pastorius, nor\u0117damas pagelb\u0117ti valkataujantiems, alkstantiems, nepasiturintiems vaikams i\u0161 gatv\u0117s, savo namuose \u012fsteig\u0117 prieglaud\u0105 ir sukviet\u0117 tuos jaunuolius.<\/p>\n<p>Advento metu prieglaudoje kasdien buvo u\u017edegama po \u017evakel\u0119. Taip j\u0173 iki \u0161v. Kal\u0117d\u0173 atsirasdavo net 24. Vienas darbininkas, matydamas gausyb\u0119 \u017evakeli\u0173, pagamino rat\u0105, ant kurio jas sud\u0117jo. Kit\u0105met pastorius pamat\u0117, kad vaikai t\u0105 rat\u0105 apipyn\u0117 egl\u0117s \u0161akut\u0117mis, taip gim\u0117 advento vainiko tradicija.<\/p>\n<p>\u0160iandien advento vainikas puo\u0161iamas ne 24, o 4 \u017evak\u0117mis, simbolizuojan\u010diomis keturias advento savaites.<\/p>\n<p>K\u016b\u010di\u0173 vakar\u0105, kai jau baigiasi adventas, nuo paskutin\u0117s vainiko \u017evak\u0117s yra u\u017edegama eglut\u0117, o pats vainikas sudeginamas. <\/p>\n<p>Egl\u0117 b\u016bdavo parne\u0161ama tik K\u016b\u010di\u0173 rytmet\u012f &#8211; n\u0117 viena diena anks\u010diau. Am\u017ein\u0105 gyvyb\u0119 simbolizuojant\u012f, kvepiant\u012f medel\u012f nukirsdavo ir \u012f namus K\u016b\u010di\u0173 ryt\u0105 parne\u0161davo t\u0117vas.<\/p>\n<p><strong>Vainik\u0105 galima puo\u0161ti brukni\u0173 \u0161akel\u0117mis<\/strong><\/p>\n<p><a target=\"_blank\" rel=\"caption[\u0160ilut\u0117s H.\u0160ojaus muziejus rengia daug edukacini\u0173 rengini\u0173. Pirmasis buvo - apie advento tradicijas.] noopener noreferrer\" class=\"jcepopup\" href=\"\/\/silutesnaujienos.lt\/images\/stories\/2015\/GRUODIS\/08\/advento_vainiku_pynimas.jpg\" data-rel=\"lightbox-gallery-wO6BFCkU\" data-rl_title=\"\" data-rl_caption=\"\"><img loading=\"lazy\" decoding=\"async\" style=\"margin: 5px; float: left;\" class=\"caption\" title=\"\" alt=\"advento vainiku pynimas\" src=\"\/\/silutesnaujienos.lt\/images\/stories\/2015\/GRUODIS\/08\/thumbnails\/thumb_advento_vainiku_pynimas.jpg\" height=\"230\" width=\"307\" \/><\/a>\u0160ilut\u0117s muziejaus etnograf\u0117 Indr\u0117 Skablauskait\u0117 yra pasakojusi, kad advento vainik\u0105 lietuvininkai pad\u0117davo viduryje balta staltiese u\u017etiesto stalo arba nuleisdavo nuo sietyno &#8211; viduryje stubos jis kabodavo ir puo\u0161davo namus, raudonais kaspinais ir raudonomis \u017evak\u0117mis dabintas. V\u0117liau atsirado mada mieste puo\u0161ti langus, vainikus kabinti ant dur\u0173. Tai buvo labiau madinga Memelio (Klaip\u0117dos) pus\u0117je.<\/p>\n<p>Sakoma, kad tradiciniame advento vainike turi b\u016bti 3 violetin\u0117s ir viena ro\u017ein\u0117 \u017evak\u0117, ta\u010diau m\u016bs\u0173 kra\u0161te visos 4 \u017evak\u0117s b\u016bdavo tik raudonos.<\/p>\n<p>Kai sekmadien\u012f u\u017edegdavo \u017evakel\u0119, b\u016bdavo giedamos giesm\u0117s, meld\u017eiamasi. Visada prie vainiko nuo advento prad\u017eios iki K\u016b\u010di\u0173 vakaro b\u016bdavo pamerkiama pu\u0161ies \u0161akel\u0117, kuri\u0105 K\u016b\u010di\u0173 vakar\u0105 pakeisdavo egl\u0117s \u0161akel\u0117. Bet tai b\u016bdavo tol, kol atsirado eglut\u0117.<\/p>\n<p>Vainik\u0173 pynimo pamokos metu B.Servien\u0117 sak\u0117, kad vainik\u0105 galima papuo\u0161ti kankor\u0117\u017eiais &#8211; jie \u0161iemet yra labai madingi. Advento meto ir Kal\u0117d\u0173 spalva yra violetin\u0117. Tai tyrumo, naujo gimimo spalva. Sen\u0173j\u0173 papro\u010di\u0173 \u017einov\u0117 pataria vengti elektrini\u0173, ry\u0161ki\u0173 spalv\u0173.<\/p>\n<p>Ji prisimin\u0117 savo vaikyst\u0119, kai \u017eiem\u0105 eidavo \u012f mi\u0161k\u0105 ie\u0161koti \u017eali\u0173 brukn\u0117s lapeli\u0173. \u0160iais \u017ealumynais puo\u0161davo vainik\u0105.<\/p>\n<p>Etnografei I.Skablauskaitei kilo klausimas, kaip i\u0161 egl\u0117s \u0161ak\u0173 nupint\u0105 vainik\u0117l\u012f i\u0161laikyti kuo ilgiau nesubyr\u0117jus\u012f. Anot B.Servien\u0117s, senoliai i\u0161laikydavo, nes trobas k\u016brendavo malkomis. Dabartinis \u0161ildymas yra kitoks. Juk ir daugelis i\u0161 m\u016bs\u0173, gyvendami radiatoriais \u0161ildomuose butuose, turime problem\u0173 d\u0117l patalpose i\u0161saus\u0117jusio oro.<\/p>\n<p><strong>Yra daugyb\u0117 prietar\u0173<\/strong><\/p>\n<p>Lietuvininkai advento metu vakarais prie stalo giedodavo, verpdavo, ausdavo, vydavo virves ir pasakojo \u012fvairias istorijas. Vaikai negal\u0117jo s\u0117sti prie stalo kartu su suaugusiaisiais, jie tur\u0117jo b\u016bti pasyv\u016bs dalyviai, i\u0161 tolo stebintys ir pa\u017e\u012fstantys gyvenim\u0105.<\/p>\n<p>\u0160iuo mistiniu laikotarpiu stengtasi nesipykti, nesibarti. Lietuvininkai pasninko nesilaik\u0117, ta\u010diau valg\u0117 lengvesnius patiekalus: dar\u017eoves, grybus, \u017euv\u012f, obuolius, rie\u0161utus.<\/p>\n<p>Advento metu daug laiko buvo skiriama steb\u0117jimams ir burtams. Stebimas oras, ir \u017einoma, jog nuo gruod\u017eio 12 dienos viena diena atstoja kit\u0173 met\u0173 m\u0117nesio orus, t.y. pagal gruod\u017eio 13 dienos or\u0105 galima spr\u0119sti, koks bus kit\u0173 met\u0173 sausis, gruod\u017eio 14-\u0105j\u0105 &#8211; koks bus vasaris, ir t.t.<\/p>\n<p>Advento metu galioja daugyb\u0117 draudim\u0173 ir prietar\u0173: negalima avi\u0173 kirpti, nes vilnos \u0161iurk\u0161\u010dios bus; vilnas kar\u0161ti galima, bet verpti su rateliu negalima. M\u016bs\u0173 prosenoliai \u0161iuo laikotarpiu nepjov\u0117 malk\u0173, nes krosnys gali prad\u0117ti garsiai burb\u0117ti. Jokiu b\u016bdu negalima pjauti medienos, i\u0161 kurios namai statomi &#8211; sakydavo, kad tuose namuose vaidenasi. Jeigu karstas padaromas i\u0161 per advent\u0105 kirsto med\u017eio lent\u0173, tai ryt\u0105 tokio karsto lentas galima rasti i\u0161m\u0117tytas po kapines.<\/p>\n<p><strong>Eglut\u0119 laikydavo iki Trij\u0173 karali\u0173<\/strong><\/p>\n<p>XVI a. voki\u0161kuose kra\u0161tuose per Kal\u0117das ant stalo stov\u0117davo ma\u017ea eglut\u0117. I\u0161 prad\u017ei\u0173 ji buvo puo\u0161iama saldumynais, v\u0117liau &#8211; blizgu\u010diais. Dar po keliolikos met\u0173 ant kal\u0117dini\u0173 eglu\u010di\u0173 su\u017eibo kuklios \u017evaki\u0173 \u0161viesel\u0117s. Pasakojama, kad Martynas Liuteris, nor\u0117damas vaikams pademonstruoti \u017evaig\u017ed\u017ei\u0173 mirg\u0117jim\u0105 danguje, per Kal\u0117das ant eglut\u0117s u\u017edeg\u0117 \u017evakutes.<\/p>\n<p>Eglut\u0117s imtos puo\u0161ti ir \u017evakut\u0117mis, kuri\u0173 liepsna simbolizuoja pikt\u0173j\u0173 dvasi\u0173 sunaikinim\u0105. Egl\u0117s vir\u0161\u016bn\u0119 puo\u0161davo \u017evaig\u017ede, kuri simbolizuoja Betliejaus \u017evaig\u017ed\u0119, rodan\u010di\u0105 keli\u0105 pas gimus\u012f J\u0117z\u0173. Angelai, avin\u0117liai, piemenys, varpeliai ant eglut\u0117s primin\u0117 J\u0117zaus gimim\u0105. Kaimuose eglutes puo\u0161\u0117 ir i\u0161 \u0161iaud\u0173 pagamintais \u017eaisliukais.<\/p>\n<p>Egles taip pat puo\u0161davo obuoliais, kiau\u0161iniais, rie\u0161utais. \u0160ie eglut\u0117s papuo\u0161alai tur\u0117jo u\u017etikrinti vaisingum\u0105, harmonij\u0105 ir stipryb\u0119.<\/p>\n<p>Papuo\u0161t\u0105 eglut\u0119 laikydavo iki Trij\u0173 karali\u0173 &#8211; t\u0105 dien\u0105 eglut\u0119 nurengdavo, t\u0117vas j\u0105 krosnyje suk\u016brendavo, o pelenus ant lauk\u0173 i\u0161barstydavo. Anot B.Servien\u0117s, tai derlingumo simbolis.<\/p>\n<p><strong>Advento vainik\u0117lius pyn\u0117 ir ne\u012fgalieji<\/strong> <\/p>\n<p>\u0160ilut\u0117s rajono ne\u012fgali\u0173j\u0173 draugijoje taip pat jau\u010diasi \u0161ventinis subruzdimas.<\/p>\n<p>Draugijos nar\u0117 Aldona Petkien\u0117 informavo, jog vykdant socialin\u0117s reabilitacijos ne\u012fgaliesiems projekt\u0105 Ne\u012fgali\u0173j\u0173 draugijos floristikos kabinetas pasipild\u0117 papildomais stalais, kiekvien\u0105 dien\u0105 \u010dia pilna moter\u0173, kurios ruo\u0161ia dovan\u0117les savo vaikams, an\u016bkams, draug\u0117ms. Kas gali b\u016bti brangesnio u\u017e rank\u0173 darbo dovan\u0105, kurioje sud\u0117ta \u0161irdies \u0161iluma ir meil\u0117?<\/p>\n<p>\u0160ilut\u0117s policijos komisariato vyresnioji tyr\u0117ja Nerija Ropien\u0117 draugijos kolektyv\u0105 pakviet\u0117 komisariato pareig\u016bnes pamokyti pinti adventinius vainik\u0117lius. Per trump\u0105 laik\u0105 nupinta 14 vainik\u0117li\u0173, \u0161iam darbui vadovavo draugijos floristikos b\u016brelio vadov\u0117 Zinaida Mikelionis, jai talkino Au\u0161ra Rumkien\u0117 ir Snieguol\u0117 Dulkien\u0117.<\/p>\n<p>\u012e popiet\u0119 atvyko ir ne\u012fgali\u0173j\u0173 draugijos ansamblis \u201eKvietkelis\u201c, kapela \u201e\u0160ilo aidai\u201c. Program\u0105, skirt\u0105 advento prad\u017eiai, prad\u0117jo draugijos pirminink\u0117 Laima Dulkyt\u0117, eiles skait\u0117 Eugenija Jefimovien\u0117, skamb\u0117jo giesm\u0117s ir kapelos melodijos.<\/p>\n","protected":false},"excerpt":{"rendered":"<p>Pra\u0117jus\u012f sekmadien\u012f \u012f\u017eeng\u0117me \u012f rimties, susitaikymo, atleidimo ir burt\u0173 piln\u0105 met\u0105 &#8211; advent\u0105. \u201eKad kal\u0117diniai pav\u0117lyjimai pildyt\u0173si, reikia prasmingai praleisti advento laik\u0105\u201c, &#8211; byloja m\u016bs\u0173 kra\u0161to senoli\u0173 i\u0161mintis.\u0160ilut\u0117s Hugo \u0160ojaus muziejaus si\u016blo prasmingai praleisti advento vakarus ir edukacin\u0117se pamokose kvie\u010dia i\u0161mokti gaminti egl\u0117s \u017eaislus, \u017eibintus, susipa\u017einti su tradiciniais \u0161i\u0161ioni\u0161ki\u0173 kepiniais.Prie\u0161 savait\u0119 Salos etnokult\u016bros ir informacijos [&hellip;]<\/p>\n","protected":false},"author":1,"featured_media":0,"comment_status":"open","ping_status":"open","sticky":false,"template":"","format":"standard","meta":{"footnotes":""},"categories":[51],"tags":[],"class_list":{"0":"post-15144","1":"post","2":"type-post","3":"status-publish","4":"format-standard","6":"category-kultura-ir-svietimas"},"yoast_head":"<!-- This site is optimized with the Yoast SEO plugin v27.5 - https:\/\/yoast.com\/product\/yoast-seo-wordpress\/ -->\n<title>Kal\u0117d\u0173 eglut\u0119 u\u017edegdavo nuo paskutin\u0117s advento vainiko \u017evakut\u0117s - \u0160ilut\u0117s naujienos<\/title>\n<meta name=\"robots\" content=\"index, follow, max-snippet:-1, max-image-preview:large, max-video-preview:-1\" \/>\n<link rel=\"canonical\" href=\"https:\/\/www.silutesnaujienos.lt\/lt\/kaledu-eglute-uzdegdavo-nuo-paskutines-advento-vainiko-zvakutes\/\" \/>\n<meta property=\"og:locale\" content=\"lt_LT\" \/>\n<meta property=\"og:type\" content=\"article\" \/>\n<meta property=\"og:title\" content=\"Kal\u0117d\u0173 eglut\u0119 u\u017edegdavo nuo paskutin\u0117s advento vainiko \u017evakut\u0117s - \u0160ilut\u0117s naujienos\" \/>\n<meta property=\"og:description\" content=\"Pra\u0117jus\u012f sekmadien\u012f \u012f\u017eeng\u0117me \u012f rimties, susitaikymo, atleidimo ir burt\u0173 piln\u0105 met\u0105 &#8211; advent\u0105. \u201eKad kal\u0117diniai pav\u0117lyjimai pildyt\u0173si, reikia prasmingai praleisti advento laik\u0105\u201c, &#8211; byloja m\u016bs\u0173 kra\u0161to senoli\u0173 i\u0161mintis.\u0160ilut\u0117s Hugo \u0160ojaus muziejaus si\u016blo prasmingai praleisti advento vakarus ir edukacin\u0117se pamokose kvie\u010dia i\u0161mokti gaminti egl\u0117s \u017eaislus, \u017eibintus, susipa\u017einti su tradiciniais \u0161i\u0161ioni\u0161ki\u0173 kepiniais.Prie\u0161 savait\u0119 Salos etnokult\u016bros ir informacijos [&hellip;]\" \/>\n<meta property=\"og:url\" content=\"https:\/\/www.silutesnaujienos.lt\/lt\/kaledu-eglute-uzdegdavo-nuo-paskutines-advento-vainiko-zvakutes\/\" \/>\n<meta property=\"og:site_name\" content=\"\u0160ilut\u0117s naujienos\" \/>\n<meta property=\"article:publisher\" content=\"https:\/\/www.facebook.com\/silutes.naujienos\/\" \/>\n<meta property=\"article:published_time\" content=\"2015-12-11T20:00:00+00:00\" \/>\n<meta property=\"og:image\" content=\"\/\/silutesnaujienos.lt\/images\/stories\/2015\/GRUODIS\/08\/thumbnails\/thumb_2015__advento_vakaras_policijoje_dainuoja.jpg\" \/>\n<meta name=\"author\" content=\"\u0160ilut\u0117s naujien\u0173 inf.\" \/>\n<meta name=\"twitter:card\" content=\"summary_large_image\" \/>\n<meta name=\"twitter:label1\" content=\"Written by\" \/>\n\t<meta name=\"twitter:data1\" content=\"\u0160ilut\u0117s naujien\u0173 inf.\" \/>\n\t<meta name=\"twitter:label2\" content=\"Est. reading time\" \/>\n\t<meta name=\"twitter:data2\" content=\"5 minut\u0117s\" \/>\n<script type=\"application\/ld+json\" class=\"yoast-schema-graph\">{\"@context\":\"https:\\\/\\\/schema.org\",\"@graph\":[{\"@type\":\"Article\",\"@id\":\"https:\\\/\\\/www.silutesnaujienos.lt\\\/lt\\\/kaledu-eglute-uzdegdavo-nuo-paskutines-advento-vainiko-zvakutes\\\/#article\",\"isPartOf\":{\"@id\":\"https:\\\/\\\/www.silutesnaujienos.lt\\\/lt\\\/kaledu-eglute-uzdegdavo-nuo-paskutines-advento-vainiko-zvakutes\\\/\"},\"author\":{\"name\":\"\u0160ilut\u0117s naujien\u0173 inf.\",\"@id\":\"https:\\\/\\\/www.silutesnaujienos.lt\\\/lt\\\/#\\\/schema\\\/person\\\/232f475ddd4a7b5f49b3abc788b17e83\"},\"headline\":\"Kal\u0117d\u0173 eglut\u0119 u\u017edegdavo nuo paskutin\u0117s advento vainiko \u017evakut\u0117s\",\"datePublished\":\"2015-12-11T20:00:00+00:00\",\"mainEntityOfPage\":{\"@id\":\"https:\\\/\\\/www.silutesnaujienos.lt\\\/lt\\\/kaledu-eglute-uzdegdavo-nuo-paskutines-advento-vainiko-zvakutes\\\/\"},\"wordCount\":1080,\"commentCount\":0,\"publisher\":{\"@id\":\"https:\\\/\\\/www.silutesnaujienos.lt\\\/lt\\\/#organization\"},\"articleSection\":[\"Kult\u016bra ir \u0161vietimas\"],\"inLanguage\":\"lt-LT\",\"potentialAction\":[{\"@type\":\"CommentAction\",\"name\":\"Comment\",\"target\":[\"https:\\\/\\\/www.silutesnaujienos.lt\\\/lt\\\/kaledu-eglute-uzdegdavo-nuo-paskutines-advento-vainiko-zvakutes\\\/#respond\"]}]},{\"@type\":\"WebPage\",\"@id\":\"https:\\\/\\\/www.silutesnaujienos.lt\\\/lt\\\/kaledu-eglute-uzdegdavo-nuo-paskutines-advento-vainiko-zvakutes\\\/\",\"url\":\"https:\\\/\\\/www.silutesnaujienos.lt\\\/lt\\\/kaledu-eglute-uzdegdavo-nuo-paskutines-advento-vainiko-zvakutes\\\/\",\"name\":\"Kal\u0117d\u0173 eglut\u0119 u\u017edegdavo nuo paskutin\u0117s advento vainiko \u017evakut\u0117s - \u0160ilut\u0117s naujienos\",\"isPartOf\":{\"@id\":\"https:\\\/\\\/www.silutesnaujienos.lt\\\/lt\\\/#website\"},\"datePublished\":\"2015-12-11T20:00:00+00:00\",\"breadcrumb\":{\"@id\":\"https:\\\/\\\/www.silutesnaujienos.lt\\\/lt\\\/kaledu-eglute-uzdegdavo-nuo-paskutines-advento-vainiko-zvakutes\\\/#breadcrumb\"},\"inLanguage\":\"lt-LT\",\"potentialAction\":[{\"@type\":\"ReadAction\",\"target\":[\"https:\\\/\\\/www.silutesnaujienos.lt\\\/lt\\\/kaledu-eglute-uzdegdavo-nuo-paskutines-advento-vainiko-zvakutes\\\/\"]}]},{\"@type\":\"BreadcrumbList\",\"@id\":\"https:\\\/\\\/www.silutesnaujienos.lt\\\/lt\\\/kaledu-eglute-uzdegdavo-nuo-paskutines-advento-vainiko-zvakutes\\\/#breadcrumb\",\"itemListElement\":[{\"@type\":\"ListItem\",\"position\":1,\"name\":\"Home\",\"item\":\"https:\\\/\\\/www.silutesnaujienos.lt\\\/lt\\\/\"},{\"@type\":\"ListItem\",\"position\":2,\"name\":\"Kal\u0117d\u0173 eglut\u0119 u\u017edegdavo nuo paskutin\u0117s advento vainiko \u017evakut\u0117s\"}]},{\"@type\":\"WebSite\",\"@id\":\"https:\\\/\\\/www.silutesnaujienos.lt\\\/lt\\\/#website\",\"url\":\"https:\\\/\\\/www.silutesnaujienos.lt\\\/lt\\\/\",\"name\":\"\u0160ilut\u0117s naujienos\",\"description\":\"B\u016bk ant naujien\u0173 bangos!\",\"publisher\":{\"@id\":\"https:\\\/\\\/www.silutesnaujienos.lt\\\/lt\\\/#organization\"},\"potentialAction\":[{\"@type\":\"SearchAction\",\"target\":{\"@type\":\"EntryPoint\",\"urlTemplate\":\"https:\\\/\\\/www.silutesnaujienos.lt\\\/lt\\\/?s={search_term_string}\"},\"query-input\":{\"@type\":\"PropertyValueSpecification\",\"valueRequired\":true,\"valueName\":\"search_term_string\"}}],\"inLanguage\":\"lt-LT\"},{\"@type\":\"Organization\",\"@id\":\"https:\\\/\\\/www.silutesnaujienos.lt\\\/lt\\\/#organization\",\"name\":\"\u0160ilut\u0117s naujienos\",\"url\":\"https:\\\/\\\/www.silutesnaujienos.lt\\\/lt\\\/\",\"logo\":{\"@type\":\"ImageObject\",\"inLanguage\":\"lt-LT\",\"@id\":\"https:\\\/\\\/www.silutesnaujienos.lt\\\/lt\\\/#\\\/schema\\\/logo\\\/image\\\/\",\"url\":\"https:\\\/\\\/www.silutesnaujienos.lt\\\/lt\\\/wp-content\\\/uploads\\\/2020\\\/06\\\/FB_MAIN.jpg\",\"contentUrl\":\"https:\\\/\\\/www.silutesnaujienos.lt\\\/lt\\\/wp-content\\\/uploads\\\/2020\\\/06\\\/FB_MAIN.jpg\",\"width\":1700,\"height\":956,\"caption\":\"\u0160ilut\u0117s naujienos\"},\"image\":{\"@id\":\"https:\\\/\\\/www.silutesnaujienos.lt\\\/lt\\\/#\\\/schema\\\/logo\\\/image\\\/\"},\"sameAs\":[\"https:\\\/\\\/www.facebook.com\\\/silutes.naujienos\\\/\",\"https:\\\/\\\/www.youtube.com\\\/channel\\\/UCxW-cgrJDt8GxIMxSTAfJZg\"]},{\"@type\":\"Person\",\"@id\":\"https:\\\/\\\/www.silutesnaujienos.lt\\\/lt\\\/#\\\/schema\\\/person\\\/232f475ddd4a7b5f49b3abc788b17e83\",\"name\":\"\u0160ilut\u0117s naujien\u0173 inf.\",\"image\":{\"@type\":\"ImageObject\",\"inLanguage\":\"lt-LT\",\"@id\":\"https:\\\/\\\/www.silutesnaujienos.lt\\\/lt\\\/wp-content\\\/uploads\\\/2020\\\/06\\\/favicon.png\",\"url\":\"https:\\\/\\\/www.silutesnaujienos.lt\\\/lt\\\/wp-content\\\/uploads\\\/2020\\\/06\\\/favicon.png\",\"contentUrl\":\"https:\\\/\\\/www.silutesnaujienos.lt\\\/lt\\\/wp-content\\\/uploads\\\/2020\\\/06\\\/favicon.png\",\"caption\":\"\u0160ilut\u0117s naujien\u0173 inf.\"},\"sameAs\":[\"https:\\\/\\\/www.silutesnaujienos.lt\\\/lt\"],\"url\":\"https:\\\/\\\/www.silutesnaujienos.lt\\\/lt\\\/author\\\/ruta\\\/\"}]}<\/script>\n<!-- \/ Yoast SEO plugin. -->","yoast_head_json":{"title":"Kal\u0117d\u0173 eglut\u0119 u\u017edegdavo nuo paskutin\u0117s advento vainiko \u017evakut\u0117s - \u0160ilut\u0117s naujienos","robots":{"index":"index","follow":"follow","max-snippet":"max-snippet:-1","max-image-preview":"max-image-preview:large","max-video-preview":"max-video-preview:-1"},"canonical":"https:\/\/www.silutesnaujienos.lt\/lt\/kaledu-eglute-uzdegdavo-nuo-paskutines-advento-vainiko-zvakutes\/","og_locale":"lt_LT","og_type":"article","og_title":"Kal\u0117d\u0173 eglut\u0119 u\u017edegdavo nuo paskutin\u0117s advento vainiko \u017evakut\u0117s - \u0160ilut\u0117s naujienos","og_description":"Pra\u0117jus\u012f sekmadien\u012f \u012f\u017eeng\u0117me \u012f rimties, susitaikymo, atleidimo ir burt\u0173 piln\u0105 met\u0105 &#8211; advent\u0105. \u201eKad kal\u0117diniai pav\u0117lyjimai pildyt\u0173si, reikia prasmingai praleisti advento laik\u0105\u201c, &#8211; byloja m\u016bs\u0173 kra\u0161to senoli\u0173 i\u0161mintis.\u0160ilut\u0117s Hugo \u0160ojaus muziejaus si\u016blo prasmingai praleisti advento vakarus ir edukacin\u0117se pamokose kvie\u010dia i\u0161mokti gaminti egl\u0117s \u017eaislus, \u017eibintus, susipa\u017einti su tradiciniais \u0161i\u0161ioni\u0161ki\u0173 kepiniais.Prie\u0161 savait\u0119 Salos etnokult\u016bros ir informacijos [&hellip;]","og_url":"https:\/\/www.silutesnaujienos.lt\/lt\/kaledu-eglute-uzdegdavo-nuo-paskutines-advento-vainiko-zvakutes\/","og_site_name":"\u0160ilut\u0117s naujienos","article_publisher":"https:\/\/www.facebook.com\/silutes.naujienos\/","article_published_time":"2015-12-11T20:00:00+00:00","og_image":[{"url":"\/\/silutesnaujienos.lt\/images\/stories\/2015\/GRUODIS\/08\/thumbnails\/thumb_2015__advento_vakaras_policijoje_dainuoja.jpg","type":"","width":"","height":""}],"author":"\u0160ilut\u0117s naujien\u0173 inf.","twitter_card":"summary_large_image","twitter_misc":{"Written by":"\u0160ilut\u0117s naujien\u0173 inf.","Est. reading time":"5 minut\u0117s"},"schema":{"@context":"https:\/\/schema.org","@graph":[{"@type":"Article","@id":"https:\/\/www.silutesnaujienos.lt\/lt\/kaledu-eglute-uzdegdavo-nuo-paskutines-advento-vainiko-zvakutes\/#article","isPartOf":{"@id":"https:\/\/www.silutesnaujienos.lt\/lt\/kaledu-eglute-uzdegdavo-nuo-paskutines-advento-vainiko-zvakutes\/"},"author":{"name":"\u0160ilut\u0117s naujien\u0173 inf.","@id":"https:\/\/www.silutesnaujienos.lt\/lt\/#\/schema\/person\/232f475ddd4a7b5f49b3abc788b17e83"},"headline":"Kal\u0117d\u0173 eglut\u0119 u\u017edegdavo nuo paskutin\u0117s advento vainiko \u017evakut\u0117s","datePublished":"2015-12-11T20:00:00+00:00","mainEntityOfPage":{"@id":"https:\/\/www.silutesnaujienos.lt\/lt\/kaledu-eglute-uzdegdavo-nuo-paskutines-advento-vainiko-zvakutes\/"},"wordCount":1080,"commentCount":0,"publisher":{"@id":"https:\/\/www.silutesnaujienos.lt\/lt\/#organization"},"articleSection":["Kult\u016bra ir \u0161vietimas"],"inLanguage":"lt-LT","potentialAction":[{"@type":"CommentAction","name":"Comment","target":["https:\/\/www.silutesnaujienos.lt\/lt\/kaledu-eglute-uzdegdavo-nuo-paskutines-advento-vainiko-zvakutes\/#respond"]}]},{"@type":"WebPage","@id":"https:\/\/www.silutesnaujienos.lt\/lt\/kaledu-eglute-uzdegdavo-nuo-paskutines-advento-vainiko-zvakutes\/","url":"https:\/\/www.silutesnaujienos.lt\/lt\/kaledu-eglute-uzdegdavo-nuo-paskutines-advento-vainiko-zvakutes\/","name":"Kal\u0117d\u0173 eglut\u0119 u\u017edegdavo nuo paskutin\u0117s advento vainiko \u017evakut\u0117s - \u0160ilut\u0117s naujienos","isPartOf":{"@id":"https:\/\/www.silutesnaujienos.lt\/lt\/#website"},"datePublished":"2015-12-11T20:00:00+00:00","breadcrumb":{"@id":"https:\/\/www.silutesnaujienos.lt\/lt\/kaledu-eglute-uzdegdavo-nuo-paskutines-advento-vainiko-zvakutes\/#breadcrumb"},"inLanguage":"lt-LT","potentialAction":[{"@type":"ReadAction","target":["https:\/\/www.silutesnaujienos.lt\/lt\/kaledu-eglute-uzdegdavo-nuo-paskutines-advento-vainiko-zvakutes\/"]}]},{"@type":"BreadcrumbList","@id":"https:\/\/www.silutesnaujienos.lt\/lt\/kaledu-eglute-uzdegdavo-nuo-paskutines-advento-vainiko-zvakutes\/#breadcrumb","itemListElement":[{"@type":"ListItem","position":1,"name":"Home","item":"https:\/\/www.silutesnaujienos.lt\/lt\/"},{"@type":"ListItem","position":2,"name":"Kal\u0117d\u0173 eglut\u0119 u\u017edegdavo nuo paskutin\u0117s advento vainiko \u017evakut\u0117s"}]},{"@type":"WebSite","@id":"https:\/\/www.silutesnaujienos.lt\/lt\/#website","url":"https:\/\/www.silutesnaujienos.lt\/lt\/","name":"\u0160ilut\u0117s naujienos","description":"B\u016bk ant naujien\u0173 bangos!","publisher":{"@id":"https:\/\/www.silutesnaujienos.lt\/lt\/#organization"},"potentialAction":[{"@type":"SearchAction","target":{"@type":"EntryPoint","urlTemplate":"https:\/\/www.silutesnaujienos.lt\/lt\/?s={search_term_string}"},"query-input":{"@type":"PropertyValueSpecification","valueRequired":true,"valueName":"search_term_string"}}],"inLanguage":"lt-LT"},{"@type":"Organization","@id":"https:\/\/www.silutesnaujienos.lt\/lt\/#organization","name":"\u0160ilut\u0117s naujienos","url":"https:\/\/www.silutesnaujienos.lt\/lt\/","logo":{"@type":"ImageObject","inLanguage":"lt-LT","@id":"https:\/\/www.silutesnaujienos.lt\/lt\/#\/schema\/logo\/image\/","url":"https:\/\/www.silutesnaujienos.lt\/lt\/wp-content\/uploads\/2020\/06\/FB_MAIN.jpg","contentUrl":"https:\/\/www.silutesnaujienos.lt\/lt\/wp-content\/uploads\/2020\/06\/FB_MAIN.jpg","width":1700,"height":956,"caption":"\u0160ilut\u0117s naujienos"},"image":{"@id":"https:\/\/www.silutesnaujienos.lt\/lt\/#\/schema\/logo\/image\/"},"sameAs":["https:\/\/www.facebook.com\/silutes.naujienos\/","https:\/\/www.youtube.com\/channel\/UCxW-cgrJDt8GxIMxSTAfJZg"]},{"@type":"Person","@id":"https:\/\/www.silutesnaujienos.lt\/lt\/#\/schema\/person\/232f475ddd4a7b5f49b3abc788b17e83","name":"\u0160ilut\u0117s naujien\u0173 inf.","image":{"@type":"ImageObject","inLanguage":"lt-LT","@id":"https:\/\/www.silutesnaujienos.lt\/lt\/wp-content\/uploads\/2020\/06\/favicon.png","url":"https:\/\/www.silutesnaujienos.lt\/lt\/wp-content\/uploads\/2020\/06\/favicon.png","contentUrl":"https:\/\/www.silutesnaujienos.lt\/lt\/wp-content\/uploads\/2020\/06\/favicon.png","caption":"\u0160ilut\u0117s naujien\u0173 inf."},"sameAs":["https:\/\/www.silutesnaujienos.lt\/lt"],"url":"https:\/\/www.silutesnaujienos.lt\/lt\/author\/ruta\/"}]}},"publishpress_future_workflow_manual_trigger":{"enabledWorkflows":[]},"amp_enabled":true,"_links":{"self":[{"href":"https:\/\/www.silutesnaujienos.lt\/lt\/wp-json\/wp\/v2\/posts\/15144","targetHints":{"allow":["GET"]}}],"collection":[{"href":"https:\/\/www.silutesnaujienos.lt\/lt\/wp-json\/wp\/v2\/posts"}],"about":[{"href":"https:\/\/www.silutesnaujienos.lt\/lt\/wp-json\/wp\/v2\/types\/post"}],"author":[{"embeddable":true,"href":"https:\/\/www.silutesnaujienos.lt\/lt\/wp-json\/wp\/v2\/users\/1"}],"replies":[{"embeddable":true,"href":"https:\/\/www.silutesnaujienos.lt\/lt\/wp-json\/wp\/v2\/comments?post=15144"}],"version-history":[{"count":0,"href":"https:\/\/www.silutesnaujienos.lt\/lt\/wp-json\/wp\/v2\/posts\/15144\/revisions"}],"wp:attachment":[{"href":"https:\/\/www.silutesnaujienos.lt\/lt\/wp-json\/wp\/v2\/media?parent=15144"}],"wp:term":[{"taxonomy":"category","embeddable":true,"href":"https:\/\/www.silutesnaujienos.lt\/lt\/wp-json\/wp\/v2\/categories?post=15144"},{"taxonomy":"post_tag","embeddable":true,"href":"https:\/\/www.silutesnaujienos.lt\/lt\/wp-json\/wp\/v2\/tags?post=15144"}],"curies":[{"name":"wp","href":"https:\/\/api.w.org\/{rel}","templated":true}]}}