{"id":15151,"date":"2015-12-30T06:00:00","date_gmt":"2015-12-30T08:00:00","guid":{"rendered":"https:\/\/www.silutesnaujienos.lt\/lt\/konferencijoje-eisva-mudu-abudu-pristate-lietuvininku-advento-madas\/"},"modified":"2015-12-30T06:00:00","modified_gmt":"2015-12-30T08:00:00","slug":"konferencijoje-eisva-mudu-abudu-pristate-lietuvininku-advento-madas","status":"publish","type":"post","link":"https:\/\/www.silutesnaujienos.lt\/lt\/konferencijoje-eisva-mudu-abudu-pristate-lietuvininku-advento-madas\/","title":{"rendered":"Konferencijoje \u201eEisva mudu abudu\u201c pristat\u0117 lietuvinink\u0173 advento madas"},"content":{"rendered":"<p><a target=\"_blank\" class=\"jcepopup\" href=\"\/\/silutesnaujienos.lt\/images\/stories\/2015\/GRUODIS\/23\/Adventas.jpg\" rel=\"noopener noreferrer\" data-rel=\"lightbox-gallery-y4TN8sXk\" data-rl_title=\"\" data-rl_caption=\"\" title=\"\"><img loading=\"lazy\" decoding=\"async\" style=\"margin: 5px; float: left;\" alt=\"Adventas\" src=\"\/\/silutesnaujienos.lt\/images\/stories\/2015\/GRUODIS\/23\/thumbnails\/thumb_Adventas.jpg\" height=\"230\" width=\"307\" \/><\/a><strong>Gruod\u017eio 10-\u0105j\u0105 \u0160ilut\u0117s jaunimo ir suaugusi\u0173j\u0173 mokymo centro lietuvi\u0173 kalbos vyr. mokytoja Saulina Jokubauskait\u0117 su suaugusi\u0173j\u0173 IVB klas\u0117s mokin\u0117mis Aldona Burzd\u017ei\u016bte ir Renata Martinkiene vie\u0161\u0117jo Klaip\u0117dos suaugusi\u0173j\u0173 gimnazijoje ir dalyvavo respublikin\u0117je metodin\u0117je &#8211; praktin\u0117je konferencijoje \u201eEisva mudu abudu\u201c.<\/strong><strong><br \/><\/strong><br \/>Konferencijoje, surengtoje besibaigiantiems Etnografiniams region\u0173 metams pamin\u0117ti, mokytoja S.Jokubauskait\u0117 skait\u0117 prane\u0161im\u0105 \u201eSaul\u0117gr\u012f\u017eos laukimo \u010d\u0117sas lietuvninko nam\u0117j\u201c bei pristat\u0117 Ma\u017eosios Lietuvos gyventoj\u0173 papro\u010dius, trunkan\u010dius keturias advento savaites. Mokytoja taip pat susirinkusiuosius supa\u017eindino su 2014 m. \u0160ilut\u0117s F.Bajorai\u010dio vie\u0161osios bibliotekos ir Saug\u0173 bendruomen\u0117s iniciatyva i\u0161leistu \u201eLietuvinink\u0173 tarm\u0117s \u017eodynu\u201c, kurio pagrindu buvo parengtas prane\u0161imas ir jame vartoti senieji \u0161i\u0161ioni\u0161ki\u0173 tarm\u0117s \u017eod\u017eiai, posakiai.&nbsp;&nbsp; Konferencijos dalyviai su\u017einojo, kas lietuvininkui yra \u201emada\u201c (paprotys), \u201e\u010derai\u201c (burtai), \u201erazamukai\u201c (vaiduokliai) ir \u201epat\u016bb\u0117liai\u201c (susiv\u0117l\u0117liai, netik\u0117liai), taip pat smagiai laik\u0105 praleido klausydami patarim\u0173, kaip burtis, ir kokias \u201epatrovas\u201c (valgius, patiekalus) lietuvininkai tiek\u0117 ant K\u016b\u010di\u0173 stalo.<\/p>\n<p>Respublikin\u0117je metodin\u0117je &#8211; praktin\u0117je konferencijoje dalyvavo ir prane\u0161imus apie savo etnografin\u012f region\u0105 skait\u0117 dalyviai i\u0161 Klaip\u0117dos, Plung\u0117s, Kretingos, K\u0117daini\u0173, Kauno ir Taurag\u0117s suaugusi\u0173j\u0173 mokymo \u012fstaig\u0173. Reik\u0161mingus ir \u012fdomius pristatymus buvo paruo\u0161\u0119 ir Ma\u017eosios Lietuvos istorijos muziejaus Etnografijos skyriaus ved\u0117ja dr. Au\u0161ra Kavaliauskien\u0117, Klaip\u0117dos universiteto Humanitarini\u0173 moksl\u0173 fakulteto dekanas profesorius dr. Rimantas Balsys, Klaip\u0117dos siuvimo ir paslaug\u0173 verslo mokyklos metodinink\u0117 Ilona Tulabien\u0117, Klaip\u0117dos turizmo mokyklos lietuvi\u0173 kalbos ir literat\u016bros mokytoja metodinink\u0117 Lina Ju\u0161kien\u0117.<\/p>\n","protected":false},"excerpt":{"rendered":"<p>Gruod\u017eio 10-\u0105j\u0105 \u0160ilut\u0117s jaunimo ir suaugusi\u0173j\u0173 mokymo centro lietuvi\u0173 kalbos vyr. mokytoja Saulina Jokubauskait\u0117 su suaugusi\u0173j\u0173 IVB klas\u0117s mokin\u0117mis Aldona Burzd\u017ei\u016bte ir Renata Martinkiene vie\u0161\u0117jo Klaip\u0117dos suaugusi\u0173j\u0173 gimnazijoje ir dalyvavo respublikin\u0117je metodin\u0117je &#8211; praktin\u0117je konferencijoje \u201eEisva mudu abudu\u201c.Konferencijoje, surengtoje besibaigiantiems Etnografiniams region\u0173 metams pamin\u0117ti, mokytoja S.Jokubauskait\u0117 skait\u0117 prane\u0161im\u0105 \u201eSaul\u0117gr\u012f\u017eos laukimo \u010d\u0117sas lietuvninko nam\u0117j\u201c bei pristat\u0117 [&hellip;]<\/p>\n","protected":false},"author":1,"featured_media":0,"comment_status":"open","ping_status":"open","sticky":false,"template":"","format":"standard","meta":{"footnotes":""},"categories":[51],"tags":[],"class_list":{"0":"post-15151","1":"post","2":"type-post","3":"status-publish","4":"format-standard","6":"category-kultura-ir-svietimas"},"yoast_head":"<!-- This site is optimized with the Yoast SEO plugin v27.5 - https:\/\/yoast.com\/product\/yoast-seo-wordpress\/ -->\n<title>Konferencijoje \u201eEisva mudu abudu\u201c pristat\u0117 lietuvinink\u0173 advento madas - \u0160ilut\u0117s naujienos<\/title>\n<meta name=\"robots\" content=\"index, follow, max-snippet:-1, max-image-preview:large, max-video-preview:-1\" \/>\n<link rel=\"canonical\" href=\"https:\/\/www.silutesnaujienos.lt\/lt\/konferencijoje-eisva-mudu-abudu-pristate-lietuvininku-advento-madas\/\" \/>\n<meta property=\"og:locale\" content=\"lt_LT\" \/>\n<meta property=\"og:type\" content=\"article\" \/>\n<meta property=\"og:title\" content=\"Konferencijoje \u201eEisva mudu abudu\u201c pristat\u0117 lietuvinink\u0173 advento madas - \u0160ilut\u0117s naujienos\" \/>\n<meta property=\"og:description\" content=\"Gruod\u017eio 10-\u0105j\u0105 \u0160ilut\u0117s jaunimo ir suaugusi\u0173j\u0173 mokymo centro lietuvi\u0173 kalbos vyr. mokytoja Saulina Jokubauskait\u0117 su suaugusi\u0173j\u0173 IVB klas\u0117s mokin\u0117mis Aldona Burzd\u017ei\u016bte ir Renata Martinkiene vie\u0161\u0117jo Klaip\u0117dos suaugusi\u0173j\u0173 gimnazijoje ir dalyvavo respublikin\u0117je metodin\u0117je &#8211; praktin\u0117je konferencijoje \u201eEisva mudu abudu\u201c.Konferencijoje, surengtoje besibaigiantiems Etnografiniams region\u0173 metams pamin\u0117ti, mokytoja S.Jokubauskait\u0117 skait\u0117 prane\u0161im\u0105 \u201eSaul\u0117gr\u012f\u017eos laukimo \u010d\u0117sas lietuvninko nam\u0117j\u201c bei pristat\u0117 [&hellip;]\" \/>\n<meta property=\"og:url\" content=\"https:\/\/www.silutesnaujienos.lt\/lt\/konferencijoje-eisva-mudu-abudu-pristate-lietuvininku-advento-madas\/\" \/>\n<meta property=\"og:site_name\" content=\"\u0160ilut\u0117s naujienos\" \/>\n<meta property=\"article:publisher\" content=\"https:\/\/www.facebook.com\/silutes.naujienos\/\" \/>\n<meta property=\"article:published_time\" content=\"2015-12-30T08:00:00+00:00\" \/>\n<meta property=\"og:image\" content=\"\/\/silutesnaujienos.lt\/images\/stories\/2015\/GRUODIS\/23\/thumbnails\/thumb_Adventas.jpg\" \/>\n<meta name=\"author\" content=\"\u0160ilut\u0117s naujien\u0173 inf.\" \/>\n<meta name=\"twitter:card\" content=\"summary_large_image\" \/>\n<meta name=\"twitter:label1\" content=\"Written by\" \/>\n\t<meta name=\"twitter:data1\" content=\"\u0160ilut\u0117s naujien\u0173 inf.\" \/>\n\t<meta name=\"twitter:label2\" content=\"Est. reading time\" \/>\n\t<meta name=\"twitter:data2\" content=\"1 minut\u0117\" \/>\n<script type=\"application\/ld+json\" class=\"yoast-schema-graph\">{\"@context\":\"https:\\\/\\\/schema.org\",\"@graph\":[{\"@type\":\"Article\",\"@id\":\"https:\\\/\\\/www.silutesnaujienos.lt\\\/lt\\\/konferencijoje-eisva-mudu-abudu-pristate-lietuvininku-advento-madas\\\/#article\",\"isPartOf\":{\"@id\":\"https:\\\/\\\/www.silutesnaujienos.lt\\\/lt\\\/konferencijoje-eisva-mudu-abudu-pristate-lietuvininku-advento-madas\\\/\"},\"author\":{\"name\":\"\u0160ilut\u0117s naujien\u0173 inf.\",\"@id\":\"https:\\\/\\\/www.silutesnaujienos.lt\\\/lt\\\/#\\\/schema\\\/person\\\/232f475ddd4a7b5f49b3abc788b17e83\"},\"headline\":\"Konferencijoje \u201eEisva mudu abudu\u201c pristat\u0117 lietuvinink\u0173 advento madas\",\"datePublished\":\"2015-12-30T08:00:00+00:00\",\"mainEntityOfPage\":{\"@id\":\"https:\\\/\\\/www.silutesnaujienos.lt\\\/lt\\\/konferencijoje-eisva-mudu-abudu-pristate-lietuvininku-advento-madas\\\/\"},\"wordCount\":275,\"commentCount\":0,\"publisher\":{\"@id\":\"https:\\\/\\\/www.silutesnaujienos.lt\\\/lt\\\/#organization\"},\"articleSection\":[\"Kult\u016bra ir \u0161vietimas\"],\"inLanguage\":\"lt-LT\",\"potentialAction\":[{\"@type\":\"CommentAction\",\"name\":\"Comment\",\"target\":[\"https:\\\/\\\/www.silutesnaujienos.lt\\\/lt\\\/konferencijoje-eisva-mudu-abudu-pristate-lietuvininku-advento-madas\\\/#respond\"]}]},{\"@type\":\"WebPage\",\"@id\":\"https:\\\/\\\/www.silutesnaujienos.lt\\\/lt\\\/konferencijoje-eisva-mudu-abudu-pristate-lietuvininku-advento-madas\\\/\",\"url\":\"https:\\\/\\\/www.silutesnaujienos.lt\\\/lt\\\/konferencijoje-eisva-mudu-abudu-pristate-lietuvininku-advento-madas\\\/\",\"name\":\"Konferencijoje \u201eEisva mudu abudu\u201c pristat\u0117 lietuvinink\u0173 advento madas - \u0160ilut\u0117s naujienos\",\"isPartOf\":{\"@id\":\"https:\\\/\\\/www.silutesnaujienos.lt\\\/lt\\\/#website\"},\"datePublished\":\"2015-12-30T08:00:00+00:00\",\"breadcrumb\":{\"@id\":\"https:\\\/\\\/www.silutesnaujienos.lt\\\/lt\\\/konferencijoje-eisva-mudu-abudu-pristate-lietuvininku-advento-madas\\\/#breadcrumb\"},\"inLanguage\":\"lt-LT\",\"potentialAction\":[{\"@type\":\"ReadAction\",\"target\":[\"https:\\\/\\\/www.silutesnaujienos.lt\\\/lt\\\/konferencijoje-eisva-mudu-abudu-pristate-lietuvininku-advento-madas\\\/\"]}]},{\"@type\":\"BreadcrumbList\",\"@id\":\"https:\\\/\\\/www.silutesnaujienos.lt\\\/lt\\\/konferencijoje-eisva-mudu-abudu-pristate-lietuvininku-advento-madas\\\/#breadcrumb\",\"itemListElement\":[{\"@type\":\"ListItem\",\"position\":1,\"name\":\"Home\",\"item\":\"https:\\\/\\\/www.silutesnaujienos.lt\\\/lt\\\/\"},{\"@type\":\"ListItem\",\"position\":2,\"name\":\"Konferencijoje \u201eEisva mudu abudu\u201c pristat\u0117 lietuvinink\u0173 advento madas\"}]},{\"@type\":\"WebSite\",\"@id\":\"https:\\\/\\\/www.silutesnaujienos.lt\\\/lt\\\/#website\",\"url\":\"https:\\\/\\\/www.silutesnaujienos.lt\\\/lt\\\/\",\"name\":\"\u0160ilut\u0117s naujienos\",\"description\":\"B\u016bk ant naujien\u0173 bangos!\",\"publisher\":{\"@id\":\"https:\\\/\\\/www.silutesnaujienos.lt\\\/lt\\\/#organization\"},\"potentialAction\":[{\"@type\":\"SearchAction\",\"target\":{\"@type\":\"EntryPoint\",\"urlTemplate\":\"https:\\\/\\\/www.silutesnaujienos.lt\\\/lt\\\/?s={search_term_string}\"},\"query-input\":{\"@type\":\"PropertyValueSpecification\",\"valueRequired\":true,\"valueName\":\"search_term_string\"}}],\"inLanguage\":\"lt-LT\"},{\"@type\":\"Organization\",\"@id\":\"https:\\\/\\\/www.silutesnaujienos.lt\\\/lt\\\/#organization\",\"name\":\"\u0160ilut\u0117s naujienos\",\"url\":\"https:\\\/\\\/www.silutesnaujienos.lt\\\/lt\\\/\",\"logo\":{\"@type\":\"ImageObject\",\"inLanguage\":\"lt-LT\",\"@id\":\"https:\\\/\\\/www.silutesnaujienos.lt\\\/lt\\\/#\\\/schema\\\/logo\\\/image\\\/\",\"url\":\"https:\\\/\\\/www.silutesnaujienos.lt\\\/lt\\\/wp-content\\\/uploads\\\/2020\\\/06\\\/FB_MAIN.jpg\",\"contentUrl\":\"https:\\\/\\\/www.silutesnaujienos.lt\\\/lt\\\/wp-content\\\/uploads\\\/2020\\\/06\\\/FB_MAIN.jpg\",\"width\":1700,\"height\":956,\"caption\":\"\u0160ilut\u0117s naujienos\"},\"image\":{\"@id\":\"https:\\\/\\\/www.silutesnaujienos.lt\\\/lt\\\/#\\\/schema\\\/logo\\\/image\\\/\"},\"sameAs\":[\"https:\\\/\\\/www.facebook.com\\\/silutes.naujienos\\\/\",\"https:\\\/\\\/www.youtube.com\\\/channel\\\/UCxW-cgrJDt8GxIMxSTAfJZg\"]},{\"@type\":\"Person\",\"@id\":\"https:\\\/\\\/www.silutesnaujienos.lt\\\/lt\\\/#\\\/schema\\\/person\\\/232f475ddd4a7b5f49b3abc788b17e83\",\"name\":\"\u0160ilut\u0117s naujien\u0173 inf.\",\"image\":{\"@type\":\"ImageObject\",\"inLanguage\":\"lt-LT\",\"@id\":\"https:\\\/\\\/www.silutesnaujienos.lt\\\/lt\\\/wp-content\\\/uploads\\\/2020\\\/06\\\/favicon.png\",\"url\":\"https:\\\/\\\/www.silutesnaujienos.lt\\\/lt\\\/wp-content\\\/uploads\\\/2020\\\/06\\\/favicon.png\",\"contentUrl\":\"https:\\\/\\\/www.silutesnaujienos.lt\\\/lt\\\/wp-content\\\/uploads\\\/2020\\\/06\\\/favicon.png\",\"caption\":\"\u0160ilut\u0117s naujien\u0173 inf.\"},\"sameAs\":[\"https:\\\/\\\/www.silutesnaujienos.lt\\\/lt\"],\"url\":\"https:\\\/\\\/www.silutesnaujienos.lt\\\/lt\\\/author\\\/ruta\\\/\"}]}<\/script>\n<!-- \/ Yoast SEO plugin. -->","yoast_head_json":{"title":"Konferencijoje \u201eEisva mudu abudu\u201c pristat\u0117 lietuvinink\u0173 advento madas - \u0160ilut\u0117s naujienos","robots":{"index":"index","follow":"follow","max-snippet":"max-snippet:-1","max-image-preview":"max-image-preview:large","max-video-preview":"max-video-preview:-1"},"canonical":"https:\/\/www.silutesnaujienos.lt\/lt\/konferencijoje-eisva-mudu-abudu-pristate-lietuvininku-advento-madas\/","og_locale":"lt_LT","og_type":"article","og_title":"Konferencijoje \u201eEisva mudu abudu\u201c pristat\u0117 lietuvinink\u0173 advento madas - \u0160ilut\u0117s naujienos","og_description":"Gruod\u017eio 10-\u0105j\u0105 \u0160ilut\u0117s jaunimo ir suaugusi\u0173j\u0173 mokymo centro lietuvi\u0173 kalbos vyr. mokytoja Saulina Jokubauskait\u0117 su suaugusi\u0173j\u0173 IVB klas\u0117s mokin\u0117mis Aldona Burzd\u017ei\u016bte ir Renata Martinkiene vie\u0161\u0117jo Klaip\u0117dos suaugusi\u0173j\u0173 gimnazijoje ir dalyvavo respublikin\u0117je metodin\u0117je &#8211; praktin\u0117je konferencijoje \u201eEisva mudu abudu\u201c.Konferencijoje, surengtoje besibaigiantiems Etnografiniams region\u0173 metams pamin\u0117ti, mokytoja S.Jokubauskait\u0117 skait\u0117 prane\u0161im\u0105 \u201eSaul\u0117gr\u012f\u017eos laukimo \u010d\u0117sas lietuvninko nam\u0117j\u201c bei pristat\u0117 [&hellip;]","og_url":"https:\/\/www.silutesnaujienos.lt\/lt\/konferencijoje-eisva-mudu-abudu-pristate-lietuvininku-advento-madas\/","og_site_name":"\u0160ilut\u0117s naujienos","article_publisher":"https:\/\/www.facebook.com\/silutes.naujienos\/","article_published_time":"2015-12-30T08:00:00+00:00","og_image":[{"url":"\/\/silutesnaujienos.lt\/images\/stories\/2015\/GRUODIS\/23\/thumbnails\/thumb_Adventas.jpg","type":"","width":"","height":""}],"author":"\u0160ilut\u0117s naujien\u0173 inf.","twitter_card":"summary_large_image","twitter_misc":{"Written by":"\u0160ilut\u0117s naujien\u0173 inf.","Est. reading time":"1 minut\u0117"},"schema":{"@context":"https:\/\/schema.org","@graph":[{"@type":"Article","@id":"https:\/\/www.silutesnaujienos.lt\/lt\/konferencijoje-eisva-mudu-abudu-pristate-lietuvininku-advento-madas\/#article","isPartOf":{"@id":"https:\/\/www.silutesnaujienos.lt\/lt\/konferencijoje-eisva-mudu-abudu-pristate-lietuvininku-advento-madas\/"},"author":{"name":"\u0160ilut\u0117s naujien\u0173 inf.","@id":"https:\/\/www.silutesnaujienos.lt\/lt\/#\/schema\/person\/232f475ddd4a7b5f49b3abc788b17e83"},"headline":"Konferencijoje \u201eEisva mudu abudu\u201c pristat\u0117 lietuvinink\u0173 advento madas","datePublished":"2015-12-30T08:00:00+00:00","mainEntityOfPage":{"@id":"https:\/\/www.silutesnaujienos.lt\/lt\/konferencijoje-eisva-mudu-abudu-pristate-lietuvininku-advento-madas\/"},"wordCount":275,"commentCount":0,"publisher":{"@id":"https:\/\/www.silutesnaujienos.lt\/lt\/#organization"},"articleSection":["Kult\u016bra ir \u0161vietimas"],"inLanguage":"lt-LT","potentialAction":[{"@type":"CommentAction","name":"Comment","target":["https:\/\/www.silutesnaujienos.lt\/lt\/konferencijoje-eisva-mudu-abudu-pristate-lietuvininku-advento-madas\/#respond"]}]},{"@type":"WebPage","@id":"https:\/\/www.silutesnaujienos.lt\/lt\/konferencijoje-eisva-mudu-abudu-pristate-lietuvininku-advento-madas\/","url":"https:\/\/www.silutesnaujienos.lt\/lt\/konferencijoje-eisva-mudu-abudu-pristate-lietuvininku-advento-madas\/","name":"Konferencijoje \u201eEisva mudu abudu\u201c pristat\u0117 lietuvinink\u0173 advento madas - \u0160ilut\u0117s naujienos","isPartOf":{"@id":"https:\/\/www.silutesnaujienos.lt\/lt\/#website"},"datePublished":"2015-12-30T08:00:00+00:00","breadcrumb":{"@id":"https:\/\/www.silutesnaujienos.lt\/lt\/konferencijoje-eisva-mudu-abudu-pristate-lietuvininku-advento-madas\/#breadcrumb"},"inLanguage":"lt-LT","potentialAction":[{"@type":"ReadAction","target":["https:\/\/www.silutesnaujienos.lt\/lt\/konferencijoje-eisva-mudu-abudu-pristate-lietuvininku-advento-madas\/"]}]},{"@type":"BreadcrumbList","@id":"https:\/\/www.silutesnaujienos.lt\/lt\/konferencijoje-eisva-mudu-abudu-pristate-lietuvininku-advento-madas\/#breadcrumb","itemListElement":[{"@type":"ListItem","position":1,"name":"Home","item":"https:\/\/www.silutesnaujienos.lt\/lt\/"},{"@type":"ListItem","position":2,"name":"Konferencijoje \u201eEisva mudu abudu\u201c pristat\u0117 lietuvinink\u0173 advento madas"}]},{"@type":"WebSite","@id":"https:\/\/www.silutesnaujienos.lt\/lt\/#website","url":"https:\/\/www.silutesnaujienos.lt\/lt\/","name":"\u0160ilut\u0117s naujienos","description":"B\u016bk ant naujien\u0173 bangos!","publisher":{"@id":"https:\/\/www.silutesnaujienos.lt\/lt\/#organization"},"potentialAction":[{"@type":"SearchAction","target":{"@type":"EntryPoint","urlTemplate":"https:\/\/www.silutesnaujienos.lt\/lt\/?s={search_term_string}"},"query-input":{"@type":"PropertyValueSpecification","valueRequired":true,"valueName":"search_term_string"}}],"inLanguage":"lt-LT"},{"@type":"Organization","@id":"https:\/\/www.silutesnaujienos.lt\/lt\/#organization","name":"\u0160ilut\u0117s naujienos","url":"https:\/\/www.silutesnaujienos.lt\/lt\/","logo":{"@type":"ImageObject","inLanguage":"lt-LT","@id":"https:\/\/www.silutesnaujienos.lt\/lt\/#\/schema\/logo\/image\/","url":"https:\/\/www.silutesnaujienos.lt\/lt\/wp-content\/uploads\/2020\/06\/FB_MAIN.jpg","contentUrl":"https:\/\/www.silutesnaujienos.lt\/lt\/wp-content\/uploads\/2020\/06\/FB_MAIN.jpg","width":1700,"height":956,"caption":"\u0160ilut\u0117s naujienos"},"image":{"@id":"https:\/\/www.silutesnaujienos.lt\/lt\/#\/schema\/logo\/image\/"},"sameAs":["https:\/\/www.facebook.com\/silutes.naujienos\/","https:\/\/www.youtube.com\/channel\/UCxW-cgrJDt8GxIMxSTAfJZg"]},{"@type":"Person","@id":"https:\/\/www.silutesnaujienos.lt\/lt\/#\/schema\/person\/232f475ddd4a7b5f49b3abc788b17e83","name":"\u0160ilut\u0117s naujien\u0173 inf.","image":{"@type":"ImageObject","inLanguage":"lt-LT","@id":"https:\/\/www.silutesnaujienos.lt\/lt\/wp-content\/uploads\/2020\/06\/favicon.png","url":"https:\/\/www.silutesnaujienos.lt\/lt\/wp-content\/uploads\/2020\/06\/favicon.png","contentUrl":"https:\/\/www.silutesnaujienos.lt\/lt\/wp-content\/uploads\/2020\/06\/favicon.png","caption":"\u0160ilut\u0117s naujien\u0173 inf."},"sameAs":["https:\/\/www.silutesnaujienos.lt\/lt"],"url":"https:\/\/www.silutesnaujienos.lt\/lt\/author\/ruta\/"}]}},"publishpress_future_workflow_manual_trigger":{"enabledWorkflows":[]},"amp_enabled":true,"_links":{"self":[{"href":"https:\/\/www.silutesnaujienos.lt\/lt\/wp-json\/wp\/v2\/posts\/15151","targetHints":{"allow":["GET"]}}],"collection":[{"href":"https:\/\/www.silutesnaujienos.lt\/lt\/wp-json\/wp\/v2\/posts"}],"about":[{"href":"https:\/\/www.silutesnaujienos.lt\/lt\/wp-json\/wp\/v2\/types\/post"}],"author":[{"embeddable":true,"href":"https:\/\/www.silutesnaujienos.lt\/lt\/wp-json\/wp\/v2\/users\/1"}],"replies":[{"embeddable":true,"href":"https:\/\/www.silutesnaujienos.lt\/lt\/wp-json\/wp\/v2\/comments?post=15151"}],"version-history":[{"count":0,"href":"https:\/\/www.silutesnaujienos.lt\/lt\/wp-json\/wp\/v2\/posts\/15151\/revisions"}],"wp:attachment":[{"href":"https:\/\/www.silutesnaujienos.lt\/lt\/wp-json\/wp\/v2\/media?parent=15151"}],"wp:term":[{"taxonomy":"category","embeddable":true,"href":"https:\/\/www.silutesnaujienos.lt\/lt\/wp-json\/wp\/v2\/categories?post=15151"},{"taxonomy":"post_tag","embeddable":true,"href":"https:\/\/www.silutesnaujienos.lt\/lt\/wp-json\/wp\/v2\/tags?post=15151"}],"curies":[{"name":"wp","href":"https:\/\/api.w.org\/{rel}","templated":true}]}}