{"id":15352,"date":"2012-11-13T10:21:16","date_gmt":"2012-11-13T12:21:16","guid":{"rendered":"https:\/\/www.silutesnaujienos.lt\/lt\/silutes-rajone-pradedamas-eksploatuoti-naujas-vejo-elektriniu-parkas\/"},"modified":"2012-11-13T10:21:16","modified_gmt":"2012-11-13T12:21:16","slug":"silutes-rajone-pradedamas-eksploatuoti-naujas-vejo-elektriniu-parkas","status":"publish","type":"post","link":"https:\/\/www.silutesnaujienos.lt\/lt\/silutes-rajone-pradedamas-eksploatuoti-naujas-vejo-elektriniu-parkas\/","title":{"rendered":"\u0160ilut\u0117s rajone pradedamas eksploatuoti naujas v\u0117jo elektrini\u0173 parkas"},"content":{"rendered":"<p><a target=\"_blank\" rel=\"caption[V\u0117jo j\u0117gain\u0117s. \/ \u00a9 silutesnaujienos.lt] noopener noreferrer\" class=\"jcepopup\" href=\"\/\/silutesnaujienos.lt\/images\/stories\/2012\/11\/13\/vejo_jegaines_windpower.jpg\" data-rel=\"lightbox-gallery-z9yZkVlk\" data-rl_title=\"\" data-rl_caption=\"\"><img loading=\"lazy\" decoding=\"async\" style=\"margin: 5px; float: left;\" class=\"caption\" title=\"\" alt=\"V\u0117jo j\u0117gain\u0117s. \/ \u00a9 silutesnaujienos.lt\" src=\"\/\/silutesnaujienos.lt\/images\/stories\/2012\/11\/13\/thumbnails\/thumb_vejo_jegaines_windpower.jpg\" height=\"230\" width=\"307\" \/><\/a><strong>Valstybin\u0117 komisija leido eksploatuoti pirm\u0105j\u0105 naujausio UAB \u201eV\u0117j\u0173 spektras\u201c v\u0117jo elektrini\u0173 parko dal\u012f \u0160ilut\u0117s rajone. Visas 10-ies elektrini\u0173, 21,5 MW instaliuotosios galios kompleksas prad\u0117s veikti gruod\u017eio prad\u017eioje. Tai yra antrasis stambus \u0161i\u0173 v\u0117jo energetikos vystytoj\u0173 projektas.<\/strong><\/p>\n<p>Did\u0161ili\u0173\u2013Rudyn\u0173 v\u0117jo elektrini\u0173 parkas \u0160ilut\u0117s rajone bus pastatytas per rekordi\u0161kai trump\u0105 laik\u0105 \u2013 8 m\u0117nesius. Statybos prad\u0117tos \u0161iemet baland\u017eio m\u0117n., o numatomos baigti \u2013 gruod\u017eio prad\u017eioje.<\/p>\n<p>\u201eSpartesnis v\u0117jo energetikos vystymasis leis \u0161aliai pasiekti u\u017esibr\u0117\u017et\u0105 tiksl\u0105 \u2013 iki 2020 met\u0173 23 proc. reikalingos elektros energijos gaminti i\u0161 atsinaujinan\u010di\u0173 energijos \u0161altini\u0173\u201c, \u2013 sako UAB \u201eV\u0117j\u0173 spektras\u201c direktorius Alvydas Nauj\u0117kas.<\/p>\n<p>\u012e parko projekt\u0105 investuota 142 mln lit\u0173. Per metus planuojama pagaminti 60 mln kWh elektros energijos. Elektrines projektui tiek\u0117 vienas \u017einomiausi\u0173 gamintoj\u0173 pasaulyje &#8211; Vokietijos koncernas \u201eEnercon GmbH\u201c.<\/p>\n<p>Projekt\u0105 \u012fgyvendino visa grup\u0117 kompanij\u0173 ir didelis b\u016brys \u012fvairi\u0173 sri\u010di\u0173 specialist\u0173. Projekto finansuotojas &#8211; UAB \u201eSwedbank lizingas\u201c, finans\u0173 patar\u0117jas \u2013 UAB \u201eGILD Corporate Finance\u201d. Projektavimo darbus atliko UAB \u201eKita kryptis\u201c bei UAB \u201eTilt\u0173 ekspert\u0173 centras\u201c. U\u017e elektros pastot\u0117s statyb\u0105 ir kabeli\u0173 linij\u0173 tiesim\u0105 buvo atsakinga UAB \u201eEnerteka\u201c. Kelius ties\u0117 ir aplink\u0105 tvark\u0117 UAB \u201eKur\u0161asta\u201c. V\u0117jo elektrini\u0173 pamatus \u012freng\u0117 UAB \u201eProjektana\u201c.<\/p>\n<p>\u201eOptimisti\u0161kai nuteikia tai, kad visi statyb\u0173 partneriai ir rangovai dirba tiksliai laikydamiesi grafiko, darbus atlieka labai kokybi\u0161kai ir pagal plan\u0105 nevir\u0161ijant s\u0105mat\u0173\u201c, \u2013 teigia A.Nauj\u0117kas.<\/p>\n<p>Did\u0161ili\u0173\u2013Rudyn\u0173 v\u0117jo elektrini\u0173 parkas yra antras stambus UAB \u201eV\u0117j\u0173 spektras\u201c atsinaujinan\u010dios energetikos projektas. Pirm\u0105j\u012f 30 MW v\u0117jo elektrini\u0173 park\u0105 bendrov\u0117 pastat\u0117 2007 m. Kretingos rajone: Kiauleiki\u0173, Kveci\u0173 ir R\u016bdai\u010di\u0173 kaimuose. Tuometinio v\u0117jo elektrini\u0173 parko investicijos siek\u0117 130 mln Lt., o metin\u0117 elektros energijos gamyba \u2013 75 mln kWh.&nbsp;<\/p>\n","protected":false},"excerpt":{"rendered":"<p>Valstybin\u0117 komisija leido eksploatuoti pirm\u0105j\u0105 naujausio UAB \u201eV\u0117j\u0173 spektras\u201c v\u0117jo elektrini\u0173 parko dal\u012f \u0160ilut\u0117s rajone. Visas 10-ies elektrini\u0173, 21,5 MW instaliuotosios galios kompleksas prad\u0117s veikti gruod\u017eio prad\u017eioje. Tai yra antrasis stambus \u0161i\u0173 v\u0117jo energetikos vystytoj\u0173 projektas. Did\u0161ili\u0173\u2013Rudyn\u0173 v\u0117jo elektrini\u0173 parkas \u0160ilut\u0117s rajone bus pastatytas per rekordi\u0161kai trump\u0105 laik\u0105 \u2013 8 m\u0117nesius. Statybos prad\u0117tos \u0161iemet baland\u017eio [&hellip;]<\/p>\n","protected":false},"author":2,"featured_media":0,"comment_status":"open","ping_status":"open","sticky":false,"template":"","format":"standard","meta":{"footnotes":""},"categories":[2],"tags":[],"class_list":{"0":"post-15352","1":"post","2":"type-post","3":"status-publish","4":"format-standard","6":"category-aktualijos"},"yoast_head":"<!-- This site is optimized with the Yoast SEO plugin v27.5 - https:\/\/yoast.com\/product\/yoast-seo-wordpress\/ -->\n<title>\u0160ilut\u0117s rajone pradedamas eksploatuoti naujas v\u0117jo elektrini\u0173 parkas - \u0160ilut\u0117s naujienos<\/title>\n<meta name=\"robots\" content=\"index, follow, max-snippet:-1, max-image-preview:large, max-video-preview:-1\" \/>\n<link rel=\"canonical\" href=\"https:\/\/www.silutesnaujienos.lt\/lt\/silutes-rajone-pradedamas-eksploatuoti-naujas-vejo-elektriniu-parkas\/\" \/>\n<meta property=\"og:locale\" content=\"lt_LT\" \/>\n<meta property=\"og:type\" content=\"article\" \/>\n<meta property=\"og:title\" content=\"\u0160ilut\u0117s rajone pradedamas eksploatuoti naujas v\u0117jo elektrini\u0173 parkas - \u0160ilut\u0117s naujienos\" \/>\n<meta property=\"og:description\" content=\"Valstybin\u0117 komisija leido eksploatuoti pirm\u0105j\u0105 naujausio UAB \u201eV\u0117j\u0173 spektras\u201c v\u0117jo elektrini\u0173 parko dal\u012f \u0160ilut\u0117s rajone. Visas 10-ies elektrini\u0173, 21,5 MW instaliuotosios galios kompleksas prad\u0117s veikti gruod\u017eio prad\u017eioje. Tai yra antrasis stambus \u0161i\u0173 v\u0117jo energetikos vystytoj\u0173 projektas. Did\u0161ili\u0173\u2013Rudyn\u0173 v\u0117jo elektrini\u0173 parkas \u0160ilut\u0117s rajone bus pastatytas per rekordi\u0161kai trump\u0105 laik\u0105 \u2013 8 m\u0117nesius. Statybos prad\u0117tos \u0161iemet baland\u017eio [&hellip;]\" \/>\n<meta property=\"og:url\" content=\"https:\/\/www.silutesnaujienos.lt\/lt\/silutes-rajone-pradedamas-eksploatuoti-naujas-vejo-elektriniu-parkas\/\" \/>\n<meta property=\"og:site_name\" content=\"\u0160ilut\u0117s naujienos\" \/>\n<meta property=\"article:publisher\" content=\"https:\/\/www.facebook.com\/silutes.naujienos\/\" \/>\n<meta property=\"article:published_time\" content=\"2012-11-13T12:21:16+00:00\" \/>\n<meta property=\"og:image\" content=\"\/\/silutesnaujienos.lt\/images\/stories\/2012\/11\/13\/thumbnails\/thumb_vejo_jegaines_windpower.jpg\" \/>\n<meta name=\"author\" content=\"\u0160ilut\u0117s naujien\u0173 inf.\" \/>\n<meta name=\"twitter:card\" content=\"summary_large_image\" \/>\n<meta name=\"twitter:label1\" content=\"Written by\" \/>\n\t<meta name=\"twitter:data1\" content=\"\u0160ilut\u0117s naujien\u0173 inf.\" \/>\n\t<meta name=\"twitter:label2\" content=\"Est. reading time\" \/>\n\t<meta name=\"twitter:data2\" content=\"1 minut\u0117\" \/>\n<script type=\"application\/ld+json\" class=\"yoast-schema-graph\">{\"@context\":\"https:\\\/\\\/schema.org\",\"@graph\":[{\"@type\":\"Article\",\"@id\":\"https:\\\/\\\/www.silutesnaujienos.lt\\\/lt\\\/silutes-rajone-pradedamas-eksploatuoti-naujas-vejo-elektriniu-parkas\\\/#article\",\"isPartOf\":{\"@id\":\"https:\\\/\\\/www.silutesnaujienos.lt\\\/lt\\\/silutes-rajone-pradedamas-eksploatuoti-naujas-vejo-elektriniu-parkas\\\/\"},\"author\":{\"name\":\"\u0160ilut\u0117s naujien\u0173 inf.\",\"@id\":\"https:\\\/\\\/www.silutesnaujienos.lt\\\/lt\\\/#\\\/schema\\\/person\\\/976440ef837444400af3c77c19c61454\"},\"headline\":\"\u0160ilut\u0117s rajone pradedamas eksploatuoti naujas v\u0117jo elektrini\u0173 parkas\",\"datePublished\":\"2012-11-13T12:21:16+00:00\",\"mainEntityOfPage\":{\"@id\":\"https:\\\/\\\/www.silutesnaujienos.lt\\\/lt\\\/silutes-rajone-pradedamas-eksploatuoti-naujas-vejo-elektriniu-parkas\\\/\"},\"wordCount\":294,\"commentCount\":0,\"publisher\":{\"@id\":\"https:\\\/\\\/www.silutesnaujienos.lt\\\/lt\\\/#organization\"},\"articleSection\":[\"Aktualijos\"],\"inLanguage\":\"lt-LT\",\"potentialAction\":[{\"@type\":\"CommentAction\",\"name\":\"Comment\",\"target\":[\"https:\\\/\\\/www.silutesnaujienos.lt\\\/lt\\\/silutes-rajone-pradedamas-eksploatuoti-naujas-vejo-elektriniu-parkas\\\/#respond\"]}]},{\"@type\":\"WebPage\",\"@id\":\"https:\\\/\\\/www.silutesnaujienos.lt\\\/lt\\\/silutes-rajone-pradedamas-eksploatuoti-naujas-vejo-elektriniu-parkas\\\/\",\"url\":\"https:\\\/\\\/www.silutesnaujienos.lt\\\/lt\\\/silutes-rajone-pradedamas-eksploatuoti-naujas-vejo-elektriniu-parkas\\\/\",\"name\":\"\u0160ilut\u0117s rajone pradedamas eksploatuoti naujas v\u0117jo elektrini\u0173 parkas - \u0160ilut\u0117s naujienos\",\"isPartOf\":{\"@id\":\"https:\\\/\\\/www.silutesnaujienos.lt\\\/lt\\\/#website\"},\"datePublished\":\"2012-11-13T12:21:16+00:00\",\"breadcrumb\":{\"@id\":\"https:\\\/\\\/www.silutesnaujienos.lt\\\/lt\\\/silutes-rajone-pradedamas-eksploatuoti-naujas-vejo-elektriniu-parkas\\\/#breadcrumb\"},\"inLanguage\":\"lt-LT\",\"potentialAction\":[{\"@type\":\"ReadAction\",\"target\":[\"https:\\\/\\\/www.silutesnaujienos.lt\\\/lt\\\/silutes-rajone-pradedamas-eksploatuoti-naujas-vejo-elektriniu-parkas\\\/\"]}]},{\"@type\":\"BreadcrumbList\",\"@id\":\"https:\\\/\\\/www.silutesnaujienos.lt\\\/lt\\\/silutes-rajone-pradedamas-eksploatuoti-naujas-vejo-elektriniu-parkas\\\/#breadcrumb\",\"itemListElement\":[{\"@type\":\"ListItem\",\"position\":1,\"name\":\"Home\",\"item\":\"https:\\\/\\\/www.silutesnaujienos.lt\\\/lt\\\/\"},{\"@type\":\"ListItem\",\"position\":2,\"name\":\"\u0160ilut\u0117s rajone pradedamas eksploatuoti naujas v\u0117jo elektrini\u0173 parkas\"}]},{\"@type\":\"WebSite\",\"@id\":\"https:\\\/\\\/www.silutesnaujienos.lt\\\/lt\\\/#website\",\"url\":\"https:\\\/\\\/www.silutesnaujienos.lt\\\/lt\\\/\",\"name\":\"\u0160ilut\u0117s naujienos\",\"description\":\"B\u016bk ant naujien\u0173 bangos!\",\"publisher\":{\"@id\":\"https:\\\/\\\/www.silutesnaujienos.lt\\\/lt\\\/#organization\"},\"potentialAction\":[{\"@type\":\"SearchAction\",\"target\":{\"@type\":\"EntryPoint\",\"urlTemplate\":\"https:\\\/\\\/www.silutesnaujienos.lt\\\/lt\\\/?s={search_term_string}\"},\"query-input\":{\"@type\":\"PropertyValueSpecification\",\"valueRequired\":true,\"valueName\":\"search_term_string\"}}],\"inLanguage\":\"lt-LT\"},{\"@type\":\"Organization\",\"@id\":\"https:\\\/\\\/www.silutesnaujienos.lt\\\/lt\\\/#organization\",\"name\":\"\u0160ilut\u0117s naujienos\",\"url\":\"https:\\\/\\\/www.silutesnaujienos.lt\\\/lt\\\/\",\"logo\":{\"@type\":\"ImageObject\",\"inLanguage\":\"lt-LT\",\"@id\":\"https:\\\/\\\/www.silutesnaujienos.lt\\\/lt\\\/#\\\/schema\\\/logo\\\/image\\\/\",\"url\":\"https:\\\/\\\/www.silutesnaujienos.lt\\\/lt\\\/wp-content\\\/uploads\\\/2020\\\/06\\\/FB_MAIN.jpg\",\"contentUrl\":\"https:\\\/\\\/www.silutesnaujienos.lt\\\/lt\\\/wp-content\\\/uploads\\\/2020\\\/06\\\/FB_MAIN.jpg\",\"width\":1700,\"height\":956,\"caption\":\"\u0160ilut\u0117s naujienos\"},\"image\":{\"@id\":\"https:\\\/\\\/www.silutesnaujienos.lt\\\/lt\\\/#\\\/schema\\\/logo\\\/image\\\/\"},\"sameAs\":[\"https:\\\/\\\/www.facebook.com\\\/silutes.naujienos\\\/\",\"https:\\\/\\\/www.youtube.com\\\/channel\\\/UCxW-cgrJDt8GxIMxSTAfJZg\"]},{\"@type\":\"Person\",\"@id\":\"https:\\\/\\\/www.silutesnaujienos.lt\\\/lt\\\/#\\\/schema\\\/person\\\/976440ef837444400af3c77c19c61454\",\"name\":\"\u0160ilut\u0117s naujien\u0173 inf.\",\"image\":{\"@type\":\"ImageObject\",\"inLanguage\":\"lt-LT\",\"@id\":\"https:\\\/\\\/www.silutesnaujienos.lt\\\/lt\\\/wp-content\\\/uploads\\\/2020\\\/06\\\/favicon.png\",\"url\":\"https:\\\/\\\/www.silutesnaujienos.lt\\\/lt\\\/wp-content\\\/uploads\\\/2020\\\/06\\\/favicon.png\",\"contentUrl\":\"https:\\\/\\\/www.silutesnaujienos.lt\\\/lt\\\/wp-content\\\/uploads\\\/2020\\\/06\\\/favicon.png\",\"caption\":\"\u0160ilut\u0117s naujien\u0173 inf.\"},\"url\":\"https:\\\/\\\/www.silutesnaujienos.lt\\\/lt\\\/author\\\/vadas\\\/\"}]}<\/script>\n<!-- \/ Yoast SEO plugin. -->","yoast_head_json":{"title":"\u0160ilut\u0117s rajone pradedamas eksploatuoti naujas v\u0117jo elektrini\u0173 parkas - \u0160ilut\u0117s naujienos","robots":{"index":"index","follow":"follow","max-snippet":"max-snippet:-1","max-image-preview":"max-image-preview:large","max-video-preview":"max-video-preview:-1"},"canonical":"https:\/\/www.silutesnaujienos.lt\/lt\/silutes-rajone-pradedamas-eksploatuoti-naujas-vejo-elektriniu-parkas\/","og_locale":"lt_LT","og_type":"article","og_title":"\u0160ilut\u0117s rajone pradedamas eksploatuoti naujas v\u0117jo elektrini\u0173 parkas - \u0160ilut\u0117s naujienos","og_description":"Valstybin\u0117 komisija leido eksploatuoti pirm\u0105j\u0105 naujausio UAB \u201eV\u0117j\u0173 spektras\u201c v\u0117jo elektrini\u0173 parko dal\u012f \u0160ilut\u0117s rajone. Visas 10-ies elektrini\u0173, 21,5 MW instaliuotosios galios kompleksas prad\u0117s veikti gruod\u017eio prad\u017eioje. Tai yra antrasis stambus \u0161i\u0173 v\u0117jo energetikos vystytoj\u0173 projektas. Did\u0161ili\u0173\u2013Rudyn\u0173 v\u0117jo elektrini\u0173 parkas \u0160ilut\u0117s rajone bus pastatytas per rekordi\u0161kai trump\u0105 laik\u0105 \u2013 8 m\u0117nesius. Statybos prad\u0117tos \u0161iemet baland\u017eio [&hellip;]","og_url":"https:\/\/www.silutesnaujienos.lt\/lt\/silutes-rajone-pradedamas-eksploatuoti-naujas-vejo-elektriniu-parkas\/","og_site_name":"\u0160ilut\u0117s naujienos","article_publisher":"https:\/\/www.facebook.com\/silutes.naujienos\/","article_published_time":"2012-11-13T12:21:16+00:00","og_image":[{"url":"\/\/silutesnaujienos.lt\/images\/stories\/2012\/11\/13\/thumbnails\/thumb_vejo_jegaines_windpower.jpg","type":"","width":"","height":""}],"author":"\u0160ilut\u0117s naujien\u0173 inf.","twitter_card":"summary_large_image","twitter_misc":{"Written by":"\u0160ilut\u0117s naujien\u0173 inf.","Est. reading time":"1 minut\u0117"},"schema":{"@context":"https:\/\/schema.org","@graph":[{"@type":"Article","@id":"https:\/\/www.silutesnaujienos.lt\/lt\/silutes-rajone-pradedamas-eksploatuoti-naujas-vejo-elektriniu-parkas\/#article","isPartOf":{"@id":"https:\/\/www.silutesnaujienos.lt\/lt\/silutes-rajone-pradedamas-eksploatuoti-naujas-vejo-elektriniu-parkas\/"},"author":{"name":"\u0160ilut\u0117s naujien\u0173 inf.","@id":"https:\/\/www.silutesnaujienos.lt\/lt\/#\/schema\/person\/976440ef837444400af3c77c19c61454"},"headline":"\u0160ilut\u0117s rajone pradedamas eksploatuoti naujas v\u0117jo elektrini\u0173 parkas","datePublished":"2012-11-13T12:21:16+00:00","mainEntityOfPage":{"@id":"https:\/\/www.silutesnaujienos.lt\/lt\/silutes-rajone-pradedamas-eksploatuoti-naujas-vejo-elektriniu-parkas\/"},"wordCount":294,"commentCount":0,"publisher":{"@id":"https:\/\/www.silutesnaujienos.lt\/lt\/#organization"},"articleSection":["Aktualijos"],"inLanguage":"lt-LT","potentialAction":[{"@type":"CommentAction","name":"Comment","target":["https:\/\/www.silutesnaujienos.lt\/lt\/silutes-rajone-pradedamas-eksploatuoti-naujas-vejo-elektriniu-parkas\/#respond"]}]},{"@type":"WebPage","@id":"https:\/\/www.silutesnaujienos.lt\/lt\/silutes-rajone-pradedamas-eksploatuoti-naujas-vejo-elektriniu-parkas\/","url":"https:\/\/www.silutesnaujienos.lt\/lt\/silutes-rajone-pradedamas-eksploatuoti-naujas-vejo-elektriniu-parkas\/","name":"\u0160ilut\u0117s rajone pradedamas eksploatuoti naujas v\u0117jo elektrini\u0173 parkas - \u0160ilut\u0117s naujienos","isPartOf":{"@id":"https:\/\/www.silutesnaujienos.lt\/lt\/#website"},"datePublished":"2012-11-13T12:21:16+00:00","breadcrumb":{"@id":"https:\/\/www.silutesnaujienos.lt\/lt\/silutes-rajone-pradedamas-eksploatuoti-naujas-vejo-elektriniu-parkas\/#breadcrumb"},"inLanguage":"lt-LT","potentialAction":[{"@type":"ReadAction","target":["https:\/\/www.silutesnaujienos.lt\/lt\/silutes-rajone-pradedamas-eksploatuoti-naujas-vejo-elektriniu-parkas\/"]}]},{"@type":"BreadcrumbList","@id":"https:\/\/www.silutesnaujienos.lt\/lt\/silutes-rajone-pradedamas-eksploatuoti-naujas-vejo-elektriniu-parkas\/#breadcrumb","itemListElement":[{"@type":"ListItem","position":1,"name":"Home","item":"https:\/\/www.silutesnaujienos.lt\/lt\/"},{"@type":"ListItem","position":2,"name":"\u0160ilut\u0117s rajone pradedamas eksploatuoti naujas v\u0117jo elektrini\u0173 parkas"}]},{"@type":"WebSite","@id":"https:\/\/www.silutesnaujienos.lt\/lt\/#website","url":"https:\/\/www.silutesnaujienos.lt\/lt\/","name":"\u0160ilut\u0117s naujienos","description":"B\u016bk ant naujien\u0173 bangos!","publisher":{"@id":"https:\/\/www.silutesnaujienos.lt\/lt\/#organization"},"potentialAction":[{"@type":"SearchAction","target":{"@type":"EntryPoint","urlTemplate":"https:\/\/www.silutesnaujienos.lt\/lt\/?s={search_term_string}"},"query-input":{"@type":"PropertyValueSpecification","valueRequired":true,"valueName":"search_term_string"}}],"inLanguage":"lt-LT"},{"@type":"Organization","@id":"https:\/\/www.silutesnaujienos.lt\/lt\/#organization","name":"\u0160ilut\u0117s naujienos","url":"https:\/\/www.silutesnaujienos.lt\/lt\/","logo":{"@type":"ImageObject","inLanguage":"lt-LT","@id":"https:\/\/www.silutesnaujienos.lt\/lt\/#\/schema\/logo\/image\/","url":"https:\/\/www.silutesnaujienos.lt\/lt\/wp-content\/uploads\/2020\/06\/FB_MAIN.jpg","contentUrl":"https:\/\/www.silutesnaujienos.lt\/lt\/wp-content\/uploads\/2020\/06\/FB_MAIN.jpg","width":1700,"height":956,"caption":"\u0160ilut\u0117s naujienos"},"image":{"@id":"https:\/\/www.silutesnaujienos.lt\/lt\/#\/schema\/logo\/image\/"},"sameAs":["https:\/\/www.facebook.com\/silutes.naujienos\/","https:\/\/www.youtube.com\/channel\/UCxW-cgrJDt8GxIMxSTAfJZg"]},{"@type":"Person","@id":"https:\/\/www.silutesnaujienos.lt\/lt\/#\/schema\/person\/976440ef837444400af3c77c19c61454","name":"\u0160ilut\u0117s naujien\u0173 inf.","image":{"@type":"ImageObject","inLanguage":"lt-LT","@id":"https:\/\/www.silutesnaujienos.lt\/lt\/wp-content\/uploads\/2020\/06\/favicon.png","url":"https:\/\/www.silutesnaujienos.lt\/lt\/wp-content\/uploads\/2020\/06\/favicon.png","contentUrl":"https:\/\/www.silutesnaujienos.lt\/lt\/wp-content\/uploads\/2020\/06\/favicon.png","caption":"\u0160ilut\u0117s naujien\u0173 inf."},"url":"https:\/\/www.silutesnaujienos.lt\/lt\/author\/vadas\/"}]}},"publishpress_future_workflow_manual_trigger":{"enabledWorkflows":[]},"amp_enabled":true,"_links":{"self":[{"href":"https:\/\/www.silutesnaujienos.lt\/lt\/wp-json\/wp\/v2\/posts\/15352","targetHints":{"allow":["GET"]}}],"collection":[{"href":"https:\/\/www.silutesnaujienos.lt\/lt\/wp-json\/wp\/v2\/posts"}],"about":[{"href":"https:\/\/www.silutesnaujienos.lt\/lt\/wp-json\/wp\/v2\/types\/post"}],"author":[{"embeddable":true,"href":"https:\/\/www.silutesnaujienos.lt\/lt\/wp-json\/wp\/v2\/users\/2"}],"replies":[{"embeddable":true,"href":"https:\/\/www.silutesnaujienos.lt\/lt\/wp-json\/wp\/v2\/comments?post=15352"}],"version-history":[{"count":0,"href":"https:\/\/www.silutesnaujienos.lt\/lt\/wp-json\/wp\/v2\/posts\/15352\/revisions"}],"wp:attachment":[{"href":"https:\/\/www.silutesnaujienos.lt\/lt\/wp-json\/wp\/v2\/media?parent=15352"}],"wp:term":[{"taxonomy":"category","embeddable":true,"href":"https:\/\/www.silutesnaujienos.lt\/lt\/wp-json\/wp\/v2\/categories?post=15352"},{"taxonomy":"post_tag","embeddable":true,"href":"https:\/\/www.silutesnaujienos.lt\/lt\/wp-json\/wp\/v2\/tags?post=15352"}],"curies":[{"name":"wp","href":"https:\/\/api.w.org\/{rel}","templated":true}]}}