{"id":15374,"date":"2013-01-17T10:00:00","date_gmt":"2013-01-17T12:00:00","guid":{"rendered":"https:\/\/www.silutesnaujienos.lt\/lt\/algu-didinimas-didele-nasta-smulkiesiems-verslininkams\/"},"modified":"2013-01-17T10:00:00","modified_gmt":"2013-01-17T12:00:00","slug":"algu-didinimas-didele-nasta-smulkiesiems-verslininkams","status":"publish","type":"post","link":"https:\/\/www.silutesnaujienos.lt\/lt\/algu-didinimas-didele-nasta-smulkiesiems-verslininkams\/","title":{"rendered":"Alg\u0173 didinimas &#8211; didel\u0117 na\u0161ta smulkiesiems verslininkams"},"content":{"rendered":"<p><a target=\"_blank\" rel=\"caption[&quot;\u0160ilut\u0117s naujien\u0173&quot; nuotr.] noopener noreferrer\" class=\"jcepopup\" href=\"\/\/silutesnaujienos.lt\/images\/stories\/2013\/01\/15\/PINIGAI_7.JPG\" data-rel=\"lightbox-gallery-Q5IYNaIF\" data-rl_title=\"\" data-rl_caption=\"\"><img loading=\"lazy\" decoding=\"async\" style=\"margin: 5px; float: left;\" class=\"caption\" title=\"\" alt=\"PINIGAI 7\" src=\"\/\/silutesnaujienos.lt\/images\/stories\/2013\/01\/15\/thumbnails\/thumb_PINIGAI_7.JPG\" height=\"230\" width=\"307\" \/><\/a><strong>\u201eSituacija \u017eiauri\u201c, &#8211; taip minimalios algos didinim\u0105 ir energetini\u0173 resurs\u0173 brangim\u0105 vertina \u0160ilut\u0117s verslinink\u0117 Virginija Mirauskien\u0117, kavin\u0117s \u201eKlump\u0117\u201c savinink\u0117.<\/strong><\/p>\n<p><strong>\u0160ie jos \u017eod\u017eiai atspindi ir daugumos kit\u0173 \u0160ilut\u0117s smulki\u0173j\u0173 ir vidutini\u0173 verslinink\u0173 nuomones.<\/strong><\/p>\n<p><strong>200 t\u016bkst. Lietuvos gyventoj\u0173 gaus didesnes algas<\/strong><\/p>\n<p>Nuo \u0161io m\u0117nesio 1 dienos did\u0117ja minimali m\u0117nesin\u0117 alga. \u0160is i\u0161pildytas politik\u0173 pa\u017eadas, duotas per rinkimus, nud\u017eiugino darbuotojus, bet stumia \u012f kamp\u0105 darbdavius. Juk brangsta kuras, elektra, kas m\u0117nes\u012f reik\u0117s rasti kelis papildomus t\u016bkstan\u010dius didesn\u0117ms algoms ir mokes\u010diams.<\/p>\n<p>Minimali m\u0117nesin\u0117 alga did\u0117ja 150 lit\u0173 ir sieks 1000 lit\u0173. Atskai\u010dius mokes\u010dius, minimali\u0105 alg\u0105 gaunantys darbuotojai \u201e\u012f rankas\u201c dabar gaus 824,5 litus, o iki \u0161iol gaudavo 715 lit\u0173. Nuo didesn\u0117s algos gyventojai mok\u0117s ir didesn\u012f pajam\u0173 mokest\u012f. Pasak Klaip\u0117dos valstybin\u0117s mokes\u010di\u0173 inspekcijos atstov\u0117s spaudai Laimos Domarkien\u0117s, anks\u010diau jis siek\u0117 58,5 litus, dabar teks mok\u0117ti 85,5 litus.<\/p>\n<p>Kalb\u0117dami apie didesnes algas gausian\u010di\u0173 \u017emoni\u0173 skai\u010di\u0173 Lietuvoje, politikai nurodo, kad daugiau pajam\u0173 gaus apie 200 t\u016bkst. darbuotoj\u0173. Finans\u0173 specialistai abejoja \u0161iuo skai\u010diumi, ta\u010diau tikslesni\u0173 duomen\u0173 niekas ne\u017eino. Pasirodo, \u201eSodra\u201c nefiksuoja, kiek \u017emoni\u0173 gauna minimali\u0105 alg\u0105, tod\u0117l \u201eSodros\u201c Klaip\u0117dos skyrius, kuriam pavaldus \u0160ilut\u0117s skyrius, negal\u0117jo \u201e\u0160ilut\u0117s naujien\u0173\u201c informuoti, kiek m\u016bs\u0173 rajono gyventoj\u0173 pajus algos padid\u0117jim\u0105 ir kiek papildomai sumok\u0117s \u201eSodros\u201c mokes\u010di\u0173.<\/p>\n<p>Politikams atrodo, kad minimalios algos didinimas suma\u017eins emigracij\u0105 ir pagerins \u0161alies ekonomik\u0105. Finans\u0173 specialistai tokius argumentus vadina nepagr\u012fstomis fantazijomis ir \u0161alies ekonomikai absoliu\u010diai nenaudingu \u017eingsniu. Taigi, minimalias pajamas gaunan\u010di\u0173 darbuotoj\u0173 ir j\u0173 darbdavi\u0173 situacij\u0105 pagerint\u0173 tik neapmokestinamo minimumo didinimas.<\/p>\n<p>Smulkiojo ir vidutinio verslo savininkai irgi ekonomikos pager\u0117jimo ne\u012f\u017evelgia. Jie svarsto atvirk\u0161\u010diai: gal reik\u0117s ma\u017einti darbuotoj\u0173 skai\u010di\u0173 ar ilginti j\u0173 darbo laik\u0105, kelti savo produkcijos ir paslaug\u0173 kain\u0105 ir taip suktis i\u0161 pad\u0117ties.<\/p>\n<p>Pastariesiems vald\u017eia \u017eada i\u0161tiesti pagalbos rank\u0105 &#8211; svarstoma, kad darbdaviai gal\u0117s pra\u0161yti atid\u0117ti mokes\u010di\u0173 mok\u0117jim\u0105. Anot premjero Algirdo Butkevi\u010diaus, d\u0117l to jau tartasi su Valstybine mokes\u010di\u0173 inspekcija.<\/p>\n<p>\u201e\u0160ilut\u0117s naujienos\u201c pasidom\u0117jo, k\u0105 apie \u0161iuos poky\u010dius mano m\u016bs\u0173 kra\u0161to verslo atstovai.<\/p>\n<p><strong>Pa\u017eeminimas verslininkui<\/strong><\/p>\n<p>Gard\u017eiais did\u017ekukuliais gars\u0117jan\u010dios \u201eKlump\u0117s\u201c savinink\u0117 V.Mirauskien\u0117 teig\u0117 dar ne\u017einanti, kaip surinks pinig\u0173 algoms ir mokes\u010diams. A.Butkevi\u010diaus deklaruojama pagalba smulkiesiems verslininkams &#8211; mokes\u010di\u0173 mok\u0117jimo atid\u0117jimas &#8211; moters nuomone, verslininkui yra tikras pa\u017eeminimas. I\u0161 mokes\u010di\u0173 laikino atid\u0117jimo n\u0117ra jokios naudos, nes juos vis tieks reik\u0117s ka\u017ekokiu b\u016bdu u\u017edirbti ir sumok\u0117ti.<\/p>\n<p>Moteris atviravo, kad sukasi kaip tik gali &#8211; kavin\u0117je dirba ir pati, padeda ir \u0161eima. Didesni mokes\u010diai \u012fmonei bus didelis sm\u016bgis. K\u0105 jau kalb\u0117ti apie brangstan\u010di\u0105 elektr\u0105 &#8211; kas buvo \u201eKlump\u0117je\u201c, mat\u0117, kad kavin\u0117s patalpas reikia ap\u0161viesti vis\u0105 dien\u0105. \u201eMokes\u010dius reik\u0117jo ma\u017einti, o ne algas didinti\u201c, &#8211; konstatuoja V.Mirauskien\u0117.<\/p>\n<p>Tokios pat nuomon\u0117s d\u0117l mokes\u010di\u0173 ma\u017einimo ir UAB \u201eVinardo taksi\u201c vadovas Rolandas Norkus. Vyras algos didinim\u0105 laiko absurdu. \u201eNesuprantu, k\u0105 pagerins didesn\u0117 alga? Kuro kainos, net nepak\u0117lus alg\u0173, jau sp\u0117jo pakilti 10 cent\u0173, tai kas bus v\u0117liau? Sunkiu darbu u\u017edirbame pinigus ir turim juos atidavin\u0117ti mokes\u010diams. U\u017e k\u0105 tiek mokam? Politikoje visi &#8211; su auk\u0161tuoju i\u0161silavinimu, protingi, gal jie turi ka\u017ekokias vizijas tai darydami. A\u0161 j\u0173 nematau\u201c, &#8211; teigia R.Norkus.<\/p>\n<p>Minimali\u0105 alg\u0105 gaunan\u010di\u0173 darbuotoj\u0173 yra ir \u0161aldytus pusfabrika\u010dius gaminan\u010dioje ir jais prekiaujan\u010dioje Traks\u0117d\u017ei\u0173 \u012fmon\u0117je \u201eGilanda\u201c. Jos vadovas Modestas Vilkas teigia, kad algas didins, bet kad naujov\u0117 neigiamai paveiks \u012fmon\u0117s finansin\u0119 situacij\u0105, abejoni\u0173 n\u0117ra. Pernai r\u016bgpj\u016bt\u012f minimali m\u0117nesin\u0117 alga buvo padidinta tik 50 lit\u0173, ir i\u0161kart prisl\u0117g\u0117 padid\u0117j\u0119 \u012fmon\u0117s mokes\u010diai. Po poros m\u0117nesi\u0173 bus matyti, kaip \u012fmon\u0119 paveik\u0117 dabartinis algos pak\u0117limas. Bet M.Vilkui jau dabar baisu, kai sudeda visus energetini\u0173 resurs\u0173 kain\u0173 pak\u0117limus ir alg\u0173 didinim\u0105.<\/p>\n<p>\u201eAlgas didinti reikia, bet ir mokes\u010di\u0173 politika turi b\u016bti kitokia. Dabar viskas apmokestinta, visi tiek\u0117jai reikalauja mok\u0117ti i\u0161 anksto, o mokes\u010diai vis did\u0117ja\u201c, &#8211; juodomis spalvomis situacij\u0105 pie\u0161\u0117 M.Vilkas.<\/p>\n<p><strong>Minimali alga tur\u0117t\u0173 b\u016bti 1500 Lt<\/strong><\/p>\n<p>Geresn\u0117s nuotaikos duj\u0173 balionais, dujiniais prietaisais ir j\u0173 priedais prekiaujan\u010dios, degalini\u0173 tinkl\u0105 ir servisus turin\u010dios UAB \u201eJozita\u201c vadovai. Serviso vadovas Darius Stakvilevi\u010dius sako, kad dauguma \u201eJozitoje\u201c dirban\u010di\u0173j\u0173 gauna minimalias algas, ta\u010diau svarstoma, kad d\u0117l j\u0173 alg\u0173 pak\u0117limo dideli\u0173 nuostoli\u0173 \u012fmon\u0117 netur\u0117t\u0173 patirti. Pa\u0161nekovas mano, kad kitose \u012fmon\u0117se alg\u0173 didinimas gali b\u016bti u\u017ekrautas ant darbuotoj\u0173 pe\u010di\u0173. \u201eBet kuris darbdavys visada gali su\u017eaisti &#8211; didinti arba ma\u017einti darbo laik\u0105\u201c, &#8211; sako jis.<\/p>\n<p>Elektros kainos augim\u0105 \u012fmon\u0117 jau sp\u0117jo pajusti, o d\u0117l kuro vadovas ramus &#8211; patys juo prekiauja.<\/p>\n<p>O duris, langus ir valtis gaminan\u010dios UAB \u201eSkatul\u0117\u201c darbuotojai minimalios algos didinimo nepajus. \u0160ioje \u012fmon\u0117je ma\u017eiausia darbuotojo alga siekia 1000 lit\u0173. \u201eAnekdotai su tuo algos didinimu. Minimali alga tur\u0117t\u0173 b\u016bti 1500 lit\u0173\u201c, &#8211; tvirtino \u012fmon\u0117s vadovas Silvas Kaulius. Paklaustas apie \u012fmon\u0117s i\u0161laidas, 21-erius metus \u012fmonei vadovaujantis vyras sako, kad kasmet viskam brangstant nieko kita nebelieka, kaip tik kelti produkcijos kainas. \u0160iemet jau pabrangino \u201eSkatul\u0117je\u201c gaminamas valtis.<\/p>\n<p>\u201eViskas brangsta ir brangs, gyventi vis tiek reik\u0117s\u201c, &#8211; reziumuoja S.Kaulius.<\/p>\n","protected":false},"excerpt":{"rendered":"<p>\u201eSituacija \u017eiauri\u201c, &#8211; taip minimalios algos didinim\u0105 ir energetini\u0173 resurs\u0173 brangim\u0105 vertina \u0160ilut\u0117s verslinink\u0117 Virginija Mirauskien\u0117, kavin\u0117s \u201eKlump\u0117\u201c savinink\u0117. \u0160ie jos \u017eod\u017eiai atspindi ir daugumos kit\u0173 \u0160ilut\u0117s smulki\u0173j\u0173 ir vidutini\u0173 verslinink\u0173 nuomones. 200 t\u016bkst. Lietuvos gyventoj\u0173 gaus didesnes algas Nuo \u0161io m\u0117nesio 1 dienos did\u0117ja minimali m\u0117nesin\u0117 alga. \u0160is i\u0161pildytas politik\u0173 pa\u017eadas, duotas per rinkimus, [&hellip;]<\/p>\n","protected":false},"author":2,"featured_media":0,"comment_status":"open","ping_status":"open","sticky":false,"template":"","format":"standard","meta":{"footnotes":""},"categories":[2],"tags":[],"class_list":{"0":"post-15374","1":"post","2":"type-post","3":"status-publish","4":"format-standard","6":"category-aktualijos"},"yoast_head":"<!-- This site is optimized with the Yoast SEO plugin v27.5 - https:\/\/yoast.com\/product\/yoast-seo-wordpress\/ -->\n<title>Alg\u0173 didinimas - didel\u0117 na\u0161ta smulkiesiems verslininkams - \u0160ilut\u0117s naujienos<\/title>\n<meta name=\"robots\" content=\"index, follow, max-snippet:-1, max-image-preview:large, max-video-preview:-1\" \/>\n<link rel=\"canonical\" href=\"https:\/\/www.silutesnaujienos.lt\/lt\/algu-didinimas-didele-nasta-smulkiesiems-verslininkams\/\" \/>\n<meta property=\"og:locale\" content=\"lt_LT\" \/>\n<meta property=\"og:type\" content=\"article\" \/>\n<meta property=\"og:title\" content=\"Alg\u0173 didinimas - didel\u0117 na\u0161ta smulkiesiems verslininkams - \u0160ilut\u0117s naujienos\" \/>\n<meta property=\"og:description\" content=\"\u201eSituacija \u017eiauri\u201c, &#8211; taip minimalios algos didinim\u0105 ir energetini\u0173 resurs\u0173 brangim\u0105 vertina \u0160ilut\u0117s verslinink\u0117 Virginija Mirauskien\u0117, kavin\u0117s \u201eKlump\u0117\u201c savinink\u0117. \u0160ie jos \u017eod\u017eiai atspindi ir daugumos kit\u0173 \u0160ilut\u0117s smulki\u0173j\u0173 ir vidutini\u0173 verslinink\u0173 nuomones. 200 t\u016bkst. Lietuvos gyventoj\u0173 gaus didesnes algas Nuo \u0161io m\u0117nesio 1 dienos did\u0117ja minimali m\u0117nesin\u0117 alga. \u0160is i\u0161pildytas politik\u0173 pa\u017eadas, duotas per rinkimus, [&hellip;]\" \/>\n<meta property=\"og:url\" content=\"https:\/\/www.silutesnaujienos.lt\/lt\/algu-didinimas-didele-nasta-smulkiesiems-verslininkams\/\" \/>\n<meta property=\"og:site_name\" content=\"\u0160ilut\u0117s naujienos\" \/>\n<meta property=\"article:publisher\" content=\"https:\/\/www.facebook.com\/silutes.naujienos\/\" \/>\n<meta property=\"article:published_time\" content=\"2013-01-17T12:00:00+00:00\" \/>\n<meta property=\"og:image\" content=\"\/\/silutesnaujienos.lt\/images\/stories\/2013\/01\/15\/thumbnails\/thumb_PINIGAI_7.JPG\" \/>\n<meta name=\"author\" content=\"\u0160ilut\u0117s naujien\u0173 inf.\" \/>\n<meta name=\"twitter:card\" content=\"summary_large_image\" \/>\n<meta name=\"twitter:label1\" content=\"Written by\" \/>\n\t<meta name=\"twitter:data1\" content=\"\u0160ilut\u0117s naujien\u0173 inf.\" \/>\n\t<meta name=\"twitter:label2\" content=\"Est. reading time\" \/>\n\t<meta name=\"twitter:data2\" content=\"5 minut\u0117s\" \/>\n<script type=\"application\/ld+json\" class=\"yoast-schema-graph\">{\"@context\":\"https:\\\/\\\/schema.org\",\"@graph\":[{\"@type\":\"Article\",\"@id\":\"https:\\\/\\\/www.silutesnaujienos.lt\\\/lt\\\/algu-didinimas-didele-nasta-smulkiesiems-verslininkams\\\/#article\",\"isPartOf\":{\"@id\":\"https:\\\/\\\/www.silutesnaujienos.lt\\\/lt\\\/algu-didinimas-didele-nasta-smulkiesiems-verslininkams\\\/\"},\"author\":{\"name\":\"\u0160ilut\u0117s naujien\u0173 inf.\",\"@id\":\"https:\\\/\\\/www.silutesnaujienos.lt\\\/lt\\\/#\\\/schema\\\/person\\\/976440ef837444400af3c77c19c61454\"},\"headline\":\"Alg\u0173 didinimas &#8211; didel\u0117 na\u0161ta smulkiesiems verslininkams\",\"datePublished\":\"2013-01-17T12:00:00+00:00\",\"mainEntityOfPage\":{\"@id\":\"https:\\\/\\\/www.silutesnaujienos.lt\\\/lt\\\/algu-didinimas-didele-nasta-smulkiesiems-verslininkams\\\/\"},\"wordCount\":921,\"commentCount\":0,\"publisher\":{\"@id\":\"https:\\\/\\\/www.silutesnaujienos.lt\\\/lt\\\/#organization\"},\"articleSection\":[\"Aktualijos\"],\"inLanguage\":\"lt-LT\",\"potentialAction\":[{\"@type\":\"CommentAction\",\"name\":\"Comment\",\"target\":[\"https:\\\/\\\/www.silutesnaujienos.lt\\\/lt\\\/algu-didinimas-didele-nasta-smulkiesiems-verslininkams\\\/#respond\"]}]},{\"@type\":\"WebPage\",\"@id\":\"https:\\\/\\\/www.silutesnaujienos.lt\\\/lt\\\/algu-didinimas-didele-nasta-smulkiesiems-verslininkams\\\/\",\"url\":\"https:\\\/\\\/www.silutesnaujienos.lt\\\/lt\\\/algu-didinimas-didele-nasta-smulkiesiems-verslininkams\\\/\",\"name\":\"Alg\u0173 didinimas - didel\u0117 na\u0161ta smulkiesiems verslininkams - \u0160ilut\u0117s naujienos\",\"isPartOf\":{\"@id\":\"https:\\\/\\\/www.silutesnaujienos.lt\\\/lt\\\/#website\"},\"datePublished\":\"2013-01-17T12:00:00+00:00\",\"breadcrumb\":{\"@id\":\"https:\\\/\\\/www.silutesnaujienos.lt\\\/lt\\\/algu-didinimas-didele-nasta-smulkiesiems-verslininkams\\\/#breadcrumb\"},\"inLanguage\":\"lt-LT\",\"potentialAction\":[{\"@type\":\"ReadAction\",\"target\":[\"https:\\\/\\\/www.silutesnaujienos.lt\\\/lt\\\/algu-didinimas-didele-nasta-smulkiesiems-verslininkams\\\/\"]}]},{\"@type\":\"BreadcrumbList\",\"@id\":\"https:\\\/\\\/www.silutesnaujienos.lt\\\/lt\\\/algu-didinimas-didele-nasta-smulkiesiems-verslininkams\\\/#breadcrumb\",\"itemListElement\":[{\"@type\":\"ListItem\",\"position\":1,\"name\":\"Home\",\"item\":\"https:\\\/\\\/www.silutesnaujienos.lt\\\/lt\\\/\"},{\"@type\":\"ListItem\",\"position\":2,\"name\":\"Alg\u0173 didinimas &#8211; didel\u0117 na\u0161ta smulkiesiems verslininkams\"}]},{\"@type\":\"WebSite\",\"@id\":\"https:\\\/\\\/www.silutesnaujienos.lt\\\/lt\\\/#website\",\"url\":\"https:\\\/\\\/www.silutesnaujienos.lt\\\/lt\\\/\",\"name\":\"\u0160ilut\u0117s naujienos\",\"description\":\"B\u016bk ant naujien\u0173 bangos!\",\"publisher\":{\"@id\":\"https:\\\/\\\/www.silutesnaujienos.lt\\\/lt\\\/#organization\"},\"potentialAction\":[{\"@type\":\"SearchAction\",\"target\":{\"@type\":\"EntryPoint\",\"urlTemplate\":\"https:\\\/\\\/www.silutesnaujienos.lt\\\/lt\\\/?s={search_term_string}\"},\"query-input\":{\"@type\":\"PropertyValueSpecification\",\"valueRequired\":true,\"valueName\":\"search_term_string\"}}],\"inLanguage\":\"lt-LT\"},{\"@type\":\"Organization\",\"@id\":\"https:\\\/\\\/www.silutesnaujienos.lt\\\/lt\\\/#organization\",\"name\":\"\u0160ilut\u0117s naujienos\",\"url\":\"https:\\\/\\\/www.silutesnaujienos.lt\\\/lt\\\/\",\"logo\":{\"@type\":\"ImageObject\",\"inLanguage\":\"lt-LT\",\"@id\":\"https:\\\/\\\/www.silutesnaujienos.lt\\\/lt\\\/#\\\/schema\\\/logo\\\/image\\\/\",\"url\":\"https:\\\/\\\/www.silutesnaujienos.lt\\\/lt\\\/wp-content\\\/uploads\\\/2020\\\/06\\\/FB_MAIN.jpg\",\"contentUrl\":\"https:\\\/\\\/www.silutesnaujienos.lt\\\/lt\\\/wp-content\\\/uploads\\\/2020\\\/06\\\/FB_MAIN.jpg\",\"width\":1700,\"height\":956,\"caption\":\"\u0160ilut\u0117s naujienos\"},\"image\":{\"@id\":\"https:\\\/\\\/www.silutesnaujienos.lt\\\/lt\\\/#\\\/schema\\\/logo\\\/image\\\/\"},\"sameAs\":[\"https:\\\/\\\/www.facebook.com\\\/silutes.naujienos\\\/\",\"https:\\\/\\\/www.youtube.com\\\/channel\\\/UCxW-cgrJDt8GxIMxSTAfJZg\"]},{\"@type\":\"Person\",\"@id\":\"https:\\\/\\\/www.silutesnaujienos.lt\\\/lt\\\/#\\\/schema\\\/person\\\/976440ef837444400af3c77c19c61454\",\"name\":\"\u0160ilut\u0117s naujien\u0173 inf.\",\"image\":{\"@type\":\"ImageObject\",\"inLanguage\":\"lt-LT\",\"@id\":\"https:\\\/\\\/www.silutesnaujienos.lt\\\/lt\\\/wp-content\\\/uploads\\\/2020\\\/06\\\/favicon.png\",\"url\":\"https:\\\/\\\/www.silutesnaujienos.lt\\\/lt\\\/wp-content\\\/uploads\\\/2020\\\/06\\\/favicon.png\",\"contentUrl\":\"https:\\\/\\\/www.silutesnaujienos.lt\\\/lt\\\/wp-content\\\/uploads\\\/2020\\\/06\\\/favicon.png\",\"caption\":\"\u0160ilut\u0117s naujien\u0173 inf.\"},\"url\":\"https:\\\/\\\/www.silutesnaujienos.lt\\\/lt\\\/author\\\/vadas\\\/\"}]}<\/script>\n<!-- \/ Yoast SEO plugin. -->","yoast_head_json":{"title":"Alg\u0173 didinimas - didel\u0117 na\u0161ta smulkiesiems verslininkams - \u0160ilut\u0117s naujienos","robots":{"index":"index","follow":"follow","max-snippet":"max-snippet:-1","max-image-preview":"max-image-preview:large","max-video-preview":"max-video-preview:-1"},"canonical":"https:\/\/www.silutesnaujienos.lt\/lt\/algu-didinimas-didele-nasta-smulkiesiems-verslininkams\/","og_locale":"lt_LT","og_type":"article","og_title":"Alg\u0173 didinimas - didel\u0117 na\u0161ta smulkiesiems verslininkams - \u0160ilut\u0117s naujienos","og_description":"\u201eSituacija \u017eiauri\u201c, &#8211; taip minimalios algos didinim\u0105 ir energetini\u0173 resurs\u0173 brangim\u0105 vertina \u0160ilut\u0117s verslinink\u0117 Virginija Mirauskien\u0117, kavin\u0117s \u201eKlump\u0117\u201c savinink\u0117. \u0160ie jos \u017eod\u017eiai atspindi ir daugumos kit\u0173 \u0160ilut\u0117s smulki\u0173j\u0173 ir vidutini\u0173 verslinink\u0173 nuomones. 200 t\u016bkst. Lietuvos gyventoj\u0173 gaus didesnes algas Nuo \u0161io m\u0117nesio 1 dienos did\u0117ja minimali m\u0117nesin\u0117 alga. \u0160is i\u0161pildytas politik\u0173 pa\u017eadas, duotas per rinkimus, [&hellip;]","og_url":"https:\/\/www.silutesnaujienos.lt\/lt\/algu-didinimas-didele-nasta-smulkiesiems-verslininkams\/","og_site_name":"\u0160ilut\u0117s naujienos","article_publisher":"https:\/\/www.facebook.com\/silutes.naujienos\/","article_published_time":"2013-01-17T12:00:00+00:00","og_image":[{"url":"\/\/silutesnaujienos.lt\/images\/stories\/2013\/01\/15\/thumbnails\/thumb_PINIGAI_7.JPG","type":"","width":"","height":""}],"author":"\u0160ilut\u0117s naujien\u0173 inf.","twitter_card":"summary_large_image","twitter_misc":{"Written by":"\u0160ilut\u0117s naujien\u0173 inf.","Est. reading time":"5 minut\u0117s"},"schema":{"@context":"https:\/\/schema.org","@graph":[{"@type":"Article","@id":"https:\/\/www.silutesnaujienos.lt\/lt\/algu-didinimas-didele-nasta-smulkiesiems-verslininkams\/#article","isPartOf":{"@id":"https:\/\/www.silutesnaujienos.lt\/lt\/algu-didinimas-didele-nasta-smulkiesiems-verslininkams\/"},"author":{"name":"\u0160ilut\u0117s naujien\u0173 inf.","@id":"https:\/\/www.silutesnaujienos.lt\/lt\/#\/schema\/person\/976440ef837444400af3c77c19c61454"},"headline":"Alg\u0173 didinimas &#8211; didel\u0117 na\u0161ta smulkiesiems verslininkams","datePublished":"2013-01-17T12:00:00+00:00","mainEntityOfPage":{"@id":"https:\/\/www.silutesnaujienos.lt\/lt\/algu-didinimas-didele-nasta-smulkiesiems-verslininkams\/"},"wordCount":921,"commentCount":0,"publisher":{"@id":"https:\/\/www.silutesnaujienos.lt\/lt\/#organization"},"articleSection":["Aktualijos"],"inLanguage":"lt-LT","potentialAction":[{"@type":"CommentAction","name":"Comment","target":["https:\/\/www.silutesnaujienos.lt\/lt\/algu-didinimas-didele-nasta-smulkiesiems-verslininkams\/#respond"]}]},{"@type":"WebPage","@id":"https:\/\/www.silutesnaujienos.lt\/lt\/algu-didinimas-didele-nasta-smulkiesiems-verslininkams\/","url":"https:\/\/www.silutesnaujienos.lt\/lt\/algu-didinimas-didele-nasta-smulkiesiems-verslininkams\/","name":"Alg\u0173 didinimas - didel\u0117 na\u0161ta smulkiesiems verslininkams - \u0160ilut\u0117s naujienos","isPartOf":{"@id":"https:\/\/www.silutesnaujienos.lt\/lt\/#website"},"datePublished":"2013-01-17T12:00:00+00:00","breadcrumb":{"@id":"https:\/\/www.silutesnaujienos.lt\/lt\/algu-didinimas-didele-nasta-smulkiesiems-verslininkams\/#breadcrumb"},"inLanguage":"lt-LT","potentialAction":[{"@type":"ReadAction","target":["https:\/\/www.silutesnaujienos.lt\/lt\/algu-didinimas-didele-nasta-smulkiesiems-verslininkams\/"]}]},{"@type":"BreadcrumbList","@id":"https:\/\/www.silutesnaujienos.lt\/lt\/algu-didinimas-didele-nasta-smulkiesiems-verslininkams\/#breadcrumb","itemListElement":[{"@type":"ListItem","position":1,"name":"Home","item":"https:\/\/www.silutesnaujienos.lt\/lt\/"},{"@type":"ListItem","position":2,"name":"Alg\u0173 didinimas &#8211; didel\u0117 na\u0161ta smulkiesiems verslininkams"}]},{"@type":"WebSite","@id":"https:\/\/www.silutesnaujienos.lt\/lt\/#website","url":"https:\/\/www.silutesnaujienos.lt\/lt\/","name":"\u0160ilut\u0117s naujienos","description":"B\u016bk ant naujien\u0173 bangos!","publisher":{"@id":"https:\/\/www.silutesnaujienos.lt\/lt\/#organization"},"potentialAction":[{"@type":"SearchAction","target":{"@type":"EntryPoint","urlTemplate":"https:\/\/www.silutesnaujienos.lt\/lt\/?s={search_term_string}"},"query-input":{"@type":"PropertyValueSpecification","valueRequired":true,"valueName":"search_term_string"}}],"inLanguage":"lt-LT"},{"@type":"Organization","@id":"https:\/\/www.silutesnaujienos.lt\/lt\/#organization","name":"\u0160ilut\u0117s naujienos","url":"https:\/\/www.silutesnaujienos.lt\/lt\/","logo":{"@type":"ImageObject","inLanguage":"lt-LT","@id":"https:\/\/www.silutesnaujienos.lt\/lt\/#\/schema\/logo\/image\/","url":"https:\/\/www.silutesnaujienos.lt\/lt\/wp-content\/uploads\/2020\/06\/FB_MAIN.jpg","contentUrl":"https:\/\/www.silutesnaujienos.lt\/lt\/wp-content\/uploads\/2020\/06\/FB_MAIN.jpg","width":1700,"height":956,"caption":"\u0160ilut\u0117s naujienos"},"image":{"@id":"https:\/\/www.silutesnaujienos.lt\/lt\/#\/schema\/logo\/image\/"},"sameAs":["https:\/\/www.facebook.com\/silutes.naujienos\/","https:\/\/www.youtube.com\/channel\/UCxW-cgrJDt8GxIMxSTAfJZg"]},{"@type":"Person","@id":"https:\/\/www.silutesnaujienos.lt\/lt\/#\/schema\/person\/976440ef837444400af3c77c19c61454","name":"\u0160ilut\u0117s naujien\u0173 inf.","image":{"@type":"ImageObject","inLanguage":"lt-LT","@id":"https:\/\/www.silutesnaujienos.lt\/lt\/wp-content\/uploads\/2020\/06\/favicon.png","url":"https:\/\/www.silutesnaujienos.lt\/lt\/wp-content\/uploads\/2020\/06\/favicon.png","contentUrl":"https:\/\/www.silutesnaujienos.lt\/lt\/wp-content\/uploads\/2020\/06\/favicon.png","caption":"\u0160ilut\u0117s naujien\u0173 inf."},"url":"https:\/\/www.silutesnaujienos.lt\/lt\/author\/vadas\/"}]}},"publishpress_future_workflow_manual_trigger":{"enabledWorkflows":[]},"amp_enabled":true,"_links":{"self":[{"href":"https:\/\/www.silutesnaujienos.lt\/lt\/wp-json\/wp\/v2\/posts\/15374","targetHints":{"allow":["GET"]}}],"collection":[{"href":"https:\/\/www.silutesnaujienos.lt\/lt\/wp-json\/wp\/v2\/posts"}],"about":[{"href":"https:\/\/www.silutesnaujienos.lt\/lt\/wp-json\/wp\/v2\/types\/post"}],"author":[{"embeddable":true,"href":"https:\/\/www.silutesnaujienos.lt\/lt\/wp-json\/wp\/v2\/users\/2"}],"replies":[{"embeddable":true,"href":"https:\/\/www.silutesnaujienos.lt\/lt\/wp-json\/wp\/v2\/comments?post=15374"}],"version-history":[{"count":0,"href":"https:\/\/www.silutesnaujienos.lt\/lt\/wp-json\/wp\/v2\/posts\/15374\/revisions"}],"wp:attachment":[{"href":"https:\/\/www.silutesnaujienos.lt\/lt\/wp-json\/wp\/v2\/media?parent=15374"}],"wp:term":[{"taxonomy":"category","embeddable":true,"href":"https:\/\/www.silutesnaujienos.lt\/lt\/wp-json\/wp\/v2\/categories?post=15374"},{"taxonomy":"post_tag","embeddable":true,"href":"https:\/\/www.silutesnaujienos.lt\/lt\/wp-json\/wp\/v2\/tags?post=15374"}],"curies":[{"name":"wp","href":"https:\/\/api.w.org\/{rel}","templated":true}]}}