{"id":15379,"date":"2013-01-25T06:00:00","date_gmt":"2013-01-25T08:00:00","guid":{"rendered":"https:\/\/www.silutesnaujienos.lt\/lt\/parama-pirmajam-darbui-darbdaviai-gali-gauti-jaunu-darbuotoju-darbo-uzmokescio-dalines-kompensacijas\/"},"modified":"2013-01-25T06:00:00","modified_gmt":"2013-01-25T08:00:00","slug":"parama-pirmajam-darbui-darbdaviai-gali-gauti-jaunu-darbuotoju-darbo-uzmokescio-dalines-kompensacijas","status":"publish","type":"post","link":"https:\/\/www.silutesnaujienos.lt\/lt\/parama-pirmajam-darbui-darbdaviai-gali-gauti-jaunu-darbuotoju-darbo-uzmokescio-dalines-kompensacijas\/","title":{"rendered":"Parama pirmajam darbui: darbdaviai gali gauti jaun\u0173 darbuotoj\u0173 darbo u\u017emokes\u010dio dalines kompensacijas"},"content":{"rendered":"<p><a target=\"_blank\" class=\"jcepopup\" href=\"\/\/silutesnaujienos.lt\/images\/stories\/2013\/01\/25\/DerekasCashier.jpg\" rel=\"noopener noreferrer\" data-rel=\"lightbox-gallery-UIoV6ElI\" data-rl_title=\"\" data-rl_caption=\"\" title=\"\"><img loading=\"lazy\" decoding=\"async\" style=\"margin: 5px; float: left;\" alt=\"DerekasCashier\" src=\"\/\/silutesnaujienos.lt\/images\/stories\/2013\/01\/25\/thumbnails\/thumb_DerekasCashier.jpg\" height=\"230\" width=\"307\" \/><\/a><strong>Siekiant skatinti jaunimo u\u017eimtum\u0105, Socialin\u0117s apsaugos ir darbo ministerija \u012fgyvendina ES fond\u0173 l\u0117\u0161omis finansuojam\u0105 priemon\u0119 \u201eParama pirmajam darbui\u201c. Darbdaviai, kurie nuo 2012 met\u0173 rugpj\u016b\u010dio 1 dienos \u012fdarbino ar planuoja \u012fdarbinti darbin\u0117s patirties neturin\u010dius jaunus asmenis, gali kreiptis d\u0117l darbo u\u017emokes\u010dio dalies kompensavimo \u012f UAB \u201eInvesticij\u0173 ir verslo garantijos\u201c (INVEGA) &#8211; \u0161i bendrov\u0117&nbsp; paskirta priemon\u0117s valdytoja.<\/strong><\/p>\n<p>Pasinaudoti \u0161ia finansine parama kvie\u010diami ir \u0160ilut\u0117s rajono darbdaviai.<\/p>\n<p><strong>Bus kompensuota fiksuota atlyginimo dalis<\/strong><\/p>\n<p>Jaunimo u\u017eimtumui skatinti Lietuvoje \u012fgyvendinama jau ne viena priemon\u0117, bet situacija reikalauja dar daugiau pastang\u0173, kad jaunimo nedarbas ma\u017e\u0117t\u0173. \u0160i Socialin\u0117s apsaugos ir darbo ministerijos iniciatyva \u012fgyvendinama priemon\u0117 sudarys palankesnes s\u0105lygas jaunuoliams \u012fgyti darbin\u0117s patirties, o darbdaviams dr\u0105siau priimti \u012f darb\u0105 \u017emones, kuriuos pirmaisiais darbo m\u0117nesiais reik\u0117s nema\u017eai mokyti.<\/p>\n<p>Darbdavys, \u012fdarbin\u0119s iki tol nedirbus\u012f asmen\u012f nuo 16 iki 29 met\u0173, gali kreiptis \u012f INVEG\u0104 d\u0117l darbo u\u017emokes\u010dio dalies kompensavimo, pateikdamas b\u016btinus paramai gauti dokumentus. Darbo u\u017emokes\u010dio, kuris tokiam darbuotojui apskai\u010diuotas ne anks\u010diau nei nuo 2012 m. rugpj\u016b\u010dio 1 d., dalis (t.y. 23,3 proc. nuo apskai\u010diuoto darbo u\u017emokes\u010dio) bus kompensuojama kas kalendorin\u012f ketvirt\u012f.<\/p>\n<p>I\u0161 viso darbo u\u017emokes\u010dio dalies kompensavimui skirta 32 mln. lit\u0173 Europos socialinio fondo l\u0117\u0161\u0173 i\u0161 2007-2013 met\u0173 finansinio laikotarpio.<\/p>\n<p>Darbdaviui pateikus parai\u0161k\u0105, bus kompensuojama fiksuota pirm\u0105 kart\u0105 \u012fsidarbinusio ir iki tol pagal darbo sutart\u012f nedirbusio 16-29 met\u0173 asmens atlyginimo dalis (ne ilgesn\u012f kaip 12 m\u0117nesi\u0173 laikotarp\u012f). Kitaip tariant, darbdavys darbuotojui moka nustatyt\u0105 darbo u\u017emokest\u012f ir visas su darbo u\u017emokes\u010diu susijusias \u012fmokas, o dalis darbo u\u017emokes\u010dio sumos darbdaviui bus kompensuojama i\u0161 priemon\u0117s \u201eParama pirmajam darbui\u201c l\u0117\u0161\u0173.<\/p>\n<p>\u0160i priemon\u0117 prisideda prie palanki\u0173 s\u0105lyg\u0173 verslo k\u016brimui ir pl\u0117trai Lietuvoje. Tikimasi, kad tai bus paskata darbdaviams priimti ne tik patyrusius, bet ir jaunus, patirties neturin\u010dius darbuotojus, ypa\u010d atsi\u017evelgiant \u012f tai, kad nuo sausio 1 dienos padid\u0117jo minimali m\u0117nesin\u0117 alga.<\/p>\n<p>INVEGA generalinis direktorius Audrius Zabotka atkreipia d\u0117mes\u012f, kad darbdaviai d\u0117l darbo u\u017emokes\u010dio kompensavimo gal\u0117s kreiptis iki 2015 met\u0173 rugs\u0117jo m\u0117nesio ir kol pakaks priemonei \u012fgyvendinti skirt\u0173 l\u0117\u0161\u0173.<\/p>\n<p><strong>Kam taikoma \u0161i priemon\u0117?<\/strong><\/p>\n<p>Priemone gali pasinaudoti visi privatieji ar vie\u0161ieji juridiniai asmenys (i\u0161skyrus biud\u017eetines \u012fstaigas), u\u017esienio \u012fmoni\u0173 filialai ir atstovyb\u0117s Lietuvoje, fiziniai asmenys, pirm\u0105 kart\u0105 \u012fdarbin\u0119 darbin\u0117s patirties neturint\u012f asmen\u012f.<\/p>\n<p>Pirm\u0105 kart\u0105 \u012fsidarbin\u0119s asmuo &#8211; asmuo, nuo 16 iki 29 met\u0173 (ta\u010diau ne\u012fskai\u010diuojant darbin\u0117s veiklos iki 18 met\u0173 pagal darbo sutart\u012f, pvz., moksleivi\u0173 sezoniniai darbai atostog\u0173 metu), pirm\u0105 kart\u0105 \u012fsidarbin\u0119s pagal darbo sutart\u012f (t.y. iki tol nedirb\u0119s pagal darbo sutart\u012f Lietuvos Respublikoje ir netur\u0117j\u0119s valstyb\u0117s tarnautojo statuso). Asmuo pirm\u0105 kart\u0105 \u012fsidarbinusiu laikomas vis\u0105 kompensacijos laikotarp\u012f, nepriklausomai nuo to, kiek kart\u0173 per kompensacijos laikotarp\u012f jis sudaro (nutraukia) darbo sutartis.<\/p>\n<p>Visa su \u0161ia priemone susijusi informacija, kvietimas teikti parai\u0161kas bei parai\u0161kos dokumentai, kuriuos turi pateikti darbdaviai paramai gauti, skelbiami interneto svetain\u0117se www.esparama.lt ir www.invega.lt .<\/p>\n","protected":false},"excerpt":{"rendered":"<p>Siekiant skatinti jaunimo u\u017eimtum\u0105, Socialin\u0117s apsaugos ir darbo ministerija \u012fgyvendina ES fond\u0173 l\u0117\u0161omis finansuojam\u0105 priemon\u0119 \u201eParama pirmajam darbui\u201c. Darbdaviai, kurie nuo 2012 met\u0173 rugpj\u016b\u010dio 1 dienos \u012fdarbino ar planuoja \u012fdarbinti darbin\u0117s patirties neturin\u010dius jaunus asmenis, gali kreiptis d\u0117l darbo u\u017emokes\u010dio dalies kompensavimo \u012f UAB \u201eInvesticij\u0173 ir verslo garantijos\u201c (INVEGA) &#8211; \u0161i bendrov\u0117&nbsp; paskirta priemon\u0117s valdytoja. [&hellip;]<\/p>\n","protected":false},"author":2,"featured_media":0,"comment_status":"open","ping_status":"open","sticky":false,"template":"","format":"standard","meta":{"footnotes":""},"categories":[2],"tags":[],"class_list":{"0":"post-15379","1":"post","2":"type-post","3":"status-publish","4":"format-standard","6":"category-aktualijos"},"yoast_head":"<!-- This site is optimized with the Yoast SEO plugin v27.5 - https:\/\/yoast.com\/product\/yoast-seo-wordpress\/ -->\n<title>Parama pirmajam darbui: darbdaviai gali gauti jaun\u0173 darbuotoj\u0173 darbo u\u017emokes\u010dio dalines kompensacijas - \u0160ilut\u0117s naujienos<\/title>\n<meta name=\"robots\" content=\"index, follow, max-snippet:-1, max-image-preview:large, max-video-preview:-1\" \/>\n<link rel=\"canonical\" href=\"https:\/\/www.silutesnaujienos.lt\/lt\/parama-pirmajam-darbui-darbdaviai-gali-gauti-jaunu-darbuotoju-darbo-uzmokescio-dalines-kompensacijas\/\" \/>\n<meta property=\"og:locale\" content=\"lt_LT\" \/>\n<meta property=\"og:type\" content=\"article\" \/>\n<meta property=\"og:title\" content=\"Parama pirmajam darbui: darbdaviai gali gauti jaun\u0173 darbuotoj\u0173 darbo u\u017emokes\u010dio dalines kompensacijas - \u0160ilut\u0117s naujienos\" \/>\n<meta property=\"og:description\" content=\"Siekiant skatinti jaunimo u\u017eimtum\u0105, Socialin\u0117s apsaugos ir darbo ministerija \u012fgyvendina ES fond\u0173 l\u0117\u0161omis finansuojam\u0105 priemon\u0119 \u201eParama pirmajam darbui\u201c. Darbdaviai, kurie nuo 2012 met\u0173 rugpj\u016b\u010dio 1 dienos \u012fdarbino ar planuoja \u012fdarbinti darbin\u0117s patirties neturin\u010dius jaunus asmenis, gali kreiptis d\u0117l darbo u\u017emokes\u010dio dalies kompensavimo \u012f UAB \u201eInvesticij\u0173 ir verslo garantijos\u201c (INVEGA) &#8211; \u0161i bendrov\u0117&nbsp; paskirta priemon\u0117s valdytoja. [&hellip;]\" \/>\n<meta property=\"og:url\" content=\"https:\/\/www.silutesnaujienos.lt\/lt\/parama-pirmajam-darbui-darbdaviai-gali-gauti-jaunu-darbuotoju-darbo-uzmokescio-dalines-kompensacijas\/\" \/>\n<meta property=\"og:site_name\" content=\"\u0160ilut\u0117s naujienos\" \/>\n<meta property=\"article:publisher\" content=\"https:\/\/www.facebook.com\/silutes.naujienos\/\" \/>\n<meta property=\"article:published_time\" content=\"2013-01-25T08:00:00+00:00\" \/>\n<meta property=\"og:image\" content=\"\/\/silutesnaujienos.lt\/images\/stories\/2013\/01\/25\/thumbnails\/thumb_DerekasCashier.jpg\" \/>\n<meta name=\"author\" content=\"\u0160ilut\u0117s naujien\u0173 inf.\" \/>\n<meta name=\"twitter:card\" content=\"summary_large_image\" \/>\n<meta name=\"twitter:label1\" content=\"Written by\" \/>\n\t<meta name=\"twitter:data1\" content=\"\u0160ilut\u0117s naujien\u0173 inf.\" \/>\n\t<meta name=\"twitter:label2\" content=\"Est. reading time\" \/>\n\t<meta name=\"twitter:data2\" content=\"3 minut\u0117s\" \/>\n<script type=\"application\/ld+json\" class=\"yoast-schema-graph\">{\"@context\":\"https:\\\/\\\/schema.org\",\"@graph\":[{\"@type\":\"Article\",\"@id\":\"https:\\\/\\\/www.silutesnaujienos.lt\\\/lt\\\/parama-pirmajam-darbui-darbdaviai-gali-gauti-jaunu-darbuotoju-darbo-uzmokescio-dalines-kompensacijas\\\/#article\",\"isPartOf\":{\"@id\":\"https:\\\/\\\/www.silutesnaujienos.lt\\\/lt\\\/parama-pirmajam-darbui-darbdaviai-gali-gauti-jaunu-darbuotoju-darbo-uzmokescio-dalines-kompensacijas\\\/\"},\"author\":{\"name\":\"\u0160ilut\u0117s naujien\u0173 inf.\",\"@id\":\"https:\\\/\\\/www.silutesnaujienos.lt\\\/lt\\\/#\\\/schema\\\/person\\\/976440ef837444400af3c77c19c61454\"},\"headline\":\"Parama pirmajam darbui: darbdaviai gali gauti jaun\u0173 darbuotoj\u0173 darbo u\u017emokes\u010dio dalines kompensacijas\",\"datePublished\":\"2013-01-25T08:00:00+00:00\",\"mainEntityOfPage\":{\"@id\":\"https:\\\/\\\/www.silutesnaujienos.lt\\\/lt\\\/parama-pirmajam-darbui-darbdaviai-gali-gauti-jaunu-darbuotoju-darbo-uzmokescio-dalines-kompensacijas\\\/\"},\"wordCount\":516,\"commentCount\":0,\"publisher\":{\"@id\":\"https:\\\/\\\/www.silutesnaujienos.lt\\\/lt\\\/#organization\"},\"articleSection\":[\"Aktualijos\"],\"inLanguage\":\"lt-LT\",\"potentialAction\":[{\"@type\":\"CommentAction\",\"name\":\"Comment\",\"target\":[\"https:\\\/\\\/www.silutesnaujienos.lt\\\/lt\\\/parama-pirmajam-darbui-darbdaviai-gali-gauti-jaunu-darbuotoju-darbo-uzmokescio-dalines-kompensacijas\\\/#respond\"]}]},{\"@type\":\"WebPage\",\"@id\":\"https:\\\/\\\/www.silutesnaujienos.lt\\\/lt\\\/parama-pirmajam-darbui-darbdaviai-gali-gauti-jaunu-darbuotoju-darbo-uzmokescio-dalines-kompensacijas\\\/\",\"url\":\"https:\\\/\\\/www.silutesnaujienos.lt\\\/lt\\\/parama-pirmajam-darbui-darbdaviai-gali-gauti-jaunu-darbuotoju-darbo-uzmokescio-dalines-kompensacijas\\\/\",\"name\":\"Parama pirmajam darbui: darbdaviai gali gauti jaun\u0173 darbuotoj\u0173 darbo u\u017emokes\u010dio dalines kompensacijas - \u0160ilut\u0117s naujienos\",\"isPartOf\":{\"@id\":\"https:\\\/\\\/www.silutesnaujienos.lt\\\/lt\\\/#website\"},\"datePublished\":\"2013-01-25T08:00:00+00:00\",\"breadcrumb\":{\"@id\":\"https:\\\/\\\/www.silutesnaujienos.lt\\\/lt\\\/parama-pirmajam-darbui-darbdaviai-gali-gauti-jaunu-darbuotoju-darbo-uzmokescio-dalines-kompensacijas\\\/#breadcrumb\"},\"inLanguage\":\"lt-LT\",\"potentialAction\":[{\"@type\":\"ReadAction\",\"target\":[\"https:\\\/\\\/www.silutesnaujienos.lt\\\/lt\\\/parama-pirmajam-darbui-darbdaviai-gali-gauti-jaunu-darbuotoju-darbo-uzmokescio-dalines-kompensacijas\\\/\"]}]},{\"@type\":\"BreadcrumbList\",\"@id\":\"https:\\\/\\\/www.silutesnaujienos.lt\\\/lt\\\/parama-pirmajam-darbui-darbdaviai-gali-gauti-jaunu-darbuotoju-darbo-uzmokescio-dalines-kompensacijas\\\/#breadcrumb\",\"itemListElement\":[{\"@type\":\"ListItem\",\"position\":1,\"name\":\"Home\",\"item\":\"https:\\\/\\\/www.silutesnaujienos.lt\\\/lt\\\/\"},{\"@type\":\"ListItem\",\"position\":2,\"name\":\"Parama pirmajam darbui: darbdaviai gali gauti jaun\u0173 darbuotoj\u0173 darbo u\u017emokes\u010dio dalines kompensacijas\"}]},{\"@type\":\"WebSite\",\"@id\":\"https:\\\/\\\/www.silutesnaujienos.lt\\\/lt\\\/#website\",\"url\":\"https:\\\/\\\/www.silutesnaujienos.lt\\\/lt\\\/\",\"name\":\"\u0160ilut\u0117s naujienos\",\"description\":\"B\u016bk ant naujien\u0173 bangos!\",\"publisher\":{\"@id\":\"https:\\\/\\\/www.silutesnaujienos.lt\\\/lt\\\/#organization\"},\"potentialAction\":[{\"@type\":\"SearchAction\",\"target\":{\"@type\":\"EntryPoint\",\"urlTemplate\":\"https:\\\/\\\/www.silutesnaujienos.lt\\\/lt\\\/?s={search_term_string}\"},\"query-input\":{\"@type\":\"PropertyValueSpecification\",\"valueRequired\":true,\"valueName\":\"search_term_string\"}}],\"inLanguage\":\"lt-LT\"},{\"@type\":\"Organization\",\"@id\":\"https:\\\/\\\/www.silutesnaujienos.lt\\\/lt\\\/#organization\",\"name\":\"\u0160ilut\u0117s naujienos\",\"url\":\"https:\\\/\\\/www.silutesnaujienos.lt\\\/lt\\\/\",\"logo\":{\"@type\":\"ImageObject\",\"inLanguage\":\"lt-LT\",\"@id\":\"https:\\\/\\\/www.silutesnaujienos.lt\\\/lt\\\/#\\\/schema\\\/logo\\\/image\\\/\",\"url\":\"https:\\\/\\\/www.silutesnaujienos.lt\\\/lt\\\/wp-content\\\/uploads\\\/2020\\\/06\\\/FB_MAIN.jpg\",\"contentUrl\":\"https:\\\/\\\/www.silutesnaujienos.lt\\\/lt\\\/wp-content\\\/uploads\\\/2020\\\/06\\\/FB_MAIN.jpg\",\"width\":1700,\"height\":956,\"caption\":\"\u0160ilut\u0117s naujienos\"},\"image\":{\"@id\":\"https:\\\/\\\/www.silutesnaujienos.lt\\\/lt\\\/#\\\/schema\\\/logo\\\/image\\\/\"},\"sameAs\":[\"https:\\\/\\\/www.facebook.com\\\/silutes.naujienos\\\/\",\"https:\\\/\\\/www.youtube.com\\\/channel\\\/UCxW-cgrJDt8GxIMxSTAfJZg\"]},{\"@type\":\"Person\",\"@id\":\"https:\\\/\\\/www.silutesnaujienos.lt\\\/lt\\\/#\\\/schema\\\/person\\\/976440ef837444400af3c77c19c61454\",\"name\":\"\u0160ilut\u0117s naujien\u0173 inf.\",\"image\":{\"@type\":\"ImageObject\",\"inLanguage\":\"lt-LT\",\"@id\":\"https:\\\/\\\/www.silutesnaujienos.lt\\\/lt\\\/wp-content\\\/uploads\\\/2020\\\/06\\\/favicon.png\",\"url\":\"https:\\\/\\\/www.silutesnaujienos.lt\\\/lt\\\/wp-content\\\/uploads\\\/2020\\\/06\\\/favicon.png\",\"contentUrl\":\"https:\\\/\\\/www.silutesnaujienos.lt\\\/lt\\\/wp-content\\\/uploads\\\/2020\\\/06\\\/favicon.png\",\"caption\":\"\u0160ilut\u0117s naujien\u0173 inf.\"},\"url\":\"https:\\\/\\\/www.silutesnaujienos.lt\\\/lt\\\/author\\\/vadas\\\/\"}]}<\/script>\n<!-- \/ Yoast SEO plugin. -->","yoast_head_json":{"title":"Parama pirmajam darbui: darbdaviai gali gauti jaun\u0173 darbuotoj\u0173 darbo u\u017emokes\u010dio dalines kompensacijas - \u0160ilut\u0117s naujienos","robots":{"index":"index","follow":"follow","max-snippet":"max-snippet:-1","max-image-preview":"max-image-preview:large","max-video-preview":"max-video-preview:-1"},"canonical":"https:\/\/www.silutesnaujienos.lt\/lt\/parama-pirmajam-darbui-darbdaviai-gali-gauti-jaunu-darbuotoju-darbo-uzmokescio-dalines-kompensacijas\/","og_locale":"lt_LT","og_type":"article","og_title":"Parama pirmajam darbui: darbdaviai gali gauti jaun\u0173 darbuotoj\u0173 darbo u\u017emokes\u010dio dalines kompensacijas - \u0160ilut\u0117s naujienos","og_description":"Siekiant skatinti jaunimo u\u017eimtum\u0105, Socialin\u0117s apsaugos ir darbo ministerija \u012fgyvendina ES fond\u0173 l\u0117\u0161omis finansuojam\u0105 priemon\u0119 \u201eParama pirmajam darbui\u201c. Darbdaviai, kurie nuo 2012 met\u0173 rugpj\u016b\u010dio 1 dienos \u012fdarbino ar planuoja \u012fdarbinti darbin\u0117s patirties neturin\u010dius jaunus asmenis, gali kreiptis d\u0117l darbo u\u017emokes\u010dio dalies kompensavimo \u012f UAB \u201eInvesticij\u0173 ir verslo garantijos\u201c (INVEGA) &#8211; \u0161i bendrov\u0117&nbsp; paskirta priemon\u0117s valdytoja. [&hellip;]","og_url":"https:\/\/www.silutesnaujienos.lt\/lt\/parama-pirmajam-darbui-darbdaviai-gali-gauti-jaunu-darbuotoju-darbo-uzmokescio-dalines-kompensacijas\/","og_site_name":"\u0160ilut\u0117s naujienos","article_publisher":"https:\/\/www.facebook.com\/silutes.naujienos\/","article_published_time":"2013-01-25T08:00:00+00:00","og_image":[{"url":"\/\/silutesnaujienos.lt\/images\/stories\/2013\/01\/25\/thumbnails\/thumb_DerekasCashier.jpg","type":"","width":"","height":""}],"author":"\u0160ilut\u0117s naujien\u0173 inf.","twitter_card":"summary_large_image","twitter_misc":{"Written by":"\u0160ilut\u0117s naujien\u0173 inf.","Est. reading time":"3 minut\u0117s"},"schema":{"@context":"https:\/\/schema.org","@graph":[{"@type":"Article","@id":"https:\/\/www.silutesnaujienos.lt\/lt\/parama-pirmajam-darbui-darbdaviai-gali-gauti-jaunu-darbuotoju-darbo-uzmokescio-dalines-kompensacijas\/#article","isPartOf":{"@id":"https:\/\/www.silutesnaujienos.lt\/lt\/parama-pirmajam-darbui-darbdaviai-gali-gauti-jaunu-darbuotoju-darbo-uzmokescio-dalines-kompensacijas\/"},"author":{"name":"\u0160ilut\u0117s naujien\u0173 inf.","@id":"https:\/\/www.silutesnaujienos.lt\/lt\/#\/schema\/person\/976440ef837444400af3c77c19c61454"},"headline":"Parama pirmajam darbui: darbdaviai gali gauti jaun\u0173 darbuotoj\u0173 darbo u\u017emokes\u010dio dalines kompensacijas","datePublished":"2013-01-25T08:00:00+00:00","mainEntityOfPage":{"@id":"https:\/\/www.silutesnaujienos.lt\/lt\/parama-pirmajam-darbui-darbdaviai-gali-gauti-jaunu-darbuotoju-darbo-uzmokescio-dalines-kompensacijas\/"},"wordCount":516,"commentCount":0,"publisher":{"@id":"https:\/\/www.silutesnaujienos.lt\/lt\/#organization"},"articleSection":["Aktualijos"],"inLanguage":"lt-LT","potentialAction":[{"@type":"CommentAction","name":"Comment","target":["https:\/\/www.silutesnaujienos.lt\/lt\/parama-pirmajam-darbui-darbdaviai-gali-gauti-jaunu-darbuotoju-darbo-uzmokescio-dalines-kompensacijas\/#respond"]}]},{"@type":"WebPage","@id":"https:\/\/www.silutesnaujienos.lt\/lt\/parama-pirmajam-darbui-darbdaviai-gali-gauti-jaunu-darbuotoju-darbo-uzmokescio-dalines-kompensacijas\/","url":"https:\/\/www.silutesnaujienos.lt\/lt\/parama-pirmajam-darbui-darbdaviai-gali-gauti-jaunu-darbuotoju-darbo-uzmokescio-dalines-kompensacijas\/","name":"Parama pirmajam darbui: darbdaviai gali gauti jaun\u0173 darbuotoj\u0173 darbo u\u017emokes\u010dio dalines kompensacijas - \u0160ilut\u0117s naujienos","isPartOf":{"@id":"https:\/\/www.silutesnaujienos.lt\/lt\/#website"},"datePublished":"2013-01-25T08:00:00+00:00","breadcrumb":{"@id":"https:\/\/www.silutesnaujienos.lt\/lt\/parama-pirmajam-darbui-darbdaviai-gali-gauti-jaunu-darbuotoju-darbo-uzmokescio-dalines-kompensacijas\/#breadcrumb"},"inLanguage":"lt-LT","potentialAction":[{"@type":"ReadAction","target":["https:\/\/www.silutesnaujienos.lt\/lt\/parama-pirmajam-darbui-darbdaviai-gali-gauti-jaunu-darbuotoju-darbo-uzmokescio-dalines-kompensacijas\/"]}]},{"@type":"BreadcrumbList","@id":"https:\/\/www.silutesnaujienos.lt\/lt\/parama-pirmajam-darbui-darbdaviai-gali-gauti-jaunu-darbuotoju-darbo-uzmokescio-dalines-kompensacijas\/#breadcrumb","itemListElement":[{"@type":"ListItem","position":1,"name":"Home","item":"https:\/\/www.silutesnaujienos.lt\/lt\/"},{"@type":"ListItem","position":2,"name":"Parama pirmajam darbui: darbdaviai gali gauti jaun\u0173 darbuotoj\u0173 darbo u\u017emokes\u010dio dalines kompensacijas"}]},{"@type":"WebSite","@id":"https:\/\/www.silutesnaujienos.lt\/lt\/#website","url":"https:\/\/www.silutesnaujienos.lt\/lt\/","name":"\u0160ilut\u0117s naujienos","description":"B\u016bk ant naujien\u0173 bangos!","publisher":{"@id":"https:\/\/www.silutesnaujienos.lt\/lt\/#organization"},"potentialAction":[{"@type":"SearchAction","target":{"@type":"EntryPoint","urlTemplate":"https:\/\/www.silutesnaujienos.lt\/lt\/?s={search_term_string}"},"query-input":{"@type":"PropertyValueSpecification","valueRequired":true,"valueName":"search_term_string"}}],"inLanguage":"lt-LT"},{"@type":"Organization","@id":"https:\/\/www.silutesnaujienos.lt\/lt\/#organization","name":"\u0160ilut\u0117s naujienos","url":"https:\/\/www.silutesnaujienos.lt\/lt\/","logo":{"@type":"ImageObject","inLanguage":"lt-LT","@id":"https:\/\/www.silutesnaujienos.lt\/lt\/#\/schema\/logo\/image\/","url":"https:\/\/www.silutesnaujienos.lt\/lt\/wp-content\/uploads\/2020\/06\/FB_MAIN.jpg","contentUrl":"https:\/\/www.silutesnaujienos.lt\/lt\/wp-content\/uploads\/2020\/06\/FB_MAIN.jpg","width":1700,"height":956,"caption":"\u0160ilut\u0117s naujienos"},"image":{"@id":"https:\/\/www.silutesnaujienos.lt\/lt\/#\/schema\/logo\/image\/"},"sameAs":["https:\/\/www.facebook.com\/silutes.naujienos\/","https:\/\/www.youtube.com\/channel\/UCxW-cgrJDt8GxIMxSTAfJZg"]},{"@type":"Person","@id":"https:\/\/www.silutesnaujienos.lt\/lt\/#\/schema\/person\/976440ef837444400af3c77c19c61454","name":"\u0160ilut\u0117s naujien\u0173 inf.","image":{"@type":"ImageObject","inLanguage":"lt-LT","@id":"https:\/\/www.silutesnaujienos.lt\/lt\/wp-content\/uploads\/2020\/06\/favicon.png","url":"https:\/\/www.silutesnaujienos.lt\/lt\/wp-content\/uploads\/2020\/06\/favicon.png","contentUrl":"https:\/\/www.silutesnaujienos.lt\/lt\/wp-content\/uploads\/2020\/06\/favicon.png","caption":"\u0160ilut\u0117s naujien\u0173 inf."},"url":"https:\/\/www.silutesnaujienos.lt\/lt\/author\/vadas\/"}]}},"publishpress_future_workflow_manual_trigger":{"enabledWorkflows":[]},"amp_enabled":true,"_links":{"self":[{"href":"https:\/\/www.silutesnaujienos.lt\/lt\/wp-json\/wp\/v2\/posts\/15379","targetHints":{"allow":["GET"]}}],"collection":[{"href":"https:\/\/www.silutesnaujienos.lt\/lt\/wp-json\/wp\/v2\/posts"}],"about":[{"href":"https:\/\/www.silutesnaujienos.lt\/lt\/wp-json\/wp\/v2\/types\/post"}],"author":[{"embeddable":true,"href":"https:\/\/www.silutesnaujienos.lt\/lt\/wp-json\/wp\/v2\/users\/2"}],"replies":[{"embeddable":true,"href":"https:\/\/www.silutesnaujienos.lt\/lt\/wp-json\/wp\/v2\/comments?post=15379"}],"version-history":[{"count":0,"href":"https:\/\/www.silutesnaujienos.lt\/lt\/wp-json\/wp\/v2\/posts\/15379\/revisions"}],"wp:attachment":[{"href":"https:\/\/www.silutesnaujienos.lt\/lt\/wp-json\/wp\/v2\/media?parent=15379"}],"wp:term":[{"taxonomy":"category","embeddable":true,"href":"https:\/\/www.silutesnaujienos.lt\/lt\/wp-json\/wp\/v2\/categories?post=15379"},{"taxonomy":"post_tag","embeddable":true,"href":"https:\/\/www.silutesnaujienos.lt\/lt\/wp-json\/wp\/v2\/tags?post=15379"}],"curies":[{"name":"wp","href":"https:\/\/api.w.org\/{rel}","templated":true}]}}