{"id":15694,"date":"2015-09-04T17:00:00","date_gmt":"2015-09-04T19:00:00","guid":{"rendered":"https:\/\/www.silutesnaujienos.lt\/lt\/silutes-baldu-125-mecio-renginius-atvere-imones-veteranai\/"},"modified":"2015-09-04T17:00:00","modified_gmt":"2015-09-04T19:00:00","slug":"silutes-baldu-125-mecio-renginius-atvere-imones-veteranai","status":"publish","type":"post","link":"https:\/\/www.silutesnaujienos.lt\/lt\/silutes-baldu-125-mecio-renginius-atvere-imones-veteranai\/","title":{"rendered":"\u201e\u0160ilut\u0117s bald\u0173\u201c 125-me\u010dio renginius atv\u0117r\u0117 \u012fmon\u0117s veteranai"},"content":{"rendered":"<p><a target=\"_blank\" rel=\"caption[Z.Golubovskaja d\u0117kojo direktorei A.Dijokienei (de\u0161in\u0117je) u\u017e tai, kad darbo \u012fmon\u0117je turi daugyb\u0117 \u0161iluti\u0161ki\u0173, ir link\u0117jo taip dirbti toliau.] noopener noreferrer\" class=\"jcepopup\" href=\"\/\/silutesnaujienos.lt\/images\/stories\/2015\/RUGSEJIS\/01\/baldu_veteranai_direktore.jpg\" data-rel=\"lightbox-gallery-d28SkFqT\" data-rl_title=\"\" data-rl_caption=\"\"><img loading=\"lazy\" decoding=\"async\" style=\"margin: 5px; float: left;\" class=\"caption\" title=\"\" alt=\"baldu veteranai direktore\" src=\"\/\/silutesnaujienos.lt\/images\/stories\/2015\/RUGSEJIS\/01\/thumbnails\/thumb_baldu_veteranai_direktore.jpg\" height=\"230\" width=\"307\" \/><\/a><strong>Penktadien\u012f 125-me\u010dio jubiliejaus rengini\u0173 cikl\u0105 prad\u0117jusi stambiausia \u0160ilut\u0117s rajono \u012fmon\u0117 &#8211; UAB \u201e\u0160ilut\u0117s baldai\u201c pirmiausia pagerb\u0117 savo veteranus.<br \/><\/strong><br \/><strong>Kelios de\u0161imtys po kelis de\u0161imtme\u010dius \u012fmon\u0117je dirbusi\u0173 \u017emoni\u0173 buvo pakviesti pamatyti, kaip \u0161iandien gyvena ir dirba \u012fmon\u0117, kurioje jie ka\u017ekada pagamino pirm\u0105sias taburetes ir stalus.<br \/><\/strong><br \/><strong>O jie, vaik\u0161\u010diodami po mil\u017eini\u0161kus cechus ir matydami darniai dirban\u010dius \u0161iandienos baldininkus ir j\u0173 valdom\u0105 kompiuterizuot\u0105 \u012frang\u0105, nepaj\u0117g\u0117 nusl\u0117pti nustebimo, kaip viskas \u010dia pasikeit\u0119.<\/strong><strong><br \/><\/strong><br \/><strong>At\u0117jo tie, kas buvo mokytojai<\/strong><a target=\"_blank\" rel=\"caption[ Pamatyti, kaip \u0161iandien gyvena j\u0173 buvusi darboviet\u0117, susirinko keliasde\u0161imt \u201e\u0160ilut\u0117s bald\u0173\u201c veteran\u0173.] noopener noreferrer\" class=\"jcepopup\" href=\"\/\/silutesnaujienos.lt\/images\/stories\/2015\/RUGSEJIS\/01\/baldu_veteranai_visi.jpg\" data-rel=\"lightbox-gallery-d28SkFqT\" data-rl_title=\"\" data-rl_caption=\"\"><img loading=\"lazy\" decoding=\"async\" style=\"margin: 5px; float: right;\" class=\"caption\" title=\"\" alt=\"baldu veteranai visi\" src=\"\/\/silutesnaujienos.lt\/images\/stories\/2015\/RUGSEJIS\/01\/thumbnails\/thumb_baldu_veteranai_visi.jpg\" height=\"230\" width=\"307\" \/><\/a><strong><br \/><\/strong><br \/>\u201eKiek \u010dia daug \u017emoni\u0173\u201c, &#8211; net aiktel\u0117jo \u0160ilut\u0117s baldinink\u0173 vadov\u0117 Asta Dijokien\u0117, pama\u010diusi administracinio pastato foj\u0117 besib\u016briuojan\u010dius sve\u010dius. T\u0105dien jie buvo tik sve\u010diai, nors ka\u017ekada jie \u010dia \u012f\u017eengdavo kasdien daugel\u012f met\u0173 i\u0161 eil\u0117s.<\/p>\n<p>\u201eKada tai buvo?..\u201c &#8211; vienas kito klausin\u0117jo senjorai, tyrin\u0117dami keli\u0173 de\u0161imtme\u010di\u0173 senumo&nbsp; fotografijose u\u017efiksuotus vaizdus, ie\u0161kodami juose savo ir koleg\u0173 veid\u0173 bei dalindamiesi prisiminimais.<\/p>\n<p>Pakviesti ap\u017ei\u016br\u0117ti \u0161iandien \u012fmon\u0117je gaminam\u0173 bald\u0173 pavyzd\u017ei\u0173, veteranai steb\u0117josi ir j\u0173 \u012fvairove, ir dizainu. O direktorei A.Dijokienei demonstruojant ekrane pirmuosius \u012fmon\u0117je pagamintus stal\u0105 ir spintel\u0119, prisimin\u0117, jog pati pirmoji visgi buvusi taburet\u0117&#8230;<\/p>\n<p>\u201eJ\u016bs daug anks\u010diau nei mes prad\u0117jote gaminti baldus, j\u016bs mai\u0161\u0117te da\u017eus, j\u016bs k\u016br\u0117t \u0161ios \u012fmon\u0117s vertybes ir kult\u016br\u0105, puosel\u0117jote tai, kuo \u0161iandien mes visi did\u017eiuojam\u0117s. J\u016bs buvot ir m\u016bs\u0173 mokytojai, mano asmeni\u0161kai &#8211; taip pat\u201c, &#8211; kalb\u0117jo direktor\u0117, d\u0117kodama veteranams, kad jie rado laiko ateiti pabendrauti, pasidalinti prisiminimais.<\/p>\n<p><strong>Auga ir turi ambicij\u0173<\/strong><\/p>\n<p><a target=\"_blank\" rel=\"caption[Su \u0161iuolaiki\u0161ka \u012franga \u201e\u0160ilut\u0117s bald\u0173\u201c cechuose ir administracijoje \u0161iandien i\u0161 viso dirba 768 \u017emon\u0117s.] noopener noreferrer\" class=\"jcepopup\" href=\"\/\/silutesnaujienos.lt\/images\/stories\/2015\/RUGSEJIS\/01\/baldu_veteranai_cechas.jpg\" data-rel=\"lightbox-gallery-d28SkFqT\" data-rl_title=\"\" data-rl_caption=\"\"><img loading=\"lazy\" decoding=\"async\" style=\"margin: 5px; float: left;\" class=\"caption\" title=\"\" alt=\"baldu veteranai cechas\" src=\"\/\/silutesnaujienos.lt\/images\/stories\/2015\/RUGSEJIS\/01\/thumbnails\/thumb_baldu_veteranai_cechas.jpg\" height=\"230\" width=\"307\" \/><\/a>Direktor\u0117 sak\u0117 nepasakosianti visos \u012fmon\u0117s istorijos, kuri\u0105 veteranai, ko gero, ir taip gerai \u017eino, bet primin\u0117 kelet\u0105 i\u0161skirtini\u0173 fakt\u0173.<\/p>\n<p>1890-aisiais \u0160ilut\u0117s bald\u0173 \u012fmon\u0117 pamin\u0117ta pirm\u0105 kart\u0105; 1958-aisiais pradedami gaminti baldai, 1990-ieji &#8211; data, nuo kurios \u0160ilut\u0117s baldininkai jau minimi kaip SBA grup\u0117s narys, ir keletas kit\u0173.<\/p>\n<p>\u0160iandien, pasak direktor\u0117s, \u201e\u0160ilut\u0117s baldai\u201c gamina labai plat\u0173 produkcijos asortiment\u0105, sugeba greitai j\u012f keisti ir \u012fdiegti naujus modelius, d\u017eiaugiasi inovatyviais techniniais sprendimais, kuri\u0173 reikia, kad b\u016bt\u0173 galima greit \u012fvykdyti u\u017esakov\u0173 pageidavimus.<br \/>\u0160ilut\u0117s baldininkai kasmet pradeda gaminti naujas bald\u0173 kolekcijas &#8211; \u0161tai tik 2014-aisiais prad\u0117ti 44 nauji gaminiai.<\/p>\n<p>\u0160iandien did\u017eiausioje rajono \u012fmon\u0117je dirba 768 \u017emon\u0117s ir \u0161is skai\u010dius jau daug met\u0173 beveik nekinta. Anot direktor\u0117s, vis dar daugiau yra vyr\u0173, bet j\u0173 \u0161ioje \u012fmon\u0117je ir reikia daugiau. Savo kolektyv\u0105 \u012fmon\u0117s vadov\u0117 pavadino labai \u0161eimyni\u0161ku, mat \u010dia dirba 48 \u0161eimos, 11 \u017emoni\u0173 \u201e\u0160ilut\u0117s balduose\u201c darbuojasi jau daugiau nei 40 met\u0173.<\/p>\n<p>Simboli\u0161ka, kad \u0161iandien \u012fmon\u0117je gaminami 125 gaminiai, tarp j\u0173 yra toki\u0173, kuriuos \u0160ilut\u0117s baldininkai gamina vieninteliai pasaulyje. Stengiantis, kad u\u017esakovams patekt\u0173 tik auk\u0161tos kokyb\u0117s gaminiai, \u010dia atliekamos nuolatin\u0117s ir atsitiktin\u0117s patikros.<br \/>Per pastaruosius 5 metus \u201e\u0160ilut\u0117s bald\u0173\u201c gamyba i\u0161augo 40 proc., anot A.Dijokien\u0117s, turima ambicij\u0173 augti ir toliau.<a target=\"_blank\" rel=\"caption[Po cechus veteranus ved\u017eiojusi vyr. meist\u0117 J.Siaurusevi\u010dien\u0117 aprod\u0117 moderni\u0105 kompiuterizuot\u0105 \u012frang\u0105.] noopener noreferrer\" class=\"jcepopup\" href=\"\/\/silutesnaujienos.lt\/images\/stories\/2015\/RUGSEJIS\/01\/baldu_veteranai_su_meistre.jpg\" data-rel=\"lightbox-gallery-d28SkFqT\" data-rl_title=\"\" data-rl_caption=\"\"><img loading=\"lazy\" decoding=\"async\" style=\"margin: 5px; float: right;\" class=\"caption\" title=\"\" alt=\"baldu veteranai su meistre\" src=\"\/\/silutesnaujienos.lt\/images\/stories\/2015\/RUGSEJIS\/01\/thumbnails\/thumb_baldu_veteranai_su_meistre.jpg\" height=\"230\" width=\"307\" \/><\/a><\/p>\n<p>\u012emon\u0117s vadov\u0117 primin\u0117, jog baldininkai ne tik dirba &#8211; jie dar ir kartu \u0161ven\u010dia, sportuoja, ir visa tai tam, kad \u017emon\u0117s geriau suprast\u0173 vienas kit\u0105, kad nedingt\u0173 taip vertinama kolektyvi\u0161kumo dvasia.<\/p>\n<p>Veteran\u0173 vardu direktorei d\u0117kojusi Zita Golubovskaja pasid\u017eiaug\u0117, kad \u012fmon\u0117 toliau ple\u010diasi, kad darbo joje turi daugyb\u0117 \u0161iluti\u0161ki\u0173, ir link\u0117jo taip s\u0117kmingai dirbti ir toliau.<\/p>\n<p><strong>\u012emon\u0117 pasikeit\u0117 neatpa\u017e\u012fstamai<\/strong><\/p>\n<p>Pakviesti \u012f ekskursij\u0105 po savo sen\u0105j\u0105 darboviet\u0119, veteranai kiekviename \u017eingsnyje aik\u010diojo i\u0161 nuostabos. Tose teritorijos vietose, kur kadaise nebuvo nieko, \u0161iandien stovi nauji modern\u016bs cechai ir produkcijos sand\u0117liai. O k\u0105 jau kalb\u0117ti apie naujausias \u012fmon\u0117je taikomas technologijas, kompiuterizuot\u0105 gamybos proces\u0105, nuolat atnaujinamas linijas ir \u012frenginius, kuri\u0173 dal\u012f sumontavo patys \u201e\u0160ilut\u0117s bald\u0173\u201c technikai.<\/p>\n<p>Ekskursijas po cechus ved\u0117 ir pati direktor\u0117 A.Dijokien\u0117, ir vyr. meistrai Jovita Siaurusevi\u010dien\u0117 bei Algirdas Ju\u0161ka. Po cechus vaik\u0161\u010diodami senjorai tik kraip\u0117 galvas ir trauk\u0117 pe\u010diais, matydami tokius gamybos b\u016bdus, koki\u0173 jie \u010dia dirbdami n\u0117 \u012fsivaizduoti negal\u0117jo.<\/p>\n<p><a target=\"_blank\" rel=\"caption[Veteranai ap\u017ei\u016brin\u0117jo keli\u0173 de\u0161imtme\u010di\u0173 senumo fotografijose u\u017efiksuotus vaizdus, ie\u0161kodami juose savo ir koleg\u0173 veid\u0173.] noopener noreferrer\" class=\"jcepopup\" href=\"\/\/silutesnaujienos.lt\/images\/stories\/2015\/RUGSEJIS\/01\/baldu_veteranai_fotoparoda.jpg\" data-rel=\"lightbox-gallery-d28SkFqT\" data-rl_title=\"\" data-rl_caption=\"\"><img loading=\"lazy\" decoding=\"async\" style=\"margin: 5px; float: left;\" class=\"caption\" title=\"\" alt=\"baldu veteranai fotoparoda\" src=\"\/\/silutesnaujienos.lt\/images\/stories\/2015\/RUGSEJIS\/01\/thumbnails\/thumb_baldu_veteranai_fotoparoda.jpg\" height=\"230\" width=\"307\" \/><\/a>\u201eNebe\u012fmanoma atpa\u017einti. Atrodo, lyg visas am\u017eius b\u016bt\u0173 pra\u0117j\u0119s nuo tada, kai mes \u010dia dirbome\u201c, &#8211; kalb\u0117josi tarpusavyje, vaik\u0161\u010diodami keli\u0173 t\u016bkstan\u010di\u0173 kvadratini\u0173 metr\u0173 ploto cechais \u201e\u0160ilut\u0117s bald\u0173\u201c pradininkai.<\/p>\n<p>\u017dav\u0117jo juos ne tik cech\u0173 plotai, bet ir kompiuteriais valdomos stakl\u0117s: \u201eKiek \u010dia dabar dirbantiems reikia \u017eini\u0173 tur\u0117ti? O mes ka\u017ekada visk\u0105 rankomis dar\u0117m\u201c, &#8211; rod\u0117 vieni kitiems sutartinai dirban\u010dius aparatus.<\/p>\n<p>Pasteb\u0117jo jie, kad dirbama ne tik modernia \u012franga, bet naudojamos ir kur kas brangesn\u0117s nei anks\u010diau med\u017eiagos.<\/p>\n<p>Veteranus \u017eav\u0117jo ir gra\u017eiai \u012frengtos darbuotoj\u0173 poilsiui skirtos patalpos ir jose pastatyti dail\u016bs baldai.<\/p>\n<p>\u201eO laboratorijoje i\u0161 t\u0173 sen\u0173 laik\u0173 tik langai belik\u0119. Nepaprastai nuostabu! Kaip m\u016bs\u0173 \u012fmon\u0117 pasikeit\u0117!\u201c &#8211; komentavo 27 metus \u010dia dirbusi Kristina \u0160veikauskien\u0117.<\/p>\n<p>I\u0161 cech\u0173 sugr\u012f\u017eusius senuosius baldininkus pasitiko vai\u0161i\u0173 stalai, prie kuri\u0173 dar ilgai buvo dalijamasi prisiminimais ir tarpusavyje, ir su \u012fmon\u0117s vadovais.<\/p>\n","protected":false},"excerpt":{"rendered":"<p>Penktadien\u012f 125-me\u010dio jubiliejaus rengini\u0173 cikl\u0105 prad\u0117jusi stambiausia \u0160ilut\u0117s rajono \u012fmon\u0117 &#8211; UAB \u201e\u0160ilut\u0117s baldai\u201c pirmiausia pagerb\u0117 savo veteranus.Kelios de\u0161imtys po kelis de\u0161imtme\u010dius \u012fmon\u0117je dirbusi\u0173 \u017emoni\u0173 buvo pakviesti pamatyti, kaip \u0161iandien gyvena ir dirba \u012fmon\u0117, kurioje jie ka\u017ekada pagamino pirm\u0105sias taburetes ir stalus.O jie, vaik\u0161\u010diodami po mil\u017eini\u0161kus cechus ir matydami darniai dirban\u010dius \u0161iandienos baldininkus ir j\u0173 [&hellip;]<\/p>\n","protected":false},"author":2,"featured_media":0,"comment_status":"open","ping_status":"open","sticky":false,"template":"","format":"standard","meta":{"footnotes":""},"categories":[2],"tags":[],"class_list":{"0":"post-15694","1":"post","2":"type-post","3":"status-publish","4":"format-standard","6":"category-aktualijos"},"yoast_head":"<!-- This site is optimized with the Yoast SEO plugin v27.5 - https:\/\/yoast.com\/product\/yoast-seo-wordpress\/ -->\n<title>\u201e\u0160ilut\u0117s bald\u0173\u201c 125-me\u010dio renginius atv\u0117r\u0117 \u012fmon\u0117s veteranai - \u0160ilut\u0117s naujienos<\/title>\n<meta name=\"robots\" content=\"index, follow, max-snippet:-1, max-image-preview:large, max-video-preview:-1\" \/>\n<link rel=\"canonical\" href=\"https:\/\/www.silutesnaujienos.lt\/lt\/silutes-baldu-125-mecio-renginius-atvere-imones-veteranai\/\" \/>\n<meta property=\"og:locale\" content=\"lt_LT\" \/>\n<meta property=\"og:type\" content=\"article\" \/>\n<meta property=\"og:title\" content=\"\u201e\u0160ilut\u0117s bald\u0173\u201c 125-me\u010dio renginius atv\u0117r\u0117 \u012fmon\u0117s veteranai - \u0160ilut\u0117s naujienos\" \/>\n<meta property=\"og:description\" content=\"Penktadien\u012f 125-me\u010dio jubiliejaus rengini\u0173 cikl\u0105 prad\u0117jusi stambiausia \u0160ilut\u0117s rajono \u012fmon\u0117 &#8211; UAB \u201e\u0160ilut\u0117s baldai\u201c pirmiausia pagerb\u0117 savo veteranus.Kelios de\u0161imtys po kelis de\u0161imtme\u010dius \u012fmon\u0117je dirbusi\u0173 \u017emoni\u0173 buvo pakviesti pamatyti, kaip \u0161iandien gyvena ir dirba \u012fmon\u0117, kurioje jie ka\u017ekada pagamino pirm\u0105sias taburetes ir stalus.O jie, vaik\u0161\u010diodami po mil\u017eini\u0161kus cechus ir matydami darniai dirban\u010dius \u0161iandienos baldininkus ir j\u0173 [&hellip;]\" \/>\n<meta property=\"og:url\" content=\"https:\/\/www.silutesnaujienos.lt\/lt\/silutes-baldu-125-mecio-renginius-atvere-imones-veteranai\/\" \/>\n<meta property=\"og:site_name\" content=\"\u0160ilut\u0117s naujienos\" \/>\n<meta property=\"article:publisher\" content=\"https:\/\/www.facebook.com\/silutes.naujienos\/\" \/>\n<meta property=\"article:published_time\" content=\"2015-09-04T19:00:00+00:00\" \/>\n<meta property=\"og:image\" content=\"\/\/silutesnaujienos.lt\/images\/stories\/2015\/RUGSEJIS\/01\/thumbnails\/thumb_baldu_veteranai_direktore.jpg\" \/>\n<meta name=\"author\" content=\"\u0160ilut\u0117s naujien\u0173 inf.\" \/>\n<meta name=\"twitter:card\" content=\"summary_large_image\" \/>\n<meta name=\"twitter:label1\" content=\"Written by\" \/>\n\t<meta name=\"twitter:data1\" content=\"\u0160ilut\u0117s naujien\u0173 inf.\" \/>\n\t<meta name=\"twitter:label2\" content=\"Est. reading time\" \/>\n\t<meta name=\"twitter:data2\" content=\"4 minut\u0117s\" \/>\n<script type=\"application\/ld+json\" class=\"yoast-schema-graph\">{\"@context\":\"https:\\\/\\\/schema.org\",\"@graph\":[{\"@type\":\"Article\",\"@id\":\"https:\\\/\\\/www.silutesnaujienos.lt\\\/lt\\\/silutes-baldu-125-mecio-renginius-atvere-imones-veteranai\\\/#article\",\"isPartOf\":{\"@id\":\"https:\\\/\\\/www.silutesnaujienos.lt\\\/lt\\\/silutes-baldu-125-mecio-renginius-atvere-imones-veteranai\\\/\"},\"author\":{\"name\":\"\u0160ilut\u0117s naujien\u0173 inf.\",\"@id\":\"https:\\\/\\\/www.silutesnaujienos.lt\\\/lt\\\/#\\\/schema\\\/person\\\/976440ef837444400af3c77c19c61454\"},\"headline\":\"\u201e\u0160ilut\u0117s bald\u0173\u201c 125-me\u010dio renginius atv\u0117r\u0117 \u012fmon\u0117s veteranai\",\"datePublished\":\"2015-09-04T19:00:00+00:00\",\"mainEntityOfPage\":{\"@id\":\"https:\\\/\\\/www.silutesnaujienos.lt\\\/lt\\\/silutes-baldu-125-mecio-renginius-atvere-imones-veteranai\\\/\"},\"wordCount\":834,\"commentCount\":0,\"publisher\":{\"@id\":\"https:\\\/\\\/www.silutesnaujienos.lt\\\/lt\\\/#organization\"},\"articleSection\":[\"Aktualijos\"],\"inLanguage\":\"lt-LT\",\"potentialAction\":[{\"@type\":\"CommentAction\",\"name\":\"Comment\",\"target\":[\"https:\\\/\\\/www.silutesnaujienos.lt\\\/lt\\\/silutes-baldu-125-mecio-renginius-atvere-imones-veteranai\\\/#respond\"]}]},{\"@type\":\"WebPage\",\"@id\":\"https:\\\/\\\/www.silutesnaujienos.lt\\\/lt\\\/silutes-baldu-125-mecio-renginius-atvere-imones-veteranai\\\/\",\"url\":\"https:\\\/\\\/www.silutesnaujienos.lt\\\/lt\\\/silutes-baldu-125-mecio-renginius-atvere-imones-veteranai\\\/\",\"name\":\"\u201e\u0160ilut\u0117s bald\u0173\u201c 125-me\u010dio renginius atv\u0117r\u0117 \u012fmon\u0117s veteranai - \u0160ilut\u0117s naujienos\",\"isPartOf\":{\"@id\":\"https:\\\/\\\/www.silutesnaujienos.lt\\\/lt\\\/#website\"},\"datePublished\":\"2015-09-04T19:00:00+00:00\",\"breadcrumb\":{\"@id\":\"https:\\\/\\\/www.silutesnaujienos.lt\\\/lt\\\/silutes-baldu-125-mecio-renginius-atvere-imones-veteranai\\\/#breadcrumb\"},\"inLanguage\":\"lt-LT\",\"potentialAction\":[{\"@type\":\"ReadAction\",\"target\":[\"https:\\\/\\\/www.silutesnaujienos.lt\\\/lt\\\/silutes-baldu-125-mecio-renginius-atvere-imones-veteranai\\\/\"]}]},{\"@type\":\"BreadcrumbList\",\"@id\":\"https:\\\/\\\/www.silutesnaujienos.lt\\\/lt\\\/silutes-baldu-125-mecio-renginius-atvere-imones-veteranai\\\/#breadcrumb\",\"itemListElement\":[{\"@type\":\"ListItem\",\"position\":1,\"name\":\"Home\",\"item\":\"https:\\\/\\\/www.silutesnaujienos.lt\\\/lt\\\/\"},{\"@type\":\"ListItem\",\"position\":2,\"name\":\"\u201e\u0160ilut\u0117s bald\u0173\u201c 125-me\u010dio renginius atv\u0117r\u0117 \u012fmon\u0117s veteranai\"}]},{\"@type\":\"WebSite\",\"@id\":\"https:\\\/\\\/www.silutesnaujienos.lt\\\/lt\\\/#website\",\"url\":\"https:\\\/\\\/www.silutesnaujienos.lt\\\/lt\\\/\",\"name\":\"\u0160ilut\u0117s naujienos\",\"description\":\"B\u016bk ant naujien\u0173 bangos!\",\"publisher\":{\"@id\":\"https:\\\/\\\/www.silutesnaujienos.lt\\\/lt\\\/#organization\"},\"potentialAction\":[{\"@type\":\"SearchAction\",\"target\":{\"@type\":\"EntryPoint\",\"urlTemplate\":\"https:\\\/\\\/www.silutesnaujienos.lt\\\/lt\\\/?s={search_term_string}\"},\"query-input\":{\"@type\":\"PropertyValueSpecification\",\"valueRequired\":true,\"valueName\":\"search_term_string\"}}],\"inLanguage\":\"lt-LT\"},{\"@type\":\"Organization\",\"@id\":\"https:\\\/\\\/www.silutesnaujienos.lt\\\/lt\\\/#organization\",\"name\":\"\u0160ilut\u0117s naujienos\",\"url\":\"https:\\\/\\\/www.silutesnaujienos.lt\\\/lt\\\/\",\"logo\":{\"@type\":\"ImageObject\",\"inLanguage\":\"lt-LT\",\"@id\":\"https:\\\/\\\/www.silutesnaujienos.lt\\\/lt\\\/#\\\/schema\\\/logo\\\/image\\\/\",\"url\":\"https:\\\/\\\/www.silutesnaujienos.lt\\\/lt\\\/wp-content\\\/uploads\\\/2020\\\/06\\\/FB_MAIN.jpg\",\"contentUrl\":\"https:\\\/\\\/www.silutesnaujienos.lt\\\/lt\\\/wp-content\\\/uploads\\\/2020\\\/06\\\/FB_MAIN.jpg\",\"width\":1700,\"height\":956,\"caption\":\"\u0160ilut\u0117s naujienos\"},\"image\":{\"@id\":\"https:\\\/\\\/www.silutesnaujienos.lt\\\/lt\\\/#\\\/schema\\\/logo\\\/image\\\/\"},\"sameAs\":[\"https:\\\/\\\/www.facebook.com\\\/silutes.naujienos\\\/\",\"https:\\\/\\\/www.youtube.com\\\/channel\\\/UCxW-cgrJDt8GxIMxSTAfJZg\"]},{\"@type\":\"Person\",\"@id\":\"https:\\\/\\\/www.silutesnaujienos.lt\\\/lt\\\/#\\\/schema\\\/person\\\/976440ef837444400af3c77c19c61454\",\"name\":\"\u0160ilut\u0117s naujien\u0173 inf.\",\"image\":{\"@type\":\"ImageObject\",\"inLanguage\":\"lt-LT\",\"@id\":\"https:\\\/\\\/www.silutesnaujienos.lt\\\/lt\\\/wp-content\\\/uploads\\\/2020\\\/06\\\/favicon.png\",\"url\":\"https:\\\/\\\/www.silutesnaujienos.lt\\\/lt\\\/wp-content\\\/uploads\\\/2020\\\/06\\\/favicon.png\",\"contentUrl\":\"https:\\\/\\\/www.silutesnaujienos.lt\\\/lt\\\/wp-content\\\/uploads\\\/2020\\\/06\\\/favicon.png\",\"caption\":\"\u0160ilut\u0117s naujien\u0173 inf.\"},\"url\":\"https:\\\/\\\/www.silutesnaujienos.lt\\\/lt\\\/author\\\/vadas\\\/\"}]}<\/script>\n<!-- \/ Yoast SEO plugin. -->","yoast_head_json":{"title":"\u201e\u0160ilut\u0117s bald\u0173\u201c 125-me\u010dio renginius atv\u0117r\u0117 \u012fmon\u0117s veteranai - \u0160ilut\u0117s naujienos","robots":{"index":"index","follow":"follow","max-snippet":"max-snippet:-1","max-image-preview":"max-image-preview:large","max-video-preview":"max-video-preview:-1"},"canonical":"https:\/\/www.silutesnaujienos.lt\/lt\/silutes-baldu-125-mecio-renginius-atvere-imones-veteranai\/","og_locale":"lt_LT","og_type":"article","og_title":"\u201e\u0160ilut\u0117s bald\u0173\u201c 125-me\u010dio renginius atv\u0117r\u0117 \u012fmon\u0117s veteranai - \u0160ilut\u0117s naujienos","og_description":"Penktadien\u012f 125-me\u010dio jubiliejaus rengini\u0173 cikl\u0105 prad\u0117jusi stambiausia \u0160ilut\u0117s rajono \u012fmon\u0117 &#8211; UAB \u201e\u0160ilut\u0117s baldai\u201c pirmiausia pagerb\u0117 savo veteranus.Kelios de\u0161imtys po kelis de\u0161imtme\u010dius \u012fmon\u0117je dirbusi\u0173 \u017emoni\u0173 buvo pakviesti pamatyti, kaip \u0161iandien gyvena ir dirba \u012fmon\u0117, kurioje jie ka\u017ekada pagamino pirm\u0105sias taburetes ir stalus.O jie, vaik\u0161\u010diodami po mil\u017eini\u0161kus cechus ir matydami darniai dirban\u010dius \u0161iandienos baldininkus ir j\u0173 [&hellip;]","og_url":"https:\/\/www.silutesnaujienos.lt\/lt\/silutes-baldu-125-mecio-renginius-atvere-imones-veteranai\/","og_site_name":"\u0160ilut\u0117s naujienos","article_publisher":"https:\/\/www.facebook.com\/silutes.naujienos\/","article_published_time":"2015-09-04T19:00:00+00:00","og_image":[{"url":"\/\/silutesnaujienos.lt\/images\/stories\/2015\/RUGSEJIS\/01\/thumbnails\/thumb_baldu_veteranai_direktore.jpg","type":"","width":"","height":""}],"author":"\u0160ilut\u0117s naujien\u0173 inf.","twitter_card":"summary_large_image","twitter_misc":{"Written by":"\u0160ilut\u0117s naujien\u0173 inf.","Est. reading time":"4 minut\u0117s"},"schema":{"@context":"https:\/\/schema.org","@graph":[{"@type":"Article","@id":"https:\/\/www.silutesnaujienos.lt\/lt\/silutes-baldu-125-mecio-renginius-atvere-imones-veteranai\/#article","isPartOf":{"@id":"https:\/\/www.silutesnaujienos.lt\/lt\/silutes-baldu-125-mecio-renginius-atvere-imones-veteranai\/"},"author":{"name":"\u0160ilut\u0117s naujien\u0173 inf.","@id":"https:\/\/www.silutesnaujienos.lt\/lt\/#\/schema\/person\/976440ef837444400af3c77c19c61454"},"headline":"\u201e\u0160ilut\u0117s bald\u0173\u201c 125-me\u010dio renginius atv\u0117r\u0117 \u012fmon\u0117s veteranai","datePublished":"2015-09-04T19:00:00+00:00","mainEntityOfPage":{"@id":"https:\/\/www.silutesnaujienos.lt\/lt\/silutes-baldu-125-mecio-renginius-atvere-imones-veteranai\/"},"wordCount":834,"commentCount":0,"publisher":{"@id":"https:\/\/www.silutesnaujienos.lt\/lt\/#organization"},"articleSection":["Aktualijos"],"inLanguage":"lt-LT","potentialAction":[{"@type":"CommentAction","name":"Comment","target":["https:\/\/www.silutesnaujienos.lt\/lt\/silutes-baldu-125-mecio-renginius-atvere-imones-veteranai\/#respond"]}]},{"@type":"WebPage","@id":"https:\/\/www.silutesnaujienos.lt\/lt\/silutes-baldu-125-mecio-renginius-atvere-imones-veteranai\/","url":"https:\/\/www.silutesnaujienos.lt\/lt\/silutes-baldu-125-mecio-renginius-atvere-imones-veteranai\/","name":"\u201e\u0160ilut\u0117s bald\u0173\u201c 125-me\u010dio renginius atv\u0117r\u0117 \u012fmon\u0117s veteranai - \u0160ilut\u0117s naujienos","isPartOf":{"@id":"https:\/\/www.silutesnaujienos.lt\/lt\/#website"},"datePublished":"2015-09-04T19:00:00+00:00","breadcrumb":{"@id":"https:\/\/www.silutesnaujienos.lt\/lt\/silutes-baldu-125-mecio-renginius-atvere-imones-veteranai\/#breadcrumb"},"inLanguage":"lt-LT","potentialAction":[{"@type":"ReadAction","target":["https:\/\/www.silutesnaujienos.lt\/lt\/silutes-baldu-125-mecio-renginius-atvere-imones-veteranai\/"]}]},{"@type":"BreadcrumbList","@id":"https:\/\/www.silutesnaujienos.lt\/lt\/silutes-baldu-125-mecio-renginius-atvere-imones-veteranai\/#breadcrumb","itemListElement":[{"@type":"ListItem","position":1,"name":"Home","item":"https:\/\/www.silutesnaujienos.lt\/lt\/"},{"@type":"ListItem","position":2,"name":"\u201e\u0160ilut\u0117s bald\u0173\u201c 125-me\u010dio renginius atv\u0117r\u0117 \u012fmon\u0117s veteranai"}]},{"@type":"WebSite","@id":"https:\/\/www.silutesnaujienos.lt\/lt\/#website","url":"https:\/\/www.silutesnaujienos.lt\/lt\/","name":"\u0160ilut\u0117s naujienos","description":"B\u016bk ant naujien\u0173 bangos!","publisher":{"@id":"https:\/\/www.silutesnaujienos.lt\/lt\/#organization"},"potentialAction":[{"@type":"SearchAction","target":{"@type":"EntryPoint","urlTemplate":"https:\/\/www.silutesnaujienos.lt\/lt\/?s={search_term_string}"},"query-input":{"@type":"PropertyValueSpecification","valueRequired":true,"valueName":"search_term_string"}}],"inLanguage":"lt-LT"},{"@type":"Organization","@id":"https:\/\/www.silutesnaujienos.lt\/lt\/#organization","name":"\u0160ilut\u0117s naujienos","url":"https:\/\/www.silutesnaujienos.lt\/lt\/","logo":{"@type":"ImageObject","inLanguage":"lt-LT","@id":"https:\/\/www.silutesnaujienos.lt\/lt\/#\/schema\/logo\/image\/","url":"https:\/\/www.silutesnaujienos.lt\/lt\/wp-content\/uploads\/2020\/06\/FB_MAIN.jpg","contentUrl":"https:\/\/www.silutesnaujienos.lt\/lt\/wp-content\/uploads\/2020\/06\/FB_MAIN.jpg","width":1700,"height":956,"caption":"\u0160ilut\u0117s naujienos"},"image":{"@id":"https:\/\/www.silutesnaujienos.lt\/lt\/#\/schema\/logo\/image\/"},"sameAs":["https:\/\/www.facebook.com\/silutes.naujienos\/","https:\/\/www.youtube.com\/channel\/UCxW-cgrJDt8GxIMxSTAfJZg"]},{"@type":"Person","@id":"https:\/\/www.silutesnaujienos.lt\/lt\/#\/schema\/person\/976440ef837444400af3c77c19c61454","name":"\u0160ilut\u0117s naujien\u0173 inf.","image":{"@type":"ImageObject","inLanguage":"lt-LT","@id":"https:\/\/www.silutesnaujienos.lt\/lt\/wp-content\/uploads\/2020\/06\/favicon.png","url":"https:\/\/www.silutesnaujienos.lt\/lt\/wp-content\/uploads\/2020\/06\/favicon.png","contentUrl":"https:\/\/www.silutesnaujienos.lt\/lt\/wp-content\/uploads\/2020\/06\/favicon.png","caption":"\u0160ilut\u0117s naujien\u0173 inf."},"url":"https:\/\/www.silutesnaujienos.lt\/lt\/author\/vadas\/"}]}},"publishpress_future_workflow_manual_trigger":{"enabledWorkflows":[]},"amp_enabled":true,"_links":{"self":[{"href":"https:\/\/www.silutesnaujienos.lt\/lt\/wp-json\/wp\/v2\/posts\/15694","targetHints":{"allow":["GET"]}}],"collection":[{"href":"https:\/\/www.silutesnaujienos.lt\/lt\/wp-json\/wp\/v2\/posts"}],"about":[{"href":"https:\/\/www.silutesnaujienos.lt\/lt\/wp-json\/wp\/v2\/types\/post"}],"author":[{"embeddable":true,"href":"https:\/\/www.silutesnaujienos.lt\/lt\/wp-json\/wp\/v2\/users\/2"}],"replies":[{"embeddable":true,"href":"https:\/\/www.silutesnaujienos.lt\/lt\/wp-json\/wp\/v2\/comments?post=15694"}],"version-history":[{"count":0,"href":"https:\/\/www.silutesnaujienos.lt\/lt\/wp-json\/wp\/v2\/posts\/15694\/revisions"}],"wp:attachment":[{"href":"https:\/\/www.silutesnaujienos.lt\/lt\/wp-json\/wp\/v2\/media?parent=15694"}],"wp:term":[{"taxonomy":"category","embeddable":true,"href":"https:\/\/www.silutesnaujienos.lt\/lt\/wp-json\/wp\/v2\/categories?post=15694"},{"taxonomy":"post_tag","embeddable":true,"href":"https:\/\/www.silutesnaujienos.lt\/lt\/wp-json\/wp\/v2\/tags?post=15694"}],"curies":[{"name":"wp","href":"https:\/\/api.w.org\/{rel}","templated":true}]}}