{"id":16254,"date":"2012-11-05T08:07:39","date_gmt":"2012-11-05T10:07:39","guid":{"rendered":"https:\/\/www.silutesnaujienos.lt\/lt\/siluteje-pristatoma-fotografiju-paroda-mazieji-ereliai-reksniai-ir-ju-apsauga-lietuvoje\/"},"modified":"2012-11-05T08:07:39","modified_gmt":"2012-11-05T10:07:39","slug":"siluteje-pristatoma-fotografiju-paroda-mazieji-ereliai-reksniai-ir-ju-apsauga-lietuvoje","status":"publish","type":"post","link":"https:\/\/www.silutesnaujienos.lt\/lt\/siluteje-pristatoma-fotografiju-paroda-mazieji-ereliai-reksniai-ir-ju-apsauga-lietuvoje\/","title":{"rendered":"\u0160ilut\u0117je pristatoma fotografij\u0173 paroda \u201eMa\u017eieji ereliai r\u0117ksniai ir j\u0173 apsauga Lietuvoje\u201c"},"content":{"rendered":"<p><a type=\"image\" class=\"jcepopup\" target=\"_blank\" rel=\"caption[J\u016brinis erelis (kair\u0117je) ir ma\u017easis r\u0117ksnys (de\u0161in\u0117je). \/ Vytauto Jusio nuotr.] nuotr.];group[a] noopener noreferrer\" href=\"\/\/silutesnaujienos.lt\/images\/stories\/2012\/11\/V.Jusio_nuotr_kairej_Jurinis_erelis_desinej_mazasis_erelis_reksnys.jpg\" data-rel=\"lightbox-gallery-2mzTPxLS\" data-rl_title=\"\" data-rl_caption=\"\"><img loading=\"lazy\" decoding=\"async\" style=\"margin: 5px; float: left;\" class=\"caption\" title=\"\" alt=\"V.Jusio nuotr kairej Jurinis erelis desinej mazasis erelis reksnys\" src=\"\/\/silutesnaujienos.lt\/images\/stories\/2012\/11\/thumbnails\/thumb_V.Jusio_nuotr_kairej_Jurinis_erelis_desinej_mazasis_erelis_reksnys.jpg\" height=\"230\" width=\"307\" \/><\/a><strong>2012 m. lapkri\u010dio 5 d., 14:00 val., \u0160ilut\u0117s kult\u016bros ir pramog\u0173 centre vyks vie\u0161osios \u012fstaigos \u201eGamtosaugos projekt\u0173 vystymo fondas\u201c fotografij\u0173 parodos \u201eMa\u017eieji ereliai r\u0117ksniai ir j\u0173 apsauga Lietuvoje\u201c pristatymo renginys.<\/strong><\/p>\n<p>Renginyje bus pristatyti \u012fdomiausi faktai apie ma\u017euosius erelius r\u0117ksnius, gr\u0117sm\u0117s j\u0173 i\u0161likimui bei vie\u0161osios \u012fstaigos \u201eGamtosaugos projekt\u0173 vystymo fondas\u201c vykdomo projekto \u201eMa\u017eojo erelio r\u0117ksnio (<em>Aquila pomarina<\/em>) apsauga Lietuvos mi\u0161kuose\u201c darbai.<\/p>\n<p>Parodos pristatyme taip pat dalyvaus \u017einomas gamtos fotografas ir dokumentini\u0173 film\u0173 autorius M.Survila.<\/p>\n<p>Projekt\u0105 finansuoja Europos S\u0105jungos finansinis instrumentas \u201eLife+\u201c, i\u0161 dalies finansuoja Lietuvos Respublikos Aplinkos ministerija, UAB \u201eLitagros prekyba\u201c ir V\u0161\u012e \u201eGamtosaugos projekt\u0173 vystymo fondas\u201c.<a target=\"_blank\" rel=\"caption[Ma\u017easis erelis r\u0117ksnys. \/ E.Kavaliausko nuotr.];group[a] noopener noreferrer\" class=\"jcepopup\" href=\"\/\/silutesnaujienos.lt\/images\/stories\/2012\/11\/E.Kavaliausko_nuotr_mazasis_erelis_rksnys.jpg\" data-rel=\"lightbox-gallery-2mzTPxLS\" data-rl_title=\"\" data-rl_caption=\"\"><img loading=\"lazy\" decoding=\"async\" style=\"margin: 5px; float: right;\" class=\"caption\" title=\"\" alt=\"E.Kavaliausko nuotr mazasis erelis rksnys\" src=\"\/\/silutesnaujienos.lt\/images\/stories\/2012\/11\/E.Kavaliausko_nuotr_mazasis_erelis_rksnys.jpg\" height=\"300\" width=\"200\" \/><\/a><\/p>\n<p>Ma\u017easis erelis r\u0117ksnys &#8211; Lietuvoje ir ES saugomas pl\u0117\u0161rusis pauk\u0161tis. Vakar\u0173 Europoje ma\u017eieji ereliai r\u0117ksniai (Aquila pomarina) i\u0161nyko prie\u0161 100-200 met\u0173.<\/p>\n<p>Did\u017eioji j\u0173 dalis i\u0161liko Ryt\u0173 ir Vidurio Europos \u0161alyse. Lietuva yra svarbi siekiant i\u0161saugoti \u0161iuos pauk\u0161\u010dius Europoje. Nors Lietuva sudaro vos 1,5&nbsp;% ES teritorijos, m\u016bs\u0173 \u0161alyje gyvena ~20&nbsp;% ES ma\u017e\u0173j\u0173 ereli\u0173 r\u0117ksni\u0173.<\/p>\n<p>Vie\u0161oji \u012fstaiga \u201eGamtosaugos projekt\u0173 vystymo fondas\u201c \u2013 ne pelno organizacija, kurios tikslas &#8211; r\u016bpintis biologin\u0117s \u012fvairov\u0117s ir aplinkos i\u0161saugojimu Lietuvoje, populiarinti gamtosaugos ir gamtotvarkos id\u0117jas visuomen\u0117je.<\/p>\n<p>Nuo organizacijos \u012fk\u016brimo 2003 m. Fondas vykdo t\u0119stin\u012f tarptautiniu mastu saugomo j\u016brinio erelio (<em>Haliaeetus albicilla<\/em>) apsaugos projekt\u0105 Lietuvoje.<\/p>\n","protected":false},"excerpt":{"rendered":"<p>2012 m. lapkri\u010dio 5 d., 14:00 val., \u0160ilut\u0117s kult\u016bros ir pramog\u0173 centre vyks vie\u0161osios \u012fstaigos \u201eGamtosaugos projekt\u0173 vystymo fondas\u201c fotografij\u0173 parodos \u201eMa\u017eieji ereliai r\u0117ksniai ir j\u0173 apsauga Lietuvoje\u201c pristatymo renginys. Renginyje bus pristatyti \u012fdomiausi faktai apie ma\u017euosius erelius r\u0117ksnius, gr\u0117sm\u0117s j\u0173 i\u0161likimui bei vie\u0161osios \u012fstaigos \u201eGamtosaugos projekt\u0173 vystymo fondas\u201c vykdomo projekto \u201eMa\u017eojo erelio r\u0117ksnio (Aquila [&hellip;]<\/p>\n","protected":false},"author":2,"featured_media":0,"comment_status":"open","ping_status":"open","sticky":false,"template":"","format":"standard","meta":{"footnotes":""},"categories":[5],"tags":[],"class_list":{"0":"post-16254","1":"post","2":"type-post","3":"status-publish","4":"format-standard","6":"category-gamta"},"yoast_head":"<!-- This site is optimized with the Yoast SEO plugin v27.5 - https:\/\/yoast.com\/product\/yoast-seo-wordpress\/ -->\n<title>\u0160ilut\u0117je pristatoma fotografij\u0173 paroda \u201eMa\u017eieji ereliai r\u0117ksniai ir j\u0173 apsauga Lietuvoje\u201c - \u0160ilut\u0117s naujienos<\/title>\n<meta name=\"robots\" content=\"index, follow, max-snippet:-1, max-image-preview:large, max-video-preview:-1\" \/>\n<link rel=\"canonical\" href=\"https:\/\/www.silutesnaujienos.lt\/lt\/siluteje-pristatoma-fotografiju-paroda-mazieji-ereliai-reksniai-ir-ju-apsauga-lietuvoje\/\" \/>\n<meta property=\"og:locale\" content=\"lt_LT\" \/>\n<meta property=\"og:type\" content=\"article\" \/>\n<meta property=\"og:title\" content=\"\u0160ilut\u0117je pristatoma fotografij\u0173 paroda \u201eMa\u017eieji ereliai r\u0117ksniai ir j\u0173 apsauga Lietuvoje\u201c - \u0160ilut\u0117s naujienos\" \/>\n<meta property=\"og:description\" content=\"2012 m. lapkri\u010dio 5 d., 14:00 val., \u0160ilut\u0117s kult\u016bros ir pramog\u0173 centre vyks vie\u0161osios \u012fstaigos \u201eGamtosaugos projekt\u0173 vystymo fondas\u201c fotografij\u0173 parodos \u201eMa\u017eieji ereliai r\u0117ksniai ir j\u0173 apsauga Lietuvoje\u201c pristatymo renginys. Renginyje bus pristatyti \u012fdomiausi faktai apie ma\u017euosius erelius r\u0117ksnius, gr\u0117sm\u0117s j\u0173 i\u0161likimui bei vie\u0161osios \u012fstaigos \u201eGamtosaugos projekt\u0173 vystymo fondas\u201c vykdomo projekto \u201eMa\u017eojo erelio r\u0117ksnio (Aquila [&hellip;]\" \/>\n<meta property=\"og:url\" content=\"https:\/\/www.silutesnaujienos.lt\/lt\/siluteje-pristatoma-fotografiju-paroda-mazieji-ereliai-reksniai-ir-ju-apsauga-lietuvoje\/\" \/>\n<meta property=\"og:site_name\" content=\"\u0160ilut\u0117s naujienos\" \/>\n<meta property=\"article:publisher\" content=\"https:\/\/www.facebook.com\/silutes.naujienos\/\" \/>\n<meta property=\"article:published_time\" content=\"2012-11-05T10:07:39+00:00\" \/>\n<meta property=\"og:image\" content=\"\/\/silutesnaujienos.lt\/images\/stories\/2012\/11\/thumbnails\/thumb_V.Jusio_nuotr_kairej_Jurinis_erelis_desinej_mazasis_erelis_reksnys.jpg\" \/>\n<meta name=\"author\" content=\"\u0160ilut\u0117s naujien\u0173 inf.\" \/>\n<meta name=\"twitter:card\" content=\"summary_large_image\" \/>\n<meta name=\"twitter:label1\" content=\"Written by\" \/>\n\t<meta name=\"twitter:data1\" content=\"\u0160ilut\u0117s naujien\u0173 inf.\" \/>\n\t<meta name=\"twitter:label2\" content=\"Est. reading time\" \/>\n\t<meta name=\"twitter:data2\" content=\"1 minut\u0117\" \/>\n<script type=\"application\/ld+json\" class=\"yoast-schema-graph\">{\"@context\":\"https:\\\/\\\/schema.org\",\"@graph\":[{\"@type\":\"Article\",\"@id\":\"https:\\\/\\\/www.silutesnaujienos.lt\\\/lt\\\/siluteje-pristatoma-fotografiju-paroda-mazieji-ereliai-reksniai-ir-ju-apsauga-lietuvoje\\\/#article\",\"isPartOf\":{\"@id\":\"https:\\\/\\\/www.silutesnaujienos.lt\\\/lt\\\/siluteje-pristatoma-fotografiju-paroda-mazieji-ereliai-reksniai-ir-ju-apsauga-lietuvoje\\\/\"},\"author\":{\"name\":\"\u0160ilut\u0117s naujien\u0173 inf.\",\"@id\":\"https:\\\/\\\/www.silutesnaujienos.lt\\\/lt\\\/#\\\/schema\\\/person\\\/976440ef837444400af3c77c19c61454\"},\"headline\":\"\u0160ilut\u0117je pristatoma fotografij\u0173 paroda \u201eMa\u017eieji ereliai r\u0117ksniai ir j\u0173 apsauga Lietuvoje\u201c\",\"datePublished\":\"2012-11-05T10:07:39+00:00\",\"mainEntityOfPage\":{\"@id\":\"https:\\\/\\\/www.silutesnaujienos.lt\\\/lt\\\/siluteje-pristatoma-fotografiju-paroda-mazieji-ereliai-reksniai-ir-ju-apsauga-lietuvoje\\\/\"},\"wordCount\":243,\"commentCount\":0,\"publisher\":{\"@id\":\"https:\\\/\\\/www.silutesnaujienos.lt\\\/lt\\\/#organization\"},\"articleSection\":[\"Gamta\"],\"inLanguage\":\"lt-LT\",\"potentialAction\":[{\"@type\":\"CommentAction\",\"name\":\"Comment\",\"target\":[\"https:\\\/\\\/www.silutesnaujienos.lt\\\/lt\\\/siluteje-pristatoma-fotografiju-paroda-mazieji-ereliai-reksniai-ir-ju-apsauga-lietuvoje\\\/#respond\"]}]},{\"@type\":\"WebPage\",\"@id\":\"https:\\\/\\\/www.silutesnaujienos.lt\\\/lt\\\/siluteje-pristatoma-fotografiju-paroda-mazieji-ereliai-reksniai-ir-ju-apsauga-lietuvoje\\\/\",\"url\":\"https:\\\/\\\/www.silutesnaujienos.lt\\\/lt\\\/siluteje-pristatoma-fotografiju-paroda-mazieji-ereliai-reksniai-ir-ju-apsauga-lietuvoje\\\/\",\"name\":\"\u0160ilut\u0117je pristatoma fotografij\u0173 paroda \u201eMa\u017eieji ereliai r\u0117ksniai ir j\u0173 apsauga Lietuvoje\u201c - \u0160ilut\u0117s naujienos\",\"isPartOf\":{\"@id\":\"https:\\\/\\\/www.silutesnaujienos.lt\\\/lt\\\/#website\"},\"datePublished\":\"2012-11-05T10:07:39+00:00\",\"breadcrumb\":{\"@id\":\"https:\\\/\\\/www.silutesnaujienos.lt\\\/lt\\\/siluteje-pristatoma-fotografiju-paroda-mazieji-ereliai-reksniai-ir-ju-apsauga-lietuvoje\\\/#breadcrumb\"},\"inLanguage\":\"lt-LT\",\"potentialAction\":[{\"@type\":\"ReadAction\",\"target\":[\"https:\\\/\\\/www.silutesnaujienos.lt\\\/lt\\\/siluteje-pristatoma-fotografiju-paroda-mazieji-ereliai-reksniai-ir-ju-apsauga-lietuvoje\\\/\"]}]},{\"@type\":\"BreadcrumbList\",\"@id\":\"https:\\\/\\\/www.silutesnaujienos.lt\\\/lt\\\/siluteje-pristatoma-fotografiju-paroda-mazieji-ereliai-reksniai-ir-ju-apsauga-lietuvoje\\\/#breadcrumb\",\"itemListElement\":[{\"@type\":\"ListItem\",\"position\":1,\"name\":\"Home\",\"item\":\"https:\\\/\\\/www.silutesnaujienos.lt\\\/lt\\\/\"},{\"@type\":\"ListItem\",\"position\":2,\"name\":\"\u0160ilut\u0117je pristatoma fotografij\u0173 paroda \u201eMa\u017eieji ereliai r\u0117ksniai ir j\u0173 apsauga Lietuvoje\u201c\"}]},{\"@type\":\"WebSite\",\"@id\":\"https:\\\/\\\/www.silutesnaujienos.lt\\\/lt\\\/#website\",\"url\":\"https:\\\/\\\/www.silutesnaujienos.lt\\\/lt\\\/\",\"name\":\"\u0160ilut\u0117s naujienos\",\"description\":\"B\u016bk ant naujien\u0173 bangos!\",\"publisher\":{\"@id\":\"https:\\\/\\\/www.silutesnaujienos.lt\\\/lt\\\/#organization\"},\"potentialAction\":[{\"@type\":\"SearchAction\",\"target\":{\"@type\":\"EntryPoint\",\"urlTemplate\":\"https:\\\/\\\/www.silutesnaujienos.lt\\\/lt\\\/?s={search_term_string}\"},\"query-input\":{\"@type\":\"PropertyValueSpecification\",\"valueRequired\":true,\"valueName\":\"search_term_string\"}}],\"inLanguage\":\"lt-LT\"},{\"@type\":\"Organization\",\"@id\":\"https:\\\/\\\/www.silutesnaujienos.lt\\\/lt\\\/#organization\",\"name\":\"\u0160ilut\u0117s naujienos\",\"url\":\"https:\\\/\\\/www.silutesnaujienos.lt\\\/lt\\\/\",\"logo\":{\"@type\":\"ImageObject\",\"inLanguage\":\"lt-LT\",\"@id\":\"https:\\\/\\\/www.silutesnaujienos.lt\\\/lt\\\/#\\\/schema\\\/logo\\\/image\\\/\",\"url\":\"https:\\\/\\\/www.silutesnaujienos.lt\\\/lt\\\/wp-content\\\/uploads\\\/2020\\\/06\\\/FB_MAIN.jpg\",\"contentUrl\":\"https:\\\/\\\/www.silutesnaujienos.lt\\\/lt\\\/wp-content\\\/uploads\\\/2020\\\/06\\\/FB_MAIN.jpg\",\"width\":1700,\"height\":956,\"caption\":\"\u0160ilut\u0117s naujienos\"},\"image\":{\"@id\":\"https:\\\/\\\/www.silutesnaujienos.lt\\\/lt\\\/#\\\/schema\\\/logo\\\/image\\\/\"},\"sameAs\":[\"https:\\\/\\\/www.facebook.com\\\/silutes.naujienos\\\/\",\"https:\\\/\\\/www.youtube.com\\\/channel\\\/UCxW-cgrJDt8GxIMxSTAfJZg\"]},{\"@type\":\"Person\",\"@id\":\"https:\\\/\\\/www.silutesnaujienos.lt\\\/lt\\\/#\\\/schema\\\/person\\\/976440ef837444400af3c77c19c61454\",\"name\":\"\u0160ilut\u0117s naujien\u0173 inf.\",\"image\":{\"@type\":\"ImageObject\",\"inLanguage\":\"lt-LT\",\"@id\":\"https:\\\/\\\/www.silutesnaujienos.lt\\\/lt\\\/wp-content\\\/uploads\\\/2020\\\/06\\\/favicon.png\",\"url\":\"https:\\\/\\\/www.silutesnaujienos.lt\\\/lt\\\/wp-content\\\/uploads\\\/2020\\\/06\\\/favicon.png\",\"contentUrl\":\"https:\\\/\\\/www.silutesnaujienos.lt\\\/lt\\\/wp-content\\\/uploads\\\/2020\\\/06\\\/favicon.png\",\"caption\":\"\u0160ilut\u0117s naujien\u0173 inf.\"},\"url\":\"https:\\\/\\\/www.silutesnaujienos.lt\\\/lt\\\/author\\\/vadas\\\/\"}]}<\/script>\n<!-- \/ Yoast SEO plugin. -->","yoast_head_json":{"title":"\u0160ilut\u0117je pristatoma fotografij\u0173 paroda \u201eMa\u017eieji ereliai r\u0117ksniai ir j\u0173 apsauga Lietuvoje\u201c - \u0160ilut\u0117s naujienos","robots":{"index":"index","follow":"follow","max-snippet":"max-snippet:-1","max-image-preview":"max-image-preview:large","max-video-preview":"max-video-preview:-1"},"canonical":"https:\/\/www.silutesnaujienos.lt\/lt\/siluteje-pristatoma-fotografiju-paroda-mazieji-ereliai-reksniai-ir-ju-apsauga-lietuvoje\/","og_locale":"lt_LT","og_type":"article","og_title":"\u0160ilut\u0117je pristatoma fotografij\u0173 paroda \u201eMa\u017eieji ereliai r\u0117ksniai ir j\u0173 apsauga Lietuvoje\u201c - \u0160ilut\u0117s naujienos","og_description":"2012 m. lapkri\u010dio 5 d., 14:00 val., \u0160ilut\u0117s kult\u016bros ir pramog\u0173 centre vyks vie\u0161osios \u012fstaigos \u201eGamtosaugos projekt\u0173 vystymo fondas\u201c fotografij\u0173 parodos \u201eMa\u017eieji ereliai r\u0117ksniai ir j\u0173 apsauga Lietuvoje\u201c pristatymo renginys. Renginyje bus pristatyti \u012fdomiausi faktai apie ma\u017euosius erelius r\u0117ksnius, gr\u0117sm\u0117s j\u0173 i\u0161likimui bei vie\u0161osios \u012fstaigos \u201eGamtosaugos projekt\u0173 vystymo fondas\u201c vykdomo projekto \u201eMa\u017eojo erelio r\u0117ksnio (Aquila [&hellip;]","og_url":"https:\/\/www.silutesnaujienos.lt\/lt\/siluteje-pristatoma-fotografiju-paroda-mazieji-ereliai-reksniai-ir-ju-apsauga-lietuvoje\/","og_site_name":"\u0160ilut\u0117s naujienos","article_publisher":"https:\/\/www.facebook.com\/silutes.naujienos\/","article_published_time":"2012-11-05T10:07:39+00:00","og_image":[{"url":"\/\/silutesnaujienos.lt\/images\/stories\/2012\/11\/thumbnails\/thumb_V.Jusio_nuotr_kairej_Jurinis_erelis_desinej_mazasis_erelis_reksnys.jpg","type":"","width":"","height":""}],"author":"\u0160ilut\u0117s naujien\u0173 inf.","twitter_card":"summary_large_image","twitter_misc":{"Written by":"\u0160ilut\u0117s naujien\u0173 inf.","Est. reading time":"1 minut\u0117"},"schema":{"@context":"https:\/\/schema.org","@graph":[{"@type":"Article","@id":"https:\/\/www.silutesnaujienos.lt\/lt\/siluteje-pristatoma-fotografiju-paroda-mazieji-ereliai-reksniai-ir-ju-apsauga-lietuvoje\/#article","isPartOf":{"@id":"https:\/\/www.silutesnaujienos.lt\/lt\/siluteje-pristatoma-fotografiju-paroda-mazieji-ereliai-reksniai-ir-ju-apsauga-lietuvoje\/"},"author":{"name":"\u0160ilut\u0117s naujien\u0173 inf.","@id":"https:\/\/www.silutesnaujienos.lt\/lt\/#\/schema\/person\/976440ef837444400af3c77c19c61454"},"headline":"\u0160ilut\u0117je pristatoma fotografij\u0173 paroda \u201eMa\u017eieji ereliai r\u0117ksniai ir j\u0173 apsauga Lietuvoje\u201c","datePublished":"2012-11-05T10:07:39+00:00","mainEntityOfPage":{"@id":"https:\/\/www.silutesnaujienos.lt\/lt\/siluteje-pristatoma-fotografiju-paroda-mazieji-ereliai-reksniai-ir-ju-apsauga-lietuvoje\/"},"wordCount":243,"commentCount":0,"publisher":{"@id":"https:\/\/www.silutesnaujienos.lt\/lt\/#organization"},"articleSection":["Gamta"],"inLanguage":"lt-LT","potentialAction":[{"@type":"CommentAction","name":"Comment","target":["https:\/\/www.silutesnaujienos.lt\/lt\/siluteje-pristatoma-fotografiju-paroda-mazieji-ereliai-reksniai-ir-ju-apsauga-lietuvoje\/#respond"]}]},{"@type":"WebPage","@id":"https:\/\/www.silutesnaujienos.lt\/lt\/siluteje-pristatoma-fotografiju-paroda-mazieji-ereliai-reksniai-ir-ju-apsauga-lietuvoje\/","url":"https:\/\/www.silutesnaujienos.lt\/lt\/siluteje-pristatoma-fotografiju-paroda-mazieji-ereliai-reksniai-ir-ju-apsauga-lietuvoje\/","name":"\u0160ilut\u0117je pristatoma fotografij\u0173 paroda \u201eMa\u017eieji ereliai r\u0117ksniai ir j\u0173 apsauga Lietuvoje\u201c - \u0160ilut\u0117s naujienos","isPartOf":{"@id":"https:\/\/www.silutesnaujienos.lt\/lt\/#website"},"datePublished":"2012-11-05T10:07:39+00:00","breadcrumb":{"@id":"https:\/\/www.silutesnaujienos.lt\/lt\/siluteje-pristatoma-fotografiju-paroda-mazieji-ereliai-reksniai-ir-ju-apsauga-lietuvoje\/#breadcrumb"},"inLanguage":"lt-LT","potentialAction":[{"@type":"ReadAction","target":["https:\/\/www.silutesnaujienos.lt\/lt\/siluteje-pristatoma-fotografiju-paroda-mazieji-ereliai-reksniai-ir-ju-apsauga-lietuvoje\/"]}]},{"@type":"BreadcrumbList","@id":"https:\/\/www.silutesnaujienos.lt\/lt\/siluteje-pristatoma-fotografiju-paroda-mazieji-ereliai-reksniai-ir-ju-apsauga-lietuvoje\/#breadcrumb","itemListElement":[{"@type":"ListItem","position":1,"name":"Home","item":"https:\/\/www.silutesnaujienos.lt\/lt\/"},{"@type":"ListItem","position":2,"name":"\u0160ilut\u0117je pristatoma fotografij\u0173 paroda \u201eMa\u017eieji ereliai r\u0117ksniai ir j\u0173 apsauga Lietuvoje\u201c"}]},{"@type":"WebSite","@id":"https:\/\/www.silutesnaujienos.lt\/lt\/#website","url":"https:\/\/www.silutesnaujienos.lt\/lt\/","name":"\u0160ilut\u0117s naujienos","description":"B\u016bk ant naujien\u0173 bangos!","publisher":{"@id":"https:\/\/www.silutesnaujienos.lt\/lt\/#organization"},"potentialAction":[{"@type":"SearchAction","target":{"@type":"EntryPoint","urlTemplate":"https:\/\/www.silutesnaujienos.lt\/lt\/?s={search_term_string}"},"query-input":{"@type":"PropertyValueSpecification","valueRequired":true,"valueName":"search_term_string"}}],"inLanguage":"lt-LT"},{"@type":"Organization","@id":"https:\/\/www.silutesnaujienos.lt\/lt\/#organization","name":"\u0160ilut\u0117s naujienos","url":"https:\/\/www.silutesnaujienos.lt\/lt\/","logo":{"@type":"ImageObject","inLanguage":"lt-LT","@id":"https:\/\/www.silutesnaujienos.lt\/lt\/#\/schema\/logo\/image\/","url":"https:\/\/www.silutesnaujienos.lt\/lt\/wp-content\/uploads\/2020\/06\/FB_MAIN.jpg","contentUrl":"https:\/\/www.silutesnaujienos.lt\/lt\/wp-content\/uploads\/2020\/06\/FB_MAIN.jpg","width":1700,"height":956,"caption":"\u0160ilut\u0117s naujienos"},"image":{"@id":"https:\/\/www.silutesnaujienos.lt\/lt\/#\/schema\/logo\/image\/"},"sameAs":["https:\/\/www.facebook.com\/silutes.naujienos\/","https:\/\/www.youtube.com\/channel\/UCxW-cgrJDt8GxIMxSTAfJZg"]},{"@type":"Person","@id":"https:\/\/www.silutesnaujienos.lt\/lt\/#\/schema\/person\/976440ef837444400af3c77c19c61454","name":"\u0160ilut\u0117s naujien\u0173 inf.","image":{"@type":"ImageObject","inLanguage":"lt-LT","@id":"https:\/\/www.silutesnaujienos.lt\/lt\/wp-content\/uploads\/2020\/06\/favicon.png","url":"https:\/\/www.silutesnaujienos.lt\/lt\/wp-content\/uploads\/2020\/06\/favicon.png","contentUrl":"https:\/\/www.silutesnaujienos.lt\/lt\/wp-content\/uploads\/2020\/06\/favicon.png","caption":"\u0160ilut\u0117s naujien\u0173 inf."},"url":"https:\/\/www.silutesnaujienos.lt\/lt\/author\/vadas\/"}]}},"publishpress_future_workflow_manual_trigger":{"enabledWorkflows":[]},"amp_enabled":true,"_links":{"self":[{"href":"https:\/\/www.silutesnaujienos.lt\/lt\/wp-json\/wp\/v2\/posts\/16254","targetHints":{"allow":["GET"]}}],"collection":[{"href":"https:\/\/www.silutesnaujienos.lt\/lt\/wp-json\/wp\/v2\/posts"}],"about":[{"href":"https:\/\/www.silutesnaujienos.lt\/lt\/wp-json\/wp\/v2\/types\/post"}],"author":[{"embeddable":true,"href":"https:\/\/www.silutesnaujienos.lt\/lt\/wp-json\/wp\/v2\/users\/2"}],"replies":[{"embeddable":true,"href":"https:\/\/www.silutesnaujienos.lt\/lt\/wp-json\/wp\/v2\/comments?post=16254"}],"version-history":[{"count":0,"href":"https:\/\/www.silutesnaujienos.lt\/lt\/wp-json\/wp\/v2\/posts\/16254\/revisions"}],"wp:attachment":[{"href":"https:\/\/www.silutesnaujienos.lt\/lt\/wp-json\/wp\/v2\/media?parent=16254"}],"wp:term":[{"taxonomy":"category","embeddable":true,"href":"https:\/\/www.silutesnaujienos.lt\/lt\/wp-json\/wp\/v2\/categories?post=16254"},{"taxonomy":"post_tag","embeddable":true,"href":"https:\/\/www.silutesnaujienos.lt\/lt\/wp-json\/wp\/v2\/tags?post=16254"}],"curies":[{"name":"wp","href":"https:\/\/api.w.org\/{rel}","templated":true}]}}