{"id":16256,"date":"2012-11-09T13:02:43","date_gmt":"2012-11-09T15:02:43","guid":{"rendered":"https:\/\/www.silutesnaujienos.lt\/lt\/priesziemio-lietus-nemuno-zemupio-slenius-paverte-vandeningais-tyrais-foto\/"},"modified":"2012-11-09T13:02:43","modified_gmt":"2012-11-09T15:02:43","slug":"priesziemio-lietus-nemuno-zemupio-slenius-paverte-vandeningais-tyrais-foto","status":"publish","type":"post","link":"https:\/\/www.silutesnaujienos.lt\/lt\/priesziemio-lietus-nemuno-zemupio-slenius-paverte-vandeningais-tyrais-foto\/","title":{"rendered":"Prie\u0161\u017eiemio liet\u016bs Nemuno \u017eemupio sl\u0117nius pavert\u0117 vandeningais tyrais (foto)"},"content":{"rendered":"<p><a target=\"_blank\" rel=\"caption[Ganyklas skandina vanduo. \/ Astos Alkait\u0117s nuotr.];group[a] noopener noreferrer\" class=\"jcepopup\" href=\"\/\/silutesnaujienos.lt\/images\/stories\/2012\/11\/08\/Ganyklas_skandina_vanduo.jpg\" data-rel=\"lightbox-gallery-NIbN2Sit\" data-rl_title=\"\" data-rl_caption=\"\"><img loading=\"lazy\" decoding=\"async\" style=\"margin: 5px; float: left;\" class=\"caption\" title=\"\" alt=\"Ganyklas skandina vanduo\" src=\"\/\/silutesnaujienos.lt\/images\/stories\/2012\/11\/08\/thumbnails\/thumb_Ganyklas_skandina_vanduo.jpg\" height=\"230\" width=\"307\" \/><\/a><strong>Liet\u016bs pamario kra\u0161te \u0161\u012f ruden\u012f jau antr\u0105 kart\u0105 Nemuno intak\u0173 baseinus pripild\u0117 arti stichin\u0117s ribos. Leit\u0117, de\u0161inysis intakas, v\u0117l, kaip spalio pirmosiomis dienomis, priart\u0117jo prie stichin\u0117s ribos. Dar trys centimetrai, ir ims lietis per tilto, jungian\u010dio abu&nbsp; krantus kelyje U\u017eliekniai-Palei\u010diai, vir\u0161\u0173.<\/strong><\/p>\n<p>Nemuno \u017eemupio ir jo intak\u0173 daubos, esan\u010dios \u017eemiau j\u016bros lygio, jau virto vandens sklidinais tyrais, jie glem\u017eiasi vis didesnius pa\u017eliugusi\u0173 ganykl\u0173 plotus. Li\u016b\u010di\u0173 vanduo i\u0161 perpildyt\u0173 polderi\u0173 kanal\u0173&nbsp; nei\u0161teka \u012f upes, nes jose taip pat auk\u0161tas vandens lygis. Kur\u0161i\u0173 marios d\u0117l vakarini\u0173 v\u0117tr\u0173 nesl\u016bgsta, sudaro patvankas, ir prie\u0161\u017eiemis v\u0117l, kaip pernai ruden\u012f, anksti pradeda skandinti kelius.<\/p>\n<p>Tiesa, pernai lapkri\u010dio pirmas de\u0161imtadienis Vakar\u0173 Lietuvoje buvo beveik be lietaus, tik m\u0117nesio gale kilo popl\u016bdis. J\u012f suk\u0117l\u0117 ne tik liet\u016bs, bet ir lapkri\u010dio 28-\u0105j\u0105 kilusio uraganinio, iki 31 metr\u0173 per sekund\u0119 v\u0117jo j\u0117ga, stabd\u017eiusi Kur\u0161i\u0173 mari\u0173 vandens srov\u0119 \u012f Baltijos j\u016br\u0105.<\/p>\n<p>Tada Minijos vandens lygis ties Kartena per kelias dienas pakilo iki&nbsp; 239 cm, o gruod\u017eio vidury jau i\u0161siliejo Tenenys, u\u017eliedamas vien\u0105 sodyb\u0105, Leit\u0117je iki stichinio lygio tetr\u016bko keli\u0173 centimetr\u0173.<\/p>\n<p>\u0160iemet Leit\u0117je ties K\u016blynais vandens lygis&nbsp; jau spalio m\u0117nes\u012f 4 dienas i\u0161 eil\u0117s buvo auk\u0161tesnis u\u017e stichin\u012f, o \u0160y\u0161oje ties \u0160ilute tik 9 cm tr\u016bko iki stichinio lygio. Nes krituli\u0173 kiekis kra\u0161te \u0161iemet spal\u012f beveik du kartus vir\u0161ijo standartin\u0119 klimato norm\u0105, o uraganinio lygio \u2013 iki 31 m. per sek. &#8211; v\u0117jas nakt\u012f i\u0161 spalio 5-os \u012f 6-\u0105j\u0105 v\u0117l sudar\u0117 stipri\u0105 Kur\u0161i\u0173 mari\u0173 patvank\u0105 Nemunui ir jo intakams.<br \/>&nbsp; <br \/>Li\u016btys pirm\u0105 \u0161iemetinio lapkri\u010dio de\u0161imtadien\u012f toliau didino popl\u016bd\u012f. Minijos ties Kartena lygis per tris pastar\u0105sias paras \u0161oktel\u0117jo per metr\u0105, ir dabar jau tre\u010ddaliu vir\u0161ija trij\u0173 metr\u0173 rib\u0105.<\/p>\n<p>Nuo lapkri\u010dio 6 iki 9 dienos vandens lygis Veivir\u017eo up\u0117je nuo 2 metr\u0173 \u0161oktel\u0117jo iki 4,22 m, Minijoje ties Lankupiais &#8211; nuo 5,5&nbsp; iki 6,6 metro, \u0160y\u0161oje \u2013 nuo 1,7 iki 2,6 metro, Tenenyje nuo 1 iki 2,1 metro, Nemuno at\u0161akoje Rusn\u0117je ties Lazd\u0117nais &#8211; nuo 2,1 iki 2,9 metro&#8230;<\/p>\n<p><a target=\"_blank\" rel=\"caption[Apsemtos \u017eemumos - iki horizonto. \/ Astos Alkait\u0117s nuotr.];group[a] noopener noreferrer\" class=\"jcepopup\" href=\"\/\/silutesnaujienos.lt\/images\/stories\/2012\/11\/08\/Apsemtos_emumos-_iki_horizonto.jpg\" data-rel=\"lightbox-gallery-NIbN2Sit\" data-rl_title=\"\" data-rl_caption=\"\" title=\"\"><img loading=\"lazy\" decoding=\"async\" style=\"margin: 5px; vertical-align: middle;\" alt=\"Apsemtos emumos- iki horizonto\" src=\"\/\/silutesnaujienos.lt\/images\/stories\/2012\/11\/08\/thumbnails\/thumb_Apsemtos_emumos-_iki_horizonto.jpg\" height=\"150\" width=\"200\" \/><\/a><a target=\"_blank\" rel=\"caption[Keli\u0105 \u012f Sausgalvius semia vanduo. \/ Astos Alakait\u0117s nuotr.];group[a] noopener noreferrer\" class=\"jcepopup\" href=\"\/\/silutesnaujienos.lt\/images\/stories\/2012\/11\/08\/Keli__Sausgalvius_semia_vanduo.jpg\" data-rel=\"lightbox-gallery-NIbN2Sit\" data-rl_title=\"\" data-rl_caption=\"\" title=\"\"><img loading=\"lazy\" decoding=\"async\" style=\"margin: 5px; vertical-align: middle;\" alt=\"Keli  Sausgalvius semia vanduo\" src=\"\/\/silutesnaujienos.lt\/images\/stories\/2012\/11\/08\/thumbnails\/thumb_Keli__Sausgalvius_semia_vanduo.jpg\" height=\"150\" width=\"200\" \/><\/a><a target=\"_blank\" rel=\"caption[Kur\u0161i\u0173 marias \u0161iau\u0161ia v\u0117tros. \/ Astos Alkait\u0117s nuotr.];group[a] noopener noreferrer\" class=\"jcepopup\" href=\"\/\/silutesnaujienos.lt\/images\/stories\/2012\/11\/08\/Kuri_marias_iauia_vtros.jpg\" data-rel=\"lightbox-gallery-NIbN2Sit\" data-rl_title=\"\" data-rl_caption=\"\" title=\"\"><img loading=\"lazy\" decoding=\"async\" style=\"margin: 5px; vertical-align: middle;\" alt=\"Kuri marias iauia vtros\" src=\"\/\/silutesnaujienos.lt\/images\/stories\/2012\/11\/08\/thumbnails\/thumb_Kuri_marias_iauia_vtros.jpg\" height=\"150\" width=\"200\" \/><\/a><\/p>\n<p>Prie\u0161\u017eiemio li\u016btys ir stipr\u016bs v\u0117jai Nemuno deltoje jau&nbsp; beveik visus entuziastus privert\u0117 baigti&nbsp; ir ilgai trukus\u012f pramogin\u0117s laivybos sezon\u0105. Viena po kitos i\u0161 \u0160ilut\u0117s, Uostadvario, Ming\u0117s prieplauk\u0173 buvo i\u0161keltos ir i\u0161ve\u017etos \u012f priva\u010dias valdas \u017eiemojimui jachtos, po to &#8211; ir dauguma kateri\u0173. &nbsp;<\/p>\n<p>Tiesa, kai kurie saugojimui iki kito sezono buvo palikti uost\u0173 teritorijose. \u201eTai papildomos pajamos, esam patenkinti, kai \u0161ias paslaugas klientai perka \u0160ilut\u0117s ma\u017e\u0173j\u0173 laiv\u0173 prieplaukoje\u201c, &#8211; sak\u0117 koncesiniais pagrindais j\u0105 valdan\u010dio Kint\u0173 \u017euvininkyt\u0117s \u016bkio vadovas Rimgaudas Vi\u0161inskas.<\/p>\n<p>Jis pasid\u017eiaug\u0117, jog nuo 2008 met\u0173 veikiantis, 120 \u0161vartavimosi viet\u0173 turintis, apie keturiolika milijon\u0173 lit\u0173 kainav\u0119s \u0160ilut\u0117s uostas po \u0161iemetinio laivybos sezono tikriausiai bus pirm\u0105 kart\u0105 per 5 metus nepatyr\u0119s nuostoli\u0173. \u201cGal\u0117sim ir minimali\u0105 alg\u0105 darbuotojams padidinti&#8221;, &#8211; sak\u0117 vadovas.<\/p>\n<p>\u201ePrieplaukos paslaug\u0173 poreikis auga, neseniai sulaukiau naujo kliento skambu\u010dio i\u0161 Maskvos, jis nor\u0117t\u0173 nuomotis \u0161vartavimosi viet\u0105 laivui \u0160ilut\u0117je. Nes tiki atsirasian\u010diomis galimyb\u0117mis atverti pramoginei laivybai visas Kur\u0161mares, supaprastinti Rusijos ir Lietuvos valstybi\u0173 sienos kirtim\u0105\u201c, &#8211; sako R.Vi\u0161inskas.<\/p>\n<p>Pasak jo, Nemuno delta net ir at\u0161iauriausiomis prie\u0161\u017eiemio s\u0105lygomis savo magijos neprarado. \u017dvejai \u012f \u010dia va\u017eiuoja ir u\u017elietais keliais, va\u017eiuos ir kai marios bei up\u0117s pasidengs ledu.<\/p>\n","protected":false},"excerpt":{"rendered":"<p>Liet\u016bs pamario kra\u0161te \u0161\u012f ruden\u012f jau antr\u0105 kart\u0105 Nemuno intak\u0173 baseinus pripild\u0117 arti stichin\u0117s ribos. Leit\u0117, de\u0161inysis intakas, v\u0117l, kaip spalio pirmosiomis dienomis, priart\u0117jo prie stichin\u0117s ribos. Dar trys centimetrai, ir ims lietis per tilto, jungian\u010dio abu&nbsp; krantus kelyje U\u017eliekniai-Palei\u010diai, vir\u0161\u0173. Nemuno \u017eemupio ir jo intak\u0173 daubos, esan\u010dios \u017eemiau j\u016bros lygio, jau virto vandens sklidinais [&hellip;]<\/p>\n","protected":false},"author":2,"featured_media":0,"comment_status":"open","ping_status":"open","sticky":false,"template":"","format":"standard","meta":{"footnotes":""},"categories":[5],"tags":[],"class_list":{"0":"post-16256","1":"post","2":"type-post","3":"status-publish","4":"format-standard","6":"category-gamta"},"yoast_head":"<!-- This site is optimized with the Yoast SEO plugin v27.5 - https:\/\/yoast.com\/product\/yoast-seo-wordpress\/ -->\n<title>Prie\u0161\u017eiemio liet\u016bs Nemuno \u017eemupio sl\u0117nius pavert\u0117 vandeningais tyrais (foto) - \u0160ilut\u0117s naujienos<\/title>\n<meta name=\"robots\" content=\"index, follow, max-snippet:-1, max-image-preview:large, max-video-preview:-1\" \/>\n<link rel=\"canonical\" href=\"https:\/\/www.silutesnaujienos.lt\/lt\/priesziemio-lietus-nemuno-zemupio-slenius-paverte-vandeningais-tyrais-foto\/\" \/>\n<meta property=\"og:locale\" content=\"lt_LT\" \/>\n<meta property=\"og:type\" content=\"article\" \/>\n<meta property=\"og:title\" content=\"Prie\u0161\u017eiemio liet\u016bs Nemuno \u017eemupio sl\u0117nius pavert\u0117 vandeningais tyrais (foto) - \u0160ilut\u0117s naujienos\" \/>\n<meta property=\"og:description\" content=\"Liet\u016bs pamario kra\u0161te \u0161\u012f ruden\u012f jau antr\u0105 kart\u0105 Nemuno intak\u0173 baseinus pripild\u0117 arti stichin\u0117s ribos. Leit\u0117, de\u0161inysis intakas, v\u0117l, kaip spalio pirmosiomis dienomis, priart\u0117jo prie stichin\u0117s ribos. Dar trys centimetrai, ir ims lietis per tilto, jungian\u010dio abu&nbsp; krantus kelyje U\u017eliekniai-Palei\u010diai, vir\u0161\u0173. Nemuno \u017eemupio ir jo intak\u0173 daubos, esan\u010dios \u017eemiau j\u016bros lygio, jau virto vandens sklidinais [&hellip;]\" \/>\n<meta property=\"og:url\" content=\"https:\/\/www.silutesnaujienos.lt\/lt\/priesziemio-lietus-nemuno-zemupio-slenius-paverte-vandeningais-tyrais-foto\/\" \/>\n<meta property=\"og:site_name\" content=\"\u0160ilut\u0117s naujienos\" \/>\n<meta property=\"article:publisher\" content=\"https:\/\/www.facebook.com\/silutes.naujienos\/\" \/>\n<meta property=\"article:published_time\" content=\"2012-11-09T15:02:43+00:00\" \/>\n<meta property=\"og:image\" content=\"\/\/silutesnaujienos.lt\/images\/stories\/2012\/11\/08\/thumbnails\/thumb_Ganyklas_skandina_vanduo.jpg\" \/>\n<meta name=\"author\" content=\"\u0160ilut\u0117s naujien\u0173 inf.\" \/>\n<meta name=\"twitter:card\" content=\"summary_large_image\" \/>\n<meta name=\"twitter:label1\" content=\"Written by\" \/>\n\t<meta name=\"twitter:data1\" content=\"\u0160ilut\u0117s naujien\u0173 inf.\" \/>\n\t<meta name=\"twitter:label2\" content=\"Est. reading time\" \/>\n\t<meta name=\"twitter:data2\" content=\"3 minut\u0117s\" \/>\n<script type=\"application\/ld+json\" class=\"yoast-schema-graph\">{\"@context\":\"https:\\\/\\\/schema.org\",\"@graph\":[{\"@type\":\"Article\",\"@id\":\"https:\\\/\\\/www.silutesnaujienos.lt\\\/lt\\\/priesziemio-lietus-nemuno-zemupio-slenius-paverte-vandeningais-tyrais-foto\\\/#article\",\"isPartOf\":{\"@id\":\"https:\\\/\\\/www.silutesnaujienos.lt\\\/lt\\\/priesziemio-lietus-nemuno-zemupio-slenius-paverte-vandeningais-tyrais-foto\\\/\"},\"author\":{\"name\":\"\u0160ilut\u0117s naujien\u0173 inf.\",\"@id\":\"https:\\\/\\\/www.silutesnaujienos.lt\\\/lt\\\/#\\\/schema\\\/person\\\/976440ef837444400af3c77c19c61454\"},\"headline\":\"Prie\u0161\u017eiemio liet\u016bs Nemuno \u017eemupio sl\u0117nius pavert\u0117 vandeningais tyrais (foto)\",\"datePublished\":\"2012-11-09T15:02:43+00:00\",\"mainEntityOfPage\":{\"@id\":\"https:\\\/\\\/www.silutesnaujienos.lt\\\/lt\\\/priesziemio-lietus-nemuno-zemupio-slenius-paverte-vandeningais-tyrais-foto\\\/\"},\"wordCount\":595,\"commentCount\":0,\"publisher\":{\"@id\":\"https:\\\/\\\/www.silutesnaujienos.lt\\\/lt\\\/#organization\"},\"articleSection\":[\"Gamta\"],\"inLanguage\":\"lt-LT\",\"potentialAction\":[{\"@type\":\"CommentAction\",\"name\":\"Comment\",\"target\":[\"https:\\\/\\\/www.silutesnaujienos.lt\\\/lt\\\/priesziemio-lietus-nemuno-zemupio-slenius-paverte-vandeningais-tyrais-foto\\\/#respond\"]}]},{\"@type\":\"WebPage\",\"@id\":\"https:\\\/\\\/www.silutesnaujienos.lt\\\/lt\\\/priesziemio-lietus-nemuno-zemupio-slenius-paverte-vandeningais-tyrais-foto\\\/\",\"url\":\"https:\\\/\\\/www.silutesnaujienos.lt\\\/lt\\\/priesziemio-lietus-nemuno-zemupio-slenius-paverte-vandeningais-tyrais-foto\\\/\",\"name\":\"Prie\u0161\u017eiemio liet\u016bs Nemuno \u017eemupio sl\u0117nius pavert\u0117 vandeningais tyrais (foto) - \u0160ilut\u0117s naujienos\",\"isPartOf\":{\"@id\":\"https:\\\/\\\/www.silutesnaujienos.lt\\\/lt\\\/#website\"},\"datePublished\":\"2012-11-09T15:02:43+00:00\",\"breadcrumb\":{\"@id\":\"https:\\\/\\\/www.silutesnaujienos.lt\\\/lt\\\/priesziemio-lietus-nemuno-zemupio-slenius-paverte-vandeningais-tyrais-foto\\\/#breadcrumb\"},\"inLanguage\":\"lt-LT\",\"potentialAction\":[{\"@type\":\"ReadAction\",\"target\":[\"https:\\\/\\\/www.silutesnaujienos.lt\\\/lt\\\/priesziemio-lietus-nemuno-zemupio-slenius-paverte-vandeningais-tyrais-foto\\\/\"]}]},{\"@type\":\"BreadcrumbList\",\"@id\":\"https:\\\/\\\/www.silutesnaujienos.lt\\\/lt\\\/priesziemio-lietus-nemuno-zemupio-slenius-paverte-vandeningais-tyrais-foto\\\/#breadcrumb\",\"itemListElement\":[{\"@type\":\"ListItem\",\"position\":1,\"name\":\"Home\",\"item\":\"https:\\\/\\\/www.silutesnaujienos.lt\\\/lt\\\/\"},{\"@type\":\"ListItem\",\"position\":2,\"name\":\"Prie\u0161\u017eiemio liet\u016bs Nemuno \u017eemupio sl\u0117nius pavert\u0117 vandeningais tyrais (foto)\"}]},{\"@type\":\"WebSite\",\"@id\":\"https:\\\/\\\/www.silutesnaujienos.lt\\\/lt\\\/#website\",\"url\":\"https:\\\/\\\/www.silutesnaujienos.lt\\\/lt\\\/\",\"name\":\"\u0160ilut\u0117s naujienos\",\"description\":\"B\u016bk ant naujien\u0173 bangos!\",\"publisher\":{\"@id\":\"https:\\\/\\\/www.silutesnaujienos.lt\\\/lt\\\/#organization\"},\"potentialAction\":[{\"@type\":\"SearchAction\",\"target\":{\"@type\":\"EntryPoint\",\"urlTemplate\":\"https:\\\/\\\/www.silutesnaujienos.lt\\\/lt\\\/?s={search_term_string}\"},\"query-input\":{\"@type\":\"PropertyValueSpecification\",\"valueRequired\":true,\"valueName\":\"search_term_string\"}}],\"inLanguage\":\"lt-LT\"},{\"@type\":\"Organization\",\"@id\":\"https:\\\/\\\/www.silutesnaujienos.lt\\\/lt\\\/#organization\",\"name\":\"\u0160ilut\u0117s naujienos\",\"url\":\"https:\\\/\\\/www.silutesnaujienos.lt\\\/lt\\\/\",\"logo\":{\"@type\":\"ImageObject\",\"inLanguage\":\"lt-LT\",\"@id\":\"https:\\\/\\\/www.silutesnaujienos.lt\\\/lt\\\/#\\\/schema\\\/logo\\\/image\\\/\",\"url\":\"https:\\\/\\\/www.silutesnaujienos.lt\\\/lt\\\/wp-content\\\/uploads\\\/2020\\\/06\\\/FB_MAIN.jpg\",\"contentUrl\":\"https:\\\/\\\/www.silutesnaujienos.lt\\\/lt\\\/wp-content\\\/uploads\\\/2020\\\/06\\\/FB_MAIN.jpg\",\"width\":1700,\"height\":956,\"caption\":\"\u0160ilut\u0117s naujienos\"},\"image\":{\"@id\":\"https:\\\/\\\/www.silutesnaujienos.lt\\\/lt\\\/#\\\/schema\\\/logo\\\/image\\\/\"},\"sameAs\":[\"https:\\\/\\\/www.facebook.com\\\/silutes.naujienos\\\/\",\"https:\\\/\\\/www.youtube.com\\\/channel\\\/UCxW-cgrJDt8GxIMxSTAfJZg\"]},{\"@type\":\"Person\",\"@id\":\"https:\\\/\\\/www.silutesnaujienos.lt\\\/lt\\\/#\\\/schema\\\/person\\\/976440ef837444400af3c77c19c61454\",\"name\":\"\u0160ilut\u0117s naujien\u0173 inf.\",\"image\":{\"@type\":\"ImageObject\",\"inLanguage\":\"lt-LT\",\"@id\":\"https:\\\/\\\/www.silutesnaujienos.lt\\\/lt\\\/wp-content\\\/uploads\\\/2020\\\/06\\\/favicon.png\",\"url\":\"https:\\\/\\\/www.silutesnaujienos.lt\\\/lt\\\/wp-content\\\/uploads\\\/2020\\\/06\\\/favicon.png\",\"contentUrl\":\"https:\\\/\\\/www.silutesnaujienos.lt\\\/lt\\\/wp-content\\\/uploads\\\/2020\\\/06\\\/favicon.png\",\"caption\":\"\u0160ilut\u0117s naujien\u0173 inf.\"},\"url\":\"https:\\\/\\\/www.silutesnaujienos.lt\\\/lt\\\/author\\\/vadas\\\/\"}]}<\/script>\n<!-- \/ Yoast SEO plugin. -->","yoast_head_json":{"title":"Prie\u0161\u017eiemio liet\u016bs Nemuno \u017eemupio sl\u0117nius pavert\u0117 vandeningais tyrais (foto) - \u0160ilut\u0117s naujienos","robots":{"index":"index","follow":"follow","max-snippet":"max-snippet:-1","max-image-preview":"max-image-preview:large","max-video-preview":"max-video-preview:-1"},"canonical":"https:\/\/www.silutesnaujienos.lt\/lt\/priesziemio-lietus-nemuno-zemupio-slenius-paverte-vandeningais-tyrais-foto\/","og_locale":"lt_LT","og_type":"article","og_title":"Prie\u0161\u017eiemio liet\u016bs Nemuno \u017eemupio sl\u0117nius pavert\u0117 vandeningais tyrais (foto) - \u0160ilut\u0117s naujienos","og_description":"Liet\u016bs pamario kra\u0161te \u0161\u012f ruden\u012f jau antr\u0105 kart\u0105 Nemuno intak\u0173 baseinus pripild\u0117 arti stichin\u0117s ribos. Leit\u0117, de\u0161inysis intakas, v\u0117l, kaip spalio pirmosiomis dienomis, priart\u0117jo prie stichin\u0117s ribos. Dar trys centimetrai, ir ims lietis per tilto, jungian\u010dio abu&nbsp; krantus kelyje U\u017eliekniai-Palei\u010diai, vir\u0161\u0173. Nemuno \u017eemupio ir jo intak\u0173 daubos, esan\u010dios \u017eemiau j\u016bros lygio, jau virto vandens sklidinais [&hellip;]","og_url":"https:\/\/www.silutesnaujienos.lt\/lt\/priesziemio-lietus-nemuno-zemupio-slenius-paverte-vandeningais-tyrais-foto\/","og_site_name":"\u0160ilut\u0117s naujienos","article_publisher":"https:\/\/www.facebook.com\/silutes.naujienos\/","article_published_time":"2012-11-09T15:02:43+00:00","og_image":[{"url":"\/\/silutesnaujienos.lt\/images\/stories\/2012\/11\/08\/thumbnails\/thumb_Ganyklas_skandina_vanduo.jpg","type":"","width":"","height":""}],"author":"\u0160ilut\u0117s naujien\u0173 inf.","twitter_card":"summary_large_image","twitter_misc":{"Written by":"\u0160ilut\u0117s naujien\u0173 inf.","Est. reading time":"3 minut\u0117s"},"schema":{"@context":"https:\/\/schema.org","@graph":[{"@type":"Article","@id":"https:\/\/www.silutesnaujienos.lt\/lt\/priesziemio-lietus-nemuno-zemupio-slenius-paverte-vandeningais-tyrais-foto\/#article","isPartOf":{"@id":"https:\/\/www.silutesnaujienos.lt\/lt\/priesziemio-lietus-nemuno-zemupio-slenius-paverte-vandeningais-tyrais-foto\/"},"author":{"name":"\u0160ilut\u0117s naujien\u0173 inf.","@id":"https:\/\/www.silutesnaujienos.lt\/lt\/#\/schema\/person\/976440ef837444400af3c77c19c61454"},"headline":"Prie\u0161\u017eiemio liet\u016bs Nemuno \u017eemupio sl\u0117nius pavert\u0117 vandeningais tyrais (foto)","datePublished":"2012-11-09T15:02:43+00:00","mainEntityOfPage":{"@id":"https:\/\/www.silutesnaujienos.lt\/lt\/priesziemio-lietus-nemuno-zemupio-slenius-paverte-vandeningais-tyrais-foto\/"},"wordCount":595,"commentCount":0,"publisher":{"@id":"https:\/\/www.silutesnaujienos.lt\/lt\/#organization"},"articleSection":["Gamta"],"inLanguage":"lt-LT","potentialAction":[{"@type":"CommentAction","name":"Comment","target":["https:\/\/www.silutesnaujienos.lt\/lt\/priesziemio-lietus-nemuno-zemupio-slenius-paverte-vandeningais-tyrais-foto\/#respond"]}]},{"@type":"WebPage","@id":"https:\/\/www.silutesnaujienos.lt\/lt\/priesziemio-lietus-nemuno-zemupio-slenius-paverte-vandeningais-tyrais-foto\/","url":"https:\/\/www.silutesnaujienos.lt\/lt\/priesziemio-lietus-nemuno-zemupio-slenius-paverte-vandeningais-tyrais-foto\/","name":"Prie\u0161\u017eiemio liet\u016bs Nemuno \u017eemupio sl\u0117nius pavert\u0117 vandeningais tyrais (foto) - \u0160ilut\u0117s naujienos","isPartOf":{"@id":"https:\/\/www.silutesnaujienos.lt\/lt\/#website"},"datePublished":"2012-11-09T15:02:43+00:00","breadcrumb":{"@id":"https:\/\/www.silutesnaujienos.lt\/lt\/priesziemio-lietus-nemuno-zemupio-slenius-paverte-vandeningais-tyrais-foto\/#breadcrumb"},"inLanguage":"lt-LT","potentialAction":[{"@type":"ReadAction","target":["https:\/\/www.silutesnaujienos.lt\/lt\/priesziemio-lietus-nemuno-zemupio-slenius-paverte-vandeningais-tyrais-foto\/"]}]},{"@type":"BreadcrumbList","@id":"https:\/\/www.silutesnaujienos.lt\/lt\/priesziemio-lietus-nemuno-zemupio-slenius-paverte-vandeningais-tyrais-foto\/#breadcrumb","itemListElement":[{"@type":"ListItem","position":1,"name":"Home","item":"https:\/\/www.silutesnaujienos.lt\/lt\/"},{"@type":"ListItem","position":2,"name":"Prie\u0161\u017eiemio liet\u016bs Nemuno \u017eemupio sl\u0117nius pavert\u0117 vandeningais tyrais (foto)"}]},{"@type":"WebSite","@id":"https:\/\/www.silutesnaujienos.lt\/lt\/#website","url":"https:\/\/www.silutesnaujienos.lt\/lt\/","name":"\u0160ilut\u0117s naujienos","description":"B\u016bk ant naujien\u0173 bangos!","publisher":{"@id":"https:\/\/www.silutesnaujienos.lt\/lt\/#organization"},"potentialAction":[{"@type":"SearchAction","target":{"@type":"EntryPoint","urlTemplate":"https:\/\/www.silutesnaujienos.lt\/lt\/?s={search_term_string}"},"query-input":{"@type":"PropertyValueSpecification","valueRequired":true,"valueName":"search_term_string"}}],"inLanguage":"lt-LT"},{"@type":"Organization","@id":"https:\/\/www.silutesnaujienos.lt\/lt\/#organization","name":"\u0160ilut\u0117s naujienos","url":"https:\/\/www.silutesnaujienos.lt\/lt\/","logo":{"@type":"ImageObject","inLanguage":"lt-LT","@id":"https:\/\/www.silutesnaujienos.lt\/lt\/#\/schema\/logo\/image\/","url":"https:\/\/www.silutesnaujienos.lt\/lt\/wp-content\/uploads\/2020\/06\/FB_MAIN.jpg","contentUrl":"https:\/\/www.silutesnaujienos.lt\/lt\/wp-content\/uploads\/2020\/06\/FB_MAIN.jpg","width":1700,"height":956,"caption":"\u0160ilut\u0117s naujienos"},"image":{"@id":"https:\/\/www.silutesnaujienos.lt\/lt\/#\/schema\/logo\/image\/"},"sameAs":["https:\/\/www.facebook.com\/silutes.naujienos\/","https:\/\/www.youtube.com\/channel\/UCxW-cgrJDt8GxIMxSTAfJZg"]},{"@type":"Person","@id":"https:\/\/www.silutesnaujienos.lt\/lt\/#\/schema\/person\/976440ef837444400af3c77c19c61454","name":"\u0160ilut\u0117s naujien\u0173 inf.","image":{"@type":"ImageObject","inLanguage":"lt-LT","@id":"https:\/\/www.silutesnaujienos.lt\/lt\/wp-content\/uploads\/2020\/06\/favicon.png","url":"https:\/\/www.silutesnaujienos.lt\/lt\/wp-content\/uploads\/2020\/06\/favicon.png","contentUrl":"https:\/\/www.silutesnaujienos.lt\/lt\/wp-content\/uploads\/2020\/06\/favicon.png","caption":"\u0160ilut\u0117s naujien\u0173 inf."},"url":"https:\/\/www.silutesnaujienos.lt\/lt\/author\/vadas\/"}]}},"publishpress_future_workflow_manual_trigger":{"enabledWorkflows":[]},"amp_enabled":true,"_links":{"self":[{"href":"https:\/\/www.silutesnaujienos.lt\/lt\/wp-json\/wp\/v2\/posts\/16256","targetHints":{"allow":["GET"]}}],"collection":[{"href":"https:\/\/www.silutesnaujienos.lt\/lt\/wp-json\/wp\/v2\/posts"}],"about":[{"href":"https:\/\/www.silutesnaujienos.lt\/lt\/wp-json\/wp\/v2\/types\/post"}],"author":[{"embeddable":true,"href":"https:\/\/www.silutesnaujienos.lt\/lt\/wp-json\/wp\/v2\/users\/2"}],"replies":[{"embeddable":true,"href":"https:\/\/www.silutesnaujienos.lt\/lt\/wp-json\/wp\/v2\/comments?post=16256"}],"version-history":[{"count":0,"href":"https:\/\/www.silutesnaujienos.lt\/lt\/wp-json\/wp\/v2\/posts\/16256\/revisions"}],"wp:attachment":[{"href":"https:\/\/www.silutesnaujienos.lt\/lt\/wp-json\/wp\/v2\/media?parent=16256"}],"wp:term":[{"taxonomy":"category","embeddable":true,"href":"https:\/\/www.silutesnaujienos.lt\/lt\/wp-json\/wp\/v2\/categories?post=16256"},{"taxonomy":"post_tag","embeddable":true,"href":"https:\/\/www.silutesnaujienos.lt\/lt\/wp-json\/wp\/v2\/tags?post=16256"}],"curies":[{"name":"wp","href":"https:\/\/api.w.org\/{rel}","templated":true}]}}