{"id":16297,"date":"2013-01-15T10:00:00","date_gmt":"2013-01-15T12:00:00","guid":{"rendered":"https:\/\/www.silutesnaujienos.lt\/lt\/neprasyta-pagalba-jau-cia-kariskiai-atveze-amfibija\/"},"modified":"2013-01-15T10:00:00","modified_gmt":"2013-01-15T12:00:00","slug":"neprasyta-pagalba-jau-cia-kariskiai-atveze-amfibija","status":"publish","type":"post","link":"https:\/\/www.silutesnaujienos.lt\/lt\/neprasyta-pagalba-jau-cia-kariskiai-atveze-amfibija\/","title":{"rendered":"Nepra\u0161yta pagalba &#8211; jau \u010dia:  kari\u0161kiai atve\u017e\u0117 amfibij\u0105"},"content":{"rendered":"<p><a target=\"_blank\" rel=\"caption[Kari\u0161kiai nepra\u0161yti atvyko \u012f potvynio zon\u0105 \u201egelb\u0117ti\u201c nelaim\u0117li\u0173.] noopener noreferrer\" class=\"jcepopup\" href=\"\/\/silutesnaujienos.lt\/images\/stories\/2013\/01\/15\/KARISKIAI.jpg\" data-rel=\"lightbox-gallery-9tAxapjO\" data-rl_title=\"\" data-rl_caption=\"\"><img loading=\"lazy\" decoding=\"async\" style=\"margin: 5px; float: left;\" class=\"caption\" title=\"\" alt=\"KARISKIAI\" src=\"\/\/silutesnaujienos.lt\/images\/stories\/2013\/01\/15\/thumbnails\/thumb_KARISKIAI.jpg\" height=\"230\" width=\"307\" \/><\/a><strong>Rajono savivaldyb\u0117s vadovus penktadien\u012f paslaugumu nustebino Lietuvos kariuomen\u0117. Savivaldyb\u0117s Ekstremali\u0173 situacij\u0173 komisija dar neketino kari\u0161ki\u0173 pra\u0161yti paramos d\u0117l potvynio zonoje atsid\u016brusi\u0173 \u017emoni\u0173 gelb\u0117jimo, bet kari\u0161kiai patys sugalvojo atgabenti dvi amfibijas \u012f Pamar\u012f &#8211; vien\u0105 dislokavo Pag\u0117giuose, kit\u0105 &#8211; m\u016bs\u0173 rajone, Vileikiuose.<\/strong><\/p>\n<p>Penktadien\u012f susitikimo su Savivaldyb\u0117s vadovais papra\u0161\u0119 Juozo Vitkaus in\u017einerijos bataliono Taikos meto u\u017eduo\u010di\u0173 paramos b\u016brio vadas Olegas Gro\u0161evas ir kuopininkas Jonas Vaidotas prane\u0161\u0117 apie \u012fvykus\u012f fakt\u0105 &#8211; jau atgabentas vik\u0161rines amfibijas.<\/p>\n<p><strong>Kari\u0161kiai neatsakys u\u017e suardytus kelius<\/strong><\/p>\n<p>Susitikime su kari\u0161kiais Savivaldyb\u0117s administracijos direktorius Raimundas Ambrozaitis abejojo, ar i\u0161vis prireiks kari\u0161ki\u0173 pagalbos, nes potvynio vandens lygis n\u0117ra labai auk\u0161tas &#8211; vir\u0161 Rusn\u0117s kelio laikosi 60-70 cm vandens.<\/p>\n<p>Direktorius tik nerimavo, kad \u017emoni\u0173 ir lengvojo transporto perk\u0117lim\u0105 gali sutrukdyti \u0161altis. Daugiau nei 15 laipsni\u0173 \u0161altyje apled\u0117ja technika, atsiranda ledo ly\u010di\u0173. Tuomet, R.Ambrozai\u010dio nuomone, gali prireikti kari\u0161ki\u0173 pagalbos.<a target=\"_blank\" rel=\"caption[Vik\u0161rin\u0117 amfibija dislokuota Vileikiuose.] noopener noreferrer\" class=\"jcepopup\" href=\"\/\/silutesnaujienos.lt\/images\/stories\/2013\/01\/15\/KARISKIAI_1.jpg\" data-rel=\"lightbox-gallery-9tAxapjO\" data-rl_title=\"\" data-rl_caption=\"\"><img loading=\"lazy\" decoding=\"async\" style=\"margin: 5px; float: right;\" class=\"caption\" title=\"\" alt=\"KARISKIAI 1\" src=\"\/\/silutesnaujienos.lt\/images\/stories\/2013\/01\/15\/thumbnails\/thumb_KARISKIAI_1.jpg\" height=\"230\" width=\"307\" \/><\/a><\/p>\n<p>O.Gro\u0161evas susirinkusiesiems ai\u0161kino, kad dviej\u0173 amfibij\u0173 ekipa\u017eai &#8211; 7 \u017emon\u0117s -gyvens Armal\u0117nuose. Pasirengti u\u017eduo\u010di\u0173 \u012fvykdymui jiems reikt\u0173 2 valand\u0173 &#8211; kad nuvykt\u0173 iki amfibij\u0173 ir jas paruo\u0161t\u0173 gelb\u0117jimo darbams.<\/p>\n<p>Kari\u0161kiai neketina be reikalo va\u017ein\u0117ti rajono keliais, juolab kad 17 ton\u0173 sverian\u010dios vik\u0161rin\u0117s amfibijos gali sugadinti asfalto dang\u0105. Su\u017einoj\u0119, kad \u0160ilut\u0117s keli\u0173 tarnyba neturi amfibijoms gabenti tinkamo tralo, kari\u0161kiai papra\u0161\u0117 ra\u0161ti\u0161ko u\u017etikrinimo, kad kelininkai nereikalaus atstatyti pa\u017eeist\u0105 keli\u0173 dang\u0105.<\/p>\n<p>Vik\u0161rin\u0117s amfibijos vienu metu gali perkelti 50-70 \u017emoni\u0173. Prireikus jomis bus perkeliamas ir specialusis medicinos ar maisto produktus ve\u017eantis transportas.<\/p>\n<p>Po 4 dien\u0173 kari\u0161ki\u0173 pagalbos prireik\u0117: antradien\u012f numatyta amfibija pasiekti apsemt\u0105 \u0160y\u0161os kaim\u0105 ir \u012f sausum\u0105 perkelti du mokyklinio am\u017eiaus paauglius (jie bus apgyventinti bendrabutyje) bei vien\u0105 moter\u012f nugab\u0117nti pas gydytojus.<\/p>\n<p><strong>Apsemtame kelyje tyko nelaim\u0117s<\/strong><\/p>\n<p>Situacija ant u\u017elieto kelio \u0160ilut\u0117 &#8211; Rusn\u0117 pra\u0117jus\u012f savaitgal\u012f suk\u0117l\u0117 nema\u017eai nerimo Rusn\u0117s gyventojams. Per \u0161e\u0161tadien\u012f ir sekmadien\u012f vanduo ant kelio buvo pakil\u0119s nuo 60 cm iki 71 cm.<\/p>\n<p>\u0160e\u0161tadien\u012f \u012fvyko incidentas: nuo tralo nuried\u0117jo lengvasis automobilis \u201eVW Golf\u201c, nes, \u012ftariama, kad vairuotoja nebuvo \u012fjungusi rankinio stabd\u017eio.<\/p>\n<p>Nuried\u0117j\u0119s automobilis \u012f vanden\u012f paniro iki lang\u0173. Automobilio vairuotoja ir keleiv\u0117 lediniame vandenyje su\u0161lapo. Joms teko skubiai perlipti \u012f kelinink\u0173 traktori\u0173.<\/p>\n<p><a target=\"_blank\" class=\"jcepopup\" href=\"\/\/silutesnaujienos.lt\/images\/stories\/2013\/01\/15\/KARISKIAI_2.jpg\" rel=\"noopener noreferrer\" data-rel=\"lightbox-gallery-9tAxapjO\" data-rl_title=\"\" data-rl_caption=\"\" title=\"\"><img loading=\"lazy\" decoding=\"async\" style=\"margin: 5px; float: left;\" alt=\"KARISKIAI 2\" src=\"\/\/silutesnaujienos.lt\/images\/stories\/2013\/01\/15\/thumbnails\/thumb_KARISKIAI_2.jpg\" height=\"230\" width=\"307\" \/><\/a>Apsemt\u0105 automobil\u012f i\u0161trauk\u0117 ugniagesiai gelb\u0117tojai.<\/p>\n<p><strong>Susisiekimas ledu &#8211; pavojingas!<\/strong><\/p>\n<p>Savivaldyb\u0117s Civilin\u0117s ir prie\u0161gaisrin\u0117s saugos tarnybos vadovo Romualdo Ren\u010deliausko duomenimis, vakar vanden\u0173 apsuptyje buvo 24 kaimai, 72 sodybos, kuriose gyvena 175 \u017emon\u0117s. Evakuotis n\u0117 viena \u0161eima nepageidauja.<\/p>\n<p>Spustel\u0117jus \u0161altukui, apsemt\u0173 sodyb\u0173 \u0161eimininkai jau gali susisiekti ledu, nebereikia plaukti valtimis ar bristi iki sausumos.<\/p>\n<p>Pasak R.Ren\u010deliausko, \u017emon\u0117s turi b\u016bti atsarg\u016bs ir ketindami eiti ledu imtis b\u016btin\u0173 atsargumo priemoni\u0173. Piev\u0173 ledas yra klastingas &#8211; pasitaiko tu\u0161tum\u0173, skirting\u0173 ledo stori\u0173. Pageidautina, kad einantieji ledu ne\u0161t\u0173si ilgesn\u012f pagal\u012f, \u017evejams b\u016btinus \u201enagus\u201c. Tai pad\u0117s i\u0161sigelb\u0117ti ledui \u012fl\u016b\u017eus.<\/p>\n<p>R.Ren\u010deliauskas nerimauja, kad netrukus gali atsirasti ekstremali\u0173 poj\u016b\u010di\u0173 m\u0117g\u0117j\u0173, kurie bandys aplenkti apsemt\u0105 kelio ruo\u017e\u0105 pievomis. Jis \u012fsp\u0117ja, kad ledas ant piev\u0173 dar per plonas, kad atlaikyt\u0173 automobili\u0173 svor\u012f. Be to, ledo storis ant piev\u0173 yra nevienodas d\u0117l sniego apkloto. Ypa\u010d didel\u012f pavoj\u0173 kelia pievose esantys \u012fvairaus gylio kanalai.<\/p>\n","protected":false},"excerpt":{"rendered":"<p>Rajono savivaldyb\u0117s vadovus penktadien\u012f paslaugumu nustebino Lietuvos kariuomen\u0117. Savivaldyb\u0117s Ekstremali\u0173 situacij\u0173 komisija dar neketino kari\u0161ki\u0173 pra\u0161yti paramos d\u0117l potvynio zonoje atsid\u016brusi\u0173 \u017emoni\u0173 gelb\u0117jimo, bet kari\u0161kiai patys sugalvojo atgabenti dvi amfibijas \u012f Pamar\u012f &#8211; vien\u0105 dislokavo Pag\u0117giuose, kit\u0105 &#8211; m\u016bs\u0173 rajone, Vileikiuose. Penktadien\u012f susitikimo su Savivaldyb\u0117s vadovais papra\u0161\u0119 Juozo Vitkaus in\u017einerijos bataliono Taikos meto u\u017eduo\u010di\u0173 paramos [&hellip;]<\/p>\n","protected":false},"author":2,"featured_media":0,"comment_status":"open","ping_status":"open","sticky":false,"template":"","format":"standard","meta":{"footnotes":""},"categories":[5],"tags":[],"class_list":{"0":"post-16297","1":"post","2":"type-post","3":"status-publish","4":"format-standard","6":"category-gamta"},"yoast_head":"<!-- This site is optimized with the Yoast SEO plugin v27.5 - https:\/\/yoast.com\/product\/yoast-seo-wordpress\/ -->\n<title>Nepra\u0161yta pagalba - jau \u010dia: kari\u0161kiai atve\u017e\u0117 amfibij\u0105 - \u0160ilut\u0117s naujienos<\/title>\n<meta name=\"robots\" content=\"index, follow, max-snippet:-1, max-image-preview:large, max-video-preview:-1\" \/>\n<link rel=\"canonical\" href=\"https:\/\/www.silutesnaujienos.lt\/lt\/neprasyta-pagalba-jau-cia-kariskiai-atveze-amfibija\/\" \/>\n<meta property=\"og:locale\" content=\"lt_LT\" \/>\n<meta property=\"og:type\" content=\"article\" \/>\n<meta property=\"og:title\" content=\"Nepra\u0161yta pagalba - jau \u010dia: kari\u0161kiai atve\u017e\u0117 amfibij\u0105 - \u0160ilut\u0117s naujienos\" \/>\n<meta property=\"og:description\" content=\"Rajono savivaldyb\u0117s vadovus penktadien\u012f paslaugumu nustebino Lietuvos kariuomen\u0117. Savivaldyb\u0117s Ekstremali\u0173 situacij\u0173 komisija dar neketino kari\u0161ki\u0173 pra\u0161yti paramos d\u0117l potvynio zonoje atsid\u016brusi\u0173 \u017emoni\u0173 gelb\u0117jimo, bet kari\u0161kiai patys sugalvojo atgabenti dvi amfibijas \u012f Pamar\u012f &#8211; vien\u0105 dislokavo Pag\u0117giuose, kit\u0105 &#8211; m\u016bs\u0173 rajone, Vileikiuose. Penktadien\u012f susitikimo su Savivaldyb\u0117s vadovais papra\u0161\u0119 Juozo Vitkaus in\u017einerijos bataliono Taikos meto u\u017eduo\u010di\u0173 paramos [&hellip;]\" \/>\n<meta property=\"og:url\" content=\"https:\/\/www.silutesnaujienos.lt\/lt\/neprasyta-pagalba-jau-cia-kariskiai-atveze-amfibija\/\" \/>\n<meta property=\"og:site_name\" content=\"\u0160ilut\u0117s naujienos\" \/>\n<meta property=\"article:publisher\" content=\"https:\/\/www.facebook.com\/silutes.naujienos\/\" \/>\n<meta property=\"article:published_time\" content=\"2013-01-15T12:00:00+00:00\" \/>\n<meta property=\"og:image\" content=\"\/\/silutesnaujienos.lt\/images\/stories\/2013\/01\/15\/thumbnails\/thumb_KARISKIAI.jpg\" \/>\n<meta name=\"author\" content=\"\u0160ilut\u0117s naujien\u0173 inf.\" \/>\n<meta name=\"twitter:card\" content=\"summary_large_image\" \/>\n<meta name=\"twitter:label1\" content=\"Written by\" \/>\n\t<meta name=\"twitter:data1\" content=\"\u0160ilut\u0117s naujien\u0173 inf.\" \/>\n\t<meta name=\"twitter:label2\" content=\"Est. reading time\" \/>\n\t<meta name=\"twitter:data2\" content=\"3 minut\u0117s\" \/>\n<script type=\"application\/ld+json\" class=\"yoast-schema-graph\">{\"@context\":\"https:\\\/\\\/schema.org\",\"@graph\":[{\"@type\":\"Article\",\"@id\":\"https:\\\/\\\/www.silutesnaujienos.lt\\\/lt\\\/neprasyta-pagalba-jau-cia-kariskiai-atveze-amfibija\\\/#article\",\"isPartOf\":{\"@id\":\"https:\\\/\\\/www.silutesnaujienos.lt\\\/lt\\\/neprasyta-pagalba-jau-cia-kariskiai-atveze-amfibija\\\/\"},\"author\":{\"name\":\"\u0160ilut\u0117s naujien\u0173 inf.\",\"@id\":\"https:\\\/\\\/www.silutesnaujienos.lt\\\/lt\\\/#\\\/schema\\\/person\\\/976440ef837444400af3c77c19c61454\"},\"headline\":\"Nepra\u0161yta pagalba &#8211; jau \u010dia: kari\u0161kiai atve\u017e\u0117 amfibij\u0105\",\"datePublished\":\"2013-01-15T12:00:00+00:00\",\"mainEntityOfPage\":{\"@id\":\"https:\\\/\\\/www.silutesnaujienos.lt\\\/lt\\\/neprasyta-pagalba-jau-cia-kariskiai-atveze-amfibija\\\/\"},\"wordCount\":567,\"commentCount\":0,\"publisher\":{\"@id\":\"https:\\\/\\\/www.silutesnaujienos.lt\\\/lt\\\/#organization\"},\"articleSection\":[\"Gamta\"],\"inLanguage\":\"lt-LT\",\"potentialAction\":[{\"@type\":\"CommentAction\",\"name\":\"Comment\",\"target\":[\"https:\\\/\\\/www.silutesnaujienos.lt\\\/lt\\\/neprasyta-pagalba-jau-cia-kariskiai-atveze-amfibija\\\/#respond\"]}]},{\"@type\":\"WebPage\",\"@id\":\"https:\\\/\\\/www.silutesnaujienos.lt\\\/lt\\\/neprasyta-pagalba-jau-cia-kariskiai-atveze-amfibija\\\/\",\"url\":\"https:\\\/\\\/www.silutesnaujienos.lt\\\/lt\\\/neprasyta-pagalba-jau-cia-kariskiai-atveze-amfibija\\\/\",\"name\":\"Nepra\u0161yta pagalba - jau \u010dia: kari\u0161kiai atve\u017e\u0117 amfibij\u0105 - \u0160ilut\u0117s naujienos\",\"isPartOf\":{\"@id\":\"https:\\\/\\\/www.silutesnaujienos.lt\\\/lt\\\/#website\"},\"datePublished\":\"2013-01-15T12:00:00+00:00\",\"breadcrumb\":{\"@id\":\"https:\\\/\\\/www.silutesnaujienos.lt\\\/lt\\\/neprasyta-pagalba-jau-cia-kariskiai-atveze-amfibija\\\/#breadcrumb\"},\"inLanguage\":\"lt-LT\",\"potentialAction\":[{\"@type\":\"ReadAction\",\"target\":[\"https:\\\/\\\/www.silutesnaujienos.lt\\\/lt\\\/neprasyta-pagalba-jau-cia-kariskiai-atveze-amfibija\\\/\"]}]},{\"@type\":\"BreadcrumbList\",\"@id\":\"https:\\\/\\\/www.silutesnaujienos.lt\\\/lt\\\/neprasyta-pagalba-jau-cia-kariskiai-atveze-amfibija\\\/#breadcrumb\",\"itemListElement\":[{\"@type\":\"ListItem\",\"position\":1,\"name\":\"Home\",\"item\":\"https:\\\/\\\/www.silutesnaujienos.lt\\\/lt\\\/\"},{\"@type\":\"ListItem\",\"position\":2,\"name\":\"Nepra\u0161yta pagalba &#8211; jau \u010dia: kari\u0161kiai atve\u017e\u0117 amfibij\u0105\"}]},{\"@type\":\"WebSite\",\"@id\":\"https:\\\/\\\/www.silutesnaujienos.lt\\\/lt\\\/#website\",\"url\":\"https:\\\/\\\/www.silutesnaujienos.lt\\\/lt\\\/\",\"name\":\"\u0160ilut\u0117s naujienos\",\"description\":\"B\u016bk ant naujien\u0173 bangos!\",\"publisher\":{\"@id\":\"https:\\\/\\\/www.silutesnaujienos.lt\\\/lt\\\/#organization\"},\"potentialAction\":[{\"@type\":\"SearchAction\",\"target\":{\"@type\":\"EntryPoint\",\"urlTemplate\":\"https:\\\/\\\/www.silutesnaujienos.lt\\\/lt\\\/?s={search_term_string}\"},\"query-input\":{\"@type\":\"PropertyValueSpecification\",\"valueRequired\":true,\"valueName\":\"search_term_string\"}}],\"inLanguage\":\"lt-LT\"},{\"@type\":\"Organization\",\"@id\":\"https:\\\/\\\/www.silutesnaujienos.lt\\\/lt\\\/#organization\",\"name\":\"\u0160ilut\u0117s naujienos\",\"url\":\"https:\\\/\\\/www.silutesnaujienos.lt\\\/lt\\\/\",\"logo\":{\"@type\":\"ImageObject\",\"inLanguage\":\"lt-LT\",\"@id\":\"https:\\\/\\\/www.silutesnaujienos.lt\\\/lt\\\/#\\\/schema\\\/logo\\\/image\\\/\",\"url\":\"https:\\\/\\\/www.silutesnaujienos.lt\\\/lt\\\/wp-content\\\/uploads\\\/2020\\\/06\\\/FB_MAIN.jpg\",\"contentUrl\":\"https:\\\/\\\/www.silutesnaujienos.lt\\\/lt\\\/wp-content\\\/uploads\\\/2020\\\/06\\\/FB_MAIN.jpg\",\"width\":1700,\"height\":956,\"caption\":\"\u0160ilut\u0117s naujienos\"},\"image\":{\"@id\":\"https:\\\/\\\/www.silutesnaujienos.lt\\\/lt\\\/#\\\/schema\\\/logo\\\/image\\\/\"},\"sameAs\":[\"https:\\\/\\\/www.facebook.com\\\/silutes.naujienos\\\/\",\"https:\\\/\\\/www.youtube.com\\\/channel\\\/UCxW-cgrJDt8GxIMxSTAfJZg\"]},{\"@type\":\"Person\",\"@id\":\"https:\\\/\\\/www.silutesnaujienos.lt\\\/lt\\\/#\\\/schema\\\/person\\\/976440ef837444400af3c77c19c61454\",\"name\":\"\u0160ilut\u0117s naujien\u0173 inf.\",\"image\":{\"@type\":\"ImageObject\",\"inLanguage\":\"lt-LT\",\"@id\":\"https:\\\/\\\/www.silutesnaujienos.lt\\\/lt\\\/wp-content\\\/uploads\\\/2020\\\/06\\\/favicon.png\",\"url\":\"https:\\\/\\\/www.silutesnaujienos.lt\\\/lt\\\/wp-content\\\/uploads\\\/2020\\\/06\\\/favicon.png\",\"contentUrl\":\"https:\\\/\\\/www.silutesnaujienos.lt\\\/lt\\\/wp-content\\\/uploads\\\/2020\\\/06\\\/favicon.png\",\"caption\":\"\u0160ilut\u0117s naujien\u0173 inf.\"},\"url\":\"https:\\\/\\\/www.silutesnaujienos.lt\\\/lt\\\/author\\\/vadas\\\/\"}]}<\/script>\n<!-- \/ Yoast SEO plugin. -->","yoast_head_json":{"title":"Nepra\u0161yta pagalba - jau \u010dia: kari\u0161kiai atve\u017e\u0117 amfibij\u0105 - \u0160ilut\u0117s naujienos","robots":{"index":"index","follow":"follow","max-snippet":"max-snippet:-1","max-image-preview":"max-image-preview:large","max-video-preview":"max-video-preview:-1"},"canonical":"https:\/\/www.silutesnaujienos.lt\/lt\/neprasyta-pagalba-jau-cia-kariskiai-atveze-amfibija\/","og_locale":"lt_LT","og_type":"article","og_title":"Nepra\u0161yta pagalba - jau \u010dia: kari\u0161kiai atve\u017e\u0117 amfibij\u0105 - \u0160ilut\u0117s naujienos","og_description":"Rajono savivaldyb\u0117s vadovus penktadien\u012f paslaugumu nustebino Lietuvos kariuomen\u0117. Savivaldyb\u0117s Ekstremali\u0173 situacij\u0173 komisija dar neketino kari\u0161ki\u0173 pra\u0161yti paramos d\u0117l potvynio zonoje atsid\u016brusi\u0173 \u017emoni\u0173 gelb\u0117jimo, bet kari\u0161kiai patys sugalvojo atgabenti dvi amfibijas \u012f Pamar\u012f &#8211; vien\u0105 dislokavo Pag\u0117giuose, kit\u0105 &#8211; m\u016bs\u0173 rajone, Vileikiuose. Penktadien\u012f susitikimo su Savivaldyb\u0117s vadovais papra\u0161\u0119 Juozo Vitkaus in\u017einerijos bataliono Taikos meto u\u017eduo\u010di\u0173 paramos [&hellip;]","og_url":"https:\/\/www.silutesnaujienos.lt\/lt\/neprasyta-pagalba-jau-cia-kariskiai-atveze-amfibija\/","og_site_name":"\u0160ilut\u0117s naujienos","article_publisher":"https:\/\/www.facebook.com\/silutes.naujienos\/","article_published_time":"2013-01-15T12:00:00+00:00","og_image":[{"url":"\/\/silutesnaujienos.lt\/images\/stories\/2013\/01\/15\/thumbnails\/thumb_KARISKIAI.jpg","type":"","width":"","height":""}],"author":"\u0160ilut\u0117s naujien\u0173 inf.","twitter_card":"summary_large_image","twitter_misc":{"Written by":"\u0160ilut\u0117s naujien\u0173 inf.","Est. reading time":"3 minut\u0117s"},"schema":{"@context":"https:\/\/schema.org","@graph":[{"@type":"Article","@id":"https:\/\/www.silutesnaujienos.lt\/lt\/neprasyta-pagalba-jau-cia-kariskiai-atveze-amfibija\/#article","isPartOf":{"@id":"https:\/\/www.silutesnaujienos.lt\/lt\/neprasyta-pagalba-jau-cia-kariskiai-atveze-amfibija\/"},"author":{"name":"\u0160ilut\u0117s naujien\u0173 inf.","@id":"https:\/\/www.silutesnaujienos.lt\/lt\/#\/schema\/person\/976440ef837444400af3c77c19c61454"},"headline":"Nepra\u0161yta pagalba &#8211; jau \u010dia: kari\u0161kiai atve\u017e\u0117 amfibij\u0105","datePublished":"2013-01-15T12:00:00+00:00","mainEntityOfPage":{"@id":"https:\/\/www.silutesnaujienos.lt\/lt\/neprasyta-pagalba-jau-cia-kariskiai-atveze-amfibija\/"},"wordCount":567,"commentCount":0,"publisher":{"@id":"https:\/\/www.silutesnaujienos.lt\/lt\/#organization"},"articleSection":["Gamta"],"inLanguage":"lt-LT","potentialAction":[{"@type":"CommentAction","name":"Comment","target":["https:\/\/www.silutesnaujienos.lt\/lt\/neprasyta-pagalba-jau-cia-kariskiai-atveze-amfibija\/#respond"]}]},{"@type":"WebPage","@id":"https:\/\/www.silutesnaujienos.lt\/lt\/neprasyta-pagalba-jau-cia-kariskiai-atveze-amfibija\/","url":"https:\/\/www.silutesnaujienos.lt\/lt\/neprasyta-pagalba-jau-cia-kariskiai-atveze-amfibija\/","name":"Nepra\u0161yta pagalba - jau \u010dia: kari\u0161kiai atve\u017e\u0117 amfibij\u0105 - \u0160ilut\u0117s naujienos","isPartOf":{"@id":"https:\/\/www.silutesnaujienos.lt\/lt\/#website"},"datePublished":"2013-01-15T12:00:00+00:00","breadcrumb":{"@id":"https:\/\/www.silutesnaujienos.lt\/lt\/neprasyta-pagalba-jau-cia-kariskiai-atveze-amfibija\/#breadcrumb"},"inLanguage":"lt-LT","potentialAction":[{"@type":"ReadAction","target":["https:\/\/www.silutesnaujienos.lt\/lt\/neprasyta-pagalba-jau-cia-kariskiai-atveze-amfibija\/"]}]},{"@type":"BreadcrumbList","@id":"https:\/\/www.silutesnaujienos.lt\/lt\/neprasyta-pagalba-jau-cia-kariskiai-atveze-amfibija\/#breadcrumb","itemListElement":[{"@type":"ListItem","position":1,"name":"Home","item":"https:\/\/www.silutesnaujienos.lt\/lt\/"},{"@type":"ListItem","position":2,"name":"Nepra\u0161yta pagalba &#8211; jau \u010dia: kari\u0161kiai atve\u017e\u0117 amfibij\u0105"}]},{"@type":"WebSite","@id":"https:\/\/www.silutesnaujienos.lt\/lt\/#website","url":"https:\/\/www.silutesnaujienos.lt\/lt\/","name":"\u0160ilut\u0117s naujienos","description":"B\u016bk ant naujien\u0173 bangos!","publisher":{"@id":"https:\/\/www.silutesnaujienos.lt\/lt\/#organization"},"potentialAction":[{"@type":"SearchAction","target":{"@type":"EntryPoint","urlTemplate":"https:\/\/www.silutesnaujienos.lt\/lt\/?s={search_term_string}"},"query-input":{"@type":"PropertyValueSpecification","valueRequired":true,"valueName":"search_term_string"}}],"inLanguage":"lt-LT"},{"@type":"Organization","@id":"https:\/\/www.silutesnaujienos.lt\/lt\/#organization","name":"\u0160ilut\u0117s naujienos","url":"https:\/\/www.silutesnaujienos.lt\/lt\/","logo":{"@type":"ImageObject","inLanguage":"lt-LT","@id":"https:\/\/www.silutesnaujienos.lt\/lt\/#\/schema\/logo\/image\/","url":"https:\/\/www.silutesnaujienos.lt\/lt\/wp-content\/uploads\/2020\/06\/FB_MAIN.jpg","contentUrl":"https:\/\/www.silutesnaujienos.lt\/lt\/wp-content\/uploads\/2020\/06\/FB_MAIN.jpg","width":1700,"height":956,"caption":"\u0160ilut\u0117s naujienos"},"image":{"@id":"https:\/\/www.silutesnaujienos.lt\/lt\/#\/schema\/logo\/image\/"},"sameAs":["https:\/\/www.facebook.com\/silutes.naujienos\/","https:\/\/www.youtube.com\/channel\/UCxW-cgrJDt8GxIMxSTAfJZg"]},{"@type":"Person","@id":"https:\/\/www.silutesnaujienos.lt\/lt\/#\/schema\/person\/976440ef837444400af3c77c19c61454","name":"\u0160ilut\u0117s naujien\u0173 inf.","image":{"@type":"ImageObject","inLanguage":"lt-LT","@id":"https:\/\/www.silutesnaujienos.lt\/lt\/wp-content\/uploads\/2020\/06\/favicon.png","url":"https:\/\/www.silutesnaujienos.lt\/lt\/wp-content\/uploads\/2020\/06\/favicon.png","contentUrl":"https:\/\/www.silutesnaujienos.lt\/lt\/wp-content\/uploads\/2020\/06\/favicon.png","caption":"\u0160ilut\u0117s naujien\u0173 inf."},"url":"https:\/\/www.silutesnaujienos.lt\/lt\/author\/vadas\/"}]}},"publishpress_future_workflow_manual_trigger":{"enabledWorkflows":[]},"amp_enabled":true,"_links":{"self":[{"href":"https:\/\/www.silutesnaujienos.lt\/lt\/wp-json\/wp\/v2\/posts\/16297","targetHints":{"allow":["GET"]}}],"collection":[{"href":"https:\/\/www.silutesnaujienos.lt\/lt\/wp-json\/wp\/v2\/posts"}],"about":[{"href":"https:\/\/www.silutesnaujienos.lt\/lt\/wp-json\/wp\/v2\/types\/post"}],"author":[{"embeddable":true,"href":"https:\/\/www.silutesnaujienos.lt\/lt\/wp-json\/wp\/v2\/users\/2"}],"replies":[{"embeddable":true,"href":"https:\/\/www.silutesnaujienos.lt\/lt\/wp-json\/wp\/v2\/comments?post=16297"}],"version-history":[{"count":0,"href":"https:\/\/www.silutesnaujienos.lt\/lt\/wp-json\/wp\/v2\/posts\/16297\/revisions"}],"wp:attachment":[{"href":"https:\/\/www.silutesnaujienos.lt\/lt\/wp-json\/wp\/v2\/media?parent=16297"}],"wp:term":[{"taxonomy":"category","embeddable":true,"href":"https:\/\/www.silutesnaujienos.lt\/lt\/wp-json\/wp\/v2\/categories?post=16297"},{"taxonomy":"post_tag","embeddable":true,"href":"https:\/\/www.silutesnaujienos.lt\/lt\/wp-json\/wp\/v2\/tags?post=16297"}],"curies":[{"name":"wp","href":"https:\/\/api.w.org\/{rel}","templated":true}]}}