{"id":16327,"date":"2013-03-12T11:00:00","date_gmt":"2013-03-12T13:00:00","guid":{"rendered":"https:\/\/www.silutesnaujienos.lt\/lt\/silutes-rajono-miskuose-aptikta-19-vilku\/"},"modified":"2013-03-12T11:00:00","modified_gmt":"2013-03-12T13:00:00","slug":"silutes-rajono-miskuose-aptikta-19-vilku","status":"publish","type":"post","link":"https:\/\/www.silutesnaujienos.lt\/lt\/silutes-rajono-miskuose-aptikta-19-vilku\/","title":{"rendered":"\u0160ilut\u0117s rajono mi\u0161kuose aptikta 19 vilk\u0173"},"content":{"rendered":"<p><a target=\"_blank\" rel=\"caption[Vilkai. \/ Valdo Augustino nuotr. ] noopener noreferrer\" class=\"jcepopup\" href=\"\/\/silutesnaujienos.lt\/images\/stories\/2013\/03\/05\/vilkai.jpg\" data-rel=\"lightbox-gallery-JBaTlJuP\" data-rl_title=\"\" data-rl_caption=\"\"><img loading=\"lazy\" decoding=\"async\" style=\"margin: 5px; float: left;\" class=\"caption\" title=\"\" alt=\"vilkai\" src=\"\/\/silutesnaujienos.lt\/images\/stories\/2013\/03\/05\/thumbnails\/thumb_vilkai.jpg\" height=\"230\" width=\"307\" \/><\/a><strong>\u0160iluti\u0161kiai netur\u0117t\u0173 labai nustebti, jei susiruo\u0161\u0119 \u012f netoli \u0160ilut\u0117s esant\u012f mi\u0161k\u0105 netik\u0117tai prie\u0161 save i\u0161vyst\u0173&#8230; vilk\u0105. Taip sako \u0160ilut\u0117s ur\u0117dijos mi\u0161ko apsaugos in\u017einierius Romas Ge\u010das, kuris kartu yra atsakingas u\u017e med\u017eiokl\u0119 ir \u017ev\u0117ri\u0173 apskait\u0105.<\/strong><br \/><strong>R.Ge\u010das m\u016bs\u0173 rajone koordinavo vasario 21 bei 26 dienomis vykdyt\u0105 vilk\u0173 apskait\u0105. Jis apie \u0161i\u0173 \u017everi\u0173 skai\u010dius ir paplitim\u0105 informavo ir \u201e\u0160ilut\u0117s naujien\u0173\u201c skaitytojus.<\/strong><\/p>\n<p><strong>\u0160iemetinis pavasaris tikrai n\u0117ra tinkamiausias \u017ev\u0117ri\u0173 apskaitai: sniego jau tik kur ne kur belik\u0119 menki lopin\u0117liai, tad ir p\u0117dsak\u0173 keturkojai nepalieka. Tai, ko gero, buvo pagrindin\u0117 prie\u017eastis, d\u0117l kurios vilk\u0173 skai\u010diai kiek nustebino juos skai\u010diavusius specialistus.<\/strong><\/p>\n<p>R.Ge\u010das pasakojo, kad valstybiniuose visos Lietuvos mi\u0161kuose vilkus skai\u010diavo mi\u0161kininkai, kartu su jais dirbo ir gamtos apsaugos asociacijos \u201eBaltijos vilkas\u201c atstovai. \u0160i asociacija saugo ir globoja \u0161iuos pl\u0117\u0161r\u016bnus, stebi, kad jie neb\u016bt\u0173 med\u017eiojami neleistinu laiku.<\/p>\n<p>Priva\u010diuose mi\u0161kuose vilkus skai\u010diavo med\u017eiotoj\u0173 klubai, jiems talkino ur\u0117dij\u0173 specialistai.<\/p>\n<p>Valstybiniuose \u0160ilut\u0117s rajono mi\u0161kuose, dvylikoje girininkij\u0173, pilk\u0173j\u0173 aptikta tik \u0161e\u0161iose. \u0160is faktas stebina R.Ge\u010d\u0105. \u201eVisuomet b\u016bdavo, kad vilk\u0173 aptikdavome ir \u017demai\u010di\u0173 Naumies\u010dio, Vainuto, \u0160iaud\u0117n\u0173 girininkijose. O \u0161iemet ten vilk\u0173 nei pasteb\u0117ta, nei sumed\u017eiota\u201c, &#8211; sako jis.<\/p>\n<p>Mi\u0161kininkas \u012fsitikin\u0119s, jog tok\u012f fakt\u0105 gal\u0117jo lemti \u017ev\u0117ri\u0173 skai\u010diavimui \u0161iemet ypa\u010d ned\u0117kingos gamtos s\u0105lygos &#8211; sniego tr\u016bkumas mi\u0161kuose.<\/p>\n<p>Kint\u0173 girininkijos mi\u0161kuose buvo pasteb\u0117ti 4, \u0160v\u0117k\u0161nos &#8211; 2, Stempli\u0173 ir Norkai\u010di\u0173 &#8211; po 1, \u017demaitkiemio &#8211; 2, o \u0160ilut\u0117s girininkijoje &#8211; 4 pl\u0117\u0161r\u016bnai.<\/p>\n<p>Priva\u010diuose rajono mi\u0161kuose \u0161iemet pasteb\u0117ti 5 vilkai: 2 &#8211; \u017demaitkiemio ir 3 &#8211; Vainuto mi\u0161kuose. Taigi bendras pilki\u0173 skai\u010dius yra 19.<\/p>\n<p>Lyginant ankstesni\u0173j\u0173 met\u0173 skai\u010dius, negalima pasakyti, kad \u0161i\u0173 pl\u0117\u0161r\u016bn\u0173 akivaizd\u017eiai ma\u017e\u0117t\u0173 ar daug\u0117t\u0173. \u0160tai pernai i\u0161 viso \u0160ilut\u0117s rajono valstybiniuose ir priva\u010diuose mi\u0161kuose buvo pasteb\u0117ta 15 pilki\u0173, o 2011 metais &#8211; 22.<\/p>\n<p>Taigi aplink \u0160ilut\u0119 vilk\u0173 yra? &#8211; dar kart\u0105 klausiame R.Ge\u010do. Pasirodo yra, ir ypa\u010d jie m\u0117gsta durpyn\u0105 bei \u017dalgiri\u0173 kaimo mi\u0161kus. Mi\u0161kininko nuomone, taip yra tod\u0117l, kad \u0161iuose mi\u0161kuose ramiau, ma\u017eiau vaik\u0161to \u017emoni\u0173.<\/p>\n<p>\u201eVilkas &#8211; atsargus \u017ev\u0117ris, jis negyvena tuose mi\u0161kuose, kur didelis \u017emoni\u0173 jud\u0117jimas. Prie jo sud\u0117tinga ir prieiti arti, sunku j\u012f sumed\u017eioti, dar sunkiau fotografuoti\u201c, &#8211; sako R.Ge\u010das.<\/p>\n<p>Pasak mi\u0161kininko, pilk\u0173j\u0173 m\u016bs\u0173 kra\u0161tuose tikrai nema\u017e\u0117ja. Jis primena, jog ir pernai pilkiai buvo \u012fsisuk\u0119 \u012f aplink \u0160ilut\u0119 gyvenan\u010di\u0173 \u016bkinink\u0173 pievas, pastarieji ne vienas po nakties rado sudraskyt\u0173 gyvuli\u0173. Aplinkiniuose mi\u0161kuose buvo aptikta ir kit\u0173 vilk\u0173 p\u0117dsak\u0173 &#8211; papjaut\u0173 stirn\u0173, o kart\u0105 Bried\u017ei\u0173 saloje &#8211; net vilk\u0173 nudaigotas \u0161ernas.<\/p>\n","protected":false},"excerpt":{"rendered":"<p>\u0160iluti\u0161kiai netur\u0117t\u0173 labai nustebti, jei susiruo\u0161\u0119 \u012f netoli \u0160ilut\u0117s esant\u012f mi\u0161k\u0105 netik\u0117tai prie\u0161 save i\u0161vyst\u0173&#8230; vilk\u0105. Taip sako \u0160ilut\u0117s ur\u0117dijos mi\u0161ko apsaugos in\u017einierius Romas Ge\u010das, kuris kartu yra atsakingas u\u017e med\u017eiokl\u0119 ir \u017ev\u0117ri\u0173 apskait\u0105.R.Ge\u010das m\u016bs\u0173 rajone koordinavo vasario 21 bei 26 dienomis vykdyt\u0105 vilk\u0173 apskait\u0105. Jis apie \u0161i\u0173 \u017everi\u0173 skai\u010dius ir paplitim\u0105 informavo ir \u201e\u0160ilut\u0117s [&hellip;]<\/p>\n","protected":false},"author":2,"featured_media":0,"comment_status":"open","ping_status":"open","sticky":false,"template":"","format":"standard","meta":{"footnotes":""},"categories":[5],"tags":[],"class_list":{"0":"post-16327","1":"post","2":"type-post","3":"status-publish","4":"format-standard","6":"category-gamta"},"yoast_head":"<!-- This site is optimized with the Yoast SEO plugin v27.5 - https:\/\/yoast.com\/product\/yoast-seo-wordpress\/ -->\n<title>\u0160ilut\u0117s rajono mi\u0161kuose aptikta 19 vilk\u0173 - \u0160ilut\u0117s naujienos<\/title>\n<meta name=\"robots\" content=\"index, follow, max-snippet:-1, max-image-preview:large, max-video-preview:-1\" \/>\n<link rel=\"canonical\" href=\"https:\/\/www.silutesnaujienos.lt\/lt\/silutes-rajono-miskuose-aptikta-19-vilku\/\" \/>\n<meta property=\"og:locale\" content=\"lt_LT\" \/>\n<meta property=\"og:type\" content=\"article\" \/>\n<meta property=\"og:title\" content=\"\u0160ilut\u0117s rajono mi\u0161kuose aptikta 19 vilk\u0173 - \u0160ilut\u0117s naujienos\" \/>\n<meta property=\"og:description\" content=\"\u0160iluti\u0161kiai netur\u0117t\u0173 labai nustebti, jei susiruo\u0161\u0119 \u012f netoli \u0160ilut\u0117s esant\u012f mi\u0161k\u0105 netik\u0117tai prie\u0161 save i\u0161vyst\u0173&#8230; vilk\u0105. Taip sako \u0160ilut\u0117s ur\u0117dijos mi\u0161ko apsaugos in\u017einierius Romas Ge\u010das, kuris kartu yra atsakingas u\u017e med\u017eiokl\u0119 ir \u017ev\u0117ri\u0173 apskait\u0105.R.Ge\u010das m\u016bs\u0173 rajone koordinavo vasario 21 bei 26 dienomis vykdyt\u0105 vilk\u0173 apskait\u0105. Jis apie \u0161i\u0173 \u017everi\u0173 skai\u010dius ir paplitim\u0105 informavo ir \u201e\u0160ilut\u0117s [&hellip;]\" \/>\n<meta property=\"og:url\" content=\"https:\/\/www.silutesnaujienos.lt\/lt\/silutes-rajono-miskuose-aptikta-19-vilku\/\" \/>\n<meta property=\"og:site_name\" content=\"\u0160ilut\u0117s naujienos\" \/>\n<meta property=\"article:publisher\" content=\"https:\/\/www.facebook.com\/silutes.naujienos\/\" \/>\n<meta property=\"article:published_time\" content=\"2013-03-12T13:00:00+00:00\" \/>\n<meta property=\"og:image\" content=\"\/\/silutesnaujienos.lt\/images\/stories\/2013\/03\/05\/thumbnails\/thumb_vilkai.jpg\" \/>\n<meta name=\"author\" content=\"\u0160ilut\u0117s naujien\u0173 inf.\" \/>\n<meta name=\"twitter:card\" content=\"summary_large_image\" \/>\n<meta name=\"twitter:label1\" content=\"Written by\" \/>\n\t<meta name=\"twitter:data1\" content=\"\u0160ilut\u0117s naujien\u0173 inf.\" \/>\n\t<meta name=\"twitter:label2\" content=\"Est. reading time\" \/>\n\t<meta name=\"twitter:data2\" content=\"2 minut\u0117s\" \/>\n<script type=\"application\/ld+json\" class=\"yoast-schema-graph\">{\"@context\":\"https:\\\/\\\/schema.org\",\"@graph\":[{\"@type\":\"Article\",\"@id\":\"https:\\\/\\\/www.silutesnaujienos.lt\\\/lt\\\/silutes-rajono-miskuose-aptikta-19-vilku\\\/#article\",\"isPartOf\":{\"@id\":\"https:\\\/\\\/www.silutesnaujienos.lt\\\/lt\\\/silutes-rajono-miskuose-aptikta-19-vilku\\\/\"},\"author\":{\"name\":\"\u0160ilut\u0117s naujien\u0173 inf.\",\"@id\":\"https:\\\/\\\/www.silutesnaujienos.lt\\\/lt\\\/#\\\/schema\\\/person\\\/976440ef837444400af3c77c19c61454\"},\"headline\":\"\u0160ilut\u0117s rajono mi\u0161kuose aptikta 19 vilk\u0173\",\"datePublished\":\"2013-03-12T13:00:00+00:00\",\"mainEntityOfPage\":{\"@id\":\"https:\\\/\\\/www.silutesnaujienos.lt\\\/lt\\\/silutes-rajono-miskuose-aptikta-19-vilku\\\/\"},\"wordCount\":479,\"commentCount\":0,\"publisher\":{\"@id\":\"https:\\\/\\\/www.silutesnaujienos.lt\\\/lt\\\/#organization\"},\"articleSection\":[\"Gamta\"],\"inLanguage\":\"lt-LT\",\"potentialAction\":[{\"@type\":\"CommentAction\",\"name\":\"Comment\",\"target\":[\"https:\\\/\\\/www.silutesnaujienos.lt\\\/lt\\\/silutes-rajono-miskuose-aptikta-19-vilku\\\/#respond\"]}]},{\"@type\":\"WebPage\",\"@id\":\"https:\\\/\\\/www.silutesnaujienos.lt\\\/lt\\\/silutes-rajono-miskuose-aptikta-19-vilku\\\/\",\"url\":\"https:\\\/\\\/www.silutesnaujienos.lt\\\/lt\\\/silutes-rajono-miskuose-aptikta-19-vilku\\\/\",\"name\":\"\u0160ilut\u0117s rajono mi\u0161kuose aptikta 19 vilk\u0173 - \u0160ilut\u0117s naujienos\",\"isPartOf\":{\"@id\":\"https:\\\/\\\/www.silutesnaujienos.lt\\\/lt\\\/#website\"},\"datePublished\":\"2013-03-12T13:00:00+00:00\",\"breadcrumb\":{\"@id\":\"https:\\\/\\\/www.silutesnaujienos.lt\\\/lt\\\/silutes-rajono-miskuose-aptikta-19-vilku\\\/#breadcrumb\"},\"inLanguage\":\"lt-LT\",\"potentialAction\":[{\"@type\":\"ReadAction\",\"target\":[\"https:\\\/\\\/www.silutesnaujienos.lt\\\/lt\\\/silutes-rajono-miskuose-aptikta-19-vilku\\\/\"]}]},{\"@type\":\"BreadcrumbList\",\"@id\":\"https:\\\/\\\/www.silutesnaujienos.lt\\\/lt\\\/silutes-rajono-miskuose-aptikta-19-vilku\\\/#breadcrumb\",\"itemListElement\":[{\"@type\":\"ListItem\",\"position\":1,\"name\":\"Home\",\"item\":\"https:\\\/\\\/www.silutesnaujienos.lt\\\/lt\\\/\"},{\"@type\":\"ListItem\",\"position\":2,\"name\":\"\u0160ilut\u0117s rajono mi\u0161kuose aptikta 19 vilk\u0173\"}]},{\"@type\":\"WebSite\",\"@id\":\"https:\\\/\\\/www.silutesnaujienos.lt\\\/lt\\\/#website\",\"url\":\"https:\\\/\\\/www.silutesnaujienos.lt\\\/lt\\\/\",\"name\":\"\u0160ilut\u0117s naujienos\",\"description\":\"B\u016bk ant naujien\u0173 bangos!\",\"publisher\":{\"@id\":\"https:\\\/\\\/www.silutesnaujienos.lt\\\/lt\\\/#organization\"},\"potentialAction\":[{\"@type\":\"SearchAction\",\"target\":{\"@type\":\"EntryPoint\",\"urlTemplate\":\"https:\\\/\\\/www.silutesnaujienos.lt\\\/lt\\\/?s={search_term_string}\"},\"query-input\":{\"@type\":\"PropertyValueSpecification\",\"valueRequired\":true,\"valueName\":\"search_term_string\"}}],\"inLanguage\":\"lt-LT\"},{\"@type\":\"Organization\",\"@id\":\"https:\\\/\\\/www.silutesnaujienos.lt\\\/lt\\\/#organization\",\"name\":\"\u0160ilut\u0117s naujienos\",\"url\":\"https:\\\/\\\/www.silutesnaujienos.lt\\\/lt\\\/\",\"logo\":{\"@type\":\"ImageObject\",\"inLanguage\":\"lt-LT\",\"@id\":\"https:\\\/\\\/www.silutesnaujienos.lt\\\/lt\\\/#\\\/schema\\\/logo\\\/image\\\/\",\"url\":\"https:\\\/\\\/www.silutesnaujienos.lt\\\/lt\\\/wp-content\\\/uploads\\\/2020\\\/06\\\/FB_MAIN.jpg\",\"contentUrl\":\"https:\\\/\\\/www.silutesnaujienos.lt\\\/lt\\\/wp-content\\\/uploads\\\/2020\\\/06\\\/FB_MAIN.jpg\",\"width\":1700,\"height\":956,\"caption\":\"\u0160ilut\u0117s naujienos\"},\"image\":{\"@id\":\"https:\\\/\\\/www.silutesnaujienos.lt\\\/lt\\\/#\\\/schema\\\/logo\\\/image\\\/\"},\"sameAs\":[\"https:\\\/\\\/www.facebook.com\\\/silutes.naujienos\\\/\",\"https:\\\/\\\/www.youtube.com\\\/channel\\\/UCxW-cgrJDt8GxIMxSTAfJZg\"]},{\"@type\":\"Person\",\"@id\":\"https:\\\/\\\/www.silutesnaujienos.lt\\\/lt\\\/#\\\/schema\\\/person\\\/976440ef837444400af3c77c19c61454\",\"name\":\"\u0160ilut\u0117s naujien\u0173 inf.\",\"image\":{\"@type\":\"ImageObject\",\"inLanguage\":\"lt-LT\",\"@id\":\"https:\\\/\\\/www.silutesnaujienos.lt\\\/lt\\\/wp-content\\\/uploads\\\/2020\\\/06\\\/favicon.png\",\"url\":\"https:\\\/\\\/www.silutesnaujienos.lt\\\/lt\\\/wp-content\\\/uploads\\\/2020\\\/06\\\/favicon.png\",\"contentUrl\":\"https:\\\/\\\/www.silutesnaujienos.lt\\\/lt\\\/wp-content\\\/uploads\\\/2020\\\/06\\\/favicon.png\",\"caption\":\"\u0160ilut\u0117s naujien\u0173 inf.\"},\"url\":\"https:\\\/\\\/www.silutesnaujienos.lt\\\/lt\\\/author\\\/vadas\\\/\"}]}<\/script>\n<!-- \/ Yoast SEO plugin. -->","yoast_head_json":{"title":"\u0160ilut\u0117s rajono mi\u0161kuose aptikta 19 vilk\u0173 - \u0160ilut\u0117s naujienos","robots":{"index":"index","follow":"follow","max-snippet":"max-snippet:-1","max-image-preview":"max-image-preview:large","max-video-preview":"max-video-preview:-1"},"canonical":"https:\/\/www.silutesnaujienos.lt\/lt\/silutes-rajono-miskuose-aptikta-19-vilku\/","og_locale":"lt_LT","og_type":"article","og_title":"\u0160ilut\u0117s rajono mi\u0161kuose aptikta 19 vilk\u0173 - \u0160ilut\u0117s naujienos","og_description":"\u0160iluti\u0161kiai netur\u0117t\u0173 labai nustebti, jei susiruo\u0161\u0119 \u012f netoli \u0160ilut\u0117s esant\u012f mi\u0161k\u0105 netik\u0117tai prie\u0161 save i\u0161vyst\u0173&#8230; vilk\u0105. Taip sako \u0160ilut\u0117s ur\u0117dijos mi\u0161ko apsaugos in\u017einierius Romas Ge\u010das, kuris kartu yra atsakingas u\u017e med\u017eiokl\u0119 ir \u017ev\u0117ri\u0173 apskait\u0105.R.Ge\u010das m\u016bs\u0173 rajone koordinavo vasario 21 bei 26 dienomis vykdyt\u0105 vilk\u0173 apskait\u0105. Jis apie \u0161i\u0173 \u017everi\u0173 skai\u010dius ir paplitim\u0105 informavo ir \u201e\u0160ilut\u0117s [&hellip;]","og_url":"https:\/\/www.silutesnaujienos.lt\/lt\/silutes-rajono-miskuose-aptikta-19-vilku\/","og_site_name":"\u0160ilut\u0117s naujienos","article_publisher":"https:\/\/www.facebook.com\/silutes.naujienos\/","article_published_time":"2013-03-12T13:00:00+00:00","og_image":[{"url":"\/\/silutesnaujienos.lt\/images\/stories\/2013\/03\/05\/thumbnails\/thumb_vilkai.jpg","type":"","width":"","height":""}],"author":"\u0160ilut\u0117s naujien\u0173 inf.","twitter_card":"summary_large_image","twitter_misc":{"Written by":"\u0160ilut\u0117s naujien\u0173 inf.","Est. reading time":"2 minut\u0117s"},"schema":{"@context":"https:\/\/schema.org","@graph":[{"@type":"Article","@id":"https:\/\/www.silutesnaujienos.lt\/lt\/silutes-rajono-miskuose-aptikta-19-vilku\/#article","isPartOf":{"@id":"https:\/\/www.silutesnaujienos.lt\/lt\/silutes-rajono-miskuose-aptikta-19-vilku\/"},"author":{"name":"\u0160ilut\u0117s naujien\u0173 inf.","@id":"https:\/\/www.silutesnaujienos.lt\/lt\/#\/schema\/person\/976440ef837444400af3c77c19c61454"},"headline":"\u0160ilut\u0117s rajono mi\u0161kuose aptikta 19 vilk\u0173","datePublished":"2013-03-12T13:00:00+00:00","mainEntityOfPage":{"@id":"https:\/\/www.silutesnaujienos.lt\/lt\/silutes-rajono-miskuose-aptikta-19-vilku\/"},"wordCount":479,"commentCount":0,"publisher":{"@id":"https:\/\/www.silutesnaujienos.lt\/lt\/#organization"},"articleSection":["Gamta"],"inLanguage":"lt-LT","potentialAction":[{"@type":"CommentAction","name":"Comment","target":["https:\/\/www.silutesnaujienos.lt\/lt\/silutes-rajono-miskuose-aptikta-19-vilku\/#respond"]}]},{"@type":"WebPage","@id":"https:\/\/www.silutesnaujienos.lt\/lt\/silutes-rajono-miskuose-aptikta-19-vilku\/","url":"https:\/\/www.silutesnaujienos.lt\/lt\/silutes-rajono-miskuose-aptikta-19-vilku\/","name":"\u0160ilut\u0117s rajono mi\u0161kuose aptikta 19 vilk\u0173 - \u0160ilut\u0117s naujienos","isPartOf":{"@id":"https:\/\/www.silutesnaujienos.lt\/lt\/#website"},"datePublished":"2013-03-12T13:00:00+00:00","breadcrumb":{"@id":"https:\/\/www.silutesnaujienos.lt\/lt\/silutes-rajono-miskuose-aptikta-19-vilku\/#breadcrumb"},"inLanguage":"lt-LT","potentialAction":[{"@type":"ReadAction","target":["https:\/\/www.silutesnaujienos.lt\/lt\/silutes-rajono-miskuose-aptikta-19-vilku\/"]}]},{"@type":"BreadcrumbList","@id":"https:\/\/www.silutesnaujienos.lt\/lt\/silutes-rajono-miskuose-aptikta-19-vilku\/#breadcrumb","itemListElement":[{"@type":"ListItem","position":1,"name":"Home","item":"https:\/\/www.silutesnaujienos.lt\/lt\/"},{"@type":"ListItem","position":2,"name":"\u0160ilut\u0117s rajono mi\u0161kuose aptikta 19 vilk\u0173"}]},{"@type":"WebSite","@id":"https:\/\/www.silutesnaujienos.lt\/lt\/#website","url":"https:\/\/www.silutesnaujienos.lt\/lt\/","name":"\u0160ilut\u0117s naujienos","description":"B\u016bk ant naujien\u0173 bangos!","publisher":{"@id":"https:\/\/www.silutesnaujienos.lt\/lt\/#organization"},"potentialAction":[{"@type":"SearchAction","target":{"@type":"EntryPoint","urlTemplate":"https:\/\/www.silutesnaujienos.lt\/lt\/?s={search_term_string}"},"query-input":{"@type":"PropertyValueSpecification","valueRequired":true,"valueName":"search_term_string"}}],"inLanguage":"lt-LT"},{"@type":"Organization","@id":"https:\/\/www.silutesnaujienos.lt\/lt\/#organization","name":"\u0160ilut\u0117s naujienos","url":"https:\/\/www.silutesnaujienos.lt\/lt\/","logo":{"@type":"ImageObject","inLanguage":"lt-LT","@id":"https:\/\/www.silutesnaujienos.lt\/lt\/#\/schema\/logo\/image\/","url":"https:\/\/www.silutesnaujienos.lt\/lt\/wp-content\/uploads\/2020\/06\/FB_MAIN.jpg","contentUrl":"https:\/\/www.silutesnaujienos.lt\/lt\/wp-content\/uploads\/2020\/06\/FB_MAIN.jpg","width":1700,"height":956,"caption":"\u0160ilut\u0117s naujienos"},"image":{"@id":"https:\/\/www.silutesnaujienos.lt\/lt\/#\/schema\/logo\/image\/"},"sameAs":["https:\/\/www.facebook.com\/silutes.naujienos\/","https:\/\/www.youtube.com\/channel\/UCxW-cgrJDt8GxIMxSTAfJZg"]},{"@type":"Person","@id":"https:\/\/www.silutesnaujienos.lt\/lt\/#\/schema\/person\/976440ef837444400af3c77c19c61454","name":"\u0160ilut\u0117s naujien\u0173 inf.","image":{"@type":"ImageObject","inLanguage":"lt-LT","@id":"https:\/\/www.silutesnaujienos.lt\/lt\/wp-content\/uploads\/2020\/06\/favicon.png","url":"https:\/\/www.silutesnaujienos.lt\/lt\/wp-content\/uploads\/2020\/06\/favicon.png","contentUrl":"https:\/\/www.silutesnaujienos.lt\/lt\/wp-content\/uploads\/2020\/06\/favicon.png","caption":"\u0160ilut\u0117s naujien\u0173 inf."},"url":"https:\/\/www.silutesnaujienos.lt\/lt\/author\/vadas\/"}]}},"publishpress_future_workflow_manual_trigger":{"enabledWorkflows":[]},"amp_enabled":true,"_links":{"self":[{"href":"https:\/\/www.silutesnaujienos.lt\/lt\/wp-json\/wp\/v2\/posts\/16327","targetHints":{"allow":["GET"]}}],"collection":[{"href":"https:\/\/www.silutesnaujienos.lt\/lt\/wp-json\/wp\/v2\/posts"}],"about":[{"href":"https:\/\/www.silutesnaujienos.lt\/lt\/wp-json\/wp\/v2\/types\/post"}],"author":[{"embeddable":true,"href":"https:\/\/www.silutesnaujienos.lt\/lt\/wp-json\/wp\/v2\/users\/2"}],"replies":[{"embeddable":true,"href":"https:\/\/www.silutesnaujienos.lt\/lt\/wp-json\/wp\/v2\/comments?post=16327"}],"version-history":[{"count":0,"href":"https:\/\/www.silutesnaujienos.lt\/lt\/wp-json\/wp\/v2\/posts\/16327\/revisions"}],"wp:attachment":[{"href":"https:\/\/www.silutesnaujienos.lt\/lt\/wp-json\/wp\/v2\/media?parent=16327"}],"wp:term":[{"taxonomy":"category","embeddable":true,"href":"https:\/\/www.silutesnaujienos.lt\/lt\/wp-json\/wp\/v2\/categories?post=16327"},{"taxonomy":"post_tag","embeddable":true,"href":"https:\/\/www.silutesnaujienos.lt\/lt\/wp-json\/wp\/v2\/tags?post=16327"}],"curies":[{"name":"wp","href":"https:\/\/api.w.org\/{rel}","templated":true}]}}