{"id":16660,"date":"2015-09-02T13:00:00","date_gmt":"2015-09-02T15:00:00","guid":{"rendered":"https:\/\/www.silutesnaujienos.lt\/lt\/lasisu-labui-zuvitakiai-atidaromi-menesiu-anksciau\/"},"modified":"2015-09-02T13:00:00","modified_gmt":"2015-09-02T15:00:00","slug":"lasisu-labui-zuvitakiai-atidaromi-menesiu-anksciau","status":"publish","type":"post","link":"https:\/\/www.silutesnaujienos.lt\/lt\/lasisu-labui-zuvitakiai-atidaromi-menesiu-anksciau\/","title":{"rendered":"La\u0161i\u0161\u0173 labui \u017euvitakiai atidaromi m\u0117nesiu anks\u010diau"},"content":{"rendered":"<p><a target=\"_blank\" rel=\"caption[Kavarsko \u017euvitakis.] noopener noreferrer\" class=\"jcepopup\" href=\"\/\/silutesnaujienos.lt\/images\/stories\/2015\/RUGSEJIS\/01\/kavarsko_zuvitakis.jpg\" data-rel=\"lightbox-gallery-b9HzRKLG\" data-rl_title=\"\" data-rl_caption=\"\"><img loading=\"lazy\" decoding=\"async\" style=\"margin: 5px; float: left;\" class=\"caption\" title=\"\" alt=\"kavarsko zuvitakis\" src=\"\/\/silutesnaujienos.lt\/images\/stories\/2015\/RUGSEJIS\/01\/thumbnails\/thumb_kavarsko_zuvitakis.jpg\" height=\"230\" width=\"307\" \/><\/a><strong>D\u0117l u\u017esit\u0119susios sausros nusekus up\u0117ms ir susidarius labai nepalankioms s\u0105lygoms la\u0161i\u0161oms bei \u0161lakiams ner\u0161ti, hidroelektrini\u0173 savininkai \u012fpareigojami \u017euvitakius atidaryti rugs\u0117jo 1-\u0105j\u0105 &#8211; m\u0117nesiu anks\u010diau, nei ligi \u0161iol numat\u0117 Tvenkini\u0173 naudojimo ir prie\u017ei\u016bros tipin\u0117s taisykl\u0117s. Jas aplinkos ministras K\u0119stutis Tre\u010diokas vakar pakeit\u0117 ir nustat\u0117, kad \u017euv\u0173 ner\u0161to ir migracijos laikotarpis Lietuvoje yra nuo baland\u017eio 1 d. iki bir\u017eelio 30 d., o la\u0161i\u0161iniuose vandens telkiniuose &#8211; papildomai nuo rugs\u0117jo 1 d. iki gruod\u017eio 31 d. Tuo laikotarpiu \u017euvitakiai turi b\u016bti atidaryti.<\/strong><\/p>\n<p>\u201eJeigu \u0161ios taisykl\u0117s neb\u016bt\u0173 patikslintos ir la\u0161i\u0161in\u0117s \u017euvys dar m\u0117nes\u012f netur\u0117t\u0173 s\u0105lyg\u0173 migruoti \u012f upi\u0173 auk\u0161tupius, b\u016bt\u0173 padaryta did\u017eiul\u0117 \u017eala j\u0173 i\u0161tekliams &#8211; besib\u016briuojan\u010dios prie u\u017etvank\u0173 sekliame vandenyje jos tampa itin lengvu brakonieri\u0173 grobiu\u201c, &#8211; sako aplinkos viceministras Linas Jonauskas.<\/p>\n<p>Pakeistosios taisykl\u0117s numato, kad Aplinkos apsaugos agent\u016bra turi teis\u0119 nustatyti kit\u0105 \u017euv\u0173 ner\u0161to ir migracijos laikotarp\u012f, gavusi motyvuot\u0105 hidroelektrin\u0117s savininko pra\u0161ym\u0105 pakeisti \u0161\u012f laikotarp\u012f. Kartu su pra\u0161ymu reikia pateikti kompetenting\u0173 institucij\u0173 atlikt\u0173 ichtiologini\u0173 tyrim\u0173 rezultatus.<\/p>\n","protected":false},"excerpt":{"rendered":"<p>D\u0117l u\u017esit\u0119susios sausros nusekus up\u0117ms ir susidarius labai nepalankioms s\u0105lygoms la\u0161i\u0161oms bei \u0161lakiams ner\u0161ti, hidroelektrini\u0173 savininkai \u012fpareigojami \u017euvitakius atidaryti rugs\u0117jo 1-\u0105j\u0105 &#8211; m\u0117nesiu anks\u010diau, nei ligi \u0161iol numat\u0117 Tvenkini\u0173 naudojimo ir prie\u017ei\u016bros tipin\u0117s taisykl\u0117s. Jas aplinkos ministras K\u0119stutis Tre\u010diokas vakar pakeit\u0117 ir nustat\u0117, kad \u017euv\u0173 ner\u0161to ir migracijos laikotarpis Lietuvoje yra nuo baland\u017eio 1 d. [&hellip;]<\/p>\n","protected":false},"author":2,"featured_media":0,"comment_status":"open","ping_status":"open","sticky":false,"template":"","format":"standard","meta":{"footnotes":""},"categories":[5],"tags":[],"class_list":{"0":"post-16660","1":"post","2":"type-post","3":"status-publish","4":"format-standard","6":"category-gamta"},"yoast_head":"<!-- This site is optimized with the Yoast SEO plugin v27.5 - https:\/\/yoast.com\/product\/yoast-seo-wordpress\/ -->\n<title>La\u0161i\u0161\u0173 labui \u017euvitakiai atidaromi m\u0117nesiu anks\u010diau - \u0160ilut\u0117s naujienos<\/title>\n<meta name=\"robots\" content=\"index, follow, max-snippet:-1, max-image-preview:large, max-video-preview:-1\" \/>\n<link rel=\"canonical\" href=\"https:\/\/www.silutesnaujienos.lt\/lt\/lasisu-labui-zuvitakiai-atidaromi-menesiu-anksciau\/\" \/>\n<meta property=\"og:locale\" content=\"lt_LT\" \/>\n<meta property=\"og:type\" content=\"article\" \/>\n<meta property=\"og:title\" content=\"La\u0161i\u0161\u0173 labui \u017euvitakiai atidaromi m\u0117nesiu anks\u010diau - \u0160ilut\u0117s naujienos\" \/>\n<meta property=\"og:description\" content=\"D\u0117l u\u017esit\u0119susios sausros nusekus up\u0117ms ir susidarius labai nepalankioms s\u0105lygoms la\u0161i\u0161oms bei \u0161lakiams ner\u0161ti, hidroelektrini\u0173 savininkai \u012fpareigojami \u017euvitakius atidaryti rugs\u0117jo 1-\u0105j\u0105 &#8211; m\u0117nesiu anks\u010diau, nei ligi \u0161iol numat\u0117 Tvenkini\u0173 naudojimo ir prie\u017ei\u016bros tipin\u0117s taisykl\u0117s. Jas aplinkos ministras K\u0119stutis Tre\u010diokas vakar pakeit\u0117 ir nustat\u0117, kad \u017euv\u0173 ner\u0161to ir migracijos laikotarpis Lietuvoje yra nuo baland\u017eio 1 d. [&hellip;]\" \/>\n<meta property=\"og:url\" content=\"https:\/\/www.silutesnaujienos.lt\/lt\/lasisu-labui-zuvitakiai-atidaromi-menesiu-anksciau\/\" \/>\n<meta property=\"og:site_name\" content=\"\u0160ilut\u0117s naujienos\" \/>\n<meta property=\"article:publisher\" content=\"https:\/\/www.facebook.com\/silutes.naujienos\/\" \/>\n<meta property=\"article:published_time\" content=\"2015-09-02T15:00:00+00:00\" \/>\n<meta property=\"og:image\" content=\"\/\/silutesnaujienos.lt\/images\/stories\/2015\/RUGSEJIS\/01\/thumbnails\/thumb_kavarsko_zuvitakis.jpg\" \/>\n<meta name=\"author\" content=\"\u0160ilut\u0117s naujien\u0173 inf.\" \/>\n<meta name=\"twitter:card\" content=\"summary_large_image\" \/>\n<meta name=\"twitter:label1\" content=\"Written by\" \/>\n\t<meta name=\"twitter:data1\" content=\"\u0160ilut\u0117s naujien\u0173 inf.\" \/>\n\t<meta name=\"twitter:label2\" content=\"Est. reading time\" \/>\n\t<meta name=\"twitter:data2\" content=\"1 minut\u0117\" \/>\n<script type=\"application\/ld+json\" class=\"yoast-schema-graph\">{\"@context\":\"https:\\\/\\\/schema.org\",\"@graph\":[{\"@type\":\"Article\",\"@id\":\"https:\\\/\\\/www.silutesnaujienos.lt\\\/lt\\\/lasisu-labui-zuvitakiai-atidaromi-menesiu-anksciau\\\/#article\",\"isPartOf\":{\"@id\":\"https:\\\/\\\/www.silutesnaujienos.lt\\\/lt\\\/lasisu-labui-zuvitakiai-atidaromi-menesiu-anksciau\\\/\"},\"author\":{\"name\":\"\u0160ilut\u0117s naujien\u0173 inf.\",\"@id\":\"https:\\\/\\\/www.silutesnaujienos.lt\\\/lt\\\/#\\\/schema\\\/person\\\/976440ef837444400af3c77c19c61454\"},\"headline\":\"La\u0161i\u0161\u0173 labui \u017euvitakiai atidaromi m\u0117nesiu anks\u010diau\",\"datePublished\":\"2015-09-02T15:00:00+00:00\",\"mainEntityOfPage\":{\"@id\":\"https:\\\/\\\/www.silutesnaujienos.lt\\\/lt\\\/lasisu-labui-zuvitakiai-atidaromi-menesiu-anksciau\\\/\"},\"wordCount\":204,\"commentCount\":0,\"publisher\":{\"@id\":\"https:\\\/\\\/www.silutesnaujienos.lt\\\/lt\\\/#organization\"},\"articleSection\":[\"Gamta\"],\"inLanguage\":\"lt-LT\",\"potentialAction\":[{\"@type\":\"CommentAction\",\"name\":\"Comment\",\"target\":[\"https:\\\/\\\/www.silutesnaujienos.lt\\\/lt\\\/lasisu-labui-zuvitakiai-atidaromi-menesiu-anksciau\\\/#respond\"]}]},{\"@type\":\"WebPage\",\"@id\":\"https:\\\/\\\/www.silutesnaujienos.lt\\\/lt\\\/lasisu-labui-zuvitakiai-atidaromi-menesiu-anksciau\\\/\",\"url\":\"https:\\\/\\\/www.silutesnaujienos.lt\\\/lt\\\/lasisu-labui-zuvitakiai-atidaromi-menesiu-anksciau\\\/\",\"name\":\"La\u0161i\u0161\u0173 labui \u017euvitakiai atidaromi m\u0117nesiu anks\u010diau - \u0160ilut\u0117s naujienos\",\"isPartOf\":{\"@id\":\"https:\\\/\\\/www.silutesnaujienos.lt\\\/lt\\\/#website\"},\"datePublished\":\"2015-09-02T15:00:00+00:00\",\"breadcrumb\":{\"@id\":\"https:\\\/\\\/www.silutesnaujienos.lt\\\/lt\\\/lasisu-labui-zuvitakiai-atidaromi-menesiu-anksciau\\\/#breadcrumb\"},\"inLanguage\":\"lt-LT\",\"potentialAction\":[{\"@type\":\"ReadAction\",\"target\":[\"https:\\\/\\\/www.silutesnaujienos.lt\\\/lt\\\/lasisu-labui-zuvitakiai-atidaromi-menesiu-anksciau\\\/\"]}]},{\"@type\":\"BreadcrumbList\",\"@id\":\"https:\\\/\\\/www.silutesnaujienos.lt\\\/lt\\\/lasisu-labui-zuvitakiai-atidaromi-menesiu-anksciau\\\/#breadcrumb\",\"itemListElement\":[{\"@type\":\"ListItem\",\"position\":1,\"name\":\"Home\",\"item\":\"https:\\\/\\\/www.silutesnaujienos.lt\\\/lt\\\/\"},{\"@type\":\"ListItem\",\"position\":2,\"name\":\"La\u0161i\u0161\u0173 labui \u017euvitakiai atidaromi m\u0117nesiu anks\u010diau\"}]},{\"@type\":\"WebSite\",\"@id\":\"https:\\\/\\\/www.silutesnaujienos.lt\\\/lt\\\/#website\",\"url\":\"https:\\\/\\\/www.silutesnaujienos.lt\\\/lt\\\/\",\"name\":\"\u0160ilut\u0117s naujienos\",\"description\":\"B\u016bk ant naujien\u0173 bangos!\",\"publisher\":{\"@id\":\"https:\\\/\\\/www.silutesnaujienos.lt\\\/lt\\\/#organization\"},\"potentialAction\":[{\"@type\":\"SearchAction\",\"target\":{\"@type\":\"EntryPoint\",\"urlTemplate\":\"https:\\\/\\\/www.silutesnaujienos.lt\\\/lt\\\/?s={search_term_string}\"},\"query-input\":{\"@type\":\"PropertyValueSpecification\",\"valueRequired\":true,\"valueName\":\"search_term_string\"}}],\"inLanguage\":\"lt-LT\"},{\"@type\":\"Organization\",\"@id\":\"https:\\\/\\\/www.silutesnaujienos.lt\\\/lt\\\/#organization\",\"name\":\"\u0160ilut\u0117s naujienos\",\"url\":\"https:\\\/\\\/www.silutesnaujienos.lt\\\/lt\\\/\",\"logo\":{\"@type\":\"ImageObject\",\"inLanguage\":\"lt-LT\",\"@id\":\"https:\\\/\\\/www.silutesnaujienos.lt\\\/lt\\\/#\\\/schema\\\/logo\\\/image\\\/\",\"url\":\"https:\\\/\\\/www.silutesnaujienos.lt\\\/lt\\\/wp-content\\\/uploads\\\/2020\\\/06\\\/FB_MAIN.jpg\",\"contentUrl\":\"https:\\\/\\\/www.silutesnaujienos.lt\\\/lt\\\/wp-content\\\/uploads\\\/2020\\\/06\\\/FB_MAIN.jpg\",\"width\":1700,\"height\":956,\"caption\":\"\u0160ilut\u0117s naujienos\"},\"image\":{\"@id\":\"https:\\\/\\\/www.silutesnaujienos.lt\\\/lt\\\/#\\\/schema\\\/logo\\\/image\\\/\"},\"sameAs\":[\"https:\\\/\\\/www.facebook.com\\\/silutes.naujienos\\\/\",\"https:\\\/\\\/www.youtube.com\\\/channel\\\/UCxW-cgrJDt8GxIMxSTAfJZg\"]},{\"@type\":\"Person\",\"@id\":\"https:\\\/\\\/www.silutesnaujienos.lt\\\/lt\\\/#\\\/schema\\\/person\\\/976440ef837444400af3c77c19c61454\",\"name\":\"\u0160ilut\u0117s naujien\u0173 inf.\",\"image\":{\"@type\":\"ImageObject\",\"inLanguage\":\"lt-LT\",\"@id\":\"https:\\\/\\\/www.silutesnaujienos.lt\\\/lt\\\/wp-content\\\/uploads\\\/2020\\\/06\\\/favicon.png\",\"url\":\"https:\\\/\\\/www.silutesnaujienos.lt\\\/lt\\\/wp-content\\\/uploads\\\/2020\\\/06\\\/favicon.png\",\"contentUrl\":\"https:\\\/\\\/www.silutesnaujienos.lt\\\/lt\\\/wp-content\\\/uploads\\\/2020\\\/06\\\/favicon.png\",\"caption\":\"\u0160ilut\u0117s naujien\u0173 inf.\"},\"url\":\"https:\\\/\\\/www.silutesnaujienos.lt\\\/lt\\\/author\\\/vadas\\\/\"}]}<\/script>\n<!-- \/ Yoast SEO plugin. -->","yoast_head_json":{"title":"La\u0161i\u0161\u0173 labui \u017euvitakiai atidaromi m\u0117nesiu anks\u010diau - \u0160ilut\u0117s naujienos","robots":{"index":"index","follow":"follow","max-snippet":"max-snippet:-1","max-image-preview":"max-image-preview:large","max-video-preview":"max-video-preview:-1"},"canonical":"https:\/\/www.silutesnaujienos.lt\/lt\/lasisu-labui-zuvitakiai-atidaromi-menesiu-anksciau\/","og_locale":"lt_LT","og_type":"article","og_title":"La\u0161i\u0161\u0173 labui \u017euvitakiai atidaromi m\u0117nesiu anks\u010diau - \u0160ilut\u0117s naujienos","og_description":"D\u0117l u\u017esit\u0119susios sausros nusekus up\u0117ms ir susidarius labai nepalankioms s\u0105lygoms la\u0161i\u0161oms bei \u0161lakiams ner\u0161ti, hidroelektrini\u0173 savininkai \u012fpareigojami \u017euvitakius atidaryti rugs\u0117jo 1-\u0105j\u0105 &#8211; m\u0117nesiu anks\u010diau, nei ligi \u0161iol numat\u0117 Tvenkini\u0173 naudojimo ir prie\u017ei\u016bros tipin\u0117s taisykl\u0117s. Jas aplinkos ministras K\u0119stutis Tre\u010diokas vakar pakeit\u0117 ir nustat\u0117, kad \u017euv\u0173 ner\u0161to ir migracijos laikotarpis Lietuvoje yra nuo baland\u017eio 1 d. [&hellip;]","og_url":"https:\/\/www.silutesnaujienos.lt\/lt\/lasisu-labui-zuvitakiai-atidaromi-menesiu-anksciau\/","og_site_name":"\u0160ilut\u0117s naujienos","article_publisher":"https:\/\/www.facebook.com\/silutes.naujienos\/","article_published_time":"2015-09-02T15:00:00+00:00","og_image":[{"url":"\/\/silutesnaujienos.lt\/images\/stories\/2015\/RUGSEJIS\/01\/thumbnails\/thumb_kavarsko_zuvitakis.jpg","type":"","width":"","height":""}],"author":"\u0160ilut\u0117s naujien\u0173 inf.","twitter_card":"summary_large_image","twitter_misc":{"Written by":"\u0160ilut\u0117s naujien\u0173 inf.","Est. reading time":"1 minut\u0117"},"schema":{"@context":"https:\/\/schema.org","@graph":[{"@type":"Article","@id":"https:\/\/www.silutesnaujienos.lt\/lt\/lasisu-labui-zuvitakiai-atidaromi-menesiu-anksciau\/#article","isPartOf":{"@id":"https:\/\/www.silutesnaujienos.lt\/lt\/lasisu-labui-zuvitakiai-atidaromi-menesiu-anksciau\/"},"author":{"name":"\u0160ilut\u0117s naujien\u0173 inf.","@id":"https:\/\/www.silutesnaujienos.lt\/lt\/#\/schema\/person\/976440ef837444400af3c77c19c61454"},"headline":"La\u0161i\u0161\u0173 labui \u017euvitakiai atidaromi m\u0117nesiu anks\u010diau","datePublished":"2015-09-02T15:00:00+00:00","mainEntityOfPage":{"@id":"https:\/\/www.silutesnaujienos.lt\/lt\/lasisu-labui-zuvitakiai-atidaromi-menesiu-anksciau\/"},"wordCount":204,"commentCount":0,"publisher":{"@id":"https:\/\/www.silutesnaujienos.lt\/lt\/#organization"},"articleSection":["Gamta"],"inLanguage":"lt-LT","potentialAction":[{"@type":"CommentAction","name":"Comment","target":["https:\/\/www.silutesnaujienos.lt\/lt\/lasisu-labui-zuvitakiai-atidaromi-menesiu-anksciau\/#respond"]}]},{"@type":"WebPage","@id":"https:\/\/www.silutesnaujienos.lt\/lt\/lasisu-labui-zuvitakiai-atidaromi-menesiu-anksciau\/","url":"https:\/\/www.silutesnaujienos.lt\/lt\/lasisu-labui-zuvitakiai-atidaromi-menesiu-anksciau\/","name":"La\u0161i\u0161\u0173 labui \u017euvitakiai atidaromi m\u0117nesiu anks\u010diau - \u0160ilut\u0117s naujienos","isPartOf":{"@id":"https:\/\/www.silutesnaujienos.lt\/lt\/#website"},"datePublished":"2015-09-02T15:00:00+00:00","breadcrumb":{"@id":"https:\/\/www.silutesnaujienos.lt\/lt\/lasisu-labui-zuvitakiai-atidaromi-menesiu-anksciau\/#breadcrumb"},"inLanguage":"lt-LT","potentialAction":[{"@type":"ReadAction","target":["https:\/\/www.silutesnaujienos.lt\/lt\/lasisu-labui-zuvitakiai-atidaromi-menesiu-anksciau\/"]}]},{"@type":"BreadcrumbList","@id":"https:\/\/www.silutesnaujienos.lt\/lt\/lasisu-labui-zuvitakiai-atidaromi-menesiu-anksciau\/#breadcrumb","itemListElement":[{"@type":"ListItem","position":1,"name":"Home","item":"https:\/\/www.silutesnaujienos.lt\/lt\/"},{"@type":"ListItem","position":2,"name":"La\u0161i\u0161\u0173 labui \u017euvitakiai atidaromi m\u0117nesiu anks\u010diau"}]},{"@type":"WebSite","@id":"https:\/\/www.silutesnaujienos.lt\/lt\/#website","url":"https:\/\/www.silutesnaujienos.lt\/lt\/","name":"\u0160ilut\u0117s naujienos","description":"B\u016bk ant naujien\u0173 bangos!","publisher":{"@id":"https:\/\/www.silutesnaujienos.lt\/lt\/#organization"},"potentialAction":[{"@type":"SearchAction","target":{"@type":"EntryPoint","urlTemplate":"https:\/\/www.silutesnaujienos.lt\/lt\/?s={search_term_string}"},"query-input":{"@type":"PropertyValueSpecification","valueRequired":true,"valueName":"search_term_string"}}],"inLanguage":"lt-LT"},{"@type":"Organization","@id":"https:\/\/www.silutesnaujienos.lt\/lt\/#organization","name":"\u0160ilut\u0117s naujienos","url":"https:\/\/www.silutesnaujienos.lt\/lt\/","logo":{"@type":"ImageObject","inLanguage":"lt-LT","@id":"https:\/\/www.silutesnaujienos.lt\/lt\/#\/schema\/logo\/image\/","url":"https:\/\/www.silutesnaujienos.lt\/lt\/wp-content\/uploads\/2020\/06\/FB_MAIN.jpg","contentUrl":"https:\/\/www.silutesnaujienos.lt\/lt\/wp-content\/uploads\/2020\/06\/FB_MAIN.jpg","width":1700,"height":956,"caption":"\u0160ilut\u0117s naujienos"},"image":{"@id":"https:\/\/www.silutesnaujienos.lt\/lt\/#\/schema\/logo\/image\/"},"sameAs":["https:\/\/www.facebook.com\/silutes.naujienos\/","https:\/\/www.youtube.com\/channel\/UCxW-cgrJDt8GxIMxSTAfJZg"]},{"@type":"Person","@id":"https:\/\/www.silutesnaujienos.lt\/lt\/#\/schema\/person\/976440ef837444400af3c77c19c61454","name":"\u0160ilut\u0117s naujien\u0173 inf.","image":{"@type":"ImageObject","inLanguage":"lt-LT","@id":"https:\/\/www.silutesnaujienos.lt\/lt\/wp-content\/uploads\/2020\/06\/favicon.png","url":"https:\/\/www.silutesnaujienos.lt\/lt\/wp-content\/uploads\/2020\/06\/favicon.png","contentUrl":"https:\/\/www.silutesnaujienos.lt\/lt\/wp-content\/uploads\/2020\/06\/favicon.png","caption":"\u0160ilut\u0117s naujien\u0173 inf."},"url":"https:\/\/www.silutesnaujienos.lt\/lt\/author\/vadas\/"}]}},"publishpress_future_workflow_manual_trigger":{"enabledWorkflows":[]},"amp_enabled":true,"_links":{"self":[{"href":"https:\/\/www.silutesnaujienos.lt\/lt\/wp-json\/wp\/v2\/posts\/16660","targetHints":{"allow":["GET"]}}],"collection":[{"href":"https:\/\/www.silutesnaujienos.lt\/lt\/wp-json\/wp\/v2\/posts"}],"about":[{"href":"https:\/\/www.silutesnaujienos.lt\/lt\/wp-json\/wp\/v2\/types\/post"}],"author":[{"embeddable":true,"href":"https:\/\/www.silutesnaujienos.lt\/lt\/wp-json\/wp\/v2\/users\/2"}],"replies":[{"embeddable":true,"href":"https:\/\/www.silutesnaujienos.lt\/lt\/wp-json\/wp\/v2\/comments?post=16660"}],"version-history":[{"count":0,"href":"https:\/\/www.silutesnaujienos.lt\/lt\/wp-json\/wp\/v2\/posts\/16660\/revisions"}],"wp:attachment":[{"href":"https:\/\/www.silutesnaujienos.lt\/lt\/wp-json\/wp\/v2\/media?parent=16660"}],"wp:term":[{"taxonomy":"category","embeddable":true,"href":"https:\/\/www.silutesnaujienos.lt\/lt\/wp-json\/wp\/v2\/categories?post=16660"},{"taxonomy":"post_tag","embeddable":true,"href":"https:\/\/www.silutesnaujienos.lt\/lt\/wp-json\/wp\/v2\/tags?post=16660"}],"curies":[{"name":"wp","href":"https:\/\/api.w.org\/{rel}","templated":true}]}}