{"id":17357,"date":"2012-11-24T14:00:00","date_gmt":"2012-11-24T16:00:00","guid":{"rendered":"https:\/\/www.silutesnaujienos.lt\/lt\/i-briuseli-senuteliu-belarus-isvyko-ir-silutiskis\/"},"modified":"2012-11-24T14:00:00","modified_gmt":"2012-11-24T16:00:00","slug":"i-briuseli-senuteliu-belarus-isvyko-ir-silutiskis","status":"publish","type":"post","link":"https:\/\/www.silutesnaujienos.lt\/lt\/i-briuseli-senuteliu-belarus-isvyko-ir-silutiskis\/","title":{"rendered":"\u012e Briusel\u012f senut\u0117liu \u201eBelarus\u201c i\u0161vyko ir \u0161iluti\u0161kis"},"content":{"rendered":"<p><a target=\"_blank\" rel=\"caption[I\u0161 K\u0117daini\u0173 rajono \u012f Briusel\u012f akcijos simbol\u012f - beveik 30-ies met\u0173 senumo traktori\u0173 \u201eBelarus\u201c, i\u0161lyd\u0117jo ir \u0160ilut\u0117s \u017eemdirbi\u0173 b\u016brys. \/ Algimanto Elijo\u0161iaus nuotrauka.] noopener noreferrer\" class=\"jcepopup\" href=\"\/\/silutesnaujienos.lt\/images\/stories\/2012\/11\/23\/traktorius_i_briuseli_4.jpg\" data-rel=\"lightbox-gallery-vwoAjGGc\" data-rl_title=\"\" data-rl_caption=\"\"><img loading=\"lazy\" decoding=\"async\" style=\"margin: 5px; float: left;\" class=\"caption\" title=\"\" alt=\"traktorius i briuseli 4\" src=\"\/\/silutesnaujienos.lt\/images\/stories\/2012\/11\/23\/thumbnails\/thumb_traktorius_i_briuseli_4.jpg\" height=\"230\" width=\"307\" \/><\/a><strong>M\u016bs\u0173 rajono \u016bkininkai vieningai prisijung\u0117 prie Baltijos valstybi\u0173 akcijos i\u0161lyd\u0117ti \u012f Briusel\u012f beveik 30-ies met\u0173 senumo traktori\u0173 \u201eBelarus\u201c ir taip parodyti tenyk\u0161\u010diams biurokratams, su kokia technika XXI am\u017eiuje dirba Lietuvos \u016bkininkai.<\/strong><\/p>\n<p>Tokio kra\u0161tutinumo griebtasi d\u0117l to, kad m\u016bs\u0173 \u0161alies \u017eemdirbiai jau\u010diasi diskriminuojami d\u0117l Europos S\u0105jungos i\u0161mok\u0173: jos skiriamos kelis kartus ma\u017eesn\u0117s nei kit\u0173 ES \u0161ali\u0173 \u017eemdirbiams.<\/p>\n<p>Kartu su Latvijos, Estijos bei Lietuvos rajon\u0173 atstovais sovietin\u0117s gamybos traktori\u0173 i\u0161lyd\u0117jo ir m\u016bs\u0173 rajono, Juknai\u010di\u0173 seni\u016bnijos Gurg\u017ed\u017ei\u0173 kaime \u016bkininkaujantis Petras Tamavi\u010dius.<\/p>\n<p><strong>Tarp 100 atstov\u0173 &#8211; ir \u0161iluti\u0161kis<\/strong><\/p>\n<p>Lietuvos \u016bkinink\u0173 s\u0105jungos (L\u016aS) \u0160ilut\u0117s skyriui priklausantys nariai bendrame susirinkime nusprend\u0117, kad ir jie privalo solidarizuotis su kit\u0173 Baltijos valstybi\u0173 \u017eemdirbiais ir juos palaikyti. Tod\u0117l prie\u0161 savait\u0119 9 i\u0161 j\u0173 kartu su skyriaus pirmininku K\u0119stu\u010diu Andrijausku i\u0161va\u017eiavo \u012f K\u0117daini\u0173 rajon\u0105 ir \u010dia pasitiko per tris Baltijos valstybes va\u017eiuojant\u012f senut\u0117l\u012f \u201eBelarus\u201c MTZ-82.<\/p>\n<p>Protesto akcijos \u201eTarybinis traktorius Talinas &#8211; Briuselis\u201c simboliu tapus\u012f traktori\u0173 iki Briuselio trij\u0173 Baltijos valstybi\u0173 \u017eemdirbiai nuvairavo pasikeisdami. \u016akinink\u0173 nuomone, jis bus bene geriausias \u012frodymas, kokiomis s\u0105lygomis iki \u0161iol \u016bkininkauja lietuvai\u010diai, latviai ir estai.<\/p>\n<p>Baltijos \u0161ali\u0173 \u017eemdirbi\u0173 protesto akcija prasid\u0117jo lapkri\u010dio 12-\u0105j\u0105 Estijos sostin\u0117je Taline. Briusel\u012f traktorius tur\u0117jo pasiekti vakar arba \u0161iandien, mat kaip tik \u0161iomis dienomis ten vyksta nepaprastasis ES auk\u0161\u010diausio lygio susitikimas. \u012evairi\u0173 valstybi\u0173 Vadov\u0173 taryba tarsis d\u0117l ilgalaikio ES biud\u017eeto bei ilgamet\u0117s finansin\u0117s programos.<\/p>\n<p>Protesto akcijoje i\u0161 viso tur\u0117t\u0173 dalyvauti apie 100 atstov\u0173 i\u0161 vis\u0173 Baltijos \u0161ali\u0173.<\/p>\n<p>Lyd\u0117ti senut\u0117l\u012f eksponat\u0105 kaip \u0161iluti\u0161ki\u0173 atstovas pasisi\u016bl\u0117 P.Tamavi\u010dius. Kad \u016bkininkui nereik\u0117t\u0173 pa\u010diam mok\u0117ti u\u017e kelion\u0119, apie pusantro t\u016bkstan\u010dio lit\u0173 suaukojo kiti m\u016bs\u0173 kra\u0161to \u016bkininkai, susirink\u0119 \u012f L\u016aS \u0160ilut\u0117s skyriaus pos\u0117d\u012f.<\/p>\n<p>\u012e \u0160ilut\u0119 P.Tamavi\u010dius tur\u0117t\u0173 gr\u012f\u017eti sekmadien\u012f. Pasak K.Andrijausko, jis ir parve\u0161 \u017eini\u0173 apie pavykusias arba nepavykusias derybas d\u0117l didesni\u0173 i\u0161mok\u0173.<\/p>\n<p><strong>Reikalauja baigti diskriminacij\u0105<\/strong><\/p>\n<p>Visos \u0161alies \u016bkininkai surinko apie 12 t\u016bkst. para\u0161\u0173, reikalaudami baigti diskriminacij\u0105 tiesiogin\u0117mis i\u0161mokomis. Palyginti su kitomis ES nar\u0117mis, lietuviams skiriamos i\u0161mokos yra kone 4 kartus ma\u017eesn\u0117s.<\/p>\n<p>\u201eSupratome, kad tik susivienij\u0119 galime pasiekti norim\u0105 tiksl\u0105. Kadangi m\u016bs\u0173 vis\u0173 trij\u0173 Baltijos \u0161ali\u0173 \u016bkininkai gauna vienas ma\u017eiausi\u0173 i\u0161mok\u0173 Europos S\u0105jungoje, tai nutar\u0117me ne tik \u017eod\u017eiais, bet ir \u012ftikinan\u010dia akcija pakovoti u\u017e savo gerov\u0119. Mes pra\u0161ome toki\u0173 i\u0161mok\u0173, kokias \u0161iandien vidutini\u0161kai gauna ES senbuvi\u0173 \u0161ali\u0173 \u017eemdirbiai &#8211; 268 eur\u0173\u201c, &#8211; traktoriaus palyd\u0173 \u012f Briusel\u012f akcijoje sak\u0117 Lietuvos \u016bkinink\u0173 s\u0105jungos pirmininkas Jonas Talmantas.<\/p>\n<p>M\u016bs\u0173 \u0161alies ir Latvijos bei Estijos \u017eemdirbiai jau nebe pirm\u0105 kart\u0105 beld\u017eiasi \u012f ES biurokrat\u0173 duris. Vis\u0173 trij\u0173 Baltijos valstybi\u0173 \u016bkininkai jau 2 kartus protestavo Briuselyje d\u0117l diskriminacini\u0173 norm\u0173 taikymo naujoms ES nar\u0117ms.<\/p>\n<p>Stojant \u012f ES, \u017eemdirbiams buvo \u017eadama, kad i\u0161mokos vis\u0173 \u0161ali\u0173 \u016bkininkams bus sulygintos 2014 metais. Bet, anot \u017dem\u0117s \u016bkio r\u016bm\u0173 vicepirmininko Broniaus Markausko, joki\u0173 vil\u010di\u0173 nematyti ir art\u0117jant 2014-2020 met\u0173 laikotarpiui. Ir tuomet Baltijos \u0161ali\u0173 \u016bkininkams numatoma mok\u0117ti tuos pa\u010dius 143 eurus, o tai yra vos 65 proc. i\u0161mok\u0173 nuo ES vidurkio.<\/p>\n<p>\u201eKod\u0117l diskriminuojami m\u016bs\u0173 \u017eemdirbiai? Ar jie pras\u010diau dirba? Ar augina ir gamina kitaip nei kit\u0173 \u0161ali\u0173 \u016bkininkai? Taip i\u0161kreipiamos konkurencin\u0117s s\u0105lygos, s\u0117jama nepasitik\u0117jimo ir neteisingumo s\u0117kla\u201c, &#8211; sako B.Markauskas.<\/p>\n<p>M\u016bs\u0173 \u0161alies \u017eemdirbiai dabar jau\u010diasi apmokestinami du kartus. Pirmiausia jie brangiai sumoka investuodami \u012f gamyb\u0105, o produkcij\u0105 priversti parduoti ypa\u010d \u017eemomis kainomis. Be to, jiems tenkan\u010dias i\u0161mokas vadina varganomis, i\u0161kraipan\u010diomis konkurencijos aplink\u0105.<\/p>\n","protected":false},"excerpt":{"rendered":"<p>M\u016bs\u0173 rajono \u016bkininkai vieningai prisijung\u0117 prie Baltijos valstybi\u0173 akcijos i\u0161lyd\u0117ti \u012f Briusel\u012f beveik 30-ies met\u0173 senumo traktori\u0173 \u201eBelarus\u201c ir taip parodyti tenyk\u0161\u010diams biurokratams, su kokia technika XXI am\u017eiuje dirba Lietuvos \u016bkininkai. Tokio kra\u0161tutinumo griebtasi d\u0117l to, kad m\u016bs\u0173 \u0161alies \u017eemdirbiai jau\u010diasi diskriminuojami d\u0117l Europos S\u0105jungos i\u0161mok\u0173: jos skiriamos kelis kartus ma\u017eesn\u0117s nei kit\u0173 ES \u0161ali\u0173 [&hellip;]<\/p>\n","protected":false},"author":2,"featured_media":0,"comment_status":"open","ping_status":"open","sticky":false,"template":"","format":"standard","meta":{"footnotes":""},"categories":[54],"tags":[],"class_list":{"0":"post-17357","1":"post","2":"type-post","3":"status-publish","4":"format-standard","6":"category-zemes-ukis"},"yoast_head":"<!-- This site is optimized with the Yoast SEO plugin v27.5 - https:\/\/yoast.com\/product\/yoast-seo-wordpress\/ -->\n<title>\u012e Briusel\u012f senut\u0117liu \u201eBelarus\u201c i\u0161vyko ir \u0161iluti\u0161kis - \u0160ilut\u0117s naujienos<\/title>\n<meta name=\"robots\" content=\"index, follow, max-snippet:-1, max-image-preview:large, max-video-preview:-1\" \/>\n<link rel=\"canonical\" href=\"https:\/\/www.silutesnaujienos.lt\/lt\/i-briuseli-senuteliu-belarus-isvyko-ir-silutiskis\/\" \/>\n<meta property=\"og:locale\" content=\"lt_LT\" \/>\n<meta property=\"og:type\" content=\"article\" \/>\n<meta property=\"og:title\" content=\"\u012e Briusel\u012f senut\u0117liu \u201eBelarus\u201c i\u0161vyko ir \u0161iluti\u0161kis - \u0160ilut\u0117s naujienos\" \/>\n<meta property=\"og:description\" content=\"M\u016bs\u0173 rajono \u016bkininkai vieningai prisijung\u0117 prie Baltijos valstybi\u0173 akcijos i\u0161lyd\u0117ti \u012f Briusel\u012f beveik 30-ies met\u0173 senumo traktori\u0173 \u201eBelarus\u201c ir taip parodyti tenyk\u0161\u010diams biurokratams, su kokia technika XXI am\u017eiuje dirba Lietuvos \u016bkininkai. Tokio kra\u0161tutinumo griebtasi d\u0117l to, kad m\u016bs\u0173 \u0161alies \u017eemdirbiai jau\u010diasi diskriminuojami d\u0117l Europos S\u0105jungos i\u0161mok\u0173: jos skiriamos kelis kartus ma\u017eesn\u0117s nei kit\u0173 ES \u0161ali\u0173 [&hellip;]\" \/>\n<meta property=\"og:url\" content=\"https:\/\/www.silutesnaujienos.lt\/lt\/i-briuseli-senuteliu-belarus-isvyko-ir-silutiskis\/\" \/>\n<meta property=\"og:site_name\" content=\"\u0160ilut\u0117s naujienos\" \/>\n<meta property=\"article:publisher\" content=\"https:\/\/www.facebook.com\/silutes.naujienos\/\" \/>\n<meta property=\"article:published_time\" content=\"2012-11-24T16:00:00+00:00\" \/>\n<meta property=\"og:image\" content=\"\/\/silutesnaujienos.lt\/images\/stories\/2012\/11\/23\/thumbnails\/thumb_traktorius_i_briuseli_4.jpg\" \/>\n<meta name=\"author\" content=\"\u0160ilut\u0117s naujien\u0173 inf.\" \/>\n<meta name=\"twitter:card\" content=\"summary_large_image\" \/>\n<meta name=\"twitter:label1\" content=\"Written by\" \/>\n\t<meta name=\"twitter:data1\" content=\"\u0160ilut\u0117s naujien\u0173 inf.\" \/>\n\t<meta name=\"twitter:label2\" content=\"Est. reading time\" \/>\n\t<meta name=\"twitter:data2\" content=\"3 minut\u0117s\" \/>\n<script type=\"application\/ld+json\" class=\"yoast-schema-graph\">{\"@context\":\"https:\\\/\\\/schema.org\",\"@graph\":[{\"@type\":\"Article\",\"@id\":\"https:\\\/\\\/www.silutesnaujienos.lt\\\/lt\\\/i-briuseli-senuteliu-belarus-isvyko-ir-silutiskis\\\/#article\",\"isPartOf\":{\"@id\":\"https:\\\/\\\/www.silutesnaujienos.lt\\\/lt\\\/i-briuseli-senuteliu-belarus-isvyko-ir-silutiskis\\\/\"},\"author\":{\"name\":\"\u0160ilut\u0117s naujien\u0173 inf.\",\"@id\":\"https:\\\/\\\/www.silutesnaujienos.lt\\\/lt\\\/#\\\/schema\\\/person\\\/976440ef837444400af3c77c19c61454\"},\"headline\":\"\u012e Briusel\u012f senut\u0117liu \u201eBelarus\u201c i\u0161vyko ir \u0161iluti\u0161kis\",\"datePublished\":\"2012-11-24T16:00:00+00:00\",\"mainEntityOfPage\":{\"@id\":\"https:\\\/\\\/www.silutesnaujienos.lt\\\/lt\\\/i-briuseli-senuteliu-belarus-isvyko-ir-silutiskis\\\/\"},\"wordCount\":620,\"commentCount\":0,\"publisher\":{\"@id\":\"https:\\\/\\\/www.silutesnaujienos.lt\\\/lt\\\/#organization\"},\"articleSection\":[\"\u017dem\u0117s \u016bkis\"],\"inLanguage\":\"lt-LT\",\"potentialAction\":[{\"@type\":\"CommentAction\",\"name\":\"Comment\",\"target\":[\"https:\\\/\\\/www.silutesnaujienos.lt\\\/lt\\\/i-briuseli-senuteliu-belarus-isvyko-ir-silutiskis\\\/#respond\"]}]},{\"@type\":\"WebPage\",\"@id\":\"https:\\\/\\\/www.silutesnaujienos.lt\\\/lt\\\/i-briuseli-senuteliu-belarus-isvyko-ir-silutiskis\\\/\",\"url\":\"https:\\\/\\\/www.silutesnaujienos.lt\\\/lt\\\/i-briuseli-senuteliu-belarus-isvyko-ir-silutiskis\\\/\",\"name\":\"\u012e Briusel\u012f senut\u0117liu \u201eBelarus\u201c i\u0161vyko ir \u0161iluti\u0161kis - \u0160ilut\u0117s naujienos\",\"isPartOf\":{\"@id\":\"https:\\\/\\\/www.silutesnaujienos.lt\\\/lt\\\/#website\"},\"datePublished\":\"2012-11-24T16:00:00+00:00\",\"breadcrumb\":{\"@id\":\"https:\\\/\\\/www.silutesnaujienos.lt\\\/lt\\\/i-briuseli-senuteliu-belarus-isvyko-ir-silutiskis\\\/#breadcrumb\"},\"inLanguage\":\"lt-LT\",\"potentialAction\":[{\"@type\":\"ReadAction\",\"target\":[\"https:\\\/\\\/www.silutesnaujienos.lt\\\/lt\\\/i-briuseli-senuteliu-belarus-isvyko-ir-silutiskis\\\/\"]}]},{\"@type\":\"BreadcrumbList\",\"@id\":\"https:\\\/\\\/www.silutesnaujienos.lt\\\/lt\\\/i-briuseli-senuteliu-belarus-isvyko-ir-silutiskis\\\/#breadcrumb\",\"itemListElement\":[{\"@type\":\"ListItem\",\"position\":1,\"name\":\"Home\",\"item\":\"https:\\\/\\\/www.silutesnaujienos.lt\\\/lt\\\/\"},{\"@type\":\"ListItem\",\"position\":2,\"name\":\"\u012e Briusel\u012f senut\u0117liu \u201eBelarus\u201c i\u0161vyko ir \u0161iluti\u0161kis\"}]},{\"@type\":\"WebSite\",\"@id\":\"https:\\\/\\\/www.silutesnaujienos.lt\\\/lt\\\/#website\",\"url\":\"https:\\\/\\\/www.silutesnaujienos.lt\\\/lt\\\/\",\"name\":\"\u0160ilut\u0117s naujienos\",\"description\":\"B\u016bk ant naujien\u0173 bangos!\",\"publisher\":{\"@id\":\"https:\\\/\\\/www.silutesnaujienos.lt\\\/lt\\\/#organization\"},\"potentialAction\":[{\"@type\":\"SearchAction\",\"target\":{\"@type\":\"EntryPoint\",\"urlTemplate\":\"https:\\\/\\\/www.silutesnaujienos.lt\\\/lt\\\/?s={search_term_string}\"},\"query-input\":{\"@type\":\"PropertyValueSpecification\",\"valueRequired\":true,\"valueName\":\"search_term_string\"}}],\"inLanguage\":\"lt-LT\"},{\"@type\":\"Organization\",\"@id\":\"https:\\\/\\\/www.silutesnaujienos.lt\\\/lt\\\/#organization\",\"name\":\"\u0160ilut\u0117s naujienos\",\"url\":\"https:\\\/\\\/www.silutesnaujienos.lt\\\/lt\\\/\",\"logo\":{\"@type\":\"ImageObject\",\"inLanguage\":\"lt-LT\",\"@id\":\"https:\\\/\\\/www.silutesnaujienos.lt\\\/lt\\\/#\\\/schema\\\/logo\\\/image\\\/\",\"url\":\"https:\\\/\\\/www.silutesnaujienos.lt\\\/lt\\\/wp-content\\\/uploads\\\/2020\\\/06\\\/FB_MAIN.jpg\",\"contentUrl\":\"https:\\\/\\\/www.silutesnaujienos.lt\\\/lt\\\/wp-content\\\/uploads\\\/2020\\\/06\\\/FB_MAIN.jpg\",\"width\":1700,\"height\":956,\"caption\":\"\u0160ilut\u0117s naujienos\"},\"image\":{\"@id\":\"https:\\\/\\\/www.silutesnaujienos.lt\\\/lt\\\/#\\\/schema\\\/logo\\\/image\\\/\"},\"sameAs\":[\"https:\\\/\\\/www.facebook.com\\\/silutes.naujienos\\\/\",\"https:\\\/\\\/www.youtube.com\\\/channel\\\/UCxW-cgrJDt8GxIMxSTAfJZg\"]},{\"@type\":\"Person\",\"@id\":\"https:\\\/\\\/www.silutesnaujienos.lt\\\/lt\\\/#\\\/schema\\\/person\\\/976440ef837444400af3c77c19c61454\",\"name\":\"\u0160ilut\u0117s naujien\u0173 inf.\",\"image\":{\"@type\":\"ImageObject\",\"inLanguage\":\"lt-LT\",\"@id\":\"https:\\\/\\\/www.silutesnaujienos.lt\\\/lt\\\/wp-content\\\/uploads\\\/2020\\\/06\\\/favicon.png\",\"url\":\"https:\\\/\\\/www.silutesnaujienos.lt\\\/lt\\\/wp-content\\\/uploads\\\/2020\\\/06\\\/favicon.png\",\"contentUrl\":\"https:\\\/\\\/www.silutesnaujienos.lt\\\/lt\\\/wp-content\\\/uploads\\\/2020\\\/06\\\/favicon.png\",\"caption\":\"\u0160ilut\u0117s naujien\u0173 inf.\"},\"url\":\"https:\\\/\\\/www.silutesnaujienos.lt\\\/lt\\\/author\\\/vadas\\\/\"}]}<\/script>\n<!-- \/ Yoast SEO plugin. -->","yoast_head_json":{"title":"\u012e Briusel\u012f senut\u0117liu \u201eBelarus\u201c i\u0161vyko ir \u0161iluti\u0161kis - \u0160ilut\u0117s naujienos","robots":{"index":"index","follow":"follow","max-snippet":"max-snippet:-1","max-image-preview":"max-image-preview:large","max-video-preview":"max-video-preview:-1"},"canonical":"https:\/\/www.silutesnaujienos.lt\/lt\/i-briuseli-senuteliu-belarus-isvyko-ir-silutiskis\/","og_locale":"lt_LT","og_type":"article","og_title":"\u012e Briusel\u012f senut\u0117liu \u201eBelarus\u201c i\u0161vyko ir \u0161iluti\u0161kis - \u0160ilut\u0117s naujienos","og_description":"M\u016bs\u0173 rajono \u016bkininkai vieningai prisijung\u0117 prie Baltijos valstybi\u0173 akcijos i\u0161lyd\u0117ti \u012f Briusel\u012f beveik 30-ies met\u0173 senumo traktori\u0173 \u201eBelarus\u201c ir taip parodyti tenyk\u0161\u010diams biurokratams, su kokia technika XXI am\u017eiuje dirba Lietuvos \u016bkininkai. Tokio kra\u0161tutinumo griebtasi d\u0117l to, kad m\u016bs\u0173 \u0161alies \u017eemdirbiai jau\u010diasi diskriminuojami d\u0117l Europos S\u0105jungos i\u0161mok\u0173: jos skiriamos kelis kartus ma\u017eesn\u0117s nei kit\u0173 ES \u0161ali\u0173 [&hellip;]","og_url":"https:\/\/www.silutesnaujienos.lt\/lt\/i-briuseli-senuteliu-belarus-isvyko-ir-silutiskis\/","og_site_name":"\u0160ilut\u0117s naujienos","article_publisher":"https:\/\/www.facebook.com\/silutes.naujienos\/","article_published_time":"2012-11-24T16:00:00+00:00","og_image":[{"url":"\/\/silutesnaujienos.lt\/images\/stories\/2012\/11\/23\/thumbnails\/thumb_traktorius_i_briuseli_4.jpg","type":"","width":"","height":""}],"author":"\u0160ilut\u0117s naujien\u0173 inf.","twitter_card":"summary_large_image","twitter_misc":{"Written by":"\u0160ilut\u0117s naujien\u0173 inf.","Est. reading time":"3 minut\u0117s"},"schema":{"@context":"https:\/\/schema.org","@graph":[{"@type":"Article","@id":"https:\/\/www.silutesnaujienos.lt\/lt\/i-briuseli-senuteliu-belarus-isvyko-ir-silutiskis\/#article","isPartOf":{"@id":"https:\/\/www.silutesnaujienos.lt\/lt\/i-briuseli-senuteliu-belarus-isvyko-ir-silutiskis\/"},"author":{"name":"\u0160ilut\u0117s naujien\u0173 inf.","@id":"https:\/\/www.silutesnaujienos.lt\/lt\/#\/schema\/person\/976440ef837444400af3c77c19c61454"},"headline":"\u012e Briusel\u012f senut\u0117liu \u201eBelarus\u201c i\u0161vyko ir \u0161iluti\u0161kis","datePublished":"2012-11-24T16:00:00+00:00","mainEntityOfPage":{"@id":"https:\/\/www.silutesnaujienos.lt\/lt\/i-briuseli-senuteliu-belarus-isvyko-ir-silutiskis\/"},"wordCount":620,"commentCount":0,"publisher":{"@id":"https:\/\/www.silutesnaujienos.lt\/lt\/#organization"},"articleSection":["\u017dem\u0117s \u016bkis"],"inLanguage":"lt-LT","potentialAction":[{"@type":"CommentAction","name":"Comment","target":["https:\/\/www.silutesnaujienos.lt\/lt\/i-briuseli-senuteliu-belarus-isvyko-ir-silutiskis\/#respond"]}]},{"@type":"WebPage","@id":"https:\/\/www.silutesnaujienos.lt\/lt\/i-briuseli-senuteliu-belarus-isvyko-ir-silutiskis\/","url":"https:\/\/www.silutesnaujienos.lt\/lt\/i-briuseli-senuteliu-belarus-isvyko-ir-silutiskis\/","name":"\u012e Briusel\u012f senut\u0117liu \u201eBelarus\u201c i\u0161vyko ir \u0161iluti\u0161kis - \u0160ilut\u0117s naujienos","isPartOf":{"@id":"https:\/\/www.silutesnaujienos.lt\/lt\/#website"},"datePublished":"2012-11-24T16:00:00+00:00","breadcrumb":{"@id":"https:\/\/www.silutesnaujienos.lt\/lt\/i-briuseli-senuteliu-belarus-isvyko-ir-silutiskis\/#breadcrumb"},"inLanguage":"lt-LT","potentialAction":[{"@type":"ReadAction","target":["https:\/\/www.silutesnaujienos.lt\/lt\/i-briuseli-senuteliu-belarus-isvyko-ir-silutiskis\/"]}]},{"@type":"BreadcrumbList","@id":"https:\/\/www.silutesnaujienos.lt\/lt\/i-briuseli-senuteliu-belarus-isvyko-ir-silutiskis\/#breadcrumb","itemListElement":[{"@type":"ListItem","position":1,"name":"Home","item":"https:\/\/www.silutesnaujienos.lt\/lt\/"},{"@type":"ListItem","position":2,"name":"\u012e Briusel\u012f senut\u0117liu \u201eBelarus\u201c i\u0161vyko ir \u0161iluti\u0161kis"}]},{"@type":"WebSite","@id":"https:\/\/www.silutesnaujienos.lt\/lt\/#website","url":"https:\/\/www.silutesnaujienos.lt\/lt\/","name":"\u0160ilut\u0117s naujienos","description":"B\u016bk ant naujien\u0173 bangos!","publisher":{"@id":"https:\/\/www.silutesnaujienos.lt\/lt\/#organization"},"potentialAction":[{"@type":"SearchAction","target":{"@type":"EntryPoint","urlTemplate":"https:\/\/www.silutesnaujienos.lt\/lt\/?s={search_term_string}"},"query-input":{"@type":"PropertyValueSpecification","valueRequired":true,"valueName":"search_term_string"}}],"inLanguage":"lt-LT"},{"@type":"Organization","@id":"https:\/\/www.silutesnaujienos.lt\/lt\/#organization","name":"\u0160ilut\u0117s naujienos","url":"https:\/\/www.silutesnaujienos.lt\/lt\/","logo":{"@type":"ImageObject","inLanguage":"lt-LT","@id":"https:\/\/www.silutesnaujienos.lt\/lt\/#\/schema\/logo\/image\/","url":"https:\/\/www.silutesnaujienos.lt\/lt\/wp-content\/uploads\/2020\/06\/FB_MAIN.jpg","contentUrl":"https:\/\/www.silutesnaujienos.lt\/lt\/wp-content\/uploads\/2020\/06\/FB_MAIN.jpg","width":1700,"height":956,"caption":"\u0160ilut\u0117s naujienos"},"image":{"@id":"https:\/\/www.silutesnaujienos.lt\/lt\/#\/schema\/logo\/image\/"},"sameAs":["https:\/\/www.facebook.com\/silutes.naujienos\/","https:\/\/www.youtube.com\/channel\/UCxW-cgrJDt8GxIMxSTAfJZg"]},{"@type":"Person","@id":"https:\/\/www.silutesnaujienos.lt\/lt\/#\/schema\/person\/976440ef837444400af3c77c19c61454","name":"\u0160ilut\u0117s naujien\u0173 inf.","image":{"@type":"ImageObject","inLanguage":"lt-LT","@id":"https:\/\/www.silutesnaujienos.lt\/lt\/wp-content\/uploads\/2020\/06\/favicon.png","url":"https:\/\/www.silutesnaujienos.lt\/lt\/wp-content\/uploads\/2020\/06\/favicon.png","contentUrl":"https:\/\/www.silutesnaujienos.lt\/lt\/wp-content\/uploads\/2020\/06\/favicon.png","caption":"\u0160ilut\u0117s naujien\u0173 inf."},"url":"https:\/\/www.silutesnaujienos.lt\/lt\/author\/vadas\/"}]}},"publishpress_future_workflow_manual_trigger":{"enabledWorkflows":[]},"amp_enabled":true,"_links":{"self":[{"href":"https:\/\/www.silutesnaujienos.lt\/lt\/wp-json\/wp\/v2\/posts\/17357","targetHints":{"allow":["GET"]}}],"collection":[{"href":"https:\/\/www.silutesnaujienos.lt\/lt\/wp-json\/wp\/v2\/posts"}],"about":[{"href":"https:\/\/www.silutesnaujienos.lt\/lt\/wp-json\/wp\/v2\/types\/post"}],"author":[{"embeddable":true,"href":"https:\/\/www.silutesnaujienos.lt\/lt\/wp-json\/wp\/v2\/users\/2"}],"replies":[{"embeddable":true,"href":"https:\/\/www.silutesnaujienos.lt\/lt\/wp-json\/wp\/v2\/comments?post=17357"}],"version-history":[{"count":0,"href":"https:\/\/www.silutesnaujienos.lt\/lt\/wp-json\/wp\/v2\/posts\/17357\/revisions"}],"wp:attachment":[{"href":"https:\/\/www.silutesnaujienos.lt\/lt\/wp-json\/wp\/v2\/media?parent=17357"}],"wp:term":[{"taxonomy":"category","embeddable":true,"href":"https:\/\/www.silutesnaujienos.lt\/lt\/wp-json\/wp\/v2\/categories?post=17357"},{"taxonomy":"post_tag","embeddable":true,"href":"https:\/\/www.silutesnaujienos.lt\/lt\/wp-json\/wp\/v2\/tags?post=17357"}],"curies":[{"name":"wp","href":"https:\/\/api.w.org\/{rel}","templated":true}]}}