{"id":17359,"date":"2013-02-06T08:00:00","date_gmt":"2013-02-06T10:00:00","guid":{"rendered":"https:\/\/www.silutesnaujienos.lt\/lt\/uz-lietuvos-zemes-ukio-ateiti-briuselyje-kovos-kintiske\/"},"modified":"2013-02-06T08:00:00","modified_gmt":"2013-02-06T10:00:00","slug":"uz-lietuvos-zemes-ukio-ateiti-briuselyje-kovos-kintiske","status":"publish","type":"post","link":"https:\/\/www.silutesnaujienos.lt\/lt\/uz-lietuvos-zemes-ukio-ateiti-briuselyje-kovos-kintiske\/","title":{"rendered":"U\u017e Lietuvos \u017eem\u0117s \u016bkio ateit\u012f Briuselyje kovos kinti\u0161k\u0117"},"content":{"rendered":"<p><a target=\"_blank\" rel=\"caption[\u0160ilut\u0117s rajono \u017eemdirbi\u0173 delegacija dalyvavo ir lapkrit\u012f Briuselyje vykusioje protesto akcijoje.] noopener noreferrer\" class=\"jcepopup\" href=\"\/\/silutesnaujienos.lt\/images\/stories\/2013\/02\/05\/traktorius_i_briuseli_4.jpg\" data-rel=\"lightbox-gallery-TtDLdDVa\" data-rl_title=\"\" data-rl_caption=\"\"><img loading=\"lazy\" decoding=\"async\" style=\"margin: 5px; float: left;\" class=\"caption\" title=\"\" alt=\"traktorius i briuseli 4\" src=\"\/\/silutesnaujienos.lt\/images\/stories\/2013\/02\/05\/thumbnails\/thumb_traktorius_i_briuseli_4.jpg\" height=\"230\" width=\"307\" \/><\/a><strong>\u0160ilut\u0117s rajono \u016bkininkai v\u0117l jungiasi prie trij\u0173 Baltijos valstybi\u0173 \u017eemdirbi\u0173 protesto akcijos d\u0117l kelis kartus menkesni\u0173 i\u0161mok\u0173, nei atitenka kitoms ES \u0161alims &#8211; senbuv\u0117ms.<\/strong><\/p>\n<p><strong>Ruden\u012f visos \u0161alies \u016bkininkai surinko apie 12 t\u016bkstan\u010di\u0173 para\u0161\u0173, reikalaudami baigti diskriminacij\u0105 tiesiogin\u0117mis i\u0161mokomis, o lapkri\u010dio m\u0117nes\u012f \u012f Baltijos \u0161ali\u0173 \u016bkinink\u0173 piket\u0105 Briuselyje vyko ir m\u016bs\u0173 rajono Gurg\u017ed\u017ei\u0173 kaimo \u016bkininkas Petras Tamavi\u010dius.<\/strong><\/p>\n<p><strong>Ketvirtadien\u012f vykusiame Lietuvos \u016bkinink\u0173 s\u0105jungos \u0160ilut\u0117s skyriaus nari\u0173 susirinkime nutarta prisijungti ir prie antrosios protesto akcijos, kuri Briuselyje vyks ryt ir poryt. \u0160\u012f kart\u0105 \u0161iluti\u0161kiams atstovauti sutiko Kintuose gyvenanti jaunoji \u016bkinink\u0117 Giedr\u0117 STANKUT\u0116.<\/strong><\/p>\n<p>Vakar vakare jauna moteris i\u0161vyko \u012f Briusel\u012f kartu su Lietuvos delegacija, kurios sud\u0117tyje yra jaunieji \u016bkininkai ir \u017eem\u0117s \u016bkio specialybi\u0173 studentai.<\/p>\n<p><strong>ES pa\u017ead\u0173 netes\u0117jo<\/strong><\/p>\n<p>Ruden\u012f protesto akcijoje Briuselyje dalyvavo apie 100 t\u016bkstan\u010di\u0173 atstov\u0173 i\u0161 vis\u0173 trij\u0173 Baltijos valstybi\u0173.<\/p>\n<p>Beje, tai nebuvo pirmasis Latvijos, Estijos ir m\u016bs\u0173 \u0161alies \u016bkinink\u0173 beldimas \u012f Europos S\u0105jungos biurokrat\u0173 duris &#8211; iki tol surengti du protestai Briuselyje d\u0117l diskriminacini\u0173 norm\u0173 taikymo naujoms ES nar\u0117ms.<\/p>\n<p>Lietuvai stojant \u012f ES buvo \u017ead\u0117ta, kad i\u0161mokos vis\u0173 \u0161ali\u0173 &#8211; ES nari\u0173 \u017eemdirbiams bus sulygintos 2014 metais. Bet, pasak Lietuvos \u017eem\u0117s \u016bkio r\u016bm\u0173 vicepirmininko Broniaus Markausko, joki\u0173 tai patvirtinan\u010di\u0173 \u017eenkl\u0173 dabar jau nematyti.<\/p>\n<p><strong>Teko ie\u0161koti jauno kandidato<\/strong><\/p>\n<p>Tod\u0117l dar viena tokia protesto akcija Briuselyje rengiama vasario 6 ir 7 dienomis. Ji vyks kiek kitaip nei ankstesnioji. Nors kaimynai latviai ir estai si\u016bl\u0117 deginti lau\u017eus, lietuviai jiems nepritar\u0117. Tod\u0117l tiesiog vyks diskusijos su europarlamentarais prie apskritojo stalo.<\/p>\n<p>Lietuvos \u017eem\u0117s \u016bkio r\u016bm\u0173 atstov\u0117 m\u016bs\u0173 rajone Birut\u0117 Gustien\u0117 informavo \u0160ilut\u0117s rajono \u016bkininkus, kad reikia ie\u0161koti ir naujo atstovo, ir rinkti pinigus jo kelionei. \u0160\u012f kart\u0105 \u017eemdirbi\u0173 kandidatui keliami auk\u0161ti reikalavimai: jis turi kalb\u0117ti angl\u0173 arba vokie\u010di\u0173 kalba, mat susitikime su europarlamentarais vert\u0117j\u0173 nebus. Be to, tai turi b\u016bti jaunas, bet gerai \u0161alies ir rajono \u017eem\u0117s \u016bkio problemas i\u0161manantis \u017emogus.<\/p>\n<p>Tok\u012f kandidat\u0105 pamari\u0161kiai turi &#8211; atsakingos misijos imtis sutiko kinti\u0161k\u0117 G.Stankut\u0117. Jauna moteris yra baigusi auk\u0161tuosius mokslus: turi agronomijos bakalauro ir aplinkos apsaugos politikos ir administravimo magistro diplomus, moka u\u017esienio kalbas. Turi ji ir patirties sprend\u017eiant \u017eem\u0117s \u016bkio problemas &#8211; yra dirbusi Nacionalin\u0117je mok\u0117jim\u0173 agent\u016broje bei Augal\u0173 apsaugos tarnyboje (dabar &#8211; Augalininkyst\u0117s tarnyba).<\/p>\n<p>Nuo 2007 met\u0173 G.Stankut\u0117 \u016bkininkauja Kintuose, turi augalininkyst\u0117s \u016bk\u012f.<\/p>\n<p><strong>Jaunimas pra\u0161ys ne\u017elugdyti ateities<\/strong><\/p>\n<p>\u012e Briusel\u012f Lietuvos jaun\u0173j\u0173 \u016bkinink\u0173 ir student\u0173 delegacija i\u0161vyko vakar, o gr\u012f\u0161 v\u0117l\u0173 vasario 9-osios vakar\u0105. Ir \u0161\u012f kart\u0105 bus reikalaujama teisingos ir s\u0105\u017einingos ES bendrosios \u017eem\u0117s \u016bkio politikos ir primenama apie nelygiavert\u012f po\u017ei\u016br\u012f \u012f Baltijos \u017eemdirbius skirstant tiesiogines i\u0161mokas.<\/p>\n<p>\u0160\u012f kart\u0105 Lietuvos \u017eemdirbi\u0173 interesus Briuselyje gins daugiau kaip pus\u0161imtis Lietuvos kaimo jaunuoli\u0173. \u201eJaunimui, norin\u010diam likti ir \u016bkininkauti Lietuvoje, tiesiogini\u0173 i\u0161mok\u0173 problema yra labai aktuali. Europos Vadov\u0173 Tarybos sprendimas d\u0117l B\u017d\u016aP finansavimo ir ypa\u010d d\u0117l paramos, tenkan\u010dios Baltijos \u0161alims nulems \u0161i\u0173 jaun\u0173 \u017emoni\u0173 ateit\u012f\u201c, &#8211; teigiama \u017dem\u0117s \u016bkio r\u016bm\u0173 i\u0161platintoje informacijoje.<\/p>\n<p>Protestuotojai \u012f Briusel\u012f&nbsp; i\u0161 Kauno buvo i\u0161lyd\u0117ti su dainomis, suliepsnojo vilties lau\u017eas. Akcija Briuselyje bus taiki, jos metu skamb\u0117s Baltijos \u0161ali\u0173 liaudies dainos, protestuojantis Lietuvos kaimo jaunimas pra\u0161ys ne\u017elugdyti j\u0173 ateities.<\/p>\n<p><strong>\u017demdirbiams pritaria ir \u017d\u016aR<\/strong><\/p>\n<p>\u201eBaltijos \u0161ali\u0173 \u017eemdirbiai neketina taikstytis su tolesne diskriminacija. \u0160iuo metu Baltijos \u0161alys gauna ma\u017eiausias tiesiogines i\u0161mokas Europos S\u0105jungoje, nors m\u016bs\u0173 gamybos ka\u0161tai ir i\u0161laidos yra tokie pat, o kai kuriais atvejais netgi didesni negu kitose ES \u0161alyse. Vienodi ir aplinkosaugos, gyv\u016bn\u0173 gerov\u0117s, maisto saugos ir kiti reikalavimai &#8211; kurie, beje, yra grie\u017e\u010diausi pasaulyje. Tod\u0117l Baltijos \u0161ali\u0173 \u017eemdirbiams yra pernelyg sunku konkuruoti bendroje ES rinkoje.<\/p>\n<p>\u017dem\u0117s \u016bkio i\u0161saugojimas ypa\u010d svarbus jaunajai kartai. M\u016bs\u0173 jaunimas nori dirbti i\u0161 t\u0117v\u0173 paveld\u0117t\u0105 \u017eem\u0119. Ta\u010diau konkurencin\u0117s s\u0105lygos \u0161iuo metu yra tokios i\u0161kreiptos, jog jauniems \u017emon\u0117ms labiau apsimoka b\u016bti samdiniais u\u017esienyje, nei \u0161eimininkauti t\u0117vyn\u0117je. \u016akininkai Lietuvoje sensta &#8211; didel\u0117 j\u0173 dalis jau perkop\u0117 65 metus. Laikas b\u016bt\u0173 perduoti \u017eem\u0119 jaunajai kartai, ta\u010diau kol tiesiogin\u0117s i\u0161mokos nepadid\u0117s, jaunimui savo ateit\u012f kurti Lietuvoje bus pernelyg sunku\u201c, &#8211; sako \u017dem\u0117s \u016bkio r\u016bm\u0173 (\u017d\u016aR) pirmininkas Andriejus Stan\u010dikas.<\/p>\n<p>Baltijos \u0161ali\u0173 \u017eemdirbiai reikalauja, kad jiems mokam\u0173 tiesiogini\u0173 i\u0161mok\u0173 lygis jau nuo 2014 m. sausio 1 d., be joki\u0173 pereinam\u0173j\u0173 laikotarpi\u0173, b\u016bt\u0173 lygus ES vidurkiui arba kiek \u012fmanoma jam artimas.<\/p>\n<p>\u0160ie reikalavimai i\u0161sakyti ir bendroje Lietuvos, Latvijos ir Estijos \u017eem\u0117s \u016bkio ministr\u0173 bei nevyriausybini\u0173 \u017eem\u0117s \u016bkio organizacij\u0173 vadov\u0173 deklaracijoje bei Baltijos \u0161ali\u0173 peticijoje, kuri\u0105 pasira\u0161\u0117 beveik 100 000 Baltijos \u0161ali\u0173 pilie\u010di\u0173. \u0160i peticija buvo \u012fteikta ES Parlamento pirmininkui Martin Schultz bei Europos komisarams Algirdui \u0160emetai bei Dacian Ciolos.<\/p>\n<p><strong>Kinti\u0161k\u0117 tiki s\u0117kme<\/strong><\/p>\n<p>\u201eTikiuosi, kad bendromis \u017eemdirbi\u0173 ir derybinink\u0173 pastangomis pavyks rasti priimtin\u0105 sprendim\u0105, kuris ai\u0161kiai parodyt\u0173, jog kiekvienas Europos S\u0105jungos pilietis turi teis\u0119 \u012f teisingas bei s\u0105\u017einingas \u016bkininkavimo s\u0105lygas. Jei jau aplinkosaugos, gyv\u016bn\u0173 gerov\u0117s, maisto saugos ir kiti reikalavimai yra vienodi visoje ES, tai tikrai neteisinga, jog i\u0161mokos yra nelygios ir m\u016bs\u0173 \u0161aliai &#8211; jos vienos \u017eemiausi\u0173 ES\u201c, &#8211; \u201e\u0160ilut\u0117s naujienoms\u201c sak\u0117 G.Stankut\u0117.<\/p>\n<p>Gavusi pasi\u016blym\u0105 va\u017eiuoti \u012f Briusel\u012f atstovauti rajono ir visos \u0161alies \u017eemdirbiams, ji sako sutikusi ilgai negalvodama. \u201eKadangi pati esu agronom\u0117, \u016bkinink\u0117, suprantu, koki\u0105 didel\u0119 \u012ftak\u0105 \u017eem\u0117s \u016bkiui turi ES parama, ypa\u010d tiesiogin\u0117s i\u0161mokos\u201c, &#8211; sako ji.<\/p>\n<p>Kinti\u0161k\u0117 tiki, jos pavyks pasiekti, kad i\u0161mokos Lietuvos aktyviems \u016bkininkams b\u016bt\u0173 padidintos, nes kaip tik \u0161ie \u016bkininkai, jos \u017eod\u017eiais tariant, ateityje lems gyvybing\u0105 bei tvar\u0173 Lietuvos \u017eem\u0117s \u016bk\u012f.<\/p>\n<p><strong>Pinigus kelionei surinko patys \u016bkininkai<\/strong><\/p>\n<p>Pasak B.Gustien\u0117s, kai kalba pasisuka apie pinigus, nei\u0161vengiama ir neai\u0161kum\u0173. Jau ir tarp \u0160ilut\u0117s rajono \u016bkinink\u0173 pasigirdo kalb\u0173, es\u0105 \u012f Briusel\u012f vykstant P.Tamavi\u010diui buvo surinkta 3000 lit\u0173, tad dalis pinig\u0173 ne\u017einia kur dingusi.<\/p>\n<p>\u016akinink\u0173 susirinkimo metu B.Gustien\u0117 informavo, jog buvo suaukota 2480 lit\u0173. Norintys, kad j\u0173 interesus Europos S\u0105jungoje atstovaut\u0173 G.Stankut\u0117, tur\u0117jo surinkti dar 280 lit\u0173, mat kaip tik tiek tr\u016bko iki reikiamos sumos jos kelionei. \u017dem\u0117s \u016bkio r\u016bmai i\u0161 \u017dem\u0117s \u016bkio ministerijos \u0161\u012f kart\u0105 akcijai paremti negavo n\u0117 lito.<\/p>\n","protected":false},"excerpt":{"rendered":"<p>\u0160ilut\u0117s rajono \u016bkininkai v\u0117l jungiasi prie trij\u0173 Baltijos valstybi\u0173 \u017eemdirbi\u0173 protesto akcijos d\u0117l kelis kartus menkesni\u0173 i\u0161mok\u0173, nei atitenka kitoms ES \u0161alims &#8211; senbuv\u0117ms. Ruden\u012f visos \u0161alies \u016bkininkai surinko apie 12 t\u016bkstan\u010di\u0173 para\u0161\u0173, reikalaudami baigti diskriminacij\u0105 tiesiogin\u0117mis i\u0161mokomis, o lapkri\u010dio m\u0117nes\u012f \u012f Baltijos \u0161ali\u0173 \u016bkinink\u0173 piket\u0105 Briuselyje vyko ir m\u016bs\u0173 rajono Gurg\u017ed\u017ei\u0173 kaimo \u016bkininkas Petras [&hellip;]<\/p>\n","protected":false},"author":2,"featured_media":0,"comment_status":"open","ping_status":"open","sticky":false,"template":"","format":"standard","meta":{"footnotes":""},"categories":[54],"tags":[],"class_list":{"0":"post-17359","1":"post","2":"type-post","3":"status-publish","4":"format-standard","6":"category-zemes-ukis"},"yoast_head":"<!-- This site is optimized with the Yoast SEO plugin v27.5 - https:\/\/yoast.com\/product\/yoast-seo-wordpress\/ -->\n<title>U\u017e Lietuvos \u017eem\u0117s \u016bkio ateit\u012f Briuselyje kovos kinti\u0161k\u0117 - \u0160ilut\u0117s naujienos<\/title>\n<meta name=\"robots\" content=\"index, follow, max-snippet:-1, max-image-preview:large, max-video-preview:-1\" \/>\n<link rel=\"canonical\" href=\"https:\/\/www.silutesnaujienos.lt\/lt\/uz-lietuvos-zemes-ukio-ateiti-briuselyje-kovos-kintiske\/\" \/>\n<meta property=\"og:locale\" content=\"lt_LT\" \/>\n<meta property=\"og:type\" content=\"article\" \/>\n<meta property=\"og:title\" content=\"U\u017e Lietuvos \u017eem\u0117s \u016bkio ateit\u012f Briuselyje kovos kinti\u0161k\u0117 - \u0160ilut\u0117s naujienos\" \/>\n<meta property=\"og:description\" content=\"\u0160ilut\u0117s rajono \u016bkininkai v\u0117l jungiasi prie trij\u0173 Baltijos valstybi\u0173 \u017eemdirbi\u0173 protesto akcijos d\u0117l kelis kartus menkesni\u0173 i\u0161mok\u0173, nei atitenka kitoms ES \u0161alims &#8211; senbuv\u0117ms. Ruden\u012f visos \u0161alies \u016bkininkai surinko apie 12 t\u016bkstan\u010di\u0173 para\u0161\u0173, reikalaudami baigti diskriminacij\u0105 tiesiogin\u0117mis i\u0161mokomis, o lapkri\u010dio m\u0117nes\u012f \u012f Baltijos \u0161ali\u0173 \u016bkinink\u0173 piket\u0105 Briuselyje vyko ir m\u016bs\u0173 rajono Gurg\u017ed\u017ei\u0173 kaimo \u016bkininkas Petras [&hellip;]\" \/>\n<meta property=\"og:url\" content=\"https:\/\/www.silutesnaujienos.lt\/lt\/uz-lietuvos-zemes-ukio-ateiti-briuselyje-kovos-kintiske\/\" \/>\n<meta property=\"og:site_name\" content=\"\u0160ilut\u0117s naujienos\" \/>\n<meta property=\"article:publisher\" content=\"https:\/\/www.facebook.com\/silutes.naujienos\/\" \/>\n<meta property=\"article:published_time\" content=\"2013-02-06T10:00:00+00:00\" \/>\n<meta property=\"og:image\" content=\"\/\/silutesnaujienos.lt\/images\/stories\/2013\/02\/05\/thumbnails\/thumb_traktorius_i_briuseli_4.jpg\" \/>\n<meta name=\"author\" content=\"\u0160ilut\u0117s naujien\u0173 inf.\" \/>\n<meta name=\"twitter:card\" content=\"summary_large_image\" \/>\n<meta name=\"twitter:label1\" content=\"Written by\" \/>\n\t<meta name=\"twitter:data1\" content=\"\u0160ilut\u0117s naujien\u0173 inf.\" \/>\n\t<meta name=\"twitter:label2\" content=\"Est. reading time\" \/>\n\t<meta name=\"twitter:data2\" content=\"5 minut\u0117s\" \/>\n<script type=\"application\/ld+json\" class=\"yoast-schema-graph\">{\"@context\":\"https:\\\/\\\/schema.org\",\"@graph\":[{\"@type\":\"Article\",\"@id\":\"https:\\\/\\\/www.silutesnaujienos.lt\\\/lt\\\/uz-lietuvos-zemes-ukio-ateiti-briuselyje-kovos-kintiske\\\/#article\",\"isPartOf\":{\"@id\":\"https:\\\/\\\/www.silutesnaujienos.lt\\\/lt\\\/uz-lietuvos-zemes-ukio-ateiti-briuselyje-kovos-kintiske\\\/\"},\"author\":{\"name\":\"\u0160ilut\u0117s naujien\u0173 inf.\",\"@id\":\"https:\\\/\\\/www.silutesnaujienos.lt\\\/lt\\\/#\\\/schema\\\/person\\\/976440ef837444400af3c77c19c61454\"},\"headline\":\"U\u017e Lietuvos \u017eem\u0117s \u016bkio ateit\u012f Briuselyje kovos kinti\u0161k\u0117\",\"datePublished\":\"2013-02-06T10:00:00+00:00\",\"mainEntityOfPage\":{\"@id\":\"https:\\\/\\\/www.silutesnaujienos.lt\\\/lt\\\/uz-lietuvos-zemes-ukio-ateiti-briuselyje-kovos-kintiske\\\/\"},\"wordCount\":1063,\"commentCount\":0,\"publisher\":{\"@id\":\"https:\\\/\\\/www.silutesnaujienos.lt\\\/lt\\\/#organization\"},\"articleSection\":[\"\u017dem\u0117s \u016bkis\"],\"inLanguage\":\"lt-LT\",\"potentialAction\":[{\"@type\":\"CommentAction\",\"name\":\"Comment\",\"target\":[\"https:\\\/\\\/www.silutesnaujienos.lt\\\/lt\\\/uz-lietuvos-zemes-ukio-ateiti-briuselyje-kovos-kintiske\\\/#respond\"]}]},{\"@type\":\"WebPage\",\"@id\":\"https:\\\/\\\/www.silutesnaujienos.lt\\\/lt\\\/uz-lietuvos-zemes-ukio-ateiti-briuselyje-kovos-kintiske\\\/\",\"url\":\"https:\\\/\\\/www.silutesnaujienos.lt\\\/lt\\\/uz-lietuvos-zemes-ukio-ateiti-briuselyje-kovos-kintiske\\\/\",\"name\":\"U\u017e Lietuvos \u017eem\u0117s \u016bkio ateit\u012f Briuselyje kovos kinti\u0161k\u0117 - \u0160ilut\u0117s naujienos\",\"isPartOf\":{\"@id\":\"https:\\\/\\\/www.silutesnaujienos.lt\\\/lt\\\/#website\"},\"datePublished\":\"2013-02-06T10:00:00+00:00\",\"breadcrumb\":{\"@id\":\"https:\\\/\\\/www.silutesnaujienos.lt\\\/lt\\\/uz-lietuvos-zemes-ukio-ateiti-briuselyje-kovos-kintiske\\\/#breadcrumb\"},\"inLanguage\":\"lt-LT\",\"potentialAction\":[{\"@type\":\"ReadAction\",\"target\":[\"https:\\\/\\\/www.silutesnaujienos.lt\\\/lt\\\/uz-lietuvos-zemes-ukio-ateiti-briuselyje-kovos-kintiske\\\/\"]}]},{\"@type\":\"BreadcrumbList\",\"@id\":\"https:\\\/\\\/www.silutesnaujienos.lt\\\/lt\\\/uz-lietuvos-zemes-ukio-ateiti-briuselyje-kovos-kintiske\\\/#breadcrumb\",\"itemListElement\":[{\"@type\":\"ListItem\",\"position\":1,\"name\":\"Home\",\"item\":\"https:\\\/\\\/www.silutesnaujienos.lt\\\/lt\\\/\"},{\"@type\":\"ListItem\",\"position\":2,\"name\":\"U\u017e Lietuvos \u017eem\u0117s \u016bkio ateit\u012f Briuselyje kovos kinti\u0161k\u0117\"}]},{\"@type\":\"WebSite\",\"@id\":\"https:\\\/\\\/www.silutesnaujienos.lt\\\/lt\\\/#website\",\"url\":\"https:\\\/\\\/www.silutesnaujienos.lt\\\/lt\\\/\",\"name\":\"\u0160ilut\u0117s naujienos\",\"description\":\"B\u016bk ant naujien\u0173 bangos!\",\"publisher\":{\"@id\":\"https:\\\/\\\/www.silutesnaujienos.lt\\\/lt\\\/#organization\"},\"potentialAction\":[{\"@type\":\"SearchAction\",\"target\":{\"@type\":\"EntryPoint\",\"urlTemplate\":\"https:\\\/\\\/www.silutesnaujienos.lt\\\/lt\\\/?s={search_term_string}\"},\"query-input\":{\"@type\":\"PropertyValueSpecification\",\"valueRequired\":true,\"valueName\":\"search_term_string\"}}],\"inLanguage\":\"lt-LT\"},{\"@type\":\"Organization\",\"@id\":\"https:\\\/\\\/www.silutesnaujienos.lt\\\/lt\\\/#organization\",\"name\":\"\u0160ilut\u0117s naujienos\",\"url\":\"https:\\\/\\\/www.silutesnaujienos.lt\\\/lt\\\/\",\"logo\":{\"@type\":\"ImageObject\",\"inLanguage\":\"lt-LT\",\"@id\":\"https:\\\/\\\/www.silutesnaujienos.lt\\\/lt\\\/#\\\/schema\\\/logo\\\/image\\\/\",\"url\":\"https:\\\/\\\/www.silutesnaujienos.lt\\\/lt\\\/wp-content\\\/uploads\\\/2020\\\/06\\\/FB_MAIN.jpg\",\"contentUrl\":\"https:\\\/\\\/www.silutesnaujienos.lt\\\/lt\\\/wp-content\\\/uploads\\\/2020\\\/06\\\/FB_MAIN.jpg\",\"width\":1700,\"height\":956,\"caption\":\"\u0160ilut\u0117s naujienos\"},\"image\":{\"@id\":\"https:\\\/\\\/www.silutesnaujienos.lt\\\/lt\\\/#\\\/schema\\\/logo\\\/image\\\/\"},\"sameAs\":[\"https:\\\/\\\/www.facebook.com\\\/silutes.naujienos\\\/\",\"https:\\\/\\\/www.youtube.com\\\/channel\\\/UCxW-cgrJDt8GxIMxSTAfJZg\"]},{\"@type\":\"Person\",\"@id\":\"https:\\\/\\\/www.silutesnaujienos.lt\\\/lt\\\/#\\\/schema\\\/person\\\/976440ef837444400af3c77c19c61454\",\"name\":\"\u0160ilut\u0117s naujien\u0173 inf.\",\"image\":{\"@type\":\"ImageObject\",\"inLanguage\":\"lt-LT\",\"@id\":\"https:\\\/\\\/www.silutesnaujienos.lt\\\/lt\\\/wp-content\\\/uploads\\\/2020\\\/06\\\/favicon.png\",\"url\":\"https:\\\/\\\/www.silutesnaujienos.lt\\\/lt\\\/wp-content\\\/uploads\\\/2020\\\/06\\\/favicon.png\",\"contentUrl\":\"https:\\\/\\\/www.silutesnaujienos.lt\\\/lt\\\/wp-content\\\/uploads\\\/2020\\\/06\\\/favicon.png\",\"caption\":\"\u0160ilut\u0117s naujien\u0173 inf.\"},\"url\":\"https:\\\/\\\/www.silutesnaujienos.lt\\\/lt\\\/author\\\/vadas\\\/\"}]}<\/script>\n<!-- \/ Yoast SEO plugin. -->","yoast_head_json":{"title":"U\u017e Lietuvos \u017eem\u0117s \u016bkio ateit\u012f Briuselyje kovos kinti\u0161k\u0117 - \u0160ilut\u0117s naujienos","robots":{"index":"index","follow":"follow","max-snippet":"max-snippet:-1","max-image-preview":"max-image-preview:large","max-video-preview":"max-video-preview:-1"},"canonical":"https:\/\/www.silutesnaujienos.lt\/lt\/uz-lietuvos-zemes-ukio-ateiti-briuselyje-kovos-kintiske\/","og_locale":"lt_LT","og_type":"article","og_title":"U\u017e Lietuvos \u017eem\u0117s \u016bkio ateit\u012f Briuselyje kovos kinti\u0161k\u0117 - \u0160ilut\u0117s naujienos","og_description":"\u0160ilut\u0117s rajono \u016bkininkai v\u0117l jungiasi prie trij\u0173 Baltijos valstybi\u0173 \u017eemdirbi\u0173 protesto akcijos d\u0117l kelis kartus menkesni\u0173 i\u0161mok\u0173, nei atitenka kitoms ES \u0161alims &#8211; senbuv\u0117ms. Ruden\u012f visos \u0161alies \u016bkininkai surinko apie 12 t\u016bkstan\u010di\u0173 para\u0161\u0173, reikalaudami baigti diskriminacij\u0105 tiesiogin\u0117mis i\u0161mokomis, o lapkri\u010dio m\u0117nes\u012f \u012f Baltijos \u0161ali\u0173 \u016bkinink\u0173 piket\u0105 Briuselyje vyko ir m\u016bs\u0173 rajono Gurg\u017ed\u017ei\u0173 kaimo \u016bkininkas Petras [&hellip;]","og_url":"https:\/\/www.silutesnaujienos.lt\/lt\/uz-lietuvos-zemes-ukio-ateiti-briuselyje-kovos-kintiske\/","og_site_name":"\u0160ilut\u0117s naujienos","article_publisher":"https:\/\/www.facebook.com\/silutes.naujienos\/","article_published_time":"2013-02-06T10:00:00+00:00","og_image":[{"url":"\/\/silutesnaujienos.lt\/images\/stories\/2013\/02\/05\/thumbnails\/thumb_traktorius_i_briuseli_4.jpg","type":"","width":"","height":""}],"author":"\u0160ilut\u0117s naujien\u0173 inf.","twitter_card":"summary_large_image","twitter_misc":{"Written by":"\u0160ilut\u0117s naujien\u0173 inf.","Est. reading time":"5 minut\u0117s"},"schema":{"@context":"https:\/\/schema.org","@graph":[{"@type":"Article","@id":"https:\/\/www.silutesnaujienos.lt\/lt\/uz-lietuvos-zemes-ukio-ateiti-briuselyje-kovos-kintiske\/#article","isPartOf":{"@id":"https:\/\/www.silutesnaujienos.lt\/lt\/uz-lietuvos-zemes-ukio-ateiti-briuselyje-kovos-kintiske\/"},"author":{"name":"\u0160ilut\u0117s naujien\u0173 inf.","@id":"https:\/\/www.silutesnaujienos.lt\/lt\/#\/schema\/person\/976440ef837444400af3c77c19c61454"},"headline":"U\u017e Lietuvos \u017eem\u0117s \u016bkio ateit\u012f Briuselyje kovos kinti\u0161k\u0117","datePublished":"2013-02-06T10:00:00+00:00","mainEntityOfPage":{"@id":"https:\/\/www.silutesnaujienos.lt\/lt\/uz-lietuvos-zemes-ukio-ateiti-briuselyje-kovos-kintiske\/"},"wordCount":1063,"commentCount":0,"publisher":{"@id":"https:\/\/www.silutesnaujienos.lt\/lt\/#organization"},"articleSection":["\u017dem\u0117s \u016bkis"],"inLanguage":"lt-LT","potentialAction":[{"@type":"CommentAction","name":"Comment","target":["https:\/\/www.silutesnaujienos.lt\/lt\/uz-lietuvos-zemes-ukio-ateiti-briuselyje-kovos-kintiske\/#respond"]}]},{"@type":"WebPage","@id":"https:\/\/www.silutesnaujienos.lt\/lt\/uz-lietuvos-zemes-ukio-ateiti-briuselyje-kovos-kintiske\/","url":"https:\/\/www.silutesnaujienos.lt\/lt\/uz-lietuvos-zemes-ukio-ateiti-briuselyje-kovos-kintiske\/","name":"U\u017e Lietuvos \u017eem\u0117s \u016bkio ateit\u012f Briuselyje kovos kinti\u0161k\u0117 - \u0160ilut\u0117s naujienos","isPartOf":{"@id":"https:\/\/www.silutesnaujienos.lt\/lt\/#website"},"datePublished":"2013-02-06T10:00:00+00:00","breadcrumb":{"@id":"https:\/\/www.silutesnaujienos.lt\/lt\/uz-lietuvos-zemes-ukio-ateiti-briuselyje-kovos-kintiske\/#breadcrumb"},"inLanguage":"lt-LT","potentialAction":[{"@type":"ReadAction","target":["https:\/\/www.silutesnaujienos.lt\/lt\/uz-lietuvos-zemes-ukio-ateiti-briuselyje-kovos-kintiske\/"]}]},{"@type":"BreadcrumbList","@id":"https:\/\/www.silutesnaujienos.lt\/lt\/uz-lietuvos-zemes-ukio-ateiti-briuselyje-kovos-kintiske\/#breadcrumb","itemListElement":[{"@type":"ListItem","position":1,"name":"Home","item":"https:\/\/www.silutesnaujienos.lt\/lt\/"},{"@type":"ListItem","position":2,"name":"U\u017e Lietuvos \u017eem\u0117s \u016bkio ateit\u012f Briuselyje kovos kinti\u0161k\u0117"}]},{"@type":"WebSite","@id":"https:\/\/www.silutesnaujienos.lt\/lt\/#website","url":"https:\/\/www.silutesnaujienos.lt\/lt\/","name":"\u0160ilut\u0117s naujienos","description":"B\u016bk ant naujien\u0173 bangos!","publisher":{"@id":"https:\/\/www.silutesnaujienos.lt\/lt\/#organization"},"potentialAction":[{"@type":"SearchAction","target":{"@type":"EntryPoint","urlTemplate":"https:\/\/www.silutesnaujienos.lt\/lt\/?s={search_term_string}"},"query-input":{"@type":"PropertyValueSpecification","valueRequired":true,"valueName":"search_term_string"}}],"inLanguage":"lt-LT"},{"@type":"Organization","@id":"https:\/\/www.silutesnaujienos.lt\/lt\/#organization","name":"\u0160ilut\u0117s naujienos","url":"https:\/\/www.silutesnaujienos.lt\/lt\/","logo":{"@type":"ImageObject","inLanguage":"lt-LT","@id":"https:\/\/www.silutesnaujienos.lt\/lt\/#\/schema\/logo\/image\/","url":"https:\/\/www.silutesnaujienos.lt\/lt\/wp-content\/uploads\/2020\/06\/FB_MAIN.jpg","contentUrl":"https:\/\/www.silutesnaujienos.lt\/lt\/wp-content\/uploads\/2020\/06\/FB_MAIN.jpg","width":1700,"height":956,"caption":"\u0160ilut\u0117s naujienos"},"image":{"@id":"https:\/\/www.silutesnaujienos.lt\/lt\/#\/schema\/logo\/image\/"},"sameAs":["https:\/\/www.facebook.com\/silutes.naujienos\/","https:\/\/www.youtube.com\/channel\/UCxW-cgrJDt8GxIMxSTAfJZg"]},{"@type":"Person","@id":"https:\/\/www.silutesnaujienos.lt\/lt\/#\/schema\/person\/976440ef837444400af3c77c19c61454","name":"\u0160ilut\u0117s naujien\u0173 inf.","image":{"@type":"ImageObject","inLanguage":"lt-LT","@id":"https:\/\/www.silutesnaujienos.lt\/lt\/wp-content\/uploads\/2020\/06\/favicon.png","url":"https:\/\/www.silutesnaujienos.lt\/lt\/wp-content\/uploads\/2020\/06\/favicon.png","contentUrl":"https:\/\/www.silutesnaujienos.lt\/lt\/wp-content\/uploads\/2020\/06\/favicon.png","caption":"\u0160ilut\u0117s naujien\u0173 inf."},"url":"https:\/\/www.silutesnaujienos.lt\/lt\/author\/vadas\/"}]}},"publishpress_future_workflow_manual_trigger":{"enabledWorkflows":[]},"amp_enabled":true,"_links":{"self":[{"href":"https:\/\/www.silutesnaujienos.lt\/lt\/wp-json\/wp\/v2\/posts\/17359","targetHints":{"allow":["GET"]}}],"collection":[{"href":"https:\/\/www.silutesnaujienos.lt\/lt\/wp-json\/wp\/v2\/posts"}],"about":[{"href":"https:\/\/www.silutesnaujienos.lt\/lt\/wp-json\/wp\/v2\/types\/post"}],"author":[{"embeddable":true,"href":"https:\/\/www.silutesnaujienos.lt\/lt\/wp-json\/wp\/v2\/users\/2"}],"replies":[{"embeddable":true,"href":"https:\/\/www.silutesnaujienos.lt\/lt\/wp-json\/wp\/v2\/comments?post=17359"}],"version-history":[{"count":0,"href":"https:\/\/www.silutesnaujienos.lt\/lt\/wp-json\/wp\/v2\/posts\/17359\/revisions"}],"wp:attachment":[{"href":"https:\/\/www.silutesnaujienos.lt\/lt\/wp-json\/wp\/v2\/media?parent=17359"}],"wp:term":[{"taxonomy":"category","embeddable":true,"href":"https:\/\/www.silutesnaujienos.lt\/lt\/wp-json\/wp\/v2\/categories?post=17359"},{"taxonomy":"post_tag","embeddable":true,"href":"https:\/\/www.silutesnaujienos.lt\/lt\/wp-json\/wp\/v2\/tags?post=17359"}],"curies":[{"name":"wp","href":"https:\/\/api.w.org\/{rel}","templated":true}]}}