{"id":17591,"date":"2012-12-09T08:00:00","date_gmt":"2012-12-09T10:00:00","guid":{"rendered":"https:\/\/www.silutesnaujienos.lt\/lt\/neigalieji-rinkosi-burin-ir-dziaugesi-vieni-kitu-draugija\/"},"modified":"2012-12-09T08:00:00","modified_gmt":"2012-12-09T10:00:00","slug":"neigalieji-rinkosi-burin-ir-dziaugesi-vieni-kitu-draugija","status":"publish","type":"post","link":"https:\/\/www.silutesnaujienos.lt\/lt\/neigalieji-rinkosi-burin-ir-dziaugesi-vieni-kitu-draugija\/","title":{"rendered":"Ne\u012fgalieji rinkosi b\u016brin ir d\u017eiaug\u0117si vieni kit\u0173 draugija"},"content":{"rendered":"<p><a target=\"_blank\" rel=\"caption[I.Riterien\u0117 kavin\u0117s \u201eSava\u201c personalui dovanojo draugijos nari\u0173 ir jos pa\u010dios sukurtas seges.] noopener noreferrer\" class=\"jcepopup\" href=\"\/\/silutesnaujienos.lt\/images\/stories\/2012\/12\/07\/neigaliuju_diena_sveksna_riteriene_dekoja.jpg\" data-rel=\"lightbox-gallery-2VZG9t5u\" data-rl_title=\"\" data-rl_caption=\"\"><img loading=\"lazy\" decoding=\"async\" style=\"margin: 5px; float: left;\" class=\"caption\" title=\"\" alt=\"neigaliuju diena sveksna riteriene dekoja\" src=\"\/\/silutesnaujienos.lt\/images\/stories\/2012\/12\/07\/thumbnails\/thumb_neigaliuju_diena_sveksna_riteriene_dekoja.jpg\" height=\"230\" width=\"307\" \/><\/a><strong>Kaip jau \u012fprasta, prasid\u0117jus adventui, gruod\u017eio 3-i\u0105j\u0105, minima Tarptautin\u0117 ne\u012fgali\u0173j\u0173 diena, kuri\u0105 1992 m. pabaigoje paskelb\u0117 Jungtini\u0173 Taut\u0173 organizacija.<\/strong><\/p>\n<p><strong>Pirmadien\u012f rajono ne\u012fgalieji rinkosi draug\u0117n pabendrauti, pasidalinti d\u017eiaugsmais ir r\u016bpes\u010diais, pasig\u0117r\u0117ti vieni kit\u0173 rankdarbiais ir dainomis. <\/strong><\/p>\n<p><strong>\u0160iluti\u0161kiams &#8211; sveikinimai ir dainos<\/strong><\/p>\n<p>\u0160ilut\u0117s ne\u012fgali\u0173j\u0173 draugijos sal\u0117 pirmadien\u012f buvo pilnut\u0117l\u0117. Atvykusieji \u012f min\u0117jim\u0105 d\u017eiaug\u0117si draugijos rankdarbi\u0173 b\u016brelio nari\u0173 parod\u0117le, \u0161iltai \u0161ypsojosi vieni kitiems.<\/p>\n<p>Susirinkusiuosius sveikinusi draugijos pirminink\u0117 Laimut\u0117 Dulkyt\u0117 link\u0117jo visiems sveikatos, j\u0173 \u0161eimoms ir glob\u0117jams &#8211; stipryb\u0117s <a target=\"_blank\" rel=\"caption[\u012e ne\u012fgali\u0173j\u0173 dienos min\u0117jim\u0105 \u0160ilut\u0117je atvyko \u201eGintar\u0117lio\u201c dar\u017eelinukai.] noopener noreferrer\" class=\"jcepopup\" href=\"\/\/silutesnaujienos.lt\/images\/stories\/2012\/12\/07\/neigaliuju_diena_silute_dulkyte_vaikai.jpg\" data-rel=\"lightbox-gallery-2VZG9t5u\" data-rl_title=\"\" data-rl_caption=\"\"><img loading=\"lazy\" decoding=\"async\" style=\"margin: 5px; float: right;\" class=\"caption\" title=\"\" alt=\"neigaliuju diena silute dulkyte vaikai\" src=\"\/\/silutesnaujienos.lt\/images\/stories\/2012\/12\/07\/thumbnails\/thumb_neigaliuju_diena_silute_dulkyte_vaikai.jpg\" height=\"230\" width=\"307\" \/><\/a>ir kantryb\u0117s. Ne\u012fgaliuosius pasveikino ir su g\u0117l\u0117mis atvyk\u0119 Seimo nario K\u0119sto Komskio pad\u0117j\u0117jai \u0160ilut\u0117je.<\/p>\n<p>Ne\u012fgalieji negail\u0117jo plojim\u0173 j\u0173 pasveikinti atvykusiems vaik\u0173 dar\u017eelio \u201eGintar\u0117lis\u201c ma\u017eiesiems, plojo ir savi\u0161kiams &#8211; kapelai ir ansamblio \u201eKvietkelis\u201c daininink\u0117ms, sve\u010diui poetui Audriui \u0160ik\u0161niui.<\/p>\n<p><strong>\u0160v\u0117k\u0161ni\u0161kiams &#8211; verslinink\u0173 piet\u016bs<\/strong><\/p>\n<p>\u0160v\u0117k\u0161nos ne\u012fgalieji pamin\u0117ti \u0161i\u0105 dien\u0105 pakviet\u0117 seni\u016bn\u0105 Alfons\u0105 \u0160eput\u012f, kunig\u0105 prelat\u0105, Garb\u0117s kanaunink\u0105 Petr\u0105 Stuk\u0105, rajono Tarybos narius Vaid\u0105 Pavilon\u012f ir Gintar\u0105 Bru\u017e\u0105.<\/p>\n<p>\u0160v\u0117k\u0161ni\u0161kiai sekmadien\u012f rinkosi \u012f \u0161v. apa\u0161talo Jok\u016bbo ba\u017eny\u010di\u0105 \u0161ventoms mi\u0161ioms, kurias aukoj\u0119s klebonas kun. Saulius Katkus pabr\u0117\u017e\u0117 ne\u012fgali\u0173 \u017emoni\u0173 dvasios stipryb\u0119 ir mok\u0117jim\u0105 nepasiduoti gyvenimo negandoms, negail\u0117jo i\u0161minting\u0173 ir vilting\u0173 \u017eod\u017ei\u0173 \u017emon\u0117ms, kuriuos persekioja negalia ir nelengvi i\u0161bandymai. Sveikiesiems klebonas link\u0117jo sakyti kuo daugiau \u0161ilt\u0173 \u017eod\u017ei\u0173, rodyti daugiau d\u0117mesio ken\u010diantiesiems ir visada i\u0161tiesti pagalbos rank\u0105 pra\u0161antiesiems.<\/p>\n<p>Seni\u016bnas A.\u0160eputis pabr\u0117\u017e\u0117 ne\u012fgali\u0173 \u017emoni\u0173 mok\u0117jim\u0105 nepasiduoti gyvenimo i\u0161bandymams, link\u0117jo nebl\u0117stan\u010dios vilties ir tik\u0117jimo, meil\u0117s sau ir artimam, toliau stebinti savo i\u0161mone, nei\u0161sekan\u010diais sumanymais ir s\u0117kminga veikla.<a target=\"_blank\" rel=\"caption[Ne\u012fgalieji negail\u0117jo plojim\u0173 j\u0173 pasveikinti atvykusiems saviveiklininkams.] noopener noreferrer\" class=\"jcepopup\" href=\"\/\/silutesnaujienos.lt\/images\/stories\/2012\/12\/07\/neigaliuju_diena_silute_publika_1.jpg\" data-rel=\"lightbox-gallery-2VZG9t5u\" data-rl_title=\"\" data-rl_caption=\"\"><img loading=\"lazy\" decoding=\"async\" style=\"margin: 5px; float: left;\" class=\"caption\" title=\"\" alt=\"neigaliuju diena silute publika 1\" src=\"\/\/silutesnaujienos.lt\/images\/stories\/2012\/12\/07\/thumbnails\/thumb_neigaliuju_diena_silute_publika_1.jpg\" height=\"230\" width=\"307\" \/><\/a><\/p>\n<p>Savi\u0161kius sveikino ir \u0160v\u0117k\u0161nos ne\u012fgali\u0173j\u0173 pirminink\u0117 Ingrita Riterien\u0117 ir pakviet\u0117 paklausyti Veivir\u017e\u0117n\u0173 kult\u016bros centro mi\u0161raus vokalinio ansamblio \u201eVir\u017eis\u201c koncerto. Susirinkusieji tapo ba\u017eny\u010dios erdv\u0117je vykusio muzikos ir \u017eod\u017eio spektaklio liudininkais. <\/p>\n<p>\u0160iltiems, prasmingiems skaitov\u0117s \u017eod\u017eiams ir ansamblio i\u0161dainuotam maironi\u0161kajam poezijos gro\u017eiui neliko abejing\u0173.<\/p>\n<p>Po koncerto \u0161vent\u0117s dalyvius bei sve\u010dius papietauti ir pabendrauti kavin\u0117je \u201eSava\u201c pakviet\u0117 vietos verslininkai Regina ir Rimas Paulauskai. Prie \u0161venti\u0161kai papuo\u0161to stalo I.Riterien\u0117 d\u017eiaug\u0117si, kad ne\u012fgalieji jau\u010dia poreik\u012f bendrauti, kurti, i\u0161reik\u0161ti save, noriai dalyvauja \u012fvairiuose projektuose ir akcijose, link\u0117jo jiems nepristigti jautrumo, \u012fsigilinti \u012f kit\u0173 problemas ir primin\u0117, kad tik buvimas visiems kartu yra j\u0117ga. Min\u0117jimo sve\u010diams pirminink\u0117 dovanojo po adventin\u012f vainik\u0105, o ansamblio nariams ir kavin\u0117s personalui &#8211; draugijos nari\u0173 ir jos pa\u010dios sukurtas seges.<\/p>\n<p>\u201eNuostabu, kad yra \u0161vent\u0117s, kurios praskaidrina kasdienyb\u0119 ir mes visi kartu galime tuo pasid\u017eiaugti\u201c, &#8211; skirstydamiesi kalb\u0117jo ne\u012fgalieji.<\/p>\n","protected":false},"excerpt":{"rendered":"<p>Kaip jau \u012fprasta, prasid\u0117jus adventui, gruod\u017eio 3-i\u0105j\u0105, minima Tarptautin\u0117 ne\u012fgali\u0173j\u0173 diena, kuri\u0105 1992 m. pabaigoje paskelb\u0117 Jungtini\u0173 Taut\u0173 organizacija. Pirmadien\u012f rajono ne\u012fgalieji rinkosi draug\u0117n pabendrauti, pasidalinti d\u017eiaugsmais ir r\u016bpes\u010diais, pasig\u0117r\u0117ti vieni kit\u0173 rankdarbiais ir dainomis. \u0160iluti\u0161kiams &#8211; sveikinimai ir dainos \u0160ilut\u0117s ne\u012fgali\u0173j\u0173 draugijos sal\u0117 pirmadien\u012f buvo pilnut\u0117l\u0117. Atvykusieji \u012f min\u0117jim\u0105 d\u017eiaug\u0117si draugijos rankdarbi\u0173 b\u016brelio nari\u0173 [&hellip;]<\/p>\n","protected":false},"author":2,"featured_media":0,"comment_status":"open","ping_status":"open","sticky":false,"template":"","format":"standard","meta":{"footnotes":""},"categories":[51],"tags":[],"class_list":{"0":"post-17591","1":"post","2":"type-post","3":"status-publish","4":"format-standard","6":"category-kultura-ir-svietimas"},"yoast_head":"<!-- This site is optimized with the Yoast SEO plugin v27.5 - https:\/\/yoast.com\/product\/yoast-seo-wordpress\/ -->\n<title>Ne\u012fgalieji rinkosi b\u016brin ir d\u017eiaug\u0117si vieni kit\u0173 draugija - \u0160ilut\u0117s naujienos<\/title>\n<meta name=\"robots\" content=\"index, follow, max-snippet:-1, max-image-preview:large, max-video-preview:-1\" \/>\n<link rel=\"canonical\" href=\"https:\/\/www.silutesnaujienos.lt\/lt\/neigalieji-rinkosi-burin-ir-dziaugesi-vieni-kitu-draugija\/\" \/>\n<meta property=\"og:locale\" content=\"lt_LT\" \/>\n<meta property=\"og:type\" content=\"article\" \/>\n<meta property=\"og:title\" content=\"Ne\u012fgalieji rinkosi b\u016brin ir d\u017eiaug\u0117si vieni kit\u0173 draugija - \u0160ilut\u0117s naujienos\" \/>\n<meta property=\"og:description\" content=\"Kaip jau \u012fprasta, prasid\u0117jus adventui, gruod\u017eio 3-i\u0105j\u0105, minima Tarptautin\u0117 ne\u012fgali\u0173j\u0173 diena, kuri\u0105 1992 m. pabaigoje paskelb\u0117 Jungtini\u0173 Taut\u0173 organizacija. Pirmadien\u012f rajono ne\u012fgalieji rinkosi draug\u0117n pabendrauti, pasidalinti d\u017eiaugsmais ir r\u016bpes\u010diais, pasig\u0117r\u0117ti vieni kit\u0173 rankdarbiais ir dainomis. \u0160iluti\u0161kiams &#8211; sveikinimai ir dainos \u0160ilut\u0117s ne\u012fgali\u0173j\u0173 draugijos sal\u0117 pirmadien\u012f buvo pilnut\u0117l\u0117. Atvykusieji \u012f min\u0117jim\u0105 d\u017eiaug\u0117si draugijos rankdarbi\u0173 b\u016brelio nari\u0173 [&hellip;]\" \/>\n<meta property=\"og:url\" content=\"https:\/\/www.silutesnaujienos.lt\/lt\/neigalieji-rinkosi-burin-ir-dziaugesi-vieni-kitu-draugija\/\" \/>\n<meta property=\"og:site_name\" content=\"\u0160ilut\u0117s naujienos\" \/>\n<meta property=\"article:publisher\" content=\"https:\/\/www.facebook.com\/silutes.naujienos\/\" \/>\n<meta property=\"article:published_time\" content=\"2012-12-09T10:00:00+00:00\" \/>\n<meta property=\"og:image\" content=\"\/\/silutesnaujienos.lt\/images\/stories\/2012\/12\/07\/thumbnails\/thumb_neigaliuju_diena_sveksna_riteriene_dekoja.jpg\" \/>\n<meta name=\"author\" content=\"\u0160ilut\u0117s naujien\u0173 inf.\" \/>\n<meta name=\"twitter:card\" content=\"summary_large_image\" \/>\n<meta name=\"twitter:label1\" content=\"Written by\" \/>\n\t<meta name=\"twitter:data1\" content=\"\u0160ilut\u0117s naujien\u0173 inf.\" \/>\n\t<meta name=\"twitter:label2\" content=\"Est. reading time\" \/>\n\t<meta name=\"twitter:data2\" content=\"2 minut\u0117s\" \/>\n<script type=\"application\/ld+json\" class=\"yoast-schema-graph\">{\"@context\":\"https:\\\/\\\/schema.org\",\"@graph\":[{\"@type\":\"Article\",\"@id\":\"https:\\\/\\\/www.silutesnaujienos.lt\\\/lt\\\/neigalieji-rinkosi-burin-ir-dziaugesi-vieni-kitu-draugija\\\/#article\",\"isPartOf\":{\"@id\":\"https:\\\/\\\/www.silutesnaujienos.lt\\\/lt\\\/neigalieji-rinkosi-burin-ir-dziaugesi-vieni-kitu-draugija\\\/\"},\"author\":{\"name\":\"\u0160ilut\u0117s naujien\u0173 inf.\",\"@id\":\"https:\\\/\\\/www.silutesnaujienos.lt\\\/lt\\\/#\\\/schema\\\/person\\\/976440ef837444400af3c77c19c61454\"},\"headline\":\"Ne\u012fgalieji rinkosi b\u016brin ir d\u017eiaug\u0117si vieni kit\u0173 draugija\",\"datePublished\":\"2012-12-09T10:00:00+00:00\",\"mainEntityOfPage\":{\"@id\":\"https:\\\/\\\/www.silutesnaujienos.lt\\\/lt\\\/neigalieji-rinkosi-burin-ir-dziaugesi-vieni-kitu-draugija\\\/\"},\"wordCount\":493,\"commentCount\":0,\"publisher\":{\"@id\":\"https:\\\/\\\/www.silutesnaujienos.lt\\\/lt\\\/#organization\"},\"articleSection\":[\"Kult\u016bra ir \u0161vietimas\"],\"inLanguage\":\"lt-LT\",\"potentialAction\":[{\"@type\":\"CommentAction\",\"name\":\"Comment\",\"target\":[\"https:\\\/\\\/www.silutesnaujienos.lt\\\/lt\\\/neigalieji-rinkosi-burin-ir-dziaugesi-vieni-kitu-draugija\\\/#respond\"]}]},{\"@type\":\"WebPage\",\"@id\":\"https:\\\/\\\/www.silutesnaujienos.lt\\\/lt\\\/neigalieji-rinkosi-burin-ir-dziaugesi-vieni-kitu-draugija\\\/\",\"url\":\"https:\\\/\\\/www.silutesnaujienos.lt\\\/lt\\\/neigalieji-rinkosi-burin-ir-dziaugesi-vieni-kitu-draugija\\\/\",\"name\":\"Ne\u012fgalieji rinkosi b\u016brin ir d\u017eiaug\u0117si vieni kit\u0173 draugija - \u0160ilut\u0117s naujienos\",\"isPartOf\":{\"@id\":\"https:\\\/\\\/www.silutesnaujienos.lt\\\/lt\\\/#website\"},\"datePublished\":\"2012-12-09T10:00:00+00:00\",\"breadcrumb\":{\"@id\":\"https:\\\/\\\/www.silutesnaujienos.lt\\\/lt\\\/neigalieji-rinkosi-burin-ir-dziaugesi-vieni-kitu-draugija\\\/#breadcrumb\"},\"inLanguage\":\"lt-LT\",\"potentialAction\":[{\"@type\":\"ReadAction\",\"target\":[\"https:\\\/\\\/www.silutesnaujienos.lt\\\/lt\\\/neigalieji-rinkosi-burin-ir-dziaugesi-vieni-kitu-draugija\\\/\"]}]},{\"@type\":\"BreadcrumbList\",\"@id\":\"https:\\\/\\\/www.silutesnaujienos.lt\\\/lt\\\/neigalieji-rinkosi-burin-ir-dziaugesi-vieni-kitu-draugija\\\/#breadcrumb\",\"itemListElement\":[{\"@type\":\"ListItem\",\"position\":1,\"name\":\"Home\",\"item\":\"https:\\\/\\\/www.silutesnaujienos.lt\\\/lt\\\/\"},{\"@type\":\"ListItem\",\"position\":2,\"name\":\"Ne\u012fgalieji rinkosi b\u016brin ir d\u017eiaug\u0117si vieni kit\u0173 draugija\"}]},{\"@type\":\"WebSite\",\"@id\":\"https:\\\/\\\/www.silutesnaujienos.lt\\\/lt\\\/#website\",\"url\":\"https:\\\/\\\/www.silutesnaujienos.lt\\\/lt\\\/\",\"name\":\"\u0160ilut\u0117s naujienos\",\"description\":\"B\u016bk ant naujien\u0173 bangos!\",\"publisher\":{\"@id\":\"https:\\\/\\\/www.silutesnaujienos.lt\\\/lt\\\/#organization\"},\"potentialAction\":[{\"@type\":\"SearchAction\",\"target\":{\"@type\":\"EntryPoint\",\"urlTemplate\":\"https:\\\/\\\/www.silutesnaujienos.lt\\\/lt\\\/?s={search_term_string}\"},\"query-input\":{\"@type\":\"PropertyValueSpecification\",\"valueRequired\":true,\"valueName\":\"search_term_string\"}}],\"inLanguage\":\"lt-LT\"},{\"@type\":\"Organization\",\"@id\":\"https:\\\/\\\/www.silutesnaujienos.lt\\\/lt\\\/#organization\",\"name\":\"\u0160ilut\u0117s naujienos\",\"url\":\"https:\\\/\\\/www.silutesnaujienos.lt\\\/lt\\\/\",\"logo\":{\"@type\":\"ImageObject\",\"inLanguage\":\"lt-LT\",\"@id\":\"https:\\\/\\\/www.silutesnaujienos.lt\\\/lt\\\/#\\\/schema\\\/logo\\\/image\\\/\",\"url\":\"https:\\\/\\\/www.silutesnaujienos.lt\\\/lt\\\/wp-content\\\/uploads\\\/2020\\\/06\\\/FB_MAIN.jpg\",\"contentUrl\":\"https:\\\/\\\/www.silutesnaujienos.lt\\\/lt\\\/wp-content\\\/uploads\\\/2020\\\/06\\\/FB_MAIN.jpg\",\"width\":1700,\"height\":956,\"caption\":\"\u0160ilut\u0117s naujienos\"},\"image\":{\"@id\":\"https:\\\/\\\/www.silutesnaujienos.lt\\\/lt\\\/#\\\/schema\\\/logo\\\/image\\\/\"},\"sameAs\":[\"https:\\\/\\\/www.facebook.com\\\/silutes.naujienos\\\/\",\"https:\\\/\\\/www.youtube.com\\\/channel\\\/UCxW-cgrJDt8GxIMxSTAfJZg\"]},{\"@type\":\"Person\",\"@id\":\"https:\\\/\\\/www.silutesnaujienos.lt\\\/lt\\\/#\\\/schema\\\/person\\\/976440ef837444400af3c77c19c61454\",\"name\":\"\u0160ilut\u0117s naujien\u0173 inf.\",\"image\":{\"@type\":\"ImageObject\",\"inLanguage\":\"lt-LT\",\"@id\":\"https:\\\/\\\/www.silutesnaujienos.lt\\\/lt\\\/wp-content\\\/uploads\\\/2020\\\/06\\\/favicon.png\",\"url\":\"https:\\\/\\\/www.silutesnaujienos.lt\\\/lt\\\/wp-content\\\/uploads\\\/2020\\\/06\\\/favicon.png\",\"contentUrl\":\"https:\\\/\\\/www.silutesnaujienos.lt\\\/lt\\\/wp-content\\\/uploads\\\/2020\\\/06\\\/favicon.png\",\"caption\":\"\u0160ilut\u0117s naujien\u0173 inf.\"},\"url\":\"https:\\\/\\\/www.silutesnaujienos.lt\\\/lt\\\/author\\\/vadas\\\/\"}]}<\/script>\n<!-- \/ Yoast SEO plugin. -->","yoast_head_json":{"title":"Ne\u012fgalieji rinkosi b\u016brin ir d\u017eiaug\u0117si vieni kit\u0173 draugija - \u0160ilut\u0117s naujienos","robots":{"index":"index","follow":"follow","max-snippet":"max-snippet:-1","max-image-preview":"max-image-preview:large","max-video-preview":"max-video-preview:-1"},"canonical":"https:\/\/www.silutesnaujienos.lt\/lt\/neigalieji-rinkosi-burin-ir-dziaugesi-vieni-kitu-draugija\/","og_locale":"lt_LT","og_type":"article","og_title":"Ne\u012fgalieji rinkosi b\u016brin ir d\u017eiaug\u0117si vieni kit\u0173 draugija - \u0160ilut\u0117s naujienos","og_description":"Kaip jau \u012fprasta, prasid\u0117jus adventui, gruod\u017eio 3-i\u0105j\u0105, minima Tarptautin\u0117 ne\u012fgali\u0173j\u0173 diena, kuri\u0105 1992 m. pabaigoje paskelb\u0117 Jungtini\u0173 Taut\u0173 organizacija. Pirmadien\u012f rajono ne\u012fgalieji rinkosi draug\u0117n pabendrauti, pasidalinti d\u017eiaugsmais ir r\u016bpes\u010diais, pasig\u0117r\u0117ti vieni kit\u0173 rankdarbiais ir dainomis. \u0160iluti\u0161kiams &#8211; sveikinimai ir dainos \u0160ilut\u0117s ne\u012fgali\u0173j\u0173 draugijos sal\u0117 pirmadien\u012f buvo pilnut\u0117l\u0117. Atvykusieji \u012f min\u0117jim\u0105 d\u017eiaug\u0117si draugijos rankdarbi\u0173 b\u016brelio nari\u0173 [&hellip;]","og_url":"https:\/\/www.silutesnaujienos.lt\/lt\/neigalieji-rinkosi-burin-ir-dziaugesi-vieni-kitu-draugija\/","og_site_name":"\u0160ilut\u0117s naujienos","article_publisher":"https:\/\/www.facebook.com\/silutes.naujienos\/","article_published_time":"2012-12-09T10:00:00+00:00","og_image":[{"url":"\/\/silutesnaujienos.lt\/images\/stories\/2012\/12\/07\/thumbnails\/thumb_neigaliuju_diena_sveksna_riteriene_dekoja.jpg","type":"","width":"","height":""}],"author":"\u0160ilut\u0117s naujien\u0173 inf.","twitter_card":"summary_large_image","twitter_misc":{"Written by":"\u0160ilut\u0117s naujien\u0173 inf.","Est. reading time":"2 minut\u0117s"},"schema":{"@context":"https:\/\/schema.org","@graph":[{"@type":"Article","@id":"https:\/\/www.silutesnaujienos.lt\/lt\/neigalieji-rinkosi-burin-ir-dziaugesi-vieni-kitu-draugija\/#article","isPartOf":{"@id":"https:\/\/www.silutesnaujienos.lt\/lt\/neigalieji-rinkosi-burin-ir-dziaugesi-vieni-kitu-draugija\/"},"author":{"name":"\u0160ilut\u0117s naujien\u0173 inf.","@id":"https:\/\/www.silutesnaujienos.lt\/lt\/#\/schema\/person\/976440ef837444400af3c77c19c61454"},"headline":"Ne\u012fgalieji rinkosi b\u016brin ir d\u017eiaug\u0117si vieni kit\u0173 draugija","datePublished":"2012-12-09T10:00:00+00:00","mainEntityOfPage":{"@id":"https:\/\/www.silutesnaujienos.lt\/lt\/neigalieji-rinkosi-burin-ir-dziaugesi-vieni-kitu-draugija\/"},"wordCount":493,"commentCount":0,"publisher":{"@id":"https:\/\/www.silutesnaujienos.lt\/lt\/#organization"},"articleSection":["Kult\u016bra ir \u0161vietimas"],"inLanguage":"lt-LT","potentialAction":[{"@type":"CommentAction","name":"Comment","target":["https:\/\/www.silutesnaujienos.lt\/lt\/neigalieji-rinkosi-burin-ir-dziaugesi-vieni-kitu-draugija\/#respond"]}]},{"@type":"WebPage","@id":"https:\/\/www.silutesnaujienos.lt\/lt\/neigalieji-rinkosi-burin-ir-dziaugesi-vieni-kitu-draugija\/","url":"https:\/\/www.silutesnaujienos.lt\/lt\/neigalieji-rinkosi-burin-ir-dziaugesi-vieni-kitu-draugija\/","name":"Ne\u012fgalieji rinkosi b\u016brin ir d\u017eiaug\u0117si vieni kit\u0173 draugija - \u0160ilut\u0117s naujienos","isPartOf":{"@id":"https:\/\/www.silutesnaujienos.lt\/lt\/#website"},"datePublished":"2012-12-09T10:00:00+00:00","breadcrumb":{"@id":"https:\/\/www.silutesnaujienos.lt\/lt\/neigalieji-rinkosi-burin-ir-dziaugesi-vieni-kitu-draugija\/#breadcrumb"},"inLanguage":"lt-LT","potentialAction":[{"@type":"ReadAction","target":["https:\/\/www.silutesnaujienos.lt\/lt\/neigalieji-rinkosi-burin-ir-dziaugesi-vieni-kitu-draugija\/"]}]},{"@type":"BreadcrumbList","@id":"https:\/\/www.silutesnaujienos.lt\/lt\/neigalieji-rinkosi-burin-ir-dziaugesi-vieni-kitu-draugija\/#breadcrumb","itemListElement":[{"@type":"ListItem","position":1,"name":"Home","item":"https:\/\/www.silutesnaujienos.lt\/lt\/"},{"@type":"ListItem","position":2,"name":"Ne\u012fgalieji rinkosi b\u016brin ir d\u017eiaug\u0117si vieni kit\u0173 draugija"}]},{"@type":"WebSite","@id":"https:\/\/www.silutesnaujienos.lt\/lt\/#website","url":"https:\/\/www.silutesnaujienos.lt\/lt\/","name":"\u0160ilut\u0117s naujienos","description":"B\u016bk ant naujien\u0173 bangos!","publisher":{"@id":"https:\/\/www.silutesnaujienos.lt\/lt\/#organization"},"potentialAction":[{"@type":"SearchAction","target":{"@type":"EntryPoint","urlTemplate":"https:\/\/www.silutesnaujienos.lt\/lt\/?s={search_term_string}"},"query-input":{"@type":"PropertyValueSpecification","valueRequired":true,"valueName":"search_term_string"}}],"inLanguage":"lt-LT"},{"@type":"Organization","@id":"https:\/\/www.silutesnaujienos.lt\/lt\/#organization","name":"\u0160ilut\u0117s naujienos","url":"https:\/\/www.silutesnaujienos.lt\/lt\/","logo":{"@type":"ImageObject","inLanguage":"lt-LT","@id":"https:\/\/www.silutesnaujienos.lt\/lt\/#\/schema\/logo\/image\/","url":"https:\/\/www.silutesnaujienos.lt\/lt\/wp-content\/uploads\/2020\/06\/FB_MAIN.jpg","contentUrl":"https:\/\/www.silutesnaujienos.lt\/lt\/wp-content\/uploads\/2020\/06\/FB_MAIN.jpg","width":1700,"height":956,"caption":"\u0160ilut\u0117s naujienos"},"image":{"@id":"https:\/\/www.silutesnaujienos.lt\/lt\/#\/schema\/logo\/image\/"},"sameAs":["https:\/\/www.facebook.com\/silutes.naujienos\/","https:\/\/www.youtube.com\/channel\/UCxW-cgrJDt8GxIMxSTAfJZg"]},{"@type":"Person","@id":"https:\/\/www.silutesnaujienos.lt\/lt\/#\/schema\/person\/976440ef837444400af3c77c19c61454","name":"\u0160ilut\u0117s naujien\u0173 inf.","image":{"@type":"ImageObject","inLanguage":"lt-LT","@id":"https:\/\/www.silutesnaujienos.lt\/lt\/wp-content\/uploads\/2020\/06\/favicon.png","url":"https:\/\/www.silutesnaujienos.lt\/lt\/wp-content\/uploads\/2020\/06\/favicon.png","contentUrl":"https:\/\/www.silutesnaujienos.lt\/lt\/wp-content\/uploads\/2020\/06\/favicon.png","caption":"\u0160ilut\u0117s naujien\u0173 inf."},"url":"https:\/\/www.silutesnaujienos.lt\/lt\/author\/vadas\/"}]}},"publishpress_future_workflow_manual_trigger":{"enabledWorkflows":[]},"amp_enabled":true,"_links":{"self":[{"href":"https:\/\/www.silutesnaujienos.lt\/lt\/wp-json\/wp\/v2\/posts\/17591","targetHints":{"allow":["GET"]}}],"collection":[{"href":"https:\/\/www.silutesnaujienos.lt\/lt\/wp-json\/wp\/v2\/posts"}],"about":[{"href":"https:\/\/www.silutesnaujienos.lt\/lt\/wp-json\/wp\/v2\/types\/post"}],"author":[{"embeddable":true,"href":"https:\/\/www.silutesnaujienos.lt\/lt\/wp-json\/wp\/v2\/users\/2"}],"replies":[{"embeddable":true,"href":"https:\/\/www.silutesnaujienos.lt\/lt\/wp-json\/wp\/v2\/comments?post=17591"}],"version-history":[{"count":0,"href":"https:\/\/www.silutesnaujienos.lt\/lt\/wp-json\/wp\/v2\/posts\/17591\/revisions"}],"wp:attachment":[{"href":"https:\/\/www.silutesnaujienos.lt\/lt\/wp-json\/wp\/v2\/media?parent=17591"}],"wp:term":[{"taxonomy":"category","embeddable":true,"href":"https:\/\/www.silutesnaujienos.lt\/lt\/wp-json\/wp\/v2\/categories?post=17591"},{"taxonomy":"post_tag","embeddable":true,"href":"https:\/\/www.silutesnaujienos.lt\/lt\/wp-json\/wp\/v2\/tags?post=17591"}],"curies":[{"name":"wp","href":"https:\/\/api.w.org\/{rel}","templated":true}]}}