{"id":1772,"date":"2012-12-19T06:59:23","date_gmt":"2012-12-19T08:59:23","guid":{"rendered":"https:\/\/www.silutesnaujienos.lt\/lt\/daugiau-nei-puse-gyventoju-pritartu-fejerverku-draudimui\/"},"modified":"2012-12-19T06:59:23","modified_gmt":"2012-12-19T08:59:23","slug":"daugiau-nei-puse-gyventoju-pritartu-fejerverku-draudimui","status":"publish","type":"post","link":"https:\/\/www.silutesnaujienos.lt\/lt\/daugiau-nei-puse-gyventoju-pritartu-fejerverku-draudimui\/","title":{"rendered":"Daugiau nei pus\u0117 gyventoj\u0173 pritart\u0173 fejerverk\u0173 draudimui"},"content":{"rendered":"<p style=\"margin-bottom: 0cm; text-align: left;\" align=\"JUSTIFY\"><a target=\"_blank\" rel=\"caption[Fejerverkai. \/ Stock.XCHNG nuotr.] noopener noreferrer\" class=\"jcepopup\" href=\"\/\/silutesnaujienos.lt\/images\/stories\/2012\/12\/14\/1208075_45104202.jpg\" data-rel=\"lightbox-gallery-JPUXaSFy\" data-rl_title=\"\" data-rl_caption=\"\"><img loading=\"lazy\" decoding=\"async\" style=\"margin: 5px; float: left;\" class=\"caption\" title=\"\" alt=\"1208075 45104202\" src=\"\/\/silutesnaujienos.lt\/images\/stories\/2012\/12\/14\/thumbnails\/thumb_1208075_45104202.jpg\" height=\"230\" width=\"307\" \/><\/a><strong>54 proc. \u0161alies gyventoj\u0173 pritart\u0173, kad privatiems asmenims leisti fejerverkus b\u016bt\u0173 u\u017edrausta, o 80 proc. \u012fsitikin\u0119, kad fejerverk\u0173 naudojimas ir prekyba Lietuvoje n\u0117ra grie\u017etai reglamentuoti \u2013 tokias gyventoj\u0173 nuostatas d\u0117l fejerverk\u0173 naudojimo atskleid\u0117 Skandinavijos draudimo bendrov\u0117s \u201eIf\u201c \u0161i\u0173 met\u0173 gruod\u012f atlikta visuomen\u0117s nuomon\u0117s apklausa.<\/strong><\/p>\n<p style=\"margin-bottom: 0cm; text-align: left;\" align=\"JUSTIFY\">\u201ePra\u0117jusiais metais mus pasiek\u0117 bendradarbi\u0173 \u0160vedijoje atlikto gyventoj\u0173 nuomon\u0117s tyrimo rezultatai. Jie parod\u0117, jog dauguma \u0161ios \u0161alies gyventoj\u0173 prie\u0161tarauja, kad fejerverk\u0173 naudojimo tvarka b\u016bt\u0173 liberali. \u0160iemet nusprend\u0117me su\u017einoti Lietuvos gyventoj\u0173 nuomon\u0119 apie fejerverk\u0173 naudojim\u0105. Prisipa\u017e\u012fstame, kad tokie liberaliam fejerverk\u0173 naudojimui nepalank\u016bs tyrimo rezultatai mus nustebino\u201c, \u2013 teigia draudimo bendrov\u0117s Lietuvos turto \u017eal\u0173 grup\u0117s vadov\u0117 Giedr\u0117 Vitkauskien\u0117.<\/p>\n<p style=\"margin-bottom: 0cm; text-align: left;\" align=\"JUSTIFY\">Apklausos duomenimis, 81 proc. gyventoj\u0173 jau\u010dia pavoj\u0173 d\u0117l fejerverk\u0173 per \u0161ventes, o 10 proc. apklaust\u0173j\u0173 nurod\u0117, kad yra nukent\u0117j\u0119 nuo \u0161i\u0173 \u0161ventini\u0173 puo\u0161men\u0173. Daugiau kaip 80 proc. apklaust\u0173j\u0173 sutikt\u0173, kad fejerverkai per \u0161ventes b\u016bt\u0173 leid\u017eiami tik atsaking\u0173 asmen\u0173, pavyzd\u017eiui, miesto \u0161ven\u010di\u0173 organizatori\u0173.<\/p>\n<p style=\"margin-bottom: 0cm; text-align: left;\" align=\"JUSTIFY\">\u201eI\u0161 esm\u0117s \u017emon\u0117s n\u0117ra nusiteik\u0119 prie\u0161 fejerverkus ir neslepia, kad jais \u017eavisi. Pavyzd\u017eiui, 63 proc. apklaust\u0173j\u0173 nurod\u0117, kad vyksta \u017ei\u016br\u0117ti miesto \u0161vent\u0117se leid\u017eiam\u0173 fejerverk\u0173, ta\u010diau suvokia j\u0173 keliam\u0105 pavoj\u0173\u201c, \u2013 pabr\u0117\u017eia G.Vitkauskien\u0117.<\/p>\n<p style=\"margin-bottom: 0cm; text-align: left;\" align=\"JUSTIFY\">Rizikos ekspert\u0117s nuomone, esant tokioms gyventoj\u0173 nuostatoms, tur\u0117t\u0173 b\u016bti ie\u0161koma b\u016bd\u0173, kaip reguliuoti fejerverk\u0173 leidim\u0105, kad b\u016bt\u0173 suma\u017eintas j\u0173 keliamas pavojus \u017emoni\u0173 turtui ir sveikatai.<\/p>\n<p style=\"margin-bottom: 0cm; text-align: left;\" align=\"JUSTIFY\">Draudimo bendrov\u0117s praktikoje yra buv\u0119 atvej\u0173, kai fejerverkai suk\u0117l\u0117 gaisrus namuose ar stipriai apgadino automobilius, taip pat u\u017efiksuota k\u016bno nudegimo atvej\u0173.<\/p>\n<p style=\"margin-bottom: 0cm; text-align: left;\" align=\"JUSTIFY\">Skandinavijos draudimo bendrov\u0117 per \u0161iuos metus gyventoj\u0173 nuostoliams atlyginti i\u0161 viso i\u0161mok\u0117jo apie 4 mln. lit\u0173.<\/p>\n<p style=\"margin-bottom: 0cm; text-align: left;\" align=\"JUSTIFY\">Atliekant tyrim\u0105 apie fejerverk\u0173 naudojim\u0105 internete buvo apklausta 516 Lietuvos gyventoj\u0173 nuo 18 iki 65 met\u0173.<\/p>\n","protected":false},"excerpt":{"rendered":"<p>54 proc. \u0161alies gyventoj\u0173 pritart\u0173, kad privatiems asmenims leisti fejerverkus b\u016bt\u0173 u\u017edrausta, o 80 proc. \u012fsitikin\u0119, kad fejerverk\u0173 naudojimas ir prekyba Lietuvoje n\u0117ra grie\u017etai reglamentuoti \u2013 tokias gyventoj\u0173 nuostatas d\u0117l fejerverk\u0173 naudojimo atskleid\u0117 Skandinavijos draudimo bendrov\u0117s \u201eIf\u201c \u0161i\u0173 met\u0173 gruod\u012f atlikta visuomen\u0117s nuomon\u0117s apklausa. \u201ePra\u0117jusiais metais mus pasiek\u0117 bendradarbi\u0173 \u0160vedijoje atlikto gyventoj\u0173 nuomon\u0117s tyrimo rezultatai. [&hellip;]<\/p>\n","protected":false},"author":1,"featured_media":0,"comment_status":"open","ping_status":"open","sticky":false,"template":"","format":"standard","meta":{"footnotes":""},"categories":[52],"tags":[],"class_list":{"0":"post-1772","1":"post","2":"type-post","3":"status-publish","4":"format-standard","6":"category-gyvenimas"},"yoast_head":"<!-- This site is optimized with the Yoast SEO plugin v27.5 - https:\/\/yoast.com\/product\/yoast-seo-wordpress\/ -->\n<title>Daugiau nei pus\u0117 gyventoj\u0173 pritart\u0173 fejerverk\u0173 draudimui - \u0160ilut\u0117s naujienos<\/title>\n<meta name=\"robots\" content=\"index, follow, max-snippet:-1, max-image-preview:large, max-video-preview:-1\" \/>\n<link rel=\"canonical\" href=\"https:\/\/www.silutesnaujienos.lt\/lt\/daugiau-nei-puse-gyventoju-pritartu-fejerverku-draudimui\/\" \/>\n<meta property=\"og:locale\" content=\"lt_LT\" \/>\n<meta property=\"og:type\" content=\"article\" \/>\n<meta property=\"og:title\" content=\"Daugiau nei pus\u0117 gyventoj\u0173 pritart\u0173 fejerverk\u0173 draudimui - \u0160ilut\u0117s naujienos\" \/>\n<meta property=\"og:description\" content=\"54 proc. \u0161alies gyventoj\u0173 pritart\u0173, kad privatiems asmenims leisti fejerverkus b\u016bt\u0173 u\u017edrausta, o 80 proc. \u012fsitikin\u0119, kad fejerverk\u0173 naudojimas ir prekyba Lietuvoje n\u0117ra grie\u017etai reglamentuoti \u2013 tokias gyventoj\u0173 nuostatas d\u0117l fejerverk\u0173 naudojimo atskleid\u0117 Skandinavijos draudimo bendrov\u0117s \u201eIf\u201c \u0161i\u0173 met\u0173 gruod\u012f atlikta visuomen\u0117s nuomon\u0117s apklausa. \u201ePra\u0117jusiais metais mus pasiek\u0117 bendradarbi\u0173 \u0160vedijoje atlikto gyventoj\u0173 nuomon\u0117s tyrimo rezultatai. [&hellip;]\" \/>\n<meta property=\"og:url\" content=\"https:\/\/www.silutesnaujienos.lt\/lt\/daugiau-nei-puse-gyventoju-pritartu-fejerverku-draudimui\/\" \/>\n<meta property=\"og:site_name\" content=\"\u0160ilut\u0117s naujienos\" \/>\n<meta property=\"article:publisher\" content=\"https:\/\/www.facebook.com\/silutes.naujienos\/\" \/>\n<meta property=\"article:published_time\" content=\"2012-12-19T08:59:23+00:00\" \/>\n<meta property=\"og:image\" content=\"\/\/silutesnaujienos.lt\/images\/stories\/2012\/12\/14\/thumbnails\/thumb_1208075_45104202.jpg\" \/>\n<meta name=\"author\" content=\"\u0160ilut\u0117s naujien\u0173 inf.\" \/>\n<meta name=\"twitter:card\" content=\"summary_large_image\" \/>\n<meta name=\"twitter:label1\" content=\"Written by\" \/>\n\t<meta name=\"twitter:data1\" content=\"\u0160ilut\u0117s naujien\u0173 inf.\" \/>\n\t<meta name=\"twitter:label2\" content=\"Est. reading time\" \/>\n\t<meta name=\"twitter:data2\" content=\"1 minut\u0117\" \/>\n<script type=\"application\/ld+json\" class=\"yoast-schema-graph\">{\"@context\":\"https:\\\/\\\/schema.org\",\"@graph\":[{\"@type\":\"Article\",\"@id\":\"https:\\\/\\\/www.silutesnaujienos.lt\\\/lt\\\/daugiau-nei-puse-gyventoju-pritartu-fejerverku-draudimui\\\/#article\",\"isPartOf\":{\"@id\":\"https:\\\/\\\/www.silutesnaujienos.lt\\\/lt\\\/daugiau-nei-puse-gyventoju-pritartu-fejerverku-draudimui\\\/\"},\"author\":{\"name\":\"\u0160ilut\u0117s naujien\u0173 inf.\",\"@id\":\"https:\\\/\\\/www.silutesnaujienos.lt\\\/lt\\\/#\\\/schema\\\/person\\\/232f475ddd4a7b5f49b3abc788b17e83\"},\"headline\":\"Daugiau nei pus\u0117 gyventoj\u0173 pritart\u0173 fejerverk\u0173 draudimui\",\"datePublished\":\"2012-12-19T08:59:23+00:00\",\"mainEntityOfPage\":{\"@id\":\"https:\\\/\\\/www.silutesnaujienos.lt\\\/lt\\\/daugiau-nei-puse-gyventoju-pritartu-fejerverku-draudimui\\\/\"},\"wordCount\":299,\"commentCount\":0,\"publisher\":{\"@id\":\"https:\\\/\\\/www.silutesnaujienos.lt\\\/lt\\\/#organization\"},\"articleSection\":[\"Gyvenimas\"],\"inLanguage\":\"lt-LT\",\"potentialAction\":[{\"@type\":\"CommentAction\",\"name\":\"Comment\",\"target\":[\"https:\\\/\\\/www.silutesnaujienos.lt\\\/lt\\\/daugiau-nei-puse-gyventoju-pritartu-fejerverku-draudimui\\\/#respond\"]}]},{\"@type\":\"WebPage\",\"@id\":\"https:\\\/\\\/www.silutesnaujienos.lt\\\/lt\\\/daugiau-nei-puse-gyventoju-pritartu-fejerverku-draudimui\\\/\",\"url\":\"https:\\\/\\\/www.silutesnaujienos.lt\\\/lt\\\/daugiau-nei-puse-gyventoju-pritartu-fejerverku-draudimui\\\/\",\"name\":\"Daugiau nei pus\u0117 gyventoj\u0173 pritart\u0173 fejerverk\u0173 draudimui - \u0160ilut\u0117s naujienos\",\"isPartOf\":{\"@id\":\"https:\\\/\\\/www.silutesnaujienos.lt\\\/lt\\\/#website\"},\"datePublished\":\"2012-12-19T08:59:23+00:00\",\"breadcrumb\":{\"@id\":\"https:\\\/\\\/www.silutesnaujienos.lt\\\/lt\\\/daugiau-nei-puse-gyventoju-pritartu-fejerverku-draudimui\\\/#breadcrumb\"},\"inLanguage\":\"lt-LT\",\"potentialAction\":[{\"@type\":\"ReadAction\",\"target\":[\"https:\\\/\\\/www.silutesnaujienos.lt\\\/lt\\\/daugiau-nei-puse-gyventoju-pritartu-fejerverku-draudimui\\\/\"]}]},{\"@type\":\"BreadcrumbList\",\"@id\":\"https:\\\/\\\/www.silutesnaujienos.lt\\\/lt\\\/daugiau-nei-puse-gyventoju-pritartu-fejerverku-draudimui\\\/#breadcrumb\",\"itemListElement\":[{\"@type\":\"ListItem\",\"position\":1,\"name\":\"Home\",\"item\":\"https:\\\/\\\/www.silutesnaujienos.lt\\\/lt\\\/\"},{\"@type\":\"ListItem\",\"position\":2,\"name\":\"Daugiau nei pus\u0117 gyventoj\u0173 pritart\u0173 fejerverk\u0173 draudimui\"}]},{\"@type\":\"WebSite\",\"@id\":\"https:\\\/\\\/www.silutesnaujienos.lt\\\/lt\\\/#website\",\"url\":\"https:\\\/\\\/www.silutesnaujienos.lt\\\/lt\\\/\",\"name\":\"\u0160ilut\u0117s naujienos\",\"description\":\"B\u016bk ant naujien\u0173 bangos!\",\"publisher\":{\"@id\":\"https:\\\/\\\/www.silutesnaujienos.lt\\\/lt\\\/#organization\"},\"potentialAction\":[{\"@type\":\"SearchAction\",\"target\":{\"@type\":\"EntryPoint\",\"urlTemplate\":\"https:\\\/\\\/www.silutesnaujienos.lt\\\/lt\\\/?s={search_term_string}\"},\"query-input\":{\"@type\":\"PropertyValueSpecification\",\"valueRequired\":true,\"valueName\":\"search_term_string\"}}],\"inLanguage\":\"lt-LT\"},{\"@type\":\"Organization\",\"@id\":\"https:\\\/\\\/www.silutesnaujienos.lt\\\/lt\\\/#organization\",\"name\":\"\u0160ilut\u0117s naujienos\",\"url\":\"https:\\\/\\\/www.silutesnaujienos.lt\\\/lt\\\/\",\"logo\":{\"@type\":\"ImageObject\",\"inLanguage\":\"lt-LT\",\"@id\":\"https:\\\/\\\/www.silutesnaujienos.lt\\\/lt\\\/#\\\/schema\\\/logo\\\/image\\\/\",\"url\":\"https:\\\/\\\/www.silutesnaujienos.lt\\\/lt\\\/wp-content\\\/uploads\\\/2020\\\/06\\\/FB_MAIN.jpg\",\"contentUrl\":\"https:\\\/\\\/www.silutesnaujienos.lt\\\/lt\\\/wp-content\\\/uploads\\\/2020\\\/06\\\/FB_MAIN.jpg\",\"width\":1700,\"height\":956,\"caption\":\"\u0160ilut\u0117s naujienos\"},\"image\":{\"@id\":\"https:\\\/\\\/www.silutesnaujienos.lt\\\/lt\\\/#\\\/schema\\\/logo\\\/image\\\/\"},\"sameAs\":[\"https:\\\/\\\/www.facebook.com\\\/silutes.naujienos\\\/\",\"https:\\\/\\\/www.youtube.com\\\/channel\\\/UCxW-cgrJDt8GxIMxSTAfJZg\"]},{\"@type\":\"Person\",\"@id\":\"https:\\\/\\\/www.silutesnaujienos.lt\\\/lt\\\/#\\\/schema\\\/person\\\/232f475ddd4a7b5f49b3abc788b17e83\",\"name\":\"\u0160ilut\u0117s naujien\u0173 inf.\",\"image\":{\"@type\":\"ImageObject\",\"inLanguage\":\"lt-LT\",\"@id\":\"https:\\\/\\\/www.silutesnaujienos.lt\\\/lt\\\/wp-content\\\/uploads\\\/2020\\\/06\\\/favicon.png\",\"url\":\"https:\\\/\\\/www.silutesnaujienos.lt\\\/lt\\\/wp-content\\\/uploads\\\/2020\\\/06\\\/favicon.png\",\"contentUrl\":\"https:\\\/\\\/www.silutesnaujienos.lt\\\/lt\\\/wp-content\\\/uploads\\\/2020\\\/06\\\/favicon.png\",\"caption\":\"\u0160ilut\u0117s naujien\u0173 inf.\"},\"sameAs\":[\"https:\\\/\\\/www.silutesnaujienos.lt\\\/lt\"],\"url\":\"https:\\\/\\\/www.silutesnaujienos.lt\\\/lt\\\/author\\\/ruta\\\/\"}]}<\/script>\n<!-- \/ Yoast SEO plugin. -->","yoast_head_json":{"title":"Daugiau nei pus\u0117 gyventoj\u0173 pritart\u0173 fejerverk\u0173 draudimui - \u0160ilut\u0117s naujienos","robots":{"index":"index","follow":"follow","max-snippet":"max-snippet:-1","max-image-preview":"max-image-preview:large","max-video-preview":"max-video-preview:-1"},"canonical":"https:\/\/www.silutesnaujienos.lt\/lt\/daugiau-nei-puse-gyventoju-pritartu-fejerverku-draudimui\/","og_locale":"lt_LT","og_type":"article","og_title":"Daugiau nei pus\u0117 gyventoj\u0173 pritart\u0173 fejerverk\u0173 draudimui - \u0160ilut\u0117s naujienos","og_description":"54 proc. \u0161alies gyventoj\u0173 pritart\u0173, kad privatiems asmenims leisti fejerverkus b\u016bt\u0173 u\u017edrausta, o 80 proc. \u012fsitikin\u0119, kad fejerverk\u0173 naudojimas ir prekyba Lietuvoje n\u0117ra grie\u017etai reglamentuoti \u2013 tokias gyventoj\u0173 nuostatas d\u0117l fejerverk\u0173 naudojimo atskleid\u0117 Skandinavijos draudimo bendrov\u0117s \u201eIf\u201c \u0161i\u0173 met\u0173 gruod\u012f atlikta visuomen\u0117s nuomon\u0117s apklausa. \u201ePra\u0117jusiais metais mus pasiek\u0117 bendradarbi\u0173 \u0160vedijoje atlikto gyventoj\u0173 nuomon\u0117s tyrimo rezultatai. [&hellip;]","og_url":"https:\/\/www.silutesnaujienos.lt\/lt\/daugiau-nei-puse-gyventoju-pritartu-fejerverku-draudimui\/","og_site_name":"\u0160ilut\u0117s naujienos","article_publisher":"https:\/\/www.facebook.com\/silutes.naujienos\/","article_published_time":"2012-12-19T08:59:23+00:00","og_image":[{"url":"\/\/silutesnaujienos.lt\/images\/stories\/2012\/12\/14\/thumbnails\/thumb_1208075_45104202.jpg","type":"","width":"","height":""}],"author":"\u0160ilut\u0117s naujien\u0173 inf.","twitter_card":"summary_large_image","twitter_misc":{"Written by":"\u0160ilut\u0117s naujien\u0173 inf.","Est. reading time":"1 minut\u0117"},"schema":{"@context":"https:\/\/schema.org","@graph":[{"@type":"Article","@id":"https:\/\/www.silutesnaujienos.lt\/lt\/daugiau-nei-puse-gyventoju-pritartu-fejerverku-draudimui\/#article","isPartOf":{"@id":"https:\/\/www.silutesnaujienos.lt\/lt\/daugiau-nei-puse-gyventoju-pritartu-fejerverku-draudimui\/"},"author":{"name":"\u0160ilut\u0117s naujien\u0173 inf.","@id":"https:\/\/www.silutesnaujienos.lt\/lt\/#\/schema\/person\/232f475ddd4a7b5f49b3abc788b17e83"},"headline":"Daugiau nei pus\u0117 gyventoj\u0173 pritart\u0173 fejerverk\u0173 draudimui","datePublished":"2012-12-19T08:59:23+00:00","mainEntityOfPage":{"@id":"https:\/\/www.silutesnaujienos.lt\/lt\/daugiau-nei-puse-gyventoju-pritartu-fejerverku-draudimui\/"},"wordCount":299,"commentCount":0,"publisher":{"@id":"https:\/\/www.silutesnaujienos.lt\/lt\/#organization"},"articleSection":["Gyvenimas"],"inLanguage":"lt-LT","potentialAction":[{"@type":"CommentAction","name":"Comment","target":["https:\/\/www.silutesnaujienos.lt\/lt\/daugiau-nei-puse-gyventoju-pritartu-fejerverku-draudimui\/#respond"]}]},{"@type":"WebPage","@id":"https:\/\/www.silutesnaujienos.lt\/lt\/daugiau-nei-puse-gyventoju-pritartu-fejerverku-draudimui\/","url":"https:\/\/www.silutesnaujienos.lt\/lt\/daugiau-nei-puse-gyventoju-pritartu-fejerverku-draudimui\/","name":"Daugiau nei pus\u0117 gyventoj\u0173 pritart\u0173 fejerverk\u0173 draudimui - \u0160ilut\u0117s naujienos","isPartOf":{"@id":"https:\/\/www.silutesnaujienos.lt\/lt\/#website"},"datePublished":"2012-12-19T08:59:23+00:00","breadcrumb":{"@id":"https:\/\/www.silutesnaujienos.lt\/lt\/daugiau-nei-puse-gyventoju-pritartu-fejerverku-draudimui\/#breadcrumb"},"inLanguage":"lt-LT","potentialAction":[{"@type":"ReadAction","target":["https:\/\/www.silutesnaujienos.lt\/lt\/daugiau-nei-puse-gyventoju-pritartu-fejerverku-draudimui\/"]}]},{"@type":"BreadcrumbList","@id":"https:\/\/www.silutesnaujienos.lt\/lt\/daugiau-nei-puse-gyventoju-pritartu-fejerverku-draudimui\/#breadcrumb","itemListElement":[{"@type":"ListItem","position":1,"name":"Home","item":"https:\/\/www.silutesnaujienos.lt\/lt\/"},{"@type":"ListItem","position":2,"name":"Daugiau nei pus\u0117 gyventoj\u0173 pritart\u0173 fejerverk\u0173 draudimui"}]},{"@type":"WebSite","@id":"https:\/\/www.silutesnaujienos.lt\/lt\/#website","url":"https:\/\/www.silutesnaujienos.lt\/lt\/","name":"\u0160ilut\u0117s naujienos","description":"B\u016bk ant naujien\u0173 bangos!","publisher":{"@id":"https:\/\/www.silutesnaujienos.lt\/lt\/#organization"},"potentialAction":[{"@type":"SearchAction","target":{"@type":"EntryPoint","urlTemplate":"https:\/\/www.silutesnaujienos.lt\/lt\/?s={search_term_string}"},"query-input":{"@type":"PropertyValueSpecification","valueRequired":true,"valueName":"search_term_string"}}],"inLanguage":"lt-LT"},{"@type":"Organization","@id":"https:\/\/www.silutesnaujienos.lt\/lt\/#organization","name":"\u0160ilut\u0117s naujienos","url":"https:\/\/www.silutesnaujienos.lt\/lt\/","logo":{"@type":"ImageObject","inLanguage":"lt-LT","@id":"https:\/\/www.silutesnaujienos.lt\/lt\/#\/schema\/logo\/image\/","url":"https:\/\/www.silutesnaujienos.lt\/lt\/wp-content\/uploads\/2020\/06\/FB_MAIN.jpg","contentUrl":"https:\/\/www.silutesnaujienos.lt\/lt\/wp-content\/uploads\/2020\/06\/FB_MAIN.jpg","width":1700,"height":956,"caption":"\u0160ilut\u0117s naujienos"},"image":{"@id":"https:\/\/www.silutesnaujienos.lt\/lt\/#\/schema\/logo\/image\/"},"sameAs":["https:\/\/www.facebook.com\/silutes.naujienos\/","https:\/\/www.youtube.com\/channel\/UCxW-cgrJDt8GxIMxSTAfJZg"]},{"@type":"Person","@id":"https:\/\/www.silutesnaujienos.lt\/lt\/#\/schema\/person\/232f475ddd4a7b5f49b3abc788b17e83","name":"\u0160ilut\u0117s naujien\u0173 inf.","image":{"@type":"ImageObject","inLanguage":"lt-LT","@id":"https:\/\/www.silutesnaujienos.lt\/lt\/wp-content\/uploads\/2020\/06\/favicon.png","url":"https:\/\/www.silutesnaujienos.lt\/lt\/wp-content\/uploads\/2020\/06\/favicon.png","contentUrl":"https:\/\/www.silutesnaujienos.lt\/lt\/wp-content\/uploads\/2020\/06\/favicon.png","caption":"\u0160ilut\u0117s naujien\u0173 inf."},"sameAs":["https:\/\/www.silutesnaujienos.lt\/lt"],"url":"https:\/\/www.silutesnaujienos.lt\/lt\/author\/ruta\/"}]}},"publishpress_future_workflow_manual_trigger":{"enabledWorkflows":[]},"amp_enabled":true,"_links":{"self":[{"href":"https:\/\/www.silutesnaujienos.lt\/lt\/wp-json\/wp\/v2\/posts\/1772","targetHints":{"allow":["GET"]}}],"collection":[{"href":"https:\/\/www.silutesnaujienos.lt\/lt\/wp-json\/wp\/v2\/posts"}],"about":[{"href":"https:\/\/www.silutesnaujienos.lt\/lt\/wp-json\/wp\/v2\/types\/post"}],"author":[{"embeddable":true,"href":"https:\/\/www.silutesnaujienos.lt\/lt\/wp-json\/wp\/v2\/users\/1"}],"replies":[{"embeddable":true,"href":"https:\/\/www.silutesnaujienos.lt\/lt\/wp-json\/wp\/v2\/comments?post=1772"}],"version-history":[{"count":0,"href":"https:\/\/www.silutesnaujienos.lt\/lt\/wp-json\/wp\/v2\/posts\/1772\/revisions"}],"wp:attachment":[{"href":"https:\/\/www.silutesnaujienos.lt\/lt\/wp-json\/wp\/v2\/media?parent=1772"}],"wp:term":[{"taxonomy":"category","embeddable":true,"href":"https:\/\/www.silutesnaujienos.lt\/lt\/wp-json\/wp\/v2\/categories?post=1772"},{"taxonomy":"post_tag","embeddable":true,"href":"https:\/\/www.silutesnaujienos.lt\/lt\/wp-json\/wp\/v2\/tags?post=1772"}],"curies":[{"name":"wp","href":"https:\/\/api.w.org\/{rel}","templated":true}]}}