{"id":17731,"date":"2012-03-16T10:30:00","date_gmt":"2012-03-16T12:30:00","guid":{"rendered":"https:\/\/www.silutesnaujienos.lt\/lt\/ministras-kviecia-nebuti-abejingiems-vaiku-smurtui-pries-vaikus\/"},"modified":"2012-03-16T10:30:00","modified_gmt":"2012-03-16T12:30:00","slug":"ministras-kviecia-nebuti-abejingiems-vaiku-smurtui-pries-vaikus","status":"publish","type":"post","link":"https:\/\/www.silutesnaujienos.lt\/lt\/ministras-kviecia-nebuti-abejingiems-vaiku-smurtui-pries-vaikus\/","title":{"rendered":"Ministras kvie\u010dia neb\u016bti abejingiems vaik\u0173 smurtui prie\u0161 vaikus"},"content":{"rendered":"<p><a target=\"_blank\" rel=\"caption[Vaik\u0173 smurtas. Asociatyvi nuotrauka \/ topnews.in nuotr.] noopener noreferrer\" class=\"jcepopup\" href=\"\/\/silutesnaujienos.lt\/images\/stories\/2012\/03\/13\/child_violence.jpg\" data-rel=\"lightbox-gallery-syIqyFIv\" data-rl_title=\"\" data-rl_caption=\"\"><img loading=\"lazy\" decoding=\"async\" style=\"margin: 5px; float: left;\" class=\"caption\" title=\"\" alt=\"child violence\" src=\"\/\/silutesnaujienos.lt\/images\/stories\/2012\/03\/13\/thumbnails\/thumb_child_violence.jpg\" height=\"230\" width=\"307\" \/><\/a><strong>Socialin\u0117s apsaugos ir darbo ministras Donatas Jankauskas, reaguodamas \u012f pastaruoju metu pada\u017en\u0117jusius vaik\u0173 smurto prie\u0161 vaikus atvejus, kreip\u0117si \u012f visuomen\u0119, vaiko teisi\u0173 apsaugos specialistus, \u0161vietimo organizacijas, mokini\u0173 t\u0117vus, jaunim\u0105 ir kvie\u010dia visus, kuriems r\u016bpi vaik\u0173 gerov\u0117, nelikti abejingus pastaruoju metu kylant vaik\u0173 smurto prie\u0161 vaikus atvejams.<\/strong><\/p>\n<p>\u201eEsu sukr\u0117stas pastaruoju metu pada\u017en\u0117jusi\u0173 vaik\u0173 smurto prie\u0161 vaikus prover\u017ei\u0173. Negaliu nereaguoti \u012f pasirod\u017eiusi\u0105 informacij\u0105 d\u0117l smurto prie\u0161 \u0160ven\u010dioni\u0173 rajono Aduti\u0161kio vidurin\u0117s mokyklos ma\u017eamet\u0119 mergait\u0119, taip pat incident\u0105, kai vienoje Panev\u0117\u017eio mokykloje vyresni\u0173 klasi\u0173 mokiniai su\u017ealojo speciali\u0173j\u0173 ugdymo poreiki\u0173 turint\u012f berniuk\u0105\u201c, &#8211; teigiama ministro D.Jankausko kreipimosi tekste.<\/p>\n<p>Ministro nuomone, neturime likti abejingi. Tod\u0117l jis, siekdamas u\u017ekirsti keli\u0105 tokioms tendencijoms, kvie\u010dia glaud\u017eiai bendradarbiauti ir mokykl\u0173 administracijas, policijos atstovus, psichologus, socialinius darbuotojus, mokykl\u0173 bendruomenes, t\u0117vus, \u017einiasklaid\u0105, visas institucijas.<\/p>\n<p>\u201eVisi dirbantieji aukl\u0117jam\u0105j\u012f ir prevencin\u012f darb\u0105 su vaikais tur\u0117t\u0173 stengtis b\u016bti vieningi, kryptingai organizuoti savo darb\u0105. <\/p>\n<p>Atsi\u017evelgiant \u012f tai, kad kai kurie mokyklas lankantys mokiniai turi elgesio bei psichologini\u0173 problem\u0173, reikia stengtis i\u0161vengti smurto ir paty\u010di\u0173. Jei nereaguojama, smurtauti link\u0119 paaugliai gali nuspr\u0119sti, kad j\u0173 smurtas nebus sustabdytas, o tada nei\u0161vengsime dar didesni\u0173 nelaimi\u0173\u201c &#8211; ra\u0161oma kreipimosi tekste.<\/p>\n<p>Labai svarbu u\u017etikrinti, kad vaikai jaust\u0173si saug\u016bs tiek ugdymo \u012fstaigose, tiek vie\u0161ojoje erdv\u0117je, mokykl\u0173 bendruomen\u0117s siekt\u0173 visapusi\u0161ko asmens orumo puosel\u0117jimo. Tik nuo kiekvieno m\u016bs\u0173 neabejingo po\u017ei\u016brio ir aktyvaus reagavimo priklauso, ar m\u016bs\u0173 vaikai augs saug\u016bs, ar jiems bus sukurta palanki ugdymo atmosfera.<\/p>\n","protected":false},"excerpt":{"rendered":"<p>Socialin\u0117s apsaugos ir darbo ministras Donatas Jankauskas, reaguodamas \u012f pastaruoju metu pada\u017en\u0117jusius vaik\u0173 smurto prie\u0161 vaikus atvejus, kreip\u0117si \u012f visuomen\u0119, vaiko teisi\u0173 apsaugos specialistus, \u0161vietimo organizacijas, mokini\u0173 t\u0117vus, jaunim\u0105 ir kvie\u010dia visus, kuriems r\u016bpi vaik\u0173 gerov\u0117, nelikti abejingus pastaruoju metu kylant vaik\u0173 smurto prie\u0161 vaikus atvejams. \u201eEsu sukr\u0117stas pastaruoju metu pada\u017en\u0117jusi\u0173 vaik\u0173 smurto prie\u0161 vaikus [&hellip;]<\/p>\n","protected":false},"author":2,"featured_media":0,"comment_status":"open","ping_status":"open","sticky":false,"template":"","format":"standard","meta":{"footnotes":""},"categories":[2],"tags":[],"class_list":{"0":"post-17731","1":"post","2":"type-post","3":"status-publish","4":"format-standard","6":"category-aktualijos"},"yoast_head":"<!-- This site is optimized with the Yoast SEO plugin v27.5 - https:\/\/yoast.com\/product\/yoast-seo-wordpress\/ -->\n<title>Ministras kvie\u010dia neb\u016bti abejingiems vaik\u0173 smurtui prie\u0161 vaikus - \u0160ilut\u0117s naujienos<\/title>\n<meta name=\"robots\" content=\"index, follow, max-snippet:-1, max-image-preview:large, max-video-preview:-1\" \/>\n<link rel=\"canonical\" href=\"https:\/\/www.silutesnaujienos.lt\/lt\/ministras-kviecia-nebuti-abejingiems-vaiku-smurtui-pries-vaikus\/\" \/>\n<meta property=\"og:locale\" content=\"lt_LT\" \/>\n<meta property=\"og:type\" content=\"article\" \/>\n<meta property=\"og:title\" content=\"Ministras kvie\u010dia neb\u016bti abejingiems vaik\u0173 smurtui prie\u0161 vaikus - \u0160ilut\u0117s naujienos\" \/>\n<meta property=\"og:description\" content=\"Socialin\u0117s apsaugos ir darbo ministras Donatas Jankauskas, reaguodamas \u012f pastaruoju metu pada\u017en\u0117jusius vaik\u0173 smurto prie\u0161 vaikus atvejus, kreip\u0117si \u012f visuomen\u0119, vaiko teisi\u0173 apsaugos specialistus, \u0161vietimo organizacijas, mokini\u0173 t\u0117vus, jaunim\u0105 ir kvie\u010dia visus, kuriems r\u016bpi vaik\u0173 gerov\u0117, nelikti abejingus pastaruoju metu kylant vaik\u0173 smurto prie\u0161 vaikus atvejams. \u201eEsu sukr\u0117stas pastaruoju metu pada\u017en\u0117jusi\u0173 vaik\u0173 smurto prie\u0161 vaikus [&hellip;]\" \/>\n<meta property=\"og:url\" content=\"https:\/\/www.silutesnaujienos.lt\/lt\/ministras-kviecia-nebuti-abejingiems-vaiku-smurtui-pries-vaikus\/\" \/>\n<meta property=\"og:site_name\" content=\"\u0160ilut\u0117s naujienos\" \/>\n<meta property=\"article:publisher\" content=\"https:\/\/www.facebook.com\/silutes.naujienos\/\" \/>\n<meta property=\"article:published_time\" content=\"2012-03-16T12:30:00+00:00\" \/>\n<meta property=\"og:image\" content=\"\/\/silutesnaujienos.lt\/images\/stories\/2012\/03\/13\/thumbnails\/thumb_child_violence.jpg\" \/>\n<meta name=\"author\" content=\"\u0160ilut\u0117s naujien\u0173 inf.\" \/>\n<meta name=\"twitter:card\" content=\"summary_large_image\" \/>\n<meta name=\"twitter:label1\" content=\"Written by\" \/>\n\t<meta name=\"twitter:data1\" content=\"\u0160ilut\u0117s naujien\u0173 inf.\" \/>\n\t<meta name=\"twitter:label2\" content=\"Est. reading time\" \/>\n\t<meta name=\"twitter:data2\" content=\"1 minut\u0117\" \/>\n<script type=\"application\/ld+json\" class=\"yoast-schema-graph\">{\"@context\":\"https:\\\/\\\/schema.org\",\"@graph\":[{\"@type\":\"Article\",\"@id\":\"https:\\\/\\\/www.silutesnaujienos.lt\\\/lt\\\/ministras-kviecia-nebuti-abejingiems-vaiku-smurtui-pries-vaikus\\\/#article\",\"isPartOf\":{\"@id\":\"https:\\\/\\\/www.silutesnaujienos.lt\\\/lt\\\/ministras-kviecia-nebuti-abejingiems-vaiku-smurtui-pries-vaikus\\\/\"},\"author\":{\"name\":\"\u0160ilut\u0117s naujien\u0173 inf.\",\"@id\":\"https:\\\/\\\/www.silutesnaujienos.lt\\\/lt\\\/#\\\/schema\\\/person\\\/976440ef837444400af3c77c19c61454\"},\"headline\":\"Ministras kvie\u010dia neb\u016bti abejingiems vaik\u0173 smurtui prie\u0161 vaikus\",\"datePublished\":\"2012-03-16T12:30:00+00:00\",\"mainEntityOfPage\":{\"@id\":\"https:\\\/\\\/www.silutesnaujienos.lt\\\/lt\\\/ministras-kviecia-nebuti-abejingiems-vaiku-smurtui-pries-vaikus\\\/\"},\"wordCount\":277,\"commentCount\":0,\"publisher\":{\"@id\":\"https:\\\/\\\/www.silutesnaujienos.lt\\\/lt\\\/#organization\"},\"articleSection\":[\"Aktualijos\"],\"inLanguage\":\"lt-LT\",\"potentialAction\":[{\"@type\":\"CommentAction\",\"name\":\"Comment\",\"target\":[\"https:\\\/\\\/www.silutesnaujienos.lt\\\/lt\\\/ministras-kviecia-nebuti-abejingiems-vaiku-smurtui-pries-vaikus\\\/#respond\"]}]},{\"@type\":\"WebPage\",\"@id\":\"https:\\\/\\\/www.silutesnaujienos.lt\\\/lt\\\/ministras-kviecia-nebuti-abejingiems-vaiku-smurtui-pries-vaikus\\\/\",\"url\":\"https:\\\/\\\/www.silutesnaujienos.lt\\\/lt\\\/ministras-kviecia-nebuti-abejingiems-vaiku-smurtui-pries-vaikus\\\/\",\"name\":\"Ministras kvie\u010dia neb\u016bti abejingiems vaik\u0173 smurtui prie\u0161 vaikus - \u0160ilut\u0117s naujienos\",\"isPartOf\":{\"@id\":\"https:\\\/\\\/www.silutesnaujienos.lt\\\/lt\\\/#website\"},\"datePublished\":\"2012-03-16T12:30:00+00:00\",\"breadcrumb\":{\"@id\":\"https:\\\/\\\/www.silutesnaujienos.lt\\\/lt\\\/ministras-kviecia-nebuti-abejingiems-vaiku-smurtui-pries-vaikus\\\/#breadcrumb\"},\"inLanguage\":\"lt-LT\",\"potentialAction\":[{\"@type\":\"ReadAction\",\"target\":[\"https:\\\/\\\/www.silutesnaujienos.lt\\\/lt\\\/ministras-kviecia-nebuti-abejingiems-vaiku-smurtui-pries-vaikus\\\/\"]}]},{\"@type\":\"BreadcrumbList\",\"@id\":\"https:\\\/\\\/www.silutesnaujienos.lt\\\/lt\\\/ministras-kviecia-nebuti-abejingiems-vaiku-smurtui-pries-vaikus\\\/#breadcrumb\",\"itemListElement\":[{\"@type\":\"ListItem\",\"position\":1,\"name\":\"Home\",\"item\":\"https:\\\/\\\/www.silutesnaujienos.lt\\\/lt\\\/\"},{\"@type\":\"ListItem\",\"position\":2,\"name\":\"Ministras kvie\u010dia neb\u016bti abejingiems vaik\u0173 smurtui prie\u0161 vaikus\"}]},{\"@type\":\"WebSite\",\"@id\":\"https:\\\/\\\/www.silutesnaujienos.lt\\\/lt\\\/#website\",\"url\":\"https:\\\/\\\/www.silutesnaujienos.lt\\\/lt\\\/\",\"name\":\"\u0160ilut\u0117s naujienos\",\"description\":\"B\u016bk ant naujien\u0173 bangos!\",\"publisher\":{\"@id\":\"https:\\\/\\\/www.silutesnaujienos.lt\\\/lt\\\/#organization\"},\"potentialAction\":[{\"@type\":\"SearchAction\",\"target\":{\"@type\":\"EntryPoint\",\"urlTemplate\":\"https:\\\/\\\/www.silutesnaujienos.lt\\\/lt\\\/?s={search_term_string}\"},\"query-input\":{\"@type\":\"PropertyValueSpecification\",\"valueRequired\":true,\"valueName\":\"search_term_string\"}}],\"inLanguage\":\"lt-LT\"},{\"@type\":\"Organization\",\"@id\":\"https:\\\/\\\/www.silutesnaujienos.lt\\\/lt\\\/#organization\",\"name\":\"\u0160ilut\u0117s naujienos\",\"url\":\"https:\\\/\\\/www.silutesnaujienos.lt\\\/lt\\\/\",\"logo\":{\"@type\":\"ImageObject\",\"inLanguage\":\"lt-LT\",\"@id\":\"https:\\\/\\\/www.silutesnaujienos.lt\\\/lt\\\/#\\\/schema\\\/logo\\\/image\\\/\",\"url\":\"https:\\\/\\\/www.silutesnaujienos.lt\\\/lt\\\/wp-content\\\/uploads\\\/2020\\\/06\\\/FB_MAIN.jpg\",\"contentUrl\":\"https:\\\/\\\/www.silutesnaujienos.lt\\\/lt\\\/wp-content\\\/uploads\\\/2020\\\/06\\\/FB_MAIN.jpg\",\"width\":1700,\"height\":956,\"caption\":\"\u0160ilut\u0117s naujienos\"},\"image\":{\"@id\":\"https:\\\/\\\/www.silutesnaujienos.lt\\\/lt\\\/#\\\/schema\\\/logo\\\/image\\\/\"},\"sameAs\":[\"https:\\\/\\\/www.facebook.com\\\/silutes.naujienos\\\/\",\"https:\\\/\\\/www.youtube.com\\\/channel\\\/UCxW-cgrJDt8GxIMxSTAfJZg\"]},{\"@type\":\"Person\",\"@id\":\"https:\\\/\\\/www.silutesnaujienos.lt\\\/lt\\\/#\\\/schema\\\/person\\\/976440ef837444400af3c77c19c61454\",\"name\":\"\u0160ilut\u0117s naujien\u0173 inf.\",\"image\":{\"@type\":\"ImageObject\",\"inLanguage\":\"lt-LT\",\"@id\":\"https:\\\/\\\/www.silutesnaujienos.lt\\\/lt\\\/wp-content\\\/uploads\\\/2020\\\/06\\\/favicon.png\",\"url\":\"https:\\\/\\\/www.silutesnaujienos.lt\\\/lt\\\/wp-content\\\/uploads\\\/2020\\\/06\\\/favicon.png\",\"contentUrl\":\"https:\\\/\\\/www.silutesnaujienos.lt\\\/lt\\\/wp-content\\\/uploads\\\/2020\\\/06\\\/favicon.png\",\"caption\":\"\u0160ilut\u0117s naujien\u0173 inf.\"},\"url\":\"https:\\\/\\\/www.silutesnaujienos.lt\\\/lt\\\/author\\\/vadas\\\/\"}]}<\/script>\n<!-- \/ Yoast SEO plugin. -->","yoast_head_json":{"title":"Ministras kvie\u010dia neb\u016bti abejingiems vaik\u0173 smurtui prie\u0161 vaikus - \u0160ilut\u0117s naujienos","robots":{"index":"index","follow":"follow","max-snippet":"max-snippet:-1","max-image-preview":"max-image-preview:large","max-video-preview":"max-video-preview:-1"},"canonical":"https:\/\/www.silutesnaujienos.lt\/lt\/ministras-kviecia-nebuti-abejingiems-vaiku-smurtui-pries-vaikus\/","og_locale":"lt_LT","og_type":"article","og_title":"Ministras kvie\u010dia neb\u016bti abejingiems vaik\u0173 smurtui prie\u0161 vaikus - \u0160ilut\u0117s naujienos","og_description":"Socialin\u0117s apsaugos ir darbo ministras Donatas Jankauskas, reaguodamas \u012f pastaruoju metu pada\u017en\u0117jusius vaik\u0173 smurto prie\u0161 vaikus atvejus, kreip\u0117si \u012f visuomen\u0119, vaiko teisi\u0173 apsaugos specialistus, \u0161vietimo organizacijas, mokini\u0173 t\u0117vus, jaunim\u0105 ir kvie\u010dia visus, kuriems r\u016bpi vaik\u0173 gerov\u0117, nelikti abejingus pastaruoju metu kylant vaik\u0173 smurto prie\u0161 vaikus atvejams. \u201eEsu sukr\u0117stas pastaruoju metu pada\u017en\u0117jusi\u0173 vaik\u0173 smurto prie\u0161 vaikus [&hellip;]","og_url":"https:\/\/www.silutesnaujienos.lt\/lt\/ministras-kviecia-nebuti-abejingiems-vaiku-smurtui-pries-vaikus\/","og_site_name":"\u0160ilut\u0117s naujienos","article_publisher":"https:\/\/www.facebook.com\/silutes.naujienos\/","article_published_time":"2012-03-16T12:30:00+00:00","og_image":[{"url":"\/\/silutesnaujienos.lt\/images\/stories\/2012\/03\/13\/thumbnails\/thumb_child_violence.jpg","type":"","width":"","height":""}],"author":"\u0160ilut\u0117s naujien\u0173 inf.","twitter_card":"summary_large_image","twitter_misc":{"Written by":"\u0160ilut\u0117s naujien\u0173 inf.","Est. reading time":"1 minut\u0117"},"schema":{"@context":"https:\/\/schema.org","@graph":[{"@type":"Article","@id":"https:\/\/www.silutesnaujienos.lt\/lt\/ministras-kviecia-nebuti-abejingiems-vaiku-smurtui-pries-vaikus\/#article","isPartOf":{"@id":"https:\/\/www.silutesnaujienos.lt\/lt\/ministras-kviecia-nebuti-abejingiems-vaiku-smurtui-pries-vaikus\/"},"author":{"name":"\u0160ilut\u0117s naujien\u0173 inf.","@id":"https:\/\/www.silutesnaujienos.lt\/lt\/#\/schema\/person\/976440ef837444400af3c77c19c61454"},"headline":"Ministras kvie\u010dia neb\u016bti abejingiems vaik\u0173 smurtui prie\u0161 vaikus","datePublished":"2012-03-16T12:30:00+00:00","mainEntityOfPage":{"@id":"https:\/\/www.silutesnaujienos.lt\/lt\/ministras-kviecia-nebuti-abejingiems-vaiku-smurtui-pries-vaikus\/"},"wordCount":277,"commentCount":0,"publisher":{"@id":"https:\/\/www.silutesnaujienos.lt\/lt\/#organization"},"articleSection":["Aktualijos"],"inLanguage":"lt-LT","potentialAction":[{"@type":"CommentAction","name":"Comment","target":["https:\/\/www.silutesnaujienos.lt\/lt\/ministras-kviecia-nebuti-abejingiems-vaiku-smurtui-pries-vaikus\/#respond"]}]},{"@type":"WebPage","@id":"https:\/\/www.silutesnaujienos.lt\/lt\/ministras-kviecia-nebuti-abejingiems-vaiku-smurtui-pries-vaikus\/","url":"https:\/\/www.silutesnaujienos.lt\/lt\/ministras-kviecia-nebuti-abejingiems-vaiku-smurtui-pries-vaikus\/","name":"Ministras kvie\u010dia neb\u016bti abejingiems vaik\u0173 smurtui prie\u0161 vaikus - \u0160ilut\u0117s naujienos","isPartOf":{"@id":"https:\/\/www.silutesnaujienos.lt\/lt\/#website"},"datePublished":"2012-03-16T12:30:00+00:00","breadcrumb":{"@id":"https:\/\/www.silutesnaujienos.lt\/lt\/ministras-kviecia-nebuti-abejingiems-vaiku-smurtui-pries-vaikus\/#breadcrumb"},"inLanguage":"lt-LT","potentialAction":[{"@type":"ReadAction","target":["https:\/\/www.silutesnaujienos.lt\/lt\/ministras-kviecia-nebuti-abejingiems-vaiku-smurtui-pries-vaikus\/"]}]},{"@type":"BreadcrumbList","@id":"https:\/\/www.silutesnaujienos.lt\/lt\/ministras-kviecia-nebuti-abejingiems-vaiku-smurtui-pries-vaikus\/#breadcrumb","itemListElement":[{"@type":"ListItem","position":1,"name":"Home","item":"https:\/\/www.silutesnaujienos.lt\/lt\/"},{"@type":"ListItem","position":2,"name":"Ministras kvie\u010dia neb\u016bti abejingiems vaik\u0173 smurtui prie\u0161 vaikus"}]},{"@type":"WebSite","@id":"https:\/\/www.silutesnaujienos.lt\/lt\/#website","url":"https:\/\/www.silutesnaujienos.lt\/lt\/","name":"\u0160ilut\u0117s naujienos","description":"B\u016bk ant naujien\u0173 bangos!","publisher":{"@id":"https:\/\/www.silutesnaujienos.lt\/lt\/#organization"},"potentialAction":[{"@type":"SearchAction","target":{"@type":"EntryPoint","urlTemplate":"https:\/\/www.silutesnaujienos.lt\/lt\/?s={search_term_string}"},"query-input":{"@type":"PropertyValueSpecification","valueRequired":true,"valueName":"search_term_string"}}],"inLanguage":"lt-LT"},{"@type":"Organization","@id":"https:\/\/www.silutesnaujienos.lt\/lt\/#organization","name":"\u0160ilut\u0117s naujienos","url":"https:\/\/www.silutesnaujienos.lt\/lt\/","logo":{"@type":"ImageObject","inLanguage":"lt-LT","@id":"https:\/\/www.silutesnaujienos.lt\/lt\/#\/schema\/logo\/image\/","url":"https:\/\/www.silutesnaujienos.lt\/lt\/wp-content\/uploads\/2020\/06\/FB_MAIN.jpg","contentUrl":"https:\/\/www.silutesnaujienos.lt\/lt\/wp-content\/uploads\/2020\/06\/FB_MAIN.jpg","width":1700,"height":956,"caption":"\u0160ilut\u0117s naujienos"},"image":{"@id":"https:\/\/www.silutesnaujienos.lt\/lt\/#\/schema\/logo\/image\/"},"sameAs":["https:\/\/www.facebook.com\/silutes.naujienos\/","https:\/\/www.youtube.com\/channel\/UCxW-cgrJDt8GxIMxSTAfJZg"]},{"@type":"Person","@id":"https:\/\/www.silutesnaujienos.lt\/lt\/#\/schema\/person\/976440ef837444400af3c77c19c61454","name":"\u0160ilut\u0117s naujien\u0173 inf.","image":{"@type":"ImageObject","inLanguage":"lt-LT","@id":"https:\/\/www.silutesnaujienos.lt\/lt\/wp-content\/uploads\/2020\/06\/favicon.png","url":"https:\/\/www.silutesnaujienos.lt\/lt\/wp-content\/uploads\/2020\/06\/favicon.png","contentUrl":"https:\/\/www.silutesnaujienos.lt\/lt\/wp-content\/uploads\/2020\/06\/favicon.png","caption":"\u0160ilut\u0117s naujien\u0173 inf."},"url":"https:\/\/www.silutesnaujienos.lt\/lt\/author\/vadas\/"}]}},"publishpress_future_workflow_manual_trigger":{"enabledWorkflows":[]},"amp_enabled":true,"_links":{"self":[{"href":"https:\/\/www.silutesnaujienos.lt\/lt\/wp-json\/wp\/v2\/posts\/17731","targetHints":{"allow":["GET"]}}],"collection":[{"href":"https:\/\/www.silutesnaujienos.lt\/lt\/wp-json\/wp\/v2\/posts"}],"about":[{"href":"https:\/\/www.silutesnaujienos.lt\/lt\/wp-json\/wp\/v2\/types\/post"}],"author":[{"embeddable":true,"href":"https:\/\/www.silutesnaujienos.lt\/lt\/wp-json\/wp\/v2\/users\/2"}],"replies":[{"embeddable":true,"href":"https:\/\/www.silutesnaujienos.lt\/lt\/wp-json\/wp\/v2\/comments?post=17731"}],"version-history":[{"count":0,"href":"https:\/\/www.silutesnaujienos.lt\/lt\/wp-json\/wp\/v2\/posts\/17731\/revisions"}],"wp:attachment":[{"href":"https:\/\/www.silutesnaujienos.lt\/lt\/wp-json\/wp\/v2\/media?parent=17731"}],"wp:term":[{"taxonomy":"category","embeddable":true,"href":"https:\/\/www.silutesnaujienos.lt\/lt\/wp-json\/wp\/v2\/categories?post=17731"},{"taxonomy":"post_tag","embeddable":true,"href":"https:\/\/www.silutesnaujienos.lt\/lt\/wp-json\/wp\/v2\/tags?post=17731"}],"curies":[{"name":"wp","href":"https:\/\/api.w.org\/{rel}","templated":true}]}}