{"id":17766,"date":"2012-11-15T10:00:00","date_gmt":"2012-11-15T12:00:00","guid":{"rendered":"https:\/\/www.silutesnaujienos.lt\/lt\/pagalba-neigaliesiems-namuose-zengia-i-aukstesni-lygi\/"},"modified":"2012-11-15T10:00:00","modified_gmt":"2012-11-15T12:00:00","slug":"pagalba-neigaliesiems-namuose-zengia-i-aukstesni-lygi","status":"publish","type":"post","link":"https:\/\/www.silutesnaujienos.lt\/lt\/pagalba-neigaliesiems-namuose-zengia-i-aukstesni-lygi\/","title":{"rendered":"Pagalba ne\u012fgaliesiems namuose \u017eengia \u012f auk\u0161tesn\u012f lyg\u012f"},"content":{"rendered":"<p><a target=\"_blank\" class=\"jcepopup\" href=\"\/\/silutesnaujienos.lt\/images\/stories\/2012\/11\/13\/pagalba_neigaliesiems.jpg\" rel=\"noopener noreferrer\" data-rel=\"lightbox-gallery-2GHXSkys\" data-rl_title=\"\" data-rl_caption=\"\" title=\"\"><img loading=\"lazy\" decoding=\"async\" style=\"margin: 5px; float: left;\" alt=\"pagalba neigaliesiems\" src=\"\/\/silutesnaujienos.lt\/images\/stories\/2012\/11\/13\/thumbnails\/thumb_pagalba_neigaliesiems.jpg\" height=\"230\" width=\"307\" \/><\/a><strong>Didel\u0117 dalis sunki\u0105 negali\u0105 turin\u010di\u0173 m\u016bs\u0173 rajono gyventoj\u0173 ir j\u0173 artim\u0173j\u0173 nuo kitos vasaros vidurio gal\u0117s lengviau atsikv\u0117pti &#8211; ir m\u016bs\u0173 rajone pradedamas vykdyti Socialin\u0117s apsaugos ir darbo ministerijos projektas \u201eDienos socialin\u0117 globa ir slauga \u012f namus\u201c.<\/strong><\/p>\n<p><strong>Pas senyvus ir ne\u012fgalius \u017emones \u012f namus atva\u017eiuos mobiliosios socialini\u0173 ir slaugos specialist\u0173 komandos, kurios \u017emog\u0173 pri\u017ei\u016br\u0117s 4 valandas, o ateityje &#8211; gal net 8 valandas per dien\u0105. Specialistai taip pat konsultuos t\u0173 \u017emoni\u0173 artimuosius.<\/strong><\/p>\n<p>Projekt\u0105 rengusi Savivaldyb\u0117s socialin\u0117s paramos skyriaus ved\u0117jos pavaduotoja Audra Barauskien\u0117 \u012fsitikinusi, jog \u0161is projektas &#8211; i\u0161ties pa\u017eanga, \u017eymiai palengvinsianti daugelio ne\u012fgali\u0173j\u0173 ir sen\u0173 \u017emoni\u0173, o taip pat ir j\u0173 \u0161eim\u0173 gyvenim\u0105.<\/p>\n<p><strong>Paslaug\u0173 namuose daugeliui nebeu\u017etenka<\/strong><\/p>\n<p>Pasi\u016blym\u0105 dalyvauti projekte \u0160ilut\u0117s rajono savivaldyb\u0117 gavo pra\u0117jusi\u0105 liep\u0105. Ministerijos Strukt\u016brin\u0117s paramos politikos skyrius ragino \u0161iluti\u0161kius pateikti informacij\u0105, ar tokia slaugos ir globos paslauga rajone b\u016bt\u0173 reikalinga, ir parengti preliminari\u0105 l\u0117\u0161\u0173 parai\u0161k\u0105.<\/p>\n<p>\u201eTai labai ir seniai reikalinga paslauga. T\u0105 pastebi visi socialiniai darbuotojai. Prad\u0117jus vykdyti projekt\u0105, daug ne\u012fgali\u0173 \u017emoni\u0173 gal\u0117s likti savo namuose, \u010dia ir gaus vis\u0105 reikaling\u0105 pagalb\u0105, o Socialin\u0117s paramos skyriui nebereik\u0117s, kaip iki \u0161iol, pirkti jiems slaugos paslaugas gydymo \u012fstaigose. Be to, \u017eymiai laisvesni bus t\u0173 \u017emoni\u0173 artimieji, gal\u0117s gyventi visavert\u012f gyvenim\u0105, galb\u016bt &#8211; ir dirbti\u201c, &#8211; sako A.Barauskien\u0117.<\/p>\n<p>\u0160i\u0173 met\u0173 saus\u012f m\u016bs\u0173 rajone buvo priskai\u010diuojama apie 8900 senyv\u0173 \u017emoni\u0173, 261 vaikas ir 3500 darbingo am\u017eiaus \u017emoni\u0173 su negalia. Pagal \u012fvertint\u0105 socialini\u0173 paslaug\u0173 poreik\u012f, ma\u017edaug 20-\u010diai \u017emoni\u0173 dienos socialin\u0117s globos paslaugos kasmet teikiamos institucijose, dar apie 150 \u017emoni\u0173 paslaugas gauna namuose.<\/p>\n<p>Neretai toki\u0173 paslaug\u0173 seneliams ir ne\u012fgaliesiems neu\u017etenka, tuomet jie apgyvendinami globos \u012fstaigose arba perkamos vadinamosios globos lovos ligonin\u0117se.<\/p>\n<p>Mobiliosios komandos atvykimas \u012f namus, anot A.Barauskien\u0117s, b\u016bt\u0173 integrali, kokybi\u0161ka pagalba namuose.<\/p>\n<p>Pirmin\u0117je parai\u0161koje specialistai buvo suskai\u010diav\u0119, kad \u0161ios paslaugos teikimui 3 metams \u0160ilut\u0117s rajone reik\u0117t\u0173 apie milijon\u0105 lit\u0173. Bet ministerija skai\u010dius pakoregavo ir m\u016bs\u0173 rajonui skirta 504 t\u016bkstan\u010diai lit\u0173, kuriuos teks panaudoti per 2,5 met\u0173. Kiekvienam paslaugos gav\u0117jui per m\u0117nes\u012f b\u016bt\u0173 skiriama apie 700 lit\u0173.<\/p>\n<p>Projektas visi\u0161kai finansuojamas Europos S\u0105jungos fond\u0173 l\u0117\u0161omis.<\/p>\n<p><strong>Teks nupirkti priemones, apmokyti \u017emones<\/strong> <\/p>\n<p>Pirm\u0105j\u012f pusmet\u012f Socialin\u0117s paramos skyriui teks vykdyti vie\u0161uosius pirkimus, mat reik\u0117s \u012fsigyti nema\u017eai priemoni\u0173. Did\u017eiausi pirkiniai &#8211; dviem mobiliosioms specialist\u0173 komandoms teks nupirkti 2 automobilius, kurie \u0160ilutei liks ir projektui pasibaigus.<br \/>Reik\u0117s taip pat rasti, apmokyti ir \u012fdarbinti b\u016br\u012f specialist\u0173: kineziterapeut\u0105 &#8211; masa\u017euotoj\u0105, slaugytojas ir j\u0173 pad\u0117j\u0117jas. <\/p>\n<p>Numatyta nupirkti sudedam\u0173j\u0173 voni\u0173, kuriose ne\u012fgalieji namuose bus maudomi, slanki\u0173j\u0173 lent\u0173, kurios labai palengvina t\u0105 darb\u0105, keliam\u0173j\u0173 dir\u017e\u0173, elektrini\u0173 funkcini\u0173 lov\u0173, slanki\u0173j\u0173 paklod\u017ei\u0173, speciali\u0173 paklot\u0173 ir \u010diu\u017eini\u0173 pragul\u0173 profilaktikai.<\/p>\n<p>Specialistams taip pat bus nupirkta po 2 komplektus specialios aprangos, apsaugos priemoni\u0173 (pir\u0161tini\u0173, speciali\u0173 prijuos\u010di\u0173, krep\u0161i\u0173), reik\u0117s ir dezinfekcini\u0173 priemoni\u0173. \u012e projekto s\u0105mat\u0105 \u012fskai\u010diuotos ir i\u0161laidos kurui.<\/p>\n<p>\u0160iluti\u0161kiai sutaup\u0117 vienu punktu &#8211; nereik\u0117s \u012frengti medicinos kabineto, kuris, pagal projekto reikalavimus, turi b\u016bti specialiai paruo\u0161tas, ir gauti licencij\u0105 bei higienos pas\u0105. Tok\u012f kabinet\u0105 turi \u0160ilut\u0117s seneli\u0173 globos namuose veikianti Socialini\u0173 paslaug\u0173 tarnyba, tad \u0161i tarnyba ir bus paslaugos teik\u0117jas.<\/p>\n<p><strong>Ateityje paslaugos poreikis augs<\/strong><\/p>\n<p>Pasak A.Barauskien\u0117s, \u0161iuo projektu tikimasi pritraukti dar apie 150 t\u016bkst. lit\u0173 tikslini\u0173 dotacij\u0173 paslaugoms sunki\u0105 negali\u0105 turintiems \u017emon\u0117ms teikti.<\/p>\n<p>Ved\u0117jos pavaduotoja neabejoja, kad ateityje paslaug\u0173 \u012f namus poreik\u012f reik\u0117s tikslinti, jis tikriausiai tik did\u0117s.<\/p>\n<p>U\u017e atvykstan\u010dios komandos teikiamas slaugos paslaugas mok\u0117ti nereik\u0117s, ji apmokama i\u0161 projekto l\u0117\u0161\u0173, bet u\u017e socialini\u0173 darbuotoj\u0173 darb\u0105 paslaug\u0173 gav\u0117jai tur\u0117s \u0161iek tiek primok\u0117ti.<\/p>\n<p>A.Barauskien\u0117 mano, kad sutartis su Socialin\u0117s apsaugos ir darbo ministerijos Socialin\u0117s apr\u0117pties departamentu bus pasira\u0161yta kovo m\u0117nes\u012f, bet paslaugos \u012f namus gali b\u016bti prad\u0117tos teikti kit\u0173 met\u0173 bir\u017eel\u012f ar liep\u0105.<\/p>\n","protected":false},"excerpt":{"rendered":"<p>Didel\u0117 dalis sunki\u0105 negali\u0105 turin\u010di\u0173 m\u016bs\u0173 rajono gyventoj\u0173 ir j\u0173 artim\u0173j\u0173 nuo kitos vasaros vidurio gal\u0117s lengviau atsikv\u0117pti &#8211; ir m\u016bs\u0173 rajone pradedamas vykdyti Socialin\u0117s apsaugos ir darbo ministerijos projektas \u201eDienos socialin\u0117 globa ir slauga \u012f namus\u201c. Pas senyvus ir ne\u012fgalius \u017emones \u012f namus atva\u017eiuos mobiliosios socialini\u0173 ir slaugos specialist\u0173 komandos, kurios \u017emog\u0173 pri\u017ei\u016br\u0117s 4 [&hellip;]<\/p>\n","protected":false},"author":2,"featured_media":0,"comment_status":"open","ping_status":"open","sticky":false,"template":"","format":"standard","meta":{"footnotes":""},"categories":[2],"tags":[],"class_list":{"0":"post-17766","1":"post","2":"type-post","3":"status-publish","4":"format-standard","6":"category-aktualijos"},"yoast_head":"<!-- This site is optimized with the Yoast SEO plugin v27.5 - https:\/\/yoast.com\/product\/yoast-seo-wordpress\/ -->\n<title>Pagalba ne\u012fgaliesiems namuose \u017eengia \u012f auk\u0161tesn\u012f lyg\u012f - \u0160ilut\u0117s naujienos<\/title>\n<meta name=\"robots\" content=\"index, follow, max-snippet:-1, max-image-preview:large, max-video-preview:-1\" \/>\n<link rel=\"canonical\" href=\"https:\/\/www.silutesnaujienos.lt\/lt\/pagalba-neigaliesiems-namuose-zengia-i-aukstesni-lygi\/\" \/>\n<meta property=\"og:locale\" content=\"lt_LT\" \/>\n<meta property=\"og:type\" content=\"article\" \/>\n<meta property=\"og:title\" content=\"Pagalba ne\u012fgaliesiems namuose \u017eengia \u012f auk\u0161tesn\u012f lyg\u012f - \u0160ilut\u0117s naujienos\" \/>\n<meta property=\"og:description\" content=\"Didel\u0117 dalis sunki\u0105 negali\u0105 turin\u010di\u0173 m\u016bs\u0173 rajono gyventoj\u0173 ir j\u0173 artim\u0173j\u0173 nuo kitos vasaros vidurio gal\u0117s lengviau atsikv\u0117pti &#8211; ir m\u016bs\u0173 rajone pradedamas vykdyti Socialin\u0117s apsaugos ir darbo ministerijos projektas \u201eDienos socialin\u0117 globa ir slauga \u012f namus\u201c. Pas senyvus ir ne\u012fgalius \u017emones \u012f namus atva\u017eiuos mobiliosios socialini\u0173 ir slaugos specialist\u0173 komandos, kurios \u017emog\u0173 pri\u017ei\u016br\u0117s 4 [&hellip;]\" \/>\n<meta property=\"og:url\" content=\"https:\/\/www.silutesnaujienos.lt\/lt\/pagalba-neigaliesiems-namuose-zengia-i-aukstesni-lygi\/\" \/>\n<meta property=\"og:site_name\" content=\"\u0160ilut\u0117s naujienos\" \/>\n<meta property=\"article:publisher\" content=\"https:\/\/www.facebook.com\/silutes.naujienos\/\" \/>\n<meta property=\"article:published_time\" content=\"2012-11-15T12:00:00+00:00\" \/>\n<meta property=\"og:image\" content=\"\/\/silutesnaujienos.lt\/images\/stories\/2012\/11\/13\/thumbnails\/thumb_pagalba_neigaliesiems.jpg\" \/>\n<meta name=\"author\" content=\"\u0160ilut\u0117s naujien\u0173 inf.\" \/>\n<meta name=\"twitter:card\" content=\"summary_large_image\" \/>\n<meta name=\"twitter:label1\" content=\"Written by\" \/>\n\t<meta name=\"twitter:data1\" content=\"\u0160ilut\u0117s naujien\u0173 inf.\" \/>\n\t<meta name=\"twitter:label2\" content=\"Est. reading time\" \/>\n\t<meta name=\"twitter:data2\" content=\"3 minut\u0117s\" \/>\n<script type=\"application\/ld+json\" class=\"yoast-schema-graph\">{\"@context\":\"https:\\\/\\\/schema.org\",\"@graph\":[{\"@type\":\"Article\",\"@id\":\"https:\\\/\\\/www.silutesnaujienos.lt\\\/lt\\\/pagalba-neigaliesiems-namuose-zengia-i-aukstesni-lygi\\\/#article\",\"isPartOf\":{\"@id\":\"https:\\\/\\\/www.silutesnaujienos.lt\\\/lt\\\/pagalba-neigaliesiems-namuose-zengia-i-aukstesni-lygi\\\/\"},\"author\":{\"name\":\"\u0160ilut\u0117s naujien\u0173 inf.\",\"@id\":\"https:\\\/\\\/www.silutesnaujienos.lt\\\/lt\\\/#\\\/schema\\\/person\\\/976440ef837444400af3c77c19c61454\"},\"headline\":\"Pagalba ne\u012fgaliesiems namuose \u017eengia \u012f auk\u0161tesn\u012f lyg\u012f\",\"datePublished\":\"2012-11-15T12:00:00+00:00\",\"mainEntityOfPage\":{\"@id\":\"https:\\\/\\\/www.silutesnaujienos.lt\\\/lt\\\/pagalba-neigaliesiems-namuose-zengia-i-aukstesni-lygi\\\/\"},\"wordCount\":669,\"commentCount\":0,\"publisher\":{\"@id\":\"https:\\\/\\\/www.silutesnaujienos.lt\\\/lt\\\/#organization\"},\"articleSection\":[\"Aktualijos\"],\"inLanguage\":\"lt-LT\",\"potentialAction\":[{\"@type\":\"CommentAction\",\"name\":\"Comment\",\"target\":[\"https:\\\/\\\/www.silutesnaujienos.lt\\\/lt\\\/pagalba-neigaliesiems-namuose-zengia-i-aukstesni-lygi\\\/#respond\"]}]},{\"@type\":\"WebPage\",\"@id\":\"https:\\\/\\\/www.silutesnaujienos.lt\\\/lt\\\/pagalba-neigaliesiems-namuose-zengia-i-aukstesni-lygi\\\/\",\"url\":\"https:\\\/\\\/www.silutesnaujienos.lt\\\/lt\\\/pagalba-neigaliesiems-namuose-zengia-i-aukstesni-lygi\\\/\",\"name\":\"Pagalba ne\u012fgaliesiems namuose \u017eengia \u012f auk\u0161tesn\u012f lyg\u012f - \u0160ilut\u0117s naujienos\",\"isPartOf\":{\"@id\":\"https:\\\/\\\/www.silutesnaujienos.lt\\\/lt\\\/#website\"},\"datePublished\":\"2012-11-15T12:00:00+00:00\",\"breadcrumb\":{\"@id\":\"https:\\\/\\\/www.silutesnaujienos.lt\\\/lt\\\/pagalba-neigaliesiems-namuose-zengia-i-aukstesni-lygi\\\/#breadcrumb\"},\"inLanguage\":\"lt-LT\",\"potentialAction\":[{\"@type\":\"ReadAction\",\"target\":[\"https:\\\/\\\/www.silutesnaujienos.lt\\\/lt\\\/pagalba-neigaliesiems-namuose-zengia-i-aukstesni-lygi\\\/\"]}]},{\"@type\":\"BreadcrumbList\",\"@id\":\"https:\\\/\\\/www.silutesnaujienos.lt\\\/lt\\\/pagalba-neigaliesiems-namuose-zengia-i-aukstesni-lygi\\\/#breadcrumb\",\"itemListElement\":[{\"@type\":\"ListItem\",\"position\":1,\"name\":\"Home\",\"item\":\"https:\\\/\\\/www.silutesnaujienos.lt\\\/lt\\\/\"},{\"@type\":\"ListItem\",\"position\":2,\"name\":\"Pagalba ne\u012fgaliesiems namuose \u017eengia \u012f auk\u0161tesn\u012f lyg\u012f\"}]},{\"@type\":\"WebSite\",\"@id\":\"https:\\\/\\\/www.silutesnaujienos.lt\\\/lt\\\/#website\",\"url\":\"https:\\\/\\\/www.silutesnaujienos.lt\\\/lt\\\/\",\"name\":\"\u0160ilut\u0117s naujienos\",\"description\":\"B\u016bk ant naujien\u0173 bangos!\",\"publisher\":{\"@id\":\"https:\\\/\\\/www.silutesnaujienos.lt\\\/lt\\\/#organization\"},\"potentialAction\":[{\"@type\":\"SearchAction\",\"target\":{\"@type\":\"EntryPoint\",\"urlTemplate\":\"https:\\\/\\\/www.silutesnaujienos.lt\\\/lt\\\/?s={search_term_string}\"},\"query-input\":{\"@type\":\"PropertyValueSpecification\",\"valueRequired\":true,\"valueName\":\"search_term_string\"}}],\"inLanguage\":\"lt-LT\"},{\"@type\":\"Organization\",\"@id\":\"https:\\\/\\\/www.silutesnaujienos.lt\\\/lt\\\/#organization\",\"name\":\"\u0160ilut\u0117s naujienos\",\"url\":\"https:\\\/\\\/www.silutesnaujienos.lt\\\/lt\\\/\",\"logo\":{\"@type\":\"ImageObject\",\"inLanguage\":\"lt-LT\",\"@id\":\"https:\\\/\\\/www.silutesnaujienos.lt\\\/lt\\\/#\\\/schema\\\/logo\\\/image\\\/\",\"url\":\"https:\\\/\\\/www.silutesnaujienos.lt\\\/lt\\\/wp-content\\\/uploads\\\/2020\\\/06\\\/FB_MAIN.jpg\",\"contentUrl\":\"https:\\\/\\\/www.silutesnaujienos.lt\\\/lt\\\/wp-content\\\/uploads\\\/2020\\\/06\\\/FB_MAIN.jpg\",\"width\":1700,\"height\":956,\"caption\":\"\u0160ilut\u0117s naujienos\"},\"image\":{\"@id\":\"https:\\\/\\\/www.silutesnaujienos.lt\\\/lt\\\/#\\\/schema\\\/logo\\\/image\\\/\"},\"sameAs\":[\"https:\\\/\\\/www.facebook.com\\\/silutes.naujienos\\\/\",\"https:\\\/\\\/www.youtube.com\\\/channel\\\/UCxW-cgrJDt8GxIMxSTAfJZg\"]},{\"@type\":\"Person\",\"@id\":\"https:\\\/\\\/www.silutesnaujienos.lt\\\/lt\\\/#\\\/schema\\\/person\\\/976440ef837444400af3c77c19c61454\",\"name\":\"\u0160ilut\u0117s naujien\u0173 inf.\",\"image\":{\"@type\":\"ImageObject\",\"inLanguage\":\"lt-LT\",\"@id\":\"https:\\\/\\\/www.silutesnaujienos.lt\\\/lt\\\/wp-content\\\/uploads\\\/2020\\\/06\\\/favicon.png\",\"url\":\"https:\\\/\\\/www.silutesnaujienos.lt\\\/lt\\\/wp-content\\\/uploads\\\/2020\\\/06\\\/favicon.png\",\"contentUrl\":\"https:\\\/\\\/www.silutesnaujienos.lt\\\/lt\\\/wp-content\\\/uploads\\\/2020\\\/06\\\/favicon.png\",\"caption\":\"\u0160ilut\u0117s naujien\u0173 inf.\"},\"url\":\"https:\\\/\\\/www.silutesnaujienos.lt\\\/lt\\\/author\\\/vadas\\\/\"}]}<\/script>\n<!-- \/ Yoast SEO plugin. -->","yoast_head_json":{"title":"Pagalba ne\u012fgaliesiems namuose \u017eengia \u012f auk\u0161tesn\u012f lyg\u012f - \u0160ilut\u0117s naujienos","robots":{"index":"index","follow":"follow","max-snippet":"max-snippet:-1","max-image-preview":"max-image-preview:large","max-video-preview":"max-video-preview:-1"},"canonical":"https:\/\/www.silutesnaujienos.lt\/lt\/pagalba-neigaliesiems-namuose-zengia-i-aukstesni-lygi\/","og_locale":"lt_LT","og_type":"article","og_title":"Pagalba ne\u012fgaliesiems namuose \u017eengia \u012f auk\u0161tesn\u012f lyg\u012f - \u0160ilut\u0117s naujienos","og_description":"Didel\u0117 dalis sunki\u0105 negali\u0105 turin\u010di\u0173 m\u016bs\u0173 rajono gyventoj\u0173 ir j\u0173 artim\u0173j\u0173 nuo kitos vasaros vidurio gal\u0117s lengviau atsikv\u0117pti &#8211; ir m\u016bs\u0173 rajone pradedamas vykdyti Socialin\u0117s apsaugos ir darbo ministerijos projektas \u201eDienos socialin\u0117 globa ir slauga \u012f namus\u201c. Pas senyvus ir ne\u012fgalius \u017emones \u012f namus atva\u017eiuos mobiliosios socialini\u0173 ir slaugos specialist\u0173 komandos, kurios \u017emog\u0173 pri\u017ei\u016br\u0117s 4 [&hellip;]","og_url":"https:\/\/www.silutesnaujienos.lt\/lt\/pagalba-neigaliesiems-namuose-zengia-i-aukstesni-lygi\/","og_site_name":"\u0160ilut\u0117s naujienos","article_publisher":"https:\/\/www.facebook.com\/silutes.naujienos\/","article_published_time":"2012-11-15T12:00:00+00:00","og_image":[{"url":"\/\/silutesnaujienos.lt\/images\/stories\/2012\/11\/13\/thumbnails\/thumb_pagalba_neigaliesiems.jpg","type":"","width":"","height":""}],"author":"\u0160ilut\u0117s naujien\u0173 inf.","twitter_card":"summary_large_image","twitter_misc":{"Written by":"\u0160ilut\u0117s naujien\u0173 inf.","Est. reading time":"3 minut\u0117s"},"schema":{"@context":"https:\/\/schema.org","@graph":[{"@type":"Article","@id":"https:\/\/www.silutesnaujienos.lt\/lt\/pagalba-neigaliesiems-namuose-zengia-i-aukstesni-lygi\/#article","isPartOf":{"@id":"https:\/\/www.silutesnaujienos.lt\/lt\/pagalba-neigaliesiems-namuose-zengia-i-aukstesni-lygi\/"},"author":{"name":"\u0160ilut\u0117s naujien\u0173 inf.","@id":"https:\/\/www.silutesnaujienos.lt\/lt\/#\/schema\/person\/976440ef837444400af3c77c19c61454"},"headline":"Pagalba ne\u012fgaliesiems namuose \u017eengia \u012f auk\u0161tesn\u012f lyg\u012f","datePublished":"2012-11-15T12:00:00+00:00","mainEntityOfPage":{"@id":"https:\/\/www.silutesnaujienos.lt\/lt\/pagalba-neigaliesiems-namuose-zengia-i-aukstesni-lygi\/"},"wordCount":669,"commentCount":0,"publisher":{"@id":"https:\/\/www.silutesnaujienos.lt\/lt\/#organization"},"articleSection":["Aktualijos"],"inLanguage":"lt-LT","potentialAction":[{"@type":"CommentAction","name":"Comment","target":["https:\/\/www.silutesnaujienos.lt\/lt\/pagalba-neigaliesiems-namuose-zengia-i-aukstesni-lygi\/#respond"]}]},{"@type":"WebPage","@id":"https:\/\/www.silutesnaujienos.lt\/lt\/pagalba-neigaliesiems-namuose-zengia-i-aukstesni-lygi\/","url":"https:\/\/www.silutesnaujienos.lt\/lt\/pagalba-neigaliesiems-namuose-zengia-i-aukstesni-lygi\/","name":"Pagalba ne\u012fgaliesiems namuose \u017eengia \u012f auk\u0161tesn\u012f lyg\u012f - \u0160ilut\u0117s naujienos","isPartOf":{"@id":"https:\/\/www.silutesnaujienos.lt\/lt\/#website"},"datePublished":"2012-11-15T12:00:00+00:00","breadcrumb":{"@id":"https:\/\/www.silutesnaujienos.lt\/lt\/pagalba-neigaliesiems-namuose-zengia-i-aukstesni-lygi\/#breadcrumb"},"inLanguage":"lt-LT","potentialAction":[{"@type":"ReadAction","target":["https:\/\/www.silutesnaujienos.lt\/lt\/pagalba-neigaliesiems-namuose-zengia-i-aukstesni-lygi\/"]}]},{"@type":"BreadcrumbList","@id":"https:\/\/www.silutesnaujienos.lt\/lt\/pagalba-neigaliesiems-namuose-zengia-i-aukstesni-lygi\/#breadcrumb","itemListElement":[{"@type":"ListItem","position":1,"name":"Home","item":"https:\/\/www.silutesnaujienos.lt\/lt\/"},{"@type":"ListItem","position":2,"name":"Pagalba ne\u012fgaliesiems namuose \u017eengia \u012f auk\u0161tesn\u012f lyg\u012f"}]},{"@type":"WebSite","@id":"https:\/\/www.silutesnaujienos.lt\/lt\/#website","url":"https:\/\/www.silutesnaujienos.lt\/lt\/","name":"\u0160ilut\u0117s naujienos","description":"B\u016bk ant naujien\u0173 bangos!","publisher":{"@id":"https:\/\/www.silutesnaujienos.lt\/lt\/#organization"},"potentialAction":[{"@type":"SearchAction","target":{"@type":"EntryPoint","urlTemplate":"https:\/\/www.silutesnaujienos.lt\/lt\/?s={search_term_string}"},"query-input":{"@type":"PropertyValueSpecification","valueRequired":true,"valueName":"search_term_string"}}],"inLanguage":"lt-LT"},{"@type":"Organization","@id":"https:\/\/www.silutesnaujienos.lt\/lt\/#organization","name":"\u0160ilut\u0117s naujienos","url":"https:\/\/www.silutesnaujienos.lt\/lt\/","logo":{"@type":"ImageObject","inLanguage":"lt-LT","@id":"https:\/\/www.silutesnaujienos.lt\/lt\/#\/schema\/logo\/image\/","url":"https:\/\/www.silutesnaujienos.lt\/lt\/wp-content\/uploads\/2020\/06\/FB_MAIN.jpg","contentUrl":"https:\/\/www.silutesnaujienos.lt\/lt\/wp-content\/uploads\/2020\/06\/FB_MAIN.jpg","width":1700,"height":956,"caption":"\u0160ilut\u0117s naujienos"},"image":{"@id":"https:\/\/www.silutesnaujienos.lt\/lt\/#\/schema\/logo\/image\/"},"sameAs":["https:\/\/www.facebook.com\/silutes.naujienos\/","https:\/\/www.youtube.com\/channel\/UCxW-cgrJDt8GxIMxSTAfJZg"]},{"@type":"Person","@id":"https:\/\/www.silutesnaujienos.lt\/lt\/#\/schema\/person\/976440ef837444400af3c77c19c61454","name":"\u0160ilut\u0117s naujien\u0173 inf.","image":{"@type":"ImageObject","inLanguage":"lt-LT","@id":"https:\/\/www.silutesnaujienos.lt\/lt\/wp-content\/uploads\/2020\/06\/favicon.png","url":"https:\/\/www.silutesnaujienos.lt\/lt\/wp-content\/uploads\/2020\/06\/favicon.png","contentUrl":"https:\/\/www.silutesnaujienos.lt\/lt\/wp-content\/uploads\/2020\/06\/favicon.png","caption":"\u0160ilut\u0117s naujien\u0173 inf."},"url":"https:\/\/www.silutesnaujienos.lt\/lt\/author\/vadas\/"}]}},"publishpress_future_workflow_manual_trigger":{"enabledWorkflows":[]},"amp_enabled":true,"_links":{"self":[{"href":"https:\/\/www.silutesnaujienos.lt\/lt\/wp-json\/wp\/v2\/posts\/17766","targetHints":{"allow":["GET"]}}],"collection":[{"href":"https:\/\/www.silutesnaujienos.lt\/lt\/wp-json\/wp\/v2\/posts"}],"about":[{"href":"https:\/\/www.silutesnaujienos.lt\/lt\/wp-json\/wp\/v2\/types\/post"}],"author":[{"embeddable":true,"href":"https:\/\/www.silutesnaujienos.lt\/lt\/wp-json\/wp\/v2\/users\/2"}],"replies":[{"embeddable":true,"href":"https:\/\/www.silutesnaujienos.lt\/lt\/wp-json\/wp\/v2\/comments?post=17766"}],"version-history":[{"count":0,"href":"https:\/\/www.silutesnaujienos.lt\/lt\/wp-json\/wp\/v2\/posts\/17766\/revisions"}],"wp:attachment":[{"href":"https:\/\/www.silutesnaujienos.lt\/lt\/wp-json\/wp\/v2\/media?parent=17766"}],"wp:term":[{"taxonomy":"category","embeddable":true,"href":"https:\/\/www.silutesnaujienos.lt\/lt\/wp-json\/wp\/v2\/categories?post=17766"},{"taxonomy":"post_tag","embeddable":true,"href":"https:\/\/www.silutesnaujienos.lt\/lt\/wp-json\/wp\/v2\/tags?post=17766"}],"curies":[{"name":"wp","href":"https:\/\/api.w.org\/{rel}","templated":true}]}}