{"id":17770,"date":"2012-12-06T12:00:00","date_gmt":"2012-12-06T14:00:00","guid":{"rendered":"https:\/\/www.silutesnaujienos.lt\/lt\/socialiniai-darbuotojai-stazavosi-suomijoje\/"},"modified":"2012-12-06T12:00:00","modified_gmt":"2012-12-06T14:00:00","slug":"socialiniai-darbuotojai-stazavosi-suomijoje","status":"publish","type":"post","link":"https:\/\/www.silutesnaujienos.lt\/lt\/socialiniai-darbuotojai-stazavosi-suomijoje\/","title":{"rendered":"Socialiniai darbuotojai sta\u017eavosi Suomijoje"},"content":{"rendered":"<p><a target=\"_blank\" rel=\"caption[Projekto dalyviai dalyvauja slaugytoj\u0173 pad\u0117j\u0117j\u0173 praktiniame u\u017esi\u0117mime Etela - Kymenlaakso profesin\u0117je mokykloje.] noopener noreferrer\" class=\"jcepopup\" href=\"\/\/silutesnaujienos.lt\/images\/stories\/2012\/12\/04\/Praktinis_uzsiemimas_prof_mokykloje.jpg\" data-rel=\"lightbox-gallery-qhitYZpI\" data-rl_title=\"\" data-rl_caption=\"\"><img loading=\"lazy\" decoding=\"async\" style=\"margin: 5px; float: left;\" class=\"caption\" title=\"\" alt=\"Praktinis uzsiemimas prof mokykloje\" src=\"\/\/silutesnaujienos.lt\/images\/stories\/2012\/12\/04\/thumbnails\/thumb_Praktinis_uzsiemimas_prof_mokykloje.jpg\" height=\"230\" width=\"307\" \/><\/a><strong>\u017demai\u010di\u0173 Naumiestyje \u012fsik\u016br\u0119 seneli\u0173 namai \u201eSenjor\u0173 Eldoradas\u201c pareng\u0117 ir laim\u0117jo Europos S\u0105jungos Mokymosi vis\u0105 gyvenim\u0105 programos Leonardo da Vin\u010di paprogram\u0117s projekt\u0105 \u201eSocialinis darbas su senjorais Suomijoje\u201c.<\/strong><\/p>\n<p><strong>Projekto tikslas &#8211; kelti socialin\u0117s globos \u012fstaig\u0173 senjorams darbuotoj\u0173, atsaking\u0173 u\u017e personalo mokym\u0105, ir socialinio darbuotojo pad\u0117j\u0117jo, socialinio slaugytojo profesijos mokytoj\u0173 profesin\u0119 kvalifikacij\u0105 Suomijoje.<\/strong><\/p>\n<p>Projekto metu 8 dalyviai i\u0161 \u0160ilut\u0117s socialin\u0117s globos \u012fstaig\u0173, dirban\u010di\u0173 su senjorais, &#8211; V\u0160\u012e \u201eSenjor\u0173 Eldorado\u201c, \u0160ilut\u0117s seneli\u0173 globos nam\u0173, Macik\u0173 socialin\u0117s globos nam\u0173 ir \u0160ilut\u0117s turizmo ir paslaug\u0173 verslo mokyklos &#8211; vyko \u012f savait\u0117s vizit\u0105 Kotkos mieste, Suomijoje.<\/p>\n<p>Didel\u012f \u012fsp\u016bd\u012f paliko vizitas Etela &#8211; Kymenlaakso profesin\u0117je mokykloje, rengian\u010dioje socialinius darbuotojus, slaugytojus bei pagyvenusi\u0173 \u017emoni\u0173 prie\u017ei\u016bros specialistus. Mokykla turi stipri\u0105 praktinio mokymo baz\u0119, palatas imituojan\u010dias klases su reikiama \u012franga: keltuvais, funkcin\u0117mis lovomis, maudymo vietomis. Mokiniai i\u0161moksta naudoti \u012frang\u0105, mokomi ergonomijos pagrind\u0173, pavyzd\u017eiui, kaip teisingai perkelti ne\u012fgal\u0173 \u017emog\u0173.<\/p>\n<p>Projekto dalyviai aplank\u0117 ir kitas senjor\u0173 socialin\u0117s globos \u012fstaigas. Senjor\u0173 dienos centre, kuris teikia paslaugas savaranki\u0161kai gyvenantiems senjorams, \u0161iluti\u0161k\u0117s su centro darbuotojomis ir lankytojais dalyvavo muzikin\u0117je mank\u0161toje. <br \/><a target=\"_blank\" rel=\"caption[Kotkos seneli\u0173 socialin\u0117s globos namuose \u0161iluti\u0161k\u0117s ap\u017ei\u016br\u0117jo \u012frang\u0105, naudojam\u0105 senjor\u0173 judesio terapijai.] noopener noreferrer\" class=\"jcepopup\" href=\"\/\/silutesnaujienos.lt\/images\/stories\/2012\/12\/04\/Irangos_pristatymas.jpg\" data-rel=\"lightbox-gallery-qhitYZpI\" data-rl_title=\"\" data-rl_caption=\"\"><img loading=\"lazy\" decoding=\"async\" style=\"margin: 5px; float: right;\" class=\"caption\" title=\"\" alt=\"Irangos pristatymas\" src=\"\/\/silutesnaujienos.lt\/images\/stories\/2012\/12\/04\/thumbnails\/thumb_Irangos_pristatymas.jpg\" height=\"230\" width=\"307\" \/><\/a><br \/>Savaranki\u0161ko gyvenimo namuose diskutavo apie darb\u0105 su savaranki\u0161kai gyvenan\u010diais senjorais Suomijoje bei Lietuvoje, si\u016blomas paslaugas, senjor\u0173 reabilitacijos organizavim\u0105. Centre, teikian\u010diame slaugos \u012frang\u0105 ir priemones, palengvinan\u010dias ne\u012fgali\u0173j\u0173 ir pagyvenusi\u0173 \u017emoni\u0173 kasdienyb\u0119, dalyv\u0117s diskutavo apie \u012frangos paskirt\u012f ir naud\u0105 senjorams, jos prieinamum\u0105 savaranki\u0161kai gyvenantiems senjorams.<\/p>\n<p>Vizito metu dalyv\u0117s taip pat pamat\u0117, kaip organizuojamas darbas Suomijos valstybiniuose bei priva\u010diuose senjor\u0173 globos namuose.<\/p>\n<p>Projekto dalyv\u0117s ne tik susipa\u017eino su Suomijos socialinio darbo ypatumais, bet ir su kult\u016bra, ragavo tradicinio suomi\u0161ko maisto, pamat\u0117 j\u016br\u0173 muziej\u0173, parkus. <\/p>\n<p>Socialinio darbuotojo pad\u0117j\u0117jo ir socialinio slaugytojo profesijos mokytojos ir socialin\u0117s darbuotojos, dirban\u010dios su senyvais \u017emon\u0117mis, ne tik prapl\u0117t\u0117 savo \u017einias. Buvo parengta mokomoji med\u017eiaga apie socialinio darbo Suomijoje organizavim\u0105, darbuotoj\u0173 kompetencij\u0105, naudojam\u0105 \u012frang\u0105, patalp\u0173 \u012frengim\u0105, senjor\u0173 u\u017eimtumo organizavim\u0105. Med\u017eiaga bus naudojama profesinio mokymo pamokose, socialini\u0173 globos \u012fstaig\u0173 darbuotoj\u0173 mokymuose.<\/p>\n","protected":false},"excerpt":{"rendered":"<p>\u017demai\u010di\u0173 Naumiestyje \u012fsik\u016br\u0119 seneli\u0173 namai \u201eSenjor\u0173 Eldoradas\u201c pareng\u0117 ir laim\u0117jo Europos S\u0105jungos Mokymosi vis\u0105 gyvenim\u0105 programos Leonardo da Vin\u010di paprogram\u0117s projekt\u0105 \u201eSocialinis darbas su senjorais Suomijoje\u201c. Projekto tikslas &#8211; kelti socialin\u0117s globos \u012fstaig\u0173 senjorams darbuotoj\u0173, atsaking\u0173 u\u017e personalo mokym\u0105, ir socialinio darbuotojo pad\u0117j\u0117jo, socialinio slaugytojo profesijos mokytoj\u0173 profesin\u0119 kvalifikacij\u0105 Suomijoje. Projekto metu 8 dalyviai i\u0161 [&hellip;]<\/p>\n","protected":false},"author":2,"featured_media":0,"comment_status":"open","ping_status":"open","sticky":false,"template":"","format":"standard","meta":{"footnotes":""},"categories":[2],"tags":[],"class_list":{"0":"post-17770","1":"post","2":"type-post","3":"status-publish","4":"format-standard","6":"category-aktualijos"},"yoast_head":"<!-- This site is optimized with the Yoast SEO plugin v27.5 - https:\/\/yoast.com\/product\/yoast-seo-wordpress\/ -->\n<title>Socialiniai darbuotojai sta\u017eavosi Suomijoje - \u0160ilut\u0117s naujienos<\/title>\n<meta name=\"robots\" content=\"index, follow, max-snippet:-1, max-image-preview:large, max-video-preview:-1\" \/>\n<link rel=\"canonical\" href=\"https:\/\/www.silutesnaujienos.lt\/lt\/socialiniai-darbuotojai-stazavosi-suomijoje\/\" \/>\n<meta property=\"og:locale\" content=\"lt_LT\" \/>\n<meta property=\"og:type\" content=\"article\" \/>\n<meta property=\"og:title\" content=\"Socialiniai darbuotojai sta\u017eavosi Suomijoje - \u0160ilut\u0117s naujienos\" \/>\n<meta property=\"og:description\" content=\"\u017demai\u010di\u0173 Naumiestyje \u012fsik\u016br\u0119 seneli\u0173 namai \u201eSenjor\u0173 Eldoradas\u201c pareng\u0117 ir laim\u0117jo Europos S\u0105jungos Mokymosi vis\u0105 gyvenim\u0105 programos Leonardo da Vin\u010di paprogram\u0117s projekt\u0105 \u201eSocialinis darbas su senjorais Suomijoje\u201c. Projekto tikslas &#8211; kelti socialin\u0117s globos \u012fstaig\u0173 senjorams darbuotoj\u0173, atsaking\u0173 u\u017e personalo mokym\u0105, ir socialinio darbuotojo pad\u0117j\u0117jo, socialinio slaugytojo profesijos mokytoj\u0173 profesin\u0119 kvalifikacij\u0105 Suomijoje. Projekto metu 8 dalyviai i\u0161 [&hellip;]\" \/>\n<meta property=\"og:url\" content=\"https:\/\/www.silutesnaujienos.lt\/lt\/socialiniai-darbuotojai-stazavosi-suomijoje\/\" \/>\n<meta property=\"og:site_name\" content=\"\u0160ilut\u0117s naujienos\" \/>\n<meta property=\"article:publisher\" content=\"https:\/\/www.facebook.com\/silutes.naujienos\/\" \/>\n<meta property=\"article:published_time\" content=\"2012-12-06T14:00:00+00:00\" \/>\n<meta property=\"og:image\" content=\"\/\/silutesnaujienos.lt\/images\/stories\/2012\/12\/04\/thumbnails\/thumb_Praktinis_uzsiemimas_prof_mokykloje.jpg\" \/>\n<meta name=\"author\" content=\"\u0160ilut\u0117s naujien\u0173 inf.\" \/>\n<meta name=\"twitter:card\" content=\"summary_large_image\" \/>\n<meta name=\"twitter:label1\" content=\"Written by\" \/>\n\t<meta name=\"twitter:data1\" content=\"\u0160ilut\u0117s naujien\u0173 inf.\" \/>\n\t<meta name=\"twitter:label2\" content=\"Est. reading time\" \/>\n\t<meta name=\"twitter:data2\" content=\"2 minut\u0117s\" \/>\n<script type=\"application\/ld+json\" class=\"yoast-schema-graph\">{\"@context\":\"https:\\\/\\\/schema.org\",\"@graph\":[{\"@type\":\"Article\",\"@id\":\"https:\\\/\\\/www.silutesnaujienos.lt\\\/lt\\\/socialiniai-darbuotojai-stazavosi-suomijoje\\\/#article\",\"isPartOf\":{\"@id\":\"https:\\\/\\\/www.silutesnaujienos.lt\\\/lt\\\/socialiniai-darbuotojai-stazavosi-suomijoje\\\/\"},\"author\":{\"name\":\"\u0160ilut\u0117s naujien\u0173 inf.\",\"@id\":\"https:\\\/\\\/www.silutesnaujienos.lt\\\/lt\\\/#\\\/schema\\\/person\\\/976440ef837444400af3c77c19c61454\"},\"headline\":\"Socialiniai darbuotojai sta\u017eavosi Suomijoje\",\"datePublished\":\"2012-12-06T14:00:00+00:00\",\"mainEntityOfPage\":{\"@id\":\"https:\\\/\\\/www.silutesnaujienos.lt\\\/lt\\\/socialiniai-darbuotojai-stazavosi-suomijoje\\\/\"},\"wordCount\":355,\"commentCount\":0,\"publisher\":{\"@id\":\"https:\\\/\\\/www.silutesnaujienos.lt\\\/lt\\\/#organization\"},\"articleSection\":[\"Aktualijos\"],\"inLanguage\":\"lt-LT\",\"potentialAction\":[{\"@type\":\"CommentAction\",\"name\":\"Comment\",\"target\":[\"https:\\\/\\\/www.silutesnaujienos.lt\\\/lt\\\/socialiniai-darbuotojai-stazavosi-suomijoje\\\/#respond\"]}]},{\"@type\":\"WebPage\",\"@id\":\"https:\\\/\\\/www.silutesnaujienos.lt\\\/lt\\\/socialiniai-darbuotojai-stazavosi-suomijoje\\\/\",\"url\":\"https:\\\/\\\/www.silutesnaujienos.lt\\\/lt\\\/socialiniai-darbuotojai-stazavosi-suomijoje\\\/\",\"name\":\"Socialiniai darbuotojai sta\u017eavosi Suomijoje - \u0160ilut\u0117s naujienos\",\"isPartOf\":{\"@id\":\"https:\\\/\\\/www.silutesnaujienos.lt\\\/lt\\\/#website\"},\"datePublished\":\"2012-12-06T14:00:00+00:00\",\"breadcrumb\":{\"@id\":\"https:\\\/\\\/www.silutesnaujienos.lt\\\/lt\\\/socialiniai-darbuotojai-stazavosi-suomijoje\\\/#breadcrumb\"},\"inLanguage\":\"lt-LT\",\"potentialAction\":[{\"@type\":\"ReadAction\",\"target\":[\"https:\\\/\\\/www.silutesnaujienos.lt\\\/lt\\\/socialiniai-darbuotojai-stazavosi-suomijoje\\\/\"]}]},{\"@type\":\"BreadcrumbList\",\"@id\":\"https:\\\/\\\/www.silutesnaujienos.lt\\\/lt\\\/socialiniai-darbuotojai-stazavosi-suomijoje\\\/#breadcrumb\",\"itemListElement\":[{\"@type\":\"ListItem\",\"position\":1,\"name\":\"Home\",\"item\":\"https:\\\/\\\/www.silutesnaujienos.lt\\\/lt\\\/\"},{\"@type\":\"ListItem\",\"position\":2,\"name\":\"Socialiniai darbuotojai sta\u017eavosi Suomijoje\"}]},{\"@type\":\"WebSite\",\"@id\":\"https:\\\/\\\/www.silutesnaujienos.lt\\\/lt\\\/#website\",\"url\":\"https:\\\/\\\/www.silutesnaujienos.lt\\\/lt\\\/\",\"name\":\"\u0160ilut\u0117s naujienos\",\"description\":\"B\u016bk ant naujien\u0173 bangos!\",\"publisher\":{\"@id\":\"https:\\\/\\\/www.silutesnaujienos.lt\\\/lt\\\/#organization\"},\"potentialAction\":[{\"@type\":\"SearchAction\",\"target\":{\"@type\":\"EntryPoint\",\"urlTemplate\":\"https:\\\/\\\/www.silutesnaujienos.lt\\\/lt\\\/?s={search_term_string}\"},\"query-input\":{\"@type\":\"PropertyValueSpecification\",\"valueRequired\":true,\"valueName\":\"search_term_string\"}}],\"inLanguage\":\"lt-LT\"},{\"@type\":\"Organization\",\"@id\":\"https:\\\/\\\/www.silutesnaujienos.lt\\\/lt\\\/#organization\",\"name\":\"\u0160ilut\u0117s naujienos\",\"url\":\"https:\\\/\\\/www.silutesnaujienos.lt\\\/lt\\\/\",\"logo\":{\"@type\":\"ImageObject\",\"inLanguage\":\"lt-LT\",\"@id\":\"https:\\\/\\\/www.silutesnaujienos.lt\\\/lt\\\/#\\\/schema\\\/logo\\\/image\\\/\",\"url\":\"https:\\\/\\\/www.silutesnaujienos.lt\\\/lt\\\/wp-content\\\/uploads\\\/2020\\\/06\\\/FB_MAIN.jpg\",\"contentUrl\":\"https:\\\/\\\/www.silutesnaujienos.lt\\\/lt\\\/wp-content\\\/uploads\\\/2020\\\/06\\\/FB_MAIN.jpg\",\"width\":1700,\"height\":956,\"caption\":\"\u0160ilut\u0117s naujienos\"},\"image\":{\"@id\":\"https:\\\/\\\/www.silutesnaujienos.lt\\\/lt\\\/#\\\/schema\\\/logo\\\/image\\\/\"},\"sameAs\":[\"https:\\\/\\\/www.facebook.com\\\/silutes.naujienos\\\/\",\"https:\\\/\\\/www.youtube.com\\\/channel\\\/UCxW-cgrJDt8GxIMxSTAfJZg\"]},{\"@type\":\"Person\",\"@id\":\"https:\\\/\\\/www.silutesnaujienos.lt\\\/lt\\\/#\\\/schema\\\/person\\\/976440ef837444400af3c77c19c61454\",\"name\":\"\u0160ilut\u0117s naujien\u0173 inf.\",\"image\":{\"@type\":\"ImageObject\",\"inLanguage\":\"lt-LT\",\"@id\":\"https:\\\/\\\/www.silutesnaujienos.lt\\\/lt\\\/wp-content\\\/uploads\\\/2020\\\/06\\\/favicon.png\",\"url\":\"https:\\\/\\\/www.silutesnaujienos.lt\\\/lt\\\/wp-content\\\/uploads\\\/2020\\\/06\\\/favicon.png\",\"contentUrl\":\"https:\\\/\\\/www.silutesnaujienos.lt\\\/lt\\\/wp-content\\\/uploads\\\/2020\\\/06\\\/favicon.png\",\"caption\":\"\u0160ilut\u0117s naujien\u0173 inf.\"},\"url\":\"https:\\\/\\\/www.silutesnaujienos.lt\\\/lt\\\/author\\\/vadas\\\/\"}]}<\/script>\n<!-- \/ Yoast SEO plugin. -->","yoast_head_json":{"title":"Socialiniai darbuotojai sta\u017eavosi Suomijoje - \u0160ilut\u0117s naujienos","robots":{"index":"index","follow":"follow","max-snippet":"max-snippet:-1","max-image-preview":"max-image-preview:large","max-video-preview":"max-video-preview:-1"},"canonical":"https:\/\/www.silutesnaujienos.lt\/lt\/socialiniai-darbuotojai-stazavosi-suomijoje\/","og_locale":"lt_LT","og_type":"article","og_title":"Socialiniai darbuotojai sta\u017eavosi Suomijoje - \u0160ilut\u0117s naujienos","og_description":"\u017demai\u010di\u0173 Naumiestyje \u012fsik\u016br\u0119 seneli\u0173 namai \u201eSenjor\u0173 Eldoradas\u201c pareng\u0117 ir laim\u0117jo Europos S\u0105jungos Mokymosi vis\u0105 gyvenim\u0105 programos Leonardo da Vin\u010di paprogram\u0117s projekt\u0105 \u201eSocialinis darbas su senjorais Suomijoje\u201c. Projekto tikslas &#8211; kelti socialin\u0117s globos \u012fstaig\u0173 senjorams darbuotoj\u0173, atsaking\u0173 u\u017e personalo mokym\u0105, ir socialinio darbuotojo pad\u0117j\u0117jo, socialinio slaugytojo profesijos mokytoj\u0173 profesin\u0119 kvalifikacij\u0105 Suomijoje. Projekto metu 8 dalyviai i\u0161 [&hellip;]","og_url":"https:\/\/www.silutesnaujienos.lt\/lt\/socialiniai-darbuotojai-stazavosi-suomijoje\/","og_site_name":"\u0160ilut\u0117s naujienos","article_publisher":"https:\/\/www.facebook.com\/silutes.naujienos\/","article_published_time":"2012-12-06T14:00:00+00:00","og_image":[{"url":"\/\/silutesnaujienos.lt\/images\/stories\/2012\/12\/04\/thumbnails\/thumb_Praktinis_uzsiemimas_prof_mokykloje.jpg","type":"","width":"","height":""}],"author":"\u0160ilut\u0117s naujien\u0173 inf.","twitter_card":"summary_large_image","twitter_misc":{"Written by":"\u0160ilut\u0117s naujien\u0173 inf.","Est. reading time":"2 minut\u0117s"},"schema":{"@context":"https:\/\/schema.org","@graph":[{"@type":"Article","@id":"https:\/\/www.silutesnaujienos.lt\/lt\/socialiniai-darbuotojai-stazavosi-suomijoje\/#article","isPartOf":{"@id":"https:\/\/www.silutesnaujienos.lt\/lt\/socialiniai-darbuotojai-stazavosi-suomijoje\/"},"author":{"name":"\u0160ilut\u0117s naujien\u0173 inf.","@id":"https:\/\/www.silutesnaujienos.lt\/lt\/#\/schema\/person\/976440ef837444400af3c77c19c61454"},"headline":"Socialiniai darbuotojai sta\u017eavosi Suomijoje","datePublished":"2012-12-06T14:00:00+00:00","mainEntityOfPage":{"@id":"https:\/\/www.silutesnaujienos.lt\/lt\/socialiniai-darbuotojai-stazavosi-suomijoje\/"},"wordCount":355,"commentCount":0,"publisher":{"@id":"https:\/\/www.silutesnaujienos.lt\/lt\/#organization"},"articleSection":["Aktualijos"],"inLanguage":"lt-LT","potentialAction":[{"@type":"CommentAction","name":"Comment","target":["https:\/\/www.silutesnaujienos.lt\/lt\/socialiniai-darbuotojai-stazavosi-suomijoje\/#respond"]}]},{"@type":"WebPage","@id":"https:\/\/www.silutesnaujienos.lt\/lt\/socialiniai-darbuotojai-stazavosi-suomijoje\/","url":"https:\/\/www.silutesnaujienos.lt\/lt\/socialiniai-darbuotojai-stazavosi-suomijoje\/","name":"Socialiniai darbuotojai sta\u017eavosi Suomijoje - \u0160ilut\u0117s naujienos","isPartOf":{"@id":"https:\/\/www.silutesnaujienos.lt\/lt\/#website"},"datePublished":"2012-12-06T14:00:00+00:00","breadcrumb":{"@id":"https:\/\/www.silutesnaujienos.lt\/lt\/socialiniai-darbuotojai-stazavosi-suomijoje\/#breadcrumb"},"inLanguage":"lt-LT","potentialAction":[{"@type":"ReadAction","target":["https:\/\/www.silutesnaujienos.lt\/lt\/socialiniai-darbuotojai-stazavosi-suomijoje\/"]}]},{"@type":"BreadcrumbList","@id":"https:\/\/www.silutesnaujienos.lt\/lt\/socialiniai-darbuotojai-stazavosi-suomijoje\/#breadcrumb","itemListElement":[{"@type":"ListItem","position":1,"name":"Home","item":"https:\/\/www.silutesnaujienos.lt\/lt\/"},{"@type":"ListItem","position":2,"name":"Socialiniai darbuotojai sta\u017eavosi Suomijoje"}]},{"@type":"WebSite","@id":"https:\/\/www.silutesnaujienos.lt\/lt\/#website","url":"https:\/\/www.silutesnaujienos.lt\/lt\/","name":"\u0160ilut\u0117s naujienos","description":"B\u016bk ant naujien\u0173 bangos!","publisher":{"@id":"https:\/\/www.silutesnaujienos.lt\/lt\/#organization"},"potentialAction":[{"@type":"SearchAction","target":{"@type":"EntryPoint","urlTemplate":"https:\/\/www.silutesnaujienos.lt\/lt\/?s={search_term_string}"},"query-input":{"@type":"PropertyValueSpecification","valueRequired":true,"valueName":"search_term_string"}}],"inLanguage":"lt-LT"},{"@type":"Organization","@id":"https:\/\/www.silutesnaujienos.lt\/lt\/#organization","name":"\u0160ilut\u0117s naujienos","url":"https:\/\/www.silutesnaujienos.lt\/lt\/","logo":{"@type":"ImageObject","inLanguage":"lt-LT","@id":"https:\/\/www.silutesnaujienos.lt\/lt\/#\/schema\/logo\/image\/","url":"https:\/\/www.silutesnaujienos.lt\/lt\/wp-content\/uploads\/2020\/06\/FB_MAIN.jpg","contentUrl":"https:\/\/www.silutesnaujienos.lt\/lt\/wp-content\/uploads\/2020\/06\/FB_MAIN.jpg","width":1700,"height":956,"caption":"\u0160ilut\u0117s naujienos"},"image":{"@id":"https:\/\/www.silutesnaujienos.lt\/lt\/#\/schema\/logo\/image\/"},"sameAs":["https:\/\/www.facebook.com\/silutes.naujienos\/","https:\/\/www.youtube.com\/channel\/UCxW-cgrJDt8GxIMxSTAfJZg"]},{"@type":"Person","@id":"https:\/\/www.silutesnaujienos.lt\/lt\/#\/schema\/person\/976440ef837444400af3c77c19c61454","name":"\u0160ilut\u0117s naujien\u0173 inf.","image":{"@type":"ImageObject","inLanguage":"lt-LT","@id":"https:\/\/www.silutesnaujienos.lt\/lt\/wp-content\/uploads\/2020\/06\/favicon.png","url":"https:\/\/www.silutesnaujienos.lt\/lt\/wp-content\/uploads\/2020\/06\/favicon.png","contentUrl":"https:\/\/www.silutesnaujienos.lt\/lt\/wp-content\/uploads\/2020\/06\/favicon.png","caption":"\u0160ilut\u0117s naujien\u0173 inf."},"url":"https:\/\/www.silutesnaujienos.lt\/lt\/author\/vadas\/"}]}},"publishpress_future_workflow_manual_trigger":{"enabledWorkflows":[]},"amp_enabled":true,"_links":{"self":[{"href":"https:\/\/www.silutesnaujienos.lt\/lt\/wp-json\/wp\/v2\/posts\/17770","targetHints":{"allow":["GET"]}}],"collection":[{"href":"https:\/\/www.silutesnaujienos.lt\/lt\/wp-json\/wp\/v2\/posts"}],"about":[{"href":"https:\/\/www.silutesnaujienos.lt\/lt\/wp-json\/wp\/v2\/types\/post"}],"author":[{"embeddable":true,"href":"https:\/\/www.silutesnaujienos.lt\/lt\/wp-json\/wp\/v2\/users\/2"}],"replies":[{"embeddable":true,"href":"https:\/\/www.silutesnaujienos.lt\/lt\/wp-json\/wp\/v2\/comments?post=17770"}],"version-history":[{"count":0,"href":"https:\/\/www.silutesnaujienos.lt\/lt\/wp-json\/wp\/v2\/posts\/17770\/revisions"}],"wp:attachment":[{"href":"https:\/\/www.silutesnaujienos.lt\/lt\/wp-json\/wp\/v2\/media?parent=17770"}],"wp:term":[{"taxonomy":"category","embeddable":true,"href":"https:\/\/www.silutesnaujienos.lt\/lt\/wp-json\/wp\/v2\/categories?post=17770"},{"taxonomy":"post_tag","embeddable":true,"href":"https:\/\/www.silutesnaujienos.lt\/lt\/wp-json\/wp\/v2\/tags?post=17770"}],"curies":[{"name":"wp","href":"https:\/\/api.w.org\/{rel}","templated":true}]}}