{"id":17772,"date":"2012-12-11T14:00:00","date_gmt":"2012-12-11T16:00:00","guid":{"rendered":"https:\/\/www.silutesnaujienos.lt\/lt\/po-19-metu-socialinio-darbo-poilsis-su-teptuku-rankose\/"},"modified":"2012-12-11T14:00:00","modified_gmt":"2012-12-11T16:00:00","slug":"po-19-metu-socialinio-darbo-poilsis-su-teptuku-rankose","status":"publish","type":"post","link":"https:\/\/www.silutesnaujienos.lt\/lt\/po-19-metu-socialinio-darbo-poilsis-su-teptuku-rankose\/","title":{"rendered":"Po 19 met\u0173 socialinio darbo &#8211; poilsis su teptuku rankose"},"content":{"rendered":"<p><a target=\"_blank\" rel=\"caption[I.Petravi\u010dienei s\u0117km\u0117s ir k\u016brybinio \u012fkv\u0117pimo link\u0117jo kolegos i\u0161 Juknai\u010di\u0173 seni\u016bnijos, bendruomen\u0117s atstovai.] noopener noreferrer\" class=\"jcepopup\" href=\"\/\/silutesnaujienos.lt\/images\/stories\/2012\/12\/11\/petraviciene_kolektyvas.jpg\" data-rel=\"lightbox-gallery-xfw11mVp\" data-rl_title=\"\" data-rl_caption=\"\"><img loading=\"lazy\" decoding=\"async\" style=\"margin: 5px; float: left;\" class=\"caption\" title=\"\" alt=\"petraviciene kolektyvas\" src=\"\/\/silutesnaujienos.lt\/images\/stories\/2012\/12\/11\/thumbnails\/thumb_petraviciene_kolektyvas.jpg\" height=\"230\" width=\"307\" \/><\/a><strong>Daugiau nei 19 met\u0173 pradirbusi Juknai\u010di\u0173 seni\u016bnijoje socialinio darbo organizator\u0117 Irena PETRAVI\u010cIEN\u0116 i\u0161\u0117jo i\u0161 darbo. Sulaukusi pensinio am\u017eiaus specialist\u0117 nutar\u0117 savo laik\u0105 skirti sau ir artimiesiems. U\u017e ilgamet\u012f darb\u0105 jai d\u0117kojo seni\u016bnijos, rajono Savivaldyb\u0117s vadovai.<\/strong><\/p>\n<p><strong>Dirbdama u\u017esiaugino \u0161arvus<\/strong><\/p>\n<p>I.Petravi\u010dien\u0117s pareigas per\u0117m\u0117 koleg\u0117, Juknai\u010di\u0173 seni\u016bnijos socialin\u0117 darbuotoja Vita Ge\u010dien\u0117. Rajono Savivaldyb\u0117 ie\u0161kos naujo specialisto darbui su socialin\u0117s rizikos \u0161eimomis. V.Ge\u010dien\u0117 sak\u0117, jog Irena buvo ne tik koleg\u0117, bet ir draug\u0117, tod\u0117l iki paskutin\u0117s jos darbo dienos negal\u0117jo patik\u0117ti, kad ji jau nebedirbs.<\/p>\n<p>D\u0117kodamas u\u017e ilgamet\u012f darb\u0105, Juknai\u010di\u0173 seni\u016bnas Valentinas Dylertas pasteb\u0117jo, kad Irenos pareigos buvo nelengvos, per t\u0105 laik\u0105 jai ir ne kart\u0105 a\u0161ar\u0105 teko i\u0161lieti. Jis link\u0117jo neu\u017emir\u0161ti kolektyvo, bet kada einant pro \u0161al\u012f u\u017eeiti, pasidalinti patarimais.<\/p>\n<p>\u201eNegal\u0117jau patik\u0117ti, kad i\u0161einate i\u0161 darbo, &#8211; kalb\u0117jo Savivaldyb\u0117s administracijos direktoriaus pavaduotojas, juknaiti\u0161kis Alvidas \u0160imelionis. &#8211; Apima dvejopas jausmas: viena vertus gaila, i\u0161 kitos pus\u0117s, reikia rasti laiko pasir\u016bpinti ir savimi, savo laik\u0105 skirti artimiesiems, pom\u0117giams.\u201c<\/p>\n<p>A.\u0160imelionis sak\u0117, jog I.Petravi\u010dien\u0117 jam &#8211; ypatingas \u017emogus. Tai ne tik kaimyn\u0117, bet ir pirma socialin\u0117 darbuotoja, su kuria teko susipa\u017einti, pagal j\u0105 modeliavo, koks tai yra darbas. Skyriaus vardu link\u0117jimus perdav\u0117 Socialin\u0117s paramos skyriaus ved\u0117jos pavaduotoja Audra Barauskien\u0117.<\/p>\n<p>\u201eKai at\u0117jau \u012f darb\u0105, siekiau savo kaime daryti labai daug: b\u016bti gera, pastabi, jautri, teisinga. Besimokydama universitete pasijutau stipresn\u0117, \u012fgijau sparnus, o dirbdama &#8211; u\u017esiauginau \u0161arvus. Laikas yra ateiti, laikas &#8211; i\u0161eiti, u\u017eleisti viet\u0105 jauniems \u017emon\u0117ms\u201c, &#8211; kalb\u0117jo I.Petravi\u010dien\u0117.<\/p>\n<p>Atsiradus\u012f laisv\u0105 laik\u0105 Irena u\u017epildys k\u016bryba. Vienas jos pom\u0117gi\u0173 &#8211; pie\u0161ti akvarele, tad buv\u0119 kolegos link\u0117jo k\u016brybinio pol\u0117kio ir \u012fkv\u0117pimo.<\/p>\n<p><strong>Vakarais rodydavo kin\u0105<\/strong><\/p>\n<p>\u012e Juknai\u010dius jaun\u0105 mergin\u0105, baigusi\u0105 medicinos studijas, atviliojo tuometinis \u016bkio direktorius Zigmantas Dok\u0161as, pasi\u016bl\u0119s jai but\u0105. I.Petravi\u010dien\u0117 \u012fsidarbino Juknai\u010di\u0173 dar\u017eelyje, v\u0117liau tur\u0117jo ir antraeiles pareigas &#8211; kartu su vyru Juknai\u010di\u0173 kult\u016bros namuose vakarais rodydavo kin\u0105. Atsiradus darbui seni\u016bnijoje, 1993 m., per Jonines at\u0117jo dirbti \u010dia.<\/p>\n<p>Tuomet jos pareigos buvo i\u0161mok\u0173 specialist\u0117, v\u0117liau &#8211; globos ir r\u016bpybos darbuotoja. Kai dirbti at\u0117jo Irena, socialinio darbuotojo pareigyb\u0117 dar tik vyst\u0117si, \u017eeng\u0117 pirmuosius \u017eingsnius. Nauja profesija &#8211; socialinis darbuotojas &#8211; \u012f Lietuvos profesij\u0173 registr\u0105 buvo \u012ftraukta tik 1995 m.<\/p>\n<p>I.Petravi\u010dien\u0117 sako, jog kertinis paramos akmuo jai buvo Socialin\u0117s paramos skyrius. Ji kartu su kitais socialiniais darbuotojais praktikais, neturin\u010diais socialinio i\u0161silavinimo, dalyvavo kvalifikacijos k\u0117limo kursuose, mok\u0117si universitete. Ten moteris \u012fgijo teorini\u0173 \u017eini\u0173, darbe labiau pasitik\u0117jo savimi.<\/p>\n<p>\u201eSunkiausia \u017emogui pasakyti, kad nelabai gali pad\u0117ti, kad jam nepriklauso i\u0161moka. Bet stengiausi ie\u0161koti i\u0161ei\u010di\u0173, surasti, kur kitur jis gali kreiptis. Visada dirbome komandoje su medikais, SODROS darbuotojais, nes kartais \u017emogui ne nuo to reik\u0117davo prad\u0117ti\u201c, &#8211; kalb\u0117jo I.Petravi\u010dien\u0117.<\/p>\n<p><strong>U\u017e savo pinigus pirkdavo maist\u0105<\/strong><\/p>\n<p>Darbo prad\u017eioje I.Petravi\u010dienei kartu su seni\u016bnu yra tek\u0119 \u017emogui ve\u017eti pieno trilitrin\u012f, i\u0161 savo pinig\u0173 pirkti duonos, cukraus. Paskui j\u0105 prad\u0117jo aukl\u0117ti, kad vis\u0173 neprigail\u0117s, nei\u0161maitins. Kaim\u0173 gilumose b\u016bdavo visko: u\u017epustyti nei\u0161va\u017eiuojami keliai, kart\u0105 teko per lang\u0105 lipti, nes \u017emogus buvo u\u017esibarikadav\u0119s, bet reik\u0117jo jam atiduoti atve\u017et\u0105 param\u0105.<\/p>\n<p>Paklausta, kokios savyb\u0117s reikalingos \u0161iame darbe, ilgamet\u0117 socialinio darbo organizator\u0117 pabr\u0117\u017eia, jog svarbiausia &#8211; mok\u0117ti \u017emog\u0173 i\u0161klausyti.<\/p>\n<p>\u201eReikia nubraukti jo neigiamas savybes, matyti \u017emog\u0173. Jam \u0161iandien reikia pagalbos. Mes gyvenam kaime, \u010dia ateina \u017emogus tarsi apsinuogin\u0119s, prie\u0161ingai nei mieste, kai vienas kito nepa\u017e\u012fsta. A\u0161 visus pa\u017einojau. Tod\u0117l yra sunku spr\u0119sti ir atsakyti ne\u201c, &#8211; sak\u0117 Irena. Pasak jos, geriausios darbo akimirkos, kai \u017emogus ateina \u0161vytintis ir prisipa\u017e\u012fsta, kad problemos susitvark\u0117.<\/p>\n","protected":false},"excerpt":{"rendered":"<p>Daugiau nei 19 met\u0173 pradirbusi Juknai\u010di\u0173 seni\u016bnijoje socialinio darbo organizator\u0117 Irena PETRAVI\u010cIEN\u0116 i\u0161\u0117jo i\u0161 darbo. Sulaukusi pensinio am\u017eiaus specialist\u0117 nutar\u0117 savo laik\u0105 skirti sau ir artimiesiems. U\u017e ilgamet\u012f darb\u0105 jai d\u0117kojo seni\u016bnijos, rajono Savivaldyb\u0117s vadovai. Dirbdama u\u017esiaugino \u0161arvus I.Petravi\u010dien\u0117s pareigas per\u0117m\u0117 koleg\u0117, Juknai\u010di\u0173 seni\u016bnijos socialin\u0117 darbuotoja Vita Ge\u010dien\u0117. Rajono Savivaldyb\u0117 ie\u0161kos naujo specialisto darbui su [&hellip;]<\/p>\n","protected":false},"author":2,"featured_media":0,"comment_status":"open","ping_status":"open","sticky":false,"template":"","format":"standard","meta":{"footnotes":""},"categories":[2],"tags":[],"class_list":{"0":"post-17772","1":"post","2":"type-post","3":"status-publish","4":"format-standard","6":"category-aktualijos"},"yoast_head":"<!-- This site is optimized with the Yoast SEO plugin v27.5 - https:\/\/yoast.com\/product\/yoast-seo-wordpress\/ -->\n<title>Po 19 met\u0173 socialinio darbo - poilsis su teptuku rankose - \u0160ilut\u0117s naujienos<\/title>\n<meta name=\"robots\" content=\"index, follow, max-snippet:-1, max-image-preview:large, max-video-preview:-1\" \/>\n<link rel=\"canonical\" href=\"https:\/\/www.silutesnaujienos.lt\/lt\/po-19-metu-socialinio-darbo-poilsis-su-teptuku-rankose\/\" \/>\n<meta property=\"og:locale\" content=\"lt_LT\" \/>\n<meta property=\"og:type\" content=\"article\" \/>\n<meta property=\"og:title\" content=\"Po 19 met\u0173 socialinio darbo - poilsis su teptuku rankose - \u0160ilut\u0117s naujienos\" \/>\n<meta property=\"og:description\" content=\"Daugiau nei 19 met\u0173 pradirbusi Juknai\u010di\u0173 seni\u016bnijoje socialinio darbo organizator\u0117 Irena PETRAVI\u010cIEN\u0116 i\u0161\u0117jo i\u0161 darbo. Sulaukusi pensinio am\u017eiaus specialist\u0117 nutar\u0117 savo laik\u0105 skirti sau ir artimiesiems. U\u017e ilgamet\u012f darb\u0105 jai d\u0117kojo seni\u016bnijos, rajono Savivaldyb\u0117s vadovai. Dirbdama u\u017esiaugino \u0161arvus I.Petravi\u010dien\u0117s pareigas per\u0117m\u0117 koleg\u0117, Juknai\u010di\u0173 seni\u016bnijos socialin\u0117 darbuotoja Vita Ge\u010dien\u0117. Rajono Savivaldyb\u0117 ie\u0161kos naujo specialisto darbui su [&hellip;]\" \/>\n<meta property=\"og:url\" content=\"https:\/\/www.silutesnaujienos.lt\/lt\/po-19-metu-socialinio-darbo-poilsis-su-teptuku-rankose\/\" \/>\n<meta property=\"og:site_name\" content=\"\u0160ilut\u0117s naujienos\" \/>\n<meta property=\"article:publisher\" content=\"https:\/\/www.facebook.com\/silutes.naujienos\/\" \/>\n<meta property=\"article:published_time\" content=\"2012-12-11T16:00:00+00:00\" \/>\n<meta property=\"og:image\" content=\"\/\/silutesnaujienos.lt\/images\/stories\/2012\/12\/11\/thumbnails\/thumb_petraviciene_kolektyvas.jpg\" \/>\n<meta name=\"author\" content=\"\u0160ilut\u0117s naujien\u0173 inf.\" \/>\n<meta name=\"twitter:card\" content=\"summary_large_image\" \/>\n<meta name=\"twitter:label1\" content=\"Written by\" \/>\n\t<meta name=\"twitter:data1\" content=\"\u0160ilut\u0117s naujien\u0173 inf.\" \/>\n\t<meta name=\"twitter:label2\" content=\"Est. reading time\" \/>\n\t<meta name=\"twitter:data2\" content=\"3 minut\u0117s\" \/>\n<script type=\"application\/ld+json\" class=\"yoast-schema-graph\">{\"@context\":\"https:\\\/\\\/schema.org\",\"@graph\":[{\"@type\":\"Article\",\"@id\":\"https:\\\/\\\/www.silutesnaujienos.lt\\\/lt\\\/po-19-metu-socialinio-darbo-poilsis-su-teptuku-rankose\\\/#article\",\"isPartOf\":{\"@id\":\"https:\\\/\\\/www.silutesnaujienos.lt\\\/lt\\\/po-19-metu-socialinio-darbo-poilsis-su-teptuku-rankose\\\/\"},\"author\":{\"name\":\"\u0160ilut\u0117s naujien\u0173 inf.\",\"@id\":\"https:\\\/\\\/www.silutesnaujienos.lt\\\/lt\\\/#\\\/schema\\\/person\\\/976440ef837444400af3c77c19c61454\"},\"headline\":\"Po 19 met\u0173 socialinio darbo &#8211; poilsis su teptuku rankose\",\"datePublished\":\"2012-12-11T16:00:00+00:00\",\"mainEntityOfPage\":{\"@id\":\"https:\\\/\\\/www.silutesnaujienos.lt\\\/lt\\\/po-19-metu-socialinio-darbo-poilsis-su-teptuku-rankose\\\/\"},\"wordCount\":672,\"commentCount\":0,\"publisher\":{\"@id\":\"https:\\\/\\\/www.silutesnaujienos.lt\\\/lt\\\/#organization\"},\"articleSection\":[\"Aktualijos\"],\"inLanguage\":\"lt-LT\",\"potentialAction\":[{\"@type\":\"CommentAction\",\"name\":\"Comment\",\"target\":[\"https:\\\/\\\/www.silutesnaujienos.lt\\\/lt\\\/po-19-metu-socialinio-darbo-poilsis-su-teptuku-rankose\\\/#respond\"]}]},{\"@type\":\"WebPage\",\"@id\":\"https:\\\/\\\/www.silutesnaujienos.lt\\\/lt\\\/po-19-metu-socialinio-darbo-poilsis-su-teptuku-rankose\\\/\",\"url\":\"https:\\\/\\\/www.silutesnaujienos.lt\\\/lt\\\/po-19-metu-socialinio-darbo-poilsis-su-teptuku-rankose\\\/\",\"name\":\"Po 19 met\u0173 socialinio darbo - poilsis su teptuku rankose - \u0160ilut\u0117s naujienos\",\"isPartOf\":{\"@id\":\"https:\\\/\\\/www.silutesnaujienos.lt\\\/lt\\\/#website\"},\"datePublished\":\"2012-12-11T16:00:00+00:00\",\"breadcrumb\":{\"@id\":\"https:\\\/\\\/www.silutesnaujienos.lt\\\/lt\\\/po-19-metu-socialinio-darbo-poilsis-su-teptuku-rankose\\\/#breadcrumb\"},\"inLanguage\":\"lt-LT\",\"potentialAction\":[{\"@type\":\"ReadAction\",\"target\":[\"https:\\\/\\\/www.silutesnaujienos.lt\\\/lt\\\/po-19-metu-socialinio-darbo-poilsis-su-teptuku-rankose\\\/\"]}]},{\"@type\":\"BreadcrumbList\",\"@id\":\"https:\\\/\\\/www.silutesnaujienos.lt\\\/lt\\\/po-19-metu-socialinio-darbo-poilsis-su-teptuku-rankose\\\/#breadcrumb\",\"itemListElement\":[{\"@type\":\"ListItem\",\"position\":1,\"name\":\"Home\",\"item\":\"https:\\\/\\\/www.silutesnaujienos.lt\\\/lt\\\/\"},{\"@type\":\"ListItem\",\"position\":2,\"name\":\"Po 19 met\u0173 socialinio darbo &#8211; poilsis su teptuku rankose\"}]},{\"@type\":\"WebSite\",\"@id\":\"https:\\\/\\\/www.silutesnaujienos.lt\\\/lt\\\/#website\",\"url\":\"https:\\\/\\\/www.silutesnaujienos.lt\\\/lt\\\/\",\"name\":\"\u0160ilut\u0117s naujienos\",\"description\":\"B\u016bk ant naujien\u0173 bangos!\",\"publisher\":{\"@id\":\"https:\\\/\\\/www.silutesnaujienos.lt\\\/lt\\\/#organization\"},\"potentialAction\":[{\"@type\":\"SearchAction\",\"target\":{\"@type\":\"EntryPoint\",\"urlTemplate\":\"https:\\\/\\\/www.silutesnaujienos.lt\\\/lt\\\/?s={search_term_string}\"},\"query-input\":{\"@type\":\"PropertyValueSpecification\",\"valueRequired\":true,\"valueName\":\"search_term_string\"}}],\"inLanguage\":\"lt-LT\"},{\"@type\":\"Organization\",\"@id\":\"https:\\\/\\\/www.silutesnaujienos.lt\\\/lt\\\/#organization\",\"name\":\"\u0160ilut\u0117s naujienos\",\"url\":\"https:\\\/\\\/www.silutesnaujienos.lt\\\/lt\\\/\",\"logo\":{\"@type\":\"ImageObject\",\"inLanguage\":\"lt-LT\",\"@id\":\"https:\\\/\\\/www.silutesnaujienos.lt\\\/lt\\\/#\\\/schema\\\/logo\\\/image\\\/\",\"url\":\"https:\\\/\\\/www.silutesnaujienos.lt\\\/lt\\\/wp-content\\\/uploads\\\/2020\\\/06\\\/FB_MAIN.jpg\",\"contentUrl\":\"https:\\\/\\\/www.silutesnaujienos.lt\\\/lt\\\/wp-content\\\/uploads\\\/2020\\\/06\\\/FB_MAIN.jpg\",\"width\":1700,\"height\":956,\"caption\":\"\u0160ilut\u0117s naujienos\"},\"image\":{\"@id\":\"https:\\\/\\\/www.silutesnaujienos.lt\\\/lt\\\/#\\\/schema\\\/logo\\\/image\\\/\"},\"sameAs\":[\"https:\\\/\\\/www.facebook.com\\\/silutes.naujienos\\\/\",\"https:\\\/\\\/www.youtube.com\\\/channel\\\/UCxW-cgrJDt8GxIMxSTAfJZg\"]},{\"@type\":\"Person\",\"@id\":\"https:\\\/\\\/www.silutesnaujienos.lt\\\/lt\\\/#\\\/schema\\\/person\\\/976440ef837444400af3c77c19c61454\",\"name\":\"\u0160ilut\u0117s naujien\u0173 inf.\",\"image\":{\"@type\":\"ImageObject\",\"inLanguage\":\"lt-LT\",\"@id\":\"https:\\\/\\\/www.silutesnaujienos.lt\\\/lt\\\/wp-content\\\/uploads\\\/2020\\\/06\\\/favicon.png\",\"url\":\"https:\\\/\\\/www.silutesnaujienos.lt\\\/lt\\\/wp-content\\\/uploads\\\/2020\\\/06\\\/favicon.png\",\"contentUrl\":\"https:\\\/\\\/www.silutesnaujienos.lt\\\/lt\\\/wp-content\\\/uploads\\\/2020\\\/06\\\/favicon.png\",\"caption\":\"\u0160ilut\u0117s naujien\u0173 inf.\"},\"url\":\"https:\\\/\\\/www.silutesnaujienos.lt\\\/lt\\\/author\\\/vadas\\\/\"}]}<\/script>\n<!-- \/ Yoast SEO plugin. -->","yoast_head_json":{"title":"Po 19 met\u0173 socialinio darbo - poilsis su teptuku rankose - \u0160ilut\u0117s naujienos","robots":{"index":"index","follow":"follow","max-snippet":"max-snippet:-1","max-image-preview":"max-image-preview:large","max-video-preview":"max-video-preview:-1"},"canonical":"https:\/\/www.silutesnaujienos.lt\/lt\/po-19-metu-socialinio-darbo-poilsis-su-teptuku-rankose\/","og_locale":"lt_LT","og_type":"article","og_title":"Po 19 met\u0173 socialinio darbo - poilsis su teptuku rankose - \u0160ilut\u0117s naujienos","og_description":"Daugiau nei 19 met\u0173 pradirbusi Juknai\u010di\u0173 seni\u016bnijoje socialinio darbo organizator\u0117 Irena PETRAVI\u010cIEN\u0116 i\u0161\u0117jo i\u0161 darbo. Sulaukusi pensinio am\u017eiaus specialist\u0117 nutar\u0117 savo laik\u0105 skirti sau ir artimiesiems. U\u017e ilgamet\u012f darb\u0105 jai d\u0117kojo seni\u016bnijos, rajono Savivaldyb\u0117s vadovai. Dirbdama u\u017esiaugino \u0161arvus I.Petravi\u010dien\u0117s pareigas per\u0117m\u0117 koleg\u0117, Juknai\u010di\u0173 seni\u016bnijos socialin\u0117 darbuotoja Vita Ge\u010dien\u0117. Rajono Savivaldyb\u0117 ie\u0161kos naujo specialisto darbui su [&hellip;]","og_url":"https:\/\/www.silutesnaujienos.lt\/lt\/po-19-metu-socialinio-darbo-poilsis-su-teptuku-rankose\/","og_site_name":"\u0160ilut\u0117s naujienos","article_publisher":"https:\/\/www.facebook.com\/silutes.naujienos\/","article_published_time":"2012-12-11T16:00:00+00:00","og_image":[{"url":"\/\/silutesnaujienos.lt\/images\/stories\/2012\/12\/11\/thumbnails\/thumb_petraviciene_kolektyvas.jpg","type":"","width":"","height":""}],"author":"\u0160ilut\u0117s naujien\u0173 inf.","twitter_card":"summary_large_image","twitter_misc":{"Written by":"\u0160ilut\u0117s naujien\u0173 inf.","Est. reading time":"3 minut\u0117s"},"schema":{"@context":"https:\/\/schema.org","@graph":[{"@type":"Article","@id":"https:\/\/www.silutesnaujienos.lt\/lt\/po-19-metu-socialinio-darbo-poilsis-su-teptuku-rankose\/#article","isPartOf":{"@id":"https:\/\/www.silutesnaujienos.lt\/lt\/po-19-metu-socialinio-darbo-poilsis-su-teptuku-rankose\/"},"author":{"name":"\u0160ilut\u0117s naujien\u0173 inf.","@id":"https:\/\/www.silutesnaujienos.lt\/lt\/#\/schema\/person\/976440ef837444400af3c77c19c61454"},"headline":"Po 19 met\u0173 socialinio darbo &#8211; poilsis su teptuku rankose","datePublished":"2012-12-11T16:00:00+00:00","mainEntityOfPage":{"@id":"https:\/\/www.silutesnaujienos.lt\/lt\/po-19-metu-socialinio-darbo-poilsis-su-teptuku-rankose\/"},"wordCount":672,"commentCount":0,"publisher":{"@id":"https:\/\/www.silutesnaujienos.lt\/lt\/#organization"},"articleSection":["Aktualijos"],"inLanguage":"lt-LT","potentialAction":[{"@type":"CommentAction","name":"Comment","target":["https:\/\/www.silutesnaujienos.lt\/lt\/po-19-metu-socialinio-darbo-poilsis-su-teptuku-rankose\/#respond"]}]},{"@type":"WebPage","@id":"https:\/\/www.silutesnaujienos.lt\/lt\/po-19-metu-socialinio-darbo-poilsis-su-teptuku-rankose\/","url":"https:\/\/www.silutesnaujienos.lt\/lt\/po-19-metu-socialinio-darbo-poilsis-su-teptuku-rankose\/","name":"Po 19 met\u0173 socialinio darbo - poilsis su teptuku rankose - \u0160ilut\u0117s naujienos","isPartOf":{"@id":"https:\/\/www.silutesnaujienos.lt\/lt\/#website"},"datePublished":"2012-12-11T16:00:00+00:00","breadcrumb":{"@id":"https:\/\/www.silutesnaujienos.lt\/lt\/po-19-metu-socialinio-darbo-poilsis-su-teptuku-rankose\/#breadcrumb"},"inLanguage":"lt-LT","potentialAction":[{"@type":"ReadAction","target":["https:\/\/www.silutesnaujienos.lt\/lt\/po-19-metu-socialinio-darbo-poilsis-su-teptuku-rankose\/"]}]},{"@type":"BreadcrumbList","@id":"https:\/\/www.silutesnaujienos.lt\/lt\/po-19-metu-socialinio-darbo-poilsis-su-teptuku-rankose\/#breadcrumb","itemListElement":[{"@type":"ListItem","position":1,"name":"Home","item":"https:\/\/www.silutesnaujienos.lt\/lt\/"},{"@type":"ListItem","position":2,"name":"Po 19 met\u0173 socialinio darbo &#8211; poilsis su teptuku rankose"}]},{"@type":"WebSite","@id":"https:\/\/www.silutesnaujienos.lt\/lt\/#website","url":"https:\/\/www.silutesnaujienos.lt\/lt\/","name":"\u0160ilut\u0117s naujienos","description":"B\u016bk ant naujien\u0173 bangos!","publisher":{"@id":"https:\/\/www.silutesnaujienos.lt\/lt\/#organization"},"potentialAction":[{"@type":"SearchAction","target":{"@type":"EntryPoint","urlTemplate":"https:\/\/www.silutesnaujienos.lt\/lt\/?s={search_term_string}"},"query-input":{"@type":"PropertyValueSpecification","valueRequired":true,"valueName":"search_term_string"}}],"inLanguage":"lt-LT"},{"@type":"Organization","@id":"https:\/\/www.silutesnaujienos.lt\/lt\/#organization","name":"\u0160ilut\u0117s naujienos","url":"https:\/\/www.silutesnaujienos.lt\/lt\/","logo":{"@type":"ImageObject","inLanguage":"lt-LT","@id":"https:\/\/www.silutesnaujienos.lt\/lt\/#\/schema\/logo\/image\/","url":"https:\/\/www.silutesnaujienos.lt\/lt\/wp-content\/uploads\/2020\/06\/FB_MAIN.jpg","contentUrl":"https:\/\/www.silutesnaujienos.lt\/lt\/wp-content\/uploads\/2020\/06\/FB_MAIN.jpg","width":1700,"height":956,"caption":"\u0160ilut\u0117s naujienos"},"image":{"@id":"https:\/\/www.silutesnaujienos.lt\/lt\/#\/schema\/logo\/image\/"},"sameAs":["https:\/\/www.facebook.com\/silutes.naujienos\/","https:\/\/www.youtube.com\/channel\/UCxW-cgrJDt8GxIMxSTAfJZg"]},{"@type":"Person","@id":"https:\/\/www.silutesnaujienos.lt\/lt\/#\/schema\/person\/976440ef837444400af3c77c19c61454","name":"\u0160ilut\u0117s naujien\u0173 inf.","image":{"@type":"ImageObject","inLanguage":"lt-LT","@id":"https:\/\/www.silutesnaujienos.lt\/lt\/wp-content\/uploads\/2020\/06\/favicon.png","url":"https:\/\/www.silutesnaujienos.lt\/lt\/wp-content\/uploads\/2020\/06\/favicon.png","contentUrl":"https:\/\/www.silutesnaujienos.lt\/lt\/wp-content\/uploads\/2020\/06\/favicon.png","caption":"\u0160ilut\u0117s naujien\u0173 inf."},"url":"https:\/\/www.silutesnaujienos.lt\/lt\/author\/vadas\/"}]}},"publishpress_future_workflow_manual_trigger":{"enabledWorkflows":[]},"amp_enabled":true,"_links":{"self":[{"href":"https:\/\/www.silutesnaujienos.lt\/lt\/wp-json\/wp\/v2\/posts\/17772","targetHints":{"allow":["GET"]}}],"collection":[{"href":"https:\/\/www.silutesnaujienos.lt\/lt\/wp-json\/wp\/v2\/posts"}],"about":[{"href":"https:\/\/www.silutesnaujienos.lt\/lt\/wp-json\/wp\/v2\/types\/post"}],"author":[{"embeddable":true,"href":"https:\/\/www.silutesnaujienos.lt\/lt\/wp-json\/wp\/v2\/users\/2"}],"replies":[{"embeddable":true,"href":"https:\/\/www.silutesnaujienos.lt\/lt\/wp-json\/wp\/v2\/comments?post=17772"}],"version-history":[{"count":0,"href":"https:\/\/www.silutesnaujienos.lt\/lt\/wp-json\/wp\/v2\/posts\/17772\/revisions"}],"wp:attachment":[{"href":"https:\/\/www.silutesnaujienos.lt\/lt\/wp-json\/wp\/v2\/media?parent=17772"}],"wp:term":[{"taxonomy":"category","embeddable":true,"href":"https:\/\/www.silutesnaujienos.lt\/lt\/wp-json\/wp\/v2\/categories?post=17772"},{"taxonomy":"post_tag","embeddable":true,"href":"https:\/\/www.silutesnaujienos.lt\/lt\/wp-json\/wp\/v2\/tags?post=17772"}],"curies":[{"name":"wp","href":"https:\/\/api.w.org\/{rel}","templated":true}]}}