{"id":17774,"date":"2012-12-26T13:30:00","date_gmt":"2012-12-26T15:30:00","guid":{"rendered":"https:\/\/www.silutesnaujienos.lt\/lt\/gerumo-nesejams-svedams-krastieciu-pagarba\/"},"modified":"2012-12-26T13:30:00","modified_gmt":"2012-12-26T15:30:00","slug":"gerumo-nesejams-svedams-krastieciu-pagarba","status":"publish","type":"post","link":"https:\/\/www.silutesnaujienos.lt\/lt\/gerumo-nesejams-svedams-krastieciu-pagarba\/","title":{"rendered":"Gerumo ne\u0161\u0117jams \u0161vedams &#8211; kra\u0161tie\u010di\u0173 pagarba"},"content":{"rendered":"<p><a target=\"_blank\" rel=\"caption[Ilgame\u010diai labdaros organizacijos vadovai K.Lindkvist (\u0160vedijoje) ir T.Gir\u010dius (Lietuvoje) irgi d\u0117kojo savo pagalbininkams \u0161iame kra\u0161te.] noopener noreferrer\" class=\"jcepopup\" href=\"images\/tikejimas_viltis_gircius_kerstin.jpg\" data-rel=\"lightbox-gallery-79WvFE7U\" data-rl_title=\"\" data-rl_caption=\"\"><img loading=\"lazy\" decoding=\"async\" style=\"margin: 5px; float: left;\" class=\"caption\" title=\"\" alt=\"tikejimas viltis gircius kerstin\" src=\"images\/thumbnails\/thumb_tikejimas_viltis_gircius_kerstin.jpg\" height=\"230\" width=\"307\" \/><\/a><strong>Tarptautin\u0117 \u0161vent\u0117 kaime &#8211; rei\u0161kinys itin retas, bet kaip tik tokia prie\u0161 savait\u0119 \u012fvyko \u017demai\u010di\u0173 Naumies\u010dio seni\u016bnijoje, Degu\u010diuose. <\/strong><\/p>\n<p><strong>\u010cia karaliavo gerumas, kur\u012f jau du de\u0161imtme\u010dius jau\u010dia daugyb\u0117 m\u016bs\u0173 kra\u0161to sergan\u010di\u0173, sen\u0173, ne\u012fgali\u0173 \u017emoni\u0173, kuris dalijamas vaik\u0173 globos namams, daugiavaik\u0117ms \u0161eimoms, visuomenin\u0117ms organizacijoms. <\/strong><\/p>\n<p>Gerumas, kurio nesuskai\u010diuojam\u0105 gausyb\u0119 per 20 met\u0173 i\u0161dalijo \u0161ved\u0173 organizacijos \u201ePagalba Lietuvai &#8211; Tik\u0117jimas. Viltis. Meil\u0117\u201c nariai ir jos \u012fk\u016br\u0117ja bei ilgamet\u0117 vadov\u0117 Kerstin Lindkvist (Kerstin Lindquist).<\/p>\n<p>Tie, kam teko laim\u0117 t\u0105 gerum\u0105 pajusti, t\u0105dien (beje, simboli\u0161ka &#8211; \u0161ventos Liucijos &#8211; \u0161viesos ne\u0161\u0117jos dien\u0105) gausiai susirinko Degu\u010di\u0173 bendruomen\u0117s namuose, kad bent dalele atsilygint\u0173 ilgame\u010diams savo r\u0117m\u0117jams ir pagalbininkams. Bet r\u0117m\u0117jai ir patys rado kam pad\u0117koti, mat ir \u0161iame kra\u0161te turi daugyb\u0119 savo pagalbinink\u0173.<\/p>\n<p>Tad ir karaliavo bendruomen\u0117s namuose gra\u017e\u016bs \u017eod\u017eiai, g\u0117l\u0117s ir muzika, o \u0161vent\u0117s pabaigoje nuskamb\u0117jo choru ir beveik be akcento \u0161ved\u0173 delegacijos i\u0161tartas \u201eLiabai a\u010di\u016b\u201c.<\/p>\n<p><a target=\"_blank\" rel=\"caption[Pad\u0117k\u0105 \u0161vedams i\u0161reik\u0161ti bent g\u0117l\u0117s \u017eiedu ar pa\u010di\u0173 keptu pyragu panoro ilga eil\u0117 bendruomeni\u0173 atstov\u0173.] noopener noreferrer\" class=\"jcepopup\" href=\"images\/tikejimas_viltis_bendruomeniu_eile.jpg\" data-rel=\"lightbox-gallery-79WvFE7U\" data-rl_title=\"\" data-rl_caption=\"\"><img loading=\"lazy\" decoding=\"async\" style=\"margin: 5px; float: right;\" class=\"caption\" title=\"\" alt=\"tikejimas viltis bendruomeniu eile\" src=\"images\/thumbnails\/thumb_tikejimas_viltis_bendruomeniu_eile.jpg\" height=\"230\" width=\"307\" \/><\/a><strong>I\u0161 filmo kadr\u0173 pa\u017evelg\u0117 skausmas<\/strong><\/p>\n<p>\u201eDraugyst\u0117s tiltas tarp dviej\u0173 Baltijos j\u016bros krant\u0173 &#8211; \u0160vedijos ir Lietuvos &#8211; buvo nutiestas prie\u0161 20 met\u0173. Visus tuos de\u0161imtme\u010dius tuo tiltu keliauja gerumas, ne\u0161damas organizacijos \u201eTik\u0117jimas. Viltis, Meil\u0117\u201c dovanas\u201c, &#8211; primin\u0117 \u0161vent\u0117s ved\u0117jai Nijol\u0117 Stanelien\u0117 ir Vytautas Laurinavi\u010dius.<\/p>\n<p>Trumpai prisiminti tas ne\u012fkainojamas dovanas, bet ne tik materialias, susirinkusiesiems pad\u0117jo bibliotekininkai, tarsi atgal atsuk\u0119 laikrod\u012f ir parod\u0119 filmuot\u0105 med\u017eiag\u0105.<\/p>\n<p>\u017demai\u010di\u0173 Naumies\u010dio seni\u016bnas Jonas Budreckas v\u0117liau i\u0161sitar\u0117 filmo \u017ei\u016br\u0117jimo metu pamat\u0119s, kad ne vienas aplinkinis tiesiog prarado \u017ead\u0105.<\/p>\n<p>Ir i\u0161ties &#8211; \u0161vedai nefilmavo pad\u0117kos vakar\u0173 ir ro\u017ei\u0173 jiems \u012fteikimo ceremonij\u0173. Jie parod\u0117 varg\u0105 ir skausm\u0105, kuriuos bent \u0161iek tiek ir stengiasi suma\u017einti savo veikla.<\/p>\n<p>I\u0161 filmo kadr\u0173 \u017evelg\u0117 likimo suluo\u0161inti ne\u012fgal\u016bs vaikai, kuriems per t\u0105 laik\u0105 \u0161ved\u0173 paramos d\u0117ka jau atlikta apie 60 sud\u0117ting\u0173 operacij\u0173. Toki\u0173, kurioms patys t\u0173 vaik\u0173 t\u0117vai tikrai neb\u016bt\u0173 tur\u0117j\u0119 l\u0117\u0161\u0173.<\/p>\n<p>Kadruose mat\u0117me sunkiai besitvarkan\u010dius senukus ir ne\u012fgaliuosius, kuriems u\u017ej\u016bryje gyvenan\u010di\u0173, visai svetim\u0173 \u017emoni\u0173 pagalba ne kart\u0105 atne\u0161\u0117 tik\u0117jim\u0105, vilt\u012f ir meil\u0119, o kai kuriems i\u0161 j\u0173 net dovanojo namus.<\/p>\n<p>Filmo juostoje \u0161ypsenos pra\u017eydo gausius b\u016brius ma\u017eyli\u0173 auginan\u010di\u0173 motin\u0173 veiduose, kai \u012f j\u0173 namus art\u0117jant did\u017eiosioms met\u0173 \u0161vent\u0117ms suko \u0161ved\u0173 delegacijos, o j\u0173 priekyje \u017evaliai \u017eeng\u0117 \u012fsp\u016bdingo stoto Kal\u0117d\u0173 Senelis. Jie gausi\u0173 \u0161eim\u0173 ma\u017eyliams ne\u0161\u0117 tiek dovan\u0173, kiek j\u0173 mamos niekada neb\u016bt\u0173 \u012fstengusios nupirkti.<\/p>\n<p>I\u0161 t\u0173 kadr\u0173 \u017evelg\u0117 m\u016bs\u0173 rajono meno kolektyv\u0173 nariai, kuri\u0173 de\u0161imtys per tuos metus aplank\u0117 t\u0105 kit\u0105 Baltijos krant\u0105 ir pristat\u0117 tenyk\u0161\u010diams m\u016bs\u0173 men\u0105, patys pa\u017eino \u0161ved\u0173 dainas ir \u0161okius, atrado ten draug\u0173.<\/p>\n<p><strong>Motinos \u017eod\u017eiais negali apsakyti d\u0117kingumo<\/strong><\/p>\n<p><a target=\"_blank\" rel=\"caption[I\u0161 Klaip\u0117dos atvyk\u0119s Vytautas ir moci\u0161kietis Martynas su mama sak\u0117 \u017eod\u017eiais negalintys i\u0161reik\u0161ti savo d\u0117kingumo u\u017e jiems suteikt\u0105 param\u0105.] noopener noreferrer\" class=\"jcepopup\" href=\"images\/tikejimas_viltis_girulis_martynas.jpg\" data-rel=\"lightbox-gallery-79WvFE7U\" data-rl_title=\"\" data-rl_caption=\"\"><img loading=\"lazy\" decoding=\"async\" style=\"margin: 5px; float: left;\" class=\"caption\" title=\"\" alt=\"tikejimas viltis girulis martynas\" src=\"images\/thumbnails\/thumb_tikejimas_viltis_girulis_martynas.jpg\" height=\"230\" width=\"307\" \/><\/a>\u201eGerumo tilto abiejuose galuose dirba dvi grup\u0117s \u017emoni\u0173 &#8211; \u0161ved\u0173 ir lietuvi\u0173\u201c, &#8211; sak\u0117 popiet\u0117s ved\u0117jai. Tai buvo priminimas apie labdaros organizacijos \u012fk\u016br\u0117j\u0105 Kerstin Lindkvist ir jos atstov\u0105 Lietuvoje Tad\u0105 Gir\u010di\u0173, kuris t\u016bkstan\u010di\u0173 \u0161ved\u0173 gerum\u0105 i\u0161dalija \u0161iame Baltijos krante.<\/p>\n<p>Ne visi tie, kurie pajuto \u0161ved\u0173 param\u0105 ir \u0161ilum\u0105, t\u0105dien gal\u0117jo atvykti, bet tie, kurie atvyko, nepaj\u0117g\u0117 sulaikyti d\u017eiaugsmo ir pad\u0117kos a\u0161ar\u0173. Bet, ko gero, labiausiai jaudinosi dviej\u0173 vaikin\u0173 &#8211; Vytauto Riaukos i\u0161 Klaip\u0117dos ir Martyno Girulio i\u0161 Pag\u0117gi\u0173 savivaldyb\u0117s &#8211; t\u0117vai.<\/p>\n<p>\u0160iems sunki\u0105 negali\u0105 nuo gimimo tur\u0117jusiems jaunuoliams \u0161ved\u0173 paramos d\u0117ka buvo atliktos sud\u0117tingos operacijos, irgi sugr\u0105\u017einusios jiems gyvenimo d\u017eiaugsm\u0105.<\/p>\n<p>\u201eJ\u016bs pirmieji i\u0161girdot mano pra\u0161ym\u0105, a\u010di\u016b u\u017e palaikym\u0105 ir supratim\u0105 ir tegu s\u0117km\u0117 lydi j\u016bs\u0173 garbing\u0105 darb\u0105\u201c, &#8211; kalb\u0117jo 20-metis Martynas, kurio istorij\u0105 jau ne kart\u0105 ra\u0161\u0117 \u201e\u0160ilut\u0117s naujienos\u201c. Neseniai jam Austrijoje buvo atlikta pirmoji bionin\u0117s rankos persodinimo operacija, brangi\u0173 operacij\u0173 Martynui reik\u0117s ir daugiau.<\/p>\n<p>\u201e\u017dod\u017eiais negaliu apsakyti, kok\u012f d\u0117kingum\u0105 jau\u010diu jums, nes j\u016bs savo pagalba suteik\u0117t mums j\u0117g\u0173 eiti \u012f priek\u012f, kartu su jumis mes u\u017eauginome Martyn\u0105. Su jumis mes stipresni ir galim siekti tikslo\u201c, &#8211; kalb\u0117jo vaikino mama.<\/p>\n<p>\u201eEsu labai laimingas, kad taip pasikeit\u0117 mano gyvenimas, kad jau galiu kalb\u0117ti\u201c, &#8211; jiems antrino su mama atvyk\u0119s Vytautas.<br \/><strong><\/strong><\/p>\n<p><strong>R\u0117m\u0117jams &#8211; ro\u017e\u0117s, medus, pyragai<\/strong><\/p>\n<p><a target=\"_blank\" rel=\"caption[Katyti\u0161kis V.Vaitiekovas ir natki\u0161kietis V.Armonas r\u0117m\u0117jams dovanojo \u201ebendruomeni\u0173 bitu\u010di\u0173 sune\u0161to\u201c medaus.] noopener noreferrer\" class=\"jcepopup\" href=\"images\/tikejimas_viltis_vaitiekovas_armonas.jpg\" data-rel=\"lightbox-gallery-79WvFE7U\" data-rl_title=\"\" data-rl_caption=\"\"><img loading=\"lazy\" decoding=\"async\" style=\"margin: 5px; float: right;\" class=\"caption\" title=\"\" alt=\"tikejimas viltis vaitiekovas armonas\" src=\"images\/thumbnails\/thumb_tikejimas_viltis_vaitiekovas_armonas.jpg\" height=\"230\" width=\"307\" \/><\/a>\u201ePer tuos metus j\u016bs nuveik\u0117t tiek, kiek, rodos, ne\u012fmanoma nuveikti. Mes turime \u012f jus orientuotis\u201c, &#8211; sak\u0117 seni\u016bnas J.Budreckas. Jis primin\u0117, kad ir bendruomen\u0117s namuose, kur vyksta \u0161vent\u0117, viskas &#8211; baldai, da\u017eai sienoms, indai &#8211; yra suve\u017eta \u0161ved\u0173.<\/p>\n<p>D\u0117koj\u0119 Dalios U\u017epelkien\u0117s vadovaujami \u0160ilut\u0117s bibliotekininkai irgi sak\u0117 \u017eemai lenkiantys savo galvas prie\u0161 \u0161ved\u0173 organizacijos narius, nes ir knygos nam\u0173 lankytojai nuolat naudojasi j\u0173 parama.<\/p>\n<p>\u201eI\u0161pild\u0117t labai daug vil\u010di\u0173 ir svajoni\u0173. A\u010di\u016b, kad dar nepavargot, tegu pildosi ir j\u016bs\u0173 viltys\u201c, &#8211; link\u0117jo asociacijos \u201eLamatos \u017eem\u0117\u201c pirmininkas Vytautas Laurinaitis. Jis sak\u0117 gird\u0117j\u0119s, jog geri \u017emon\u0117s m\u0117gsta saldumynus, tod\u0117l sve\u010diams i\u0161 \u0160vedijos dovanojo tort\u0105.<\/p>\n<p>Bendradarbiavimo sutart\u012f su organizacija \u201ePagalba Lietuvai &#8211; Tik\u0117jimas. Viltis. Meil\u0117\u201c \u0161iemet pasira\u0161\u0117 m\u016bs\u0173 rajono bendruomeni\u0173 s\u0105junga, nors, jos vadov\u0117s Marijonos Janavi\u010dien\u0117s \u017eod\u017eiais tariant, ir iki tol parama bendruomen\u0117ms keliavo be joki\u0173 sutar\u010di\u0173 ir \u012fsipareigojim\u0173.<\/p>\n<p>Pad\u0117koti u\u017e param\u0105 norin\u010di\u0173 bendruomeni\u0173 atstov\u0173 i\u0161sirikiavo ilgiausia eil\u0117.<\/p>\n<p>Ne\u0161dami ro\u017ei\u0173 \u017eiedus, pa\u010di\u0173 keptus pyragus ir gamintus kal\u0117dinius vainikus, jie lenk\u0117si savo nuolatiniams r\u0117m\u0117jams. O katyti\u0161kis Viktoras Vaitiekovas ir natki\u0161kietis Valdas Armonas dar ir solid\u0173 krep\u0161\u012f atitemp\u0117, kuriame, anot j\u0173 pa\u010di\u0173, bendruomeni\u0173 bitu\u010di\u0173 sune\u0161to medaus stiklainiai buvo sukrauti ir perduoti \u012f t\u0105 \u201eGerumo avil\u012f\u201c.<\/p>\n<p><a target=\"_blank\" rel=\"caption[Kiekvienos bendruomen\u0117s atstovai lenk\u0117si \u0161vedams ir d\u0117kojo jiems u\u017e ilgamet\u0119 param\u0105 kaim\u0173 bendruomen\u0117ms atskiriems j\u0173 nariams.] noopener noreferrer\" class=\"jcepopup\" href=\"images\/tikejimas_viltis_sveikinimai.jpg\" data-rel=\"lightbox-gallery-79WvFE7U\" data-rl_title=\"\" data-rl_caption=\"\"><img loading=\"lazy\" decoding=\"async\" style=\"margin: 5px; float: left;\" class=\"captio\" title=\"\" alt=\"tikejimas viltis sveikinimai\" src=\"images\/thumbnails\/thumb_tikejimas_viltis_sveikinimai.jpg\" height=\"230\" width=\"307\" \/><\/a>\u0160ie \u017emon\u0117s, anot M.Janavi\u010dien\u0117s, gal\u0117t\u0173 kalb\u0117ti be galo ir pad\u0117kos \u017eod\u017eiai liete liet\u0173si i\u0161 j\u0173 \u0161ird\u017ei\u0173. O pasira\u0161yta sutartimi jie ir patys \u012fsipareigojo prisid\u0117ti prie ger\u0173 organizacijos darb\u0173.<\/p>\n<p>T.Gir\u010dius \u0161iame kra\u0161te irgi turi nema\u017eai pagalbinink\u0173, be kuri\u0173 savo veiklos jis ne\u012fsivaizduoja. Jiems irgi \u012fteiktos pad\u0117kos, g\u0117li\u0173 \u017eiedai.<\/p>\n<p>Sve\u010diams koncertavo jaunieji deguti\u0161kiai Domant\u0117 Beinori\u016bt\u0117 ir Lukas \u0160ilinskas, melodijas rait\u0117 Bikav\u0117n\u0173 kapela, dainavo angelais virtusi\u0173 Klaip\u0117dos universitete \u0161ved\u0173 kalb\u0105 studijuojan\u010di\u0173 mergin\u0173 choras, giedojo \u017demai\u010di\u0173 Naumies\u010dio moksleiviai.<\/p>\n<p>\u201eMes esame be galo sujaudinti\u201c, &#8211; tiek tepasak\u0117 ilg\u0173 kalb\u0173 nem\u0117gstantys K.Lindkvist, T.Gir\u010dius ir atvyk\u0119 j\u0173 kolegos. \u201eLiabai a\u010di\u016b\u201c, &#8211; nuskamb\u0117jo sal\u0117je \u0161ved\u0173 pad\u0117ka.<\/p>\n","protected":false},"excerpt":{"rendered":"<p>Tarptautin\u0117 \u0161vent\u0117 kaime &#8211; rei\u0161kinys itin retas, bet kaip tik tokia prie\u0161 savait\u0119 \u012fvyko \u017demai\u010di\u0173 Naumies\u010dio seni\u016bnijoje, Degu\u010diuose. \u010cia karaliavo gerumas, kur\u012f jau du de\u0161imtme\u010dius jau\u010dia daugyb\u0117 m\u016bs\u0173 kra\u0161to sergan\u010di\u0173, sen\u0173, ne\u012fgali\u0173 \u017emoni\u0173, kuris dalijamas vaik\u0173 globos namams, daugiavaik\u0117ms \u0161eimoms, visuomenin\u0117ms organizacijoms. Gerumas, kurio nesuskai\u010diuojam\u0105 gausyb\u0119 per 20 met\u0173 i\u0161dalijo \u0161ved\u0173 organizacijos \u201ePagalba Lietuvai &#8211; [&hellip;]<\/p>\n","protected":false},"author":2,"featured_media":0,"comment_status":"open","ping_status":"open","sticky":false,"template":"","format":"standard","meta":{"footnotes":""},"categories":[2],"tags":[],"class_list":{"0":"post-17774","1":"post","2":"type-post","3":"status-publish","4":"format-standard","6":"category-aktualijos"},"yoast_head":"<!-- This site is optimized with the Yoast SEO plugin v27.5 - https:\/\/yoast.com\/product\/yoast-seo-wordpress\/ -->\n<title>Gerumo ne\u0161\u0117jams \u0161vedams - kra\u0161tie\u010di\u0173 pagarba - \u0160ilut\u0117s naujienos<\/title>\n<meta name=\"robots\" content=\"index, follow, max-snippet:-1, max-image-preview:large, max-video-preview:-1\" \/>\n<link rel=\"canonical\" href=\"https:\/\/www.silutesnaujienos.lt\/lt\/gerumo-nesejams-svedams-krastieciu-pagarba\/\" \/>\n<meta property=\"og:locale\" content=\"lt_LT\" \/>\n<meta property=\"og:type\" content=\"article\" \/>\n<meta property=\"og:title\" content=\"Gerumo ne\u0161\u0117jams \u0161vedams - kra\u0161tie\u010di\u0173 pagarba - \u0160ilut\u0117s naujienos\" \/>\n<meta property=\"og:description\" content=\"Tarptautin\u0117 \u0161vent\u0117 kaime &#8211; rei\u0161kinys itin retas, bet kaip tik tokia prie\u0161 savait\u0119 \u012fvyko \u017demai\u010di\u0173 Naumies\u010dio seni\u016bnijoje, Degu\u010diuose. \u010cia karaliavo gerumas, kur\u012f jau du de\u0161imtme\u010dius jau\u010dia daugyb\u0117 m\u016bs\u0173 kra\u0161to sergan\u010di\u0173, sen\u0173, ne\u012fgali\u0173 \u017emoni\u0173, kuris dalijamas vaik\u0173 globos namams, daugiavaik\u0117ms \u0161eimoms, visuomenin\u0117ms organizacijoms. Gerumas, kurio nesuskai\u010diuojam\u0105 gausyb\u0119 per 20 met\u0173 i\u0161dalijo \u0161ved\u0173 organizacijos \u201ePagalba Lietuvai &#8211; [&hellip;]\" \/>\n<meta property=\"og:url\" content=\"https:\/\/www.silutesnaujienos.lt\/lt\/gerumo-nesejams-svedams-krastieciu-pagarba\/\" \/>\n<meta property=\"og:site_name\" content=\"\u0160ilut\u0117s naujienos\" \/>\n<meta property=\"article:publisher\" content=\"https:\/\/www.facebook.com\/silutes.naujienos\/\" \/>\n<meta property=\"article:published_time\" content=\"2012-12-26T15:30:00+00:00\" \/>\n<meta property=\"og:image\" content=\"http:\/\/images\/thumbnails\/thumb_tikejimas_viltis_gircius_kerstin.jpg\" \/>\n<meta name=\"author\" content=\"\u0160ilut\u0117s naujien\u0173 inf.\" \/>\n<meta name=\"twitter:card\" content=\"summary_large_image\" \/>\n<meta name=\"twitter:label1\" content=\"Written by\" \/>\n\t<meta name=\"twitter:data1\" content=\"\u0160ilut\u0117s naujien\u0173 inf.\" \/>\n\t<meta name=\"twitter:label2\" content=\"Est. reading time\" \/>\n\t<meta name=\"twitter:data2\" content=\"6 minut\u0117s\" \/>\n<script type=\"application\/ld+json\" class=\"yoast-schema-graph\">{\"@context\":\"https:\\\/\\\/schema.org\",\"@graph\":[{\"@type\":\"Article\",\"@id\":\"https:\\\/\\\/www.silutesnaujienos.lt\\\/lt\\\/gerumo-nesejams-svedams-krastieciu-pagarba\\\/#article\",\"isPartOf\":{\"@id\":\"https:\\\/\\\/www.silutesnaujienos.lt\\\/lt\\\/gerumo-nesejams-svedams-krastieciu-pagarba\\\/\"},\"author\":{\"name\":\"\u0160ilut\u0117s naujien\u0173 inf.\",\"@id\":\"https:\\\/\\\/www.silutesnaujienos.lt\\\/lt\\\/#\\\/schema\\\/person\\\/976440ef837444400af3c77c19c61454\"},\"headline\":\"Gerumo ne\u0161\u0117jams \u0161vedams &#8211; kra\u0161tie\u010di\u0173 pagarba\",\"datePublished\":\"2012-12-26T15:30:00+00:00\",\"mainEntityOfPage\":{\"@id\":\"https:\\\/\\\/www.silutesnaujienos.lt\\\/lt\\\/gerumo-nesejams-svedams-krastieciu-pagarba\\\/\"},\"wordCount\":1109,\"commentCount\":0,\"publisher\":{\"@id\":\"https:\\\/\\\/www.silutesnaujienos.lt\\\/lt\\\/#organization\"},\"articleSection\":[\"Aktualijos\"],\"inLanguage\":\"lt-LT\",\"potentialAction\":[{\"@type\":\"CommentAction\",\"name\":\"Comment\",\"target\":[\"https:\\\/\\\/www.silutesnaujienos.lt\\\/lt\\\/gerumo-nesejams-svedams-krastieciu-pagarba\\\/#respond\"]}]},{\"@type\":\"WebPage\",\"@id\":\"https:\\\/\\\/www.silutesnaujienos.lt\\\/lt\\\/gerumo-nesejams-svedams-krastieciu-pagarba\\\/\",\"url\":\"https:\\\/\\\/www.silutesnaujienos.lt\\\/lt\\\/gerumo-nesejams-svedams-krastieciu-pagarba\\\/\",\"name\":\"Gerumo ne\u0161\u0117jams \u0161vedams - kra\u0161tie\u010di\u0173 pagarba - \u0160ilut\u0117s naujienos\",\"isPartOf\":{\"@id\":\"https:\\\/\\\/www.silutesnaujienos.lt\\\/lt\\\/#website\"},\"datePublished\":\"2012-12-26T15:30:00+00:00\",\"breadcrumb\":{\"@id\":\"https:\\\/\\\/www.silutesnaujienos.lt\\\/lt\\\/gerumo-nesejams-svedams-krastieciu-pagarba\\\/#breadcrumb\"},\"inLanguage\":\"lt-LT\",\"potentialAction\":[{\"@type\":\"ReadAction\",\"target\":[\"https:\\\/\\\/www.silutesnaujienos.lt\\\/lt\\\/gerumo-nesejams-svedams-krastieciu-pagarba\\\/\"]}]},{\"@type\":\"BreadcrumbList\",\"@id\":\"https:\\\/\\\/www.silutesnaujienos.lt\\\/lt\\\/gerumo-nesejams-svedams-krastieciu-pagarba\\\/#breadcrumb\",\"itemListElement\":[{\"@type\":\"ListItem\",\"position\":1,\"name\":\"Home\",\"item\":\"https:\\\/\\\/www.silutesnaujienos.lt\\\/lt\\\/\"},{\"@type\":\"ListItem\",\"position\":2,\"name\":\"Gerumo ne\u0161\u0117jams \u0161vedams &#8211; kra\u0161tie\u010di\u0173 pagarba\"}]},{\"@type\":\"WebSite\",\"@id\":\"https:\\\/\\\/www.silutesnaujienos.lt\\\/lt\\\/#website\",\"url\":\"https:\\\/\\\/www.silutesnaujienos.lt\\\/lt\\\/\",\"name\":\"\u0160ilut\u0117s naujienos\",\"description\":\"B\u016bk ant naujien\u0173 bangos!\",\"publisher\":{\"@id\":\"https:\\\/\\\/www.silutesnaujienos.lt\\\/lt\\\/#organization\"},\"potentialAction\":[{\"@type\":\"SearchAction\",\"target\":{\"@type\":\"EntryPoint\",\"urlTemplate\":\"https:\\\/\\\/www.silutesnaujienos.lt\\\/lt\\\/?s={search_term_string}\"},\"query-input\":{\"@type\":\"PropertyValueSpecification\",\"valueRequired\":true,\"valueName\":\"search_term_string\"}}],\"inLanguage\":\"lt-LT\"},{\"@type\":\"Organization\",\"@id\":\"https:\\\/\\\/www.silutesnaujienos.lt\\\/lt\\\/#organization\",\"name\":\"\u0160ilut\u0117s naujienos\",\"url\":\"https:\\\/\\\/www.silutesnaujienos.lt\\\/lt\\\/\",\"logo\":{\"@type\":\"ImageObject\",\"inLanguage\":\"lt-LT\",\"@id\":\"https:\\\/\\\/www.silutesnaujienos.lt\\\/lt\\\/#\\\/schema\\\/logo\\\/image\\\/\",\"url\":\"https:\\\/\\\/www.silutesnaujienos.lt\\\/lt\\\/wp-content\\\/uploads\\\/2020\\\/06\\\/FB_MAIN.jpg\",\"contentUrl\":\"https:\\\/\\\/www.silutesnaujienos.lt\\\/lt\\\/wp-content\\\/uploads\\\/2020\\\/06\\\/FB_MAIN.jpg\",\"width\":1700,\"height\":956,\"caption\":\"\u0160ilut\u0117s naujienos\"},\"image\":{\"@id\":\"https:\\\/\\\/www.silutesnaujienos.lt\\\/lt\\\/#\\\/schema\\\/logo\\\/image\\\/\"},\"sameAs\":[\"https:\\\/\\\/www.facebook.com\\\/silutes.naujienos\\\/\",\"https:\\\/\\\/www.youtube.com\\\/channel\\\/UCxW-cgrJDt8GxIMxSTAfJZg\"]},{\"@type\":\"Person\",\"@id\":\"https:\\\/\\\/www.silutesnaujienos.lt\\\/lt\\\/#\\\/schema\\\/person\\\/976440ef837444400af3c77c19c61454\",\"name\":\"\u0160ilut\u0117s naujien\u0173 inf.\",\"image\":{\"@type\":\"ImageObject\",\"inLanguage\":\"lt-LT\",\"@id\":\"https:\\\/\\\/www.silutesnaujienos.lt\\\/lt\\\/wp-content\\\/uploads\\\/2020\\\/06\\\/favicon.png\",\"url\":\"https:\\\/\\\/www.silutesnaujienos.lt\\\/lt\\\/wp-content\\\/uploads\\\/2020\\\/06\\\/favicon.png\",\"contentUrl\":\"https:\\\/\\\/www.silutesnaujienos.lt\\\/lt\\\/wp-content\\\/uploads\\\/2020\\\/06\\\/favicon.png\",\"caption\":\"\u0160ilut\u0117s naujien\u0173 inf.\"},\"url\":\"https:\\\/\\\/www.silutesnaujienos.lt\\\/lt\\\/author\\\/vadas\\\/\"}]}<\/script>\n<!-- \/ Yoast SEO plugin. -->","yoast_head_json":{"title":"Gerumo ne\u0161\u0117jams \u0161vedams - kra\u0161tie\u010di\u0173 pagarba - \u0160ilut\u0117s naujienos","robots":{"index":"index","follow":"follow","max-snippet":"max-snippet:-1","max-image-preview":"max-image-preview:large","max-video-preview":"max-video-preview:-1"},"canonical":"https:\/\/www.silutesnaujienos.lt\/lt\/gerumo-nesejams-svedams-krastieciu-pagarba\/","og_locale":"lt_LT","og_type":"article","og_title":"Gerumo ne\u0161\u0117jams \u0161vedams - kra\u0161tie\u010di\u0173 pagarba - \u0160ilut\u0117s naujienos","og_description":"Tarptautin\u0117 \u0161vent\u0117 kaime &#8211; rei\u0161kinys itin retas, bet kaip tik tokia prie\u0161 savait\u0119 \u012fvyko \u017demai\u010di\u0173 Naumies\u010dio seni\u016bnijoje, Degu\u010diuose. \u010cia karaliavo gerumas, kur\u012f jau du de\u0161imtme\u010dius jau\u010dia daugyb\u0117 m\u016bs\u0173 kra\u0161to sergan\u010di\u0173, sen\u0173, ne\u012fgali\u0173 \u017emoni\u0173, kuris dalijamas vaik\u0173 globos namams, daugiavaik\u0117ms \u0161eimoms, visuomenin\u0117ms organizacijoms. Gerumas, kurio nesuskai\u010diuojam\u0105 gausyb\u0119 per 20 met\u0173 i\u0161dalijo \u0161ved\u0173 organizacijos \u201ePagalba Lietuvai &#8211; [&hellip;]","og_url":"https:\/\/www.silutesnaujienos.lt\/lt\/gerumo-nesejams-svedams-krastieciu-pagarba\/","og_site_name":"\u0160ilut\u0117s naujienos","article_publisher":"https:\/\/www.facebook.com\/silutes.naujienos\/","article_published_time":"2012-12-26T15:30:00+00:00","og_image":[{"url":"images\/thumbnails\/thumb_tikejimas_viltis_gircius_kerstin.jpg","type":"","width":"","height":""}],"author":"\u0160ilut\u0117s naujien\u0173 inf.","twitter_card":"summary_large_image","twitter_misc":{"Written by":"\u0160ilut\u0117s naujien\u0173 inf.","Est. reading time":"6 minut\u0117s"},"schema":{"@context":"https:\/\/schema.org","@graph":[{"@type":"Article","@id":"https:\/\/www.silutesnaujienos.lt\/lt\/gerumo-nesejams-svedams-krastieciu-pagarba\/#article","isPartOf":{"@id":"https:\/\/www.silutesnaujienos.lt\/lt\/gerumo-nesejams-svedams-krastieciu-pagarba\/"},"author":{"name":"\u0160ilut\u0117s naujien\u0173 inf.","@id":"https:\/\/www.silutesnaujienos.lt\/lt\/#\/schema\/person\/976440ef837444400af3c77c19c61454"},"headline":"Gerumo ne\u0161\u0117jams \u0161vedams &#8211; kra\u0161tie\u010di\u0173 pagarba","datePublished":"2012-12-26T15:30:00+00:00","mainEntityOfPage":{"@id":"https:\/\/www.silutesnaujienos.lt\/lt\/gerumo-nesejams-svedams-krastieciu-pagarba\/"},"wordCount":1109,"commentCount":0,"publisher":{"@id":"https:\/\/www.silutesnaujienos.lt\/lt\/#organization"},"articleSection":["Aktualijos"],"inLanguage":"lt-LT","potentialAction":[{"@type":"CommentAction","name":"Comment","target":["https:\/\/www.silutesnaujienos.lt\/lt\/gerumo-nesejams-svedams-krastieciu-pagarba\/#respond"]}]},{"@type":"WebPage","@id":"https:\/\/www.silutesnaujienos.lt\/lt\/gerumo-nesejams-svedams-krastieciu-pagarba\/","url":"https:\/\/www.silutesnaujienos.lt\/lt\/gerumo-nesejams-svedams-krastieciu-pagarba\/","name":"Gerumo ne\u0161\u0117jams \u0161vedams - kra\u0161tie\u010di\u0173 pagarba - \u0160ilut\u0117s naujienos","isPartOf":{"@id":"https:\/\/www.silutesnaujienos.lt\/lt\/#website"},"datePublished":"2012-12-26T15:30:00+00:00","breadcrumb":{"@id":"https:\/\/www.silutesnaujienos.lt\/lt\/gerumo-nesejams-svedams-krastieciu-pagarba\/#breadcrumb"},"inLanguage":"lt-LT","potentialAction":[{"@type":"ReadAction","target":["https:\/\/www.silutesnaujienos.lt\/lt\/gerumo-nesejams-svedams-krastieciu-pagarba\/"]}]},{"@type":"BreadcrumbList","@id":"https:\/\/www.silutesnaujienos.lt\/lt\/gerumo-nesejams-svedams-krastieciu-pagarba\/#breadcrumb","itemListElement":[{"@type":"ListItem","position":1,"name":"Home","item":"https:\/\/www.silutesnaujienos.lt\/lt\/"},{"@type":"ListItem","position":2,"name":"Gerumo ne\u0161\u0117jams \u0161vedams &#8211; kra\u0161tie\u010di\u0173 pagarba"}]},{"@type":"WebSite","@id":"https:\/\/www.silutesnaujienos.lt\/lt\/#website","url":"https:\/\/www.silutesnaujienos.lt\/lt\/","name":"\u0160ilut\u0117s naujienos","description":"B\u016bk ant naujien\u0173 bangos!","publisher":{"@id":"https:\/\/www.silutesnaujienos.lt\/lt\/#organization"},"potentialAction":[{"@type":"SearchAction","target":{"@type":"EntryPoint","urlTemplate":"https:\/\/www.silutesnaujienos.lt\/lt\/?s={search_term_string}"},"query-input":{"@type":"PropertyValueSpecification","valueRequired":true,"valueName":"search_term_string"}}],"inLanguage":"lt-LT"},{"@type":"Organization","@id":"https:\/\/www.silutesnaujienos.lt\/lt\/#organization","name":"\u0160ilut\u0117s naujienos","url":"https:\/\/www.silutesnaujienos.lt\/lt\/","logo":{"@type":"ImageObject","inLanguage":"lt-LT","@id":"https:\/\/www.silutesnaujienos.lt\/lt\/#\/schema\/logo\/image\/","url":"https:\/\/www.silutesnaujienos.lt\/lt\/wp-content\/uploads\/2020\/06\/FB_MAIN.jpg","contentUrl":"https:\/\/www.silutesnaujienos.lt\/lt\/wp-content\/uploads\/2020\/06\/FB_MAIN.jpg","width":1700,"height":956,"caption":"\u0160ilut\u0117s naujienos"},"image":{"@id":"https:\/\/www.silutesnaujienos.lt\/lt\/#\/schema\/logo\/image\/"},"sameAs":["https:\/\/www.facebook.com\/silutes.naujienos\/","https:\/\/www.youtube.com\/channel\/UCxW-cgrJDt8GxIMxSTAfJZg"]},{"@type":"Person","@id":"https:\/\/www.silutesnaujienos.lt\/lt\/#\/schema\/person\/976440ef837444400af3c77c19c61454","name":"\u0160ilut\u0117s naujien\u0173 inf.","image":{"@type":"ImageObject","inLanguage":"lt-LT","@id":"https:\/\/www.silutesnaujienos.lt\/lt\/wp-content\/uploads\/2020\/06\/favicon.png","url":"https:\/\/www.silutesnaujienos.lt\/lt\/wp-content\/uploads\/2020\/06\/favicon.png","contentUrl":"https:\/\/www.silutesnaujienos.lt\/lt\/wp-content\/uploads\/2020\/06\/favicon.png","caption":"\u0160ilut\u0117s naujien\u0173 inf."},"url":"https:\/\/www.silutesnaujienos.lt\/lt\/author\/vadas\/"}]}},"publishpress_future_workflow_manual_trigger":{"enabledWorkflows":[]},"amp_enabled":true,"_links":{"self":[{"href":"https:\/\/www.silutesnaujienos.lt\/lt\/wp-json\/wp\/v2\/posts\/17774","targetHints":{"allow":["GET"]}}],"collection":[{"href":"https:\/\/www.silutesnaujienos.lt\/lt\/wp-json\/wp\/v2\/posts"}],"about":[{"href":"https:\/\/www.silutesnaujienos.lt\/lt\/wp-json\/wp\/v2\/types\/post"}],"author":[{"embeddable":true,"href":"https:\/\/www.silutesnaujienos.lt\/lt\/wp-json\/wp\/v2\/users\/2"}],"replies":[{"embeddable":true,"href":"https:\/\/www.silutesnaujienos.lt\/lt\/wp-json\/wp\/v2\/comments?post=17774"}],"version-history":[{"count":0,"href":"https:\/\/www.silutesnaujienos.lt\/lt\/wp-json\/wp\/v2\/posts\/17774\/revisions"}],"wp:attachment":[{"href":"https:\/\/www.silutesnaujienos.lt\/lt\/wp-json\/wp\/v2\/media?parent=17774"}],"wp:term":[{"taxonomy":"category","embeddable":true,"href":"https:\/\/www.silutesnaujienos.lt\/lt\/wp-json\/wp\/v2\/categories?post=17774"},{"taxonomy":"post_tag","embeddable":true,"href":"https:\/\/www.silutesnaujienos.lt\/lt\/wp-json\/wp\/v2\/tags?post=17774"}],"curies":[{"name":"wp","href":"https:\/\/api.w.org\/{rel}","templated":true}]}}