{"id":1778,"date":"2013-01-02T12:00:00","date_gmt":"2013-01-02T14:00:00","guid":{"rendered":"https:\/\/www.silutesnaujienos.lt\/lt\/2013-uosius-seimas-pavadino-sesiais-skirtingais-vardais\/"},"modified":"2013-01-02T12:00:00","modified_gmt":"2013-01-02T14:00:00","slug":"2013-uosius-seimas-pavadino-sesiais-skirtingais-vardais","status":"publish","type":"post","link":"https:\/\/www.silutesnaujienos.lt\/lt\/2013-uosius-seimas-pavadino-sesiais-skirtingais-vardais\/","title":{"rendered":"2013-uosius Seimas pavadino \u0161e\u0161iais skirtingais vardais"},"content":{"rendered":"<p><a target=\"_blank\" class=\"jcepopup\" href=\"\/\/silutesnaujienos.lt\/images\/stories\/2013\/01\/04\/health-sciences.jpg\" rel=\"noopener noreferrer\" data-rel=\"lightbox-gallery-928k1lui\" data-rl_title=\"\" data-rl_caption=\"\" title=\"\"><img loading=\"lazy\" decoding=\"async\" style=\"margin: 5px; float: left;\" alt=\"health-sciences\" src=\"\/\/silutesnaujienos.lt\/images\/stories\/2013\/01\/04\/thumbnails\/thumb_health-sciences.jpg\" height=\"230\" width=\"307\" \/><\/a><strong>Seimo sprendimu 2013-ieji paskelbti \u0161e\u0161i\u0173 skirting\u0173 prog\u0173 min\u0117jimo metais.<\/strong><\/p>\n<p \/><strong>Parlamentarai atskirais savo sprendimais 2013-uosius yra paskelb\u0119 Stepono Dariaus ir Stasio Gir\u0117no skryd\u017eio per Atlant\u0105, sveikatingumo, tarmi\u0173, 1863 met\u0173 sukilimo, edukolog\u0117s Meil\u0117s Luk\u0161ien\u0117s, Klaip\u0117dos kra\u0161to atgavimo metais.<\/strong><\/p>\n<p>Iki Nauj\u0173j\u0173 met\u0173 prad\u017eios Seimas nesp\u0117jo 2013-iesiems suteikti ir septint\u0105j\u012f vard\u0105, ta\u010diau tai tikimasi padaryti per prat\u0119st\u0105 sesij\u0105 saus\u012f. U\u017esienio reikal\u0173 komiteto si\u016blymu \u0161ie metais tur\u0117t\u0173 b\u016bti dar paskelbti Vilniaus geto atminimo metais. Mat rugs\u0117jo m\u0117nes\u012f sukaks 70 met\u0173, kai okupacin\u0117 naci\u0173 kariuomen\u0117 likvidavo Vilniaus get\u0105.<\/p>\n<p>Gruod\u017eio viduryje parlamentarai pri\u0117m\u0117 nutarim\u0105, kuriuo 2013-ieji paskelbti Klaip\u0117dos kra\u0161to atgavimo metais. Tokiu b\u016bdu pagerbtas Klaip\u0117dos kra\u0161to atgavimo 90-metis.<a target=\"_blank\" rel=\"caption[Klaip\u0117da. \/ BNS nuotr.] noopener noreferrer\" class=\"jcepopup\" href=\"\/\/silutesnaujienos.lt\/images\/stories\/2013\/01\/04\/2145f671484ee4a2cce91d29aa6418406e6d2e7c_article.jpg\" data-rel=\"lightbox-gallery-928k1lui\" data-rl_title=\"\" data-rl_caption=\"\"><img loading=\"lazy\" decoding=\"async\" style=\"margin: 5px; float: right;\" class=\"caption\" title=\"\" alt=\"2145f671484ee4a2cce91d29aa6418406e6d2e7c article\" src=\"\/\/silutesnaujienos.lt\/images\/stories\/2013\/01\/04\/thumbnails\/thumb_2145f671484ee4a2cce91d29aa6418406e6d2e7c_article.jpg\" height=\"230\" width=\"307\" \/><\/a><\/p>\n<p>Kadangi \u0161iemet sueis 80 met\u0173, kai Steponas Darius ir Stasys Gir\u0117nas perskrido Atlanto vandenyn\u0105, metams suteiktas ir \u0161io legendinio skryd\u017eio vardas.<\/p>\n<p>Pra\u0117jusi\u0173 met\u0173 rugs\u0117jo m\u0117nes\u012f nuspr\u0119sta, kad 2013-ieji turi vadintis ir mokslinink\u0117s, \u0161vietimo reformos pradinink\u0117s Meil\u0117s Luk\u0161ien\u0117s metais. Mat sueis 100 met\u0173 nuo jos gimimo.<\/p>\n<p>Pernai bir\u017eel\u012f parlamentas 2013-iuosius taip pat paskelb\u0117 sveikatingumo metais. Toks sprendimas priimtas atsi\u017evelgiant \u012f Pasaulin\u0117s sveikatos organizacijos ir Europos S\u0105jungos &#8222;raginim\u0105 kovoti su l\u0117tin\u0117mis neinfekcin\u0117mis ligomis, akcentuojant visuomen\u0117s sveikos gyvensenos skatinim\u0105, sveikatos i\u0161saugojim\u0105 ir stiprinim\u0105 kaip vien\u0105 i\u0161 valstyb\u0117s prioritet\u0173&#8221;.<\/p>\n<p>Gegu\u017e\u0119 Seimas nutar\u0117, kad \u0161ie metai privalo b\u016bti ir 1863 met\u0173 sukilimo metais. Taip norima pamin\u0117ti 150-\u0105sias sukilimo metines bei pabr\u0117\u017eti jo istorin\u0119, kult\u016brin\u0119 reik\u0161m\u0119 lietuvi\u0173, baltarusi\u0173 ir lenk\u0173 tautoms.<\/p>\n<p>Pra\u0117jus\u012f kov\u0105 nuspr\u0119sta, kad \u0161ie metai tur\u0117t\u0173 tapti tarmi\u0173 metais. Taip siekiama paskatinti i\u0161laikyti gyv\u0105j\u0105 tarmi\u0173 tradicij\u0105 Lietuvoje.<\/p>\n","protected":false},"excerpt":{"rendered":"<p>Seimo sprendimu 2013-ieji paskelbti \u0161e\u0161i\u0173 skirting\u0173 prog\u0173 min\u0117jimo metais. Parlamentarai atskirais savo sprendimais 2013-uosius yra paskelb\u0119 Stepono Dariaus ir Stasio Gir\u0117no skryd\u017eio per Atlant\u0105, sveikatingumo, tarmi\u0173, 1863 met\u0173 sukilimo, edukolog\u0117s Meil\u0117s Luk\u0161ien\u0117s, Klaip\u0117dos kra\u0161to atgavimo metais. Iki Nauj\u0173j\u0173 met\u0173 prad\u017eios Seimas nesp\u0117jo 2013-iesiems suteikti ir septint\u0105j\u012f vard\u0105, ta\u010diau tai tikimasi padaryti per prat\u0119st\u0105 sesij\u0105 saus\u012f. [&hellip;]<\/p>\n","protected":false},"author":1,"featured_media":0,"comment_status":"open","ping_status":"open","sticky":false,"template":"","format":"standard","meta":{"footnotes":""},"categories":[52],"tags":[],"class_list":{"0":"post-1778","1":"post","2":"type-post","3":"status-publish","4":"format-standard","6":"category-gyvenimas"},"yoast_head":"<!-- This site is optimized with the Yoast SEO plugin v27.5 - https:\/\/yoast.com\/product\/yoast-seo-wordpress\/ -->\n<title>2013-uosius Seimas pavadino \u0161e\u0161iais skirtingais vardais - \u0160ilut\u0117s naujienos<\/title>\n<meta name=\"robots\" content=\"index, follow, max-snippet:-1, max-image-preview:large, max-video-preview:-1\" \/>\n<link rel=\"canonical\" href=\"https:\/\/www.silutesnaujienos.lt\/lt\/2013-uosius-seimas-pavadino-sesiais-skirtingais-vardais\/\" \/>\n<meta property=\"og:locale\" content=\"lt_LT\" \/>\n<meta property=\"og:type\" content=\"article\" \/>\n<meta property=\"og:title\" content=\"2013-uosius Seimas pavadino \u0161e\u0161iais skirtingais vardais - \u0160ilut\u0117s naujienos\" \/>\n<meta property=\"og:description\" content=\"Seimo sprendimu 2013-ieji paskelbti \u0161e\u0161i\u0173 skirting\u0173 prog\u0173 min\u0117jimo metais. Parlamentarai atskirais savo sprendimais 2013-uosius yra paskelb\u0119 Stepono Dariaus ir Stasio Gir\u0117no skryd\u017eio per Atlant\u0105, sveikatingumo, tarmi\u0173, 1863 met\u0173 sukilimo, edukolog\u0117s Meil\u0117s Luk\u0161ien\u0117s, Klaip\u0117dos kra\u0161to atgavimo metais. Iki Nauj\u0173j\u0173 met\u0173 prad\u017eios Seimas nesp\u0117jo 2013-iesiems suteikti ir septint\u0105j\u012f vard\u0105, ta\u010diau tai tikimasi padaryti per prat\u0119st\u0105 sesij\u0105 saus\u012f. [&hellip;]\" \/>\n<meta property=\"og:url\" content=\"https:\/\/www.silutesnaujienos.lt\/lt\/2013-uosius-seimas-pavadino-sesiais-skirtingais-vardais\/\" \/>\n<meta property=\"og:site_name\" content=\"\u0160ilut\u0117s naujienos\" \/>\n<meta property=\"article:publisher\" content=\"https:\/\/www.facebook.com\/silutes.naujienos\/\" \/>\n<meta property=\"article:published_time\" content=\"2013-01-02T14:00:00+00:00\" \/>\n<meta property=\"og:image\" content=\"\/\/silutesnaujienos.lt\/images\/stories\/2013\/01\/04\/thumbnails\/thumb_health-sciences.jpg\" \/>\n<meta name=\"author\" content=\"\u0160ilut\u0117s naujien\u0173 inf.\" \/>\n<meta name=\"twitter:card\" content=\"summary_large_image\" \/>\n<meta name=\"twitter:label1\" content=\"Written by\" \/>\n\t<meta name=\"twitter:data1\" content=\"\u0160ilut\u0117s naujien\u0173 inf.\" \/>\n\t<meta name=\"twitter:label2\" content=\"Est. reading time\" \/>\n\t<meta name=\"twitter:data2\" content=\"1 minut\u0117\" \/>\n<script type=\"application\/ld+json\" class=\"yoast-schema-graph\">{\"@context\":\"https:\\\/\\\/schema.org\",\"@graph\":[{\"@type\":\"Article\",\"@id\":\"https:\\\/\\\/www.silutesnaujienos.lt\\\/lt\\\/2013-uosius-seimas-pavadino-sesiais-skirtingais-vardais\\\/#article\",\"isPartOf\":{\"@id\":\"https:\\\/\\\/www.silutesnaujienos.lt\\\/lt\\\/2013-uosius-seimas-pavadino-sesiais-skirtingais-vardais\\\/\"},\"author\":{\"name\":\"\u0160ilut\u0117s naujien\u0173 inf.\",\"@id\":\"https:\\\/\\\/www.silutesnaujienos.lt\\\/lt\\\/#\\\/schema\\\/person\\\/232f475ddd4a7b5f49b3abc788b17e83\"},\"headline\":\"2013-uosius Seimas pavadino \u0161e\u0161iais skirtingais vardais\",\"datePublished\":\"2013-01-02T14:00:00+00:00\",\"mainEntityOfPage\":{\"@id\":\"https:\\\/\\\/www.silutesnaujienos.lt\\\/lt\\\/2013-uosius-seimas-pavadino-sesiais-skirtingais-vardais\\\/\"},\"wordCount\":296,\"commentCount\":0,\"publisher\":{\"@id\":\"https:\\\/\\\/www.silutesnaujienos.lt\\\/lt\\\/#organization\"},\"articleSection\":[\"Gyvenimas\"],\"inLanguage\":\"lt-LT\",\"potentialAction\":[{\"@type\":\"CommentAction\",\"name\":\"Comment\",\"target\":[\"https:\\\/\\\/www.silutesnaujienos.lt\\\/lt\\\/2013-uosius-seimas-pavadino-sesiais-skirtingais-vardais\\\/#respond\"]}]},{\"@type\":\"WebPage\",\"@id\":\"https:\\\/\\\/www.silutesnaujienos.lt\\\/lt\\\/2013-uosius-seimas-pavadino-sesiais-skirtingais-vardais\\\/\",\"url\":\"https:\\\/\\\/www.silutesnaujienos.lt\\\/lt\\\/2013-uosius-seimas-pavadino-sesiais-skirtingais-vardais\\\/\",\"name\":\"2013-uosius Seimas pavadino \u0161e\u0161iais skirtingais vardais - \u0160ilut\u0117s naujienos\",\"isPartOf\":{\"@id\":\"https:\\\/\\\/www.silutesnaujienos.lt\\\/lt\\\/#website\"},\"datePublished\":\"2013-01-02T14:00:00+00:00\",\"breadcrumb\":{\"@id\":\"https:\\\/\\\/www.silutesnaujienos.lt\\\/lt\\\/2013-uosius-seimas-pavadino-sesiais-skirtingais-vardais\\\/#breadcrumb\"},\"inLanguage\":\"lt-LT\",\"potentialAction\":[{\"@type\":\"ReadAction\",\"target\":[\"https:\\\/\\\/www.silutesnaujienos.lt\\\/lt\\\/2013-uosius-seimas-pavadino-sesiais-skirtingais-vardais\\\/\"]}]},{\"@type\":\"BreadcrumbList\",\"@id\":\"https:\\\/\\\/www.silutesnaujienos.lt\\\/lt\\\/2013-uosius-seimas-pavadino-sesiais-skirtingais-vardais\\\/#breadcrumb\",\"itemListElement\":[{\"@type\":\"ListItem\",\"position\":1,\"name\":\"Home\",\"item\":\"https:\\\/\\\/www.silutesnaujienos.lt\\\/lt\\\/\"},{\"@type\":\"ListItem\",\"position\":2,\"name\":\"2013-uosius Seimas pavadino \u0161e\u0161iais skirtingais vardais\"}]},{\"@type\":\"WebSite\",\"@id\":\"https:\\\/\\\/www.silutesnaujienos.lt\\\/lt\\\/#website\",\"url\":\"https:\\\/\\\/www.silutesnaujienos.lt\\\/lt\\\/\",\"name\":\"\u0160ilut\u0117s naujienos\",\"description\":\"B\u016bk ant naujien\u0173 bangos!\",\"publisher\":{\"@id\":\"https:\\\/\\\/www.silutesnaujienos.lt\\\/lt\\\/#organization\"},\"potentialAction\":[{\"@type\":\"SearchAction\",\"target\":{\"@type\":\"EntryPoint\",\"urlTemplate\":\"https:\\\/\\\/www.silutesnaujienos.lt\\\/lt\\\/?s={search_term_string}\"},\"query-input\":{\"@type\":\"PropertyValueSpecification\",\"valueRequired\":true,\"valueName\":\"search_term_string\"}}],\"inLanguage\":\"lt-LT\"},{\"@type\":\"Organization\",\"@id\":\"https:\\\/\\\/www.silutesnaujienos.lt\\\/lt\\\/#organization\",\"name\":\"\u0160ilut\u0117s naujienos\",\"url\":\"https:\\\/\\\/www.silutesnaujienos.lt\\\/lt\\\/\",\"logo\":{\"@type\":\"ImageObject\",\"inLanguage\":\"lt-LT\",\"@id\":\"https:\\\/\\\/www.silutesnaujienos.lt\\\/lt\\\/#\\\/schema\\\/logo\\\/image\\\/\",\"url\":\"https:\\\/\\\/www.silutesnaujienos.lt\\\/lt\\\/wp-content\\\/uploads\\\/2020\\\/06\\\/FB_MAIN.jpg\",\"contentUrl\":\"https:\\\/\\\/www.silutesnaujienos.lt\\\/lt\\\/wp-content\\\/uploads\\\/2020\\\/06\\\/FB_MAIN.jpg\",\"width\":1700,\"height\":956,\"caption\":\"\u0160ilut\u0117s naujienos\"},\"image\":{\"@id\":\"https:\\\/\\\/www.silutesnaujienos.lt\\\/lt\\\/#\\\/schema\\\/logo\\\/image\\\/\"},\"sameAs\":[\"https:\\\/\\\/www.facebook.com\\\/silutes.naujienos\\\/\",\"https:\\\/\\\/www.youtube.com\\\/channel\\\/UCxW-cgrJDt8GxIMxSTAfJZg\"]},{\"@type\":\"Person\",\"@id\":\"https:\\\/\\\/www.silutesnaujienos.lt\\\/lt\\\/#\\\/schema\\\/person\\\/232f475ddd4a7b5f49b3abc788b17e83\",\"name\":\"\u0160ilut\u0117s naujien\u0173 inf.\",\"image\":{\"@type\":\"ImageObject\",\"inLanguage\":\"lt-LT\",\"@id\":\"https:\\\/\\\/www.silutesnaujienos.lt\\\/lt\\\/wp-content\\\/uploads\\\/2020\\\/06\\\/favicon.png\",\"url\":\"https:\\\/\\\/www.silutesnaujienos.lt\\\/lt\\\/wp-content\\\/uploads\\\/2020\\\/06\\\/favicon.png\",\"contentUrl\":\"https:\\\/\\\/www.silutesnaujienos.lt\\\/lt\\\/wp-content\\\/uploads\\\/2020\\\/06\\\/favicon.png\",\"caption\":\"\u0160ilut\u0117s naujien\u0173 inf.\"},\"sameAs\":[\"https:\\\/\\\/www.silutesnaujienos.lt\\\/lt\"],\"url\":\"https:\\\/\\\/www.silutesnaujienos.lt\\\/lt\\\/author\\\/ruta\\\/\"}]}<\/script>\n<!-- \/ Yoast SEO plugin. -->","yoast_head_json":{"title":"2013-uosius Seimas pavadino \u0161e\u0161iais skirtingais vardais - \u0160ilut\u0117s naujienos","robots":{"index":"index","follow":"follow","max-snippet":"max-snippet:-1","max-image-preview":"max-image-preview:large","max-video-preview":"max-video-preview:-1"},"canonical":"https:\/\/www.silutesnaujienos.lt\/lt\/2013-uosius-seimas-pavadino-sesiais-skirtingais-vardais\/","og_locale":"lt_LT","og_type":"article","og_title":"2013-uosius Seimas pavadino \u0161e\u0161iais skirtingais vardais - \u0160ilut\u0117s naujienos","og_description":"Seimo sprendimu 2013-ieji paskelbti \u0161e\u0161i\u0173 skirting\u0173 prog\u0173 min\u0117jimo metais. Parlamentarai atskirais savo sprendimais 2013-uosius yra paskelb\u0119 Stepono Dariaus ir Stasio Gir\u0117no skryd\u017eio per Atlant\u0105, sveikatingumo, tarmi\u0173, 1863 met\u0173 sukilimo, edukolog\u0117s Meil\u0117s Luk\u0161ien\u0117s, Klaip\u0117dos kra\u0161to atgavimo metais. Iki Nauj\u0173j\u0173 met\u0173 prad\u017eios Seimas nesp\u0117jo 2013-iesiems suteikti ir septint\u0105j\u012f vard\u0105, ta\u010diau tai tikimasi padaryti per prat\u0119st\u0105 sesij\u0105 saus\u012f. [&hellip;]","og_url":"https:\/\/www.silutesnaujienos.lt\/lt\/2013-uosius-seimas-pavadino-sesiais-skirtingais-vardais\/","og_site_name":"\u0160ilut\u0117s naujienos","article_publisher":"https:\/\/www.facebook.com\/silutes.naujienos\/","article_published_time":"2013-01-02T14:00:00+00:00","og_image":[{"url":"\/\/silutesnaujienos.lt\/images\/stories\/2013\/01\/04\/thumbnails\/thumb_health-sciences.jpg","type":"","width":"","height":""}],"author":"\u0160ilut\u0117s naujien\u0173 inf.","twitter_card":"summary_large_image","twitter_misc":{"Written by":"\u0160ilut\u0117s naujien\u0173 inf.","Est. reading time":"1 minut\u0117"},"schema":{"@context":"https:\/\/schema.org","@graph":[{"@type":"Article","@id":"https:\/\/www.silutesnaujienos.lt\/lt\/2013-uosius-seimas-pavadino-sesiais-skirtingais-vardais\/#article","isPartOf":{"@id":"https:\/\/www.silutesnaujienos.lt\/lt\/2013-uosius-seimas-pavadino-sesiais-skirtingais-vardais\/"},"author":{"name":"\u0160ilut\u0117s naujien\u0173 inf.","@id":"https:\/\/www.silutesnaujienos.lt\/lt\/#\/schema\/person\/232f475ddd4a7b5f49b3abc788b17e83"},"headline":"2013-uosius Seimas pavadino \u0161e\u0161iais skirtingais vardais","datePublished":"2013-01-02T14:00:00+00:00","mainEntityOfPage":{"@id":"https:\/\/www.silutesnaujienos.lt\/lt\/2013-uosius-seimas-pavadino-sesiais-skirtingais-vardais\/"},"wordCount":296,"commentCount":0,"publisher":{"@id":"https:\/\/www.silutesnaujienos.lt\/lt\/#organization"},"articleSection":["Gyvenimas"],"inLanguage":"lt-LT","potentialAction":[{"@type":"CommentAction","name":"Comment","target":["https:\/\/www.silutesnaujienos.lt\/lt\/2013-uosius-seimas-pavadino-sesiais-skirtingais-vardais\/#respond"]}]},{"@type":"WebPage","@id":"https:\/\/www.silutesnaujienos.lt\/lt\/2013-uosius-seimas-pavadino-sesiais-skirtingais-vardais\/","url":"https:\/\/www.silutesnaujienos.lt\/lt\/2013-uosius-seimas-pavadino-sesiais-skirtingais-vardais\/","name":"2013-uosius Seimas pavadino \u0161e\u0161iais skirtingais vardais - \u0160ilut\u0117s naujienos","isPartOf":{"@id":"https:\/\/www.silutesnaujienos.lt\/lt\/#website"},"datePublished":"2013-01-02T14:00:00+00:00","breadcrumb":{"@id":"https:\/\/www.silutesnaujienos.lt\/lt\/2013-uosius-seimas-pavadino-sesiais-skirtingais-vardais\/#breadcrumb"},"inLanguage":"lt-LT","potentialAction":[{"@type":"ReadAction","target":["https:\/\/www.silutesnaujienos.lt\/lt\/2013-uosius-seimas-pavadino-sesiais-skirtingais-vardais\/"]}]},{"@type":"BreadcrumbList","@id":"https:\/\/www.silutesnaujienos.lt\/lt\/2013-uosius-seimas-pavadino-sesiais-skirtingais-vardais\/#breadcrumb","itemListElement":[{"@type":"ListItem","position":1,"name":"Home","item":"https:\/\/www.silutesnaujienos.lt\/lt\/"},{"@type":"ListItem","position":2,"name":"2013-uosius Seimas pavadino \u0161e\u0161iais skirtingais vardais"}]},{"@type":"WebSite","@id":"https:\/\/www.silutesnaujienos.lt\/lt\/#website","url":"https:\/\/www.silutesnaujienos.lt\/lt\/","name":"\u0160ilut\u0117s naujienos","description":"B\u016bk ant naujien\u0173 bangos!","publisher":{"@id":"https:\/\/www.silutesnaujienos.lt\/lt\/#organization"},"potentialAction":[{"@type":"SearchAction","target":{"@type":"EntryPoint","urlTemplate":"https:\/\/www.silutesnaujienos.lt\/lt\/?s={search_term_string}"},"query-input":{"@type":"PropertyValueSpecification","valueRequired":true,"valueName":"search_term_string"}}],"inLanguage":"lt-LT"},{"@type":"Organization","@id":"https:\/\/www.silutesnaujienos.lt\/lt\/#organization","name":"\u0160ilut\u0117s naujienos","url":"https:\/\/www.silutesnaujienos.lt\/lt\/","logo":{"@type":"ImageObject","inLanguage":"lt-LT","@id":"https:\/\/www.silutesnaujienos.lt\/lt\/#\/schema\/logo\/image\/","url":"https:\/\/www.silutesnaujienos.lt\/lt\/wp-content\/uploads\/2020\/06\/FB_MAIN.jpg","contentUrl":"https:\/\/www.silutesnaujienos.lt\/lt\/wp-content\/uploads\/2020\/06\/FB_MAIN.jpg","width":1700,"height":956,"caption":"\u0160ilut\u0117s naujienos"},"image":{"@id":"https:\/\/www.silutesnaujienos.lt\/lt\/#\/schema\/logo\/image\/"},"sameAs":["https:\/\/www.facebook.com\/silutes.naujienos\/","https:\/\/www.youtube.com\/channel\/UCxW-cgrJDt8GxIMxSTAfJZg"]},{"@type":"Person","@id":"https:\/\/www.silutesnaujienos.lt\/lt\/#\/schema\/person\/232f475ddd4a7b5f49b3abc788b17e83","name":"\u0160ilut\u0117s naujien\u0173 inf.","image":{"@type":"ImageObject","inLanguage":"lt-LT","@id":"https:\/\/www.silutesnaujienos.lt\/lt\/wp-content\/uploads\/2020\/06\/favicon.png","url":"https:\/\/www.silutesnaujienos.lt\/lt\/wp-content\/uploads\/2020\/06\/favicon.png","contentUrl":"https:\/\/www.silutesnaujienos.lt\/lt\/wp-content\/uploads\/2020\/06\/favicon.png","caption":"\u0160ilut\u0117s naujien\u0173 inf."},"sameAs":["https:\/\/www.silutesnaujienos.lt\/lt"],"url":"https:\/\/www.silutesnaujienos.lt\/lt\/author\/ruta\/"}]}},"publishpress_future_workflow_manual_trigger":{"enabledWorkflows":[]},"amp_enabled":true,"_links":{"self":[{"href":"https:\/\/www.silutesnaujienos.lt\/lt\/wp-json\/wp\/v2\/posts\/1778","targetHints":{"allow":["GET"]}}],"collection":[{"href":"https:\/\/www.silutesnaujienos.lt\/lt\/wp-json\/wp\/v2\/posts"}],"about":[{"href":"https:\/\/www.silutesnaujienos.lt\/lt\/wp-json\/wp\/v2\/types\/post"}],"author":[{"embeddable":true,"href":"https:\/\/www.silutesnaujienos.lt\/lt\/wp-json\/wp\/v2\/users\/1"}],"replies":[{"embeddable":true,"href":"https:\/\/www.silutesnaujienos.lt\/lt\/wp-json\/wp\/v2\/comments?post=1778"}],"version-history":[{"count":0,"href":"https:\/\/www.silutesnaujienos.lt\/lt\/wp-json\/wp\/v2\/posts\/1778\/revisions"}],"wp:attachment":[{"href":"https:\/\/www.silutesnaujienos.lt\/lt\/wp-json\/wp\/v2\/media?parent=1778"}],"wp:term":[{"taxonomy":"category","embeddable":true,"href":"https:\/\/www.silutesnaujienos.lt\/lt\/wp-json\/wp\/v2\/categories?post=1778"},{"taxonomy":"post_tag","embeddable":true,"href":"https:\/\/www.silutesnaujienos.lt\/lt\/wp-json\/wp\/v2\/tags?post=1778"}],"curies":[{"name":"wp","href":"https:\/\/api.w.org\/{rel}","templated":true}]}}