{"id":17865,"date":"2015-10-22T17:00:00","date_gmt":"2015-10-22T19:00:00","guid":{"rendered":"https:\/\/www.silutesnaujienos.lt\/lt\/socialines-paslaugos-namuose-vis-labiau-reikalingos-ir-pleciamos\/"},"modified":"2015-10-22T17:00:00","modified_gmt":"2015-10-22T19:00:00","slug":"socialines-paslaugos-namuose-vis-labiau-reikalingos-ir-pleciamos","status":"publish","type":"post","link":"https:\/\/www.silutesnaujienos.lt\/lt\/socialines-paslaugos-namuose-vis-labiau-reikalingos-ir-pleciamos\/","title":{"rendered":"Socialin\u0117s paslaugos namuose &#8211; vis labiau reikalingos ir ple\u010diamos"},"content":{"rendered":"<p><strong><a target=\"_blank\" rel=\"caption[\u0160ilut\u0117s socialini\u0173 paslaug\u0173 centro padalinio vadov\u0117 Reda Urbaityt\u0117 koordinuoja visos komandos darb\u0105 ir tvarko dokumentus.] noopener noreferrer\" class=\"jcepopup\" href=\"\/\/silutesnaujienos.lt\/images\/stories\/2015\/SPALIS\/20\/Globa_ir_slauga_Urbaityte.jpg\" data-rel=\"lightbox-gallery-8CwfZLju\" data-rl_title=\"\" data-rl_caption=\"\"><img loading=\"lazy\" decoding=\"async\" style=\"margin: 5px; float: left;\" class=\"caption\" title=\"\" alt=\"Globa ir slauga Urbaityte\" src=\"\/\/silutesnaujienos.lt\/images\/stories\/2015\/SPALIS\/20\/thumbnails\/thumb_Globa_ir_slauga_Urbaityte.jpg\" height=\"230\" width=\"307\" \/><\/a>Du metus \u0160ilut\u0117s rajone vykdytas i\u0161 Europos S\u0105jungos Socialinio fondo finansuotas projektas \u201eDienos socialin\u0117 globa ir slauga namuose\u201c baigtas.<br \/><\/strong><br \/><strong>2013 met\u0173 lapkritis buvo ta data, nuo kada sunkius, nevaik\u0161tan\u010dius ligonius j\u0173 artimiesiems pad\u0117jo pri\u017ei\u016br\u0117ti socialini\u0173 darbuotoj\u0173 ir slaugos specialist\u0173 brigados, o tokius ligonius namuose turintys j\u0173 artimieji jau gal\u0117jo prad\u0117ti dirbti, mokytis, dalyvauti visuomenin\u0117je veikloje.<br \/><\/strong><br \/><strong>Kol buvo \u012fgyvendinamas \u0161is projektas, pas senyvus ir ne\u012fgalius \u017emones \u012f namus va\u017ein\u0117jo mobiliosios socialini\u0173 ir slaugos specialist\u0173 komandos, kurios ligon\u012f pri\u017ei\u016br\u0117jo po pusdien\u012f, o kai kada &#8211; ir ilgiau. Specialistai taip pat konsultavo t\u0173 \u017emoni\u0173 artimuosius.<br \/><\/strong><br \/><strong>\u201eId\u0117ja pasiteisino su kaupu\u201c, &#8211; taip \u0161iandien sako jos autoriai, projekt\u0105 reng\u0119 Savivaldyb\u0117s Socialin\u0117s paramos skyriaus ved\u0117jo pavaduotoja Audra Barauskien\u0117 bei Planavimo ir pl\u0117tros skyriaus ved\u0117jas Remigijus Budrikas, kuris buvo atsakingas u\u017e tinkam\u0105 projekto \u012fgyvendinim\u0105.<br \/><\/strong><br \/><strong>Bet abu i\u0161 karto nuramina: nors vienas projektas baig\u0117si, tikimasi gauti l\u0117\u0161\u0173 jo t\u0119stinumui, tad ligoni\u0173 \u0161eimoms pad\u0117ti bus galima ir toliau. &nbsp;<\/strong><\/p>\n<p><strong>Paslauga buvo labai reikalinga<br \/><\/strong><br \/>A.Barauskien\u0117 sako jau seniai buvo \u012fsitikinusi, jog \u0161is projektas &#8211; didel\u0117 pa\u017eanga socialini\u0173 paslaug\u0173 teikimo srityje. Tokia naujov\u0117 tur\u0117jo \u017eymiai palengvinti daugelio ne\u012fgali\u0173j\u0173 ir sen\u0173 \u017emoni\u0173, o taip pat ir j\u0173 \u0161eim\u0173 gyvenim\u0105.<\/p>\n<p>Patvirtinimas, kad \u0160ilut\u0117s savivaldyb\u0117 gaus Europos S\u0105jungos finansin\u0119 param\u0105 projektui \u201eDienos socialin\u0117 globa ir slauga namuose\u201c (VP1-1 1-SADM-14-V-01-007) buvo gautas 2013-\u0173j\u0173 prad\u017eioje. Bet tuo jo teik\u0117jams r\u016bpes\u010diai nesibaig\u0117: dar reik\u0117jo suderinti automobili\u0173 ir reikalingos \u012frangos pirkimo plan\u0105, sulaukti kol \u0160ilut\u0119 dalimis pasieks daugiau nei pus\u0117 milijono lit\u0173.<\/p>\n<p>\u0160ilut\u0117s rajono savivaldyb\u0117 \u0161iame projekte buvo pilotin\u0117, mat jam vykdyti i\u0161 60-ties \u0161alies savivaldybi\u0173 buvo atrinkta tik 21. Kad tai \u012fvykt\u0173, \u0161iluti\u0161kiams teko Socialin\u0117s apsaugos ir darbo ministerijai (SADM) pateikti informacij\u0105, ar tokia slaugos ir globos paslauga rajone b\u016bt\u0173 reikalinga, parengti preliminari\u0105 l\u0117\u0161\u0173 parai\u0161k\u0105.<\/p>\n<p>Tuo metu rajone gyveno apie 8900 senyvo am\u017eiaus ir 3500 darbingo am\u017eiaus asmen\u0173 su negalia. \u0160ie skai\u010diai rod\u0117, kad m\u016bs\u0173 <a target=\"_blank\" rel=\"caption[Socialin\u0117 darbuotoja Lina Jan\u010dien\u0117, soc. darbuotojo pad\u0117j\u0117ja Raminta \u010cekanauskien\u0117 ir slaugytojo Maziliauskien\u0117 jau pasiruo\u0161usios i\u0161vykti pas klient\u0105.] noopener noreferrer\" class=\"jcepopup\" href=\"\/\/silutesnaujienos.lt\/images\/stories\/2015\/SPALIS\/20\/Globa_ir_slauga_2.jpg\" data-rel=\"lightbox-gallery-8CwfZLju\" data-rl_title=\"\" data-rl_caption=\"\"><img loading=\"lazy\" decoding=\"async\" style=\"margin: 5px; float: right;\" class=\"caption\" title=\"\" alt=\"Globa ir slauga 2\" src=\"\/\/silutesnaujienos.lt\/images\/stories\/2015\/SPALIS\/20\/thumbnails\/thumb_Globa_ir_slauga_2.jpg\" height=\"230\" width=\"307\" \/><\/a>kra\u0161te yra didelis socialini\u0173 paslaug\u0173 poreikis seniems ir ne\u012fgaliems \u017emon\u0117ms, kad tr\u016bksta pagalbos paslaug\u0173 \u012f namus.<\/p>\n<p>Rajono savivaldyb\u0117 netur\u0117jo pakankamai l\u0117\u0161\u0173 \u0161ioms problemoms i\u0161spr\u0119sti, tod\u0117l ir inicijavo min\u0117t\u0105 projekt\u0105. J\u012f \u012fgyvendinti \u0117m\u0117si Savivaldyb\u0117s partneris &#8211; biud\u017eetin\u0117 \u012fstaiga \u0160ilut\u0117s socialini\u0173 paslaug\u0173 centras ir antrasis partneris &#8211; V\u0161\u012e \u0160ilut\u0117s ligonin\u0117.<\/p>\n<p>\u201ePrad\u0117j\u0119 vykdyti projekt\u0105 \u012fsitikinome, kaip jis reikalingas \u017emon\u0117ms. Daug ne\u012fgali\u0173 \u017emoni\u0173 dabar gali likti savo namuose ir \u010dia gauti vis\u0105 reikaling\u0105 pagalb\u0105, o Socialin\u0117s paramos skyriui nebereikia, kaip iki tol, pirkti jiems slaugos paslaugas gydymo \u012fstaigose. Be to, \u017eymiai laisvesni tapo t\u0173 \u017emoni\u0173 artimieji, jie gal\u0117jo prad\u0117ti gyventi visavert\u012f gyvenim\u0105\u201c, &#8211; sako A.Barauskien\u0117.<\/p>\n<p><strong>Poreikis spar\u010diai auga, susidar\u0117 eil\u0117<\/strong><\/p>\n<p>Europos socialinis fondas projektui skuyr\u0117 504 000 lit\u0173 (dabar &#8211; 145 968,49 euro), Savivaldyb\u0117s biud\u017eeto l\u0117\u0161\u0173 prid\u0117ti nereik\u0117jo. <\/p>\n<p>Ir \u0161tai jau du metai sunki\u0105 negali\u0105 turintys \u017emon\u0117s dienos socialin\u0119 glob\u0105 ir slaug\u0105 (socialin\u0117s, sveikatos prie\u017ei\u016bros ir kitas paslaugas, reikalingas asmeniui ir jo \u0161eimos nariams pagal jo nustatyt\u0105 savaranki\u0161kumo lyg\u012f) dienos metu gauna savo namuose. T\u0105 iki \u0161iol dar\u0117 dvi mobilios specialist\u0173 komandos: viena teik\u0117 dienos socialin\u0119 glob\u0105 asmens namuose penkioms seni\u016bnijoms ir \u0160ilut\u0117s miesto gyventojams, o antroji &#8211; kit\u0173 \u0161e\u0161i\u0173 seni\u016bnij\u0173 gyventojams.<\/p>\n<p>\u017dinoma, i\u0161 karto reik\u0117jo \u012fdarbinti 6 slaugytoj\u0173 pad\u0117j\u0117jus ir tiek pat socialinio darbuotojo pad\u0117j\u0117j\u0173, reik\u0117jo slaugytojos ir kineziterapeuto &#8211; masa\u017euotojo etat\u0173. Teko \u012fsigyti 2 automobilius, technin\u0117s pagalbos priemoni\u0173, specialistams &#8211; specialios aprangos, apsaugos priemoni\u0173 (pir\u0161tini\u0173, speciali\u0173 prijuos\u010di\u0173, krep\u0161i\u0173), dezinfekcini\u0173 priemoni\u0173. \u012e projekto s\u0105mat\u0105 \u012fskai\u010diuotos ir i\u0161laidos kurui.<\/p>\n<p>Nupirkta ir sudedam\u0173j\u0173 voni\u0173, kuriose ne\u012fgalieji namuose maudomi, slanki\u0173j\u0173 lent\u0173, kurios labai palengvina t\u0105 darb\u0105, keliam\u0173j\u0173 dir\u017e\u0173, elektrini\u0173 funkcini\u0173 lov\u0173, slanki\u0173j\u0173 paklod\u017ei\u0173, speciali\u0173 paklot\u0173 ir \u010diu\u017eini\u0173 pragul\u0173 profilaktikai.<\/p>\n<p>Bet pastaruoju metu tapo ai\u0161ku, kad toki\u0173 paj\u0117gum\u0173 nebepakanka patenkinti vis\u0173 paslaugos pra\u0161an\u010di\u0173j\u0173 poreikius. \u0160ilut\u0117s socialini\u0173 paslaug\u0173 centro padalinio vadov\u0117 Reda Urbaityt\u0117, koordinuojanti visos komandos darb\u0105 ir tvarkanti reikalingus dokumentus sako, kad \u201egeroji \u017einia\u201c netruko pasklisti po rajon\u0105. Kuomet ligoni\u0173 artimieji pasidalijo su kitais savo patyrimu, jog gali perduoti specialistams ne\u012fgaliojo prie\u017ei\u016br\u0105 ir ta paslauga bus teikiama tiesiog jo namuose, paslaugos pra\u0161ytoj\u0173 eil\u0117 greit \u0117m\u0117 ilg\u0117ti.<\/p>\n<p>\u201ePrad\u017eioje tur\u0117jome 8 klientus ir eil\u0117s nebuvo, o dabar pri\u017ei\u016brime jau 30 \u017emoni\u0173 visame rajone ir dar 7 laukia eil\u0117je\u201c, &#8211; sako R.Urbaityt\u0117. Dar ma\u017edaug 150 \u017emoni\u0173 gauna pagalbos \u012f namus paslaug\u0105. <\/p>\n<p>Anot specialist\u0117s, \u0161ie skai\u010diai geriausiai iliustruoja tokios paslaugos poreik\u012f. Be to, pasak jos, ir ligoniai pastaruoju metu vis sunkesni, artimieji pra\u0161o pagalbos pri\u017ei\u016brint vis daugiau sunki\u0105 negali\u0105 turin\u010di\u0173, visai nevaik\u0161tan\u010di\u0173 \u017emoni\u0173. Tokiems \u017emon\u0117ms pagalbos reikia jau ne kelias valandas, bet vis\u0105 dien\u0105.<\/p>\n<p>Tod\u0117l prireik\u0117 ir daugiau specialist\u0173: reik\u0117jo \u012fdarbinti dar dvi slaugytojo pad\u0117j\u0117jas bei \u0161e\u0161ias socialinio darbuotojo pad\u0117j\u0117jas. <\/p>\n<p><strong>Prireik\u0117 papildomo finansavimo<\/strong><\/p>\n<p>Augant poreikiui tapo ai\u0161ku, kad su esamomis paj\u0117gomis visiems norintiesiems pad\u0117ti nepavyks, tod\u0117l Socialin\u0117s paramos ir Planavimo bei pl\u0117tros skyriai \u0117m\u0117si inciatyvos ie\u0161koti papildom\u0173 l\u0117\u0161\u0173. Ir \u0161tai, pasira\u0161ius papildom\u0105 susitarim\u0105 tarp SADM, rajono savivaldyb\u0117s bei Europos socialinio fondo agent\u016bros, \u0161iemet bir\u017eelio 1 d. projektui vykdyti gauta dar 22 649,16 euro. Tad bendra projekto suma siek\u0117 168 617,65 euro.<\/p>\n<p>Projekto vykdytojai nedels\u0117: u\u017e juos nupirktas tre\u010dias automobilis, kuris \u012f Socialini\u0173 paslaug\u0173 centro kiem\u0105 \u012fried\u0117jo pra\u0117jusi\u0105 savait\u0119, juo pas ne\u012fgaliuosius va\u017ein\u0117s jau tre\u010dioji sudaryta specialist\u0173 komanda. Taip pat nupirktas mobilus laipt\u0173 kopiklis, kuris ypa\u010d reikalingas daugiabu\u010diuose gyvenantiems ne\u012fgaliesiems.<\/p>\n<p>Dalis pinig\u0173 bus skirta ir slaugos specialist\u0173 mokymams. Numatyti dviej\u0173 dien\u0173 mokymai, temomis \u201eDarbo komandoje ypatumai\u201c bei \u201eKonflikt\u0173 sprendimas socialiniame darbe\u201c. Parai\u0161k\u0105 papildomam finansavimui gauti reng\u0119s R.Budrikas neabejoja, kad tai pad\u0117s didinti specialist\u0173 darbo efektyvum\u0105. <\/p>\n<p><strong>Artimiesiems tapo lengva<\/strong><\/p>\n<p>Vos i\u0161gird\u0119 apie nauj\u0105 paslaug\u0105, rajono gyventojai sukruto atakuoti Socialin\u0117s paramos skyriaus darbuotojas, klausdami kada specialistai juos pavaduos pri\u017ei\u016brint ne\u012fgaliuosius. Eil\u0117je nuolat lauk\u0117 5 &#8211; 8 sunk\u016bs ligoniai i\u0161 vis\u0173 seni\u016bnij\u0173.<\/p>\n<p><a target=\"_blank\" rel=\"caption[Socialinio darbuotojo pad\u0117j\u0117ja Rasa Jan\u010denkovait\u0117 nuolat lanko garbaus am\u017eiaus Maryt\u0119 Brazien\u0119.] noopener noreferrer\" class=\"jcepopup\" href=\"\/\/silutesnaujienos.lt\/images\/stories\/2015\/SPALIS\/20\/3_globa_slauga.jpg\" data-rel=\"lightbox-gallery-8CwfZLju\" data-rl_title=\"\" data-rl_caption=\"\"><img loading=\"lazy\" decoding=\"async\" style=\"margin: 5px; float: left;\" class=\"caption\" title=\"\" alt=\"3 globa slauga\" src=\"\/\/silutesnaujienos.lt\/images\/stories\/2015\/SPALIS\/20\/thumbnails\/thumb_3_globa_slauga.jpg\" height=\"230\" width=\"307\" \/><\/a>\u201e\u0160ilut\u0117s naujienos\u201c irgi pabuvojo paslaugas gaunan\u010diose \u0161eimose ir mat\u0117, kad specialist\u0173 brigada joms da\u017enai yra tikras i\u0161sigelb\u0117jimas. <\/p>\n<p>\u201eMano mam\u0105 lanko ir pri\u017ei\u016br\u0117ti padeda tokios savo darbui atsidavusios moterys, kad apie jas \u017einoti ir jas gerbti tur\u0117t\u0173 visi rajono gyventojai\u201c, &#8211; sak\u0117 ne\u012fgali\u0105 mam\u0105 slauganti K\u016blyn\u0173 kaime gyvenanti Regina.<\/p>\n<p>Reginos namus atokiame kaime lanko keturi\u0173 pagalbininki\u0173 brigada. Dvi jaunos merginos &#8211; slaugytojos pad\u0117j\u0117ja Au\u0161ra Sakalauskait\u0117 ir socialinio darbuotojo pad\u0117j\u0117ja Toma Mockut\u0117 atva\u017eiuoja du kartus per savait\u0119 ir Reginos \u201erankomis\u201c tampa nuo 10 iki 16 valandos. Jos pagamina ligonei valg\u012f, j\u0105 pamaitina, plauna indus, atlieka kitus darbus.<\/p>\n<p>\u201eAu\u0161ra ir Toma buvo pirmosios, kurios at\u0117jo dirbti \u0161\u012f darb\u0105 pagal projekt\u0105. Vienus klientus jos lanko po por\u0105 kart\u0173 per savait\u0119, kitus &#8211; ir 4, ir 5 dienas\u201c, &#8211; sako R.Urbaityt\u0117.<\/p>\n<p>Mergin\u0173 darb\u0105 ir pri\u017ei\u016brimo ligonio b\u016bkl\u0119 nuolat stebi bendrosios praktikos slaugytoja Svajon\u0117 Markauskien\u0117. Ji suleid\u017eia vaistus, pastato la\u0161ines, atlieka burnos higien\u0105, ap\u017ei\u016bri, ar ligoniui nei\u0161sivyst\u0117 pragulos, nurodo, kaip slaugyti toliau. <\/p>\n<p><strong>Liep\u0117 skambinti kiek reik\u0117s<\/strong><\/p>\n<p>Regina prisimena, kaip j\u0105 nustebino prad\u017eioje i\u0161girsti \u0161ios medik\u0117s \u017eod\u017eiai: \u201eSkambinkite man bet kuriuo paros metu. <\/p>\n<p>Atva\u017eiuosiu nedelsdama\u201c. Regina maniusi &#8211; nerealu, juk slaugytoja dirba tik puse etato, rei\u0161kia &#8211; vos kelias valandas per dien\u0105, o jai priklauso slaugyti keliolika vienu metu pagal projekt\u0105 pri\u017ei\u016brim\u0173 sen\u0173 ir ligot\u0173 \u017emoni\u0173.<\/p>\n<p>\u201eTapo taip lengva, kai supratau, kad \u0161iuo sunkiu momentu nelikau viena, kad mane pavaduoja ne tik puikios specialist\u0117s, bet dar ir i\u0161skirtinai dideles \u0161irdis turintys \u017emon\u0117s\u201c, &#8211; sako Regina.<\/p>\n<p>Ir pati Regina, ir visa jos pagalbininki\u0173 komanda bet kuriuo slaugymo klausimu konsultuojasi su \u0161eimos gydytojais. Regin\u0105 stebina, kad mok\u0117ti u\u017e paslaugas jai nereikia, tik atskai\u010diuojama 10 proc. ligon\u0117s pensijos.<\/p>\n<p>Ji sako, jog tokia paslauga yra labai reikalinga daugybei \u017emoni\u0173 &#8211; ir ligoniams, ir j\u0173 artimiesiems, tod\u0117l labai svarbu, kad ji b\u016bt\u0173 t\u0119siama kuo ilgiau.<\/p>\n<p><strong>Neabejoja: t\u0119stinumas bus<\/strong><\/p>\n<p>Taigi, taip reikaling\u0105 projekt\u0105 Socialin\u0117s paramos skyrius baigia, bet tai nerei\u0161kia, kad ligoni\u0173 artimieji gali nusiminti. Pasak A.Barauskien\u0117s, jis neabejotinai bus t\u0119siamas ir tai darys jau \u0160ilut\u0117s socialini\u0173 paslaug\u0173 centras.<\/p>\n<p>\u201ePaslaugos nenutr\u016bks, jas neabejotinai t\u0119sime i\u0161 Savivaldyb\u0117s l\u0117\u0161\u0173. O 2016 metais v\u0117l tikim\u0117s gauti finansavim\u0105 i\u0161 ES strukt\u016brini\u0173 fond\u0173 bent jau vieneriems metams, nes Socialin\u0117s apsaugos ir darbo ministerija irgi laikosi nuostatos, jog tok\u012f reikaling\u0105 darb\u0105 b\u016btina t\u0119sti\u201c, &#8211; sako A.Barauskien\u0117.<\/p>\n<p>Beje, ir pats projektas ple\u010diasi jau visoje Lietuvoje &#8211; SADM planuose numatyta, kad 2016 metais jis bus vykdomas jau visose savivaldyb\u0117se.<img loading=\"lazy\" decoding=\"async\" src=\"\/\/silutesnaujienos.lt\/images\/stories\/LOGO\/eu_logo.jpg\" alt=\"\" height=\"75\" width=\"189\" \/><\/p>\n<p>&nbsp;<\/p>\n","protected":false},"excerpt":{"rendered":"<p>Du metus \u0160ilut\u0117s rajone vykdytas i\u0161 Europos S\u0105jungos Socialinio fondo finansuotas projektas \u201eDienos socialin\u0117 globa ir slauga namuose\u201c baigtas.2013 met\u0173 lapkritis buvo ta data, nuo kada sunkius, nevaik\u0161tan\u010dius ligonius j\u0173 artimiesiems pad\u0117jo pri\u017ei\u016br\u0117ti socialini\u0173 darbuotoj\u0173 ir slaugos specialist\u0173 brigados, o tokius ligonius namuose turintys j\u0173 artimieji jau gal\u0117jo prad\u0117ti dirbti, mokytis, dalyvauti visuomenin\u0117je veikloje.Kol buvo [&hellip;]<\/p>\n","protected":false},"author":2,"featured_media":0,"comment_status":"open","ping_status":"open","sticky":false,"template":"","format":"standard","meta":{"footnotes":""},"categories":[2],"tags":[],"class_list":{"0":"post-17865","1":"post","2":"type-post","3":"status-publish","4":"format-standard","6":"category-aktualijos"},"yoast_head":"<!-- This site is optimized with the Yoast SEO plugin v27.5 - https:\/\/yoast.com\/product\/yoast-seo-wordpress\/ -->\n<title>Socialin\u0117s paslaugos namuose - vis labiau reikalingos ir ple\u010diamos - \u0160ilut\u0117s naujienos<\/title>\n<meta name=\"robots\" content=\"index, follow, max-snippet:-1, max-image-preview:large, max-video-preview:-1\" \/>\n<link rel=\"canonical\" href=\"https:\/\/www.silutesnaujienos.lt\/lt\/socialines-paslaugos-namuose-vis-labiau-reikalingos-ir-pleciamos\/\" \/>\n<meta property=\"og:locale\" content=\"lt_LT\" \/>\n<meta property=\"og:type\" content=\"article\" \/>\n<meta property=\"og:title\" content=\"Socialin\u0117s paslaugos namuose - vis labiau reikalingos ir ple\u010diamos - \u0160ilut\u0117s naujienos\" \/>\n<meta property=\"og:description\" content=\"Du metus \u0160ilut\u0117s rajone vykdytas i\u0161 Europos S\u0105jungos Socialinio fondo finansuotas projektas \u201eDienos socialin\u0117 globa ir slauga namuose\u201c baigtas.2013 met\u0173 lapkritis buvo ta data, nuo kada sunkius, nevaik\u0161tan\u010dius ligonius j\u0173 artimiesiems pad\u0117jo pri\u017ei\u016br\u0117ti socialini\u0173 darbuotoj\u0173 ir slaugos specialist\u0173 brigados, o tokius ligonius namuose turintys j\u0173 artimieji jau gal\u0117jo prad\u0117ti dirbti, mokytis, dalyvauti visuomenin\u0117je veikloje.Kol buvo [&hellip;]\" \/>\n<meta property=\"og:url\" content=\"https:\/\/www.silutesnaujienos.lt\/lt\/socialines-paslaugos-namuose-vis-labiau-reikalingos-ir-pleciamos\/\" \/>\n<meta property=\"og:site_name\" content=\"\u0160ilut\u0117s naujienos\" \/>\n<meta property=\"article:publisher\" content=\"https:\/\/www.facebook.com\/silutes.naujienos\/\" \/>\n<meta property=\"article:published_time\" content=\"2015-10-22T19:00:00+00:00\" \/>\n<meta property=\"og:image\" content=\"\/\/silutesnaujienos.lt\/images\/stories\/2015\/SPALIS\/20\/thumbnails\/thumb_Globa_ir_slauga_Urbaityte.jpg\" \/>\n<meta name=\"author\" content=\"\u0160ilut\u0117s naujien\u0173 inf.\" \/>\n<meta name=\"twitter:card\" content=\"summary_large_image\" \/>\n<meta name=\"twitter:label1\" content=\"Written by\" \/>\n\t<meta name=\"twitter:data1\" content=\"\u0160ilut\u0117s naujien\u0173 inf.\" \/>\n\t<meta name=\"twitter:label2\" content=\"Est. reading time\" \/>\n\t<meta name=\"twitter:data2\" content=\"7 minut\u0117s\" \/>\n<script type=\"application\/ld+json\" class=\"yoast-schema-graph\">{\"@context\":\"https:\\\/\\\/schema.org\",\"@graph\":[{\"@type\":\"Article\",\"@id\":\"https:\\\/\\\/www.silutesnaujienos.lt\\\/lt\\\/socialines-paslaugos-namuose-vis-labiau-reikalingos-ir-pleciamos\\\/#article\",\"isPartOf\":{\"@id\":\"https:\\\/\\\/www.silutesnaujienos.lt\\\/lt\\\/socialines-paslaugos-namuose-vis-labiau-reikalingos-ir-pleciamos\\\/\"},\"author\":{\"name\":\"\u0160ilut\u0117s naujien\u0173 inf.\",\"@id\":\"https:\\\/\\\/www.silutesnaujienos.lt\\\/lt\\\/#\\\/schema\\\/person\\\/976440ef837444400af3c77c19c61454\"},\"headline\":\"Socialin\u0117s paslaugos namuose &#8211; vis labiau reikalingos ir ple\u010diamos\",\"datePublished\":\"2015-10-22T19:00:00+00:00\",\"mainEntityOfPage\":{\"@id\":\"https:\\\/\\\/www.silutesnaujienos.lt\\\/lt\\\/socialines-paslaugos-namuose-vis-labiau-reikalingos-ir-pleciamos\\\/\"},\"wordCount\":1491,\"commentCount\":0,\"publisher\":{\"@id\":\"https:\\\/\\\/www.silutesnaujienos.lt\\\/lt\\\/#organization\"},\"articleSection\":[\"Aktualijos\"],\"inLanguage\":\"lt-LT\",\"potentialAction\":[{\"@type\":\"CommentAction\",\"name\":\"Comment\",\"target\":[\"https:\\\/\\\/www.silutesnaujienos.lt\\\/lt\\\/socialines-paslaugos-namuose-vis-labiau-reikalingos-ir-pleciamos\\\/#respond\"]}]},{\"@type\":\"WebPage\",\"@id\":\"https:\\\/\\\/www.silutesnaujienos.lt\\\/lt\\\/socialines-paslaugos-namuose-vis-labiau-reikalingos-ir-pleciamos\\\/\",\"url\":\"https:\\\/\\\/www.silutesnaujienos.lt\\\/lt\\\/socialines-paslaugos-namuose-vis-labiau-reikalingos-ir-pleciamos\\\/\",\"name\":\"Socialin\u0117s paslaugos namuose - vis labiau reikalingos ir ple\u010diamos - \u0160ilut\u0117s naujienos\",\"isPartOf\":{\"@id\":\"https:\\\/\\\/www.silutesnaujienos.lt\\\/lt\\\/#website\"},\"datePublished\":\"2015-10-22T19:00:00+00:00\",\"breadcrumb\":{\"@id\":\"https:\\\/\\\/www.silutesnaujienos.lt\\\/lt\\\/socialines-paslaugos-namuose-vis-labiau-reikalingos-ir-pleciamos\\\/#breadcrumb\"},\"inLanguage\":\"lt-LT\",\"potentialAction\":[{\"@type\":\"ReadAction\",\"target\":[\"https:\\\/\\\/www.silutesnaujienos.lt\\\/lt\\\/socialines-paslaugos-namuose-vis-labiau-reikalingos-ir-pleciamos\\\/\"]}]},{\"@type\":\"BreadcrumbList\",\"@id\":\"https:\\\/\\\/www.silutesnaujienos.lt\\\/lt\\\/socialines-paslaugos-namuose-vis-labiau-reikalingos-ir-pleciamos\\\/#breadcrumb\",\"itemListElement\":[{\"@type\":\"ListItem\",\"position\":1,\"name\":\"Home\",\"item\":\"https:\\\/\\\/www.silutesnaujienos.lt\\\/lt\\\/\"},{\"@type\":\"ListItem\",\"position\":2,\"name\":\"Socialin\u0117s paslaugos namuose &#8211; vis labiau reikalingos ir ple\u010diamos\"}]},{\"@type\":\"WebSite\",\"@id\":\"https:\\\/\\\/www.silutesnaujienos.lt\\\/lt\\\/#website\",\"url\":\"https:\\\/\\\/www.silutesnaujienos.lt\\\/lt\\\/\",\"name\":\"\u0160ilut\u0117s naujienos\",\"description\":\"B\u016bk ant naujien\u0173 bangos!\",\"publisher\":{\"@id\":\"https:\\\/\\\/www.silutesnaujienos.lt\\\/lt\\\/#organization\"},\"potentialAction\":[{\"@type\":\"SearchAction\",\"target\":{\"@type\":\"EntryPoint\",\"urlTemplate\":\"https:\\\/\\\/www.silutesnaujienos.lt\\\/lt\\\/?s={search_term_string}\"},\"query-input\":{\"@type\":\"PropertyValueSpecification\",\"valueRequired\":true,\"valueName\":\"search_term_string\"}}],\"inLanguage\":\"lt-LT\"},{\"@type\":\"Organization\",\"@id\":\"https:\\\/\\\/www.silutesnaujienos.lt\\\/lt\\\/#organization\",\"name\":\"\u0160ilut\u0117s naujienos\",\"url\":\"https:\\\/\\\/www.silutesnaujienos.lt\\\/lt\\\/\",\"logo\":{\"@type\":\"ImageObject\",\"inLanguage\":\"lt-LT\",\"@id\":\"https:\\\/\\\/www.silutesnaujienos.lt\\\/lt\\\/#\\\/schema\\\/logo\\\/image\\\/\",\"url\":\"https:\\\/\\\/www.silutesnaujienos.lt\\\/lt\\\/wp-content\\\/uploads\\\/2020\\\/06\\\/FB_MAIN.jpg\",\"contentUrl\":\"https:\\\/\\\/www.silutesnaujienos.lt\\\/lt\\\/wp-content\\\/uploads\\\/2020\\\/06\\\/FB_MAIN.jpg\",\"width\":1700,\"height\":956,\"caption\":\"\u0160ilut\u0117s naujienos\"},\"image\":{\"@id\":\"https:\\\/\\\/www.silutesnaujienos.lt\\\/lt\\\/#\\\/schema\\\/logo\\\/image\\\/\"},\"sameAs\":[\"https:\\\/\\\/www.facebook.com\\\/silutes.naujienos\\\/\",\"https:\\\/\\\/www.youtube.com\\\/channel\\\/UCxW-cgrJDt8GxIMxSTAfJZg\"]},{\"@type\":\"Person\",\"@id\":\"https:\\\/\\\/www.silutesnaujienos.lt\\\/lt\\\/#\\\/schema\\\/person\\\/976440ef837444400af3c77c19c61454\",\"name\":\"\u0160ilut\u0117s naujien\u0173 inf.\",\"image\":{\"@type\":\"ImageObject\",\"inLanguage\":\"lt-LT\",\"@id\":\"https:\\\/\\\/www.silutesnaujienos.lt\\\/lt\\\/wp-content\\\/uploads\\\/2020\\\/06\\\/favicon.png\",\"url\":\"https:\\\/\\\/www.silutesnaujienos.lt\\\/lt\\\/wp-content\\\/uploads\\\/2020\\\/06\\\/favicon.png\",\"contentUrl\":\"https:\\\/\\\/www.silutesnaujienos.lt\\\/lt\\\/wp-content\\\/uploads\\\/2020\\\/06\\\/favicon.png\",\"caption\":\"\u0160ilut\u0117s naujien\u0173 inf.\"},\"url\":\"https:\\\/\\\/www.silutesnaujienos.lt\\\/lt\\\/author\\\/vadas\\\/\"}]}<\/script>\n<!-- \/ Yoast SEO plugin. -->","yoast_head_json":{"title":"Socialin\u0117s paslaugos namuose - vis labiau reikalingos ir ple\u010diamos - \u0160ilut\u0117s naujienos","robots":{"index":"index","follow":"follow","max-snippet":"max-snippet:-1","max-image-preview":"max-image-preview:large","max-video-preview":"max-video-preview:-1"},"canonical":"https:\/\/www.silutesnaujienos.lt\/lt\/socialines-paslaugos-namuose-vis-labiau-reikalingos-ir-pleciamos\/","og_locale":"lt_LT","og_type":"article","og_title":"Socialin\u0117s paslaugos namuose - vis labiau reikalingos ir ple\u010diamos - \u0160ilut\u0117s naujienos","og_description":"Du metus \u0160ilut\u0117s rajone vykdytas i\u0161 Europos S\u0105jungos Socialinio fondo finansuotas projektas \u201eDienos socialin\u0117 globa ir slauga namuose\u201c baigtas.2013 met\u0173 lapkritis buvo ta data, nuo kada sunkius, nevaik\u0161tan\u010dius ligonius j\u0173 artimiesiems pad\u0117jo pri\u017ei\u016br\u0117ti socialini\u0173 darbuotoj\u0173 ir slaugos specialist\u0173 brigados, o tokius ligonius namuose turintys j\u0173 artimieji jau gal\u0117jo prad\u0117ti dirbti, mokytis, dalyvauti visuomenin\u0117je veikloje.Kol buvo [&hellip;]","og_url":"https:\/\/www.silutesnaujienos.lt\/lt\/socialines-paslaugos-namuose-vis-labiau-reikalingos-ir-pleciamos\/","og_site_name":"\u0160ilut\u0117s naujienos","article_publisher":"https:\/\/www.facebook.com\/silutes.naujienos\/","article_published_time":"2015-10-22T19:00:00+00:00","og_image":[{"url":"\/\/silutesnaujienos.lt\/images\/stories\/2015\/SPALIS\/20\/thumbnails\/thumb_Globa_ir_slauga_Urbaityte.jpg","type":"","width":"","height":""}],"author":"\u0160ilut\u0117s naujien\u0173 inf.","twitter_card":"summary_large_image","twitter_misc":{"Written by":"\u0160ilut\u0117s naujien\u0173 inf.","Est. reading time":"7 minut\u0117s"},"schema":{"@context":"https:\/\/schema.org","@graph":[{"@type":"Article","@id":"https:\/\/www.silutesnaujienos.lt\/lt\/socialines-paslaugos-namuose-vis-labiau-reikalingos-ir-pleciamos\/#article","isPartOf":{"@id":"https:\/\/www.silutesnaujienos.lt\/lt\/socialines-paslaugos-namuose-vis-labiau-reikalingos-ir-pleciamos\/"},"author":{"name":"\u0160ilut\u0117s naujien\u0173 inf.","@id":"https:\/\/www.silutesnaujienos.lt\/lt\/#\/schema\/person\/976440ef837444400af3c77c19c61454"},"headline":"Socialin\u0117s paslaugos namuose &#8211; vis labiau reikalingos ir ple\u010diamos","datePublished":"2015-10-22T19:00:00+00:00","mainEntityOfPage":{"@id":"https:\/\/www.silutesnaujienos.lt\/lt\/socialines-paslaugos-namuose-vis-labiau-reikalingos-ir-pleciamos\/"},"wordCount":1491,"commentCount":0,"publisher":{"@id":"https:\/\/www.silutesnaujienos.lt\/lt\/#organization"},"articleSection":["Aktualijos"],"inLanguage":"lt-LT","potentialAction":[{"@type":"CommentAction","name":"Comment","target":["https:\/\/www.silutesnaujienos.lt\/lt\/socialines-paslaugos-namuose-vis-labiau-reikalingos-ir-pleciamos\/#respond"]}]},{"@type":"WebPage","@id":"https:\/\/www.silutesnaujienos.lt\/lt\/socialines-paslaugos-namuose-vis-labiau-reikalingos-ir-pleciamos\/","url":"https:\/\/www.silutesnaujienos.lt\/lt\/socialines-paslaugos-namuose-vis-labiau-reikalingos-ir-pleciamos\/","name":"Socialin\u0117s paslaugos namuose - vis labiau reikalingos ir ple\u010diamos - \u0160ilut\u0117s naujienos","isPartOf":{"@id":"https:\/\/www.silutesnaujienos.lt\/lt\/#website"},"datePublished":"2015-10-22T19:00:00+00:00","breadcrumb":{"@id":"https:\/\/www.silutesnaujienos.lt\/lt\/socialines-paslaugos-namuose-vis-labiau-reikalingos-ir-pleciamos\/#breadcrumb"},"inLanguage":"lt-LT","potentialAction":[{"@type":"ReadAction","target":["https:\/\/www.silutesnaujienos.lt\/lt\/socialines-paslaugos-namuose-vis-labiau-reikalingos-ir-pleciamos\/"]}]},{"@type":"BreadcrumbList","@id":"https:\/\/www.silutesnaujienos.lt\/lt\/socialines-paslaugos-namuose-vis-labiau-reikalingos-ir-pleciamos\/#breadcrumb","itemListElement":[{"@type":"ListItem","position":1,"name":"Home","item":"https:\/\/www.silutesnaujienos.lt\/lt\/"},{"@type":"ListItem","position":2,"name":"Socialin\u0117s paslaugos namuose &#8211; vis labiau reikalingos ir ple\u010diamos"}]},{"@type":"WebSite","@id":"https:\/\/www.silutesnaujienos.lt\/lt\/#website","url":"https:\/\/www.silutesnaujienos.lt\/lt\/","name":"\u0160ilut\u0117s naujienos","description":"B\u016bk ant naujien\u0173 bangos!","publisher":{"@id":"https:\/\/www.silutesnaujienos.lt\/lt\/#organization"},"potentialAction":[{"@type":"SearchAction","target":{"@type":"EntryPoint","urlTemplate":"https:\/\/www.silutesnaujienos.lt\/lt\/?s={search_term_string}"},"query-input":{"@type":"PropertyValueSpecification","valueRequired":true,"valueName":"search_term_string"}}],"inLanguage":"lt-LT"},{"@type":"Organization","@id":"https:\/\/www.silutesnaujienos.lt\/lt\/#organization","name":"\u0160ilut\u0117s naujienos","url":"https:\/\/www.silutesnaujienos.lt\/lt\/","logo":{"@type":"ImageObject","inLanguage":"lt-LT","@id":"https:\/\/www.silutesnaujienos.lt\/lt\/#\/schema\/logo\/image\/","url":"https:\/\/www.silutesnaujienos.lt\/lt\/wp-content\/uploads\/2020\/06\/FB_MAIN.jpg","contentUrl":"https:\/\/www.silutesnaujienos.lt\/lt\/wp-content\/uploads\/2020\/06\/FB_MAIN.jpg","width":1700,"height":956,"caption":"\u0160ilut\u0117s naujienos"},"image":{"@id":"https:\/\/www.silutesnaujienos.lt\/lt\/#\/schema\/logo\/image\/"},"sameAs":["https:\/\/www.facebook.com\/silutes.naujienos\/","https:\/\/www.youtube.com\/channel\/UCxW-cgrJDt8GxIMxSTAfJZg"]},{"@type":"Person","@id":"https:\/\/www.silutesnaujienos.lt\/lt\/#\/schema\/person\/976440ef837444400af3c77c19c61454","name":"\u0160ilut\u0117s naujien\u0173 inf.","image":{"@type":"ImageObject","inLanguage":"lt-LT","@id":"https:\/\/www.silutesnaujienos.lt\/lt\/wp-content\/uploads\/2020\/06\/favicon.png","url":"https:\/\/www.silutesnaujienos.lt\/lt\/wp-content\/uploads\/2020\/06\/favicon.png","contentUrl":"https:\/\/www.silutesnaujienos.lt\/lt\/wp-content\/uploads\/2020\/06\/favicon.png","caption":"\u0160ilut\u0117s naujien\u0173 inf."},"url":"https:\/\/www.silutesnaujienos.lt\/lt\/author\/vadas\/"}]}},"publishpress_future_workflow_manual_trigger":{"enabledWorkflows":[]},"amp_enabled":true,"_links":{"self":[{"href":"https:\/\/www.silutesnaujienos.lt\/lt\/wp-json\/wp\/v2\/posts\/17865","targetHints":{"allow":["GET"]}}],"collection":[{"href":"https:\/\/www.silutesnaujienos.lt\/lt\/wp-json\/wp\/v2\/posts"}],"about":[{"href":"https:\/\/www.silutesnaujienos.lt\/lt\/wp-json\/wp\/v2\/types\/post"}],"author":[{"embeddable":true,"href":"https:\/\/www.silutesnaujienos.lt\/lt\/wp-json\/wp\/v2\/users\/2"}],"replies":[{"embeddable":true,"href":"https:\/\/www.silutesnaujienos.lt\/lt\/wp-json\/wp\/v2\/comments?post=17865"}],"version-history":[{"count":0,"href":"https:\/\/www.silutesnaujienos.lt\/lt\/wp-json\/wp\/v2\/posts\/17865\/revisions"}],"wp:attachment":[{"href":"https:\/\/www.silutesnaujienos.lt\/lt\/wp-json\/wp\/v2\/media?parent=17865"}],"wp:term":[{"taxonomy":"category","embeddable":true,"href":"https:\/\/www.silutesnaujienos.lt\/lt\/wp-json\/wp\/v2\/categories?post=17865"},{"taxonomy":"post_tag","embeddable":true,"href":"https:\/\/www.silutesnaujienos.lt\/lt\/wp-json\/wp\/v2\/tags?post=17865"}],"curies":[{"name":"wp","href":"https:\/\/api.w.org\/{rel}","templated":true}]}}