{"id":17866,"date":"2015-10-29T16:00:00","date_gmt":"2015-10-29T18:00:00","guid":{"rendered":"https:\/\/www.silutesnaujienos.lt\/lt\/palengves-socialiniu-darbuotoju-darbas\/"},"modified":"2015-10-29T16:00:00","modified_gmt":"2015-10-29T18:00:00","slug":"palengves-socialiniu-darbuotoju-darbas","status":"publish","type":"post","link":"https:\/\/www.silutesnaujienos.lt\/lt\/palengves-socialiniu-darbuotoju-darbas\/","title":{"rendered":"Palengv\u0117s socialini\u0173 darbuotoj\u0173 darbas"},"content":{"rendered":"<p><a target=\"_blank\" rel=\"caption[\u012e susirinkim\u0105 sukviestos socialin\u0117s darbuotojos i\u0161girdo ger\u0173 \u017eini\u0173.] noopener noreferrer\" class=\"jcepopup\" href=\"\/\/silutesnaujienos.lt\/images\/stories\/2015\/SPALIS\/27\/Socialines_darbuotojos.jpg\" data-rel=\"lightbox-gallery-1oQSL2CR\" data-rl_title=\"\" data-rl_caption=\"\"><img loading=\"lazy\" decoding=\"async\" style=\"margin: 5px; float: left;\" class=\"caption\" title=\"\" alt=\"Socialines darbuotojos\" src=\"\/\/silutesnaujienos.lt\/images\/stories\/2015\/SPALIS\/27\/thumbnails\/thumb_Socialines_darbuotojos.jpg\" height=\"230\" width=\"307\" \/><\/a><strong>Rajono socialin\u0117je sferoje &#8211; naujov\u0117: atidaromos naujos s\u0105skaitos seni\u016bnij\u0173 socialin\u0117ms darbuotojoms, dirban\u010dioms su rizikos \u0161eimomis. \u012e tas s\u0105skaitas bus pervedamos j\u0173 globojamoms \u0161eimoms skiriamos valstyb\u0117s i\u0161mokos.<br \/><\/strong><br \/><strong>Socialin\u0117s darbuotojos su naujove supa\u017eindintos ketvirtadien\u012f vykusio pasitarimo metu.<\/strong><strong><br \/><\/strong><br \/>Savivaldyb\u0117s Socialin\u0117s paramos skyriaus ved\u0117jo pavaduotoja Virginija Paulauskien\u0117 informavo, kad naujos s\u0105skaitos atidaromos socialini\u0173 darbuotoj\u0173 vardu. Kiekvienoje seni\u016bnijoje toki\u0173 savaranki\u0161kai tvarkytis nesugeban\u010di\u0173 \u0161eim\u0173 priskai\u010diuojama po 5-6.<\/p>\n<p>Tiesa, ir iki \u0161iol pinigai t\u0173 \u0161eim\u0173, kurioms tr\u016bksta socialini\u0173 \u012fg\u016bd\u017ei\u0173, kurios nesugeba su pinigais tvarkytis, plaukdavo \u012f socialini\u0173 darbuotoj\u0173 asmenines s\u0105skaitas, o specialist\u0117s irgi nuolat kontroliavo savo globotini\u0173 pirkinius ir i\u0161laidas.<\/p>\n<p>B\u0117da ta, kad \u012f asmenines socialini\u0173 darbuotoj\u0173 s\u0105skaitas pervedami pinigai nema\u017eai nepatogum\u0173 sukeldavo pa\u010dioms darbuotojoms. <\/p>\n<p>Dabar kiekviena socialin\u0117 darbuotoja tur\u0117s ne tik asmenin\u0119, bet ir vadinam\u0105j\u0105 \u201evaldi\u0161k\u0105\u201c s\u0105skait\u0105, tad asmeniniai j\u0173 pinigai nebesimai\u0161ys su globojam\u0173 \u0161eim\u0173 pinigais.<\/p>\n<p>Tokios s\u0105skaitos atidarytos spalio viduryje, o socialini\u0173 \u012fg\u016bd\u017ei\u0173 stokojan\u010di\u0173 \u0161eim\u0173 i\u0161mokos \u012f jas \u012fplauks jau lapkrit\u012f.<br \/>\u012eplaukas \u012f \u201evaldi\u0161k\u0105j\u0105\u201c s\u0105skait\u0105 ir j\u0173 panaudojim\u0105 kontroliuoti pavesta seni\u016bnams.<\/p>\n<p>Savivaldyb\u0117s Socialin\u0117s paramos skyriaus ved\u0117jas Alvidas \u0160imelionis sak\u0117, jog tokia praktika n\u0117ra absoliuti naujov\u0117, \u0161alyje yra ir daugiau pana\u0161iai besitvarkan\u010di\u0173 savivaldybi\u0173. Taip siekiama, jog valstyb\u0117s pinigai b\u016bt\u0173 naudojami pagal paskirt\u012f ir kad bent kiek lengviau b\u016bt\u0173 i\u0161ties did\u017eiul\u012f kr\u016bv\u012f turin\u010dioms socialin\u0117ms darbuotojoms.<\/p>\n<p>Pasak A.\u0160imelionio, gal b\u016bt\u0173 dar teisingiau, jei b\u016bt\u0173 \u012fmanoma kiekvienos \u0161eimos pinigus vesti \u012f atskiras s\u0105skaitas, bet tuomet socialin\u0117ms darbuotojoms b\u016bt\u0173 tik sud\u0117tingiau &#8211; joms tekt\u0173 tur\u0117ti dar bent po 5 papildomas bank\u0173 korteles.<\/p>\n<p>Asmeniniais automobiliais darbo reikalais va\u017ein\u0117jan\u010dioms socialin\u0117ms darbuotojoms prane\u0161ta dar viena gera \u017einia: jau nuo \u0161io m\u0117nesio joms bus priskai\u010diuojamas 10 proc. priedas prie atlyginimo, skirtas i\u0161laidoms u\u017e kur\u0105 ir asmenini\u0173 automobili\u0173 amortizacij\u0105 padengti. Tai irgi palengvinimas, nes dabar specialist\u0117ms nebereik\u0117s rinkti i\u0161 degalini\u0173 kasos \u010deki\u0173, be to, ir kuro jos gal\u0117s \u012fsipilti net ir poilsio dienomis.<\/p>\n<p><a href=\"http:\/\/manodarbas.lt\/\">http:\/\/ManoDarbas.lt\/<\/a><\/p>\n","protected":false},"excerpt":{"rendered":"<p>Rajono socialin\u0117je sferoje &#8211; naujov\u0117: atidaromos naujos s\u0105skaitos seni\u016bnij\u0173 socialin\u0117ms darbuotojoms, dirban\u010dioms su rizikos \u0161eimomis. \u012e tas s\u0105skaitas bus pervedamos j\u0173 globojamoms \u0161eimoms skiriamos valstyb\u0117s i\u0161mokos.Socialin\u0117s darbuotojos su naujove supa\u017eindintos ketvirtadien\u012f vykusio pasitarimo metu.Savivaldyb\u0117s Socialin\u0117s paramos skyriaus ved\u0117jo pavaduotoja Virginija Paulauskien\u0117 informavo, kad naujos s\u0105skaitos atidaromos socialini\u0173 darbuotoj\u0173 vardu. Kiekvienoje seni\u016bnijoje toki\u0173 savaranki\u0161kai tvarkytis nesugeban\u010di\u0173 [&hellip;]<\/p>\n","protected":false},"author":2,"featured_media":0,"comment_status":"open","ping_status":"open","sticky":false,"template":"","format":"standard","meta":{"footnotes":""},"categories":[2],"tags":[],"class_list":{"0":"post-17866","1":"post","2":"type-post","3":"status-publish","4":"format-standard","6":"category-aktualijos"},"yoast_head":"<!-- This site is optimized with the Yoast SEO plugin v27.5 - https:\/\/yoast.com\/product\/yoast-seo-wordpress\/ -->\n<title>Palengv\u0117s socialini\u0173 darbuotoj\u0173 darbas - \u0160ilut\u0117s naujienos<\/title>\n<meta name=\"robots\" content=\"index, follow, max-snippet:-1, max-image-preview:large, max-video-preview:-1\" \/>\n<link rel=\"canonical\" href=\"https:\/\/www.silutesnaujienos.lt\/lt\/palengves-socialiniu-darbuotoju-darbas\/\" \/>\n<meta property=\"og:locale\" content=\"lt_LT\" \/>\n<meta property=\"og:type\" content=\"article\" \/>\n<meta property=\"og:title\" content=\"Palengv\u0117s socialini\u0173 darbuotoj\u0173 darbas - \u0160ilut\u0117s naujienos\" \/>\n<meta property=\"og:description\" content=\"Rajono socialin\u0117je sferoje &#8211; naujov\u0117: atidaromos naujos s\u0105skaitos seni\u016bnij\u0173 socialin\u0117ms darbuotojoms, dirban\u010dioms su rizikos \u0161eimomis. \u012e tas s\u0105skaitas bus pervedamos j\u0173 globojamoms \u0161eimoms skiriamos valstyb\u0117s i\u0161mokos.Socialin\u0117s darbuotojos su naujove supa\u017eindintos ketvirtadien\u012f vykusio pasitarimo metu.Savivaldyb\u0117s Socialin\u0117s paramos skyriaus ved\u0117jo pavaduotoja Virginija Paulauskien\u0117 informavo, kad naujos s\u0105skaitos atidaromos socialini\u0173 darbuotoj\u0173 vardu. Kiekvienoje seni\u016bnijoje toki\u0173 savaranki\u0161kai tvarkytis nesugeban\u010di\u0173 [&hellip;]\" \/>\n<meta property=\"og:url\" content=\"https:\/\/www.silutesnaujienos.lt\/lt\/palengves-socialiniu-darbuotoju-darbas\/\" \/>\n<meta property=\"og:site_name\" content=\"\u0160ilut\u0117s naujienos\" \/>\n<meta property=\"article:publisher\" content=\"https:\/\/www.facebook.com\/silutes.naujienos\/\" \/>\n<meta property=\"article:published_time\" content=\"2015-10-29T18:00:00+00:00\" \/>\n<meta property=\"og:image\" content=\"\/\/silutesnaujienos.lt\/images\/stories\/2015\/SPALIS\/27\/thumbnails\/thumb_Socialines_darbuotojos.jpg\" \/>\n<meta name=\"author\" content=\"\u0160ilut\u0117s naujien\u0173 inf.\" \/>\n<meta name=\"twitter:card\" content=\"summary_large_image\" \/>\n<meta name=\"twitter:label1\" content=\"Written by\" \/>\n\t<meta name=\"twitter:data1\" content=\"\u0160ilut\u0117s naujien\u0173 inf.\" \/>\n\t<meta name=\"twitter:label2\" content=\"Est. reading time\" \/>\n\t<meta name=\"twitter:data2\" content=\"2 minut\u0117s\" \/>\n<script type=\"application\/ld+json\" class=\"yoast-schema-graph\">{\"@context\":\"https:\\\/\\\/schema.org\",\"@graph\":[{\"@type\":\"Article\",\"@id\":\"https:\\\/\\\/www.silutesnaujienos.lt\\\/lt\\\/palengves-socialiniu-darbuotoju-darbas\\\/#article\",\"isPartOf\":{\"@id\":\"https:\\\/\\\/www.silutesnaujienos.lt\\\/lt\\\/palengves-socialiniu-darbuotoju-darbas\\\/\"},\"author\":{\"name\":\"\u0160ilut\u0117s naujien\u0173 inf.\",\"@id\":\"https:\\\/\\\/www.silutesnaujienos.lt\\\/lt\\\/#\\\/schema\\\/person\\\/976440ef837444400af3c77c19c61454\"},\"headline\":\"Palengv\u0117s socialini\u0173 darbuotoj\u0173 darbas\",\"datePublished\":\"2015-10-29T18:00:00+00:00\",\"mainEntityOfPage\":{\"@id\":\"https:\\\/\\\/www.silutesnaujienos.lt\\\/lt\\\/palengves-socialiniu-darbuotoju-darbas\\\/\"},\"wordCount\":363,\"commentCount\":0,\"publisher\":{\"@id\":\"https:\\\/\\\/www.silutesnaujienos.lt\\\/lt\\\/#organization\"},\"articleSection\":[\"Aktualijos\"],\"inLanguage\":\"lt-LT\",\"potentialAction\":[{\"@type\":\"CommentAction\",\"name\":\"Comment\",\"target\":[\"https:\\\/\\\/www.silutesnaujienos.lt\\\/lt\\\/palengves-socialiniu-darbuotoju-darbas\\\/#respond\"]}]},{\"@type\":\"WebPage\",\"@id\":\"https:\\\/\\\/www.silutesnaujienos.lt\\\/lt\\\/palengves-socialiniu-darbuotoju-darbas\\\/\",\"url\":\"https:\\\/\\\/www.silutesnaujienos.lt\\\/lt\\\/palengves-socialiniu-darbuotoju-darbas\\\/\",\"name\":\"Palengv\u0117s socialini\u0173 darbuotoj\u0173 darbas - \u0160ilut\u0117s naujienos\",\"isPartOf\":{\"@id\":\"https:\\\/\\\/www.silutesnaujienos.lt\\\/lt\\\/#website\"},\"datePublished\":\"2015-10-29T18:00:00+00:00\",\"breadcrumb\":{\"@id\":\"https:\\\/\\\/www.silutesnaujienos.lt\\\/lt\\\/palengves-socialiniu-darbuotoju-darbas\\\/#breadcrumb\"},\"inLanguage\":\"lt-LT\",\"potentialAction\":[{\"@type\":\"ReadAction\",\"target\":[\"https:\\\/\\\/www.silutesnaujienos.lt\\\/lt\\\/palengves-socialiniu-darbuotoju-darbas\\\/\"]}]},{\"@type\":\"BreadcrumbList\",\"@id\":\"https:\\\/\\\/www.silutesnaujienos.lt\\\/lt\\\/palengves-socialiniu-darbuotoju-darbas\\\/#breadcrumb\",\"itemListElement\":[{\"@type\":\"ListItem\",\"position\":1,\"name\":\"Home\",\"item\":\"https:\\\/\\\/www.silutesnaujienos.lt\\\/lt\\\/\"},{\"@type\":\"ListItem\",\"position\":2,\"name\":\"Palengv\u0117s socialini\u0173 darbuotoj\u0173 darbas\"}]},{\"@type\":\"WebSite\",\"@id\":\"https:\\\/\\\/www.silutesnaujienos.lt\\\/lt\\\/#website\",\"url\":\"https:\\\/\\\/www.silutesnaujienos.lt\\\/lt\\\/\",\"name\":\"\u0160ilut\u0117s naujienos\",\"description\":\"B\u016bk ant naujien\u0173 bangos!\",\"publisher\":{\"@id\":\"https:\\\/\\\/www.silutesnaujienos.lt\\\/lt\\\/#organization\"},\"potentialAction\":[{\"@type\":\"SearchAction\",\"target\":{\"@type\":\"EntryPoint\",\"urlTemplate\":\"https:\\\/\\\/www.silutesnaujienos.lt\\\/lt\\\/?s={search_term_string}\"},\"query-input\":{\"@type\":\"PropertyValueSpecification\",\"valueRequired\":true,\"valueName\":\"search_term_string\"}}],\"inLanguage\":\"lt-LT\"},{\"@type\":\"Organization\",\"@id\":\"https:\\\/\\\/www.silutesnaujienos.lt\\\/lt\\\/#organization\",\"name\":\"\u0160ilut\u0117s naujienos\",\"url\":\"https:\\\/\\\/www.silutesnaujienos.lt\\\/lt\\\/\",\"logo\":{\"@type\":\"ImageObject\",\"inLanguage\":\"lt-LT\",\"@id\":\"https:\\\/\\\/www.silutesnaujienos.lt\\\/lt\\\/#\\\/schema\\\/logo\\\/image\\\/\",\"url\":\"https:\\\/\\\/www.silutesnaujienos.lt\\\/lt\\\/wp-content\\\/uploads\\\/2020\\\/06\\\/FB_MAIN.jpg\",\"contentUrl\":\"https:\\\/\\\/www.silutesnaujienos.lt\\\/lt\\\/wp-content\\\/uploads\\\/2020\\\/06\\\/FB_MAIN.jpg\",\"width\":1700,\"height\":956,\"caption\":\"\u0160ilut\u0117s naujienos\"},\"image\":{\"@id\":\"https:\\\/\\\/www.silutesnaujienos.lt\\\/lt\\\/#\\\/schema\\\/logo\\\/image\\\/\"},\"sameAs\":[\"https:\\\/\\\/www.facebook.com\\\/silutes.naujienos\\\/\",\"https:\\\/\\\/www.youtube.com\\\/channel\\\/UCxW-cgrJDt8GxIMxSTAfJZg\"]},{\"@type\":\"Person\",\"@id\":\"https:\\\/\\\/www.silutesnaujienos.lt\\\/lt\\\/#\\\/schema\\\/person\\\/976440ef837444400af3c77c19c61454\",\"name\":\"\u0160ilut\u0117s naujien\u0173 inf.\",\"image\":{\"@type\":\"ImageObject\",\"inLanguage\":\"lt-LT\",\"@id\":\"https:\\\/\\\/www.silutesnaujienos.lt\\\/lt\\\/wp-content\\\/uploads\\\/2020\\\/06\\\/favicon.png\",\"url\":\"https:\\\/\\\/www.silutesnaujienos.lt\\\/lt\\\/wp-content\\\/uploads\\\/2020\\\/06\\\/favicon.png\",\"contentUrl\":\"https:\\\/\\\/www.silutesnaujienos.lt\\\/lt\\\/wp-content\\\/uploads\\\/2020\\\/06\\\/favicon.png\",\"caption\":\"\u0160ilut\u0117s naujien\u0173 inf.\"},\"url\":\"https:\\\/\\\/www.silutesnaujienos.lt\\\/lt\\\/author\\\/vadas\\\/\"}]}<\/script>\n<!-- \/ Yoast SEO plugin. -->","yoast_head_json":{"title":"Palengv\u0117s socialini\u0173 darbuotoj\u0173 darbas - \u0160ilut\u0117s naujienos","robots":{"index":"index","follow":"follow","max-snippet":"max-snippet:-1","max-image-preview":"max-image-preview:large","max-video-preview":"max-video-preview:-1"},"canonical":"https:\/\/www.silutesnaujienos.lt\/lt\/palengves-socialiniu-darbuotoju-darbas\/","og_locale":"lt_LT","og_type":"article","og_title":"Palengv\u0117s socialini\u0173 darbuotoj\u0173 darbas - \u0160ilut\u0117s naujienos","og_description":"Rajono socialin\u0117je sferoje &#8211; naujov\u0117: atidaromos naujos s\u0105skaitos seni\u016bnij\u0173 socialin\u0117ms darbuotojoms, dirban\u010dioms su rizikos \u0161eimomis. \u012e tas s\u0105skaitas bus pervedamos j\u0173 globojamoms \u0161eimoms skiriamos valstyb\u0117s i\u0161mokos.Socialin\u0117s darbuotojos su naujove supa\u017eindintos ketvirtadien\u012f vykusio pasitarimo metu.Savivaldyb\u0117s Socialin\u0117s paramos skyriaus ved\u0117jo pavaduotoja Virginija Paulauskien\u0117 informavo, kad naujos s\u0105skaitos atidaromos socialini\u0173 darbuotoj\u0173 vardu. Kiekvienoje seni\u016bnijoje toki\u0173 savaranki\u0161kai tvarkytis nesugeban\u010di\u0173 [&hellip;]","og_url":"https:\/\/www.silutesnaujienos.lt\/lt\/palengves-socialiniu-darbuotoju-darbas\/","og_site_name":"\u0160ilut\u0117s naujienos","article_publisher":"https:\/\/www.facebook.com\/silutes.naujienos\/","article_published_time":"2015-10-29T18:00:00+00:00","og_image":[{"url":"\/\/silutesnaujienos.lt\/images\/stories\/2015\/SPALIS\/27\/thumbnails\/thumb_Socialines_darbuotojos.jpg","type":"","width":"","height":""}],"author":"\u0160ilut\u0117s naujien\u0173 inf.","twitter_card":"summary_large_image","twitter_misc":{"Written by":"\u0160ilut\u0117s naujien\u0173 inf.","Est. reading time":"2 minut\u0117s"},"schema":{"@context":"https:\/\/schema.org","@graph":[{"@type":"Article","@id":"https:\/\/www.silutesnaujienos.lt\/lt\/palengves-socialiniu-darbuotoju-darbas\/#article","isPartOf":{"@id":"https:\/\/www.silutesnaujienos.lt\/lt\/palengves-socialiniu-darbuotoju-darbas\/"},"author":{"name":"\u0160ilut\u0117s naujien\u0173 inf.","@id":"https:\/\/www.silutesnaujienos.lt\/lt\/#\/schema\/person\/976440ef837444400af3c77c19c61454"},"headline":"Palengv\u0117s socialini\u0173 darbuotoj\u0173 darbas","datePublished":"2015-10-29T18:00:00+00:00","mainEntityOfPage":{"@id":"https:\/\/www.silutesnaujienos.lt\/lt\/palengves-socialiniu-darbuotoju-darbas\/"},"wordCount":363,"commentCount":0,"publisher":{"@id":"https:\/\/www.silutesnaujienos.lt\/lt\/#organization"},"articleSection":["Aktualijos"],"inLanguage":"lt-LT","potentialAction":[{"@type":"CommentAction","name":"Comment","target":["https:\/\/www.silutesnaujienos.lt\/lt\/palengves-socialiniu-darbuotoju-darbas\/#respond"]}]},{"@type":"WebPage","@id":"https:\/\/www.silutesnaujienos.lt\/lt\/palengves-socialiniu-darbuotoju-darbas\/","url":"https:\/\/www.silutesnaujienos.lt\/lt\/palengves-socialiniu-darbuotoju-darbas\/","name":"Palengv\u0117s socialini\u0173 darbuotoj\u0173 darbas - \u0160ilut\u0117s naujienos","isPartOf":{"@id":"https:\/\/www.silutesnaujienos.lt\/lt\/#website"},"datePublished":"2015-10-29T18:00:00+00:00","breadcrumb":{"@id":"https:\/\/www.silutesnaujienos.lt\/lt\/palengves-socialiniu-darbuotoju-darbas\/#breadcrumb"},"inLanguage":"lt-LT","potentialAction":[{"@type":"ReadAction","target":["https:\/\/www.silutesnaujienos.lt\/lt\/palengves-socialiniu-darbuotoju-darbas\/"]}]},{"@type":"BreadcrumbList","@id":"https:\/\/www.silutesnaujienos.lt\/lt\/palengves-socialiniu-darbuotoju-darbas\/#breadcrumb","itemListElement":[{"@type":"ListItem","position":1,"name":"Home","item":"https:\/\/www.silutesnaujienos.lt\/lt\/"},{"@type":"ListItem","position":2,"name":"Palengv\u0117s socialini\u0173 darbuotoj\u0173 darbas"}]},{"@type":"WebSite","@id":"https:\/\/www.silutesnaujienos.lt\/lt\/#website","url":"https:\/\/www.silutesnaujienos.lt\/lt\/","name":"\u0160ilut\u0117s naujienos","description":"B\u016bk ant naujien\u0173 bangos!","publisher":{"@id":"https:\/\/www.silutesnaujienos.lt\/lt\/#organization"},"potentialAction":[{"@type":"SearchAction","target":{"@type":"EntryPoint","urlTemplate":"https:\/\/www.silutesnaujienos.lt\/lt\/?s={search_term_string}"},"query-input":{"@type":"PropertyValueSpecification","valueRequired":true,"valueName":"search_term_string"}}],"inLanguage":"lt-LT"},{"@type":"Organization","@id":"https:\/\/www.silutesnaujienos.lt\/lt\/#organization","name":"\u0160ilut\u0117s naujienos","url":"https:\/\/www.silutesnaujienos.lt\/lt\/","logo":{"@type":"ImageObject","inLanguage":"lt-LT","@id":"https:\/\/www.silutesnaujienos.lt\/lt\/#\/schema\/logo\/image\/","url":"https:\/\/www.silutesnaujienos.lt\/lt\/wp-content\/uploads\/2020\/06\/FB_MAIN.jpg","contentUrl":"https:\/\/www.silutesnaujienos.lt\/lt\/wp-content\/uploads\/2020\/06\/FB_MAIN.jpg","width":1700,"height":956,"caption":"\u0160ilut\u0117s naujienos"},"image":{"@id":"https:\/\/www.silutesnaujienos.lt\/lt\/#\/schema\/logo\/image\/"},"sameAs":["https:\/\/www.facebook.com\/silutes.naujienos\/","https:\/\/www.youtube.com\/channel\/UCxW-cgrJDt8GxIMxSTAfJZg"]},{"@type":"Person","@id":"https:\/\/www.silutesnaujienos.lt\/lt\/#\/schema\/person\/976440ef837444400af3c77c19c61454","name":"\u0160ilut\u0117s naujien\u0173 inf.","image":{"@type":"ImageObject","inLanguage":"lt-LT","@id":"https:\/\/www.silutesnaujienos.lt\/lt\/wp-content\/uploads\/2020\/06\/favicon.png","url":"https:\/\/www.silutesnaujienos.lt\/lt\/wp-content\/uploads\/2020\/06\/favicon.png","contentUrl":"https:\/\/www.silutesnaujienos.lt\/lt\/wp-content\/uploads\/2020\/06\/favicon.png","caption":"\u0160ilut\u0117s naujien\u0173 inf."},"url":"https:\/\/www.silutesnaujienos.lt\/lt\/author\/vadas\/"}]}},"publishpress_future_workflow_manual_trigger":{"enabledWorkflows":[]},"amp_enabled":true,"_links":{"self":[{"href":"https:\/\/www.silutesnaujienos.lt\/lt\/wp-json\/wp\/v2\/posts\/17866","targetHints":{"allow":["GET"]}}],"collection":[{"href":"https:\/\/www.silutesnaujienos.lt\/lt\/wp-json\/wp\/v2\/posts"}],"about":[{"href":"https:\/\/www.silutesnaujienos.lt\/lt\/wp-json\/wp\/v2\/types\/post"}],"author":[{"embeddable":true,"href":"https:\/\/www.silutesnaujienos.lt\/lt\/wp-json\/wp\/v2\/users\/2"}],"replies":[{"embeddable":true,"href":"https:\/\/www.silutesnaujienos.lt\/lt\/wp-json\/wp\/v2\/comments?post=17866"}],"version-history":[{"count":0,"href":"https:\/\/www.silutesnaujienos.lt\/lt\/wp-json\/wp\/v2\/posts\/17866\/revisions"}],"wp:attachment":[{"href":"https:\/\/www.silutesnaujienos.lt\/lt\/wp-json\/wp\/v2\/media?parent=17866"}],"wp:term":[{"taxonomy":"category","embeddable":true,"href":"https:\/\/www.silutesnaujienos.lt\/lt\/wp-json\/wp\/v2\/categories?post=17866"},{"taxonomy":"post_tag","embeddable":true,"href":"https:\/\/www.silutesnaujienos.lt\/lt\/wp-json\/wp\/v2\/tags?post=17866"}],"curies":[{"name":"wp","href":"https:\/\/api.w.org\/{rel}","templated":true}]}}