{"id":18083,"date":"2012-10-31T06:00:00","date_gmt":"2012-10-31T08:00:00","guid":{"rendered":"https:\/\/www.silutesnaujienos.lt\/lt\/silutes-tic-dalyvavo-konferencijoje-briuselyje\/"},"modified":"2012-10-31T06:00:00","modified_gmt":"2012-10-31T08:00:00","slug":"silutes-tic-dalyvavo-konferencijoje-briuselyje","status":"publish","type":"post","link":"https:\/\/www.silutesnaujienos.lt\/lt\/silutes-tic-dalyvavo-konferencijoje-briuselyje\/","title":{"rendered":"\u0160ilut\u0117s TIC dalyvavo konferencijoje Briuselyje"},"content":{"rendered":"<p><a target=\"_blank\" class=\"jcepopup\" href=\"\/\/silutesnaujienos.lt\/images\/stories\/2012\/10\/31\/briuselyje_turizmo_centras_EDEN_konferencija.jpg\" rel=\"noopener noreferrer\" data-rel=\"lightbox-gallery-S1JfMWFp\" data-rl_title=\"\" data-rl_caption=\"\" title=\"\"><img loading=\"lazy\" decoding=\"async\" style=\"margin: 5px; float: left;\" alt=\"briuselyje turizmo centras EDEN konferencija\" src=\"\/\/silutesnaujienos.lt\/images\/stories\/2012\/10\/31\/thumbnails\/thumb_briuselyje_turizmo_centras_EDEN_konferencija.jpg\" height=\"230\" width=\"307\" \/><\/a><strong>Europos Komisija jau 6 metus vykdo projekt\u0105 EDEN (European Destinations of Excellence). Lietuvoje EDEN projekt\u0105 koordinuoja Valstybinis turizmo departamentas ir 5 metus i\u0161 eil\u0117s jis vykd\u0117 projekt\u0105 \u201ePatraukliausios turizmo&nbsp; vietov\u0117s\u201c.<\/strong><\/p>\n<p>Nemuno deltos regioninis parkas 2009 metais buvo vienas i\u0161 \u0161io konkurso laim\u0117toj\u0173. Tuomet projektui \u0160ilut\u0117s kra\u0161t\u0105 ir Nemuno deltos regionin\u012f park\u0105 pristat\u0117 tuometinis V\u0161\u012e \u0160ilut\u0117s turizmo ir verslo informacinis centras.<\/p>\n<p>EDEN tinklo veikloje dalyvauja 98 projekto laim\u0117tojai i\u0161 \u012fvairi\u0173 Europos \u0161ali\u0173.<\/p>\n<p>EDEN projekto dalyviai ir Europos komisija pernai inicijavo vis\u0173 \u0161ali\u0173 EDEN destinacij\u0173 asociacijos \u012fk\u016brim\u0105. Nuspr\u0119sta \u012f asociacijos gretas priimti ne tik pirm\u0173j\u0173 viet\u0173, bet ir 2-5 viet\u0173 laim\u0117tojus.<\/p>\n<p>EDEN konferencijoje Nemuno deltos regioniniam parkui, kaip vietovei, atstovavo \u0160ilut\u0117s turizmo ir informacijos centro (TIC) skyriaus vadovas Edvardas Jud\u017eentis.<\/p>\n<p>Konferencijos metu buvo skaitomi \u012fvair\u016bs prane\u0161imai turizmo, rinkodaros, bendradarbiavimo temomis, taip pat vyko EDEN asociacijos susitikimas, kuriame pristatyti asociacijos darbai ir planai, tvirtinama asociacijos taryba bei priimti nauji nariai.<\/p>\n<p>Dalyvavimas naujai kuriamos asociacijos veikloje b\u016bt\u0173 naudingas ir \u0160ilut\u0117s kra\u0161tui. Tai destinacij\u0173 nari\u0173 bendradarbiavimas, rinkodara Europoje, nauji bendri projektai, special\u016bs socialiniai tinklai ir kita veikla, skirta skatinti turizm\u0105 EDEN traukos vietov\u0117se.<\/p>\n","protected":false},"excerpt":{"rendered":"<p>Europos Komisija jau 6 metus vykdo projekt\u0105 EDEN (European Destinations of Excellence). Lietuvoje EDEN projekt\u0105 koordinuoja Valstybinis turizmo departamentas ir 5 metus i\u0161 eil\u0117s jis vykd\u0117 projekt\u0105 \u201ePatraukliausios turizmo&nbsp; vietov\u0117s\u201c. Nemuno deltos regioninis parkas 2009 metais buvo vienas i\u0161 \u0161io konkurso laim\u0117toj\u0173. Tuomet projektui \u0160ilut\u0117s kra\u0161t\u0105 ir Nemuno deltos regionin\u012f park\u0105 pristat\u0117 tuometinis V\u0161\u012e \u0160ilut\u0117s [&hellip;]<\/p>\n","protected":false},"author":2,"featured_media":0,"comment_status":"open","ping_status":"open","sticky":false,"template":"","format":"standard","meta":{"footnotes":""},"categories":[52],"tags":[],"class_list":{"0":"post-18083","1":"post","2":"type-post","3":"status-publish","4":"format-standard","6":"category-gyvenimas"},"yoast_head":"<!-- This site is optimized with the Yoast SEO plugin v27.5 - https:\/\/yoast.com\/product\/yoast-seo-wordpress\/ -->\n<title>\u0160ilut\u0117s TIC dalyvavo konferencijoje Briuselyje - \u0160ilut\u0117s naujienos<\/title>\n<meta name=\"robots\" content=\"index, follow, max-snippet:-1, max-image-preview:large, max-video-preview:-1\" \/>\n<link rel=\"canonical\" href=\"https:\/\/www.silutesnaujienos.lt\/lt\/silutes-tic-dalyvavo-konferencijoje-briuselyje\/\" \/>\n<meta property=\"og:locale\" content=\"lt_LT\" \/>\n<meta property=\"og:type\" content=\"article\" \/>\n<meta property=\"og:title\" content=\"\u0160ilut\u0117s TIC dalyvavo konferencijoje Briuselyje - \u0160ilut\u0117s naujienos\" \/>\n<meta property=\"og:description\" content=\"Europos Komisija jau 6 metus vykdo projekt\u0105 EDEN (European Destinations of Excellence). Lietuvoje EDEN projekt\u0105 koordinuoja Valstybinis turizmo departamentas ir 5 metus i\u0161 eil\u0117s jis vykd\u0117 projekt\u0105 \u201ePatraukliausios turizmo&nbsp; vietov\u0117s\u201c. Nemuno deltos regioninis parkas 2009 metais buvo vienas i\u0161 \u0161io konkurso laim\u0117toj\u0173. Tuomet projektui \u0160ilut\u0117s kra\u0161t\u0105 ir Nemuno deltos regionin\u012f park\u0105 pristat\u0117 tuometinis V\u0161\u012e \u0160ilut\u0117s [&hellip;]\" \/>\n<meta property=\"og:url\" content=\"https:\/\/www.silutesnaujienos.lt\/lt\/silutes-tic-dalyvavo-konferencijoje-briuselyje\/\" \/>\n<meta property=\"og:site_name\" content=\"\u0160ilut\u0117s naujienos\" \/>\n<meta property=\"article:publisher\" content=\"https:\/\/www.facebook.com\/silutes.naujienos\/\" \/>\n<meta property=\"article:published_time\" content=\"2012-10-31T08:00:00+00:00\" \/>\n<meta property=\"og:image\" content=\"\/\/silutesnaujienos.lt\/images\/stories\/2012\/10\/31\/thumbnails\/thumb_briuselyje_turizmo_centras_EDEN_konferencija.jpg\" \/>\n<meta name=\"author\" content=\"\u0160ilut\u0117s naujien\u0173 inf.\" \/>\n<meta name=\"twitter:card\" content=\"summary_large_image\" \/>\n<meta name=\"twitter:label1\" content=\"Written by\" \/>\n\t<meta name=\"twitter:data1\" content=\"\u0160ilut\u0117s naujien\u0173 inf.\" \/>\n\t<meta name=\"twitter:label2\" content=\"Est. reading time\" \/>\n\t<meta name=\"twitter:data2\" content=\"1 minut\u0117\" \/>\n<script type=\"application\/ld+json\" class=\"yoast-schema-graph\">{\"@context\":\"https:\\\/\\\/schema.org\",\"@graph\":[{\"@type\":\"Article\",\"@id\":\"https:\\\/\\\/www.silutesnaujienos.lt\\\/lt\\\/silutes-tic-dalyvavo-konferencijoje-briuselyje\\\/#article\",\"isPartOf\":{\"@id\":\"https:\\\/\\\/www.silutesnaujienos.lt\\\/lt\\\/silutes-tic-dalyvavo-konferencijoje-briuselyje\\\/\"},\"author\":{\"name\":\"\u0160ilut\u0117s naujien\u0173 inf.\",\"@id\":\"https:\\\/\\\/www.silutesnaujienos.lt\\\/lt\\\/#\\\/schema\\\/person\\\/976440ef837444400af3c77c19c61454\"},\"headline\":\"\u0160ilut\u0117s TIC dalyvavo konferencijoje Briuselyje\",\"datePublished\":\"2012-10-31T08:00:00+00:00\",\"mainEntityOfPage\":{\"@id\":\"https:\\\/\\\/www.silutesnaujienos.lt\\\/lt\\\/silutes-tic-dalyvavo-konferencijoje-briuselyje\\\/\"},\"wordCount\":200,\"commentCount\":0,\"publisher\":{\"@id\":\"https:\\\/\\\/www.silutesnaujienos.lt\\\/lt\\\/#organization\"},\"articleSection\":[\"Gyvenimas\"],\"inLanguage\":\"lt-LT\",\"potentialAction\":[{\"@type\":\"CommentAction\",\"name\":\"Comment\",\"target\":[\"https:\\\/\\\/www.silutesnaujienos.lt\\\/lt\\\/silutes-tic-dalyvavo-konferencijoje-briuselyje\\\/#respond\"]}]},{\"@type\":\"WebPage\",\"@id\":\"https:\\\/\\\/www.silutesnaujienos.lt\\\/lt\\\/silutes-tic-dalyvavo-konferencijoje-briuselyje\\\/\",\"url\":\"https:\\\/\\\/www.silutesnaujienos.lt\\\/lt\\\/silutes-tic-dalyvavo-konferencijoje-briuselyje\\\/\",\"name\":\"\u0160ilut\u0117s TIC dalyvavo konferencijoje Briuselyje - \u0160ilut\u0117s naujienos\",\"isPartOf\":{\"@id\":\"https:\\\/\\\/www.silutesnaujienos.lt\\\/lt\\\/#website\"},\"datePublished\":\"2012-10-31T08:00:00+00:00\",\"breadcrumb\":{\"@id\":\"https:\\\/\\\/www.silutesnaujienos.lt\\\/lt\\\/silutes-tic-dalyvavo-konferencijoje-briuselyje\\\/#breadcrumb\"},\"inLanguage\":\"lt-LT\",\"potentialAction\":[{\"@type\":\"ReadAction\",\"target\":[\"https:\\\/\\\/www.silutesnaujienos.lt\\\/lt\\\/silutes-tic-dalyvavo-konferencijoje-briuselyje\\\/\"]}]},{\"@type\":\"BreadcrumbList\",\"@id\":\"https:\\\/\\\/www.silutesnaujienos.lt\\\/lt\\\/silutes-tic-dalyvavo-konferencijoje-briuselyje\\\/#breadcrumb\",\"itemListElement\":[{\"@type\":\"ListItem\",\"position\":1,\"name\":\"Home\",\"item\":\"https:\\\/\\\/www.silutesnaujienos.lt\\\/lt\\\/\"},{\"@type\":\"ListItem\",\"position\":2,\"name\":\"\u0160ilut\u0117s TIC dalyvavo konferencijoje Briuselyje\"}]},{\"@type\":\"WebSite\",\"@id\":\"https:\\\/\\\/www.silutesnaujienos.lt\\\/lt\\\/#website\",\"url\":\"https:\\\/\\\/www.silutesnaujienos.lt\\\/lt\\\/\",\"name\":\"\u0160ilut\u0117s naujienos\",\"description\":\"B\u016bk ant naujien\u0173 bangos!\",\"publisher\":{\"@id\":\"https:\\\/\\\/www.silutesnaujienos.lt\\\/lt\\\/#organization\"},\"potentialAction\":[{\"@type\":\"SearchAction\",\"target\":{\"@type\":\"EntryPoint\",\"urlTemplate\":\"https:\\\/\\\/www.silutesnaujienos.lt\\\/lt\\\/?s={search_term_string}\"},\"query-input\":{\"@type\":\"PropertyValueSpecification\",\"valueRequired\":true,\"valueName\":\"search_term_string\"}}],\"inLanguage\":\"lt-LT\"},{\"@type\":\"Organization\",\"@id\":\"https:\\\/\\\/www.silutesnaujienos.lt\\\/lt\\\/#organization\",\"name\":\"\u0160ilut\u0117s naujienos\",\"url\":\"https:\\\/\\\/www.silutesnaujienos.lt\\\/lt\\\/\",\"logo\":{\"@type\":\"ImageObject\",\"inLanguage\":\"lt-LT\",\"@id\":\"https:\\\/\\\/www.silutesnaujienos.lt\\\/lt\\\/#\\\/schema\\\/logo\\\/image\\\/\",\"url\":\"https:\\\/\\\/www.silutesnaujienos.lt\\\/lt\\\/wp-content\\\/uploads\\\/2020\\\/06\\\/FB_MAIN.jpg\",\"contentUrl\":\"https:\\\/\\\/www.silutesnaujienos.lt\\\/lt\\\/wp-content\\\/uploads\\\/2020\\\/06\\\/FB_MAIN.jpg\",\"width\":1700,\"height\":956,\"caption\":\"\u0160ilut\u0117s naujienos\"},\"image\":{\"@id\":\"https:\\\/\\\/www.silutesnaujienos.lt\\\/lt\\\/#\\\/schema\\\/logo\\\/image\\\/\"},\"sameAs\":[\"https:\\\/\\\/www.facebook.com\\\/silutes.naujienos\\\/\",\"https:\\\/\\\/www.youtube.com\\\/channel\\\/UCxW-cgrJDt8GxIMxSTAfJZg\"]},{\"@type\":\"Person\",\"@id\":\"https:\\\/\\\/www.silutesnaujienos.lt\\\/lt\\\/#\\\/schema\\\/person\\\/976440ef837444400af3c77c19c61454\",\"name\":\"\u0160ilut\u0117s naujien\u0173 inf.\",\"image\":{\"@type\":\"ImageObject\",\"inLanguage\":\"lt-LT\",\"@id\":\"https:\\\/\\\/www.silutesnaujienos.lt\\\/lt\\\/wp-content\\\/uploads\\\/2020\\\/06\\\/favicon.png\",\"url\":\"https:\\\/\\\/www.silutesnaujienos.lt\\\/lt\\\/wp-content\\\/uploads\\\/2020\\\/06\\\/favicon.png\",\"contentUrl\":\"https:\\\/\\\/www.silutesnaujienos.lt\\\/lt\\\/wp-content\\\/uploads\\\/2020\\\/06\\\/favicon.png\",\"caption\":\"\u0160ilut\u0117s naujien\u0173 inf.\"},\"url\":\"https:\\\/\\\/www.silutesnaujienos.lt\\\/lt\\\/author\\\/vadas\\\/\"}]}<\/script>\n<!-- \/ Yoast SEO plugin. -->","yoast_head_json":{"title":"\u0160ilut\u0117s TIC dalyvavo konferencijoje Briuselyje - \u0160ilut\u0117s naujienos","robots":{"index":"index","follow":"follow","max-snippet":"max-snippet:-1","max-image-preview":"max-image-preview:large","max-video-preview":"max-video-preview:-1"},"canonical":"https:\/\/www.silutesnaujienos.lt\/lt\/silutes-tic-dalyvavo-konferencijoje-briuselyje\/","og_locale":"lt_LT","og_type":"article","og_title":"\u0160ilut\u0117s TIC dalyvavo konferencijoje Briuselyje - \u0160ilut\u0117s naujienos","og_description":"Europos Komisija jau 6 metus vykdo projekt\u0105 EDEN (European Destinations of Excellence). Lietuvoje EDEN projekt\u0105 koordinuoja Valstybinis turizmo departamentas ir 5 metus i\u0161 eil\u0117s jis vykd\u0117 projekt\u0105 \u201ePatraukliausios turizmo&nbsp; vietov\u0117s\u201c. Nemuno deltos regioninis parkas 2009 metais buvo vienas i\u0161 \u0161io konkurso laim\u0117toj\u0173. Tuomet projektui \u0160ilut\u0117s kra\u0161t\u0105 ir Nemuno deltos regionin\u012f park\u0105 pristat\u0117 tuometinis V\u0161\u012e \u0160ilut\u0117s [&hellip;]","og_url":"https:\/\/www.silutesnaujienos.lt\/lt\/silutes-tic-dalyvavo-konferencijoje-briuselyje\/","og_site_name":"\u0160ilut\u0117s naujienos","article_publisher":"https:\/\/www.facebook.com\/silutes.naujienos\/","article_published_time":"2012-10-31T08:00:00+00:00","og_image":[{"url":"\/\/silutesnaujienos.lt\/images\/stories\/2012\/10\/31\/thumbnails\/thumb_briuselyje_turizmo_centras_EDEN_konferencija.jpg","type":"","width":"","height":""}],"author":"\u0160ilut\u0117s naujien\u0173 inf.","twitter_card":"summary_large_image","twitter_misc":{"Written by":"\u0160ilut\u0117s naujien\u0173 inf.","Est. reading time":"1 minut\u0117"},"schema":{"@context":"https:\/\/schema.org","@graph":[{"@type":"Article","@id":"https:\/\/www.silutesnaujienos.lt\/lt\/silutes-tic-dalyvavo-konferencijoje-briuselyje\/#article","isPartOf":{"@id":"https:\/\/www.silutesnaujienos.lt\/lt\/silutes-tic-dalyvavo-konferencijoje-briuselyje\/"},"author":{"name":"\u0160ilut\u0117s naujien\u0173 inf.","@id":"https:\/\/www.silutesnaujienos.lt\/lt\/#\/schema\/person\/976440ef837444400af3c77c19c61454"},"headline":"\u0160ilut\u0117s TIC dalyvavo konferencijoje Briuselyje","datePublished":"2012-10-31T08:00:00+00:00","mainEntityOfPage":{"@id":"https:\/\/www.silutesnaujienos.lt\/lt\/silutes-tic-dalyvavo-konferencijoje-briuselyje\/"},"wordCount":200,"commentCount":0,"publisher":{"@id":"https:\/\/www.silutesnaujienos.lt\/lt\/#organization"},"articleSection":["Gyvenimas"],"inLanguage":"lt-LT","potentialAction":[{"@type":"CommentAction","name":"Comment","target":["https:\/\/www.silutesnaujienos.lt\/lt\/silutes-tic-dalyvavo-konferencijoje-briuselyje\/#respond"]}]},{"@type":"WebPage","@id":"https:\/\/www.silutesnaujienos.lt\/lt\/silutes-tic-dalyvavo-konferencijoje-briuselyje\/","url":"https:\/\/www.silutesnaujienos.lt\/lt\/silutes-tic-dalyvavo-konferencijoje-briuselyje\/","name":"\u0160ilut\u0117s TIC dalyvavo konferencijoje Briuselyje - \u0160ilut\u0117s naujienos","isPartOf":{"@id":"https:\/\/www.silutesnaujienos.lt\/lt\/#website"},"datePublished":"2012-10-31T08:00:00+00:00","breadcrumb":{"@id":"https:\/\/www.silutesnaujienos.lt\/lt\/silutes-tic-dalyvavo-konferencijoje-briuselyje\/#breadcrumb"},"inLanguage":"lt-LT","potentialAction":[{"@type":"ReadAction","target":["https:\/\/www.silutesnaujienos.lt\/lt\/silutes-tic-dalyvavo-konferencijoje-briuselyje\/"]}]},{"@type":"BreadcrumbList","@id":"https:\/\/www.silutesnaujienos.lt\/lt\/silutes-tic-dalyvavo-konferencijoje-briuselyje\/#breadcrumb","itemListElement":[{"@type":"ListItem","position":1,"name":"Home","item":"https:\/\/www.silutesnaujienos.lt\/lt\/"},{"@type":"ListItem","position":2,"name":"\u0160ilut\u0117s TIC dalyvavo konferencijoje Briuselyje"}]},{"@type":"WebSite","@id":"https:\/\/www.silutesnaujienos.lt\/lt\/#website","url":"https:\/\/www.silutesnaujienos.lt\/lt\/","name":"\u0160ilut\u0117s naujienos","description":"B\u016bk ant naujien\u0173 bangos!","publisher":{"@id":"https:\/\/www.silutesnaujienos.lt\/lt\/#organization"},"potentialAction":[{"@type":"SearchAction","target":{"@type":"EntryPoint","urlTemplate":"https:\/\/www.silutesnaujienos.lt\/lt\/?s={search_term_string}"},"query-input":{"@type":"PropertyValueSpecification","valueRequired":true,"valueName":"search_term_string"}}],"inLanguage":"lt-LT"},{"@type":"Organization","@id":"https:\/\/www.silutesnaujienos.lt\/lt\/#organization","name":"\u0160ilut\u0117s naujienos","url":"https:\/\/www.silutesnaujienos.lt\/lt\/","logo":{"@type":"ImageObject","inLanguage":"lt-LT","@id":"https:\/\/www.silutesnaujienos.lt\/lt\/#\/schema\/logo\/image\/","url":"https:\/\/www.silutesnaujienos.lt\/lt\/wp-content\/uploads\/2020\/06\/FB_MAIN.jpg","contentUrl":"https:\/\/www.silutesnaujienos.lt\/lt\/wp-content\/uploads\/2020\/06\/FB_MAIN.jpg","width":1700,"height":956,"caption":"\u0160ilut\u0117s naujienos"},"image":{"@id":"https:\/\/www.silutesnaujienos.lt\/lt\/#\/schema\/logo\/image\/"},"sameAs":["https:\/\/www.facebook.com\/silutes.naujienos\/","https:\/\/www.youtube.com\/channel\/UCxW-cgrJDt8GxIMxSTAfJZg"]},{"@type":"Person","@id":"https:\/\/www.silutesnaujienos.lt\/lt\/#\/schema\/person\/976440ef837444400af3c77c19c61454","name":"\u0160ilut\u0117s naujien\u0173 inf.","image":{"@type":"ImageObject","inLanguage":"lt-LT","@id":"https:\/\/www.silutesnaujienos.lt\/lt\/wp-content\/uploads\/2020\/06\/favicon.png","url":"https:\/\/www.silutesnaujienos.lt\/lt\/wp-content\/uploads\/2020\/06\/favicon.png","contentUrl":"https:\/\/www.silutesnaujienos.lt\/lt\/wp-content\/uploads\/2020\/06\/favicon.png","caption":"\u0160ilut\u0117s naujien\u0173 inf."},"url":"https:\/\/www.silutesnaujienos.lt\/lt\/author\/vadas\/"}]}},"publishpress_future_workflow_manual_trigger":{"enabledWorkflows":[]},"amp_enabled":true,"_links":{"self":[{"href":"https:\/\/www.silutesnaujienos.lt\/lt\/wp-json\/wp\/v2\/posts\/18083","targetHints":{"allow":["GET"]}}],"collection":[{"href":"https:\/\/www.silutesnaujienos.lt\/lt\/wp-json\/wp\/v2\/posts"}],"about":[{"href":"https:\/\/www.silutesnaujienos.lt\/lt\/wp-json\/wp\/v2\/types\/post"}],"author":[{"embeddable":true,"href":"https:\/\/www.silutesnaujienos.lt\/lt\/wp-json\/wp\/v2\/users\/2"}],"replies":[{"embeddable":true,"href":"https:\/\/www.silutesnaujienos.lt\/lt\/wp-json\/wp\/v2\/comments?post=18083"}],"version-history":[{"count":0,"href":"https:\/\/www.silutesnaujienos.lt\/lt\/wp-json\/wp\/v2\/posts\/18083\/revisions"}],"wp:attachment":[{"href":"https:\/\/www.silutesnaujienos.lt\/lt\/wp-json\/wp\/v2\/media?parent=18083"}],"wp:term":[{"taxonomy":"category","embeddable":true,"href":"https:\/\/www.silutesnaujienos.lt\/lt\/wp-json\/wp\/v2\/categories?post=18083"},{"taxonomy":"post_tag","embeddable":true,"href":"https:\/\/www.silutesnaujienos.lt\/lt\/wp-json\/wp\/v2\/tags?post=18083"}],"curies":[{"name":"wp","href":"https:\/\/api.w.org\/{rel}","templated":true}]}}