{"id":18090,"date":"2013-02-19T13:00:00","date_gmt":"2013-02-19T15:00:00","guid":{"rendered":"https:\/\/www.silutesnaujienos.lt\/lt\/pareigunai-iskilmingai-paminejo-lietuvos-valstybes-atkurimo-diena\/"},"modified":"2013-02-19T13:00:00","modified_gmt":"2013-02-19T15:00:00","slug":"pareigunai-iskilmingai-paminejo-lietuvos-valstybes-atkurimo-diena","status":"publish","type":"post","link":"https:\/\/www.silutesnaujienos.lt\/lt\/pareigunai-iskilmingai-paminejo-lietuvos-valstybes-atkurimo-diena\/","title":{"rendered":"Pareig\u016bnai i\u0161kilmingai pamin\u0117jo Lietuvos valstyb\u0117s atk\u016brimo dien\u0105"},"content":{"rendered":"<p><a target=\"_blank\" rel=\"caption[veidas.lt nuotr.] noopener noreferrer\" class=\"jcepopup\" href=\"\/\/silutesnaujienos.lt\/images\/stories\/2013\/02\/19\/lietuvos_veliava2-794210.jpg\" data-rel=\"lightbox-gallery-MRbuu7qW\" data-rl_title=\"\" data-rl_caption=\"\"><img loading=\"lazy\" decoding=\"async\" style=\"margin: 5px; float: left;\" class=\"caption\" title=\"\" alt=\"lietuvos veliava2-794210\" src=\"\/\/silutesnaujienos.lt\/images\/stories\/2013\/02\/19\/thumbnails\/thumb_lietuvos_veliava2-794210.jpg\" height=\"230\" width=\"307\" \/><\/a><strong>Penktadien\u012f Taurag\u0117s apskrities vyriausiajame policijos komisariate i\u0161kilmingai buvo pamin\u0117ta Vasario 16-oji &#8211; Lietuvos Valstyb\u0117s atk\u016brimo diena.<\/strong><\/p>\n<p>\u012e didel\u012f b\u016br\u012f susirinko Taurag\u0117s, \u0160ilal\u0117s, \u0160ilut\u0117s bei Pag\u0117gi\u0173 policijos komisariat\u0173 pareig\u016bnai. Puosel\u0117jant Lietuvos policijos tradicijas \u0161iemet, kaip ir kiekvienais metais, valstyb\u0117s \u0161vent\u0117s proga labiausiai tarnyboje pasi\u017eym\u0117jusiems Taurag\u0117s, \u0160ilal\u0117s, \u0160ilut\u0117s ir Pag\u0117gi\u0173 pareig\u016bnams buvo \u012fteikti apdovanojimai. Tarp pagerbt\u0173j\u0173 &#8211; penki \u0160ilut\u0117s r. policijos komisariato darbuotojai.<\/p>\n<p>Tre\u010diojo laipsnio policijos pasi\u017eym\u0117jimo \u017eenklu \u201eU\u017e nuopelnus\u201c apdovanotas&nbsp; K\u0119stutis Bartu\u0161is, Kriminalin\u0117s policijos skyriaus tyr\u0117jas.<\/p>\n<p>Tre\u010diojo laipsnio policijos pasi\u017eym\u0117jimo \u017eenklu \u201eU\u017e nepriekai\u0161ting\u0105 tarnyb\u0105\u201c apdovanoti Au\u0161ra Skurdelien\u0117, Vie\u0161osios policijos skyriaus Prevencijos poskyrio tyr\u0117ja, ir Ram\u016bnas Jok\u0161as, Vie\u0161osios policijos skyriaus patruli\u0173 b\u016brio patrulis.<\/p>\n<p>Vardin\u0117s dovanos skirtos: Vaclovui Petkui, Vie\u0161osios policijos skyriaus patruli\u0173 b\u016brio vyresniajam patruliui, ir J\u016bratei Kaktienei, Vie\u0161osios policijos skyriaus Prevencijos poskyrio specialistei.<\/p>\n","protected":false},"excerpt":{"rendered":"<p>Penktadien\u012f Taurag\u0117s apskrities vyriausiajame policijos komisariate i\u0161kilmingai buvo pamin\u0117ta Vasario 16-oji &#8211; Lietuvos Valstyb\u0117s atk\u016brimo diena. \u012e didel\u012f b\u016br\u012f susirinko Taurag\u0117s, \u0160ilal\u0117s, \u0160ilut\u0117s bei Pag\u0117gi\u0173 policijos komisariat\u0173 pareig\u016bnai. Puosel\u0117jant Lietuvos policijos tradicijas \u0161iemet, kaip ir kiekvienais metais, valstyb\u0117s \u0161vent\u0117s proga labiausiai tarnyboje pasi\u017eym\u0117jusiems Taurag\u0117s, \u0160ilal\u0117s, \u0160ilut\u0117s ir Pag\u0117gi\u0173 pareig\u016bnams buvo \u012fteikti apdovanojimai. Tarp pagerbt\u0173j\u0173 &#8211; [&hellip;]<\/p>\n","protected":false},"author":2,"featured_media":0,"comment_status":"open","ping_status":"open","sticky":false,"template":"","format":"standard","meta":{"footnotes":""},"categories":[52],"tags":[],"class_list":{"0":"post-18090","1":"post","2":"type-post","3":"status-publish","4":"format-standard","6":"category-gyvenimas"},"yoast_head":"<!-- This site is optimized with the Yoast SEO plugin v27.5 - https:\/\/yoast.com\/product\/yoast-seo-wordpress\/ -->\n<title>Pareig\u016bnai i\u0161kilmingai pamin\u0117jo Lietuvos valstyb\u0117s atk\u016brimo dien\u0105 - \u0160ilut\u0117s naujienos<\/title>\n<meta name=\"robots\" content=\"index, follow, max-snippet:-1, max-image-preview:large, max-video-preview:-1\" \/>\n<link rel=\"canonical\" href=\"https:\/\/www.silutesnaujienos.lt\/lt\/pareigunai-iskilmingai-paminejo-lietuvos-valstybes-atkurimo-diena\/\" \/>\n<meta property=\"og:locale\" content=\"lt_LT\" \/>\n<meta property=\"og:type\" content=\"article\" \/>\n<meta property=\"og:title\" content=\"Pareig\u016bnai i\u0161kilmingai pamin\u0117jo Lietuvos valstyb\u0117s atk\u016brimo dien\u0105 - \u0160ilut\u0117s naujienos\" \/>\n<meta property=\"og:description\" content=\"Penktadien\u012f Taurag\u0117s apskrities vyriausiajame policijos komisariate i\u0161kilmingai buvo pamin\u0117ta Vasario 16-oji &#8211; Lietuvos Valstyb\u0117s atk\u016brimo diena. \u012e didel\u012f b\u016br\u012f susirinko Taurag\u0117s, \u0160ilal\u0117s, \u0160ilut\u0117s bei Pag\u0117gi\u0173 policijos komisariat\u0173 pareig\u016bnai. Puosel\u0117jant Lietuvos policijos tradicijas \u0161iemet, kaip ir kiekvienais metais, valstyb\u0117s \u0161vent\u0117s proga labiausiai tarnyboje pasi\u017eym\u0117jusiems Taurag\u0117s, \u0160ilal\u0117s, \u0160ilut\u0117s ir Pag\u0117gi\u0173 pareig\u016bnams buvo \u012fteikti apdovanojimai. Tarp pagerbt\u0173j\u0173 &#8211; [&hellip;]\" \/>\n<meta property=\"og:url\" content=\"https:\/\/www.silutesnaujienos.lt\/lt\/pareigunai-iskilmingai-paminejo-lietuvos-valstybes-atkurimo-diena\/\" \/>\n<meta property=\"og:site_name\" content=\"\u0160ilut\u0117s naujienos\" \/>\n<meta property=\"article:publisher\" content=\"https:\/\/www.facebook.com\/silutes.naujienos\/\" \/>\n<meta property=\"article:published_time\" content=\"2013-02-19T15:00:00+00:00\" \/>\n<meta property=\"og:image\" content=\"\/\/silutesnaujienos.lt\/images\/stories\/2013\/02\/19\/thumbnails\/thumb_lietuvos_veliava2-794210.jpg\" \/>\n<meta name=\"author\" content=\"\u0160ilut\u0117s naujien\u0173 inf.\" \/>\n<meta name=\"twitter:card\" content=\"summary_large_image\" \/>\n<meta name=\"twitter:label1\" content=\"Written by\" \/>\n\t<meta name=\"twitter:data1\" content=\"\u0160ilut\u0117s naujien\u0173 inf.\" \/>\n\t<meta name=\"twitter:label2\" content=\"Est. reading time\" \/>\n\t<meta name=\"twitter:data2\" content=\"1 minut\u0117\" \/>\n<script type=\"application\/ld+json\" class=\"yoast-schema-graph\">{\"@context\":\"https:\\\/\\\/schema.org\",\"@graph\":[{\"@type\":\"Article\",\"@id\":\"https:\\\/\\\/www.silutesnaujienos.lt\\\/lt\\\/pareigunai-iskilmingai-paminejo-lietuvos-valstybes-atkurimo-diena\\\/#article\",\"isPartOf\":{\"@id\":\"https:\\\/\\\/www.silutesnaujienos.lt\\\/lt\\\/pareigunai-iskilmingai-paminejo-lietuvos-valstybes-atkurimo-diena\\\/\"},\"author\":{\"name\":\"\u0160ilut\u0117s naujien\u0173 inf.\",\"@id\":\"https:\\\/\\\/www.silutesnaujienos.lt\\\/lt\\\/#\\\/schema\\\/person\\\/976440ef837444400af3c77c19c61454\"},\"headline\":\"Pareig\u016bnai i\u0161kilmingai pamin\u0117jo Lietuvos valstyb\u0117s atk\u016brimo dien\u0105\",\"datePublished\":\"2013-02-19T15:00:00+00:00\",\"mainEntityOfPage\":{\"@id\":\"https:\\\/\\\/www.silutesnaujienos.lt\\\/lt\\\/pareigunai-iskilmingai-paminejo-lietuvos-valstybes-atkurimo-diena\\\/\"},\"wordCount\":180,\"commentCount\":0,\"publisher\":{\"@id\":\"https:\\\/\\\/www.silutesnaujienos.lt\\\/lt\\\/#organization\"},\"articleSection\":[\"Gyvenimas\"],\"inLanguage\":\"lt-LT\",\"potentialAction\":[{\"@type\":\"CommentAction\",\"name\":\"Comment\",\"target\":[\"https:\\\/\\\/www.silutesnaujienos.lt\\\/lt\\\/pareigunai-iskilmingai-paminejo-lietuvos-valstybes-atkurimo-diena\\\/#respond\"]}]},{\"@type\":\"WebPage\",\"@id\":\"https:\\\/\\\/www.silutesnaujienos.lt\\\/lt\\\/pareigunai-iskilmingai-paminejo-lietuvos-valstybes-atkurimo-diena\\\/\",\"url\":\"https:\\\/\\\/www.silutesnaujienos.lt\\\/lt\\\/pareigunai-iskilmingai-paminejo-lietuvos-valstybes-atkurimo-diena\\\/\",\"name\":\"Pareig\u016bnai i\u0161kilmingai pamin\u0117jo Lietuvos valstyb\u0117s atk\u016brimo dien\u0105 - \u0160ilut\u0117s naujienos\",\"isPartOf\":{\"@id\":\"https:\\\/\\\/www.silutesnaujienos.lt\\\/lt\\\/#website\"},\"datePublished\":\"2013-02-19T15:00:00+00:00\",\"breadcrumb\":{\"@id\":\"https:\\\/\\\/www.silutesnaujienos.lt\\\/lt\\\/pareigunai-iskilmingai-paminejo-lietuvos-valstybes-atkurimo-diena\\\/#breadcrumb\"},\"inLanguage\":\"lt-LT\",\"potentialAction\":[{\"@type\":\"ReadAction\",\"target\":[\"https:\\\/\\\/www.silutesnaujienos.lt\\\/lt\\\/pareigunai-iskilmingai-paminejo-lietuvos-valstybes-atkurimo-diena\\\/\"]}]},{\"@type\":\"BreadcrumbList\",\"@id\":\"https:\\\/\\\/www.silutesnaujienos.lt\\\/lt\\\/pareigunai-iskilmingai-paminejo-lietuvos-valstybes-atkurimo-diena\\\/#breadcrumb\",\"itemListElement\":[{\"@type\":\"ListItem\",\"position\":1,\"name\":\"Home\",\"item\":\"https:\\\/\\\/www.silutesnaujienos.lt\\\/lt\\\/\"},{\"@type\":\"ListItem\",\"position\":2,\"name\":\"Pareig\u016bnai i\u0161kilmingai pamin\u0117jo Lietuvos valstyb\u0117s atk\u016brimo dien\u0105\"}]},{\"@type\":\"WebSite\",\"@id\":\"https:\\\/\\\/www.silutesnaujienos.lt\\\/lt\\\/#website\",\"url\":\"https:\\\/\\\/www.silutesnaujienos.lt\\\/lt\\\/\",\"name\":\"\u0160ilut\u0117s naujienos\",\"description\":\"B\u016bk ant naujien\u0173 bangos!\",\"publisher\":{\"@id\":\"https:\\\/\\\/www.silutesnaujienos.lt\\\/lt\\\/#organization\"},\"potentialAction\":[{\"@type\":\"SearchAction\",\"target\":{\"@type\":\"EntryPoint\",\"urlTemplate\":\"https:\\\/\\\/www.silutesnaujienos.lt\\\/lt\\\/?s={search_term_string}\"},\"query-input\":{\"@type\":\"PropertyValueSpecification\",\"valueRequired\":true,\"valueName\":\"search_term_string\"}}],\"inLanguage\":\"lt-LT\"},{\"@type\":\"Organization\",\"@id\":\"https:\\\/\\\/www.silutesnaujienos.lt\\\/lt\\\/#organization\",\"name\":\"\u0160ilut\u0117s naujienos\",\"url\":\"https:\\\/\\\/www.silutesnaujienos.lt\\\/lt\\\/\",\"logo\":{\"@type\":\"ImageObject\",\"inLanguage\":\"lt-LT\",\"@id\":\"https:\\\/\\\/www.silutesnaujienos.lt\\\/lt\\\/#\\\/schema\\\/logo\\\/image\\\/\",\"url\":\"https:\\\/\\\/www.silutesnaujienos.lt\\\/lt\\\/wp-content\\\/uploads\\\/2020\\\/06\\\/FB_MAIN.jpg\",\"contentUrl\":\"https:\\\/\\\/www.silutesnaujienos.lt\\\/lt\\\/wp-content\\\/uploads\\\/2020\\\/06\\\/FB_MAIN.jpg\",\"width\":1700,\"height\":956,\"caption\":\"\u0160ilut\u0117s naujienos\"},\"image\":{\"@id\":\"https:\\\/\\\/www.silutesnaujienos.lt\\\/lt\\\/#\\\/schema\\\/logo\\\/image\\\/\"},\"sameAs\":[\"https:\\\/\\\/www.facebook.com\\\/silutes.naujienos\\\/\",\"https:\\\/\\\/www.youtube.com\\\/channel\\\/UCxW-cgrJDt8GxIMxSTAfJZg\"]},{\"@type\":\"Person\",\"@id\":\"https:\\\/\\\/www.silutesnaujienos.lt\\\/lt\\\/#\\\/schema\\\/person\\\/976440ef837444400af3c77c19c61454\",\"name\":\"\u0160ilut\u0117s naujien\u0173 inf.\",\"image\":{\"@type\":\"ImageObject\",\"inLanguage\":\"lt-LT\",\"@id\":\"https:\\\/\\\/www.silutesnaujienos.lt\\\/lt\\\/wp-content\\\/uploads\\\/2020\\\/06\\\/favicon.png\",\"url\":\"https:\\\/\\\/www.silutesnaujienos.lt\\\/lt\\\/wp-content\\\/uploads\\\/2020\\\/06\\\/favicon.png\",\"contentUrl\":\"https:\\\/\\\/www.silutesnaujienos.lt\\\/lt\\\/wp-content\\\/uploads\\\/2020\\\/06\\\/favicon.png\",\"caption\":\"\u0160ilut\u0117s naujien\u0173 inf.\"},\"url\":\"https:\\\/\\\/www.silutesnaujienos.lt\\\/lt\\\/author\\\/vadas\\\/\"}]}<\/script>\n<!-- \/ Yoast SEO plugin. -->","yoast_head_json":{"title":"Pareig\u016bnai i\u0161kilmingai pamin\u0117jo Lietuvos valstyb\u0117s atk\u016brimo dien\u0105 - \u0160ilut\u0117s naujienos","robots":{"index":"index","follow":"follow","max-snippet":"max-snippet:-1","max-image-preview":"max-image-preview:large","max-video-preview":"max-video-preview:-1"},"canonical":"https:\/\/www.silutesnaujienos.lt\/lt\/pareigunai-iskilmingai-paminejo-lietuvos-valstybes-atkurimo-diena\/","og_locale":"lt_LT","og_type":"article","og_title":"Pareig\u016bnai i\u0161kilmingai pamin\u0117jo Lietuvos valstyb\u0117s atk\u016brimo dien\u0105 - \u0160ilut\u0117s naujienos","og_description":"Penktadien\u012f Taurag\u0117s apskrities vyriausiajame policijos komisariate i\u0161kilmingai buvo pamin\u0117ta Vasario 16-oji &#8211; Lietuvos Valstyb\u0117s atk\u016brimo diena. \u012e didel\u012f b\u016br\u012f susirinko Taurag\u0117s, \u0160ilal\u0117s, \u0160ilut\u0117s bei Pag\u0117gi\u0173 policijos komisariat\u0173 pareig\u016bnai. Puosel\u0117jant Lietuvos policijos tradicijas \u0161iemet, kaip ir kiekvienais metais, valstyb\u0117s \u0161vent\u0117s proga labiausiai tarnyboje pasi\u017eym\u0117jusiems Taurag\u0117s, \u0160ilal\u0117s, \u0160ilut\u0117s ir Pag\u0117gi\u0173 pareig\u016bnams buvo \u012fteikti apdovanojimai. Tarp pagerbt\u0173j\u0173 &#8211; [&hellip;]","og_url":"https:\/\/www.silutesnaujienos.lt\/lt\/pareigunai-iskilmingai-paminejo-lietuvos-valstybes-atkurimo-diena\/","og_site_name":"\u0160ilut\u0117s naujienos","article_publisher":"https:\/\/www.facebook.com\/silutes.naujienos\/","article_published_time":"2013-02-19T15:00:00+00:00","og_image":[{"url":"\/\/silutesnaujienos.lt\/images\/stories\/2013\/02\/19\/thumbnails\/thumb_lietuvos_veliava2-794210.jpg","type":"","width":"","height":""}],"author":"\u0160ilut\u0117s naujien\u0173 inf.","twitter_card":"summary_large_image","twitter_misc":{"Written by":"\u0160ilut\u0117s naujien\u0173 inf.","Est. reading time":"1 minut\u0117"},"schema":{"@context":"https:\/\/schema.org","@graph":[{"@type":"Article","@id":"https:\/\/www.silutesnaujienos.lt\/lt\/pareigunai-iskilmingai-paminejo-lietuvos-valstybes-atkurimo-diena\/#article","isPartOf":{"@id":"https:\/\/www.silutesnaujienos.lt\/lt\/pareigunai-iskilmingai-paminejo-lietuvos-valstybes-atkurimo-diena\/"},"author":{"name":"\u0160ilut\u0117s naujien\u0173 inf.","@id":"https:\/\/www.silutesnaujienos.lt\/lt\/#\/schema\/person\/976440ef837444400af3c77c19c61454"},"headline":"Pareig\u016bnai i\u0161kilmingai pamin\u0117jo Lietuvos valstyb\u0117s atk\u016brimo dien\u0105","datePublished":"2013-02-19T15:00:00+00:00","mainEntityOfPage":{"@id":"https:\/\/www.silutesnaujienos.lt\/lt\/pareigunai-iskilmingai-paminejo-lietuvos-valstybes-atkurimo-diena\/"},"wordCount":180,"commentCount":0,"publisher":{"@id":"https:\/\/www.silutesnaujienos.lt\/lt\/#organization"},"articleSection":["Gyvenimas"],"inLanguage":"lt-LT","potentialAction":[{"@type":"CommentAction","name":"Comment","target":["https:\/\/www.silutesnaujienos.lt\/lt\/pareigunai-iskilmingai-paminejo-lietuvos-valstybes-atkurimo-diena\/#respond"]}]},{"@type":"WebPage","@id":"https:\/\/www.silutesnaujienos.lt\/lt\/pareigunai-iskilmingai-paminejo-lietuvos-valstybes-atkurimo-diena\/","url":"https:\/\/www.silutesnaujienos.lt\/lt\/pareigunai-iskilmingai-paminejo-lietuvos-valstybes-atkurimo-diena\/","name":"Pareig\u016bnai i\u0161kilmingai pamin\u0117jo Lietuvos valstyb\u0117s atk\u016brimo dien\u0105 - \u0160ilut\u0117s naujienos","isPartOf":{"@id":"https:\/\/www.silutesnaujienos.lt\/lt\/#website"},"datePublished":"2013-02-19T15:00:00+00:00","breadcrumb":{"@id":"https:\/\/www.silutesnaujienos.lt\/lt\/pareigunai-iskilmingai-paminejo-lietuvos-valstybes-atkurimo-diena\/#breadcrumb"},"inLanguage":"lt-LT","potentialAction":[{"@type":"ReadAction","target":["https:\/\/www.silutesnaujienos.lt\/lt\/pareigunai-iskilmingai-paminejo-lietuvos-valstybes-atkurimo-diena\/"]}]},{"@type":"BreadcrumbList","@id":"https:\/\/www.silutesnaujienos.lt\/lt\/pareigunai-iskilmingai-paminejo-lietuvos-valstybes-atkurimo-diena\/#breadcrumb","itemListElement":[{"@type":"ListItem","position":1,"name":"Home","item":"https:\/\/www.silutesnaujienos.lt\/lt\/"},{"@type":"ListItem","position":2,"name":"Pareig\u016bnai i\u0161kilmingai pamin\u0117jo Lietuvos valstyb\u0117s atk\u016brimo dien\u0105"}]},{"@type":"WebSite","@id":"https:\/\/www.silutesnaujienos.lt\/lt\/#website","url":"https:\/\/www.silutesnaujienos.lt\/lt\/","name":"\u0160ilut\u0117s naujienos","description":"B\u016bk ant naujien\u0173 bangos!","publisher":{"@id":"https:\/\/www.silutesnaujienos.lt\/lt\/#organization"},"potentialAction":[{"@type":"SearchAction","target":{"@type":"EntryPoint","urlTemplate":"https:\/\/www.silutesnaujienos.lt\/lt\/?s={search_term_string}"},"query-input":{"@type":"PropertyValueSpecification","valueRequired":true,"valueName":"search_term_string"}}],"inLanguage":"lt-LT"},{"@type":"Organization","@id":"https:\/\/www.silutesnaujienos.lt\/lt\/#organization","name":"\u0160ilut\u0117s naujienos","url":"https:\/\/www.silutesnaujienos.lt\/lt\/","logo":{"@type":"ImageObject","inLanguage":"lt-LT","@id":"https:\/\/www.silutesnaujienos.lt\/lt\/#\/schema\/logo\/image\/","url":"https:\/\/www.silutesnaujienos.lt\/lt\/wp-content\/uploads\/2020\/06\/FB_MAIN.jpg","contentUrl":"https:\/\/www.silutesnaujienos.lt\/lt\/wp-content\/uploads\/2020\/06\/FB_MAIN.jpg","width":1700,"height":956,"caption":"\u0160ilut\u0117s naujienos"},"image":{"@id":"https:\/\/www.silutesnaujienos.lt\/lt\/#\/schema\/logo\/image\/"},"sameAs":["https:\/\/www.facebook.com\/silutes.naujienos\/","https:\/\/www.youtube.com\/channel\/UCxW-cgrJDt8GxIMxSTAfJZg"]},{"@type":"Person","@id":"https:\/\/www.silutesnaujienos.lt\/lt\/#\/schema\/person\/976440ef837444400af3c77c19c61454","name":"\u0160ilut\u0117s naujien\u0173 inf.","image":{"@type":"ImageObject","inLanguage":"lt-LT","@id":"https:\/\/www.silutesnaujienos.lt\/lt\/wp-content\/uploads\/2020\/06\/favicon.png","url":"https:\/\/www.silutesnaujienos.lt\/lt\/wp-content\/uploads\/2020\/06\/favicon.png","contentUrl":"https:\/\/www.silutesnaujienos.lt\/lt\/wp-content\/uploads\/2020\/06\/favicon.png","caption":"\u0160ilut\u0117s naujien\u0173 inf."},"url":"https:\/\/www.silutesnaujienos.lt\/lt\/author\/vadas\/"}]}},"publishpress_future_workflow_manual_trigger":{"enabledWorkflows":[]},"amp_enabled":true,"_links":{"self":[{"href":"https:\/\/www.silutesnaujienos.lt\/lt\/wp-json\/wp\/v2\/posts\/18090","targetHints":{"allow":["GET"]}}],"collection":[{"href":"https:\/\/www.silutesnaujienos.lt\/lt\/wp-json\/wp\/v2\/posts"}],"about":[{"href":"https:\/\/www.silutesnaujienos.lt\/lt\/wp-json\/wp\/v2\/types\/post"}],"author":[{"embeddable":true,"href":"https:\/\/www.silutesnaujienos.lt\/lt\/wp-json\/wp\/v2\/users\/2"}],"replies":[{"embeddable":true,"href":"https:\/\/www.silutesnaujienos.lt\/lt\/wp-json\/wp\/v2\/comments?post=18090"}],"version-history":[{"count":0,"href":"https:\/\/www.silutesnaujienos.lt\/lt\/wp-json\/wp\/v2\/posts\/18090\/revisions"}],"wp:attachment":[{"href":"https:\/\/www.silutesnaujienos.lt\/lt\/wp-json\/wp\/v2\/media?parent=18090"}],"wp:term":[{"taxonomy":"category","embeddable":true,"href":"https:\/\/www.silutesnaujienos.lt\/lt\/wp-json\/wp\/v2\/categories?post=18090"},{"taxonomy":"post_tag","embeddable":true,"href":"https:\/\/www.silutesnaujienos.lt\/lt\/wp-json\/wp\/v2\/tags?post=18090"}],"curies":[{"name":"wp","href":"https:\/\/api.w.org\/{rel}","templated":true}]}}