{"id":18091,"date":"2013-02-19T16:00:00","date_gmt":"2013-02-19T18:00:00","guid":{"rendered":"https:\/\/www.silutesnaujienos.lt\/lt\/lietuvos-valstybes-95-meti-sventeme-originaliai\/"},"modified":"2013-02-19T16:00:00","modified_gmt":"2013-02-19T18:00:00","slug":"lietuvos-valstybes-95-meti-sventeme-originaliai","status":"publish","type":"post","link":"https:\/\/www.silutesnaujienos.lt\/lt\/lietuvos-valstybes-95-meti-sventeme-originaliai\/","title":{"rendered":"Lietuvos valstyb\u0117s 95-met\u012f \u0161vent\u0117me originaliai"},"content":{"rendered":"<p><a target=\"_blank\" rel=\"caption[\u0160ilut\u0117je min\u0117jim\u0105 prad\u0117jo \u0161auli\u0173 kuopa.] noopener noreferrer\" class=\"jcepopup\" href=\"\/\/silutesnaujienos.lt\/images\/stories\/2013\/02\/19\/DSCF0732.jpg\" data-rel=\"lightbox-gallery-W5qKs6PZ\" data-rl_title=\"\" data-rl_caption=\"\"><img loading=\"lazy\" decoding=\"async\" style=\"margin: 5px; float: left;\" class=\"caption\" title=\"\" alt=\"DSCF0732\" src=\"\/\/silutesnaujienos.lt\/images\/stories\/2013\/02\/19\/thumbnails\/thumb_DSCF0732.jpg\" height=\"230\" width=\"307\" \/><\/a><strong>\u0160e\u0161tadien\u012f visa Lietuva \u0161vent\u0117! Daug smagi\u0173, jautri\u0173 ir dvasing\u0173 min\u0117jim\u0173 sureng\u0117 ir \u0160ilut\u0117s rajono \u012fstaigos, kolektyvai, bendruomen\u0117s.<\/strong><\/p>\n<p><strong>\u201eMan dav\u0117 \u0161irdel\u0119 Lietuvos!\u201c, &#8211; tokiu d\u017eiaugsmu su mamyte pasidalijo \u0160ilut\u0117s lop\u0161el\u012f &#8211; dar\u017eel\u012f \u201e\u017dibut\u0117\u201c lankanti ma\u017eoji Urt\u0117.<\/strong><\/p>\n<p><strong>Puiku, kad ir ma\u017eos \u0161irdel\u0117s, ir didel\u0117s \u0161irdys i\u0161moksta d\u017eiaugtis, myl\u0117ti, did\u017eiuotis Lietuva, kuri\u0105, Justino Marcinkevi\u010diaus \u017eod\u017eiais tariant, kiekvienam i\u0161 m\u016bs\u0173 \u201eT\u0117vyn\u0119 reikia vis\u0105 laik\u0105 lipdyti ir kurti, kurti ir lipdyt, nes jei sustosi tik &#8211; jinai ir mir\u0161ta\u201c&#8230;<\/strong><\/p>\n<p>Tikime, kad nesustosime niekada. Ir kur beb\u016bsime &#8211; Lietuvoje ar toli nuo jos, kasmet savo \u0161irdyse jausime didesn\u0119 \u0161vent\u0119 sveikindami vienas kit\u0105 su m\u016bs\u0173 valstyb\u0117s gimtadieniu.<\/p>\n<p><strong>Rusni\u0161kiai ant ledo k\u0117l\u0117 puot\u0105<\/strong><\/p>\n<p>Rusni\u0161kiai \u0161iemet prat\u0119s\u0117 pra\u0117jusiais metais prad\u0117t\u0105 tradicij\u0105 Valstyb\u0117s atk\u016brimo dien\u0105 \u0161v\u0119sti ant apsemt\u0173 piev\u0173 ledo, \u0161alia Rusn\u0117s salos.<\/p>\n<p>Bendruomen\u0117s \u201eRusn\u0117s sala\u201c, \u201eRusn\u0117s \u0161eima\u201c, \u0160y\u0161os kaimo bendruomen\u0117, Rusn\u0117s pagrindin\u0117s mokyklos kolektyvas ir kiti entuziastai Rusn\u0117s salos gyventojams ir jos sve\u010diams sureng\u0117 puiki\u0105 \u0161vent\u0119. \u0160iame \u0160ilut\u0117s rajono pakra\u0161tyje kuriamos ne tik linksmybi\u0173, bet ir vai\u0161ingumo tradicijos. Vasario 16-oji &#8211; tai jau tre\u010dia tradicine tampanti Rusn\u0117s miestelio&nbsp; \u0161vent\u0117, kurios neatsiejama dalis &#8211; garuojan\u010dios virykl\u0117s su \u012fvairiais valgiais, lau\u017eaviet\u0117s su keptuv\u0117mis, \u017euv\u0173 patiekalais ir t.t.<br \/>Lietuvos valstyb\u0117s v\u0117liavos pak\u0117limas, himno giedojimas &#8211; b\u016btinos \u0161vent\u0117s ceremonijos. Pagrindin\u0117s mokyklos pedagog\u0117 Regina Ju\u0161kien\u0117 pasid\u017eiaug\u0117, kad \u012f toki\u0105 mums visiems brangi\u0105 \u0161vent\u0119 susirinko tiek daug jaunimo. \u201e\u0160iam jaunimui t\u0117vyn\u0117s meil\u0117 stipresn\u0117 u\u017e didesn\u012f u\u017edarb\u012f svetimose \u0161alyse. Laikas r\u016bpintis, jog namo sugr\u012f\u017et\u0173 daugiau T\u0117vyn\u0119 palikusi\u0173 \u017emoni\u0173\u201c, &#8211; kalb\u0117jo rusni\u0161kiai.<a target=\"_blank\" rel=\"caption[Originalus \u0161vent\u0117s akcentas \u0160ilut\u0117je - sniego bang\u0173 trispalv\u0117.] noopener noreferrer\" class=\"jcepopup\" href=\"\/\/silutesnaujienos.lt\/images\/stories\/2013\/02\/19\/DSCF0759.jpg\" data-rel=\"lightbox-gallery-W5qKs6PZ\" data-rl_title=\"\" data-rl_caption=\"\"><img loading=\"lazy\" decoding=\"async\" style=\"margin: 5px; float: right;\" class=\"caption\" title=\"\" alt=\"DSCF0759\" src=\"\/\/silutesnaujienos.lt\/images\/stories\/2013\/02\/19\/thumbnails\/thumb_DSCF0759.jpg\" height=\"230\" width=\"307\" \/><\/a><\/p>\n<p>Bene vaizdingiausiai savo verdam\u0105 \u017euvien\u0119 reklamavo \u0160y\u0161os kaimo bendruomen\u0117s vyriausiasis kulinaras Jonas Kalvaitis. Jis i\u0161rai\u0161kingai \u012f puod\u0105 d\u0117jo \u0161vie\u017eiai skrostus kar\u0161ius, \u017euvien\u0119 gardino baltos lelijos \u017eiedu ir galiausiai viral\u0105 gr\u016bdino, gesindamas j\u012f lau\u017eo nuod\u0117guliu.<\/p>\n<p>Bendruomen\u0117s \u201eRusn\u0117s sala\u201c pirmininkas, kaimo turizmo sodybos \u201ePakaln\u0117s vingis\u201c \u0161eimininkas i\u0161vir\u0117 firmin\u012f savo patiekal\u0105 &#8211; \u017ev\u0117rienos sriub\u0105 \u201e\u0160iurp\u0105\u201c, kurios receptas, kad ir kaip kas nor\u0117t\u0173 su\u017einoti, lieka paslaptyje.<\/p>\n<p>Bendruomen\u0117 \u201eRusn\u0117s \u0161eima\u201c laik\u0117si devizo, kad jaunuomen\u0117s sumu\u0161tiniais nepamaitinsi, tod\u0117l vir\u0117 trij\u0173 gr\u016bd\u0173 ko\u0161\u0119 su spirgu\u010diais ir r\u016bg\u0161\u010di\u0105 kaimi\u0161k\u0105 kop\u016bstien\u0119.<\/p>\n<p>Jokia Rusn\u0117s \u0161vent\u0117 nebe\u012fsivaizduojama be Salos etnokult\u016bros ir informacijos centro direktor\u0117s Birut\u0117s Servien\u0117s verdamos \u201ekafijos\u201c &#8211; cikorijos g\u0117rimo. Daugelis ragaujan\u010di\u0173j\u0173 sak\u0117, kad band\u0117 namuose kafijos i\u0161sivirti, ta\u010diau taip puikiai, kaip sugeba Birut\u0117, niekam nepavyksta.<\/p>\n<p>Rusn\u0117s \u017eolininkas Virgilijus Skirkevi\u010dius sve\u010dius vai\u0161ino specialia arbata, kuri tur\u0117jo baidyti per\u0161alimo, gripo ligas. \u0160ioje arbatoje plaukiojo ir laukiniai svog\u016bn\u0117liai. Pasak V.Skirkevi\u010diaus, \u0161ie augalai \u012fra\u0161yti \u012f Lietuvos Raudon\u0105j\u0105 knyg\u0105, bet, laim\u0117, kad kaimynai latviai j\u0173 turi daugiau.<\/p>\n<p>Kuo ry\u017ei\u0173 ko\u0161\u0117 skiriasi nuo tikro plovo, buvo galima \u012fsitikinti paragavus rajono politiko Jono Purlio virt\u0105 patiekal\u0105.<\/p>\n<p>Kulinarine naujiena gal\u0117jo b\u016bti pripa\u017einta senovini\u0173 laiv\u0173 meistro rusni\u0161kio Simo Knapkio ir jo \u017emonos Birut\u0117s patiekalas. Tai bema\u017e penki\u0173 kilogram\u0173 svorio lydeka, prikim\u0161ta svog\u016bn\u0173 ir kitoki\u0173 prieskoni\u0173, suvyniota folijoje ir kepta \u017earijose. \u0160ios \u017euvies gabaliukai buvo dalijami su namin\u0117s duonos riekel\u0117mis.<\/p>\n<p>Ger\u0105 \u0161vent\u0117s dalyvi\u0173 nuotaik\u0105 u\u017etikrino rusni\u0161kio Valdo Lacko muzika ir \u0160y\u0161os kaimo bendruomen\u0117s organizuoti sportiniai \u017eaidimai. Ant slidaus ledo virv\u0119 tamp\u0117 vaikai, jaunuoliai ir netgi moter\u0173 komandos.<\/p>\n<p><a target=\"_blank\" rel=\"caption[\u201eRaudonkepurait\u0117s\u201c dar\u017eelinukai irgi d\u017eiaug\u0117si netradicine \u0161vente.] noopener noreferrer\" class=\"jcepopup\" href=\"\/\/silutesnaujienos.lt\/images\/stories\/2013\/02\/19\/Raudonkepuraite_P2140109.jpg\" data-rel=\"lightbox-gallery-W5qKs6PZ\" data-rl_title=\"\" data-rl_caption=\"\"><img loading=\"lazy\" decoding=\"async\" style=\"margin: 5px; float: left;\" class=\"caption\" title=\"\" alt=\"Raudonkepuraite P2140109\" src=\"\/\/silutesnaujienos.lt\/images\/stories\/2013\/02\/19\/thumbnails\/thumb_Raudonkepuraite_P2140109.jpg\" height=\"230\" width=\"307\" \/><\/a><strong>Meil\u0117s dien\u0105 &#8211; meil\u0117 T\u0117vynei<\/strong><\/p>\n<p>\u0160v\u0117k\u0161nos specialiosios mokyklos mokiniai kartu su istorijos mokytoju Jonu Girskiu nusprend\u0117 sujungti Meil\u0117s dien\u0105 ir Lietuvos valstyb\u0117s atgimimo dien\u0105.<\/p>\n<p>Mokiniai sutiko, jog svarbu parodyti meil\u0119 ne tik savo brangiausiems \u017emon\u0117ms, bet ir savo gimtajam kra\u0161tui.<\/p>\n<p>\u0160ventei ruo\u0161\u0117 Lietuvos ir meil\u0117s simboli\u0173 atributik\u0105, dalijosi \u012fsp\u016bd\u017eiais ir prisiminimais apie gra\u017eiausias, lankomiausias Lietuvos vietas, aplank\u0117 jas virtualiai, prisimin\u0117 svarbiausius Lietuvos istorijos momentus, \u017emones, garsinan\u010dius Lietuv\u0105. Skamb\u0117jo eil\u0117s, dainos Lietuvai ir apie Lietuv\u0105.<\/p>\n<p>Mokykloje mokosi vaikai i\u0161 \u012fvairi\u0173 Lietuvos miest\u0173. Jie pasakojo apie savo gimtini\u0173 i\u0161skirtinum\u0105 ir suprato, kad var\u017eytis, kas labiau myli T\u0117vyn\u0119, neder\u0117t\u0173.<\/p>\n<p><strong>Lietuvos gimtadienis &#8211; jaukus ir i\u0161radingas<\/strong><\/p>\n<p>Lietuvos valstyb\u0117s atk\u016brimo dienos i\u0161vakar\u0117se Saug\u0173 bendruomen\u0117, atsiliepdama \u012f Prezident\u0117s inicijuot\u0105 akcij\u0105 \u201eVasario 16-\u0105j\u0105 \u0161v\u0119sk i\u0161radingai\u201c, susirinko \u012f \u0161ventin\u012f koncert\u0105, kur\u012f pareng\u0117 meno vadovi\u0173 Danguol\u0117s \u017dilionien\u0117s ir Vidos Gon\u010diarovos vadovaujami kolektyvai.<\/p>\n<p>Renginio ved\u0117jas Vytautas Laurinavi\u010dius pasteb\u0117jo, kad \u0161i\u0173met\u0117 \u0161vent\u0117 i\u0161skirtin\u0117 &#8211; koncertavo tik saugi\u0161ki\u0173 kolektyvai: moter\u0173 vokalinis ansamblis \u201eVakar\u0117\u201c ir Saug\u0173 bendruomen\u0117s \u201eSaug\u0173 artuma\u201c kapela su moter\u0173 ansambliu.<\/p>\n<p>Sveikinimo kalbose visi pa\u0161nekovai &#8211; seni\u016bn\u0117 A.O\u017eelyt\u0117, mokyklos direktor\u0117 J.Lid\u017eiuvien\u0117, kunigas M.\u017dilinskas kviet\u0117 nepamir\u0161ti lietuvi\u0173 tautos \u0161viesuoli\u0173 ir laisv\u0117s ne\u0161\u0117j\u0173, telkti \u017emones vieningam darbui tautos labui, puosel\u0117ti kalb\u0105, kult\u016br\u0105, saugoti istorin\u012f paveld\u0105, kurti gra\u017eesn\u012f rytoj\u0173, primin\u0117, kad m\u016bs\u0173 nesavanaudi\u0161ki darbai ir pagarba vienas kitam &#8211; yra did\u017eiausia meil\u0117 Lietuvai.<a target=\"_blank\" rel=\"caption[\u201e\u017dibut\u0117s\u201c ma\u017eyliai dovan\u0173 gavo po \u201e\u0161irdel\u0119 Lietuvos\u201c.] noopener noreferrer\" class=\"jcepopup\" href=\"\/\/silutesnaujienos.lt\/images\/stories\/2013\/02\/19\/P2150862.jpg\" data-rel=\"lightbox-gallery-W5qKs6PZ\" data-rl_title=\"\" data-rl_caption=\"\"><img loading=\"lazy\" decoding=\"async\" style=\"margin: 5px; float: right;\" class=\"caption\" title=\"\" alt=\"P2150862\" src=\"\/\/silutesnaujienos.lt\/images\/stories\/2013\/02\/19\/thumbnails\/thumb_P2150862.jpg\" height=\"230\" width=\"307\" \/><\/a><\/p>\n<p>Pad\u0117kos ra\u0161tai u\u017e prasmingus visuomeninius darbus \u012fteikti Saug\u0173 vaik\u0173 dar\u017eelio direktorei V.U\u017epurvienei, \u0160ilut\u0117s 8-osios kuopos vadui D.Jauniui, Saug\u0173 vaik\u0173 nam\u0173 direktoriui E.Judeikiui, g\u0117l\u0117s &#8211; D.\u017dilionienei, V.Gon\u010diarovai, V.Laurinavi\u010diui ir P.Jakui.<br \/>\u0160ventinis koncertas baig\u0117si staigmena &#8211; Saug\u0173 vaik\u0173 teatro \u201eVieno kiemo vaikai\u201c suvaidinta i\u0161trauka i\u0161 spektaklio \u201eI\u0161 praeities \u012f dabart\u012f\u201c. Staigmena saugi\u0161kius panoro nustebinti re\u017eisier\u0117 L.\u017dilinskien\u0117.<\/p>\n<p>\u0160ventin\u012f koncert\u0105 organizatoriai suman\u0117 u\u017ebaigti lauke, prie liepsnojan\u010dio lau\u017eo, visiems kartu traukiant lietuvi\u0173 liaudies dainas.<\/p>\n<p><strong>\u0160ilut\u0117je nuvilnijo sniego trispalv\u0117<\/strong><\/p>\n<p>Gripo nei\u0161g\u0105sdinti \u0161iluti\u0161kiai \u0161v\u0119sti Lietuvos valstyb\u0117s gimtadien\u012f susirinko prie \u0160ilut\u0117s kult\u016bros ir pramog\u0173 centro. Gra\u017eiausias akcentas \u010dia buvo pus\u0119 aik\u0161t\u0117s u\u017edengusi trispalv\u0117, tiesa, &#8211; ne plazdanti med\u017eiagin\u0117, o suformuota i\u0161 sniego bang\u0173.<\/p>\n<p>\u0160iluti\u0161kius sveikinusi mer\u0117 Daiva \u017debelien\u0117 sak\u0117 tikinti, kad mus vienijan\u010dius jausmus sugeb\u0117sime perduoti ateinan\u010dioms kartoms, kad m\u016bs\u0173 vaikai ir vaikai\u010diai taip pat su jauduliu giedos \u201eTauti\u0161k\u0105 giesm\u0119\u201c.<\/p>\n<p>Trumpo min\u0117jimo dalyvius su\u0161ild\u0117 kar\u0161ta arbata, \u017emon\u0117s bendravo ir, beje, d\u017eiaug\u0117si, kad \u0160ilut\u0117 pilna v\u0117liav\u0173 &#8211; trispalv\u0117s plev\u0117savo kone prie kiekvieno pastato.<\/p>\n<p><em><strong>Sigito Grin\u010dinai\u010dio, Jono Girskio, Violetos Astrauskien\u0117s, Skirmant\u0117s Galvyd\u0117s, Zenut\u0117s Naus\u0117dien\u0117s informacija.<br \/><\/strong><\/em><strong><br \/><\/strong><span style=\"color: #008000;\"><strong>Daugiau nuotrauk\u0173 galerijoje<\/strong><em><strong><br \/><\/strong><\/em><\/span><\/p>\n","protected":false},"excerpt":{"rendered":"<p>\u0160e\u0161tadien\u012f visa Lietuva \u0161vent\u0117! Daug smagi\u0173, jautri\u0173 ir dvasing\u0173 min\u0117jim\u0173 sureng\u0117 ir \u0160ilut\u0117s rajono \u012fstaigos, kolektyvai, bendruomen\u0117s. \u201eMan dav\u0117 \u0161irdel\u0119 Lietuvos!\u201c, &#8211; tokiu d\u017eiaugsmu su mamyte pasidalijo \u0160ilut\u0117s lop\u0161el\u012f &#8211; dar\u017eel\u012f \u201e\u017dibut\u0117\u201c lankanti ma\u017eoji Urt\u0117. Puiku, kad ir ma\u017eos \u0161irdel\u0117s, ir didel\u0117s \u0161irdys i\u0161moksta d\u017eiaugtis, myl\u0117ti, did\u017eiuotis Lietuva, kuri\u0105, Justino Marcinkevi\u010diaus \u017eod\u017eiais tariant, kiekvienam i\u0161 [&hellip;]<\/p>\n","protected":false},"author":2,"featured_media":0,"comment_status":"open","ping_status":"open","sticky":false,"template":"","format":"standard","meta":{"footnotes":""},"categories":[52],"tags":[],"class_list":{"0":"post-18091","1":"post","2":"type-post","3":"status-publish","4":"format-standard","6":"category-gyvenimas"},"yoast_head":"<!-- This site is optimized with the Yoast SEO plugin v27.5 - https:\/\/yoast.com\/product\/yoast-seo-wordpress\/ -->\n<title>Lietuvos valstyb\u0117s 95-met\u012f \u0161vent\u0117me originaliai - \u0160ilut\u0117s naujienos<\/title>\n<meta name=\"robots\" content=\"index, follow, max-snippet:-1, max-image-preview:large, max-video-preview:-1\" \/>\n<link rel=\"canonical\" href=\"https:\/\/www.silutesnaujienos.lt\/lt\/lietuvos-valstybes-95-meti-sventeme-originaliai\/\" \/>\n<meta property=\"og:locale\" content=\"lt_LT\" \/>\n<meta property=\"og:type\" content=\"article\" \/>\n<meta property=\"og:title\" content=\"Lietuvos valstyb\u0117s 95-met\u012f \u0161vent\u0117me originaliai - \u0160ilut\u0117s naujienos\" \/>\n<meta property=\"og:description\" content=\"\u0160e\u0161tadien\u012f visa Lietuva \u0161vent\u0117! Daug smagi\u0173, jautri\u0173 ir dvasing\u0173 min\u0117jim\u0173 sureng\u0117 ir \u0160ilut\u0117s rajono \u012fstaigos, kolektyvai, bendruomen\u0117s. \u201eMan dav\u0117 \u0161irdel\u0119 Lietuvos!\u201c, &#8211; tokiu d\u017eiaugsmu su mamyte pasidalijo \u0160ilut\u0117s lop\u0161el\u012f &#8211; dar\u017eel\u012f \u201e\u017dibut\u0117\u201c lankanti ma\u017eoji Urt\u0117. Puiku, kad ir ma\u017eos \u0161irdel\u0117s, ir didel\u0117s \u0161irdys i\u0161moksta d\u017eiaugtis, myl\u0117ti, did\u017eiuotis Lietuva, kuri\u0105, Justino Marcinkevi\u010diaus \u017eod\u017eiais tariant, kiekvienam i\u0161 [&hellip;]\" \/>\n<meta property=\"og:url\" content=\"https:\/\/www.silutesnaujienos.lt\/lt\/lietuvos-valstybes-95-meti-sventeme-originaliai\/\" \/>\n<meta property=\"og:site_name\" content=\"\u0160ilut\u0117s naujienos\" \/>\n<meta property=\"article:publisher\" content=\"https:\/\/www.facebook.com\/silutes.naujienos\/\" \/>\n<meta property=\"article:published_time\" content=\"2013-02-19T18:00:00+00:00\" \/>\n<meta property=\"og:image\" content=\"\/\/silutesnaujienos.lt\/images\/stories\/2013\/02\/19\/thumbnails\/thumb_DSCF0732.jpg\" \/>\n<meta name=\"author\" content=\"\u0160ilut\u0117s naujien\u0173 inf.\" \/>\n<meta name=\"twitter:card\" content=\"summary_large_image\" \/>\n<meta name=\"twitter:label1\" content=\"Written by\" \/>\n\t<meta name=\"twitter:data1\" content=\"\u0160ilut\u0117s naujien\u0173 inf.\" \/>\n\t<meta name=\"twitter:label2\" content=\"Est. reading time\" \/>\n\t<meta name=\"twitter:data2\" content=\"5 minut\u0117s\" \/>\n<script type=\"application\/ld+json\" class=\"yoast-schema-graph\">{\"@context\":\"https:\\\/\\\/schema.org\",\"@graph\":[{\"@type\":\"Article\",\"@id\":\"https:\\\/\\\/www.silutesnaujienos.lt\\\/lt\\\/lietuvos-valstybes-95-meti-sventeme-originaliai\\\/#article\",\"isPartOf\":{\"@id\":\"https:\\\/\\\/www.silutesnaujienos.lt\\\/lt\\\/lietuvos-valstybes-95-meti-sventeme-originaliai\\\/\"},\"author\":{\"name\":\"\u0160ilut\u0117s naujien\u0173 inf.\",\"@id\":\"https:\\\/\\\/www.silutesnaujienos.lt\\\/lt\\\/#\\\/schema\\\/person\\\/976440ef837444400af3c77c19c61454\"},\"headline\":\"Lietuvos valstyb\u0117s 95-met\u012f \u0161vent\u0117me originaliai\",\"datePublished\":\"2013-02-19T18:00:00+00:00\",\"mainEntityOfPage\":{\"@id\":\"https:\\\/\\\/www.silutesnaujienos.lt\\\/lt\\\/lietuvos-valstybes-95-meti-sventeme-originaliai\\\/\"},\"wordCount\":1102,\"commentCount\":0,\"publisher\":{\"@id\":\"https:\\\/\\\/www.silutesnaujienos.lt\\\/lt\\\/#organization\"},\"articleSection\":[\"Gyvenimas\"],\"inLanguage\":\"lt-LT\",\"potentialAction\":[{\"@type\":\"CommentAction\",\"name\":\"Comment\",\"target\":[\"https:\\\/\\\/www.silutesnaujienos.lt\\\/lt\\\/lietuvos-valstybes-95-meti-sventeme-originaliai\\\/#respond\"]}]},{\"@type\":\"WebPage\",\"@id\":\"https:\\\/\\\/www.silutesnaujienos.lt\\\/lt\\\/lietuvos-valstybes-95-meti-sventeme-originaliai\\\/\",\"url\":\"https:\\\/\\\/www.silutesnaujienos.lt\\\/lt\\\/lietuvos-valstybes-95-meti-sventeme-originaliai\\\/\",\"name\":\"Lietuvos valstyb\u0117s 95-met\u012f \u0161vent\u0117me originaliai - \u0160ilut\u0117s naujienos\",\"isPartOf\":{\"@id\":\"https:\\\/\\\/www.silutesnaujienos.lt\\\/lt\\\/#website\"},\"datePublished\":\"2013-02-19T18:00:00+00:00\",\"breadcrumb\":{\"@id\":\"https:\\\/\\\/www.silutesnaujienos.lt\\\/lt\\\/lietuvos-valstybes-95-meti-sventeme-originaliai\\\/#breadcrumb\"},\"inLanguage\":\"lt-LT\",\"potentialAction\":[{\"@type\":\"ReadAction\",\"target\":[\"https:\\\/\\\/www.silutesnaujienos.lt\\\/lt\\\/lietuvos-valstybes-95-meti-sventeme-originaliai\\\/\"]}]},{\"@type\":\"BreadcrumbList\",\"@id\":\"https:\\\/\\\/www.silutesnaujienos.lt\\\/lt\\\/lietuvos-valstybes-95-meti-sventeme-originaliai\\\/#breadcrumb\",\"itemListElement\":[{\"@type\":\"ListItem\",\"position\":1,\"name\":\"Home\",\"item\":\"https:\\\/\\\/www.silutesnaujienos.lt\\\/lt\\\/\"},{\"@type\":\"ListItem\",\"position\":2,\"name\":\"Lietuvos valstyb\u0117s 95-met\u012f \u0161vent\u0117me originaliai\"}]},{\"@type\":\"WebSite\",\"@id\":\"https:\\\/\\\/www.silutesnaujienos.lt\\\/lt\\\/#website\",\"url\":\"https:\\\/\\\/www.silutesnaujienos.lt\\\/lt\\\/\",\"name\":\"\u0160ilut\u0117s naujienos\",\"description\":\"B\u016bk ant naujien\u0173 bangos!\",\"publisher\":{\"@id\":\"https:\\\/\\\/www.silutesnaujienos.lt\\\/lt\\\/#organization\"},\"potentialAction\":[{\"@type\":\"SearchAction\",\"target\":{\"@type\":\"EntryPoint\",\"urlTemplate\":\"https:\\\/\\\/www.silutesnaujienos.lt\\\/lt\\\/?s={search_term_string}\"},\"query-input\":{\"@type\":\"PropertyValueSpecification\",\"valueRequired\":true,\"valueName\":\"search_term_string\"}}],\"inLanguage\":\"lt-LT\"},{\"@type\":\"Organization\",\"@id\":\"https:\\\/\\\/www.silutesnaujienos.lt\\\/lt\\\/#organization\",\"name\":\"\u0160ilut\u0117s naujienos\",\"url\":\"https:\\\/\\\/www.silutesnaujienos.lt\\\/lt\\\/\",\"logo\":{\"@type\":\"ImageObject\",\"inLanguage\":\"lt-LT\",\"@id\":\"https:\\\/\\\/www.silutesnaujienos.lt\\\/lt\\\/#\\\/schema\\\/logo\\\/image\\\/\",\"url\":\"https:\\\/\\\/www.silutesnaujienos.lt\\\/lt\\\/wp-content\\\/uploads\\\/2020\\\/06\\\/FB_MAIN.jpg\",\"contentUrl\":\"https:\\\/\\\/www.silutesnaujienos.lt\\\/lt\\\/wp-content\\\/uploads\\\/2020\\\/06\\\/FB_MAIN.jpg\",\"width\":1700,\"height\":956,\"caption\":\"\u0160ilut\u0117s naujienos\"},\"image\":{\"@id\":\"https:\\\/\\\/www.silutesnaujienos.lt\\\/lt\\\/#\\\/schema\\\/logo\\\/image\\\/\"},\"sameAs\":[\"https:\\\/\\\/www.facebook.com\\\/silutes.naujienos\\\/\",\"https:\\\/\\\/www.youtube.com\\\/channel\\\/UCxW-cgrJDt8GxIMxSTAfJZg\"]},{\"@type\":\"Person\",\"@id\":\"https:\\\/\\\/www.silutesnaujienos.lt\\\/lt\\\/#\\\/schema\\\/person\\\/976440ef837444400af3c77c19c61454\",\"name\":\"\u0160ilut\u0117s naujien\u0173 inf.\",\"image\":{\"@type\":\"ImageObject\",\"inLanguage\":\"lt-LT\",\"@id\":\"https:\\\/\\\/www.silutesnaujienos.lt\\\/lt\\\/wp-content\\\/uploads\\\/2020\\\/06\\\/favicon.png\",\"url\":\"https:\\\/\\\/www.silutesnaujienos.lt\\\/lt\\\/wp-content\\\/uploads\\\/2020\\\/06\\\/favicon.png\",\"contentUrl\":\"https:\\\/\\\/www.silutesnaujienos.lt\\\/lt\\\/wp-content\\\/uploads\\\/2020\\\/06\\\/favicon.png\",\"caption\":\"\u0160ilut\u0117s naujien\u0173 inf.\"},\"url\":\"https:\\\/\\\/www.silutesnaujienos.lt\\\/lt\\\/author\\\/vadas\\\/\"}]}<\/script>\n<!-- \/ Yoast SEO plugin. -->","yoast_head_json":{"title":"Lietuvos valstyb\u0117s 95-met\u012f \u0161vent\u0117me originaliai - \u0160ilut\u0117s naujienos","robots":{"index":"index","follow":"follow","max-snippet":"max-snippet:-1","max-image-preview":"max-image-preview:large","max-video-preview":"max-video-preview:-1"},"canonical":"https:\/\/www.silutesnaujienos.lt\/lt\/lietuvos-valstybes-95-meti-sventeme-originaliai\/","og_locale":"lt_LT","og_type":"article","og_title":"Lietuvos valstyb\u0117s 95-met\u012f \u0161vent\u0117me originaliai - \u0160ilut\u0117s naujienos","og_description":"\u0160e\u0161tadien\u012f visa Lietuva \u0161vent\u0117! Daug smagi\u0173, jautri\u0173 ir dvasing\u0173 min\u0117jim\u0173 sureng\u0117 ir \u0160ilut\u0117s rajono \u012fstaigos, kolektyvai, bendruomen\u0117s. \u201eMan dav\u0117 \u0161irdel\u0119 Lietuvos!\u201c, &#8211; tokiu d\u017eiaugsmu su mamyte pasidalijo \u0160ilut\u0117s lop\u0161el\u012f &#8211; dar\u017eel\u012f \u201e\u017dibut\u0117\u201c lankanti ma\u017eoji Urt\u0117. Puiku, kad ir ma\u017eos \u0161irdel\u0117s, ir didel\u0117s \u0161irdys i\u0161moksta d\u017eiaugtis, myl\u0117ti, did\u017eiuotis Lietuva, kuri\u0105, Justino Marcinkevi\u010diaus \u017eod\u017eiais tariant, kiekvienam i\u0161 [&hellip;]","og_url":"https:\/\/www.silutesnaujienos.lt\/lt\/lietuvos-valstybes-95-meti-sventeme-originaliai\/","og_site_name":"\u0160ilut\u0117s naujienos","article_publisher":"https:\/\/www.facebook.com\/silutes.naujienos\/","article_published_time":"2013-02-19T18:00:00+00:00","og_image":[{"url":"\/\/silutesnaujienos.lt\/images\/stories\/2013\/02\/19\/thumbnails\/thumb_DSCF0732.jpg","type":"","width":"","height":""}],"author":"\u0160ilut\u0117s naujien\u0173 inf.","twitter_card":"summary_large_image","twitter_misc":{"Written by":"\u0160ilut\u0117s naujien\u0173 inf.","Est. reading time":"5 minut\u0117s"},"schema":{"@context":"https:\/\/schema.org","@graph":[{"@type":"Article","@id":"https:\/\/www.silutesnaujienos.lt\/lt\/lietuvos-valstybes-95-meti-sventeme-originaliai\/#article","isPartOf":{"@id":"https:\/\/www.silutesnaujienos.lt\/lt\/lietuvos-valstybes-95-meti-sventeme-originaliai\/"},"author":{"name":"\u0160ilut\u0117s naujien\u0173 inf.","@id":"https:\/\/www.silutesnaujienos.lt\/lt\/#\/schema\/person\/976440ef837444400af3c77c19c61454"},"headline":"Lietuvos valstyb\u0117s 95-met\u012f \u0161vent\u0117me originaliai","datePublished":"2013-02-19T18:00:00+00:00","mainEntityOfPage":{"@id":"https:\/\/www.silutesnaujienos.lt\/lt\/lietuvos-valstybes-95-meti-sventeme-originaliai\/"},"wordCount":1102,"commentCount":0,"publisher":{"@id":"https:\/\/www.silutesnaujienos.lt\/lt\/#organization"},"articleSection":["Gyvenimas"],"inLanguage":"lt-LT","potentialAction":[{"@type":"CommentAction","name":"Comment","target":["https:\/\/www.silutesnaujienos.lt\/lt\/lietuvos-valstybes-95-meti-sventeme-originaliai\/#respond"]}]},{"@type":"WebPage","@id":"https:\/\/www.silutesnaujienos.lt\/lt\/lietuvos-valstybes-95-meti-sventeme-originaliai\/","url":"https:\/\/www.silutesnaujienos.lt\/lt\/lietuvos-valstybes-95-meti-sventeme-originaliai\/","name":"Lietuvos valstyb\u0117s 95-met\u012f \u0161vent\u0117me originaliai - \u0160ilut\u0117s naujienos","isPartOf":{"@id":"https:\/\/www.silutesnaujienos.lt\/lt\/#website"},"datePublished":"2013-02-19T18:00:00+00:00","breadcrumb":{"@id":"https:\/\/www.silutesnaujienos.lt\/lt\/lietuvos-valstybes-95-meti-sventeme-originaliai\/#breadcrumb"},"inLanguage":"lt-LT","potentialAction":[{"@type":"ReadAction","target":["https:\/\/www.silutesnaujienos.lt\/lt\/lietuvos-valstybes-95-meti-sventeme-originaliai\/"]}]},{"@type":"BreadcrumbList","@id":"https:\/\/www.silutesnaujienos.lt\/lt\/lietuvos-valstybes-95-meti-sventeme-originaliai\/#breadcrumb","itemListElement":[{"@type":"ListItem","position":1,"name":"Home","item":"https:\/\/www.silutesnaujienos.lt\/lt\/"},{"@type":"ListItem","position":2,"name":"Lietuvos valstyb\u0117s 95-met\u012f \u0161vent\u0117me originaliai"}]},{"@type":"WebSite","@id":"https:\/\/www.silutesnaujienos.lt\/lt\/#website","url":"https:\/\/www.silutesnaujienos.lt\/lt\/","name":"\u0160ilut\u0117s naujienos","description":"B\u016bk ant naujien\u0173 bangos!","publisher":{"@id":"https:\/\/www.silutesnaujienos.lt\/lt\/#organization"},"potentialAction":[{"@type":"SearchAction","target":{"@type":"EntryPoint","urlTemplate":"https:\/\/www.silutesnaujienos.lt\/lt\/?s={search_term_string}"},"query-input":{"@type":"PropertyValueSpecification","valueRequired":true,"valueName":"search_term_string"}}],"inLanguage":"lt-LT"},{"@type":"Organization","@id":"https:\/\/www.silutesnaujienos.lt\/lt\/#organization","name":"\u0160ilut\u0117s naujienos","url":"https:\/\/www.silutesnaujienos.lt\/lt\/","logo":{"@type":"ImageObject","inLanguage":"lt-LT","@id":"https:\/\/www.silutesnaujienos.lt\/lt\/#\/schema\/logo\/image\/","url":"https:\/\/www.silutesnaujienos.lt\/lt\/wp-content\/uploads\/2020\/06\/FB_MAIN.jpg","contentUrl":"https:\/\/www.silutesnaujienos.lt\/lt\/wp-content\/uploads\/2020\/06\/FB_MAIN.jpg","width":1700,"height":956,"caption":"\u0160ilut\u0117s naujienos"},"image":{"@id":"https:\/\/www.silutesnaujienos.lt\/lt\/#\/schema\/logo\/image\/"},"sameAs":["https:\/\/www.facebook.com\/silutes.naujienos\/","https:\/\/www.youtube.com\/channel\/UCxW-cgrJDt8GxIMxSTAfJZg"]},{"@type":"Person","@id":"https:\/\/www.silutesnaujienos.lt\/lt\/#\/schema\/person\/976440ef837444400af3c77c19c61454","name":"\u0160ilut\u0117s naujien\u0173 inf.","image":{"@type":"ImageObject","inLanguage":"lt-LT","@id":"https:\/\/www.silutesnaujienos.lt\/lt\/wp-content\/uploads\/2020\/06\/favicon.png","url":"https:\/\/www.silutesnaujienos.lt\/lt\/wp-content\/uploads\/2020\/06\/favicon.png","contentUrl":"https:\/\/www.silutesnaujienos.lt\/lt\/wp-content\/uploads\/2020\/06\/favicon.png","caption":"\u0160ilut\u0117s naujien\u0173 inf."},"url":"https:\/\/www.silutesnaujienos.lt\/lt\/author\/vadas\/"}]}},"publishpress_future_workflow_manual_trigger":{"enabledWorkflows":[]},"amp_enabled":true,"_links":{"self":[{"href":"https:\/\/www.silutesnaujienos.lt\/lt\/wp-json\/wp\/v2\/posts\/18091","targetHints":{"allow":["GET"]}}],"collection":[{"href":"https:\/\/www.silutesnaujienos.lt\/lt\/wp-json\/wp\/v2\/posts"}],"about":[{"href":"https:\/\/www.silutesnaujienos.lt\/lt\/wp-json\/wp\/v2\/types\/post"}],"author":[{"embeddable":true,"href":"https:\/\/www.silutesnaujienos.lt\/lt\/wp-json\/wp\/v2\/users\/2"}],"replies":[{"embeddable":true,"href":"https:\/\/www.silutesnaujienos.lt\/lt\/wp-json\/wp\/v2\/comments?post=18091"}],"version-history":[{"count":0,"href":"https:\/\/www.silutesnaujienos.lt\/lt\/wp-json\/wp\/v2\/posts\/18091\/revisions"}],"wp:attachment":[{"href":"https:\/\/www.silutesnaujienos.lt\/lt\/wp-json\/wp\/v2\/media?parent=18091"}],"wp:term":[{"taxonomy":"category","embeddable":true,"href":"https:\/\/www.silutesnaujienos.lt\/lt\/wp-json\/wp\/v2\/categories?post=18091"},{"taxonomy":"post_tag","embeddable":true,"href":"https:\/\/www.silutesnaujienos.lt\/lt\/wp-json\/wp\/v2\/tags?post=18091"}],"curies":[{"name":"wp","href":"https:\/\/api.w.org\/{rel}","templated":true}]}}