{"id":18562,"date":"2013-01-09T18:00:00","date_gmt":"2013-01-09T20:00:00","guid":{"rendered":"https:\/\/www.silutesnaujienos.lt\/lt\/svenciu-palikimas-siuksliu-kalnai\/"},"modified":"2013-01-09T18:00:00","modified_gmt":"2013-01-09T20:00:00","slug":"svenciu-palikimas-siuksliu-kalnai","status":"publish","type":"post","link":"https:\/\/www.silutesnaujienos.lt\/lt\/svenciu-palikimas-siuksliu-kalnai\/","title":{"rendered":"\u0160ven\u010di\u0173 palikimas &#8211; \u0161iuk\u0161li\u0173 kalnai"},"content":{"rendered":"<p><a target=\"_blank\" rel=\"caption[Vakar ryte \u0160ilut\u0117je taip atrod\u0117 daugelis miesto konteineri\u0173, o \u010dia at\u0117j\u0119 \u017emon\u0117s piktinosi, kad kai kurios atliekos \u0161alia j\u0173 gulin\u010dios jau nuo K\u016b\u010di\u0173.] noopener noreferrer\" class=\"jcepopup\" href=\"\/\/silutesnaujienos.lt\/images\/stories\/2013\/01\/08\/siuskles_knygnesiu.jpg\" data-rel=\"lightbox-gallery-nT3HQ28N\" data-rl_title=\"\" data-rl_caption=\"\"><img loading=\"lazy\" decoding=\"async\" style=\"margin: 5px; float: left;\" class=\"caption\" title=\"\" alt=\"siuskles knygnesiu\" src=\"\/\/silutesnaujienos.lt\/images\/stories\/2013\/01\/08\/thumbnails\/thumb_siuskles_knygnesiu.jpg\" height=\"230\" width=\"307\" \/><\/a><strong>\u0160iuk\u0161li\u0173 ve\u017e\u0117jai \u0161iuk\u0161les paliko \u0161unims, varnoms ir v\u0117jui.<\/strong><\/p>\n<p><strong>Prie\u0161\u0161ventinio laiko d\u017eiuges\u012f Gardamo seni\u016bnijos Pa\u0161ili\u0161k\u0117s ir Ju\u0161kai\u010di\u0173 kaim\u0173 \u017emon\u0117ms jau ne vien\u0105 savait\u0119 kartina&#8230; \u0161iuk\u0161l\u0117s. Atliek\u0173 ve\u017e\u0117jai \u201eEcoservice\u201c \u0161iuk\u0161li\u0173 konteineri\u0173 \u0161iame kaime nebetu\u0161tina jau kelias savaites, atsikalbin\u0117dami tai es\u0105 neprava\u017eiuojamais keliais, tai neva sugedusiais automobiliais.<\/strong><\/p>\n<p>Pana\u0161i \u201e\u0161ventin\u0117\u201c pad\u0117tis ir \u0160ilut\u0117je. Redakcij\u0105 u\u017epyl\u0117 skambu\u010diai i\u0161 Melioratori\u0173 al\u0117jos, Knygne\u0161i\u0173, P.Jak\u0161to, Vytauto gatvi\u0173, kuri\u0173 gyventojai piktinasi, jog ir tarpu\u0161ven\u010diu, ir \u0161vent\u0117ms pra\u0117jus nebeturi kur i\u0161pilti atliek\u0173: konteineriai perpildyti, kr\u016bvos atliek\u0173 dar nuo K\u016b\u010di\u0173 suversta \u0161alia j\u0173.<\/p>\n<p>Nors \u0161iuk\u0161l\u0117s nei\u0161ve\u017etos, bet \u017emon\u0117ms mok\u0117ti u\u017e atliek\u0173 i\u0161ve\u017eim\u0105 teks, o susirinkti visose pakel\u0117se ir pakr\u016bm\u0117se v\u0117jo, pauk\u0161\u010di\u0173, ka\u010di\u0173 ir \u0161un\u0173 jau i\u0161tampytas panaudotas sauskelnes, maisto atliekas ir visokiausias maisto pakuotes tur\u0117s patys.<br \/>\u0160iuk\u0161li\u0173 ve\u017e\u0117jai tikina apie toki\u0105 situacij\u0105 girdintys pirm\u0105 kart\u0105 ir neigia, kad neatlieka savo pareig\u0173. Es\u0105 jie konteinerius tu\u0161tino \u012fprastu grafiku, bet atliek\u0173 padaug\u0117jo tod\u0117l, kad \u017emon\u0117s \u0161ven\u010di\u0173 metu daugiau vartojo. Tod\u0117l gyventojai tur\u0117t\u0173 ne piktintis, o d\u017eiaugtis ger\u0117jan\u010diu gyvenimu&#8230;<\/p>\n<p><strong>\u0160iuk\u0161l\u0117s &#8211; visose pakamp\u0117se<\/strong><a target=\"_blank\" rel=\"caption[Vaizdas Melioratori\u0173 al\u0117joje.] noopener noreferrer\" class=\"jcepopup\" href=\"\/\/silutesnaujienos.lt\/images\/stories\/2013\/01\/08\/siuskles_melioratoriu.jpg\" data-rel=\"lightbox-gallery-nT3HQ28N\" data-rl_title=\"\" data-rl_caption=\"\"><img loading=\"lazy\" decoding=\"async\" style=\"margin: 5px; float: right;\" class=\"caption\" title=\"\" alt=\"siuskles melioratoriu\" src=\"\/\/silutesnaujienos.lt\/images\/stories\/2013\/01\/08\/thumbnails\/thumb_siuskles_melioratoriu.jpg\" height=\"230\" width=\"307\" \/><\/a><\/p>\n<p>\u201ePer vis\u0105 gruod\u017eio m\u0117nes\u012f \u0161iuk\u0161li\u0173 i\u0161 m\u016bs\u0173 kaimo nei\u0161ve\u017e\u0117 n\u0117 karto. Kiek kart\u0173 skambinome \u012f UAB \u201eEcoservice\u201c, pra\u0161\u0117me jas i\u0161ve\u017eti, sulaukdavome atsakymo, jog i\u0161ve\u0161 v\u0117liau. \u012e skambu\u010dius atsakiusi moteris \u017ead\u0117jo, kad j\u0173 darbuotojai surinks visas \u0161iuk\u0161les, kuri\u0173 dabar ne tik konteineriuose, bet aplinkiniuose kr\u016bmuose, laukuose pilna. Tikino, kad iki gruod\u017eio 26 dienos \u0161iuk\u0161lyn\u0173 tikrai neliks. Deja, niekas neatva\u017eiavo surinkti. V\u0117l skambinau gruod\u017eio 28 dien\u0105. T\u0105dien atsiliepusi darbuotoja nebuvo kalbi ir draugi\u0161kai nusiteikusi. Pasakius, i\u0161 kur ir d\u0117l ko skambinu, ji tepasak\u0117: \u201eNusibodo jums ai\u0161kinti\u201c ir pad\u0117jo telefono ragel\u012f\u201c, &#8211; kalb\u0117jo Pa\u0161ili\u0161k\u0117je gyvenantis Rimantas.<\/p>\n<p>Nepasitenkinimo neslepia ir kiti \u0161io kaimo gyventojai. Dar keli j\u0173 tvirtino taip pat skambin\u0119 d\u0117l \u0161iuk\u0161li\u0173 i\u0161ve\u017eimo. \u201ePirmiausia teisinosi, jog yra suged\u0119s \u0161iuk\u0161li\u0173 surinkimo automobilis, v\u0117liau &#8211; kad neva prastas kelias. Tai netiesa. Juk mes kasdien va\u017eiavome savo lengvaisiais automobiliais \u012f darbus ir i\u0161va\u017eiavome. O tarpu\u0161ven\u010diu ir paskutinis sniegas nutirpo\u201c, &#8211; piktinosi Daiva.<\/p>\n<p>Moteriai pikta ir tod\u0117l, kad jai jau vis\u0105 m\u0117nes\u012f tenka be reikalo tampyti savo konteiner\u012f i\u0161 sodybos kelis \u0161imtus metr\u0173 iki pagrindinio kelio. Kadangi \u0161iuk\u0161li\u0173 ve\u017e\u0117jai neatvyksta, Daiva konteiner\u012f kas kart\u0105 parsitempia atgal&#8230;<\/p>\n<p>Moteris sak\u0117 paskutin\u012f kart\u0105 \u012f \u201eEcoservice\u201c skambinusi sausio 4 dien\u0105, penktadien\u012f. T\u0105dien v\u0117l kalb\u0117jusi su nemandagia ponia. Daiva be u\u017euolank\u0173 prane\u0161\u0117, jog Pa\u0161ili\u0161k\u0117s kaimo gyventojai kreipsis \u012f mer\u0119, nes kitos i\u0161eities nebemato. Tuomet toji ponia irgi pasipiktinusi atr\u0117\u017e\u0117: \u201eKas j\u016bs per \u017emon\u0117s esate?\u201c. Ir i\u0161jung\u0117 telefon\u0105.<\/p>\n<p><a target=\"_blank\" rel=\"caption[Vytauto gatv\u0117je.] noopener noreferrer\" class=\"jcepopup\" href=\"\/\/silutesnaujienos.lt\/images\/stories\/2013\/01\/08\/siuksles_vytauto_g.jpg\" data-rel=\"lightbox-gallery-nT3HQ28N\" data-rl_title=\"\" data-rl_caption=\"\"><img loading=\"lazy\" decoding=\"async\" style=\"margin: 5px; float: left;\" class=\"caption\" title=\"\" alt=\"siuksles vytauto g\" src=\"\/\/silutesnaujienos.lt\/images\/stories\/2013\/01\/08\/thumbnails\/thumb_siuksles_vytauto_g.jpg\" height=\"230\" width=\"307\" \/><\/a>Pa\u0161ili\u0161k\u0117s \u017emon\u0117ms situacija nesuprantama ir tod\u0117l, kad vos u\u017e keli\u0173 kilometr\u0173 esan\u010di\u0173 Ramu\u010di\u0173 gyventojai toki\u0173 b\u0117d\u0173 neturi.<br \/>Seniai perpildytuose konteineriuose esan\u010dias atliekas drasko pauk\u0161\u010diai, v\u0117liau i\u0161draskytus mai\u0161us ir \u0161iuk\u0161les ne\u0161ioja v\u0117jas. <\/p>\n<p>\u0160iuk\u0161li\u0173 dabar pilna visur: kr\u016bmuose, pakel\u0117se, grioviuose. Kas jas i\u0161rinks? Pasak \u010dia gyvenan\u010dios Danut\u0117s, t\u0105 padaryti teks patiems kaimo \u017emon\u0117ms. Ir tik d\u0117l to, jog ka\u017ekas neatlieka savo darbo, bet pinigus ima. Beje, gruod\u012f nebeapsikent\u0119 \u017emon\u0117s jau kelis kartus i\u0161 vis\u0173 pakampi\u0173 rinko \u0161iuk\u0161les.<\/p>\n<p><strong>\u0160ilut\u0117je \u0161iuk\u0161l\u0117s guli nuo K\u016b\u010di\u0173<\/strong><\/p>\n<p>Tas pats ir Ju\u0161kai\u010diuose &#8211; \u010dia gyvenantis p.Zenonas guod\u017eiasi atliek\u0173 ve\u017e\u0117j\u0173 automobilio nemat\u0119s jau vis\u0105 m\u0117nes\u012f, tad irgi jau nebe\u017eino, kur d\u0117ti savojo \u016bkio atliekas.<\/p>\n<p>Pana\u0161iai jau\u010diasi ir \u0161iluti\u0161kiai. \u0160tai vakar u\u017esukus \u012f Melioratori\u0173 al\u0117j\u0105 \u010dia sutikti gyventojai guod\u0117si, kad aplink konteinerius gulintys atliek\u0173 kalnai riogso \u010dia dar nuo K\u016b\u010di\u0173. Geriausias to \u012frodymas &#8211; sen\u0173 sulau\u017eyt\u0173 bald\u0173 liku\u010diai, kuriuos \u012fsimin\u0117 jau bene visi gyventojai.<\/p>\n<p>Apva\u017eiav\u0119 Knygne\u0161i\u0173, H.Zudermano ir kitas miesto gatves i\u0161vydome t\u0105 pat\u012f vaizdel\u012f: atliek\u0173 konteineriai taip apkrauti \u0161iuk\u0161l\u0117mis, kad per jas ir pa\u010dius konteinerius jau daug kur sunku \u012f\u017ei\u016br\u0117ti.<\/p>\n<p><strong>\u0160iuk\u0161li\u0173 ve\u017e\u0117j\u0173 vadov\u0117 nieko ne\u017eino?..<\/strong><\/p>\n<p>\u201eVaist\u0173 turime\u201c, &#8211; \u012f klausim\u0105, k\u0105 daryti \u0160ilut\u0117s ir kaim\u0173 gyventojams, atsak\u0117 \u0161iuk\u0161li\u0173 surinkimo srit\u012f kuruojantis Savivaldyb\u0117s administracijos direktoriaus pavaduotojas Vygantas Kamarauskas.<a target=\"_blank\" rel=\"caption[Tokie vaizdai Pa\u0161ili\u0161k\u0117s kaimo \u017emones piktina jau i\u0161tis\u0105 m\u0117nes\u012f. Jau m\u0117nes\u012f \u0161iuk\u0161li\u0173 ve\u017e\u0117jai neatva\u017eiuoja ir \u012f Ju\u0161kai\u010di\u0173 kaim\u0105.] noopener noreferrer\" class=\"jcepopup\" href=\"\/\/silutesnaujienos.lt\/images\/stories\/2013\/01\/08\/siuskles_pasiliskes_kaime.jpg\" data-rel=\"lightbox-gallery-nT3HQ28N\" data-rl_title=\"\" data-rl_caption=\"\"><img loading=\"lazy\" decoding=\"async\" style=\"margin: 5px; float: right;\" class=\"caption\" title=\"\" alt=\"siuskles pasiliskes kaime\" src=\"\/\/silutesnaujienos.lt\/images\/stories\/2013\/01\/08\/thumbnails\/thumb_siuskles_pasiliskes_kaime.jpg\" height=\"230\" width=\"307\" \/><\/a><\/p>\n<p>Jis apgailestavo, kad iki \u0161iol apie \u0161i\u0105 situacij\u0105 es\u0105 nieko ne\u017einojo Savivaldyb\u0117. Ir patikino, jog bus sudaryta komisija, kuri ap\u017ei\u016br\u0117s nurodytas vietas ir sura\u0161ys akt\u0105, o \u0161iuk\u0161li\u0173 ve\u017e\u0117jams es\u0105 teks visas v\u0117jo ir katin\u0173 i\u0161ne\u0161iotas \u0161iuk\u0161les surinkti patiems.<\/p>\n<p>\u201eNenormalu, kad taip t\u0105soma \u017emoni\u0173 kantryb\u0117 ir nervai\u201c, &#8211; sak\u0117 V.Kamarauskas.<\/p>\n<p>Pakalb\u0117j\u0119s su UAB \u201eEcoservice\u201c \u0160ilut\u0117s padalinio vadove Giedra Beinoriene, jis galutinai nustebino \u017eurnalistus. \u201eG.Beinorien\u0117 apie tokias kaim\u0173 gyventoj\u0173 b\u0117das girdi pirm\u0105 kart\u0105, nes jau kelias savaites atostogauja. Vadov\u0117 tikino, kad jos pavaldiniai negal\u0117jo taip nemandagiai atsakin\u0117ti klientams ir pa\u017ead\u0117jo ai\u0161kintis situacij\u0105\u201c, &#8211; prie\u0161 savait\u0119 \u017eurnalistus ramino V.Kamarauskas.<\/p>\n<p>Pasak V.Kamarausko, sausio 4 dien\u0105 G.Beinorien\u0117 buvo i\u0161kviesta \u012f Savivaldyb\u0119 ir patikino, kad atliekos i\u0161 kaim\u0173 bus i\u0161ve\u017etos per savait\u0119, o mieste es\u0105 ir taip viskas yra tvarkoje.<\/p>\n<p>Kokia \u201etvarka\u201c mieste yra i\u0161 tikr\u0173j\u0173, rodo vakar darytos nuotraukos. O pamat\u0119s tokius u\u017efiksuotus vaizdus V.Kamarauskas nebei\u0161kent\u0117: \u201eI\u0161ties jie paskutiniuoju metu dirba labai blogai\u201c, &#8211; konstatavo ir jis.<\/p>\n<p><strong>\u0160ilut\u0117s rajonas vis dar u\u017epustytas?..<\/strong><\/p>\n<p>Dar \u012fdomesni\u0173 \u201efakt\u0173\u201c i\u0161girdome pakalbin\u0119 UAB \u201eEcoservice\u201c generalin\u012f direktori\u0173 Vilniuje Sauli\u0173 Budrevi\u010di\u0173. Direktorius tikino, kad nei bendrov\u0117s automobiliai tarpu\u0161ven\u010diu gedo, nei \u017emoni\u0173 ma\u017eiau dirbo. <a target=\"_blank\" class=\"jcepopup\" href=\"\/\/silutesnaujienos.lt\/images\/stories\/2013\/01\/08\/siuksles_pasiliskes_kaime_1.jpg\" rel=\"noopener noreferrer\" data-rel=\"lightbox-gallery-nT3HQ28N\" data-rl_title=\"\" data-rl_caption=\"\" title=\"\"><img loading=\"lazy\" decoding=\"async\" style=\"margin: 5px; float: left;\" alt=\"siuksles pasiliskes kaime 1\" src=\"\/\/silutesnaujienos.lt\/images\/stories\/2013\/01\/08\/thumbnails\/thumb_siuksles_pasiliskes_kaime_1.jpg\" height=\"230\" width=\"307\" \/><\/a>Es\u0105 vienintel\u0117 tokio apsi\u0161iuk\u0161linimo prie\u017eastis esanti&#8230; \u0161ven\u010di\u0173 dienomis smarkiai i\u0161aug\u0119s \u0161iluti\u0161ki\u0173 vartojimas. \u201eTaigi nedramatizuokime, tur\u0117tume tik pasid\u017eiaugti, kad \u017emon\u0117s gyvena vis geriau\u201c, &#8211; optimisti\u0161kai \u0161iluti\u0161kiams si\u016bl\u0117 S.Budrevi\u010dius.<\/p>\n<p>Tiesa, jis atsipra\u0161\u0117 t\u0173 gyventoj\u0173, kuriems teko i\u0161girsti nemandagius \u012fmon\u0117s \u0160ilut\u0117s padalinio darbuotoj\u0173 atsakymus \u012f savo klausimus, ir pa\u017ead\u0117jo \u201ekalb\u0117tis\u201c su \u0160ilut\u0117s darbuotojais d\u0117l j\u0173 tono bendraujant su klientais.<\/p>\n<p>O pasikalb\u0117j\u0119s prane\u0161\u0117, es\u0105 atokesni m\u016bs\u0173 rajono kaimai vis\u0105 m\u0117nes\u012f taip u\u017epustyti, kad net did\u017eiul\u0117s \u0161iuk\u0161liave\u017e\u0117s toki\u0173 pusni\u0173 ne\u012fveikian\u010dios.<\/p>\n<p>Kaip tuomet t\u0173 kaim\u0173 gyventojai va\u017ein\u0117ja \u012f darbus, direktorius negal\u0117jo atsakyti&#8230;<\/p>\n<p>S.Budrevi\u010dius sak\u0117, jog ir vakar ryte viena ma\u0161ina u\u017eklimpo va\u017eiuodama \u012f Did\u0161ili\u0173 kaim\u0105. Nuo 7 val. purvyne kapst\u0119si ve\u017e\u0117jai 13 val. automobilio dar nebuvo i\u0161trauk\u0119. \u201e\u0160tai ir v\u0117l nebenuva\u017eiuosime pas kuriuos nors klientus, kur tur\u0117jome nuva\u017eiuoti \u0161iandien. Ir tokios situacijos m\u016bs\u0173 darbe b\u016bna kone kasdien\u201c, &#8211; sak\u0117 direktorius.<\/p>\n<p>Anot S.Budrevi\u010diaus, \u0161iuk\u0161li\u0173 ve\u017e\u0117j\u0173 darbas n\u0117ra blogai organizuotas, per p\u016bgas bendrov\u0117s \u017emon\u0117s dirb\u0119 net po 14-16 valand\u0173. Komunalini\u0173 atliek\u0173 tvarkymui pra\u0117jus\u012f \u0161e\u0161tadien\u012f buvo sudaryta net papildoma brigada. Telefono \u0161ios \u012fmon\u0117s darbuotojai nekeliantys tod\u0117l, kad \u0161is jau ir taip \u201eraudonas\u201c nuo skambu\u010di\u0173. Tod\u0117l jis pra\u0161\u0117 \u0161iluti\u0161ki\u0173 supratingumo.<\/p>\n<p>\u201ePer \u0161i\u0105 savait\u0119 visa \u0160ilut\u0117 bus sutvarkyta\u201c, &#8211; pa\u017ead\u0117jo S.Budrevi\u010dius.<\/p>\n","protected":false},"excerpt":{"rendered":"<p>\u0160iuk\u0161li\u0173 ve\u017e\u0117jai \u0161iuk\u0161les paliko \u0161unims, varnoms ir v\u0117jui. Prie\u0161\u0161ventinio laiko d\u017eiuges\u012f Gardamo seni\u016bnijos Pa\u0161ili\u0161k\u0117s ir Ju\u0161kai\u010di\u0173 kaim\u0173 \u017emon\u0117ms jau ne vien\u0105 savait\u0119 kartina&#8230; \u0161iuk\u0161l\u0117s. Atliek\u0173 ve\u017e\u0117jai \u201eEcoservice\u201c \u0161iuk\u0161li\u0173 konteineri\u0173 \u0161iame kaime nebetu\u0161tina jau kelias savaites, atsikalbin\u0117dami tai es\u0105 neprava\u017eiuojamais keliais, tai neva sugedusiais automobiliais. Pana\u0161i \u201e\u0161ventin\u0117\u201c pad\u0117tis ir \u0160ilut\u0117je. Redakcij\u0105 u\u017epyl\u0117 skambu\u010diai i\u0161 Melioratori\u0173 al\u0117jos, [&hellip;]<\/p>\n","protected":false},"author":2,"featured_media":0,"comment_status":"open","ping_status":"open","sticky":false,"template":"","format":"standard","meta":{"footnotes":""},"categories":[2],"tags":[],"class_list":{"0":"post-18562","1":"post","2":"type-post","3":"status-publish","4":"format-standard","6":"category-aktualijos"},"yoast_head":"<!-- This site is optimized with the Yoast SEO plugin v27.5 - https:\/\/yoast.com\/product\/yoast-seo-wordpress\/ -->\n<title>\u0160ven\u010di\u0173 palikimas - \u0161iuk\u0161li\u0173 kalnai - \u0160ilut\u0117s naujienos<\/title>\n<meta name=\"robots\" content=\"index, follow, max-snippet:-1, max-image-preview:large, max-video-preview:-1\" \/>\n<link rel=\"canonical\" href=\"https:\/\/www.silutesnaujienos.lt\/lt\/svenciu-palikimas-siuksliu-kalnai\/\" \/>\n<meta property=\"og:locale\" content=\"lt_LT\" \/>\n<meta property=\"og:type\" content=\"article\" \/>\n<meta property=\"og:title\" content=\"\u0160ven\u010di\u0173 palikimas - \u0161iuk\u0161li\u0173 kalnai - \u0160ilut\u0117s naujienos\" \/>\n<meta property=\"og:description\" content=\"\u0160iuk\u0161li\u0173 ve\u017e\u0117jai \u0161iuk\u0161les paliko \u0161unims, varnoms ir v\u0117jui. Prie\u0161\u0161ventinio laiko d\u017eiuges\u012f Gardamo seni\u016bnijos Pa\u0161ili\u0161k\u0117s ir Ju\u0161kai\u010di\u0173 kaim\u0173 \u017emon\u0117ms jau ne vien\u0105 savait\u0119 kartina&#8230; \u0161iuk\u0161l\u0117s. Atliek\u0173 ve\u017e\u0117jai \u201eEcoservice\u201c \u0161iuk\u0161li\u0173 konteineri\u0173 \u0161iame kaime nebetu\u0161tina jau kelias savaites, atsikalbin\u0117dami tai es\u0105 neprava\u017eiuojamais keliais, tai neva sugedusiais automobiliais. Pana\u0161i \u201e\u0161ventin\u0117\u201c pad\u0117tis ir \u0160ilut\u0117je. Redakcij\u0105 u\u017epyl\u0117 skambu\u010diai i\u0161 Melioratori\u0173 al\u0117jos, [&hellip;]\" \/>\n<meta property=\"og:url\" content=\"https:\/\/www.silutesnaujienos.lt\/lt\/svenciu-palikimas-siuksliu-kalnai\/\" \/>\n<meta property=\"og:site_name\" content=\"\u0160ilut\u0117s naujienos\" \/>\n<meta property=\"article:publisher\" content=\"https:\/\/www.facebook.com\/silutes.naujienos\/\" \/>\n<meta property=\"article:published_time\" content=\"2013-01-09T20:00:00+00:00\" \/>\n<meta property=\"og:image\" content=\"\/\/silutesnaujienos.lt\/images\/stories\/2013\/01\/08\/thumbnails\/thumb_siuskles_knygnesiu.jpg\" \/>\n<meta name=\"author\" content=\"\u0160ilut\u0117s naujien\u0173 inf.\" \/>\n<meta name=\"twitter:card\" content=\"summary_large_image\" \/>\n<meta name=\"twitter:label1\" content=\"Written by\" \/>\n\t<meta name=\"twitter:data1\" content=\"\u0160ilut\u0117s naujien\u0173 inf.\" \/>\n\t<meta name=\"twitter:label2\" content=\"Est. reading time\" \/>\n\t<meta name=\"twitter:data2\" content=\"6 minut\u0117s\" \/>\n<script type=\"application\/ld+json\" class=\"yoast-schema-graph\">{\"@context\":\"https:\\\/\\\/schema.org\",\"@graph\":[{\"@type\":\"Article\",\"@id\":\"https:\\\/\\\/www.silutesnaujienos.lt\\\/lt\\\/svenciu-palikimas-siuksliu-kalnai\\\/#article\",\"isPartOf\":{\"@id\":\"https:\\\/\\\/www.silutesnaujienos.lt\\\/lt\\\/svenciu-palikimas-siuksliu-kalnai\\\/\"},\"author\":{\"name\":\"\u0160ilut\u0117s naujien\u0173 inf.\",\"@id\":\"https:\\\/\\\/www.silutesnaujienos.lt\\\/lt\\\/#\\\/schema\\\/person\\\/976440ef837444400af3c77c19c61454\"},\"headline\":\"\u0160ven\u010di\u0173 palikimas &#8211; \u0161iuk\u0161li\u0173 kalnai\",\"datePublished\":\"2013-01-09T20:00:00+00:00\",\"mainEntityOfPage\":{\"@id\":\"https:\\\/\\\/www.silutesnaujienos.lt\\\/lt\\\/svenciu-palikimas-siuksliu-kalnai\\\/\"},\"wordCount\":1243,\"commentCount\":0,\"publisher\":{\"@id\":\"https:\\\/\\\/www.silutesnaujienos.lt\\\/lt\\\/#organization\"},\"articleSection\":[\"Aktualijos\"],\"inLanguage\":\"lt-LT\",\"potentialAction\":[{\"@type\":\"CommentAction\",\"name\":\"Comment\",\"target\":[\"https:\\\/\\\/www.silutesnaujienos.lt\\\/lt\\\/svenciu-palikimas-siuksliu-kalnai\\\/#respond\"]}]},{\"@type\":\"WebPage\",\"@id\":\"https:\\\/\\\/www.silutesnaujienos.lt\\\/lt\\\/svenciu-palikimas-siuksliu-kalnai\\\/\",\"url\":\"https:\\\/\\\/www.silutesnaujienos.lt\\\/lt\\\/svenciu-palikimas-siuksliu-kalnai\\\/\",\"name\":\"\u0160ven\u010di\u0173 palikimas - \u0161iuk\u0161li\u0173 kalnai - \u0160ilut\u0117s naujienos\",\"isPartOf\":{\"@id\":\"https:\\\/\\\/www.silutesnaujienos.lt\\\/lt\\\/#website\"},\"datePublished\":\"2013-01-09T20:00:00+00:00\",\"breadcrumb\":{\"@id\":\"https:\\\/\\\/www.silutesnaujienos.lt\\\/lt\\\/svenciu-palikimas-siuksliu-kalnai\\\/#breadcrumb\"},\"inLanguage\":\"lt-LT\",\"potentialAction\":[{\"@type\":\"ReadAction\",\"target\":[\"https:\\\/\\\/www.silutesnaujienos.lt\\\/lt\\\/svenciu-palikimas-siuksliu-kalnai\\\/\"]}]},{\"@type\":\"BreadcrumbList\",\"@id\":\"https:\\\/\\\/www.silutesnaujienos.lt\\\/lt\\\/svenciu-palikimas-siuksliu-kalnai\\\/#breadcrumb\",\"itemListElement\":[{\"@type\":\"ListItem\",\"position\":1,\"name\":\"Home\",\"item\":\"https:\\\/\\\/www.silutesnaujienos.lt\\\/lt\\\/\"},{\"@type\":\"ListItem\",\"position\":2,\"name\":\"\u0160ven\u010di\u0173 palikimas &#8211; \u0161iuk\u0161li\u0173 kalnai\"}]},{\"@type\":\"WebSite\",\"@id\":\"https:\\\/\\\/www.silutesnaujienos.lt\\\/lt\\\/#website\",\"url\":\"https:\\\/\\\/www.silutesnaujienos.lt\\\/lt\\\/\",\"name\":\"\u0160ilut\u0117s naujienos\",\"description\":\"B\u016bk ant naujien\u0173 bangos!\",\"publisher\":{\"@id\":\"https:\\\/\\\/www.silutesnaujienos.lt\\\/lt\\\/#organization\"},\"potentialAction\":[{\"@type\":\"SearchAction\",\"target\":{\"@type\":\"EntryPoint\",\"urlTemplate\":\"https:\\\/\\\/www.silutesnaujienos.lt\\\/lt\\\/?s={search_term_string}\"},\"query-input\":{\"@type\":\"PropertyValueSpecification\",\"valueRequired\":true,\"valueName\":\"search_term_string\"}}],\"inLanguage\":\"lt-LT\"},{\"@type\":\"Organization\",\"@id\":\"https:\\\/\\\/www.silutesnaujienos.lt\\\/lt\\\/#organization\",\"name\":\"\u0160ilut\u0117s naujienos\",\"url\":\"https:\\\/\\\/www.silutesnaujienos.lt\\\/lt\\\/\",\"logo\":{\"@type\":\"ImageObject\",\"inLanguage\":\"lt-LT\",\"@id\":\"https:\\\/\\\/www.silutesnaujienos.lt\\\/lt\\\/#\\\/schema\\\/logo\\\/image\\\/\",\"url\":\"https:\\\/\\\/www.silutesnaujienos.lt\\\/lt\\\/wp-content\\\/uploads\\\/2020\\\/06\\\/FB_MAIN.jpg\",\"contentUrl\":\"https:\\\/\\\/www.silutesnaujienos.lt\\\/lt\\\/wp-content\\\/uploads\\\/2020\\\/06\\\/FB_MAIN.jpg\",\"width\":1700,\"height\":956,\"caption\":\"\u0160ilut\u0117s naujienos\"},\"image\":{\"@id\":\"https:\\\/\\\/www.silutesnaujienos.lt\\\/lt\\\/#\\\/schema\\\/logo\\\/image\\\/\"},\"sameAs\":[\"https:\\\/\\\/www.facebook.com\\\/silutes.naujienos\\\/\",\"https:\\\/\\\/www.youtube.com\\\/channel\\\/UCxW-cgrJDt8GxIMxSTAfJZg\"]},{\"@type\":\"Person\",\"@id\":\"https:\\\/\\\/www.silutesnaujienos.lt\\\/lt\\\/#\\\/schema\\\/person\\\/976440ef837444400af3c77c19c61454\",\"name\":\"\u0160ilut\u0117s naujien\u0173 inf.\",\"image\":{\"@type\":\"ImageObject\",\"inLanguage\":\"lt-LT\",\"@id\":\"https:\\\/\\\/www.silutesnaujienos.lt\\\/lt\\\/wp-content\\\/uploads\\\/2020\\\/06\\\/favicon.png\",\"url\":\"https:\\\/\\\/www.silutesnaujienos.lt\\\/lt\\\/wp-content\\\/uploads\\\/2020\\\/06\\\/favicon.png\",\"contentUrl\":\"https:\\\/\\\/www.silutesnaujienos.lt\\\/lt\\\/wp-content\\\/uploads\\\/2020\\\/06\\\/favicon.png\",\"caption\":\"\u0160ilut\u0117s naujien\u0173 inf.\"},\"url\":\"https:\\\/\\\/www.silutesnaujienos.lt\\\/lt\\\/author\\\/vadas\\\/\"}]}<\/script>\n<!-- \/ Yoast SEO plugin. -->","yoast_head_json":{"title":"\u0160ven\u010di\u0173 palikimas - \u0161iuk\u0161li\u0173 kalnai - \u0160ilut\u0117s naujienos","robots":{"index":"index","follow":"follow","max-snippet":"max-snippet:-1","max-image-preview":"max-image-preview:large","max-video-preview":"max-video-preview:-1"},"canonical":"https:\/\/www.silutesnaujienos.lt\/lt\/svenciu-palikimas-siuksliu-kalnai\/","og_locale":"lt_LT","og_type":"article","og_title":"\u0160ven\u010di\u0173 palikimas - \u0161iuk\u0161li\u0173 kalnai - \u0160ilut\u0117s naujienos","og_description":"\u0160iuk\u0161li\u0173 ve\u017e\u0117jai \u0161iuk\u0161les paliko \u0161unims, varnoms ir v\u0117jui. Prie\u0161\u0161ventinio laiko d\u017eiuges\u012f Gardamo seni\u016bnijos Pa\u0161ili\u0161k\u0117s ir Ju\u0161kai\u010di\u0173 kaim\u0173 \u017emon\u0117ms jau ne vien\u0105 savait\u0119 kartina&#8230; \u0161iuk\u0161l\u0117s. Atliek\u0173 ve\u017e\u0117jai \u201eEcoservice\u201c \u0161iuk\u0161li\u0173 konteineri\u0173 \u0161iame kaime nebetu\u0161tina jau kelias savaites, atsikalbin\u0117dami tai es\u0105 neprava\u017eiuojamais keliais, tai neva sugedusiais automobiliais. Pana\u0161i \u201e\u0161ventin\u0117\u201c pad\u0117tis ir \u0160ilut\u0117je. Redakcij\u0105 u\u017epyl\u0117 skambu\u010diai i\u0161 Melioratori\u0173 al\u0117jos, [&hellip;]","og_url":"https:\/\/www.silutesnaujienos.lt\/lt\/svenciu-palikimas-siuksliu-kalnai\/","og_site_name":"\u0160ilut\u0117s naujienos","article_publisher":"https:\/\/www.facebook.com\/silutes.naujienos\/","article_published_time":"2013-01-09T20:00:00+00:00","og_image":[{"url":"\/\/silutesnaujienos.lt\/images\/stories\/2013\/01\/08\/thumbnails\/thumb_siuskles_knygnesiu.jpg","type":"","width":"","height":""}],"author":"\u0160ilut\u0117s naujien\u0173 inf.","twitter_card":"summary_large_image","twitter_misc":{"Written by":"\u0160ilut\u0117s naujien\u0173 inf.","Est. reading time":"6 minut\u0117s"},"schema":{"@context":"https:\/\/schema.org","@graph":[{"@type":"Article","@id":"https:\/\/www.silutesnaujienos.lt\/lt\/svenciu-palikimas-siuksliu-kalnai\/#article","isPartOf":{"@id":"https:\/\/www.silutesnaujienos.lt\/lt\/svenciu-palikimas-siuksliu-kalnai\/"},"author":{"name":"\u0160ilut\u0117s naujien\u0173 inf.","@id":"https:\/\/www.silutesnaujienos.lt\/lt\/#\/schema\/person\/976440ef837444400af3c77c19c61454"},"headline":"\u0160ven\u010di\u0173 palikimas &#8211; \u0161iuk\u0161li\u0173 kalnai","datePublished":"2013-01-09T20:00:00+00:00","mainEntityOfPage":{"@id":"https:\/\/www.silutesnaujienos.lt\/lt\/svenciu-palikimas-siuksliu-kalnai\/"},"wordCount":1243,"commentCount":0,"publisher":{"@id":"https:\/\/www.silutesnaujienos.lt\/lt\/#organization"},"articleSection":["Aktualijos"],"inLanguage":"lt-LT","potentialAction":[{"@type":"CommentAction","name":"Comment","target":["https:\/\/www.silutesnaujienos.lt\/lt\/svenciu-palikimas-siuksliu-kalnai\/#respond"]}]},{"@type":"WebPage","@id":"https:\/\/www.silutesnaujienos.lt\/lt\/svenciu-palikimas-siuksliu-kalnai\/","url":"https:\/\/www.silutesnaujienos.lt\/lt\/svenciu-palikimas-siuksliu-kalnai\/","name":"\u0160ven\u010di\u0173 palikimas - \u0161iuk\u0161li\u0173 kalnai - \u0160ilut\u0117s naujienos","isPartOf":{"@id":"https:\/\/www.silutesnaujienos.lt\/lt\/#website"},"datePublished":"2013-01-09T20:00:00+00:00","breadcrumb":{"@id":"https:\/\/www.silutesnaujienos.lt\/lt\/svenciu-palikimas-siuksliu-kalnai\/#breadcrumb"},"inLanguage":"lt-LT","potentialAction":[{"@type":"ReadAction","target":["https:\/\/www.silutesnaujienos.lt\/lt\/svenciu-palikimas-siuksliu-kalnai\/"]}]},{"@type":"BreadcrumbList","@id":"https:\/\/www.silutesnaujienos.lt\/lt\/svenciu-palikimas-siuksliu-kalnai\/#breadcrumb","itemListElement":[{"@type":"ListItem","position":1,"name":"Home","item":"https:\/\/www.silutesnaujienos.lt\/lt\/"},{"@type":"ListItem","position":2,"name":"\u0160ven\u010di\u0173 palikimas &#8211; \u0161iuk\u0161li\u0173 kalnai"}]},{"@type":"WebSite","@id":"https:\/\/www.silutesnaujienos.lt\/lt\/#website","url":"https:\/\/www.silutesnaujienos.lt\/lt\/","name":"\u0160ilut\u0117s naujienos","description":"B\u016bk ant naujien\u0173 bangos!","publisher":{"@id":"https:\/\/www.silutesnaujienos.lt\/lt\/#organization"},"potentialAction":[{"@type":"SearchAction","target":{"@type":"EntryPoint","urlTemplate":"https:\/\/www.silutesnaujienos.lt\/lt\/?s={search_term_string}"},"query-input":{"@type":"PropertyValueSpecification","valueRequired":true,"valueName":"search_term_string"}}],"inLanguage":"lt-LT"},{"@type":"Organization","@id":"https:\/\/www.silutesnaujienos.lt\/lt\/#organization","name":"\u0160ilut\u0117s naujienos","url":"https:\/\/www.silutesnaujienos.lt\/lt\/","logo":{"@type":"ImageObject","inLanguage":"lt-LT","@id":"https:\/\/www.silutesnaujienos.lt\/lt\/#\/schema\/logo\/image\/","url":"https:\/\/www.silutesnaujienos.lt\/lt\/wp-content\/uploads\/2020\/06\/FB_MAIN.jpg","contentUrl":"https:\/\/www.silutesnaujienos.lt\/lt\/wp-content\/uploads\/2020\/06\/FB_MAIN.jpg","width":1700,"height":956,"caption":"\u0160ilut\u0117s naujienos"},"image":{"@id":"https:\/\/www.silutesnaujienos.lt\/lt\/#\/schema\/logo\/image\/"},"sameAs":["https:\/\/www.facebook.com\/silutes.naujienos\/","https:\/\/www.youtube.com\/channel\/UCxW-cgrJDt8GxIMxSTAfJZg"]},{"@type":"Person","@id":"https:\/\/www.silutesnaujienos.lt\/lt\/#\/schema\/person\/976440ef837444400af3c77c19c61454","name":"\u0160ilut\u0117s naujien\u0173 inf.","image":{"@type":"ImageObject","inLanguage":"lt-LT","@id":"https:\/\/www.silutesnaujienos.lt\/lt\/wp-content\/uploads\/2020\/06\/favicon.png","url":"https:\/\/www.silutesnaujienos.lt\/lt\/wp-content\/uploads\/2020\/06\/favicon.png","contentUrl":"https:\/\/www.silutesnaujienos.lt\/lt\/wp-content\/uploads\/2020\/06\/favicon.png","caption":"\u0160ilut\u0117s naujien\u0173 inf."},"url":"https:\/\/www.silutesnaujienos.lt\/lt\/author\/vadas\/"}]}},"publishpress_future_workflow_manual_trigger":{"enabledWorkflows":[]},"amp_enabled":true,"_links":{"self":[{"href":"https:\/\/www.silutesnaujienos.lt\/lt\/wp-json\/wp\/v2\/posts\/18562","targetHints":{"allow":["GET"]}}],"collection":[{"href":"https:\/\/www.silutesnaujienos.lt\/lt\/wp-json\/wp\/v2\/posts"}],"about":[{"href":"https:\/\/www.silutesnaujienos.lt\/lt\/wp-json\/wp\/v2\/types\/post"}],"author":[{"embeddable":true,"href":"https:\/\/www.silutesnaujienos.lt\/lt\/wp-json\/wp\/v2\/users\/2"}],"replies":[{"embeddable":true,"href":"https:\/\/www.silutesnaujienos.lt\/lt\/wp-json\/wp\/v2\/comments?post=18562"}],"version-history":[{"count":0,"href":"https:\/\/www.silutesnaujienos.lt\/lt\/wp-json\/wp\/v2\/posts\/18562\/revisions"}],"wp:attachment":[{"href":"https:\/\/www.silutesnaujienos.lt\/lt\/wp-json\/wp\/v2\/media?parent=18562"}],"wp:term":[{"taxonomy":"category","embeddable":true,"href":"https:\/\/www.silutesnaujienos.lt\/lt\/wp-json\/wp\/v2\/categories?post=18562"},{"taxonomy":"post_tag","embeddable":true,"href":"https:\/\/www.silutesnaujienos.lt\/lt\/wp-json\/wp\/v2\/tags?post=18562"}],"curies":[{"name":"wp","href":"https:\/\/api.w.org\/{rel}","templated":true}]}}