{"id":18565,"date":"2013-01-22T13:00:16","date_gmt":"2013-01-22T15:00:16","guid":{"rendered":"https:\/\/www.silutesnaujienos.lt\/lt\/europine-parama-sildo-tuscias-sienas-bet-ne-silutes-benamius\/"},"modified":"2013-01-22T13:00:16","modified_gmt":"2013-01-22T15:00:16","slug":"europine-parama-sildo-tuscias-sienas-bet-ne-silutes-benamius","status":"publish","type":"post","link":"https:\/\/www.silutesnaujienos.lt\/lt\/europine-parama-sildo-tuscias-sienas-bet-ne-silutes-benamius\/","title":{"rendered":"Europin\u0117 parama \u0161ildo tu\u0161\u010dias sienas, bet ne \u0160ilut\u0117s benamius"},"content":{"rendered":"<p><a target=\"_blank\" rel=\"caption[Rekonstruotas soc.paslaug\u0173 centro pastatas \u0161ildomas tu\u0161\u010dias. \/ Astos Alkait\u0117s nuotr.] noopener noreferrer\" class=\"jcepopup\" href=\"\/\/silutesnaujienos.lt\/images\/stories\/2013\/01\/21\/rekonstruotas-socpaslaugu-centro-pastatas-sildomas-tuscias.jpg\" data-rel=\"lightbox-gallery-8GSesP8K\" data-rl_title=\"\" data-rl_caption=\"\"><img loading=\"lazy\" decoding=\"async\" style=\"margin: 5px; float: left;\" class=\"caption\" title=\"\" alt=\"rekonstruotas-socpaslaugu-centro-pastatas-sildomas-tuscias\" src=\"\/\/silutesnaujienos.lt\/images\/stories\/2013\/01\/21\/thumbnails\/thumb_rekonstruotas-socpaslaugu-centro-pastatas-sildomas-tuscias.jpg\" height=\"230\" width=\"307\" \/><\/a><strong>Puiki vieta u\u017e \u0160y\u0161os up\u0117s, gra\u017eus, moderniai atnaujintas, patikimai ap\u0161iltintas dviauk\u0161tis pastatas Tulpi\u0173 gatv\u0117je prie\u0161ais \u0160ilut\u0117s ligonin\u0117s kompleks\u0105. Bet \u0161i\u0105 \u017eiem\u0105 jis yra \u0161ildomas (1200 Lt s\u0105sk. u\u017e gruod\u012f) tu\u0161\u010dias.<\/strong><\/p>\n<p><strong>Dvokia gautos europin\u0117s paramos (1 637 950 lit\u0173), skirtos benami\u0173 (ir ne tik) socialin\u0117s atskirties ma\u017einimui pamario kra\u0161te, panaudojimo efektyvumas \u0160ilut\u0117je.<\/strong><\/p>\n<p>Prid\u0117jusi 289 050 lit\u0173 i\u0161 savo biud\u017eeto, \u0160ilut\u0117s savivaldyb\u0117 \u010dia tur\u0117t\u0173 atverti duris naujam socialini\u0173 paslaug\u0173 centrui. 2012-\u0173j\u0173 spalio 25-\u0105j\u0105 rajono tarybos sprendimu jis buvo&nbsp; \u012fsteigtas, patvirtinti 7 darbuotoj\u0173 etatai, o direktor\u0117s kandidat\u016bros tvirtinimo proced\u016bra numatyta \u0161iemet sausio 31-\u0105j\u0105.<\/p>\n<p>Gultai ir patalyn\u0117, gauti i\u0161 labdaring\u0173 organizacij\u0173, bedaliams jau paruo\u0161ti. Bet \u012fnami\u0173 vis dar nepriima.<\/p>\n<p><strong>Nukrypo nuo projekto<\/strong><\/p>\n<p>\u201cNes statin\u012f tinkamu naudoti dar nepripa\u017eino valstybin\u0117 pri\u0117mimo komisija, tai yra rangovo atsakomyb\u0117\u201c, \u2013 \u012f \u017eurnalist\u0117s klausim\u0105 atsak\u0117 laikinoji \u0160ilut\u0117 savivaldyb\u0117s socialin\u0117s paramos skyriaus ved\u0117ja Virginija Paulauskien\u0117.<\/p>\n<p>Generalinio rangovo, Klaip\u0117dos bendrov\u0117s \u201eViremidos statyba\u201c vadovas Alius Ma\u017eeikis stebisi \u2013 \u201evalstybin\u0119 komisij\u0105 kviesti ir \u012fteisinti statin\u012f yra jo savininko, \u0161iuo atveju, savivaldyb\u0117s, pareiga ir prievol\u0117\u201c, \u2013 sak\u0117 jis.<\/p>\n<p>Pasak jo, \u0161i proced\u016bra vilkinta ir d\u0117l to, jog savivaldyb\u0117 ilgai nepaskyr\u0117 atsakingo u\u017e statinio elektros \u016bk\u012f asmens.\u201cDabar visi baigto rekonstruoti pastato dokumentai sutvarkyti ir pateikti \u0160ilut\u0117s savivaldybei, ji tur\u0117t\u0173 kviesti komisij\u0105 ir j\u012f \u012fteisinti\u201c.<\/p>\n<p>Bet atverti duris komisijai, po to \u2013 naudotojui, paslaugos gav\u0117jui, delsiama. Savivaldyb\u0117s vicemeras Alvidas \u0160imelionis prie\u0161 kelias dienas &#8222;\u0160ilut\u0117s naujienoms&#8221; teig\u0117, jog \u201eViremida\u201c, rekonstruodama pastat\u0105, nukrypo nuo projekto, ir d\u0117l to jo \u012fteisinimas iki \u0161iol neprad\u0117tas.<\/p>\n<p>\u0160ios bendrov\u0117s direktorius statybai Raimondas Klionauskas ai\u0161kino, jog priekai\u0161tai d\u0117l apsaugos signalizacijos, kuri \u012frengta pagal koreguot\u0105, o ne pagal pirmin\u012f statinio rekonstrukcijos projekt\u0105,valstybin\u0119 komisij\u0105 kviesti ir \u012fteisinimo proced\u016br\u0105 prad\u0117ti savivaldybei netrukdo.<\/p>\n<p>\u201eKomisija b\u016bt\u0173 nurod\u017eiusi defektus, ir tiek. Vis tiek visus juos privalome pa\u0161alinti, kokie bei\u0161kilt\u0173, dar 5 metus i\u0161 eil\u0117s. \u0160i\u0105 savait\u0119 pertvarkysime apsaugos signalizacij\u0105 pagal pirmin\u012f projekt\u0105, ir tiek. Bet \u017eini\u0173 apie paskirt\u0105 pristatym\u0105 valstybinei komisijai i\u0161 savivaldyb\u0117s dar neturiu. \u0160is statinys, kaip supratau, jai dar n\u0117ra labai reikalingas&#8230;\u201c \u2013 sako R.Klionauskas.<\/p>\n<p>Ir nors gultai \u0161ildomoje patalpoje parengti, s\u0105skaitos apmokamos, vargetos per \u0161al\u010dius toliau \u017e\u016bsta.<\/p>\n<p><strong>Tragi\u0161ki benami\u0173 likimai<\/strong><\/p>\n<p>Tragi\u0161kais benami\u0173 likimais \u0160ilut\u0117 garsinasi jau treji metai. Ji vienintel\u0117 i\u0161 aplinkini\u0173 savivaldybi\u0173 nuo 2009-\u0173j\u0173 neturi nakvyn\u0117s nam\u0173. Iki tol kelerius metus mieste veik\u0117 prieglauda nenaudojamose policijos blaivyklos kamerose. Bet sutartis baig\u0117si ir abipusiu sutarimu liko neatnaujinta. Beje, vienas sunki\u0105 negali\u0105 turintis benamis \u0161iose komisariato patalpose du kartus buvo suk\u0117l\u0119s gaisr\u0105.<\/p>\n<p>Jis padeg\u0117 pagalv\u0119 prie dur\u0173, kai \u012fstaigos bud\u0117toja j\u012f dien\u0105 band\u0117 i\u0161pra\u0161yti \u012f gatv\u0119. Taip \u017emogus protestavo prie\u0161 tvark\u0105, \u012fteisint\u0105 savivaldyb\u0117s sprendimu. Kad benamiai \u0161iltai gali tik nakvoti, o dien\u0105 ie\u0161koti prieglobs\u010dio nuo \u017evarbos kitur. Autobus\u0173 stoty, bibliotekoj, r\u016bsiuose ar kitur. Invalidas bijojo lauke su\u0161alti, to prieglobs\u010dio nerad\u0119s, ir i\u0161 desperacijos padegimu band\u0117 nuo i\u0161varymo gintis.<\/p>\n<p>Nuo 2009-\u0173j\u0173 \u0160ilut\u0117je t\u012fsta virtin\u0117 \u0161iurpi\u0173 benami\u0173 mir\u010di\u0173. 2009-\u0173j\u0173 gruodis, \u017eiemos prad\u017eia. \u0160ilut\u0117s autobus\u0173 stoties perone po nakties ant suoliuko \u017emon\u0117s rado su\u0161alusio benamio 69-eri\u0173 A.E.M. k\u016bn\u0105. \u012eeiti \u012f vid\u0173 pasi\u0161ildyti \u017emogus negal\u0117jo \u2013 nak\u010diai stoties laukimo sal\u0117 yra u\u017erakinama.<\/p>\n<p>Kita \u0161al\u010dio auka, 57-eri\u0173 nuolatin\u0117s gyvenamosios vietos neturinti moteris, buvusi Klaip\u0117dos gyventoja, netrukus&nbsp; buvo aptikta negyva Sm\u0117lyno gatv\u0117je prie priva\u010di\u0173 gara\u017e\u0173.<\/p>\n<p>2010-\u0173j\u0173 spalis. Viename priva\u010di\u0173 \u0160ilut\u0117s gara\u017e\u0173 aptiktas \u017eiurki\u0173 apgrau\u017etas benamio k\u016bnas. Patalpos savininkas prisipa\u017eino i\u0161 gailes\u010dio leid\u0119s \u017emogui \u010dia apsistoti ir jo b\u016bties nekontroliavo. Rado jau senai su \u0161iuo pasauliu atsisveikinus\u012f ir grau\u017eik\u0173 sudarkyt\u0105 lavon\u0105.<\/p>\n<p>Dar anks\u010diau pa\u0161i\u016br\u0117je Klaip\u0117dos gatv\u0117je vienas i\u0161 dviej\u0173 benami\u0173&nbsp; u\u017eduso d\u016bmuose, kai nuo \u017evak\u0117s u\u017esideg\u0117 \u010diu\u017einys. Pernai lapkrit\u012f&nbsp; benamis 46-eri\u0173 R.S.&nbsp; apdeg\u0117 rankas ir veid\u0105 Dariaus ir Gir\u0117no gatv\u0117s gale, apleistame gara\u017ee, kur buvo \u012fsitais\u0119s gult\u0105. Jis u\u017esideg\u0117 taip pat nuo \u017evak\u0117s.<\/p>\n<p>Prie\u0161 penkerius metus tuomet\u0119 Socialin\u0117s apsaugos ir darbo ministr\u0119 Vilij\u0105 Blinkevi\u010di\u016bt\u0119, atvykusi\u0105 \u012f \u0160ilut\u0119, savivaldyb\u0117s vicemer\u0117 Stas\u0117 Skutulien\u0117 speit\u0117 \u012f kamp\u0105&nbsp; d\u0117l negaunamos europin\u0117s paramos nakvyn\u0117s nam\u0173 statybai. O \u0161i kirto atgal \u2013 tokio \u0160ilut\u0117s projekto ji n\u0117ra nei ma\u010diusi, nei gird\u0117jusi.<\/p>\n<p>\u0160ilut\u0117 j\u012f pareng\u0117 ir apsigyn\u0117 tik 2011-aisiais. Gavusi finansavim\u0105, i\u0161sirinkusi statybos rangov\u0105 (Klaip\u0117dos UAB \u201eViremid\u0105\u201c) rajono vald\u017eia \u012fsipareigojo iki 2013-\u0173j\u0173 sausio socialini\u0173 paslaug\u0173 centr\u0105 ir laikino gyvenimo patalpas jame atidaryti ir i\u0161gyvenimo s\u0105lygas benamiams pagerinti. Iki tol jiems si\u016bl\u0117 glaustis Vy\u017ei\u0173 kaime, u\u017e de\u0161imties kilometr\u0173 nuo miesto.<\/p>\n<p><strong>Paslauga bedaliams atsir\u016bgo<\/strong><\/p>\n<p>Juknai\u010di\u0173 seni\u016bnijos Vy\u017ei\u0173 kaime veikiantis narkoman\u0173 ir alkoholik\u0173 reabilitacijos centras \u201eGabrielius\u201c po savo stogu sutinka priimti \u0161iuos bedalius ketvirti metai, bet \u0161i paslauga jau atsir\u016bgo.<\/p>\n<p>Neseniai vien\u0105 traumuot\u0105 benam\u012f subintuota galva policija atve\u017e\u0117 i\u0161 ligonin\u0117s pri\u0117mimo skyriaus, nors jam akivaizd\u017eiai buvo b\u016btina specializuota medicinin\u0117 slauga. \u201eGabrieliuje\u201c tokios n\u0117ra, \u010dia vyrai gydosi dvasines traumas ir priklausomybes.<\/p>\n<p>Su\u017ealotam benamiui po paros \u0117m\u0117 temti s\u0105mon\u0117, vyrai kviet\u0117 greit\u0105j\u0105 pagalb\u0105. Ji i\u0161sive\u017e\u0117 \u012f \u0160ilut\u0119, bet i\u0161 ligonin\u0117s&nbsp; policija atgabeno atgal. Po&nbsp; \u010dia praleistos nakties \u017emogus \u0117m\u0117 merd\u0117ti. V\u0117l kviesta greitoji, po to benamis d\u0117l smegen\u0173 dangal\u0173 tinimo i\u0161gabentas \u012f Klaip\u0117dos ligonin\u0119. Joje ir mir\u0117.<\/p>\n<p>Reabilitacin\u0117s \u012fstaigos vadovas neseniai vie\u0161ai piktinosi medik\u0173 elgesiu \u2013 jie traumuoto benamio negyd\u0117, o st\u016bm\u0117 tolyn nuo sav\u0119s, kol \u0161is beve\u017eiojamas nusigalavo.<\/p>\n<p>Medikai kalt\u0117s kratosi \u2013 anot j\u0173, potrauminio galvos smegen\u0173 dangal\u0173 brinkimo jie sausio 9-\u0105j\u0105 ne\u012ftar\u0117, nes medicininiai tyrimai jo nerod\u0117. \u017dmogus mir\u0117 sausio 11-\u0105j\u0105, kai prasid\u0117jo komplikacijos.<\/p>\n<p>Ligonin\u0117s vadovas Darius Steponkus vie\u0161ai apgailestavo, jog netoliese nuo \u0161ios gydymo \u012fstaigos pastatytas naujasis socialini\u0173 paslaug\u0173 centras per \u0161i\u0173me\u010dius \u0161al\u010dius dar neveikia, tad nu\u0161alusius, kitaip traumuotus gyvenamosios vietos neturin\u010dius asmenis, paskyrus ambulatorin\u012f gydym\u0105, ligonin\u0117 neturi kur d\u0117ti.<\/p>\n<p>Paskutinis atvejis, pasibaig\u0119s benamio mirtimi po voja\u017e\u0173 i\u0161 \u0160ilut\u0117s \u012f Vy\u017ei\u0173 kaim\u0105 ir atgal, liudija \u012fsisen\u0117jusi\u0105 problem\u0105, kuri\u0105 galima b\u016bt\u0173 spar\u010diau spr\u0119sti.<\/p>\n<p>Beje, 2011 metais prad\u0117jus naujojo centro statybas, tuometis socialin\u0117s paramos skyriaus ved\u0117jas, o dabar \u2013 administracijos direktoriaus pavaduotojas Alvidas \u0160imelionis vie\u0161ai skelb\u0117si&nbsp; su kolegomis pats brai\u017e\u0119s pageidaujam\u0173 patalp\u0173 i\u0161d\u0117stymo plan\u0105.<\/p>\n<p>Kad smurto aukoms, nukent\u0117jusiems nuo gaisr\u0173, \u017emon\u0117ms su psichikos negalia ir kt. b\u016bt\u0173 \u012frengtos patalpos su atskirais \u012f\u0117jimais. O viena b\u016bt\u0173 nuolat atvira, \u012f kuri\u0105 galima b\u016bt\u0173 atve\u017eti ir d\u0117l girtumo nukritus\u012fj\u012f i\u0161 gatv\u0117s, kad \u017emogus nesu\u0161alt\u0173.<\/p>\n<p>Medikai \u012fsp\u0117ja, jog \u017emogui gyvybi\u0161kai pavojinga, kai jo k\u016bno temperat\u016bra nukrenta iki kritin\u0117s 30 laipsni\u0173 C ribos. Gyvybin\u0117s funkcijos tada dar n\u0117ra i\u0161nykusios, bet \u0161irdis gali sustoti bet kuri\u0105 akimirk\u0105.<\/p>\n<p>Drebulys, po to \u2013 apatija, mieguistumas, nulemtas kraujagysli\u0173 susitraukimo, veda tiesiai \u012f pra\u017e\u016bt\u012f. Pra\u0117jusi\u0105 nakt\u012f \u0160ilut\u0117je buvo 15 laipsni\u0173 \u0161al\u010dio, jis artimiausiomis paromis kils iki 22-23 laipsni\u0173.<\/p>\n","protected":false},"excerpt":{"rendered":"<p>Puiki vieta u\u017e \u0160y\u0161os up\u0117s, gra\u017eus, moderniai atnaujintas, patikimai ap\u0161iltintas dviauk\u0161tis pastatas Tulpi\u0173 gatv\u0117je prie\u0161ais \u0160ilut\u0117s ligonin\u0117s kompleks\u0105. Bet \u0161i\u0105 \u017eiem\u0105 jis yra \u0161ildomas (1200 Lt s\u0105sk. u\u017e gruod\u012f) tu\u0161\u010dias. Dvokia gautos europin\u0117s paramos (1 637 950 lit\u0173), skirtos benami\u0173 (ir ne tik) socialin\u0117s atskirties ma\u017einimui pamario kra\u0161te, panaudojimo efektyvumas \u0160ilut\u0117je. Prid\u0117jusi 289 050 lit\u0173 [&hellip;]<\/p>\n","protected":false},"author":2,"featured_media":0,"comment_status":"open","ping_status":"open","sticky":false,"template":"","format":"standard","meta":{"footnotes":""},"categories":[2],"tags":[],"class_list":{"0":"post-18565","1":"post","2":"type-post","3":"status-publish","4":"format-standard","6":"category-aktualijos"},"yoast_head":"<!-- This site is optimized with the Yoast SEO plugin v27.5 - https:\/\/yoast.com\/product\/yoast-seo-wordpress\/ -->\n<title>Europin\u0117 parama \u0161ildo tu\u0161\u010dias sienas, bet ne \u0160ilut\u0117s benamius - \u0160ilut\u0117s naujienos<\/title>\n<meta name=\"robots\" content=\"index, follow, max-snippet:-1, max-image-preview:large, max-video-preview:-1\" \/>\n<link rel=\"canonical\" href=\"https:\/\/www.silutesnaujienos.lt\/lt\/europine-parama-sildo-tuscias-sienas-bet-ne-silutes-benamius\/\" \/>\n<meta property=\"og:locale\" content=\"lt_LT\" \/>\n<meta property=\"og:type\" content=\"article\" \/>\n<meta property=\"og:title\" content=\"Europin\u0117 parama \u0161ildo tu\u0161\u010dias sienas, bet ne \u0160ilut\u0117s benamius - \u0160ilut\u0117s naujienos\" \/>\n<meta property=\"og:description\" content=\"Puiki vieta u\u017e \u0160y\u0161os up\u0117s, gra\u017eus, moderniai atnaujintas, patikimai ap\u0161iltintas dviauk\u0161tis pastatas Tulpi\u0173 gatv\u0117je prie\u0161ais \u0160ilut\u0117s ligonin\u0117s kompleks\u0105. Bet \u0161i\u0105 \u017eiem\u0105 jis yra \u0161ildomas (1200 Lt s\u0105sk. u\u017e gruod\u012f) tu\u0161\u010dias. Dvokia gautos europin\u0117s paramos (1 637 950 lit\u0173), skirtos benami\u0173 (ir ne tik) socialin\u0117s atskirties ma\u017einimui pamario kra\u0161te, panaudojimo efektyvumas \u0160ilut\u0117je. Prid\u0117jusi 289 050 lit\u0173 [&hellip;]\" \/>\n<meta property=\"og:url\" content=\"https:\/\/www.silutesnaujienos.lt\/lt\/europine-parama-sildo-tuscias-sienas-bet-ne-silutes-benamius\/\" \/>\n<meta property=\"og:site_name\" content=\"\u0160ilut\u0117s naujienos\" \/>\n<meta property=\"article:publisher\" content=\"https:\/\/www.facebook.com\/silutes.naujienos\/\" \/>\n<meta property=\"article:published_time\" content=\"2013-01-22T15:00:16+00:00\" \/>\n<meta property=\"og:image\" content=\"\/\/silutesnaujienos.lt\/images\/stories\/2013\/01\/21\/thumbnails\/thumb_rekonstruotas-socpaslaugu-centro-pastatas-sildomas-tuscias.jpg\" \/>\n<meta name=\"author\" content=\"\u0160ilut\u0117s naujien\u0173 inf.\" \/>\n<meta name=\"twitter:card\" content=\"summary_large_image\" \/>\n<meta name=\"twitter:label1\" content=\"Written by\" \/>\n\t<meta name=\"twitter:data1\" content=\"\u0160ilut\u0117s naujien\u0173 inf.\" \/>\n\t<meta name=\"twitter:label2\" content=\"Est. reading time\" \/>\n\t<meta name=\"twitter:data2\" content=\"6 minut\u0117s\" \/>\n<script type=\"application\/ld+json\" class=\"yoast-schema-graph\">{\"@context\":\"https:\\\/\\\/schema.org\",\"@graph\":[{\"@type\":\"Article\",\"@id\":\"https:\\\/\\\/www.silutesnaujienos.lt\\\/lt\\\/europine-parama-sildo-tuscias-sienas-bet-ne-silutes-benamius\\\/#article\",\"isPartOf\":{\"@id\":\"https:\\\/\\\/www.silutesnaujienos.lt\\\/lt\\\/europine-parama-sildo-tuscias-sienas-bet-ne-silutes-benamius\\\/\"},\"author\":{\"name\":\"\u0160ilut\u0117s naujien\u0173 inf.\",\"@id\":\"https:\\\/\\\/www.silutesnaujienos.lt\\\/lt\\\/#\\\/schema\\\/person\\\/976440ef837444400af3c77c19c61454\"},\"headline\":\"Europin\u0117 parama \u0161ildo tu\u0161\u010dias sienas, bet ne \u0160ilut\u0117s benamius\",\"datePublished\":\"2013-01-22T15:00:16+00:00\",\"mainEntityOfPage\":{\"@id\":\"https:\\\/\\\/www.silutesnaujienos.lt\\\/lt\\\/europine-parama-sildo-tuscias-sienas-bet-ne-silutes-benamius\\\/\"},\"wordCount\":1218,\"commentCount\":0,\"publisher\":{\"@id\":\"https:\\\/\\\/www.silutesnaujienos.lt\\\/lt\\\/#organization\"},\"articleSection\":[\"Aktualijos\"],\"inLanguage\":\"lt-LT\",\"potentialAction\":[{\"@type\":\"CommentAction\",\"name\":\"Comment\",\"target\":[\"https:\\\/\\\/www.silutesnaujienos.lt\\\/lt\\\/europine-parama-sildo-tuscias-sienas-bet-ne-silutes-benamius\\\/#respond\"]}]},{\"@type\":\"WebPage\",\"@id\":\"https:\\\/\\\/www.silutesnaujienos.lt\\\/lt\\\/europine-parama-sildo-tuscias-sienas-bet-ne-silutes-benamius\\\/\",\"url\":\"https:\\\/\\\/www.silutesnaujienos.lt\\\/lt\\\/europine-parama-sildo-tuscias-sienas-bet-ne-silutes-benamius\\\/\",\"name\":\"Europin\u0117 parama \u0161ildo tu\u0161\u010dias sienas, bet ne \u0160ilut\u0117s benamius - \u0160ilut\u0117s naujienos\",\"isPartOf\":{\"@id\":\"https:\\\/\\\/www.silutesnaujienos.lt\\\/lt\\\/#website\"},\"datePublished\":\"2013-01-22T15:00:16+00:00\",\"breadcrumb\":{\"@id\":\"https:\\\/\\\/www.silutesnaujienos.lt\\\/lt\\\/europine-parama-sildo-tuscias-sienas-bet-ne-silutes-benamius\\\/#breadcrumb\"},\"inLanguage\":\"lt-LT\",\"potentialAction\":[{\"@type\":\"ReadAction\",\"target\":[\"https:\\\/\\\/www.silutesnaujienos.lt\\\/lt\\\/europine-parama-sildo-tuscias-sienas-bet-ne-silutes-benamius\\\/\"]}]},{\"@type\":\"BreadcrumbList\",\"@id\":\"https:\\\/\\\/www.silutesnaujienos.lt\\\/lt\\\/europine-parama-sildo-tuscias-sienas-bet-ne-silutes-benamius\\\/#breadcrumb\",\"itemListElement\":[{\"@type\":\"ListItem\",\"position\":1,\"name\":\"Home\",\"item\":\"https:\\\/\\\/www.silutesnaujienos.lt\\\/lt\\\/\"},{\"@type\":\"ListItem\",\"position\":2,\"name\":\"Europin\u0117 parama \u0161ildo tu\u0161\u010dias sienas, bet ne \u0160ilut\u0117s benamius\"}]},{\"@type\":\"WebSite\",\"@id\":\"https:\\\/\\\/www.silutesnaujienos.lt\\\/lt\\\/#website\",\"url\":\"https:\\\/\\\/www.silutesnaujienos.lt\\\/lt\\\/\",\"name\":\"\u0160ilut\u0117s naujienos\",\"description\":\"B\u016bk ant naujien\u0173 bangos!\",\"publisher\":{\"@id\":\"https:\\\/\\\/www.silutesnaujienos.lt\\\/lt\\\/#organization\"},\"potentialAction\":[{\"@type\":\"SearchAction\",\"target\":{\"@type\":\"EntryPoint\",\"urlTemplate\":\"https:\\\/\\\/www.silutesnaujienos.lt\\\/lt\\\/?s={search_term_string}\"},\"query-input\":{\"@type\":\"PropertyValueSpecification\",\"valueRequired\":true,\"valueName\":\"search_term_string\"}}],\"inLanguage\":\"lt-LT\"},{\"@type\":\"Organization\",\"@id\":\"https:\\\/\\\/www.silutesnaujienos.lt\\\/lt\\\/#organization\",\"name\":\"\u0160ilut\u0117s naujienos\",\"url\":\"https:\\\/\\\/www.silutesnaujienos.lt\\\/lt\\\/\",\"logo\":{\"@type\":\"ImageObject\",\"inLanguage\":\"lt-LT\",\"@id\":\"https:\\\/\\\/www.silutesnaujienos.lt\\\/lt\\\/#\\\/schema\\\/logo\\\/image\\\/\",\"url\":\"https:\\\/\\\/www.silutesnaujienos.lt\\\/lt\\\/wp-content\\\/uploads\\\/2020\\\/06\\\/FB_MAIN.jpg\",\"contentUrl\":\"https:\\\/\\\/www.silutesnaujienos.lt\\\/lt\\\/wp-content\\\/uploads\\\/2020\\\/06\\\/FB_MAIN.jpg\",\"width\":1700,\"height\":956,\"caption\":\"\u0160ilut\u0117s naujienos\"},\"image\":{\"@id\":\"https:\\\/\\\/www.silutesnaujienos.lt\\\/lt\\\/#\\\/schema\\\/logo\\\/image\\\/\"},\"sameAs\":[\"https:\\\/\\\/www.facebook.com\\\/silutes.naujienos\\\/\",\"https:\\\/\\\/www.youtube.com\\\/channel\\\/UCxW-cgrJDt8GxIMxSTAfJZg\"]},{\"@type\":\"Person\",\"@id\":\"https:\\\/\\\/www.silutesnaujienos.lt\\\/lt\\\/#\\\/schema\\\/person\\\/976440ef837444400af3c77c19c61454\",\"name\":\"\u0160ilut\u0117s naujien\u0173 inf.\",\"image\":{\"@type\":\"ImageObject\",\"inLanguage\":\"lt-LT\",\"@id\":\"https:\\\/\\\/www.silutesnaujienos.lt\\\/lt\\\/wp-content\\\/uploads\\\/2020\\\/06\\\/favicon.png\",\"url\":\"https:\\\/\\\/www.silutesnaujienos.lt\\\/lt\\\/wp-content\\\/uploads\\\/2020\\\/06\\\/favicon.png\",\"contentUrl\":\"https:\\\/\\\/www.silutesnaujienos.lt\\\/lt\\\/wp-content\\\/uploads\\\/2020\\\/06\\\/favicon.png\",\"caption\":\"\u0160ilut\u0117s naujien\u0173 inf.\"},\"url\":\"https:\\\/\\\/www.silutesnaujienos.lt\\\/lt\\\/author\\\/vadas\\\/\"}]}<\/script>\n<!-- \/ Yoast SEO plugin. -->","yoast_head_json":{"title":"Europin\u0117 parama \u0161ildo tu\u0161\u010dias sienas, bet ne \u0160ilut\u0117s benamius - \u0160ilut\u0117s naujienos","robots":{"index":"index","follow":"follow","max-snippet":"max-snippet:-1","max-image-preview":"max-image-preview:large","max-video-preview":"max-video-preview:-1"},"canonical":"https:\/\/www.silutesnaujienos.lt\/lt\/europine-parama-sildo-tuscias-sienas-bet-ne-silutes-benamius\/","og_locale":"lt_LT","og_type":"article","og_title":"Europin\u0117 parama \u0161ildo tu\u0161\u010dias sienas, bet ne \u0160ilut\u0117s benamius - \u0160ilut\u0117s naujienos","og_description":"Puiki vieta u\u017e \u0160y\u0161os up\u0117s, gra\u017eus, moderniai atnaujintas, patikimai ap\u0161iltintas dviauk\u0161tis pastatas Tulpi\u0173 gatv\u0117je prie\u0161ais \u0160ilut\u0117s ligonin\u0117s kompleks\u0105. Bet \u0161i\u0105 \u017eiem\u0105 jis yra \u0161ildomas (1200 Lt s\u0105sk. u\u017e gruod\u012f) tu\u0161\u010dias. Dvokia gautos europin\u0117s paramos (1 637 950 lit\u0173), skirtos benami\u0173 (ir ne tik) socialin\u0117s atskirties ma\u017einimui pamario kra\u0161te, panaudojimo efektyvumas \u0160ilut\u0117je. Prid\u0117jusi 289 050 lit\u0173 [&hellip;]","og_url":"https:\/\/www.silutesnaujienos.lt\/lt\/europine-parama-sildo-tuscias-sienas-bet-ne-silutes-benamius\/","og_site_name":"\u0160ilut\u0117s naujienos","article_publisher":"https:\/\/www.facebook.com\/silutes.naujienos\/","article_published_time":"2013-01-22T15:00:16+00:00","og_image":[{"url":"\/\/silutesnaujienos.lt\/images\/stories\/2013\/01\/21\/thumbnails\/thumb_rekonstruotas-socpaslaugu-centro-pastatas-sildomas-tuscias.jpg","type":"","width":"","height":""}],"author":"\u0160ilut\u0117s naujien\u0173 inf.","twitter_card":"summary_large_image","twitter_misc":{"Written by":"\u0160ilut\u0117s naujien\u0173 inf.","Est. reading time":"6 minut\u0117s"},"schema":{"@context":"https:\/\/schema.org","@graph":[{"@type":"Article","@id":"https:\/\/www.silutesnaujienos.lt\/lt\/europine-parama-sildo-tuscias-sienas-bet-ne-silutes-benamius\/#article","isPartOf":{"@id":"https:\/\/www.silutesnaujienos.lt\/lt\/europine-parama-sildo-tuscias-sienas-bet-ne-silutes-benamius\/"},"author":{"name":"\u0160ilut\u0117s naujien\u0173 inf.","@id":"https:\/\/www.silutesnaujienos.lt\/lt\/#\/schema\/person\/976440ef837444400af3c77c19c61454"},"headline":"Europin\u0117 parama \u0161ildo tu\u0161\u010dias sienas, bet ne \u0160ilut\u0117s benamius","datePublished":"2013-01-22T15:00:16+00:00","mainEntityOfPage":{"@id":"https:\/\/www.silutesnaujienos.lt\/lt\/europine-parama-sildo-tuscias-sienas-bet-ne-silutes-benamius\/"},"wordCount":1218,"commentCount":0,"publisher":{"@id":"https:\/\/www.silutesnaujienos.lt\/lt\/#organization"},"articleSection":["Aktualijos"],"inLanguage":"lt-LT","potentialAction":[{"@type":"CommentAction","name":"Comment","target":["https:\/\/www.silutesnaujienos.lt\/lt\/europine-parama-sildo-tuscias-sienas-bet-ne-silutes-benamius\/#respond"]}]},{"@type":"WebPage","@id":"https:\/\/www.silutesnaujienos.lt\/lt\/europine-parama-sildo-tuscias-sienas-bet-ne-silutes-benamius\/","url":"https:\/\/www.silutesnaujienos.lt\/lt\/europine-parama-sildo-tuscias-sienas-bet-ne-silutes-benamius\/","name":"Europin\u0117 parama \u0161ildo tu\u0161\u010dias sienas, bet ne \u0160ilut\u0117s benamius - \u0160ilut\u0117s naujienos","isPartOf":{"@id":"https:\/\/www.silutesnaujienos.lt\/lt\/#website"},"datePublished":"2013-01-22T15:00:16+00:00","breadcrumb":{"@id":"https:\/\/www.silutesnaujienos.lt\/lt\/europine-parama-sildo-tuscias-sienas-bet-ne-silutes-benamius\/#breadcrumb"},"inLanguage":"lt-LT","potentialAction":[{"@type":"ReadAction","target":["https:\/\/www.silutesnaujienos.lt\/lt\/europine-parama-sildo-tuscias-sienas-bet-ne-silutes-benamius\/"]}]},{"@type":"BreadcrumbList","@id":"https:\/\/www.silutesnaujienos.lt\/lt\/europine-parama-sildo-tuscias-sienas-bet-ne-silutes-benamius\/#breadcrumb","itemListElement":[{"@type":"ListItem","position":1,"name":"Home","item":"https:\/\/www.silutesnaujienos.lt\/lt\/"},{"@type":"ListItem","position":2,"name":"Europin\u0117 parama \u0161ildo tu\u0161\u010dias sienas, bet ne \u0160ilut\u0117s benamius"}]},{"@type":"WebSite","@id":"https:\/\/www.silutesnaujienos.lt\/lt\/#website","url":"https:\/\/www.silutesnaujienos.lt\/lt\/","name":"\u0160ilut\u0117s naujienos","description":"B\u016bk ant naujien\u0173 bangos!","publisher":{"@id":"https:\/\/www.silutesnaujienos.lt\/lt\/#organization"},"potentialAction":[{"@type":"SearchAction","target":{"@type":"EntryPoint","urlTemplate":"https:\/\/www.silutesnaujienos.lt\/lt\/?s={search_term_string}"},"query-input":{"@type":"PropertyValueSpecification","valueRequired":true,"valueName":"search_term_string"}}],"inLanguage":"lt-LT"},{"@type":"Organization","@id":"https:\/\/www.silutesnaujienos.lt\/lt\/#organization","name":"\u0160ilut\u0117s naujienos","url":"https:\/\/www.silutesnaujienos.lt\/lt\/","logo":{"@type":"ImageObject","inLanguage":"lt-LT","@id":"https:\/\/www.silutesnaujienos.lt\/lt\/#\/schema\/logo\/image\/","url":"https:\/\/www.silutesnaujienos.lt\/lt\/wp-content\/uploads\/2020\/06\/FB_MAIN.jpg","contentUrl":"https:\/\/www.silutesnaujienos.lt\/lt\/wp-content\/uploads\/2020\/06\/FB_MAIN.jpg","width":1700,"height":956,"caption":"\u0160ilut\u0117s naujienos"},"image":{"@id":"https:\/\/www.silutesnaujienos.lt\/lt\/#\/schema\/logo\/image\/"},"sameAs":["https:\/\/www.facebook.com\/silutes.naujienos\/","https:\/\/www.youtube.com\/channel\/UCxW-cgrJDt8GxIMxSTAfJZg"]},{"@type":"Person","@id":"https:\/\/www.silutesnaujienos.lt\/lt\/#\/schema\/person\/976440ef837444400af3c77c19c61454","name":"\u0160ilut\u0117s naujien\u0173 inf.","image":{"@type":"ImageObject","inLanguage":"lt-LT","@id":"https:\/\/www.silutesnaujienos.lt\/lt\/wp-content\/uploads\/2020\/06\/favicon.png","url":"https:\/\/www.silutesnaujienos.lt\/lt\/wp-content\/uploads\/2020\/06\/favicon.png","contentUrl":"https:\/\/www.silutesnaujienos.lt\/lt\/wp-content\/uploads\/2020\/06\/favicon.png","caption":"\u0160ilut\u0117s naujien\u0173 inf."},"url":"https:\/\/www.silutesnaujienos.lt\/lt\/author\/vadas\/"}]}},"publishpress_future_workflow_manual_trigger":{"enabledWorkflows":[]},"amp_enabled":true,"_links":{"self":[{"href":"https:\/\/www.silutesnaujienos.lt\/lt\/wp-json\/wp\/v2\/posts\/18565","targetHints":{"allow":["GET"]}}],"collection":[{"href":"https:\/\/www.silutesnaujienos.lt\/lt\/wp-json\/wp\/v2\/posts"}],"about":[{"href":"https:\/\/www.silutesnaujienos.lt\/lt\/wp-json\/wp\/v2\/types\/post"}],"author":[{"embeddable":true,"href":"https:\/\/www.silutesnaujienos.lt\/lt\/wp-json\/wp\/v2\/users\/2"}],"replies":[{"embeddable":true,"href":"https:\/\/www.silutesnaujienos.lt\/lt\/wp-json\/wp\/v2\/comments?post=18565"}],"version-history":[{"count":0,"href":"https:\/\/www.silutesnaujienos.lt\/lt\/wp-json\/wp\/v2\/posts\/18565\/revisions"}],"wp:attachment":[{"href":"https:\/\/www.silutesnaujienos.lt\/lt\/wp-json\/wp\/v2\/media?parent=18565"}],"wp:term":[{"taxonomy":"category","embeddable":true,"href":"https:\/\/www.silutesnaujienos.lt\/lt\/wp-json\/wp\/v2\/categories?post=18565"},{"taxonomy":"post_tag","embeddable":true,"href":"https:\/\/www.silutesnaujienos.lt\/lt\/wp-json\/wp\/v2\/tags?post=18565"}],"curies":[{"name":"wp","href":"https:\/\/api.w.org\/{rel}","templated":true}]}}