{"id":18799,"date":"2015-11-04T14:00:00","date_gmt":"2015-11-04T16:00:00","guid":{"rendered":"https:\/\/www.silutesnaujienos.lt\/lt\/ar-laukia-silutes-rajonas-pabegeliu\/"},"modified":"2015-11-04T14:00:00","modified_gmt":"2015-11-04T16:00:00","slug":"ar-laukia-silutes-rajonas-pabegeliu","status":"publish","type":"post","link":"https:\/\/www.silutesnaujienos.lt\/lt\/ar-laukia-silutes-rajonas-pabegeliu\/","title":{"rendered":"Ar laukia \u0160ilut\u0117s rajonas pab\u0117g\u0117li\u0173?"},"content":{"rendered":"<p><a target=\"_blank\" rel=\"caption[Asociatyvi Reuters\/Scanpix nuotr.] noopener noreferrer\" class=\"jcepopup\" href=\"\/\/silutesnaujienos.lt\/images\/stories\/2015\/LAPKRITIS\/03\/pabegeliai.jpg\" data-rel=\"lightbox-gallery-4TsUqjOP\" data-rl_title=\"\" data-rl_caption=\"\"><img loading=\"lazy\" decoding=\"async\" style=\"margin: 5px; float: left;\" class=\"caption\" title=\"\" alt=\"pabegeliai\" src=\"\/\/silutesnaujienos.lt\/images\/stories\/2015\/LAPKRITIS\/03\/thumbnails\/thumb_pabegeliai.jpg\" height=\"230\" width=\"307\" \/><\/a><strong>Socialin\u0117s apsaugos ir darbo ministerija skelbia, kad ir \u0160ilut\u0117s savivaldyb\u0117 sutinka apgyvendinti ir \u012fdarbinti pab\u0117g\u0117lius i\u0161 Azijos ir Afrikos, kurie bus perkelti \u012f Lietuv\u0105. BNS i\u0161platintame prane\u0161ime teigiama, kad tokius pasi\u016blymus ministerijai pateik\u0117 keliasde\u0161imt did\u017ei\u0173j\u0173 ir ma\u017e\u0173j\u0173 \u0161alies savivaldybi\u0173.<br \/><\/strong><br \/><strong>Kur apgyvendinsime ir k\u0105 pasi\u016blysime pirmiesiems pab\u0117g\u0117liams?<br \/><\/strong><br \/><strong>Paklaustas apie ketinimus priimti pab\u0117g\u0117lius m\u016bs\u0173 rajone, Savivaldyb\u0117s Socialin\u0117s paramos skyriaus ved\u0117jas Alvidas \u0160imelionis nesl\u0117p\u0117 nuostabos. Anot jo, visi\u0161kai neai\u0161ku, kaip \u0160ilut\u0117 atsirado savivaldybi\u0173, ketinan\u010di\u0173 priimti pab\u0117g\u0117lius, s\u0105ra\u0161e, nes Savivaldyb\u0117s administracijos vadovai dar ne taip seniai ra\u0161tu informavo Lietuvos Respublikos savivaldybi\u0173 asociacij\u0105, jog pab\u0117g\u0117li\u0173&nbsp; m\u016bs\u0173 rajonas negali priimti, nes neturi tam s\u0105lyg\u0173. Nebent Vyriausyb\u0117 skirt\u0173 papildom\u0173 l\u0117\u0161\u0173 j\u0173 \u012fk\u016brimui ir i\u0161laikymui.<\/strong><strong><br \/><\/strong><br \/><strong>Neturi but\u0173 pab\u0117g\u0117liams<br \/><\/strong><br \/>Kaip \u201e\u0160ilut\u0117s naujienoms\u201d paai\u0161kino A. \u0160imelionis, \u0161iuo metu rajone n\u0117ra laisv\u0173 ir tinkam\u0173 patalp\u0173, kuriose b\u016bt\u0173 galima pab\u0117g\u0117lius apgyvendinti. \u201eBlogiausiu atveju, jei reik\u0117t\u0173 skubiai k\u0105 nors apgyvendinti, kelet\u0105 migrant\u0173 gal\u0117tume laikinai priimti \u012f \u0160ilut\u0117s socialini\u0173 paslaug\u0173 centr\u0105\u201d, &#8211; sak\u0117 Socialin\u0117s paramos skyriaus ved\u0117jas.<\/p>\n<p>Anot jo, jei Vyriausyb\u0117 skirt\u0173 papildom\u0173 l\u0117\u0161\u0173 socialiniams b\u016bstams \u012fsigyti ar suremontuoti, \u0160ilut\u0117s rajono savivaldyb\u0117s administracija, \u012fpareigojusi \u016akio skyri\u0173, imt\u0173si atitinkam\u0173 veiksm\u0173. Nupirktuose ar suremontuotuose b\u016bstuose gal\u0117t\u0173 gyventi pab\u0117g\u0117liai. Ta\u010diau, anot A. \u0160imelionio, Savivaldyb\u0117s biud\u017eete tam pinig\u0173 n\u0117ra.<\/p>\n<p>Rajono meras Vytautas Laurinaitis neneig\u0117, kad pab\u0117g\u0117liams reikia pad\u0117ti, nes tai yra visos Europos bei Lietuvos r\u016bpestis, ta\u010diau sav\u0173 l\u0117\u0161\u0173, kurias gal\u0117t\u0173 skirti min\u0117tos problemos sprendimui, \u0160ilut\u0117s rajono savivaldyb\u0117 neturi. \u201eTur\u0117t\u0173 b\u016bti sutarta su Socialini\u0173 reikal\u0173 ir darbo ministerija, nes reikia pinig\u0173 b\u016bstams \u012fsigyti, integruoti \u012f visuomen\u0119, &#8211; sak\u0117 V. Laurinaitis. Anot jo, jei pab\u0117g\u0117liams i\u0161laikyti b\u016bt\u0173 skirtas finansavimas, galb\u016bt u\u017etekt\u0173 ir geros bendruomeni\u0173 valios.<\/p>\n<p><strong>Ar \u0161iluti\u0161kiai priimt\u0173 pab\u0117g\u0117lius?<\/strong><\/p>\n<p>Priminsime, kad dar \u0161i\u0173 met\u0173 rugs\u0117jo viduryje \u201e\u0160ilut\u0117s naujien\u0173\u201c skaitytojai gal\u0117jo internete i\u0161reik\u0161ti savo nuomon\u0119 d\u0117l pab\u0117g\u0117li\u0173 pri\u0117mimo \u012f Lietuv\u0105. Beje, apklausos rezultatai nebuvo itin \u201edraugi\u0161ki\u201c svetim\u0161aliams.<\/p>\n<p>I\u0161 78 lankytoj\u0173 tik 2 atsak\u0117: \u201eTaip, priim\u010diau pab\u0117g\u0117l\u012f ar j\u0173 \u0161eim\u0105 gyventi savo namuose\u201d. 25 lankytojai sak\u0117, jog pad\u0117t\u0173 daiktais, pinigais ar kita pagalba, 36 lankytojai tvirtino, jog ir patys savo \u0161alyje turime pakankamai problem\u0173. Na, o 15 skaitytoj\u0173 nuomone, Lietuvoje apskritai kol kas n\u0117ra s\u0105lyg\u0173 priimti pab\u0117g\u0117li\u0173.<\/p>\n<p><strong>Svarbu, kad netapt\u0173 na\u0161ta vienam<\/strong><\/p>\n<p>Apie pab\u0117g\u0117li\u0173 pri\u0117mim\u0105 kalb\u0117jom\u0117s su \u0161iluti\u0161kiu, jau turin\u010diu tokios patirties. \u0160ilut\u0117s evangelik\u0173 liuteron\u0173 ba\u017eny\u010dios kunigas Remigijus \u0160emeklis prie\u0161 gerus dvejus metus r\u016bpinosi pab\u0117g\u0117li\u0173 sir\u0173 \u0161eima &#8211; mama su trimis paaugliais s\u016bnumis. Jie buvo apgyvendinti parapijai priklausan\u010diuose \u0160ilut\u0117s \u201eSandoros\u201d namuose, kunigas r\u016bpinosi j\u0173 pragyvenimu, maitinimu, sveikata, kitais poreikiais.<\/p>\n<p>\u201e\u017dmones reikia maitinti, r\u016bpintis j\u0173 socialin\u0117mis garantijomis, gydymu &#8211; visa tai kainuoja\u201d, &#8211; sak\u0117 R. \u0160emeklis prisimindamas, jog priglaud\u0119s pab\u0117g\u0117lius netrukus suprato, jog tai tapo vien parapijos problema. Blogiausia, kad Lietuvos priimti pab\u0117g\u0117liai netur\u0117jo joki\u0173 socialini\u0173 garantij\u0173, tod\u0117l teko mok\u0117ti u\u017e j\u0173 gydym\u0105 susirgus, taip pat nebuvo \u012fstaig\u0173, kur gal\u0117t\u0173 paaugliai mokytis.<\/p>\n<p>Anot R. \u0160emeklio, didelis barjeras buvo ir kalba. Sir\u0173 \u0161eima kalb\u0117jo arabi\u0161kai, o \u0160ilut\u0117je nebuvo specialist\u0173, kurie gal\u0117t\u0173 pad\u0117ti i\u0161mokti lietuvi\u0173 kalbos, bendrauti su vietiniais gyventojais ir taip integruotis \u012f visuomen\u0119.<\/p>\n<p>\u201eSuprantama, kad vienam \u017emogui ar parapijai pab\u0117g\u0117li\u0173 globa yra per didel\u0117 na\u0161ta, ta\u010diau jei \u0161is klausimas b\u016bt\u0173 sprend\u017eiamas su Valstyb\u0117s pagalba, kod\u0117l gi ne? \u201e &#8211; sak\u0117 pa\u0161nekovas, nesibod\u0117damas minties ateityje v\u0117l priimti pab\u0117g\u0117li\u0173, jei sulaukt\u0173 pagalbos i\u0161 \u012ftaking\u0173 institucij\u0173.<\/p>\n<p>\u201eGal\u0117tume skirti patalpas, kuri\u0173 turime nema\u017eai. Deja, kai kurios i\u0161 j\u0173, priklausan\u010di\u0173 parapijai, yra kaimi\u0161kose vietov\u0117se ir gana apleistos. Tad pirmiausia jas reik\u0117t\u0173 sutvarkyti, o tam sav\u0173 papildom\u0173 l\u0117\u0161\u0173 \u0161iuo metu neturime. Beje, yra ir dar vienas svarbus klausimas, ar atvyk\u0119 pab\u0117g\u0117liai i\u0161 kitos \u0161alies ir, pavyzd\u017eiui, apgyvendinti kur nors kaime, b\u016bt\u0173 patenkinti? Ne paslaptis, kad tokiose vietov\u0117se yra dar sud\u0117tingiau integruotis svetim\u0161aliui\u201d, &#8211; sak\u0117 R. \u0160emeklis.<\/p>\n<p>Priminsime, \u0160ilut\u0117je min\u0117ta sir\u0173 \u0161eima gyveno tik du m\u0117nesius, v\u0117liau ji buvo perkelta \u012f Skirsnemun\u0119 (Jurbarko r.). Ta\u010diau, Lietuvoje nesulaukusi tinkam\u0173 pab\u0117g\u0117liams integruotis s\u0105lyg\u0173, i\u0161vyko \u012f Vokietij\u0105, kur ir dabar gyvena pab\u0117g\u0117li\u0173 stovykloje.<\/p>\n<p><strong>Nepagr\u012fstos baim\u0117s<\/strong> <\/p>\n<p>Anot R.\u0160emeklio, reikia suprasti kariaujan\u010di\u0173 \u0161ali\u0173 gyventoj\u0173 situacij\u0105. \u201eKaras tose \u0161alyse vyksta apie ketverius metus. Viskas sunaikinta, o \u017emon\u0117s b\u0117ga i\u0161 nevilties, nes kol kas net nesimato pro\u0161vais\u010di\u0173, jog situacija pager\u0117s\u201d, &#8211; sak\u0117 pa\u0161nekovas, tvirtindamas, jog m\u016bs\u0173 visuomen\u0117je sklando ir nepagr\u012fstos baim\u0117s d\u0117l svetim\u0161ali\u0173 pri\u0117mimo.<\/p>\n<p>Anot kunigo, nereikia kurti iliuzij\u0173, bet svarbu suprasti, kad pab\u0117g\u0117liai yra kitokios kult\u016bros ir mentaliteto \u017emon\u0117s. O bijoti, kad atsine\u0161dami kitok\u012f bendravim\u0105 ir po\u017ei\u016br\u012f, jie nuniokos m\u016bs\u0173 turt\u0105, taip pat klaidinga. \u201eJuk ir savos \u0161alies nuomininkai gali, pavyzd\u017eiui, apgadinti turt\u0105. Bet kokiu atveju to nei\u0161vengtume\u201d, &#8211; sak\u0117 pa\u0161nekovas.<\/p>\n<p>Kunigas rugs\u0117jo m\u0117nes\u012f sve\u010diavosi \u0160iaur\u0117s Vokietijoje, Hamburge, lank\u0117si pab\u0117g\u0117li\u0173 stovyklose, diskutavo apie pab\u0117g\u0117li\u0173 socialines problemas.<\/p>\n<p>R.\u0160emeklio nuomone, esant dabartinei situacijai m\u016bs\u0173 \u0161alyje, aktyviau pab\u0117g\u0117li\u0173 priglaudimo klausimus tur\u0117t\u0173 spr\u0119sti organizacijos, kurios jau turi patirties \u0161iais klausimais ir yra tam pasiruo\u0161usios. Viena i\u0161 j\u0173 &#8211; kataliki\u0161ka organizacija \u201eCaritas\u201d, dirbanti su pab\u0117g\u0117liais ne vienerius metus, \u012fgyvendinanti \u012fvairius projektus bei turinti specialist\u0173.<\/p>\n","protected":false},"excerpt":{"rendered":"<p>Socialin\u0117s apsaugos ir darbo ministerija skelbia, kad ir \u0160ilut\u0117s savivaldyb\u0117 sutinka apgyvendinti ir \u012fdarbinti pab\u0117g\u0117lius i\u0161 Azijos ir Afrikos, kurie bus perkelti \u012f Lietuv\u0105. BNS i\u0161platintame prane\u0161ime teigiama, kad tokius pasi\u016blymus ministerijai pateik\u0117 keliasde\u0161imt did\u017ei\u0173j\u0173 ir ma\u017e\u0173j\u0173 \u0161alies savivaldybi\u0173.Kur apgyvendinsime ir k\u0105 pasi\u016blysime pirmiesiems pab\u0117g\u0117liams?Paklaustas apie ketinimus priimti pab\u0117g\u0117lius m\u016bs\u0173 rajone, Savivaldyb\u0117s Socialin\u0117s paramos skyriaus [&hellip;]<\/p>\n","protected":false},"author":2,"featured_media":0,"comment_status":"open","ping_status":"open","sticky":false,"template":"","format":"standard","meta":{"footnotes":""},"categories":[2],"tags":[],"class_list":{"0":"post-18799","1":"post","2":"type-post","3":"status-publish","4":"format-standard","6":"category-aktualijos"},"yoast_head":"<!-- This site is optimized with the Yoast SEO plugin v27.5 - https:\/\/yoast.com\/product\/yoast-seo-wordpress\/ -->\n<title>Ar laukia \u0160ilut\u0117s rajonas pab\u0117g\u0117li\u0173? - \u0160ilut\u0117s naujienos<\/title>\n<meta name=\"robots\" content=\"index, follow, max-snippet:-1, max-image-preview:large, max-video-preview:-1\" \/>\n<link rel=\"canonical\" href=\"https:\/\/www.silutesnaujienos.lt\/lt\/ar-laukia-silutes-rajonas-pabegeliu\/\" \/>\n<meta property=\"og:locale\" content=\"lt_LT\" \/>\n<meta property=\"og:type\" content=\"article\" \/>\n<meta property=\"og:title\" content=\"Ar laukia \u0160ilut\u0117s rajonas pab\u0117g\u0117li\u0173? - \u0160ilut\u0117s naujienos\" \/>\n<meta property=\"og:description\" content=\"Socialin\u0117s apsaugos ir darbo ministerija skelbia, kad ir \u0160ilut\u0117s savivaldyb\u0117 sutinka apgyvendinti ir \u012fdarbinti pab\u0117g\u0117lius i\u0161 Azijos ir Afrikos, kurie bus perkelti \u012f Lietuv\u0105. BNS i\u0161platintame prane\u0161ime teigiama, kad tokius pasi\u016blymus ministerijai pateik\u0117 keliasde\u0161imt did\u017ei\u0173j\u0173 ir ma\u017e\u0173j\u0173 \u0161alies savivaldybi\u0173.Kur apgyvendinsime ir k\u0105 pasi\u016blysime pirmiesiems pab\u0117g\u0117liams?Paklaustas apie ketinimus priimti pab\u0117g\u0117lius m\u016bs\u0173 rajone, Savivaldyb\u0117s Socialin\u0117s paramos skyriaus [&hellip;]\" \/>\n<meta property=\"og:url\" content=\"https:\/\/www.silutesnaujienos.lt\/lt\/ar-laukia-silutes-rajonas-pabegeliu\/\" \/>\n<meta property=\"og:site_name\" content=\"\u0160ilut\u0117s naujienos\" \/>\n<meta property=\"article:publisher\" content=\"https:\/\/www.facebook.com\/silutes.naujienos\/\" \/>\n<meta property=\"article:published_time\" content=\"2015-11-04T16:00:00+00:00\" \/>\n<meta property=\"og:image\" content=\"\/\/silutesnaujienos.lt\/images\/stories\/2015\/LAPKRITIS\/03\/thumbnails\/thumb_pabegeliai.jpg\" \/>\n<meta name=\"author\" content=\"\u0160ilut\u0117s naujien\u0173 inf.\" \/>\n<meta name=\"twitter:card\" content=\"summary_large_image\" \/>\n<meta name=\"twitter:label1\" content=\"Written by\" \/>\n\t<meta name=\"twitter:data1\" content=\"\u0160ilut\u0117s naujien\u0173 inf.\" \/>\n\t<meta name=\"twitter:label2\" content=\"Est. reading time\" \/>\n\t<meta name=\"twitter:data2\" content=\"5 minut\u0117s\" \/>\n<script type=\"application\/ld+json\" class=\"yoast-schema-graph\">{\"@context\":\"https:\\\/\\\/schema.org\",\"@graph\":[{\"@type\":\"Article\",\"@id\":\"https:\\\/\\\/www.silutesnaujienos.lt\\\/lt\\\/ar-laukia-silutes-rajonas-pabegeliu\\\/#article\",\"isPartOf\":{\"@id\":\"https:\\\/\\\/www.silutesnaujienos.lt\\\/lt\\\/ar-laukia-silutes-rajonas-pabegeliu\\\/\"},\"author\":{\"name\":\"\u0160ilut\u0117s naujien\u0173 inf.\",\"@id\":\"https:\\\/\\\/www.silutesnaujienos.lt\\\/lt\\\/#\\\/schema\\\/person\\\/976440ef837444400af3c77c19c61454\"},\"headline\":\"Ar laukia \u0160ilut\u0117s rajonas pab\u0117g\u0117li\u0173?\",\"datePublished\":\"2015-11-04T16:00:00+00:00\",\"mainEntityOfPage\":{\"@id\":\"https:\\\/\\\/www.silutesnaujienos.lt\\\/lt\\\/ar-laukia-silutes-rajonas-pabegeliu\\\/\"},\"wordCount\":979,\"commentCount\":0,\"publisher\":{\"@id\":\"https:\\\/\\\/www.silutesnaujienos.lt\\\/lt\\\/#organization\"},\"articleSection\":[\"Aktualijos\"],\"inLanguage\":\"lt-LT\",\"potentialAction\":[{\"@type\":\"CommentAction\",\"name\":\"Comment\",\"target\":[\"https:\\\/\\\/www.silutesnaujienos.lt\\\/lt\\\/ar-laukia-silutes-rajonas-pabegeliu\\\/#respond\"]}]},{\"@type\":\"WebPage\",\"@id\":\"https:\\\/\\\/www.silutesnaujienos.lt\\\/lt\\\/ar-laukia-silutes-rajonas-pabegeliu\\\/\",\"url\":\"https:\\\/\\\/www.silutesnaujienos.lt\\\/lt\\\/ar-laukia-silutes-rajonas-pabegeliu\\\/\",\"name\":\"Ar laukia \u0160ilut\u0117s rajonas pab\u0117g\u0117li\u0173? - \u0160ilut\u0117s naujienos\",\"isPartOf\":{\"@id\":\"https:\\\/\\\/www.silutesnaujienos.lt\\\/lt\\\/#website\"},\"datePublished\":\"2015-11-04T16:00:00+00:00\",\"breadcrumb\":{\"@id\":\"https:\\\/\\\/www.silutesnaujienos.lt\\\/lt\\\/ar-laukia-silutes-rajonas-pabegeliu\\\/#breadcrumb\"},\"inLanguage\":\"lt-LT\",\"potentialAction\":[{\"@type\":\"ReadAction\",\"target\":[\"https:\\\/\\\/www.silutesnaujienos.lt\\\/lt\\\/ar-laukia-silutes-rajonas-pabegeliu\\\/\"]}]},{\"@type\":\"BreadcrumbList\",\"@id\":\"https:\\\/\\\/www.silutesnaujienos.lt\\\/lt\\\/ar-laukia-silutes-rajonas-pabegeliu\\\/#breadcrumb\",\"itemListElement\":[{\"@type\":\"ListItem\",\"position\":1,\"name\":\"Home\",\"item\":\"https:\\\/\\\/www.silutesnaujienos.lt\\\/lt\\\/\"},{\"@type\":\"ListItem\",\"position\":2,\"name\":\"Ar laukia \u0160ilut\u0117s rajonas pab\u0117g\u0117li\u0173?\"}]},{\"@type\":\"WebSite\",\"@id\":\"https:\\\/\\\/www.silutesnaujienos.lt\\\/lt\\\/#website\",\"url\":\"https:\\\/\\\/www.silutesnaujienos.lt\\\/lt\\\/\",\"name\":\"\u0160ilut\u0117s naujienos\",\"description\":\"B\u016bk ant naujien\u0173 bangos!\",\"publisher\":{\"@id\":\"https:\\\/\\\/www.silutesnaujienos.lt\\\/lt\\\/#organization\"},\"potentialAction\":[{\"@type\":\"SearchAction\",\"target\":{\"@type\":\"EntryPoint\",\"urlTemplate\":\"https:\\\/\\\/www.silutesnaujienos.lt\\\/lt\\\/?s={search_term_string}\"},\"query-input\":{\"@type\":\"PropertyValueSpecification\",\"valueRequired\":true,\"valueName\":\"search_term_string\"}}],\"inLanguage\":\"lt-LT\"},{\"@type\":\"Organization\",\"@id\":\"https:\\\/\\\/www.silutesnaujienos.lt\\\/lt\\\/#organization\",\"name\":\"\u0160ilut\u0117s naujienos\",\"url\":\"https:\\\/\\\/www.silutesnaujienos.lt\\\/lt\\\/\",\"logo\":{\"@type\":\"ImageObject\",\"inLanguage\":\"lt-LT\",\"@id\":\"https:\\\/\\\/www.silutesnaujienos.lt\\\/lt\\\/#\\\/schema\\\/logo\\\/image\\\/\",\"url\":\"https:\\\/\\\/www.silutesnaujienos.lt\\\/lt\\\/wp-content\\\/uploads\\\/2020\\\/06\\\/FB_MAIN.jpg\",\"contentUrl\":\"https:\\\/\\\/www.silutesnaujienos.lt\\\/lt\\\/wp-content\\\/uploads\\\/2020\\\/06\\\/FB_MAIN.jpg\",\"width\":1700,\"height\":956,\"caption\":\"\u0160ilut\u0117s naujienos\"},\"image\":{\"@id\":\"https:\\\/\\\/www.silutesnaujienos.lt\\\/lt\\\/#\\\/schema\\\/logo\\\/image\\\/\"},\"sameAs\":[\"https:\\\/\\\/www.facebook.com\\\/silutes.naujienos\\\/\",\"https:\\\/\\\/www.youtube.com\\\/channel\\\/UCxW-cgrJDt8GxIMxSTAfJZg\"]},{\"@type\":\"Person\",\"@id\":\"https:\\\/\\\/www.silutesnaujienos.lt\\\/lt\\\/#\\\/schema\\\/person\\\/976440ef837444400af3c77c19c61454\",\"name\":\"\u0160ilut\u0117s naujien\u0173 inf.\",\"image\":{\"@type\":\"ImageObject\",\"inLanguage\":\"lt-LT\",\"@id\":\"https:\\\/\\\/www.silutesnaujienos.lt\\\/lt\\\/wp-content\\\/uploads\\\/2020\\\/06\\\/favicon.png\",\"url\":\"https:\\\/\\\/www.silutesnaujienos.lt\\\/lt\\\/wp-content\\\/uploads\\\/2020\\\/06\\\/favicon.png\",\"contentUrl\":\"https:\\\/\\\/www.silutesnaujienos.lt\\\/lt\\\/wp-content\\\/uploads\\\/2020\\\/06\\\/favicon.png\",\"caption\":\"\u0160ilut\u0117s naujien\u0173 inf.\"},\"url\":\"https:\\\/\\\/www.silutesnaujienos.lt\\\/lt\\\/author\\\/vadas\\\/\"}]}<\/script>\n<!-- \/ Yoast SEO plugin. -->","yoast_head_json":{"title":"Ar laukia \u0160ilut\u0117s rajonas pab\u0117g\u0117li\u0173? - \u0160ilut\u0117s naujienos","robots":{"index":"index","follow":"follow","max-snippet":"max-snippet:-1","max-image-preview":"max-image-preview:large","max-video-preview":"max-video-preview:-1"},"canonical":"https:\/\/www.silutesnaujienos.lt\/lt\/ar-laukia-silutes-rajonas-pabegeliu\/","og_locale":"lt_LT","og_type":"article","og_title":"Ar laukia \u0160ilut\u0117s rajonas pab\u0117g\u0117li\u0173? - \u0160ilut\u0117s naujienos","og_description":"Socialin\u0117s apsaugos ir darbo ministerija skelbia, kad ir \u0160ilut\u0117s savivaldyb\u0117 sutinka apgyvendinti ir \u012fdarbinti pab\u0117g\u0117lius i\u0161 Azijos ir Afrikos, kurie bus perkelti \u012f Lietuv\u0105. BNS i\u0161platintame prane\u0161ime teigiama, kad tokius pasi\u016blymus ministerijai pateik\u0117 keliasde\u0161imt did\u017ei\u0173j\u0173 ir ma\u017e\u0173j\u0173 \u0161alies savivaldybi\u0173.Kur apgyvendinsime ir k\u0105 pasi\u016blysime pirmiesiems pab\u0117g\u0117liams?Paklaustas apie ketinimus priimti pab\u0117g\u0117lius m\u016bs\u0173 rajone, Savivaldyb\u0117s Socialin\u0117s paramos skyriaus [&hellip;]","og_url":"https:\/\/www.silutesnaujienos.lt\/lt\/ar-laukia-silutes-rajonas-pabegeliu\/","og_site_name":"\u0160ilut\u0117s naujienos","article_publisher":"https:\/\/www.facebook.com\/silutes.naujienos\/","article_published_time":"2015-11-04T16:00:00+00:00","og_image":[{"url":"\/\/silutesnaujienos.lt\/images\/stories\/2015\/LAPKRITIS\/03\/thumbnails\/thumb_pabegeliai.jpg","type":"","width":"","height":""}],"author":"\u0160ilut\u0117s naujien\u0173 inf.","twitter_card":"summary_large_image","twitter_misc":{"Written by":"\u0160ilut\u0117s naujien\u0173 inf.","Est. reading time":"5 minut\u0117s"},"schema":{"@context":"https:\/\/schema.org","@graph":[{"@type":"Article","@id":"https:\/\/www.silutesnaujienos.lt\/lt\/ar-laukia-silutes-rajonas-pabegeliu\/#article","isPartOf":{"@id":"https:\/\/www.silutesnaujienos.lt\/lt\/ar-laukia-silutes-rajonas-pabegeliu\/"},"author":{"name":"\u0160ilut\u0117s naujien\u0173 inf.","@id":"https:\/\/www.silutesnaujienos.lt\/lt\/#\/schema\/person\/976440ef837444400af3c77c19c61454"},"headline":"Ar laukia \u0160ilut\u0117s rajonas pab\u0117g\u0117li\u0173?","datePublished":"2015-11-04T16:00:00+00:00","mainEntityOfPage":{"@id":"https:\/\/www.silutesnaujienos.lt\/lt\/ar-laukia-silutes-rajonas-pabegeliu\/"},"wordCount":979,"commentCount":0,"publisher":{"@id":"https:\/\/www.silutesnaujienos.lt\/lt\/#organization"},"articleSection":["Aktualijos"],"inLanguage":"lt-LT","potentialAction":[{"@type":"CommentAction","name":"Comment","target":["https:\/\/www.silutesnaujienos.lt\/lt\/ar-laukia-silutes-rajonas-pabegeliu\/#respond"]}]},{"@type":"WebPage","@id":"https:\/\/www.silutesnaujienos.lt\/lt\/ar-laukia-silutes-rajonas-pabegeliu\/","url":"https:\/\/www.silutesnaujienos.lt\/lt\/ar-laukia-silutes-rajonas-pabegeliu\/","name":"Ar laukia \u0160ilut\u0117s rajonas pab\u0117g\u0117li\u0173? - \u0160ilut\u0117s naujienos","isPartOf":{"@id":"https:\/\/www.silutesnaujienos.lt\/lt\/#website"},"datePublished":"2015-11-04T16:00:00+00:00","breadcrumb":{"@id":"https:\/\/www.silutesnaujienos.lt\/lt\/ar-laukia-silutes-rajonas-pabegeliu\/#breadcrumb"},"inLanguage":"lt-LT","potentialAction":[{"@type":"ReadAction","target":["https:\/\/www.silutesnaujienos.lt\/lt\/ar-laukia-silutes-rajonas-pabegeliu\/"]}]},{"@type":"BreadcrumbList","@id":"https:\/\/www.silutesnaujienos.lt\/lt\/ar-laukia-silutes-rajonas-pabegeliu\/#breadcrumb","itemListElement":[{"@type":"ListItem","position":1,"name":"Home","item":"https:\/\/www.silutesnaujienos.lt\/lt\/"},{"@type":"ListItem","position":2,"name":"Ar laukia \u0160ilut\u0117s rajonas pab\u0117g\u0117li\u0173?"}]},{"@type":"WebSite","@id":"https:\/\/www.silutesnaujienos.lt\/lt\/#website","url":"https:\/\/www.silutesnaujienos.lt\/lt\/","name":"\u0160ilut\u0117s naujienos","description":"B\u016bk ant naujien\u0173 bangos!","publisher":{"@id":"https:\/\/www.silutesnaujienos.lt\/lt\/#organization"},"potentialAction":[{"@type":"SearchAction","target":{"@type":"EntryPoint","urlTemplate":"https:\/\/www.silutesnaujienos.lt\/lt\/?s={search_term_string}"},"query-input":{"@type":"PropertyValueSpecification","valueRequired":true,"valueName":"search_term_string"}}],"inLanguage":"lt-LT"},{"@type":"Organization","@id":"https:\/\/www.silutesnaujienos.lt\/lt\/#organization","name":"\u0160ilut\u0117s naujienos","url":"https:\/\/www.silutesnaujienos.lt\/lt\/","logo":{"@type":"ImageObject","inLanguage":"lt-LT","@id":"https:\/\/www.silutesnaujienos.lt\/lt\/#\/schema\/logo\/image\/","url":"https:\/\/www.silutesnaujienos.lt\/lt\/wp-content\/uploads\/2020\/06\/FB_MAIN.jpg","contentUrl":"https:\/\/www.silutesnaujienos.lt\/lt\/wp-content\/uploads\/2020\/06\/FB_MAIN.jpg","width":1700,"height":956,"caption":"\u0160ilut\u0117s naujienos"},"image":{"@id":"https:\/\/www.silutesnaujienos.lt\/lt\/#\/schema\/logo\/image\/"},"sameAs":["https:\/\/www.facebook.com\/silutes.naujienos\/","https:\/\/www.youtube.com\/channel\/UCxW-cgrJDt8GxIMxSTAfJZg"]},{"@type":"Person","@id":"https:\/\/www.silutesnaujienos.lt\/lt\/#\/schema\/person\/976440ef837444400af3c77c19c61454","name":"\u0160ilut\u0117s naujien\u0173 inf.","image":{"@type":"ImageObject","inLanguage":"lt-LT","@id":"https:\/\/www.silutesnaujienos.lt\/lt\/wp-content\/uploads\/2020\/06\/favicon.png","url":"https:\/\/www.silutesnaujienos.lt\/lt\/wp-content\/uploads\/2020\/06\/favicon.png","contentUrl":"https:\/\/www.silutesnaujienos.lt\/lt\/wp-content\/uploads\/2020\/06\/favicon.png","caption":"\u0160ilut\u0117s naujien\u0173 inf."},"url":"https:\/\/www.silutesnaujienos.lt\/lt\/author\/vadas\/"}]}},"publishpress_future_workflow_manual_trigger":{"enabledWorkflows":[]},"amp_enabled":true,"_links":{"self":[{"href":"https:\/\/www.silutesnaujienos.lt\/lt\/wp-json\/wp\/v2\/posts\/18799","targetHints":{"allow":["GET"]}}],"collection":[{"href":"https:\/\/www.silutesnaujienos.lt\/lt\/wp-json\/wp\/v2\/posts"}],"about":[{"href":"https:\/\/www.silutesnaujienos.lt\/lt\/wp-json\/wp\/v2\/types\/post"}],"author":[{"embeddable":true,"href":"https:\/\/www.silutesnaujienos.lt\/lt\/wp-json\/wp\/v2\/users\/2"}],"replies":[{"embeddable":true,"href":"https:\/\/www.silutesnaujienos.lt\/lt\/wp-json\/wp\/v2\/comments?post=18799"}],"version-history":[{"count":0,"href":"https:\/\/www.silutesnaujienos.lt\/lt\/wp-json\/wp\/v2\/posts\/18799\/revisions"}],"wp:attachment":[{"href":"https:\/\/www.silutesnaujienos.lt\/lt\/wp-json\/wp\/v2\/media?parent=18799"}],"wp:term":[{"taxonomy":"category","embeddable":true,"href":"https:\/\/www.silutesnaujienos.lt\/lt\/wp-json\/wp\/v2\/categories?post=18799"},{"taxonomy":"post_tag","embeddable":true,"href":"https:\/\/www.silutesnaujienos.lt\/lt\/wp-json\/wp\/v2\/tags?post=18799"}],"curies":[{"name":"wp","href":"https:\/\/api.w.org\/{rel}","templated":true}]}}